{"id":321529,"date":"2023-02-13T05:18:47","date_gmt":"2023-02-13T04:18:47","guid":{"rendered":"https:\/\/www.radiopiu.net\/wordpress\/?p=321529"},"modified":"2023-02-13T09:44:53","modified_gmt":"2023-02-13T08:44:53","slug":"giornale-radiopiu-13-febbraio-2023-direttore-mirko-mezzacasa-verso-i-40-anni-25-giugno-1983-25-giugno-2023","status":"publish","type":"post","link":"https:\/\/www.radiopiu.net\/wordpress\/giornale-radiopiu-13-febbraio-2023-direttore-mirko-mezzacasa-verso-i-40-anni-25-giugno-1983-25-giugno-2023\/","title":{"rendered":"GIORNALE RADIOPIU 13 FEBBRAIO 2023 DIRETTORE MIRKO MEZZACASA&#8230;verso i 40 anni 25 giugno 1983-25 giugno 2023"},"content":{"rendered":"<blockquote>\n<h3 class=\"kvgmc6g5 cxmmr5t8 oygrvhab hcukyx3x c1et5uql\"><span style=\"color: #0000ff;\"><strong>RADIO PIU INFORMAZIONE il canale su TELEGRAM informazione di prima\u00a0 <\/strong><strong>mano e in tempo reale. iscriviti ed aiutaci a farlo conoscere\u00a0 \u00a0 \u00a0\u00a0<\/strong><\/span><\/h3>\n<p><strong>NOVITA&#8217; ALLA RADIO. DA OGGI NUOVO CICLO, IN COLLABORAZIONE CON AMA &#8220;AMA DOLOMITI PROMOZIONE E SOSTEGNO DEI GRUPPI DI AUTO MUTUO AIUTO DELLA PROVINCIA DI BELLUNO.&#8221; Opportunit\u00e0 per migliorare la propria qualit\u00e0 di vita e quella degli altri. Il lunedi, alle 10.15 e alle 18.10&#8230; su RADIOPIU. <\/strong><\/p>\n<h2>L&#8217;ANNIVERSARIO, I 10 ANNI DEL CANTIERE DELLA PROVVIDENZA<\/h2>\n<p><strong>di Angelo Paganin<\/strong><\/p>\n<p><a class=\"dt-pswp-item\" href=\"https:\/\/www.radiopiu.net\/wordpress\/wp-content\/uploads\/2023\/02\/ccc07524-b754-4dab-a861-6f1be15670dc.jpg\" data-dt-img-description=\"\" data-large_image_width=\"1600\" data-large_image_height=\"915\"><img loading=\"lazy\" decoding=\"async\" class=\" wp-image-321787 alignleft\" src=\"https:\/\/www.radiopiu.net\/wordpress\/wp-content\/uploads\/2023\/02\/ccc07524-b754-4dab-a861-6f1be15670dc-300x172.jpg\" alt=\"\" width=\"228\" height=\"131\" srcset=\"https:\/\/www.radiopiu.net\/wordpress\/wp-content\/uploads\/2023\/02\/ccc07524-b754-4dab-a861-6f1be15670dc-300x172.jpg 300w, https:\/\/www.radiopiu.net\/wordpress\/wp-content\/uploads\/2023\/02\/ccc07524-b754-4dab-a861-6f1be15670dc-1024x586.jpg 1024w, https:\/\/www.radiopiu.net\/wordpress\/wp-content\/uploads\/2023\/02\/ccc07524-b754-4dab-a861-6f1be15670dc-768x439.jpg 768w, https:\/\/www.radiopiu.net\/wordpress\/wp-content\/uploads\/2023\/02\/ccc07524-b754-4dab-a861-6f1be15670dc-1536x878.jpg 1536w, https:\/\/www.radiopiu.net\/wordpress\/wp-content\/uploads\/2023\/02\/ccc07524-b754-4dab-a861-6f1be15670dc.jpg 1600w\" sizes=\"auto, (max-width: 228px) 100vw, 228px\" \/><\/a>Dieci anni. Volati! Tante iniziative avviate, alcune concluse, altre che stanno crescendo di giorno in giorno. Il tutto grazie all&#8217;impegno e alla dedizione di tanti.\u00a0 Un ringraziamento va ai dipendenti, ai collaboratori, ai soci, ai volontari, agli amici che in questi anni si sono uniti ed affiancati a noi. Impossibile dimenticare i tanti partner progettuali privati, pubblici e del terzo settore, i fornitori e tanti clienti che credono in noi e nei nostri servizi e prodotti.<br \/>\nDa soli non si arriva da nessuna parte. E per le nostre iniziative indirizzate a favore della SPA &#8211; Societ\u00e0 Persona e Ambiente abbiamo bisogno di tanti compagni di strada. Grazie a tutti!<\/p>\n<p>&nbsp;<\/p><\/blockquote>\n<h2 style=\"text-align: left;\"><span style=\"color: #ff0000;\">ISCRIVITI AL NOSTRO CANALE YOUTUBE PER SEGUIRE IN DIRETTA I PRINCIPALI PROGRAMMI DI RADIO PIU&#8217; E LE FUTURE DIRETTE IN ESTERNA. PER ISCRIVERTI <a style=\"color: #ff0000;\" href=\"https:\/\/youtube.com\/@radiopiu1527\">CLICCA QUI<\/a> E PREMI IL TASTO &#8220;Iscriviti&#8221;\u00a0<\/span><\/h2>\n<p>&nbsp;<\/p>\n<hr \/>\n<p>&nbsp;<\/p>\n<blockquote>\n<h3>E&#8217; MORTO GIOVANNI VIEL, VOCE DELLO SPORT RACCONTATO<\/h3>\n<\/blockquote>\n<p>&nbsp;<\/p>\n<p>&nbsp;<\/p>\n<p><strong><img loading=\"lazy\" decoding=\"async\" class=\"alignleft\" src=\"https:\/\/www.radiopiu.net\/wordpress\/wp-content\/uploads\/2023\/02\/th-9.jpg\" width=\"242\" height=\"136\" \/>BELLUNO<\/strong> E&#8217; morto nella notte\u00a0Giovanni Viel,\u00a0 64 anni compiuti lo scorso settembre. Negli ultimi anni aveva lottato contro una gravissima malattia. Lascia la moglie Donatella e la figlia Cecilia. Abitava\u00a0 a Casan, frazione di\u00a0Ponte nelle Alpi.Era direttore del Cipa, il Consorzio industriali protezione ambiente della Provincia di Belluno, che si occupa della gestione dei rifiuti e di formazione.<\/p>\n<p>\u00abEra la voce dello sport bellunese, autorevole, riconoscibile, sempre professionale. Ci mancher\u00e0 tantissimo e mancher\u00e0 una persona di altissimo profilo che ha sempre lavorato per portare in alto il nostro territorio\u00bb.<br \/>\nCos\u00ec il presidente della Provincia di Belluno in una nota di cordoglio per la scomparsa di Giovanni Viel. \u00abGiovanni era un amico oltre che un grandissimo professionista. Ha raccontato per anni lo sport, lo sci in particolare, da rappresentante della Fisi e da giornalista. \u00c8 stato la voce del Pelmo d\u2019Oro e di tante sfaccettature della nostra provincia, a cominciare dalla Fiera. Ma con un sentimento di gratitudine nei confronti della sua terra e con professionalit\u00e0 inalterata era anche lo speaker di tante iniziative locali, dalle gare di podismo a quelle di altri sport. La sua scomparsa lascia un vuoto incolmabile, di quelli che pesano e peseranno. Ci mancher\u00e0 la sua voce. Ci mancher\u00e0 la sua conoscenza del mondo sportivo. Un abbraccio sincero ai suoi famigliari e ai tanti che hanno potuto conoscerlo e apprezzarne le doti umane e professionali\u00bb.<\/p>\n<p><strong>Giovanni Viel \u00e8 stata la &#8220;voce&#8221; importante e professionale per molti anni de Le Miglia di Agordo, l&#8217;appuntamento con lo sport estivo nel capoluogo di vallata.\u00a0<\/strong><\/p>\n\n\t\t\t<style type='text\/css'>\n\t\t\t\t#gallery-1 {\n\t\t\t\t\tmargin: auto;\n\t\t\t\t}\n\t\t\t\t#gallery-1 .gallery-item {\n\t\t\t\t\tfloat: left;\n\t\t\t\t\tmargin-top: 10px;\n\t\t\t\t\ttext-align: center;\n\t\t\t\t\twidth: 50%;\n\t\t\t\t}\n\t\t\t\t#gallery-1 img {\n\t\t\t\t\tborder: 2px solid #cfcfcf;\n\t\t\t\t}\n\t\t\t\t#gallery-1 .gallery-caption {\n\t\t\t\t\tmargin-left: 0;\n\t\t\t\t}\n\t\t\t\t\/* see gallery_shortcode() in wp-includes\/media.php *\/\n\t\t\t<\/style>\n\t\t<div id='gallery-1' class='dt-gallery-container gallery galleryid-321529 gallery-columns-2 gallery-size-thumbnail'><dl class='gallery-item'>\n\t\t\t\t<dt class='gallery-icon landscape'>\n\t\t\t\t\t<a class=\"rollover rollover-zoom dt-pswp-item\" title=\"KONICA MINOLTA DIGITAL CAMERA\" data-dt-img-description=\"\" data-large_image_width=\"1600\" data-large_image_height=\"1200\"href='https:\/\/www.radiopiu.net\/wordpress\/wp-content\/uploads\/2023\/02\/PICT7396.jpg'><img loading=\"lazy\" decoding=\"async\" width=\"150\" height=\"150\" src=\"https:\/\/www.radiopiu.net\/wordpress\/wp-content\/uploads\/2023\/02\/PICT7396-150x150.jpg\" class=\"attachment-thumbnail size-thumbnail\" alt=\"\" \/><\/a>\n\t\t\t\t<\/dt><\/dl><dl class='gallery-item'>\n\t\t\t\t<dt class='gallery-icon portrait'>\n\t\t\t\t\t<a class=\"rollover rollover-zoom dt-pswp-item\" title=\"_DSC0652\" data-dt-img-description=\"\" data-large_image_width=\"1702\" data-large_image_height=\"2560\"href='https:\/\/www.radiopiu.net\/wordpress\/wp-content\/uploads\/2023\/02\/DSC0652-scaled.jpg'><img loading=\"lazy\" decoding=\"async\" width=\"150\" height=\"150\" src=\"https:\/\/www.radiopiu.net\/wordpress\/wp-content\/uploads\/2023\/02\/DSC0652-150x150.jpg\" class=\"attachment-thumbnail size-thumbnail\" alt=\"\" \/><\/a>\n\t\t\t\t<\/dt><\/dl><br style=\"clear: both\" \/>\n\t\t\t<\/div>\n\n<p>&nbsp;<\/p>\n<hr \/>\n<p>&nbsp;<\/p>\n<p>&nbsp;<\/p>\n<p>&nbsp;<\/p>\n<div class=\"page-title-head hgroup\">\n<blockquote>\n<h3 class=\"entry-title\">DI NOTTE, CONTRO IL PALO. FERITO IL CONDUCENTE.<\/h3>\n<\/blockquote>\n<\/div>\n<div class=\"page-title-breadcrumbs\">\n<p><strong>CORTINA <\/strong>Era circa l&#8217;una quando personale Suem, VIgili del Fuoco e Carabinieri sono stati chiamati in locailt\u00e0 Pezie lungo la strada Alemagna\u00a0 per un\u2019auto finita contro palo semaforico, dopo la perdita di controllo del conducente, rimasto ferito. I pompieri accorsi dal locale distaccamento con due automezzi, hanno messo in sicurezza la Fiat Panda ibrida, il palo e l\u2019impianto semaforico, mentre l\u2019autista \u00e8 stato assistito dal personale sanitario del 118. I carabinieri hanno eseguito i rilievi del sinistro. Le operazioni di soccorso dei vigili del fuoco sono terminate alle 2:30.<\/p>\n\n\t\t\t<style type='text\/css'>\n\t\t\t\t#gallery-2 {\n\t\t\t\t\tmargin: auto;\n\t\t\t\t}\n\t\t\t\t#gallery-2 .gallery-item {\n\t\t\t\t\tfloat: left;\n\t\t\t\t\tmargin-top: 10px;\n\t\t\t\t\ttext-align: center;\n\t\t\t\t\twidth: 50%;\n\t\t\t\t}\n\t\t\t\t#gallery-2 img {\n\t\t\t\t\tborder: 2px solid #cfcfcf;\n\t\t\t\t}\n\t\t\t\t#gallery-2 .gallery-caption {\n\t\t\t\t\tmargin-left: 0;\n\t\t\t\t}\n\t\t\t\t\/* see gallery_shortcode() in wp-includes\/media.php *\/\n\t\t\t<\/style>\n\t\t<div id='gallery-2' class='dt-gallery-container gallery galleryid-321529 gallery-columns-2 gallery-size-thumbnail'><dl class='gallery-item'>\n\t\t\t\t<dt class='gallery-icon landscape'>\n\t\t\t\t\t<a class=\"rollover rollover-zoom dt-pswp-item\" title=\"7ac31506-bc28-41de-aabe-e30626acdd21\" data-dt-img-description=\"\" data-large_image_width=\"1280\" data-large_image_height=\"960\"href='https:\/\/www.radiopiu.net\/wordpress\/wp-content\/uploads\/2023\/02\/7ac31506-bc28-41de-aabe-e30626acdd21.jpg'><img loading=\"lazy\" decoding=\"async\" width=\"150\" height=\"150\" src=\"https:\/\/www.radiopiu.net\/wordpress\/wp-content\/uploads\/2023\/02\/7ac31506-bc28-41de-aabe-e30626acdd21-150x150.jpg\" class=\"attachment-thumbnail size-thumbnail\" alt=\"\" \/><\/a>\n\t\t\t\t<\/dt><\/dl><dl class='gallery-item'>\n\t\t\t\t<dt class='gallery-icon landscape'>\n\t\t\t\t\t<a class=\"rollover rollover-zoom dt-pswp-item\" title=\"67e85287-e22e-4ccd-9f5d-c0a34de3b69f\" data-dt-img-description=\"\" data-large_image_width=\"1280\" data-large_image_height=\"960\"href='https:\/\/www.radiopiu.net\/wordpress\/wp-content\/uploads\/2023\/02\/67e85287-e22e-4ccd-9f5d-c0a34de3b69f.jpg'><img loading=\"lazy\" decoding=\"async\" width=\"150\" height=\"150\" src=\"https:\/\/www.radiopiu.net\/wordpress\/wp-content\/uploads\/2023\/02\/67e85287-e22e-4ccd-9f5d-c0a34de3b69f-150x150.jpg\" class=\"attachment-thumbnail size-thumbnail\" alt=\"\" \/><\/a>\n\t\t\t\t<\/dt><\/dl><br style=\"clear: both\" \/>\n\t\t\t<\/div>\n\n<p>&nbsp;<\/p>\n<p>&nbsp;<\/p>\n<\/div>\n<p>&nbsp;<\/p>\n<p>&nbsp;<\/p>\n<hr \/>\n<p>&nbsp;<\/p>\n<blockquote>\n<h3>E&#8217; MORTO DARIO PALMINTERI, DENTISTA E SPORTIVO<\/h3>\n<\/blockquote>\n<p><strong><a class=\"dt-pswp-item\" href=\"https:\/\/www.radiopiu.net\/wordpress\/wp-content\/uploads\/2023\/02\/dario-pal.jpg\" data-dt-img-description=\"\" data-large_image_width=\"475\" data-large_image_height=\"318\"><img loading=\"lazy\" decoding=\"async\" class=\" wp-image-321679 alignleft\" src=\"https:\/\/www.radiopiu.net\/wordpress\/wp-content\/uploads\/2023\/02\/dario-pal-300x201.jpg\" alt=\"\" width=\"182\" height=\"122\" srcset=\"https:\/\/www.radiopiu.net\/wordpress\/wp-content\/uploads\/2023\/02\/dario-pal-300x201.jpg 300w, https:\/\/www.radiopiu.net\/wordpress\/wp-content\/uploads\/2023\/02\/dario-pal.jpg 475w\" sizes=\"auto, (max-width: 182px) 100vw, 182px\" \/><\/a>FELTRE<\/strong> E&#8217; stato il fondatore del Rugby Feltre, \u00e8 morto all&#8217;et\u00e0 di 96 anni Dario Palminteri. Dentista conosciuto per aver curato tanti bambini nella sua professione di dentista dell&#8217;infanzia. Ottimo rugbista con il Petrarca Padova, \u00e8 stato pure un\u00a0importante alpinista, in coppia con Gabriele Franceschini. \u00abGiocatore, allenatore, presidente, Dario Palminteri ha ricoperto tutti i ruoli all\u2019interno della nostra societ\u00e0. Gli siamo e saremo eternamente grati, perch\u00e9, se non avesse portato a Feltre quello strano pallone ovale, generazioni e generazioni di rugbisti non avrebbero incontrato questo straordinario sport e di conseguenza grandi amicizie, serbando ricordi indelebili\u00bb.con queste parole lo ricorda il Rugby Feltre.<\/p>\n<p>&nbsp;<\/p>\n<hr \/>\n<p>&nbsp;<\/p>\n<p>&nbsp;<\/p>\n<blockquote>\n<h3><a class=\"dt-pswp-item\" href=\"https:\/\/www.radiopiu.net\/wordpress\/wp-content\/uploads\/2023\/02\/Senza-nome-26.jpg\" data-dt-img-description=\"\" data-large_image_width=\"156\" data-large_image_height=\"179\"><img loading=\"lazy\" decoding=\"async\" class=\" wp-image-321785 alignleft\" src=\"https:\/\/www.radiopiu.net\/wordpress\/wp-content\/uploads\/2023\/02\/Senza-nome-26.jpg\" alt=\"\" width=\"124\" height=\"142\" \/><\/a>LARA PIOL, MUORE\u00a0 A 54 ANNI<\/h3>\n<h3><strong style=\"font-size: 14px;\">FELTRE<\/strong><span style=\"font-size: 14px; font-weight: normal;\">\u00a0 E&#8217; mancata Lara Piol di Mugnai ma da tempo residente a Rasai di Seren del Grappa. Da qualche anno combatteva contro un melanoma. Nel Feltrino era molto conosciuta per l&#8217;attivit\u00e0 della famiglia Piol titolare dello storico ristorante pizzeria &#8220;Al Tabi\u00e0&#8221; in via Culiada a Feltre con il fratello Ivan, attuale presidente del Pedale Feltrino. \u00a0I funerali si Lara si terranno domani alle 15 nella chiesa di Mugnai.<\/span><\/h3>\n<\/blockquote>\n<p>&nbsp;<\/p>\n<p>&nbsp;<\/p>\n<p>&nbsp;<\/p>\n<hr \/>\n<p>&nbsp;<\/p>\n<p>&nbsp;<\/p>\n<blockquote>\n<h3>BLOCCATO NELLA NEVE DOPO LA CENA IN CASERA <a class=\"dt-pswp-item\" href=\"https:\/\/www.radiopiu.net\/wordpress\/wp-content\/uploads\/2023\/02\/coperta3.jpg\" data-dt-img-description=\"\" data-large_image_width=\"307\" data-large_image_height=\"215\"><img loading=\"lazy\" decoding=\"async\" class=\" wp-image-321789 alignleft\" src=\"https:\/\/www.radiopiu.net\/wordpress\/wp-content\/uploads\/2023\/02\/coperta3-300x210.jpg\" alt=\"\" width=\"233\" height=\"163\" srcset=\"https:\/\/www.radiopiu.net\/wordpress\/wp-content\/uploads\/2023\/02\/coperta3-300x210.jpg 300w, https:\/\/www.radiopiu.net\/wordpress\/wp-content\/uploads\/2023\/02\/coperta3.jpg 307w\" sizes=\"auto, (max-width: 233px) 100vw, 233px\" \/><\/a><\/h3>\n<\/blockquote>\n<p><strong>BELLUNO<\/strong> Una station wagon parcheggiata nei pressi del rifugio Brigata alpina Cadore in Nevegal,\u00a0 abbandonata con le ruote affondate nella neve. Sicuramente l&#8217;esito di una bravata da sabato sera dopo la festa alla Casera. Una salita al rifugio Brigata Cadore\u00a0 finita male\u00a0 per la strada (vietata) che va verso la cresta.\u00a0 Sul posto sono arrivati i volontari del Soccorso Dolomiti. Anche un gatto delle nevi ha cercato di spostare il mezzo ma senza risultato.\u00a0 Soltanto in serata l&#8217;auto \u00e8 stata rimossa.<\/p>\n<p>&nbsp;<\/p>\n<p>&nbsp;<\/p>\n<hr \/>\n<p>&nbsp;<\/p>\n<blockquote>\n<h3>GUASTO ALL&#8217;ACQUEDOTTO DI FALCADE. UNA MATTINATA DI LAVORI PER IL RITORNO ALLA NORMALITA&#8217;<\/h3>\n<\/blockquote>\n<p><strong><a class=\"dt-pswp-item\" href=\"https:\/\/www.radiopiu.net\/wordpress\/wp-content\/uploads\/2022\/12\/MUNICIPIO-FALCADE.png\" data-dt-img-description=\"\" data-large_image_width=\"941\" data-large_image_height=\"655\"><img loading=\"lazy\" decoding=\"async\" class=\" wp-image-314065 alignleft\" src=\"https:\/\/www.radiopiu.net\/wordpress\/wp-content\/uploads\/2022\/12\/MUNICIPIO-FALCADE-300x209.png\" alt=\"\" width=\"182\" height=\"127\" srcset=\"https:\/\/www.radiopiu.net\/wordpress\/wp-content\/uploads\/2022\/12\/MUNICIPIO-FALCADE-300x209.png 300w, https:\/\/www.radiopiu.net\/wordpress\/wp-content\/uploads\/2022\/12\/MUNICIPIO-FALCADE-768x535.png 768w, https:\/\/www.radiopiu.net\/wordpress\/wp-content\/uploads\/2022\/12\/MUNICIPIO-FALCADE.png 941w\" sizes=\"auto, (max-width: 182px) 100vw, 182px\" \/><\/a>FALCADE<\/strong> Un sabato al lavoro per i tecnici di Bim GSP chiamati a Falcade per una grossa perdita d&#8217;acqua causata dalla rottura di un tubo portante nella collinetta dietro al municipio. Un danno serio tanto che il vascone dell&#8217;acqua potabile si \u00e8 svuotato e i Vigili del Fuoco hanno dovuto arrivare con due autobotti di acqua per la cittadinanza. &#8220;Il guasto risale a venerd\u00ec sera quando &#8211; come dice il sindaco Mauro Salvaterra &#8211; <em>il nostro vigile si \u00e8 accorto che stava scendendo dell\u2019acqua vicino al Bar da Ezio. Abbiamo subito allertato i Vigili del Fuoco e Bim GSP.\u00a0 La rottura del tubo ha causato lo svuotamento della vasca di acqua potabile e quindi i pompieri sono arrivati con due autobotti per la cittadinanza&#8221;. <\/em>Una mattinata intera di lavoro per i tecnici di Bim GSP che nel pomeriggio hanno dato il via libera alla fornitura. Oltre alle abitazioni, interessati dal disservizio anche alcuni alberghi e l&#8217;Istituto Alberghiero di Falcade con annesso convitto. Nel tardo pomeriggio tutto \u00e8 tornato alla normalit\u00e0.<\/p>\n<p>&nbsp;<\/p>\n<p>&nbsp;<\/p>\n<hr \/>\n<p>&nbsp;<\/p>\n<blockquote>\n<h3>NESSUNA FUGA DI MASSA: IL BELLUNESE SI SPOPOLA, MA I DATI AIRE HANNO UN\u2019ALTRA ORIGINE<\/h3>\n<\/blockquote>\n<p><strong><a class=\"dt-pswp-item\" href=\"https:\/\/www.radiopiu.net\/wordpress\/wp-content\/uploads\/2020\/05\/PADRIN.jpg\" data-dt-img-description=\"\" data-large_image_width=\"945\" data-large_image_height=\"1417\"><img loading=\"lazy\" decoding=\"async\" class=\" wp-image-134835 alignleft\" src=\"https:\/\/www.radiopiu.net\/wordpress\/wp-content\/uploads\/2020\/05\/PADRIN-200x300.jpg\" alt=\"\" width=\"109\" height=\"164\" srcset=\"https:\/\/www.radiopiu.net\/wordpress\/wp-content\/uploads\/2020\/05\/PADRIN-200x300.jpg 200w, https:\/\/www.radiopiu.net\/wordpress\/wp-content\/uploads\/2020\/05\/PADRIN-683x1024.jpg 683w, https:\/\/www.radiopiu.net\/wordpress\/wp-content\/uploads\/2020\/05\/PADRIN-768x1152.jpg 768w, https:\/\/www.radiopiu.net\/wordpress\/wp-content\/uploads\/2020\/05\/PADRIN.jpg 945w\" sizes=\"auto, (max-width: 109px) 100vw, 109px\" \/><\/a>BELLUNO <\/strong>\u00abI dati dicono tanto, ma vanno letti in maniera corretta. Altrimenti rischiamo di creare una narrativa sbagliata del territorio bellunese. E diventa difficile mettere in campo politiche corrette per contrastare lo spopolamento. Che esiste, \u00e8 un problema. Ma non come lo definisce superficialmente una mera lista di numeri sugli Aire\u00bb. Lo dice il presidente della Provincia di Belluno Roberto Padrin, all\u2019indomani della pubblicazione sulla stampa dei dati Aire, che parlano di oltre 16mila iscritti bellunesi Under 30. \u00abSe pensiamo, sbagliando, che i 16mila Aire Under 30 siano un fenomeno di fuga dal Bellunese, rischiamo di non inquadrare il vero problema &#8211; dice Padrin &#8211;\u00a0 la maggior parte di quei giovani non \u00e8 mai stata a Belluno, non sa cosa siano le Dolomiti e non parla neanche italiano, avendo perso il contatto con la terra d\u2019origine dei nonni diversi decenni fa. Il sistema di riconoscimento della cittadinanza italiana iure sanguinis andrebbe ripensato e rivisto diventando strumento con cui i bellunesi residenti all\u2019estero possano tornare per lavorare e aiutarci a far crescere la nostra provincia, come gi\u00e0 sta facendo l\u2019associazione Bellunesi nel mondo con lo sportello online del rientro, avviato insieme al Fondo Welfare per agevolare il rientro dei giovani e l\u2019incontro tra domanda e offerta di lavoro. Un progetto innovativo e che pu\u00f2 avere grandi ricadute\u00bb.<\/p>\n<p>&nbsp;<\/p>\n<p>&nbsp;<\/p>\n<hr \/>\n<p>&nbsp;<\/p>\n<blockquote>\n<h3>RECUPERATI TRE ESCURSIONISTI SOTTO FORCELLA POMAGAGNON<\/h3>\n<\/blockquote>\n<p><strong>CORTINA <\/strong>Attorno alle 15 di sabato l&#8217;elicottero del Suem di Pieve di Cadore \u00e8 intervenuto sotto Forcella Pomagagnon, per tre escursionisti statunitensi in difficolt\u00e0. Durante la discesa infatti, due erano scivolati, una ragazza di 27 anni riportando escoriazioni, uno di 26 con una probabile frattura alla gamba, il terzo incolume. Recuperati dal tecnico di elisoccorso, i due infortunati sono stati poi trasportati all&#8217;ospedale di Cortina.<\/p>\n<p>&nbsp;<\/p>\n<p>&nbsp;<\/p>\n<hr \/>\n<p>&nbsp;<\/p>\n<blockquote>\n<h3>VIGILI DEL FUOCO PRONTI PER PARTIRE ED AIUTARE IL POPOLO TURCO TERREMOTATO. TRA LORO ANCHE 4 BELLUNESI<\/h3>\n<\/blockquote>\n<p><strong><a class=\"dt-pswp-item\" href=\"https:\/\/www.radiopiu.net\/wordpress\/wp-content\/uploads\/2023\/02\/5f33e93f-bbdc-4c53-bc7a-3ab7ce4c037a.jpg\" data-dt-img-description=\"\" data-large_image_width=\"1280\" data-large_image_height=\"960\"><img loading=\"lazy\" decoding=\"async\" class=\" wp-image-321605 alignleft\" src=\"https:\/\/www.radiopiu.net\/wordpress\/wp-content\/uploads\/2023\/02\/5f33e93f-bbdc-4c53-bc7a-3ab7ce4c037a-300x225.jpg\" alt=\"\" width=\"228\" height=\"171\" srcset=\"https:\/\/www.radiopiu.net\/wordpress\/wp-content\/uploads\/2023\/02\/5f33e93f-bbdc-4c53-bc7a-3ab7ce4c037a-300x225.jpg 300w, https:\/\/www.radiopiu.net\/wordpress\/wp-content\/uploads\/2023\/02\/5f33e93f-bbdc-4c53-bc7a-3ab7ce4c037a-1024x768.jpg 1024w, https:\/\/www.radiopiu.net\/wordpress\/wp-content\/uploads\/2023\/02\/5f33e93f-bbdc-4c53-bc7a-3ab7ce4c037a-768x576.jpg 768w, https:\/\/www.radiopiu.net\/wordpress\/wp-content\/uploads\/2023\/02\/5f33e93f-bbdc-4c53-bc7a-3ab7ce4c037a.jpg 1280w\" sizes=\"auto, (max-width: 228px) 100vw, 228px\" \/><\/a>REDAZIONE<\/strong> Un contingente USAR (Urban Search And Rescue) del Veneto- Friuli Venezia Giulia dei Vigili del Fuoco composto da 15 unit\u00e0 guidate dall\u2019ing. Fracesco Cicirello funzionario del comando di Treviso, \u00e8 partito dall\u2019aeroporto di Pisa per raggiungere le zone terremotate in Turchia. Parte del contingente italiano partir\u00e0 anche dall\u2019aeroporto di Pratica di Mare. L&#8217;intero team \u00e8 formato da Vigili del Fuoco provenienti da varie regioni tra le quali Lazio e Lombardia e avvicenderanno le squadre gi\u00e0 presenti sul suolo Turco da domani mattina. I Vigili del Fuoco del team Usar Veneto-Friuli Venezia Giulia sono cosi composti: un funzionario dal comando di Treviso, 4 vigili del fuoco del comando di Venezia tra cui un nucleo cinofilo, 4 vigili del fuoco del comando di Belluno tra cui un nucleo cinofilo, 2 vigili del fuoco del comando di Rovigo, un vigile del fuoco del comando di Verona, un vigile del fuoco del comando di Pordenone e 2 nuclei cinofili del comando di Gorizia.<\/p>\n<p><strong>NELLA FOTO I QUATTRO VIGILI DEL FUOCO BELLUNESI: CESARE TUBIA, SIMONE GAZ, LEONARDO BOTTA, MATTEO DE MIN E IL CANE MICHELLE<\/strong><\/p>\n\n\t\t\t<style type='text\/css'>\n\t\t\t\t#gallery-3 {\n\t\t\t\t\tmargin: auto;\n\t\t\t\t}\n\t\t\t\t#gallery-3 .gallery-item {\n\t\t\t\t\tfloat: left;\n\t\t\t\t\tmargin-top: 10px;\n\t\t\t\t\ttext-align: center;\n\t\t\t\t\twidth: 25%;\n\t\t\t\t}\n\t\t\t\t#gallery-3 img {\n\t\t\t\t\tborder: 2px solid #cfcfcf;\n\t\t\t\t}\n\t\t\t\t#gallery-3 .gallery-caption {\n\t\t\t\t\tmargin-left: 0;\n\t\t\t\t}\n\t\t\t\t\/* see gallery_shortcode() in wp-includes\/media.php *\/\n\t\t\t<\/style>\n\t\t<div id='gallery-3' class='dt-gallery-container gallery galleryid-321529 gallery-columns-4 gallery-size-thumbnail'><dl class='gallery-item'>\n\t\t\t\t<dt class='gallery-icon landscape'>\n\t\t\t\t\t<a class=\"rollover rollover-zoom dt-pswp-item\" title=\"af2211a5-ec8e-4dc2-be8c-d1410563323c\" data-dt-img-description=\"\" data-large_image_width=\"1024\" data-large_image_height=\"576\"href='https:\/\/www.radiopiu.net\/wordpress\/wp-content\/uploads\/2023\/02\/af2211a5-ec8e-4dc2-be8c-d1410563323c.jpg'><img loading=\"lazy\" decoding=\"async\" width=\"150\" height=\"150\" src=\"https:\/\/www.radiopiu.net\/wordpress\/wp-content\/uploads\/2023\/02\/af2211a5-ec8e-4dc2-be8c-d1410563323c-150x150.jpg\" class=\"attachment-thumbnail size-thumbnail\" alt=\"\" \/><\/a>\n\t\t\t\t<\/dt><\/dl><dl class='gallery-item'>\n\t\t\t\t<dt class='gallery-icon landscape'>\n\t\t\t\t\t<a class=\"rollover rollover-zoom dt-pswp-item\" title=\"b58a1bf2-76fa-4f12-8605-8439f2db7793\" data-dt-img-description=\"\" data-large_image_width=\"1024\" data-large_image_height=\"699\"href='https:\/\/www.radiopiu.net\/wordpress\/wp-content\/uploads\/2023\/02\/b58a1bf2-76fa-4f12-8605-8439f2db7793.jpg'><img loading=\"lazy\" decoding=\"async\" width=\"150\" height=\"150\" src=\"https:\/\/www.radiopiu.net\/wordpress\/wp-content\/uploads\/2023\/02\/b58a1bf2-76fa-4f12-8605-8439f2db7793-150x150.jpg\" class=\"attachment-thumbnail size-thumbnail\" alt=\"\" \/><\/a>\n\t\t\t\t<\/dt><\/dl><dl class='gallery-item'>\n\t\t\t\t<dt class='gallery-icon landscape'>\n\t\t\t\t\t<a class=\"rollover rollover-zoom dt-pswp-item\" title=\"32856ce4-aba9-4015-9e7b-dc5fb7b40dbc\" data-dt-img-description=\"\" data-large_image_width=\"1024\" data-large_image_height=\"576\"href='https:\/\/www.radiopiu.net\/wordpress\/wp-content\/uploads\/2023\/02\/32856ce4-aba9-4015-9e7b-dc5fb7b40dbc.jpg'><img loading=\"lazy\" decoding=\"async\" width=\"150\" height=\"150\" src=\"https:\/\/www.radiopiu.net\/wordpress\/wp-content\/uploads\/2023\/02\/32856ce4-aba9-4015-9e7b-dc5fb7b40dbc-150x150.jpg\" class=\"attachment-thumbnail size-thumbnail\" alt=\"\" \/><\/a>\n\t\t\t\t<\/dt><\/dl><dl class='gallery-item'>\n\t\t\t\t<dt class='gallery-icon landscape'>\n\t\t\t\t\t<a class=\"rollover rollover-zoom dt-pswp-item\" title=\"f550b219-4631-4f28-b9ed-9f9fbbb17c97\" data-dt-img-description=\"\" data-large_image_width=\"1024\" data-large_image_height=\"576\"href='https:\/\/www.radiopiu.net\/wordpress\/wp-content\/uploads\/2023\/02\/f550b219-4631-4f28-b9ed-9f9fbbb17c97.jpg'><img loading=\"lazy\" decoding=\"async\" width=\"150\" height=\"150\" src=\"https:\/\/www.radiopiu.net\/wordpress\/wp-content\/uploads\/2023\/02\/f550b219-4631-4f28-b9ed-9f9fbbb17c97-150x150.jpg\" class=\"attachment-thumbnail size-thumbnail\" alt=\"\" \/><\/a>\n\t\t\t\t<\/dt><\/dl><br style=\"clear: both\" \/><dl class='gallery-item'>\n\t\t\t\t<dt class='gallery-icon landscape'>\n\t\t\t\t\t<a class=\"rollover rollover-zoom dt-pswp-item\" title=\"9e4495e5-f7c1-4310-8c97-ddf2f174e665\" data-dt-img-description=\"\" data-large_image_width=\"1024\" data-large_image_height=\"776\"href='https:\/\/www.radiopiu.net\/wordpress\/wp-content\/uploads\/2023\/02\/9e4495e5-f7c1-4310-8c97-ddf2f174e665.jpg'><img loading=\"lazy\" decoding=\"async\" width=\"150\" height=\"150\" src=\"https:\/\/www.radiopiu.net\/wordpress\/wp-content\/uploads\/2023\/02\/9e4495e5-f7c1-4310-8c97-ddf2f174e665-150x150.jpg\" class=\"attachment-thumbnail size-thumbnail\" alt=\"\" \/><\/a>\n\t\t\t\t<\/dt><\/dl><dl class='gallery-item'>\n\t\t\t\t<dt class='gallery-icon landscape'>\n\t\t\t\t\t<a class=\"rollover rollover-zoom dt-pswp-item\" title=\"a2839618-fafd-4b0e-a963-a4d569204780\" data-dt-img-description=\"\" data-large_image_width=\"1024\" data-large_image_height=\"576\"href='https:\/\/www.radiopiu.net\/wordpress\/wp-content\/uploads\/2023\/02\/a2839618-fafd-4b0e-a963-a4d569204780.jpg'><img loading=\"lazy\" decoding=\"async\" width=\"150\" height=\"150\" src=\"https:\/\/www.radiopiu.net\/wordpress\/wp-content\/uploads\/2023\/02\/a2839618-fafd-4b0e-a963-a4d569204780-150x150.jpg\" class=\"attachment-thumbnail size-thumbnail\" alt=\"\" \/><\/a>\n\t\t\t\t<\/dt><\/dl><dl class='gallery-item'>\n\t\t\t\t<dt class='gallery-icon portrait'>\n\t\t\t\t\t<a class=\"rollover rollover-zoom dt-pswp-item\" title=\"3dcc9885-7e51-44da-ab47-7c452220760e\" data-dt-img-description=\"\" data-large_image_width=\"576\" data-large_image_height=\"1024\"href='https:\/\/www.radiopiu.net\/wordpress\/wp-content\/uploads\/2023\/02\/3dcc9885-7e51-44da-ab47-7c452220760e.jpg'><img loading=\"lazy\" decoding=\"async\" width=\"150\" height=\"150\" src=\"https:\/\/www.radiopiu.net\/wordpress\/wp-content\/uploads\/2023\/02\/3dcc9885-7e51-44da-ab47-7c452220760e-150x150.jpg\" class=\"attachment-thumbnail size-thumbnail\" alt=\"\" \/><\/a>\n\t\t\t\t<\/dt><\/dl><dl class='gallery-item'>\n\t\t\t\t<dt class='gallery-icon portrait'>\n\t\t\t\t\t<a class=\"rollover rollover-zoom dt-pswp-item\" title=\"60640a58-7afa-4e8b-9b2e-f30f5e56ab39\" data-dt-img-description=\"\" data-large_image_width=\"756\" data-large_image_height=\"900\"href='https:\/\/www.radiopiu.net\/wordpress\/wp-content\/uploads\/2023\/02\/60640a58-7afa-4e8b-9b2e-f30f5e56ab39.jpg'><img loading=\"lazy\" decoding=\"async\" width=\"150\" height=\"150\" src=\"https:\/\/www.radiopiu.net\/wordpress\/wp-content\/uploads\/2023\/02\/60640a58-7afa-4e8b-9b2e-f30f5e56ab39-150x150.jpg\" class=\"attachment-thumbnail size-thumbnail\" alt=\"\" \/><\/a>\n\t\t\t\t<\/dt><\/dl><br style=\"clear: both\" \/>\n\t\t\t<\/div>\n\n<p>&nbsp;<\/p>\n<hr \/>\n<p>&nbsp;<\/p>\n<blockquote>\n<h3>ANCHE AD ALLEGHE VERRANNO INSTALLATE LE COLONNINE PER LA RICARICA DELLE AUTO ELETTRICHE<\/h3>\n<\/blockquote>\n<p><strong><a class=\"dt-pswp-item\" href=\"https:\/\/www.radiopiu.net\/wordpress\/wp-content\/uploads\/2022\/12\/alleghe-estate.jpg\" data-dt-img-description=\"\" data-large_image_width=\"640\" data-large_image_height=\"425\"><img loading=\"lazy\" decoding=\"async\" class=\" wp-image-311542 alignleft\" src=\"https:\/\/www.radiopiu.net\/wordpress\/wp-content\/uploads\/2022\/12\/alleghe-estate-300x199.jpg\" alt=\"\" width=\"172\" height=\"114\" srcset=\"https:\/\/www.radiopiu.net\/wordpress\/wp-content\/uploads\/2022\/12\/alleghe-estate-300x199.jpg 300w, https:\/\/www.radiopiu.net\/wordpress\/wp-content\/uploads\/2022\/12\/alleghe-estate.jpg 640w\" sizes=\"auto, (max-width: 172px) 100vw, 172px\" \/><\/a>ALLEGHE<\/strong><\/p>\n<p>di Gianni Santomaso<\/p>\n<audio class=\"wp-audio-shortcode\" id=\"audio-321529-1\" preload=\"none\" style=\"width: 100%;\" controls=\"controls\"><source type=\"audio\/mpeg\" src=\"https:\/\/www.radiopiu.net\/wordpress\/wp-content\/uploads\/2023\/02\/GIANNI-ANCHE-AD-ALLEGHE-VERRANNO-INSTALLATE-LE-COLONNINE-PER-LA-RICARICA-DELLE-AUTO-ELETTRICHE.mp3?_=1\" \/><a href=\"https:\/\/www.radiopiu.net\/wordpress\/wp-content\/uploads\/2023\/02\/GIANNI-ANCHE-AD-ALLEGHE-VERRANNO-INSTALLATE-LE-COLONNINE-PER-LA-RICARICA-DELLE-AUTO-ELETTRICHE.mp3\">https:\/\/www.radiopiu.net\/wordpress\/wp-content\/uploads\/2023\/02\/GIANNI-ANCHE-AD-ALLEGHE-VERRANNO-INSTALLATE-LE-COLONNINE-PER-LA-RICARICA-DELLE-AUTO-ELETTRICHE.mp3<\/a><\/audio>\n<p>&nbsp;<\/p>\n<hr \/>\n<p>&nbsp;<\/p>\n<blockquote>\n<h3>OLTRE 25 MILIONI DI EURO PER CONTRASTARE IL DISSESTO IDROGEOLOGICO DEL VENETO<\/h3>\n<\/blockquote>\n<p><strong><a class=\"dt-pswp-item\" href=\"https:\/\/www.radiopiu.net\/wordpress\/wp-content\/uploads\/2018\/07\/1096-2018-Sponda-sx-idrografica-torr-Cordevole.jpg\" data-dt-img-description=\"\" data-large_image_width=\"1024\" data-large_image_height=\"768\"><img loading=\"lazy\" decoding=\"async\" class=\" wp-image-55983 alignleft\" src=\"https:\/\/www.radiopiu.net\/wordpress\/wp-content\/uploads\/2018\/07\/1096-2018-Sponda-sx-idrografica-torr-Cordevole-300x225.jpg\" alt=\"\" width=\"127\" height=\"95\" srcset=\"https:\/\/www.radiopiu.net\/wordpress\/wp-content\/uploads\/2018\/07\/1096-2018-Sponda-sx-idrografica-torr-Cordevole-300x225.jpg 300w, https:\/\/www.radiopiu.net\/wordpress\/wp-content\/uploads\/2018\/07\/1096-2018-Sponda-sx-idrografica-torr-Cordevole-768x576.jpg 768w, https:\/\/www.radiopiu.net\/wordpress\/wp-content\/uploads\/2018\/07\/1096-2018-Sponda-sx-idrografica-torr-Cordevole.jpg 1024w\" sizes=\"auto, (max-width: 127px) 100vw, 127px\" \/><\/a>VENEZIA <\/strong>\u201cSono in arrivo importanti finanziamenti per dare avvio a dodici interventi urgenti e prioritari per la mitigazione del rischio idrogeologico in Veneto. Una cifra sostanziosa, oltre 25 milioni di euro, che ci permetter\u00e0 di proseguire con perseveranza l\u2019azione di salvaguardia e messa in sicurezza del nostro territorio. Fondi che lo Stato ha stanziato dopo una serie di proposte d\u2019intervento che la Regione Veneto ha presentato negli scorsi mesi.\u201d Il Presidente della Regione del Veneto, Luca Zaia, in qualit\u00e0 di Commissario di Governo per il contrasto del dissesto idrogeologico, plaude alla notizia dei fondi che riguardano nuovi interventi di messa in sicurezza individuati da un Decreto ministeriale, licenziato il 10 febbraio (in allegato). Gli interventi riguarderanno la provincia di Venezia con 5 milioni e 900mila euro, la provincia di Treviso con 7 milioni e 500mila euro, la provincia di Padova con 2 milioni e 500mila euro, la provincia di Belluno con quasi 5 milioni di euro, la provincia di Rovigo con 2 milioni e 600mila euro, la provincia di Verona con oltre 1 milione e 500mila euro.<\/p>\n<p>&nbsp;<\/p>\n<p>&nbsp;<\/p>\n<hr \/>\n<p>&nbsp;<\/p>\n<blockquote>\n<h3>A CENCENIGHE I LAVORI POST VAIA SARANNO TERMINATI ENTRO FINE ANNO<\/h3>\n<\/blockquote>\n<p><strong><a class=\"dt-pswp-item\" href=\"https:\/\/www.radiopiu.net\/wordpress\/wp-content\/uploads\/2022\/11\/CENCENIGHE-NOF-FILO.png\" data-dt-img-description=\"\" data-large_image_width=\"1494\" data-large_image_height=\"962\"><img loading=\"lazy\" decoding=\"async\" class=\" wp-image-308445 alignleft\" src=\"https:\/\/www.radiopiu.net\/wordpress\/wp-content\/uploads\/2022\/11\/CENCENIGHE-NOF-FILO-300x193.png\" alt=\"\" width=\"211\" height=\"136\" srcset=\"https:\/\/www.radiopiu.net\/wordpress\/wp-content\/uploads\/2022\/11\/CENCENIGHE-NOF-FILO-300x193.png 300w, https:\/\/www.radiopiu.net\/wordpress\/wp-content\/uploads\/2022\/11\/CENCENIGHE-NOF-FILO-1024x659.png 1024w, https:\/\/www.radiopiu.net\/wordpress\/wp-content\/uploads\/2022\/11\/CENCENIGHE-NOF-FILO-768x495.png 768w, https:\/\/www.radiopiu.net\/wordpress\/wp-content\/uploads\/2022\/11\/CENCENIGHE-NOF-FILO.png 1494w\" sizes=\"auto, (max-width: 211px) 100vw, 211px\" \/><\/a>CENCENIGHE<\/strong><\/p>\n<p>di Gianni santomaso<\/p>\n<audio class=\"wp-audio-shortcode\" id=\"audio-321529-2\" preload=\"none\" style=\"width: 100%;\" controls=\"controls\"><source type=\"audio\/mpeg\" src=\"https:\/\/www.radiopiu.net\/wordpress\/wp-content\/uploads\/2023\/02\/GIANNI-A-CENCENIGHE-I-LAVORI-POST-VAIA-TERMINATI-ENTRO-FINE-ANNO.mp3?_=2\" \/><a href=\"https:\/\/www.radiopiu.net\/wordpress\/wp-content\/uploads\/2023\/02\/GIANNI-A-CENCENIGHE-I-LAVORI-POST-VAIA-TERMINATI-ENTRO-FINE-ANNO.mp3\">https:\/\/www.radiopiu.net\/wordpress\/wp-content\/uploads\/2023\/02\/GIANNI-A-CENCENIGHE-I-LAVORI-POST-VAIA-TERMINATI-ENTRO-FINE-ANNO.mp3<\/a><\/audio>\n<p>&nbsp;<\/p>\n<hr \/>\n<p>&nbsp;<\/p>\n<blockquote>\n<h3>L&#8217;ACQUA DEL CORDEVOLE PREOCCUPA IL SINDACO DI SAN TOMASO MORENO DE VAL<\/h3>\n<\/blockquote>\n<p><strong><a class=\"dt-pswp-item\" href=\"https:\/\/www.radiopiu.net\/wordpress\/wp-content\/uploads\/2020\/12\/MORENO-DE-VAL.jpg\" data-dt-img-description=\"\" data-large_image_width=\"257\" data-large_image_height=\"244\"><img loading=\"lazy\" decoding=\"async\" class=\" wp-image-179073 alignleft\" src=\"https:\/\/www.radiopiu.net\/wordpress\/wp-content\/uploads\/2020\/12\/MORENO-DE-VAL.jpg\" alt=\"\" width=\"167\" height=\"159\" \/><\/a>SAN TOMASO<\/strong><\/p>\n<p>di Gianni Santomaso<\/p>\n<audio class=\"wp-audio-shortcode\" id=\"audio-321529-3\" preload=\"none\" style=\"width: 100%;\" controls=\"controls\"><source type=\"audio\/mpeg\" src=\"https:\/\/www.radiopiu.net\/wordpress\/wp-content\/uploads\/2023\/02\/GIANNI-LACQUA-DEL-CORDEVOLE-PREOCCUPA-IL-SINDACO-DI-SAN-TOMASO-MORENO-DE-VAL.mp3?_=3\" \/><a href=\"https:\/\/www.radiopiu.net\/wordpress\/wp-content\/uploads\/2023\/02\/GIANNI-LACQUA-DEL-CORDEVOLE-PREOCCUPA-IL-SINDACO-DI-SAN-TOMASO-MORENO-DE-VAL.mp3\">https:\/\/www.radiopiu.net\/wordpress\/wp-content\/uploads\/2023\/02\/GIANNI-LACQUA-DEL-CORDEVOLE-PREOCCUPA-IL-SINDACO-DI-SAN-TOMASO-MORENO-DE-VAL.mp3<\/a><\/audio>\n<p>&nbsp;<\/p>\n<hr \/>\n<p>&nbsp;<\/p>\n<blockquote>\n<h3 class=\"entry-title\">RIAPRE OGGI IL TRATTO FERROVIARIO TRA PONTE NELLE ALPI E CALALZO<\/h3>\n<\/blockquote>\n<p><b class=\"photoswipe-wrapper\"><a class=\"dt-pswp-item pspw-wrap-ready\" href=\"https:\/\/www.radiopiu.net\/wordpress\/wp-content\/uploads\/2021\/02\/FERROVIA.jpg\" data-dt-img-description=\"\" data-large_image_width=\"1920\" data-large_image_height=\"1440\"><img loading=\"lazy\" decoding=\"async\" class=\" wp-image-191534 alignleft\" src=\"https:\/\/www.radiopiu.net\/wordpress\/wp-content\/uploads\/2021\/02\/FERROVIA-300x225.jpg\" sizes=\"auto, (max-width: 300px) 100vw, 300px\" srcset=\"https:\/\/www.radiopiu.net\/wordpress\/wp-content\/uploads\/2021\/02\/FERROVIA-300x225.jpg 300w, https:\/\/www.radiopiu.net\/wordpress\/wp-content\/uploads\/2021\/02\/FERROVIA-1024x768.jpg 1024w, https:\/\/www.radiopiu.net\/wordpress\/wp-content\/uploads\/2021\/02\/FERROVIA-768x576.jpg 768w, https:\/\/www.radiopiu.net\/wordpress\/wp-content\/uploads\/2021\/02\/FERROVIA-1536x1152.jpg 1536w, https:\/\/www.radiopiu.net\/wordpress\/wp-content\/uploads\/2021\/02\/FERROVIA.jpg 1920w\" alt=\"\" width=\"103\" height=\"77\" \/><\/a>REDAZIONE\u00a0<\/b><span class=\"s1\">Oggi riaprir\u00e0 il tratto di linea Ponte Nelle Alpi \u2013 Calalzo PCC, rimasto chiuso alcune settimane per permettere interventi straordinari di messa in sicurezza del ponte ferroviario situato tra Ospitale e Perarolo di Cadore.<\/span><span class=\"apple-converted-space\">\u00a0<\/span>I treni potranno tuttavia subire dei ritardi, a causa di una riduzione di velocit\u00e0 nei pressi del viadotto sottoposto a manutenzione.<\/p>\n<p>&nbsp;<\/p>\n<p>&nbsp;<\/p>\n<hr \/>\n<p>&nbsp;<\/p>\n<blockquote>\n<h3>UNA FRANA IN VALLE DI SAN LUCANO<\/h3>\n<\/blockquote>\n<p><strong>TAIBON<\/strong> Una frana ha interessato le Pale di San Lucano nel pomeriggio di ieri. Ringraziamo Michael per averci fornito foto e video<\/p>\n<p>&nbsp;<\/p>\n<p><strong>LE FOTO<\/strong><\/p>\n\n\t\t\t<style type='text\/css'>\n\t\t\t\t#gallery-4 {\n\t\t\t\t\tmargin: auto;\n\t\t\t\t}\n\t\t\t\t#gallery-4 .gallery-item {\n\t\t\t\t\tfloat: left;\n\t\t\t\t\tmargin-top: 10px;\n\t\t\t\t\ttext-align: center;\n\t\t\t\t\twidth: 25%;\n\t\t\t\t}\n\t\t\t\t#gallery-4 img {\n\t\t\t\t\tborder: 2px solid #cfcfcf;\n\t\t\t\t}\n\t\t\t\t#gallery-4 .gallery-caption {\n\t\t\t\t\tmargin-left: 0;\n\t\t\t\t}\n\t\t\t\t\/* see gallery_shortcode() in wp-includes\/media.php *\/\n\t\t\t<\/style>\n\t\t<div id='gallery-4' class='dt-gallery-container gallery galleryid-321529 gallery-columns-4 gallery-size-medium'><dl class='gallery-item'>\n\t\t\t\t<dt class='gallery-icon portrait'>\n\t\t\t\t\t<a class=\"rollover rollover-zoom dt-pswp-item\" title=\"b1c57e30-8a96-4cf0-9bfb-22ed6bda6afa\" data-dt-img-description=\"\" data-large_image_width=\"900\" data-large_image_height=\"1600\"href='https:\/\/www.radiopiu.net\/wordpress\/wp-content\/uploads\/2023\/02\/b1c57e30-8a96-4cf0-9bfb-22ed6bda6afa.jpg'><img loading=\"lazy\" decoding=\"async\" width=\"169\" height=\"300\" src=\"https:\/\/www.radiopiu.net\/wordpress\/wp-content\/uploads\/2023\/02\/b1c57e30-8a96-4cf0-9bfb-22ed6bda6afa-169x300.jpg\" class=\"attachment-medium size-medium\" alt=\"\" srcset=\"https:\/\/www.radiopiu.net\/wordpress\/wp-content\/uploads\/2023\/02\/b1c57e30-8a96-4cf0-9bfb-22ed6bda6afa-169x300.jpg 169w, https:\/\/www.radiopiu.net\/wordpress\/wp-content\/uploads\/2023\/02\/b1c57e30-8a96-4cf0-9bfb-22ed6bda6afa-576x1024.jpg 576w, https:\/\/www.radiopiu.net\/wordpress\/wp-content\/uploads\/2023\/02\/b1c57e30-8a96-4cf0-9bfb-22ed6bda6afa-768x1365.jpg 768w, https:\/\/www.radiopiu.net\/wordpress\/wp-content\/uploads\/2023\/02\/b1c57e30-8a96-4cf0-9bfb-22ed6bda6afa-864x1536.jpg 864w, https:\/\/www.radiopiu.net\/wordpress\/wp-content\/uploads\/2023\/02\/b1c57e30-8a96-4cf0-9bfb-22ed6bda6afa.jpg 900w\" sizes=\"auto, (max-width: 169px) 100vw, 169px\" \/><\/a>\n\t\t\t\t<\/dt><\/dl><dl class='gallery-item'>\n\t\t\t\t<dt class='gallery-icon portrait'>\n\t\t\t\t\t<a class=\"rollover rollover-zoom dt-pswp-item\" title=\"e759bd56-a64f-487e-a5a3-217306708659\" data-dt-img-description=\"\" data-large_image_width=\"900\" data-large_image_height=\"1600\"href='https:\/\/www.radiopiu.net\/wordpress\/wp-content\/uploads\/2023\/02\/e759bd56-a64f-487e-a5a3-217306708659.jpg'><img loading=\"lazy\" decoding=\"async\" width=\"169\" height=\"300\" src=\"https:\/\/www.radiopiu.net\/wordpress\/wp-content\/uploads\/2023\/02\/e759bd56-a64f-487e-a5a3-217306708659-169x300.jpg\" class=\"attachment-medium size-medium\" alt=\"\" srcset=\"https:\/\/www.radiopiu.net\/wordpress\/wp-content\/uploads\/2023\/02\/e759bd56-a64f-487e-a5a3-217306708659-169x300.jpg 169w, https:\/\/www.radiopiu.net\/wordpress\/wp-content\/uploads\/2023\/02\/e759bd56-a64f-487e-a5a3-217306708659-576x1024.jpg 576w, https:\/\/www.radiopiu.net\/wordpress\/wp-content\/uploads\/2023\/02\/e759bd56-a64f-487e-a5a3-217306708659-768x1365.jpg 768w, https:\/\/www.radiopiu.net\/wordpress\/wp-content\/uploads\/2023\/02\/e759bd56-a64f-487e-a5a3-217306708659-864x1536.jpg 864w, https:\/\/www.radiopiu.net\/wordpress\/wp-content\/uploads\/2023\/02\/e759bd56-a64f-487e-a5a3-217306708659.jpg 900w\" sizes=\"auto, (max-width: 169px) 100vw, 169px\" \/><\/a>\n\t\t\t\t<\/dt><\/dl><dl class='gallery-item'>\n\t\t\t\t<dt class='gallery-icon portrait'>\n\t\t\t\t\t<a class=\"rollover rollover-zoom dt-pswp-item\" title=\"4223c436-29b8-4e28-98e6-2d709cdba906\" data-dt-img-description=\"\" data-large_image_width=\"900\" data-large_image_height=\"1600\"href='https:\/\/www.radiopiu.net\/wordpress\/wp-content\/uploads\/2023\/02\/4223c436-29b8-4e28-98e6-2d709cdba906.jpg'><img loading=\"lazy\" decoding=\"async\" width=\"169\" height=\"300\" src=\"https:\/\/www.radiopiu.net\/wordpress\/wp-content\/uploads\/2023\/02\/4223c436-29b8-4e28-98e6-2d709cdba906-169x300.jpg\" class=\"attachment-medium size-medium\" alt=\"\" srcset=\"https:\/\/www.radiopiu.net\/wordpress\/wp-content\/uploads\/2023\/02\/4223c436-29b8-4e28-98e6-2d709cdba906-169x300.jpg 169w, https:\/\/www.radiopiu.net\/wordpress\/wp-content\/uploads\/2023\/02\/4223c436-29b8-4e28-98e6-2d709cdba906-576x1024.jpg 576w, https:\/\/www.radiopiu.net\/wordpress\/wp-content\/uploads\/2023\/02\/4223c436-29b8-4e28-98e6-2d709cdba906-768x1365.jpg 768w, https:\/\/www.radiopiu.net\/wordpress\/wp-content\/uploads\/2023\/02\/4223c436-29b8-4e28-98e6-2d709cdba906-864x1536.jpg 864w, https:\/\/www.radiopiu.net\/wordpress\/wp-content\/uploads\/2023\/02\/4223c436-29b8-4e28-98e6-2d709cdba906.jpg 900w\" sizes=\"auto, (max-width: 169px) 100vw, 169px\" \/><\/a>\n\t\t\t\t<\/dt><\/dl><dl class='gallery-item'>\n\t\t\t\t<dt class='gallery-icon portrait'>\n\t\t\t\t\t<a class=\"rollover rollover-zoom dt-pswp-item\" title=\"6af89345-2eb6-4e2f-8036-273f9d91dd62\" data-dt-img-description=\"\" data-large_image_width=\"900\" data-large_image_height=\"1600\"href='https:\/\/www.radiopiu.net\/wordpress\/wp-content\/uploads\/2023\/02\/6af89345-2eb6-4e2f-8036-273f9d91dd62.jpg'><img loading=\"lazy\" decoding=\"async\" width=\"169\" height=\"300\" src=\"https:\/\/www.radiopiu.net\/wordpress\/wp-content\/uploads\/2023\/02\/6af89345-2eb6-4e2f-8036-273f9d91dd62-169x300.jpg\" class=\"attachment-medium size-medium\" alt=\"\" aria-describedby=\"gallery-4-321728\" srcset=\"https:\/\/www.radiopiu.net\/wordpress\/wp-content\/uploads\/2023\/02\/6af89345-2eb6-4e2f-8036-273f9d91dd62-169x300.jpg 169w, https:\/\/www.radiopiu.net\/wordpress\/wp-content\/uploads\/2023\/02\/6af89345-2eb6-4e2f-8036-273f9d91dd62-576x1024.jpg 576w, https:\/\/www.radiopiu.net\/wordpress\/wp-content\/uploads\/2023\/02\/6af89345-2eb6-4e2f-8036-273f9d91dd62-768x1365.jpg 768w, https:\/\/www.radiopiu.net\/wordpress\/wp-content\/uploads\/2023\/02\/6af89345-2eb6-4e2f-8036-273f9d91dd62-864x1536.jpg 864w, https:\/\/www.radiopiu.net\/wordpress\/wp-content\/uploads\/2023\/02\/6af89345-2eb6-4e2f-8036-273f9d91dd62.jpg 900w\" sizes=\"auto, (max-width: 169px) 100vw, 169px\" \/><\/a>\n\t\t\t\t<\/dt>\n\t\t\t\t\t<dd class='wp-caption-text gallery-caption' id='gallery-4-321728'>\n\t\t\t\t\tIL PUNTO DEL DISTACCO\n\t\t\t\t\t<\/dd><\/dl><br style=\"clear: both\" \/>\n\t\t\t<\/div>\n\n<p><strong>IL VIDEO<\/strong><\/p>\n<div style=\"width: 848px;\" class=\"wp-video\"><video class=\"wp-video-shortcode\" id=\"video-321529-1\" width=\"848\" height=\"480\" preload=\"metadata\" controls=\"controls\"><source type=\"video\/mp4\" src=\"https:\/\/www.radiopiu.net\/wordpress\/wp-content\/uploads\/2023\/02\/WhatsApp-Video-2023-02-12-at-17.53.35.mp4?_=1\" \/><a href=\"https:\/\/www.radiopiu.net\/wordpress\/wp-content\/uploads\/2023\/02\/WhatsApp-Video-2023-02-12-at-17.53.35.mp4\">https:\/\/www.radiopiu.net\/wordpress\/wp-content\/uploads\/2023\/02\/WhatsApp-Video-2023-02-12-at-17.53.35.mp4<\/a><\/video><\/div>\n<p>&nbsp;<\/p>\n<p>&nbsp;<\/p>\n<hr \/>\n<p>&nbsp;<\/p>\n<blockquote>\n<h1>I CONTROSENSI<\/h1>\n<\/blockquote>\n<p><strong>CANALE D&#8217;AGORDO<\/strong> Sullo stesso territorio, tra Canale d&#8217;Agordo e Fregona, c&#8217;\u00e8 chi si lamenta per la presenza del lupo e presta la massima attenzione a non attirarne l&#8217;attenzione con cibi o rifiuti abbandonati. C&#8217;\u00e8 invece chi abbandona lungo la strada frattaglie e avanzi di carne, niente di meglio per far arrivare i lupi fino alla porta di casa (segnalazione pagina facebook, Cristina Fiocco)<\/p>\n<p><a class=\"dt-pswp-item\" href=\"https:\/\/www.radiopiu.net\/wordpress\/wp-content\/uploads\/2023\/02\/Senza-nome-27.jpg\" data-dt-img-description=\"\" data-large_image_width=\"400\" data-large_image_height=\"380\"><img loading=\"lazy\" decoding=\"async\" class=\"alignnone size-medium wp-image-321863\" src=\"https:\/\/www.radiopiu.net\/wordpress\/wp-content\/uploads\/2023\/02\/Senza-nome-27-300x285.jpg\" alt=\"\" width=\"300\" height=\"285\" srcset=\"https:\/\/www.radiopiu.net\/wordpress\/wp-content\/uploads\/2023\/02\/Senza-nome-27-300x285.jpg 300w, https:\/\/www.radiopiu.net\/wordpress\/wp-content\/uploads\/2023\/02\/Senza-nome-27.jpg 400w\" sizes=\"auto, (max-width: 300px) 100vw, 300px\" \/><\/a><\/p>\n<p>&nbsp;<\/p>\n<p>&nbsp;<\/p>\n<hr \/>\n<p>&nbsp;<\/p>\n<p><strong>DI TIZIANO DE COL<\/strong><\/p>\n\n\t\t\t<style type='text\/css'>\n\t\t\t\t#gallery-5 {\n\t\t\t\t\tmargin: auto;\n\t\t\t\t}\n\t\t\t\t#gallery-5 .gallery-item {\n\t\t\t\t\tfloat: left;\n\t\t\t\t\tmargin-top: 10px;\n\t\t\t\t\ttext-align: center;\n\t\t\t\t\twidth: 20%;\n\t\t\t\t}\n\t\t\t\t#gallery-5 img {\n\t\t\t\t\tborder: 2px solid #cfcfcf;\n\t\t\t\t}\n\t\t\t\t#gallery-5 .gallery-caption {\n\t\t\t\t\tmargin-left: 0;\n\t\t\t\t}\n\t\t\t\t\/* see gallery_shortcode() in wp-includes\/media.php *\/\n\t\t\t<\/style>\n\t\t<div id='gallery-5' class='dt-gallery-container gallery galleryid-321529 gallery-columns-5 gallery-size-medium'><dl class='gallery-item'>\n\t\t\t\t<dt class='gallery-icon landscape'>\n\t\t\t\t\t<a class=\"rollover rollover-zoom dt-pswp-item\" title=\"ec68b9bc-fdf4-4da7-89c9-a14308bb62c5\" data-dt-img-description=\"\" data-large_image_width=\"600\" data-large_image_height=\"366\"href='https:\/\/www.radiopiu.net\/wordpress\/wp-content\/uploads\/2023\/02\/ec68b9bc-fdf4-4da7-89c9-a14308bb62c5.jpg'><img loading=\"lazy\" decoding=\"async\" width=\"300\" height=\"183\" src=\"https:\/\/www.radiopiu.net\/wordpress\/wp-content\/uploads\/2023\/02\/ec68b9bc-fdf4-4da7-89c9-a14308bb62c5-300x183.jpg\" class=\"attachment-medium size-medium\" alt=\"\" srcset=\"https:\/\/www.radiopiu.net\/wordpress\/wp-content\/uploads\/2023\/02\/ec68b9bc-fdf4-4da7-89c9-a14308bb62c5-300x183.jpg 300w, https:\/\/www.radiopiu.net\/wordpress\/wp-content\/uploads\/2023\/02\/ec68b9bc-fdf4-4da7-89c9-a14308bb62c5.jpg 600w\" sizes=\"auto, (max-width: 300px) 100vw, 300px\" \/><\/a>\n\t\t\t\t<\/dt><\/dl><dl class='gallery-item'>\n\t\t\t\t<dt class='gallery-icon landscape'>\n\t\t\t\t\t<a class=\"rollover rollover-zoom dt-pswp-item\" title=\"f1aaa338-37b3-40d5-8133-c4f59752b389\" data-dt-img-description=\"\" data-large_image_width=\"610\" data-large_image_height=\"358\"href='https:\/\/www.radiopiu.net\/wordpress\/wp-content\/uploads\/2023\/02\/f1aaa338-37b3-40d5-8133-c4f59752b389.jpg'><img loading=\"lazy\" decoding=\"async\" width=\"300\" height=\"176\" src=\"https:\/\/www.radiopiu.net\/wordpress\/wp-content\/uploads\/2023\/02\/f1aaa338-37b3-40d5-8133-c4f59752b389-300x176.jpg\" class=\"attachment-medium size-medium\" alt=\"\" srcset=\"https:\/\/www.radiopiu.net\/wordpress\/wp-content\/uploads\/2023\/02\/f1aaa338-37b3-40d5-8133-c4f59752b389-300x176.jpg 300w, https:\/\/www.radiopiu.net\/wordpress\/wp-content\/uploads\/2023\/02\/f1aaa338-37b3-40d5-8133-c4f59752b389.jpg 610w\" sizes=\"auto, (max-width: 300px) 100vw, 300px\" \/><\/a>\n\t\t\t\t<\/dt><\/dl><dl class='gallery-item'>\n\t\t\t\t<dt class='gallery-icon landscape'>\n\t\t\t\t\t<a class=\"rollover rollover-zoom dt-pswp-item\" title=\"44f7f4c9-d7ac-41c4-9376-da88df134845\" data-dt-img-description=\"\" data-large_image_width=\"614\" data-large_image_height=\"355\"href='https:\/\/www.radiopiu.net\/wordpress\/wp-content\/uploads\/2023\/02\/44f7f4c9-d7ac-41c4-9376-da88df134845.jpg'><img loading=\"lazy\" decoding=\"async\" width=\"300\" height=\"173\" src=\"https:\/\/www.radiopiu.net\/wordpress\/wp-content\/uploads\/2023\/02\/44f7f4c9-d7ac-41c4-9376-da88df134845-300x173.jpg\" class=\"attachment-medium size-medium\" alt=\"\" srcset=\"https:\/\/www.radiopiu.net\/wordpress\/wp-content\/uploads\/2023\/02\/44f7f4c9-d7ac-41c4-9376-da88df134845-300x173.jpg 300w, https:\/\/www.radiopiu.net\/wordpress\/wp-content\/uploads\/2023\/02\/44f7f4c9-d7ac-41c4-9376-da88df134845.jpg 614w\" sizes=\"auto, (max-width: 300px) 100vw, 300px\" \/><\/a>\n\t\t\t\t<\/dt><\/dl><dl class='gallery-item'>\n\t\t\t\t<dt class='gallery-icon landscape'>\n\t\t\t\t\t<a class=\"rollover rollover-zoom dt-pswp-item\" title=\"630d83ba-6e09-423f-ad6e-1c57d3131dde\" data-dt-img-description=\"\" data-large_image_width=\"608\" data-large_image_height=\"354\"href='https:\/\/www.radiopiu.net\/wordpress\/wp-content\/uploads\/2023\/02\/630d83ba-6e09-423f-ad6e-1c57d3131dde.jpg'><img loading=\"lazy\" decoding=\"async\" width=\"300\" height=\"175\" src=\"https:\/\/www.radiopiu.net\/wordpress\/wp-content\/uploads\/2023\/02\/630d83ba-6e09-423f-ad6e-1c57d3131dde-300x175.jpg\" class=\"attachment-medium size-medium\" alt=\"\" srcset=\"https:\/\/www.radiopiu.net\/wordpress\/wp-content\/uploads\/2023\/02\/630d83ba-6e09-423f-ad6e-1c57d3131dde-300x175.jpg 300w, https:\/\/www.radiopiu.net\/wordpress\/wp-content\/uploads\/2023\/02\/630d83ba-6e09-423f-ad6e-1c57d3131dde.jpg 608w\" sizes=\"auto, (max-width: 300px) 100vw, 300px\" \/><\/a>\n\t\t\t\t<\/dt><\/dl><dl class='gallery-item'>\n\t\t\t\t<dt class='gallery-icon landscape'>\n\t\t\t\t\t<a class=\"rollover rollover-zoom dt-pswp-item\" title=\"7d74b391-671c-40e5-9a7d-07648b4f2a07\" data-dt-img-description=\"\" data-large_image_width=\"620\" data-large_image_height=\"352\"href='https:\/\/www.radiopiu.net\/wordpress\/wp-content\/uploads\/2023\/02\/7d74b391-671c-40e5-9a7d-07648b4f2a07.jpg'><img loading=\"lazy\" decoding=\"async\" width=\"300\" height=\"170\" src=\"https:\/\/www.radiopiu.net\/wordpress\/wp-content\/uploads\/2023\/02\/7d74b391-671c-40e5-9a7d-07648b4f2a07-300x170.jpg\" class=\"attachment-medium size-medium\" alt=\"\" srcset=\"https:\/\/www.radiopiu.net\/wordpress\/wp-content\/uploads\/2023\/02\/7d74b391-671c-40e5-9a7d-07648b4f2a07-300x170.jpg 300w, https:\/\/www.radiopiu.net\/wordpress\/wp-content\/uploads\/2023\/02\/7d74b391-671c-40e5-9a7d-07648b4f2a07.jpg 620w\" sizes=\"auto, (max-width: 300px) 100vw, 300px\" \/><\/a>\n\t\t\t\t<\/dt><\/dl><br style=\"clear: both\" \/>\n\t\t\t<\/div>\n\n<p>&nbsp;<\/p>\n<hr \/>\n<p>&nbsp;<\/p>\n<blockquote>\n<h3>NASCE IL BOLLINO BLU DELLA RETE REGIONALE DEI COMUNI ATTIVI<\/h3>\n<\/blockquote>\n<p><strong><a class=\"dt-pswp-item\" href=\"https:\/\/www.radiopiu.net\/wordpress\/wp-content\/uploads\/2018\/06\/sanita.jpg\" data-dt-img-description=\"\" data-large_image_width=\"1280\" data-large_image_height=\"803\"><img loading=\"lazy\" decoding=\"async\" class=\" wp-image-51292 alignleft\" src=\"https:\/\/www.radiopiu.net\/wordpress\/wp-content\/uploads\/2018\/06\/sanita-300x188.jpg\" alt=\"\" width=\"195\" height=\"122\" srcset=\"https:\/\/www.radiopiu.net\/wordpress\/wp-content\/uploads\/2018\/06\/sanita-300x188.jpg 300w, https:\/\/www.radiopiu.net\/wordpress\/wp-content\/uploads\/2018\/06\/sanita-768x482.jpg 768w, https:\/\/www.radiopiu.net\/wordpress\/wp-content\/uploads\/2018\/06\/sanita-1024x642.jpg 1024w, https:\/\/www.radiopiu.net\/wordpress\/wp-content\/uploads\/2018\/06\/sanita.jpg 1280w\" sizes=\"auto, (max-width: 195px) 100vw, 195px\" \/><\/a>VENEZIA <\/strong>\u201cIl movimento, a qualsiasi et\u00e0 \u00e8 la prima forma di prevenzione. Sedentariet\u00e0 e inattivit\u00e0 fisica sono problemi di salute pubblica complessi, causati da pi\u00f9 fattori che interagiscono tra loro e contribuiscono significativamente all\u2019incidenza delle malattie croniche, ostacolando un invecchiamento in buona salute.\u00a0 In quest\u2019ottica si colloca la creazione della \u201cRete Regionale Comuni attivi, un progetto che vede interessato non solo il mondo della sanit\u00e0, ma anche le amministrazioni locali, in sinergia. Ai Comuni che completeranno tutti i passi previsti dal processo verr\u00e0 rilasciato un logo, che attesta il percorso fatto, lo inserisce nella rete regionale e rappresenta un impegno effettivo del Comune nel promuovere uno stile di vita attivo per la salute dei suoi cittadini. Il Logo proposto rafforza la campagna di comunicazione VIVO BENE VENETO creata a supporto del Piano Prevenzione, che invita alla responsabilit\u00e0 sia individuale sia della comunit\u00e0 per il benessere. Con il Piano Regionale Prevenzione 2020-2025 la Regione del Veneto intende quindi promuovere l\u2019adozione consapevole di uno stile di vita sano e attivo in tutte le et\u00e0, anche attraverso processi di inclusione ed aggregazione, per contrastare il carico di malattie croniche e contribuire al miglioramento della qualit\u00e0 della vita. Nel perseguire questo importante obiettivo, il Piano intende promuovere la realizzazione di ambienti che facilitano l\u2019adozione di comportamenti salutari\u201d, cos\u00ec Manuela Lanzarin, assessore alla Sanit\u00e0 e Sociale della Regione Veneto commenta il progetto \u201cRete Regionale Comuni Attivi\u201d.<\/p>\n<p>&nbsp;<\/p>\n<p>&nbsp;<\/p>\n<hr \/>\n<p>&nbsp;<\/p>\n<blockquote>\n<h3>SPOPOLAMENTO E AUTONOMIA NELL&#8217;INCONTRO CON L&#8217;ONOREVOLE FASSINO<\/h3>\n<\/blockquote>\n<p><strong>BELLUNO <\/strong>I vertici di Appia Cna Belluno e di Cna Veneto hanno incontrato venerd\u00ec l&#8217;onorevole Piero Fassino (Partito Democratico): un confronto positivo, che ha visto sul tavolo i tanti temi economici, sociali e politici cari al territorio bellunese. Tema centrale \u00e8 stato quello dello spopolamento. Affrontati anche i temi pi\u00f9 strettamente legati al ruolo dell&#8217;associazione, come la necessit\u00e0 di un intervento sulla legge dell&#8217;artigianato, datata 1985 e che va agganciata ai modelli europei, e alla bilateralit\u00e0, ossia quelle dinamiche di welfare a favore del benessere dei lavoratori che in Veneto \u201cpesano\u201d oltre 30 milioni di euro all&#8217;anno in pi\u00f9 di 300 servizi agli iscritti e che necessitano di un alleggerimento del peso fiscale (come accade per il welfare aziendale). Si \u00e8 parlato anche di politica, che in Veneto e a Belluno vuol dire soprattutto autonomia differenziata: per i rappresentanti delle imprese, bisogna andare oltre le ideologie e guardare alle esigenze dei territori, portando i centri decisionali il pi\u00f9 possibile vicino ai cittadini.<\/p>\n<p><iframe loading=\"lazy\" title=\"APPIA FASSINO\" width=\"1200\" height=\"675\" src=\"https:\/\/www.youtube.com\/embed\/4Lacf0vYHvs?feature=oembed\" frameborder=\"0\" allow=\"accelerometer; autoplay; clipboard-write; encrypted-media; gyroscope; picture-in-picture; web-share\" allowfullscreen><\/iframe><\/p>\n<p>&nbsp;<\/p>\n<hr \/>\n<p>&nbsp;<\/p>\n<blockquote>\n<h3>L&#8217;ASSEMBLEA DEI DONATORI DEL SANGUE DI CANALE D&#8217;AGORDO<\/h3>\n<\/blockquote>\n<p><strong><a class=\"dt-pswp-item\" href=\"https:\/\/www.radiopiu.net\/wordpress\/wp-content\/uploads\/2020\/09\/DONAZIONE-SANGUE.jpg\" data-dt-img-description=\"\" data-large_image_width=\"1920\" data-large_image_height=\"1282\"><img loading=\"lazy\" decoding=\"async\" class=\" wp-image-161053 alignleft\" src=\"https:\/\/www.radiopiu.net\/wordpress\/wp-content\/uploads\/2020\/09\/DONAZIONE-SANGUE-300x200.jpg\" alt=\"\" width=\"150\" height=\"100\" srcset=\"https:\/\/www.radiopiu.net\/wordpress\/wp-content\/uploads\/2020\/09\/DONAZIONE-SANGUE-300x200.jpg 300w, https:\/\/www.radiopiu.net\/wordpress\/wp-content\/uploads\/2020\/09\/DONAZIONE-SANGUE-1024x684.jpg 1024w, https:\/\/www.radiopiu.net\/wordpress\/wp-content\/uploads\/2020\/09\/DONAZIONE-SANGUE-768x513.jpg 768w, https:\/\/www.radiopiu.net\/wordpress\/wp-content\/uploads\/2020\/09\/DONAZIONE-SANGUE-1536x1026.jpg 1536w, https:\/\/www.radiopiu.net\/wordpress\/wp-content\/uploads\/2020\/09\/DONAZIONE-SANGUE-640x427.jpg 640w, https:\/\/www.radiopiu.net\/wordpress\/wp-content\/uploads\/2020\/09\/DONAZIONE-SANGUE.jpg 1920w\" sizes=\"auto, (max-width: 150px) 100vw, 150px\" \/><\/a>CANALE D&#8217;AGORDO<\/strong><\/p>\n<p>di Gianni Santomaso<\/p>\n<audio class=\"wp-audio-shortcode\" id=\"audio-321529-4\" preload=\"none\" style=\"width: 100%;\" controls=\"controls\"><source type=\"audio\/mpeg\" src=\"https:\/\/www.radiopiu.net\/wordpress\/wp-content\/uploads\/2023\/02\/GIANNI-ASSEMBLEA-DEI-DONATORI-DEL-SANGUE-DI-CANALE-DAGORDO.mp3?_=4\" \/><a href=\"https:\/\/www.radiopiu.net\/wordpress\/wp-content\/uploads\/2023\/02\/GIANNI-ASSEMBLEA-DEI-DONATORI-DEL-SANGUE-DI-CANALE-DAGORDO.mp3\">https:\/\/www.radiopiu.net\/wordpress\/wp-content\/uploads\/2023\/02\/GIANNI-ASSEMBLEA-DEI-DONATORI-DEL-SANGUE-DI-CANALE-DAGORDO.mp3<\/a><\/audio>\n<p>&nbsp;<\/p>\n<p>&nbsp;<\/p>\n<hr \/>\n<p>&nbsp;<\/p>\n<blockquote>\n<h3><a class=\"dt-pswp-item\" href=\"https:\/\/www.radiopiu.net\/wordpress\/wp-content\/uploads\/2023\/02\/IMG-20230210-WA0010.jpg\" data-dt-img-description=\"\" data-large_image_width=\"1600\" data-large_image_height=\"1404\"><img loading=\"lazy\" decoding=\"async\" class=\" wp-image-321738 alignleft\" src=\"https:\/\/www.radiopiu.net\/wordpress\/wp-content\/uploads\/2023\/02\/IMG-20230210-WA0010-300x263.jpg\" alt=\"\" width=\"162\" height=\"142\" srcset=\"https:\/\/www.radiopiu.net\/wordpress\/wp-content\/uploads\/2023\/02\/IMG-20230210-WA0010-300x263.jpg 300w, https:\/\/www.radiopiu.net\/wordpress\/wp-content\/uploads\/2023\/02\/IMG-20230210-WA0010-1024x899.jpg 1024w, https:\/\/www.radiopiu.net\/wordpress\/wp-content\/uploads\/2023\/02\/IMG-20230210-WA0010-768x674.jpg 768w, https:\/\/www.radiopiu.net\/wordpress\/wp-content\/uploads\/2023\/02\/IMG-20230210-WA0010-1536x1348.jpg 1536w, https:\/\/www.radiopiu.net\/wordpress\/wp-content\/uploads\/2023\/02\/IMG-20230210-WA0010.jpg 1600w\" sizes=\"auto, (max-width: 162px) 100vw, 162px\" \/><\/a>LE TOVAGLIETTE DEI DONATORI DI SANGUE<\/h3>\n<\/blockquote>\n<p><strong>FELTRE <\/strong>Venerd\u00ec \u00e8 stata consegnata dal Gruppo Giovani Donatori e dalla Sezione di Quero dell\u2019Associazione Feltrina Donatori Volontari di Sangue la seconda fornitura di tovagliette da ristorante al Birrificio di Quero. \u201cOgni dieci secondi in Italia una persona ha bisogno di una trasfusione di sangue\u201d \u00e8 lo slogan che si legge sulle tovagliette, che non solo promuovono l\u2019importanza della donazione del sangue ma danno anche la possibilit\u00e0, attraverso un codice QR, di prenotare facilmente la visita per diventare donatori presso l\u2019ospedale di Feltre.<\/p>\n<p>&nbsp;<\/p>\n<p>&nbsp;<\/p>\n<hr \/>\n<p>&nbsp;<\/p>\n<blockquote>\n<h3>LA CONFERENZA STAMPA DI PACE E DISARMO<\/h3>\n<\/blockquote>\n<p><strong>BELLUNO <\/strong>Pace e disarmo ha organizzato una conferenza stampa domani alle 15 al Lettherarium di Belluno, in piazza Piloni 7, per illustrare quanto intende organizzare venerd\u00ec 24 febbraio, primo anniversario della guerra Russia &#8211; Ucraina.<\/p>\n<p>&nbsp;<\/p>\n<p>&nbsp;<\/p>\n<hr \/>\n<p>&nbsp;<\/p>\n<blockquote>\n<h3>MASCORADA DE LASTE<\/h3>\n<\/blockquote>\n<p><strong>ROCCA PIETORE<\/strong> Primo appuntamento con il carnevale rocchesano. A Laste di Rocca Pietore \u00e8 andata in scena la prima tappa paesana del Carneval De Le Vai con la Mascorada De Laste.<\/p>\n<p><strong>LE FOTO<\/strong><\/p>\n\n\t\t\t<style type='text\/css'>\n\t\t\t\t#gallery-6 {\n\t\t\t\t\tmargin: auto;\n\t\t\t\t}\n\t\t\t\t#gallery-6 .gallery-item {\n\t\t\t\t\tfloat: left;\n\t\t\t\t\tmargin-top: 10px;\n\t\t\t\t\ttext-align: center;\n\t\t\t\t\twidth: 20%;\n\t\t\t\t}\n\t\t\t\t#gallery-6 img {\n\t\t\t\t\tborder: 2px solid #cfcfcf;\n\t\t\t\t}\n\t\t\t\t#gallery-6 .gallery-caption {\n\t\t\t\t\tmargin-left: 0;\n\t\t\t\t}\n\t\t\t\t\/* see gallery_shortcode() in wp-includes\/media.php *\/\n\t\t\t<\/style>\n\t\t<div id='gallery-6' class='dt-gallery-container gallery galleryid-321529 gallery-columns-5 gallery-size-thumbnail'><dl class='gallery-item'>\n\t\t\t\t<dt class='gallery-icon landscape'>\n\t\t\t\t\t<a class=\"rollover rollover-zoom dt-pswp-item\" title=\"eb137abb-7277-400f-bdc1-76b10c08578d\" data-dt-img-description=\"\" data-large_image_width=\"1600\" data-large_image_height=\"738\"href='https:\/\/www.radiopiu.net\/wordpress\/wp-content\/uploads\/2023\/02\/eb137abb-7277-400f-bdc1-76b10c08578d.jpg'><img loading=\"lazy\" decoding=\"async\" width=\"150\" height=\"150\" src=\"https:\/\/www.radiopiu.net\/wordpress\/wp-content\/uploads\/2023\/02\/eb137abb-7277-400f-bdc1-76b10c08578d-150x150.jpg\" class=\"attachment-thumbnail size-thumbnail\" alt=\"\" \/><\/a>\n\t\t\t\t<\/dt><\/dl><dl class='gallery-item'>\n\t\t\t\t<dt class='gallery-icon landscape'>\n\t\t\t\t\t<a class=\"rollover rollover-zoom dt-pswp-item\" title=\"d74fbe65-50b0-4e84-9575-aca33e4d72a5\" data-dt-img-description=\"\" data-large_image_width=\"1600\" data-large_image_height=\"738\"href='https:\/\/www.radiopiu.net\/wordpress\/wp-content\/uploads\/2023\/02\/d74fbe65-50b0-4e84-9575-aca33e4d72a5.jpg'><img loading=\"lazy\" decoding=\"async\" width=\"150\" height=\"150\" src=\"https:\/\/www.radiopiu.net\/wordpress\/wp-content\/uploads\/2023\/02\/d74fbe65-50b0-4e84-9575-aca33e4d72a5-150x150.jpg\" class=\"attachment-thumbnail size-thumbnail\" alt=\"\" \/><\/a>\n\t\t\t\t<\/dt><\/dl><dl class='gallery-item'>\n\t\t\t\t<dt class='gallery-icon landscape'>\n\t\t\t\t\t<a class=\"rollover rollover-zoom dt-pswp-item\" title=\"5496d10e-3af8-4007-8395-4fc3ca172a00\" data-dt-img-description=\"\" data-large_image_width=\"1600\" data-large_image_height=\"737\"href='https:\/\/www.radiopiu.net\/wordpress\/wp-content\/uploads\/2023\/02\/5496d10e-3af8-4007-8395-4fc3ca172a00.jpg'><img loading=\"lazy\" decoding=\"async\" width=\"150\" height=\"150\" src=\"https:\/\/www.radiopiu.net\/wordpress\/wp-content\/uploads\/2023\/02\/5496d10e-3af8-4007-8395-4fc3ca172a00-150x150.jpg\" class=\"attachment-thumbnail size-thumbnail\" alt=\"\" \/><\/a>\n\t\t\t\t<\/dt><\/dl><dl class='gallery-item'>\n\t\t\t\t<dt class='gallery-icon portrait'>\n\t\t\t\t\t<a class=\"rollover rollover-zoom dt-pswp-item\" title=\"461e6830-295b-44f4-b68b-a9cda522bdfa\" data-dt-img-description=\"\" data-large_image_width=\"738\" data-large_image_height=\"1600\"href='https:\/\/www.radiopiu.net\/wordpress\/wp-content\/uploads\/2023\/02\/461e6830-295b-44f4-b68b-a9cda522bdfa.jpg'><img loading=\"lazy\" decoding=\"async\" width=\"150\" height=\"150\" src=\"https:\/\/www.radiopiu.net\/wordpress\/wp-content\/uploads\/2023\/02\/461e6830-295b-44f4-b68b-a9cda522bdfa-150x150.jpg\" class=\"attachment-thumbnail size-thumbnail\" alt=\"\" \/><\/a>\n\t\t\t\t<\/dt><\/dl><dl class='gallery-item'>\n\t\t\t\t<dt class='gallery-icon landscape'>\n\t\t\t\t\t<a class=\"rollover rollover-zoom dt-pswp-item\" title=\"51ffa95d-64d3-43e1-8d17-0aa6bf444f9b\" data-dt-img-description=\"\" data-large_image_width=\"1600\" data-large_image_height=\"738\"href='https:\/\/www.radiopiu.net\/wordpress\/wp-content\/uploads\/2023\/02\/51ffa95d-64d3-43e1-8d17-0aa6bf444f9b.jpg'><img loading=\"lazy\" decoding=\"async\" width=\"150\" height=\"150\" src=\"https:\/\/www.radiopiu.net\/wordpress\/wp-content\/uploads\/2023\/02\/51ffa95d-64d3-43e1-8d17-0aa6bf444f9b-150x150.jpg\" class=\"attachment-thumbnail size-thumbnail\" alt=\"\" \/><\/a>\n\t\t\t\t<\/dt><\/dl><br style=\"clear: both\" \/>\n\t\t\t<\/div>\n\n<p>&nbsp;<\/p>\n<p><strong>IL VIDEO<\/strong><\/p>\n<div style=\"width: 848px;\" class=\"wp-video\"><video class=\"wp-video-shortcode\" id=\"video-321529-2\" width=\"848\" height=\"480\" preload=\"metadata\" controls=\"controls\"><source type=\"video\/mp4\" src=\"https:\/\/www.radiopiu.net\/wordpress\/wp-content\/uploads\/2023\/02\/WhatsApp-Video-2023-02-11-at-21.04.48.mp4?_=2\" \/><a href=\"https:\/\/www.radiopiu.net\/wordpress\/wp-content\/uploads\/2023\/02\/WhatsApp-Video-2023-02-11-at-21.04.48.mp4\">https:\/\/www.radiopiu.net\/wordpress\/wp-content\/uploads\/2023\/02\/WhatsApp-Video-2023-02-11-at-21.04.48.mp4<\/a><\/video><\/div>\n<p>&nbsp;<\/p>\n<hr \/>\n<p>&nbsp;<\/p>\n<blockquote>\n<h3>OLT DA RIVA E COMPAGNIA BELA, IL CARNEVALE DI RIVAMONTE<\/h3>\n<\/blockquote>\n<p><strong>RIVAMONTE<\/strong> Un paese in festa per il carnevale. A Rivamonte \u00e8 andato in scena il terzo appuntamento dei &#8220;Carnevai De Le Vai&#8221; con le maschere di legno degli Olt Da Riva. Tra balli, maschere e chioschi con bevande calde, la gente ha risposto bene ritrovandosi in piazza della chiesa per un pomeriggio in allegria.<\/p>\n<p><strong>LE FOTO<\/strong><\/p>\n\n\t\t\t<style type='text\/css'>\n\t\t\t\t#gallery-7 {\n\t\t\t\t\tmargin: auto;\n\t\t\t\t}\n\t\t\t\t#gallery-7 .gallery-item {\n\t\t\t\t\tfloat: left;\n\t\t\t\t\tmargin-top: 10px;\n\t\t\t\t\ttext-align: center;\n\t\t\t\t\twidth: 50%;\n\t\t\t\t}\n\t\t\t\t#gallery-7 img {\n\t\t\t\t\tborder: 2px solid #cfcfcf;\n\t\t\t\t}\n\t\t\t\t#gallery-7 .gallery-caption {\n\t\t\t\t\tmargin-left: 0;\n\t\t\t\t}\n\t\t\t\t\/* see gallery_shortcode() in wp-includes\/media.php *\/\n\t\t\t<\/style>\n\t\t<div id='gallery-7' class='dt-gallery-container gallery galleryid-321529 gallery-columns-2 gallery-size-thumbnail'><dl class='gallery-item'>\n\t\t\t\t<dt class='gallery-icon landscape'>\n\t\t\t\t\t<a class=\"rollover rollover-zoom dt-pswp-item\" title=\"ff517617-fae9-4ac8-b8d1-06246cb07eac\" data-dt-img-description=\"\" data-large_image_width=\"2048\" data-large_image_height=\"1536\"href='https:\/\/www.radiopiu.net\/wordpress\/wp-content\/uploads\/2023\/02\/ff517617-fae9-4ac8-b8d1-06246cb07eac.jpg'><img loading=\"lazy\" decoding=\"async\" width=\"150\" height=\"150\" src=\"https:\/\/www.radiopiu.net\/wordpress\/wp-content\/uploads\/2023\/02\/ff517617-fae9-4ac8-b8d1-06246cb07eac-150x150.jpg\" class=\"attachment-thumbnail size-thumbnail\" alt=\"\" \/><\/a>\n\t\t\t\t<\/dt><\/dl><dl class='gallery-item'>\n\t\t\t\t<dt class='gallery-icon portrait'>\n\t\t\t\t\t<a class=\"rollover rollover-zoom dt-pswp-item\" title=\"c914db20-00a4-4300-a0b2-40d80f9892d9\" data-dt-img-description=\"\" data-large_image_width=\"1536\" data-large_image_height=\"2048\"href='https:\/\/www.radiopiu.net\/wordpress\/wp-content\/uploads\/2023\/02\/c914db20-00a4-4300-a0b2-40d80f9892d9.jpg'><img loading=\"lazy\" decoding=\"async\" width=\"150\" height=\"150\" src=\"https:\/\/www.radiopiu.net\/wordpress\/wp-content\/uploads\/2023\/02\/c914db20-00a4-4300-a0b2-40d80f9892d9-150x150.jpg\" class=\"attachment-thumbnail size-thumbnail\" alt=\"\" \/><\/a>\n\t\t\t\t<\/dt><\/dl><br style=\"clear: both\" \/>\n\t\t\t<\/div>\n\n<p><strong>IL VIDEO<\/strong><\/p>\n<div style=\"width: 848px;\" class=\"wp-video\"><video class=\"wp-video-shortcode\" id=\"video-321529-3\" width=\"848\" height=\"480\" preload=\"metadata\" controls=\"controls\"><source type=\"video\/mp4\" src=\"https:\/\/www.radiopiu.net\/wordpress\/wp-content\/uploads\/2023\/02\/WhatsApp-Video-2023-02-12-at-17.45.23.mp4?_=3\" \/><a href=\"https:\/\/www.radiopiu.net\/wordpress\/wp-content\/uploads\/2023\/02\/WhatsApp-Video-2023-02-12-at-17.45.23.mp4\">https:\/\/www.radiopiu.net\/wordpress\/wp-content\/uploads\/2023\/02\/WhatsApp-Video-2023-02-12-at-17.45.23.mp4<\/a><\/video><\/div>\n<p>&nbsp;<\/p>\n<p>&nbsp;<\/p>\n<blockquote>\n<h3>IL VIDEO SI SERENA SOPPERA<\/h3>\n<\/blockquote>\n<p><iframe loading=\"lazy\" title=\"Carneval de le vai: RIVAMONTE AGORDINO\" width=\"1200\" height=\"675\" src=\"https:\/\/www.youtube.com\/embed\/hkbacUAgWXQ?feature=oembed\" frameborder=\"0\" allow=\"accelerometer; autoplay; clipboard-write; encrypted-media; gyroscope; picture-in-picture; web-share\" allowfullscreen><\/iframe><\/p>\n<p>&nbsp;<\/p>\n<p>&nbsp;<\/p>\n<hr \/>\n<p>&nbsp;<\/p>\n<blockquote>\n<h3>TATTOO DA PRIMO PREMIO PER LA BELLUNESE CATERINA MOLIN<\/h3>\n<\/blockquote>\n<p><b><strong><img loading=\"lazy\" decoding=\"async\" class=\"alignleft\" src=\"https:\/\/www.radiopiu.net\/wordpress\/wp-content\/uploads\/2019\/07\/Senza-nome.jpg\" width=\"125\" height=\"145\" \/>MILANO<\/strong><\/b> Una convention di Tattoo, nella capitale della moda per essere precisi, nel centro di Milano. I migliori tatuatori italiani si sono sfidati nella loro arte. Primo premio per una bellunese, Caterina Molin all&#8217;ennessimo successo nei contest che contano. La ragazza, di Belluno, ormai da anni si sta facendo notare, lo scorso maggio aveva ottenuto il secondo premio al Color Milano Tatuami, il primo nel 2021 al best small tattoo black e l&#8217;anno prima altro primo posto a Gallipoli nel tattoo young prodiges.<\/p>\n<p>&nbsp;<\/p>\n\n\t\t\t<style type='text\/css'>\n\t\t\t\t#gallery-8 {\n\t\t\t\t\tmargin: auto;\n\t\t\t\t}\n\t\t\t\t#gallery-8 .gallery-item {\n\t\t\t\t\tfloat: left;\n\t\t\t\t\tmargin-top: 10px;\n\t\t\t\t\ttext-align: center;\n\t\t\t\t\twidth: 33%;\n\t\t\t\t}\n\t\t\t\t#gallery-8 img {\n\t\t\t\t\tborder: 2px solid #cfcfcf;\n\t\t\t\t}\n\t\t\t\t#gallery-8 .gallery-caption {\n\t\t\t\t\tmargin-left: 0;\n\t\t\t\t}\n\t\t\t\t\/* see gallery_shortcode() in wp-includes\/media.php *\/\n\t\t\t<\/style>\n\t\t<div id='gallery-8' class='dt-gallery-container gallery galleryid-321529 gallery-columns-3 gallery-size-thumbnail'><dl class='gallery-item'>\n\t\t\t\t<dt class='gallery-icon portrait'>\n\t\t\t\t\t<a class=\"rollover rollover-zoom dt-pswp-item\" title=\"47246631-30d9-4d9e-b872-ca53e50951eb\" data-dt-img-description=\"\" data-large_image_width=\"768\" data-large_image_height=\"1024\"href='https:\/\/www.radiopiu.net\/wordpress\/wp-content\/uploads\/2019\/07\/47246631-30d9-4d9e-b872-ca53e50951eb.jpg'><img loading=\"lazy\" decoding=\"async\" width=\"150\" height=\"150\" src=\"https:\/\/www.radiopiu.net\/wordpress\/wp-content\/uploads\/2019\/07\/47246631-30d9-4d9e-b872-ca53e50951eb-150x150.jpg\" class=\"attachment-thumbnail size-thumbnail\" alt=\"\" \/><\/a>\n\t\t\t\t<\/dt><\/dl><dl class='gallery-item'>\n\t\t\t\t<dt class='gallery-icon portrait'>\n\t\t\t\t\t<a class=\"rollover rollover-zoom dt-pswp-item\" title=\"f28dd263-48b3-4c33-ae1a-37579717ce2b\" data-dt-img-description=\"\" data-large_image_width=\"768\" data-large_image_height=\"1024\"href='https:\/\/www.radiopiu.net\/wordpress\/wp-content\/uploads\/2019\/07\/f28dd263-48b3-4c33-ae1a-37579717ce2b.jpg'><img loading=\"lazy\" decoding=\"async\" width=\"150\" height=\"150\" src=\"https:\/\/www.radiopiu.net\/wordpress\/wp-content\/uploads\/2019\/07\/f28dd263-48b3-4c33-ae1a-37579717ce2b-150x150.jpg\" class=\"attachment-thumbnail size-thumbnail\" alt=\"\" \/><\/a>\n\t\t\t\t<\/dt><\/dl><dl class='gallery-item'>\n\t\t\t\t<dt class='gallery-icon portrait'>\n\t\t\t\t\t<a class=\"rollover rollover-zoom dt-pswp-item\" title=\"fe2169c6-18d7-4b5b-b081-9de2dd38037d\" data-dt-img-description=\"\" data-large_image_width=\"768\" data-large_image_height=\"1024\"href='https:\/\/www.radiopiu.net\/wordpress\/wp-content\/uploads\/2019\/07\/fe2169c6-18d7-4b5b-b081-9de2dd38037d.jpg'><img loading=\"lazy\" decoding=\"async\" width=\"150\" height=\"150\" src=\"https:\/\/www.radiopiu.net\/wordpress\/wp-content\/uploads\/2019\/07\/fe2169c6-18d7-4b5b-b081-9de2dd38037d-150x150.jpg\" class=\"attachment-thumbnail size-thumbnail\" alt=\"\" \/><\/a>\n\t\t\t\t<\/dt><\/dl><br style=\"clear: both\" \/>\n\t\t\t<\/div>\n\n<h2>L&#8217;INTERVISTA ALLA RADIO, di Mirko Mezzacasa<\/h2>\n<audio class=\"wp-audio-shortcode\" id=\"audio-321529-5\" preload=\"none\" style=\"width: 100%;\" controls=\"controls\"><source type=\"audio\/mpeg\" src=\"https:\/\/www.radiopiu.net\/wordpress\/wp-content\/uploads\/2023\/02\/CATERINA.mp3?_=5\" \/><a href=\"https:\/\/www.radiopiu.net\/wordpress\/wp-content\/uploads\/2023\/02\/CATERINA.mp3\">https:\/\/www.radiopiu.net\/wordpress\/wp-content\/uploads\/2023\/02\/CATERINA.mp3<\/a><\/audio>\n<h2><\/h2>\n<hr \/>\n<p>&nbsp;<\/p>\n<h2><span style=\"color: #ff0000;\"><a class=\"dt-pswp-item\" href=\"https:\/\/www.radiopiu.net\/wordpress\/wp-content\/uploads\/2023\/02\/03_PascalFevrail.png\" data-dt-img-description=\"\" data-large_image_width=\"2872\" data-large_image_height=\"3000\"><img loading=\"lazy\" decoding=\"async\" class=\" wp-image-321716 alignleft\" src=\"https:\/\/www.radiopiu.net\/wordpress\/wp-content\/uploads\/2023\/02\/03_PascalFevrail-287x300.png\" alt=\"\" width=\"138\" height=\"144\" srcset=\"https:\/\/www.radiopiu.net\/wordpress\/wp-content\/uploads\/2023\/02\/03_PascalFevrail-287x300.png 287w, https:\/\/www.radiopiu.net\/wordpress\/wp-content\/uploads\/2023\/02\/03_PascalFevrail-980x1024.png 980w, https:\/\/www.radiopiu.net\/wordpress\/wp-content\/uploads\/2023\/02\/03_PascalFevrail-768x802.png 768w, https:\/\/www.radiopiu.net\/wordpress\/wp-content\/uploads\/2023\/02\/03_PascalFevrail-1470x1536.png 1470w, https:\/\/www.radiopiu.net\/wordpress\/wp-content\/uploads\/2023\/02\/03_PascalFevrail-1961x2048.png 1961w\" sizes=\"auto, (max-width: 138px) 100vw, 138px\" \/><\/a>DAL CORRIERE DELLE ALPI<\/span><\/h2>\n<h2><span style=\"color: #0000ff;\">VIVERE L&#8217;AGORDINO<\/span><\/h2>\n<h3>PASCAL FERVAIL, IL BELGA CHE SI E&#8217; TRASFERITO A FALCADE PER VIVERE LA SUA VITA<\/h3>\n<p>DI GIANNI SANTOMASO<\/p>\n<p><a class=\"dt-pswp-item\" href=\"https:\/\/www.radiopiu.net\/wordpress\/wp-content\/uploads\/2023\/02\/coperta2-1.jpg\" data-dt-img-description=\"\" data-large_image_width=\"418\" data-large_image_height=\"225\"><img loading=\"lazy\" decoding=\"async\" class=\"size-medium wp-image-321790 aligncenter\" src=\"https:\/\/www.radiopiu.net\/wordpress\/wp-content\/uploads\/2023\/02\/coperta2-1-300x161.jpg\" alt=\"\" width=\"300\" height=\"161\" srcset=\"https:\/\/www.radiopiu.net\/wordpress\/wp-content\/uploads\/2023\/02\/coperta2-1-300x161.jpg 300w, https:\/\/www.radiopiu.net\/wordpress\/wp-content\/uploads\/2023\/02\/coperta2-1.jpg 418w\" sizes=\"auto, (max-width: 300px) 100vw, 300px\" \/><\/a><\/p>\n<p>&nbsp;<\/p>\n<hr \/>\n<p>&nbsp;<\/p>\n<blockquote>\n<h3>BILANCI E CONVENZIONI NEL CONSIGLIO COMUNALE<\/h3>\n<\/blockquote>\n<p><strong>TAIBON<\/strong> Il sindaco Silvia Tormen ha convocato il consiglio comunale per mercoledi alle 18. All&#8217;ordine del giorno, tra l&#8217;altro: approvazione della convenzione con l&#8217;Unione Montana per la gestione in forma associata del comitato unico di garanzia per le pari opportunit\u00e0; approvazione dei bilanci dell&#8217;azienda speciale multiservizi ;addizionale Irpef e Imu, conferma aliquote.<\/p>\n<p>&nbsp;<\/p>\n<hr \/>\n<p>&nbsp;<\/p>\n<blockquote>\n<h3>GIOVEDI IN SALA DON TAMIS I CONSIGLIERI DELL&#8217;UNIONE MONTANA<\/h3>\n<\/blockquote>\n<p><strong>AGORDO<\/strong> Il Presidente Paolo Frena ha convocato i consiglieri per giovedi alle 20. All&#8217;ordine del giorno il DUP e anche l&#8217;approvazione del bilancio di previsione. In discussione anche i regolamenti di contabilit\u00e0 e controlli interni.<\/p>\n<p>&nbsp;<\/p>\n<p>&nbsp;<\/p>\n<hr \/>\n<p>&nbsp;<\/p>\n<blockquote>\n<h3>CAUSA COVID, ANCHE NEL VENETO LE CODE AGLI SPORTELLI PUBBLICI SONO IN CALO<\/h3>\n<\/blockquote>\n<p>Al Covid almeno una cosa \u201cpositiva\u201d, si fa per dire, dobbiamo riconoscergliela: in questi ultimi anni \u00e8 stato \u201cdeterminante\u201d nel ridurre le file agli sportelli pubblici. Secondo un\u2019elaborazione dell\u2019Ufficio studi della CGIA su dati Istat, infatti, tra il 2019 e il 2021 il numero di cittadini veneti che ha dichiarato di aver atteso pi\u00f9 di 20 minuti davanti al bancone dell\u2019ufficio anagrafe \u00e8 sceso del 14,8 per cento, presso quello di una ASL, invece, del 27,5 per cento. Idealmente, chi si \u00e8 recato dopo due anni nel proprio ufficio anagrafe ha davanti a s\u00e9 tre persone in meno, per prenotare una visita e\/o una prestazione di laboratorio presso l\u2019azienda ospedaliera, invece, la coda si \u00e8 accorciata di 11 persone (vedi Tab. 1). Pi\u00f9 in generale, possiamo affermare che le performance relative alle nostre amministrazioni locali emerse in questa indagine sono tra le migliori d\u2019Italia. Ovviamente, secondo l\u2019Ufficio studi della CGIA, queste contrazioni che si sono registrate anche in Veneto sono, in massima parte, riconducibili al fatto che con la pandemia quasi tutti gli uffici delle amministrazioni comunali <em>front office<\/em> hanno deciso di lavorare su appuntamento. Negli ospedali, invece, a causa del Covid, gli ingressi sono stati contingentati, contribuendo a diminuire le presenze complessive. Altres\u00ec, grazie al potenziamento dei call center telefonici e dei sevizi offerti attraverso il sito internet &#8211; come i pagamenti, le prenotazioni on line delle visite, delle prestazioni ambulatoriali e il ritiro dei referti\/certificati \u2013 le strutture ospedaliere hanno contribuito a diminuire ulteriormente l\u2019affluenza ai propri sportelli.<\/p>\n<p><strong>Solo il 28% delle amministrazioni locali consente le pratiche on line<\/strong><\/p>\n<p>Secondo una recente indagine realizzata dalla Banca d\u2019Italia, a livello nazionale solo il 28 per cento degli enti locali intervistati\u00a0consente agli utenti di completare on line le pratiche amministrative e, se richiesto, di effettuare il pagamento via web. Sebbene non ci siano\u00a0 dati regionali, il Veneto dovrebbe comunque registrare un valore nettamente superiore alla media nazionale. Tuttavia, nonostante lo sforzo profuso in questi ultimi 2-3 anni, come l\u2019introduzione del PagoPa, il grado di sofisticazione dell\u2019offerta digitale delle amministrazioni locali rimane ancora modesto. Si pensi che la posta cartacea continua ad avere un utilizzo rilevante: circa l\u201980 per cento degli enti a livello nazionale ne fa ancora ricorso nei rapporti con l\u2019utenza, anche perch\u00e9 sono pochissimi i cittadini a possedere un indirizzo di posta elettronica certificata. Non solo, con una popolazione sempre pi\u00f9 anziana e con poca familiarit\u00e0 con i prodotti tech, \u00e8 evidente che il processo di digitalizzazione della PA nei confronti dei cittadini debba comunque avvenire in modo graduale.<\/p>\n<p><strong>Il confronto con gli altri<\/strong><\/p>\n<p>Ad eccezione del Molise, le performance di tutte le ASL stanno migliorando, anche se le situazioni pi\u00f9 difficili caratterizzano il Centro-Sud. Nel 2021 i tempi d\u2019attesa pi\u00f9 lunghi si sono verificati in Campania (60,6 persone ogni 100 che si sono recate presso una struttura sanitaria hanno atteso pi\u00f9 di 20 minuti), in Molise (65,5), in Sicilia e, in particolar modo, in Calabria (65,9).Le code agli uffici anagrafe, invece, si sono fatte \u201csentire\u201d in particolar modo nei Comuni ubicati in Puglia (33,2 persone ogni 100 hanno denunciato di aver atteso oltre 20 minuti), Campania (34,1), in Sicilia (44,4) e, soprattutto, nel Lazio\u00a0 (44,9). Tra le realt\u00e0 regionali pi\u00f9 virtuose notiamo, in entrambi i casi, il Friuli Venezia Giulia, la Valle d\u2019Aosta e, in particolare, il Trentino Alto Adige (vedi Tab.2). I ritardi e le inefficienze che caratterizzano la nostra Pubblica Amministrazione (PA) in alcune aree del Paese, non sono comunque ascrivibili solo alla cattiva organizzazione della stessa.\u00a0 Ancorch\u00e9, il processo di informatizzazione fatichi a diffondersi con successo nella nostra PA, le criticit\u00e0 che si verificano in certi territori vanno ricercate negli effetti che caratterizzano moltissime leggi, decreti e circolari che, spesso in contraddizione tra loro, hanno aumentato a dismisura la burocrazia, complicando non solo la vita dei cittadini e delle imprese, ma anche quella dei dipendenti pubblici.<\/p>\n<p>&nbsp;<\/p>\n<p>&nbsp;<\/p>\n\n\t\t\t<style type='text\/css'>\n\t\t\t\t#gallery-9 {\n\t\t\t\t\tmargin: auto;\n\t\t\t\t}\n\t\t\t\t#gallery-9 .gallery-item {\n\t\t\t\t\tfloat: left;\n\t\t\t\t\tmargin-top: 10px;\n\t\t\t\t\ttext-align: center;\n\t\t\t\t\twidth: 50%;\n\t\t\t\t}\n\t\t\t\t#gallery-9 img {\n\t\t\t\t\tborder: 2px solid #cfcfcf;\n\t\t\t\t}\n\t\t\t\t#gallery-9 .gallery-caption {\n\t\t\t\t\tmargin-left: 0;\n\t\t\t\t}\n\t\t\t\t\/* see gallery_shortcode() in wp-includes\/media.php *\/\n\t\t\t<\/style>\n\t\t<div id='gallery-9' class='dt-gallery-container gallery galleryid-321529 gallery-columns-2 gallery-size-medium'><dl class='gallery-item'>\n\t\t\t\t<dt class='gallery-icon landscape'>\n\t\t\t\t\t<a class=\"rollover rollover-zoom dt-pswp-item\" title=\"1\" data-dt-img-description=\"\" data-large_image_width=\"715\" data-large_image_height=\"588\"href='https:\/\/www.radiopiu.net\/wordpress\/wp-content\/uploads\/2023\/02\/1.png'><img loading=\"lazy\" decoding=\"async\" width=\"300\" height=\"247\" src=\"https:\/\/www.radiopiu.net\/wordpress\/wp-content\/uploads\/2023\/02\/1-300x247.png\" class=\"attachment-medium size-medium\" alt=\"\" srcset=\"https:\/\/www.radiopiu.net\/wordpress\/wp-content\/uploads\/2023\/02\/1-300x247.png 300w, https:\/\/www.radiopiu.net\/wordpress\/wp-content\/uploads\/2023\/02\/1.png 715w\" sizes=\"auto, (max-width: 300px) 100vw, 300px\" \/><\/a>\n\t\t\t\t<\/dt><\/dl><dl class='gallery-item'>\n\t\t\t\t<dt class='gallery-icon landscape'>\n\t\t\t\t\t<a class=\"rollover rollover-zoom dt-pswp-item\" title=\"2\" data-dt-img-description=\"\" data-large_image_width=\"708\" data-large_image_height=\"601\"href='https:\/\/www.radiopiu.net\/wordpress\/wp-content\/uploads\/2023\/02\/2.png'><img loading=\"lazy\" decoding=\"async\" width=\"300\" height=\"255\" src=\"https:\/\/www.radiopiu.net\/wordpress\/wp-content\/uploads\/2023\/02\/2-300x255.png\" class=\"attachment-medium size-medium\" alt=\"\" srcset=\"https:\/\/www.radiopiu.net\/wordpress\/wp-content\/uploads\/2023\/02\/2-300x255.png 300w, https:\/\/www.radiopiu.net\/wordpress\/wp-content\/uploads\/2023\/02\/2.png 708w\" sizes=\"auto, (max-width: 300px) 100vw, 300px\" \/><\/a>\n\t\t\t\t<\/dt><\/dl><br style=\"clear: both\" \/>\n\t\t\t<\/div>\n\n<p>&nbsp;<\/p>\n<p>&nbsp;<\/p>\n<hr \/>\n<p>&nbsp;<\/p>\n<blockquote>\n<h3>CHIUSURA A CASA SANREMO, CON GELATO, VINI, MUSICA E CINEMA<\/h3>\n<\/blockquote>\n<p><strong>SANREMO <\/strong>\u00abCasa Sanremo \u00e8 stata una vetrina eccezionale, un trampolino di lancio per il brand Dolomiti Bellunesi. E ci ha dato una consapevolezza in pi\u00f9: la nostra provincia \u00e8 pronta a farsi conoscere e in questi giorni ha raccolto interessi diffusi\u00bb. Lo dice il consigliere provinciale delegato al turismo, Danilo De Toni, nella giornata di chiusura dell\u2019area Dolomiti Bellunesi a Casa Sanremo, al termine di una settimana che ha mostrato le eccellenze del territorio bellunese. Non \u00e8 stata per\u00f2 una giornata solo di bilanci, ma di grande attivit\u00e0, in attesa della finalissima dell\u2019Ariston, che dista appena duecento metri dallo spazio rosa delle Dolomiti Bellunesi. La mattinata di \u201cBuongiorno Sanremo\u201d \u00e8 iniziata con il cinema. Sono state illustrate le produzioni cinematografiche che hanno scelto il Bellunese come location, dalla fortunata serie Rai \u201cUn passo dal cielo\u201d a \u201cImprovvisamente Natale\u201d, l\u2019ultimo cine-panettone di Abatantuono, girato a San Vito di Cadore. \u00abIn inverno verr\u00e0 girato il sequel\u00bb ha spiegato in diretta su Casa Sanremo tv il sindaco di San Vito, Emanuele Caruzzo. \u00abIl nostro territorio, anche se scoperto solo da poco, \u00e8 molto apprezzato dalle produzioni cinematografiche\u00bb. E proprio su questo apprezzamento sta operando la Dmo Dolomiti, che intende coltivare la vocazione per il cinema delle diverse aree della provincia. \u00abSiamo al lavoro con la Veneto Film Commission per continuare a portare il cinema &#8211; ha detto Michele Basso, direttore della Dmo -. Il nostro territorio \u00e8 un set a cielo aperto e l\u2019analisi dei click su Google alla ricerca delle nostre localit\u00e0 mostra un sensibile aumento dopo l\u2019uscita di film e serie tv\u00bb. Dopo il cinema, spazio alla musica, con il cantautore bellunese Alvise Bortolini che ha suonato \u201c\u00c8 la radio\u201d, brano tratto dal suo ultimo album; e con le ragazze di Cab (Collettivo arti urbane) esibitesi in uno spettacolo di danza. Gran chiusura con i vini bellunesi, illustrati dalla sommelier Sebastiana Coppe, e con il gelato artigianale, preparato dai maestri gelatieri Marco Reato e Carolina Da Rold. Per l\u2019ultima giornata, \u00e8 stato proposto il gusto tutto bellunese al formaggio Piave con pere spadellate. \u00ab\u00c8 stata una settimana di grande lavoro, in uno spazio che ha visto crescere di giorno in giorno l\u2019interesse e la riconoscibilit\u00e0 delle Dolomiti Bellunesi, apprezzate da giornalisti e vip soprattutto per la cucina\u00bb conclude il consigliere De Toni. \u00abQui, all\u2019interno dell\u2019evento di spettacolo pi\u00f9 importante d\u2019Italia, \u00e8 stato messo a terra un lavoro che ha visto collaborare attivamente Provincia, Dmo, Regione Veneto, Camera di Commercio, categorie e imprese. Il risultato finale lo vedremo nel medio lungo termine, ma fin da ora possiamo portarci a casa un grande lavoro di squadra indispensabile per le prossime azioni di promozione, che certo non si chiudono qui. Sanremo \u00e8 stato il debutto del brand e luned\u00ec ci sar\u00e0 la presentazione ufficiale, con anche il nuovo sito internet, alla Bit di Milano\u00bb.<\/p>\n<p>&nbsp;<\/p>\n<blockquote>\n<h3>DOLOMITI BELLUNESI A CASA SANREMO, PER BOTTACIN UN&#8217;OTTIMA VETRINA PER IL TERRITORIO<\/h3>\n<\/blockquote>\n<p><strong><a class=\"dt-pswp-item\" href=\"https:\/\/www.radiopiu.net\/wordpress\/wp-content\/uploads\/2023\/02\/DSC05274-scaled.jpg\" data-dt-img-description=\"\" data-large_image_width=\"2560\" data-large_image_height=\"1600\"><img loading=\"lazy\" decoding=\"async\" class=\" wp-image-320635 alignleft\" src=\"https:\/\/www.radiopiu.net\/wordpress\/wp-content\/uploads\/2023\/02\/DSC05274-300x187.jpg\" alt=\"\" width=\"181\" height=\"113\" srcset=\"https:\/\/www.radiopiu.net\/wordpress\/wp-content\/uploads\/2023\/02\/DSC05274-300x187.jpg 300w, https:\/\/www.radiopiu.net\/wordpress\/wp-content\/uploads\/2023\/02\/DSC05274-1024x640.jpg 1024w, https:\/\/www.radiopiu.net\/wordpress\/wp-content\/uploads\/2023\/02\/DSC05274-768x480.jpg 768w, https:\/\/www.radiopiu.net\/wordpress\/wp-content\/uploads\/2023\/02\/DSC05274-1536x960.jpg 1536w, https:\/\/www.radiopiu.net\/wordpress\/wp-content\/uploads\/2023\/02\/DSC05274-2048x1280.jpg 2048w\" sizes=\"auto, (max-width: 181px) 100vw, 181px\" \/><\/a>VENEZIA<\/strong> L&#8217;Assessore Regionale Gianpaolo Bottacin \u00e8 convinto. L&#8217;esperienza della provincia di Belluno a Casa Sanremo \u00e8 stata molto positiva. Un progetto a cui ha partecipato anche la Regione Veneto e che ha avuto successo nelle giornate del Festival di Sanremo.<\/p>\n<p><strong>GIANPAOLO BOTTACIN, ASSESSORE REGIONALE<\/strong><\/p>\n<audio class=\"wp-audio-shortcode\" id=\"audio-321529-6\" preload=\"none\" style=\"width: 100%;\" controls=\"controls\"><source type=\"audio\/mpeg\" src=\"https:\/\/www.radiopiu.net\/wordpress\/wp-content\/uploads\/2023\/02\/BOTTACIN-CASA-SANREMO.mp3?_=6\" \/><a href=\"https:\/\/www.radiopiu.net\/wordpress\/wp-content\/uploads\/2023\/02\/BOTTACIN-CASA-SANREMO.mp3\">https:\/\/www.radiopiu.net\/wordpress\/wp-content\/uploads\/2023\/02\/BOTTACIN-CASA-SANREMO.mp3<\/a><\/audio>\n<p>&nbsp;<\/p>\n<blockquote>\n<h3>A SANREMO TRA LE DOLOMITI CON LE RADIO BELLUNESI<\/h3>\n<\/blockquote>\n<blockquote>\n<h3><span style=\"color: #ff0000;\">PAGINA IN AGGIORNAMENTO QUOTIDIANO, A CURA DELLE RADIO BELLUNESI, RADIO BELLUNO, RADIO CLUB 103, RADIO PIU&#8217; EMITTENTE AGORDINA<\/span><\/h3>\n<\/blockquote>\n<p>&nbsp;<\/p>\n<p><strong><span style=\"color: #0000ff;\">LA SETTIMA E ULTIMA PUNTATA,<\/span> 12 FEBBRAIO 2023, con Barbara Paolazzi. RADIOCLUB103 da Sanremo Lapo Pretelli<\/strong><\/p>\n<audio class=\"wp-audio-shortcode\" id=\"audio-321529-7\" preload=\"none\" style=\"width: 100%;\" controls=\"controls\"><source type=\"audio\/mpeg\" src=\"https:\/\/www.radiopiu.net\/wordpress\/wp-content\/uploads\/2023\/02\/DIRETTA_11_2_23_OKb4z9w.mp3?_=7\" \/><a href=\"https:\/\/www.radiopiu.net\/wordpress\/wp-content\/uploads\/2023\/02\/DIRETTA_11_2_23_OKb4z9w.mp3\">https:\/\/www.radiopiu.net\/wordpress\/wp-content\/uploads\/2023\/02\/DIRETTA_11_2_23_OKb4z9w.mp3<\/a><\/audio>\n\n\t\t\t<style type='text\/css'>\n\t\t\t\t#gallery-10 {\n\t\t\t\t\tmargin: auto;\n\t\t\t\t}\n\t\t\t\t#gallery-10 .gallery-item {\n\t\t\t\t\tfloat: left;\n\t\t\t\t\tmargin-top: 10px;\n\t\t\t\t\ttext-align: center;\n\t\t\t\t\twidth: 25%;\n\t\t\t\t}\n\t\t\t\t#gallery-10 img {\n\t\t\t\t\tborder: 2px solid #cfcfcf;\n\t\t\t\t}\n\t\t\t\t#gallery-10 .gallery-caption {\n\t\t\t\t\tmargin-left: 0;\n\t\t\t\t}\n\t\t\t\t\/* see gallery_shortcode() in wp-includes\/media.php *\/\n\t\t\t<\/style>\n\t\t<div id='gallery-10' class='dt-gallery-container gallery galleryid-321529 gallery-columns-4 gallery-size-medium'><dl class='gallery-item'>\n\t\t\t\t<dt class='gallery-icon landscape'>\n\t\t\t\t\t<a class=\"rollover rollover-zoom dt-pswp-item\" title=\"Buongiorno Sanremo De Toni\" data-dt-img-description=\"\" data-large_image_width=\"2560\" data-large_image_height=\"1707\"href='https:\/\/www.radiopiu.net\/wordpress\/wp-content\/uploads\/2023\/02\/Buongiorno-Sanremo-De-Toni-scaled.jpg'><img loading=\"lazy\" decoding=\"async\" width=\"300\" height=\"200\" src=\"https:\/\/www.radiopiu.net\/wordpress\/wp-content\/uploads\/2023\/02\/Buongiorno-Sanremo-De-Toni-300x200.jpg\" class=\"attachment-medium size-medium\" alt=\"\" srcset=\"https:\/\/www.radiopiu.net\/wordpress\/wp-content\/uploads\/2023\/02\/Buongiorno-Sanremo-De-Toni-300x200.jpg 300w, https:\/\/www.radiopiu.net\/wordpress\/wp-content\/uploads\/2023\/02\/Buongiorno-Sanremo-De-Toni-1024x683.jpg 1024w, https:\/\/www.radiopiu.net\/wordpress\/wp-content\/uploads\/2023\/02\/Buongiorno-Sanremo-De-Toni-768x512.jpg 768w, https:\/\/www.radiopiu.net\/wordpress\/wp-content\/uploads\/2023\/02\/Buongiorno-Sanremo-De-Toni-1536x1024.jpg 1536w, https:\/\/www.radiopiu.net\/wordpress\/wp-content\/uploads\/2023\/02\/Buongiorno-Sanremo-De-Toni-2048x1365.jpg 2048w\" sizes=\"auto, (max-width: 300px) 100vw, 300px\" \/><\/a>\n\t\t\t\t<\/dt><\/dl><dl class='gallery-item'>\n\t\t\t\t<dt class='gallery-icon landscape'>\n\t\t\t\t\t<a class=\"rollover rollover-zoom dt-pswp-item\" title=\"foto di gruppo Dolomiti Bellunesi\" data-dt-img-description=\"\" data-large_image_width=\"2560\" data-large_image_height=\"1707\"href='https:\/\/www.radiopiu.net\/wordpress\/wp-content\/uploads\/2023\/02\/foto-di-gruppo-Dolomiti-Bellunesi-scaled.jpg'><img loading=\"lazy\" decoding=\"async\" width=\"300\" height=\"200\" src=\"https:\/\/www.radiopiu.net\/wordpress\/wp-content\/uploads\/2023\/02\/foto-di-gruppo-Dolomiti-Bellunesi-300x200.jpg\" class=\"attachment-medium size-medium\" alt=\"\" srcset=\"https:\/\/www.radiopiu.net\/wordpress\/wp-content\/uploads\/2023\/02\/foto-di-gruppo-Dolomiti-Bellunesi-300x200.jpg 300w, https:\/\/www.radiopiu.net\/wordpress\/wp-content\/uploads\/2023\/02\/foto-di-gruppo-Dolomiti-Bellunesi-1024x683.jpg 1024w, https:\/\/www.radiopiu.net\/wordpress\/wp-content\/uploads\/2023\/02\/foto-di-gruppo-Dolomiti-Bellunesi-768x512.jpg 768w, https:\/\/www.radiopiu.net\/wordpress\/wp-content\/uploads\/2023\/02\/foto-di-gruppo-Dolomiti-Bellunesi-1536x1024.jpg 1536w, https:\/\/www.radiopiu.net\/wordpress\/wp-content\/uploads\/2023\/02\/foto-di-gruppo-Dolomiti-Bellunesi-2048x1365.jpg 2048w\" sizes=\"auto, (max-width: 300px) 100vw, 300px\" \/><\/a>\n\t\t\t\t<\/dt><\/dl><dl class='gallery-item'>\n\t\t\t\t<dt class='gallery-icon landscape'>\n\t\t\t\t\t<a class=\"rollover rollover-zoom dt-pswp-item\" title=\"Buongiorno Sanremo Basso e Caruzzo\" data-dt-img-description=\"\" data-large_image_width=\"2560\" data-large_image_height=\"1707\"href='https:\/\/www.radiopiu.net\/wordpress\/wp-content\/uploads\/2023\/02\/Buongiorno-Sanremo-Basso-e-Caruzzo-scaled.jpg'><img loading=\"lazy\" decoding=\"async\" width=\"300\" height=\"200\" src=\"https:\/\/www.radiopiu.net\/wordpress\/wp-content\/uploads\/2023\/02\/Buongiorno-Sanremo-Basso-e-Caruzzo-300x200.jpg\" class=\"attachment-medium size-medium\" alt=\"\" srcset=\"https:\/\/www.radiopiu.net\/wordpress\/wp-content\/uploads\/2023\/02\/Buongiorno-Sanremo-Basso-e-Caruzzo-300x200.jpg 300w, https:\/\/www.radiopiu.net\/wordpress\/wp-content\/uploads\/2023\/02\/Buongiorno-Sanremo-Basso-e-Caruzzo-1024x683.jpg 1024w, https:\/\/www.radiopiu.net\/wordpress\/wp-content\/uploads\/2023\/02\/Buongiorno-Sanremo-Basso-e-Caruzzo-768x512.jpg 768w, https:\/\/www.radiopiu.net\/wordpress\/wp-content\/uploads\/2023\/02\/Buongiorno-Sanremo-Basso-e-Caruzzo-1536x1024.jpg 1536w, https:\/\/www.radiopiu.net\/wordpress\/wp-content\/uploads\/2023\/02\/Buongiorno-Sanremo-Basso-e-Caruzzo-2048x1365.jpg 2048w\" sizes=\"auto, (max-width: 300px) 100vw, 300px\" \/><\/a>\n\t\t\t\t<\/dt><\/dl><dl class='gallery-item'>\n\t\t\t\t<dt class='gallery-icon landscape'>\n\t\t\t\t\t<a class=\"rollover rollover-zoom dt-pswp-item\" title=\"Alvise Bortolini\" data-dt-img-description=\"\" data-large_image_width=\"2560\" data-large_image_height=\"1707\"href='https:\/\/www.radiopiu.net\/wordpress\/wp-content\/uploads\/2023\/02\/Alvise-Bortolini-scaled.jpg'><img loading=\"lazy\" decoding=\"async\" width=\"300\" height=\"200\" src=\"https:\/\/www.radiopiu.net\/wordpress\/wp-content\/uploads\/2023\/02\/Alvise-Bortolini-300x200.jpg\" class=\"attachment-medium size-medium\" alt=\"\" srcset=\"https:\/\/www.radiopiu.net\/wordpress\/wp-content\/uploads\/2023\/02\/Alvise-Bortolini-300x200.jpg 300w, https:\/\/www.radiopiu.net\/wordpress\/wp-content\/uploads\/2023\/02\/Alvise-Bortolini-1024x683.jpg 1024w, https:\/\/www.radiopiu.net\/wordpress\/wp-content\/uploads\/2023\/02\/Alvise-Bortolini-768x512.jpg 768w, https:\/\/www.radiopiu.net\/wordpress\/wp-content\/uploads\/2023\/02\/Alvise-Bortolini-1536x1024.jpg 1536w, https:\/\/www.radiopiu.net\/wordpress\/wp-content\/uploads\/2023\/02\/Alvise-Bortolini-2048x1365.jpg 2048w\" sizes=\"auto, (max-width: 300px) 100vw, 300px\" \/><\/a>\n\t\t\t\t<\/dt><\/dl><br style=\"clear: both\" \/>\n\t\t\t<\/div>\n\n<p>&nbsp;<\/p>\n<hr \/>\n<p>&nbsp;<\/p>\n<blockquote class=\"wp-embedded-content\" data-secret=\"b6DPRIxhJH\"><p><a href=\"https:\/\/www.radiopiu.net\/wordpress\/il-terremoto-bellunese-del-1873-raccontato-da-tiziano-de-col\/\">IL TERREMOTO BELLUNESE DEL 1873 RACCONTATO DA TIZIANO DE COL<\/a><\/p><\/blockquote>\n<p><iframe loading=\"lazy\" class=\"wp-embedded-content\" sandbox=\"allow-scripts\" security=\"restricted\" style=\"position: absolute; clip: rect(1px, 1px, 1px, 1px);\" title=\"&#8220;IL TERREMOTO BELLUNESE DEL 1873 RACCONTATO DA TIZIANO DE COL&#8221; &#8212; Radio Pi\u00f9\" src=\"https:\/\/www.radiopiu.net\/wordpress\/il-terremoto-bellunese-del-1873-raccontato-da-tiziano-de-col\/embed\/#?secret=b26nDiBt29#?secret=b6DPRIxhJH\" data-secret=\"b6DPRIxhJH\" width=\"600\" height=\"338\" frameborder=\"0\" marginwidth=\"0\" marginheight=\"0\" scrolling=\"no\"><\/iframe><\/p>\n<p>&nbsp;<\/p>\n<p>&nbsp;<\/p>\n<hr \/>\n<p>&nbsp;<\/p>\n<h3>GIORGIA RACCONTA LA RINASCITA, L&#8217;APPUNTAMENTO CON GENITORI SEMPRE<\/h3>\n<p><em>&#8220;NO ALL&#8217;USO DI DROGHE, SI AL DIVERTIMENTO SICURO&#8221;, a conclusione di un percorso tra le scuole della vallata: VENERDI 17 FEBBRAIO ALLE 20.30 IN SALA DON TAMIS AD AGORDO, L&#8217;INCONTRO PER GENITORI E LA COMUNITA&#8217;, PRESENTATO DA GIANPAOLO SORATROI, CON GIORGIA BENUSIGLIO, SCRITTRICE E TESTIMONIAL ANTI DROGA: &#8220;ESPERIENZA E RISCATTO&#8221;. <\/em><em>CON ALFIO DE SANDRE, MEDICO, TOSSICOLOGO E PSICOTERAPEUTA -Dipartimento delle dipendenze &#8211; AULS 1 DOLOMITI. <\/em><em>UN INVITO DI &#8220;GENITORI SEMPRE&#8221;, ASSOCIAZIONE DI PROMOZIONE SOCIALE, CON IL PATROCINIO DEI COMUNI DI AGORDO, CENCENIGHE E DELL&#8217;UNIONE MONTANA AGORDINA<\/em><\/p>\n<p>&nbsp;<\/p>\n<p>&nbsp;<\/p>\n<hr \/>\n<p>&nbsp;<\/p>\n<blockquote><p><span style=\"color: #ff99cc;\"><strong>CIASPOLATA IN ROSA, IN ATTESA DEL GIRO D&#8217;ITALIA. APPUNTAMENTO&#8230;PER TUTTI!<\/strong><\/span><\/p><\/blockquote>\n<p><span dir=\"ltr\" role=\"presentation\"><img loading=\"lazy\" decoding=\"async\" class=\"alignleft\" src=\"https:\/\/www.radiopiu.net\/wordpress\/wp-content\/uploads\/2023\/02\/COPERTA-1.jpg\" width=\"277\" height=\"153\" \/><\/span><strong>VAL DI ZOLDO<\/strong>\u00a0 <span dir=\"ltr\" role=\"presentation\">Il 18 febbraio, alle 18, a Palafavera\u00a0 \u201cCiaspolata in Rosa\u201d. <\/span><span dir=\"ltr\" role=\"presentation\">Aspettando l\u2019arrivo della tappa del Giro d\u2019Italia del 25 maggio 2023. Un evento, il primo di una serie,\u00a0 proposto dal<\/span><span dir=\"ltr\" role=\"presentation\"> Comune, in collaborazione con Atletica Zoldo e le <\/span><span dir=\"ltr\" role=\"presentation\">Associazioni del territorio (Consorzio Val di Zoldo Turismo, CNSAS Val di Zoldo, <\/span><span dir=\"ltr\" role=\"presentation\">CAI Val di Zoldo) <\/span><br role=\"presentation\" \/><span dir=\"ltr\" role=\"presentation\">Aperta a tutti e non competitiva, la Ciaspolata si snoda su un percorso di 4-5 km nella <\/span><span dir=\"ltr\" role=\"presentation\">suggestiva cornice di Palafavera dominata dai Monti Pelmo e Civetta. <\/span><span dir=\"ltr\" role=\"presentation\">Dress code consigliato: PINK! L\u2019abbigliamento rosa pi\u00f9 originale verr\u00e0 premiato. <\/span><span dir=\"ltr\" role=\"presentation\">Brul\u00e8 finale fronte rifugio Pelmo. <\/span><span dir=\"ltr\" role=\"presentation\">Iscrizioni online su \u201c<\/span><span dir=\"ltr\" role=\"presentation\">sportolomiti.it<\/span><span dir=\"ltr\" role=\"presentation\">\u201d, presso gli uffici comunali di Forno e Fusine di <\/span><span dir=\"ltr\" role=\"presentation\">Val di Zoldo e presso l\u2019ufficio turistico di Pecol.\u00a0<\/span><\/p>\n<p><strong>ALLA RADIO\u00a0<\/strong><\/p>\n<audio class=\"wp-audio-shortcode\" id=\"audio-321529-8\" preload=\"none\" style=\"width: 100%;\" controls=\"controls\"><source type=\"audio\/mpeg\" src=\"https:\/\/www.radiopiu.net\/wordpress\/wp-content\/uploads\/2023\/02\/CIASPOLATA_BA_0702.mp3?_=8\" \/><a href=\"https:\/\/www.radiopiu.net\/wordpress\/wp-content\/uploads\/2023\/02\/CIASPOLATA_BA_0702.mp3\">https:\/\/www.radiopiu.net\/wordpress\/wp-content\/uploads\/2023\/02\/CIASPOLATA_BA_0702.mp3<\/a><\/audio>\n<p>&nbsp;<\/p>\n<hr \/>\n<p>&nbsp;<\/p>\n<blockquote>\n<h3>IL CARNEVALE CASTIONESE AUDIO<\/h3>\n<\/blockquote>\n<p><a class=\"dt-pswp-item\" href=\"https:\/\/www.radiopiu.net\/wordpress\/wp-content\/uploads\/2023\/02\/Senza-nome-16.jpg\" data-dt-img-description=\"\" data-large_image_width=\"662\" data-large_image_height=\"307\"><img loading=\"lazy\" decoding=\"async\" class=\" wp-image-320744 alignleft\" src=\"https:\/\/www.radiopiu.net\/wordpress\/wp-content\/uploads\/2023\/02\/Senza-nome-16-300x139.jpg\" alt=\"\" width=\"270\" height=\"125\" srcset=\"https:\/\/www.radiopiu.net\/wordpress\/wp-content\/uploads\/2023\/02\/Senza-nome-16-300x139.jpg 300w, https:\/\/www.radiopiu.net\/wordpress\/wp-content\/uploads\/2023\/02\/Senza-nome-16.jpg 662w\" sizes=\"auto, (max-width: 270px) 100vw, 270px\" \/><\/a>MASCHERE&#8230;MASCHERINE&#8230;CORIANDOLI E STELLE FILANTI&#8230;IL CARNEVALE<br \/>\nCASTIONESE PORTA&#8230;LA GIOIA!<br \/>\nTRE APPPUNTAMENTI CON LA PROLOCO E ASSOCIAZIONI LOCALI, PATROCINIO DELLA<br \/>\nPROVINCIA<br \/>\nsabato 18 febbraio alle 20.45 al teatro San Gaetano &#8220;Carnevale a Teatro&#8221;<br \/>\ndomenica 19 febbraio alle 11.30 sfilano le mascherine, dalle 14 in pian<br \/>\ndelle feste i carri mascherati<br \/>\nLunedi 20 febbraio alle 20.30 nella palestra delle scuole medie il gran<br \/>\nfinale con la tombola di carnevale.<br \/>\ninfo 345 8238880<\/p>\n<audio class=\"wp-audio-shortcode\" id=\"audio-321529-9\" preload=\"none\" style=\"width: 100%;\" controls=\"controls\"><source type=\"audio\/mpeg\" src=\"https:\/\/www.radiopiu.net\/wordpress\/wp-content\/uploads\/2023\/02\/carnevale-castionese-c.mp3?_=9\" \/><a href=\"https:\/\/www.radiopiu.net\/wordpress\/wp-content\/uploads\/2023\/02\/carnevale-castionese-c.mp3\">https:\/\/www.radiopiu.net\/wordpress\/wp-content\/uploads\/2023\/02\/carnevale-castionese-c.mp3<\/a><\/audio>\n<p>&nbsp;<\/p>\n<p>&nbsp;<\/p>\n<hr \/>\n<p>&nbsp;<\/p>\n<blockquote>\n<h3>IL RITORNO DEL LUPO, PROSEGUONO GLI INCONTRI<\/h3>\n<\/blockquote>\n<p><strong>LAMON <\/strong><span style=\"font-family: Tahoma, Verdana;\">&#8220;Il ritorno del lupo: conoscere di pi\u00f9 per convivere meglio&#8221;: \u00e8 il titolo della serata pubblica organizzata dal Comune di Lamon e dal Parco Nazionale Dolomiti Bellunesi. L&#8217;appuntamento \u00e8 per mercoled\u00ec 22 febbraio, alle ore 20:30, presso la sala teatro del centro AMO di Lamon. Relazioni di\u00a0 <\/span><span style=\"font-family: Tahoma, Verdana;\">Enrico Vettorazzo, tecnico del Parco Nazionale Dolomiti Bellunesi, e del fotografo naturalista Ivan Mazzon\u00a0<\/span><\/p>\n<p>&nbsp;<\/p>\n<p>&nbsp;<\/p>\n<hr \/>\n<p>&nbsp;<\/p>\n<blockquote>\n<h3>BENEFICA CENA AL BUIO<\/h3>\n<\/blockquote>\n<p><strong>AGORDO<\/strong> L&#8217;Unione Italiana dei Ciechi e degli Ipovedenti di Belluno\u00a0 organizza per\u00a0 sabato 25 febbraio, alle 20, al centro parrocchiale Vincenzo Savio la cena al buio. Il costo dell&#8217;evento \u00e8 di \u20ac 40 a persona. Parte del ricavato verr\u00e0 impiegata per finanziare l&#8217;acquisto di un nuovo pulmino per il trasporto delle persone con disabilit\u00e0 visiva della provincia di Belluno a opera dei volontari U.N.I.Vo.C. Le iscrizioni sono aperte fino al 20 febbraio (ma verranno chiuse prima in caso di esaurimento dei posti disponibili). Info 0437 943413<\/p>\n<p>&nbsp;<\/p>\n<p>&nbsp;<\/p>\n<hr \/>\n<p>&nbsp;<\/p>\n<blockquote>\n<h3>SAN VALENTINO A LIMANA<\/h3>\n<\/blockquote>\n<p><strong>LIMANA<\/strong> in occasione di San Valentino sabato prossimo spettacolo &#8220;Il musicista innamorato, cronologia di un play boy&#8221; di e con Claudio Colombo, con Lino Brotto alla chitarra e Filippo Tantino al contrabbasso.<\/p>\n<p>&nbsp;<\/p>\n<p>&nbsp;<\/p>\n<hr \/>\n<p>&nbsp;<\/p>\n<blockquote>\n<h3>LA ZINGHENESTA A CANALE D&#8217;AGORDO<\/h3>\n<\/blockquote>\n<p><strong>CANALE D&#8217;AGORDO<\/strong> Domenica 19 febbraio torna La Zinghenesta a Canale D&#8217;Agordo, il carnevale della Valle del Biois. L&#8217;evento inizier\u00e0 con la consueta sfilata del corteo mascherato in partenza da Falcade per poi arrivare verso le 12.00 a Canale d&#8217;Agordo. Alle 15.00 inizio della sfilata per le vie del paese, arrivo in piazza e premiazione della maschera pi\u00f9 bella; Alle 16.30 processo al Carnevale. Sculture in legno, divertimento e dolci per grandi e piccini accompagneranno questa edizione<\/p>\n<p>&nbsp;<\/p>\n<p>&nbsp;<\/p>\n<hr \/>\n<p>&nbsp;<\/p>\n<blockquote>\n<h3><strong><a class=\"dt-pswp-item\" href=\"https:\/\/www.radiopiu.net\/wordpress\/wp-content\/uploads\/2023\/02\/Senza-nome-6.jpg\" data-dt-img-description=\"\" data-large_image_width=\"242\" data-large_image_height=\"189\"><img loading=\"lazy\" decoding=\"async\" class=\"wp-image-320153 alignleft\" src=\"https:\/\/www.radiopiu.net\/wordpress\/wp-content\/uploads\/2023\/02\/Senza-nome-6.jpg\" alt=\"\" width=\"168\" height=\"131\" \/><\/a><\/strong>CARNEVALE CON LA PROLOCO DI SAN TOMASO<\/h3>\n<\/blockquote>\n<p><strong>SAN TOMASO<\/strong> Carnevale con la proloco di San Tomaso, 16 febbraio lettura animate in biblioteca a Celat alle 17 (in maschera), 19 febbraio I racconti di Paolo Soppelsa alle 17 in sala a Celat.<\/p>\n<p>&nbsp;<\/p>\n<p>&nbsp;<\/p>\n<hr \/>\n<p>&nbsp;<\/p>\n<blockquote>\n<h3>EL CARNEVAL DEI BOCE A TAIBON<\/h3>\n<\/blockquote>\n<p><strong>TAIBON<\/strong> Pro Loco e Comune di Taibon organizzano El Carneval Dei Boce domenica 19 febbraio. Ritrovo in piazza alle 14, sfilata alla casa di riposo e festa all&#8217;ex municipio dalle 16.<\/p>\n<p>&nbsp;<\/p>\n<p>&nbsp;<\/p>\n<hr \/>\n<p>&nbsp;<\/p>\n<blockquote>\n<h3>GITA DI CLASSE, 1963<\/h3>\n<\/blockquote>\n<p><strong>REDAZIONE<\/strong> I coscritti del 1963 il 1 aprile si ritroveranno in gita, al Castello di Spessa e San Daniele. Partenza in pullman da Agordo alle 8.30, rientro in serata. Prenotazione e saldo (130euro) entro il 5 marzo. Info 348 0326080 -Giornale e Caffe&#8217;, Taibon.<\/p>\n<p>&nbsp;<\/p>\n<p>&nbsp;<\/p>\n<hr \/>\n<p>&nbsp;<\/p>\n<blockquote>\n<h3>A TEATRO CON IL CIRCOLO CULTURALE BELLUNESE<\/h3>\n<\/blockquote>\n<p><strong>BELLUNO<\/strong> Recentemente celebrati dalle riviste <em>Amadeus<\/em> e <em>Suonare<\/em>, l&#8217;astro nascente del violoncello, il giovanissimo Ettore Pagano, e la pianista Monica Cattarossi suonano a Belluno domani alle 20:30 al Teatro Giovanni XXIII, ospiti della 70a Stagione 2023, <em>Intrecci Musicali<\/em>, del Circolo Culturale Bellunese. Biglietti in vendita nella sede del concerto, mezz\u2019ora prima del suo inizio, o presso la biglietteria di Palazzo Fulcis, nei giorni e negli orari di apertura, fino a 45 minuti prima della chiusura del Museo<\/p>\n<p>&nbsp;<\/p>\n<hr \/>\n<p>&nbsp;<\/p>\n<blockquote>\n<h3>ALLA \u201cVALLE DEI SANTI ALLA FINESTRA\u201d LEGATI VARI NOMI ILLUSTRI DELLA CHIESA E DELL\u2019ARTE<\/h3>\n<\/blockquote>\n<p><strong>di Renato Bona<\/strong><\/p>\n<p>L\u2019Amministrazione provinciale di Belluno, con progetto e coordinamento dell\u2019opera affidati al giornalista Maurizio Busatta, realizzava, nel marzo 1989 la prima edizione, con la Libreria Pilotto Editrice di Feltre (ne abbiamo riferito in precedenti servizi) lo splendido volume \u201cBelluno &#8211; Viaggio intorno a una provincia\u201d, per il quale hanno dato un valido contributo firme eccellenti: Giovanni Battista Pellegrini, Dino Conti, Fiorello Zangrando, Silvio Guarnieri, Adriano Sernagiotto, Giuseppe Sorge, Ulderico Bernardi, Gian Candido De Martin, Giancarlo Pagogna, Lucio Eicher Clerer, Mario Ferruccio Belli ed i fotografi Cadorin, Dalla Giustina, De Vido, Riva e Sovilla. In questa occasione ci soffermiamo su aspetti dell\u2019Agordino, proposti dall\u2019amico e collega Giuseppe Sorge che sotto il titolo \u201cReligione e dintorni\u201d ricordava che \u201cAlla valle dei santi alla finestra come \u00e8 stata definita la Valle del Biois, sono legati nomi illustri della storia della Chiesa, e non solo della Chiesa\u201d. Parliamo &#8211; specificava &#8211; di don Antonio Della Lucia, padre Felice Cappello e papa Albino Luciani\u201d. Il primo \u00e8 noto fra l\u2019altro perch\u00e9 nel 1872 realizz\u00f2 a Canale d\u2019agordo dov\u2019era parroco, la prima latteria sociale cooperativa e quindi per la battaglia sostenuta nel 1870, con diversi scritti, per l\u2019emancipazione giuridica della donna. Albino Luciani, da poche settimane Beato, che era nato a Canale d\u2019Agordo, secondo Sorge \u201cnel suo brevissimo pontificato, nell\u2019estate dei tre Papi, nel 1878, si \u00e8 mostrato \u2018parroco del mondo0 per la semplicit\u00e0 e l\u2019efficacia della sua parola\u201d, Di Caviola, frazione di Falcade, era invece padre Felice Cappello, parente di Luciani, noto come il \u201cconfessore di Roma\u201d morto in odore di santit\u00e0 il 25 marzo 1962. Dunque &#8211; annota l\u2019autore del libro &#8211; un humus fertile e felice la Valle del Biois e pi\u00f9 in generale l\u2019Agordino, come prova fra l\u2019altro una statistica del 1858 secondo la quale a Canale d\u2019Agordo su 107 ragazzi in et\u00e0 scolare, ben 99 frequentavano la scuola. E fu l\u2019agordino Antonio Pertile a scrivere da Padova la pi\u00f9 imponente e importante storia del diritto italiano dalla caduta dell\u2019Impero romano alla codificazione\u201d. Ancora: a Carfon \u201cnel pi\u00f9 sperduto e remoto villaggio di Canale d\u2019Agordo, era nato nel 1740 Valerio Da Pos, che aveva letto tutto Voltaire e Rousseau in francese prima ancora delle traduzioni italiane\u201d tanto che come erudito molti lo accostano a Parini. E poi ancora, nel tempo: Paris Bordone ed il suo importante ciclo di affreschi a San Simon di Vallada. A Falcade era nato Augusto Murer scultore e pittore illustre di questa terra, mancato nel 1986. Di Caviola era Giovanni Marchiori uno dei massimi esponenti della scultura veneta del Settecento. E non \u00e8 il solo, ricordando i Costa, Moro, Soppelsa. Spazio quindi per pillole di \u201cStoria di ieri\u201d. Fra le tante, quella del lago di Alleghe, per non dire di quella del Castello di Andraz. Doveroso un accenno alla Grande guerra per dire da parte di Sorge che \u201cagli scontri di un tempo oggi su quelle stesse montagne, con l\u2019impianto funiviario che traghetta migliaia di sciatori e turisti, italiani ed austriaci si sono stretti la mano in segno di amicizia\u201d. Con la specificazione che: \u201cPercorrendo questi luoghi della Grande guerra di cui rimangono notevoli resti (come al Falzarego) nonch\u00e9 i tracciati delle numerose vie militari che giungevano nei punti strategici, c\u2019\u00e8 da rimanere stupiti per gli atti di coraggio e l\u2019ingegno dell\u2019uomo\u201d. Senza trascurare che: \u201cL\u2019educazione alla pace di cui tutti sentiamo il dovere non pu\u00f2 non farci ricordare le pagine della Resistenza scritte in Valle del Biois: l\u2019estate del 1945 vide paesi e villaggi messi a ferro e fuoco dai reparti nazisti. I successivi processi non hanno ancora reso giustizia a Caviola e Gares\u201d. Concludiamo richiamando quanto scritto a proposito di \u201cTabi\u00e0 Palazza\u201d da Giuseppe Sorge: \u201cNon era nulla, forse un miraggio in mezzo ad una pietraia assolata. Una piccola costruzione in pietra, coperta da lamiera. Una porta, una finestrella, un vano con lampada a carburo, un piccolo banco di mescita, sgabelli ricavati dai tronchi d\u2019abete, poco discosto, fuori, un abbeveratoio ricavato in un grande tronco. Formaggio di capra, pane duro, luganega e vino (quando c\u2019erano) e grappa: questa s\u00ec, sempre. Poteva essere un luogo inventato dalla fantasia di un regista, un abbaglio dei sensi e della mente. Eppure l\u2019uomo solitario che vi abitava, per nulla intimorito e scontroso, era il pi\u00f9 allegro e simpatico personaggio che si possa ricordare. La sua conversazione, le sue esperienze ed osservazioni insieme, la sua carica di simpatia, erano il lasciapassare verso la \u2018Regina delle Dolomiti\u2019\u201d.<\/p>\n\n\t\t\t<style type='text\/css'>\n\t\t\t\t#gallery-11 {\n\t\t\t\t\tmargin: auto;\n\t\t\t\t}\n\t\t\t\t#gallery-11 .gallery-item {\n\t\t\t\t\tfloat: left;\n\t\t\t\t\tmargin-top: 10px;\n\t\t\t\t\ttext-align: center;\n\t\t\t\t\twidth: 14%;\n\t\t\t\t}\n\t\t\t\t#gallery-11 img {\n\t\t\t\t\tborder: 2px solid #cfcfcf;\n\t\t\t\t}\n\t\t\t\t#gallery-11 .gallery-caption {\n\t\t\t\t\tmargin-left: 0;\n\t\t\t\t}\n\t\t\t\t\/* see gallery_shortcode() in wp-includes\/media.php *\/\n\t\t\t<\/style>\n\t\t<div id='gallery-11' class='dt-gallery-container gallery galleryid-321529 gallery-columns-7 gallery-size-thumbnail'><dl class='gallery-item'>\n\t\t\t\t<dt class='gallery-icon portrait'>\n\t\t\t\t\t<a class=\"rollover rollover-zoom dt-pswp-item\" title=\"330763227_592363295652267_3796627464561460543_n\" data-dt-img-description=\"\" data-large_image_width=\"301\" data-large_image_height=\"414\"href='https:\/\/www.radiopiu.net\/wordpress\/wp-content\/uploads\/2023\/02\/330763227_592363295652267_3796627464561460543_n.jpg'><img loading=\"lazy\" decoding=\"async\" width=\"150\" height=\"150\" src=\"https:\/\/www.radiopiu.net\/wordpress\/wp-content\/uploads\/2023\/02\/330763227_592363295652267_3796627464561460543_n-150x150.jpg\" class=\"attachment-thumbnail size-thumbnail\" alt=\"\" \/><\/a>\n\t\t\t\t<\/dt><\/dl><dl class='gallery-item'>\n\t\t\t\t<dt class='gallery-icon landscape'>\n\t\t\t\t\t<a class=\"rollover rollover-zoom dt-pswp-item\" title=\"330260086_2814621192002717_2299989249943456603_n\" data-dt-img-description=\"\" data-large_image_width=\"534\" data-large_image_height=\"403\"href='https:\/\/www.radiopiu.net\/wordpress\/wp-content\/uploads\/2023\/02\/330260086_2814621192002717_2299989249943456603_n.jpg'><img loading=\"lazy\" decoding=\"async\" width=\"150\" height=\"150\" src=\"https:\/\/www.radiopiu.net\/wordpress\/wp-content\/uploads\/2023\/02\/330260086_2814621192002717_2299989249943456603_n-150x150.jpg\" class=\"attachment-thumbnail size-thumbnail\" alt=\"\" \/><\/a>\n\t\t\t\t<\/dt><\/dl><dl class='gallery-item'>\n\t\t\t\t<dt class='gallery-icon landscape'>\n\t\t\t\t\t<a class=\"rollover rollover-zoom dt-pswp-item\" title=\"330392541_739034177566283_7880197555953273019_n\" data-dt-img-description=\"\" data-large_image_width=\"446\" data-large_image_height=\"403\"href='https:\/\/www.radiopiu.net\/wordpress\/wp-content\/uploads\/2023\/02\/330392541_739034177566283_7880197555953273019_n.jpg'><img loading=\"lazy\" decoding=\"async\" width=\"150\" height=\"150\" src=\"https:\/\/www.radiopiu.net\/wordpress\/wp-content\/uploads\/2023\/02\/330392541_739034177566283_7880197555953273019_n-150x150.jpg\" class=\"attachment-thumbnail size-thumbnail\" alt=\"\" \/><\/a>\n\t\t\t\t<\/dt><\/dl><dl class='gallery-item'>\n\t\t\t\t<dt class='gallery-icon landscape'>\n\t\t\t\t\t<a class=\"rollover rollover-zoom dt-pswp-item\" title=\"330539752_727615485597280_5011921436586442032_n\" data-dt-img-description=\"\" data-large_image_width=\"640\" data-large_image_height=\"402\"href='https:\/\/www.radiopiu.net\/wordpress\/wp-content\/uploads\/2023\/02\/330539752_727615485597280_5011921436586442032_n.jpg'><img loading=\"lazy\" decoding=\"async\" width=\"150\" height=\"150\" src=\"https:\/\/www.radiopiu.net\/wordpress\/wp-content\/uploads\/2023\/02\/330539752_727615485597280_5011921436586442032_n-150x150.jpg\" class=\"attachment-thumbnail size-thumbnail\" alt=\"\" \/><\/a>\n\t\t\t\t<\/dt><\/dl><dl class='gallery-item'>\n\t\t\t\t<dt class='gallery-icon portrait'>\n\t\t\t\t\t<a class=\"rollover rollover-zoom dt-pswp-item\" title=\"330734316_718153226511938_4340378238205207578_n\" data-dt-img-description=\"\" data-large_image_width=\"329\" data-large_image_height=\"403\"href='https:\/\/www.radiopiu.net\/wordpress\/wp-content\/uploads\/2023\/02\/330734316_718153226511938_4340378238205207578_n.jpg'><img loading=\"lazy\" decoding=\"async\" width=\"150\" height=\"150\" src=\"https:\/\/www.radiopiu.net\/wordpress\/wp-content\/uploads\/2023\/02\/330734316_718153226511938_4340378238205207578_n-150x150.jpg\" class=\"attachment-thumbnail size-thumbnail\" alt=\"\" \/><\/a>\n\t\t\t\t<\/dt><\/dl><dl class='gallery-item'>\n\t\t\t\t<dt class='gallery-icon landscape'>\n\t\t\t\t\t<a class=\"rollover rollover-zoom dt-pswp-item\" title=\"330495343_649247620306215_7264774089668472652_n\" data-dt-img-description=\"\" data-large_image_width=\"546\" data-large_image_height=\"403\"href='https:\/\/www.radiopiu.net\/wordpress\/wp-content\/uploads\/2023\/02\/330495343_649247620306215_7264774089668472652_n.jpg'><img loading=\"lazy\" decoding=\"async\" width=\"150\" height=\"150\" src=\"https:\/\/www.radiopiu.net\/wordpress\/wp-content\/uploads\/2023\/02\/330495343_649247620306215_7264774089668472652_n-150x150.jpg\" class=\"attachment-thumbnail size-thumbnail\" alt=\"\" \/><\/a>\n\t\t\t\t<\/dt><\/dl><dl class='gallery-item'>\n\t\t\t\t<dt class='gallery-icon portrait'>\n\t\t\t\t\t<a class=\"rollover rollover-zoom dt-pswp-item\" title=\"330533544_767531587628507_6854978918619020350_n\" data-dt-img-description=\"\" data-large_image_width=\"362\" data-large_image_height=\"403\"href='https:\/\/www.radiopiu.net\/wordpress\/wp-content\/uploads\/2023\/02\/330533544_767531587628507_6854978918619020350_n.jpg'><img loading=\"lazy\" decoding=\"async\" width=\"150\" height=\"150\" src=\"https:\/\/www.radiopiu.net\/wordpress\/wp-content\/uploads\/2023\/02\/330533544_767531587628507_6854978918619020350_n-150x150.jpg\" class=\"attachment-thumbnail size-thumbnail\" alt=\"\" \/><\/a>\n\t\t\t\t<\/dt><\/dl><br style=\"clear: both\" \/><dl class='gallery-item'>\n\t\t\t\t<dt class='gallery-icon landscape'>\n\t\t\t\t\t<a class=\"rollover rollover-zoom dt-pswp-item\" title=\"330466408_643927341065660_3071243937287480158_n\" data-dt-img-description=\"\" data-large_image_width=\"456\" data-large_image_height=\"403\"href='https:\/\/www.radiopiu.net\/wordpress\/wp-content\/uploads\/2023\/02\/330466408_643927341065660_3071243937287480158_n.jpg'><img loading=\"lazy\" decoding=\"async\" width=\"150\" height=\"150\" src=\"https:\/\/www.radiopiu.net\/wordpress\/wp-content\/uploads\/2023\/02\/330466408_643927341065660_3071243937287480158_n-150x150.jpg\" class=\"attachment-thumbnail size-thumbnail\" alt=\"\" \/><\/a>\n\t\t\t\t<\/dt><\/dl><dl class='gallery-item'>\n\t\t\t\t<dt class='gallery-icon portrait'>\n\t\t\t\t\t<a class=\"rollover rollover-zoom dt-pswp-item\" title=\"330680529_515466514042791_3012006799525707302_n\" data-dt-img-description=\"\" data-large_image_width=\"306\" data-large_image_height=\"414\"href='https:\/\/www.radiopiu.net\/wordpress\/wp-content\/uploads\/2023\/02\/330680529_515466514042791_3012006799525707302_n.jpg'><img loading=\"lazy\" decoding=\"async\" width=\"150\" height=\"150\" src=\"https:\/\/www.radiopiu.net\/wordpress\/wp-content\/uploads\/2023\/02\/330680529_515466514042791_3012006799525707302_n-150x150.jpg\" class=\"attachment-thumbnail size-thumbnail\" alt=\"\" \/><\/a>\n\t\t\t\t<\/dt><\/dl><dl class='gallery-item'>\n\t\t\t\t<dt class='gallery-icon portrait'>\n\t\t\t\t\t<a class=\"rollover rollover-zoom dt-pswp-item\" title=\"330782009_890065072212793_654207867281079196_n\" data-dt-img-description=\"\" data-large_image_width=\"375\" data-large_image_height=\"403\"href='https:\/\/www.radiopiu.net\/wordpress\/wp-content\/uploads\/2023\/02\/330782009_890065072212793_654207867281079196_n.jpg'><img loading=\"lazy\" decoding=\"async\" width=\"150\" height=\"150\" src=\"https:\/\/www.radiopiu.net\/wordpress\/wp-content\/uploads\/2023\/02\/330782009_890065072212793_654207867281079196_n-150x150.jpg\" class=\"attachment-thumbnail size-thumbnail\" alt=\"\" \/><\/a>\n\t\t\t\t<\/dt><\/dl><dl class='gallery-item'>\n\t\t\t\t<dt class='gallery-icon portrait'>\n\t\t\t\t\t<a class=\"rollover rollover-zoom dt-pswp-item\" title=\"330845555_683404190181088_1335996890776477724_n\" data-dt-img-description=\"\" data-large_image_width=\"367\" data-large_image_height=\"403\"href='https:\/\/www.radiopiu.net\/wordpress\/wp-content\/uploads\/2023\/02\/330845555_683404190181088_1335996890776477724_n.jpg'><img loading=\"lazy\" decoding=\"async\" width=\"150\" height=\"150\" src=\"https:\/\/www.radiopiu.net\/wordpress\/wp-content\/uploads\/2023\/02\/330845555_683404190181088_1335996890776477724_n-150x150.jpg\" class=\"attachment-thumbnail size-thumbnail\" alt=\"\" \/><\/a>\n\t\t\t\t<\/dt><\/dl><dl class='gallery-item'>\n\t\t\t\t<dt class='gallery-icon landscape'>\n\t\t\t\t\t<a class=\"rollover rollover-zoom dt-pswp-item\" title=\"330687834_3310055925922413_5594598184846644953_n\" data-dt-img-description=\"\" data-large_image_width=\"471\" data-large_image_height=\"403\"href='https:\/\/www.radiopiu.net\/wordpress\/wp-content\/uploads\/2023\/02\/330687834_3310055925922413_5594598184846644953_n.jpg'><img loading=\"lazy\" decoding=\"async\" width=\"150\" height=\"150\" src=\"https:\/\/www.radiopiu.net\/wordpress\/wp-content\/uploads\/2023\/02\/330687834_3310055925922413_5594598184846644953_n-150x150.jpg\" class=\"attachment-thumbnail size-thumbnail\" alt=\"\" \/><\/a>\n\t\t\t\t<\/dt><\/dl><dl class='gallery-item'>\n\t\t\t\t<dt class='gallery-icon portrait'>\n\t\t\t\t\t<a class=\"rollover rollover-zoom dt-pswp-item\" title=\"330778093_752001662780711_8280348480833621296_n\" data-dt-img-description=\"\" data-large_image_width=\"302\" data-large_image_height=\"403\"href='https:\/\/www.radiopiu.net\/wordpress\/wp-content\/uploads\/2023\/02\/330778093_752001662780711_8280348480833621296_n.jpg'><img loading=\"lazy\" decoding=\"async\" width=\"150\" height=\"150\" src=\"https:\/\/www.radiopiu.net\/wordpress\/wp-content\/uploads\/2023\/02\/330778093_752001662780711_8280348480833621296_n-150x150.jpg\" class=\"attachment-thumbnail size-thumbnail\" alt=\"\" \/><\/a>\n\t\t\t\t<\/dt><\/dl>\n\t\t\t\t<br style='clear: both' \/>\n\t\t\t<\/div>\n\n<p>&nbsp;<\/p>\n<p>NELLE FOTO (riproduzioni dal libro \u201cBelluno. Viaggio intorno a una Provincia\u201d di Maurizio Busatta): Canale d\u2019Agordo, il paese della \u201cvalle dei santi alla finestra\u201d e di un Papa; Cencenighe alla confluenza del Biois nel Cordevole, dove in antico si radunava la Comunit\u00e0 regoliera di Sopra Chiusa; chiesa ed affreschi di San Simon di Vallada; tre fotogrammi di vita rurale: le Corone di Voltago; il rifugio Scarpa e malga Losch a Frassen\u00e8; una teoria di \u201ctabi\u00e0\u201d; scende il tramonto nel lago di Alleghe dominato dal bastione nord del Civetta; il Castello di Andraz di Livinallongo; San Tomaso, sorto dopo il mille all\u2019ombra del Castello di Avoscano; Porta Vescovo a quota 2562 \u00e8 il terrazzo di Arabba che si sporge sulla Marmolada; i Serrai di Sottoguda il \u201ccanyon\u201d scolpito dalle acque del Pettorina.<\/p>\n<p>&nbsp;<\/p>\n<p>&nbsp;<\/p>\n<hr \/>\n<p>&nbsp;<\/p>\n<h2><strong><a class=\"dt-pswp-item\" href=\"https:\/\/www.radiopiu.net\/wordpress\/wp-content\/uploads\/2020\/12\/DON-GIORGIO-LISE.jpg\" data-dt-img-description=\"\" data-large_image_width=\"1600\" data-large_image_height=\"901\"><img loading=\"lazy\" decoding=\"async\" class=\" wp-image-177420 alignleft\" src=\"https:\/\/www.radiopiu.net\/wordpress\/wp-content\/uploads\/2020\/12\/DON-GIORGIO-LISE-300x169.jpg\" alt=\"\" width=\"218\" height=\"123\" srcset=\"https:\/\/www.radiopiu.net\/wordpress\/wp-content\/uploads\/2020\/12\/DON-GIORGIO-LISE-300x169.jpg 300w, https:\/\/www.radiopiu.net\/wordpress\/wp-content\/uploads\/2020\/12\/DON-GIORGIO-LISE-1024x577.jpg 1024w, https:\/\/www.radiopiu.net\/wordpress\/wp-content\/uploads\/2020\/12\/DON-GIORGIO-LISE-768x432.jpg 768w, https:\/\/www.radiopiu.net\/wordpress\/wp-content\/uploads\/2020\/12\/DON-GIORGIO-LISE-1536x865.jpg 1536w, https:\/\/www.radiopiu.net\/wordpress\/wp-content\/uploads\/2020\/12\/DON-GIORGIO-LISE.jpg 1600w\" sizes=\"auto, (max-width: 218px) 100vw, 218px\" \/><\/a><\/strong><span style=\"color: #99cc00;\">DUE MINUTI PER TE<\/span><\/h2>\n<p><strong>APPUNTAMENTO DELLA DOMENICA CON IL PENSIERO DI MONSIGNOR GIORGIO LISE<\/strong><\/p>\n<audio class=\"wp-audio-shortcode\" id=\"audio-321529-10\" preload=\"none\" style=\"width: 100%;\" controls=\"controls\"><source type=\"audio\/mpeg\" src=\"https:\/\/www.radiopiu.net\/wordpress\/wp-content\/uploads\/2023\/02\/DON-GIORGIO-1.mp3?_=10\" \/><a href=\"https:\/\/www.radiopiu.net\/wordpress\/wp-content\/uploads\/2023\/02\/DON-GIORGIO-1.mp3\">https:\/\/www.radiopiu.net\/wordpress\/wp-content\/uploads\/2023\/02\/DON-GIORGIO-1.mp3<\/a><\/audio>\n<p>&nbsp;<\/p>\n<hr \/>\n<p>&nbsp;<\/p>\n<div>\n<div class=\"b654a4as d2edcug0\">\n<div class=\"rq0escxv hkbzh7o3 jwdofwj8 n8tt0mok r8blr3vg hyh9befq\">\n<p><a class=\"dt-pswp-item\" href=\"https:\/\/www.radiopiu.net\/wordpress\/wp-content\/uploads\/2020\/10\/pp.jpg\" data-dt-img-description=\"\" data-large_image_width=\"640\" data-large_image_height=\"640\"><img loading=\"lazy\" decoding=\"async\" class=\"wp-image-163678 alignleft\" src=\"https:\/\/www.radiopiu.net\/wordpress\/wp-content\/uploads\/2020\/10\/pp-300x300.jpg\" alt=\"\" width=\"106\" height=\"106\" srcset=\"https:\/\/www.radiopiu.net\/wordpress\/wp-content\/uploads\/2020\/10\/pp-300x300.jpg 300w, https:\/\/www.radiopiu.net\/wordpress\/wp-content\/uploads\/2020\/10\/pp-150x150.jpg 150w, https:\/\/www.radiopiu.net\/wordpress\/wp-content\/uploads\/2020\/10\/pp-125x125.jpg 125w, https:\/\/www.radiopiu.net\/wordpress\/wp-content\/uploads\/2020\/10\/pp-200x200.jpg 200w, https:\/\/www.radiopiu.net\/wordpress\/wp-content\/uploads\/2020\/10\/pp-80x80.jpg 80w, https:\/\/www.radiopiu.net\/wordpress\/wp-content\/uploads\/2020\/10\/pp-480x480.jpg 480w, https:\/\/www.radiopiu.net\/wordpress\/wp-content\/uploads\/2020\/10\/pp.jpg 640w\" sizes=\"auto, (max-width: 106px) 100vw, 106px\" \/><\/a><\/p>\n<\/div>\n<\/div>\n<\/div>\n<div>\n<div class=\"page-title-head hgroup\">\n<div class=\"page-title-head hgroup\">\n<div class=\"b654a4as d2edcug0\">\n<div class=\"j83agx80 btwxx1t3 lhclo0ds hop8lmos nkwizq5d scwd0bx6 roh60bw9\">\n<div class=\"rq0escxv hkbzh7o3 jwdofwj8 n8tt0mok r8blr3vg hyh9befq\">\n<div class=\"do00u71z l9j0dhe7 k4urcfbm\" style=\"text-align: left;\">\n<h2><span style=\"color: #000080;\">DON CESARE, IL PENSIERO DEL GIORNO. ALLA RADIO ALLE 7 DEL MATTINO E ALLE 19.30 DELLA SERA\u00a0<\/span><\/h2>\n<\/div>\n<\/div>\n<\/div>\n<\/div>\n<\/div>\n<\/div>\n<\/div>\n<audio class=\"wp-audio-shortcode\" id=\"audio-321529-11\" preload=\"none\" style=\"width: 100%;\" controls=\"controls\"><source type=\"audio\/mpeg\" src=\"https:\/\/www.radiopiu.net\/wordpress\/wp-content\/uploads\/2023\/02\/CESARE-11.mp3?_=11\" \/><a href=\"https:\/\/www.radiopiu.net\/wordpress\/wp-content\/uploads\/2023\/02\/CESARE-11.mp3\">https:\/\/www.radiopiu.net\/wordpress\/wp-content\/uploads\/2023\/02\/CESARE-11.mp3<\/a><\/audio>\n<p>&nbsp;<\/p>\n<hr \/>\n<p>&nbsp;<\/p>\n<h2><strong><a class=\"dt-pswp-item\" href=\"https:\/\/www.radiopiu.net\/wordpress\/wp-content\/uploads\/2022\/03\/LIBERA-MAFIE.png\" data-dt-img-description=\"\" data-large_image_width=\"860\" data-large_image_height=\"756\"><img loading=\"lazy\" decoding=\"async\" class=\" wp-image-267115 alignleft\" src=\"https:\/\/www.radiopiu.net\/wordpress\/wp-content\/uploads\/2022\/03\/LIBERA-MAFIE-300x264.png\" alt=\"\" width=\"168\" height=\"148\" \/><\/a><\/strong><span style=\"color: #ff6600;\">LA RASSEGNA STAMPA DA L&#8217;AMICO DEL POPOLO<\/span><\/h2>\n<p><strong>di Gianni Santomaso<\/strong><\/p>\n<p>OSPITE: Piermario Fop<\/p>\n<audio class=\"wp-audio-shortcode\" id=\"audio-321529-12\" preload=\"none\" style=\"width: 100%;\" controls=\"controls\"><source type=\"audio\/mpeg\" src=\"https:\/\/www.radiopiu.net\/wordpress\/wp-content\/uploads\/2023\/02\/RASSEGNA-GIANNI-1.mp3?_=12\" \/><a href=\"https:\/\/www.radiopiu.net\/wordpress\/wp-content\/uploads\/2023\/02\/RASSEGNA-GIANNI-1.mp3\">https:\/\/www.radiopiu.net\/wordpress\/wp-content\/uploads\/2023\/02\/RASSEGNA-GIANNI-1.mp3<\/a><\/audio>\n<p>&nbsp;<\/p>\n<h2><span style=\"color: #ff00ff;\">IN VIVO VERSO\u00a0<\/span><\/h2>\n<div dir=\"auto\">\n<div dir=\"auto\">\n<div dir=\"auto\">\n<p><strong>LA RACCOLTA COMPLETA<\/strong><\/p>\n<blockquote class=\"wp-embedded-content\" data-secret=\"2hTOQur3aQ\"><p><a href=\"https:\/\/www.radiopiu.net\/wordpress\/in-vivo-verso\/\">In Vivo Verso<\/a><\/p><\/blockquote>\n<p><iframe loading=\"lazy\" class=\"wp-embedded-content\" sandbox=\"allow-scripts\" security=\"restricted\" style=\"position: absolute; clip: rect(1px, 1px, 1px, 1px);\" title=\"&#8220;In Vivo Verso&#8221; &#8212; Radio Pi\u00f9\" src=\"https:\/\/www.radiopiu.net\/wordpress\/in-vivo-verso\/embed\/#?secret=r8KGtNoCRA#?secret=2hTOQur3aQ\" data-secret=\"2hTOQur3aQ\" width=\"600\" height=\"338\" frameborder=\"0\" marginwidth=\"0\" marginheight=\"0\" scrolling=\"no\"><\/iframe><\/p>\n<\/div>\n<\/div>\n<\/div>\n<hr \/>\n<p>&nbsp;<\/p>\n<h2><span style=\"color: #008080;\">GOCCE DI FILOSOFIA<\/span><\/h2>\n<blockquote>\n<h3>GOCCE DI FILOSOFIA<\/h3>\n<\/blockquote>\n<p>LA RACCOLTA COMPLETA<\/p>\n<blockquote class=\"wp-embedded-content\" data-secret=\"VZBehY4Ob9\"><p><a href=\"https:\/\/www.radiopiu.net\/wordpress\/gocce-filosofia\/\">Gocce di filosofia,  LA TERZA STAGIONE&#8230; 2023<\/a><\/p><\/blockquote>\n<p><iframe loading=\"lazy\" class=\"wp-embedded-content\" sandbox=\"allow-scripts\" security=\"restricted\" style=\"position: absolute; clip: rect(1px, 1px, 1px, 1px);\" title=\"&#8220;Gocce di filosofia,  LA TERZA STAGIONE&#8230; 2023&#8221; &#8212; Radio Pi\u00f9\" src=\"https:\/\/www.radiopiu.net\/wordpress\/gocce-filosofia\/embed\/#?secret=jy1m9mlPei#?secret=VZBehY4Ob9\" data-secret=\"VZBehY4Ob9\" width=\"600\" height=\"338\" frameborder=\"0\" marginwidth=\"0\" marginheight=\"0\" scrolling=\"no\"><\/iframe><\/p>\n<p>&nbsp;<\/p>\n<p>&nbsp;<\/p>\n<hr \/>\n<p>&nbsp;<\/p>\n<p>&nbsp;<\/p>\n<div class=\"column\">\n<p><img loading=\"lazy\" decoding=\"async\" class=\"aligncenter wp-image-61954 size-full\" src=\"https:\/\/www.radiopiu.net\/wordpress\/wp-content\/uploads\/2018\/09\/viabilita.jpeg\" sizes=\"auto, (max-width: 800px) 100vw, 800px\" srcset=\"https:\/\/www.radiopiu.net\/wordpress\/wp-content\/uploads\/2018\/09\/viabilita.jpeg 800w, https:\/\/www.radiopiu.net\/wordpress\/wp-content\/uploads\/2018\/09\/viabilita-300x38.jpeg 300w, https:\/\/www.radiopiu.net\/wordpress\/wp-content\/uploads\/2018\/09\/viabilita-768x96.jpeg 768w\" alt=\"\" width=\"800\" height=\"100\" \/><\/p>\n<p>&nbsp;<\/p>\n<p>&nbsp;<\/p>\n<p><strong>AGGIORNAMENTO VENETO STRADE, AGGIORNAMENTO CONTINUO H 24\u00a0<\/strong><\/p>\n<p><strong>SP1 BIS MADONNA DEL PIAVE,<\/strong>\u00a0localit\u00e0 Scalon,\u00a0dal 13 febbraio al 30 aprile\u00a0-esclusi festivi e prefestivi \u2013 senso unico alternato e possibili interruzioni fino a 15 minuti. \u00f9<\/p>\n<p><strong>SP 26 DI DIGOMAN<\/strong>\u00a0tra i Comuni di Rivamonte e Voltago,\u00a0dal 13 febbraio al 10 marzo\u00a0interdizione totale alla circolazione dalle 8 alle 17, negli altri periodi senso unico alternato regolato da semaforo.<\/p>\n<p><strong>SP3 VALLE IMPERINA<\/strong>\u00a0localit\u00e0 Gona (sopra Ponte Alto),\u00a0dal 13 febbraio al 17 marzo\u00a0senso unico alternato regolato da impianto semaforico.<\/p>\n<p><strong>SP 251 VAL DI ZOLDO E CELLINA<\/strong>\u00a0localit\u00e0 Ospitale,\u00a0dal 13 febbraio al 17 marzo\u00a0senso unico alternato, esclusi festivi e prefestivi.<\/p>\n<blockquote class=\"wp-embedded-content\" data-secret=\"pTOrnmjEYO\"><p><a href=\"https:\/\/www.radiopiu.net\/wordpress\/viabilita\/\">viabilita<\/a><\/p><\/blockquote>\n<p><iframe loading=\"lazy\" class=\"wp-embedded-content\" sandbox=\"allow-scripts\" security=\"restricted\" style=\"position: absolute; clip: rect(1px, 1px, 1px, 1px);\" title=\"&#8220;viabilita&#8221; &#8212; Radio Pi\u00f9\" src=\"https:\/\/www.radiopiu.net\/wordpress\/viabilita\/embed\/#?secret=nOzxNYM2hr#?secret=pTOrnmjEYO\" data-secret=\"pTOrnmjEYO\" width=\"600\" height=\"338\" frameborder=\"0\" marginwidth=\"0\" marginheight=\"0\" scrolling=\"no\"><\/iframe><\/p>\n<div>\n<div dir=\"ltr\">\n<div class=\"gmail_quote\">\n<div dir=\"ltr\">\n<div class=\"gmail_quote\"><\/div>\n<\/div>\n<\/div>\n<\/div>\n<\/div>\n<p>&nbsp;<\/p>\n<hr \/>\n<p>&nbsp;<\/p>\n<p><a class=\"dt-pswp-item\" href=\"https:\/\/www.radiopiu.net\/wordpress\/wp-content\/uploads\/2018\/09\/WhatsApp-Image-2018-09-20-at-16.04.06.jpeg\" data-dt-img-description=\"\" data-large_image_width=\"800\" data-large_image_height=\"100\"><img loading=\"lazy\" decoding=\"async\" class=\"wp-image-61378 size-full aligncenter\" src=\"https:\/\/www.radiopiu.net\/wordpress\/wp-content\/uploads\/2018\/09\/WhatsApp-Image-2018-09-20-at-16.04.06.jpeg\" alt=\"\" width=\"800\" height=\"100\" srcset=\"https:\/\/www.radiopiu.net\/wordpress\/wp-content\/uploads\/2018\/09\/WhatsApp-Image-2018-09-20-at-16.04.06.jpeg 800w, https:\/\/www.radiopiu.net\/wordpress\/wp-content\/uploads\/2018\/09\/WhatsApp-Image-2018-09-20-at-16.04.06-300x38.jpeg 300w, https:\/\/www.radiopiu.net\/wordpress\/wp-content\/uploads\/2018\/09\/WhatsApp-Image-2018-09-20-at-16.04.06-768x96.jpeg 768w\" sizes=\"auto, (max-width: 800px) 100vw, 800px\" \/><\/a><\/p>\n<p>&nbsp;<\/p>\n<p><center><\/center><center><b>OGGI<\/b><\/center><b>Tempo atteso: <\/b>Tempo stabile con cielo sereno ovunque. Contesto termico diurno molto mite nelle are pi\u00f9 assolate e in quota, con inversione termica mattutina, anche persistente nelle aree in ombra.<br \/>\n<b>Precipitazioni: <\/b>Assenti (0%).<br \/>\n<b>Temperature: <\/b>In entrambi i valori stazionarie nelle valli e in aumento in quota, con persistenza di una moderata inversione termica.<\/p>\n<hr \/>\n<p><center><b>DOMANI<\/b><\/center><b>Tempo atteso: <\/b>Persistenza di tempo stabile e particolarmente mite, specie in quota. Cielo sereno ed ottima visibilit\u00e0. Inversione termica notturna nelle valli, in accentuazione a causa dell&#8217;avvezione di aria calda per la stagione in quota.<br \/>\n<b>Precipitazioni: <\/b>Assenti (0%).<br \/>\n<b>Temperature: <\/b>In generale aumento, tranne le minime nei fondovalle e nelle conche prealpine, dove rimarranno stazionarie.<\/p>\n<hr \/>\n<p><center><b>MERCOLEDI<\/b><\/center>Tempo sempre stabile e soleggiato. Potr\u00e0 manifestarsi in qualche fondovalle l&#8217;insidia della nebbia nelle ore notturne. Contesto termico ancora molto mite, specie in quota e nelle aree assolate, con inversione termica notturna, anche se in lieve attenuazione.<\/p>\n<hr \/>\n<p><center><b>GIOVEDI<\/b><\/center>Tempo sempre del tutto stabile e asciutto ma meno soleggiato dei giorni precedenti, sia per il passaggio di nubi alte che per qualche possibile nube bassa sulle Prealpi. Contesto termico diurno meno mite, con calo generalizzato delle temperature massime.<\/p>\n<p>&nbsp;<\/p>\n<div>\n<hr \/>\n<\/div>\n<p>&nbsp;<\/p>\n<p>&nbsp;<\/p>\n<p><a class=\"dt-pswp-item\" href=\"https:\/\/www.radiopiu.net\/wordpress\/wp-content\/uploads\/2018\/09\/sport.jpg\" data-dt-img-description=\"\" data-large_image_width=\"800\" data-large_image_height=\"100\"><img loading=\"lazy\" decoding=\"async\" class=\"aligncenter wp-image-60761 size-full\" src=\"https:\/\/www.radiopiu.net\/wordpress\/wp-content\/uploads\/2018\/09\/sport.jpg\" alt=\"\" width=\"800\" height=\"100\" srcset=\"https:\/\/www.radiopiu.net\/wordpress\/wp-content\/uploads\/2018\/09\/sport.jpg 800w, https:\/\/www.radiopiu.net\/wordpress\/wp-content\/uploads\/2018\/09\/sport-300x38.jpg 300w, https:\/\/www.radiopiu.net\/wordpress\/wp-content\/uploads\/2018\/09\/sport-768x96.jpg 768w\" sizes=\"auto, (max-width: 800px) 100vw, 800px\" \/><\/a><\/p>\n<p>&nbsp;<\/p>\n<p><span style=\"color: #0000ff;\"><strong>CALCIO<\/strong><\/span><\/p>\n<blockquote>\n<h3>AGORDINA SCONFITTA DAL NOGARE&#8217; TRA LE MURA DI CASA<\/h3>\n<\/blockquote>\n<p><strong><a class=\"dt-pswp-item\" href=\"https:\/\/www.radiopiu.net\/wordpress\/wp-content\/uploads\/2020\/09\/calcio-2020.jpg\" data-dt-img-description=\"\" data-large_image_width=\"1920\" data-large_image_height=\"1080\"><img loading=\"lazy\" decoding=\"async\" class=\" wp-image-162226 alignleft\" src=\"https:\/\/www.radiopiu.net\/wordpress\/wp-content\/uploads\/2020\/09\/calcio-2020-300x169.jpg\" alt=\"\" width=\"185\" height=\"104\" srcset=\"https:\/\/www.radiopiu.net\/wordpress\/wp-content\/uploads\/2020\/09\/calcio-2020-300x169.jpg 300w, https:\/\/www.radiopiu.net\/wordpress\/wp-content\/uploads\/2020\/09\/calcio-2020-1024x576.jpg 1024w, https:\/\/www.radiopiu.net\/wordpress\/wp-content\/uploads\/2020\/09\/calcio-2020-768x432.jpg 768w, https:\/\/www.radiopiu.net\/wordpress\/wp-content\/uploads\/2020\/09\/calcio-2020-1536x864.jpg 1536w, https:\/\/www.radiopiu.net\/wordpress\/wp-content\/uploads\/2020\/09\/calcio-2020-640x360.jpg 640w, https:\/\/www.radiopiu.net\/wordpress\/wp-content\/uploads\/2020\/09\/calcio-2020.jpg 1920w\" sizes=\"auto, (max-width: 185px) 100vw, 185px\" \/><\/a>di Marco Gaz<\/strong><\/p>\n<p><strong>SECONDA CATEGORIA GIR. T \/ AGORDINA \u2013 NOGAR\u00c8 0-2<\/strong><\/p>\n<p>Dopo il pareggio della scorsa settimana, l\u2019Agordina crolla in casa contro il Nogar\u00e8. La formazione di Lorenzi non riesce ad incamerare punti. Una partita dalle poche emozioni quella giocata all\u2019Ivano Dorigo di Agordo con gli ospiti che approfittano di due disattenzioni per siglare le due marcature che decidono il match. Agordina ancora in zona playout della Seconda Categoria girone T del Veneto e la prossima settimana giocher\u00e0 di nuovo in casa contro il Castion, quarta forza del campionato.\u00a0 Primi minuti con poche emozioni. Le squadre si studiano a lungo e le occasioni stentano ad arrivare e si gioca a centrocampo. Il ritmo di gioco \u00e8 molto basso e le due formazioni sembrano volersi scoprire. Intanto i portieri sono spettatori non paganti di una partita brutta da vedere. Al 35\u2019 gli ospiti si portano in vantaggio. Confusione al limite dell\u2019area, pallone che filtra tra le gambe dei giocatori per poi essere spedito in fondo al sacco. Nella ripresa l\u2019Agordina entra in campo con un altro piglio e prova ad impensierire la squadra di Belluno. Nogar\u00e8 che si avvicina al raddoppio poco dopo quando con un tiro da fuori che scheggia la traversa. Sembrano in difficolt\u00e0 gli uomini di Lorenzi che non riescono a reagire come si deve. Minuti finali della partita, in pieno recupero, il Nogar\u00e8 chiude la sfida con un contropiede fulminante.<\/p>\n<p>&nbsp;<\/p>\n<p><strong>GIOVANISSIMI PROVINCIALI \/ AGORDINA RIPOSO INVERNALE<\/strong><\/p>\n<p>&nbsp;<\/p>\n<p><strong>ALLIEVI REGIONALI \/ ISTRIANA \u2013 AGORDINA 3-1<\/strong><\/p>\n<p>Continua a perdere la squadra giovanile degli Allievi dell\u2019Agordina. In terra trevigiana la formazione allenata da Orzetti gioca bene ma torna a casa con l\u2019ennesima sconfitta stagionale. Sono tre le reti del Calcio Istriana rifilate alla compagine di Agordo nella partita di domenica mattina. L\u2019Agordina si deve accontentare del gol della bandiera a firma di Soccol. Ultima posizione in classifica per gli agordini con un solo punto messo a segno.<\/p>\n<p>&nbsp;<\/p>\n<p><strong>JUNIORES PROVINCIALI \/ AGORDINA RIPOSO INVERNALE<\/strong><\/p>\n<p>&nbsp;<\/p>\n<p><strong>JUNIORES REGIONALI \/ FIORI BARP \u2013 FULGOR TREVIGNANO 1-3 <\/strong><\/p>\n<p>Continua il periodo nero della squadra allenata da De Lazzer. I giovani sedicensi perdono in casa contro la Fulgor Trevignano e rimangono in fondo alla classifica del campionato Juniores Regionale. \u00a0I trevigiani espugnano il campo di Mas rifilando tre gol ai padroni di casa. Per il Fiori Barp il gol della bandiera a firma di Donazzolo. Sabato prossimo sedicensi di nuovo in campo per il derby bellunese con il Ponte Nelle Alpi.<\/p>\n<p>&nbsp;<\/p>\n<p>&nbsp;<\/p>\n<hr \/>\n<p>&nbsp;<\/p>\n<p><span style=\"color: #0000ff;\"><strong>HOCKEY SU GHIACCIO<\/strong><\/span><\/p>\n<blockquote>\n<h3 class=\"entry-title\">IL CORTINA VINCE LO SCUDETTO BATTENDO IL RENON ALL\u2019OLIMPICO<\/h3>\n<\/blockquote>\n<p><strong>CORTINA\u00a0<\/strong>La Sportivi Ghiaccio Cortina Hafro si aggiudica l\u201989esima edizione della IHL \u2013 Serie A dopo aver superato, sul ghiaccio di casa dell\u2019Olimpico, i Rittner Buam per 2 a 1. Decide un goal nel secondo tempo di Michael Zanatta. Per i padroni di casa si tratta del 17esimo Scudetto della loro storia. L\u2019ultimo successo dei biancocelesti era stato conquistato nella stagione 2006\/07. (Foto Serena Fantini)<\/p>\n<p class=\"photoswipe-wrapper\"><a class=\"dt-pswp-item pspw-wrap-ready\" href=\"https:\/\/www.radiopiu.net\/wordpress\/wp-content\/uploads\/2023\/02\/d4ef04fe-1594-d758-0acb-a8e7402b0fc5.jpg\" data-dt-img-description=\"\" data-large_image_width=\"1151\" data-large_image_height=\"562\"><img loading=\"lazy\" decoding=\"async\" class=\"wp-image-321632 aligncenter\" src=\"https:\/\/www.radiopiu.net\/wordpress\/wp-content\/uploads\/2023\/02\/d4ef04fe-1594-d758-0acb-a8e7402b0fc5-1024x500.jpg\" sizes=\"auto, (max-width: 1024px) 100vw, 1024px\" srcset=\"https:\/\/www.radiopiu.net\/wordpress\/wp-content\/uploads\/2023\/02\/d4ef04fe-1594-d758-0acb-a8e7402b0fc5-1024x500.jpg 1024w, https:\/\/www.radiopiu.net\/wordpress\/wp-content\/uploads\/2023\/02\/d4ef04fe-1594-d758-0acb-a8e7402b0fc5-300x146.jpg 300w, https:\/\/www.radiopiu.net\/wordpress\/wp-content\/uploads\/2023\/02\/d4ef04fe-1594-d758-0acb-a8e7402b0fc5-768x375.jpg 768w, https:\/\/www.radiopiu.net\/wordpress\/wp-content\/uploads\/2023\/02\/d4ef04fe-1594-d758-0acb-a8e7402b0fc5.jpg 1151w\" alt=\"\" width=\"492\" height=\"240\" \/><\/a><\/p>\n<p>&nbsp;<\/p>\n<p>&nbsp;<\/p>\n<blockquote>\n<h3>L&#8217;ALLEGHE CROLLA A BRESSANONE, 11 GOL RIFILATI AGLI AGORDINI<\/h3>\n<\/blockquote>\n<p><strong><a class=\"dt-pswp-item\" href=\"https:\/\/www.radiopiu.net\/wordpress\/wp-content\/uploads\/2019\/02\/704B3B5E-C6E2-4913-81FA-D6D96DABDD98.jpeg\" data-dt-img-description=\"\" data-large_image_width=\"1200\" data-large_image_height=\"800\"><img loading=\"lazy\" decoding=\"async\" class=\" wp-image-75954 alignleft\" src=\"https:\/\/www.radiopiu.net\/wordpress\/wp-content\/uploads\/2019\/02\/704B3B5E-C6E2-4913-81FA-D6D96DABDD98-300x200.jpeg\" alt=\"\" width=\"200\" height=\"133\" srcset=\"https:\/\/www.radiopiu.net\/wordpress\/wp-content\/uploads\/2019\/02\/704B3B5E-C6E2-4913-81FA-D6D96DABDD98-300x200.jpeg 300w, https:\/\/www.radiopiu.net\/wordpress\/wp-content\/uploads\/2019\/02\/704B3B5E-C6E2-4913-81FA-D6D96DABDD98-768x512.jpeg 768w, https:\/\/www.radiopiu.net\/wordpress\/wp-content\/uploads\/2019\/02\/704B3B5E-C6E2-4913-81FA-D6D96DABDD98-1024x683.jpeg 1024w, https:\/\/www.radiopiu.net\/wordpress\/wp-content\/uploads\/2019\/02\/704B3B5E-C6E2-4913-81FA-D6D96DABDD98.jpeg 1200w\" sizes=\"auto, (max-width: 200px) 100vw, 200px\" \/><\/a>di Marco Gaz<\/strong><\/p>\n<p><strong>BRESSANONE \u2013 ALLEGHE 11-1<\/strong><\/p>\n<p>PARZIALI: 4-0, 3-0, 4-1<\/p>\n<p>GOL: pt. 4\u201902\u201d Cianfrone, 8\u201933\u201d F. Demetz, 12\u201917\u201d A. Demetz, 16\u201914\u201d Tauber. st. 7\u201916\u201d Kershbaumer, 14\u201938\u201d Cianfrone, 14\u201945\u201d Eruzione. tt. 3\u201920\u201d Tauber, 8\u201926\u201d Giolai, 11\u201906\u201d Purdeller, 14\u201918\u201d Covelli, 18\u201917\u201d Eruzione<\/p>\n<p>Il Bressanone fa un sol boccone dell\u2019Alleghe nella terz\u2019ultima partita della seconda fase della IHL. Partita a senso unico che ha visto i falchi chiudere la partita dopo soli 30\u2019. Civette in difficolt\u00e0 che gioca abbastanza bene nel terzo tempo trovando la rete della bandiera. Ora ultime partite per i biancorossi che ormai chiuderanno il campionato all\u2019ultimo posto in classifica. Dura pochi minuti l\u2019imbattibilit\u00e0 dell\u2019Alleghe che al 4\u2019 si trova gi\u00e0 sotto di una rete. Il Bressanone sblocca la sfida con Cianfrone. Padroni di casa che si fanno pericolosi e provano a sfruttare una superiorit\u00e0 numerica ma senza risultati. La seconda rete altoatesina arriva poco dopo con Demetz che buca De Nardin con un tiro dalla linea blu. Spengono la luce gli agordini che lasciano troppi spazi ai brissinesi. Arriva la terza marcatura della serata con Andrea Demetz. Nel finale del primo tempo il Bressanone cala il poker, la firma del gol \u00e8 di Tauber. Drittel centrale con i biancorossi che iniziano con un buon piglio cercando di creare qualche azione offensiva. Padroni di casa che non si lasciano sorprendere e che rispondono ad ogni occasione. Giolai si avvicina al gol ma il golie brissinese nega il gol. Intanto gli altoatesini mettono al sicuro il risultato con la rete di Kershbaumer. Prima della seconda sirena Cianfrone ed Eruzione portano a sette le reti dei padroni di casa. Nella terza frazione arriva l\u2019ottavo gol brissinese ma le civette riescono a siglare il gol della bandiera con Giolai. I falchi non demordono e vanno di nuovo a segno per altre tre volte prima dell\u2019ultima sirena.<\/p>\n<p>&nbsp;<\/p>\n<blockquote>\n<h3>L&#8217;ITALIA CHIUDE AL SECONDO POSTO IL TORNEO 4 NAZIONI &#8220;MICHELE BOLOGNINI<\/h3>\n<\/blockquote>\n<p><strong><a class=\"dt-pswp-item\" href=\"https:\/\/www.radiopiu.net\/wordpress\/wp-content\/uploads\/2023\/02\/188fbedc-d677-63ea-d2e0-1a1d21c79931-scaled.jpg\" data-dt-img-description=\"\" data-large_image_width=\"2560\" data-large_image_height=\"1707\"><img loading=\"lazy\" decoding=\"async\" class=\" wp-image-321642 alignleft\" src=\"https:\/\/www.radiopiu.net\/wordpress\/wp-content\/uploads\/2023\/02\/188fbedc-d677-63ea-d2e0-1a1d21c79931-300x200.jpg\" alt=\"\" width=\"186\" height=\"124\" srcset=\"https:\/\/www.radiopiu.net\/wordpress\/wp-content\/uploads\/2023\/02\/188fbedc-d677-63ea-d2e0-1a1d21c79931-300x200.jpg 300w, https:\/\/www.radiopiu.net\/wordpress\/wp-content\/uploads\/2023\/02\/188fbedc-d677-63ea-d2e0-1a1d21c79931-1024x683.jpg 1024w, https:\/\/www.radiopiu.net\/wordpress\/wp-content\/uploads\/2023\/02\/188fbedc-d677-63ea-d2e0-1a1d21c79931-768x512.jpg 768w, https:\/\/www.radiopiu.net\/wordpress\/wp-content\/uploads\/2023\/02\/188fbedc-d677-63ea-d2e0-1a1d21c79931-1536x1024.jpg 1536w, https:\/\/www.radiopiu.net\/wordpress\/wp-content\/uploads\/2023\/02\/188fbedc-d677-63ea-d2e0-1a1d21c79931-2048x1366.jpg 2048w\" sizes=\"auto, (max-width: 186px) 100vw, 186px\" \/><\/a>BOLZANO <\/strong>Secondo posto al Torneo 4 Nazioni &#8220;Michele Bolognini&#8221; per la Nazionale italiana di hockey, che alla Sparkasse Arena di Bolzano supera per 5 a 2 la Corea del Sud e termina il girone a 7 punti, gli stessi della Slovenia: gli scontri diretti, per\u00f2, premiano la compagine di coach Kopitar, che era gi\u00e0 sicura del successo dopo il 2 a 1 ai rigori maturato nel primo pomeriggio contro l&#8217;Ungheria. Per gli Azzurri, spinti dalla decisiva doppietta di Phil Pietroniro, si tratta di un altro ottimo risultato dopo la vittoria dell&#8217;Euro Ice Hockey Challenge di Budapest. Dopo il rush finale di stagione nelle rispettive squadre di club, gli Azzurri torneranno a riunirsi nel mese di aprile in vista del successivo Mondiale di 1^ Divisione Gruppo A di Nottingham: l&#8217;obiettivo \u00e8 quello di riconquistare la Top Division. (Foto: Valentina Gallina)<\/p>\n<p>&nbsp;<\/p>\n<p>&nbsp;<\/p>\n<hr \/>\n<p>&nbsp;<\/p>\n<p><span style=\"color: #0000ff;\"><strong>CALCIO A 5<\/strong><\/span><\/p>\n<blockquote>\n<h3>LA CANOTTIERI INCAMERA 3 PUNTI CONTRO L&#8217;ISOLA<\/h3>\n<\/blockquote>\n<p><strong><a class=\"dt-pswp-item\" href=\"https:\/\/www.radiopiu.net\/wordpress\/wp-content\/uploads\/2023\/01\/CANOTTIERI-FOTO-UFF-2023.jpg\" data-dt-img-description=\"\" data-large_image_width=\"2048\" data-large_image_height=\"1152\"><img loading=\"lazy\" decoding=\"async\" class=\" wp-image-317997 alignleft\" src=\"https:\/\/www.radiopiu.net\/wordpress\/wp-content\/uploads\/2023\/01\/CANOTTIERI-FOTO-UFF-2023-300x169.jpg\" alt=\"\" width=\"225\" height=\"127\" srcset=\"https:\/\/www.radiopiu.net\/wordpress\/wp-content\/uploads\/2023\/01\/CANOTTIERI-FOTO-UFF-2023-300x169.jpg 300w, https:\/\/www.radiopiu.net\/wordpress\/wp-content\/uploads\/2023\/01\/CANOTTIERI-FOTO-UFF-2023-1024x576.jpg 1024w, https:\/\/www.radiopiu.net\/wordpress\/wp-content\/uploads\/2023\/01\/CANOTTIERI-FOTO-UFF-2023-768x432.jpg 768w, https:\/\/www.radiopiu.net\/wordpress\/wp-content\/uploads\/2023\/01\/CANOTTIERI-FOTO-UFF-2023-1536x864.jpg 1536w, https:\/\/www.radiopiu.net\/wordpress\/wp-content\/uploads\/2023\/01\/CANOTTIERI-FOTO-UFF-2023.jpg 2048w\" sizes=\"auto, (max-width: 225px) 100vw, 225px\" \/><\/a>SERIE B GIRONE B<\/strong><\/p>\n<p><strong>CANOTTIERI BELLUNO &#8211; ISOLA 5-1<\/strong><\/p>\n<p>Spes Arena: c&#8217;\u00e8 un&#8217; Isola che passa in vantaggio con capitan Concato ma c&#8217;\u00e8 anche una Canottieri presente, presentissima. Doppio capitan Reolon, Gheno, Dall&#8217;\u00d2 e Dal Farra: Canottieri batte Isola 5 a 1.<\/p>\n<p><strong>ANTONIO FIABANE, PORTAVOCE DELLA CANOTTIERI BELLUNO<\/strong><\/p>\n<audio class=\"wp-audio-shortcode\" id=\"audio-321529-13\" preload=\"none\" style=\"width: 100%;\" controls=\"controls\"><source type=\"audio\/mpeg\" src=\"https:\/\/www.radiopiu.net\/wordpress\/wp-content\/uploads\/2023\/02\/CANOTTIERI-SITO-1.mp3?_=13\" \/><a href=\"https:\/\/www.radiopiu.net\/wordpress\/wp-content\/uploads\/2023\/02\/CANOTTIERI-SITO-1.mp3\">https:\/\/www.radiopiu.net\/wordpress\/wp-content\/uploads\/2023\/02\/CANOTTIERI-SITO-1.mp3<\/a><\/audio>\n<p>&nbsp;<\/p>\n<hr \/>\n<p>&nbsp;<\/p>\n<p><span style=\"color: #0000ff;\"><strong>PATTINAGGIO ARTISTICO<\/strong><\/span><\/p>\n<blockquote>\n<h3>AGORDINO GHIACCIO E SPORT AD ASIAGO<\/h3>\n<\/blockquote>\n<p><strong>REDAZIONE<\/strong> La prima gara veneta del campionato FISG per le pattinatrici dell&#8217;Agordino Ghiaccio e Sport si \u00e8 svolta ad Asiago. Nella categoria novice B secondo posto per Matilde\u00a0 Rosson; nella categoria\u00a0 interpretativo primo gradino del podio per Gaia Serafini e secondo di Stephanie Tibolla, quarta Paola Galligani. Tra i principianti vittorie per Cristina Torner e Anita Serafini.<em> &#8220;Poi ci sono i pulcini &#8211; spiega Valeria Rosson, ma\u00a0 sono ancora troppo piccole per la classifica, sono per\u00f2 state meravigliose Sophia Petri e Rita Masiero<\/em>&#8221;<\/p>\n\n\t\t\t<style type='text\/css'>\n\t\t\t\t#gallery-12 {\n\t\t\t\t\tmargin: auto;\n\t\t\t\t}\n\t\t\t\t#gallery-12 .gallery-item {\n\t\t\t\t\tfloat: left;\n\t\t\t\t\tmargin-top: 10px;\n\t\t\t\t\ttext-align: center;\n\t\t\t\t\twidth: 25%;\n\t\t\t\t}\n\t\t\t\t#gallery-12 img {\n\t\t\t\t\tborder: 2px solid #cfcfcf;\n\t\t\t\t}\n\t\t\t\t#gallery-12 .gallery-caption {\n\t\t\t\t\tmargin-left: 0;\n\t\t\t\t}\n\t\t\t\t\/* see gallery_shortcode() in wp-includes\/media.php *\/\n\t\t\t<\/style>\n\t\t<div id='gallery-12' class='dt-gallery-container gallery galleryid-321529 gallery-columns-4 gallery-size-thumbnail'><dl class='gallery-item'>\n\t\t\t\t<dt class='gallery-icon landscape'>\n\t\t\t\t\t<a class=\"rollover rollover-zoom dt-pswp-item\" title=\"330680519_1190005938369263_1125034308834335645_n\" data-dt-img-description=\"\" data-large_image_width=\"1124\" data-large_image_height=\"950\"href='https:\/\/www.radiopiu.net\/wordpress\/wp-content\/uploads\/2023\/02\/330680519_1190005938369263_1125034308834335645_n.jpg'><img loading=\"lazy\" decoding=\"async\" width=\"150\" height=\"150\" src=\"https:\/\/www.radiopiu.net\/wordpress\/wp-content\/uploads\/2023\/02\/330680519_1190005938369263_1125034308834335645_n-150x150.jpg\" class=\"attachment-thumbnail size-thumbnail\" alt=\"\" \/><\/a>\n\t\t\t\t<\/dt><\/dl><dl class='gallery-item'>\n\t\t\t\t<dt class='gallery-icon landscape'>\n\t\t\t\t\t<a class=\"rollover rollover-zoom dt-pswp-item\" title=\"330604619_861650041616661_5247695955833192663_n\" data-dt-img-description=\"\" data-large_image_width=\"1287\" data-large_image_height=\"1015\"href='https:\/\/www.radiopiu.net\/wordpress\/wp-content\/uploads\/2023\/02\/330604619_861650041616661_5247695955833192663_n.jpg'><img loading=\"lazy\" decoding=\"async\" width=\"150\" height=\"150\" src=\"https:\/\/www.radiopiu.net\/wordpress\/wp-content\/uploads\/2023\/02\/330604619_861650041616661_5247695955833192663_n-150x150.jpg\" class=\"attachment-thumbnail size-thumbnail\" alt=\"\" \/><\/a>\n\t\t\t\t<\/dt><\/dl><dl class='gallery-item'>\n\t\t\t\t<dt class='gallery-icon portrait'>\n\t\t\t\t\t<a class=\"rollover rollover-zoom dt-pswp-item\" title=\"330651160_585827073076410_8595105045778658352_n\" data-dt-img-description=\"\" data-large_image_width=\"1200\" data-large_image_height=\"1600\"href='https:\/\/www.radiopiu.net\/wordpress\/wp-content\/uploads\/2023\/02\/330651160_585827073076410_8595105045778658352_n.jpg'><img loading=\"lazy\" decoding=\"async\" width=\"150\" height=\"150\" src=\"https:\/\/www.radiopiu.net\/wordpress\/wp-content\/uploads\/2023\/02\/330651160_585827073076410_8595105045778658352_n-150x150.jpg\" class=\"attachment-thumbnail size-thumbnail\" alt=\"\" \/><\/a>\n\t\t\t\t<\/dt><\/dl><dl class='gallery-item'>\n\t\t\t\t<dt class='gallery-icon portrait'>\n\t\t\t\t\t<a class=\"rollover rollover-zoom dt-pswp-item\" title=\"330836959_3332857993604722_8754660175096784366_n\" data-dt-img-description=\"\" data-large_image_width=\"920\" data-large_image_height=\"1141\"href='https:\/\/www.radiopiu.net\/wordpress\/wp-content\/uploads\/2023\/02\/330836959_3332857993604722_8754660175096784366_n.jpg'><img loading=\"lazy\" decoding=\"async\" width=\"150\" height=\"150\" src=\"https:\/\/www.radiopiu.net\/wordpress\/wp-content\/uploads\/2023\/02\/330836959_3332857993604722_8754660175096784366_n-150x150.jpg\" class=\"attachment-thumbnail size-thumbnail\" alt=\"\" \/><\/a>\n\t\t\t\t<\/dt><\/dl><br style=\"clear: both\" \/><dl class='gallery-item'>\n\t\t\t\t<dt class='gallery-icon portrait'>\n\t\t\t\t\t<a class=\"rollover rollover-zoom dt-pswp-item\" title=\"330895444_488593450152073_6810911627349247950_n\" data-dt-img-description=\"\" data-large_image_width=\"1039\" data-large_image_height=\"1315\"href='https:\/\/www.radiopiu.net\/wordpress\/wp-content\/uploads\/2023\/02\/330895444_488593450152073_6810911627349247950_n.jpg'><img loading=\"lazy\" decoding=\"async\" width=\"150\" height=\"150\" src=\"https:\/\/www.radiopiu.net\/wordpress\/wp-content\/uploads\/2023\/02\/330895444_488593450152073_6810911627349247950_n-150x150.jpg\" class=\"attachment-thumbnail size-thumbnail\" alt=\"\" \/><\/a>\n\t\t\t\t<\/dt><\/dl><dl class='gallery-item'>\n\t\t\t\t<dt class='gallery-icon portrait'>\n\t\t\t\t\t<a class=\"rollover rollover-zoom dt-pswp-item\" title=\"330896706_882697172940703_437003863302444090_n\" data-dt-img-description=\"\" data-large_image_width=\"1200\" data-large_image_height=\"1600\"href='https:\/\/www.radiopiu.net\/wordpress\/wp-content\/uploads\/2023\/02\/330896706_882697172940703_437003863302444090_n.jpg'><img loading=\"lazy\" decoding=\"async\" width=\"150\" height=\"150\" src=\"https:\/\/www.radiopiu.net\/wordpress\/wp-content\/uploads\/2023\/02\/330896706_882697172940703_437003863302444090_n-150x150.jpg\" class=\"attachment-thumbnail size-thumbnail\" alt=\"\" \/><\/a>\n\t\t\t\t<\/dt><\/dl><dl class='gallery-item'>\n\t\t\t\t<dt class='gallery-icon portrait'>\n\t\t\t\t\t<a class=\"rollover rollover-zoom dt-pswp-item\" title=\"330676078_920783589355884_8991575651550444880_n\" data-dt-img-description=\"\" data-large_image_width=\"528\" data-large_image_height=\"1209\"href='https:\/\/www.radiopiu.net\/wordpress\/wp-content\/uploads\/2023\/02\/330676078_920783589355884_8991575651550444880_n.jpg'><img loading=\"lazy\" decoding=\"async\" width=\"150\" height=\"150\" src=\"https:\/\/www.radiopiu.net\/wordpress\/wp-content\/uploads\/2023\/02\/330676078_920783589355884_8991575651550444880_n-150x150.jpg\" class=\"attachment-thumbnail size-thumbnail\" alt=\"\" \/><\/a>\n\t\t\t\t<\/dt><\/dl><dl class='gallery-item'>\n\t\t\t\t<dt class='gallery-icon portrait'>\n\t\t\t\t\t<a class=\"rollover rollover-zoom dt-pswp-item\" title=\"330606410_712687996972462_6162795075668756572_n\" data-dt-img-description=\"\" data-large_image_width=\"750\" data-large_image_height=\"1600\"href='https:\/\/www.radiopiu.net\/wordpress\/wp-content\/uploads\/2023\/02\/330606410_712687996972462_6162795075668756572_n.jpg'><img loading=\"lazy\" decoding=\"async\" width=\"150\" height=\"150\" src=\"https:\/\/www.radiopiu.net\/wordpress\/wp-content\/uploads\/2023\/02\/330606410_712687996972462_6162795075668756572_n-150x150.jpg\" class=\"attachment-thumbnail size-thumbnail\" alt=\"\" \/><\/a>\n\t\t\t\t<\/dt><\/dl><br style=\"clear: both\" \/>\n\t\t\t<\/div>\n\n<p>&nbsp;<\/p>\n<hr \/>\n<p>&nbsp;<\/p>\n<p><span style=\"color: #0000ff;\"><strong>PALLAVOLO<\/strong><\/span><\/p>\n<blockquote>\n<h3>UN PUNTO PER IL VOLLEY CLUB AGORDINO CHE PERDE AL TIE BREAK CON IL MONASTIER<\/h3>\n<\/blockquote>\n<p><strong><a class=\"dt-pswp-item\" href=\"https:\/\/www.radiopiu.net\/wordpress\/wp-content\/uploads\/2021\/03\/VOLLEY.jpg\" data-dt-img-description=\"\" data-large_image_width=\"1280\" data-large_image_height=\"853\"><img loading=\"lazy\" decoding=\"async\" class=\" wp-image-196965 alignleft\" src=\"https:\/\/www.radiopiu.net\/wordpress\/wp-content\/uploads\/2021\/03\/VOLLEY-300x200.jpg\" alt=\"\" width=\"173\" height=\"115\" srcset=\"https:\/\/www.radiopiu.net\/wordpress\/wp-content\/uploads\/2021\/03\/VOLLEY-300x200.jpg 300w, https:\/\/www.radiopiu.net\/wordpress\/wp-content\/uploads\/2021\/03\/VOLLEY-1024x682.jpg 1024w, https:\/\/www.radiopiu.net\/wordpress\/wp-content\/uploads\/2021\/03\/VOLLEY-768x512.jpg 768w, https:\/\/www.radiopiu.net\/wordpress\/wp-content\/uploads\/2021\/03\/VOLLEY.jpg 1280w\" sizes=\"auto, (max-width: 173px) 100vw, 173px\" \/><\/a>VOLLEY CLUB AGORDINO &#8211; MONASTIER 2-3 (24-26, 25-20, 23-25, 25-18, 12-15)<\/strong><\/p>\n<p>Il Volley Club Agordino perde al tie break con il Monastier. Una sconfitta a testa altissima per le ragazze di De Nardin che hanno lottato con le unghie e con i denti pur di portare a casa il risultato ma le trevigiane l&#8217;hanno spuntata al quinto set. Match giocato alla pari tra le due formazioni con botta e risposta fin dal primo parziale finito 24 a 26 per la squadra ospite. Le agordine alzano la testa e portano a casa il secondo periodo. Una lotta punto a punto anche nel terzo set con il Monastier che conquista il secondo punto della serata. Rispondono le padrone di casa nel quarto periodo ma al tie break le trevigiane riescono a portare a casa la vittoria. Sono 18 i punti in classifica per il Volley Club Agordino che milita a met\u00e0 graduatoria.<\/p>\n<p><strong>ALEXANDRA PUGLIA, GIOCATRICE DEL VOLLEY CLUB AGORDINO<\/strong><\/p>\n<audio class=\"wp-audio-shortcode\" id=\"audio-321529-14\" preload=\"none\" style=\"width: 100%;\" controls=\"controls\"><source type=\"audio\/mpeg\" src=\"https:\/\/www.radiopiu.net\/wordpress\/wp-content\/uploads\/2023\/02\/ALEXANDRA-PUGLIA.mp3?_=14\" \/><a href=\"https:\/\/www.radiopiu.net\/wordpress\/wp-content\/uploads\/2023\/02\/ALEXANDRA-PUGLIA.mp3\">https:\/\/www.radiopiu.net\/wordpress\/wp-content\/uploads\/2023\/02\/ALEXANDRA-PUGLIA.mp3<\/a><\/audio>\n<p>&nbsp;<\/p>\n<blockquote>\n<h3>LE LUPE STRAPPANO UN SET AL DOLO<\/h3>\n<\/blockquote>\n<p><b><a class=\"dt-pswp-item\" href=\"https:\/\/www.radiopiu.net\/wordpress\/wp-content\/uploads\/2023\/02\/Coach_Nesello_e_le_lupe_durante_una_pausa.jpg\" data-dt-img-description=\"\" data-large_image_width=\"1555\" data-large_image_height=\"1037\"><img loading=\"lazy\" decoding=\"async\" class=\" wp-image-321641 alignleft\" src=\"https:\/\/www.radiopiu.net\/wordpress\/wp-content\/uploads\/2023\/02\/Coach_Nesello_e_le_lupe_durante_una_pausa-300x200.jpg\" alt=\"\" width=\"167\" height=\"111\" srcset=\"https:\/\/www.radiopiu.net\/wordpress\/wp-content\/uploads\/2023\/02\/Coach_Nesello_e_le_lupe_durante_una_pausa-300x200.jpg 300w, https:\/\/www.radiopiu.net\/wordpress\/wp-content\/uploads\/2023\/02\/Coach_Nesello_e_le_lupe_durante_una_pausa-1024x683.jpg 1024w, https:\/\/www.radiopiu.net\/wordpress\/wp-content\/uploads\/2023\/02\/Coach_Nesello_e_le_lupe_durante_una_pausa-768x512.jpg 768w, https:\/\/www.radiopiu.net\/wordpress\/wp-content\/uploads\/2023\/02\/Coach_Nesello_e_le_lupe_durante_una_pausa-1536x1024.jpg 1536w, https:\/\/www.radiopiu.net\/wordpress\/wp-content\/uploads\/2023\/02\/Coach_Nesello_e_le_lupe_durante_una_pausa.jpg 1555w\" sizes=\"auto, (max-width: 167px) 100vw, 167px\" \/><\/a>VOLLEY DOLO-HL IMMOBILIARE BELLUNO 3-1 (<\/b><strong>25-21, 14-25, 25-11, 25-17)<\/strong><\/p>\n<p>Sulla carta era una trasferta proibitiva. Sul campo, invece, assai meno. Perch\u00e9 la Pallavolo Femminile Belluno si \u00e8 presa il lusso di strappare un set, e con ben 11 lunghezze di margine, a una delle squadre pi\u00f9 attrezzate del campionato femminile di serie C: il <b>Dolo<\/b>. Alla lunga, per\u00f2, la formazione veneziana \u00e8 riuscita a far valere le sue qualit\u00e0 e una potenza di fuoco in attacco che ha fatto la differenza. E impedito al gruppo di coach Nesello di andare a punti per la quinta volta di fila. In ogni caso, anche se non ha prodotto punti, il confronto nella tana della vice capolista ha lasciato diverse indicazioni positive. Le bellunesi escono dal confronto a testa altissima. E con grande fiducia.<\/p>\n<p>&nbsp;<\/p>\n<hr \/>\n<p>&nbsp;<\/p>\n<blockquote>\n<h3>LA PALLAVOLO BELLUNO S&#8217;IMPONE CON LA VICE CAPOLISTA<\/h3>\n<\/blockquote>\n<p><strong><em><span class=\"gmail-Apple-converted-space\"><a class=\"dt-pswp-item\" href=\"https:\/\/www.radiopiu.net\/wordpress\/wp-content\/uploads\/2023\/02\/La_gioia_di_Maccabruni_compagni.jpg\" data-dt-img-description=\"\" data-large_image_width=\"1280\" data-large_image_height=\"853\"><img loading=\"lazy\" decoding=\"async\" class=\"size-medium wp-image-321784 alignleft\" src=\"https:\/\/www.radiopiu.net\/wordpress\/wp-content\/uploads\/2023\/02\/La_gioia_di_Maccabruni_compagni-300x200.jpg\" alt=\"\" width=\"300\" height=\"200\" srcset=\"https:\/\/www.radiopiu.net\/wordpress\/wp-content\/uploads\/2023\/02\/La_gioia_di_Maccabruni_compagni-300x200.jpg 300w, https:\/\/www.radiopiu.net\/wordpress\/wp-content\/uploads\/2023\/02\/La_gioia_di_Maccabruni_compagni-1024x682.jpg 1024w, https:\/\/www.radiopiu.net\/wordpress\/wp-content\/uploads\/2023\/02\/La_gioia_di_Maccabruni_compagni-768x512.jpg 768w, https:\/\/www.radiopiu.net\/wordpress\/wp-content\/uploads\/2023\/02\/La_gioia_di_Maccabruni_compagni.jpg 1280w\" sizes=\"auto, (max-width: 300px) 100vw, 300px\" \/><\/a><\/span><\/em>BELLUNO PINETO 3-2<\/strong> PARZIALI: 30-28, 22-25, 22-25, 28-26, 15-8.\u00a0 BELLUNO: Maccabruni 7, Novello 23, Saibene 11, Graziani 16, Mozzato 9, Stufano 11; Martinez (L), Guastamacchia, Ostuzzi 3. N.e. Paganin, Candeago, Galliani, Guolla, Pierobon (L). Allenatore: G. Colussi.<\/p>\n<p>La Pallavolo Belluno vince\u00a0 al tie-break contro la corazzata Pineto,\u00a0 nel quarto parziale, ha annullato il match-ball dell\u20191-3. Ha danzato sul filo, \u00e8 rimasta in piedi. E si \u00e8 regalata un finale da incorniciare, in cui ha avuto il merito di portare gli episodi decisivi dalla propria parte e ha saputo dosare il calore di uno spirito in ebollizione con la freddezza in termini di giocate e di scelte. Impeccabile Maccabruni in regia e non da meno Graziani in banda, mentre Novello si merita la palma di top scorer. Grazie a questi due punti, i bellunesi rimangono quinti, anche se\u00a0 raggiunti da San Giustino.<em><span class=\"gmail-Apple-converted-space\">\u00a0<\/span><\/em><\/p>\n<p>&nbsp;<\/p>\n<p>&nbsp;<\/p>\n<p>&nbsp;<\/p>\n<hr \/>\n<p>&nbsp;<\/p>\n<p><span style=\"color: #0000ff;\"><strong>SKIALP<\/strong><\/span><\/p>\n<blockquote>\n<h3>QUARTA POSIZIONE PER MARTINA SCOLA IN COPPA DEL MONDO GIOVANILE DI SKIALP<\/h3>\n<\/blockquote>\n<p><strong><a class=\"dt-pswp-item\" href=\"https:\/\/www.radiopiu.net\/wordpress\/wp-content\/uploads\/2023\/02\/SCR-20230211-jvk.jpeg\" data-dt-img-description=\"\" data-large_image_width=\"1148\" data-large_image_height=\"952\"><img loading=\"lazy\" decoding=\"async\" class=\" wp-image-321576 alignleft\" src=\"https:\/\/www.radiopiu.net\/wordpress\/wp-content\/uploads\/2023\/02\/SCR-20230211-jvk-300x249.jpeg\" alt=\"\" width=\"152\" height=\"126\" srcset=\"https:\/\/www.radiopiu.net\/wordpress\/wp-content\/uploads\/2023\/02\/SCR-20230211-jvk-300x249.jpeg 300w, https:\/\/www.radiopiu.net\/wordpress\/wp-content\/uploads\/2023\/02\/SCR-20230211-jvk-1024x849.jpeg 1024w, https:\/\/www.radiopiu.net\/wordpress\/wp-content\/uploads\/2023\/02\/SCR-20230211-jvk-768x637.jpeg 768w, https:\/\/www.radiopiu.net\/wordpress\/wp-content\/uploads\/2023\/02\/SCR-20230211-jvk.jpeg 1148w\" sizes=\"auto, (max-width: 152px) 100vw, 152px\" \/><\/a>di Marco Gaz<\/strong><\/p>\n<p><strong>CREVACOL (VALLE D&#8217;AOSTA) <\/strong>Si chiude con un ottimo quarto posto la gara di Martina Scola sulle nevi valdostane in occasione del recupero delle gare di Coppa del Mondo giovanile di Skialp. La falcadina dello Sci Club Marmolada ha ben figurato nella sprint individual in programma sabato. Un ottimo periodo di forma per l&#8217;agordina che dopo il bel risultato negli EYOF al quinto posto e la seconda posizione della scorsa settimana a Sondrio nei campionati italiani, riesce a farsi valere anche nella Coppa del mondo.<\/p>\n<p>&nbsp;<\/p>\n<p>&nbsp;<\/p>\n<hr \/>\n<p>&nbsp;<\/p>\n<p><span style=\"color: #0000ff;\"><strong>SCI DI FONDO<\/strong><\/span><\/p>\n<blockquote>\n<h3>LORENZO BUSIN SESTO NELLA SPRINT IN REPUBBLICA CECA<\/h3>\n<\/blockquote>\n<p><strong><a class=\"dt-pswp-item\" href=\"https:\/\/www.radiopiu.net\/wordpress\/wp-content\/uploads\/2023\/02\/330163763_3472098869668442_5238355428904323099_n.jpg\" data-dt-img-description=\"\" data-large_image_width=\"593\" data-large_image_height=\"395\"><img loading=\"lazy\" decoding=\"async\" class=\" wp-image-321645 alignleft\" src=\"https:\/\/www.radiopiu.net\/wordpress\/wp-content\/uploads\/2023\/02\/330163763_3472098869668442_5238355428904323099_n-300x200.jpg\" alt=\"\" width=\"149\" height=\"99\" srcset=\"https:\/\/www.radiopiu.net\/wordpress\/wp-content\/uploads\/2023\/02\/330163763_3472098869668442_5238355428904323099_n-300x200.jpg 300w, https:\/\/www.radiopiu.net\/wordpress\/wp-content\/uploads\/2023\/02\/330163763_3472098869668442_5238355428904323099_n.jpg 593w\" sizes=\"auto, (max-width: 149px) 100vw, 149px\" \/><\/a>REDAZIONE<\/strong> \u00c8 andata in scena venerd\u00ec sera la Orlen Benzina Sprint, prologo di altissimo livello tecnico Jizersk\u00e1 50 Ski Classics. In gara anche Lorenzo Busin che ha chiuso la gara al sesto posto assoluto. Una gara molto partecipata con il ragazzo della Valle del Biois che ha ben figurato. Bene anche Mauro Brigadoi e Christian Lorenzi. Nella Jizersk\u00e1 50 Ski Classics Busin ha concluso la gara al 24\u00b0 posto, il migliore degli italiani in gara. Per lui la miglior prestazione in una gara del circuito Ski Classic.<\/p>\n<p>&nbsp;<\/p>\n<p>&nbsp;<\/p>\n<blockquote>\n<h3>LO SCI CLUB VAL BIOIS TRIONFA NEL MEMORIAL FABIO PELLEGRINI<\/h3>\n<\/blockquote>\n<p><strong>ROCCA PIETORE<\/strong> Sulla pista Aquile di Malga Ciapela, lo Sci Nordico Marmolada ha proposto il memorial Fabio Pellegrini di fondo. La gara era valida anche quale terza prova del Grand Prix Lattebusche per la circoscrizione Belluno-Treviso. Una giornata da incorniciare per lo Sci Club Val Biois che vince il Memorial staccando di pi\u00f9 di 300 punti lo Sci Club Cortina<\/p>\n<p><strong>PER LE CLASSIFICHE <a href=\"https:\/\/www.fisiveneto.com\/2023\/02\/12\/fondo-i-risultati-del-memorial-fabio-pellegrini\/\">CLICCA QUI<\/a><\/strong><\/p>\n\n\t\t\t<style type='text\/css'>\n\t\t\t\t#gallery-13 {\n\t\t\t\t\tmargin: auto;\n\t\t\t\t}\n\t\t\t\t#gallery-13 .gallery-item {\n\t\t\t\t\tfloat: left;\n\t\t\t\t\tmargin-top: 10px;\n\t\t\t\t\ttext-align: center;\n\t\t\t\t\twidth: 50%;\n\t\t\t\t}\n\t\t\t\t#gallery-13 img {\n\t\t\t\t\tborder: 2px solid #cfcfcf;\n\t\t\t\t}\n\t\t\t\t#gallery-13 .gallery-caption {\n\t\t\t\t\tmargin-left: 0;\n\t\t\t\t}\n\t\t\t\t\/* see gallery_shortcode() in wp-includes\/media.php *\/\n\t\t\t<\/style>\n\t\t<div id='gallery-13' class='dt-gallery-container gallery galleryid-321529 gallery-columns-2 gallery-size-medium'><dl class='gallery-item'>\n\t\t\t\t<dt class='gallery-icon landscape'>\n\t\t\t\t\t<a class=\"rollover rollover-zoom dt-pswp-item\" title=\"2d05775a-fd50-4c3d-8b97-c5678e4b4b41\" data-dt-img-description=\"\" data-large_image_width=\"767\" data-large_image_height=\"511\"href='https:\/\/www.radiopiu.net\/wordpress\/wp-content\/uploads\/2023\/02\/2d05775a-fd50-4c3d-8b97-c5678e4b4b41.jpg'><img loading=\"lazy\" decoding=\"async\" width=\"300\" height=\"200\" src=\"https:\/\/www.radiopiu.net\/wordpress\/wp-content\/uploads\/2023\/02\/2d05775a-fd50-4c3d-8b97-c5678e4b4b41-300x200.jpg\" class=\"attachment-medium size-medium\" alt=\"\" aria-describedby=\"gallery-13-321740\" srcset=\"https:\/\/www.radiopiu.net\/wordpress\/wp-content\/uploads\/2023\/02\/2d05775a-fd50-4c3d-8b97-c5678e4b4b41-300x200.jpg 300w, https:\/\/www.radiopiu.net\/wordpress\/wp-content\/uploads\/2023\/02\/2d05775a-fd50-4c3d-8b97-c5678e4b4b41.jpg 767w\" sizes=\"auto, (max-width: 300px) 100vw, 300px\" \/><\/a>\n\t\t\t\t<\/dt>\n\t\t\t\t\t<dd class='wp-caption-text gallery-caption' id='gallery-13-321740'>\n\t\t\t\t\tSCI CLUB VAL BIOIS\n\t\t\t\t\t<\/dd><\/dl><dl class='gallery-item'>\n\t\t\t\t<dt class='gallery-icon landscape'>\n\t\t\t\t\t<a class=\"rollover rollover-zoom dt-pswp-item\" title=\"SCR-20230212-r9x\" data-dt-img-description=\"\" data-large_image_width=\"1422\" data-large_image_height=\"1028\"href='https:\/\/www.radiopiu.net\/wordpress\/wp-content\/uploads\/2023\/02\/SCR-20230212-r9x.jpeg'><img loading=\"lazy\" decoding=\"async\" width=\"300\" height=\"217\" src=\"https:\/\/www.radiopiu.net\/wordpress\/wp-content\/uploads\/2023\/02\/SCR-20230212-r9x-300x217.jpeg\" class=\"attachment-medium size-medium\" alt=\"\" aria-describedby=\"gallery-13-321741\" srcset=\"https:\/\/www.radiopiu.net\/wordpress\/wp-content\/uploads\/2023\/02\/SCR-20230212-r9x-300x217.jpeg 300w, https:\/\/www.radiopiu.net\/wordpress\/wp-content\/uploads\/2023\/02\/SCR-20230212-r9x-1024x740.jpeg 1024w, https:\/\/www.radiopiu.net\/wordpress\/wp-content\/uploads\/2023\/02\/SCR-20230212-r9x-768x555.jpeg 768w, https:\/\/www.radiopiu.net\/wordpress\/wp-content\/uploads\/2023\/02\/SCR-20230212-r9x.jpeg 1422w\" sizes=\"auto, (max-width: 300px) 100vw, 300px\" \/><\/a>\n\t\t\t\t<\/dt>\n\t\t\t\t\t<dd class='wp-caption-text gallery-caption' id='gallery-13-321741'>\n\t\t\t\t\tSCI NORDICO MARMOLADA\n\t\t\t\t\t<\/dd><\/dl><br style=\"clear: both\" \/>\n\t\t\t<\/div>\n\n<p>&nbsp;<\/p>\n<hr \/>\n<p>&nbsp;<\/p>\n<p><span style=\"color: #0000ff;\"><strong>MOTORI<\/strong><\/span><\/p>\n<blockquote>\n<h3>DENIS MEZZACASA SUBITO A PODIO NELLA GARA DI RIJEKA<\/h3>\n<\/blockquote>\n<p><a class=\"dt-pswp-item\" href=\"https:\/\/www.radiopiu.net\/wordpress\/wp-content\/uploads\/2023\/02\/b5aeed09-ff23-459c-8798-f1ec0b0e3a26.jpg\" data-dt-img-description=\"\" data-large_image_width=\"960\" data-large_image_height=\"720\"><img loading=\"lazy\" decoding=\"async\" class=\" wp-image-321656 alignleft\" src=\"https:\/\/www.radiopiu.net\/wordpress\/wp-content\/uploads\/2023\/02\/b5aeed09-ff23-459c-8798-f1ec0b0e3a26-300x225.jpg\" alt=\"\" width=\"179\" height=\"134\" srcset=\"https:\/\/www.radiopiu.net\/wordpress\/wp-content\/uploads\/2023\/02\/b5aeed09-ff23-459c-8798-f1ec0b0e3a26-300x225.jpg 300w, https:\/\/www.radiopiu.net\/wordpress\/wp-content\/uploads\/2023\/02\/b5aeed09-ff23-459c-8798-f1ec0b0e3a26-768x576.jpg 768w, https:\/\/www.radiopiu.net\/wordpress\/wp-content\/uploads\/2023\/02\/b5aeed09-ff23-459c-8798-f1ec0b0e3a26.jpg 960w\" sizes=\"auto, (max-width: 179px) 100vw, 179px\" \/><\/a><strong>RIJEKA (CROAZIA)<\/strong><\/p>\n<p>di Roberto Bona<\/p>\n<audio class=\"wp-audio-shortcode\" id=\"audio-321529-15\" preload=\"none\" style=\"width: 100%;\" controls=\"controls\"><source type=\"audio\/mpeg\" src=\"https:\/\/www.radiopiu.net\/wordpress\/wp-content\/uploads\/2023\/02\/BONA-DENIS-MEZZACASA.mp3?_=15\" \/><a href=\"https:\/\/www.radiopiu.net\/wordpress\/wp-content\/uploads\/2023\/02\/BONA-DENIS-MEZZACASA.mp3\">https:\/\/www.radiopiu.net\/wordpress\/wp-content\/uploads\/2023\/02\/BONA-DENIS-MEZZACASA.mp3<\/a><\/audio>\n<p>&nbsp;<\/p>\n<hr \/>\n<p>&nbsp;<\/p>\n<p><span style=\"color: #0000ff;\"><strong>ATLETICA<\/strong><\/span><\/p>\n<blockquote>\n<h3>ZAMBON AI PIEDI DEL PODIO TRICOLORE<\/h3>\n<\/blockquote>\n<p><strong><a class=\"dt-pswp-item\" href=\"https:\/\/www.radiopiu.net\/wordpress\/wp-content\/uploads\/2023\/02\/Zambon-Giorgia-con-il-tecnico-Johnny-Schievenin.jpg\" data-dt-img-description=\"\" data-large_image_width=\"768\" data-large_image_height=\"1024\"><img loading=\"lazy\" decoding=\"async\" class=\" wp-image-321756 alignleft\" src=\"https:\/\/www.radiopiu.net\/wordpress\/wp-content\/uploads\/2023\/02\/Zambon-Giorgia-con-il-tecnico-Johnny-Schievenin-225x300.jpg\" alt=\"\" width=\"113\" height=\"151\" srcset=\"https:\/\/www.radiopiu.net\/wordpress\/wp-content\/uploads\/2023\/02\/Zambon-Giorgia-con-il-tecnico-Johnny-Schievenin-225x300.jpg 225w, https:\/\/www.radiopiu.net\/wordpress\/wp-content\/uploads\/2023\/02\/Zambon-Giorgia-con-il-tecnico-Johnny-Schievenin.jpg 768w\" sizes=\"auto, (max-width: 113px) 100vw, 113px\" \/><\/a>BORGO VALBELLUNA <\/strong>Tre gradini pi\u00f9 in su, sino ad arrivare ad un soffio dal podio. E un record personale da incorniciare. Giorgia Zambon torna dai campionati italiani allievi indoor, andati in scena nel weekend ad Ancona, con un bel quarto posto nei 60 ostacoli. L\u2019allieva di Johnny Schievenin ha corso la finale in 8\u201d77, dopo che in semifinale aveva fermato il cronometro a 8\u201d60, 11\/100 meglio del record personale con cui era arrivata alla rassegna tricolore. Ottima anche la settima piazza di Chiara Da Pra nell\u2019alto: il suo 1.62, a 2 centimetri dal record personale indoor, vale moltissimo per una ragazza che risiede a Lozzo di Cadore e non sempre trova le condizioni ideali per allenarsi.\u00a0 La corsa di Martina Burigo (al primo anno di categoria) si \u00e8 fermata in batteria nei 60 ostacoli (9\u201d50, non lontana comunque dal personale), cos\u00ec come quella di Caterina Pison nei 60 (8\u201d15). Zambon, Burigo, Nora Cavacece e Pison sono poi giunte diciottesime nella staffetta 4&#215;1 giro, dove con 1\u201948\u201d49\u201d hanno limato 11\/100 al tempo realizzato il 29 gennaio a Padova.<\/p>\n<\/div>\n","protected":false},"excerpt":{"rendered":"<p>RADIO PIU INFORMAZIONE il canale su TELEGRAM informazione di prima\u00a0 mano e in tempo reale. iscriviti ed aiutaci a farlo conoscere\u00a0 \u00a0 \u00a0\u00a0 NOVITA&#8217; ALLA RADIO. DA OGGI NUOVO CICLO, IN COLLABORAZIONE CON AMA &#8220;AMA DOLOMITI PROMOZIONE E SOSTEGNO DEI GRUPPI DI AUTO MUTUO AIUTO DELLA PROVINCIA DI BELLUNO.&#8221; Opportunit\u00e0 per migliorare la propria qualit\u00e0&hellip;<\/p>\n","protected":false},"author":4,"featured_media":321613,"comment_status":"closed","ping_status":"closed","sticky":false,"template":"","format":"standard","meta":{"_monsterinsights_skip_tracking":false,"_monsterinsights_sitenote_active":false,"_monsterinsights_sitenote_note":"","_monsterinsights_sitenote_category":0,"footnotes":""},"categories":[51,86,49],"tags":[],"class_list":["post-321529","post","type-post","status-publish","format-standard","has-post-thumbnail","hentry","category-evidenza-top","category-gr","category-news-18","category-51","category-86","category-49","description-off"],"img_url":"https:\/\/www.radiopiu.net\/wordpress\/wp-content\/uploads\/2023\/02\/5496d10e-3af8-4007-8395-4fc3ca172a00.jpg","_links":{"self":[{"href":"https:\/\/www.radiopiu.net\/wordpress\/wp-json\/wp\/v2\/posts\/321529","targetHints":{"allow":["GET"]}}],"collection":[{"href":"https:\/\/www.radiopiu.net\/wordpress\/wp-json\/wp\/v2\/posts"}],"about":[{"href":"https:\/\/www.radiopiu.net\/wordpress\/wp-json\/wp\/v2\/types\/post"}],"author":[{"embeddable":true,"href":"https:\/\/www.radiopiu.net\/wordpress\/wp-json\/wp\/v2\/users\/4"}],"replies":[{"embeddable":true,"href":"https:\/\/www.radiopiu.net\/wordpress\/wp-json\/wp\/v2\/comments?post=321529"}],"version-history":[{"count":0,"href":"https:\/\/www.radiopiu.net\/wordpress\/wp-json\/wp\/v2\/posts\/321529\/revisions"}],"wp:featuredmedia":[{"embeddable":true,"href":"https:\/\/www.radiopiu.net\/wordpress\/wp-json\/wp\/v2\/media\/321613"}],"wp:attachment":[{"href":"https:\/\/www.radiopiu.net\/wordpress\/wp-json\/wp\/v2\/media?parent=321529"}],"wp:term":[{"taxonomy":"category","embeddable":true,"href":"https:\/\/www.radiopiu.net\/wordpress\/wp-json\/wp\/v2\/categories?post=321529"},{"taxonomy":"post_tag","embeddable":true,"href":"https:\/\/www.radiopiu.net\/wordpress\/wp-json\/wp\/v2\/tags?post=321529"}],"curies":[{"name":"wp","href":"https:\/\/api.w.org\/{rel}","templated":true}]}}