{"id":321555,"date":"2023-02-11T11:42:06","date_gmt":"2023-02-11T10:42:06","guid":{"rendered":"https:\/\/www.radiopiu.net\/wordpress\/?p=321555"},"modified":"2023-02-11T11:42:26","modified_gmt":"2023-02-11T10:42:26","slug":"disco-piu-dal-11-al-17-febbraio-2023","status":"publish","type":"post","link":"https:\/\/www.radiopiu.net\/wordpress\/disco-piu-dal-11-al-17-febbraio-2023\/","title":{"rendered":"DISCO PIU\u2019 DAL 11 AL 17 FEBBRAIO 2023"},"content":{"rendered":"<p><strong><a class=\"dt-pswp-item\" href=\"https:\/\/www.radiopiu.net\/wordpress\/wp-content\/uploads\/2023\/02\/marco-mengoni-lettergram-esecutivo-cover-due-vite-3000x3000-1-scaled.jpg\" data-dt-img-description=\"\" data-large_image_width=\"2560\" data-large_image_height=\"2560\"><img loading=\"lazy\" decoding=\"async\" class=\" wp-image-321556 alignleft\" src=\"https:\/\/www.radiopiu.net\/wordpress\/wp-content\/uploads\/2023\/02\/marco-mengoni-lettergram-esecutivo-cover-due-vite-3000x3000-1-300x300.jpg\" alt=\"\" width=\"204\" height=\"204\" srcset=\"https:\/\/www.radiopiu.net\/wordpress\/wp-content\/uploads\/2023\/02\/marco-mengoni-lettergram-esecutivo-cover-due-vite-3000x3000-1-300x300.jpg 300w, https:\/\/www.radiopiu.net\/wordpress\/wp-content\/uploads\/2023\/02\/marco-mengoni-lettergram-esecutivo-cover-due-vite-3000x3000-1-1024x1024.jpg 1024w, https:\/\/www.radiopiu.net\/wordpress\/wp-content\/uploads\/2023\/02\/marco-mengoni-lettergram-esecutivo-cover-due-vite-3000x3000-1-150x150.jpg 150w, https:\/\/www.radiopiu.net\/wordpress\/wp-content\/uploads\/2023\/02\/marco-mengoni-lettergram-esecutivo-cover-due-vite-3000x3000-1-768x768.jpg 768w, https:\/\/www.radiopiu.net\/wordpress\/wp-content\/uploads\/2023\/02\/marco-mengoni-lettergram-esecutivo-cover-due-vite-3000x3000-1-1536x1536.jpg 1536w, https:\/\/www.radiopiu.net\/wordpress\/wp-content\/uploads\/2023\/02\/marco-mengoni-lettergram-esecutivo-cover-due-vite-3000x3000-1-2048x2048.jpg 2048w\" sizes=\"auto, (max-width: 204px) 100vw, 204px\" \/><\/a>I SUCCESSI DI DOMANI<\/strong><\/p>\n<p><strong>LI ASCOLTI OGGI\u2026SU RADIO PIU\u2019<\/strong><\/p>\n<p><strong>IL DISCO PIU\u2019 DAL 11 AL 17 FEBBRAIO 2023 E\u2019:<\/strong><\/p>\n<p><strong>ARTISTA:<\/strong> <strong>Marco Mengoni<\/strong><\/p>\n<p><strong>TITOLO: Due Vite<\/strong><\/p>\n<p><strong>ETICHETTA: <\/strong><strong>Epic\/Sony Music<\/strong><\/p>\n<p><em>\u201cTorno a Sanremo con una canzone che racconta molto di me in questo momento, \u00e8 un viaggio intimo ma anche un invito a tutti noi ad accettare tutto quello che la vita ci offre, senza pensare a cosa dovrebbe o potrebbe essere. Tutto quello viviamo ci serve per crescere, anche i momenti di noia ci insegnano molto e ci fanno evolvere.\u201d <\/em>Due vite parla di rapporti, mettendo al centro la relazione pi\u00f9 intima, quella con se stessi, che si costruisce grazie alle diverse esperienze e vite che attraversiamo nel corso della nostra esistenza. Un racconto molto serrato con due livelli di lettura: un racconto onirico, ricco di immagini e figure legate all\u2019inconscio che si mischia a scene e dettagli molto realistici, autobiografici. Un invito ad affrontare la vita con onest\u00e0, senza rimpianti e senza pensare a cosa dovremmo o vorremmo essere, ad accettare anche gli errori come momenti di crescita. Questo brano rappresenta una riflessione sulla necessit\u00e0 di affrontare la vita godendosi realmente ogni attimo, da quelli di noia anche solo apparente ai sentimenti pi\u00f9 accesi, perch\u00e9 tutti sono parte della nostra esistenza. \u00c8 un viaggio fatto di incontri che guardano sia dentro di noi che fuori, agli altri, e che racconta di come sia solo il nostro inconscio a custodire la reale verit\u00e0 del sentimento che stiamo vivendo.\u00a0 Il brano scritto dallo stesso Mengoni con Davide Petrella e Davide Simonetta \u00e8 una ballad dalla struttura non classica, sia dal punto di vista strumentale, sia di sviluppo e arrangiamento vocale, questo ancora una volta curato da Marco stesso; la produzione del brano \u00e8 di E.D.D. e Simonetta.<\/p>\n<p>&nbsp;<\/p>\n<p><iframe loading=\"lazy\" title=\"Marco Mengoni - Due Vite (Official Video - Sanremo 2023)\" width=\"1200\" height=\"675\" src=\"https:\/\/www.youtube.com\/embed\/_iS4STWKSvk?feature=oembed\" frameborder=\"0\" allow=\"accelerometer; autoplay; clipboard-write; encrypted-media; gyroscope; picture-in-picture; web-share\" allowfullscreen><\/iframe><\/p>\n<p>&nbsp;<\/p>\n<p>&nbsp;<\/p>\n<p>********<\/p>\n<p>&nbsp;<\/p>\n","protected":false},"excerpt":{"rendered":"<p>I SUCCESSI DI DOMANI LI ASCOLTI OGGI\u2026SU RADIO PIU\u2019 IL DISCO PIU\u2019 DAL 11 AL 17 FEBBRAIO 2023 E\u2019: ARTISTA: Marco Mengoni TITOLO: Due Vite ETICHETTA: Epic\/Sony Music \u201cTorno a Sanremo con una canzone che racconta molto di me in questo momento, \u00e8 un viaggio intimo ma anche un invito a tutti noi ad accettare&hellip;<\/p>\n","protected":false},"author":4,"featured_media":321556,"comment_status":"closed","ping_status":"closed","sticky":false,"template":"","format":"standard","meta":{"_monsterinsights_skip_tracking":false,"_monsterinsights_sitenote_active":false,"_monsterinsights_sitenote_note":"","_monsterinsights_sitenote_category":0,"footnotes":""},"categories":[15],"tags":[],"class_list":["post-321555","post","type-post","status-publish","format-standard","has-post-thumbnail","hentry","category-discopiu","category-15","description-off"],"img_url":"https:\/\/www.radiopiu.net\/wordpress\/wp-content\/uploads\/2023\/02\/marco-mengoni-lettergram-esecutivo-cover-due-vite-3000x3000-1-scaled.jpg","_links":{"self":[{"href":"https:\/\/www.radiopiu.net\/wordpress\/wp-json\/wp\/v2\/posts\/321555","targetHints":{"allow":["GET"]}}],"collection":[{"href":"https:\/\/www.radiopiu.net\/wordpress\/wp-json\/wp\/v2\/posts"}],"about":[{"href":"https:\/\/www.radiopiu.net\/wordpress\/wp-json\/wp\/v2\/types\/post"}],"author":[{"embeddable":true,"href":"https:\/\/www.radiopiu.net\/wordpress\/wp-json\/wp\/v2\/users\/4"}],"replies":[{"embeddable":true,"href":"https:\/\/www.radiopiu.net\/wordpress\/wp-json\/wp\/v2\/comments?post=321555"}],"version-history":[{"count":0,"href":"https:\/\/www.radiopiu.net\/wordpress\/wp-json\/wp\/v2\/posts\/321555\/revisions"}],"wp:featuredmedia":[{"embeddable":true,"href":"https:\/\/www.radiopiu.net\/wordpress\/wp-json\/wp\/v2\/media\/321556"}],"wp:attachment":[{"href":"https:\/\/www.radiopiu.net\/wordpress\/wp-json\/wp\/v2\/media?parent=321555"}],"wp:term":[{"taxonomy":"category","embeddable":true,"href":"https:\/\/www.radiopiu.net\/wordpress\/wp-json\/wp\/v2\/categories?post=321555"},{"taxonomy":"post_tag","embeddable":true,"href":"https:\/\/www.radiopiu.net\/wordpress\/wp-json\/wp\/v2\/tags?post=321555"}],"curies":[{"name":"wp","href":"https:\/\/api.w.org\/{rel}","templated":true}]}}