{"id":321560,"date":"2023-02-11T11:57:23","date_gmt":"2023-02-11T10:57:23","guid":{"rendered":"https:\/\/www.radiopiu.net\/wordpress\/?p=321560"},"modified":"2023-02-11T11:57:23","modified_gmt":"2023-02-11T10:57:23","slug":"vigili-del-fuoco-pronti-per-partire-ed-aiutare-il-popolo-turco-terremotato-tra-loro-anche-4-bellunesi","status":"publish","type":"post","link":"https:\/\/www.radiopiu.net\/wordpress\/vigili-del-fuoco-pronti-per-partire-ed-aiutare-il-popolo-turco-terremotato-tra-loro-anche-4-bellunesi\/","title":{"rendered":"VIGILI DEL FUOCO PRONTI PER PARTIRE ED AIUTARE IL POPOLO TURCO TERREMOTATO. TRA LORO ANCHE 4 BELLUNESI"},"content":{"rendered":"<p><strong>REDAZIONE<\/strong> Questa sera alle 21 un contingente USAR (Urban Search And Rescue) del Veneto- Friuli Venezia Giulia dei Vigili del Fuoco composto da 15 unit\u00e0 guidate dall\u2019ing. Fracesco Cicirello funzionario del comando di Treviso, partiranno dall\u2019aeroporto di Pisa per raggiungere le zone terremotate in Turchia. Parte del contingente italiano partir\u00e0 anche dall\u2019aeroporto di Pratica di Mare. L&#8217;intero team \u00e8 formato da Vigili del Fuoco provenienti da varie regioni tra le quali Lazio e Lombardia e avvicenderanno le squadre gi\u00e0 presenti sul suolo Turco da marted\u00ec mattina. I Vigili del Fuoco del team Usar Veneto-Friuli Venezia Giulia in partenza alle 12:30 da Venezia per raggiungere Pisa sono cosi composti: un funzionario dal comando di Treviso, 4 vigili del fuoco del comando di Venezia tra cui un nucleo cinofilo, 4 vigili del fuoco del comando di Belluno tra cui un nucleo cinofilo, 2 vigili del fuoco del comando di Rovigo, un vigile del fuoco del comando di Verona, un vigile del fuoco del comando di Pordenone e 2 nuclei cinofili del comando di Gorizia.<\/p>\n\n\t\t\t<style type='text\/css'>\n\t\t\t\t#gallery-1 {\n\t\t\t\t\tmargin: auto;\n\t\t\t\t}\n\t\t\t\t#gallery-1 .gallery-item {\n\t\t\t\t\tfloat: left;\n\t\t\t\t\tmargin-top: 10px;\n\t\t\t\t\ttext-align: center;\n\t\t\t\t\twidth: 25%;\n\t\t\t\t}\n\t\t\t\t#gallery-1 img {\n\t\t\t\t\tborder: 2px solid #cfcfcf;\n\t\t\t\t}\n\t\t\t\t#gallery-1 .gallery-caption {\n\t\t\t\t\tmargin-left: 0;\n\t\t\t\t}\n\t\t\t\t\/* see gallery_shortcode() in wp-includes\/media.php *\/\n\t\t\t<\/style>\n\t\t<div id='gallery-1' class='dt-gallery-container gallery galleryid-321560 gallery-columns-4 gallery-size-thumbnail'><dl class='gallery-item'>\n\t\t\t\t<dt class='gallery-icon landscape'>\n\t\t\t\t\t<a class=\"rollover rollover-zoom dt-pswp-item\" title=\"af2211a5-ec8e-4dc2-be8c-d1410563323c\" data-dt-img-description=\"\" data-large_image_width=\"1024\" data-large_image_height=\"576\"href='https:\/\/www.radiopiu.net\/wordpress\/wp-content\/uploads\/2023\/02\/af2211a5-ec8e-4dc2-be8c-d1410563323c.jpg'><img loading=\"lazy\" decoding=\"async\" width=\"150\" height=\"150\" src=\"https:\/\/www.radiopiu.net\/wordpress\/wp-content\/uploads\/2023\/02\/af2211a5-ec8e-4dc2-be8c-d1410563323c-150x150.jpg\" class=\"attachment-thumbnail size-thumbnail\" alt=\"\" \/><\/a>\n\t\t\t\t<\/dt><\/dl><dl class='gallery-item'>\n\t\t\t\t<dt class='gallery-icon landscape'>\n\t\t\t\t\t<a class=\"rollover rollover-zoom dt-pswp-item\" title=\"b58a1bf2-76fa-4f12-8605-8439f2db7793\" data-dt-img-description=\"\" data-large_image_width=\"1024\" data-large_image_height=\"699\"href='https:\/\/www.radiopiu.net\/wordpress\/wp-content\/uploads\/2023\/02\/b58a1bf2-76fa-4f12-8605-8439f2db7793.jpg'><img loading=\"lazy\" decoding=\"async\" width=\"150\" height=\"150\" src=\"https:\/\/www.radiopiu.net\/wordpress\/wp-content\/uploads\/2023\/02\/b58a1bf2-76fa-4f12-8605-8439f2db7793-150x150.jpg\" class=\"attachment-thumbnail size-thumbnail\" alt=\"\" \/><\/a>\n\t\t\t\t<\/dt><\/dl><dl class='gallery-item'>\n\t\t\t\t<dt class='gallery-icon landscape'>\n\t\t\t\t\t<a class=\"rollover rollover-zoom dt-pswp-item\" title=\"32856ce4-aba9-4015-9e7b-dc5fb7b40dbc\" data-dt-img-description=\"\" data-large_image_width=\"1024\" data-large_image_height=\"576\"href='https:\/\/www.radiopiu.net\/wordpress\/wp-content\/uploads\/2023\/02\/32856ce4-aba9-4015-9e7b-dc5fb7b40dbc.jpg'><img loading=\"lazy\" decoding=\"async\" width=\"150\" height=\"150\" src=\"https:\/\/www.radiopiu.net\/wordpress\/wp-content\/uploads\/2023\/02\/32856ce4-aba9-4015-9e7b-dc5fb7b40dbc-150x150.jpg\" class=\"attachment-thumbnail size-thumbnail\" alt=\"\" \/><\/a>\n\t\t\t\t<\/dt><\/dl><dl class='gallery-item'>\n\t\t\t\t<dt class='gallery-icon landscape'>\n\t\t\t\t\t<a class=\"rollover rollover-zoom dt-pswp-item\" title=\"f550b219-4631-4f28-b9ed-9f9fbbb17c97\" data-dt-img-description=\"\" data-large_image_width=\"1024\" data-large_image_height=\"576\"href='https:\/\/www.radiopiu.net\/wordpress\/wp-content\/uploads\/2023\/02\/f550b219-4631-4f28-b9ed-9f9fbbb17c97.jpg'><img loading=\"lazy\" decoding=\"async\" width=\"150\" height=\"150\" src=\"https:\/\/www.radiopiu.net\/wordpress\/wp-content\/uploads\/2023\/02\/f550b219-4631-4f28-b9ed-9f9fbbb17c97-150x150.jpg\" class=\"attachment-thumbnail size-thumbnail\" alt=\"\" \/><\/a>\n\t\t\t\t<\/dt><\/dl><br style=\"clear: both\" \/><dl class='gallery-item'>\n\t\t\t\t<dt class='gallery-icon landscape'>\n\t\t\t\t\t<a class=\"rollover rollover-zoom dt-pswp-item\" title=\"9e4495e5-f7c1-4310-8c97-ddf2f174e665\" data-dt-img-description=\"\" data-large_image_width=\"1024\" data-large_image_height=\"776\"href='https:\/\/www.radiopiu.net\/wordpress\/wp-content\/uploads\/2023\/02\/9e4495e5-f7c1-4310-8c97-ddf2f174e665.jpg'><img loading=\"lazy\" decoding=\"async\" width=\"150\" height=\"150\" src=\"https:\/\/www.radiopiu.net\/wordpress\/wp-content\/uploads\/2023\/02\/9e4495e5-f7c1-4310-8c97-ddf2f174e665-150x150.jpg\" class=\"attachment-thumbnail size-thumbnail\" alt=\"\" \/><\/a>\n\t\t\t\t<\/dt><\/dl><dl class='gallery-item'>\n\t\t\t\t<dt class='gallery-icon landscape'>\n\t\t\t\t\t<a class=\"rollover rollover-zoom dt-pswp-item\" title=\"a2839618-fafd-4b0e-a963-a4d569204780\" data-dt-img-description=\"\" data-large_image_width=\"1024\" data-large_image_height=\"576\"href='https:\/\/www.radiopiu.net\/wordpress\/wp-content\/uploads\/2023\/02\/a2839618-fafd-4b0e-a963-a4d569204780.jpg'><img loading=\"lazy\" decoding=\"async\" width=\"150\" height=\"150\" src=\"https:\/\/www.radiopiu.net\/wordpress\/wp-content\/uploads\/2023\/02\/a2839618-fafd-4b0e-a963-a4d569204780-150x150.jpg\" class=\"attachment-thumbnail size-thumbnail\" alt=\"\" \/><\/a>\n\t\t\t\t<\/dt><\/dl><dl class='gallery-item'>\n\t\t\t\t<dt class='gallery-icon portrait'>\n\t\t\t\t\t<a class=\"rollover rollover-zoom dt-pswp-item\" title=\"3dcc9885-7e51-44da-ab47-7c452220760e\" data-dt-img-description=\"\" data-large_image_width=\"576\" data-large_image_height=\"1024\"href='https:\/\/www.radiopiu.net\/wordpress\/wp-content\/uploads\/2023\/02\/3dcc9885-7e51-44da-ab47-7c452220760e.jpg'><img loading=\"lazy\" decoding=\"async\" width=\"150\" height=\"150\" src=\"https:\/\/www.radiopiu.net\/wordpress\/wp-content\/uploads\/2023\/02\/3dcc9885-7e51-44da-ab47-7c452220760e-150x150.jpg\" class=\"attachment-thumbnail size-thumbnail\" alt=\"\" \/><\/a>\n\t\t\t\t<\/dt><\/dl><dl class='gallery-item'>\n\t\t\t\t<dt class='gallery-icon portrait'>\n\t\t\t\t\t<a class=\"rollover rollover-zoom dt-pswp-item\" title=\"60640a58-7afa-4e8b-9b2e-f30f5e56ab39\" data-dt-img-description=\"\" data-large_image_width=\"756\" data-large_image_height=\"900\"href='https:\/\/www.radiopiu.net\/wordpress\/wp-content\/uploads\/2023\/02\/60640a58-7afa-4e8b-9b2e-f30f5e56ab39.jpg'><img loading=\"lazy\" decoding=\"async\" width=\"150\" height=\"150\" src=\"https:\/\/www.radiopiu.net\/wordpress\/wp-content\/uploads\/2023\/02\/60640a58-7afa-4e8b-9b2e-f30f5e56ab39-150x150.jpg\" class=\"attachment-thumbnail size-thumbnail\" alt=\"\" \/><\/a>\n\t\t\t\t<\/dt><\/dl><br style=\"clear: both\" \/>\n\t\t\t<\/div>\n\n<p>&nbsp;<\/p>\n<p>&nbsp;<\/p>\n<p>*****<\/p>\n","protected":false},"excerpt":{"rendered":"<p>REDAZIONE Questa sera alle 21 un contingente USAR (Urban Search And Rescue) del Veneto- Friuli Venezia Giulia dei Vigili del Fuoco composto da 15 unit\u00e0 guidate dall\u2019ing. Fracesco Cicirello funzionario del comando di Treviso, partiranno dall\u2019aeroporto di Pisa per raggiungere le zone terremotate in Turchia. Parte del contingente italiano partir\u00e0 anche dall\u2019aeroporto di Pratica di&hellip;<\/p>\n","protected":false},"author":4,"featured_media":321565,"comment_status":"closed","ping_status":"closed","sticky":false,"template":"","format":"standard","meta":{"_monsterinsights_skip_tracking":false,"_monsterinsights_sitenote_active":false,"_monsterinsights_sitenote_note":"","_monsterinsights_sitenote_category":0,"footnotes":""},"categories":[51,49],"tags":[],"class_list":["post-321560","post","type-post","status-publish","format-standard","has-post-thumbnail","hentry","category-evidenza-top","category-news-18","category-51","category-49","description-off"],"img_url":"https:\/\/www.radiopiu.net\/wordpress\/wp-content\/uploads\/2023\/02\/9e4495e5-f7c1-4310-8c97-ddf2f174e665.jpg","_links":{"self":[{"href":"https:\/\/www.radiopiu.net\/wordpress\/wp-json\/wp\/v2\/posts\/321560","targetHints":{"allow":["GET"]}}],"collection":[{"href":"https:\/\/www.radiopiu.net\/wordpress\/wp-json\/wp\/v2\/posts"}],"about":[{"href":"https:\/\/www.radiopiu.net\/wordpress\/wp-json\/wp\/v2\/types\/post"}],"author":[{"embeddable":true,"href":"https:\/\/www.radiopiu.net\/wordpress\/wp-json\/wp\/v2\/users\/4"}],"replies":[{"embeddable":true,"href":"https:\/\/www.radiopiu.net\/wordpress\/wp-json\/wp\/v2\/comments?post=321560"}],"version-history":[{"count":0,"href":"https:\/\/www.radiopiu.net\/wordpress\/wp-json\/wp\/v2\/posts\/321560\/revisions"}],"wp:featuredmedia":[{"embeddable":true,"href":"https:\/\/www.radiopiu.net\/wordpress\/wp-json\/wp\/v2\/media\/321565"}],"wp:attachment":[{"href":"https:\/\/www.radiopiu.net\/wordpress\/wp-json\/wp\/v2\/media?parent=321560"}],"wp:term":[{"taxonomy":"category","embeddable":true,"href":"https:\/\/www.radiopiu.net\/wordpress\/wp-json\/wp\/v2\/categories?post=321560"},{"taxonomy":"post_tag","embeddable":true,"href":"https:\/\/www.radiopiu.net\/wordpress\/wp-json\/wp\/v2\/tags?post=321560"}],"curies":[{"name":"wp","href":"https:\/\/api.w.org\/{rel}","templated":true}]}}