{"id":321580,"date":"2023-02-11T14:33:40","date_gmt":"2023-02-11T13:33:40","guid":{"rendered":"https:\/\/www.radiopiu.net\/wordpress\/?p=321580"},"modified":"2023-02-11T14:33:40","modified_gmt":"2023-02-11T13:33:40","slug":"nessuna-fuga-di-massa-il-bellunese-si-spopola-ma-i-dati-aire-hanno-unaltra-origine","status":"publish","type":"post","link":"https:\/\/www.radiopiu.net\/wordpress\/nessuna-fuga-di-massa-il-bellunese-si-spopola-ma-i-dati-aire-hanno-unaltra-origine\/","title":{"rendered":"NESSUNA FUGA DI MASSA: IL BELLUNESE SI SPOPOLA, MA I DATI AIRE HANNO UN\u2019ALTRA ORIGINE"},"content":{"rendered":"<p><strong><a class=\"dt-pswp-item\" href=\"https:\/\/www.radiopiu.net\/wordpress\/wp-content\/uploads\/2020\/05\/PADRIN.jpg\" data-dt-img-description=\"\" data-large_image_width=\"945\" data-large_image_height=\"1417\"><img loading=\"lazy\" decoding=\"async\" class=\" wp-image-134835 alignleft\" src=\"https:\/\/www.radiopiu.net\/wordpress\/wp-content\/uploads\/2020\/05\/PADRIN-200x300.jpg\" alt=\"\" width=\"109\" height=\"164\" srcset=\"https:\/\/www.radiopiu.net\/wordpress\/wp-content\/uploads\/2020\/05\/PADRIN-200x300.jpg 200w, https:\/\/www.radiopiu.net\/wordpress\/wp-content\/uploads\/2020\/05\/PADRIN-683x1024.jpg 683w, https:\/\/www.radiopiu.net\/wordpress\/wp-content\/uploads\/2020\/05\/PADRIN-768x1152.jpg 768w, https:\/\/www.radiopiu.net\/wordpress\/wp-content\/uploads\/2020\/05\/PADRIN.jpg 945w\" sizes=\"auto, (max-width: 109px) 100vw, 109px\" \/><\/a>BELLUNO <\/strong>\u00abI dati dicono tanto, ma vanno letti in maniera corretta. Altrimenti rischiamo di creare una narrativa sbagliata del territorio bellunese. E diventa difficile mettere in campo politiche corrette per contrastare lo spopolamento. Che esiste, \u00e8 un problema. Ma non come lo definisce superficialmente una mera lista di numeri sugli Aire\u00bb. Lo dice il presidente della Provincia di Belluno Roberto Padrin, all\u2019indomani della pubblicazione sulla stampa dei dati Aire, che parlano di oltre 16mila iscritti bellunesi Under 30. \u00abUn dato che non significa grande fuga o tracollo demografico. Si tratta di nipoti e bisnipoti, di discendenti di quei bellunesi protagonisti dell\u2019epopea dell\u2019 emigrazione di fine Ottocento e inizio Novecento, dettata dalla fame e da una situazione economica, sociale e storica completamente diversa da quella odierna\u00bb sottolinea il presidente Padrin. \u00abUn dato che a una lettura superficiale rischia di mostrare un quadro non corretto della nostra provincia, che soffre s\u00ec dello spopolamento, ma per una serie di concause che hanno origini diverse\u00bb. L\u2019Istat certifica che il Bellunese ha cominciato a registrare un saldo naturale (nati meno morti) negativo gi\u00e0 da diversi anni. E il calo delle nascite ha accelerato il trend a partire dalla fine degli anni Novanta. \u00abQuesto \u00e8 il perimetro d\u2019analisi all\u2019interno del quale costruire insieme politiche antispopolamento. A partire dalla difesa dei servizi in montagna\u00bb continua il presidente Padrin. \u00abSe pensiamo, sbagliando, che i 16mila Aire Under 30 siano un fenomeno di fuga dal Bellunese, rischiamo di non inquadrare il vero problema. La maggior parte di quei giovani non \u00e8 mai stata a Belluno, non sa cosa siano le Dolomiti e non parla neanche italiano, avendo perso il contatto con la terra d\u2019origine dei nonni diversi decenni fa. Si tratta perlopi\u00f9 di persone residenti in Sudamerica, che guardano all\u2019Europa non solo per mantenere vivo il legame con la tradizione dei loro avi, ma anche per trovare occasioni di lavoro. La norma Aire consente loro di avere la cittadinanza italiana ed \u00e8 comprensibile la volont\u00e0 di queste persone di mantenere legami con l\u2019Italia. D\u2019altra parte per\u00f2 mette spesso in difficolt\u00e0 i Comuni, soprattutto quelli pi\u00f9 piccoli, non solo per questioni numeriche di quorum in occasione degli appuntamenti elettorali, ma anche per la quantit\u00e0 di richieste di procedure che mal si conciliano con le poche forze a disposizione degli enti locali. Il sistema di riconoscimento della cittadinanza italiana iure sanguinis andrebbe ripensato e rivisto, e comunque dovrebbe garantire a quei Comuni che hanno maggiori richieste anche trasferimenti statali adeguati per gestirle. L\u2019obiettivo \u00e8 farlo diventare uno strumento con cui i bellunesi residenti all\u2019estero possano tornare per lavorare e aiutarci a far crescere la nostra provincia, come gi\u00e0 sta facendo l\u2019associazione Bellunesi nel mondo con lo sportello online del rientro, avviato insieme al Fondo Welfare per agevolare il rientro dei giovani e l\u2019incontro tra domanda e offerta di lavoro. Un progetto innovativo e che pu\u00f2 avere grandi ricadute\u00bb.<\/p>\n<p>&nbsp;<\/p>\n<p>&nbsp;<\/p>\n<p>********<\/p>\n","protected":false},"excerpt":{"rendered":"<p>BELLUNO \u00abI dati dicono tanto, ma vanno letti in maniera corretta. Altrimenti rischiamo di creare una narrativa sbagliata del territorio bellunese. E diventa difficile mettere in campo politiche corrette per contrastare lo spopolamento. Che esiste, \u00e8 un problema. Ma non come lo definisce superficialmente una mera lista di numeri sugli Aire\u00bb. Lo dice il presidente&hellip;<\/p>\n","protected":false},"author":4,"featured_media":138417,"comment_status":"closed","ping_status":"closed","sticky":false,"template":"","format":"standard","meta":{"_monsterinsights_skip_tracking":false,"_monsterinsights_sitenote_active":false,"_monsterinsights_sitenote_note":"","_monsterinsights_sitenote_category":0,"footnotes":""},"categories":[51,49],"tags":[],"class_list":["post-321580","post","type-post","status-publish","format-standard","has-post-thumbnail","hentry","category-evidenza-top","category-news-18","category-51","category-49","description-off"],"img_url":"https:\/\/www.radiopiu.net\/wordpress\/wp-content\/uploads\/2020\/05\/PADRIN-1-scaled.jpg","_links":{"self":[{"href":"https:\/\/www.radiopiu.net\/wordpress\/wp-json\/wp\/v2\/posts\/321580","targetHints":{"allow":["GET"]}}],"collection":[{"href":"https:\/\/www.radiopiu.net\/wordpress\/wp-json\/wp\/v2\/posts"}],"about":[{"href":"https:\/\/www.radiopiu.net\/wordpress\/wp-json\/wp\/v2\/types\/post"}],"author":[{"embeddable":true,"href":"https:\/\/www.radiopiu.net\/wordpress\/wp-json\/wp\/v2\/users\/4"}],"replies":[{"embeddable":true,"href":"https:\/\/www.radiopiu.net\/wordpress\/wp-json\/wp\/v2\/comments?post=321580"}],"version-history":[{"count":0,"href":"https:\/\/www.radiopiu.net\/wordpress\/wp-json\/wp\/v2\/posts\/321580\/revisions"}],"wp:featuredmedia":[{"embeddable":true,"href":"https:\/\/www.radiopiu.net\/wordpress\/wp-json\/wp\/v2\/media\/138417"}],"wp:attachment":[{"href":"https:\/\/www.radiopiu.net\/wordpress\/wp-json\/wp\/v2\/media?parent=321580"}],"wp:term":[{"taxonomy":"category","embeddable":true,"href":"https:\/\/www.radiopiu.net\/wordpress\/wp-json\/wp\/v2\/categories?post=321580"},{"taxonomy":"post_tag","embeddable":true,"href":"https:\/\/www.radiopiu.net\/wordpress\/wp-json\/wp\/v2\/tags?post=321580"}],"curies":[{"name":"wp","href":"https:\/\/api.w.org\/{rel}","templated":true}]}}