{"id":321589,"date":"2023-02-11T15:27:24","date_gmt":"2023-02-11T14:27:24","guid":{"rendered":"https:\/\/www.radiopiu.net\/wordpress\/?p=321589"},"modified":"2023-02-11T15:27:24","modified_gmt":"2023-02-11T14:27:24","slug":"chiusura-a-casa-sanremo-con-gelato-vini-musica-e-cinema","status":"publish","type":"post","link":"https:\/\/www.radiopiu.net\/wordpress\/chiusura-a-casa-sanremo-con-gelato-vini-musica-e-cinema\/","title":{"rendered":"CHIUSURA A CASA SANREMO, CON GELATO, VINI, MUSICA E CINEMA"},"content":{"rendered":"<p><strong>SANREMO <\/strong>\u00abCasa Sanremo \u00e8 stata una vetrina eccezionale, un trampolino di lancio per il brand Dolomiti Bellunesi. E ci ha dato una consapevolezza in pi\u00f9: la nostra provincia \u00e8 pronta a farsi conoscere e in questi giorni ha raccolto interessi diffusi\u00bb. Lo dice il consigliere provinciale delegato al turismo, Danilo De Toni, nella giornata di chiusura dell\u2019area Dolomiti Bellunesi a Casa Sanremo, al termine di una settimana che ha mostrato le eccellenze del territorio bellunese. Non \u00e8 stata per\u00f2 una giornata solo di bilanci, ma di grande attivit\u00e0, in attesa della finalissima dell\u2019Ariston, che dista appena duecento metri dallo spazio rosa delle Dolomiti Bellunesi. La mattinata di \u201cBuongiorno Sanremo\u201d \u00e8 iniziata con il cinema. Sono state illustrate le produzioni cinematografiche che hanno scelto il Bellunese come location, dalla fortunata serie Rai \u201cUn passo dal cielo\u201d a \u201cImprovvisamente Natale\u201d, l\u2019ultimo cine-panettone di Abatantuono, girato a San Vito di Cadore. \u00abIn inverno verr\u00e0 girato il sequel\u00bb ha spiegato in diretta su Casa Sanremo tv il sindaco di San Vito, Emanuele Caruzzo. \u00abIl nostro territorio, anche se scoperto solo da poco, \u00e8 molto apprezzato dalle produzioni cinematografiche\u00bb. E proprio su questo apprezzamento sta operando la Dmo Dolomiti, che intende coltivare la vocazione per il cinema delle diverse aree della provincia. \u00abSiamo al lavoro con la Veneto Film Commission per continuare a portare il cinema &#8211; ha detto Michele Basso, direttore della Dmo -. Il nostro territorio \u00e8 un set a cielo aperto e l\u2019analisi dei click su Google alla ricerca delle nostre localit\u00e0 mostra un sensibile aumento dopo l\u2019uscita di film e serie tv\u00bb. Dopo il cinema, spazio alla musica, con il cantautore bellunese Alvise Bortolini che ha suonato \u201c\u00c8 la radio\u201d, brano tratto dal suo ultimo album; e con le ragazze di Cab (Collettivo arti urbane) esibitesi in uno spettacolo di danza. Gran chiusura con i vini bellunesi, illustrati dalla sommelier Sebastiana Coppe, e con il gelato artigianale, preparato dai maestri gelatieri Marco Reato e Carolina Da Rold. Per l\u2019ultima giornata, \u00e8 stato proposto il gusto tutto bellunese al formaggio Piave con pere spadellate. \u00ab\u00c8 stata una settimana di grande lavoro, in uno spazio che ha visto crescere di giorno in giorno l\u2019interesse e la riconoscibilit\u00e0 delle Dolomiti Bellunesi, apprezzate da giornalisti e vip soprattutto per la cucina\u00bb conclude il consigliere De Toni. \u00abQui, all\u2019interno dell\u2019evento di spettacolo pi\u00f9 importante d\u2019Italia, \u00e8 stato messo a terra un lavoro che ha visto collaborare attivamente Provincia, Dmo, Regione Veneto, Camera di Commercio, categorie e imprese. Il risultato finale lo vedremo nel medio lungo termine, ma fin da ora possiamo portarci a casa un grande lavoro di squadra indispensabile per le prossime azioni di promozione, che certo non si chiudono qui. Sanremo \u00e8 stato il debutto del brand e luned\u00ec ci sar\u00e0 la presentazione ufficiale, con anche il nuovo sito internet, alla Bit di Milano\u00bb.<\/p>\n\n\t\t\t<style type='text\/css'>\n\t\t\t\t#gallery-1 {\n\t\t\t\t\tmargin: auto;\n\t\t\t\t}\n\t\t\t\t#gallery-1 .gallery-item {\n\t\t\t\t\tfloat: left;\n\t\t\t\t\tmargin-top: 10px;\n\t\t\t\t\ttext-align: center;\n\t\t\t\t\twidth: 25%;\n\t\t\t\t}\n\t\t\t\t#gallery-1 img {\n\t\t\t\t\tborder: 2px solid #cfcfcf;\n\t\t\t\t}\n\t\t\t\t#gallery-1 .gallery-caption {\n\t\t\t\t\tmargin-left: 0;\n\t\t\t\t}\n\t\t\t\t\/* see gallery_shortcode() in wp-includes\/media.php *\/\n\t\t\t<\/style>\n\t\t<div id='gallery-1' class='dt-gallery-container gallery galleryid-321589 gallery-columns-4 gallery-size-medium'><dl class='gallery-item'>\n\t\t\t\t<dt class='gallery-icon landscape'>\n\t\t\t\t\t<a class=\"rollover rollover-zoom dt-pswp-item\" title=\"Buongiorno Sanremo De Toni\" data-dt-img-description=\"\" data-large_image_width=\"2560\" data-large_image_height=\"1707\"href='https:\/\/www.radiopiu.net\/wordpress\/wp-content\/uploads\/2023\/02\/Buongiorno-Sanremo-De-Toni-scaled.jpg'><img loading=\"lazy\" decoding=\"async\" width=\"300\" height=\"200\" src=\"https:\/\/www.radiopiu.net\/wordpress\/wp-content\/uploads\/2023\/02\/Buongiorno-Sanremo-De-Toni-300x200.jpg\" class=\"attachment-medium size-medium\" alt=\"\" srcset=\"https:\/\/www.radiopiu.net\/wordpress\/wp-content\/uploads\/2023\/02\/Buongiorno-Sanremo-De-Toni-300x200.jpg 300w, https:\/\/www.radiopiu.net\/wordpress\/wp-content\/uploads\/2023\/02\/Buongiorno-Sanremo-De-Toni-1024x683.jpg 1024w, https:\/\/www.radiopiu.net\/wordpress\/wp-content\/uploads\/2023\/02\/Buongiorno-Sanremo-De-Toni-768x512.jpg 768w, https:\/\/www.radiopiu.net\/wordpress\/wp-content\/uploads\/2023\/02\/Buongiorno-Sanremo-De-Toni-1536x1024.jpg 1536w, https:\/\/www.radiopiu.net\/wordpress\/wp-content\/uploads\/2023\/02\/Buongiorno-Sanremo-De-Toni-2048x1365.jpg 2048w\" sizes=\"auto, (max-width: 300px) 100vw, 300px\" \/><\/a>\n\t\t\t\t<\/dt><\/dl><dl class='gallery-item'>\n\t\t\t\t<dt class='gallery-icon landscape'>\n\t\t\t\t\t<a class=\"rollover rollover-zoom dt-pswp-item\" title=\"foto di gruppo Dolomiti Bellunesi\" data-dt-img-description=\"\" data-large_image_width=\"2560\" data-large_image_height=\"1707\"href='https:\/\/www.radiopiu.net\/wordpress\/wp-content\/uploads\/2023\/02\/foto-di-gruppo-Dolomiti-Bellunesi-scaled.jpg'><img loading=\"lazy\" decoding=\"async\" width=\"300\" height=\"200\" src=\"https:\/\/www.radiopiu.net\/wordpress\/wp-content\/uploads\/2023\/02\/foto-di-gruppo-Dolomiti-Bellunesi-300x200.jpg\" class=\"attachment-medium size-medium\" alt=\"\" srcset=\"https:\/\/www.radiopiu.net\/wordpress\/wp-content\/uploads\/2023\/02\/foto-di-gruppo-Dolomiti-Bellunesi-300x200.jpg 300w, https:\/\/www.radiopiu.net\/wordpress\/wp-content\/uploads\/2023\/02\/foto-di-gruppo-Dolomiti-Bellunesi-1024x683.jpg 1024w, https:\/\/www.radiopiu.net\/wordpress\/wp-content\/uploads\/2023\/02\/foto-di-gruppo-Dolomiti-Bellunesi-768x512.jpg 768w, https:\/\/www.radiopiu.net\/wordpress\/wp-content\/uploads\/2023\/02\/foto-di-gruppo-Dolomiti-Bellunesi-1536x1024.jpg 1536w, https:\/\/www.radiopiu.net\/wordpress\/wp-content\/uploads\/2023\/02\/foto-di-gruppo-Dolomiti-Bellunesi-2048x1365.jpg 2048w\" sizes=\"auto, (max-width: 300px) 100vw, 300px\" \/><\/a>\n\t\t\t\t<\/dt><\/dl><dl class='gallery-item'>\n\t\t\t\t<dt class='gallery-icon landscape'>\n\t\t\t\t\t<a class=\"rollover rollover-zoom dt-pswp-item\" title=\"Buongiorno Sanremo Basso e Caruzzo\" data-dt-img-description=\"\" data-large_image_width=\"2560\" data-large_image_height=\"1707\"href='https:\/\/www.radiopiu.net\/wordpress\/wp-content\/uploads\/2023\/02\/Buongiorno-Sanremo-Basso-e-Caruzzo-scaled.jpg'><img loading=\"lazy\" decoding=\"async\" width=\"300\" height=\"200\" src=\"https:\/\/www.radiopiu.net\/wordpress\/wp-content\/uploads\/2023\/02\/Buongiorno-Sanremo-Basso-e-Caruzzo-300x200.jpg\" class=\"attachment-medium size-medium\" alt=\"\" srcset=\"https:\/\/www.radiopiu.net\/wordpress\/wp-content\/uploads\/2023\/02\/Buongiorno-Sanremo-Basso-e-Caruzzo-300x200.jpg 300w, https:\/\/www.radiopiu.net\/wordpress\/wp-content\/uploads\/2023\/02\/Buongiorno-Sanremo-Basso-e-Caruzzo-1024x683.jpg 1024w, https:\/\/www.radiopiu.net\/wordpress\/wp-content\/uploads\/2023\/02\/Buongiorno-Sanremo-Basso-e-Caruzzo-768x512.jpg 768w, https:\/\/www.radiopiu.net\/wordpress\/wp-content\/uploads\/2023\/02\/Buongiorno-Sanremo-Basso-e-Caruzzo-1536x1024.jpg 1536w, https:\/\/www.radiopiu.net\/wordpress\/wp-content\/uploads\/2023\/02\/Buongiorno-Sanremo-Basso-e-Caruzzo-2048x1365.jpg 2048w\" sizes=\"auto, (max-width: 300px) 100vw, 300px\" \/><\/a>\n\t\t\t\t<\/dt><\/dl><dl class='gallery-item'>\n\t\t\t\t<dt class='gallery-icon landscape'>\n\t\t\t\t\t<a class=\"rollover rollover-zoom dt-pswp-item\" title=\"Alvise Bortolini\" data-dt-img-description=\"\" data-large_image_width=\"2560\" data-large_image_height=\"1707\"href='https:\/\/www.radiopiu.net\/wordpress\/wp-content\/uploads\/2023\/02\/Alvise-Bortolini-scaled.jpg'><img loading=\"lazy\" decoding=\"async\" width=\"300\" height=\"200\" src=\"https:\/\/www.radiopiu.net\/wordpress\/wp-content\/uploads\/2023\/02\/Alvise-Bortolini-300x200.jpg\" class=\"attachment-medium size-medium\" alt=\"\" srcset=\"https:\/\/www.radiopiu.net\/wordpress\/wp-content\/uploads\/2023\/02\/Alvise-Bortolini-300x200.jpg 300w, https:\/\/www.radiopiu.net\/wordpress\/wp-content\/uploads\/2023\/02\/Alvise-Bortolini-1024x683.jpg 1024w, https:\/\/www.radiopiu.net\/wordpress\/wp-content\/uploads\/2023\/02\/Alvise-Bortolini-768x512.jpg 768w, https:\/\/www.radiopiu.net\/wordpress\/wp-content\/uploads\/2023\/02\/Alvise-Bortolini-1536x1024.jpg 1536w, https:\/\/www.radiopiu.net\/wordpress\/wp-content\/uploads\/2023\/02\/Alvise-Bortolini-2048x1365.jpg 2048w\" sizes=\"auto, (max-width: 300px) 100vw, 300px\" \/><\/a>\n\t\t\t\t<\/dt><\/dl><br style=\"clear: both\" \/>\n\t\t\t<\/div>\n\n<p>&nbsp;<\/p>\n<p>&nbsp;<\/p>\n<p>******<\/p>\n","protected":false},"excerpt":{"rendered":"<p>SANREMO \u00abCasa Sanremo \u00e8 stata una vetrina eccezionale, un trampolino di lancio per il brand Dolomiti Bellunesi. E ci ha dato una consapevolezza in pi\u00f9: la nostra provincia \u00e8 pronta a farsi conoscere e in questi giorni ha raccolto interessi diffusi\u00bb. Lo dice il consigliere provinciale delegato al turismo, Danilo De Toni, nella giornata di&hellip;<\/p>\n","protected":false},"author":4,"featured_media":321591,"comment_status":"closed","ping_status":"closed","sticky":false,"template":"","format":"standard","meta":{"_monsterinsights_skip_tracking":false,"_monsterinsights_sitenote_active":false,"_monsterinsights_sitenote_note":"","_monsterinsights_sitenote_category":0,"footnotes":""},"categories":[51,49],"tags":[],"class_list":["post-321589","post","type-post","status-publish","format-standard","has-post-thumbnail","hentry","category-evidenza-top","category-news-18","category-51","category-49","description-off"],"img_url":"https:\/\/www.radiopiu.net\/wordpress\/wp-content\/uploads\/2023\/02\/foto-di-gruppo-Dolomiti-Bellunesi-scaled.jpg","_links":{"self":[{"href":"https:\/\/www.radiopiu.net\/wordpress\/wp-json\/wp\/v2\/posts\/321589","targetHints":{"allow":["GET"]}}],"collection":[{"href":"https:\/\/www.radiopiu.net\/wordpress\/wp-json\/wp\/v2\/posts"}],"about":[{"href":"https:\/\/www.radiopiu.net\/wordpress\/wp-json\/wp\/v2\/types\/post"}],"author":[{"embeddable":true,"href":"https:\/\/www.radiopiu.net\/wordpress\/wp-json\/wp\/v2\/users\/4"}],"replies":[{"embeddable":true,"href":"https:\/\/www.radiopiu.net\/wordpress\/wp-json\/wp\/v2\/comments?post=321589"}],"version-history":[{"count":0,"href":"https:\/\/www.radiopiu.net\/wordpress\/wp-json\/wp\/v2\/posts\/321589\/revisions"}],"wp:featuredmedia":[{"embeddable":true,"href":"https:\/\/www.radiopiu.net\/wordpress\/wp-json\/wp\/v2\/media\/321591"}],"wp:attachment":[{"href":"https:\/\/www.radiopiu.net\/wordpress\/wp-json\/wp\/v2\/media?parent=321589"}],"wp:term":[{"taxonomy":"category","embeddable":true,"href":"https:\/\/www.radiopiu.net\/wordpress\/wp-json\/wp\/v2\/categories?post=321589"},{"taxonomy":"post_tag","embeddable":true,"href":"https:\/\/www.radiopiu.net\/wordpress\/wp-json\/wp\/v2\/tags?post=321589"}],"curies":[{"name":"wp","href":"https:\/\/api.w.org\/{rel}","templated":true}]}}