{"id":321694,"date":"2023-02-12T23:59:34","date_gmt":"2023-02-12T22:59:34","guid":{"rendered":"https:\/\/www.radiopiu.net\/wordpress\/?p=321694"},"modified":"2023-02-12T16:58:22","modified_gmt":"2023-02-12T15:58:22","slug":"agordina-sconfitta-dal-nogare-tra-le-mura-di-casa","status":"publish","type":"post","link":"https:\/\/www.radiopiu.net\/wordpress\/agordina-sconfitta-dal-nogare-tra-le-mura-di-casa\/","title":{"rendered":"AGORDINA SCONFITTA DAL NOGARE&#8217; TRA LE MURA DI CASA"},"content":{"rendered":"<p><strong><a class=\"dt-pswp-item\" href=\"https:\/\/www.radiopiu.net\/wordpress\/wp-content\/uploads\/2020\/09\/calcio-2020.jpg\" data-dt-img-description=\"\" data-large_image_width=\"1920\" data-large_image_height=\"1080\"><img loading=\"lazy\" decoding=\"async\" class=\" wp-image-162226 alignleft\" src=\"https:\/\/www.radiopiu.net\/wordpress\/wp-content\/uploads\/2020\/09\/calcio-2020-300x169.jpg\" alt=\"\" width=\"185\" height=\"104\" srcset=\"https:\/\/www.radiopiu.net\/wordpress\/wp-content\/uploads\/2020\/09\/calcio-2020-300x169.jpg 300w, https:\/\/www.radiopiu.net\/wordpress\/wp-content\/uploads\/2020\/09\/calcio-2020-1024x576.jpg 1024w, https:\/\/www.radiopiu.net\/wordpress\/wp-content\/uploads\/2020\/09\/calcio-2020-768x432.jpg 768w, https:\/\/www.radiopiu.net\/wordpress\/wp-content\/uploads\/2020\/09\/calcio-2020-1536x864.jpg 1536w, https:\/\/www.radiopiu.net\/wordpress\/wp-content\/uploads\/2020\/09\/calcio-2020-640x360.jpg 640w, https:\/\/www.radiopiu.net\/wordpress\/wp-content\/uploads\/2020\/09\/calcio-2020.jpg 1920w\" sizes=\"auto, (max-width: 185px) 100vw, 185px\" \/><\/a>di Marco Gaz<\/strong><\/p>\n<p><strong>SECONDA CATEGORIA GIR. T \/ AGORDINA \u2013 NOGAR\u00c8 0-2<\/strong><\/p>\n<p>Dopo il pareggio della scorsa settimana, l\u2019Agordina crolla in casa contro il Nogar\u00e8. La formazione di Lorenzi non riesce ad incamerare punti. Una partita dalle poche emozioni quella giocata all\u2019Ivano Dorigo di Agordo con gli ospiti che approfittano di due disattenzioni per siglare le due marcature che decidono il match. Agordina ancora in zona playout della Seconda Categoria girone T del Veneto e la prossima settimana giocher\u00e0 di nuovo in casa contro il Castion, quarta forza del campionato.\u00a0 Primi minuti con poche emozioni. Le squadre si studiano a lungo e le occasioni stentano ad arrivare e si gioca a centrocampo. Il ritmo di gioco \u00e8 molto basso e le due formazioni sembrano volersi scoprire. Intanto i portieri sono spettatori non paganti di una partita brutta da vedere. Al 35\u2019 gli ospiti si portano in vantaggio. Confusione al limite dell\u2019area, pallone che filtra tra le gambe dei giocatori per poi essere spedito in fondo al sacco. Nella ripresa l\u2019Agordina entra in campo con un altro piglio e prova ad impensierire la squadra di Belluno. Nogar\u00e8 che si avvicina al raddoppio poco dopo quando con un tiro da fuori che scheggia la traversa. Sembrano in difficolt\u00e0 gli uomini di Lorenzi che non riescono a reagire come si deve. Minuti finali della partita, in pieno recupero, il Nogar\u00e8 chiude la sfida con un contropiede fulminante.<\/p>\n<p>&nbsp;<\/p>\n<p><strong>GIOVANISSIMI PROVINCIALI \/ AGORDINA RIPOSO INVERNALE<\/strong><\/p>\n<p>&nbsp;<\/p>\n<p><strong>ALLIEVI REGIONALI \/ ISTRIANA \u2013 AGORDINA 3-1<\/strong><\/p>\n<p>Continua a perdere la squadra giovanile degli Allievi dell\u2019Agordina. In terra trevigiana la formazione allenata da Orzetti gioca bene ma torna a casa con l\u2019ennesima sconfitta stagionale. Sono tre le reti del Calcio Istriana rifilate alla compagine di Agordo nella partita di domenica mattina. L\u2019Agordina si deve accontentare del gol della bandiera a firma di Soccol. Ultima posizione in classifica per gli agordini con un solo punto messo a segno.<\/p>\n<p>&nbsp;<\/p>\n<p><strong>JUNIORES PROVINCIALI \/ AGORDINA RIPOSO INVERNALE<\/strong><\/p>\n<p>&nbsp;<\/p>\n<p><strong>JUNIORES REGIONALI \/ FIORI BARP \u2013 FULGOR TREVIGNANO 1-3 <\/strong><\/p>\n<p>Continua il periodo nero della squadra allenata da De Lazzer. I giovani sedicensi perdono in casa contro la Fulgor Trevignano e rimangono in fondo alla classifica del campionato Juniores Regionale. \u00a0I trevigiani espugnano il campo di Mas rifilando tre gol ai padroni di casa. Per il Fiori Barp il gol della bandiera a firma di Donazzolo. Sabato prossimo sedicensi di nuovo in campo per il derby bellunese con il Ponte Nelle Alpi.<\/p>\n<p>&nbsp;<\/p>\n<p>&nbsp;<\/p>\n<p>*******<\/p>\n","protected":false},"excerpt":{"rendered":"<p>di Marco Gaz SECONDA CATEGORIA GIR. T \/ AGORDINA \u2013 NOGAR\u00c8 0-2 Dopo il pareggio della scorsa settimana, l\u2019Agordina crolla in casa contro il Nogar\u00e8. La formazione di Lorenzi non riesce ad incamerare punti. Una partita dalle poche emozioni quella giocata all\u2019Ivano Dorigo di Agordo con gli ospiti che approfittano di due disattenzioni per siglare&hellip;<\/p>\n","protected":false},"author":4,"featured_media":162226,"comment_status":"closed","ping_status":"closed","sticky":false,"template":"","format":"standard","meta":{"_monsterinsights_skip_tracking":false,"_monsterinsights_sitenote_active":false,"_monsterinsights_sitenote_note":"","_monsterinsights_sitenote_category":0,"footnotes":""},"categories":[49],"tags":[],"class_list":["post-321694","post","type-post","status-publish","format-standard","has-post-thumbnail","hentry","category-news-18","category-49","description-off"],"img_url":"https:\/\/www.radiopiu.net\/wordpress\/wp-content\/uploads\/2020\/09\/calcio-2020.jpg","_links":{"self":[{"href":"https:\/\/www.radiopiu.net\/wordpress\/wp-json\/wp\/v2\/posts\/321694","targetHints":{"allow":["GET"]}}],"collection":[{"href":"https:\/\/www.radiopiu.net\/wordpress\/wp-json\/wp\/v2\/posts"}],"about":[{"href":"https:\/\/www.radiopiu.net\/wordpress\/wp-json\/wp\/v2\/types\/post"}],"author":[{"embeddable":true,"href":"https:\/\/www.radiopiu.net\/wordpress\/wp-json\/wp\/v2\/users\/4"}],"replies":[{"embeddable":true,"href":"https:\/\/www.radiopiu.net\/wordpress\/wp-json\/wp\/v2\/comments?post=321694"}],"version-history":[{"count":0,"href":"https:\/\/www.radiopiu.net\/wordpress\/wp-json\/wp\/v2\/posts\/321694\/revisions"}],"wp:featuredmedia":[{"embeddable":true,"href":"https:\/\/www.radiopiu.net\/wordpress\/wp-json\/wp\/v2\/media\/162226"}],"wp:attachment":[{"href":"https:\/\/www.radiopiu.net\/wordpress\/wp-json\/wp\/v2\/media?parent=321694"}],"wp:term":[{"taxonomy":"category","embeddable":true,"href":"https:\/\/www.radiopiu.net\/wordpress\/wp-json\/wp\/v2\/categories?post=321694"},{"taxonomy":"post_tag","embeddable":true,"href":"https:\/\/www.radiopiu.net\/wordpress\/wp-json\/wp\/v2\/tags?post=321694"}],"curies":[{"name":"wp","href":"https:\/\/api.w.org\/{rel}","templated":true}]}}