{"id":321828,"date":"2023-02-13T09:06:32","date_gmt":"2023-02-13T08:06:32","guid":{"rendered":"https:\/\/www.radiopiu.net\/wordpress\/?p=321828"},"modified":"2023-02-13T18:47:18","modified_gmt":"2023-02-13T17:47:18","slug":"e-morto-giovanni-viel-voce-dello-sport-raccontato","status":"publish","type":"post","link":"https:\/\/www.radiopiu.net\/wordpress\/e-morto-giovanni-viel-voce-dello-sport-raccontato\/","title":{"rendered":"E&#8217; MORTO GIOVANNI VIEL, VOCE DELLO SPORT RACCONTATO"},"content":{"rendered":"<p><strong><a class=\"dt-pswp-item\" href=\"https:\/\/www.radiopiu.net\/wordpress\/wp-content\/uploads\/2023\/02\/DSC0652-scaled.jpg\" data-dt-img-description=\"\" data-large_image_width=\"1702\" data-large_image_height=\"2560\"><img loading=\"lazy\" decoding=\"async\" class=\" wp-image-321836 alignleft\" src=\"https:\/\/www.radiopiu.net\/wordpress\/wp-content\/uploads\/2023\/02\/DSC0652-199x300.jpg\" alt=\"\" width=\"174\" height=\"262\" srcset=\"https:\/\/www.radiopiu.net\/wordpress\/wp-content\/uploads\/2023\/02\/DSC0652-199x300.jpg 199w, https:\/\/www.radiopiu.net\/wordpress\/wp-content\/uploads\/2023\/02\/DSC0652-681x1024.jpg 681w, https:\/\/www.radiopiu.net\/wordpress\/wp-content\/uploads\/2023\/02\/DSC0652-768x1155.jpg 768w, https:\/\/www.radiopiu.net\/wordpress\/wp-content\/uploads\/2023\/02\/DSC0652-1021x1536.jpg 1021w, https:\/\/www.radiopiu.net\/wordpress\/wp-content\/uploads\/2023\/02\/DSC0652-1362x2048.jpg 1362w, https:\/\/www.radiopiu.net\/wordpress\/wp-content\/uploads\/2023\/02\/DSC0652-scaled.jpg 1702w\" sizes=\"auto, (max-width: 174px) 100vw, 174px\" \/><\/a>BELLUNO<\/strong> E&#8217; morto nella notte\u00a0Giovanni Viel,\u00a0 64 anni compiuti lo scorso settembre. Negli ultimi anni aveva lottato contro una gravissima malattia. Lascia la moglie Donatella e la figlia Cecilia. Abitava\u00a0 a Casan, frazione di\u00a0Ponte nelle Alpi.Era direttore del Cipa, il Consorzio industriali protezione ambiente della Provincia di Belluno, che si occupa della gestione dei rifiuti e di formazione.<\/p>\n<p>\u00abEra la voce dello sport bellunese, autorevole, riconoscibile, sempre professionale. Ci mancher\u00e0 tantissimo e mancher\u00e0 una persona di altissimo profilo che ha sempre lavorato per portare in alto il nostro territorio\u00bb.<br \/>\nCos\u00ec il presidente della Provincia di Belluno in una nota di cordoglio per la scomparsa di Giovanni Viel. \u00abGiovanni era un amico oltre che un grandissimo professionista. Ha raccontato per anni lo sport, lo sci in particolare, da rappresentante della Fisi e da giornalista. \u00c8 stato la voce del Pelmo d\u2019Oro e di tante sfaccettature della nostra provincia, a cominciare dalla Fiera. Ma con un sentimento di gratitudine nei confronti della sua terra e con professionalit\u00e0 inalterata era anche lo speaker di tante iniziative locali, dalle gare di podismo a quelle di altri sport. La sua scomparsa lascia un vuoto incolmabile, di quelli che pesano e peseranno. Ci mancher\u00e0 la sua voce. Ci mancher\u00e0 la sua conoscenza del mondo sportivo. Un abbraccio sincero ai suoi famigliari e ai tanti che hanno potuto conoscerlo e apprezzarne le doti umane e professionali\u00bb.<\/p>\n<p><strong>Giovanni Viel \u00e8 stata la &#8220;voce&#8221; importante e professionale per molti anni de Le Miglia di Agordo, l&#8217;appuntamento con lo sport estivo nel capoluogo di vallata.\u00a0<\/strong><\/p>\n<p>&nbsp;<\/p>\n<blockquote>\n<h2>NEL RICORDO DI UN AMICO, di Fiorendo Dalla C\u00e0<\/h2>\n<\/blockquote>\n<p>L&#8217;amico Fiorendo Dalla C\u00e0, medico, giornalista e organizzatore de Le Miglia di Agordo, consegna a Radio Pi\u00f9 un messaggio di emozione e dolore nel ricordo di Giovanni Viel. Per anni Fiorendo ha avuto rapporti di grande collaborazione con Giovanni, in ambito giornalistico e in occasione dell&#8217;evento di Agordo.<\/p>\n<p><strong>LE MIGLIA&#8230; 2012<\/strong><\/p>\n<audio class=\"wp-audio-shortcode\" id=\"audio-321828-1\" preload=\"none\" style=\"width: 100%;\" controls=\"controls\"><source type=\"audio\/mpeg\" src=\"https:\/\/www.radiopiu.net\/wordpress\/wp-content\/uploads\/2023\/02\/VIEL.mp3?_=1\" \/><a href=\"https:\/\/www.radiopiu.net\/wordpress\/wp-content\/uploads\/2023\/02\/VIEL.mp3\">https:\/\/www.radiopiu.net\/wordpress\/wp-content\/uploads\/2023\/02\/VIEL.mp3<\/a><\/audio>\n<p>&nbsp;<\/p>\n<blockquote><p><a class=\"dt-pswp-item\" href=\"https:\/\/www.radiopiu.net\/wordpress\/wp-content\/uploads\/2023\/02\/PICT7396-1.jpg\" data-dt-img-description=\"KONICA MINOLTA DIGITAL CAMERA\" data-large_image_width=\"1600\" data-large_image_height=\"1200\"><img loading=\"lazy\" decoding=\"async\" class=\" wp-image-321993 alignleft\" src=\"https:\/\/www.radiopiu.net\/wordpress\/wp-content\/uploads\/2023\/02\/PICT7396-1-300x225.jpg\" alt=\"\" width=\"212\" height=\"159\" srcset=\"https:\/\/www.radiopiu.net\/wordpress\/wp-content\/uploads\/2023\/02\/PICT7396-1-300x225.jpg 300w, https:\/\/www.radiopiu.net\/wordpress\/wp-content\/uploads\/2023\/02\/PICT7396-1-1024x768.jpg 1024w, https:\/\/www.radiopiu.net\/wordpress\/wp-content\/uploads\/2023\/02\/PICT7396-1-768x576.jpg 768w, https:\/\/www.radiopiu.net\/wordpress\/wp-content\/uploads\/2023\/02\/PICT7396-1-1536x1152.jpg 1536w, https:\/\/www.radiopiu.net\/wordpress\/wp-content\/uploads\/2023\/02\/PICT7396-1.jpg 1600w\" sizes=\"auto, (max-width: 212px) 100vw, 212px\" \/><\/a><\/p>\n<p><em>Stamane ho letto\u00a0 parole laceranti. Non ho un termine diverso per definirle. Mi hanno chiuso in una morsa il cuore, mi hanno tolto il respiro, mi hanno messo sottosopra la mente. Sapevo tutto della sua lunga, silenziosa, ma sempre caparbia, instancabile sfida alla malattia, della lotta sua e delle sue straordinarie, amatissime Donatella e Cecilia, fra vittorie e sconfitte, fino all&#8217;ultima caduta. Perdo un caro, vero amico, un uomo buono, semplice, sempre disponibile, generoso, legato stretto, stretto alla sua terra e alla sua gente. Perdo il compagno di tante piacevoli lunghe chiaccherate di sport; perdo l&#8217; &#8220;enciclopedia&#8221; dello sport bellunese. Perdo un collega di giornalismo sportivo e uno scrittore &#8221; di cuore&#8221;, preparatissimo, sensibilissimo. Perdo uno &#8220;speaker&#8221; straordinario, informatissimo che sapeva impreziosire una competizione e trascinare, come pochi, il pubblico, uno &#8220;speaker&#8221; che ha amato profondamente, sostenuto e aiutato a crescere la mia &#8221; Le Miglia di Agordo&#8221;, che ha vissuto e condiviso i successi della corsa podistica internazionale per tutti i suoi 23 anni di storia. Ci sarebbero da scrivere mille cose ancora su Giovanni, ma mi fermo qui per questo scambio di parole fra amici che hanno avuto la fortuna di conoscere bene Gio&#8217;. Non riesco ad andare oltre. Ho bisogno di silenzio, di ricordare e soprattutto di stringermi, col pensiero, ai famigliari.<\/em><\/p><\/blockquote>\n<p>Fiorendo Dalla C\u00e0<\/p>\n<p>&nbsp;<\/p>\n<p><span style=\"color: #ff0000;\"><strong>IL RICORDO DELL&#8217;ASSESSORE REGIONALE GIANPAOLO BOTTACIN<\/strong><\/span><\/p>\n<p>La prematura scomparsa di Giovanni Viel lascia un vuoto enorme. Era una delle &#8220;voci&#8221; pi\u00f9 importanti della Provincia di Belluno soprattutto nel commento degli eventi sportivi. Ma anche un grande professionista nel settore dell&#8217;ambiente oltre che una persona sempre disponibile e su cui poter contare. Ai famigliari le mie pi\u00f9 sentite condoglianze.<\/p>\n<p>&nbsp;<\/p>\n<p><span style=\"color: #ff0000;\"><strong><a class=\"dt-pswp-item\" href=\"https:\/\/www.radiopiu.net\/wordpress\/wp-content\/uploads\/2023\/02\/giovanni-viel.jpg\" data-dt-img-description=\"\" data-large_image_width=\"800\" data-large_image_height=\"533\"><img loading=\"lazy\" decoding=\"async\" class=\" wp-image-321882 alignleft\" src=\"https:\/\/www.radiopiu.net\/wordpress\/wp-content\/uploads\/2023\/02\/giovanni-viel-300x200.jpg\" alt=\"\" width=\"185\" height=\"123\" srcset=\"https:\/\/www.radiopiu.net\/wordpress\/wp-content\/uploads\/2023\/02\/giovanni-viel-300x200.jpg 300w, https:\/\/www.radiopiu.net\/wordpress\/wp-content\/uploads\/2023\/02\/giovanni-viel-768x512.jpg 768w, https:\/\/www.radiopiu.net\/wordpress\/wp-content\/uploads\/2023\/02\/giovanni-viel.jpg 800w\" sizes=\"auto, (max-width: 185px) 100vw, 185px\" \/><\/a>LA NOTA DI CORDOGLIO DELLA FISI VENETO<\/strong><\/span><\/p>\n<p>Il mondo degli sport invernali del Veneto e il mondo dello sport tutto piangono un grande professionista che per decenni ha dato voce al nostro comitato, agli sport della neve, in particolare al suo amatissimo sci di fondo, all\u2019atletica, alla corsa in montagna. Professionalit\u00e0 e passione immensa hanno caratterizzato in ogni occasione il suo lavoro. Ha lottato immensamente contro la malattia che, alla fine, lo ha vinto. Ci mancheranno il tuo sapere, Giovanni, la tua voce, la tua capacit\u00e0 di raccontare le persone e la storia del nostro sport, la tua capacit\u00e0 di far emozionare, la tua amicizia. A Donatella e a Cecilia, e a tutti i tuoi familiari, giunga l\u2019abbraccio affettuoso di tutto lo sci veneto.<\/p>\n<p>&nbsp;<\/p>\n<p><strong><span style=\"color: #ff0000;\">IL CORDOGLIO DI CONFINDUSTRIA BELLUNO DOLOMITI <\/span><\/strong><\/p>\n<p><a class=\"dt-pswp-item\" href=\"https:\/\/www.radiopiu.net\/wordpress\/wp-content\/uploads\/2023\/02\/GViel.jpeg\" data-dt-img-description=\"\" data-large_image_width=\"1600\" data-large_image_height=\"1064\"><img loading=\"lazy\" decoding=\"async\" class=\" wp-image-321914 alignright\" src=\"https:\/\/www.radiopiu.net\/wordpress\/wp-content\/uploads\/2023\/02\/GViel-300x200.jpeg\" alt=\"\" width=\"200\" height=\"133\" srcset=\"https:\/\/www.radiopiu.net\/wordpress\/wp-content\/uploads\/2023\/02\/GViel-300x200.jpeg 300w, https:\/\/www.radiopiu.net\/wordpress\/wp-content\/uploads\/2023\/02\/GViel-1024x681.jpeg 1024w, https:\/\/www.radiopiu.net\/wordpress\/wp-content\/uploads\/2023\/02\/GViel-768x511.jpeg 768w, https:\/\/www.radiopiu.net\/wordpress\/wp-content\/uploads\/2023\/02\/GViel-1536x1021.jpeg 1536w, https:\/\/www.radiopiu.net\/wordpress\/wp-content\/uploads\/2023\/02\/GViel.jpeg 1600w\" sizes=\"auto, (max-width: 200px) 100vw, 200px\" \/><\/a>\u201cTrasmetteva passione in tutto quello che faceva, passione innanzitutto per lo sport e il suo territorio. \u00c8 stato un ambasciatore delle nostre montagne. Oggi \u00e8 una giornata triste per la nostra Associazione e per l&#8217;intero Bellunese. Con Giovanni Viel perdiamo un esperto conoscitore di questa provincia, un uomo pieno di risorse ed energia, un grande amico. Siamo sconvolti e addolorati. Ci mancheranno il suo sorriso ironico e la sua autorevolezza. Addolora non poterlo vedere raccontare le Olimpiadi del 2026, il coronamento di una vita vissuta sempre in prima linea, con solidi valori e radici\u201d. Cos\u00ec Lorraine Berton, presidente di Confindustria Belluno Dolomiti, saluta Giovanni Viel, direttore di Cipa e giornalista, spentosi nella notte all&#8217;et\u00e0 di 64 anni. A esprimere cordoglio, accanto a Berton, \u00e8 l&#8217;intera Associazione degli industriali e il Consiglio di Presidenza.<\/p>\n<p>&nbsp;<\/p>\n<p><strong><span style=\"color: #ff0000;\">IL RICORDO DI ANDREA DE BERNARDIN, SEGRETARIO PROVINCIALE DELLA LEGA<\/span><\/strong><\/p>\n<p>\u201cCon Giovanni Viel se ne va una voce autorevole dello sport bellunese e di tutto il nostro territorio. Con la sua professionalit\u00e0, la sua empatia e la grande passione che nutriva per il suo lavoro Viel si \u00e8 fatto speaker delle Dolomiti bellunesi e di tutta la ricchezza di manifestazioni, piccole e grandi, che qui vengono organizzate\u201d.\u00a0 Sono le parole di cordoglio del <i>segretario provinciale della Lega, Andrea De Bernardin<\/i>, per la scomparsa di <i>Giovanni Viel.<span class=\"gmail-Apple-converted-space\"> \u00a0<\/span><\/i>\u201cE\u2019 stato la voce per molti anni del Pelmo d\u2019Oro, io l\u2019ho incontrato in svariate occasioni, tutte sportive \u2013 ricorda -, era un professionista su cui poter contare, aveva una rara capacit\u00e0 di entrare nel cuore dell\u2019evento, di capirlo e di raccontarlo con passione e coinvolgendo tutti. Da tutta la Lega bellunese, sincere condoglianze alla famiglia\u201d.<span class=\"gmail-Apple-converted-space\">\u00a0<\/span><\/p>\n<p>&nbsp;<\/p>\n<p><span style=\"color: #ff0000;\"><strong>IL SINDACO DI BELLUNO OSCAR DE PELLEGRIN<\/strong><\/span><\/p>\n<p align=\"JUSTIFY\">\u201cGiovanni Viel ci mancher\u00e0. Testimone e ambasciatore del nostro territorio, del suo sport e di tutti i valori postivi che trasmette, con il suo lavoro e con la sua passione ha raccontato per decenni l\u2019identit\u00e0 bellunese\u201d. A ottobre del 2022, in occasione della 24 Ore di San Martino, la giunta De Pellegrin aveva conferito a Viel un premio alla carriera, in quanto cronista storico della manifestazione. \u201cAveva accolto il riconoscimento con la semplicit\u00e0 e l\u2019umilt\u00e0 che tutti riconoscevamo in lui \u2013 ricorda De Pellegrin -, era pi\u00f9 che meritato quel premio. Ci mancher\u00e0 e ci mancher\u00e0 ancora di pi\u00f9 con l\u2019avvicinarsi delle Olimpiadi, lui ne era entusiasta perch\u00e9 aveva sempre creduto nello sport e nelle grandi manifestazioni sportive come volano per il turismo. Anni fa si era speso per la candidatura del Nevegal a ospitare i campionati europei di corsa in montagna e, di recente, aveva iniziato a collaborare con questa amministrazione per l\u2019organizzazione di eventi sportivi in citt\u00e0. Lui era cos\u00ec, ci metteva sempre la faccia in quello che credeva. Allo stesso modo era stato sempre vicino al mondo delle Paralimpiadi, nella convinzione profonda e radicata di quanto lo sport fosse veicolo di crescita personale e di inclusione. Tutti noi, io credo, gli dobbiamo molto\u201d.<\/p>\n<p align=\"JUSTIFY\"><span style=\"color: #ff0000;\"><strong>NOTA DI CORDOGLIO DI ASSOSTASMPA BELLUNO\u00a0\u00a0<\/strong><\/span><\/p>\n<p align=\"JUSTIFY\">\u00abCon Giovanni non se ne va solo uno stimato collega e un amico, ma una memoria storica dello sport bellunese, oltre che un profondo conoscitore e un innamorato del suo territorio. Sempre disponibile e in prima fila quando si trattava di presentare un evento, un libro o un qualsiasi appuntamento, aveva la capacit\u00e0 di intrecciare passione e competenza. Ci lascia un\u2019eredit\u00e0 importante, fatta di innumerevoli aneddoti, telecronache, articoli e pubblicazioni. Le pi\u00f9 sentite condoglianze da parte di tutto il consiglio direttivo di Assostampa Belluno alla moglie Donatella e alla figlia Cecilia\u00bb.<\/p>\n<p align=\"JUSTIFY\"><span style=\"color: #ff0000;\"><strong>IL SENATORE LUCA DE CARLO\u00a0<\/strong><\/span><\/p>\n<p align=\"JUSTIFY\">\u201cCon la scomparsa di Giovanni Viel, lo sport bellunese perde la sua voce. \u00c8 sempre stato un grande appassionato di sport, da quelli invernali a quelli estivi, ed ha sempre raccontato con passione e con grande conoscenza le pi\u00f9 grandi manifestazioni sportive, provinciali e non solo. Con lui, abbiamo perso un amico sempre attento a tutte le questioni della nostra provincia e alla sua storia, non solo quella sportiva. Giovanni \u00e8 sempre stato presente e sempre positivo, anche nei momenti pi\u00f9 difficili della sua malattia. Alla moglie Donatella e alla figlia Cecilia va il mio pi\u00f9 forte abbraccio\u201d<\/p>\n<p>&nbsp;<\/p>\n<hr \/>\n<p>&nbsp;<\/p>\n","protected":false},"excerpt":{"rendered":"<p>BELLUNO E&#8217; morto nella notte\u00a0Giovanni Viel,\u00a0 64 anni compiuti lo scorso settembre. Negli ultimi anni aveva lottato contro una gravissima malattia. Lascia la moglie Donatella e la figlia Cecilia. Abitava\u00a0 a Casan, frazione di\u00a0Ponte nelle Alpi.Era direttore del Cipa, il Consorzio industriali protezione ambiente della Provincia di Belluno, che si occupa della gestione dei rifiuti&hellip;<\/p>\n","protected":false},"author":4,"featured_media":321829,"comment_status":"closed","ping_status":"closed","sticky":false,"template":"","format":"standard","meta":{"_monsterinsights_skip_tracking":false,"_monsterinsights_sitenote_active":false,"_monsterinsights_sitenote_note":"","_monsterinsights_sitenote_category":0,"footnotes":""},"categories":[51,49],"tags":[],"class_list":["post-321828","post","type-post","status-publish","format-standard","has-post-thumbnail","hentry","category-evidenza-top","category-news-18","category-51","category-49","description-off"],"img_url":"https:\/\/www.radiopiu.net\/wordpress\/wp-content\/uploads\/2023\/02\/th-9.jpg","_links":{"self":[{"href":"https:\/\/www.radiopiu.net\/wordpress\/wp-json\/wp\/v2\/posts\/321828","targetHints":{"allow":["GET"]}}],"collection":[{"href":"https:\/\/www.radiopiu.net\/wordpress\/wp-json\/wp\/v2\/posts"}],"about":[{"href":"https:\/\/www.radiopiu.net\/wordpress\/wp-json\/wp\/v2\/types\/post"}],"author":[{"embeddable":true,"href":"https:\/\/www.radiopiu.net\/wordpress\/wp-json\/wp\/v2\/users\/4"}],"replies":[{"embeddable":true,"href":"https:\/\/www.radiopiu.net\/wordpress\/wp-json\/wp\/v2\/comments?post=321828"}],"version-history":[{"count":0,"href":"https:\/\/www.radiopiu.net\/wordpress\/wp-json\/wp\/v2\/posts\/321828\/revisions"}],"wp:featuredmedia":[{"embeddable":true,"href":"https:\/\/www.radiopiu.net\/wordpress\/wp-json\/wp\/v2\/media\/321829"}],"wp:attachment":[{"href":"https:\/\/www.radiopiu.net\/wordpress\/wp-json\/wp\/v2\/media?parent=321828"}],"wp:term":[{"taxonomy":"category","embeddable":true,"href":"https:\/\/www.radiopiu.net\/wordpress\/wp-json\/wp\/v2\/categories?post=321828"},{"taxonomy":"post_tag","embeddable":true,"href":"https:\/\/www.radiopiu.net\/wordpress\/wp-json\/wp\/v2\/tags?post=321828"}],"curies":[{"name":"wp","href":"https:\/\/api.w.org\/{rel}","templated":true}]}}