{"id":321856,"date":"2023-02-14T05:28:26","date_gmt":"2023-02-14T04:28:26","guid":{"rendered":"https:\/\/www.radiopiu.net\/wordpress\/?p=321856"},"modified":"2023-02-14T07:13:14","modified_gmt":"2023-02-14T06:13:14","slug":"giornale-radiopiu-14-febbraio-2023-direttore-mirko-mezzacasa-verso-i-40-anni-25-giugno-1983-25-giugno-2023","status":"publish","type":"post","link":"https:\/\/www.radiopiu.net\/wordpress\/giornale-radiopiu-14-febbraio-2023-direttore-mirko-mezzacasa-verso-i-40-anni-25-giugno-1983-25-giugno-2023\/","title":{"rendered":"GIORNALE RADIOPIU 14 FEBBRAIO 2023 DIRETTORE MIRKO MEZZACASA&#8230;verso i 40 anni 25 giugno 1983-25 giugno 2023"},"content":{"rendered":"<h3 class=\"kvgmc6g5 cxmmr5t8 oygrvhab hcukyx3x c1et5uql\"><span style=\"color: #0000ff;\"><strong>RADIO PIU INFORMAZIONE il canale su TELEGRAM informazione di prima\u00a0 <\/strong><strong>mano e in tempo reale. iscriviti ed aiutaci a farlo conoscere\u00a0<\/strong><\/span><\/h3>\n<h2 style=\"text-align: left;\"><span style=\"color: #ff0000;\">ISCRIVITI AL NOSTRO CANALE YOUTUBE PER SEGUIRE IN DIRETTA I PRINCIPALI PROGRAMMI DI RADIO PIU&#8217; E LE FUTURE DIRETTE IN ESTERNA. PER ISCRIVERTI <a style=\"color: #ff0000;\" href=\"https:\/\/youtube.com\/@radiopiu1527\">CLICCA QUI<\/a> E PREMI IL TASTO &#8220;Iscriviti&#8221;\u00a0<\/span><\/h2>\n<p>&nbsp;<\/p>\n<hr \/>\n<p>&nbsp;<\/p>\n<blockquote>\n<h3>E&#8217; MORTO GIOVANNI VIEL, VOCE DELLO SPORT RACCONTATO<\/h3>\n<\/blockquote>\n<p><strong><img loading=\"lazy\" decoding=\"async\" class=\"alignleft\" src=\"https:\/\/www.radiopiu.net\/wordpress\/wp-content\/uploads\/2023\/02\/th-9.jpg\" width=\"242\" height=\"136\" \/>BELLUNO<\/strong> E&#8217; morto nella notte tra domenica e luned\u00ec Giovanni Viel,\u00a0 64 anni compiuti lo scorso settembre. Negli ultimi anni aveva lottato contro una gravissima malattia. Lascia la moglie Donatella e la figlia Cecilia. Abitava\u00a0 a Casan, frazione di Ponte nelle Alpi.Era direttore del Cipa, il Consorzio industriali protezione ambiente della Provincia di Belluno, che si occupa della gestione dei rifiuti e di formazione.<\/p>\n<p><em>\u00abEra la voce dello sport bellunese, autorevole, riconoscibile, sempre professionale. Ci mancher\u00e0 tantissimo e mancher\u00e0 una persona di altissimo profilo che ha sempre lavorato per portare in alto il nostro territorio\u00bb.<\/em> Cos\u00ec il presidente della Provincia di Belluno in una nota di cordoglio per la scomparsa di Giovanni Viel. <em>\u00abHa raccontato per anni lo sport, lo sci in particolare, da rappresentante della Fisi e da giornalista. \u00c8 stato la voce del Pelmo d\u2019Oro e di tante sfaccettature della nostra provincia. Era anche lo speaker di tante iniziative locali, dalle gare di podismo a quelle di altri sport. Ci mancher\u00e0 la sua voce. Ci mancher\u00e0 la sua conoscenza del mondo sportivo. <\/em>\u00a0<strong>Giovanni Viel \u00e8 stata la &#8220;voce&#8221; importante e professionale per molti anni de Le Miglia di Agordo, l&#8217;appuntamento con lo sport estivo nel capoluogo di vallata.\u00a0<\/strong><\/p>\n\n\t\t\t<style type='text\/css'>\n\t\t\t\t#gallery-1 {\n\t\t\t\t\tmargin: auto;\n\t\t\t\t}\n\t\t\t\t#gallery-1 .gallery-item {\n\t\t\t\t\tfloat: left;\n\t\t\t\t\tmargin-top: 10px;\n\t\t\t\t\ttext-align: center;\n\t\t\t\t\twidth: 50%;\n\t\t\t\t}\n\t\t\t\t#gallery-1 img {\n\t\t\t\t\tborder: 2px solid #cfcfcf;\n\t\t\t\t}\n\t\t\t\t#gallery-1 .gallery-caption {\n\t\t\t\t\tmargin-left: 0;\n\t\t\t\t}\n\t\t\t\t\/* see gallery_shortcode() in wp-includes\/media.php *\/\n\t\t\t<\/style>\n\t\t<div id='gallery-1' class='dt-gallery-container gallery galleryid-321856 gallery-columns-2 gallery-size-thumbnail'><dl class='gallery-item'>\n\t\t\t\t<dt class='gallery-icon landscape'>\n\t\t\t\t\t<a class=\"rollover rollover-zoom dt-pswp-item\" title=\"KONICA MINOLTA DIGITAL CAMERA\" data-dt-img-description=\"\" data-large_image_width=\"1600\" data-large_image_height=\"1200\"href='https:\/\/www.radiopiu.net\/wordpress\/wp-content\/uploads\/2023\/02\/PICT7396.jpg'><img loading=\"lazy\" decoding=\"async\" width=\"150\" height=\"150\" src=\"https:\/\/www.radiopiu.net\/wordpress\/wp-content\/uploads\/2023\/02\/PICT7396-150x150.jpg\" class=\"attachment-thumbnail size-thumbnail\" alt=\"\" \/><\/a>\n\t\t\t\t<\/dt><\/dl><dl class='gallery-item'>\n\t\t\t\t<dt class='gallery-icon portrait'>\n\t\t\t\t\t<a class=\"rollover rollover-zoom dt-pswp-item\" title=\"_DSC0652\" data-dt-img-description=\"\" data-large_image_width=\"1702\" data-large_image_height=\"2560\"href='https:\/\/www.radiopiu.net\/wordpress\/wp-content\/uploads\/2023\/02\/DSC0652-scaled.jpg'><img loading=\"lazy\" decoding=\"async\" width=\"150\" height=\"150\" src=\"https:\/\/www.radiopiu.net\/wordpress\/wp-content\/uploads\/2023\/02\/DSC0652-150x150.jpg\" class=\"attachment-thumbnail size-thumbnail\" alt=\"\" \/><\/a>\n\t\t\t\t<\/dt><\/dl><br style=\"clear: both\" \/>\n\t\t\t<\/div>\n\n<p>&nbsp;<\/p>\n<blockquote>\n<h2>NEL RICORDO DI UN AMICO, di Fiorendo Dalla C\u00e0<\/h2>\n<\/blockquote>\n<p>L&#8217;amico Fiorendo Dalla C\u00e0, medico, giornalista e organizzatore de Le Miglia di Agordo, consegna a Radio Pi\u00f9 un messaggio di emozione e dolore nel ricordo di Giovanni Viel. Per anni Fiorendo ha avuto rapporti di grande collaborazione con Giovanni, in ambito giornalistico e in occasione dell&#8217;evento di Agordo.<\/p>\n<p><strong>LE MIGLIA&#8230; 2012<\/strong><\/p>\n<audio class=\"wp-audio-shortcode\" id=\"audio-321856-1\" preload=\"none\" style=\"width: 100%;\" controls=\"controls\"><source type=\"audio\/mpeg\" src=\"https:\/\/www.radiopiu.net\/wordpress\/wp-content\/uploads\/2023\/02\/VIEL.mp3?_=1\" \/><a href=\"https:\/\/www.radiopiu.net\/wordpress\/wp-content\/uploads\/2023\/02\/VIEL.mp3\">https:\/\/www.radiopiu.net\/wordpress\/wp-content\/uploads\/2023\/02\/VIEL.mp3<\/a><\/audio>\n<blockquote><p><a class=\"dt-pswp-item\" href=\"https:\/\/www.radiopiu.net\/wordpress\/wp-content\/uploads\/2023\/02\/PICT7396-1.jpg\" data-dt-img-description=\"KONICA MINOLTA DIGITAL CAMERA\" data-large_image_width=\"1600\" data-large_image_height=\"1200\"><img loading=\"lazy\" decoding=\"async\" class=\" wp-image-321993 alignleft\" src=\"https:\/\/www.radiopiu.net\/wordpress\/wp-content\/uploads\/2023\/02\/PICT7396-1-300x225.jpg\" alt=\"\" width=\"212\" height=\"159\" srcset=\"https:\/\/www.radiopiu.net\/wordpress\/wp-content\/uploads\/2023\/02\/PICT7396-1-300x225.jpg 300w, https:\/\/www.radiopiu.net\/wordpress\/wp-content\/uploads\/2023\/02\/PICT7396-1-1024x768.jpg 1024w, https:\/\/www.radiopiu.net\/wordpress\/wp-content\/uploads\/2023\/02\/PICT7396-1-768x576.jpg 768w, https:\/\/www.radiopiu.net\/wordpress\/wp-content\/uploads\/2023\/02\/PICT7396-1-1536x1152.jpg 1536w, https:\/\/www.radiopiu.net\/wordpress\/wp-content\/uploads\/2023\/02\/PICT7396-1.jpg 1600w\" sizes=\"auto, (max-width: 212px) 100vw, 212px\" \/><\/a><\/p>\n<p><em>Stamane ho letto\u00a0 parole laceranti. Non ho un termine diverso per definirle. Mi hanno chiuso in una morsa il cuore, mi hanno tolto il respiro, mi hanno messo sottosopra la mente. Sapevo tutto della sua lunga, silenziosa, ma sempre caparbia, instancabile sfida alla malattia, della lotta sua e delle sue straordinarie, amatissime Donatella e Cecilia, fra vittorie e sconfitte, fino all&#8217;ultima caduta. Perdo un caro, vero amico, un uomo buono, semplice, sempre disponibile, generoso, legato stretto, stretto alla sua terra e alla sua gente. Perdo il compagno di tante piacevoli lunghe chiaccherate di sport; perdo l&#8217; &#8220;enciclopedia&#8221; dello sport bellunese. Perdo un collega di giornalismo sportivo e uno scrittore &#8221; di cuore&#8221;, preparatissimo, sensibilissimo. Perdo uno &#8220;speaker&#8221; straordinario, informatissimo che sapeva impreziosire una competizione e trascinare, come pochi, il pubblico, uno &#8220;speaker&#8221; che ha amato profondamente, sostenuto e aiutato a crescere la mia &#8221; Le Miglia di Agordo&#8221;, che ha vissuto e condiviso i successi della corsa podistica internazionale per tutti i suoi 23 anni di storia. Ci sarebbero da scrivere mille cose ancora su Giovanni, ma mi fermo qui per questo scambio di parole fra amici che hanno avuto la fortuna di conoscere bene Gio&#8217;. Non riesco ad andare oltre. Ho bisogno di silenzio, di ricordare e soprattutto di stringermi, col pensiero, ai famigliari.<\/em><\/p><\/blockquote>\n<p>Fiorendo Dalla C\u00e0<\/p>\n<p>&nbsp;<\/p>\n<p>&nbsp;<\/p>\n<blockquote>\n<h1>TANTI I MESSAGGI DI CORDOGLIO.<\/h1>\n<\/blockquote>\n<blockquote class=\"wp-embedded-content\" data-secret=\"nxx2Cib6Wm\"><p><a href=\"https:\/\/www.radiopiu.net\/wordpress\/e-morto-giovanni-viel-voce-dello-sport-raccontato\/\">E&#8217; MORTO GIOVANNI VIEL, VOCE DELLO SPORT RACCONTATO<\/a><\/p><\/blockquote>\n<p><iframe loading=\"lazy\" class=\"wp-embedded-content\" sandbox=\"allow-scripts\" security=\"restricted\" style=\"position: absolute; clip: rect(1px, 1px, 1px, 1px);\" title=\"&#8220;E&#8217; MORTO GIOVANNI VIEL, VOCE DELLO SPORT RACCONTATO&#8221; &#8212; Radio Pi\u00f9\" src=\"https:\/\/www.radiopiu.net\/wordpress\/e-morto-giovanni-viel-voce-dello-sport-raccontato\/embed\/#?secret=DSpdmC5sZH#?secret=nxx2Cib6Wm\" data-secret=\"nxx2Cib6Wm\" width=\"600\" height=\"338\" frameborder=\"0\" marginwidth=\"0\" marginheight=\"0\" scrolling=\"no\"><\/iframe><\/p>\n<p>&nbsp;<\/p>\n<hr \/>\n<p>&nbsp;<\/p>\n<blockquote>\n<h3>SCIVOLA SUL SENTIERO DURANTE UNA PASSEGGIATA<\/h3>\n<\/blockquote>\n<p><strong><img loading=\"lazy\" decoding=\"async\" class=\"alignleft\" src=\"https:\/\/www.radiopiu.net\/wordpress\/wp-content\/uploads\/2022\/08\/salt_20220825_171725_606.jpg\" width=\"144\" height=\"108\" \/>ARSIE&#8217;<\/strong>\u00a0 Ieri attorno alle 14 il Soccorso alpino di Feltre \u00e8 stato attivato per un infortunio avvenuto lungo il giro ad anello del Lago del Corlo. Durante una passeggiata con il suo cane, infatti, una settantenne di Vallada Agordina (BL) era scivolata su una lastra di ghiaccio, riportando un sospetto trauma alla caviglia che le impediva di arrivare a fine percorso. Cinque soccorritori si sono avvicinati in jeep, per poi proseguire a piedi da localit\u00e0 Giaroni. Una volta dalla donna, la squadra le ha immobilizzato il piede, per poi caricarla in barella e trasportarla per mezzo chilometro e tornare ai mezzi. L&#8217;infortunata \u00e8 stata accompagnata (assieme al suo cane) all&#8217;ospedale di Feltre.<\/p>\n<p>&nbsp;<\/p>\n<hr \/>\n<p>&nbsp;<\/p>\n<blockquote>\n<h3>INCIDENTI IN PISTA<\/h3>\n<\/blockquote>\n<div class=\"articlePlainText\"><strong>LIVINALLONGO<\/strong> Nel fine settimana decine\u00a0 di interventi di soccorso\u00a0 sulle piste anche nell&#8217;area sciistica Arabba &#8211; Marmolada.\u00a0 Sul tracciato Alpenrose una 17enne straniera ha riportato la frattura di una gamba.\u00a0 Sulla pista Salere in direzione Pordoi, un&#8217;altra giovane straniera, anch&#8217;essa 17enne, si \u00e8 procurata in seguito ad una caduta sugli sci un importante trauma allo sterno.<\/div>\n<div><\/div>\n<p>&nbsp;<\/p>\n<hr \/>\n<p>&nbsp;<\/p>\n<p>&nbsp;<\/p>\n<blockquote>\n<h3><img decoding=\"async\" class=\"alignleft\" src=\"https:\/\/www.radiopiu.net\/wordpress\/wp-content\/uploads\/2023\/02\/AAA-1.jpg\" \/>IL SECONDO CASO IN DUE GIORNI: BLOCCATO CON L&#8217;AUTO SULLE CRESTE,<\/h3>\n<\/blockquote>\n<p><strong>BELLUNO<\/strong> Sabato notte la Subaru bloccata dopo le derapate in area Nevegal, ieri una Jeep in difficolt\u00e0 sul ghiaccio lungo la strada di cresta che collega il rifugio Visentin al Bristot. I due veneziani a bordo hanno avuto la fortuna di essere trainati sulle piste innevate da un gatto e di poter riprendere la strada di casa, scendendo verso Vittorio Veneto. Salire sul Colle lungo le piste battute \u00e8 lo spot di moda.\u00a0 Quella via \u00e8 percorribile solamente da autorizzati: cio\u00e8 con un permesso, essendo silvo pastorale e sottoposta alla legge regionale. Dunque fanno 200 euro di multa solo per l&#8217;accesso vietato.\u00a0<strong> (FOTO CORRIERE DELLE ALPI)<\/strong><\/p>\n<p>&nbsp;<\/p>\n<hr \/>\n<p>&nbsp;<\/p>\n<blockquote>\n<h3>DI NOTTE, CONTRO IL PALO. FERITO IL CONDUCENTE.<\/h3>\n<\/blockquote>\n<p><strong>CORTINA <\/strong>Era circa l&#8217;una quando personale Suem, VIgili del Fuoco e Carabinieri sono stati chiamati in locailt\u00e0 Pezie lungo la strada Alemagna\u00a0 per un\u2019auto finita contro palo semaforico, dopo la perdita di controllo del conducente, rimasto ferito. I pompieri accorsi dal locale distaccamento con due automezzi, hanno messo in sicurezza la Fiat Panda ibrida, il palo e l\u2019impianto semaforico, mentre l\u2019autista \u00e8 stato assistito dal personale sanitario del 118. I carabinieri hanno eseguito i rilievi del sinistro. Le operazioni di soccorso dei vigili del fuoco sono terminate alle 2:30.<\/p>\n\n\t\t\t<style type='text\/css'>\n\t\t\t\t#gallery-2 {\n\t\t\t\t\tmargin: auto;\n\t\t\t\t}\n\t\t\t\t#gallery-2 .gallery-item {\n\t\t\t\t\tfloat: left;\n\t\t\t\t\tmargin-top: 10px;\n\t\t\t\t\ttext-align: center;\n\t\t\t\t\twidth: 50%;\n\t\t\t\t}\n\t\t\t\t#gallery-2 img {\n\t\t\t\t\tborder: 2px solid #cfcfcf;\n\t\t\t\t}\n\t\t\t\t#gallery-2 .gallery-caption {\n\t\t\t\t\tmargin-left: 0;\n\t\t\t\t}\n\t\t\t\t\/* see gallery_shortcode() in wp-includes\/media.php *\/\n\t\t\t<\/style>\n\t\t<div id='gallery-2' class='dt-gallery-container gallery galleryid-321856 gallery-columns-2 gallery-size-medium'><dl class='gallery-item'>\n\t\t\t\t<dt class='gallery-icon landscape'>\n\t\t\t\t\t<a class=\"rollover rollover-zoom dt-pswp-item\" title=\"7ac31506-bc28-41de-aabe-e30626acdd21\" data-dt-img-description=\"\" data-large_image_width=\"1280\" data-large_image_height=\"960\"href='https:\/\/www.radiopiu.net\/wordpress\/wp-content\/uploads\/2023\/02\/7ac31506-bc28-41de-aabe-e30626acdd21.jpg'><img loading=\"lazy\" decoding=\"async\" width=\"300\" height=\"225\" src=\"https:\/\/www.radiopiu.net\/wordpress\/wp-content\/uploads\/2023\/02\/7ac31506-bc28-41de-aabe-e30626acdd21-300x225.jpg\" class=\"attachment-medium size-medium\" alt=\"\" srcset=\"https:\/\/www.radiopiu.net\/wordpress\/wp-content\/uploads\/2023\/02\/7ac31506-bc28-41de-aabe-e30626acdd21-300x225.jpg 300w, https:\/\/www.radiopiu.net\/wordpress\/wp-content\/uploads\/2023\/02\/7ac31506-bc28-41de-aabe-e30626acdd21-1024x768.jpg 1024w, https:\/\/www.radiopiu.net\/wordpress\/wp-content\/uploads\/2023\/02\/7ac31506-bc28-41de-aabe-e30626acdd21-768x576.jpg 768w, https:\/\/www.radiopiu.net\/wordpress\/wp-content\/uploads\/2023\/02\/7ac31506-bc28-41de-aabe-e30626acdd21.jpg 1280w\" sizes=\"auto, (max-width: 300px) 100vw, 300px\" \/><\/a>\n\t\t\t\t<\/dt><\/dl><dl class='gallery-item'>\n\t\t\t\t<dt class='gallery-icon landscape'>\n\t\t\t\t\t<a class=\"rollover rollover-zoom dt-pswp-item\" title=\"67e85287-e22e-4ccd-9f5d-c0a34de3b69f\" data-dt-img-description=\"\" data-large_image_width=\"1280\" data-large_image_height=\"960\"href='https:\/\/www.radiopiu.net\/wordpress\/wp-content\/uploads\/2023\/02\/67e85287-e22e-4ccd-9f5d-c0a34de3b69f.jpg'><img loading=\"lazy\" decoding=\"async\" width=\"300\" height=\"225\" src=\"https:\/\/www.radiopiu.net\/wordpress\/wp-content\/uploads\/2023\/02\/67e85287-e22e-4ccd-9f5d-c0a34de3b69f-300x225.jpg\" class=\"attachment-medium size-medium\" alt=\"\" srcset=\"https:\/\/www.radiopiu.net\/wordpress\/wp-content\/uploads\/2023\/02\/67e85287-e22e-4ccd-9f5d-c0a34de3b69f-300x225.jpg 300w, https:\/\/www.radiopiu.net\/wordpress\/wp-content\/uploads\/2023\/02\/67e85287-e22e-4ccd-9f5d-c0a34de3b69f-1024x768.jpg 1024w, https:\/\/www.radiopiu.net\/wordpress\/wp-content\/uploads\/2023\/02\/67e85287-e22e-4ccd-9f5d-c0a34de3b69f-768x576.jpg 768w, https:\/\/www.radiopiu.net\/wordpress\/wp-content\/uploads\/2023\/02\/67e85287-e22e-4ccd-9f5d-c0a34de3b69f.jpg 1280w\" sizes=\"auto, (max-width: 300px) 100vw, 300px\" \/><\/a>\n\t\t\t\t<\/dt><\/dl><br style=\"clear: both\" \/>\n\t\t\t<\/div>\n\n<p>&nbsp;<\/p>\n<hr \/>\n<p>&nbsp;<\/p>\n<blockquote>\n<h3>L&#8217;ULTIMO SALUTO A TIZIANO CONTI<\/h3>\n<\/blockquote>\n<p><strong>SEDICO\u00a0<\/strong> Oggi alle 15, nella chiesa di Orzes, l&#8217;addio a Tiziano Conti, 64 anni, detto il Conte, trovato morto nella sua casa diroccata dei Casoni, in via Igino D&#8217;Inc\u00e0 23.<\/p>\n<p>&nbsp;<\/p>\n<hr \/>\n<p>&nbsp;<\/p>\n<blockquote>\n<h3>OPERE OLIMPICHE, PER CONFINDUSTRIA &#8220;ANTIDOTO ALLO SPOPOLAMENTO&#8221;.<\/h3>\n<\/blockquote>\n<p><strong><img loading=\"lazy\" decoding=\"async\" class=\"alignleft\" src=\"https:\/\/www.radiopiu.net\/wordpress\/wp-content\/uploads\/2023\/02\/6f0e70b7-8080-4533-a486-35974dbfc185.jpg\" width=\"199\" height=\"149\" \/>BELLUNO<\/strong><\/p>\n<p><strong>MORENO GIOLI<\/strong><\/p>\n<p>&nbsp;<\/p>\n<audio class=\"wp-audio-shortcode\" id=\"audio-321856-2\" preload=\"none\" style=\"width: 100%;\" controls=\"controls\"><source type=\"audio\/mpeg\" src=\"https:\/\/www.radiopiu.net\/wordpress\/wp-content\/uploads\/2023\/02\/convegno-confindustria.mp3?_=2\" \/><a href=\"https:\/\/www.radiopiu.net\/wordpress\/wp-content\/uploads\/2023\/02\/convegno-confindustria.mp3\">https:\/\/www.radiopiu.net\/wordpress\/wp-content\/uploads\/2023\/02\/convegno-confindustria.mp3<\/a><\/audio>\n<p>&nbsp;<\/p>\n<p>&nbsp;<\/p>\n<hr \/>\n<p>&nbsp;<\/p>\n<blockquote>\n<h3>GLI STUDENTI AGORDINI PREFERISCONO GLI ISTITUTI TECNICI<\/h3>\n<\/blockquote>\n<p><strong><img loading=\"lazy\" decoding=\"async\" class=\"alignleft\" src=\"https:\/\/www.radiopiu.net\/wordpress\/wp-content\/uploads\/2022\/03\/FOLLADOR-AGORDO-2.jpg\" width=\"256\" height=\"144\" \/>AGORDO<\/strong>Se oltre a un&#8217;analisi geografica delle iscrizioni, si vuole leggere le scelte degli alunni in base alle loro passioni e attitudini, si pu\u00f2 notare che la maggior parte degli studenti agordini (40,3%) ha scelto gli istituti tecnici, il 34,4% i licei, il 16,9% gli istituti professionali e l&#8217;8,4% i centri di formazione professionale. Di questi dati e di altri temi inerenti il mondo della scuola si parler\u00e0 domani alle 10 e in replica alle 19 su Radio Pi\u00f9 nel programma &#8220;Se non la smetti ti mando dal preside&#8221; con Mirko Mezzacasa e Maria Rosa Salmazo.<\/p>\n<p><strong>DI GIANNI SANTOMASO<\/strong><\/p>\n<audio class=\"wp-audio-shortcode\" id=\"audio-321856-3\" preload=\"none\" style=\"width: 100%;\" controls=\"controls\"><source type=\"audio\/mpeg\" src=\"https:\/\/www.radiopiu.net\/wordpress\/wp-content\/uploads\/2023\/02\/GIANNI-SCUOLA.mp3?_=3\" \/><a href=\"https:\/\/www.radiopiu.net\/wordpress\/wp-content\/uploads\/2023\/02\/GIANNI-SCUOLA.mp3\">https:\/\/www.radiopiu.net\/wordpress\/wp-content\/uploads\/2023\/02\/GIANNI-SCUOLA.mp3<\/a><\/audio>\n<p>&nbsp;<\/p>\n<p>&nbsp;<\/p>\n<hr \/>\n<p>&nbsp;<\/p>\n<blockquote>\n<h3>IL TERMOMETRO&#8230; SPECIALE NEVE, DA GOSALDO AD ARABBA, DA FALCADE AD ALLEGHE<\/h3>\n<\/blockquote>\n<p><strong>REDAZIONE<\/strong> A pochi giorni dal momento clou delle settimane bianche e dello sci, che coincide con il periodo di carnevale il punto sula stagione. Collegamento con le aree sciistiche del territorio, Renzo Minella (San Pellegrino-Falcade), Andrea Dal Farra (Alleghe-Ski CIvetta), Morgan Gnech (Forcella Aurine, Desma), Diedo De Battista (Arabba) e Marco Grigoletto (Presidente Anef)<\/p>\n<p><strong>audio di Mirko Mezzacasa<\/strong><\/p>\n<audio class=\"wp-audio-shortcode\" id=\"audio-321856-4\" preload=\"none\" style=\"width: 100%;\" controls=\"controls\"><source type=\"audio\/mpeg\" src=\"https:\/\/www.radiopiu.net\/wordpress\/wp-content\/uploads\/2023\/02\/SPECIALE-NEVE-2.mp3?_=4\" \/><a href=\"https:\/\/www.radiopiu.net\/wordpress\/wp-content\/uploads\/2023\/02\/SPECIALE-NEVE-2.mp3\">https:\/\/www.radiopiu.net\/wordpress\/wp-content\/uploads\/2023\/02\/SPECIALE-NEVE-2.mp3<\/a><\/audio>\n<p>&nbsp;<\/p>\n\n\t\t\t<style type='text\/css'>\n\t\t\t\t#gallery-3 {\n\t\t\t\t\tmargin: auto;\n\t\t\t\t}\n\t\t\t\t#gallery-3 .gallery-item {\n\t\t\t\t\tfloat: left;\n\t\t\t\t\tmargin-top: 10px;\n\t\t\t\t\ttext-align: center;\n\t\t\t\t\twidth: 20%;\n\t\t\t\t}\n\t\t\t\t#gallery-3 img {\n\t\t\t\t\tborder: 2px solid #cfcfcf;\n\t\t\t\t}\n\t\t\t\t#gallery-3 .gallery-caption {\n\t\t\t\t\tmargin-left: 0;\n\t\t\t\t}\n\t\t\t\t\/* see gallery_shortcode() in wp-includes\/media.php *\/\n\t\t\t<\/style>\n\t\t<div id='gallery-3' class='dt-gallery-container gallery galleryid-321856 gallery-columns-5 gallery-size-thumbnail'><dl class='gallery-item'>\n\t\t\t\t<dt class='gallery-icon landscape'>\n\t\t\t\t\t<a class=\"rollover rollover-zoom dt-pswp-item\" title=\"RENZO MINELLA\" data-dt-img-description=\"\" data-large_image_width=\"1024\" data-large_image_height=\"682\"href='https:\/\/www.radiopiu.net\/wordpress\/wp-content\/uploads\/2021\/02\/RENZO-MINELLA.jpg'><img loading=\"lazy\" decoding=\"async\" width=\"150\" height=\"150\" src=\"https:\/\/www.radiopiu.net\/wordpress\/wp-content\/uploads\/2021\/02\/RENZO-MINELLA-150x150.jpg\" class=\"attachment-thumbnail size-thumbnail\" alt=\"\" \/><\/a>\n\t\t\t\t<\/dt><\/dl><dl class='gallery-item'>\n\t\t\t\t<dt class='gallery-icon portrait'>\n\t\t\t\t\t<a class=\"rollover rollover-zoom dt-pswp-item\" title=\"farra-287x300\" data-dt-img-description=\"\" data-large_image_width=\"287\" data-large_image_height=\"300\"href='https:\/\/www.radiopiu.net\/wordpress\/wp-content\/uploads\/2023\/02\/farra-287x300-1.png'><img loading=\"lazy\" decoding=\"async\" width=\"150\" height=\"150\" src=\"https:\/\/www.radiopiu.net\/wordpress\/wp-content\/uploads\/2023\/02\/farra-287x300-1-150x150.png\" class=\"attachment-thumbnail size-thumbnail\" alt=\"\" aria-describedby=\"gallery-3-321971\" \/><\/a>\n\t\t\t\t<\/dt>\n\t\t\t\t\t<dd class='wp-caption-text gallery-caption' id='gallery-3-321971'>\n\t\t\t\t\tandrea dal farra\n\t\t\t\t\t<\/dd><\/dl><dl class='gallery-item'>\n\t\t\t\t<dt class='gallery-icon portrait'>\n\t\t\t\t\t<a class=\"rollover rollover-zoom dt-pswp-item\" title=\"morgan gnech\" data-dt-img-description=\"\" data-large_image_width=\"194\" data-large_image_height=\"259\"href='https:\/\/www.radiopiu.net\/wordpress\/wp-content\/uploads\/2020\/04\/morgan-gnech.jpeg'><img loading=\"lazy\" decoding=\"async\" width=\"150\" height=\"150\" src=\"https:\/\/www.radiopiu.net\/wordpress\/wp-content\/uploads\/2020\/04\/morgan-gnech-150x150.jpeg\" class=\"attachment-thumbnail size-thumbnail\" alt=\"\" aria-describedby=\"gallery-3-128130\" \/><\/a>\n\t\t\t\t<\/dt>\n\t\t\t\t\t<dd class='wp-caption-text gallery-caption' id='gallery-3-128130'>\n\t\t\t\t\tmorgan gnech\n\t\t\t\t\t<\/dd><\/dl><dl class='gallery-item'>\n\t\t\t\t<dt class='gallery-icon portrait'>\n\t\t\t\t\t<a class=\"rollover rollover-zoom dt-pswp-item\" title=\"diego de battista\" data-dt-img-description=\"\" data-large_image_width=\"194\" data-large_image_height=\"259\"href='https:\/\/www.radiopiu.net\/wordpress\/wp-content\/uploads\/2019\/12\/download-16.jpg'><img loading=\"lazy\" decoding=\"async\" width=\"150\" height=\"150\" src=\"https:\/\/www.radiopiu.net\/wordpress\/wp-content\/uploads\/2019\/12\/download-16-150x150.jpg\" class=\"attachment-thumbnail size-thumbnail\" alt=\"\" aria-describedby=\"gallery-3-111002\" \/><\/a>\n\t\t\t\t<\/dt>\n\t\t\t\t\t<dd class='wp-caption-text gallery-caption' id='gallery-3-111002'>\n\t\t\t\t\tdiego de battista \n\t\t\t\t\t<\/dd><\/dl><dl class='gallery-item'>\n\t\t\t\t<dt class='gallery-icon landscape'>\n\t\t\t\t\t<a class=\"rollover rollover-zoom dt-pswp-item\" title=\"foto_Marco_Grigoletto01\" data-dt-img-description=\"\" data-large_image_width=\"1600\" data-large_image_height=\"1064\"href='https:\/\/www.radiopiu.net\/wordpress\/wp-content\/uploads\/2021\/11\/foto_Marco_Grigoletto01.jpg'><img loading=\"lazy\" decoding=\"async\" width=\"150\" height=\"150\" src=\"https:\/\/www.radiopiu.net\/wordpress\/wp-content\/uploads\/2021\/11\/foto_Marco_Grigoletto01-150x150.jpg\" class=\"attachment-thumbnail size-thumbnail\" alt=\"\" aria-describedby=\"gallery-3-241599\" \/><\/a>\n\t\t\t\t<\/dt>\n\t\t\t\t\t<dd class='wp-caption-text gallery-caption' id='gallery-3-241599'>\n\t\t\t\t\tmarco grigoletto\n\t\t\t\t\t<\/dd><\/dl><br style=\"clear: both\" \/>\n\t\t\t<\/div>\n\n<p>&nbsp;<\/p>\n<p>&nbsp;<\/p>\n<hr \/>\n<blockquote>\n<h3><\/h3>\n<h3>LA FRANA SULLE PALE DI SAN LUCANO, IL VIDEO DI ERIK LENA<\/h3>\n<\/blockquote>\n<p><strong>TAIBON<\/strong> Come riferito nelle edizioni precedenti un&#8217;altra frana si \u00e8 staccata dalla pale di San Lucano nell&#8217;omonima valle, poco oltre la chiesetta in localit\u00e0 Paluc<\/p>\n<p><strong>VIDEO<\/strong><\/p>\n<div style=\"width: 1200px;\" class=\"wp-video\"><video class=\"wp-video-shortcode\" id=\"video-321856-1\" width=\"1200\" height=\"675\" preload=\"metadata\" controls=\"controls\"><source type=\"video\/mp4\" src=\"https:\/\/www.radiopiu.net\/wordpress\/wp-content\/uploads\/2023\/02\/FullSizeRender.mp4?_=1\" \/><a href=\"https:\/\/www.radiopiu.net\/wordpress\/wp-content\/uploads\/2023\/02\/FullSizeRender.mp4\">https:\/\/www.radiopiu.net\/wordpress\/wp-content\/uploads\/2023\/02\/FullSizeRender.mp4<\/a><\/video><\/div>\n<p>&nbsp;<\/p>\n<p>&nbsp;<\/p>\n<hr \/>\n<blockquote>\n<h3><\/h3>\n<h3>AMA DOLOMITI &#8211; PUNTATA DEL 13 FEBBRAIO 2023<\/h3>\n<\/blockquote>\n<p><strong>PUNTATA 01, 13 FEBBRAIO 2023<\/strong><\/p>\n<p><strong><a class=\"dt-pswp-item\" href=\"https:\/\/www.radiopiu.net\/wordpress\/wp-content\/uploads\/2023\/02\/1239767_1376151945949547_1371470440_n.jpg\" data-dt-img-description=\"\" data-large_image_width=\"744\" data-large_image_height=\"498\"><img loading=\"lazy\" decoding=\"async\" class=\" wp-image-321803 alignleft\" src=\"https:\/\/www.radiopiu.net\/wordpress\/wp-content\/uploads\/2023\/02\/1239767_1376151945949547_1371470440_n-300x201.jpg\" alt=\"\" width=\"172\" height=\"115\" srcset=\"https:\/\/www.radiopiu.net\/wordpress\/wp-content\/uploads\/2023\/02\/1239767_1376151945949547_1371470440_n-300x201.jpg 300w, https:\/\/www.radiopiu.net\/wordpress\/wp-content\/uploads\/2023\/02\/1239767_1376151945949547_1371470440_n.jpg 744w\" sizes=\"auto, (max-width: 172px) 100vw, 172px\" \/><\/a>Nuovo appuntamento sulle frequenze di Radio Pi\u00f9. A partire dal 13 febbraio un nuovo programma a cura di AMA Dolomiti.<\/strong><\/p>\n<p align=\"JUSTIFY\"><span style=\"color: #000000;\"><span style=\"font-family: Times New Roman, serif;\"><span style=\"font-size: large;\">L\u2019Associazione Ama Dolomiti \u00e8 nata nell\u2019aprile 2010 da un gruppo di persone desiderose di mettere in rete i diversi gruppi di auto mutuo aiuto presenti nella provincia di Belluno, per dare ai medesimi sostegno nella loro attivit\u00e0, visibilit\u00e0 nel territorio e favorire la creazione di nuovi gruppi.\u00a0<\/span><\/span><\/span><\/p>\n<p align=\"JUSTIFY\"><strong>AUDIO Anna Capovilla, Fausto Cargnel, Paola Santel, Lara Pra,\u00a0 Tatiana Bettega<\/strong><\/p>\n<audio class=\"wp-audio-shortcode\" id=\"audio-321856-5\" preload=\"none\" style=\"width: 100%;\" controls=\"controls\"><source type=\"audio\/mpeg\" src=\"https:\/\/www.radiopiu.net\/wordpress\/wp-content\/uploads\/2023\/02\/GRUPPO-AMA1.mp3?_=5\" \/><a href=\"https:\/\/www.radiopiu.net\/wordpress\/wp-content\/uploads\/2023\/02\/GRUPPO-AMA1.mp3\">https:\/\/www.radiopiu.net\/wordpress\/wp-content\/uploads\/2023\/02\/GRUPPO-AMA1.mp3<\/a><\/audio>\n<p>&nbsp;<\/p>\n<hr \/>\n<p>&nbsp;<\/p>\n<p><strong>I CONTROSENSI<\/strong><\/p>\n<p><strong><a class=\"dt-pswp-item\" href=\"https:\/\/www.radiopiu.net\/wordpress\/wp-content\/uploads\/2023\/02\/Senza-nome-27.jpg\" data-dt-img-description=\"\" data-large_image_width=\"400\" data-large_image_height=\"380\"><img loading=\"lazy\" decoding=\"async\" class=\"wp-image-321863 alignleft\" src=\"https:\/\/www.radiopiu.net\/wordpress\/wp-content\/uploads\/2023\/02\/Senza-nome-27-300x285.jpg\" alt=\"\" width=\"140\" height=\"133\" srcset=\"https:\/\/www.radiopiu.net\/wordpress\/wp-content\/uploads\/2023\/02\/Senza-nome-27-300x285.jpg 300w, https:\/\/www.radiopiu.net\/wordpress\/wp-content\/uploads\/2023\/02\/Senza-nome-27.jpg 400w\" sizes=\"auto, (max-width: 140px) 100vw, 140px\" \/><\/a>CANALE D&#8217;AGORDO<\/strong> Sullo stesso territorio, tra Canale d&#8217;Agordo e Fregona, c&#8217;\u00e8 chi si lamenta per la presenza del lupo e presta la massima attenzione a non attirarne l&#8217;attenzione con cibi o rifiuti abbandonati. C&#8217;\u00e8 invece chi abbandona lungo la strada frattaglie e avanzi di carne, niente di meglio per far arrivare i lupi fino alla porta di casa (segnalazione pagina facebook, Cristina Fiocco)<\/p>\n<p>&nbsp;<\/p>\n<p>&nbsp;<\/p>\n<hr \/>\n<p>&nbsp;<\/p>\n<blockquote>\n<h3>COVID&#8230; TUTTO IN DISCESA, TANTI COMUNI &#8220;BIANCHI&#8221;, DUE DECESSI NEGLI ULTIMI SETTE GIORNI<\/h3>\n<\/blockquote>\n<p>&nbsp;<\/p>\n<p><strong><a class=\"dt-pswp-item\" href=\"https:\/\/www.radiopiu.net\/wordpress\/wp-content\/uploads\/2023\/02\/d2dd2900-1ddc-44f8-8917-97e204886cdb.jpg\" data-dt-img-description=\"\" data-large_image_width=\"1915\" data-large_image_height=\"967\"><img loading=\"lazy\" decoding=\"async\" class=\"wp-image-321998 alignleft\" src=\"https:\/\/www.radiopiu.net\/wordpress\/wp-content\/uploads\/2023\/02\/d2dd2900-1ddc-44f8-8917-97e204886cdb-300x151.jpg\" alt=\"\" width=\"179\" height=\"90\" srcset=\"https:\/\/www.radiopiu.net\/wordpress\/wp-content\/uploads\/2023\/02\/d2dd2900-1ddc-44f8-8917-97e204886cdb-300x151.jpg 300w, https:\/\/www.radiopiu.net\/wordpress\/wp-content\/uploads\/2023\/02\/d2dd2900-1ddc-44f8-8917-97e204886cdb-1024x517.jpg 1024w, https:\/\/www.radiopiu.net\/wordpress\/wp-content\/uploads\/2023\/02\/d2dd2900-1ddc-44f8-8917-97e204886cdb-768x388.jpg 768w, https:\/\/www.radiopiu.net\/wordpress\/wp-content\/uploads\/2023\/02\/d2dd2900-1ddc-44f8-8917-97e204886cdb-1536x776.jpg 1536w, https:\/\/www.radiopiu.net\/wordpress\/wp-content\/uploads\/2023\/02\/d2dd2900-1ddc-44f8-8917-97e204886cdb.jpg 1915w\" sizes=\"auto, (max-width: 179px) 100vw, 179px\" \/><\/a>BELLUNO<\/strong> Appare evidente un ulteriore raffreddamento del quadro epidemico, con un\u2019incidenza ormai al di sotto del valore soglia di 50 casi su 100 mila abitanti. La mappa sottostante rappresenta l\u2019incidenza settimanale per singolo comune, sono sempre pi\u00f9 i territori &#8220;bianchi&#8221; ovvero dove negli ultimi sette giorni non si sono registrati nuovi casi di covid19. Qualche contagio in pi\u00f9 in Valle del Cordevole, La Valle Agordina e Perarolo. In ospedale: 22 i pazienti in area non critica. Sono deceduti una donna di anni 70 e un uomo di anni 82.<\/p>\n\n\t\t\t<style type='text\/css'>\n\t\t\t\t#gallery-4 {\n\t\t\t\t\tmargin: auto;\n\t\t\t\t}\n\t\t\t\t#gallery-4 .gallery-item {\n\t\t\t\t\tfloat: left;\n\t\t\t\t\tmargin-top: 10px;\n\t\t\t\t\ttext-align: center;\n\t\t\t\t\twidth: 100%;\n\t\t\t\t}\n\t\t\t\t#gallery-4 img {\n\t\t\t\t\tborder: 2px solid #cfcfcf;\n\t\t\t\t}\n\t\t\t\t#gallery-4 .gallery-caption {\n\t\t\t\t\tmargin-left: 0;\n\t\t\t\t}\n\t\t\t\t\/* see gallery_shortcode() in wp-includes\/media.php *\/\n\t\t\t<\/style>\n\t\t<div id='gallery-4' class='dt-gallery-container gallery galleryid-321856 gallery-columns-1 gallery-size-medium'><dl class='gallery-item'>\n\t\t\t\t<dt class='gallery-icon portrait'>\n\t\t\t\t\t<a class=\"rollover rollover-zoom dt-pswp-item\" title=\"8a6e1ce3-d7fc-42bb-a843-db2cdd5b9017\" data-dt-img-description=\"\" data-large_image_width=\"971\" data-large_image_height=\"1024\"href='https:\/\/www.radiopiu.net\/wordpress\/wp-content\/uploads\/2023\/02\/8a6e1ce3-d7fc-42bb-a843-db2cdd5b9017.jpg'><img loading=\"lazy\" decoding=\"async\" width=\"284\" height=\"300\" src=\"https:\/\/www.radiopiu.net\/wordpress\/wp-content\/uploads\/2023\/02\/8a6e1ce3-d7fc-42bb-a843-db2cdd5b9017-284x300.jpg\" class=\"attachment-medium size-medium\" alt=\"\" srcset=\"https:\/\/www.radiopiu.net\/wordpress\/wp-content\/uploads\/2023\/02\/8a6e1ce3-d7fc-42bb-a843-db2cdd5b9017-284x300.jpg 284w, https:\/\/www.radiopiu.net\/wordpress\/wp-content\/uploads\/2023\/02\/8a6e1ce3-d7fc-42bb-a843-db2cdd5b9017-768x810.jpg 768w, https:\/\/www.radiopiu.net\/wordpress\/wp-content\/uploads\/2023\/02\/8a6e1ce3-d7fc-42bb-a843-db2cdd5b9017.jpg 971w\" sizes=\"auto, (max-width: 284px) 100vw, 284px\" \/><\/a>\n\t\t\t\t<\/dt><\/dl><br style=\"clear: both\" \/>\n\t\t\t<\/div>\n\n<p>&nbsp;<\/p>\n<p>&nbsp;<\/p>\n<p>&nbsp;<\/p>\n<hr \/>\n<p>&nbsp;<\/p>\n<p><strong>di Tiziano De Col<\/strong><\/p>\n\n\t\t\t<style type='text\/css'>\n\t\t\t\t#gallery-5 {\n\t\t\t\t\tmargin: auto;\n\t\t\t\t}\n\t\t\t\t#gallery-5 .gallery-item {\n\t\t\t\t\tfloat: left;\n\t\t\t\t\tmargin-top: 10px;\n\t\t\t\t\ttext-align: center;\n\t\t\t\t\twidth: 20%;\n\t\t\t\t}\n\t\t\t\t#gallery-5 img {\n\t\t\t\t\tborder: 2px solid #cfcfcf;\n\t\t\t\t}\n\t\t\t\t#gallery-5 .gallery-caption {\n\t\t\t\t\tmargin-left: 0;\n\t\t\t\t}\n\t\t\t\t\/* see gallery_shortcode() in wp-includes\/media.php *\/\n\t\t\t<\/style>\n\t\t<div id='gallery-5' class='dt-gallery-container gallery galleryid-321856 gallery-columns-5 gallery-size-medium'><dl class='gallery-item'>\n\t\t\t\t<dt class='gallery-icon landscape'>\n\t\t\t\t\t<a class=\"rollover rollover-zoom dt-pswp-item\" title=\"64ac9849-5ff4-48d1-900a-cf628b3741cd\" data-dt-img-description=\"\" data-large_image_width=\"602\" data-large_image_height=\"353\"href='https:\/\/www.radiopiu.net\/wordpress\/wp-content\/uploads\/2023\/02\/64ac9849-5ff4-48d1-900a-cf628b3741cd.jpg'><img loading=\"lazy\" decoding=\"async\" width=\"300\" height=\"176\" src=\"https:\/\/www.radiopiu.net\/wordpress\/wp-content\/uploads\/2023\/02\/64ac9849-5ff4-48d1-900a-cf628b3741cd-300x176.jpg\" class=\"attachment-medium size-medium\" alt=\"\" srcset=\"https:\/\/www.radiopiu.net\/wordpress\/wp-content\/uploads\/2023\/02\/64ac9849-5ff4-48d1-900a-cf628b3741cd-300x176.jpg 300w, https:\/\/www.radiopiu.net\/wordpress\/wp-content\/uploads\/2023\/02\/64ac9849-5ff4-48d1-900a-cf628b3741cd.jpg 602w\" sizes=\"auto, (max-width: 300px) 100vw, 300px\" \/><\/a>\n\t\t\t\t<\/dt><\/dl><dl class='gallery-item'>\n\t\t\t\t<dt class='gallery-icon landscape'>\n\t\t\t\t\t<a class=\"rollover rollover-zoom dt-pswp-item\" title=\"8d500aa4-86d6-46b4-82e6-0e478928f7ff\" data-dt-img-description=\"\" data-large_image_width=\"620\" data-large_image_height=\"352\"href='https:\/\/www.radiopiu.net\/wordpress\/wp-content\/uploads\/2023\/02\/8d500aa4-86d6-46b4-82e6-0e478928f7ff.jpg'><img loading=\"lazy\" decoding=\"async\" width=\"300\" height=\"170\" src=\"https:\/\/www.radiopiu.net\/wordpress\/wp-content\/uploads\/2023\/02\/8d500aa4-86d6-46b4-82e6-0e478928f7ff-300x170.jpg\" class=\"attachment-medium size-medium\" alt=\"\" srcset=\"https:\/\/www.radiopiu.net\/wordpress\/wp-content\/uploads\/2023\/02\/8d500aa4-86d6-46b4-82e6-0e478928f7ff-300x170.jpg 300w, https:\/\/www.radiopiu.net\/wordpress\/wp-content\/uploads\/2023\/02\/8d500aa4-86d6-46b4-82e6-0e478928f7ff.jpg 620w\" sizes=\"auto, (max-width: 300px) 100vw, 300px\" \/><\/a>\n\t\t\t\t<\/dt><\/dl><dl class='gallery-item'>\n\t\t\t\t<dt class='gallery-icon landscape'>\n\t\t\t\t\t<a class=\"rollover rollover-zoom dt-pswp-item\" title=\"43766764-225d-499e-8e12-8a4038ca10b8\" data-dt-img-description=\"\" data-large_image_width=\"596\" data-large_image_height=\"350\"href='https:\/\/www.radiopiu.net\/wordpress\/wp-content\/uploads\/2023\/02\/43766764-225d-499e-8e12-8a4038ca10b8.jpg'><img loading=\"lazy\" decoding=\"async\" width=\"300\" height=\"176\" src=\"https:\/\/www.radiopiu.net\/wordpress\/wp-content\/uploads\/2023\/02\/43766764-225d-499e-8e12-8a4038ca10b8-300x176.jpg\" class=\"attachment-medium size-medium\" alt=\"\" srcset=\"https:\/\/www.radiopiu.net\/wordpress\/wp-content\/uploads\/2023\/02\/43766764-225d-499e-8e12-8a4038ca10b8-300x176.jpg 300w, https:\/\/www.radiopiu.net\/wordpress\/wp-content\/uploads\/2023\/02\/43766764-225d-499e-8e12-8a4038ca10b8.jpg 596w\" sizes=\"auto, (max-width: 300px) 100vw, 300px\" \/><\/a>\n\t\t\t\t<\/dt><\/dl><dl class='gallery-item'>\n\t\t\t\t<dt class='gallery-icon landscape'>\n\t\t\t\t\t<a class=\"rollover rollover-zoom dt-pswp-item\" title=\"0e7a8abf-e407-42d1-b54a-d803086ef7e8\" data-dt-img-description=\"\" data-large_image_width=\"610\" data-large_image_height=\"357\"href='https:\/\/www.radiopiu.net\/wordpress\/wp-content\/uploads\/2023\/02\/0e7a8abf-e407-42d1-b54a-d803086ef7e8.jpg'><img loading=\"lazy\" decoding=\"async\" width=\"300\" height=\"176\" src=\"https:\/\/www.radiopiu.net\/wordpress\/wp-content\/uploads\/2023\/02\/0e7a8abf-e407-42d1-b54a-d803086ef7e8-300x176.jpg\" class=\"attachment-medium size-medium\" alt=\"\" srcset=\"https:\/\/www.radiopiu.net\/wordpress\/wp-content\/uploads\/2023\/02\/0e7a8abf-e407-42d1-b54a-d803086ef7e8-300x176.jpg 300w, https:\/\/www.radiopiu.net\/wordpress\/wp-content\/uploads\/2023\/02\/0e7a8abf-e407-42d1-b54a-d803086ef7e8.jpg 610w\" sizes=\"auto, (max-width: 300px) 100vw, 300px\" \/><\/a>\n\t\t\t\t<\/dt><\/dl><dl class='gallery-item'>\n\t\t\t\t<dt class='gallery-icon landscape'>\n\t\t\t\t\t<a class=\"rollover rollover-zoom dt-pswp-item\" title=\"0afe6472-cac5-4242-af31-3997baff40a7\" data-dt-img-description=\"\" data-large_image_width=\"608\" data-large_image_height=\"351\"href='https:\/\/www.radiopiu.net\/wordpress\/wp-content\/uploads\/2023\/02\/0afe6472-cac5-4242-af31-3997baff40a7.jpg'><img loading=\"lazy\" decoding=\"async\" width=\"300\" height=\"173\" src=\"https:\/\/www.radiopiu.net\/wordpress\/wp-content\/uploads\/2023\/02\/0afe6472-cac5-4242-af31-3997baff40a7-300x173.jpg\" class=\"attachment-medium size-medium\" alt=\"\" srcset=\"https:\/\/www.radiopiu.net\/wordpress\/wp-content\/uploads\/2023\/02\/0afe6472-cac5-4242-af31-3997baff40a7-300x173.jpg 300w, https:\/\/www.radiopiu.net\/wordpress\/wp-content\/uploads\/2023\/02\/0afe6472-cac5-4242-af31-3997baff40a7.jpg 608w\" sizes=\"auto, (max-width: 300px) 100vw, 300px\" \/><\/a>\n\t\t\t\t<\/dt><\/dl><br style=\"clear: both\" \/>\n\t\t\t<\/div>\n\n<p>&nbsp;<\/p>\n<hr \/>\n<p>&nbsp;<\/p>\n<blockquote>\n<h3>MONSIGNOR MORAGLIA NOMINATO DAL PAPA MEMBRO DEL DICASTERO PER LA CULTURA E L\u2019EDUCAZIONE<\/h3>\n<\/blockquote>\n<p><strong><a class=\"dt-pswp-item\" href=\"https:\/\/www.radiopiu.net\/wordpress\/wp-content\/uploads\/2023\/02\/MORAGLIA.jpeg\" data-dt-img-description=\"\" data-large_image_width=\"888\" data-large_image_height=\"600\"><img loading=\"lazy\" decoding=\"async\" class=\" wp-image-321948 alignleft\" src=\"https:\/\/www.radiopiu.net\/wordpress\/wp-content\/uploads\/2023\/02\/MORAGLIA-300x203.jpeg\" alt=\"\" width=\"168\" height=\"114\" srcset=\"https:\/\/www.radiopiu.net\/wordpress\/wp-content\/uploads\/2023\/02\/MORAGLIA-300x203.jpeg 300w, https:\/\/www.radiopiu.net\/wordpress\/wp-content\/uploads\/2023\/02\/MORAGLIA-768x519.jpeg 768w, https:\/\/www.radiopiu.net\/wordpress\/wp-content\/uploads\/2023\/02\/MORAGLIA.jpeg 888w\" sizes=\"auto, (max-width: 168px) 100vw, 168px\" \/><\/a>VENEZIA <\/strong>\u201cEsprimo le mie felicitazioni a monsignor Francesco Moraglia per la prestigiosa nomina e gli auguro buon lavoro. Sono certo che sapr\u00e0 dare un prezioso contributo come membro dell\u2019importante dicastero per competenza e sensibilit\u00e0 ma anche per il suo ruolo di Patriarca di Venezia, citt\u00e0 che \u00e8 simbolo universale di cultura, di studi e di dialogo\u201d. Con queste parole il Presidente della Regione del Veneto, Luca Zaia, si congratula con il Patriarca di Venezia, Francesco Moraglia, nominato da Papa Francesco membro per il prossimo quinquennio del Dicastero per la Cultura e l\u2019Educazione.<\/p>\n<p>&nbsp;<\/p>\n<hr \/>\n<p>&nbsp;<\/p>\n<blockquote>\n<h3>ALLA BIT DI MILANO I NUOVO BRAND DOLOMITI BELLUNESI<\/h3>\n<\/blockquote>\n<p><strong> <a class=\"dt-pswp-item\" href=\"https:\/\/www.radiopiu.net\/wordpress\/wp-content\/uploads\/2023\/02\/DMO-DOLOMITI-CLAIM-Fuori-dai-luoghi-comuni-.png\" data-dt-img-description=\"\" data-large_image_width=\"2060\" data-large_image_height=\"1070\"><img loading=\"lazy\" decoding=\"async\" class=\" wp-image-322008 alignleft\" src=\"https:\/\/www.radiopiu.net\/wordpress\/wp-content\/uploads\/2023\/02\/DMO-DOLOMITI-CLAIM-Fuori-dai-luoghi-comuni--300x156.png\" alt=\"\" width=\"250\" height=\"130\" srcset=\"https:\/\/www.radiopiu.net\/wordpress\/wp-content\/uploads\/2023\/02\/DMO-DOLOMITI-CLAIM-Fuori-dai-luoghi-comuni--300x156.png 300w, https:\/\/www.radiopiu.net\/wordpress\/wp-content\/uploads\/2023\/02\/DMO-DOLOMITI-CLAIM-Fuori-dai-luoghi-comuni--1024x532.png 1024w, https:\/\/www.radiopiu.net\/wordpress\/wp-content\/uploads\/2023\/02\/DMO-DOLOMITI-CLAIM-Fuori-dai-luoghi-comuni--768x399.png 768w, https:\/\/www.radiopiu.net\/wordpress\/wp-content\/uploads\/2023\/02\/DMO-DOLOMITI-CLAIM-Fuori-dai-luoghi-comuni--1536x798.png 1536w, https:\/\/www.radiopiu.net\/wordpress\/wp-content\/uploads\/2023\/02\/DMO-DOLOMITI-CLAIM-Fuori-dai-luoghi-comuni--2048x1064.png 2048w\" sizes=\"auto, (max-width: 250px) 100vw, 250px\" \/><\/a>MILANO<\/strong> <em>\u00abIl territorio bellunese \u00e8 \u201cCasa\u201d: culturale, autentico, spettacolare e avventuroso. Un acronimo, ma anche un obiettivo per accogliere i turisti e i visitatori, ma potenzialmente anche per far diventare le Dolomiti bellunesi la casa di nuovi residenti e nuove imprese\u00bb.<\/em> Il consigliere provinciale delegato al turismo, Danilo De Toni, ha presentato cos\u00ec, alla BiT di Milano (Borsa internazionale del Turismo), il brand delle Dolomiti Bellunesi &#8211; the mountains of Venice. La vetrina milanese \u00e8 stata l\u2019occasione per il lancio ufficiale della nuova comunicazione. La campagna di lancio del brand e del nuovo sito ha un titolo pensato appositamente per identificare le Dolomiti Bellunesi: \u201cFuori dai luoghi comuni\u201d. E sar\u00e0 questo il messaggio che accompagner\u00e0 la promozione del territorio nei prossimi anni.<\/p>\n<p>&nbsp;<\/p>\n<hr \/>\n<p>&nbsp;<\/p>\n<blockquote>\n<h3>PRESENTAZIONE DELLA COPPA DEL MONDO PARALIMPICI<\/h3>\n<\/blockquote>\n<p>&nbsp;<\/p>\n<blockquote><p><strong><img loading=\"lazy\" decoding=\"async\" class=\"alignleft\" src=\"https:\/\/www.radiopiu.net\/wordpress\/wp-content\/uploads\/2023\/02\/5cb3ce0f-6549-419f-86cf-c0ab96563c84.jpg\" width=\"201\" height=\"134\" \/>MILANO<\/strong><\/p><\/blockquote>\n<p><strong>di\u00a0 ROBERTO BONA<\/strong><\/p>\n<p>&nbsp;<\/p>\n<audio class=\"wp-audio-shortcode\" id=\"audio-321856-6\" preload=\"none\" style=\"width: 100%;\" controls=\"controls\"><source type=\"audio\/mpeg\" src=\"https:\/\/www.radiopiu.net\/wordpress\/wp-content\/uploads\/2023\/02\/PresentazioneCoppaDelMondoParalimpici.mp3?_=6\" \/><a href=\"https:\/\/www.radiopiu.net\/wordpress\/wp-content\/uploads\/2023\/02\/PresentazioneCoppaDelMondoParalimpici.mp3\">https:\/\/www.radiopiu.net\/wordpress\/wp-content\/uploads\/2023\/02\/PresentazioneCoppaDelMondoParalimpici.mp3<\/a><\/audio>\n<p>&nbsp;<\/p>\n<p>&nbsp;<\/p>\n<hr \/>\n<blockquote>\n<h3><\/h3>\n<h3>PASCAL FERVAIL, IL BELGA CHE SI E&#8217; TRASFERITO A FALCADE PER VIVERE LA SUA VITA<\/h3>\n<\/blockquote>\n<p><strong>FALCADE<\/strong><\/p>\n<p>di Gianni Santomaso<\/p>\n<audio class=\"wp-audio-shortcode\" id=\"audio-321856-7\" preload=\"none\" style=\"width: 100%;\" controls=\"controls\"><source type=\"audio\/mpeg\" src=\"https:\/\/www.radiopiu.net\/wordpress\/wp-content\/uploads\/2023\/02\/GIANNI-VIVERE-LAGORDINO-PASCAL-FERVAIL.mp3?_=7\" \/><a href=\"https:\/\/www.radiopiu.net\/wordpress\/wp-content\/uploads\/2023\/02\/GIANNI-VIVERE-LAGORDINO-PASCAL-FERVAIL.mp3\">https:\/\/www.radiopiu.net\/wordpress\/wp-content\/uploads\/2023\/02\/GIANNI-VIVERE-LAGORDINO-PASCAL-FERVAIL.mp3<\/a><\/audio>\n<p>&nbsp;<\/p>\n\n\t\t\t<style type='text\/css'>\n\t\t\t\t#gallery-6 {\n\t\t\t\t\tmargin: auto;\n\t\t\t\t}\n\t\t\t\t#gallery-6 .gallery-item {\n\t\t\t\t\tfloat: left;\n\t\t\t\t\tmargin-top: 10px;\n\t\t\t\t\ttext-align: center;\n\t\t\t\t\twidth: 33%;\n\t\t\t\t}\n\t\t\t\t#gallery-6 img {\n\t\t\t\t\tborder: 2px solid #cfcfcf;\n\t\t\t\t}\n\t\t\t\t#gallery-6 .gallery-caption {\n\t\t\t\t\tmargin-left: 0;\n\t\t\t\t}\n\t\t\t\t\/* see gallery_shortcode() in wp-includes\/media.php *\/\n\t\t\t<\/style>\n\t\t<div id='gallery-6' class='dt-gallery-container gallery galleryid-321856 gallery-columns-3 gallery-size-medium'><dl class='gallery-item'>\n\t\t\t\t<dt class='gallery-icon portrait'>\n\t\t\t\t\t<a class=\"rollover rollover-zoom dt-pswp-item\" title=\"03_PascalFevrail\" data-dt-img-description=\"\" data-large_image_width=\"2872\" data-large_image_height=\"3000\"href='https:\/\/www.radiopiu.net\/wordpress\/wp-content\/uploads\/2023\/02\/03_PascalFevrail.png'><img loading=\"lazy\" decoding=\"async\" width=\"287\" height=\"300\" src=\"https:\/\/www.radiopiu.net\/wordpress\/wp-content\/uploads\/2023\/02\/03_PascalFevrail-287x300.png\" class=\"attachment-medium size-medium\" alt=\"\" srcset=\"https:\/\/www.radiopiu.net\/wordpress\/wp-content\/uploads\/2023\/02\/03_PascalFevrail-287x300.png 287w, https:\/\/www.radiopiu.net\/wordpress\/wp-content\/uploads\/2023\/02\/03_PascalFevrail-980x1024.png 980w, https:\/\/www.radiopiu.net\/wordpress\/wp-content\/uploads\/2023\/02\/03_PascalFevrail-768x802.png 768w, https:\/\/www.radiopiu.net\/wordpress\/wp-content\/uploads\/2023\/02\/03_PascalFevrail-1470x1536.png 1470w, https:\/\/www.radiopiu.net\/wordpress\/wp-content\/uploads\/2023\/02\/03_PascalFevrail-1961x2048.png 1961w\" sizes=\"auto, (max-width: 287px) 100vw, 287px\" \/><\/a>\n\t\t\t\t<\/dt><\/dl><dl class='gallery-item'>\n\t\t\t\t<dt class='gallery-icon landscape'>\n\t\t\t\t\t<a class=\"rollover rollover-zoom dt-pswp-item\" title=\"81f946fd-3294-491b-b1cf-e33283f18919\" data-dt-img-description=\"\" data-large_image_width=\"1600\" data-large_image_height=\"901\"href='https:\/\/www.radiopiu.net\/wordpress\/wp-content\/uploads\/2023\/02\/81f946fd-3294-491b-b1cf-e33283f18919.jpg'><img loading=\"lazy\" decoding=\"async\" width=\"300\" height=\"169\" src=\"https:\/\/www.radiopiu.net\/wordpress\/wp-content\/uploads\/2023\/02\/81f946fd-3294-491b-b1cf-e33283f18919-300x169.jpg\" class=\"attachment-medium size-medium\" alt=\"\" srcset=\"https:\/\/www.radiopiu.net\/wordpress\/wp-content\/uploads\/2023\/02\/81f946fd-3294-491b-b1cf-e33283f18919-300x169.jpg 300w, https:\/\/www.radiopiu.net\/wordpress\/wp-content\/uploads\/2023\/02\/81f946fd-3294-491b-b1cf-e33283f18919-1024x577.jpg 1024w, https:\/\/www.radiopiu.net\/wordpress\/wp-content\/uploads\/2023\/02\/81f946fd-3294-491b-b1cf-e33283f18919-768x432.jpg 768w, https:\/\/www.radiopiu.net\/wordpress\/wp-content\/uploads\/2023\/02\/81f946fd-3294-491b-b1cf-e33283f18919-1536x865.jpg 1536w, https:\/\/www.radiopiu.net\/wordpress\/wp-content\/uploads\/2023\/02\/81f946fd-3294-491b-b1cf-e33283f18919.jpg 1600w\" sizes=\"auto, (max-width: 300px) 100vw, 300px\" \/><\/a>\n\t\t\t\t<\/dt><\/dl><dl class='gallery-item'>\n\t\t\t\t<dt class='gallery-icon portrait'>\n\t\t\t\t\t<a class=\"rollover rollover-zoom dt-pswp-item\" title=\"32bfb813-63a5-4472-b160-06166b48252b\" data-dt-img-description=\"\" data-large_image_width=\"1200\" data-large_image_height=\"1600\"href='https:\/\/www.radiopiu.net\/wordpress\/wp-content\/uploads\/2023\/02\/32bfb813-63a5-4472-b160-06166b48252b.jpg'><img loading=\"lazy\" decoding=\"async\" width=\"225\" height=\"300\" src=\"https:\/\/www.radiopiu.net\/wordpress\/wp-content\/uploads\/2023\/02\/32bfb813-63a5-4472-b160-06166b48252b-225x300.jpg\" class=\"attachment-medium size-medium\" alt=\"\" srcset=\"https:\/\/www.radiopiu.net\/wordpress\/wp-content\/uploads\/2023\/02\/32bfb813-63a5-4472-b160-06166b48252b-225x300.jpg 225w, https:\/\/www.radiopiu.net\/wordpress\/wp-content\/uploads\/2023\/02\/32bfb813-63a5-4472-b160-06166b48252b-768x1024.jpg 768w, https:\/\/www.radiopiu.net\/wordpress\/wp-content\/uploads\/2023\/02\/32bfb813-63a5-4472-b160-06166b48252b-1152x1536.jpg 1152w, https:\/\/www.radiopiu.net\/wordpress\/wp-content\/uploads\/2023\/02\/32bfb813-63a5-4472-b160-06166b48252b.jpg 1200w\" sizes=\"auto, (max-width: 225px) 100vw, 225px\" \/><\/a>\n\t\t\t\t<\/dt><\/dl><br style=\"clear: both\" \/>\n\t\t\t<\/div>\n\n<p>&nbsp;<\/p>\n<hr \/>\n<p>&nbsp;<\/p>\n<blockquote>\n<h3>L&#8217;AEREO SUL SOLE<\/h3>\n<\/blockquote>\n<p><strong><a class=\"dt-pswp-item\" href=\"https:\/\/www.radiopiu.net\/wordpress\/wp-content\/uploads\/2023\/02\/fbcead30-ff9e-429b-a2a8-9630f8d83c31.jpg\" data-dt-img-description=\"\" data-large_image_width=\"1600\" data-large_image_height=\"1567\"><img loading=\"lazy\" decoding=\"async\" class=\"wp-image-322026 alignleft\" src=\"https:\/\/www.radiopiu.net\/wordpress\/wp-content\/uploads\/2023\/02\/fbcead30-ff9e-429b-a2a8-9630f8d83c31-300x294.jpg\" alt=\"\" width=\"158\" height=\"155\" srcset=\"https:\/\/www.radiopiu.net\/wordpress\/wp-content\/uploads\/2023\/02\/fbcead30-ff9e-429b-a2a8-9630f8d83c31-300x294.jpg 300w, https:\/\/www.radiopiu.net\/wordpress\/wp-content\/uploads\/2023\/02\/fbcead30-ff9e-429b-a2a8-9630f8d83c31-1024x1003.jpg 1024w, https:\/\/www.radiopiu.net\/wordpress\/wp-content\/uploads\/2023\/02\/fbcead30-ff9e-429b-a2a8-9630f8d83c31-768x752.jpg 768w, https:\/\/www.radiopiu.net\/wordpress\/wp-content\/uploads\/2023\/02\/fbcead30-ff9e-429b-a2a8-9630f8d83c31-1536x1504.jpg 1536w, https:\/\/www.radiopiu.net\/wordpress\/wp-content\/uploads\/2023\/02\/fbcead30-ff9e-429b-a2a8-9630f8d83c31.jpg 1600w\" sizes=\"auto, (max-width: 158px) 100vw, 158px\" \/><\/a>di Claudio Pra<\/strong><\/p>\n<p><strong>REDAZIONE<\/strong> Questa foto apparentemente fortunata \u00e8 stata invece voluta. Nell&#8217;immagine si vede il Sole con molte macchie ed un&#8230;aereo in transito. Si tratta di un boeing 787-9 Dreamliner della compagnia Egiptair, che dal Cairo si stava recando a Londra, transitato su Alleghe ad un&#8217;altezza di 11.600 metri. Lo scatto \u00e8 stato realizzato tramite un piccolo tesescopio a cui ho applicato la mia fotocamera. Per un p\u00f3 di giorni ho aspettato con pazienza il momento giusto puntando il disco solare e consultando una app che segnala gli aerei di passaggio. Alla fine l&#8217;istante magico si \u00e8 concretizzato e ripreso grazie a una raffica di scatti<\/p>\n<p>&nbsp;<\/p>\n<hr \/>\n<p>&nbsp;<\/p>\n<blockquote>\n<h3>SABATO IN VAL DI ZOLDO, NEVE ROSA GIRO D&#8217;ITALIA<\/h3>\n<\/blockquote>\n<blockquote><p><span style=\"color: #ff99cc;\"><strong>CIASPOLATA IN ROSA, IN ATTESA DEL GIRO D&#8217;ITALIA. APPUNTAMENTO&#8230;PER TUTTI!<\/strong><\/span><\/p><\/blockquote>\n<p><strong>parliamone, con il Sindaco, Camillo De Pellegrin<\/strong><\/p>\n<audio class=\"wp-audio-shortcode\" id=\"audio-321856-8\" preload=\"none\" style=\"width: 100%;\" controls=\"controls\"><source type=\"audio\/mpeg\" src=\"https:\/\/www.radiopiu.net\/wordpress\/wp-content\/uploads\/2023\/02\/CAMILLO-CAMILLO-ROSA.mp3?_=8\" \/><a href=\"https:\/\/www.radiopiu.net\/wordpress\/wp-content\/uploads\/2023\/02\/CAMILLO-CAMILLO-ROSA.mp3\">https:\/\/www.radiopiu.net\/wordpress\/wp-content\/uploads\/2023\/02\/CAMILLO-CAMILLO-ROSA.mp3<\/a><\/audio>\n<p>&nbsp;<\/p>\n<p><span dir=\"ltr\" role=\"presentation\"><img loading=\"lazy\" decoding=\"async\" class=\"alignleft\" src=\"https:\/\/www.radiopiu.net\/wordpress\/wp-content\/uploads\/2023\/02\/COPERTA-1.jpg\" width=\"277\" height=\"153\" \/><\/span><strong>VAL DI ZOLDO<\/strong>\u00a0 <span dir=\"ltr\" role=\"presentation\">Il 18 febbraio, alle 18, a Palafavera\u00a0 \u201cCiaspolata in Rosa\u201d. <\/span><span dir=\"ltr\" role=\"presentation\">Aspettando l\u2019arrivo della tappa del Giro d\u2019Italia del 25 maggio 2023. Un evento, il primo di una serie,\u00a0 proposto dal<\/span><span dir=\"ltr\" role=\"presentation\"> Comune, in collaborazione con Atletica Zoldo e le <\/span><span dir=\"ltr\" role=\"presentation\">Associazioni del territorio (Consorzio Val di Zoldo Turismo, CNSAS Val di Zoldo, <\/span><span dir=\"ltr\" role=\"presentation\">CAI Val di Zoldo) <\/span><br role=\"presentation\" \/><span dir=\"ltr\" role=\"presentation\">Aperta a tutti e non competitiva, la Ciaspolata si snoda su un percorso di 4-5 km nella <\/span><span dir=\"ltr\" role=\"presentation\">suggestiva cornice di Palafavera dominata dai Monti Pelmo e Civetta. <\/span><span dir=\"ltr\" role=\"presentation\">Dress code consigliato: PINK! L\u2019abbigliamento rosa pi\u00f9 originale verr\u00e0 premiato. <\/span><span dir=\"ltr\" role=\"presentation\">Brul\u00e8 finale fronte rifugio Pelmo. <\/span><span dir=\"ltr\" role=\"presentation\">Iscrizioni online su \u201c<\/span><span dir=\"ltr\" role=\"presentation\">sportolomiti.it<\/span><span dir=\"ltr\" role=\"presentation\">\u201d, presso gli uffici comunali di Forno e Fusine di <\/span><span dir=\"ltr\" role=\"presentation\">Val di Zoldo e presso l\u2019ufficio turistico di Pecol.\u00a0<\/span><\/p>\n<p>&nbsp;<\/p>\n<hr \/>\n<p>&nbsp;<\/p>\n<blockquote>\n<h3>MASCHERE IN TOFANA: UN REGALO DELLA FRECCIA SEMPRE CON TE<\/h3>\n<\/blockquote>\n<p><strong>CORTINA <\/strong><em>\u201cCarnevale tutte le feste fa ritornare!\u201d<\/em> recita un antico adagio ed \u00e8 proprio vero! Tofana Freccia nel Cielo, infatti, non si ferma mai ed \u00e8 gi\u00e0 prontissima ad accogliere grandi e piccini in una settimana di festa all\u2019insegna di neve, felicit\u00e0 e momenti unici. Dal 16 al 21 febbraio, il comprensorio autografato UNESCO si veste di divertimento ed emozioni per giornate dedicate al periodo pi\u00f9 pazzo e colorato dell\u2019anno! La partenza? Ovviamente il centro di Cortina d\u2019Ampezzo che porta verso il blu delle piste iconiche di Tofana Freccia nel Cielo per un\u2019immersione totale in un palcoscenico unico disegnato da Madre Natura. Qui, una volta posati gli sci e tutta l\u2019attrezzatura, l\u2019invito \u00e8 entrare, anche mascherati, nei colori di festa e nell\u2019allegria del personale degli chalet Capanna Ra Valles, Masi Wine Bar al Drusci\u00e8 e Ristorante Col Drusci\u00e8 1778. In occasione del Carnevale, infatti, i rifugi saranno addobbati a tema, tra sorrisi, musica e un buffet di dolci tipici come le frittelle ripiene e le chiacchiere sempre croccanti, per deliziare i sensi uno ad uno e poi tutti insieme. E ad arricchire una proposta davvero esclusiva e unica, Tofana Freccia nel Cielo ha pensato di regalare a grandi e piccini gadget a tema \u201cmontagna\u201d per portare la Freccia non solo nel cuore e sempre con s\u00e9. Per informazioni: 0436 5052 \u2013 tofanacortina@freccianelcielo.com www.freccianelcielo.com<\/p>\n\n\t\t\t<style type='text\/css'>\n\t\t\t\t#gallery-7 {\n\t\t\t\t\tmargin: auto;\n\t\t\t\t}\n\t\t\t\t#gallery-7 .gallery-item {\n\t\t\t\t\tfloat: left;\n\t\t\t\t\tmargin-top: 10px;\n\t\t\t\t\ttext-align: center;\n\t\t\t\t\twidth: 25%;\n\t\t\t\t}\n\t\t\t\t#gallery-7 img {\n\t\t\t\t\tborder: 2px solid #cfcfcf;\n\t\t\t\t}\n\t\t\t\t#gallery-7 .gallery-caption {\n\t\t\t\t\tmargin-left: 0;\n\t\t\t\t}\n\t\t\t\t\/* see gallery_shortcode() in wp-includes\/media.php *\/\n\t\t\t<\/style>\n\t\t<div id='gallery-7' class='dt-gallery-container gallery galleryid-321856 gallery-columns-4 gallery-size-medium'><dl class='gallery-item'>\n\t\t\t\t<dt class='gallery-icon landscape'>\n\t\t\t\t\t<a class=\"rollover rollover-zoom dt-pswp-item\" title=\"SCR-20230213-i5k\" data-dt-img-description=\"\" data-large_image_width=\"1064\" data-large_image_height=\"806\"href='https:\/\/www.radiopiu.net\/wordpress\/wp-content\/uploads\/2023\/02\/SCR-20230213-i5k.jpeg'><img loading=\"lazy\" decoding=\"async\" width=\"300\" height=\"227\" src=\"https:\/\/www.radiopiu.net\/wordpress\/wp-content\/uploads\/2023\/02\/SCR-20230213-i5k-300x227.jpeg\" class=\"attachment-medium size-medium\" alt=\"\" srcset=\"https:\/\/www.radiopiu.net\/wordpress\/wp-content\/uploads\/2023\/02\/SCR-20230213-i5k-300x227.jpeg 300w, https:\/\/www.radiopiu.net\/wordpress\/wp-content\/uploads\/2023\/02\/SCR-20230213-i5k-1024x776.jpeg 1024w, https:\/\/www.radiopiu.net\/wordpress\/wp-content\/uploads\/2023\/02\/SCR-20230213-i5k-768x582.jpeg 768w, https:\/\/www.radiopiu.net\/wordpress\/wp-content\/uploads\/2023\/02\/SCR-20230213-i5k.jpeg 1064w\" sizes=\"auto, (max-width: 300px) 100vw, 300px\" \/><\/a>\n\t\t\t\t<\/dt><\/dl><dl class='gallery-item'>\n\t\t\t\t<dt class='gallery-icon landscape'>\n\t\t\t\t\t<a class=\"rollover rollover-zoom dt-pswp-item\" title=\"IMG20230118163844\" data-dt-img-description=\"\" data-large_image_width=\"2560\" data-large_image_height=\"1920\"href='https:\/\/www.radiopiu.net\/wordpress\/wp-content\/uploads\/2023\/02\/IMG20230118163844-scaled.jpg'><img loading=\"lazy\" decoding=\"async\" width=\"300\" height=\"225\" src=\"https:\/\/www.radiopiu.net\/wordpress\/wp-content\/uploads\/2023\/02\/IMG20230118163844-300x225.jpg\" class=\"attachment-medium size-medium\" alt=\"\" srcset=\"https:\/\/www.radiopiu.net\/wordpress\/wp-content\/uploads\/2023\/02\/IMG20230118163844-300x225.jpg 300w, https:\/\/www.radiopiu.net\/wordpress\/wp-content\/uploads\/2023\/02\/IMG20230118163844-1024x768.jpg 1024w, https:\/\/www.radiopiu.net\/wordpress\/wp-content\/uploads\/2023\/02\/IMG20230118163844-768x576.jpg 768w, https:\/\/www.radiopiu.net\/wordpress\/wp-content\/uploads\/2023\/02\/IMG20230118163844-1536x1152.jpg 1536w, https:\/\/www.radiopiu.net\/wordpress\/wp-content\/uploads\/2023\/02\/IMG20230118163844-2048x1536.jpg 2048w\" sizes=\"auto, (max-width: 300px) 100vw, 300px\" \/><\/a>\n\t\t\t\t<\/dt><\/dl><dl class='gallery-item'>\n\t\t\t\t<dt class='gallery-icon landscape'>\n\t\t\t\t\t<a class=\"rollover rollover-zoom dt-pswp-item\" title=\"TOF_CABINOVIA_2\" data-dt-img-description=\"\" data-large_image_width=\"960\" data-large_image_height=\"638\"href='https:\/\/www.radiopiu.net\/wordpress\/wp-content\/uploads\/2023\/02\/TOF_CABINOVIA_2.jpg'><img loading=\"lazy\" decoding=\"async\" width=\"300\" height=\"199\" src=\"https:\/\/www.radiopiu.net\/wordpress\/wp-content\/uploads\/2023\/02\/TOF_CABINOVIA_2-300x199.jpg\" class=\"attachment-medium size-medium\" alt=\"\" srcset=\"https:\/\/www.radiopiu.net\/wordpress\/wp-content\/uploads\/2023\/02\/TOF_CABINOVIA_2-300x199.jpg 300w, https:\/\/www.radiopiu.net\/wordpress\/wp-content\/uploads\/2023\/02\/TOF_CABINOVIA_2-768x510.jpg 768w, https:\/\/www.radiopiu.net\/wordpress\/wp-content\/uploads\/2023\/02\/TOF_CABINOVIA_2.jpg 960w\" sizes=\"auto, (max-width: 300px) 100vw, 300px\" \/><\/a>\n\t\t\t\t<\/dt><\/dl><dl class='gallery-item'>\n\t\t\t\t<dt class='gallery-icon landscape'>\n\t\t\t\t\t<a class=\"rollover rollover-zoom dt-pswp-item\" title=\"_10I3742\" data-dt-img-description=\"\" data-large_image_width=\"2560\" data-large_image_height=\"1706\"href='https:\/\/www.radiopiu.net\/wordpress\/wp-content\/uploads\/2023\/02\/10I3742-scaled.jpg'><img loading=\"lazy\" decoding=\"async\" width=\"300\" height=\"200\" src=\"https:\/\/www.radiopiu.net\/wordpress\/wp-content\/uploads\/2023\/02\/10I3742-300x200.jpg\" class=\"attachment-medium size-medium\" alt=\"\" srcset=\"https:\/\/www.radiopiu.net\/wordpress\/wp-content\/uploads\/2023\/02\/10I3742-300x200.jpg 300w, https:\/\/www.radiopiu.net\/wordpress\/wp-content\/uploads\/2023\/02\/10I3742-1024x683.jpg 1024w, https:\/\/www.radiopiu.net\/wordpress\/wp-content\/uploads\/2023\/02\/10I3742-768x512.jpg 768w, https:\/\/www.radiopiu.net\/wordpress\/wp-content\/uploads\/2023\/02\/10I3742-1536x1024.jpg 1536w, https:\/\/www.radiopiu.net\/wordpress\/wp-content\/uploads\/2023\/02\/10I3742-2048x1365.jpg 2048w\" sizes=\"auto, (max-width: 300px) 100vw, 300px\" \/><\/a>\n\t\t\t\t<\/dt><\/dl><br style=\"clear: both\" \/>\n\t\t\t<\/div>\n\n<p>&nbsp;<\/p>\n<hr \/>\n<p>&nbsp;<\/p>\n<blockquote>\n<h3>MARTEDI&#8217; GRASSO IN CITTA&#8217;, PEDONATA IN MASCHERA, CONCORSO FOTOGRAFICO E PATTINAGGIO<\/h3>\n<\/blockquote>\n<p><strong>BELLUNO<\/strong> Marted\u00ec 21 febbraio, dal pomeriggio fino a sera eventi per famiglie e ragazzi. Il cuore della giornata sar\u00e0 la pedonata con partenza alle 14.30 in piazza dei Martiri e circuito di 3 chilometri attorno al centro storico. Ma non solo, il Carnevale del capoluogo proporr\u00e0 anche una gara di selfie mascherati e un gran finale sulla pista da ghiaccio di piazza Duomo dopo il tramonto.<\/p>\n<p><strong>DI DANIELE DALVIT<\/strong><\/p>\n<audio class=\"wp-audio-shortcode\" id=\"audio-321856-9\" preload=\"none\" style=\"width: 100%;\" controls=\"controls\"><source type=\"audio\/mpeg\" src=\"https:\/\/www.radiopiu.net\/wordpress\/wp-content\/uploads\/2023\/02\/DANIELE-CARNEVALE.mp3?_=9\" \/><a href=\"https:\/\/www.radiopiu.net\/wordpress\/wp-content\/uploads\/2023\/02\/DANIELE-CARNEVALE.mp3\">https:\/\/www.radiopiu.net\/wordpress\/wp-content\/uploads\/2023\/02\/DANIELE-CARNEVALE.mp3<\/a><\/audio>\n<p>&nbsp;<\/p>\n<p>&nbsp;<\/p>\n<p><strong>L\u2019assessore allo sport Monica Mazzoccoli\u00a0<\/strong><\/p>\n<p><iframe loading=\"lazy\" title=\"IMG 0650\" width=\"1200\" height=\"675\" src=\"https:\/\/www.youtube.com\/embed\/oDbhIGPzyes?feature=oembed\" frameborder=\"0\" allow=\"accelerometer; autoplay; clipboard-write; encrypted-media; gyroscope; picture-in-picture; web-share\" allowfullscreen><\/iframe><\/p>\n<p><strong>L\u2019assessore al turismo, Paolo Luciani\u00a0<\/strong><\/p>\n<p><iframe loading=\"lazy\" title=\"IMG 0654\" width=\"1200\" height=\"675\" src=\"https:\/\/www.youtube.com\/embed\/gC_uEGISqnc?feature=oembed\" frameborder=\"0\" allow=\"accelerometer; autoplay; clipboard-write; encrypted-media; gyroscope; picture-in-picture; web-share\" allowfullscreen><\/iframe><\/p>\n<p>&nbsp;<\/p>\n<hr \/>\n<p>&nbsp;<\/p>\n<p>&nbsp;<\/p>\n<blockquote>\n<h3><a class=\"dt-pswp-item\" href=\"https:\/\/www.radiopiu.net\/wordpress\/wp-content\/uploads\/2023\/02\/2020.jpg\" data-dt-img-description=\"\" data-large_image_width=\"1600\" data-large_image_height=\"1200\"><img loading=\"lazy\" decoding=\"async\" class=\"wp-image-322064 alignleft\" src=\"https:\/\/www.radiopiu.net\/wordpress\/wp-content\/uploads\/2023\/02\/2020-300x225.jpg\" alt=\"\" width=\"183\" height=\"137\" srcset=\"https:\/\/www.radiopiu.net\/wordpress\/wp-content\/uploads\/2023\/02\/2020-300x225.jpg 300w, https:\/\/www.radiopiu.net\/wordpress\/wp-content\/uploads\/2023\/02\/2020-1024x768.jpg 1024w, https:\/\/www.radiopiu.net\/wordpress\/wp-content\/uploads\/2023\/02\/2020-768x576.jpg 768w, https:\/\/www.radiopiu.net\/wordpress\/wp-content\/uploads\/2023\/02\/2020-1536x1152.jpg 1536w, https:\/\/www.radiopiu.net\/wordpress\/wp-content\/uploads\/2023\/02\/2020.jpg 1600w\" sizes=\"auto, (max-width: 183px) 100vw, 183px\" \/><\/a>SABATO CARNEVALE A MEANO<\/h3>\n<\/blockquote>\n<p><span id=\"page16R_mcid0\" class=\"markedContent\"><strong><span dir=\"ltr\" role=\"presentation\">MEANO <\/span><\/strong><span dir=\"ltr\" role=\"presentation\">Festa di Carnevale al Parc<\/span><span dir=\"ltr\" role=\"presentation\">o<\/span> <span dir=\"ltr\" role=\"presentation\">Ciclamino <\/span><span dir=\"ltr\" role=\"presentation\">sabato dalle 14.30<\/span><span dir=\"ltr\" role=\"presentation\">. <\/span><span dir=\"ltr\" role=\"presentation\">Erik &amp; Cirillo animeranno il pomeriggio <\/span><span dir=\"ltr\" role=\"presentation\">presentando le mascherine che prenderanno parte alla <\/span><span dir=\"ltr\" role=\"presentation\">sfilata <\/span><span dir=\"ltr\" role=\"presentation\">aperta a tutti con premi al pi\u00f9 giovane, al pi\u00f9 &#8220;maturo&#8221;, ai gruppi pi\u00f9 numerosi e alla maschera pi\u00f9 simpatica. <\/span><span dir=\"ltr\" role=\"presentation\">I<\/span><span dir=\"ltr\" role=\"presentation\">l<\/span> <span dir=\"ltr\" role=\"presentation\">Gruppo <\/span><span dir=\"ltr\" role=\"presentation\">Genitori di Me<\/span><span dir=\"ltr\" role=\"presentation\">a<\/span><span dir=\"ltr\" role=\"presentation\">no raccoglier\u00e0 i\u00a0 fondi per sostenere le attivit\u00e0 delle scuole della Frazione.<\/span><\/span><\/p>\n<p>&nbsp;<\/p>\n<p>&nbsp;<\/p>\n<hr \/>\n<p>&nbsp;<\/p>\n<blockquote>\n<h3>L&#8217;ASSEMBLEA DEI DONATORI DEL SANGUE DI CANALE D&#8217;AGORDO<\/h3>\n<\/blockquote>\n<p><strong><a class=\"dt-pswp-item\" href=\"https:\/\/www.radiopiu.net\/wordpress\/wp-content\/uploads\/2020\/09\/DONAZIONE-SANGUE.jpg\" data-dt-img-description=\"\" data-large_image_width=\"1920\" data-large_image_height=\"1282\"><img loading=\"lazy\" decoding=\"async\" class=\" wp-image-161053 alignleft\" src=\"https:\/\/www.radiopiu.net\/wordpress\/wp-content\/uploads\/2020\/09\/DONAZIONE-SANGUE-300x200.jpg\" alt=\"\" width=\"150\" height=\"100\" srcset=\"https:\/\/www.radiopiu.net\/wordpress\/wp-content\/uploads\/2020\/09\/DONAZIONE-SANGUE-300x200.jpg 300w, https:\/\/www.radiopiu.net\/wordpress\/wp-content\/uploads\/2020\/09\/DONAZIONE-SANGUE-1024x684.jpg 1024w, https:\/\/www.radiopiu.net\/wordpress\/wp-content\/uploads\/2020\/09\/DONAZIONE-SANGUE-768x513.jpg 768w, https:\/\/www.radiopiu.net\/wordpress\/wp-content\/uploads\/2020\/09\/DONAZIONE-SANGUE-1536x1026.jpg 1536w, https:\/\/www.radiopiu.net\/wordpress\/wp-content\/uploads\/2020\/09\/DONAZIONE-SANGUE-640x427.jpg 640w, https:\/\/www.radiopiu.net\/wordpress\/wp-content\/uploads\/2020\/09\/DONAZIONE-SANGUE.jpg 1920w\" sizes=\"auto, (max-width: 150px) 100vw, 150px\" \/><\/a>CANALE D&#8217;AGORDO<\/strong><\/p>\n<p>di Gianni Santomaso<\/p>\n<audio class=\"wp-audio-shortcode\" id=\"audio-321856-10\" preload=\"none\" style=\"width: 100%;\" controls=\"controls\"><source type=\"audio\/mpeg\" src=\"https:\/\/www.radiopiu.net\/wordpress\/wp-content\/uploads\/2023\/02\/GIANNI-ASSEMBLEA-DEI-DONATORI-DEL-SANGUE-DI-CANALE-DAGORDO.mp3?_=10\" \/><a href=\"https:\/\/www.radiopiu.net\/wordpress\/wp-content\/uploads\/2023\/02\/GIANNI-ASSEMBLEA-DEI-DONATORI-DEL-SANGUE-DI-CANALE-DAGORDO.mp3\">https:\/\/www.radiopiu.net\/wordpress\/wp-content\/uploads\/2023\/02\/GIANNI-ASSEMBLEA-DEI-DONATORI-DEL-SANGUE-DI-CANALE-DAGORDO.mp3<\/a><\/audio>\n<p>&nbsp;<\/p>\n<hr \/>\n<p>&nbsp;<\/p>\n<blockquote>\n<h3>BILANCI E CONVENZIONI NEL CONSIGLIO COMUNALE<\/h3>\n<\/blockquote>\n<p><strong>TAIBON<\/strong> Il sindaco Silvia Tormen ha convocato il consiglio comunale per domani alle 18. All&#8217;ordine del giorno, tra l&#8217;altro: approvazione della convenzione con l&#8217;Unione Montana per la gestione in forma associata del comitato unico di garanzia per le pari opportunit\u00e0; approvazione dei bilanci dell&#8217;azienda speciale multiservizi ;addizionale Irpef e Imu, conferma aliquote.<\/p>\n<p>&nbsp;<\/p>\n<hr \/>\n<p>&nbsp;<\/p>\n<blockquote>\n<h3>GIOVEDI IN SALA DON TAMIS I CONSIGLIERI DELL&#8217;UNIONE MONTANA<\/h3>\n<\/blockquote>\n<p><strong>AGORDO<\/strong> Il Presidente Paolo Frena ha convocato i consiglieri per giovedi alle 20. All&#8217;ordine del giorno il DUP e anche l&#8217;approvazione del bilancio di previsione. In discussione anche i regolamenti di contabilit\u00e0 e controlli interni.<\/p>\n<p>&nbsp;<\/p>\n<p>&nbsp;<\/p>\n<hr \/>\n<p>&nbsp;<\/p>\n<h3>GIORGIA RACCONTA LA RINASCITA, L&#8217;APPUNTAMENTO CON GENITORI SEMPRE<\/h3>\n<p><em>&#8220;NO ALL&#8217;USO DI DROGHE, SI AL DIVERTIMENTO SICURO&#8221;, a conclusione di un percorso tra le scuole della vallata: VENERDI 17 FEBBRAIO ALLE 20.30 IN SALA DON TAMIS AD AGORDO, L&#8217;INCONTRO PER GENITORI E LA COMUNITA&#8217;, PRESENTATO DA GIANPAOLO SORATROI, CON GIORGIA BENUSIGLIO, SCRITTRICE E TESTIMONIAL ANTI DROGA: &#8220;ESPERIENZA E RISCATTO&#8221;. <\/em><em>CON ALFIO DE SANDRE, MEDICO, TOSSICOLOGO E PSICOTERAPEUTA -Dipartimento delle dipendenze &#8211; AULS 1 DOLOMITI. <\/em><em>UN INVITO DI &#8220;GENITORI SEMPRE&#8221;, ASSOCIAZIONE DI PROMOZIONE SOCIALE, CON IL PATROCINIO DEI COMUNI DI AGORDO, CENCENIGHE E DELL&#8217;UNIONE MONTANA AGORDINA<\/em><\/p>\n<p>&nbsp;<\/p>\n<p>&nbsp;<\/p>\n<p>&nbsp;<\/p>\n<hr \/>\n<p>&nbsp;<\/p>\n<blockquote>\n<h3>IL CARNEVALE CASTIONESE AUDIO<\/h3>\n<\/blockquote>\n<p><a class=\"dt-pswp-item\" href=\"https:\/\/www.radiopiu.net\/wordpress\/wp-content\/uploads\/2023\/02\/Senza-nome-16.jpg\" data-dt-img-description=\"\" data-large_image_width=\"662\" data-large_image_height=\"307\"><img loading=\"lazy\" decoding=\"async\" class=\" wp-image-320744 alignleft\" src=\"https:\/\/www.radiopiu.net\/wordpress\/wp-content\/uploads\/2023\/02\/Senza-nome-16-300x139.jpg\" alt=\"\" width=\"270\" height=\"125\" srcset=\"https:\/\/www.radiopiu.net\/wordpress\/wp-content\/uploads\/2023\/02\/Senza-nome-16-300x139.jpg 300w, https:\/\/www.radiopiu.net\/wordpress\/wp-content\/uploads\/2023\/02\/Senza-nome-16.jpg 662w\" sizes=\"auto, (max-width: 270px) 100vw, 270px\" \/><\/a>MASCHERE&#8230;MASCHERINE&#8230;CORIANDOLI E STELLE FILANTI&#8230;IL CARNEVALE<br \/>\nCASTIONESE PORTA&#8230;LA GIOIA!<br \/>\nTRE APPPUNTAMENTI CON LA PROLOCO E ASSOCIAZIONI LOCALI, PATROCINIO DELLA<br \/>\nPROVINCIA<br \/>\nsabato 18 febbraio alle 20.45 al teatro San Gaetano &#8220;Carnevale a Teatro&#8221;<br \/>\ndomenica 19 febbraio alle 11.30 sfilano le mascherine, dalle 14 in pian<br \/>\ndelle feste i carri mascherati<br \/>\nLunedi 20 febbraio alle 20.30 nella palestra delle scuole medie il gran<br \/>\nfinale con la tombola di carnevale.<br \/>\ninfo 345 8238880<\/p>\n<audio class=\"wp-audio-shortcode\" id=\"audio-321856-11\" preload=\"none\" style=\"width: 100%;\" controls=\"controls\"><source type=\"audio\/mpeg\" src=\"https:\/\/www.radiopiu.net\/wordpress\/wp-content\/uploads\/2023\/02\/carnevale-castionese-c.mp3?_=11\" \/><a href=\"https:\/\/www.radiopiu.net\/wordpress\/wp-content\/uploads\/2023\/02\/carnevale-castionese-c.mp3\">https:\/\/www.radiopiu.net\/wordpress\/wp-content\/uploads\/2023\/02\/carnevale-castionese-c.mp3<\/a><\/audio>\n<p>&nbsp;<\/p>\n<p>&nbsp;<\/p>\n<hr \/>\n<p>&nbsp;<\/p>\n<blockquote>\n<h3>IL RITORNO DEL LUPO, PROSEGUONO GLI INCONTRI<\/h3>\n<\/blockquote>\n<p><strong>LAMON <\/strong><span style=\"font-family: Tahoma, Verdana;\">&#8220;Il ritorno del lupo: conoscere di pi\u00f9 per convivere meglio&#8221;: \u00e8 il titolo della serata pubblica organizzata dal Comune di Lamon e dal Parco Nazionale Dolomiti Bellunesi. L&#8217;appuntamento \u00e8 per mercoled\u00ec 22 febbraio, alle ore 20:30, presso la sala teatro del centro AMO di Lamon. Relazioni di\u00a0 <\/span><span style=\"font-family: Tahoma, Verdana;\">Enrico Vettorazzo, tecnico del Parco Nazionale Dolomiti Bellunesi, e del fotografo naturalista Ivan Mazzon\u00a0<\/span><\/p>\n<p>&nbsp;<\/p>\n<p>&nbsp;<\/p>\n<hr \/>\n<p>&nbsp;<\/p>\n<blockquote>\n<h3>BENEFICA CENA AL BUIO<\/h3>\n<\/blockquote>\n<p><strong>AGORDO<\/strong> L&#8217;Unione Italiana dei Ciechi e degli Ipovedenti di Belluno\u00a0 organizza per\u00a0 sabato 25 febbraio, alle 20, al centro parrocchiale Vincenzo Savio la cena al buio. Il costo dell&#8217;evento \u00e8 di \u20ac 40 a persona. Parte del ricavato verr\u00e0 impiegata per finanziare l&#8217;acquisto di un nuovo pulmino per il trasporto delle persone con disabilit\u00e0 visiva della provincia di Belluno a opera dei volontari U.N.I.Vo.C. Le iscrizioni sono aperte fino al 20 febbraio (ma verranno chiuse prima in caso di esaurimento dei posti disponibili). Info 0437 943413<\/p>\n<p>&nbsp;<\/p>\n<p>&nbsp;<\/p>\n<hr \/>\n<p>&nbsp;<\/p>\n<blockquote>\n<h3>SAN VALENTINO A LIMANA<\/h3>\n<\/blockquote>\n<p><strong>LIMANA<\/strong> in occasione di San Valentino sabato prossimo spettacolo &#8220;Il musicista innamorato, cronologia di un play boy&#8221; di e con Claudio Colombo, con Lino Brotto alla chitarra e Filippo Tantino al contrabbasso.<\/p>\n<p>&nbsp;<\/p>\n<p>&nbsp;<\/p>\n<hr \/>\n<p>&nbsp;<\/p>\n<blockquote>\n<h3>SABATO IL CARNEVALE CON AD AGORDO PROLOCO<\/h3>\n<\/blockquote>\n<p><strong><img loading=\"lazy\" decoding=\"async\" class=\"alignleft\" src=\"https:\/\/www.radiopiu.net\/wordpress\/wp-content\/uploads\/2023\/02\/735f16b6-a0da-4bf7-be7f-c1b2956d3467.jpg\" width=\"145\" height=\"205\" \/><\/strong><\/p>\n<p>&nbsp;<\/p>\n<p>&nbsp;<\/p>\n<p>&nbsp;<\/p>\n<p>&nbsp;<\/p>\n<p>&nbsp;<\/p>\n<p>&nbsp;<\/p>\n<p><strong>AUDIO<\/strong><\/p>\n<p><strong>INTERVISTA A DANIELE GALLIGANI, PRESIDENTE AD AGORDO PROLOCO<\/strong><\/p>\n<audio class=\"wp-audio-shortcode\" id=\"audio-321856-12\" preload=\"none\" style=\"width: 100%;\" controls=\"controls\"><source type=\"audio\/mpeg\" src=\"https:\/\/www.radiopiu.net\/wordpress\/wp-content\/uploads\/2023\/02\/DANIELE-GALLIGANI.mp3?_=12\" \/><a href=\"https:\/\/www.radiopiu.net\/wordpress\/wp-content\/uploads\/2023\/02\/DANIELE-GALLIGANI.mp3\">https:\/\/www.radiopiu.net\/wordpress\/wp-content\/uploads\/2023\/02\/DANIELE-GALLIGANI.mp3<\/a><\/audio>\n<p>&nbsp;<\/p>\n<p>&nbsp;<\/p>\n<p>&nbsp;<\/p>\n<hr \/>\n<p>&nbsp;<\/p>\n<blockquote>\n<h3>LA ZINGHENESTA A CANALE D&#8217;AGORDO<\/h3>\n<\/blockquote>\n<p><strong>CANALE D&#8217;AGORDO<\/strong> Domenica 19 febbraio torna La Zinghenesta a Canale D&#8217;Agordo, il carnevale della Valle del Biois. L&#8217;evento inizier\u00e0 con la consueta sfilata del corteo mascherato in partenza da Falcade per poi arrivare verso le 12.00 a Canale d&#8217;Agordo. Alle 15.00 inizio della sfilata per le vie del paese, arrivo in piazza e premiazione della maschera pi\u00f9 bella; Alle 16.30 processo al Carnevale. Sculture in legno, divertimento e dolci per grandi e piccini accompagneranno questa edizione<\/p>\n<p>&nbsp;<\/p>\n<p>&nbsp;<\/p>\n<hr \/>\n<p>&nbsp;<\/p>\n<blockquote>\n<h3><strong><a class=\"dt-pswp-item\" href=\"https:\/\/www.radiopiu.net\/wordpress\/wp-content\/uploads\/2023\/02\/Senza-nome-6.jpg\" data-dt-img-description=\"\" data-large_image_width=\"242\" data-large_image_height=\"189\"><img loading=\"lazy\" decoding=\"async\" class=\"wp-image-320153 alignleft\" src=\"https:\/\/www.radiopiu.net\/wordpress\/wp-content\/uploads\/2023\/02\/Senza-nome-6.jpg\" alt=\"\" width=\"168\" height=\"131\" \/><\/a><\/strong>CARNEVALE CON LA PROLOCO DI SAN TOMASO<\/h3>\n<\/blockquote>\n<p><strong>SAN TOMASO<\/strong> Carnevale con la proloco di San Tomaso, 16 febbraio lettura animate in biblioteca a Celat alle 17 (in maschera), 19 febbraio I racconti di Paolo Soppelsa alle 17 in sala a Celat.<\/p>\n<p>&nbsp;<\/p>\n<p>&nbsp;<\/p>\n<hr \/>\n<p>&nbsp;<\/p>\n<blockquote>\n<h3>EL CARNEVAL DEI BOCE A TAIBON<\/h3>\n<\/blockquote>\n<p><strong>TAIBON<\/strong> Pro Loco e Comune di Taibon organizzano El Carneval Dei Boce domenica 19 febbraio. Ritrovo in piazza alle 14, sfilata alla casa di riposo e festa all&#8217;ex municipio dalle 16.<\/p>\n<p>&nbsp;<\/p>\n<p>&nbsp;<\/p>\n<hr \/>\n<p>&nbsp;<\/p>\n<blockquote>\n<h3>GITA DI CLASSE, 1963<\/h3>\n<\/blockquote>\n<p><strong>REDAZIONE<\/strong> I coscritti del 1963 il 1 aprile si ritroveranno in gita, al Castello di Spessa e San Daniele. Partenza in pullman da Agordo alle 8.30, rientro in serata. Prenotazione e saldo (130euro) entro il 5 marzo. Info 348 0326080 -Giornale e Caffe&#8217;, Taibon.<\/p>\n<p>&nbsp;<\/p>\n<p>&nbsp;<\/p>\n<hr \/>\n<p>&nbsp;<\/p>\n<blockquote>\n<h3>A TEATRO CON IL CIRCOLO CULTURALE BELLUNESE<\/h3>\n<\/blockquote>\n<p><strong>BELLUNO<\/strong> Recentemente celebrati dalle riviste <em>Amadeus<\/em> e <em>Suonare<\/em>, l&#8217;astro nascente del violoncello, il giovanissimo Ettore Pagano, e la pianista Monica Cattarossi suonano a Belluno oggi alle 20:30 al Teatro Giovanni XXIII, ospiti della 70a Stagione 2023, <em>Intrecci Musicali<\/em>, del Circolo Culturale Bellunese. Biglietti in vendita nella sede del concerto, mezz\u2019ora prima del suo inizio, o presso la biglietteria di Palazzo Fulcis, nei giorni e negli orari di apertura, fino a 45 minuti prima della chiusura del Museo<\/p>\n<p>&nbsp;<\/p>\n<p>&nbsp;<\/p>\n<hr \/>\n<p>&nbsp;<\/p>\n<blockquote>\n<h3>DIALETTO VIVO A VALLE DI CADORE<\/h3>\n<\/blockquote>\n<p><strong>VALLE DI CADORE<\/strong> Domani alle 18 nella sala consigliare di Valle di Cadore andr\u00e0 in scena &#8220;Dialetto Vivo&#8221;, poesie e prose nel ladino di Cadore, Comelico e Fodom. Oraganizza la serata il laboratorio di scrittura Cadore in collaborazione con la Pro Loco di Valle di Cadore.<\/p>\n<p>&nbsp;<\/p>\n<p>&nbsp;<\/p>\n<hr \/>\n<p>&nbsp;<\/p>\n<blockquote>\n<h3>MAURO VEDANA HA ILLUSTRATO BELLUNO \u201cCITT\u00c0 FORTEZZA TRA ASSEDI ED ASSALTI\u201d<\/h3>\n<\/blockquote>\n<p><strong>di Renato Bona<\/strong><\/p>\n<p>Nel bel libro \u201cI Castelli del Bellunese\u201d, realizzato nel dicembre 1989 con Grafiche Longaronesi dalla Comunit\u00e0 Montana Bellunese e la Libreria Pilotto Editrice di Feltre, a cura di Bruno Fontana e Dario Dall\u2019Olio (architetto, docente, funzionario tecnico del Comune di Mel il primo; artista, scrittore, collaboratore di giornali ed emittenti varie il secondo), il capitolo intitolato \u201cBelluno citt\u00e0 fortezza: fra assedi e assalti\u201d fu opera dell\u2019architetto Mauro Vedana, tecnico di Commissione Beni ambientali e collaboratore dell\u2019Istituto italiano castelli. L\u2019allora assessore alla cultura della Comunit\u00e0 Montana Bellunese, Luigino Boito, concludeva il suo saluto affermando: \u201cDa questi castelli emana il fascino di antiche vicende che ci \u00e8 stato fatto rivivere nel convegno di Mel dagli illustri relatori (Luisa Alpago Novello, Enrico Perego, Mauro Vedana, Mirco Minella, Eldo Candeago \u2013 ndr.) cui, nella mia veste di assessore alla cultura mi \u00e8 gradito porgere il plauso pi\u00f9 vivo della Comunit\u00e0 montana Bellunese\u201d. E veniamo alla storia del capoluogo \u201cTra il Piave e l\u2018Ardo\u201d. In proposito Vedana ricorda che un tempo, il Piave rappresentava una cintura, una barriera naturale attorno a Belluno e non trascura di dire che la difficolt\u00e0 di costruire dei ponti ci \u00e8 nota: rimangono scritti, documenti, stampe, dipinti, che si riferiscono a ponti, per lo pi\u00f9 in legno, che mediamente non resistevano pi\u00f9 di 50 anni\u201d. A loro ricordo cita il solo arco del pi\u00f9 maestoso di essi, in pietra, quello che avrebbe dovuto collegare definitivamente le sponde del Piave, costruito nel 1841, crollato nel 1882. Il Ponte della Vittoria dal 1926 (e prima di questo un ponte a traliccio in ferro 1884-1917) sono gli unici riusciti a risolvere il problema in modo definitivo, perch\u00e9 a campata unica, senza pilastri in alveo\u201d. L\u2019altro accesso a Belluno al lato della citt\u00e0 che guarda il torrente Ardo: \u201cPur non essendoci in questo caso una enorme quantit\u00e0 d\u2019acqua, la barriera \u00e8 costituita dai dislivelli da superare\u201d. E aggiunge: \u201cIn una rappresentazione del 1608, Belluno ci appare come una penisola contornata da un enorme corso d\u2019acqua, con l\u2019Ardo che entra da nord e il Piave che lambisce la parte sud e ovest:si intravedono le mura merlate della parte nord che chiudono il triangolo formato dal nucleo storico\u201d. Quanto a Belluno \u201cPromontorio fortificato\u201d specifica che sulla linea che per Belluno costituisce il limite nord del centro storico sono allineate Porta Dojona, Porta Dante e Porta Castello (ora scomparsa). Tanto che: \u201cBelluno ha le caratteristiche di una \u2018citt\u00e0 fondata\u2019, pensata secondo le logiche della fortezza classica, in accordo con la leggenda tramandataci dagli storici locali che la vogliono fondata dai Romani\u201d. E a proposito della \u201cCitt\u00e0 fortezza\u201d specifica che la prima notizia certa sulle mura di Belluno \u00e8 riferita alla cinta costruita attorno al 980 dal vescovo Giovanni Tassina. Sul lato nord, a destra e a sinistra vi sono il \u201cCastello\u201d (quadrilatero con 4 torri) ed il \u201cDoglione\u201d. Ancora: \u201cLa torre pi\u00f9 possente di tutto il sistema difensivo \u00e8 posta sulle mura sud, \u00e8 quella di San Marco, esterna alla Porta di Rudo (o Rugo) dalla quale si scendeva a Borgo Piave per accedere al porto fluviale e quindi al ponte ed alla riva sinistra. Dopo tutta una serie di interventi, verso la fine del secolo l\u2019apparato di difesa \u201c\u00e8 stato rivisto e si presenta efficiente ed adatto a difendere la citt\u00e0 secondo le pi\u00f9 moderne tecnologie dell\u2019architettura militare del tempo\u201d. I Vedana da quindi spazio all\u2019illustrazione di un ideale percorso tra i resti che ancora si individuano, partendo dal Castello del lato nord-ovest: un quadrilatero con 4 torri angolari ed un fossato verso l\u2019esterno (solo dopo il 1620 viene aperta una porta verso Campitello, ora Piazza dei Martiri); il Torrione, con il suo grande Leone di San Marco; l\u2019angolo mura sud-ovest: ancora visibile nelle vecchie cartoline a sud della zona sovrastante il Ponte della Vittoria; Porta Rugo; Porta Dojona; il Bastione pentagonale, punta di un bastione del 1450-80 circa, al piano terra del palazzo San Marco.<\/p>\n\n\t\t\t<style type='text\/css'>\n\t\t\t\t#gallery-8 {\n\t\t\t\t\tmargin: auto;\n\t\t\t\t}\n\t\t\t\t#gallery-8 .gallery-item {\n\t\t\t\t\tfloat: left;\n\t\t\t\t\tmargin-top: 10px;\n\t\t\t\t\ttext-align: center;\n\t\t\t\t\twidth: 16%;\n\t\t\t\t}\n\t\t\t\t#gallery-8 img {\n\t\t\t\t\tborder: 2px solid #cfcfcf;\n\t\t\t\t}\n\t\t\t\t#gallery-8 .gallery-caption {\n\t\t\t\t\tmargin-left: 0;\n\t\t\t\t}\n\t\t\t\t\/* see gallery_shortcode() in wp-includes\/media.php *\/\n\t\t\t<\/style>\n\t\t<div id='gallery-8' class='dt-gallery-container gallery galleryid-321856 gallery-columns-6 gallery-size-thumbnail'><dl class='gallery-item'>\n\t\t\t\t<dt class='gallery-icon portrait'>\n\t\t\t\t\t<a class=\"rollover rollover-zoom dt-pswp-item\" title=\"330963382_1005097157122831_7138467908756650582_n\" data-dt-img-description=\"\" data-large_image_width=\"301\" data-large_image_height=\"480\"href='https:\/\/www.radiopiu.net\/wordpress\/wp-content\/uploads\/2023\/02\/330963382_1005097157122831_7138467908756650582_n.jpg'><img loading=\"lazy\" decoding=\"async\" width=\"150\" height=\"150\" src=\"https:\/\/www.radiopiu.net\/wordpress\/wp-content\/uploads\/2023\/02\/330963382_1005097157122831_7138467908756650582_n-150x150.jpg\" class=\"attachment-thumbnail size-thumbnail\" alt=\"\" \/><\/a>\n\t\t\t\t<\/dt><\/dl><dl class='gallery-item'>\n\t\t\t\t<dt class='gallery-icon portrait'>\n\t\t\t\t\t<a class=\"rollover rollover-zoom dt-pswp-item\" title=\"330665624_1353127642186219_447053707292524306_n\" data-dt-img-description=\"\" data-large_image_width=\"173\" data-large_image_height=\"204\"href='https:\/\/www.radiopiu.net\/wordpress\/wp-content\/uploads\/2023\/02\/330665624_1353127642186219_447053707292524306_n.jpg'><img loading=\"lazy\" decoding=\"async\" width=\"150\" height=\"150\" src=\"https:\/\/www.radiopiu.net\/wordpress\/wp-content\/uploads\/2023\/02\/330665624_1353127642186219_447053707292524306_n-150x150.jpg\" class=\"attachment-thumbnail size-thumbnail\" alt=\"\" \/><\/a>\n\t\t\t\t<\/dt><\/dl><dl class='gallery-item'>\n\t\t\t\t<dt class='gallery-icon landscape'>\n\t\t\t\t\t<a class=\"rollover rollover-zoom dt-pswp-item\" title=\"329441401_1444527552985498_8291699922741658546_n\" data-dt-img-description=\"\" data-large_image_width=\"490\" data-large_image_height=\"403\"href='https:\/\/www.radiopiu.net\/wordpress\/wp-content\/uploads\/2023\/02\/329441401_1444527552985498_8291699922741658546_n.jpg'><img loading=\"lazy\" decoding=\"async\" width=\"150\" height=\"150\" src=\"https:\/\/www.radiopiu.net\/wordpress\/wp-content\/uploads\/2023\/02\/329441401_1444527552985498_8291699922741658546_n-150x150.jpg\" class=\"attachment-thumbnail size-thumbnail\" alt=\"\" \/><\/a>\n\t\t\t\t<\/dt><\/dl><dl class='gallery-item'>\n\t\t\t\t<dt class='gallery-icon landscape'>\n\t\t\t\t\t<a class=\"rollover rollover-zoom dt-pswp-item\" title=\"330482655_556017986560294_2493547428245927336_n\" data-dt-img-description=\"\" data-large_image_width=\"593\" data-large_image_height=\"403\"href='https:\/\/www.radiopiu.net\/wordpress\/wp-content\/uploads\/2023\/02\/330482655_556017986560294_2493547428245927336_n.jpg'><img loading=\"lazy\" decoding=\"async\" width=\"150\" height=\"150\" src=\"https:\/\/www.radiopiu.net\/wordpress\/wp-content\/uploads\/2023\/02\/330482655_556017986560294_2493547428245927336_n-150x150.jpg\" class=\"attachment-thumbnail size-thumbnail\" alt=\"\" \/><\/a>\n\t\t\t\t<\/dt><\/dl><dl class='gallery-item'>\n\t\t\t\t<dt class='gallery-icon landscape'>\n\t\t\t\t\t<a class=\"rollover rollover-zoom dt-pswp-item\" title=\"330693962_5907883639298854_3940427312732113880_n\" data-dt-img-description=\"\" data-large_image_width=\"713\" data-large_image_height=\"403\"href='https:\/\/www.radiopiu.net\/wordpress\/wp-content\/uploads\/2023\/02\/330693962_5907883639298854_3940427312732113880_n.jpg'><img loading=\"lazy\" decoding=\"async\" width=\"150\" height=\"150\" src=\"https:\/\/www.radiopiu.net\/wordpress\/wp-content\/uploads\/2023\/02\/330693962_5907883639298854_3940427312732113880_n-150x150.jpg\" class=\"attachment-thumbnail size-thumbnail\" alt=\"\" \/><\/a>\n\t\t\t\t<\/dt><\/dl><dl class='gallery-item'>\n\t\t\t\t<dt class='gallery-icon landscape'>\n\t\t\t\t\t<a class=\"rollover rollover-zoom dt-pswp-item\" title=\"330798590_5728958537227475_8253168849114954409_n\" data-dt-img-description=\"\" data-large_image_width=\"509\" data-large_image_height=\"403\"href='https:\/\/www.radiopiu.net\/wordpress\/wp-content\/uploads\/2023\/02\/330798590_5728958537227475_8253168849114954409_n.jpg'><img loading=\"lazy\" decoding=\"async\" width=\"150\" height=\"150\" src=\"https:\/\/www.radiopiu.net\/wordpress\/wp-content\/uploads\/2023\/02\/330798590_5728958537227475_8253168849114954409_n-150x150.jpg\" class=\"attachment-thumbnail size-thumbnail\" alt=\"\" \/><\/a>\n\t\t\t\t<\/dt><\/dl><br style=\"clear: both\" \/><dl class='gallery-item'>\n\t\t\t\t<dt class='gallery-icon landscape'>\n\t\t\t\t\t<a class=\"rollover rollover-zoom dt-pswp-item\" title=\"330615801_1620352858417106_3038476287865917260_n\" data-dt-img-description=\"\" data-large_image_width=\"851\" data-large_image_height=\"400\"href='https:\/\/www.radiopiu.net\/wordpress\/wp-content\/uploads\/2023\/02\/330615801_1620352858417106_3038476287865917260_n.jpg'><img loading=\"lazy\" decoding=\"async\" width=\"150\" height=\"150\" src=\"https:\/\/www.radiopiu.net\/wordpress\/wp-content\/uploads\/2023\/02\/330615801_1620352858417106_3038476287865917260_n-150x150.jpg\" class=\"attachment-thumbnail size-thumbnail\" alt=\"\" \/><\/a>\n\t\t\t\t<\/dt><\/dl><dl class='gallery-item'>\n\t\t\t\t<dt class='gallery-icon portrait'>\n\t\t\t\t\t<a class=\"rollover rollover-zoom dt-pswp-item\" title=\"330530869_615243923944776_3104188652479232976_n\" data-dt-img-description=\"\" data-large_image_width=\"303\" data-large_image_height=\"480\"href='https:\/\/www.radiopiu.net\/wordpress\/wp-content\/uploads\/2023\/02\/330530869_615243923944776_3104188652479232976_n.jpg'><img loading=\"lazy\" decoding=\"async\" width=\"150\" height=\"150\" src=\"https:\/\/www.radiopiu.net\/wordpress\/wp-content\/uploads\/2023\/02\/330530869_615243923944776_3104188652479232976_n-150x150.jpg\" class=\"attachment-thumbnail size-thumbnail\" alt=\"\" \/><\/a>\n\t\t\t\t<\/dt><\/dl><dl class='gallery-item'>\n\t\t\t\t<dt class='gallery-icon portrait'>\n\t\t\t\t\t<a class=\"rollover rollover-zoom dt-pswp-item\" title=\"330896702_577099690720599_3606416850850182108_n\" data-dt-img-description=\"\" data-large_image_width=\"320\" data-large_image_height=\"460\"href='https:\/\/www.radiopiu.net\/wordpress\/wp-content\/uploads\/2023\/02\/330896702_577099690720599_3606416850850182108_n.jpg'><img loading=\"lazy\" decoding=\"async\" width=\"150\" height=\"150\" src=\"https:\/\/www.radiopiu.net\/wordpress\/wp-content\/uploads\/2023\/02\/330896702_577099690720599_3606416850850182108_n-150x150.jpg\" class=\"attachment-thumbnail size-thumbnail\" alt=\"\" \/><\/a>\n\t\t\t\t<\/dt><\/dl><dl class='gallery-item'>\n\t\t\t\t<dt class='gallery-icon landscape'>\n\t\t\t\t\t<a class=\"rollover rollover-zoom dt-pswp-item\" title=\"330727487_721344686323233_6000228183659066263_n\" data-dt-img-description=\"\" data-large_image_width=\"615\" data-large_image_height=\"403\"href='https:\/\/www.radiopiu.net\/wordpress\/wp-content\/uploads\/2023\/02\/330727487_721344686323233_6000228183659066263_n.jpg'><img loading=\"lazy\" decoding=\"async\" width=\"150\" height=\"150\" src=\"https:\/\/www.radiopiu.net\/wordpress\/wp-content\/uploads\/2023\/02\/330727487_721344686323233_6000228183659066263_n-150x150.jpg\" class=\"attachment-thumbnail size-thumbnail\" alt=\"\" \/><\/a>\n\t\t\t\t<\/dt><\/dl><dl class='gallery-item'>\n\t\t\t\t<dt class='gallery-icon landscape'>\n\t\t\t\t\t<a class=\"rollover rollover-zoom dt-pswp-item\" title=\"331041626_750558266226470_6267398519527600442_n\" data-dt-img-description=\"\" data-large_image_width=\"616\" data-large_image_height=\"403\"href='https:\/\/www.radiopiu.net\/wordpress\/wp-content\/uploads\/2023\/02\/331041626_750558266226470_6267398519527600442_n.jpg'><img loading=\"lazy\" decoding=\"async\" width=\"150\" height=\"150\" src=\"https:\/\/www.radiopiu.net\/wordpress\/wp-content\/uploads\/2023\/02\/331041626_750558266226470_6267398519527600442_n-150x150.jpg\" class=\"attachment-thumbnail size-thumbnail\" alt=\"\" \/><\/a>\n\t\t\t\t<\/dt><\/dl><dl class='gallery-item'>\n\t\t\t\t<dt class='gallery-icon landscape'>\n\t\t\t\t\t<a class=\"rollover rollover-zoom dt-pswp-item\" title=\"330435650_484712317015399_4942128612506995707_n\" data-dt-img-description=\"\" data-large_image_width=\"580\" data-large_image_height=\"403\"href='https:\/\/www.radiopiu.net\/wordpress\/wp-content\/uploads\/2023\/02\/330435650_484712317015399_4942128612506995707_n.jpg'><img loading=\"lazy\" decoding=\"async\" width=\"150\" height=\"150\" src=\"https:\/\/www.radiopiu.net\/wordpress\/wp-content\/uploads\/2023\/02\/330435650_484712317015399_4942128612506995707_n-150x150.jpg\" class=\"attachment-thumbnail size-thumbnail\" alt=\"\" \/><\/a>\n\t\t\t\t<\/dt><\/dl><br style=\"clear: both\" \/>\n\t\t\t<\/div>\n\n<p>&nbsp;<\/p>\n<p>NELLE FOTO (Faceboock e riproduzioni dal libro \u201cI Castelli del Bellunese\u201d): la copertina con disegno di Ornella Fiabane; Mauro Vedana; panoramica di Belluno; stampa del 1608 (Codice Pulini); lo sviluppo della cinta muraria bellunese; ricostruzione di V. Doglioni pubblicata nel 1969; documento riferito ad una controversia del 1705; vecchia cartolina di Porta Rugo; incisione di F. Monaco di Porta Dojona; 1248: assalti di Ezzelino da Romano; 1404; il Castello assalito dai veneziani; 1510: guerra cambraica: assalti veneziani.<\/p>\n<p>&nbsp;<\/p>\n<p>&nbsp;<\/p>\n<hr \/>\n<p>&nbsp;<\/p>\n<blockquote>\n<h3>VOCE DI JOHN FRANCIS DELLA PIETRA<\/h3>\n<\/blockquote>\n<p><a class=\"dt-pswp-item\" href=\"https:\/\/www.radiopiu.net\/wordpress\/wp-content\/uploads\/2023\/02\/Viel_2023-02-13.jpg\" data-dt-img-description=\"\" data-large_image_width=\"739\" data-large_image_height=\"477\"><img loading=\"lazy\" decoding=\"async\" class=\" wp-image-321900 alignleft\" src=\"https:\/\/www.radiopiu.net\/wordpress\/wp-content\/uploads\/2023\/02\/Viel_2023-02-13-300x194.jpg\" alt=\"\" width=\"198\" height=\"128\" srcset=\"https:\/\/www.radiopiu.net\/wordpress\/wp-content\/uploads\/2023\/02\/Viel_2023-02-13-300x194.jpg 300w, https:\/\/www.radiopiu.net\/wordpress\/wp-content\/uploads\/2023\/02\/Viel_2023-02-13.jpg 739w\" sizes=\"auto, (max-width: 198px) 100vw, 198px\" \/><\/a><strong>&#8230;VOCE&#8230;<\/strong><\/p>\n<p><strong>di John Francis Della Pietra<\/strong><\/p>\n<audio class=\"wp-audio-shortcode\" id=\"audio-321856-13\" preload=\"none\" style=\"width: 100%;\" controls=\"controls\"><source type=\"audio\/mpeg\" src=\"https:\/\/www.radiopiu.net\/wordpress\/wp-content\/uploads\/2023\/02\/JOHN-VOCE.mp3?_=13\" \/><a href=\"https:\/\/www.radiopiu.net\/wordpress\/wp-content\/uploads\/2023\/02\/JOHN-VOCE.mp3\">https:\/\/www.radiopiu.net\/wordpress\/wp-content\/uploads\/2023\/02\/JOHN-VOCE.mp3<\/a><\/audio>\n<p>&nbsp;<\/p>\n<p>Come un eco rimbomba fra i monti<br \/>\nIl suo scandire il nome degli atleti al via pronti<br \/>\nNe tuona indi la loro carriera sportiva<br \/>\nCon professionalit\u00e0 genio ed inventiva<br \/>\nIl pubblico ai bordi della pista assiepato non sta solo a guardare<br \/>\nMa attento quella forte calda voce vuole ascoltare<br \/>\nLe convulse fasi di gara son difficili da decifrare<br \/>\nMa il suo timbro speciale ben lo sa fare<br \/>\nMentre sale sul finir la tensione<br \/>\nLui riesce a dar il la alla collettiva emozione<br \/>\nNon si vede ancora il vincitore<br \/>\nMa gi\u00e0 grande la voce fa salire un novello stupore<br \/>\nEccolo sul traguardo<br \/>\nPronta \u00e8 l&#8217;immagine di parole con competente riguardo<br \/>\nScrosciano gl&#8217;applausi scanditi dal tono or pi\u00f9 alto ed arrochito<br \/>\nMa continua imperterrito<br \/>\n\u00c8 l ora dell&#8217;interviste<br \/>\nDomande pacate mai scontate e previste<br \/>\nGl&#8217;atleti di calibro internazionale<br \/>\nCon lui hanno un feeling particolare<br \/>\nUn ultimo sapiente commento<br \/>\nEd il giubilo sale ancora in crescendo<br \/>\nOra dentro ogni cuore e testa<br \/>\n\u00c8 riuscito a dar il via alla festa<br \/>\nAdesso la voce s&#8217;\u00e8 fatta flebile poi nel silenzio muta<br \/>\nMa non s&#8217;\u00e8 perduta<br \/>\nRimarr\u00e0 nel nostro cuore<br \/>\nPer avere avuto della tua conoscenza ed amicizia l onore<br \/>\nGrazie a nome di tutti<br \/>\nGiovanni<\/p>\n<p>&nbsp;<\/p>\n<hr \/>\n<p>&nbsp;<\/p>\n<blockquote class=\"wp-embedded-content\" data-secret=\"nuOqD2GE2n\"><p><a href=\"https:\/\/www.radiopiu.net\/wordpress\/la-spedizione-oltre-il-proprio-limite-alla-ricerca-del-quasi-impossibile\/\">LA SPEDIZIONE OLTRE IL PROPRIO LIMITE, ALLA RICERCA DEL QUASI IMPOSSIBILE<\/a><\/p><\/blockquote>\n<p><iframe loading=\"lazy\" class=\"wp-embedded-content\" sandbox=\"allow-scripts\" security=\"restricted\" style=\"position: absolute; clip: rect(1px, 1px, 1px, 1px);\" title=\"&#8220;LA SPEDIZIONE OLTRE IL PROPRIO LIMITE, ALLA RICERCA DEL QUASI IMPOSSIBILE&#8221; &#8212; Radio Pi\u00f9\" src=\"https:\/\/www.radiopiu.net\/wordpress\/la-spedizione-oltre-il-proprio-limite-alla-ricerca-del-quasi-impossibile\/embed\/#?secret=BMM6miKfdT#?secret=nuOqD2GE2n\" data-secret=\"nuOqD2GE2n\" width=\"600\" height=\"338\" frameborder=\"0\" marginwidth=\"0\" marginheight=\"0\" scrolling=\"no\"><\/iframe><\/p>\n<p>&nbsp;<\/p>\n<p>&nbsp;<\/p>\n<p>&nbsp;<\/p>\n<hr \/>\n<p>&nbsp;<\/p>\n<h2><span style=\"color: #33cccc;\">SALUTE &amp; SOCIETA&#8217;<\/span><a class=\"dt-pswp-item\" href=\"https:\/\/www.radiopiu.net\/wordpress\/wp-content\/uploads\/2023\/02\/c33aa6d6-b58a-c238-1f39-aec9a221fd58.jpg\" data-dt-img-description=\"A picture of a sad woman suffering from headache over white background\" data-large_image_width=\"800\" data-large_image_height=\"445\"><img loading=\"lazy\" decoding=\"async\" class=\"wp-image-321888 alignleft\" src=\"https:\/\/www.radiopiu.net\/wordpress\/wp-content\/uploads\/2023\/02\/c33aa6d6-b58a-c238-1f39-aec9a221fd58-300x167.jpg\" alt=\"\" width=\"239\" height=\"133\" srcset=\"https:\/\/www.radiopiu.net\/wordpress\/wp-content\/uploads\/2023\/02\/c33aa6d6-b58a-c238-1f39-aec9a221fd58-300x167.jpg 300w, https:\/\/www.radiopiu.net\/wordpress\/wp-content\/uploads\/2023\/02\/c33aa6d6-b58a-c238-1f39-aec9a221fd58-768x427.jpg 768w, https:\/\/www.radiopiu.net\/wordpress\/wp-content\/uploads\/2023\/02\/c33aa6d6-b58a-c238-1f39-aec9a221fd58.jpg 800w\" sizes=\"auto, (max-width: 239px) 100vw, 239px\" \/><\/a><strong>PUNTATA DEL 13 FEBBRAIO 2023<\/strong><\/h2>\n<p><strong>Emicrania, una patologia al femminile <\/strong>Le donne sono pi\u00f9 colpite e quando iniziano le fluttuazioni ormonali peggiorano. \u00c8 importante per loro essere seguite da un centro con percorsi al femminile perch\u00e9 le cefalee vanno trattate in base alle fasi della vita. <strong>Tumore dell\u2019ovaio: efficacia dei Parp inibitori, indicazioni e test molecolari <\/strong>Una terapia di mantenimento con i PARP-inibitori conferma di offrire un beneficio rilevante di sopravvivenza globale a lungo termine rispetto al placebo nelle donne con carcinoma ovarico.<\/p>\n<audio class=\"wp-audio-shortcode\" id=\"audio-321856-14\" preload=\"none\" style=\"width: 100%;\" controls=\"controls\"><source type=\"audio\/mpeg\" src=\"https:\/\/www.radiopiu.net\/wordpress\/wp-content\/uploads\/2023\/02\/SALUTE-1.mp3?_=14\" \/><a href=\"https:\/\/www.radiopiu.net\/wordpress\/wp-content\/uploads\/2023\/02\/SALUTE-1.mp3\">https:\/\/www.radiopiu.net\/wordpress\/wp-content\/uploads\/2023\/02\/SALUTE-1.mp3<\/a><\/audio>\n<p>&nbsp;<\/p>\n<hr \/>\n<p>&nbsp;<\/p>\n<div>\n<div class=\"b654a4as d2edcug0\">\n<div class=\"rq0escxv hkbzh7o3 jwdofwj8 n8tt0mok r8blr3vg hyh9befq\">\n<p><a class=\"dt-pswp-item\" href=\"https:\/\/www.radiopiu.net\/wordpress\/wp-content\/uploads\/2020\/10\/pp.jpg\" data-dt-img-description=\"\" data-large_image_width=\"640\" data-large_image_height=\"640\"><img loading=\"lazy\" decoding=\"async\" class=\"wp-image-163678 alignleft\" src=\"https:\/\/www.radiopiu.net\/wordpress\/wp-content\/uploads\/2020\/10\/pp-300x300.jpg\" alt=\"\" width=\"106\" height=\"106\" srcset=\"https:\/\/www.radiopiu.net\/wordpress\/wp-content\/uploads\/2020\/10\/pp-300x300.jpg 300w, https:\/\/www.radiopiu.net\/wordpress\/wp-content\/uploads\/2020\/10\/pp-150x150.jpg 150w, https:\/\/www.radiopiu.net\/wordpress\/wp-content\/uploads\/2020\/10\/pp-125x125.jpg 125w, https:\/\/www.radiopiu.net\/wordpress\/wp-content\/uploads\/2020\/10\/pp-200x200.jpg 200w, https:\/\/www.radiopiu.net\/wordpress\/wp-content\/uploads\/2020\/10\/pp-80x80.jpg 80w, https:\/\/www.radiopiu.net\/wordpress\/wp-content\/uploads\/2020\/10\/pp-480x480.jpg 480w, https:\/\/www.radiopiu.net\/wordpress\/wp-content\/uploads\/2020\/10\/pp.jpg 640w\" sizes=\"auto, (max-width: 106px) 100vw, 106px\" \/><\/a><\/p>\n<\/div>\n<\/div>\n<\/div>\n<div>\n<div class=\"page-title-head hgroup\">\n<div class=\"page-title-head hgroup\">\n<div class=\"b654a4as d2edcug0\">\n<div class=\"j83agx80 btwxx1t3 lhclo0ds hop8lmos nkwizq5d scwd0bx6 roh60bw9\">\n<div class=\"rq0escxv hkbzh7o3 jwdofwj8 n8tt0mok r8blr3vg hyh9befq\">\n<div class=\"do00u71z l9j0dhe7 k4urcfbm\" style=\"text-align: left;\">\n<h2><span style=\"color: #000080;\">DON CESARE, IL PENSIERO DEL GIORNO. ALLA RADIO ALLE 7 DEL MATTINO E ALLE 19.30 DELLA SERA\u00a0<\/span><\/h2>\n<\/div>\n<\/div>\n<\/div>\n<\/div>\n<\/div>\n<\/div>\n<\/div>\n<audio class=\"wp-audio-shortcode\" id=\"audio-321856-15\" preload=\"none\" style=\"width: 100%;\" controls=\"controls\"><source type=\"audio\/mpeg\" src=\"https:\/\/www.radiopiu.net\/wordpress\/wp-content\/uploads\/2023\/02\/CESARE-12.mp3?_=15\" \/><a href=\"https:\/\/www.radiopiu.net\/wordpress\/wp-content\/uploads\/2023\/02\/CESARE-12.mp3\">https:\/\/www.radiopiu.net\/wordpress\/wp-content\/uploads\/2023\/02\/CESARE-12.mp3<\/a><\/audio>\n<p>&nbsp;<\/p>\n<p>&nbsp;<\/p>\n<hr \/>\n<p>&nbsp;<\/p>\n<h2><strong><a class=\"dt-pswp-item\" href=\"https:\/\/www.radiopiu.net\/wordpress\/wp-content\/uploads\/2022\/03\/LIBERA-MAFIE.png\" data-dt-img-description=\"\" data-large_image_width=\"860\" data-large_image_height=\"756\"><img loading=\"lazy\" decoding=\"async\" class=\" wp-image-267115 alignleft\" src=\"https:\/\/www.radiopiu.net\/wordpress\/wp-content\/uploads\/2022\/03\/LIBERA-MAFIE-300x264.png\" alt=\"\" width=\"168\" height=\"148\" \/><\/a><\/strong><span style=\"color: #ff6600;\">LA RASSEGNA STAMPA DA L&#8217;AMICO DEL POPOLO<\/span><\/h2>\n<p><strong>di Gianni Santomaso<\/strong><\/p>\n<p>OSPITE: Piermario Fop<\/p>\n<audio class=\"wp-audio-shortcode\" id=\"audio-321856-16\" preload=\"none\" style=\"width: 100%;\" controls=\"controls\"><source type=\"audio\/mpeg\" src=\"https:\/\/www.radiopiu.net\/wordpress\/wp-content\/uploads\/2023\/02\/RASSEGNA-GIANNI-1.mp3?_=16\" \/><a href=\"https:\/\/www.radiopiu.net\/wordpress\/wp-content\/uploads\/2023\/02\/RASSEGNA-GIANNI-1.mp3\">https:\/\/www.radiopiu.net\/wordpress\/wp-content\/uploads\/2023\/02\/RASSEGNA-GIANNI-1.mp3<\/a><\/audio>\n<p>&nbsp;<\/p>\n<hr \/>\n<p>&nbsp;<\/p>\n<h2><span style=\"color: #ff00ff;\">IN VIVO VERSO\u00a0\u00a0<\/span><\/h2>\n<blockquote>\n<h3>VORREI DI SARA BORTOLUZ<\/h3>\n<\/blockquote>\n<p><strong>AUDIO<\/strong><\/p>\n<audio class=\"wp-audio-shortcode\" id=\"audio-321856-17\" preload=\"none\" style=\"width: 100%;\" controls=\"controls\"><source type=\"audio\/mpeg\" src=\"https:\/\/www.radiopiu.net\/wordpress\/wp-content\/uploads\/2023\/02\/01-SARA-BORTOLUZ-VORREI.mp3?_=17\" \/><a href=\"https:\/\/www.radiopiu.net\/wordpress\/wp-content\/uploads\/2023\/02\/01-SARA-BORTOLUZ-VORREI.mp3\">https:\/\/www.radiopiu.net\/wordpress\/wp-content\/uploads\/2023\/02\/01-SARA-BORTOLUZ-VORREI.mp3<\/a><\/audio>\n<p>&nbsp;<\/p>\n<p><a class=\"dt-pswp-item\" href=\"https:\/\/www.radiopiu.net\/wordpress\/wp-content\/uploads\/2023\/02\/BORTOLUZ.jpg\" data-dt-img-description=\"\" data-large_image_width=\"576\" data-large_image_height=\"683\"><img loading=\"lazy\" decoding=\"async\" class=\"wp-image-321955 alignleft\" src=\"https:\/\/www.radiopiu.net\/wordpress\/wp-content\/uploads\/2023\/02\/BORTOLUZ-253x300.jpg\" alt=\"\" width=\"115\" height=\"136\" srcset=\"https:\/\/www.radiopiu.net\/wordpress\/wp-content\/uploads\/2023\/02\/BORTOLUZ-253x300.jpg 253w, https:\/\/www.radiopiu.net\/wordpress\/wp-content\/uploads\/2023\/02\/BORTOLUZ.jpg 576w\" sizes=\"auto, (max-width: 115px) 100vw, 115px\" \/><\/a><strong>Sara Bortoluz<\/strong><br \/>\n<strong>VORREI\u2026<\/strong><\/p>\n<p>Vorrei dondolarmi sulla falce<br \/>\nd\u2019argento della luna,<br \/>\nnel suo sorriso di fata<br \/>\nvorrei cullarmi e da lass\u00f9<br \/>\ncercar la mia fortuna.<br \/>\nVorrei ballare sulle acute e<br \/>\nagili note della sua sinfonia,<br \/>\nscrivere la mia melodia<br \/>\ncon note di luce e di fantasia.<br \/>\nVorrei correre sul velluto della notte<br \/>\nfacendo capriole tra i diamanti delle stelle,<br \/>\nvorrei cavalcare candidi unicorni e<br \/>\nattraversare il cielo sconfinato<br \/>\nsul mio cavallo alato e poi<br \/>\nSul mio carro carico di stelle<br \/>\nregalando al mondo mille fiammelle<br \/>\nsempre pi\u00f9 luminose e belle.<br \/>\nVorrei dipingere i miei sogni con la polvere di stelle,<br \/>\nvorrei da lass\u00f9 tuffarmi in un<br \/>\ncarosello di riflessi d\u2019argento<br \/>\nsu quell\u2019onda di schiuma l\u00ec dove l\u2019enigmatica sovrana della notte<br \/>\nbacia il mistero dell&#8217;oceano infinito<\/p>\n<p>&nbsp;<\/p>\n<div dir=\"auto\">\n<div dir=\"auto\">\n<div dir=\"auto\">\n<p><strong>LA RACCOLTA COMPLETA<\/strong><\/p>\n<blockquote class=\"wp-embedded-content\" data-secret=\"4Azn0pxDRR\"><p><a href=\"https:\/\/www.radiopiu.net\/wordpress\/in-vivo-verso\/\">In Vivo Verso<\/a><\/p><\/blockquote>\n<p><iframe loading=\"lazy\" class=\"wp-embedded-content\" sandbox=\"allow-scripts\" security=\"restricted\" style=\"position: absolute; clip: rect(1px, 1px, 1px, 1px);\" title=\"&#8220;In Vivo Verso&#8221; &#8212; Radio Pi\u00f9\" src=\"https:\/\/www.radiopiu.net\/wordpress\/in-vivo-verso\/embed\/#?secret=VXMnamvxC2#?secret=4Azn0pxDRR\" data-secret=\"4Azn0pxDRR\" width=\"600\" height=\"338\" frameborder=\"0\" marginwidth=\"0\" marginheight=\"0\" scrolling=\"no\"><\/iframe><\/p>\n<\/div>\n<\/div>\n<\/div>\n<hr \/>\n<p>&nbsp;<\/p>\n<h2><span style=\"color: #008080;\">GOCCE DI FILOSOFIA<\/span><\/h2>\n<blockquote>\n<h3>GOCCE DI FILOSOFIA &#8211; PUNTATA 246 &#8211; CHIARA CAU<\/h3>\n<\/blockquote>\n<audio class=\"wp-audio-shortcode\" id=\"audio-321856-18\" preload=\"none\" style=\"width: 100%;\" controls=\"controls\"><source type=\"audio\/mpeg\" src=\"https:\/\/www.radiopiu.net\/wordpress\/wp-content\/uploads\/2023\/02\/FI1-1.mp3?_=18\" \/><a href=\"https:\/\/www.radiopiu.net\/wordpress\/wp-content\/uploads\/2023\/02\/FI1-1.mp3\">https:\/\/www.radiopiu.net\/wordpress\/wp-content\/uploads\/2023\/02\/FI1-1.mp3<\/a><\/audio>\n<p>&nbsp;<\/p>\n<p>LA RACCOLTA COMPLETA<\/p>\n<blockquote class=\"wp-embedded-content\" data-secret=\"0B3nKV1v1G\"><p><a href=\"https:\/\/www.radiopiu.net\/wordpress\/gocce-filosofia\/\">Gocce di filosofia,  LA TERZA STAGIONE&#8230; 2023<\/a><\/p><\/blockquote>\n<p><iframe loading=\"lazy\" class=\"wp-embedded-content\" sandbox=\"allow-scripts\" security=\"restricted\" style=\"position: absolute; clip: rect(1px, 1px, 1px, 1px);\" title=\"&#8220;Gocce di filosofia,  LA TERZA STAGIONE&#8230; 2023&#8221; &#8212; Radio Pi\u00f9\" src=\"https:\/\/www.radiopiu.net\/wordpress\/gocce-filosofia\/embed\/#?secret=MdCUugQeDp#?secret=0B3nKV1v1G\" data-secret=\"0B3nKV1v1G\" width=\"600\" height=\"338\" frameborder=\"0\" marginwidth=\"0\" marginheight=\"0\" scrolling=\"no\"><\/iframe><\/p>\n<p>&nbsp;<\/p>\n<p>&nbsp;<\/p>\n<hr \/>\n<p>&nbsp;<\/p>\n<h2><span style=\"color: #808000;\">I RACCONTI DI PAOLO SOPPELSA<\/span><\/h2>\n<p><strong>L&#8217;ANIMA DI FEBBRAIO<\/strong><\/p>\n<p><strong>AUDIO<\/strong><\/p>\n<audio class=\"wp-audio-shortcode\" id=\"audio-321856-19\" preload=\"none\" style=\"width: 100%;\" controls=\"controls\"><source type=\"audio\/mpeg\" src=\"https:\/\/www.radiopiu.net\/wordpress\/wp-content\/uploads\/2023\/02\/PAOLO-SOPPELSA-LANIMA-DI-FEBBRAIO.mp3?_=19\" \/><a href=\"https:\/\/www.radiopiu.net\/wordpress\/wp-content\/uploads\/2023\/02\/PAOLO-SOPPELSA-LANIMA-DI-FEBBRAIO.mp3\">https:\/\/www.radiopiu.net\/wordpress\/wp-content\/uploads\/2023\/02\/PAOLO-SOPPELSA-LANIMA-DI-FEBBRAIO.mp3<\/a><\/audio>\n<p>&nbsp;<\/p>\n<p><a class=\"dt-pswp-item\" href=\"https:\/\/www.radiopiu.net\/wordpress\/wp-content\/uploads\/2023\/02\/ec99118c-6f64-4c41-aae0-1a4c7e468ace.jpg\" data-dt-img-description=\"\" data-large_image_width=\"1600\" data-large_image_height=\"1200\"><img loading=\"lazy\" decoding=\"async\" class=\" wp-image-321674 alignleft\" src=\"https:\/\/www.radiopiu.net\/wordpress\/wp-content\/uploads\/2023\/02\/ec99118c-6f64-4c41-aae0-1a4c7e468ace-300x225.jpg\" alt=\"\" width=\"179\" height=\"134\" srcset=\"https:\/\/www.radiopiu.net\/wordpress\/wp-content\/uploads\/2023\/02\/ec99118c-6f64-4c41-aae0-1a4c7e468ace-300x225.jpg 300w, https:\/\/www.radiopiu.net\/wordpress\/wp-content\/uploads\/2023\/02\/ec99118c-6f64-4c41-aae0-1a4c7e468ace-1024x768.jpg 1024w, https:\/\/www.radiopiu.net\/wordpress\/wp-content\/uploads\/2023\/02\/ec99118c-6f64-4c41-aae0-1a4c7e468ace-768x576.jpg 768w, https:\/\/www.radiopiu.net\/wordpress\/wp-content\/uploads\/2023\/02\/ec99118c-6f64-4c41-aae0-1a4c7e468ace-1536x1152.jpg 1536w, https:\/\/www.radiopiu.net\/wordpress\/wp-content\/uploads\/2023\/02\/ec99118c-6f64-4c41-aae0-1a4c7e468ace.jpg 1600w\" sizes=\"auto, (max-width: 179px) 100vw, 179px\" \/><\/a>Febbraio era una carezza che consolava le montagne provate dai grandi freddi dell&#8217;inverno. Arrivava discreto, quasi in punta di piedi portando con s\u00e9 cieli dalle tinte pi\u00f9 chiare e giornate pi\u00f9 gentili. Il mese corto non possedeva la rude durezza di dicembre e gennaio, i mesi della poca luce e del gelo che imprigiona i boschi e gli uomini. Il mese del carnevale portava il sommesso canto di quell&#8217;acqua che poco prima era neve e che ora gocciolava dai tetti quando il sole si trovava sulla verticale dello Spiz de Medod\u00ec. Mentre i salami stagionavano nella cantina dalla porta azzurra, qualche macchia d&#8217;erba ancora addormentata si apriva sui pendii che guardavano a sud; a volte pareva quasi di udire il respiro appena accennato di una primavera che non era pi\u00f9 miraggio lontano. L&#8217;erba, la terra dei campi, lo scorrere dell&#8217;acqua della fontana, sembravano quasi una novit\u00e0; era la vita che riemergeva dai profondi silenzi del duro inverno di lass\u00f9 dove il sole a dicembre si faceva vivo appena dopo le dieci per poi sparire alle due. Ora invece, il tempo dell&#8217;inverno non era pi\u00f9 in stallo e l&#8217;allungarsi delle giornate era quasi una cavalcata quotidiana ancora capace di meravigliare quegli anziani che di inverni ne avevano vissuti tanti. A febbraio, all&#8217;ora in cui la pentola blu era sul fuoco per la cena, non era pi\u00f9 buio profondo ma era sera appena iniziata e quando arrivava implacabile il momento del nostro partire per fare ritorno nella piccola citt\u00e0, non avevamo pi\u00f9 stelle da ammirare. Erano domeniche che sapevano di nuovo, da vivere all&#8217;aperto giocando su quella neve che ora era docile e morbida. Dopo pranzo partivamo da una Belluno che offriva profumi di bucaneve e viole per recarci lass\u00f9 dove si pu\u00f3 ammirare il Fertazza che chiude la Val Cordevole a nord. Acqua di disgelo che scorreva lungo la provinciale e fuori di casa le &#8220;pile de legne&#8221; di dimensioni decisamente ridotte; ormai in certe giornate tiepide si poteva tentare di ridurre le ore di fuoco e si iniziava a pensare alle prime attivit\u00e0 della primavera che sarebbe stata. Si respirava quell&#8217;aria pi\u00f9 mite e sul mezzogiorno, a volte, si sentiva netto quel sentore di marzo. Pareva ormai che certe durezze d&#8217;inverno fossero ormai ricordo, ma non era proprio cos\u00ec; lo ripetevano come un mantra a noi giovani inesperti di nuvole e neve, che era febbraio il tempo delle grandi nevicate. In quei brevi discorsi rammentavano inverni che erano rimasti scolpiti nella memoria di chi li aveva vissuti lass\u00f9. Il ventinove, il cinquantuno, il settantotto, ogni inverno una storia; la grande &#8220;levina&#8221; scesa &#8220;inte in te la val&#8221;, che furono costretti a scavare una galleria per poter transitare sulla provinciale, e poi le grandi valanghe del 1978, con l&#8217;agordino isolato per giorni. Io avevo il ricordo fresco del 1985, l&#8217;anno del grande freddo e della grande neve che scese copiosa nel momento perfetto, ovvero all&#8217;inizio delle mitiche Universiadi Invernali che si erano disputate in provincia di Belluno. Era stato un inverno mitico quello del 1985, con il freddo potente dell&#8217;Epifania, le Universiadi che avevano reso importante la citt\u00e0 di Belluno e con l&#8217;Alleghe che per la prima volta nella sua storia era approdato in finale scudetto. Febbraio, allora, era il mese in cui volgeva al termine il campionato di hockey e si iniziava ad intravedere all&#8217;orizzonte una nuova primavera che poi sarebbe ritornata ad essere illusione lontana. Le avrebbe annunciate Bernacca quelle nuvole che di l\u00ec a poco avrebbero abbracciato le montagne; poi sarebbe stata ancora una volta quella grande neve promessa dai vecchi e nuovi silenzi sarebbero calati sulla valle. Ancora una volta, lass\u00f9, l&#8217;inverno a febbraio sarebbe stato ancora certezza.<\/p>\n<p>&nbsp;<\/p>\n<p>&nbsp;<\/p>\n<hr \/>\n<p>&nbsp;<\/p>\n<div class=\"column\">\n<p><img loading=\"lazy\" decoding=\"async\" class=\"aligncenter wp-image-61954 size-full\" src=\"https:\/\/www.radiopiu.net\/wordpress\/wp-content\/uploads\/2018\/09\/viabilita.jpeg\" sizes=\"auto, (max-width: 800px) 100vw, 800px\" srcset=\"https:\/\/www.radiopiu.net\/wordpress\/wp-content\/uploads\/2018\/09\/viabilita.jpeg 800w, https:\/\/www.radiopiu.net\/wordpress\/wp-content\/uploads\/2018\/09\/viabilita-300x38.jpeg 300w, https:\/\/www.radiopiu.net\/wordpress\/wp-content\/uploads\/2018\/09\/viabilita-768x96.jpeg 768w\" alt=\"\" width=\"800\" height=\"100\" \/><\/p>\n<p>&nbsp;<\/p>\n<p>&nbsp;<\/p>\n<p><strong>AGGIORNAMENTO VENETO STRADE, AGGIORNAMENTO CONTINUO H 24\u00a0<\/strong><\/p>\n<p><strong>SP1 BIS MADONNA DEL PIAVE,<\/strong>\u00a0localit\u00e0 Scalon,\u00a0dal 13 febbraio al 30 aprile\u00a0-esclusi festivi e prefestivi \u2013 senso unico alternato e possibili interruzioni fino a 15 minuti. \u00f9<\/p>\n<p><strong>SP 26 DI DIGOMAN<\/strong>\u00a0tra i Comuni di Rivamonte e Voltago,\u00a0dal 13 febbraio al 10 marzo\u00a0interdizione totale alla circolazione dalle 8 alle 17, negli altri periodi senso unico alternato regolato da semaforo.<\/p>\n<p><strong>SP3 VALLE IMPERINA<\/strong>\u00a0localit\u00e0 Gona (sopra Ponte Alto),\u00a0dal 13 febbraio al 17 marzo\u00a0senso unico alternato regolato da impianto semaforico.<\/p>\n<p><strong>SP 251 VAL DI ZOLDO E CELLINA<\/strong>\u00a0localit\u00e0 Ospitale,\u00a0dal 13 febbraio al 17 marzo\u00a0senso unico alternato, esclusi festivi e prefestivi.<\/p>\n<blockquote class=\"wp-embedded-content\" data-secret=\"NlwE4JwQH8\"><p><a href=\"https:\/\/www.radiopiu.net\/wordpress\/viabilita\/\">viabilita<\/a><\/p><\/blockquote>\n<p><iframe loading=\"lazy\" class=\"wp-embedded-content\" sandbox=\"allow-scripts\" security=\"restricted\" style=\"position: absolute; clip: rect(1px, 1px, 1px, 1px);\" title=\"&#8220;viabilita&#8221; &#8212; Radio Pi\u00f9\" src=\"https:\/\/www.radiopiu.net\/wordpress\/viabilita\/embed\/#?secret=intCtOiyCA#?secret=NlwE4JwQH8\" data-secret=\"NlwE4JwQH8\" width=\"600\" height=\"338\" frameborder=\"0\" marginwidth=\"0\" marginheight=\"0\" scrolling=\"no\"><\/iframe><\/p>\n<div>\n<div dir=\"ltr\">\n<div class=\"gmail_quote\">\n<div dir=\"ltr\">\n<div class=\"gmail_quote\"><\/div>\n<\/div>\n<\/div>\n<\/div>\n<\/div>\n<p>&nbsp;<\/p>\n<hr \/>\n<p>&nbsp;<\/p>\n<p><a class=\"dt-pswp-item\" href=\"https:\/\/www.radiopiu.net\/wordpress\/wp-content\/uploads\/2018\/09\/WhatsApp-Image-2018-09-20-at-16.04.06.jpeg\" data-dt-img-description=\"\" data-large_image_width=\"800\" data-large_image_height=\"100\"><img loading=\"lazy\" decoding=\"async\" class=\"wp-image-61378 size-full aligncenter\" src=\"https:\/\/www.radiopiu.net\/wordpress\/wp-content\/uploads\/2018\/09\/WhatsApp-Image-2018-09-20-at-16.04.06.jpeg\" alt=\"\" width=\"800\" height=\"100\" srcset=\"https:\/\/www.radiopiu.net\/wordpress\/wp-content\/uploads\/2018\/09\/WhatsApp-Image-2018-09-20-at-16.04.06.jpeg 800w, https:\/\/www.radiopiu.net\/wordpress\/wp-content\/uploads\/2018\/09\/WhatsApp-Image-2018-09-20-at-16.04.06-300x38.jpeg 300w, https:\/\/www.radiopiu.net\/wordpress\/wp-content\/uploads\/2018\/09\/WhatsApp-Image-2018-09-20-at-16.04.06-768x96.jpeg 768w\" sizes=\"auto, (max-width: 800px) 100vw, 800px\" \/><\/a><\/p>\n<p>&nbsp;<\/p>\n<p><center><\/center><center><b>OGGI<\/b><\/center><b>Tempo atteso: <\/b>Ancora tempo stabile con cielo sereno ed ottima visibilit\u00e0 ovunque e particolarmente mite per il periodo, specie in quota e nelle valli soprattutto nelle ore diurne.<br \/>\n<b>Precipitazioni: <\/b>Assenti (0%).<br \/>\n<b>Temperature: <\/b>Ancora in generale aumento, specie le massime, mentre le minime nei fondovalle e nelle conche prealpine non subiranno particolari variazioni, con significativa inversione termica nelle ore fredde; valori anche ben superiori alla norma.<\/p>\n<hr \/>\n<p><center><b>DOMANI<\/b><\/center><b>Tempo atteso: <\/b>Tempo sempre stabile e soleggiato con contesto termico ancora molto mite, specie in quota e nelle aree assolate.<br \/>\n<b>Precipitazioni: <\/b>Assenti (0%).<br \/>\n<b>Temperature: <\/b>In prevalenza senza notevoli variazioni, salvo qualche leggero calo con valori che si manterranno ben superiori alle medie del periodo. Persistenza dell&#8217;inversione termica nelle valli nelle ore fredde.<\/p>\n<hr \/>\n<p><center><b>GIOVEDI<\/b><\/center>Tempo sempre ancora stabile e asciutto ma meno soleggiato dei giorni precedenti, sia per il passaggio di nubi alte che per qualche possibile nube bassa sulle Prealpi nelle ore fredde. Contesto termico diurno meno mite, con lieve o contenuto calo soprattutto delle temperature massime, ma ancora su valori superiori alle medie del periodo a tutte le quote; persistenza di una moderata inversione termica nelle ore fredde.<\/p>\n<hr \/>\n<p><center><b>VENERDI<\/b><\/center>Tempo ancora stabile ma parzialmente soleggiato soprattutto sulle Prealpi, con cielo generalmente nuvoloso per nubi alte nelle ore diurne e per nubi basse in molte valli nelle ore fredde in lento dissolvimento specie nelle basse conche durante la giornata. Sulle Dolomiti, invece, un po&#8217; pi\u00f9 soleggiato con cielo generalmente poco a tratti parzialmente nuvoloso per nubi alte o per nubi basse in alcune valli nelle ore fredde. Temperature in contenuta diminuzione, specie le massime.<\/p>\n<p>&nbsp;<\/p>\n<div>\n<hr \/>\n<\/div>\n<p>&nbsp;<\/p>\n<p>&nbsp;<\/p>\n<p><a class=\"dt-pswp-item\" href=\"https:\/\/www.radiopiu.net\/wordpress\/wp-content\/uploads\/2018\/09\/sport.jpg\" data-dt-img-description=\"\" data-large_image_width=\"800\" data-large_image_height=\"100\"><img loading=\"lazy\" decoding=\"async\" class=\"aligncenter wp-image-60761 size-full\" src=\"https:\/\/www.radiopiu.net\/wordpress\/wp-content\/uploads\/2018\/09\/sport.jpg\" alt=\"\" width=\"800\" height=\"100\" srcset=\"https:\/\/www.radiopiu.net\/wordpress\/wp-content\/uploads\/2018\/09\/sport.jpg 800w, https:\/\/www.radiopiu.net\/wordpress\/wp-content\/uploads\/2018\/09\/sport-300x38.jpg 300w, https:\/\/www.radiopiu.net\/wordpress\/wp-content\/uploads\/2018\/09\/sport-768x96.jpg 768w\" sizes=\"auto, (max-width: 800px) 100vw, 800px\" \/><\/a><\/p>\n<p>&nbsp;<\/p>\n<p><span style=\"color: #0000ff;\"><strong>HOCKEY SU GHIACCIO<\/strong><\/span><\/p>\n<blockquote>\n<h3>SI AVVICINA LA FINE DELLA STAGIONE PER L&#8217;ALLEGHE HOCKEY<\/h3>\n<\/blockquote>\n<p><strong><a class=\"dt-pswp-item\" href=\"https:\/\/www.radiopiu.net\/wordpress\/wp-content\/uploads\/2023\/01\/hockey.jpg\" data-dt-img-description=\"\" data-large_image_width=\"1920\" data-large_image_height=\"1280\"><img loading=\"lazy\" decoding=\"async\" class=\" wp-image-315616 alignleft\" src=\"https:\/\/www.radiopiu.net\/wordpress\/wp-content\/uploads\/2023\/01\/hockey-300x200.jpg\" alt=\"\" width=\"173\" height=\"115\" srcset=\"https:\/\/www.radiopiu.net\/wordpress\/wp-content\/uploads\/2023\/01\/hockey-300x200.jpg 300w, https:\/\/www.radiopiu.net\/wordpress\/wp-content\/uploads\/2023\/01\/hockey-1024x683.jpg 1024w, https:\/\/www.radiopiu.net\/wordpress\/wp-content\/uploads\/2023\/01\/hockey-768x512.jpg 768w, https:\/\/www.radiopiu.net\/wordpress\/wp-content\/uploads\/2023\/01\/hockey-1536x1024.jpg 1536w, https:\/\/www.radiopiu.net\/wordpress\/wp-content\/uploads\/2023\/01\/hockey.jpg 1920w\" sizes=\"auto, (max-width: 173px) 100vw, 173px\" \/><\/a>di Marco Gaz<\/strong><\/p>\n<p><strong>REDAZIONE<\/strong> La penultima trasferta della stagione per l&#8217;Alleghe Hockey si \u00e8 conclusa con la vittoria del Bressanone per 11 a 1. Per la prima volta in campionato le civette tornano a casa avendo subito gol in doppia cifra. Un segnale che la squadra alleghese ha tirato i remi in barca dopo aver capito che non ha pi\u00f9 nulla da chiedere a questa stagione. In questo momento vincere o perdere non ha nessun significato per l&#8217;Alleghe che chiuder\u00e0 la stagione all&#8217;ultimo posto della classifica dopo una stagione in cui la squadra allenata da Fontana non ha saputo essere all&#8217;altezza delle loro avversarie. Questo anche perch\u00e9 i biancorossi hanno dovuto ricorrere ai ripari fin da subito, costretti a fare allenamenti e partite fuori casa a causa della chiusura dello stadio di Alleghe. Poi la dea bendata non \u00e8 stata dalla parte delle civette nella prima fase dove gli agordini hanno fatto vedere un buon hockey ma senza avere i risultati sperati. Ora mancano due partite alla fine della stagione, dal 25 febbraio si penser\u00e0 a costruire un nuovo gruppo per il prossimo campionato.<\/p>\n<p>&nbsp;<\/p>\n<hr \/>\n<p>&nbsp;<\/p>\n<p><span style=\"color: #0000ff;\"><strong>SCI NORDICO<\/strong><\/span><\/p>\n<blockquote>\n<h3>UN OTTIMO SESTO POSTO PER LORENZO IN REPUBBLICA CECA<\/h3>\n<\/blockquote>\n<p><strong>REDAZIONE<\/strong> Sesto posto per Lorenzo Busin in\u00a0 in Repubblica Ceca alla Jizerska 50, ovvero la la pi\u00f9 famosa Granfondo Ceca. Domenica l&#8217;atleta portacolori agordino\u00a0 ha partecipato alla sprint: la &#8220;Orlen Benzina Sprint&#8221;,\u00a0 con i\u00a0 big della Ski classics e non solo.<\/p>\n<p><a class=\"dt-pswp-item\" href=\"https:\/\/www.radiopiu.net\/wordpress\/wp-content\/uploads\/2023\/02\/330087042_1340327403195526_8610525281939440802_n.jpg\" data-dt-img-description=\"Image shot by Jakub Nedbal - sport and lifestyle advertising photographer based in Prague, Czech Republic.\" data-large_image_width=\"1080\" data-large_image_height=\"720\"><img loading=\"lazy\" decoding=\"async\" class=\"size-medium wp-image-322042\" src=\"https:\/\/www.radiopiu.net\/wordpress\/wp-content\/uploads\/2023\/02\/330087042_1340327403195526_8610525281939440802_n-300x200.jpg\" alt=\"\" width=\"300\" height=\"200\" srcset=\"https:\/\/www.radiopiu.net\/wordpress\/wp-content\/uploads\/2023\/02\/330087042_1340327403195526_8610525281939440802_n-300x200.jpg 300w, https:\/\/www.radiopiu.net\/wordpress\/wp-content\/uploads\/2023\/02\/330087042_1340327403195526_8610525281939440802_n-1024x683.jpg 1024w, https:\/\/www.radiopiu.net\/wordpress\/wp-content\/uploads\/2023\/02\/330087042_1340327403195526_8610525281939440802_n-768x512.jpg 768w, https:\/\/www.radiopiu.net\/wordpress\/wp-content\/uploads\/2023\/02\/330087042_1340327403195526_8610525281939440802_n.jpg 1080w\" sizes=\"auto, (max-width: 300px) 100vw, 300px\" \/><\/a><\/p>\n<p>&nbsp;<\/p>\n<hr \/>\n<p>&nbsp;<\/p>\n<p><span style=\"color: #0000ff;\"><strong>PALLAVOLO<\/strong><\/span><\/p>\n<blockquote>\n<h3>PER GRAZIANI LA VITTORIA DI DOMENICA E&#8217; ANCHE MERITO DEL PUBBLICO<\/h3>\n<\/blockquote>\n<p><strong><a class=\"dt-pswp-item\" href=\"https:\/\/www.radiopiu.net\/wordpress\/wp-content\/uploads\/2023\/02\/Graziani_decisivo_contro_Pineto.jpg\" data-dt-img-description=\"\" data-large_image_width=\"1252\" data-large_image_height=\"1280\"><img loading=\"lazy\" decoding=\"async\" class=\" wp-image-321938 alignleft\" src=\"https:\/\/www.radiopiu.net\/wordpress\/wp-content\/uploads\/2023\/02\/Graziani_decisivo_contro_Pineto-293x300.jpg\" alt=\"\" width=\"138\" height=\"141\" srcset=\"https:\/\/www.radiopiu.net\/wordpress\/wp-content\/uploads\/2023\/02\/Graziani_decisivo_contro_Pineto-293x300.jpg 293w, https:\/\/www.radiopiu.net\/wordpress\/wp-content\/uploads\/2023\/02\/Graziani_decisivo_contro_Pineto-1002x1024.jpg 1002w, https:\/\/www.radiopiu.net\/wordpress\/wp-content\/uploads\/2023\/02\/Graziani_decisivo_contro_Pineto-768x785.jpg 768w, https:\/\/www.radiopiu.net\/wordpress\/wp-content\/uploads\/2023\/02\/Graziani_decisivo_contro_Pineto.jpg 1252w\" sizes=\"auto, (max-width: 138px) 100vw, 138px\" \/><\/a>BELLUNO <\/strong>La Pallavolo Maschile Belluno e i suoi tifosi: un\u2019anima sola. Un legame speciale. Un\u2019alchimia magica. S\u00ec, magica. Come la serata di domenica, in una Spes Arena in visibilio per i suoi rinoceronti, capaci di superare una delle compagini pi\u00f9 forti e attrezzate dell\u2019intero campionato di Serie A3 Credem Banca: l\u2019Abba Pineto, vice capolista del girone bianco.<span class=\"gmail-Apple-converted-space\"> \u00a0<\/span>Alessandro Graziani e compagni sono risaliti dallo svantaggio di 2-1 nel conto dei set, hanno annullato un match-ball. E dominato un tie-break di chiara matrice dolomitica: \u00abNon \u00e8 una frase retorica, n\u00e9 una sviolinata fine a se stessa \u2013 afferma proprio Graziani -. Ma, per l\u2019esperienza che ho, se abbiamo conquistato questa gara \u00e8 merito del pubblico. Noi siamo sempre rimasti mentalmente in partita, mentre la nostra gente ci ha dato una spinta fondamentale e contribuito al nervosismo degli avversari\u00bb.<span class=\"gmail-Apple-converted-space\">\u00a0<\/span><\/p>\n<p>&nbsp;<\/p>\n<p>&nbsp;<\/p>\n<hr \/>\n<p>&nbsp;<\/p>\n<p><span style=\"color: #0000ff;\"><strong>RIDOLE A COPPIE<\/strong><\/span><\/p>\n<blockquote>\n<h3>ERWIN LAZZARINI E ANDREA SOPPELSA VINCONO LA GARA DI RIDOLE A COPPIE DI COLMEAN<\/h3>\n<\/blockquote>\n<p>di GIANNI SANTOMASO<\/p>\n<audio class=\"wp-audio-shortcode\" id=\"audio-321856-20\" preload=\"none\" style=\"width: 100%;\" controls=\"controls\"><source type=\"audio\/mpeg\" src=\"https:\/\/www.radiopiu.net\/wordpress\/wp-content\/uploads\/2023\/02\/GIANNI-RIDOLE.mp3?_=20\" \/><a href=\"https:\/\/www.radiopiu.net\/wordpress\/wp-content\/uploads\/2023\/02\/GIANNI-RIDOLE.mp3\">https:\/\/www.radiopiu.net\/wordpress\/wp-content\/uploads\/2023\/02\/GIANNI-RIDOLE.mp3<\/a><\/audio>\n<p>&nbsp;<\/p>\n<p>&nbsp;<\/p>\n<p><strong>CANALE D&#8217;AGORDO<\/strong> E&#8217; ritornata la gara di ridole a coppie sul tracciato di Colmean. Domenica il ritorno della competizione arrivata alla 46esima edizione che ha visto Erwin Lazzarini ed Andrea Soppelsa vincere la gara maschile. Nella categoria mista la vittoria \u00e8 andata a Giuseppe Dalla Zassa e Irene Mezzacasa. Tra le donne si \u00e8 imposta la coppia formata da Giacomina Soppelsa e Tarcisia Deola. Tra i giovani invece si sono imposti Gianni Dalla Zassa e Pietro De Biasio.<\/p>\n<p><strong>PER LA CLASSIFICA <a href=\"https:\/\/www.radiopiu.net\/wordpress\/wp-content\/uploads\/2023\/02\/Classifiche-Gara-Ridole-Colmean-2023.pdf\">CLICCA QUI<\/a><\/strong><\/p>\n\n\t\t\t<style type='text\/css'>\n\t\t\t\t#gallery-9 {\n\t\t\t\t\tmargin: auto;\n\t\t\t\t}\n\t\t\t\t#gallery-9 .gallery-item {\n\t\t\t\t\tfloat: left;\n\t\t\t\t\tmargin-top: 10px;\n\t\t\t\t\ttext-align: center;\n\t\t\t\t\twidth: 25%;\n\t\t\t\t}\n\t\t\t\t#gallery-9 img {\n\t\t\t\t\tborder: 2px solid #cfcfcf;\n\t\t\t\t}\n\t\t\t\t#gallery-9 .gallery-caption {\n\t\t\t\t\tmargin-left: 0;\n\t\t\t\t}\n\t\t\t\t\/* see gallery_shortcode() in wp-includes\/media.php *\/\n\t\t\t<\/style>\n\t\t<div id='gallery-9' class='dt-gallery-container gallery galleryid-321856 gallery-columns-4 gallery-size-medium'><dl class='gallery-item'>\n\t\t\t\t<dt class='gallery-icon landscape'>\n\t\t\t\t\t<a class=\"rollover rollover-zoom dt-pswp-item\" title=\"1e028892-1a43-410a-acaf-74d2b37fcfdb\" data-dt-img-description=\"\" data-large_image_width=\"719\" data-large_image_height=\"628\"href='https:\/\/www.radiopiu.net\/wordpress\/wp-content\/uploads\/2023\/02\/1e028892-1a43-410a-acaf-74d2b37fcfdb.jpg'><img loading=\"lazy\" decoding=\"async\" width=\"300\" height=\"262\" src=\"https:\/\/www.radiopiu.net\/wordpress\/wp-content\/uploads\/2023\/02\/1e028892-1a43-410a-acaf-74d2b37fcfdb-300x262.jpg\" class=\"attachment-medium size-medium\" alt=\"\" srcset=\"https:\/\/www.radiopiu.net\/wordpress\/wp-content\/uploads\/2023\/02\/1e028892-1a43-410a-acaf-74d2b37fcfdb-300x262.jpg 300w, https:\/\/www.radiopiu.net\/wordpress\/wp-content\/uploads\/2023\/02\/1e028892-1a43-410a-acaf-74d2b37fcfdb.jpg 719w\" sizes=\"auto, (max-width: 300px) 100vw, 300px\" \/><\/a>\n\t\t\t\t<\/dt><\/dl><dl class='gallery-item'>\n\t\t\t\t<dt class='gallery-icon landscape'>\n\t\t\t\t\t<a class=\"rollover rollover-zoom dt-pswp-item\" title=\"906221cf-bb5d-4ce7-81d3-984372c2ad1e\" data-dt-img-description=\"\" data-large_image_width=\"641\" data-large_image_height=\"518\"href='https:\/\/www.radiopiu.net\/wordpress\/wp-content\/uploads\/2023\/02\/906221cf-bb5d-4ce7-81d3-984372c2ad1e.jpg'><img loading=\"lazy\" decoding=\"async\" width=\"300\" height=\"242\" src=\"https:\/\/www.radiopiu.net\/wordpress\/wp-content\/uploads\/2023\/02\/906221cf-bb5d-4ce7-81d3-984372c2ad1e-300x242.jpg\" class=\"attachment-medium size-medium\" alt=\"\" srcset=\"https:\/\/www.radiopiu.net\/wordpress\/wp-content\/uploads\/2023\/02\/906221cf-bb5d-4ce7-81d3-984372c2ad1e-300x242.jpg 300w, https:\/\/www.radiopiu.net\/wordpress\/wp-content\/uploads\/2023\/02\/906221cf-bb5d-4ce7-81d3-984372c2ad1e.jpg 641w\" sizes=\"auto, (max-width: 300px) 100vw, 300px\" \/><\/a>\n\t\t\t\t<\/dt><\/dl><dl class='gallery-item'>\n\t\t\t\t<dt class='gallery-icon landscape'>\n\t\t\t\t\t<a class=\"rollover rollover-zoom dt-pswp-item\" title=\"4271cd8d-c1d1-45fc-ba56-90c3741cdd31\" data-dt-img-description=\"\" data-large_image_width=\"876\" data-large_image_height=\"793\"href='https:\/\/www.radiopiu.net\/wordpress\/wp-content\/uploads\/2023\/02\/4271cd8d-c1d1-45fc-ba56-90c3741cdd31.jpg'><img loading=\"lazy\" decoding=\"async\" width=\"300\" height=\"272\" src=\"https:\/\/www.radiopiu.net\/wordpress\/wp-content\/uploads\/2023\/02\/4271cd8d-c1d1-45fc-ba56-90c3741cdd31-300x272.jpg\" class=\"attachment-medium size-medium\" alt=\"\" srcset=\"https:\/\/www.radiopiu.net\/wordpress\/wp-content\/uploads\/2023\/02\/4271cd8d-c1d1-45fc-ba56-90c3741cdd31-300x272.jpg 300w, https:\/\/www.radiopiu.net\/wordpress\/wp-content\/uploads\/2023\/02\/4271cd8d-c1d1-45fc-ba56-90c3741cdd31-768x695.jpg 768w, https:\/\/www.radiopiu.net\/wordpress\/wp-content\/uploads\/2023\/02\/4271cd8d-c1d1-45fc-ba56-90c3741cdd31.jpg 876w\" sizes=\"auto, (max-width: 300px) 100vw, 300px\" \/><\/a>\n\t\t\t\t<\/dt><\/dl><dl class='gallery-item'>\n\t\t\t\t<dt class='gallery-icon landscape'>\n\t\t\t\t\t<a class=\"rollover rollover-zoom dt-pswp-item\" title=\"216d03a5-3e94-42b6-8921-7a73ebec3812\" data-dt-img-description=\"\" data-large_image_width=\"2048\" data-large_image_height=\"1536\"href='https:\/\/www.radiopiu.net\/wordpress\/wp-content\/uploads\/2023\/02\/216d03a5-3e94-42b6-8921-7a73ebec3812.jpg'><img loading=\"lazy\" decoding=\"async\" width=\"300\" height=\"225\" src=\"https:\/\/www.radiopiu.net\/wordpress\/wp-content\/uploads\/2023\/02\/216d03a5-3e94-42b6-8921-7a73ebec3812-300x225.jpg\" class=\"attachment-medium size-medium\" alt=\"\" srcset=\"https:\/\/www.radiopiu.net\/wordpress\/wp-content\/uploads\/2023\/02\/216d03a5-3e94-42b6-8921-7a73ebec3812-300x225.jpg 300w, https:\/\/www.radiopiu.net\/wordpress\/wp-content\/uploads\/2023\/02\/216d03a5-3e94-42b6-8921-7a73ebec3812-1024x768.jpg 1024w, https:\/\/www.radiopiu.net\/wordpress\/wp-content\/uploads\/2023\/02\/216d03a5-3e94-42b6-8921-7a73ebec3812-768x576.jpg 768w, https:\/\/www.radiopiu.net\/wordpress\/wp-content\/uploads\/2023\/02\/216d03a5-3e94-42b6-8921-7a73ebec3812-1536x1152.jpg 1536w, https:\/\/www.radiopiu.net\/wordpress\/wp-content\/uploads\/2023\/02\/216d03a5-3e94-42b6-8921-7a73ebec3812.jpg 2048w\" sizes=\"auto, (max-width: 300px) 100vw, 300px\" \/><\/a>\n\t\t\t\t<\/dt><\/dl><br style=\"clear: both\" \/>\n\t\t\t<\/div>\n\n<p>&nbsp;<\/p>\n<p><span style=\"color: #0000ff;\"><strong>SKI ALP<\/strong><\/span><\/p>\n<blockquote>\n<h3>ALLA 2 TAPPA DEL 4 VALLI A MOENA DEPAUL FULMINA SUL FINALE DI GARA FELICETTI &#8211; 300 PARTECIPANTI AL VIA<\/h3>\n<\/blockquote>\n<p><strong>AUDIO\u00a0<\/strong><\/p>\n<p><strong>di Mirko Mezzacasa, ospite Carlo Zanon<\/strong><\/p>\n<audio class=\"wp-audio-shortcode\" id=\"audio-321856-21\" preload=\"none\" style=\"width: 100%;\" controls=\"controls\"><source type=\"audio\/mpeg\" src=\"https:\/\/www.radiopiu.net\/wordpress\/wp-content\/uploads\/2023\/02\/CARLO-ZANON-1.mp3?_=21\" \/><a href=\"https:\/\/www.radiopiu.net\/wordpress\/wp-content\/uploads\/2023\/02\/CARLO-ZANON-1.mp3\">https:\/\/www.radiopiu.net\/wordpress\/wp-content\/uploads\/2023\/02\/CARLO-ZANON-1.mp3<\/a><\/audio>\n<p>&nbsp;<\/p>\n<p>Sulle nevi della Ski Area Alpe di Lusia a Moena \u00e8 andata in scena la <strong>8\u2019 Moena Ski Alp <\/strong>organizzata per la prima volta da <strong>Bela Ladinia<\/strong>, valida come 2\u2019 prova del 24\u2019 Montura Trofeo Ski Alp 4 Valli. Ottima partecipazione con <strong>300 sci alpinisti tra agonisti ed amatori<\/strong> anche per la tappa di Moena che prevedeva un percorso di 451 metri di dislivello spalmati su circa 3 km con partenza dalla stazione a valle della cabinovia della Ski Area Alpe di Lusia \u00a0Ronchi-Valbona (1360 m) e arrivo allo Chalet Valbona (1830m) <strong>Gara vinta da Gabriele Depaul<\/strong> della As Cauriol in 21.23\u2019\u2019che ha fulminato a pochi metri dal traguardo Daniele Felicetti Team Dynafit il quale ha dovuto accontentarsi del secondo posto a soli 2 secondi di ritardo da Depaul con il tempo di 21.25\u2019\u2019, terzo Thomas Trettel A.S. Cauriol 22.11&#8243;. <strong>Al femminile vittoria di Kristel Mottin di Bela Ladinia<\/strong> in 28.03 su Heidi Dapunt di Badia Sport e Martina Rizzoli Us Dolomitica. <strong>Gara strepitosa anche per la categoria giovani nati dopo il 2005<\/strong>, il futuro di questo bel sport, giovani che stanno crescendo sempre pi\u00f9 grazie anche all\u2019impegno delle loro societ\u00e0 che incentivano la loro partecipazione al Trofeo 4 Valli e li accompagnano a queste serate sportive. <strong>Podio junior maschile<\/strong> <strong>con tripletta del team Ski Alp Skio<\/strong> <strong>1910 <\/strong>con la vittoria di <strong>Marco Colussi<\/strong> con l\u2019ottimo tempo di 25.25\u2019\u2019 (23\u2019 assoluto) secondo classificato Ceola Martino 25.46\u2019\u2019 (25\u2019assoluto) \u00a0terzo Casentini Leonardo. <strong>Junior Femminile invece doppietta del Ski Alp Valdobbiadene<\/strong> con prima classificata <strong>Bandiera Veronica<\/strong> e seconda Fusina Gloria, terza Tezzele Sofia del Ski Team Lagorai Tesino Asd. Da registrare anche <strong>la super forma degli over 50<\/strong>, <strong>Ludwig Stefan<\/strong> Ski Alp Anterivo vincitore di questa categoria con l\u2019ottimo tempo di 24.03\u2019\u2019 e decimo assoluto mentre tra le donne <strong>Dapunt Heidi <\/strong>doppia premiazione seconda classificata assoluta e prima di questa categoria. Il <strong>premio del gruppo pi\u00f9 numeroso<\/strong> composto da agonisti pi\u00f9 escursionisti \u00e8 invece rimasto in casa, vinto orgogliosamente da <strong>Bela Ladinia<\/strong>. <strong>Prossimo appuntamento venerdi 24 Febbraio a San Martino di Castrozza con il 24\u00b0 Memorial Maurizio Zagonel<\/strong>,<\/p>\n<p><strong>In allegato la classifica generale cliccando sul link di seguito si trovano tutte le classifiche di categoria <\/strong><u><a href=\"https:\/\/keepsporting.com\/...\/8--moena-ski-alp...\/standings\">https:\/\/keepsporting.com\/&#8230;\/8&#8211;moena-ski-alp&#8230;\/standings<\/a><\/u><\/p>\n<p>&nbsp;<\/p>\n\n\t\t\t<style type='text\/css'>\n\t\t\t\t#gallery-10 {\n\t\t\t\t\tmargin: auto;\n\t\t\t\t}\n\t\t\t\t#gallery-10 .gallery-item {\n\t\t\t\t\tfloat: left;\n\t\t\t\t\tmargin-top: 10px;\n\t\t\t\t\ttext-align: center;\n\t\t\t\t\twidth: 33%;\n\t\t\t\t}\n\t\t\t\t#gallery-10 img {\n\t\t\t\t\tborder: 2px solid #cfcfcf;\n\t\t\t\t}\n\t\t\t\t#gallery-10 .gallery-caption {\n\t\t\t\t\tmargin-left: 0;\n\t\t\t\t}\n\t\t\t\t\/* see gallery_shortcode() in wp-includes\/media.php *\/\n\t\t\t<\/style>\n\t\t<div id='gallery-10' class='dt-gallery-container gallery galleryid-321856 gallery-columns-3 gallery-size-thumbnail'><dl class='gallery-item'>\n\t\t\t\t<dt class='gallery-icon landscape'>\n\t\t\t\t\t<a class=\"rollover rollover-zoom dt-pswp-item\" title=\"PARTENZA_8&#039; MOENA SKI ALP\" data-dt-img-description=\"\" data-large_image_width=\"2000\" data-large_image_height=\"1500\"href='https:\/\/www.radiopiu.net\/wordpress\/wp-content\/uploads\/2023\/02\/PARTENZA_8-MOENA-SKI-ALP.jpg'><img loading=\"lazy\" decoding=\"async\" width=\"150\" height=\"150\" src=\"https:\/\/www.radiopiu.net\/wordpress\/wp-content\/uploads\/2023\/02\/PARTENZA_8-MOENA-SKI-ALP-150x150.jpg\" class=\"attachment-thumbnail size-thumbnail\" alt=\"\" aria-describedby=\"gallery-10-321961\" \/><\/a>\n\t\t\t\t<\/dt>\n\t\t\t\t\t<dd class='wp-caption-text gallery-caption' id='gallery-10-321961'>\n\t\t\t\t\tPARTENZA\n\t\t\t\t\t<\/dd><\/dl><dl class='gallery-item'>\n\t\t\t\t<dt class='gallery-icon landscape'>\n\t\t\t\t\t<a class=\"rollover rollover-zoom dt-pswp-item\" title=\"PARTENZA2 _8 MOENA SKI ALP\" data-dt-img-description=\"\" data-large_image_width=\"2000\" data-large_image_height=\"1500\"href='https:\/\/www.radiopiu.net\/wordpress\/wp-content\/uploads\/2023\/02\/PARTENZA2-_8-MOENA-SKI-ALP.jpg'><img loading=\"lazy\" decoding=\"async\" width=\"150\" height=\"150\" src=\"https:\/\/www.radiopiu.net\/wordpress\/wp-content\/uploads\/2023\/02\/PARTENZA2-_8-MOENA-SKI-ALP-150x150.jpg\" class=\"attachment-thumbnail size-thumbnail\" alt=\"\" aria-describedby=\"gallery-10-321962\" \/><\/a>\n\t\t\t\t<\/dt>\n\t\t\t\t\t<dd class='wp-caption-text gallery-caption' id='gallery-10-321962'>\n\t\t\t\t\tPARTENZA\n\t\t\t\t\t<\/dd><\/dl><dl class='gallery-item'>\n\t\t\t\t<dt class='gallery-icon portrait'>\n\t\t\t\t\t<a class=\"rollover rollover-zoom dt-pswp-item\" title=\"PODIO DONNE_MOENA SKI ALP\" data-dt-img-description=\"\" data-large_image_width=\"1536\" data-large_image_height=\"2048\"href='https:\/\/www.radiopiu.net\/wordpress\/wp-content\/uploads\/2023\/02\/PODIO-DONNE_MOENA-SKI-ALP.jpg'><img loading=\"lazy\" decoding=\"async\" width=\"150\" height=\"150\" src=\"https:\/\/www.radiopiu.net\/wordpress\/wp-content\/uploads\/2023\/02\/PODIO-DONNE_MOENA-SKI-ALP-150x150.jpg\" class=\"attachment-thumbnail size-thumbnail\" alt=\"\" aria-describedby=\"gallery-10-321965\" \/><\/a>\n\t\t\t\t<\/dt>\n\t\t\t\t\t<dd class='wp-caption-text gallery-caption' id='gallery-10-321965'>\n\t\t\t\t\tPODIO DONNE_MOENA SKI ALP\n\t\t\t\t\t<\/dd><\/dl><br style=\"clear: both\" \/><dl class='gallery-item'>\n\t\t\t\t<dt class='gallery-icon portrait'>\n\t\t\t\t\t<a class=\"rollover rollover-zoom dt-pswp-item\" title=\"PODIO JUNIOR F_MOENA SKI ALP\" data-dt-img-description=\"\" data-large_image_width=\"1536\" data-large_image_height=\"2048\"href='https:\/\/www.radiopiu.net\/wordpress\/wp-content\/uploads\/2023\/02\/PODIO-JUNIOR-F_MOENA-SKI-ALP.jpg'><img loading=\"lazy\" decoding=\"async\" width=\"150\" height=\"150\" src=\"https:\/\/www.radiopiu.net\/wordpress\/wp-content\/uploads\/2023\/02\/PODIO-JUNIOR-F_MOENA-SKI-ALP-150x150.jpg\" class=\"attachment-thumbnail size-thumbnail\" alt=\"\" aria-describedby=\"gallery-10-321966\" \/><\/a>\n\t\t\t\t<\/dt>\n\t\t\t\t\t<dd class='wp-caption-text gallery-caption' id='gallery-10-321966'>\n\t\t\t\t\tPODIO JUNIOR F_MOENA SKI ALP\n\t\t\t\t\t<\/dd><\/dl><dl class='gallery-item'>\n\t\t\t\t<dt class='gallery-icon portrait'>\n\t\t\t\t\t<a class=\"rollover rollover-zoom dt-pswp-item\" title=\"PODIO MEN_MOENA SKI ALP\" data-dt-img-description=\"\" data-large_image_width=\"1536\" data-large_image_height=\"2048\"href='https:\/\/www.radiopiu.net\/wordpress\/wp-content\/uploads\/2023\/02\/PODIO-MEN_MOENA-SKI-ALP.jpg'><img loading=\"lazy\" decoding=\"async\" width=\"150\" height=\"150\" src=\"https:\/\/www.radiopiu.net\/wordpress\/wp-content\/uploads\/2023\/02\/PODIO-MEN_MOENA-SKI-ALP-150x150.jpg\" class=\"attachment-thumbnail size-thumbnail\" alt=\"\" aria-describedby=\"gallery-10-321967\" \/><\/a>\n\t\t\t\t<\/dt>\n\t\t\t\t\t<dd class='wp-caption-text gallery-caption' id='gallery-10-321967'>\n\t\t\t\t\tPODIO MEN_MOENA SKI ALP\n\t\t\t\t\t<\/dd><\/dl>\n\t\t\t\t<br style='clear: both' \/>\n\t\t\t<\/div>\n\n<p><span style=\"color: #0000ff;\"><strong>KARATE\u00a0<\/strong><\/span><\/p>\n<blockquote>\n<h3 style=\"text-align: left;\">KARATE TEAM DOLOMITI 1970 IN GRANDE SPOLVERO IN SLOVENIA<\/h3>\n<\/blockquote>\n<p><a class=\"dt-pswp-item\" href=\"https:\/\/www.radiopiu.net\/wordpress\/wp-content\/uploads\/2023\/02\/20230212_190538-scaled.jpg\" data-dt-img-description=\"\" data-large_image_width=\"2560\" data-large_image_height=\"1547\"><img loading=\"lazy\" decoding=\"async\" class=\"size-medium wp-image-322003 alignleft\" src=\"https:\/\/www.radiopiu.net\/wordpress\/wp-content\/uploads\/2023\/02\/20230212_190538-300x181.jpg\" alt=\"\" width=\"300\" height=\"181\" srcset=\"https:\/\/www.radiopiu.net\/wordpress\/wp-content\/uploads\/2023\/02\/20230212_190538-300x181.jpg 300w, https:\/\/www.radiopiu.net\/wordpress\/wp-content\/uploads\/2023\/02\/20230212_190538-1024x619.jpg 1024w, https:\/\/www.radiopiu.net\/wordpress\/wp-content\/uploads\/2023\/02\/20230212_190538-768x464.jpg 768w, https:\/\/www.radiopiu.net\/wordpress\/wp-content\/uploads\/2023\/02\/20230212_190538-1536x928.jpg 1536w, https:\/\/www.radiopiu.net\/wordpress\/wp-content\/uploads\/2023\/02\/20230212_190538-2048x1237.jpg 2048w\" sizes=\"auto, (max-width: 300px) 100vw, 300px\" \/><\/a><strong>REDAZIONE<\/strong> Dopo la battuta di arresto al Grand Prix di Croazia di Samobor, il 21 gennaio scorso, che vide il ritorno a casa dei bellunesi senza medaglie, in una gara di elevatissimo contenuto tecnico, \u00e8 arrivata la giornata di riscossa.In Slovenia, a Velenje, l\u2019agguerrita compagine si \u00e8 presentata al 17\u00b0 International Karate Tournament con Mariachiara Masoch, Maya Pasotto ed i recenti nuovi acquisti Ioana Sirbu e Roberto Fanasca.\u00a0 Per Mariachiara Masoch\u00a0 un argento nella classe juniores a ruota Sirbu e\u00a0 Pasotto,\u00a0 entrambe bronzo Under 21 nei -68 kg. Un&#8217;altra medaglia di bronzo\u00a0 per Mariachiara,\u00a0 per la prima volta nella classe Under 21 &#8211; 50kg. Ancora buoni piazzamenti alla base del podio con un quinto posto della Pasotto ed un settimo della Sirbu nei -66 kg juniores ed un altro meritato quinto posto per Roberto Fanasca, al suo rientro alle gare dopo quattro anni di stop, in una agguerritissima classe seniores al limite degli 84 kg. Prossimo fine settimana di allenamento intenso e di elevatissimo valore tecnico per il team bellunese al Winter Camp con il maestro ucraino Denys Morozov, allenatore del club di Odessa dove sono cresciute Irina Zaretska ed Angelica Terliuga, entrambe medaglie d\u2019argento alla recente olimpiade di Tokyo<\/p>\n<p><strong>foto da destra Maya Pasott,\u00a0 Roberto Fanasca,\u00a0 Vittorio Moreno, Mariachiara Masoch e Ioana Sirbu\u00a0<\/strong><\/p>\n<p>&nbsp;<\/p>\n<p>&nbsp;<\/p>\n<p>&nbsp;<\/p>\n<\/div>\n","protected":false},"excerpt":{"rendered":"<p>RADIO PIU INFORMAZIONE il canale su TELEGRAM informazione di prima\u00a0 mano e in tempo reale. iscriviti ed aiutaci a farlo conoscere\u00a0 ISCRIVITI AL NOSTRO CANALE YOUTUBE PER SEGUIRE IN DIRETTA I PRINCIPALI PROGRAMMI DI RADIO PIU&#8217; E LE FUTURE DIRETTE IN ESTERNA. PER ISCRIVERTI CLICCA QUI E PREMI IL TASTO &#8220;Iscriviti&#8221;\u00a0 &nbsp; &nbsp; E&#8217; MORTO&hellip;<\/p>\n","protected":false},"author":4,"featured_media":322050,"comment_status":"closed","ping_status":"closed","sticky":false,"template":"","format":"standard","meta":{"_monsterinsights_skip_tracking":false,"_monsterinsights_sitenote_active":false,"_monsterinsights_sitenote_note":"","_monsterinsights_sitenote_category":0,"footnotes":""},"categories":[51,86,49],"tags":[],"class_list":["post-321856","post","type-post","status-publish","format-standard","has-post-thumbnail","hentry","category-evidenza-top","category-gr","category-news-18","category-51","category-86","category-49","description-off"],"img_url":"https:\/\/www.radiopiu.net\/wordpress\/wp-content\/uploads\/2023\/02\/AAA-1.jpg","_links":{"self":[{"href":"https:\/\/www.radiopiu.net\/wordpress\/wp-json\/wp\/v2\/posts\/321856","targetHints":{"allow":["GET"]}}],"collection":[{"href":"https:\/\/www.radiopiu.net\/wordpress\/wp-json\/wp\/v2\/posts"}],"about":[{"href":"https:\/\/www.radiopiu.net\/wordpress\/wp-json\/wp\/v2\/types\/post"}],"author":[{"embeddable":true,"href":"https:\/\/www.radiopiu.net\/wordpress\/wp-json\/wp\/v2\/users\/4"}],"replies":[{"embeddable":true,"href":"https:\/\/www.radiopiu.net\/wordpress\/wp-json\/wp\/v2\/comments?post=321856"}],"version-history":[{"count":0,"href":"https:\/\/www.radiopiu.net\/wordpress\/wp-json\/wp\/v2\/posts\/321856\/revisions"}],"wp:featuredmedia":[{"embeddable":true,"href":"https:\/\/www.radiopiu.net\/wordpress\/wp-json\/wp\/v2\/media\/322050"}],"wp:attachment":[{"href":"https:\/\/www.radiopiu.net\/wordpress\/wp-json\/wp\/v2\/media?parent=321856"}],"wp:term":[{"taxonomy":"category","embeddable":true,"href":"https:\/\/www.radiopiu.net\/wordpress\/wp-json\/wp\/v2\/categories?post=321856"},{"taxonomy":"post_tag","embeddable":true,"href":"https:\/\/www.radiopiu.net\/wordpress\/wp-json\/wp\/v2\/tags?post=321856"}],"curies":[{"name":"wp","href":"https:\/\/api.w.org\/{rel}","templated":true}]}}