{"id":321921,"date":"2023-02-13T23:59:21","date_gmt":"2023-02-13T22:59:21","guid":{"rendered":"https:\/\/www.radiopiu.net\/wordpress\/?p=321921"},"modified":"2023-02-14T05:30:35","modified_gmt":"2023-02-14T04:30:35","slug":"mauro-vedana-ha-illustrato-belluno-citta-fortezza-tra-assedi-ed-assalti","status":"publish","type":"post","link":"https:\/\/www.radiopiu.net\/wordpress\/mauro-vedana-ha-illustrato-belluno-citta-fortezza-tra-assedi-ed-assalti\/","title":{"rendered":"MAURO VEDANA HA ILLUSTRATO BELLUNO \u201cCITT\u00c0 FORTEZZA TRA ASSEDI ED ASSALTI\u201d"},"content":{"rendered":"<p><strong>di Renato Bona<\/strong><\/p>\n<p>Nel bel libro \u201cI Castelli del Bellunese\u201d, realizzato nel dicembre 1989 con Grafiche Longaronesi dalla Comunit\u00e0 Montana Bellunese e la Libreria Pilotto Editrice di Feltre, a cura di Bruno Fontana e Dario Dall\u2019Olio (architetto, docente, funzionario tecnico del Comune di Mel il primo; artista, scrittore, collaboratore di giornali ed emittenti varie il secondo), il capitolo intitolato \u201cBelluno citt\u00e0 fortezza: fra assedi e assalti\u201d fu opera dell\u2019architetto Mauro Vedana, tecnico di Commissione Beni ambientali e collaboratore dell\u2019Istituto italiano castelli. L\u2019allora assessore alla cultura della Comunit\u00e0 Montana Bellunese, Luigino Boito, concludeva il suo saluto affermando: \u201cDa questi castelli emana il fascino di antiche vicende che ci \u00e8 stato fatto rivivere nel convegno di Mel dagli illustri relatori (Luisa Alpago Novello, Enrico Perego, Mauro Vedana, Mirco Minella, Eldo Candeago \u2013 ndr.) cui, nella mia veste di assessore alla cultura mi \u00e8 gradito porgere il plauso pi\u00f9 vivo della Comunit\u00e0 montana Bellunese\u201d. E veniamo alla storia del capoluogo \u201cTra il Piave e l\u2018Ardo\u201d. In proposito Vedana ricorda che un tempo, il Piave rappresentava una cintura, una barriera naturale attorno a Belluno e non trascura di dire che la difficolt\u00e0 di costruire dei ponti ci \u00e8 nota: rimangono scritti, documenti, stampe, dipinti, che si riferiscono a ponti, per lo pi\u00f9 in legno, che mediamente non resistevano pi\u00f9 di 50 anni\u201d. A loro ricordo cita il solo arco del pi\u00f9 maestoso di essi, in pietra, quello che avrebbe dovuto collegare definitivamente le sponde del Piave, costruito nel 1841, crollato nel 1882. Il Ponte della Vittoria dal 1926 (e prima di questo un ponte a traliccio in ferro 1884-1917) sono gli unici riusciti a risolvere il problema in modo definitivo, perch\u00e9 a campata unica, senza pilastri in alveo\u201d. L\u2019altro accesso a Belluno al lato della citt\u00e0 che guarda il torrente Ardo: \u201cPur non essendoci in questo caso una enorme quantit\u00e0 d\u2019acqua, la barriera \u00e8 costituita dai dislivelli da superare\u201d. E aggiunge: \u201cIn una rappresentazione del 1608, Belluno ci appare come una penisola contornata da un enorme corso d\u2019acqua, con l\u2019Ardo che entra da nord e il Piave che lambisce la parte sud e ovest:si intravedono le mura merlate della parte nord che chiudono il triangolo formato dal nucleo storico\u201d. Quanto a Belluno \u201cPromontorio fortificato\u201d specifica che sulla linea che per Belluno costituisce il limite nord del centro storico sono allineate Porta Dojona, Porta Dante e Porta Castello (ora scomparsa). Tanto che: \u201cBelluno ha le caratteristiche di una \u2018citt\u00e0 fondata\u2019, pensata secondo le logiche della fortezza classica, in accordo con la leggenda tramandataci dagli storici locali che la vogliono fondata dai Romani\u201d. E a proposito della \u201cCitt\u00e0 fortezza\u201d specifica che la prima notizia certa sulle mura di Belluno \u00e8 riferita alla cinta costruita attorno al 980 dal vescovo Giovanni Tassina. Sul lato nord, a destra e a sinistra vi sono il \u201cCastello\u201d (quadrilatero con 4 torri) ed il \u201cDoglione\u201d. Ancora: \u201cLa torre pi\u00f9 possente di tutto il sistema difensivo \u00e8 posta sulle mura sud, \u00e8 quella di San Marco, esterna alla Porta di Rudo (o Rugo) dalla quale si scendeva a Borgo Piave per accedere al porto fluviale e quindi al ponte ed alla riva sinistra. Dopo tutta una serie di interventi, verso la fine del secolo l\u2019apparato di difesa \u201c\u00e8 stato rivisto e si presenta efficiente ed adatto a difendere la citt\u00e0 secondo le pi\u00f9 moderne tecnologie dell\u2019architettura militare del tempo\u201d. I Vedana da quindi spazio all\u2019illustrazione di un ideale percorso tra i resti che ancora si individuano, partendo dal Castello del lato nord-ovest: un quadrilatero con 4 torri angolari ed un fossato verso l\u2019esterno (solo dopo il 1620 viene aperta una porta verso Campitello, ora Piazza dei Martiri); il Torrione, con il suo grande Leone di San Marco; l\u2019angolo mura sud-ovest: ancora visibile nelle vecchie cartoline a sud della zona sovrastante il Ponte della Vittoria; Porta Rugo; Porta Dojona; il Bastione pentagonale, punta di un bastione del 1450-80 circa, al piano terra del palazzo San Marco.<\/p>\n\n\t\t\t<style type='text\/css'>\n\t\t\t\t#gallery-1 {\n\t\t\t\t\tmargin: auto;\n\t\t\t\t}\n\t\t\t\t#gallery-1 .gallery-item {\n\t\t\t\t\tfloat: left;\n\t\t\t\t\tmargin-top: 10px;\n\t\t\t\t\ttext-align: center;\n\t\t\t\t\twidth: 16%;\n\t\t\t\t}\n\t\t\t\t#gallery-1 img {\n\t\t\t\t\tborder: 2px solid #cfcfcf;\n\t\t\t\t}\n\t\t\t\t#gallery-1 .gallery-caption {\n\t\t\t\t\tmargin-left: 0;\n\t\t\t\t}\n\t\t\t\t\/* see gallery_shortcode() in wp-includes\/media.php *\/\n\t\t\t<\/style>\n\t\t<div id='gallery-1' class='dt-gallery-container gallery galleryid-321921 gallery-columns-6 gallery-size-thumbnail'><dl class='gallery-item'>\n\t\t\t\t<dt class='gallery-icon portrait'>\n\t\t\t\t\t<a class=\"rollover rollover-zoom dt-pswp-item\" title=\"330963382_1005097157122831_7138467908756650582_n\" data-dt-img-description=\"\" data-large_image_width=\"301\" data-large_image_height=\"480\"href='https:\/\/www.radiopiu.net\/wordpress\/wp-content\/uploads\/2023\/02\/330963382_1005097157122831_7138467908756650582_n.jpg'><img loading=\"lazy\" decoding=\"async\" width=\"150\" height=\"150\" src=\"https:\/\/www.radiopiu.net\/wordpress\/wp-content\/uploads\/2023\/02\/330963382_1005097157122831_7138467908756650582_n-150x150.jpg\" class=\"attachment-thumbnail size-thumbnail\" alt=\"\" \/><\/a>\n\t\t\t\t<\/dt><\/dl><dl class='gallery-item'>\n\t\t\t\t<dt class='gallery-icon portrait'>\n\t\t\t\t\t<a class=\"rollover rollover-zoom dt-pswp-item\" title=\"330665624_1353127642186219_447053707292524306_n\" data-dt-img-description=\"\" data-large_image_width=\"173\" data-large_image_height=\"204\"href='https:\/\/www.radiopiu.net\/wordpress\/wp-content\/uploads\/2023\/02\/330665624_1353127642186219_447053707292524306_n.jpg'><img loading=\"lazy\" decoding=\"async\" width=\"150\" height=\"150\" src=\"https:\/\/www.radiopiu.net\/wordpress\/wp-content\/uploads\/2023\/02\/330665624_1353127642186219_447053707292524306_n-150x150.jpg\" class=\"attachment-thumbnail size-thumbnail\" alt=\"\" \/><\/a>\n\t\t\t\t<\/dt><\/dl><dl class='gallery-item'>\n\t\t\t\t<dt class='gallery-icon landscape'>\n\t\t\t\t\t<a class=\"rollover rollover-zoom dt-pswp-item\" title=\"329441401_1444527552985498_8291699922741658546_n\" data-dt-img-description=\"\" data-large_image_width=\"490\" data-large_image_height=\"403\"href='https:\/\/www.radiopiu.net\/wordpress\/wp-content\/uploads\/2023\/02\/329441401_1444527552985498_8291699922741658546_n.jpg'><img loading=\"lazy\" decoding=\"async\" width=\"150\" height=\"150\" src=\"https:\/\/www.radiopiu.net\/wordpress\/wp-content\/uploads\/2023\/02\/329441401_1444527552985498_8291699922741658546_n-150x150.jpg\" class=\"attachment-thumbnail size-thumbnail\" alt=\"\" \/><\/a>\n\t\t\t\t<\/dt><\/dl><dl class='gallery-item'>\n\t\t\t\t<dt class='gallery-icon landscape'>\n\t\t\t\t\t<a class=\"rollover rollover-zoom dt-pswp-item\" title=\"330482655_556017986560294_2493547428245927336_n\" data-dt-img-description=\"\" data-large_image_width=\"593\" data-large_image_height=\"403\"href='https:\/\/www.radiopiu.net\/wordpress\/wp-content\/uploads\/2023\/02\/330482655_556017986560294_2493547428245927336_n.jpg'><img loading=\"lazy\" decoding=\"async\" width=\"150\" height=\"150\" src=\"https:\/\/www.radiopiu.net\/wordpress\/wp-content\/uploads\/2023\/02\/330482655_556017986560294_2493547428245927336_n-150x150.jpg\" class=\"attachment-thumbnail size-thumbnail\" alt=\"\" \/><\/a>\n\t\t\t\t<\/dt><\/dl><dl class='gallery-item'>\n\t\t\t\t<dt class='gallery-icon landscape'>\n\t\t\t\t\t<a class=\"rollover rollover-zoom dt-pswp-item\" title=\"330693962_5907883639298854_3940427312732113880_n\" data-dt-img-description=\"\" data-large_image_width=\"713\" data-large_image_height=\"403\"href='https:\/\/www.radiopiu.net\/wordpress\/wp-content\/uploads\/2023\/02\/330693962_5907883639298854_3940427312732113880_n.jpg'><img loading=\"lazy\" decoding=\"async\" width=\"150\" height=\"150\" src=\"https:\/\/www.radiopiu.net\/wordpress\/wp-content\/uploads\/2023\/02\/330693962_5907883639298854_3940427312732113880_n-150x150.jpg\" class=\"attachment-thumbnail size-thumbnail\" alt=\"\" \/><\/a>\n\t\t\t\t<\/dt><\/dl><dl class='gallery-item'>\n\t\t\t\t<dt class='gallery-icon landscape'>\n\t\t\t\t\t<a class=\"rollover rollover-zoom dt-pswp-item\" title=\"330798590_5728958537227475_8253168849114954409_n\" data-dt-img-description=\"\" data-large_image_width=\"509\" data-large_image_height=\"403\"href='https:\/\/www.radiopiu.net\/wordpress\/wp-content\/uploads\/2023\/02\/330798590_5728958537227475_8253168849114954409_n.jpg'><img loading=\"lazy\" decoding=\"async\" width=\"150\" height=\"150\" src=\"https:\/\/www.radiopiu.net\/wordpress\/wp-content\/uploads\/2023\/02\/330798590_5728958537227475_8253168849114954409_n-150x150.jpg\" class=\"attachment-thumbnail size-thumbnail\" alt=\"\" \/><\/a>\n\t\t\t\t<\/dt><\/dl><br style=\"clear: both\" \/><dl class='gallery-item'>\n\t\t\t\t<dt class='gallery-icon landscape'>\n\t\t\t\t\t<a class=\"rollover rollover-zoom dt-pswp-item\" title=\"330615801_1620352858417106_3038476287865917260_n\" data-dt-img-description=\"\" data-large_image_width=\"851\" data-large_image_height=\"400\"href='https:\/\/www.radiopiu.net\/wordpress\/wp-content\/uploads\/2023\/02\/330615801_1620352858417106_3038476287865917260_n.jpg'><img loading=\"lazy\" decoding=\"async\" width=\"150\" height=\"150\" src=\"https:\/\/www.radiopiu.net\/wordpress\/wp-content\/uploads\/2023\/02\/330615801_1620352858417106_3038476287865917260_n-150x150.jpg\" class=\"attachment-thumbnail size-thumbnail\" alt=\"\" \/><\/a>\n\t\t\t\t<\/dt><\/dl><dl class='gallery-item'>\n\t\t\t\t<dt class='gallery-icon portrait'>\n\t\t\t\t\t<a class=\"rollover rollover-zoom dt-pswp-item\" title=\"330530869_615243923944776_3104188652479232976_n\" data-dt-img-description=\"\" data-large_image_width=\"303\" data-large_image_height=\"480\"href='https:\/\/www.radiopiu.net\/wordpress\/wp-content\/uploads\/2023\/02\/330530869_615243923944776_3104188652479232976_n.jpg'><img loading=\"lazy\" decoding=\"async\" width=\"150\" height=\"150\" src=\"https:\/\/www.radiopiu.net\/wordpress\/wp-content\/uploads\/2023\/02\/330530869_615243923944776_3104188652479232976_n-150x150.jpg\" class=\"attachment-thumbnail size-thumbnail\" alt=\"\" \/><\/a>\n\t\t\t\t<\/dt><\/dl><dl class='gallery-item'>\n\t\t\t\t<dt class='gallery-icon portrait'>\n\t\t\t\t\t<a class=\"rollover rollover-zoom dt-pswp-item\" title=\"330896702_577099690720599_3606416850850182108_n\" data-dt-img-description=\"\" data-large_image_width=\"320\" data-large_image_height=\"460\"href='https:\/\/www.radiopiu.net\/wordpress\/wp-content\/uploads\/2023\/02\/330896702_577099690720599_3606416850850182108_n.jpg'><img loading=\"lazy\" decoding=\"async\" width=\"150\" height=\"150\" src=\"https:\/\/www.radiopiu.net\/wordpress\/wp-content\/uploads\/2023\/02\/330896702_577099690720599_3606416850850182108_n-150x150.jpg\" class=\"attachment-thumbnail size-thumbnail\" alt=\"\" \/><\/a>\n\t\t\t\t<\/dt><\/dl><dl class='gallery-item'>\n\t\t\t\t<dt class='gallery-icon landscape'>\n\t\t\t\t\t<a class=\"rollover rollover-zoom dt-pswp-item\" title=\"330727487_721344686323233_6000228183659066263_n\" data-dt-img-description=\"\" data-large_image_width=\"615\" data-large_image_height=\"403\"href='https:\/\/www.radiopiu.net\/wordpress\/wp-content\/uploads\/2023\/02\/330727487_721344686323233_6000228183659066263_n.jpg'><img loading=\"lazy\" decoding=\"async\" width=\"150\" height=\"150\" src=\"https:\/\/www.radiopiu.net\/wordpress\/wp-content\/uploads\/2023\/02\/330727487_721344686323233_6000228183659066263_n-150x150.jpg\" class=\"attachment-thumbnail size-thumbnail\" alt=\"\" \/><\/a>\n\t\t\t\t<\/dt><\/dl><dl class='gallery-item'>\n\t\t\t\t<dt class='gallery-icon landscape'>\n\t\t\t\t\t<a class=\"rollover rollover-zoom dt-pswp-item\" title=\"331041626_750558266226470_6267398519527600442_n\" data-dt-img-description=\"\" data-large_image_width=\"616\" data-large_image_height=\"403\"href='https:\/\/www.radiopiu.net\/wordpress\/wp-content\/uploads\/2023\/02\/331041626_750558266226470_6267398519527600442_n.jpg'><img loading=\"lazy\" decoding=\"async\" width=\"150\" height=\"150\" src=\"https:\/\/www.radiopiu.net\/wordpress\/wp-content\/uploads\/2023\/02\/331041626_750558266226470_6267398519527600442_n-150x150.jpg\" class=\"attachment-thumbnail size-thumbnail\" alt=\"\" \/><\/a>\n\t\t\t\t<\/dt><\/dl><dl class='gallery-item'>\n\t\t\t\t<dt class='gallery-icon landscape'>\n\t\t\t\t\t<a class=\"rollover rollover-zoom dt-pswp-item\" title=\"330435650_484712317015399_4942128612506995707_n\" data-dt-img-description=\"\" data-large_image_width=\"580\" data-large_image_height=\"403\"href='https:\/\/www.radiopiu.net\/wordpress\/wp-content\/uploads\/2023\/02\/330435650_484712317015399_4942128612506995707_n.jpg'><img loading=\"lazy\" decoding=\"async\" width=\"150\" height=\"150\" src=\"https:\/\/www.radiopiu.net\/wordpress\/wp-content\/uploads\/2023\/02\/330435650_484712317015399_4942128612506995707_n-150x150.jpg\" class=\"attachment-thumbnail size-thumbnail\" alt=\"\" \/><\/a>\n\t\t\t\t<\/dt><\/dl><br style=\"clear: both\" \/>\n\t\t\t<\/div>\n\n<p>&nbsp;<\/p>\n<p>NELLE FOTO (Faceboock e riproduzioni dal libro \u201cI Castelli del Bellunese\u201d): la copertina con disegno di Ornella Fiabane; Mauro Vedana; panoramica di Belluno; stampa del 1608 (Codice Pulini); lo sviluppo della cinta muraria bellunese; ricostruzione di V. Doglioni pubblicata nel 1969; documento riferito ad una controversia del 1705; vecchia cartolina di Porta Rugo; incisione di F. Monaco di Porta Dojona; 1248: assalti di Ezzelino da Romano; 1404; il Castello assalito dai veneziani; 1510: guerra cambraica: assalti veneziani.<\/p>\n","protected":false},"excerpt":{"rendered":"<p>di Renato Bona Nel bel libro \u201cI Castelli del Bellunese\u201d, realizzato nel dicembre 1989 con Grafiche Longaronesi dalla Comunit\u00e0 Montana Bellunese e la Libreria Pilotto Editrice di Feltre, a cura di Bruno Fontana e Dario Dall\u2019Olio (architetto, docente, funzionario tecnico del Comune di Mel il primo; artista, scrittore, collaboratore di giornali ed emittenti varie il&hellip;<\/p>\n","protected":false},"author":4,"featured_media":321923,"comment_status":"closed","ping_status":"closed","sticky":false,"template":"","format":"standard","meta":{"_monsterinsights_skip_tracking":false,"_monsterinsights_sitenote_active":false,"_monsterinsights_sitenote_note":"","_monsterinsights_sitenote_category":0,"footnotes":""},"categories":[104,49],"tags":[],"class_list":["post-321921","post","type-post","status-publish","format-standard","has-post-thumbnail","hentry","category-evidenza_3","category-news-18","category-104","category-49","description-off"],"img_url":"https:\/\/www.radiopiu.net\/wordpress\/wp-content\/uploads\/2023\/02\/330665624_1353127642186219_447053707292524306_n.jpg","_links":{"self":[{"href":"https:\/\/www.radiopiu.net\/wordpress\/wp-json\/wp\/v2\/posts\/321921","targetHints":{"allow":["GET"]}}],"collection":[{"href":"https:\/\/www.radiopiu.net\/wordpress\/wp-json\/wp\/v2\/posts"}],"about":[{"href":"https:\/\/www.radiopiu.net\/wordpress\/wp-json\/wp\/v2\/types\/post"}],"author":[{"embeddable":true,"href":"https:\/\/www.radiopiu.net\/wordpress\/wp-json\/wp\/v2\/users\/4"}],"replies":[{"embeddable":true,"href":"https:\/\/www.radiopiu.net\/wordpress\/wp-json\/wp\/v2\/comments?post=321921"}],"version-history":[{"count":0,"href":"https:\/\/www.radiopiu.net\/wordpress\/wp-json\/wp\/v2\/posts\/321921\/revisions"}],"wp:featuredmedia":[{"embeddable":true,"href":"https:\/\/www.radiopiu.net\/wordpress\/wp-json\/wp\/v2\/media\/321923"}],"wp:attachment":[{"href":"https:\/\/www.radiopiu.net\/wordpress\/wp-json\/wp\/v2\/media?parent=321921"}],"wp:term":[{"taxonomy":"category","embeddable":true,"href":"https:\/\/www.radiopiu.net\/wordpress\/wp-json\/wp\/v2\/categories?post=321921"},{"taxonomy":"post_tag","embeddable":true,"href":"https:\/\/www.radiopiu.net\/wordpress\/wp-json\/wp\/v2\/tags?post=321921"}],"curies":[{"name":"wp","href":"https:\/\/api.w.org\/{rel}","templated":true}]}}