{"id":321991,"date":"2023-02-13T16:13:21","date_gmt":"2023-02-13T15:13:21","guid":{"rendered":"https:\/\/www.radiopiu.net\/wordpress\/?p=321991"},"modified":"2023-02-13T16:56:48","modified_gmt":"2023-02-13T15:56:48","slug":"nel-ricordo-di-un-amico-di-fiorendo-dalla-ca","status":"publish","type":"post","link":"https:\/\/www.radiopiu.net\/wordpress\/nel-ricordo-di-un-amico-di-fiorendo-dalla-ca\/","title":{"rendered":"NEL RICORDO DI UN AMICO, di Fiorendo Dalla C\u00e0"},"content":{"rendered":"<p>L&#8217;amico Fiorendo Dalla C\u00e0, medico, giornalista e organizzatore de Le Miglia di Agordo, consegna a Radio Pi\u00f9 un messaggio di emozione e dolore nel ricordo di Giovanni Viel. Per anni Fiorendo ha avuto rapporti di grande collaborazione con Giovanni, in ambito giornalistico e in occasione dell&#8217;evento di Agordo.<\/p>\n<p>&nbsp;<\/p>\n<p><strong>LE MIGLIA&#8230; 2012<\/strong><\/p>\n<audio class=\"wp-audio-shortcode\" id=\"audio-321991-1\" preload=\"none\" style=\"width: 100%;\" controls=\"controls\"><source type=\"audio\/mpeg\" src=\"https:\/\/www.radiopiu.net\/wordpress\/wp-content\/uploads\/2023\/02\/VIEL.mp3?_=1\" \/><a href=\"https:\/\/www.radiopiu.net\/wordpress\/wp-content\/uploads\/2023\/02\/VIEL.mp3\">https:\/\/www.radiopiu.net\/wordpress\/wp-content\/uploads\/2023\/02\/VIEL.mp3<\/a><\/audio>\n<blockquote><p><a class=\"dt-pswp-item\" href=\"https:\/\/www.radiopiu.net\/wordpress\/wp-content\/uploads\/2023\/02\/PICT7396-1.jpg\" data-dt-img-description=\"KONICA MINOLTA DIGITAL CAMERA\" data-large_image_width=\"1600\" data-large_image_height=\"1200\"><img loading=\"lazy\" decoding=\"async\" class=\" wp-image-321993 alignleft\" src=\"https:\/\/www.radiopiu.net\/wordpress\/wp-content\/uploads\/2023\/02\/PICT7396-1-300x225.jpg\" alt=\"\" width=\"212\" height=\"159\" srcset=\"https:\/\/www.radiopiu.net\/wordpress\/wp-content\/uploads\/2023\/02\/PICT7396-1-300x225.jpg 300w, https:\/\/www.radiopiu.net\/wordpress\/wp-content\/uploads\/2023\/02\/PICT7396-1-1024x768.jpg 1024w, https:\/\/www.radiopiu.net\/wordpress\/wp-content\/uploads\/2023\/02\/PICT7396-1-768x576.jpg 768w, https:\/\/www.radiopiu.net\/wordpress\/wp-content\/uploads\/2023\/02\/PICT7396-1-1536x1152.jpg 1536w, https:\/\/www.radiopiu.net\/wordpress\/wp-content\/uploads\/2023\/02\/PICT7396-1.jpg 1600w\" sizes=\"auto, (max-width: 212px) 100vw, 212px\" \/><\/a><\/p>\n<p><em>Stamane ho letto\u00a0 parole laceranti. Non ho un termine diverso per definirle. Mi hanno chiuso in una morsa il cuore, mi hanno tolto il respiro, mi hanno messo sottosopra la mente. Sapevo tutto della sua lunga, silenziosa, ma sempre caparbia, instancabile sfida alla malattia, della lotta sua e delle sue straordinarie, amatissime Donatella e Cecilia, fra vittorie e sconfitte, fino all&#8217;ultima caduta. Perdo un caro, vero amico, un uomo buono, semplice, sempre disponibile, generoso, legato stretto, stretto alla sua terra e alla sua gente. Perdo il compagno di tante piacevoli lunghe chiaccherate di sport; perdo l&#8217; &#8220;enciclopedia&#8221; dello sport bellunese. Perdo un collega di giornalismo sportivo e uno scrittore &#8221; di cuore&#8221;, preparatissimo, sensibilissimo. Perdo uno &#8220;speaker&#8221; straordinario, informatissimo che sapeva impreziosire una competizione e trascinare, come pochi, il pubblico, uno &#8220;speaker&#8221; che ha amato profondamente, sostenuto e aiutato a crescere la mia &#8221; Le Miglia di Agordo&#8221;, che ha vissuto e condiviso i successi della corsa podistica internazionale per tutti i suoi 23 anni di storia. Ci sarebbero da scrivere mille cose ancora su Giovanni, ma mi fermo qui per questo scambio di parole fra amici che hanno avuto la fortuna di conoscere bene Gio&#8217;. Non riesco ad andare oltre. Ho bisogno di silenzio, di ricordare e soprattutto di stringermi, col pensiero, ai famigliari.<\/em><\/p><\/blockquote>\n<p>Fiorendo Dalla C\u00e0<\/p>\n<p>&nbsp;<\/p>\n<blockquote class=\"wp-embedded-content\" data-secret=\"4XKa9s10LE\"><p><a href=\"https:\/\/www.radiopiu.net\/wordpress\/e-morto-giovanni-viel-voce-dello-sport-raccontato\/\">E&#8217; MORTO GIOVANNI VIEL, VOCE DELLO SPORT RACCONTATO<\/a><\/p><\/blockquote>\n<p><iframe loading=\"lazy\" class=\"wp-embedded-content\" sandbox=\"allow-scripts\" security=\"restricted\" style=\"position: absolute; clip: rect(1px, 1px, 1px, 1px);\" title=\"&#8220;E&#8217; MORTO GIOVANNI VIEL, VOCE DELLO SPORT RACCONTATO&#8221; &#8212; Radio Pi\u00f9\" src=\"https:\/\/www.radiopiu.net\/wordpress\/e-morto-giovanni-viel-voce-dello-sport-raccontato\/embed\/#?secret=SEHa8rkJ6l#?secret=4XKa9s10LE\" data-secret=\"4XKa9s10LE\" width=\"600\" height=\"338\" frameborder=\"0\" marginwidth=\"0\" marginheight=\"0\" scrolling=\"no\"><\/iframe><\/p>\n<p>:::<\/p>\n","protected":false},"excerpt":{"rendered":"<p>L&#8217;amico Fiorendo Dalla C\u00e0, medico, giornalista e organizzatore de Le Miglia di Agordo, consegna a Radio Pi\u00f9 un messaggio di emozione e dolore nel ricordo di Giovanni Viel. Per anni Fiorendo ha avuto rapporti di grande collaborazione con Giovanni, in ambito giornalistico e in occasione dell&#8217;evento di Agordo. &nbsp; LE MIGLIA&#8230; 2012 Stamane ho letto\u00a0&hellip;<\/p>\n","protected":false},"author":4,"featured_media":321993,"comment_status":"closed","ping_status":"closed","sticky":false,"template":"","format":"standard","meta":{"_monsterinsights_skip_tracking":false,"_monsterinsights_sitenote_active":false,"_monsterinsights_sitenote_note":"","_monsterinsights_sitenote_category":0,"footnotes":""},"categories":[104,49],"tags":[],"class_list":["post-321991","post","type-post","status-publish","format-standard","has-post-thumbnail","hentry","category-evidenza_3","category-news-18","category-104","category-49","description-off"],"img_url":"https:\/\/www.radiopiu.net\/wordpress\/wp-content\/uploads\/2023\/02\/PICT7396-1.jpg","_links":{"self":[{"href":"https:\/\/www.radiopiu.net\/wordpress\/wp-json\/wp\/v2\/posts\/321991","targetHints":{"allow":["GET"]}}],"collection":[{"href":"https:\/\/www.radiopiu.net\/wordpress\/wp-json\/wp\/v2\/posts"}],"about":[{"href":"https:\/\/www.radiopiu.net\/wordpress\/wp-json\/wp\/v2\/types\/post"}],"author":[{"embeddable":true,"href":"https:\/\/www.radiopiu.net\/wordpress\/wp-json\/wp\/v2\/users\/4"}],"replies":[{"embeddable":true,"href":"https:\/\/www.radiopiu.net\/wordpress\/wp-json\/wp\/v2\/comments?post=321991"}],"version-history":[{"count":0,"href":"https:\/\/www.radiopiu.net\/wordpress\/wp-json\/wp\/v2\/posts\/321991\/revisions"}],"wp:featuredmedia":[{"embeddable":true,"href":"https:\/\/www.radiopiu.net\/wordpress\/wp-json\/wp\/v2\/media\/321993"}],"wp:attachment":[{"href":"https:\/\/www.radiopiu.net\/wordpress\/wp-json\/wp\/v2\/media?parent=321991"}],"wp:term":[{"taxonomy":"category","embeddable":true,"href":"https:\/\/www.radiopiu.net\/wordpress\/wp-json\/wp\/v2\/categories?post=321991"},{"taxonomy":"post_tag","embeddable":true,"href":"https:\/\/www.radiopiu.net\/wordpress\/wp-json\/wp\/v2\/tags?post=321991"}],"curies":[{"name":"wp","href":"https:\/\/api.w.org\/{rel}","templated":true}]}}