{"id":322067,"date":"2023-02-15T05:35:51","date_gmt":"2023-02-15T04:35:51","guid":{"rendered":"https:\/\/www.radiopiu.net\/wordpress\/?p=322067"},"modified":"2023-02-15T09:21:30","modified_gmt":"2023-02-15T08:21:30","slug":"giornale-radiopiu-15-febbraio-2023-direttore-mirko-mezzacasa-verso-i-40-anni-25-giugno-1983-25-giugno-2023","status":"publish","type":"post","link":"https:\/\/www.radiopiu.net\/wordpress\/giornale-radiopiu-15-febbraio-2023-direttore-mirko-mezzacasa-verso-i-40-anni-25-giugno-1983-25-giugno-2023\/","title":{"rendered":"GIORNALE RADIOPIU 15 FEBBRAIO 2023 DIRETTORE MIRKO MEZZACASA&#8230;verso i 40 anni 25 giugno 1983-25 giugno 2023"},"content":{"rendered":"<h3 class=\"kvgmc6g5 cxmmr5t8 oygrvhab hcukyx3x c1et5uql\"><span style=\"color: #0000ff;\"><strong>RADIO PIU INFORMAZIONE il canale su TELEGRAM informazione di prima\u00a0 <\/strong><strong>mano e in tempo reale. iscriviti ed aiutaci a farlo conoscere\u00a0\u00a0<\/strong><\/span><\/h3>\n<blockquote>\n<h2>STAMBECCHI A SOTTOGUDA &#8211; VIDEO &#8211;<\/h2>\n<\/blockquote>\n<p><strong>Meraviglie dall&#8217;Agordino<\/strong><\/p>\n<p><strong>ROCCA PIETORE<\/strong> La colazione dello stambecco dalle possenti corna. Video realizzato poco oltre l&#8217;abitato di Sottoguda.<\/p>\n<p><strong>VIDEO DI DANILO FERSUOCH<\/strong><\/p>\n<div style=\"width: 640px;\" class=\"wp-video\"><video class=\"wp-video-shortcode\" id=\"video-322067-1\" width=\"640\" height=\"352\" preload=\"metadata\" controls=\"controls\"><source type=\"video\/mp4\" src=\"https:\/\/www.radiopiu.net\/wordpress\/wp-content\/uploads\/2023\/02\/WhatsApp-Video-2023-02-14-at-16.34.33.mp4?_=1\" \/><a href=\"https:\/\/www.radiopiu.net\/wordpress\/wp-content\/uploads\/2023\/02\/WhatsApp-Video-2023-02-14-at-16.34.33.mp4\">https:\/\/www.radiopiu.net\/wordpress\/wp-content\/uploads\/2023\/02\/WhatsApp-Video-2023-02-14-at-16.34.33.mp4<\/a><\/video><\/div>\n<p>&nbsp;<\/p>\n<p>&nbsp;<\/p>\n<h2 style=\"text-align: left;\"><span style=\"color: #ff0000;\">ISCRIVITI AL NOSTRO CANALE YOUTUBE PER SEGUIRE IN DIRETTA I PRINCIPALI PROGRAMMI DI RADIO PIU&#8217; E LE FUTURE DIRETTE IN ESTERNA. PER ISCRIVERTI <a style=\"color: #ff0000;\" href=\"https:\/\/youtube.com\/@radiopiu1527\">CLICCA QUI<\/a> E PREMI IL TASTO &#8220;Iscriviti&#8221;\u00a0<\/span><\/h2>\n<p>&nbsp;<\/p>\n<hr \/>\n<p>&nbsp;<\/p>\n<blockquote>\n<h3><a class=\"dt-pswp-item\" href=\"https:\/\/www.radiopiu.net\/wordpress\/wp-content\/uploads\/2022\/09\/309142707_771246390814523_5693451179006834112_n.jpg\" data-dt-img-description=\"\" data-large_image_width=\"2048\" data-large_image_height=\"1212\"><img loading=\"lazy\" decoding=\"async\" class=\" wp-image-298850 alignleft\" src=\"https:\/\/www.radiopiu.net\/wordpress\/wp-content\/uploads\/2022\/09\/309142707_771246390814523_5693451179006834112_n-300x178.jpg\" alt=\"\" width=\"187\" height=\"111\" srcset=\"https:\/\/www.radiopiu.net\/wordpress\/wp-content\/uploads\/2022\/09\/309142707_771246390814523_5693451179006834112_n-300x178.jpg 300w, https:\/\/www.radiopiu.net\/wordpress\/wp-content\/uploads\/2022\/09\/309142707_771246390814523_5693451179006834112_n-1024x606.jpg 1024w, https:\/\/www.radiopiu.net\/wordpress\/wp-content\/uploads\/2022\/09\/309142707_771246390814523_5693451179006834112_n-768x455.jpg 768w, https:\/\/www.radiopiu.net\/wordpress\/wp-content\/uploads\/2022\/09\/309142707_771246390814523_5693451179006834112_n-1536x909.jpg 1536w, https:\/\/www.radiopiu.net\/wordpress\/wp-content\/uploads\/2022\/09\/309142707_771246390814523_5693451179006834112_n.jpg 2048w\" sizes=\"auto, (max-width: 187px) 100vw, 187px\" \/><\/a>FALCO A TERRA. SOSTITUZIONE DI UNA VALVOLA ANTICENDIO ALLA BASE DI PIEVE DI CADORE<\/h3>\n<\/blockquote>\n<p><strong>BELLUNO<\/strong> A\u00a0causa della necessit\u00e0 della sostituzione di una valvola all&#8217;impianto antincendio della base HEMS di Pieve di Cadore, la base \u00e8 chiusa e quindi Falco non \u00e8 operativo. Al termine dell&#8217;intervento verr\u00e0 data comunicazione della ripresa del servizio.<\/p>\n<p>&nbsp;<\/p>\n<p>&nbsp;<\/p>\n<p>&nbsp;<\/p>\n<p>&nbsp;<\/p>\n<hr \/>\n<p>&nbsp;<\/p>\n<p>&nbsp;<\/p>\n<blockquote>\n<h3><a class=\"dt-pswp-item\" href=\"https:\/\/www.radiopiu.net\/wordpress\/wp-content\/uploads\/2021\/07\/273f8743-ec07-4c22-b83f-ee6201abb7e4.jpg\" data-dt-img-description=\"\" data-large_image_width=\"528\" data-large_image_height=\"660\"><img loading=\"lazy\" decoding=\"async\" class=\"wp-image-222513 alignleft\" src=\"https:\/\/www.radiopiu.net\/wordpress\/wp-content\/uploads\/2021\/07\/273f8743-ec07-4c22-b83f-ee6201abb7e4-240x300.jpg\" alt=\"\" width=\"115\" height=\"144\" srcset=\"https:\/\/www.radiopiu.net\/wordpress\/wp-content\/uploads\/2021\/07\/273f8743-ec07-4c22-b83f-ee6201abb7e4-240x300.jpg 240w, https:\/\/www.radiopiu.net\/wordpress\/wp-content\/uploads\/2021\/07\/273f8743-ec07-4c22-b83f-ee6201abb7e4.jpg 528w\" sizes=\"auto, (max-width: 115px) 100vw, 115px\" \/><\/a>NOTTE DI FIAMME IN CADORE, VIGILI DEL FUOCO MOBILITATI <strong>\u00a0<\/strong><\/h3>\n<\/blockquote>\n<p><strong>LOZZO DI CADORE<\/strong> Ieri sera alle 20 incendio in un appartamento\u00a0 di un condominio\u00a0 di via\u00a0 Nazionale.\u00a0 Probabilmente. Le squadre\u00a0 dei vigili del fuoco sono arrivate con gli uomini del distaccamento permanente di Pieve di Cadore e i volontari di Borca e di Valle: oltre una decina di uomini. Alle 22 operazioni terminate\u00a0 con\u00a0 la bonifica dell&#8217;appartamento.<\/p>\n<p>&nbsp;<\/p>\n<p>&nbsp;<\/p>\n<hr \/>\n<p>&nbsp;<\/p>\n<p>&nbsp;<\/p>\n<div class=\"page-title-head hgroup\">\n<blockquote>\n<h3 class=\"entry-title\">CANNA FUMARIA IN FIAMME A TAIBON<\/h3>\n<\/blockquote>\n<\/div>\n<div class=\"page-title-breadcrumbs\"><strong>TAIBON<\/strong> Serata di san Valentino di fuoco per i vigili del fuoco di Agordo. Alle 21.30 di ieri sera sono intervenuti a Taibon in via Pietro Nenni per l&#8217;incendio di una canna fumaria. Sul posto, per un paio d&#8217;ore, i pompieri permanenti e volontari\u00a0 di Agordo. Nessuna conseguenza per le persone. Danni limitati alla canna fumaria.<\/div>\n<p>&nbsp;<\/p>\n<p>&nbsp;<\/p>\n<hr \/>\n<p>&nbsp;<\/p>\n<h3>ARABBA IN LOVE, ROMANTICI FODOM &#8211; FOTO &#8211;<\/h3>\n<p><strong>LIVINALLONGO<\/strong> Anche quest&#8217;anno San Valentino lascia il segno sulle neve di Arabba, gli instancabili e romantici addetti agli impianti hanno\u00a0 regalato gioia ed emozioni a tutti gli sciatori innamorati.<\/p>\n\n\t\t\t<style type='text\/css'>\n\t\t\t\t#gallery-1 {\n\t\t\t\t\tmargin: auto;\n\t\t\t\t}\n\t\t\t\t#gallery-1 .gallery-item {\n\t\t\t\t\tfloat: left;\n\t\t\t\t\tmargin-top: 10px;\n\t\t\t\t\ttext-align: center;\n\t\t\t\t\twidth: 14%;\n\t\t\t\t}\n\t\t\t\t#gallery-1 img {\n\t\t\t\t\tborder: 2px solid #cfcfcf;\n\t\t\t\t}\n\t\t\t\t#gallery-1 .gallery-caption {\n\t\t\t\t\tmargin-left: 0;\n\t\t\t\t}\n\t\t\t\t\/* see gallery_shortcode() in wp-includes\/media.php *\/\n\t\t\t<\/style>\n\t\t<div id='gallery-1' class='dt-gallery-container gallery galleryid-322067 gallery-columns-7 gallery-size-thumbnail'><dl class='gallery-item'>\n\t\t\t\t<dt class='gallery-icon landscape'>\n\t\t\t\t\t<a class=\"rollover rollover-zoom dt-pswp-item\" title=\"b22ec7d7-fb3e-4830-9ad9-aa0a5b8caf94\" data-dt-img-description=\"\" data-large_image_width=\"1601\" data-large_image_height=\"857\"href='https:\/\/www.radiopiu.net\/wordpress\/wp-content\/uploads\/2023\/02\/b22ec7d7-fb3e-4830-9ad9-aa0a5b8caf94.jpg'><img loading=\"lazy\" decoding=\"async\" width=\"150\" height=\"150\" src=\"https:\/\/www.radiopiu.net\/wordpress\/wp-content\/uploads\/2023\/02\/b22ec7d7-fb3e-4830-9ad9-aa0a5b8caf94-150x150.jpg\" class=\"attachment-thumbnail size-thumbnail\" alt=\"\" \/><\/a>\n\t\t\t\t<\/dt><\/dl><dl class='gallery-item'>\n\t\t\t\t<dt class='gallery-icon landscape'>\n\t\t\t\t\t<a class=\"rollover rollover-zoom dt-pswp-item\" title=\"3c7551ec-40d2-4c0e-89b7-7d4cc8009fcc\" data-dt-img-description=\"\" data-large_image_width=\"2048\" data-large_image_height=\"1536\"href='https:\/\/www.radiopiu.net\/wordpress\/wp-content\/uploads\/2023\/02\/3c7551ec-40d2-4c0e-89b7-7d4cc8009fcc.jpg'><img loading=\"lazy\" decoding=\"async\" width=\"150\" height=\"150\" src=\"https:\/\/www.radiopiu.net\/wordpress\/wp-content\/uploads\/2023\/02\/3c7551ec-40d2-4c0e-89b7-7d4cc8009fcc-150x150.jpg\" class=\"attachment-thumbnail size-thumbnail\" alt=\"\" \/><\/a>\n\t\t\t\t<\/dt><\/dl><dl class='gallery-item'>\n\t\t\t\t<dt class='gallery-icon landscape'>\n\t\t\t\t\t<a class=\"rollover rollover-zoom dt-pswp-item\" title=\"87abb129-40fd-4fb2-9836-c7965b062358\" data-dt-img-description=\"\" data-large_image_width=\"2048\" data-large_image_height=\"1536\"href='https:\/\/www.radiopiu.net\/wordpress\/wp-content\/uploads\/2023\/02\/87abb129-40fd-4fb2-9836-c7965b062358.jpg'><img loading=\"lazy\" decoding=\"async\" width=\"150\" height=\"150\" src=\"https:\/\/www.radiopiu.net\/wordpress\/wp-content\/uploads\/2023\/02\/87abb129-40fd-4fb2-9836-c7965b062358-150x150.jpg\" class=\"attachment-thumbnail size-thumbnail\" alt=\"\" \/><\/a>\n\t\t\t\t<\/dt><\/dl><dl class='gallery-item'>\n\t\t\t\t<dt class='gallery-icon portrait'>\n\t\t\t\t\t<a class=\"rollover rollover-zoom dt-pswp-item\" title=\"e0fed9a8-76a4-4a8b-a6fc-5df79c016917\" data-dt-img-description=\"\" data-large_image_width=\"1059\" data-large_image_height=\"1256\"href='https:\/\/www.radiopiu.net\/wordpress\/wp-content\/uploads\/2023\/02\/e0fed9a8-76a4-4a8b-a6fc-5df79c016917.jpg'><img loading=\"lazy\" decoding=\"async\" width=\"150\" height=\"150\" src=\"https:\/\/www.radiopiu.net\/wordpress\/wp-content\/uploads\/2023\/02\/e0fed9a8-76a4-4a8b-a6fc-5df79c016917-150x150.jpg\" class=\"attachment-thumbnail size-thumbnail\" alt=\"\" \/><\/a>\n\t\t\t\t<\/dt><\/dl><dl class='gallery-item'>\n\t\t\t\t<dt class='gallery-icon portrait'>\n\t\t\t\t\t<a class=\"rollover rollover-zoom dt-pswp-item\" title=\"c69cadfd-3ec6-4650-93ec-e5a50179b7bd\" data-dt-img-description=\"\" data-large_image_width=\"1536\" data-large_image_height=\"2048\"href='https:\/\/www.radiopiu.net\/wordpress\/wp-content\/uploads\/2023\/02\/c69cadfd-3ec6-4650-93ec-e5a50179b7bd.jpg'><img loading=\"lazy\" decoding=\"async\" width=\"150\" height=\"150\" src=\"https:\/\/www.radiopiu.net\/wordpress\/wp-content\/uploads\/2023\/02\/c69cadfd-3ec6-4650-93ec-e5a50179b7bd-150x150.jpg\" class=\"attachment-thumbnail size-thumbnail\" alt=\"\" \/><\/a>\n\t\t\t\t<\/dt><\/dl><dl class='gallery-item'>\n\t\t\t\t<dt class='gallery-icon portrait'>\n\t\t\t\t\t<a class=\"rollover rollover-zoom dt-pswp-item\" title=\"f6d57117-9ad9-4bdb-8d89-d45c5118766a\" data-dt-img-description=\"\" data-large_image_width=\"1710\" data-large_image_height=\"2048\"href='https:\/\/www.radiopiu.net\/wordpress\/wp-content\/uploads\/2023\/02\/f6d57117-9ad9-4bdb-8d89-d45c5118766a.jpg'><img loading=\"lazy\" decoding=\"async\" width=\"150\" height=\"150\" src=\"https:\/\/www.radiopiu.net\/wordpress\/wp-content\/uploads\/2023\/02\/f6d57117-9ad9-4bdb-8d89-d45c5118766a-150x150.jpg\" class=\"attachment-thumbnail size-thumbnail\" alt=\"\" \/><\/a>\n\t\t\t\t<\/dt><\/dl><dl class='gallery-item'>\n\t\t\t\t<dt class='gallery-icon portrait'>\n\t\t\t\t\t<a class=\"rollover rollover-zoom dt-pswp-item\" title=\"fdbebef5-0807-43b5-b6d4-574c0a4b8ae0\" data-dt-img-description=\"\" data-large_image_width=\"768\" data-large_image_height=\"1024\"href='https:\/\/www.radiopiu.net\/wordpress\/wp-content\/uploads\/2023\/02\/fdbebef5-0807-43b5-b6d4-574c0a4b8ae0.jpg'><img loading=\"lazy\" decoding=\"async\" width=\"150\" height=\"150\" src=\"https:\/\/www.radiopiu.net\/wordpress\/wp-content\/uploads\/2023\/02\/fdbebef5-0807-43b5-b6d4-574c0a4b8ae0-150x150.jpg\" class=\"attachment-thumbnail size-thumbnail\" alt=\"\" \/><\/a>\n\t\t\t\t<\/dt><\/dl><br style=\"clear: both\" \/>\n\t\t\t<\/div>\n\n<p>&nbsp;<\/p>\n<hr \/>\n<p>&nbsp;<\/p>\n<blockquote>\n<h3>RUZZOLA PER 500 METRI, RECUPERATO IL CANE LUCKY<\/h3>\n<\/blockquote>\n<p><strong><img loading=\"lazy\" decoding=\"async\" class=\"alignleft\" src=\"https:\/\/www.radiopiu.net\/wordpress\/wp-content\/uploads\/2023\/02\/Watermark_20230214_151907_686.jpg\" width=\"229\" height=\"183\" \/>CORTINA\u00a0<\/strong> Durante la salita della normale alla Tofana di Rozes assieme al suo padrone scialpinista, per rincorrere una pernice dopo essere riuscito a sfilarsi il collare con cui era legato, un cane \u00e8 ruzzolato per 500 metri tra lingue di neve e salti di roccia. Il proprietario \u00e8 sceso da lui e ha chiesto aiuto attorno alle13. Trasportata dall&#8217;elicottero dell&#8217;Air service center, convenzionata con il Soccorso alpino Dolomiti Bellunesi, una squadra del Soccorso alpino di Cortina \u00e8 stata sbarcata in prossimit\u00e0 dell&#8217;uomo di Corvara e del suo cagnolone ferito. Dopo aver approntato una barella di fortuna con uno zaino, i soccorritori hanno trasportato l&#8217;animale in salita un centinaio di metri, fino a raggiungere un adeguato punto d&#8217;imbarco. Accompagnati a valle, Lucky \u00e8 stato caricato in macchina dal suo padrone per essere subito portato dal veterinario.<\/p>\n<p>&nbsp;<\/p>\n<hr \/>\n<p>&nbsp;<\/p>\n<blockquote>\n<h3><img loading=\"lazy\" decoding=\"async\" class=\"alignleft\" src=\"https:\/\/www.radiopiu.net\/wordpress\/wp-content\/uploads\/2023\/02\/Senza-nome-30.jpg\" width=\"243\" height=\"114\" \/>LA FRANA SULLE PALE DI SAN LUCANO, IERI\u00a0 IL BIS<\/h3>\n<\/blockquote>\n<p><strong>TAIBON<\/strong> Erano le 15 ieri,\u00a0 quando dalle Pale di San Lucano si \u00e8 staccata una nuova frana, che non ha interessato strutture o la viabilit\u00e0 per la Valle. Alcuni giorni fa il primo episodio. Il frastuono e rotolare di sassi si \u00e8 sentito fino in paese, ben visibile, anche da Agordo, la nuvola di fumo.<\/p>\n<p>&nbsp;<\/p>\n<hr \/>\n<p>&nbsp;<\/p>\n<blockquote>\n<h3>ATTI VANDALICI IN VAL DI ZOLDO CONTRO PARCOMETRI E AUTO DELLA POLIZIA LOCALE<\/h3>\n<\/blockquote>\n<p><strong>VAL DI ZOLDO<\/strong><\/p>\n<p><strong>di\u00a0 DANIELE DALVIT<\/strong><\/p>\n<audio class=\"wp-audio-shortcode\" id=\"audio-322067-1\" preload=\"none\" style=\"width: 100%;\" controls=\"controls\"><source type=\"audio\/mpeg\" src=\"https:\/\/www.radiopiu.net\/wordpress\/wp-content\/uploads\/2023\/02\/DANIELE-ZOLDO.mp3?_=1\" \/><a href=\"https:\/\/www.radiopiu.net\/wordpress\/wp-content\/uploads\/2023\/02\/DANIELE-ZOLDO.mp3\">https:\/\/www.radiopiu.net\/wordpress\/wp-content\/uploads\/2023\/02\/DANIELE-ZOLDO.mp3<\/a><\/audio>\n\n\t\t\t<style type='text\/css'>\n\t\t\t\t#gallery-2 {\n\t\t\t\t\tmargin: auto;\n\t\t\t\t}\n\t\t\t\t#gallery-2 .gallery-item {\n\t\t\t\t\tfloat: left;\n\t\t\t\t\tmargin-top: 10px;\n\t\t\t\t\ttext-align: center;\n\t\t\t\t\twidth: 50%;\n\t\t\t\t}\n\t\t\t\t#gallery-2 img {\n\t\t\t\t\tborder: 2px solid #cfcfcf;\n\t\t\t\t}\n\t\t\t\t#gallery-2 .gallery-caption {\n\t\t\t\t\tmargin-left: 0;\n\t\t\t\t}\n\t\t\t\t\/* see gallery_shortcode() in wp-includes\/media.php *\/\n\t\t\t<\/style>\n\t\t<div id='gallery-2' class='dt-gallery-container gallery galleryid-322067 gallery-columns-2 gallery-size-thumbnail'><dl class='gallery-item'>\n\t\t\t\t<dt class='gallery-icon portrait'>\n\t\t\t\t\t<a class=\"rollover rollover-zoom dt-pswp-item\" title=\"331a7f7c-5ed2-4812-8f74-6d9bf7d09729\" data-dt-img-description=\"\" data-large_image_width=\"1200\" data-large_image_height=\"1600\"href='https:\/\/www.radiopiu.net\/wordpress\/wp-content\/uploads\/2023\/02\/331a7f7c-5ed2-4812-8f74-6d9bf7d09729.jpg'><img loading=\"lazy\" decoding=\"async\" width=\"150\" height=\"150\" src=\"https:\/\/www.radiopiu.net\/wordpress\/wp-content\/uploads\/2023\/02\/331a7f7c-5ed2-4812-8f74-6d9bf7d09729-150x150.jpg\" class=\"attachment-thumbnail size-thumbnail\" alt=\"\" \/><\/a>\n\t\t\t\t<\/dt><\/dl><dl class='gallery-item'>\n\t\t\t\t<dt class='gallery-icon portrait'>\n\t\t\t\t\t<a class=\"rollover rollover-zoom dt-pswp-item\" title=\"2e59cde7-3d0c-4199-b66c-59218572626f\" data-dt-img-description=\"\" data-large_image_width=\"1200\" data-large_image_height=\"1600\"href='https:\/\/www.radiopiu.net\/wordpress\/wp-content\/uploads\/2023\/02\/2e59cde7-3d0c-4199-b66c-59218572626f.jpg'><img loading=\"lazy\" decoding=\"async\" width=\"150\" height=\"150\" src=\"https:\/\/www.radiopiu.net\/wordpress\/wp-content\/uploads\/2023\/02\/2e59cde7-3d0c-4199-b66c-59218572626f-150x150.jpg\" class=\"attachment-thumbnail size-thumbnail\" alt=\"\" \/><\/a>\n\t\t\t\t<\/dt><\/dl><br style=\"clear: both\" \/>\n\t\t\t<\/div>\n\n<p>&nbsp;<\/p>\n<p>&nbsp;<\/p>\n<hr \/>\n<blockquote>\n<h3><\/h3>\n<h3>IL LUPO SULLA PORTA DI CASA, CAGNOLINO SBRANATO<\/h3>\n<\/blockquote>\n<p><strong>TAI DI CADORE<\/strong> Al lupo&#8230; al lupo. Troppo tardi, quando il residente di via Belvedere si \u00e8 accordo della presenza del predatore il suo cagnolino era ormai stato addentato&#8230; e digerito. E&#8217; stata la fine per il meticcio di piccola taglia di nome Black.\u00a0 Gironzolava a pochi metri dal padrone quando\u00a0 in mezzo agli alberi \u00e8 spuntato un lupo che lo ha attaccato.\u00a0 L&#8217;ennesimo atto di predazione registrato in Cadore.<\/p>\n<p>&nbsp;<\/p>\n<blockquote>\n<h3>IL PRECEDENTE NELL&#8217;AGORDINO A CANALE D&#8217;AGORDO LO SCORSO 13 NOVEMBRE<\/h3>\n<\/blockquote>\n<p>\u00c8 successo verso le 17.30: il piccolo volpino di Pomerania Blondi di quattro anni, si trovava a una trentina di metri dal suo proprietario\u00a0<strong>Dino Xaiz<\/strong> che in quel momento era intento a fare legna non distante da casa in giardino. Ignorando la presenza dell\u2019uomo, il lupo ha aggreddito e addentato il piccolo cane. Stringendo la preda tra i denti, il lupo si \u00e8 poi allontanato verso il bosco facendo perdere le proprie tracce<\/p>\n<hr \/>\n<p>&nbsp;<\/p>\n<blockquote>\n<h3>SACHET, FRAZIONE DA RIGENERARE. PROGETTO APPROVATO IN GIUNTA<\/h3>\n<\/blockquote>\n<p><strong><img loading=\"lazy\" decoding=\"async\" class=\"alignleft\" src=\"https:\/\/www.radiopiu.net\/wordpress\/wp-content\/uploads\/2023\/02\/e542ce86-79f5-46b4-85a1-6d1170616fb7.jpg\" width=\"164\" height=\"175\" \/>VALLADA<\/strong><\/p>\n<p><strong>GIANNI SANTOMASO<\/strong><\/p>\n<audio class=\"wp-audio-shortcode\" id=\"audio-322067-2\" preload=\"none\" style=\"width: 100%;\" controls=\"controls\"><source type=\"audio\/mpeg\" src=\"https:\/\/www.radiopiu.net\/wordpress\/wp-content\/uploads\/2023\/02\/gianni-vallada.mp3?_=2\" \/><a href=\"https:\/\/www.radiopiu.net\/wordpress\/wp-content\/uploads\/2023\/02\/gianni-vallada.mp3\">https:\/\/www.radiopiu.net\/wordpress\/wp-content\/uploads\/2023\/02\/gianni-vallada.mp3<\/a><\/audio>\n<p>&nbsp;<\/p>\n<hr \/>\n<p>&nbsp;<\/p>\n<blockquote>\n<h3>MALGA FRAMONT: PUBBLICATO IL BANDO PER L&#8217;ASSEGNAZIONE<\/h3>\n<\/blockquote>\n<pre><strong><img loading=\"lazy\" decoding=\"async\" class=\"alignleft\" src=\"https:\/\/www.radiopiu.net\/wordpress\/wp-content\/uploads\/2021\/06\/Malga-Framont-300x225-1.jpg\" width=\"184\" height=\"138\" \/>AGORDO\r\nDI GIANNI SANTOMASO\r\n<\/strong><\/pre>\n<audio class=\"wp-audio-shortcode\" id=\"audio-322067-3\" preload=\"none\" style=\"width: 100%;\" controls=\"controls\"><source type=\"audio\/mpeg\" src=\"https:\/\/www.radiopiu.net\/wordpress\/wp-content\/uploads\/2018\/06\/GIANNI-MALGA-FRAMONT.mp3?_=3\" \/><a href=\"https:\/\/www.radiopiu.net\/wordpress\/wp-content\/uploads\/2018\/06\/GIANNI-MALGA-FRAMONT.mp3\">https:\/\/www.radiopiu.net\/wordpress\/wp-content\/uploads\/2018\/06\/GIANNI-MALGA-FRAMONT.mp3<\/a><\/audio>\n<p>&nbsp;<\/p>\n<p>&nbsp;<\/p>\n<hr \/>\n<blockquote>\n<h3><\/h3>\n<h3>PROSEGUE LA TRATTATIVA SUL RINNOVO CCNL OCCHIALERIA INDUSTRIA. LE SIGLE SINDACALI FANNO IL PUNTO<\/h3>\n<\/blockquote>\n<p><strong><a class=\"dt-pswp-item\" href=\"https:\/\/www.radiopiu.net\/wordpress\/wp-content\/uploads\/2022\/09\/Fedon_-portaocchiali-in-vetro-satinato-scaled.jpg\" data-dt-img-description=\"\" data-large_image_width=\"2560\" data-large_image_height=\"1707\"><img loading=\"lazy\" decoding=\"async\" class=\" wp-image-298454 alignleft\" src=\"https:\/\/www.radiopiu.net\/wordpress\/wp-content\/uploads\/2022\/09\/Fedon_-portaocchiali-in-vetro-satinato-300x200.jpg\" alt=\"\" width=\"210\" height=\"140\" srcset=\"https:\/\/www.radiopiu.net\/wordpress\/wp-content\/uploads\/2022\/09\/Fedon_-portaocchiali-in-vetro-satinato-300x200.jpg 300w, https:\/\/www.radiopiu.net\/wordpress\/wp-content\/uploads\/2022\/09\/Fedon_-portaocchiali-in-vetro-satinato-1024x683.jpg 1024w, https:\/\/www.radiopiu.net\/wordpress\/wp-content\/uploads\/2022\/09\/Fedon_-portaocchiali-in-vetro-satinato-768x512.jpg 768w, https:\/\/www.radiopiu.net\/wordpress\/wp-content\/uploads\/2022\/09\/Fedon_-portaocchiali-in-vetro-satinato-1536x1024.jpg 1536w, https:\/\/www.radiopiu.net\/wordpress\/wp-content\/uploads\/2022\/09\/Fedon_-portaocchiali-in-vetro-satinato-2048x1365.jpg 2048w\" sizes=\"auto, (max-width: 210px) 100vw, 210px\" \/><\/a>BELLUNO<\/strong> E&#8217; proseguita nella sede di Confindustria Belluno la trattativa sul rinnovo del CCNL del settore occhialeria. Con un comunicato congiunto le sigle sindacali CGIL, CISL e UIL fanno il punto sui lavori dopo l&#8217;ultimo incontro del 9 febbraio. &#8220;<em>Le parti hanno manifestato congiuntamente la volont\u00e0 di raggiungere un accordo in tempi celeri nonostante il settore presenti note difficolt\u00e0 causate dall\u2019incertezza politica ed economica dei mercati, da una crisi energetica che viene addebitata a imprese e lavoratori e dal rialzo dei costi delle materie prime &#8211; si legge nel comunicato &#8211; Le segreterie Nazionali hanno espresso l\u2019esigenza di garantire a lavoratori e lavoratrici il recupero del potere d\u2019acquisto perso negli ultimi anni e di assicurare una corretta e adeguata conciliazione dei tempi di vita-lavoro, allontanando cos\u00ec qualsiasi richiesta di incremento dell\u2019orario di lavoro. La delegazione trattante datoriale &#8211; proseguono le sigle sindacali &#8211; esaminando le richieste contenute nella piattaforma sindacale, ha espresso aperture a richieste in tema di pari opportunit\u00e0, violenza di genere, assegnazione ruolo e operativit\u00e0 all\u2019osservatorio nazionale, partecipazione, recepimento accordo interconfederale per regolamentare lo Smart Working e di un ragionamento complessivo di revisione dell\u2019elenco delle patologie e dei mesi del periodo di comporto per la conservazione del posto di lavoro. Forti perplessit\u00e0 circa la richiesta di aumento delle ore di permesso sindacale, e respinto la richiesta di aumento delle maggiorazioni per il lavoro e straordinario. Sui progetti di formazione la controparte si \u00e8 resa disponibile a formulare una proposta che sar\u00e0 valutata dalla delegazione e trattante. Sulla richiesta di riduzione dell\u2019orario di lavoro a parit\u00e0 di salario la controparte non si \u00e8 resa disponibile ad entrare nel merito e ha respinto la richiesta di regolamentare l\u2019istituto della reperibilit\u00e0 nel contratto nazionale, delegando la materia a livello aziendale. Grande discussione si \u00e8 sviluppata attorno alla richiesta datoriale di rivedere l\u2019istituto della flessibilit\u00e0, aumentandone le ore o riducendo il numero di giorni di consultazione e attivazione dello strumento, per andare incontro alle esigenze manifestate dal mercato di celerit\u00e0 e prontezza di risposta della produzione. Le Segreterie Nazionali, consultata la delegazione trattante sindacale, composta dalle rappresentanze aziendali e dai segretari territoriali, ha respinto la richiesta, esprimendo un complessivo giudizio negativo dell\u2019utilizzo aziendale dell\u2019istituto della flessibilit\u00e0. Il mancato rispetto degli accordi stilati in tema di flessibilit\u00e0 aziendale e il conseguente aumento delle ore lavorate e non recuperate nell\u2019arco dell\u2019anno solare, non consente alla delegazione sindacale di accettare richieste di revisione peggiorativa dello strumento della flessibilit\u00e0, sia ordinaria che tempestiva &#8211; le tre sigle concludono &#8211; Alcune tematiche presenti nella piattaforma rivendicativa, quali la revisione dell\u2019inquadramento, il passaggio al livello superiore per i lavoratori inquadrati al 1 livello, l\u2019incremento della percentuale a carico delle aziende per la Previdenza Complementare Previmoda e l\u2019aumento della contribuzione al fondo di assistenza sanitaria integrativa Sanimoda, sono in attesa di approfondimenti prima di poter permettere alla delegazione trattante datoriale di esprimere un giudizio e di conseguenza prendere una posizione<\/em>&#8220;. La trattativa proseguir\u00e0 l&#8217;8 marzo prossimo.<\/p>\n<p>&nbsp;<\/p>\n<p>&nbsp;<\/p>\n<hr \/>\n<p>&nbsp;<\/p>\n<blockquote>\n<h3>PRECIPITAZIONI A VALPORE MAI COSI&#8217; SCARSE IN 15 ANNI<\/h3>\n<\/blockquote>\n<p><strong>SEREN DEL GRAPPA<\/strong> La localit\u00e0 di Valpore, alle pendici del Monte Grappa, \u00e8 notoriamente tra quelle maggiormente piovose, per distacco, e non solo in provincia di Belluno, ma in tutto il Veneto. Eppure, i dati fornirti dall\u2019Ufficio Reti e Dati Idrologici dell\u2019ARPAV di Belluno al sindaco di Seren del Grappa in questi giorni sono a dir poco in controtendenza e, visto lo storico riferito alla localit\u00e0, ancora pi\u00f9 preoccupanti.<\/p>\n<p><strong><a class=\"dt-pswp-item\" href=\"https:\/\/www.radiopiu.net\/wordpress\/wp-content\/uploads\/2023\/02\/e2e0f2c1-8de5-480e-a639-2685487b878b.jpg\" data-dt-img-description=\"\" data-large_image_width=\"1600\" data-large_image_height=\"777\"><img loading=\"lazy\" decoding=\"async\" class=\"wp-image-322101 aligncenter\" src=\"https:\/\/www.radiopiu.net\/wordpress\/wp-content\/uploads\/2023\/02\/e2e0f2c1-8de5-480e-a639-2685487b878b-300x146.jpg\" alt=\"\" width=\"522\" height=\"254\" srcset=\"https:\/\/www.radiopiu.net\/wordpress\/wp-content\/uploads\/2023\/02\/e2e0f2c1-8de5-480e-a639-2685487b878b-300x146.jpg 300w, https:\/\/www.radiopiu.net\/wordpress\/wp-content\/uploads\/2023\/02\/e2e0f2c1-8de5-480e-a639-2685487b878b-1024x497.jpg 1024w, https:\/\/www.radiopiu.net\/wordpress\/wp-content\/uploads\/2023\/02\/e2e0f2c1-8de5-480e-a639-2685487b878b-768x373.jpg 768w, https:\/\/www.radiopiu.net\/wordpress\/wp-content\/uploads\/2023\/02\/e2e0f2c1-8de5-480e-a639-2685487b878b-1536x746.jpg 1536w, https:\/\/www.radiopiu.net\/wordpress\/wp-content\/uploads\/2023\/02\/e2e0f2c1-8de5-480e-a639-2685487b878b.jpg 1600w\" sizes=\"auto, (max-width: 522px) 100vw, 522px\" \/><\/a><\/strong><\/p>\n<p><strong>\u00a0<\/strong><\/p>\n<p><strong>IL SINDACO DI SEREN DEL GRAPPA DARIO SCOPEL<\/strong><\/p>\n<p><iframe loading=\"lazy\" title=\"SCOPEL VALPORE\" width=\"1200\" height=\"675\" src=\"https:\/\/www.youtube.com\/embed\/8RQCS3d6ylw?feature=oembed\" frameborder=\"0\" allow=\"accelerometer; autoplay; clipboard-write; encrypted-media; gyroscope; picture-in-picture; web-share\" allowfullscreen><\/iframe><\/p>\n<p>&nbsp;<\/p>\n<hr \/>\n<p>&nbsp;<\/p>\n<blockquote>\n<h3>\u201cRESISTONO\u201d I CAMPANILI IN ITALIA: MENO DI 150 LE FUSIONI TRA COMUNI REALIZZATE<\/h3>\n<\/blockquote>\n<p><strong>VENEZIA <\/strong>Non siamo pi\u00f9 il Paese degli 8.000 Comuni. Dal 2001 ad oggi, in Italia, il loro numero \u00e8 sceso di 200 unit\u00e0, portando il totale a 7.901. I Comuni con meno di 5.000 abitanti sono per\u00f2 ancora 5.529 (il 70% del totale), mentre 2.005 Municipi hanno addirittura meno di 1.000 abitanti (il 25%). I piccoli Comuni si trovano soprattutto nelle aree alpine (coprono vaste zone del Nord Ovest, di Trentino Alto Adige e Friuli Venezia Giulia) ed appenniniche (in particolare tra Abruzzo e Molise), ma sono presenti anche nelle basse pianure del Nord e in molte aree di Basilicata, Calabria e Sardegna. La diminuzione del numero dei Comuni \u00e8 la conseguenza dei processi di fusione tra Municipi. Secondo i dati raccolti dalla Fondazione Think Tank Nord Est, nel nostro Paese si sono tenuti 268 referendum di fusione: poco pi\u00f9 della met\u00e0 sono stati approvati (54,5%), per un totale di 146 aggregazioni realizzate. Il numero maggiore di consultazioni riguarda la Lombardia con 61 ed una percentuale di successo del 54,1%; 48 i referendum tenutisi in Trentino Alto Adige, approvati nel 60,4% dei casi. In Toscana, Veneto ed Emilia Romagna (con rispettivamente 33, 31 e 27 consultazioni) la quota di successo \u00e8 inferiore al 50%. Ottima invece la performance del Piemonte: 27 referendum con una percentuale di approvazione dell\u201985,2%. Nel 2018 si \u00e8 registrato il maggior numero di fusioni: sono state 30 le consultazioni approvate in quell\u2019anno, contro le 27 del 2015 e le 26 del 2013. Indubbiamente, prima l\u2019introduzione e poi il rafforzamento degli incentivi statali hanno stimolato i percorsi di fusione. Tuttavia, l\u2019interesse per le aggregazioni si \u00e8 affievolito negli ultimi anni: infatti ne sono state realizzate solo 5 dal 2019 in avanti. Eppure, l\u2019inverno demografico sta colpendo in misura maggiore proprio i piccoli Comuni, sempre pi\u00f9 in difficolt\u00e0 nel garantire i servizi ai cittadini: il calo della popolazione \u00e8 destinato ad intensificarsi nei prossimi anni, mettendo quindi a rischio la sostenibilit\u00e0 di tutte le funzioni gestite a livello locale. In questa prospettiva, la fusione tra Comuni \u00e8 uno strumento che permette di superare il sottodimensionamento degli enti locali, favorendo la nascita di realt\u00e0 in grado di erogare servizi migliori, conseguendo al contempo maggiore efficienza amministrativa. Non solo: con gli incentivi concessi alle fusioni si possono realizzare investimenti e progetti per migliorare la qualit\u00e0 della vita e rendere queste aree pi\u00f9 attrattive.<\/p>\n\n\t\t\t<style type='text\/css'>\n\t\t\t\t#gallery-3 {\n\t\t\t\t\tmargin: auto;\n\t\t\t\t}\n\t\t\t\t#gallery-3 .gallery-item {\n\t\t\t\t\tfloat: left;\n\t\t\t\t\tmargin-top: 10px;\n\t\t\t\t\ttext-align: center;\n\t\t\t\t\twidth: 25%;\n\t\t\t\t}\n\t\t\t\t#gallery-3 img {\n\t\t\t\t\tborder: 2px solid #cfcfcf;\n\t\t\t\t}\n\t\t\t\t#gallery-3 .gallery-caption {\n\t\t\t\t\tmargin-left: 0;\n\t\t\t\t}\n\t\t\t\t\/* see gallery_shortcode() in wp-includes\/media.php *\/\n\t\t\t<\/style>\n\t\t<div id='gallery-3' class='dt-gallery-container gallery galleryid-322067 gallery-columns-4 gallery-size-medium'><dl class='gallery-item'>\n\t\t\t\t<dt class='gallery-icon landscape'>\n\t\t\t\t\t<a class=\"rollover rollover-zoom dt-pswp-item\" title=\"SCR-20230214-gzr\" data-dt-img-description=\"\" data-large_image_width=\"1148\" data-large_image_height=\"948\"href='https:\/\/www.radiopiu.net\/wordpress\/wp-content\/uploads\/2023\/02\/SCR-20230214-gzr.png'><img loading=\"lazy\" decoding=\"async\" width=\"300\" height=\"248\" src=\"https:\/\/www.radiopiu.net\/wordpress\/wp-content\/uploads\/2023\/02\/SCR-20230214-gzr-300x248.png\" class=\"attachment-medium size-medium\" alt=\"\" srcset=\"https:\/\/www.radiopiu.net\/wordpress\/wp-content\/uploads\/2023\/02\/SCR-20230214-gzr-300x248.png 300w, https:\/\/www.radiopiu.net\/wordpress\/wp-content\/uploads\/2023\/02\/SCR-20230214-gzr-1024x846.png 1024w, https:\/\/www.radiopiu.net\/wordpress\/wp-content\/uploads\/2023\/02\/SCR-20230214-gzr-768x634.png 768w, https:\/\/www.radiopiu.net\/wordpress\/wp-content\/uploads\/2023\/02\/SCR-20230214-gzr.png 1148w\" sizes=\"auto, (max-width: 300px) 100vw, 300px\" \/><\/a>\n\t\t\t\t<\/dt><\/dl><dl class='gallery-item'>\n\t\t\t\t<dt class='gallery-icon landscape'>\n\t\t\t\t\t<a class=\"rollover rollover-zoom dt-pswp-item\" title=\"SCR-20230214-gzz\" data-dt-img-description=\"\" data-large_image_width=\"1142\" data-large_image_height=\"1120\"href='https:\/\/www.radiopiu.net\/wordpress\/wp-content\/uploads\/2023\/02\/SCR-20230214-gzz.jpeg'><img loading=\"lazy\" decoding=\"async\" width=\"300\" height=\"294\" src=\"https:\/\/www.radiopiu.net\/wordpress\/wp-content\/uploads\/2023\/02\/SCR-20230214-gzz-300x294.jpeg\" class=\"attachment-medium size-medium\" alt=\"\" srcset=\"https:\/\/www.radiopiu.net\/wordpress\/wp-content\/uploads\/2023\/02\/SCR-20230214-gzz-300x294.jpeg 300w, https:\/\/www.radiopiu.net\/wordpress\/wp-content\/uploads\/2023\/02\/SCR-20230214-gzz-1024x1004.jpeg 1024w, https:\/\/www.radiopiu.net\/wordpress\/wp-content\/uploads\/2023\/02\/SCR-20230214-gzz-768x753.jpeg 768w, https:\/\/www.radiopiu.net\/wordpress\/wp-content\/uploads\/2023\/02\/SCR-20230214-gzz.jpeg 1142w\" sizes=\"auto, (max-width: 300px) 100vw, 300px\" \/><\/a>\n\t\t\t\t<\/dt><\/dl><dl class='gallery-item'>\n\t\t\t\t<dt class='gallery-icon landscape'>\n\t\t\t\t\t<a class=\"rollover rollover-zoom dt-pswp-item\" title=\"SCR-20230214-h07\" data-dt-img-description=\"\" data-large_image_width=\"1154\" data-large_image_height=\"1146\"href='https:\/\/www.radiopiu.net\/wordpress\/wp-content\/uploads\/2023\/02\/SCR-20230214-h07.png'><img loading=\"lazy\" decoding=\"async\" width=\"300\" height=\"298\" src=\"https:\/\/www.radiopiu.net\/wordpress\/wp-content\/uploads\/2023\/02\/SCR-20230214-h07-300x298.png\" class=\"attachment-medium size-medium\" alt=\"\" srcset=\"https:\/\/www.radiopiu.net\/wordpress\/wp-content\/uploads\/2023\/02\/SCR-20230214-h07-300x298.png 300w, https:\/\/www.radiopiu.net\/wordpress\/wp-content\/uploads\/2023\/02\/SCR-20230214-h07-1024x1017.png 1024w, https:\/\/www.radiopiu.net\/wordpress\/wp-content\/uploads\/2023\/02\/SCR-20230214-h07-150x150.png 150w, https:\/\/www.radiopiu.net\/wordpress\/wp-content\/uploads\/2023\/02\/SCR-20230214-h07-768x763.png 768w, https:\/\/www.radiopiu.net\/wordpress\/wp-content\/uploads\/2023\/02\/SCR-20230214-h07.png 1154w\" sizes=\"auto, (max-width: 300px) 100vw, 300px\" \/><\/a>\n\t\t\t\t<\/dt><\/dl><dl class='gallery-item'>\n\t\t\t\t<dt class='gallery-icon landscape'>\n\t\t\t\t\t<a class=\"rollover rollover-zoom dt-pswp-item\" title=\"SCR-20230214-h0d\" data-dt-img-description=\"\" data-large_image_width=\"1158\" data-large_image_height=\"874\"href='https:\/\/www.radiopiu.net\/wordpress\/wp-content\/uploads\/2023\/02\/SCR-20230214-h0d.png'><img loading=\"lazy\" decoding=\"async\" width=\"300\" height=\"226\" src=\"https:\/\/www.radiopiu.net\/wordpress\/wp-content\/uploads\/2023\/02\/SCR-20230214-h0d-300x226.png\" class=\"attachment-medium size-medium\" alt=\"\" srcset=\"https:\/\/www.radiopiu.net\/wordpress\/wp-content\/uploads\/2023\/02\/SCR-20230214-h0d-300x226.png 300w, https:\/\/www.radiopiu.net\/wordpress\/wp-content\/uploads\/2023\/02\/SCR-20230214-h0d-1024x773.png 1024w, https:\/\/www.radiopiu.net\/wordpress\/wp-content\/uploads\/2023\/02\/SCR-20230214-h0d-768x580.png 768w, https:\/\/www.radiopiu.net\/wordpress\/wp-content\/uploads\/2023\/02\/SCR-20230214-h0d.png 1158w\" sizes=\"auto, (max-width: 300px) 100vw, 300px\" \/><\/a>\n\t\t\t\t<\/dt><\/dl><br style=\"clear: both\" \/>\n\t\t\t<\/div>\n\n<p>&nbsp;<\/p>\n<hr \/>\n<p>&nbsp;<\/p>\n<blockquote>\n<h3>PROVINCIA BELLUNO DOLOMITI? S\u00cc, CON NOME BILINGUE ED ELETTIVA<\/h3>\n<\/blockquote>\n<p><strong><a class=\"dt-pswp-item\" href=\"https:\/\/www.radiopiu.net\/wordpress\/wp-content\/uploads\/2021\/12\/BARD.png\" data-dt-img-description=\"\" data-large_image_width=\"452\" data-large_image_height=\"448\"><img loading=\"lazy\" decoding=\"async\" class=\"wp-image-247298 alignleft\" src=\"https:\/\/www.radiopiu.net\/wordpress\/wp-content\/uploads\/2021\/12\/BARD-300x297.png\" alt=\"\" width=\"130\" height=\"129\" srcset=\"https:\/\/www.radiopiu.net\/wordpress\/wp-content\/uploads\/2021\/12\/BARD-300x297.png 300w, https:\/\/www.radiopiu.net\/wordpress\/wp-content\/uploads\/2021\/12\/BARD-150x150.png 150w, https:\/\/www.radiopiu.net\/wordpress\/wp-content\/uploads\/2021\/12\/BARD.png 452w\" sizes=\"auto, (max-width: 130px) 100vw, 130px\" \/><\/a>BELLUNO <\/strong>\u00abPer chi, come noi, ha le Dolomiti nel nome, \u00e8 chiaro che l&#8217;dea di rinominare l&#8217;ente Provincia \u201cBelluno Dolomiti\u201d sfonda una porta aperta; siamo convinti per\u00f2 che vada proposta anche nella forma bilingue in ladino, Provinzia de Belum Dolomites. Questo potrebbe essere il primo atto, non solo formale ma fortemente politico, della Provincia dopo il ritorno all&#8217;elettivit\u00e0\u00bb: cos\u00ec il presidente del movimento Belluno Autonoma Regione Dolomiti commenta l&#8217;ipotesi lanciata dall&#8217;assessore regionale Gianpaolo Bottacin di modificare il nome dell&#8217;ente di Palazzo Piloni.<\/p>\n<p><strong>ANDREA BONA, PRESIDENTE BARD<\/strong><\/p>\n<audio class=\"wp-audio-shortcode\" id=\"audio-322067-4\" preload=\"none\" style=\"width: 100%;\" controls=\"controls\"><source type=\"audio\/mpeg\" src=\"https:\/\/www.radiopiu.net\/wordpress\/wp-content\/uploads\/2023\/02\/Andrea-Bona-Presidente-Bard-Provincia-Belluno-Dolomiti.mp3?_=4\" \/><a href=\"https:\/\/www.radiopiu.net\/wordpress\/wp-content\/uploads\/2023\/02\/Andrea-Bona-Presidente-Bard-Provincia-Belluno-Dolomiti.mp3\">https:\/\/www.radiopiu.net\/wordpress\/wp-content\/uploads\/2023\/02\/Andrea-Bona-Presidente-Bard-Provincia-Belluno-Dolomiti.mp3<\/a><\/audio>\n<p>&nbsp;<\/p>\n<hr \/>\n<p>&nbsp;<\/p>\n<blockquote>\n<h3>OLIMPIADI E PARALIMPIADI 2026, DE PELLEGRIN\u00a0 &#8220;OPPORTUNITA&#8217; ENORME&#8221;<\/h3>\n<\/blockquote>\n<p><strong>BELLUNO<\/strong> \u201cLe Olimpiadi e le Paralimpiadi 2026 sono un\u2019opportunit\u00e0 enorme, una vera sfida\u201d. Sono le parole del sindaco di Belluno, Oscar De Pellegrin, in merito al grande appuntamento sportivo per il quale il Bellunese si sta preparando da anni.<\/p>\n<p><strong>IL SINDACO OSCAR DE PELLEGRIN<\/strong><\/p>\n<p><iframe loading=\"lazy\" title=\"IMG 0698\" width=\"1200\" height=\"675\" src=\"https:\/\/www.youtube.com\/embed\/E6Ahhn8o3bE?feature=oembed\" frameborder=\"0\" allow=\"accelerometer; autoplay; clipboard-write; encrypted-media; gyroscope; picture-in-picture; web-share\" allowfullscreen><\/iframe><\/p>\n<p>&nbsp;<\/p>\n<hr \/>\n<p>&nbsp;<\/p>\n<blockquote>\n<h3>CONCORSO A VALLADA<\/h3>\n<\/blockquote>\n<p><strong>DI GIANNI SANTOMASO<\/strong><\/p>\n<audio class=\"wp-audio-shortcode\" id=\"audio-322067-5\" preload=\"none\" style=\"width: 100%;\" controls=\"controls\"><source type=\"audio\/mpeg\" src=\"https:\/\/www.radiopiu.net\/wordpress\/wp-content\/uploads\/2023\/02\/GIANNI-CONCORSO-VALLADA.mp3?_=5\" \/><a href=\"https:\/\/www.radiopiu.net\/wordpress\/wp-content\/uploads\/2023\/02\/GIANNI-CONCORSO-VALLADA.mp3\">https:\/\/www.radiopiu.net\/wordpress\/wp-content\/uploads\/2023\/02\/GIANNI-CONCORSO-VALLADA.mp3<\/a><\/audio>\n<p>&nbsp;<\/p>\n<hr \/>\n<p>&nbsp;<\/p>\n<p><strong>DI TIZIANO DE COL<\/strong><\/p>\n\n\t\t\t<style type='text\/css'>\n\t\t\t\t#gallery-4 {\n\t\t\t\t\tmargin: auto;\n\t\t\t\t}\n\t\t\t\t#gallery-4 .gallery-item {\n\t\t\t\t\tfloat: left;\n\t\t\t\t\tmargin-top: 10px;\n\t\t\t\t\ttext-align: center;\n\t\t\t\t\twidth: 20%;\n\t\t\t\t}\n\t\t\t\t#gallery-4 img {\n\t\t\t\t\tborder: 2px solid #cfcfcf;\n\t\t\t\t}\n\t\t\t\t#gallery-4 .gallery-caption {\n\t\t\t\t\tmargin-left: 0;\n\t\t\t\t}\n\t\t\t\t\/* see gallery_shortcode() in wp-includes\/media.php *\/\n\t\t\t<\/style>\n\t\t<div id='gallery-4' class='dt-gallery-container gallery galleryid-322067 gallery-columns-5 gallery-size-thumbnail'><dl class='gallery-item'>\n\t\t\t\t<dt class='gallery-icon landscape'>\n\t\t\t\t\t<a class=\"rollover rollover-zoom dt-pswp-item\" title=\"50fa74bf-28b5-4ff9-9024-a7441cfd13bf\" data-dt-img-description=\"\" data-large_image_width=\"600\" data-large_image_height=\"351\"href='https:\/\/www.radiopiu.net\/wordpress\/wp-content\/uploads\/2023\/02\/50fa74bf-28b5-4ff9-9024-a7441cfd13bf.jpg'><img loading=\"lazy\" decoding=\"async\" width=\"150\" height=\"150\" src=\"https:\/\/www.radiopiu.net\/wordpress\/wp-content\/uploads\/2023\/02\/50fa74bf-28b5-4ff9-9024-a7441cfd13bf-150x150.jpg\" class=\"attachment-thumbnail size-thumbnail\" alt=\"\" \/><\/a>\n\t\t\t\t<\/dt><\/dl><dl class='gallery-item'>\n\t\t\t\t<dt class='gallery-icon landscape'>\n\t\t\t\t\t<a class=\"rollover rollover-zoom dt-pswp-item\" title=\"8c9ebcba-992e-445e-ab03-92b857e5bdd8\" data-dt-img-description=\"\" data-large_image_width=\"588\" data-large_image_height=\"349\"href='https:\/\/www.radiopiu.net\/wordpress\/wp-content\/uploads\/2023\/02\/8c9ebcba-992e-445e-ab03-92b857e5bdd8.jpg'><img loading=\"lazy\" decoding=\"async\" width=\"150\" height=\"150\" src=\"https:\/\/www.radiopiu.net\/wordpress\/wp-content\/uploads\/2023\/02\/8c9ebcba-992e-445e-ab03-92b857e5bdd8-150x150.jpg\" class=\"attachment-thumbnail size-thumbnail\" alt=\"\" \/><\/a>\n\t\t\t\t<\/dt><\/dl><dl class='gallery-item'>\n\t\t\t\t<dt class='gallery-icon landscape'>\n\t\t\t\t\t<a class=\"rollover rollover-zoom dt-pswp-item\" title=\"8405221e-4aae-41b6-8cea-9bd09fb69624\" data-dt-img-description=\"\" data-large_image_width=\"592\" data-large_image_height=\"357\"href='https:\/\/www.radiopiu.net\/wordpress\/wp-content\/uploads\/2023\/02\/8405221e-4aae-41b6-8cea-9bd09fb69624.jpg'><img loading=\"lazy\" decoding=\"async\" width=\"150\" height=\"150\" src=\"https:\/\/www.radiopiu.net\/wordpress\/wp-content\/uploads\/2023\/02\/8405221e-4aae-41b6-8cea-9bd09fb69624-150x150.jpg\" class=\"attachment-thumbnail size-thumbnail\" alt=\"\" \/><\/a>\n\t\t\t\t<\/dt><\/dl><dl class='gallery-item'>\n\t\t\t\t<dt class='gallery-icon landscape'>\n\t\t\t\t\t<a class=\"rollover rollover-zoom dt-pswp-item\" title=\"fbd479cb-e91f-45e6-a439-52a1b640dda0\" data-dt-img-description=\"\" data-large_image_width=\"606\" data-large_image_height=\"360\"href='https:\/\/www.radiopiu.net\/wordpress\/wp-content\/uploads\/2023\/02\/fbd479cb-e91f-45e6-a439-52a1b640dda0.jpg'><img loading=\"lazy\" decoding=\"async\" width=\"150\" height=\"150\" src=\"https:\/\/www.radiopiu.net\/wordpress\/wp-content\/uploads\/2023\/02\/fbd479cb-e91f-45e6-a439-52a1b640dda0-150x150.jpg\" class=\"attachment-thumbnail size-thumbnail\" alt=\"\" \/><\/a>\n\t\t\t\t<\/dt><\/dl><dl class='gallery-item'>\n\t\t\t\t<dt class='gallery-icon landscape'>\n\t\t\t\t\t<a class=\"rollover rollover-zoom dt-pswp-item\" title=\"0a9a63ba-b7a0-4c34-9e78-bde7dce99dc1\" data-dt-img-description=\"\" data-large_image_width=\"598\" data-large_image_height=\"354\"href='https:\/\/www.radiopiu.net\/wordpress\/wp-content\/uploads\/2023\/02\/0a9a63ba-b7a0-4c34-9e78-bde7dce99dc1.jpg'><img loading=\"lazy\" decoding=\"async\" width=\"150\" height=\"150\" src=\"https:\/\/www.radiopiu.net\/wordpress\/wp-content\/uploads\/2023\/02\/0a9a63ba-b7a0-4c34-9e78-bde7dce99dc1-150x150.jpg\" class=\"attachment-thumbnail size-thumbnail\" alt=\"\" \/><\/a>\n\t\t\t\t<\/dt><\/dl><br style=\"clear: both\" \/>\n\t\t\t<\/div>\n\n<p>&nbsp;<\/p>\n<hr \/>\n<p>&nbsp;<\/p>\n<p>&nbsp;<\/p>\n<blockquote class=\"wp-embedded-content\" data-secret=\"hDVhS577MJ\"><p><a href=\"https:\/\/www.radiopiu.net\/wordpress\/santa-maria-del-prato-ospedale-in-salute\/\">SANTA MARIA DEL PRATO, OSPEDALE IN SALUTE<\/a><\/p><\/blockquote>\n<p><iframe loading=\"lazy\" class=\"wp-embedded-content\" sandbox=\"allow-scripts\" security=\"restricted\" style=\"position: absolute; clip: rect(1px, 1px, 1px, 1px);\" title=\"&#8220;SANTA MARIA DEL PRATO, OSPEDALE IN SALUTE&#8221; &#8212; Radio Pi\u00f9\" src=\"https:\/\/www.radiopiu.net\/wordpress\/santa-maria-del-prato-ospedale-in-salute\/embed\/#?secret=Po2s3JwHG7#?secret=hDVhS577MJ\" data-secret=\"hDVhS577MJ\" width=\"600\" height=\"338\" frameborder=\"0\" marginwidth=\"0\" marginheight=\"0\" scrolling=\"no\"><\/iframe><\/p>\n<p>&nbsp;<\/p>\n<p>&nbsp;<\/p>\n<hr \/>\n<p>&nbsp;<\/p>\n<blockquote>\n<h3>PARTITI I LABORATORI INTERATTIVI DEL MIM BELLUNO<\/h3>\n<\/blockquote>\n<p><img loading=\"lazy\" decoding=\"async\" class=\" wp-image-322116 alignleft\" src=\"https:\/\/www.radiopiu.net\/wordpress\/wp-content\/uploads\/2023\/02\/mim_belluno_lab_interattivo-300x169.jpeg\" alt=\"\" width=\"178\" height=\"100\" srcset=\"https:\/\/www.radiopiu.net\/wordpress\/wp-content\/uploads\/2023\/02\/mim_belluno_lab_interattivo-300x169.jpeg 300w, https:\/\/www.radiopiu.net\/wordpress\/wp-content\/uploads\/2023\/02\/mim_belluno_lab_interattivo-1024x576.jpeg 1024w, https:\/\/www.radiopiu.net\/wordpress\/wp-content\/uploads\/2023\/02\/mim_belluno_lab_interattivo-768x432.jpeg 768w, https:\/\/www.radiopiu.net\/wordpress\/wp-content\/uploads\/2023\/02\/mim_belluno_lab_interattivo-1536x864.jpeg 1536w, https:\/\/www.radiopiu.net\/wordpress\/wp-content\/uploads\/2023\/02\/mim_belluno_lab_interattivo.jpeg 2016w\" sizes=\"auto, (max-width: 178px) 100vw, 178px\" \/><\/p>\n<p><strong>BELLUNO<\/strong> Sono partiti i laboratori interattivi del MiM Belluno, Museo interattivo delle Migrazioni. Una nuova offerta didattica, che il museo dell\u2019Associazione Bellunesi nel Mondo mette a disposizione di docenti e studenti con l\u2019utilizzo del proprio smartphone. A sperimentare la nuova modalit\u00e0 interattiva la classe V dell\u2019Istituto Tecnico \u201cE. Fermi\u201d di Pieve di Cadore. Luned\u00ec 13 febbraio, oltre a visitare il MiM Belluno con i suoi molteplici video dedicati alle migrazioni di ieri e di oggi, gli alunni si sono cimentati a un confronto diretto in cui hanno potuto mettere alla prova la loro conoscenza sul fenomeno migratorio.<\/p>\n<p>&nbsp;<\/p>\n<p>&nbsp;<\/p>\n<hr \/>\n<p>&nbsp;<\/p>\n<blockquote>\n<h3>A PALAZZO BEMBO LA PRESENTAZIONE DEL LIBRO \u201cSTRATEGIA E LEADERSHIP NELLA STORIA\u201d<\/h3>\n<\/blockquote>\n<p><strong>BELLUNO <\/strong>I manager del territorio vanno a lezione di storia e lo faranno oggi, a palazzo Bembo, sede dell&#8217;Hub Veneto delle Dolomiti di Luiss Business School, in un incontro di altissimo livello promosso da Confindustria Belluno Dolomiti, Federmanager Treviso-Belluno, Pwc Italia. Alle 17, infatti, \u00e8 in programma la presentazione del libro \u201cStrategia e leadership nella storia. Lezioni per i manager\u201d con gli autori Gianfranco Di Pietro e Andrea Lipparini. A introdurre l&#8217;incontro saranno Andrea Ferrazzi, direttore di Confindustria Belluno Dolomiti, Adriano De Sandre, vicepresidente Fedemanager Treviso-Belluno, e Filippo Zagagnin, PwC Italia.<\/p>\n<p>&nbsp;<\/p>\n<hr \/>\n<p>&nbsp;<\/p>\n<p>&nbsp;<\/p>\n<blockquote>\n<h3>OLIMPIADI E GRANA PADANO, ACCORDO SIGLATO<\/h3>\n<\/blockquote>\n<p><strong><img loading=\"lazy\" decoding=\"async\" class=\"alignleft\" src=\"https:\/\/www.radiopiu.net\/wordpress\/wp-content\/uploads\/2023\/02\/339d1765-afae-4ed8-aa20-fff04a6e0b54.jpg\" width=\"205\" height=\"136\" \/><\/strong><\/p>\n<p><strong>BELLUNO<\/strong><\/p>\n<p>&nbsp;<\/p>\n<p>&nbsp;<\/p>\n<p>&nbsp;<\/p>\n<p>&nbsp;<\/p>\n<p><strong>DI ROBERTO BONA<\/strong><\/p>\n<audio class=\"wp-audio-shortcode\" id=\"audio-322067-6\" preload=\"none\" style=\"width: 100%;\" controls=\"controls\"><source type=\"audio\/mpeg\" src=\"https:\/\/www.radiopiu.net\/wordpress\/wp-content\/uploads\/2023\/02\/GranaPadanoSponsorOlimpiadi.mp3?_=6\" \/><a href=\"https:\/\/www.radiopiu.net\/wordpress\/wp-content\/uploads\/2023\/02\/GranaPadanoSponsorOlimpiadi.mp3\">https:\/\/www.radiopiu.net\/wordpress\/wp-content\/uploads\/2023\/02\/GranaPadanoSponsorOlimpiadi.mp3<\/a><\/audio>\n<p>&nbsp;<\/p>\n<hr \/>\n<p>&nbsp;<\/p>\n<blockquote>\n<h2>Auser e Carabinieri, assieme contro le truffe agli anziani<\/h2>\n<\/blockquote>\n<p><strong><img loading=\"lazy\" decoding=\"async\" class=\"alignleft\" src=\"https:\/\/www.radiopiu.net\/wordpress\/wp-content\/uploads\/2023\/02\/Senza-nome-32.jpg\" width=\"298\" height=\"205\" \/>BELLUNO<\/strong> Domani alle\u00a0 15, nell\u2019Aula Magna dell\u2019Istituto Tecnico \u201cSegato\u201d di Belluno, il Presidente Provinciale di AUSER &#8211; associazione per l&#8217;autogestione dei servizi e la solidariet\u00e0 di Belluno &#8211; Eldo Candeago, e il Comandante Provinciale dei Carabinieri di Belluno, Colonnello Enrico Pigozzo, incontreranno i soci dall\u2019Auser Universit\u00e0 popolare della Terza Et\u00e0 e Tempo libero, ma anche la cittadinanza, per promuovere la campagna di sensibilizzazione contro le truffe agli anziani, lanciata lo scorso fine anno dai Carabinieri. Auser, al fine di supportare l\u2019iniziativa dell\u2019Arma, ha coinvolto tutti i suoi Circoli che si stanno proponendo anche alle Amministrazioni comunali per un supporto ed affiancamento nei confronti dell\u2019intera popolazione. Domani il primo incontro, ma altri appuntamenti sono stati calendarizzati, nei prossimi mesi: a Voltago Agordino (mercoled\u00ec 22 febbraio, col patrocinio del Comune c\/o la sala comunale \u201cGianni De Col\u201d alle ore 15.00, a cura del circolo Auser \u201cEl Broi\u201d di Agordo e del Gruppo Volontari \u201cSot l\u2019Agner\u201d), a Borgovalbelluna (venerd\u00ec 24 febbraio, alle ore 15.00, nel Palazzo delle Contesse di Mel, organizzato congiuntamente dagli Auser di Lentiai e Mel) e a seguire, nel mese di marzo e seguenti, altri incontri a Sospirolo, Quero Vas, Lamon-Sovramonte e Alpago.<\/p>\n<p>&nbsp;<\/p>\n<hr \/>\n<p>&nbsp;<\/p>\n<p>&nbsp;<\/p>\n<blockquote>\n<h3 style=\"text-align: left;\">PACE E DISARMO, MANIFESTAZIONE A BELLUNO<a class=\"dt-pswp-item\" href=\"https:\/\/www.radiopiu.net\/wordpress\/wp-content\/uploads\/2023\/02\/Senza-nome-34.jpg\" data-dt-img-description=\"\" data-large_image_width=\"214\" data-large_image_height=\"221\"><img loading=\"lazy\" decoding=\"async\" class=\"size-full wp-image-322207 alignleft\" src=\"https:\/\/www.radiopiu.net\/wordpress\/wp-content\/uploads\/2023\/02\/Senza-nome-34.jpg\" alt=\"\" width=\"214\" height=\"221\" \/><\/a><\/h3>\n<\/blockquote>\n<p><strong>BELLUNO<\/strong> Il <span dir=\"ltr\" role=\"presentation\">24 febbraio <\/span><span dir=\"ltr\" role=\"presentation\">Acli Belluno, Gruppo Emergency, Non una di meno, organizzano una mobilitazione.\u00a0 <\/span><span dir=\"ltr\" role=\"presentation\">Banchetto informativo in piazza dei Martiri, dalle 11 alle 19. <\/span><span dir=\"ltr\" role=\"presentation\">A cadenza oraria, un flash mob con azione teatrale in empatia e solidariet\u00e0 con le vittime della<\/span><br role=\"presentation\" \/><span dir=\"ltr\" role=\"presentation\">guerra. <\/span><span dir=\"ltr\" role=\"presentation\">Per informazioni: pacedisarmobelluno@gmail.com <\/span><span dir=\"ltr\" role=\"presentation\">Tel. 370 3432809. <\/span><span dir=\"ltr\" role=\"presentation\">Pagina FB Pace e Disarmo. Coordinamento Provinciale Belluno<\/span><\/p>\n<p>&nbsp;<\/p>\n<p>&nbsp;<\/p>\n<p>&nbsp;<\/p>\n<hr \/>\n<p>&nbsp;<\/p>\n<blockquote>\n<h3>L&#8217;ASSEMBLEA DEI DONATORI DEL SANGUE DI CANALE D&#8217;AGORDO<\/h3>\n<\/blockquote>\n<p><strong><a class=\"dt-pswp-item\" href=\"https:\/\/www.radiopiu.net\/wordpress\/wp-content\/uploads\/2020\/09\/DONAZIONE-SANGUE.jpg\" data-dt-img-description=\"\" data-large_image_width=\"1920\" data-large_image_height=\"1282\"><img loading=\"lazy\" decoding=\"async\" class=\" wp-image-161053 alignleft\" src=\"https:\/\/www.radiopiu.net\/wordpress\/wp-content\/uploads\/2020\/09\/DONAZIONE-SANGUE-300x200.jpg\" alt=\"\" width=\"150\" height=\"100\" srcset=\"https:\/\/www.radiopiu.net\/wordpress\/wp-content\/uploads\/2020\/09\/DONAZIONE-SANGUE-300x200.jpg 300w, https:\/\/www.radiopiu.net\/wordpress\/wp-content\/uploads\/2020\/09\/DONAZIONE-SANGUE-1024x684.jpg 1024w, https:\/\/www.radiopiu.net\/wordpress\/wp-content\/uploads\/2020\/09\/DONAZIONE-SANGUE-768x513.jpg 768w, https:\/\/www.radiopiu.net\/wordpress\/wp-content\/uploads\/2020\/09\/DONAZIONE-SANGUE-1536x1026.jpg 1536w, https:\/\/www.radiopiu.net\/wordpress\/wp-content\/uploads\/2020\/09\/DONAZIONE-SANGUE-640x427.jpg 640w, https:\/\/www.radiopiu.net\/wordpress\/wp-content\/uploads\/2020\/09\/DONAZIONE-SANGUE.jpg 1920w\" sizes=\"auto, (max-width: 150px) 100vw, 150px\" \/><\/a>CANALE D&#8217;AGORDO<\/strong><\/p>\n<p>di Gianni Santomaso<\/p>\n<audio class=\"wp-audio-shortcode\" id=\"audio-322067-7\" preload=\"none\" style=\"width: 100%;\" controls=\"controls\"><source type=\"audio\/mpeg\" src=\"https:\/\/www.radiopiu.net\/wordpress\/wp-content\/uploads\/2023\/02\/GIANNI-ASSEMBLEA-DEI-DONATORI-DEL-SANGUE-DI-CANALE-DAGORDO.mp3?_=7\" \/><a href=\"https:\/\/www.radiopiu.net\/wordpress\/wp-content\/uploads\/2023\/02\/GIANNI-ASSEMBLEA-DEI-DONATORI-DEL-SANGUE-DI-CANALE-DAGORDO.mp3\">https:\/\/www.radiopiu.net\/wordpress\/wp-content\/uploads\/2023\/02\/GIANNI-ASSEMBLEA-DEI-DONATORI-DEL-SANGUE-DI-CANALE-DAGORDO.mp3<\/a><\/audio>\n<p>&nbsp;<\/p>\n<hr \/>\n<p>&nbsp;<\/p>\n<blockquote>\n<h3>BILANCI E CONVENZIONI NEL CONSIGLIO COMUNALE<\/h3>\n<\/blockquote>\n<p><strong>TAIBON<\/strong> Il sindaco Silvia Tormen ha convocato il consiglio comunale per oggi alle 18. All&#8217;ordine del giorno, tra l&#8217;altro: approvazione della convenzione con l&#8217;Unione Montana per la gestione in forma associata del comitato unico di garanzia per le pari opportunit\u00e0; approvazione dei bilanci dell&#8217;azienda speciale multiservizi ;addizionale Irpef e Imu, conferma aliquote.<\/p>\n<p>&nbsp;<\/p>\n<hr \/>\n<p>&nbsp;<\/p>\n<blockquote>\n<h3>DOMANI IN SALA DON TAMIS I CONSIGLIERI DELL&#8217;UNIONE MONTANA<\/h3>\n<\/blockquote>\n<p><strong>AGORDO<\/strong> Il Presidente Paolo Frena ha convocato i consiglieri per domanii alle 20. All&#8217;ordine del giorno il DUP e anche l&#8217;approvazione del bilancio di previsione. In discussione anche i regolamenti di contabilit\u00e0 e controlli interni.<\/p>\n<p>&nbsp;<\/p>\n<hr \/>\n<p>&nbsp;<\/p>\n<blockquote>\n<h3>TRA GLI ORSI DI MATTOTTI&amp;BUZZATTI ANCHE A PASQUA<\/h3>\n<\/blockquote>\n<p><strong><img loading=\"lazy\" decoding=\"async\" class=\"alignleft\" src=\"https:\/\/www.radiopiu.net\/wordpress\/wp-content\/uploads\/2023\/02\/fc21063b-0ba7-40bd-821d-1deb96a0a4b5.jpg\" width=\"197\" height=\"111\" \/>BELLUNO<\/strong>\u00a0 Si chiuder\u00e0 dopo Pasqua, e non a fine mese come inizialmente previsto, la mostra \u201cMattotti&amp;Buzzati. La famosa invasione degli orsi in Sicilia\u201d. Ottima la risposta del pubblico in queste settimane; tra i visitatori, nei giorni scorsi, anche l&#8217;intera giunta comunale del capoluogo.<\/p>\n<p><strong>di DANIELE DALVIT<\/strong><\/p>\n<audio class=\"wp-audio-shortcode\" id=\"audio-322067-8\" preload=\"none\" style=\"width: 100%;\" controls=\"controls\"><source type=\"audio\/mpeg\" src=\"https:\/\/www.radiopiu.net\/wordpress\/wp-content\/uploads\/2023\/02\/DANIELE-DALVIT.mp3?_=8\" \/><a href=\"https:\/\/www.radiopiu.net\/wordpress\/wp-content\/uploads\/2023\/02\/DANIELE-DALVIT.mp3\">https:\/\/www.radiopiu.net\/wordpress\/wp-content\/uploads\/2023\/02\/DANIELE-DALVIT.mp3<\/a><\/audio>\n<p>&nbsp;<\/p>\n<hr \/>\n<p>&nbsp;<\/p>\n<blockquote>\n<h3>LE FORMICHE DI FABIO VETTORI ALLA PRIMARIA DI ROCCA<\/h3>\n<\/blockquote>\n<p><strong>ROCCA PIETORE<\/strong> I bambini della scuola Primaria e quelli dell&#8217; Infanzia sono saliti con la funivia fino a Serauta per incontrare le formiche di Fabio Vettori. L&#8217; artista ha coinvolto gli alunni in un laboratorio di disegno, spiegando in modo chiaro e semplice le tecniche generali dell&#8217; illustrazione, poi i bambini si sono messi alla prova con fogli, matite e colori. Infine ognuno di loro ha ricevuto il diploma di partecipazione firmato dall&#8217; autore. \u00c8 stata una giornata molto interessante e divertente. Un sentito ringraziamento va al Direttore della Societ\u00e0 Funivie Marmolada Patrick Pomare&#8217; per la calorosa accoglienza e la gustosa merenda offerta, e alla guida Romina Darman per la gentilezza e la professionalit\u00e0 con cui ci ha seguito durante l &#8216; evento.<\/p>\n\n\t\t\t<style type='text\/css'>\n\t\t\t\t#gallery-5 {\n\t\t\t\t\tmargin: auto;\n\t\t\t\t}\n\t\t\t\t#gallery-5 .gallery-item {\n\t\t\t\t\tfloat: left;\n\t\t\t\t\tmargin-top: 10px;\n\t\t\t\t\ttext-align: center;\n\t\t\t\t\twidth: 33%;\n\t\t\t\t}\n\t\t\t\t#gallery-5 img {\n\t\t\t\t\tborder: 2px solid #cfcfcf;\n\t\t\t\t}\n\t\t\t\t#gallery-5 .gallery-caption {\n\t\t\t\t\tmargin-left: 0;\n\t\t\t\t}\n\t\t\t\t\/* see gallery_shortcode() in wp-includes\/media.php *\/\n\t\t\t<\/style>\n\t\t<div id='gallery-5' class='dt-gallery-container gallery galleryid-322067 gallery-columns-3 gallery-size-thumbnail'><dl class='gallery-item'>\n\t\t\t\t<dt class='gallery-icon portrait'>\n\t\t\t\t\t<a class=\"rollover rollover-zoom dt-pswp-item\" title=\"114bdcff-fda6-43a5-bf3c-ed1bc5c7c3ab\" data-dt-img-description=\"\" data-large_image_width=\"1368\" data-large_image_height=\"1824\"href='https:\/\/www.radiopiu.net\/wordpress\/wp-content\/uploads\/2023\/02\/114bdcff-fda6-43a5-bf3c-ed1bc5c7c3ab.jpg'><img loading=\"lazy\" decoding=\"async\" width=\"150\" height=\"150\" src=\"https:\/\/www.radiopiu.net\/wordpress\/wp-content\/uploads\/2023\/02\/114bdcff-fda6-43a5-bf3c-ed1bc5c7c3ab-150x150.jpg\" class=\"attachment-thumbnail size-thumbnail\" alt=\"\" \/><\/a>\n\t\t\t\t<\/dt><\/dl><dl class='gallery-item'>\n\t\t\t\t<dt class='gallery-icon landscape'>\n\t\t\t\t\t<a class=\"rollover rollover-zoom dt-pswp-item\" title=\"44d837bf-4525-4e2e-8c7e-e7ee99200015\" data-dt-img-description=\"\" data-large_image_width=\"1600\" data-large_image_height=\"1200\"href='https:\/\/www.radiopiu.net\/wordpress\/wp-content\/uploads\/2023\/02\/44d837bf-4525-4e2e-8c7e-e7ee99200015.jpg'><img loading=\"lazy\" decoding=\"async\" width=\"150\" height=\"150\" src=\"https:\/\/www.radiopiu.net\/wordpress\/wp-content\/uploads\/2023\/02\/44d837bf-4525-4e2e-8c7e-e7ee99200015-150x150.jpg\" class=\"attachment-thumbnail size-thumbnail\" alt=\"\" \/><\/a>\n\t\t\t\t<\/dt><\/dl><dl class='gallery-item'>\n\t\t\t\t<dt class='gallery-icon portrait'>\n\t\t\t\t\t<a class=\"rollover rollover-zoom dt-pswp-item\" title=\"e81d4fd4-a093-4ae7-a0e3-c60745eae8a8\" data-dt-img-description=\"\" data-large_image_width=\"1200\" data-large_image_height=\"1600\"href='https:\/\/www.radiopiu.net\/wordpress\/wp-content\/uploads\/2023\/02\/e81d4fd4-a093-4ae7-a0e3-c60745eae8a8.jpg'><img loading=\"lazy\" decoding=\"async\" width=\"150\" height=\"150\" src=\"https:\/\/www.radiopiu.net\/wordpress\/wp-content\/uploads\/2023\/02\/e81d4fd4-a093-4ae7-a0e3-c60745eae8a8-150x150.jpg\" class=\"attachment-thumbnail size-thumbnail\" alt=\"\" \/><\/a>\n\t\t\t\t<\/dt><\/dl><br style=\"clear: both\" \/><dl class='gallery-item'>\n\t\t\t\t<dt class='gallery-icon portrait'>\n\t\t\t\t\t<a class=\"rollover rollover-zoom dt-pswp-item\" title=\"2a5b53ac-e39d-4270-9cc5-632c75e02f28\" data-dt-img-description=\"\" data-large_image_width=\"1536\" data-large_image_height=\"2048\"href='https:\/\/www.radiopiu.net\/wordpress\/wp-content\/uploads\/2023\/02\/2a5b53ac-e39d-4270-9cc5-632c75e02f28.jpg'><img loading=\"lazy\" decoding=\"async\" width=\"150\" height=\"150\" src=\"https:\/\/www.radiopiu.net\/wordpress\/wp-content\/uploads\/2023\/02\/2a5b53ac-e39d-4270-9cc5-632c75e02f28-150x150.jpg\" class=\"attachment-thumbnail size-thumbnail\" alt=\"\" \/><\/a>\n\t\t\t\t<\/dt><\/dl><dl class='gallery-item'>\n\t\t\t\t<dt class='gallery-icon portrait'>\n\t\t\t\t\t<a class=\"rollover rollover-zoom dt-pswp-item\" title=\"54614e11-6ad4-44c5-a943-4312833f0ce4\" data-dt-img-description=\"\" data-large_image_width=\"1536\" data-large_image_height=\"2048\"href='https:\/\/www.radiopiu.net\/wordpress\/wp-content\/uploads\/2023\/02\/54614e11-6ad4-44c5-a943-4312833f0ce4.jpg'><img loading=\"lazy\" decoding=\"async\" width=\"150\" height=\"150\" src=\"https:\/\/www.radiopiu.net\/wordpress\/wp-content\/uploads\/2023\/02\/54614e11-6ad4-44c5-a943-4312833f0ce4-150x150.jpg\" class=\"attachment-thumbnail size-thumbnail\" alt=\"\" \/><\/a>\n\t\t\t\t<\/dt><\/dl><dl class='gallery-item'>\n\t\t\t\t<dt class='gallery-icon landscape'>\n\t\t\t\t\t<a class=\"rollover rollover-zoom dt-pswp-item\" title=\"a66e0110-854e-4f25-a330-71d7f6cf1736\" data-dt-img-description=\"\" data-large_image_width=\"1600\" data-large_image_height=\"1200\"href='https:\/\/www.radiopiu.net\/wordpress\/wp-content\/uploads\/2023\/02\/a66e0110-854e-4f25-a330-71d7f6cf1736.jpg'><img loading=\"lazy\" decoding=\"async\" width=\"150\" height=\"150\" src=\"https:\/\/www.radiopiu.net\/wordpress\/wp-content\/uploads\/2023\/02\/a66e0110-854e-4f25-a330-71d7f6cf1736-150x150.jpg\" class=\"attachment-thumbnail size-thumbnail\" alt=\"\" \/><\/a>\n\t\t\t\t<\/dt><\/dl><br style=\"clear: both\" \/>\n\t\t\t<\/div>\n\n<p>&nbsp;<\/p>\n\n\t\t\t<style type='text\/css'>\n\t\t\t\t#gallery-6 {\n\t\t\t\t\tmargin: auto;\n\t\t\t\t}\n\t\t\t\t#gallery-6 .gallery-item {\n\t\t\t\t\tfloat: left;\n\t\t\t\t\tmargin-top: 10px;\n\t\t\t\t\ttext-align: center;\n\t\t\t\t\twidth: 50%;\n\t\t\t\t}\n\t\t\t\t#gallery-6 img {\n\t\t\t\t\tborder: 2px solid #cfcfcf;\n\t\t\t\t}\n\t\t\t\t#gallery-6 .gallery-caption {\n\t\t\t\t\tmargin-left: 0;\n\t\t\t\t}\n\t\t\t\t\/* see gallery_shortcode() in wp-includes\/media.php *\/\n\t\t\t<\/style>\n\t\t<div id='gallery-6' class='dt-gallery-container gallery galleryid-322067 gallery-columns-2 gallery-size-thumbnail'><dl class='gallery-item'>\n\t\t\t\t<dt class='gallery-icon landscape'>\n\t\t\t\t\t<a class=\"rollover rollover-zoom dt-pswp-item\" title=\"f330934f-2489-45f4-b087-a6f73d9a51cd\" data-dt-img-description=\"\" data-large_image_width=\"1600\" data-large_image_height=\"1200\"href='https:\/\/www.radiopiu.net\/wordpress\/wp-content\/uploads\/2023\/02\/f330934f-2489-45f4-b087-a6f73d9a51cd.jpg'><img loading=\"lazy\" decoding=\"async\" width=\"150\" height=\"150\" src=\"https:\/\/www.radiopiu.net\/wordpress\/wp-content\/uploads\/2023\/02\/f330934f-2489-45f4-b087-a6f73d9a51cd-150x150.jpg\" class=\"attachment-thumbnail size-thumbnail\" alt=\"\" aria-describedby=\"gallery-6-322202\" \/><\/a>\n\t\t\t\t<\/dt>\n\t\t\t\t\t<dd class='wp-caption-text gallery-caption' id='gallery-6-322202'>\n\t\t\t\t\tIn Municipio: Disegno di Fabio Vettori regalato al Sindaco, consegnato dagli alunni della Primaria\n\t\t\t\t\t<\/dd><\/dl><dl class='gallery-item'>\n\t\t\t\t<dt class='gallery-icon landscape'>\n\t\t\t\t\t<a class=\"rollover rollover-zoom dt-pswp-item\" title=\"1f356720-155c-4e29-9fe1-94d7c81b286c\" data-dt-img-description=\"\" data-large_image_width=\"1024\" data-large_image_height=\"768\"href='https:\/\/www.radiopiu.net\/wordpress\/wp-content\/uploads\/2023\/02\/1f356720-155c-4e29-9fe1-94d7c81b286c.jpg'><img loading=\"lazy\" decoding=\"async\" width=\"150\" height=\"150\" src=\"https:\/\/www.radiopiu.net\/wordpress\/wp-content\/uploads\/2023\/02\/1f356720-155c-4e29-9fe1-94d7c81b286c-150x150.jpg\" class=\"attachment-thumbnail size-thumbnail\" alt=\"\" \/><\/a>\n\t\t\t\t<\/dt><\/dl><br style=\"clear: both\" \/>\n\t\t\t<\/div>\n\n<p>&nbsp;<\/p>\n<p>&nbsp;<\/p>\n<p>&nbsp;<\/p>\n<hr \/>\n<p>&nbsp;<\/p>\n<h3>GIORGIA RACCONTA LA RINASCITA, L&#8217;APPUNTAMENTO CON GENITORI SEMPRE<\/h3>\n<p><em>&#8220;NO ALL&#8217;USO DI DROGHE, SI AL DIVERTIMENTO SICURO&#8221;, a conclusione di un percorso tra le scuole della vallata: VENERDI 17 FEBBRAIO ALLE 20.30 IN SALA DON TAMIS AD AGORDO, L&#8217;INCONTRO PER GENITORI E LA COMUNITA&#8217;, PRESENTATO DA GIANPAOLO SORATROI, CON GIORGIA BENUSIGLIO, SCRITTRICE E TESTIMONIAL ANTI DROGA: &#8220;ESPERIENZA E RISCATTO&#8221;. <\/em><em>CON ALFIO DE SANDRE, MEDICO, TOSSICOLOGO E PSICOTERAPEUTA -Dipartimento delle dipendenze &#8211; AULS 1 DOLOMITI. <\/em><em>UN INVITO DI &#8220;GENITORI SEMPRE&#8221;, ASSOCIAZIONE DI PROMOZIONE SOCIALE, CON IL PATROCINIO DEI COMUNI DI AGORDO, CENCENIGHE E DELL&#8217;UNIONE MONTANA AGORDINA<\/em><\/p>\n<p>&nbsp;<\/p>\n<p>&nbsp;<\/p>\n<p>&nbsp;<\/p>\n<hr \/>\n<p>&nbsp;<\/p>\n<blockquote>\n<h3>IL CARNEVALE CASTIONESE AUDIO<\/h3>\n<\/blockquote>\n<p><a class=\"dt-pswp-item\" href=\"https:\/\/www.radiopiu.net\/wordpress\/wp-content\/uploads\/2023\/02\/Senza-nome-16.jpg\" data-dt-img-description=\"\" data-large_image_width=\"662\" data-large_image_height=\"307\"><img loading=\"lazy\" decoding=\"async\" class=\" wp-image-320744 alignleft\" src=\"https:\/\/www.radiopiu.net\/wordpress\/wp-content\/uploads\/2023\/02\/Senza-nome-16-300x139.jpg\" alt=\"\" width=\"270\" height=\"125\" srcset=\"https:\/\/www.radiopiu.net\/wordpress\/wp-content\/uploads\/2023\/02\/Senza-nome-16-300x139.jpg 300w, https:\/\/www.radiopiu.net\/wordpress\/wp-content\/uploads\/2023\/02\/Senza-nome-16.jpg 662w\" sizes=\"auto, (max-width: 270px) 100vw, 270px\" \/><\/a>MASCHERE&#8230;MASCHERINE&#8230;CORIANDOLI E STELLE FILANTI&#8230;IL CARNEVALE<br \/>\nCASTIONESE PORTA&#8230;LA GIOIA!<br \/>\nTRE APPPUNTAMENTI CON LA PROLOCO E ASSOCIAZIONI LOCALI, PATROCINIO DELLA<br \/>\nPROVINCIA<br \/>\nsabato 18 febbraio alle 20.45 al teatro San Gaetano &#8220;Carnevale a Teatro&#8221;<br \/>\ndomenica 19 febbraio alle 11.30 sfilano le mascherine, dalle 14 in pian<br \/>\ndelle feste i carri mascherati<br \/>\nLunedi 20 febbraio alle 20.30 nella palestra delle scuole medie il gran<br \/>\nfinale con la tombola di carnevale.<br \/>\ninfo 345 8238880<\/p>\n<audio class=\"wp-audio-shortcode\" id=\"audio-322067-9\" preload=\"none\" style=\"width: 100%;\" controls=\"controls\"><source type=\"audio\/mpeg\" src=\"https:\/\/www.radiopiu.net\/wordpress\/wp-content\/uploads\/2023\/02\/carnevale-castionese-c.mp3?_=9\" \/><a href=\"https:\/\/www.radiopiu.net\/wordpress\/wp-content\/uploads\/2023\/02\/carnevale-castionese-c.mp3\">https:\/\/www.radiopiu.net\/wordpress\/wp-content\/uploads\/2023\/02\/carnevale-castionese-c.mp3<\/a><\/audio>\n<p>&nbsp;<\/p>\n<hr \/>\n<p>&nbsp;<\/p>\n<p>&nbsp;<\/p>\n<blockquote>\n<h3><a class=\"dt-pswp-item\" href=\"https:\/\/www.radiopiu.net\/wordpress\/wp-content\/uploads\/2023\/02\/2020.jpg\" data-dt-img-description=\"\" data-large_image_width=\"1600\" data-large_image_height=\"1200\"><img loading=\"lazy\" decoding=\"async\" class=\"wp-image-322064 alignleft\" src=\"https:\/\/www.radiopiu.net\/wordpress\/wp-content\/uploads\/2023\/02\/2020-300x225.jpg\" alt=\"\" width=\"183\" height=\"137\" srcset=\"https:\/\/www.radiopiu.net\/wordpress\/wp-content\/uploads\/2023\/02\/2020-300x225.jpg 300w, https:\/\/www.radiopiu.net\/wordpress\/wp-content\/uploads\/2023\/02\/2020-1024x768.jpg 1024w, https:\/\/www.radiopiu.net\/wordpress\/wp-content\/uploads\/2023\/02\/2020-768x576.jpg 768w, https:\/\/www.radiopiu.net\/wordpress\/wp-content\/uploads\/2023\/02\/2020-1536x1152.jpg 1536w, https:\/\/www.radiopiu.net\/wordpress\/wp-content\/uploads\/2023\/02\/2020.jpg 1600w\" sizes=\"auto, (max-width: 183px) 100vw, 183px\" \/><\/a>SABATO CARNEVALE A MEANO<\/h3>\n<\/blockquote>\n<p><span id=\"page16R_mcid0\" class=\"markedContent\"><strong><span dir=\"ltr\" role=\"presentation\">MEANO <\/span><\/strong><span dir=\"ltr\" role=\"presentation\">Festa di Carnevale al Parc<\/span><span dir=\"ltr\" role=\"presentation\">o<\/span> <span dir=\"ltr\" role=\"presentation\">Ciclamino <\/span><span dir=\"ltr\" role=\"presentation\">sabato dalle 14.30<\/span><span dir=\"ltr\" role=\"presentation\">. <\/span><span dir=\"ltr\" role=\"presentation\">Erik &amp; Cirillo animeranno il pomeriggio <\/span><span dir=\"ltr\" role=\"presentation\">presentando le mascherine che prenderanno parte alla <\/span><span dir=\"ltr\" role=\"presentation\">sfilata <\/span><span dir=\"ltr\" role=\"presentation\">aperta a tutti con premi al pi\u00f9 giovane, al pi\u00f9 &#8220;maturo&#8221;, ai gruppi pi\u00f9 numerosi e alla maschera pi\u00f9 simpatica. <\/span><span dir=\"ltr\" role=\"presentation\">I<\/span><span dir=\"ltr\" role=\"presentation\">l<\/span> <span dir=\"ltr\" role=\"presentation\">Gruppo <\/span><span dir=\"ltr\" role=\"presentation\">Genitori di Me<\/span><span dir=\"ltr\" role=\"presentation\">a<\/span><span dir=\"ltr\" role=\"presentation\">no raccoglier\u00e0 i\u00a0 fondi per sostenere le attivit\u00e0 delle scuole della Frazione.<\/span><\/span><\/p>\n<p>&nbsp;<\/p>\n<hr \/>\n<p>&nbsp;<\/p>\n<blockquote>\n<h3>SABATO IL CARNEVALE CON AD AGORDO PROLOCO<\/h3>\n<\/blockquote>\n<p><strong><img loading=\"lazy\" decoding=\"async\" class=\"alignleft\" src=\"https:\/\/www.radiopiu.net\/wordpress\/wp-content\/uploads\/2023\/02\/735f16b6-a0da-4bf7-be7f-c1b2956d3467.jpg\" width=\"145\" height=\"205\" \/><\/strong><\/p>\n<p>&nbsp;<\/p>\n<p>&nbsp;<\/p>\n<p>&nbsp;<\/p>\n<p>&nbsp;<\/p>\n<p>&nbsp;<\/p>\n<p>&nbsp;<\/p>\n<p><strong>AUDIO<\/strong><\/p>\n<p><strong>INTERVISTA A DANIELE GALLIGANI, PRESIDENTE AD AGORDO PROLOCO<\/strong><\/p>\n<audio class=\"wp-audio-shortcode\" id=\"audio-322067-10\" preload=\"none\" style=\"width: 100%;\" controls=\"controls\"><source type=\"audio\/mpeg\" src=\"https:\/\/www.radiopiu.net\/wordpress\/wp-content\/uploads\/2023\/02\/DANIELE-GALLIGANI.mp3?_=10\" \/><a href=\"https:\/\/www.radiopiu.net\/wordpress\/wp-content\/uploads\/2023\/02\/DANIELE-GALLIGANI.mp3\">https:\/\/www.radiopiu.net\/wordpress\/wp-content\/uploads\/2023\/02\/DANIELE-GALLIGANI.mp3<\/a><\/audio>\n<p>&nbsp;<\/p>\n<p>&nbsp;<\/p>\n<p>&nbsp;<\/p>\n<hr \/>\n<p>&nbsp;<\/p>\n<blockquote>\n<h3>LA ZINGHENESTA A CANALE D&#8217;AGORDO<\/h3>\n<\/blockquote>\n<p><strong>CANALE D&#8217;AGORDO<\/strong> Domenica 19 febbraio torna La Zinghenesta a Canale D&#8217;Agordo, il carnevale della Valle del Biois. L&#8217;evento inizier\u00e0 con la consueta sfilata del corteo mascherato in partenza da Falcade per poi arrivare verso le 12.00 a Canale d&#8217;Agordo. Alle 15.00 inizio della sfilata per le vie del paese, arrivo in piazza e premiazione della maschera pi\u00f9 bella; Alle 16.30 processo al Carnevale. Sculture in legno, divertimento e dolci per grandi e piccini accompagneranno questa edizione<\/p>\n<p>&nbsp;<\/p>\n<p>&nbsp;<\/p>\n<hr \/>\n<p>&nbsp;<\/p>\n<blockquote>\n<h3><strong><a class=\"dt-pswp-item\" href=\"https:\/\/www.radiopiu.net\/wordpress\/wp-content\/uploads\/2023\/02\/Senza-nome-6.jpg\" data-dt-img-description=\"\" data-large_image_width=\"242\" data-large_image_height=\"189\"><img loading=\"lazy\" decoding=\"async\" class=\"wp-image-320153 alignleft\" src=\"https:\/\/www.radiopiu.net\/wordpress\/wp-content\/uploads\/2023\/02\/Senza-nome-6.jpg\" alt=\"\" width=\"168\" height=\"131\" \/><\/a><\/strong>CARNEVALE CON LA PROLOCO DI SAN TOMASO<\/h3>\n<\/blockquote>\n<p><strong>SAN TOMASO<\/strong> Carnevale con la proloco di San Tomaso, 16 febbraio lettura animate in biblioteca a Celat alle 17 (in maschera), 19 febbraio I racconti di Paolo Soppelsa alle 17 in sala a Celat.<\/p>\n<p>&nbsp;<\/p>\n<p>&nbsp;<\/p>\n<hr \/>\n<p>&nbsp;<\/p>\n<blockquote>\n<h3>EL CARNEVAL DEI BOCE A TAIBON<\/h3>\n<\/blockquote>\n<p><strong>TAIBON<\/strong> Pro Loco e Comune di Taibon organizzano El Carneval Dei Boce domenica 19 febbraio. Ritrovo in piazza alle 14, sfilata alla casa di riposo e festa all&#8217;ex municipio dalle 16.<\/p>\n<p>&nbsp;<\/p>\n<hr \/>\n<p>&nbsp;<\/p>\n<blockquote>\n<h2>CARNEVALE A CAVIOLA<\/h2>\n<\/blockquote>\n<p><strong>DI GIANNI SANTOMASO<\/strong><\/p>\n<audio class=\"wp-audio-shortcode\" id=\"audio-322067-11\" preload=\"none\" style=\"width: 100%;\" controls=\"controls\"><source type=\"audio\/mpeg\" src=\"https:\/\/www.radiopiu.net\/wordpress\/wp-content\/uploads\/2023\/02\/MARTEDI-A-CAVIOLA.mp3?_=11\" \/><a href=\"https:\/\/www.radiopiu.net\/wordpress\/wp-content\/uploads\/2023\/02\/MARTEDI-A-CAVIOLA.mp3\">https:\/\/www.radiopiu.net\/wordpress\/wp-content\/uploads\/2023\/02\/MARTEDI-A-CAVIOLA.mp3<\/a><\/audio>\n<p>&nbsp;<\/p>\n<p>&nbsp;<\/p>\n<hr \/>\n<p>&nbsp;<\/p>\n<blockquote>\n<h3><span dir=\"ltr\" role=\"presentation\"><img loading=\"lazy\" decoding=\"async\" class=\"alignleft\" src=\"https:\/\/www.radiopiu.net\/wordpress\/wp-content\/uploads\/2023\/02\/COPERTA-1.jpg\" width=\"277\" height=\"153\" \/><\/span>SABATO IN VAL DI ZOLDO, NEVE ROSA GIRO D&#8217;ITALIA<\/h3>\n<\/blockquote>\n<blockquote><p><span style=\"color: #ff99cc;\"><strong>CIASPOLATA IN ROSA, IN ATTESA DEL GIRO D&#8217;ITALIA. APPUNTAMENTO&#8230;PER TUTTI!<\/strong><\/span><\/p><\/blockquote>\n<p><strong>parliamone, con il Sindaco, Camillo De Pellegrin<\/strong><\/p>\n<audio class=\"wp-audio-shortcode\" id=\"audio-322067-12\" preload=\"none\" style=\"width: 100%;\" controls=\"controls\"><source type=\"audio\/mpeg\" src=\"https:\/\/www.radiopiu.net\/wordpress\/wp-content\/uploads\/2023\/02\/CAMILLO-CAMILLO-ROSA.mp3?_=12\" \/><a href=\"https:\/\/www.radiopiu.net\/wordpress\/wp-content\/uploads\/2023\/02\/CAMILLO-CAMILLO-ROSA.mp3\">https:\/\/www.radiopiu.net\/wordpress\/wp-content\/uploads\/2023\/02\/CAMILLO-CAMILLO-ROSA.mp3<\/a><\/audio>\n<p>&nbsp;<\/p>\n<p>&nbsp;<\/p>\n<p>&nbsp;<\/p>\n<hr \/>\n<p>&nbsp;<\/p>\n<blockquote>\n<h3>IL RITORNO DEL LUPO, PROSEGUONO GLI INCONTRI<\/h3>\n<\/blockquote>\n<p><strong>LAMON <\/strong><span style=\"font-family: Tahoma, Verdana;\">&#8220;Il ritorno del lupo: conoscere di pi\u00f9 per convivere meglio&#8221;: \u00e8 il titolo della serata pubblica organizzata dal Comune di Lamon e dal Parco Nazionale Dolomiti Bellunesi. L&#8217;appuntamento \u00e8 per mercoled\u00ec 22 febbraio, alle ore 20:30, presso la sala teatro del centro AMO di Lamon. Relazioni di\u00a0 <\/span><span style=\"font-family: Tahoma, Verdana;\">Enrico Vettorazzo, tecnico del Parco Nazionale Dolomiti Bellunesi, e del fotografo naturalista Ivan Mazzon\u00a0<\/span><\/p>\n<p>&nbsp;<\/p>\n<p>&nbsp;<\/p>\n<hr \/>\n<p>&nbsp;<\/p>\n<blockquote>\n<h3>BENEFICA CENA AL BUIO<\/h3>\n<\/blockquote>\n<p><strong>AGORDO<\/strong> L&#8217;Unione Italiana dei Ciechi e degli Ipovedenti di Belluno\u00a0 organizza per\u00a0 sabato 25 febbraio, alle 20, al centro parrocchiale Vincenzo Savio la cena al buio. Il costo dell&#8217;evento \u00e8 di \u20ac 40 a persona. Parte del ricavato verr\u00e0 impiegata per finanziare l&#8217;acquisto di un nuovo pulmino per il trasporto delle persone con disabilit\u00e0 visiva della provincia di Belluno a opera dei volontari U.N.I.Vo.C. Le iscrizioni sono aperte fino al 20 febbraio (ma verranno chiuse prima in caso di esaurimento dei posti disponibili). Info 0437 943413<\/p>\n<p>&nbsp;<\/p>\n<p>&nbsp;<\/p>\n<hr \/>\n<p>&nbsp;<\/p>\n<blockquote>\n<h3>SAN VALENTINO A LIMANA<\/h3>\n<\/blockquote>\n<p><strong>LIMANA<\/strong> in occasione di San Valentino sabato prossimo spettacolo &#8220;Il musicista innamorato, cronologia di un play boy&#8221; di e con Claudio Colombo, con Lino Brotto alla chitarra e Filippo Tantino al contrabbasso.<\/p>\n<p>&nbsp;<\/p>\n<p>&nbsp;<\/p>\n<hr \/>\n<p>&nbsp;<\/p>\n<blockquote>\n<h3>GITA DI CLASSE, 1963<\/h3>\n<\/blockquote>\n<p><strong>REDAZIONE<\/strong> I coscritti del 1963 il 1 aprile si ritroveranno in gita, al Castello di Spessa e San Daniele. Partenza in pullman da Agordo alle 8.30, rientro in serata. Prenotazione e saldo (130euro) entro il 5 marzo. Info 348 0326080 -Giornale e Caffe&#8217;, Taibon.<\/p>\n<p>&nbsp;<\/p>\n<p>&nbsp;<\/p>\n<hr \/>\n<p>&nbsp;<\/p>\n<blockquote>\n<h3>DIALETTO VIVO A VALLE DI CADORE<\/h3>\n<\/blockquote>\n<p><strong>VALLE DI CADORE<\/strong> Oggi alle 18 nella sala consigliare di Valle di Cadore andr\u00e0 in scena &#8220;Dialetto Vivo&#8221;, poesie e prose nel ladino di Cadore, Comelico e Fodom. Oraganizza la serata il laboratorio di scrittura Cadore in collaborazione con la Pro Loco di Valle di Cadore.<\/p>\n<p>&nbsp;<\/p>\n<p>&nbsp;<\/p>\n<hr \/>\n<p>&nbsp;<\/p>\n<blockquote>\n<h3><a class=\"dt-pswp-item\" href=\"https:\/\/www.radiopiu.net\/wordpress\/wp-content\/uploads\/2023\/02\/copertila-lea-luzzatto-2-definitiva.jpg\" data-dt-img-description=\"\" data-large_image_width=\"583\" data-large_image_height=\"806\"><img loading=\"lazy\" decoding=\"async\" class=\"wp-image-322089 alignleft\" src=\"https:\/\/www.radiopiu.net\/wordpress\/wp-content\/uploads\/2023\/02\/copertila-lea-luzzatto-2-definitiva-217x300.jpg\" alt=\"\" width=\"109\" height=\"151\" srcset=\"https:\/\/www.radiopiu.net\/wordpress\/wp-content\/uploads\/2023\/02\/copertila-lea-luzzatto-2-definitiva-217x300.jpg 217w, https:\/\/www.radiopiu.net\/wordpress\/wp-content\/uploads\/2023\/02\/copertila-lea-luzzatto-2-definitiva.jpg 583w\" sizes=\"auto, (max-width: 109px) 100vw, 109px\" \/><\/a>LA PRESENTAZIONE DEL NUOVO LIBRO DI ROBERTO DE NART<\/h3>\n<\/blockquote>\n<p><strong>BELLUNO <\/strong>Sabato 25 febbraio alle 18 alla Libreria Tarantola di Belluno, in via Psaro 13\/A, si terr\u00e0 la presentazione del libro \u201cL\u2019inquietante morte di Lea Luzzatto\u201d di Roberto De Nart. Conduce l\u2019incontro Anna Polifroni, avvocato del Foro di Belluno. Lea Luzzatto \u00e8 una giovane professoressa bellunese di 23 anni che viene trovata esanime in casa, riversa in una pozza di sangue con il cranio fracassato nella gelida notte del 17 dicembre 1946. Il suo corpo giace in fondo alle scale della villetta di famiglia in via Feltre n.1 dove abita con la madre e il fratello. Il fatto fa molto scalpore in citt\u00e0, perch\u00e9 coinvolge una nota famiglia della borghesia bellunese. Morte accidentale o delitto? La triste vicenda \u00e8 ricostruita dall\u2019autore attraverso gli atti processuali conservati all\u2019Archivio di Stato di Venezia e gli articoli di giornale dell\u2019epoca.<\/p>\n<p>&nbsp;<\/p>\n<p>&nbsp;<\/p>\n<hr \/>\n<p>&nbsp;<\/p>\n<blockquote>\n<h3>SAN VALENTINO, L&#8217;OMAGGIO DI ADA AGORDO &#8211; VIDEO<\/h3>\n<\/blockquote>\n<p><strong>AGORDO <\/strong>Un piccolo omaggio a questa giornata: San Valentino. Per ricordare quanto bello \u00e8 l\u2019amore in tutte le sue declinazioni. Perch\u00e8 bisogna ricordarselo sempre: l\u2019amore \u00e8 per tutti. Buon San Valentino<\/p>\n<p>Interpreti: Annalisa Nardi e Nicole Soccol<br \/>\nCoreografia di Vanessa Lagan\u00e0<\/p>\n<div style=\"width: 848px;\" class=\"wp-video\"><video class=\"wp-video-shortcode\" id=\"video-322067-2\" width=\"848\" height=\"480\" preload=\"metadata\" controls=\"controls\"><source type=\"video\/mp4\" src=\"https:\/\/www.radiopiu.net\/wordpress\/wp-content\/uploads\/2023\/02\/WhatsApp-Video-2023-02-14-at-09.30.46.mp4?_=2\" \/><a href=\"https:\/\/www.radiopiu.net\/wordpress\/wp-content\/uploads\/2023\/02\/WhatsApp-Video-2023-02-14-at-09.30.46.mp4\">https:\/\/www.radiopiu.net\/wordpress\/wp-content\/uploads\/2023\/02\/WhatsApp-Video-2023-02-14-at-09.30.46.mp4<\/a><\/video><\/div>\n<p>&nbsp;<\/p>\n<hr \/>\n<p>&nbsp;<\/p>\n<blockquote>\n<h3>LA FOTO DA CASA SANREMO<\/h3>\n<\/blockquote>\n<p>Il gelato di Carolina Da Rold, giovane titolare della Sorbettiera di Belluno. Il carretto di Argenta srl griffato Dolomiti Bellunesi. Ma anche i taglieri di Fent Marmi. L\u2019artigianato bellunese \u00e8 stato protagonista della settimana sanremese. Nell\u2019area di Casa Sanremo allestita da Provincia, Regione e Camera di Commercio, Confartigianato Belluno ha dato un contributo importante, con prodotti e narrazione del territorio.<em>\u00ab\u00c8 stata un\u2019occasione unica per presentare tre delle nostre eccellenze, ma anche per fare una carrellata sull\u2019artigianato, convinti da sempre che sia legato indissolubilmente alla promozione del turismo\u00bb<\/em> commenta la presidente di Confartigianato Belluno, Claudia Scarzanella, che ha avuto modo di raccontare il territorio bellunese nella trasmissione \u201cBuongiorno Sanremo\u201d, venerd\u00ec scorso.<\/p>\n<p><a class=\"dt-pswp-item\" href=\"https:\/\/www.radiopiu.net\/wordpress\/wp-content\/uploads\/2023\/02\/Confartigianato-Sanremo.jpg\" data-dt-img-description=\"\" data-large_image_width=\"1024\" data-large_image_height=\"834\"><img loading=\"lazy\" decoding=\"async\" class=\"size-medium wp-image-322123 aligncenter\" src=\"https:\/\/www.radiopiu.net\/wordpress\/wp-content\/uploads\/2023\/02\/Confartigianato-Sanremo-300x244.jpg\" alt=\"\" width=\"300\" height=\"244\" srcset=\"https:\/\/www.radiopiu.net\/wordpress\/wp-content\/uploads\/2023\/02\/Confartigianato-Sanremo-300x244.jpg 300w, https:\/\/www.radiopiu.net\/wordpress\/wp-content\/uploads\/2023\/02\/Confartigianato-Sanremo-768x626.jpg 768w, https:\/\/www.radiopiu.net\/wordpress\/wp-content\/uploads\/2023\/02\/Confartigianato-Sanremo.jpg 1024w\" sizes=\"auto, (max-width: 300px) 100vw, 300px\" \/><\/a><\/p>\n<p>&nbsp;<\/p>\n<p>&nbsp;<\/p>\n<hr \/>\n<p>&nbsp;<\/p>\n<h2><span style=\"color: #008080;\">&#8220;DINTORN E FORA VIA&#8221;\u00a0<\/span><span style=\"color: #008080;\"> IL PROGRAMMA\u00a0 <\/span><span style=\"color: #008080;\">A CURA DEL MUSLA\u00a0\u00a0<\/span><\/h2>\n<h1 style=\"text-align: center;\"><strong><span style=\"color: #ff0000;\">SECONDO ANNO\u00a0<\/span><\/strong><\/h1>\n<p>&nbsp;<\/p>\n<p><strong>PUNTATA DEL 14 FEBBRAIO, VERONICA LEZUO<\/strong><\/p>\n<audio class=\"wp-audio-shortcode\" id=\"audio-322067-13\" preload=\"none\" style=\"width: 100%;\" controls=\"controls\"><source type=\"audio\/mpeg\" src=\"https:\/\/www.radiopiu.net\/wordpress\/wp-content\/uploads\/2023\/02\/MUSLA-4.mp3?_=13\" \/><a href=\"https:\/\/www.radiopiu.net\/wordpress\/wp-content\/uploads\/2023\/02\/MUSLA-4.mp3\">https:\/\/www.radiopiu.net\/wordpress\/wp-content\/uploads\/2023\/02\/MUSLA-4.mp3<\/a><\/audio>\n<p>&nbsp;<\/p>\n<h2><\/h2>\n<hr \/>\n<p>&nbsp;<\/p>\n<div>\n<div class=\"b654a4as d2edcug0\">\n<div class=\"rq0escxv hkbzh7o3 jwdofwj8 n8tt0mok r8blr3vg hyh9befq\">\n<p><a class=\"dt-pswp-item\" href=\"https:\/\/www.radiopiu.net\/wordpress\/wp-content\/uploads\/2020\/10\/pp.jpg\" data-dt-img-description=\"\" data-large_image_width=\"640\" data-large_image_height=\"640\"><img loading=\"lazy\" decoding=\"async\" class=\"wp-image-163678 alignleft\" src=\"https:\/\/www.radiopiu.net\/wordpress\/wp-content\/uploads\/2020\/10\/pp-300x300.jpg\" alt=\"\" width=\"106\" height=\"106\" srcset=\"https:\/\/www.radiopiu.net\/wordpress\/wp-content\/uploads\/2020\/10\/pp-300x300.jpg 300w, https:\/\/www.radiopiu.net\/wordpress\/wp-content\/uploads\/2020\/10\/pp-150x150.jpg 150w, https:\/\/www.radiopiu.net\/wordpress\/wp-content\/uploads\/2020\/10\/pp-125x125.jpg 125w, https:\/\/www.radiopiu.net\/wordpress\/wp-content\/uploads\/2020\/10\/pp-200x200.jpg 200w, https:\/\/www.radiopiu.net\/wordpress\/wp-content\/uploads\/2020\/10\/pp-80x80.jpg 80w, https:\/\/www.radiopiu.net\/wordpress\/wp-content\/uploads\/2020\/10\/pp-480x480.jpg 480w, https:\/\/www.radiopiu.net\/wordpress\/wp-content\/uploads\/2020\/10\/pp.jpg 640w\" sizes=\"auto, (max-width: 106px) 100vw, 106px\" \/><\/a><\/p>\n<\/div>\n<\/div>\n<\/div>\n<div>\n<div class=\"page-title-head hgroup\">\n<div class=\"page-title-head hgroup\">\n<div class=\"b654a4as d2edcug0\">\n<div class=\"j83agx80 btwxx1t3 lhclo0ds hop8lmos nkwizq5d scwd0bx6 roh60bw9\">\n<div class=\"rq0escxv hkbzh7o3 jwdofwj8 n8tt0mok r8blr3vg hyh9befq\">\n<div class=\"do00u71z l9j0dhe7 k4urcfbm\" style=\"text-align: left;\">\n<h2><span style=\"color: #000080;\">DON CESARE, IL PENSIERO DEL GIORNO. ALLA RADIO ALLE 7 DEL MATTINO E ALLE 19.30 DELLA SERA\u00a0<\/span><\/h2>\n<\/div>\n<\/div>\n<\/div>\n<\/div>\n<\/div>\n<\/div>\n<\/div>\n<audio class=\"wp-audio-shortcode\" id=\"audio-322067-14\" preload=\"none\" style=\"width: 100%;\" controls=\"controls\"><source type=\"audio\/mpeg\" src=\"https:\/\/www.radiopiu.net\/wordpress\/wp-content\/uploads\/2023\/02\/CESARE-13.mp3?_=14\" \/><a href=\"https:\/\/www.radiopiu.net\/wordpress\/wp-content\/uploads\/2023\/02\/CESARE-13.mp3\">https:\/\/www.radiopiu.net\/wordpress\/wp-content\/uploads\/2023\/02\/CESARE-13.mp3<\/a><\/audio>\n<p>&nbsp;<\/p>\n<hr \/>\n<p>&nbsp;<\/p>\n<h2><strong><a class=\"dt-pswp-item\" href=\"https:\/\/www.radiopiu.net\/wordpress\/wp-content\/uploads\/2022\/03\/LIBERA-MAFIE.png\" data-dt-img-description=\"\" data-large_image_width=\"860\" data-large_image_height=\"756\"><img loading=\"lazy\" decoding=\"async\" class=\" wp-image-267115 alignleft\" src=\"https:\/\/www.radiopiu.net\/wordpress\/wp-content\/uploads\/2022\/03\/LIBERA-MAFIE-300x264.png\" alt=\"\" width=\"168\" height=\"148\" \/><\/a><\/strong><span style=\"color: #ff6600;\">LA RASSEGNA STAMPA DA L&#8217;AMICO DEL POPOLO<\/span><\/h2>\n<p><strong>di Gianni Santomaso<\/strong><\/p>\n<p>OSPITE: Piermario Fop<\/p>\n<audio class=\"wp-audio-shortcode\" id=\"audio-322067-15\" preload=\"none\" style=\"width: 100%;\" controls=\"controls\"><source type=\"audio\/mpeg\" src=\"https:\/\/www.radiopiu.net\/wordpress\/wp-content\/uploads\/2023\/02\/RASSEGNA-GIANNI-1.mp3?_=15\" \/><a href=\"https:\/\/www.radiopiu.net\/wordpress\/wp-content\/uploads\/2023\/02\/RASSEGNA-GIANNI-1.mp3\">https:\/\/www.radiopiu.net\/wordpress\/wp-content\/uploads\/2023\/02\/RASSEGNA-GIANNI-1.mp3<\/a><\/audio>\n<p>&nbsp;<\/p>\n<hr \/>\n<p>&nbsp;<\/p>\n<h2><span style=\"color: #ff00ff;\">IN VIVO VERSO\u00a0\u00a0<\/span><\/h2>\n<blockquote>\n<h3>IL DRAMMA DI UN UOMO di DANIELE GAZZARIN<\/h3>\n<\/blockquote>\n<p>AUDIO<\/p>\n<audio class=\"wp-audio-shortcode\" id=\"audio-322067-16\" preload=\"none\" style=\"width: 100%;\" controls=\"controls\"><source type=\"audio\/mpeg\" src=\"https:\/\/www.radiopiu.net\/wordpress\/wp-content\/uploads\/2023\/02\/02-DANIELE-GAZZARIN-IL-DRAMMA-DI-UN-UOMO.mp3?_=16\" \/><a href=\"https:\/\/www.radiopiu.net\/wordpress\/wp-content\/uploads\/2023\/02\/02-DANIELE-GAZZARIN-IL-DRAMMA-DI-UN-UOMO.mp3\">https:\/\/www.radiopiu.net\/wordpress\/wp-content\/uploads\/2023\/02\/02-DANIELE-GAZZARIN-IL-DRAMMA-DI-UN-UOMO.mp3<\/a><\/audio>\n<p>&nbsp;<\/p>\n<p><img loading=\"lazy\" decoding=\"async\" class=\"alignleft\" src=\"https:\/\/www.radiopiu.net\/wordpress\/wp-content\/uploads\/2020\/10\/daniele-gazzarin-foto-300x300.jpg\" width=\"134\" height=\"134\" \/>Daniele Gazzarin<\/p>\n<p>IL DRAMMA DI UN UOMO<\/p>\n<p>Ho varcato l\u2019ingenua soglia<br \/>\nindisturbata della speranza<br \/>\na calci l\u2019ho presa ed ora<br \/>\nm\u2019osserva in lontananza.<br \/>\nSento talvolta il suo richiamo<br \/>\naleggiar sull\u2019ali dell\u2019amore,<br \/>\nriconosco farfalle allo stomaco<br \/>\nch\u2019ogni volta perdo nell\u2019amare.<br \/>\nCredo sia il dramma d\u2019un uomo<br \/>\nincapace di sentirsi libero,<br \/>\nlibero da un malinconico vuoto<br \/>\na dimorar lo chiuso stomaco.<br \/>\n\u00c8 un abisso che m\u2019investe<br \/>\nportando con se speranze<br \/>\ndisilluse alla sottoveste;<br \/>\nUn bimbo colmo di mancanze.<\/p>\n<p>LA RACCOLTA COMPLETA<\/p>\n<p>&nbsp;<\/p>\n<div dir=\"auto\">\n<div dir=\"auto\">\n<div dir=\"auto\">\n<p><strong>LA RACCOLTA COMPLETA<\/strong><\/p>\n<blockquote class=\"wp-embedded-content\" data-secret=\"nYPjDvZJ0Z\"><p><a href=\"https:\/\/www.radiopiu.net\/wordpress\/in-vivo-verso\/\">In Vivo Verso<\/a><\/p><\/blockquote>\n<p><iframe loading=\"lazy\" class=\"wp-embedded-content\" sandbox=\"allow-scripts\" security=\"restricted\" style=\"position: absolute; clip: rect(1px, 1px, 1px, 1px);\" title=\"&#8220;In Vivo Verso&#8221; &#8212; Radio Pi\u00f9\" src=\"https:\/\/www.radiopiu.net\/wordpress\/in-vivo-verso\/embed\/#?secret=qZC26ftmRf#?secret=nYPjDvZJ0Z\" data-secret=\"nYPjDvZJ0Z\" width=\"600\" height=\"338\" frameborder=\"0\" marginwidth=\"0\" marginheight=\"0\" scrolling=\"no\"><\/iframe><\/p>\n<\/div>\n<\/div>\n<\/div>\n<hr \/>\n<p>&nbsp;<\/p>\n<h2><span style=\"color: #008080;\">GOCCE DI FILOSOFIA<\/span><\/h2>\n<blockquote>\n<h3>GOCCE DI FILOSOFIA &#8211; PUNTATA 247 &#8211; CHIARA CAU<\/h3>\n<\/blockquote>\n<audio class=\"wp-audio-shortcode\" id=\"audio-322067-17\" preload=\"none\" style=\"width: 100%;\" controls=\"controls\"><source type=\"audio\/mpeg\" src=\"https:\/\/www.radiopiu.net\/wordpress\/wp-content\/uploads\/2023\/02\/FI2-1.mp3?_=17\" \/><a href=\"https:\/\/www.radiopiu.net\/wordpress\/wp-content\/uploads\/2023\/02\/FI2-1.mp3\">https:\/\/www.radiopiu.net\/wordpress\/wp-content\/uploads\/2023\/02\/FI2-1.mp3<\/a><\/audio>\n<p>&nbsp;<\/p>\n<p>LA RACCOLTA COMPLETA<\/p>\n<blockquote class=\"wp-embedded-content\" data-secret=\"J3Cq52JKKb\"><p><a href=\"https:\/\/www.radiopiu.net\/wordpress\/gocce-filosofia\/\">Gocce di filosofia,  LA TERZA STAGIONE&#8230; 2023<\/a><\/p><\/blockquote>\n<p><iframe loading=\"lazy\" class=\"wp-embedded-content\" sandbox=\"allow-scripts\" security=\"restricted\" style=\"position: absolute; clip: rect(1px, 1px, 1px, 1px);\" title=\"&#8220;Gocce di filosofia,  LA TERZA STAGIONE&#8230; 2023&#8221; &#8212; Radio Pi\u00f9\" src=\"https:\/\/www.radiopiu.net\/wordpress\/gocce-filosofia\/embed\/#?secret=FwrlYs49Sj#?secret=J3Cq52JKKb\" data-secret=\"J3Cq52JKKb\" width=\"600\" height=\"338\" frameborder=\"0\" marginwidth=\"0\" marginheight=\"0\" scrolling=\"no\"><\/iframe><\/p>\n<p>&nbsp;<\/p>\n<hr \/>\n<p>&nbsp;<\/p>\n<div class=\"column\">\n<p><img loading=\"lazy\" decoding=\"async\" class=\"aligncenter wp-image-61954 size-full\" src=\"https:\/\/www.radiopiu.net\/wordpress\/wp-content\/uploads\/2018\/09\/viabilita.jpeg\" sizes=\"auto, (max-width: 800px) 100vw, 800px\" srcset=\"https:\/\/www.radiopiu.net\/wordpress\/wp-content\/uploads\/2018\/09\/viabilita.jpeg 800w, https:\/\/www.radiopiu.net\/wordpress\/wp-content\/uploads\/2018\/09\/viabilita-300x38.jpeg 300w, https:\/\/www.radiopiu.net\/wordpress\/wp-content\/uploads\/2018\/09\/viabilita-768x96.jpeg 768w\" alt=\"\" width=\"800\" height=\"100\" \/><\/p>\n<p>&nbsp;<\/p>\n<p>&nbsp;<\/p>\n<p><strong>AGGIORNAMENTO VENETO STRADE, AGGIORNAMENTO CONTINUO H 24\u00a0<\/strong><\/p>\n<p><strong>SP1 BIS MADONNA DEL PIAVE,<\/strong>\u00a0localit\u00e0 Scalon,\u00a0dal 13 febbraio al 30 aprile\u00a0-esclusi festivi e prefestivi \u2013 senso unico alternato e possibili interruzioni fino a 15 minuti. \u00f9<\/p>\n<p><strong>SP 26 DI DIGOMAN<\/strong>\u00a0tra i Comuni di Rivamonte e Voltago,\u00a0dal 13 febbraio al 10 marzo\u00a0interdizione totale alla circolazione dalle 8 alle 17, negli altri periodi senso unico alternato regolato da semaforo.<\/p>\n<p><strong>SP3 VALLE IMPERINA<\/strong>\u00a0localit\u00e0 Gona (sopra Ponte Alto),\u00a0dal 13 febbraio al 17 marzo\u00a0senso unico alternato regolato da impianto semaforico.<\/p>\n<p><strong>SP 251 VAL DI ZOLDO E CELLINA<\/strong>\u00a0localit\u00e0 Ospitale,\u00a0dal 13 febbraio al 17 marzo\u00a0senso unico alternato, esclusi festivi e prefestivi.<\/p>\n<blockquote class=\"wp-embedded-content\" data-secret=\"C1pxvgbSBo\"><p><a href=\"https:\/\/www.radiopiu.net\/wordpress\/viabilita\/\">viabilita<\/a><\/p><\/blockquote>\n<p><iframe loading=\"lazy\" class=\"wp-embedded-content\" sandbox=\"allow-scripts\" security=\"restricted\" style=\"position: absolute; clip: rect(1px, 1px, 1px, 1px);\" title=\"&#8220;viabilita&#8221; &#8212; Radio Pi\u00f9\" src=\"https:\/\/www.radiopiu.net\/wordpress\/viabilita\/embed\/#?secret=uSbyAHXbhP#?secret=C1pxvgbSBo\" data-secret=\"C1pxvgbSBo\" width=\"600\" height=\"338\" frameborder=\"0\" marginwidth=\"0\" marginheight=\"0\" scrolling=\"no\"><\/iframe><\/p>\n<div>\n<div dir=\"ltr\">\n<div class=\"gmail_quote\">\n<div dir=\"ltr\">\n<div class=\"gmail_quote\"><\/div>\n<\/div>\n<\/div>\n<\/div>\n<\/div>\n<p>&nbsp;<\/p>\n<hr \/>\n<p>&nbsp;<\/p>\n<p><a class=\"dt-pswp-item\" href=\"https:\/\/www.radiopiu.net\/wordpress\/wp-content\/uploads\/2018\/09\/WhatsApp-Image-2018-09-20-at-16.04.06.jpeg\" data-dt-img-description=\"\" data-large_image_width=\"800\" data-large_image_height=\"100\"><img loading=\"lazy\" decoding=\"async\" class=\"wp-image-61378 size-full aligncenter\" src=\"https:\/\/www.radiopiu.net\/wordpress\/wp-content\/uploads\/2018\/09\/WhatsApp-Image-2018-09-20-at-16.04.06.jpeg\" alt=\"\" width=\"800\" height=\"100\" srcset=\"https:\/\/www.radiopiu.net\/wordpress\/wp-content\/uploads\/2018\/09\/WhatsApp-Image-2018-09-20-at-16.04.06.jpeg 800w, https:\/\/www.radiopiu.net\/wordpress\/wp-content\/uploads\/2018\/09\/WhatsApp-Image-2018-09-20-at-16.04.06-300x38.jpeg 300w, https:\/\/www.radiopiu.net\/wordpress\/wp-content\/uploads\/2018\/09\/WhatsApp-Image-2018-09-20-at-16.04.06-768x96.jpeg 768w\" sizes=\"auto, (max-width: 800px) 100vw, 800px\" \/><\/a><\/p>\n<p>&nbsp;<\/p>\n<p><center><\/center><center><b>OGGI<\/b><\/center><b>Tempo atteso: <\/b>Tempo sempre stabile e ben soleggiato con aria tersa e contesto termico ancora molto mite per il periodo, specie in quota e nelle valli ben esposte al soleggiamento. Non del tutto escluse locali foschie in alcune valli prealpine in rapido dissolvimento dopo l&#8217;alba.<br \/>\n<b>Precipitazioni: <\/b>Assenti (0%).<br \/>\n<b>Temperature: <\/b>In prevalenza senza notevoli variazioni, salvo qualche leggero calo, su valori ancora ben superiori alle medie del periodo. Persistenza dell&#8217;inversione termica nelle valli nelle ore fredde.<\/p>\n<hr \/>\n<p><center><b>DOMANI<\/b><\/center><b>Tempo atteso: <\/b>Tempo sempre ancora stabile, ma meno soleggiato dei giorni precedenti, sia per il passaggio di nubi alte che per qualche possibile nube bassa sulle basse valli prealpine nelle ore fredde, specie dopo il tramonto. Clima leggermente meno mite rispetto ai giorni precedenti.<br \/>\n<b>Precipitazioni: <\/b>Assenti (0%).<br \/>\n<b>Temperature: <\/b>In lieve o contenuto calo, soprattutto delle temperature massime, ma ancora su valori ben superiori alle medie del periodo a tutte le quote; persistenza di una moderata inversione termica nelle ore fredde.<\/p>\n<hr \/>\n<p><center><b>VENERDI<\/b><\/center>Sulle basse valli prealpine generalmente nuvoloso per nubi alte e per nubi basse nelle ore fredde in lento dissolvimento anche parziale, dove non sar\u00e0 del tutto escluso qualche sporadico piovasco. Sulle Dolomiti e sulle Prealpi in quota, invece, un po&#8217; pi\u00f9 soleggiato con cielo generalmente poco a tratti parzialmente nuvoloso per nubi alte o eventualmente per locali nubi basse. Temperature in contenuta diminuzione, specie le massime, di qualche grado superiori alle medie stagionali.<\/p>\n<hr \/>\n<p><center><b>SABATO<\/b><\/center>Sulle Dolomiti e sulle Prealpi in quota, tempo parzialmente soleggiato per transito di innocue nubi alte, mentre sulle basse valli prealpine tempo ancora generalmente nuvoloso, dove ci saranno foschie con banchi di nebbia o nubi basse nelle ore fredde, in diradamento anche parziale durante le ore diurne e non sar\u00e0 del tutto escluso qualche sporadico piovasco. Temperature in temporaneo contenuto aumento, con ripresa dell&#8217;inversione termica nelle valli<\/p>\n<p>&nbsp;<\/p>\n<div>\n<hr \/>\n<\/div>\n<p>&nbsp;<\/p>\n<p>&nbsp;<\/p>\n<blockquote>\n<h3>IL TERMOMETRO&#8230; SPECIALE NEVE, DA GOSALDO AD ARABBA, DA FALCADE AD ALLEGHE<\/h3>\n<\/blockquote>\n<p><strong>REDAZIONE<\/strong> A pochi giorni dal momento clou delle settimane bianche e dello sci, che coincide con il periodo di carnevale il punto sula stagione. Collegamento con le aree sciistiche del territorio, Renzo Minella (San Pellegrino-Falcade), Andrea Dal Farra (Alleghe-Ski CIvetta), Morgan Gnech (Forcella Aurine, Desma), Diedo De Battista (Arabba) e Marco Grigoletto (Presidente Anef)<\/p>\n<p><strong>audio di Mirko Mezzacasa<\/strong><\/p>\n<audio class=\"wp-audio-shortcode\" id=\"audio-322067-18\" preload=\"none\" style=\"width: 100%;\" controls=\"controls\"><source type=\"audio\/mpeg\" src=\"https:\/\/www.radiopiu.net\/wordpress\/wp-content\/uploads\/2023\/02\/SPECIALE-NEVE-2.mp3?_=18\" \/><a href=\"https:\/\/www.radiopiu.net\/wordpress\/wp-content\/uploads\/2023\/02\/SPECIALE-NEVE-2.mp3\">https:\/\/www.radiopiu.net\/wordpress\/wp-content\/uploads\/2023\/02\/SPECIALE-NEVE-2.mp3<\/a><\/audio>\n<p>&nbsp;<\/p>\n\n\t\t\t<style type='text\/css'>\n\t\t\t\t#gallery-7 {\n\t\t\t\t\tmargin: auto;\n\t\t\t\t}\n\t\t\t\t#gallery-7 .gallery-item {\n\t\t\t\t\tfloat: left;\n\t\t\t\t\tmargin-top: 10px;\n\t\t\t\t\ttext-align: center;\n\t\t\t\t\twidth: 20%;\n\t\t\t\t}\n\t\t\t\t#gallery-7 img {\n\t\t\t\t\tborder: 2px solid #cfcfcf;\n\t\t\t\t}\n\t\t\t\t#gallery-7 .gallery-caption {\n\t\t\t\t\tmargin-left: 0;\n\t\t\t\t}\n\t\t\t\t\/* see gallery_shortcode() in wp-includes\/media.php *\/\n\t\t\t<\/style>\n\t\t<div id='gallery-7' class='dt-gallery-container gallery galleryid-322067 gallery-columns-5 gallery-size-thumbnail'><dl class='gallery-item'>\n\t\t\t\t<dt class='gallery-icon landscape'>\n\t\t\t\t\t<a class=\"rollover rollover-zoom dt-pswp-item\" title=\"RENZO MINELLA\" data-dt-img-description=\"\" data-large_image_width=\"1024\" data-large_image_height=\"682\"href='https:\/\/www.radiopiu.net\/wordpress\/wp-content\/uploads\/2021\/02\/RENZO-MINELLA.jpg'><img loading=\"lazy\" decoding=\"async\" width=\"150\" height=\"150\" src=\"https:\/\/www.radiopiu.net\/wordpress\/wp-content\/uploads\/2021\/02\/RENZO-MINELLA-150x150.jpg\" class=\"attachment-thumbnail size-thumbnail\" alt=\"\" \/><\/a>\n\t\t\t\t<\/dt><\/dl><dl class='gallery-item'>\n\t\t\t\t<dt class='gallery-icon portrait'>\n\t\t\t\t\t<a class=\"rollover rollover-zoom dt-pswp-item\" title=\"farra-287x300\" data-dt-img-description=\"\" data-large_image_width=\"287\" data-large_image_height=\"300\"href='https:\/\/www.radiopiu.net\/wordpress\/wp-content\/uploads\/2023\/02\/farra-287x300-1.png'><img loading=\"lazy\" decoding=\"async\" width=\"150\" height=\"150\" src=\"https:\/\/www.radiopiu.net\/wordpress\/wp-content\/uploads\/2023\/02\/farra-287x300-1-150x150.png\" class=\"attachment-thumbnail size-thumbnail\" alt=\"\" aria-describedby=\"gallery-7-321971\" \/><\/a>\n\t\t\t\t<\/dt>\n\t\t\t\t\t<dd class='wp-caption-text gallery-caption' id='gallery-7-321971'>\n\t\t\t\t\tandrea dal farra\n\t\t\t\t\t<\/dd><\/dl><dl class='gallery-item'>\n\t\t\t\t<dt class='gallery-icon portrait'>\n\t\t\t\t\t<a class=\"rollover rollover-zoom dt-pswp-item\" title=\"morgan gnech\" data-dt-img-description=\"\" data-large_image_width=\"194\" data-large_image_height=\"259\"href='https:\/\/www.radiopiu.net\/wordpress\/wp-content\/uploads\/2020\/04\/morgan-gnech.jpeg'><img loading=\"lazy\" decoding=\"async\" width=\"150\" height=\"150\" src=\"https:\/\/www.radiopiu.net\/wordpress\/wp-content\/uploads\/2020\/04\/morgan-gnech-150x150.jpeg\" class=\"attachment-thumbnail size-thumbnail\" alt=\"\" aria-describedby=\"gallery-7-128130\" \/><\/a>\n\t\t\t\t<\/dt>\n\t\t\t\t\t<dd class='wp-caption-text gallery-caption' id='gallery-7-128130'>\n\t\t\t\t\tmorgan gnech\n\t\t\t\t\t<\/dd><\/dl><dl class='gallery-item'>\n\t\t\t\t<dt class='gallery-icon portrait'>\n\t\t\t\t\t<a class=\"rollover rollover-zoom dt-pswp-item\" title=\"diego de battista\" data-dt-img-description=\"\" data-large_image_width=\"194\" data-large_image_height=\"259\"href='https:\/\/www.radiopiu.net\/wordpress\/wp-content\/uploads\/2019\/12\/download-16.jpg'><img loading=\"lazy\" decoding=\"async\" width=\"150\" height=\"150\" src=\"https:\/\/www.radiopiu.net\/wordpress\/wp-content\/uploads\/2019\/12\/download-16-150x150.jpg\" class=\"attachment-thumbnail size-thumbnail\" alt=\"\" aria-describedby=\"gallery-7-111002\" \/><\/a>\n\t\t\t\t<\/dt>\n\t\t\t\t\t<dd class='wp-caption-text gallery-caption' id='gallery-7-111002'>\n\t\t\t\t\tdiego de battista \n\t\t\t\t\t<\/dd><\/dl><dl class='gallery-item'>\n\t\t\t\t<dt class='gallery-icon landscape'>\n\t\t\t\t\t<a class=\"rollover rollover-zoom dt-pswp-item\" title=\"foto_Marco_Grigoletto01\" data-dt-img-description=\"\" data-large_image_width=\"1600\" data-large_image_height=\"1064\"href='https:\/\/www.radiopiu.net\/wordpress\/wp-content\/uploads\/2021\/11\/foto_Marco_Grigoletto01.jpg'><img loading=\"lazy\" decoding=\"async\" width=\"150\" height=\"150\" src=\"https:\/\/www.radiopiu.net\/wordpress\/wp-content\/uploads\/2021\/11\/foto_Marco_Grigoletto01-150x150.jpg\" class=\"attachment-thumbnail size-thumbnail\" alt=\"\" aria-describedby=\"gallery-7-241599\" \/><\/a>\n\t\t\t\t<\/dt>\n\t\t\t\t\t<dd class='wp-caption-text gallery-caption' id='gallery-7-241599'>\n\t\t\t\t\tmarco grigoletto\n\t\t\t\t\t<\/dd><\/dl><br style=\"clear: both\" \/>\n\t\t\t<\/div>\n\n<p>&nbsp;<\/p>\n<blockquote class=\"wp-embedded-content\" data-secret=\"TO7TisDZXV\"><p><a href=\"https:\/\/www.radiopiu.net\/wordpress\/la-spedizione-oltre-il-proprio-limite-alla-ricerca-del-quasi-impossibile\/\">LA SPEDIZIONE OLTRE IL PROPRIO LIMITE, ALLA RICERCA DEL QUASI IMPOSSIBILE<\/a><\/p><\/blockquote>\n<p><iframe loading=\"lazy\" class=\"wp-embedded-content\" sandbox=\"allow-scripts\" security=\"restricted\" style=\"position: absolute; clip: rect(1px, 1px, 1px, 1px);\" title=\"&#8220;LA SPEDIZIONE OLTRE IL PROPRIO LIMITE, ALLA RICERCA DEL QUASI IMPOSSIBILE&#8221; &#8212; Radio Pi\u00f9\" src=\"https:\/\/www.radiopiu.net\/wordpress\/la-spedizione-oltre-il-proprio-limite-alla-ricerca-del-quasi-impossibile\/embed\/#?secret=gBBDSc1PPX#?secret=TO7TisDZXV\" data-secret=\"TO7TisDZXV\" width=\"600\" height=\"338\" frameborder=\"0\" marginwidth=\"0\" marginheight=\"0\" scrolling=\"no\"><\/iframe><\/p>\n<p>&nbsp;<\/p>\n<p><a class=\"dt-pswp-item\" href=\"https:\/\/www.radiopiu.net\/wordpress\/wp-content\/uploads\/2018\/09\/sport.jpg\" data-dt-img-description=\"\" data-large_image_width=\"800\" data-large_image_height=\"100\"><img loading=\"lazy\" decoding=\"async\" class=\"aligncenter wp-image-60761 size-full\" src=\"https:\/\/www.radiopiu.net\/wordpress\/wp-content\/uploads\/2018\/09\/sport.jpg\" alt=\"\" width=\"800\" height=\"100\" srcset=\"https:\/\/www.radiopiu.net\/wordpress\/wp-content\/uploads\/2018\/09\/sport.jpg 800w, https:\/\/www.radiopiu.net\/wordpress\/wp-content\/uploads\/2018\/09\/sport-300x38.jpg 300w, https:\/\/www.radiopiu.net\/wordpress\/wp-content\/uploads\/2018\/09\/sport-768x96.jpg 768w\" sizes=\"auto, (max-width: 800px) 100vw, 800px\" \/><\/a><\/p>\n<p>&nbsp;<\/p>\n<p><span style=\"color: #0000ff;\"><strong>CALCIO<\/strong><\/span><\/p>\n<blockquote>\n<h3>PER LA SALVEZZA MATEMATICA L&#8217;AGORDINA NON PUO&#8217; PIU&#8217; FARE PASSI FALSI<\/h3>\n<\/blockquote>\n<p><strong><a class=\"dt-pswp-item\" href=\"https:\/\/www.radiopiu.net\/wordpress\/wp-content\/uploads\/2023\/02\/CALCIO-PALLONE.png\" data-dt-img-description=\"\" data-large_image_width=\"769\" data-large_image_height=\"495\"><img loading=\"lazy\" decoding=\"async\" class=\" wp-image-322076 alignleft\" src=\"https:\/\/www.radiopiu.net\/wordpress\/wp-content\/uploads\/2023\/02\/CALCIO-PALLONE-300x193.png\" alt=\"\" width=\"201\" height=\"129\" srcset=\"https:\/\/www.radiopiu.net\/wordpress\/wp-content\/uploads\/2023\/02\/CALCIO-PALLONE-300x193.png 300w, https:\/\/www.radiopiu.net\/wordpress\/wp-content\/uploads\/2023\/02\/CALCIO-PALLONE.png 769w\" sizes=\"auto, (max-width: 201px) 100vw, 201px\" \/><\/a>di Marco Gaz<\/strong><\/p>\n<p><strong>REDAZIONE<\/strong> Da questo momento non si pu\u00f2 pi\u00f9 scherzare. L&#8217;Agordina di Seconda Categoria vive di alti e bassi ma domenica scorsa la prestazione non \u00e8 stata delle migliori. Una brutta partita contro il Nogar\u00e8 con la compagine di Belluno che ha vinto 2 a 0 sfruttando due disattenzioni degli agordini. Il primo gol dopo una confusione in area, il secondo con un contropiede fulminante. La formazione allenata da Lorenzi non ha brillato ed ora deve alzare l&#8217;asticella dell&#8217;attenzione anche perch\u00e9 in classifica il Gemelle si sta avvicinando e il rischio di rimanere fuori dalla zona salvezza \u00e8 sempre pi\u00f9 vicino. Ora per l&#8217;Agordina arriva il momento pi\u00f9 difficile del girone di ritorno. A partire dalla prossima partita la compagine di Agordo si trover\u00e0 di fronte le squadre pi\u00f9 ostiche del campionato, a partire dal Castion, quarta forza del torneo, che domenica sar\u00e0 all&#8217;Ivano Dorigo di Agordo.<\/p>\n<p><strong>MARCO LORENZI, ALLENATORE DELL&#8217;AGORDINA<\/strong><\/p>\n<audio class=\"wp-audio-shortcode\" id=\"audio-322067-19\" preload=\"none\" style=\"width: 100%;\" controls=\"controls\"><source type=\"audio\/mpeg\" src=\"https:\/\/www.radiopiu.net\/wordpress\/wp-content\/uploads\/2023\/02\/MARCO-LORENZI-NOGARE.mp3?_=19\" \/><a href=\"https:\/\/www.radiopiu.net\/wordpress\/wp-content\/uploads\/2023\/02\/MARCO-LORENZI-NOGARE.mp3\">https:\/\/www.radiopiu.net\/wordpress\/wp-content\/uploads\/2023\/02\/MARCO-LORENZI-NOGARE.mp3<\/a><\/audio>\n<p>&nbsp;<\/p>\n<p>&nbsp;<\/p>\n<blockquote>\n<h2>DENIS MEZZACASA SUBITO A PODIO NELLA GARA DI RIJEKA<\/h2>\n<\/blockquote>\n<p>&nbsp;<\/p>\n<p><a class=\"dt-pswp-item\" href=\"https:\/\/www.radiopiu.net\/wordpress\/wp-content\/uploads\/2023\/02\/b5aeed09-ff23-459c-8798-f1ec0b0e3a26.jpg\" data-dt-img-description=\"\" data-large_image_width=\"960\" data-large_image_height=\"720\"><img loading=\"lazy\" decoding=\"async\" class=\" wp-image-321656 alignleft\" src=\"https:\/\/www.radiopiu.net\/wordpress\/wp-content\/uploads\/2023\/02\/b5aeed09-ff23-459c-8798-f1ec0b0e3a26-300x225.jpg\" alt=\"\" width=\"179\" height=\"134\" srcset=\"https:\/\/www.radiopiu.net\/wordpress\/wp-content\/uploads\/2023\/02\/b5aeed09-ff23-459c-8798-f1ec0b0e3a26-300x225.jpg 300w, https:\/\/www.radiopiu.net\/wordpress\/wp-content\/uploads\/2023\/02\/b5aeed09-ff23-459c-8798-f1ec0b0e3a26-768x576.jpg 768w, https:\/\/www.radiopiu.net\/wordpress\/wp-content\/uploads\/2023\/02\/b5aeed09-ff23-459c-8798-f1ec0b0e3a26.jpg 960w\" sizes=\"auto, (max-width: 179px) 100vw, 179px\" \/><\/a><strong>RIJEKA (CROAZIA)<\/strong><\/p>\n<p>di Roberto Bona<\/p>\n<audio class=\"wp-audio-shortcode\" id=\"audio-322067-20\" preload=\"none\" style=\"width: 100%;\" controls=\"controls\"><source type=\"audio\/mpeg\" src=\"https:\/\/www.radiopiu.net\/wordpress\/wp-content\/uploads\/2023\/02\/BONA-DENIS-MEZZACASA.mp3?_=20\" \/><a href=\"https:\/\/www.radiopiu.net\/wordpress\/wp-content\/uploads\/2023\/02\/BONA-DENIS-MEZZACASA.mp3\">https:\/\/www.radiopiu.net\/wordpress\/wp-content\/uploads\/2023\/02\/BONA-DENIS-MEZZACASA.mp3<\/a><\/audio>\n<p>&nbsp;<\/p>\n<p>&nbsp;<\/p>\n<p>&nbsp;<\/p>\n<p>&nbsp;<\/p>\n<p>&nbsp;<\/p>\n<p>&nbsp;<\/p>\n<\/div>\n","protected":false},"excerpt":{"rendered":"<p>RADIO PIU INFORMAZIONE il canale su TELEGRAM informazione di prima\u00a0 mano e in tempo reale. iscriviti ed aiutaci a farlo conoscere\u00a0\u00a0 STAMBECCHI A SOTTOGUDA &#8211; VIDEO &#8211; Meraviglie dall&#8217;Agordino ROCCA PIETORE La colazione dello stambecco dalle possenti corna. Video realizzato poco oltre l&#8217;abitato di Sottoguda. VIDEO DI DANILO FERSUOCH &nbsp; &nbsp; ISCRIVITI AL NOSTRO CANALE&hellip;<\/p>\n","protected":false},"author":4,"featured_media":322127,"comment_status":"closed","ping_status":"closed","sticky":false,"template":"","format":"standard","meta":{"_monsterinsights_skip_tracking":false,"_monsterinsights_sitenote_active":false,"_monsterinsights_sitenote_note":"","_monsterinsights_sitenote_category":0,"footnotes":""},"categories":[51,86,49],"tags":[],"class_list":["post-322067","post","type-post","status-publish","format-standard","has-post-thumbnail","hentry","category-evidenza-top","category-gr","category-news-18","category-51","category-86","category-49","description-off"],"img_url":"https:\/\/www.radiopiu.net\/wordpress\/wp-content\/uploads\/2023\/02\/Watermark_20230214_151907_686.jpg","_links":{"self":[{"href":"https:\/\/www.radiopiu.net\/wordpress\/wp-json\/wp\/v2\/posts\/322067","targetHints":{"allow":["GET"]}}],"collection":[{"href":"https:\/\/www.radiopiu.net\/wordpress\/wp-json\/wp\/v2\/posts"}],"about":[{"href":"https:\/\/www.radiopiu.net\/wordpress\/wp-json\/wp\/v2\/types\/post"}],"author":[{"embeddable":true,"href":"https:\/\/www.radiopiu.net\/wordpress\/wp-json\/wp\/v2\/users\/4"}],"replies":[{"embeddable":true,"href":"https:\/\/www.radiopiu.net\/wordpress\/wp-json\/wp\/v2\/comments?post=322067"}],"version-history":[{"count":0,"href":"https:\/\/www.radiopiu.net\/wordpress\/wp-json\/wp\/v2\/posts\/322067\/revisions"}],"wp:featuredmedia":[{"embeddable":true,"href":"https:\/\/www.radiopiu.net\/wordpress\/wp-json\/wp\/v2\/media\/322127"}],"wp:attachment":[{"href":"https:\/\/www.radiopiu.net\/wordpress\/wp-json\/wp\/v2\/media?parent=322067"}],"wp:term":[{"taxonomy":"category","embeddable":true,"href":"https:\/\/www.radiopiu.net\/wordpress\/wp-json\/wp\/v2\/categories?post=322067"},{"taxonomy":"post_tag","embeddable":true,"href":"https:\/\/www.radiopiu.net\/wordpress\/wp-json\/wp\/v2\/tags?post=322067"}],"curies":[{"name":"wp","href":"https:\/\/api.w.org\/{rel}","templated":true}]}}