{"id":322070,"date":"2023-02-14T23:59:50","date_gmt":"2023-02-14T22:59:50","guid":{"rendered":"https:\/\/www.radiopiu.net\/wordpress\/?p=322070"},"modified":"2023-02-15T05:37:22","modified_gmt":"2023-02-15T04:37:22","slug":"per-la-salvezza-matematica-lagordina-non-puo-piu-fare-passi-falsi","status":"publish","type":"post","link":"https:\/\/www.radiopiu.net\/wordpress\/per-la-salvezza-matematica-lagordina-non-puo-piu-fare-passi-falsi\/","title":{"rendered":"PER LA SALVEZZA MATEMATICA L&#8217;AGORDINA NON PUO&#8217; PIU&#8217; FARE PASSI FALSI"},"content":{"rendered":"<p><strong><a class=\"dt-pswp-item\" href=\"https:\/\/www.radiopiu.net\/wordpress\/wp-content\/uploads\/2023\/02\/CALCIO-PALLONE.png\" data-dt-img-description=\"\" data-large_image_width=\"769\" data-large_image_height=\"495\"><img loading=\"lazy\" decoding=\"async\" class=\" wp-image-322076 alignleft\" src=\"https:\/\/www.radiopiu.net\/wordpress\/wp-content\/uploads\/2023\/02\/CALCIO-PALLONE-300x193.png\" alt=\"\" width=\"201\" height=\"129\" srcset=\"https:\/\/www.radiopiu.net\/wordpress\/wp-content\/uploads\/2023\/02\/CALCIO-PALLONE-300x193.png 300w, https:\/\/www.radiopiu.net\/wordpress\/wp-content\/uploads\/2023\/02\/CALCIO-PALLONE.png 769w\" sizes=\"auto, (max-width: 201px) 100vw, 201px\" \/><\/a>di Marco Gaz<\/strong><\/p>\n<p><strong>REDAZIONE<\/strong> Da questo momento non si pu\u00f2 pi\u00f9 scherzare. L&#8217;Agordina di Seconda Categoria vive di alti e bassi ma domenica scorsa la prestazione non \u00e8 stata delle migliori. Una brutta partita contro il Nogar\u00e8 con la compagine di Belluno che ha vinto 2 a 0 sfruttando due disattenzioni degli agordini. Il primo gol dopo una confusione in area, il secondo con un contropiede fulminante. La formazione allenata da Lorenzi non ha brillato ed ora deve alzare l&#8217;asticella dell&#8217;attenzione anche perch\u00e9 in classifica il Gemelle si sta avvicinando e il rischio di rimanere fuori dalla zona salvezza \u00e8 sempre pi\u00f9 vicino. Ora per l&#8217;Agordina arriva il momento pi\u00f9 difficile del girone di ritorno. A partire dalla prossima partita la compagine di Agordo si trover\u00e0 di fronte le squadre pi\u00f9 ostiche del campionato, a partire dal Castion, quarta forza del torneo, che domenica sar\u00e0 all&#8217;Ivano Dorigo di Agordo.<\/p>\n<p><strong>MARCO LORENZI, ALLENATORE DELL&#8217;AGORDINA<\/strong><\/p>\n<audio class=\"wp-audio-shortcode\" id=\"audio-322070-1\" preload=\"none\" style=\"width: 100%;\" controls=\"controls\"><source type=\"audio\/mpeg\" src=\"https:\/\/www.radiopiu.net\/wordpress\/wp-content\/uploads\/2023\/02\/MARCO-LORENZI-NOGARE.mp3?_=1\" \/><a href=\"https:\/\/www.radiopiu.net\/wordpress\/wp-content\/uploads\/2023\/02\/MARCO-LORENZI-NOGARE.mp3\">https:\/\/www.radiopiu.net\/wordpress\/wp-content\/uploads\/2023\/02\/MARCO-LORENZI-NOGARE.mp3<\/a><\/audio>\n<p>&nbsp;<\/p>\n<p>*******<\/p>\n","protected":false},"excerpt":{"rendered":"<p>di Marco Gaz REDAZIONE Da questo momento non si pu\u00f2 pi\u00f9 scherzare. L&#8217;Agordina di Seconda Categoria vive di alti e bassi ma domenica scorsa la prestazione non \u00e8 stata delle migliori. Una brutta partita contro il Nogar\u00e8 con la compagine di Belluno che ha vinto 2 a 0 sfruttando due disattenzioni degli agordini. Il primo&hellip;<\/p>\n","protected":false},"author":4,"featured_media":322076,"comment_status":"closed","ping_status":"closed","sticky":false,"template":"","format":"standard","meta":{"_monsterinsights_skip_tracking":false,"_monsterinsights_sitenote_active":false,"_monsterinsights_sitenote_note":"","_monsterinsights_sitenote_category":0,"footnotes":""},"categories":[104,49],"tags":[],"class_list":["post-322070","post","type-post","status-publish","format-standard","has-post-thumbnail","hentry","category-evidenza_3","category-news-18","category-104","category-49","description-off"],"img_url":"https:\/\/www.radiopiu.net\/wordpress\/wp-content\/uploads\/2023\/02\/CALCIO-PALLONE.png","_links":{"self":[{"href":"https:\/\/www.radiopiu.net\/wordpress\/wp-json\/wp\/v2\/posts\/322070","targetHints":{"allow":["GET"]}}],"collection":[{"href":"https:\/\/www.radiopiu.net\/wordpress\/wp-json\/wp\/v2\/posts"}],"about":[{"href":"https:\/\/www.radiopiu.net\/wordpress\/wp-json\/wp\/v2\/types\/post"}],"author":[{"embeddable":true,"href":"https:\/\/www.radiopiu.net\/wordpress\/wp-json\/wp\/v2\/users\/4"}],"replies":[{"embeddable":true,"href":"https:\/\/www.radiopiu.net\/wordpress\/wp-json\/wp\/v2\/comments?post=322070"}],"version-history":[{"count":0,"href":"https:\/\/www.radiopiu.net\/wordpress\/wp-json\/wp\/v2\/posts\/322070\/revisions"}],"wp:featuredmedia":[{"embeddable":true,"href":"https:\/\/www.radiopiu.net\/wordpress\/wp-json\/wp\/v2\/media\/322076"}],"wp:attachment":[{"href":"https:\/\/www.radiopiu.net\/wordpress\/wp-json\/wp\/v2\/media?parent=322070"}],"wp:term":[{"taxonomy":"category","embeddable":true,"href":"https:\/\/www.radiopiu.net\/wordpress\/wp-json\/wp\/v2\/categories?post=322070"},{"taxonomy":"post_tag","embeddable":true,"href":"https:\/\/www.radiopiu.net\/wordpress\/wp-json\/wp\/v2\/tags?post=322070"}],"curies":[{"name":"wp","href":"https:\/\/api.w.org\/{rel}","templated":true}]}}