{"id":322085,"date":"2023-02-14T10:41:42","date_gmt":"2023-02-14T09:41:42","guid":{"rendered":"https:\/\/www.radiopiu.net\/wordpress\/?p=322085"},"modified":"2023-02-14T10:43:20","modified_gmt":"2023-02-14T09:43:20","slug":"il-nuovo-libro-di-roberto-de-nart","status":"publish","type":"post","link":"https:\/\/www.radiopiu.net\/wordpress\/il-nuovo-libro-di-roberto-de-nart\/","title":{"rendered":"IL NUOVO LIBRO DI ROBERTO DE NART SULL&#8217;INQUIETANTE MORTE DI LEA LUZZATTO"},"content":{"rendered":"<p><strong><a class=\"dt-pswp-item\" href=\"https:\/\/www.radiopiu.net\/wordpress\/wp-content\/uploads\/2023\/02\/copertila-lea-luzzatto-2-definitiva.jpg\" data-dt-img-description=\"\" data-large_image_width=\"583\" data-large_image_height=\"806\"><img loading=\"lazy\" decoding=\"async\" class=\" wp-image-322089 alignleft\" src=\"https:\/\/www.radiopiu.net\/wordpress\/wp-content\/uploads\/2023\/02\/copertila-lea-luzzatto-2-definitiva-217x300.jpg\" alt=\"\" width=\"113\" height=\"156\" srcset=\"https:\/\/www.radiopiu.net\/wordpress\/wp-content\/uploads\/2023\/02\/copertila-lea-luzzatto-2-definitiva-217x300.jpg 217w, https:\/\/www.radiopiu.net\/wordpress\/wp-content\/uploads\/2023\/02\/copertila-lea-luzzatto-2-definitiva.jpg 583w\" sizes=\"auto, (max-width: 113px) 100vw, 113px\" \/><\/a>BELLUNO <\/strong>Sabato 25 febbraio alle 18 alla Libreria Tarantola di Belluno, in via Psaro 13\/A, si terr\u00e0 la presentazione del libro \u201cL\u2019inquietante morte di Lea Luzzatto\u201d di Roberto De Nart. Conduce l\u2019incontro Anna Polifroni, avvocato del Foro di Belluno. Lea Luzzatto \u00e8 una giovane professoressa bellunese di 23 anni che viene trovata esanime in casa, riversa in una pozza di sangue con il cranio fracassato nella gelida notte del 17 dicembre 1946. Il suo corpo giace in fondo alle scale della villetta di famiglia in via Feltre n.1 dove abita con la madre e il fratello. Il fatto fa molto scalpore in citt\u00e0, perch\u00e9 coinvolge una nota famiglia della borghesia bellunese. Morte accidentale o delitto? La triste vicenda \u00e8 ricostruita dall\u2019autore attraverso gli atti processuali conservati all\u2019Archivio di Stato di Venezia e gli articoli di giornale dell\u2019epoca.<\/p>\n<p>&nbsp;<\/p>\n<p>&nbsp;<\/p>\n<p>*******<\/p>\n<p>&nbsp;<\/p>\n","protected":false},"excerpt":{"rendered":"<p>BELLUNO Sabato 25 febbraio alle 18 alla Libreria Tarantola di Belluno, in via Psaro 13\/A, si terr\u00e0 la presentazione del libro \u201cL\u2019inquietante morte di Lea Luzzatto\u201d di Roberto De Nart. Conduce l\u2019incontro Anna Polifroni, avvocato del Foro di Belluno. Lea Luzzatto \u00e8 una giovane professoressa bellunese di 23 anni che viene trovata esanime in casa,&hellip;<\/p>\n","protected":false},"author":4,"featured_media":322089,"comment_status":"closed","ping_status":"closed","sticky":false,"template":"","format":"standard","meta":{"_monsterinsights_skip_tracking":false,"_monsterinsights_sitenote_active":false,"_monsterinsights_sitenote_note":"","_monsterinsights_sitenote_category":0,"footnotes":""},"categories":[49],"tags":[],"class_list":["post-322085","post","type-post","status-publish","format-standard","has-post-thumbnail","hentry","category-news-18","category-49","description-off"],"img_url":"https:\/\/www.radiopiu.net\/wordpress\/wp-content\/uploads\/2023\/02\/copertila-lea-luzzatto-2-definitiva.jpg","_links":{"self":[{"href":"https:\/\/www.radiopiu.net\/wordpress\/wp-json\/wp\/v2\/posts\/322085","targetHints":{"allow":["GET"]}}],"collection":[{"href":"https:\/\/www.radiopiu.net\/wordpress\/wp-json\/wp\/v2\/posts"}],"about":[{"href":"https:\/\/www.radiopiu.net\/wordpress\/wp-json\/wp\/v2\/types\/post"}],"author":[{"embeddable":true,"href":"https:\/\/www.radiopiu.net\/wordpress\/wp-json\/wp\/v2\/users\/4"}],"replies":[{"embeddable":true,"href":"https:\/\/www.radiopiu.net\/wordpress\/wp-json\/wp\/v2\/comments?post=322085"}],"version-history":[{"count":0,"href":"https:\/\/www.radiopiu.net\/wordpress\/wp-json\/wp\/v2\/posts\/322085\/revisions"}],"wp:featuredmedia":[{"embeddable":true,"href":"https:\/\/www.radiopiu.net\/wordpress\/wp-json\/wp\/v2\/media\/322089"}],"wp:attachment":[{"href":"https:\/\/www.radiopiu.net\/wordpress\/wp-json\/wp\/v2\/media?parent=322085"}],"wp:term":[{"taxonomy":"category","embeddable":true,"href":"https:\/\/www.radiopiu.net\/wordpress\/wp-json\/wp\/v2\/categories?post=322085"},{"taxonomy":"post_tag","embeddable":true,"href":"https:\/\/www.radiopiu.net\/wordpress\/wp-json\/wp\/v2\/tags?post=322085"}],"curies":[{"name":"wp","href":"https:\/\/api.w.org\/{rel}","templated":true}]}}