{"id":322188,"date":"2023-02-14T23:54:15","date_gmt":"2023-02-14T22:54:15","guid":{"rendered":"https:\/\/www.radiopiu.net\/wordpress\/?p=322188"},"modified":"2023-02-15T05:38:51","modified_gmt":"2023-02-15T04:38:51","slug":"santa-maria-del-prato-ospedale-in-salute","status":"publish","type":"post","link":"https:\/\/www.radiopiu.net\/wordpress\/santa-maria-del-prato-ospedale-in-salute\/","title":{"rendered":"SANTA MARIA DEL PRATO, OSPEDALE IN SALUTE"},"content":{"rendered":"<blockquote><p><span style=\"font-size: medium;\">Il 2022 \u00e8 stato un anno ricco di novit\u00e0 positive per l\u2019ospedale di Feltre che si conferma un centro di eccellenza, scelto da molti pazienti anche da fuori Ulss.<\/span><\/p><\/blockquote>\n<p><span style=\"font-size: medium;\"><b><img decoding=\"async\" class=\"alignleft\" src=\"https:\/\/www.radiopiu.net\/wordpress\/wp-content\/uploads\/2023\/02\/Nuovo-blocco-operatorio-Ospedale-di-Feltre-300x300.jpeg\" \/>Alcuni dati di Attivit\u00e0: <\/b><\/span><span style=\"font-size: medium;\">Il 2022, nonostante la carenza di medici che interessa tutto il servizio sanitario a livello nazionale, ha visto la crescita di tutti gli indicatori dell\u2019ospedale di Feltre rispetto al 2021. <\/span><span style=\"font-size: medium;\"><b>I ricoveri sono stati oltre 9.900<\/b><\/span><span style=\"font-size: medium;\">, rispetto agli 8.600 del 2021, di <\/span><span style=\"font-size: medium;\"><b>cui 2.100 per persone provenienti da fuori provincia <\/b><\/span><span style=\"font-size: medium;\">(1.210 da altre parti del Veneto, 890 extraregione). <\/span><span style=\"font-size: medium;\">Gli accessi al <\/span><span style=\"font-size: medium;\"><b>Pronto Soccorso<\/b><\/span><span style=\"font-size: medium;\"> di Feltre sono stati 33.460, rispetto ai 27.445 del 2021, con un <\/span><span style=\"font-size: medium;\"><b>incremento del 22%. <\/b><\/span><span style=\"font-size: medium;\"><b>Gli interventi chirurgici<\/b><\/span><span style=\"font-size: medium;\"> sono stati 7.985 nel 2022, rispetto ai 7.062 del 2021, con un <\/span><span style=\"font-size: medium;\"><b>incremento del 13%. <\/b><\/span><span style=\"font-size: medium;\">Le specialit\u00e0 che pi\u00f9 hanno aumentato le attivit\u00e0 sono state <\/span><span style=\"font-size: medium;\"><b>Ortopedia<\/b><\/span><span style=\"font-size: medium;\"> con 1.248 interventi eseguiti nell\u2019anno (+56% rispetto al 2021) e <\/span><span style=\"font-size: medium;\"><b>ORL<\/b><\/span><span style=\"font-size: medium;\"> con 561 interventi (+ 51% rispetto al 2021). Importante il volume di interventi di <\/span><span style=\"font-size: medium;\"><b>Urologia <\/b><\/span><span style=\"font-size: medium;\">con 1.767 interventi nell\u2019anno e di <\/span><span style=\"font-size: medium;\"><b>Ginecologia <\/b><\/span><span style=\"font-size: medium;\">con 1.514 interventi. In <\/span><span style=\"font-size: medium;\"><b>Chirurgia generale<\/b><\/span><span style=\"font-size: medium;\"> sono stati eseguiti 1.658 interventi. <\/span><span style=\"font-size: medium;\"><b>Le prestazioni erogate, compreso il laboratorio analisi, sono state oltre 1 milione. <\/b><\/span><span style=\"font-size: medium;\">Le prestazioni ambulatoriali (escluso laboratorio) sono state 299 mila, rispetto alle 271 mila del 2021, e hanno superato il volume di attivit\u00e0 del 2019 (anno pre covid) 287.633, pur con un numero di medici inferiore e con la necessit\u00e0 di recuperare le prestazioni sospese per il covid. <\/span><span style=\"font-size: medium;\">Importante il volume di attivit\u00e0 della <\/span><span style=\"font-size: medium;\"><b>Radiologia<\/b><\/span><span style=\"font-size: medium;\"> con quasi 50 mila prestazioni erogate. <\/span><span style=\"font-size: medium;\">Anche la<\/span><span style=\"font-size: medium;\"><b> Pediatria<\/b><\/span><span style=\"font-size: medium;\"> ha superato il volume di attivit\u00e0 del 2021 sia come ricoveri che prestazioni. Un ospedale dove sono riprese anche le attivit\u00e0 di umanizzazione e di sensibilizzazione attraverso gli open day e dove viene prestata attenzione all\u2019accoglienza del paziente e sulla sicurezza delle cure.<\/span><\/p>\n<p><span style=\"font-size: medium;\"><b>Nuovi primari: <\/b><\/span><span style=\"font-size: medium;\">Nel corso del 2022 sono stati nominati ben <\/span><span style=\"font-size: medium;\"><b>7 primari a Feltre<\/b><\/span><span style=\"font-size: medium;\">: <\/span><span style=\"font-size: medium;\"><b>Angelo Brega<\/b><\/span><span style=\"font-size: medium;\">, direttore della Psichiatria, che ha dato impulso a una nuova visione della salute mentale anche attraverso l\u2019attraverso la montagna terapia, facendo scuola in altre realt\u00e0; <\/span><span style=\"font-size: medium;\"><b>Stefano Di Fabio<\/b><\/span><span style=\"font-size: medium;\">, direttore della Ortopedia, che in pochi mesi ha dato un forte impulso agli interventi ortopedici, facendo attrazione in particolare per gli interventi alla spalla; <\/span><span style=\"font-size: medium;\"><b>Cinzia Omiciuolo<\/b><\/span><span style=\"font-size: medium;\">, direttore della Geriatria, apprezzata per le capacit\u00e0 organizzative che le hanno consentito di dirigente anche il reparto covid multidisciplinare; <\/span><span style=\"font-size: medium;\"><b>Lucia Dalla Torre<\/b><\/span><span style=\"font-size: medium;\">, direttore del Distretto che sta affrontando con determinazione il difficile compito della riorganizzazione della medicina di famiglia; <\/span><span style=\"font-size: medium;\"><b>Maurizio Nicodemo<\/b><\/span><span style=\"font-size: medium;\">, direttore dell\u2019oncologia che fin da subito si \u00e8 messo a disposizione dei pazienti e della sua equipe per dare risposte tempestive ai pazienti oncologici e <\/span><span style=\"font-size: medium;\"><b>Carlo Malavisi, <\/b><\/span><span style=\"font-size: medium;\">direttore della Anestesia che ha il compito di coordinare le attivit\u00e0 del nuovo gruppo operatorio; infine, nel delicato ruolo della direzione medica di ospedale, \u00e8 stata nominata <\/span><span style=\"font-size: medium;\"><b>Sabrina Marconato, <\/b><\/span><span style=\"font-size: medium;\">solido riferimento per tutte le unit\u00e0 operative.<\/span><\/p>\n<p><span style=\"font-size: medium;\">Oltre a questi, nei servizi trasversali, sono state nominate <\/span><span style=\"font-size: medium;\"><b>Federica Schievenin<\/b><\/span><span style=\"font-size: medium;\">, giovane feltrina, alla Farmacia territoriale e <\/span><span style=\"font-size: medium;\"><b>Amalia Manzan<\/b><\/span><span style=\"font-size: medium;\"> al SerD con cui \u00e8 stata inaugurata la nuova sede del servizio a giugno nella ex casa di cura Bellati. <\/span><span style=\"font-size: medium;\">A giorni saranno pubblicati gli avvisi per la ricerca dei nuovi primari di Medicina e di Cardiologia il cui iter \u00e8 gi\u00e0 a buon punto: dopo i tempi tecnici di pubblicazione del bando si proceder\u00e0 speditamente all\u2019espletamento delle procedure.<\/span><\/p>\n<p><span style=\"font-size: medium;\"><b>Personale: <\/b><\/span><span style=\"font-size: medium;\">Nel 2022, all\u2019ospedale di Feltre hanno <\/span><span style=\"font-size: medium;\"><b>concluso il loro servizio 83<\/b><\/span><span style=\"font-size: medium;\"> dipendenti con ruolo sanitario di cui 19 medici, 2 veterinari e 2 psicologi, 27 infermieri, 9 tecnici e 11 tra OSS e 13 altro personale del comparto sanitario. Ne sono per\u00f2 stati <\/span><span style=\"font-size: medium;\"><b>assunti 99<\/b><\/span><span style=\"font-size: medium;\">: 14 medici, 4 veterinari, 1 psicologo, 29 infermieri, 12 tecnici (ostetriche, fisioterapisti, etc), 27 OSS e 12 altro personale del comparto.<\/span><\/p>\n<p><span style=\"font-size: medium;\"><b>Investimenti in attrezzature: <\/b><\/span><span style=\"font-size: medium;\">Oltre al <\/span><span style=\"font-size: medium;\"><b>robot chirurgico<\/b><\/span><span style=\"font-size: medium;\"> (del valore di circa 4 milioni di euro con cofinanziamento degli FCC) in fase di acquisto e l\u2019avvio della progettazione della nuova <\/span><span style=\"font-size: medium;\"><b>piastra endoscopica<\/b><\/span><span style=\"font-size: medium;\"> (valore complessivo di <\/span><span style=\"font-size: medium;\">\u20ac 5,2 milioni di euro di cui 2 per lavori ed 3,2 per apparecchiature ed arredi)<\/span><span style=\"font-size: medium;\">, il 2022 \u00e8 stato l\u2019anno dell\u2019acquisizione dei <\/span><span style=\"font-size: medium;\"><b>sistemi di intelligenza artificiale<\/b><\/span><span style=\"font-size: medium;\"> per la <\/span><span style=\"font-size: medium;\"><b>Gastroenterologia<\/b><\/span><span style=\"font-size: medium;\">, operativo a Feltre prima che nei maggiori centri regionali, e del sistema <\/span><span style=\"font-size: medium;\"><b>RAPID per la diagnosi di ictus<\/b><\/span><span style=\"font-size: medium;\">. \u00c8 stata acquistata anche una <\/span><span style=\"font-size: medium;\"><b>colonna videobroncoscopica<\/b><\/span><span style=\"font-size: medium;\"> (219 mila euro) , il <\/span><span style=\"font-size: medium;\"><b>laser urologico<\/b><\/span><span style=\"font-size: medium;\"> (177 mila euro), il sistema completo di uro dinamica, 5 ecografi (258 mila euro), un nuovo sistema di lettori holter (80 mila euro), 7 sollevapazienti, 1 tronbolesatografo, morcellatore e sistemi per il posizionamento di cateteri. Nel 2023 \u00e8 stato inoltre affidato il nuovo sistema diagnostico per il laboratorio analisi.<\/span><\/p>\n<p><span style=\"font-size: medium;\"><b>Investimenti in edilizia: <\/b><\/span><span style=\"font-size: medium;\">E\u2019 in corso l\u2019appalto per la progettazione del corposo intervento di 32 milioni di euro per il miglioramento sismico e la riqualificazione energetica dell\u2019ospedale di Feltre. E\u2019 in corso l\u2019appalto per la realizzazione dell\u2019ospedale di comunit\u00e0 per 1,5 milioni di euro. Importanti gli interventi alla <\/span><span style=\"font-size: medium;\"><b>ex casa di cura Bellati<\/b><\/span><span style=\"font-size: medium;\"> sia per il rifacimento del tetto (850 mila euro), l\u2019adeguamento alla normativa antincendio (1,4 milioni) che per la realizzazione della casa della comunit\u00e0 (4 milioni di euro).<\/span><\/p>\n<p><span style=\"font-size: medium;\">Inoltre, \u00e8 stata ammodernata la<\/span><span style=\"font-size: medium;\"><b> foresteria<\/b><\/span><span style=\"font-size: medium;\"> per accogliere medici e offrire supporto agli specializzandi che completano il percorso formativo in Ulss Dolomiti, grazie al protocollo sottoscritto con l\u2019Universit\u00e0 di Padova.<\/span><\/p>\n<p><span style=\"font-size: medium;\"><b>Attrazione: <\/b><\/span><span style=\"font-size: medium;\">Tra le unit\u00e0 operative che maggiormente richiamo pazienti da fuori ulss vi sono la Ostetricia e ginecologia sia per i parti (molto apprezzata la musicoterapia e cromoterapia inaugurata nel 2022) che per gli interventi ginecologici anche di ambito oncologico; la Gastroenterologia, con oltre 6.500 prestazioni erogate a persone provenienti da altre zone (in particolare per l\u2019ambulatorio IBD), la Cardiologia e la Dialisi che seguono molti pazienti anche dal Primiero grazie anche alla telemedicina; l\u2019Urologia che ha fatto rete aziendale supportando anche Belluno, la Riabilitazione, che con spirito di servizio, continua ad erogare le prestazione temporaneamente a Feltre in attesa di rientrare a Lamon, la Allergologia, la Pneumologia e l\u2019Oncologia.<\/span><\/p>\n<p><span style=\"font-size: medium;\"><b>Ricerca: <\/b><\/span><span style=\"font-size: medium;\">Alcune unit\u00e0 operative, in particolare la Gastroenterologia, l\u2019Oncologia, la Chirurgia e la Cardiologia hanno al loro attivo anche studi scientifici per la ricerca clinica in rete con importanti realt\u00e0 internazionali.<\/span><\/p>\n<p><span style=\"font-size: medium;\">Dai dati oggettivi, emerge il quadro di un ospedale in salute che, pur nella difficolt\u00e0 generale della sanit\u00e0 dovuta alla carenza di personale, fa squadra e si adopera con impegno, sinergia tra reparti e senso di appartenenza per rispondere ai bisogni di salute della comunit\u00e0 feltrina, del Primiero e non solo. <\/span><\/p>\n<p>&nbsp;<\/p>\n","protected":false},"excerpt":{"rendered":"<p>Il 2022 \u00e8 stato un anno ricco di novit\u00e0 positive per l\u2019ospedale di Feltre che si conferma un centro di eccellenza, scelto da molti pazienti anche da fuori Ulss. Alcuni dati di Attivit\u00e0: Il 2022, nonostante la carenza di medici che interessa tutto il servizio sanitario a livello nazionale, ha visto la crescita di tutti&hellip;<\/p>\n","protected":false},"author":4,"featured_media":322189,"comment_status":"closed","ping_status":"closed","sticky":false,"template":"","format":"standard","meta":{"_monsterinsights_skip_tracking":false,"_monsterinsights_sitenote_active":false,"_monsterinsights_sitenote_note":"","_monsterinsights_sitenote_category":0,"footnotes":""},"categories":[51,49],"tags":[],"class_list":["post-322188","post","type-post","status-publish","format-standard","has-post-thumbnail","hentry","category-evidenza-top","category-news-18","category-51","category-49","description-off"],"img_url":"https:\/\/www.radiopiu.net\/wordpress\/wp-content\/uploads\/2023\/02\/Nuovo-blocco-operatorio-Ospedale-di-Feltre.jpeg","_links":{"self":[{"href":"https:\/\/www.radiopiu.net\/wordpress\/wp-json\/wp\/v2\/posts\/322188","targetHints":{"allow":["GET"]}}],"collection":[{"href":"https:\/\/www.radiopiu.net\/wordpress\/wp-json\/wp\/v2\/posts"}],"about":[{"href":"https:\/\/www.radiopiu.net\/wordpress\/wp-json\/wp\/v2\/types\/post"}],"author":[{"embeddable":true,"href":"https:\/\/www.radiopiu.net\/wordpress\/wp-json\/wp\/v2\/users\/4"}],"replies":[{"embeddable":true,"href":"https:\/\/www.radiopiu.net\/wordpress\/wp-json\/wp\/v2\/comments?post=322188"}],"version-history":[{"count":0,"href":"https:\/\/www.radiopiu.net\/wordpress\/wp-json\/wp\/v2\/posts\/322188\/revisions"}],"wp:featuredmedia":[{"embeddable":true,"href":"https:\/\/www.radiopiu.net\/wordpress\/wp-json\/wp\/v2\/media\/322189"}],"wp:attachment":[{"href":"https:\/\/www.radiopiu.net\/wordpress\/wp-json\/wp\/v2\/media?parent=322188"}],"wp:term":[{"taxonomy":"category","embeddable":true,"href":"https:\/\/www.radiopiu.net\/wordpress\/wp-json\/wp\/v2\/categories?post=322188"},{"taxonomy":"post_tag","embeddable":true,"href":"https:\/\/www.radiopiu.net\/wordpress\/wp-json\/wp\/v2\/tags?post=322188"}],"curies":[{"name":"wp","href":"https:\/\/api.w.org\/{rel}","templated":true}]}}