{"id":322232,"date":"2023-02-15T07:52:52","date_gmt":"2023-02-15T06:52:52","guid":{"rendered":"https:\/\/www.radiopiu.net\/wordpress\/?p=322232"},"modified":"2023-02-15T07:52:52","modified_gmt":"2023-02-15T06:52:52","slug":"reliquie-di-santi-storie-e-leggende-legate-alle-chiese-di-orzes-salce-san-fermo-giamosa-sargnano-tisoi-visome-san-pellegrino-e-cet","status":"publish","type":"post","link":"https:\/\/www.radiopiu.net\/wordpress\/reliquie-di-santi-storie-e-leggende-legate-alle-chiese-di-orzes-salce-san-fermo-giamosa-sargnano-tisoi-visome-san-pellegrino-e-cet\/","title":{"rendered":"RELIQUIE DI SANTI, STORIE E LEGGENDE LEGATE ALLE CHIESE DI ORZES, SALCE, SAN FERMO, GIAMOSA SARGNANO, TISOI, VISOME, SAN PELLEGRINO E CET"},"content":{"rendered":"<p><strong>di RENATO BONA<\/strong><\/p>\n<p>Si intitola: \u201cBelluno. Reliquie di Santi \u2013 Storie e Leggende\u201d. E\u2019 uno degli apprezzati libri del ricercatore Vincenzo Caputo che avvalendosi di varie preziose collaborazioni in primo luogo quella dei vari parroci, lo ha realizzato nel febbraio 2017 con Bcsmedia di Roma e la Edizioni Farsiunlibro.it. Ce ne siamo gi\u00e0 occupati proponendo una prima parte delle chiese bellunesi che conservano reliquie di Santi o hanno storie o leggende che vale la pena richiamare. Resta da precisare che le foto che impreziosiscono il volumetto sono dell\u2019autore e del professionista Luca Zanfron, il disegno di copertina \u00e8 stato elaborato dall\u2019architetto Roberto Reolon.. Per questa tappa conclusiva del \u201cviaggio\u201d in una realt\u00e0 decisamente affascinante come quella proposta dal\u00f2 libro di Caputo partiamo dalla parrocchiale di San Michele arcangelo della frazione Orzes, una struttura che si fa risalire al \u2018600 mentre la parrocchia venne fondata nel 1400. In un reliquiario vi sono le reliquie di San Benedetto Giuseppe Labre, della Beata Vergine e di Domini Nostri Jesus Christi, in sigla D.N.J.C. Proseguiamo con la parrocchiale (dal 1348) di San Bartolomeo di Col di Salce, che aveva funzioni di cappellania documentata dal 1348: l\u2019edificio deve la sua grandezza attuale al 1605 quando la primitiva cappella venne modificata ed ampliata. Due le reliquie conservate: quella della Beata Vergine e quella di San Bartolomeo apostolo. Poco lontano, localit\u00e0 San Fermo, molto rimaneggiata nei secoli XVII e XVIII, sorge la chiesa dei Santi Fermo e Rustico a proposito della quale Caputo riferisce che con la comparsa del cristianesimo taluni animali sono espressione sensibile di simboli correlati alla nuova religione. Ecco perch\u00e9 sono qui rappresentate fotograficamente le antiche rappresentazioni simboliche \u201cche servivano ad esprimere un comune concetto di fede nella giustizia divina e nella salvezza dell\u2019anima\u201d. Si tratta del pesce, simbologia cristiana del primo secolo dopo Cristo; degli agnelli, simboleggianti le anime che vanno a Dio; del gallo, simbolo interpretato come segno di vittoria luminosa. Dieci le reliquie: di San Fermo, Santa Giuliana, Santa Barbara, Beata Vergine Maria, Sant\u2019Anastasio martire, San Carlo Borromeo, San Giorgio martire, San Pio V e D.N,J.C. Legata al luogo di culto la tradizione che nei tre giorni di maggio che precedono l\u2019Ascensione i fedeli partendo dalla chiesa percorressero processionalmente l\u2019antica strada romana che collega San Fermo a Belluno dove sost\u00f2 a riposare San Fermo, lasciando sul terreno una traccia che si vede ancora oggi. Altra leggenda quella che parla di \u201cuno strano ambiente sotterraneo\u201d: al Bus dei dan\u00e0 (buco dei dannati) nella localit\u00e0 Al Pisaton de Siva (cascata del torrente Siva) a Socchieva di San Fermo dove sarebbero misteriosamente sparite alcune persone. Eccoci alla Chiesa di Sant\u2019Antonio da Padova nella localit\u00e0 Giamosa, che \u00e8 sorta nella seconda met\u00e0 del \u2018700, con un reliquiario del 1908 che custodisce una reliquia di Sant\u2019Antonio da Padova. La chiesa fu sottoposta a restauri dopo il terremoto del 1873 quindi nel 1909 e nel 1964. Ci spostiamo a Sargnano per la parrocchiale di San Pietro apostolo: l\u2019edificio, iniziato nel 1865 venne consacrato il 29 settembre 1892; cappellania dal 1300, l\u2019erezione a parrocchiale \u00e8 del 1834; restauri esterni nel 2010. Vanta reliquie di D,N.J.C, San Liberale martire, Beata Vergine, Sant\u2019Antonio abate, Sant\u2019Antonio da Padova, San Rocco confessore, San Fermo martire. Altro spostamento a siamo a Tisoi per la parrocchiale (dal 1835) dei Santi Severo e Brigida. La chiesa fu riedificata nel 1765 su quella fondata nel 1300 mentre il campanile venne eretto nel 1525. Conserva reliquie dei Santi Agostino vescovo, Giovanni Bosco, Beata Vergine Maria, Giuseppe sposo, Giustina martire, Girolamo prete, Antonio da Padova. Secondo tradizione vicino alla chiesa nella localit\u00e0 Santa Giustina ogni anno il 7 ottobre i fedeli confluivano processionalmente per bagnarsi gli occhi con l\u2019acqua di una fontana raccolta nell\u2019incavo di una pietra ritenuta l\u2019impronta del piede della Santa. Ci avviamo a conclusione con accenni alla Parrocchiale (1950) della Beata Vergine di Caravaggio di Visome, costruita nel 1830 sullo spazio della chiesa di Sant\u2019Andrea, citata nel 1394. Custodisce una reliquia della Beata Maria Vergine. E siamo approdati nella localit\u00e0 San Pellegrino per la chiesetta privata edificata nel \u2018500 da Giuseppe Sacello nei pressi della villa che nel 1811 pass\u00f2 alla famiglia Buzzati-Traverso. Vi sono depositate reliquie dei santi Carlo Borromeo, Antonio da Padova, Purpurato, Primo, Probo, Claro. Chiudiamo con la chiesa di Santa Lucia della frazione Cet, gi\u00e0 esistente nel 1394 e dotata di campanile dal 1637. E\u2019 stata interessata da restauri dopo il terremoto del 1936 e quindi negli anni 1950-58. Conserva dal 7 ottobre 1940 una reliquia di Santa Lucia.<\/p>\n\n\t\t\t<style type='text\/css'>\n\t\t\t\t#gallery-1 {\n\t\t\t\t\tmargin: auto;\n\t\t\t\t}\n\t\t\t\t#gallery-1 .gallery-item {\n\t\t\t\t\tfloat: left;\n\t\t\t\t\tmargin-top: 10px;\n\t\t\t\t\ttext-align: center;\n\t\t\t\t\twidth: 11%;\n\t\t\t\t}\n\t\t\t\t#gallery-1 img {\n\t\t\t\t\tborder: 2px solid #cfcfcf;\n\t\t\t\t}\n\t\t\t\t#gallery-1 .gallery-caption {\n\t\t\t\t\tmargin-left: 0;\n\t\t\t\t}\n\t\t\t\t\/* see gallery_shortcode() in wp-includes\/media.php *\/\n\t\t\t<\/style>\n\t\t<div id='gallery-1' class='dt-gallery-container gallery galleryid-322232 gallery-columns-9 gallery-size-thumbnail'><dl class='gallery-item'>\n\t\t\t\t<dt class='gallery-icon landscape'>\n\t\t\t\t\t<a class=\"rollover\" href='https:\/\/www.radiopiu.net\/wordpress\/reliquie-di-santi-storie-e-leggende-legate-alle-chiese-di-orzes-salce-san-fermo-giamosa-sargnano-tisoi-visome-san-pellegrino-e-cet\/330801908_1519528448575232_9006953062792112955_n\/'><img loading=\"lazy\" decoding=\"async\" width=\"150\" height=\"150\" src=\"https:\/\/www.radiopiu.net\/wordpress\/wp-content\/uploads\/2023\/02\/330801908_1519528448575232_9006953062792112955_n-150x150.jpg\" class=\"attachment-thumbnail size-thumbnail\" alt=\"\" \/><\/a>\n\t\t\t\t<\/dt><\/dl><dl class='gallery-item'>\n\t\t\t\t<dt class='gallery-icon portrait'>\n\t\t\t\t\t<a class=\"rollover\" href='https:\/\/www.radiopiu.net\/wordpress\/reliquie-di-santi-storie-e-leggende-legate-alle-chiese-di-orzes-salce-san-fermo-giamosa-sargnano-tisoi-visome-san-pellegrino-e-cet\/330814959_729477395492381_4830974768955340676_n\/'><img loading=\"lazy\" decoding=\"async\" width=\"150\" height=\"150\" src=\"https:\/\/www.radiopiu.net\/wordpress\/wp-content\/uploads\/2023\/02\/330814959_729477395492381_4830974768955340676_n-150x150.jpg\" class=\"attachment-thumbnail size-thumbnail\" alt=\"\" \/><\/a>\n\t\t\t\t<\/dt><\/dl><dl class='gallery-item'>\n\t\t\t\t<dt class='gallery-icon landscape'>\n\t\t\t\t\t<a class=\"rollover\" href='https:\/\/www.radiopiu.net\/wordpress\/reliquie-di-santi-storie-e-leggende-legate-alle-chiese-di-orzes-salce-san-fermo-giamosa-sargnano-tisoi-visome-san-pellegrino-e-cet\/330817010_1353306168845660_8538552768131780964_n\/'><img loading=\"lazy\" decoding=\"async\" width=\"150\" height=\"150\" src=\"https:\/\/www.radiopiu.net\/wordpress\/wp-content\/uploads\/2023\/02\/330817010_1353306168845660_8538552768131780964_n-150x150.jpg\" class=\"attachment-thumbnail size-thumbnail\" alt=\"\" \/><\/a>\n\t\t\t\t<\/dt><\/dl><dl class='gallery-item'>\n\t\t\t\t<dt class='gallery-icon portrait'>\n\t\t\t\t\t<a class=\"rollover\" href='https:\/\/www.radiopiu.net\/wordpress\/reliquie-di-santi-storie-e-leggende-legate-alle-chiese-di-orzes-salce-san-fermo-giamosa-sargnano-tisoi-visome-san-pellegrino-e-cet\/330853260_3394975220820712_7095398214371612276_n\/'><img loading=\"lazy\" decoding=\"async\" width=\"150\" height=\"150\" src=\"https:\/\/www.radiopiu.net\/wordpress\/wp-content\/uploads\/2023\/02\/330853260_3394975220820712_7095398214371612276_n-150x150.jpg\" class=\"attachment-thumbnail size-thumbnail\" alt=\"\" \/><\/a>\n\t\t\t\t<\/dt><\/dl><dl class='gallery-item'>\n\t\t\t\t<dt class='gallery-icon portrait'>\n\t\t\t\t\t<a class=\"rollover\" href='https:\/\/www.radiopiu.net\/wordpress\/reliquie-di-santi-storie-e-leggende-legate-alle-chiese-di-orzes-salce-san-fermo-giamosa-sargnano-tisoi-visome-san-pellegrino-e-cet\/330867332_6706061459421267_3364001782609592361_n\/'><img loading=\"lazy\" decoding=\"async\" width=\"150\" height=\"150\" src=\"https:\/\/www.radiopiu.net\/wordpress\/wp-content\/uploads\/2023\/02\/330867332_6706061459421267_3364001782609592361_n-150x150.jpg\" class=\"attachment-thumbnail size-thumbnail\" alt=\"\" \/><\/a>\n\t\t\t\t<\/dt><\/dl><dl class='gallery-item'>\n\t\t\t\t<dt class='gallery-icon portrait'>\n\t\t\t\t\t<a class=\"rollover\" href='https:\/\/www.radiopiu.net\/wordpress\/reliquie-di-santi-storie-e-leggende-legate-alle-chiese-di-orzes-salce-san-fermo-giamosa-sargnano-tisoi-visome-san-pellegrino-e-cet\/330871414_1926205351058827_2388613020098061970_n\/'><img loading=\"lazy\" decoding=\"async\" width=\"150\" height=\"150\" src=\"https:\/\/www.radiopiu.net\/wordpress\/wp-content\/uploads\/2023\/02\/330871414_1926205351058827_2388613020098061970_n-150x150.jpg\" class=\"attachment-thumbnail size-thumbnail\" alt=\"\" \/><\/a>\n\t\t\t\t<\/dt><\/dl><dl class='gallery-item'>\n\t\t\t\t<dt class='gallery-icon landscape'>\n\t\t\t\t\t<a class=\"rollover\" href='https:\/\/www.radiopiu.net\/wordpress\/reliquie-di-santi-storie-e-leggende-legate-alle-chiese-di-orzes-salce-san-fermo-giamosa-sargnano-tisoi-visome-san-pellegrino-e-cet\/330976473_632404055558142_5429424611251026259_n\/'><img loading=\"lazy\" decoding=\"async\" width=\"150\" height=\"150\" src=\"https:\/\/www.radiopiu.net\/wordpress\/wp-content\/uploads\/2023\/02\/330976473_632404055558142_5429424611251026259_n-150x150.jpg\" class=\"attachment-thumbnail size-thumbnail\" alt=\"\" \/><\/a>\n\t\t\t\t<\/dt><\/dl><dl class='gallery-item'>\n\t\t\t\t<dt class='gallery-icon landscape'>\n\t\t\t\t\t<a class=\"rollover\" href='https:\/\/www.radiopiu.net\/wordpress\/reliquie-di-santi-storie-e-leggende-legate-alle-chiese-di-orzes-salce-san-fermo-giamosa-sargnano-tisoi-visome-san-pellegrino-e-cet\/331018602_716331056640875_1983166029116447384_n\/'><img loading=\"lazy\" decoding=\"async\" width=\"150\" height=\"150\" src=\"https:\/\/www.radiopiu.net\/wordpress\/wp-content\/uploads\/2023\/02\/331018602_716331056640875_1983166029116447384_n-150x150.jpg\" class=\"attachment-thumbnail size-thumbnail\" alt=\"\" \/><\/a>\n\t\t\t\t<\/dt><\/dl><dl class='gallery-item'>\n\t\t\t\t<dt class='gallery-icon portrait'>\n\t\t\t\t\t<a class=\"rollover\" href='https:\/\/www.radiopiu.net\/wordpress\/reliquie-di-santi-storie-e-leggende-legate-alle-chiese-di-orzes-salce-san-fermo-giamosa-sargnano-tisoi-visome-san-pellegrino-e-cet\/326227917_883759482839152_1633392021757402336_n\/'><img loading=\"lazy\" decoding=\"async\" width=\"150\" height=\"150\" src=\"https:\/\/www.radiopiu.net\/wordpress\/wp-content\/uploads\/2023\/02\/326227917_883759482839152_1633392021757402336_n-150x150.jpg\" class=\"attachment-thumbnail size-thumbnail\" alt=\"\" \/><\/a>\n\t\t\t\t<\/dt><\/dl><br style=\"clear: both\" \/><dl class='gallery-item'>\n\t\t\t\t<dt class='gallery-icon portrait'>\n\t\t\t\t\t<a class=\"rollover\" href='https:\/\/www.radiopiu.net\/wordpress\/reliquie-di-santi-storie-e-leggende-legate-alle-chiese-di-orzes-salce-san-fermo-giamosa-sargnano-tisoi-visome-san-pellegrino-e-cet\/326387048_755057155792718_6325662750623315607_n\/'><img loading=\"lazy\" decoding=\"async\" width=\"150\" height=\"150\" src=\"https:\/\/www.radiopiu.net\/wordpress\/wp-content\/uploads\/2023\/02\/326387048_755057155792718_6325662750623315607_n-150x150.jpg\" class=\"attachment-thumbnail size-thumbnail\" alt=\"\" \/><\/a>\n\t\t\t\t<\/dt><\/dl><dl class='gallery-item'>\n\t\t\t\t<dt class='gallery-icon portrait'>\n\t\t\t\t\t<a class=\"rollover\" href='https:\/\/www.radiopiu.net\/wordpress\/reliquie-di-santi-storie-e-leggende-legate-alle-chiese-di-orzes-salce-san-fermo-giamosa-sargnano-tisoi-visome-san-pellegrino-e-cet\/326443343_677774120789843_7100530864342971976_n\/'><img loading=\"lazy\" decoding=\"async\" width=\"150\" height=\"150\" src=\"https:\/\/www.radiopiu.net\/wordpress\/wp-content\/uploads\/2023\/02\/326443343_677774120789843_7100530864342971976_n-150x150.jpg\" class=\"attachment-thumbnail size-thumbnail\" alt=\"\" \/><\/a>\n\t\t\t\t<\/dt><\/dl><dl class='gallery-item'>\n\t\t\t\t<dt class='gallery-icon portrait'>\n\t\t\t\t\t<a class=\"rollover\" href='https:\/\/www.radiopiu.net\/wordpress\/reliquie-di-santi-storie-e-leggende-legate-alle-chiese-di-orzes-salce-san-fermo-giamosa-sargnano-tisoi-visome-san-pellegrino-e-cet\/326450815_565470082282925_5891968677923039828_n\/'><img loading=\"lazy\" decoding=\"async\" width=\"150\" height=\"150\" src=\"https:\/\/www.radiopiu.net\/wordpress\/wp-content\/uploads\/2023\/02\/326450815_565470082282925_5891968677923039828_n-150x150.jpg\" class=\"attachment-thumbnail size-thumbnail\" alt=\"\" \/><\/a>\n\t\t\t\t<\/dt><\/dl><dl class='gallery-item'>\n\t\t\t\t<dt class='gallery-icon portrait'>\n\t\t\t\t\t<a class=\"rollover\" href='https:\/\/www.radiopiu.net\/wordpress\/reliquie-di-santi-storie-e-leggende-legate-alle-chiese-di-orzes-salce-san-fermo-giamosa-sargnano-tisoi-visome-san-pellegrino-e-cet\/326453854_590211846300168_7317681425333676881_n\/'><img loading=\"lazy\" decoding=\"async\" width=\"150\" height=\"150\" src=\"https:\/\/www.radiopiu.net\/wordpress\/wp-content\/uploads\/2023\/02\/326453854_590211846300168_7317681425333676881_n-150x150.jpg\" class=\"attachment-thumbnail size-thumbnail\" alt=\"\" \/><\/a>\n\t\t\t\t<\/dt><\/dl><dl class='gallery-item'>\n\t\t\t\t<dt class='gallery-icon portrait'>\n\t\t\t\t\t<a class=\"rollover\" href='https:\/\/www.radiopiu.net\/wordpress\/reliquie-di-santi-storie-e-leggende-legate-alle-chiese-di-orzes-salce-san-fermo-giamosa-sargnano-tisoi-visome-san-pellegrino-e-cet\/326462682_555347886564097_8942357387052963329_n\/'><img loading=\"lazy\" decoding=\"async\" width=\"150\" height=\"150\" src=\"https:\/\/www.radiopiu.net\/wordpress\/wp-content\/uploads\/2023\/02\/326462682_555347886564097_8942357387052963329_n-150x150.jpg\" class=\"attachment-thumbnail size-thumbnail\" alt=\"\" \/><\/a>\n\t\t\t\t<\/dt><\/dl><dl class='gallery-item'>\n\t\t\t\t<dt class='gallery-icon portrait'>\n\t\t\t\t\t<a class=\"rollover\" href='https:\/\/www.radiopiu.net\/wordpress\/reliquie-di-santi-storie-e-leggende-legate-alle-chiese-di-orzes-salce-san-fermo-giamosa-sargnano-tisoi-visome-san-pellegrino-e-cet\/326507727_866627421236119_6922698885520980037_n\/'><img loading=\"lazy\" decoding=\"async\" width=\"150\" height=\"150\" src=\"https:\/\/www.radiopiu.net\/wordpress\/wp-content\/uploads\/2023\/02\/326507727_866627421236119_6922698885520980037_n-150x150.jpg\" class=\"attachment-thumbnail size-thumbnail\" alt=\"\" \/><\/a>\n\t\t\t\t<\/dt><\/dl><dl class='gallery-item'>\n\t\t\t\t<dt class='gallery-icon portrait'>\n\t\t\t\t\t<a class=\"rollover\" href='https:\/\/www.radiopiu.net\/wordpress\/reliquie-di-santi-storie-e-leggende-legate-alle-chiese-di-orzes-salce-san-fermo-giamosa-sargnano-tisoi-visome-san-pellegrino-e-cet\/326543860_734672221376419_8362418449452077617_n\/'><img loading=\"lazy\" decoding=\"async\" width=\"149\" height=\"150\" src=\"https:\/\/www.radiopiu.net\/wordpress\/wp-content\/uploads\/2023\/02\/326543860_734672221376419_8362418449452077617_n-149x150.jpg\" class=\"attachment-thumbnail size-thumbnail\" alt=\"\" \/><\/a>\n\t\t\t\t<\/dt><\/dl><dl class='gallery-item'>\n\t\t\t\t<dt class='gallery-icon portrait'>\n\t\t\t\t\t<a class=\"rollover\" href='https:\/\/www.radiopiu.net\/wordpress\/reliquie-di-santi-storie-e-leggende-legate-alle-chiese-di-orzes-salce-san-fermo-giamosa-sargnano-tisoi-visome-san-pellegrino-e-cet\/330653503_674030041140625_712613224679619466_n\/'><img loading=\"lazy\" decoding=\"async\" width=\"150\" height=\"150\" src=\"https:\/\/www.radiopiu.net\/wordpress\/wp-content\/uploads\/2023\/02\/330653503_674030041140625_712613224679619466_n-150x150.jpg\" class=\"attachment-thumbnail size-thumbnail\" alt=\"\" \/><\/a>\n\t\t\t\t<\/dt><\/dl><dl class='gallery-item'>\n\t\t\t\t<dt class='gallery-icon portrait'>\n\t\t\t\t\t<a class=\"rollover\" href='https:\/\/www.radiopiu.net\/wordpress\/reliquie-di-santi-storie-e-leggende-legate-alle-chiese-di-orzes-salce-san-fermo-giamosa-sargnano-tisoi-visome-san-pellegrino-e-cet\/330751563_1550004948800922_3291088723135190327_n\/'><img loading=\"lazy\" decoding=\"async\" width=\"150\" height=\"150\" src=\"https:\/\/www.radiopiu.net\/wordpress\/wp-content\/uploads\/2023\/02\/330751563_1550004948800922_3291088723135190327_n-150x150.jpg\" class=\"attachment-thumbnail size-thumbnail\" alt=\"\" \/><\/a>\n\t\t\t\t<\/dt><\/dl><br style=\"clear: both\" \/>\n\t\t\t<\/div>\n\n<p>&nbsp;<\/p>\n<hr \/>\n<p>&nbsp;<\/p>\n","protected":false},"excerpt":{"rendered":"<p>di RENATO BONA Si intitola: \u201cBelluno. Reliquie di Santi \u2013 Storie e Leggende\u201d. E\u2019 uno degli apprezzati libri del ricercatore Vincenzo Caputo che avvalendosi di varie preziose collaborazioni in primo luogo quella dei vari parroci, lo ha realizzato nel febbraio 2017 con Bcsmedia di Roma e la Edizioni Farsiunlibro.it. Ce ne siamo gi\u00e0 occupati proponendo&hellip;<\/p>\n","protected":false},"author":4,"featured_media":322236,"comment_status":"closed","ping_status":"closed","sticky":false,"template":"","format":"standard","meta":{"_monsterinsights_skip_tracking":false,"_monsterinsights_sitenote_active":false,"_monsterinsights_sitenote_note":"","_monsterinsights_sitenote_category":0,"footnotes":""},"categories":[49],"tags":[],"class_list":["post-322232","post","type-post","status-publish","format-standard","has-post-thumbnail","hentry","category-news-18","category-49","description-off"],"img_url":"https:\/\/www.radiopiu.net\/wordpress\/wp-content\/uploads\/2023\/02\/330853260_3394975220820712_7095398214371612276_n.jpg","_links":{"self":[{"href":"https:\/\/www.radiopiu.net\/wordpress\/wp-json\/wp\/v2\/posts\/322232","targetHints":{"allow":["GET"]}}],"collection":[{"href":"https:\/\/www.radiopiu.net\/wordpress\/wp-json\/wp\/v2\/posts"}],"about":[{"href":"https:\/\/www.radiopiu.net\/wordpress\/wp-json\/wp\/v2\/types\/post"}],"author":[{"embeddable":true,"href":"https:\/\/www.radiopiu.net\/wordpress\/wp-json\/wp\/v2\/users\/4"}],"replies":[{"embeddable":true,"href":"https:\/\/www.radiopiu.net\/wordpress\/wp-json\/wp\/v2\/comments?post=322232"}],"version-history":[{"count":0,"href":"https:\/\/www.radiopiu.net\/wordpress\/wp-json\/wp\/v2\/posts\/322232\/revisions"}],"wp:featuredmedia":[{"embeddable":true,"href":"https:\/\/www.radiopiu.net\/wordpress\/wp-json\/wp\/v2\/media\/322236"}],"wp:attachment":[{"href":"https:\/\/www.radiopiu.net\/wordpress\/wp-json\/wp\/v2\/media?parent=322232"}],"wp:term":[{"taxonomy":"category","embeddable":true,"href":"https:\/\/www.radiopiu.net\/wordpress\/wp-json\/wp\/v2\/categories?post=322232"},{"taxonomy":"post_tag","embeddable":true,"href":"https:\/\/www.radiopiu.net\/wordpress\/wp-json\/wp\/v2\/tags?post=322232"}],"curies":[{"name":"wp","href":"https:\/\/api.w.org\/{rel}","templated":true}]}}