{"id":322260,"date":"2023-02-16T05:43:40","date_gmt":"2023-02-16T04:43:40","guid":{"rendered":"https:\/\/www.radiopiu.net\/wordpress\/?p=322260"},"modified":"2023-02-16T09:56:04","modified_gmt":"2023-02-16T08:56:04","slug":"giornale-radiopiu-16-febbraio-2023-direttore-mirko-mezzacasa-verso-i-40-anni-25-giugno-1983-25-giugno-2023","status":"publish","type":"post","link":"https:\/\/www.radiopiu.net\/wordpress\/giornale-radiopiu-16-febbraio-2023-direttore-mirko-mezzacasa-verso-i-40-anni-25-giugno-1983-25-giugno-2023\/","title":{"rendered":"GIORNALE RADIOPIU 16 FEBBRAIO 2023 DIRETTORE MIRKO MEZZACASA&#8230;verso i 40 anni 25 giugno 1983-25 giugno 2023"},"content":{"rendered":"<h3 class=\"kvgmc6g5 cxmmr5t8 oygrvhab hcukyx3x c1et5uql\"><span style=\"color: #0000ff;\"><strong>RADIO PIU INFORMAZIONE il canale su TELEGRAM informazione di prima\u00a0 <\/strong><strong>mano e in tempo reale. iscriviti ed aiutaci a farlo conoscere\u00a0\u00a0<\/strong><\/span><\/h3>\n<p><strong>FALCO, NON ESCE DAL NIDO<\/strong><br \/>\nPurtroppo l&#8217;intervento sul sistema antincendio della base HEMS di Pieve di Cadore da parte di una squadra di tecnici specializzati non \u00e8 ancora terminato. La base resta chiusa per massima sicurezza e, quindi, Falco non pu\u00f2 tornare operativo.\u00a0Il servizio di elisoccorso \u00e8 comunque garantito dalla rete SUEM regionale. L&#8217;Azienda sta monitorando con attenzione la questione e sta sollecitando le ditte coinvolte per una rapida soluzione della criticit\u00e0.<\/p>\n<blockquote>\n<h3><\/h3>\n<hr \/>\n<h3>L&#8217;ANNIVERSARIO UN 16 FEBBRAIO DI 76 ANNI FA<\/h3>\n<\/blockquote>\n<p>Dalle tante pagine del Brandol, il giornale degli agordini, dai tanti articoli di un&#8217;opera pregiata ben raccolta a suo tempo dal Circolo Culturale Agordino, un 16 febbraio di 76 anni fa con il Cai di Agordo e la gara di sci a Taibon.<\/p>\n<p>segnalazione william da roit<\/p>\n\n\t\t\t<style type='text\/css'>\n\t\t\t\t#gallery-1 {\n\t\t\t\t\tmargin: auto;\n\t\t\t\t}\n\t\t\t\t#gallery-1 .gallery-item {\n\t\t\t\t\tfloat: left;\n\t\t\t\t\tmargin-top: 10px;\n\t\t\t\t\ttext-align: center;\n\t\t\t\t\twidth: 100%;\n\t\t\t\t}\n\t\t\t\t#gallery-1 img {\n\t\t\t\t\tborder: 2px solid #cfcfcf;\n\t\t\t\t}\n\t\t\t\t#gallery-1 .gallery-caption {\n\t\t\t\t\tmargin-left: 0;\n\t\t\t\t}\n\t\t\t\t\/* see gallery_shortcode() in wp-includes\/media.php *\/\n\t\t\t<\/style>\n\t\t<div id='gallery-1' class='dt-gallery-container gallery galleryid-322260 gallery-columns-1 gallery-size-medium'><dl class='gallery-item'>\n\t\t\t\t<dt class='gallery-icon portrait'>\n\t\t\t\t\t<a class=\"rollover rollover-zoom dt-pswp-item\" title=\"cf21406e-8112-4ec7-a19c-619c80e4c57d\" data-dt-img-description=\"\" data-large_image_width=\"775\" data-large_image_height=\"1195\"href='https:\/\/www.radiopiu.net\/wordpress\/wp-content\/uploads\/2023\/02\/cf21406e-8112-4ec7-a19c-619c80e4c57d.jpg'><img loading=\"lazy\" decoding=\"async\" width=\"195\" height=\"300\" src=\"https:\/\/www.radiopiu.net\/wordpress\/wp-content\/uploads\/2023\/02\/cf21406e-8112-4ec7-a19c-619c80e4c57d-195x300.jpg\" class=\"attachment-medium size-medium\" alt=\"\" srcset=\"https:\/\/www.radiopiu.net\/wordpress\/wp-content\/uploads\/2023\/02\/cf21406e-8112-4ec7-a19c-619c80e4c57d-195x300.jpg 195w, https:\/\/www.radiopiu.net\/wordpress\/wp-content\/uploads\/2023\/02\/cf21406e-8112-4ec7-a19c-619c80e4c57d-664x1024.jpg 664w, https:\/\/www.radiopiu.net\/wordpress\/wp-content\/uploads\/2023\/02\/cf21406e-8112-4ec7-a19c-619c80e4c57d-768x1184.jpg 768w, https:\/\/www.radiopiu.net\/wordpress\/wp-content\/uploads\/2023\/02\/cf21406e-8112-4ec7-a19c-619c80e4c57d.jpg 775w\" sizes=\"auto, (max-width: 195px) 100vw, 195px\" \/><\/a>\n\t\t\t\t<\/dt><\/dl><br style=\"clear: both\" \/>\n\t\t\t<\/div>\n\n<p>&nbsp;<\/p>\n<p>&nbsp;<\/p>\n<p>&nbsp;<\/p>\n<h2 style=\"text-align: left;\"><span style=\"color: #ff0000;\">ISCRIVITI AL NOSTRO CANALE YOUTUBE PER SEGUIRE IN DIRETTA I PRINCIPALI PROGRAMMI DI RADIO PIU&#8217; E LE FUTURE DIRETTE IN ESTERNA. PER ISCRIVERTI <a style=\"color: #ff0000;\" href=\"https:\/\/youtube.com\/@radiopiu1527\">CLICCA QUI<\/a> E PREMI IL TASTO &#8220;Iscriviti&#8221;\u00a0<\/span><\/h2>\n<p>&nbsp;<\/p>\n<hr \/>\n<p>&nbsp;<\/p>\n<blockquote>\n<h2>UN SUPERMARKET DELLA DROGA A CORTINA<\/h2>\n<\/blockquote>\n<blockquote>\n<p align=\"JUSTIFY\"><em>I Carabinieri hanno messo le mani su un quantitativo di droga pronta per lo spaccio sul mercato locale che avrebbe fruttato allo spacciatore almeno 35mile euro.<\/em><\/p>\n<\/blockquote>\n<p align=\"JUSTIFY\"><strong><a class=\"dt-pswp-item\" href=\"https:\/\/www.radiopiu.net\/wordpress\/wp-content\/uploads\/2023\/02\/35a66cc6-229f-411f-b0d1-82dfb3276a00.jpg\" data-dt-img-description=\"\" data-large_image_width=\"1024\" data-large_image_height=\"683\"><img loading=\"lazy\" decoding=\"async\" class=\" wp-image-322293 alignleft\" src=\"https:\/\/www.radiopiu.net\/wordpress\/wp-content\/uploads\/2023\/02\/35a66cc6-229f-411f-b0d1-82dfb3276a00-300x200.jpg\" alt=\"\" width=\"221\" height=\"147\" srcset=\"https:\/\/www.radiopiu.net\/wordpress\/wp-content\/uploads\/2023\/02\/35a66cc6-229f-411f-b0d1-82dfb3276a00-300x200.jpg 300w, https:\/\/www.radiopiu.net\/wordpress\/wp-content\/uploads\/2023\/02\/35a66cc6-229f-411f-b0d1-82dfb3276a00-768x512.jpg 768w, https:\/\/www.radiopiu.net\/wordpress\/wp-content\/uploads\/2023\/02\/35a66cc6-229f-411f-b0d1-82dfb3276a00.jpg 1024w\" sizes=\"auto, (max-width: 221px) 100vw, 221px\" \/><\/a>CORTINA<\/strong> Un cinquantenne extracomunitario, da non molto tempo sul territorio \u00e8 stato arrestato dopo la perquisizione nel suo appartamento in centro. Il cane Garwin (pastore tedesco di 4 anni del gruppo cinofili di Torreglia, Padova) ha fiutato il materiale per il confezionamento degli stupefacenti, pezzi di plastica, bilancini di precisione, e poi, nascosti in vari punti, le prime dosi di droga. La perquisizione \u00e8 durata a <em><a class=\"dt-pswp-item\" href=\"https:\/\/www.radiopiu.net\/wordpress\/wp-content\/uploads\/2023\/02\/a4429f15-850e-4a78-a845-9b4141662a11.jpg\" data-dt-img-description=\"\" data-large_image_width=\"1600\" data-large_image_height=\"1200\"><img loading=\"lazy\" decoding=\"async\" class=\"size-medium wp-image-322294 alignright\" src=\"https:\/\/www.radiopiu.net\/wordpress\/wp-content\/uploads\/2023\/02\/a4429f15-850e-4a78-a845-9b4141662a11-300x225.jpg\" alt=\"\" width=\"300\" height=\"225\" srcset=\"https:\/\/www.radiopiu.net\/wordpress\/wp-content\/uploads\/2023\/02\/a4429f15-850e-4a78-a845-9b4141662a11-300x225.jpg 300w, https:\/\/www.radiopiu.net\/wordpress\/wp-content\/uploads\/2023\/02\/a4429f15-850e-4a78-a845-9b4141662a11-1024x768.jpg 1024w, https:\/\/www.radiopiu.net\/wordpress\/wp-content\/uploads\/2023\/02\/a4429f15-850e-4a78-a845-9b4141662a11-768x576.jpg 768w, https:\/\/www.radiopiu.net\/wordpress\/wp-content\/uploads\/2023\/02\/a4429f15-850e-4a78-a845-9b4141662a11-1536x1152.jpg 1536w, https:\/\/www.radiopiu.net\/wordpress\/wp-content\/uploads\/2023\/02\/a4429f15-850e-4a78-a845-9b4141662a11.jpg 1600w\" sizes=\"auto, (max-width: 300px) 100vw, 300px\" \/><\/a><\/em>lungo, ma alla fine il risultato \u00e8 stato il sequestro di oltre un chilo di stupefacenti di vario genere: oltre 300 grammi di cocaina, gi\u00e0 suddivisa in oltre 500 dosi, pi\u00f9 di 800 grammi di hashish, in vari panetti, quasi 100 grammi di marijuana. Oltre alle droghe sono stati anche sequestrati dai Carabinieri pi\u00f9 di 17.000 euro in contanti, ritenuti provento dell\u2019attivit\u00e0 di spaccio dell\u2019uomo portato\u00a0 in carcere a Baldenich, su disposizione della Procura della Repubblica di Belluno, con l\u2019arresto per detenzione ai fini di spaccio di sostanze stupefacenti. I Carabinieri\u00a0 del Nucleo Operativo di Cortina sono intervenuti dopo giorni di appostamenti,\u00a0 avevano notato lo strano andirivieni presso l&#8217;abitazione di una persona appena arrivata sul territorio quindi, si presume, con poche conoscenze. L\u2019operazione ha\u00a0 sottratto al mercato un ingente quantitativo di sostanze<\/p>\n<p>&nbsp;<\/p>\n<hr \/>\n<p>&nbsp;<\/p>\n<blockquote>\n<h3>IERI TERREMOTO IN ALPAGO<\/h3>\n<\/blockquote>\n<p><strong>INGV<\/strong> ha registrato la scossa di terremoto in Alpago, a Chies,\u00a0 alle 12.58 di ieri, lieve 1,5 gradi della scala Richter, ad una profondit\u00e0 di 10,3 chilometri<\/p>\n\n\t\t\t<style type='text\/css'>\n\t\t\t\t#gallery-2 {\n\t\t\t\t\tmargin: auto;\n\t\t\t\t}\n\t\t\t\t#gallery-2 .gallery-item {\n\t\t\t\t\tfloat: left;\n\t\t\t\t\tmargin-top: 10px;\n\t\t\t\t\ttext-align: center;\n\t\t\t\t\twidth: 50%;\n\t\t\t\t}\n\t\t\t\t#gallery-2 img {\n\t\t\t\t\tborder: 2px solid #cfcfcf;\n\t\t\t\t}\n\t\t\t\t#gallery-2 .gallery-caption {\n\t\t\t\t\tmargin-left: 0;\n\t\t\t\t}\n\t\t\t\t\/* see gallery_shortcode() in wp-includes\/media.php *\/\n\t\t\t<\/style>\n\t\t<div id='gallery-2' class='dt-gallery-container gallery galleryid-322260 gallery-columns-2 gallery-size-thumbnail'><dl class='gallery-item'>\n\t\t\t\t<dt class='gallery-icon landscape'>\n\t\t\t\t\t<a class=\"rollover rollover-zoom dt-pswp-item\" title=\"aaa\" data-dt-img-description=\"\" data-large_image_width=\"444\" data-large_image_height=\"288\"href='https:\/\/www.radiopiu.net\/wordpress\/wp-content\/uploads\/2023\/02\/aaa-2.jpg'><img loading=\"lazy\" decoding=\"async\" width=\"150\" height=\"150\" src=\"https:\/\/www.radiopiu.net\/wordpress\/wp-content\/uploads\/2023\/02\/aaa-2-150x150.jpg\" class=\"attachment-thumbnail size-thumbnail\" alt=\"\" \/><\/a>\n\t\t\t\t<\/dt><\/dl><dl class='gallery-item'>\n\t\t\t\t<dt class='gallery-icon portrait'>\n\t\t\t\t\t<a class=\"rollover rollover-zoom dt-pswp-item\" title=\"c62dbe43-52e5-45e2-bbb7-1279b2b2c0c2\" data-dt-img-description=\"\" data-large_image_width=\"720\" data-large_image_height=\"1280\"href='https:\/\/www.radiopiu.net\/wordpress\/wp-content\/uploads\/2023\/02\/c62dbe43-52e5-45e2-bbb7-1279b2b2c0c2.jpg'><img loading=\"lazy\" decoding=\"async\" width=\"150\" height=\"150\" src=\"https:\/\/www.radiopiu.net\/wordpress\/wp-content\/uploads\/2023\/02\/c62dbe43-52e5-45e2-bbb7-1279b2b2c0c2-150x150.jpg\" class=\"attachment-thumbnail size-thumbnail\" alt=\"\" \/><\/a>\n\t\t\t\t<\/dt><\/dl><br style=\"clear: both\" \/>\n\t\t\t<\/div>\n\n<p>&nbsp;<\/p>\n<hr \/>\n<p>&nbsp;<\/p>\n<blockquote>\n<h3>CENTRALINA ELETTRICA IN FIAMME<\/h3>\n<\/blockquote>\n<p><strong>BELLUNO<\/strong> Incendio al piano terra di un condominio in via Zattieri, nella notte tra marted\u00ec e mercoled\u00ec, almeno cinque persone hanno dovuto andare a dormire da parenti o amici perch\u00e8 era impossibile restare in casa, causa la puzza di fumo e la mancanza dell&#8217;energia elettrica, che marted\u00ec sera era stata tolta dai tecnici dell&#8217;Enel intervenuti insieme con i pompieri di Belluno.<\/p>\n<p>&nbsp;<\/p>\n<hr \/>\n<p>&nbsp;<\/p>\n<blockquote>\n<h3>SCHIANTO A CASTION<\/h3>\n<\/blockquote>\n<p><strong>BELLUNO<\/strong> Incidente ieri sera fra due auto sulla strada che sale verso il Nevegal: tre feritinon gravi sono stati portati all&#8217;ospedale dalle due ambulanze inviate dal Suem.\u00a0 A entrare in collisione una Renault e una Mercedes classe A.\u00a0 La strada che sale verso il Colle ha subito qualche rallentamento nel traffico, comunque scarso in quei momenti. (FOTO CORRIEREALPI)<\/p>\n<p><a class=\"dt-pswp-item\" href=\"https:\/\/www.radiopiu.net\/wordpress\/wp-content\/uploads\/2023\/02\/Senza-nome-36.jpg\" data-dt-img-description=\"\" data-large_image_width=\"481\" data-large_image_height=\"265\"><img loading=\"lazy\" decoding=\"async\" class=\"alignnone size-medium wp-image-322365\" src=\"https:\/\/www.radiopiu.net\/wordpress\/wp-content\/uploads\/2023\/02\/Senza-nome-36-300x165.jpg\" alt=\"\" width=\"300\" height=\"165\" srcset=\"https:\/\/www.radiopiu.net\/wordpress\/wp-content\/uploads\/2023\/02\/Senza-nome-36-300x165.jpg 300w, https:\/\/www.radiopiu.net\/wordpress\/wp-content\/uploads\/2023\/02\/Senza-nome-36.jpg 481w\" sizes=\"auto, (max-width: 300px) 100vw, 300px\" \/><\/a><\/p>\n<p>&nbsp;<\/p>\n<hr \/>\n<p>&nbsp;<\/p>\n<blockquote>\n<h3>TRENO DELLE DOLOMITI. VICEPRESIDENTE DE BERTI: \u201cPROBABILMENTE PADRIN NON PARLA CON I TECNICI DELLA PROVINCIA&#8221;<\/h3>\n<\/blockquote>\n<p><strong><a class=\"dt-pswp-item\" href=\"https:\/\/www.radiopiu.net\/wordpress\/wp-content\/uploads\/2020\/06\/ELISA-DE-BERTI.jpg\" data-dt-img-description=\"\" data-large_image_width=\"960\" data-large_image_height=\"959\"><img loading=\"lazy\" decoding=\"async\" class=\" wp-image-141960 alignleft\" src=\"https:\/\/www.radiopiu.net\/wordpress\/wp-content\/uploads\/2020\/06\/ELISA-DE-BERTI-300x300.jpg\" alt=\"\" width=\"147\" height=\"147\" srcset=\"https:\/\/www.radiopiu.net\/wordpress\/wp-content\/uploads\/2020\/06\/ELISA-DE-BERTI-300x300.jpg 300w, https:\/\/www.radiopiu.net\/wordpress\/wp-content\/uploads\/2020\/06\/ELISA-DE-BERTI-150x150.jpg 150w, https:\/\/www.radiopiu.net\/wordpress\/wp-content\/uploads\/2020\/06\/ELISA-DE-BERTI-768x767.jpg 768w, https:\/\/www.radiopiu.net\/wordpress\/wp-content\/uploads\/2020\/06\/ELISA-DE-BERTI.jpg 960w\" sizes=\"auto, (max-width: 147px) 100vw, 147px\" \/><\/a>VENEZIA <\/strong>\u201cLeggo con sorpresa e preoccupazione, soprattutto per i cittadini bellunesi, le dichiarazioni del Presidente Padrin che dice che non ha pi\u00f9 notizie da due anni del progetto del \u2018Treno delle Dolomiti\u2019. Mi auguro che queste dichiarazioni siano frutto di un malinteso con l\u2019autore dell\u2019articolo. Informo Padrin che l\u2019ultimo incontro, tenuto dal tavolo tecnico di coordinamento previsto dal protocollo d\u2019intesa a cui Padrin fa riferimento, risale a poco meno di un mese fa, l\u201911 gennaio 2023. A tale tavolo, dove i rappresentanti della Provincia erano presenti, la Provincia stessa partecipa proprio con il ruolo di portare la voce di tutti i comuni che rappresenta\u201d. Con queste parole la Vicepresidente e Assessore alle Infrastrutture e Trasporti della Regione replica alle dichiarazioni comparse sulla stampa\u00a0 in merito al progetto del Treno delle Dolomiti. \u201cPreciso comunque che al tavolo della Regione \u00e8 presente anche un rappresentante tecnico della Provincia di Belluno: non sono certo io a dovermi fare carico di controllare che il rappresentante provinciale informi il suo Presidente e che la comunicazione all\u2019interno della sede provinciale viaggi correttamente. Mi dispiace dover intervenire: spero davvero che quanto affermato da Padrin sia frutto di equivoco con il giornalista. Il Treno delle Dolomiti e il miglioramento dell\u2019accessibilit\u00e0 della provincia di Belluno, verso una mobilit\u00e0 sempre pi\u00f9 integrata, efficiente e sostenibile non \u00e8 una battaglia di parte, ma un gioco di squadra che deve consentire di giungere ad un risultato in cui tutti siano vincitori\u201d, conclude la Vicepresidente De Berti.<\/p>\n<p>&nbsp;<\/p>\n<hr \/>\n<p>&nbsp;<\/p>\n<p>&nbsp;<\/p>\n<blockquote>\n<h3>PRE PRIMARIE DEL PD A BELLUNO<\/h3>\n<\/blockquote>\n<p><strong><img loading=\"lazy\" decoding=\"async\" class=\"alignleft\" src=\"https:\/\/www.radiopiu.net\/wordpress\/wp-content\/uploads\/2018\/11\/PD.png\" width=\"128\" height=\"103\" \/>BELLUNO\u00a0<\/strong>Le pre-primarie del Partito Democratico che nei giorni scorsi hanno coinvolto i diversi circoli in provincia hanno replicato l&#8217;esito nazionale, con l&#8217;affermazione tra gli iscritti di Stefano Bonaccini ed Elly Schlein.<\/p>\n<p><strong>DI DANIELE DALVIT<\/strong><\/p>\n<audio class=\"wp-audio-shortcode\" id=\"audio-322260-1\" preload=\"none\" style=\"width: 100%;\" controls=\"controls\"><source type=\"audio\/mpeg\" src=\"https:\/\/www.radiopiu.net\/wordpress\/wp-content\/uploads\/2023\/02\/DANIELE-PRIMARIE-BELLUNO.mp3?_=1\" \/><a href=\"https:\/\/www.radiopiu.net\/wordpress\/wp-content\/uploads\/2023\/02\/DANIELE-PRIMARIE-BELLUNO.mp3\">https:\/\/www.radiopiu.net\/wordpress\/wp-content\/uploads\/2023\/02\/DANIELE-PRIMARIE-BELLUNO.mp3<\/a><\/audio>\n<p>&nbsp;<\/p>\n<hr \/>\n<p>&nbsp;<\/p>\n<blockquote>\n<h3>LAVORI IN CORSO PER L&#8217;AMPIAMENTO DEL MUSEO LADINO FODOM<\/h3>\n<\/blockquote>\n<p><strong><img loading=\"lazy\" decoding=\"async\" class=\"alignleft\" src=\"https:\/\/www.radiopiu.net\/wordpress\/wp-content\/uploads\/2023\/02\/visita-museo-ladino-fodom-alunni-scuole-medie.jpg\" width=\"197\" height=\"148\" \/>LIVINALLONGO<\/strong><\/p>\n<p>di Lorenzo Soratroi<\/p>\n<audio class=\"wp-audio-shortcode\" id=\"audio-322260-2\" preload=\"none\" style=\"width: 100%;\" controls=\"controls\"><source type=\"audio\/mpeg\" src=\"https:\/\/www.radiopiu.net\/wordpress\/wp-content\/uploads\/2023\/02\/SORATROI-MUSEO-LADINO-FODOM.mp3?_=2\" \/><a href=\"https:\/\/www.radiopiu.net\/wordpress\/wp-content\/uploads\/2023\/02\/SORATROI-MUSEO-LADINO-FODOM.mp3\">https:\/\/www.radiopiu.net\/wordpress\/wp-content\/uploads\/2023\/02\/SORATROI-MUSEO-LADINO-FODOM.mp3<\/a><\/audio>\n<p>&nbsp;<\/p>\n<p>&nbsp;<\/p>\n<p>&nbsp;<\/p>\n<hr \/>\n<p>&nbsp;<\/p>\n<blockquote>\n<h3>CHIUDE L&#8217;ECOCENTRO DI TAIBON. POTENZIATA LA STRUTTURA DI AGORDO CON UN NUOVO ORARIO<\/h3>\n<\/blockquote>\n<p><strong><a class=\"dt-pswp-item\" href=\"https:\/\/www.radiopiu.net\/wordpress\/wp-content\/uploads\/2022\/12\/ingresso-ecocentro.jpg\" data-dt-img-description=\"\" data-large_image_width=\"1600\" data-large_image_height=\"720\"><img loading=\"lazy\" decoding=\"async\" class=\" wp-image-312801 alignleft\" src=\"https:\/\/www.radiopiu.net\/wordpress\/wp-content\/uploads\/2022\/12\/ingresso-ecocentro-300x135.jpg\" alt=\"\" width=\"198\" height=\"89\" srcset=\"https:\/\/www.radiopiu.net\/wordpress\/wp-content\/uploads\/2022\/12\/ingresso-ecocentro-300x135.jpg 300w, https:\/\/www.radiopiu.net\/wordpress\/wp-content\/uploads\/2022\/12\/ingresso-ecocentro-1024x461.jpg 1024w, https:\/\/www.radiopiu.net\/wordpress\/wp-content\/uploads\/2022\/12\/ingresso-ecocentro-768x346.jpg 768w, https:\/\/www.radiopiu.net\/wordpress\/wp-content\/uploads\/2022\/12\/ingresso-ecocentro-1536x691.jpg 1536w, https:\/\/www.radiopiu.net\/wordpress\/wp-content\/uploads\/2022\/12\/ingresso-ecocentro.jpg 1600w\" sizes=\"auto, (max-width: 198px) 100vw, 198px\" \/><\/a>TAIBON <\/strong>Si avvisano i cittadini che il 22 febbraio 2023 sar\u00e0 l\u2019ultimo giorno di apertura dell\u2019Ecocentro di Taibon Agordino (loc. Roa del Forn). Tutte le utenze possono accedere al nuovo Ecocentro sovracomunale di Agordo-Taibon (loc. Valcozzena) che dal 1\u00b0 marzo 2023 potenzier\u00e0 i propri orari con un\u2019ulteriore apertura al mercoled\u00ec pomeriggio, come di seguito indicato: luned\u00ec 14-17, marted\u00ec 9-12, mercoled\u00ec 14-17, gioved\u00ec 9-12, venerd\u00ec 14-17, sabato 9-12 e 14-17. Per ulteriori informazioni \u00e8 possibile contattare il numero verde 800.94.76.73 o scrivere a info@valpeambiente.it Si ricorda che le utenze possono accedere a qualsiasi Ecocentro del territorio dell\u2019Unione Montana Agordina, verificando sedi e orari di apertura su\u00a0 <a href=\"https:\/\/valpeambiente.it\/p\/gestione-rifiuti\/servizi-per-i-cittadini-non-residenti-ae-unione-montana-agordina\">valpeambiente.it<\/a><\/p>\n<p>&nbsp;<\/p>\n<hr \/>\n<p>&nbsp;<\/p>\n<blockquote>\n<h3>DONARE IL PROPRIO TEMPO PER AIUTARE IL PROSSIMO<\/h3>\n<p style=\"padding-left: 40px;\"><strong>Im working for charity<\/strong><\/p>\n<\/blockquote>\n<p><strong><img loading=\"lazy\" decoding=\"async\" class=\"alignleft\" src=\"https:\/\/www.radiopiu.net\/wordpress\/wp-content\/uploads\/2023\/02\/e3c48e45-27a0-4550-928a-222020515b40.jpg\" width=\"216\" height=\"144\" \/>BELLUNO<\/strong><\/p>\n<p><strong>DI MORENO GIOLI<\/strong><\/p>\n<audio class=\"wp-audio-shortcode\" id=\"audio-322260-3\" preload=\"none\" style=\"width: 100%;\" controls=\"controls\"><source type=\"audio\/mpeg\" src=\"https:\/\/www.radiopiu.net\/wordpress\/wp-content\/uploads\/2023\/02\/PEDAVENA-MORENO-GIOLI.mp3?_=3\" \/><a href=\"https:\/\/www.radiopiu.net\/wordpress\/wp-content\/uploads\/2023\/02\/PEDAVENA-MORENO-GIOLI.mp3\">https:\/\/www.radiopiu.net\/wordpress\/wp-content\/uploads\/2023\/02\/PEDAVENA-MORENO-GIOLI.mp3<\/a><\/audio>\n<p>&nbsp;<\/p>\n<hr \/>\n<p>&nbsp;<\/p>\n<blockquote>\n<h3>PER COMBATTERE LE TRUFFE AGLI ANZIANI, AUSER E CARABINIERI UNISCONO FORZE ED INTENTI<\/h3>\n<\/blockquote>\n<p><span style=\"font-size: medium;\"><strong><img loading=\"lazy\" decoding=\"async\" class=\"alignleft\" src=\"https:\/\/www.radiopiu.net\/wordpress\/wp-content\/uploads\/2023\/02\/30f3185c-e410-4008-bea8-b3929b10d23d.jpg\" width=\"335\" height=\"251\" \/>BELLUNO <\/strong>Tutti insieme per aiutare chi, causa la solitudine e spesso l\u2019innato senso di fiducia negli altri, \u00e8 vittima di truffe e raggiri. In supporto all\u2019iniziativa del Comando Provinciale dei Carabinieri di Belluno, l&#8217;Auser provinciale ha inteso sottoporre ai suoi Circoli la proposta di organizzare degli incontri per combattere, ma soprattutto per prevenire, truffe e raggiri ai danni degli anziani. Ad aprire il ciclo di incontri<\/span><span style=\"font-size: medium;\">\u00a0Il <\/span><span style=\"font-size: medium;\">Comandante Provinciale dei Carabinieri, Colonnello Enrico Pigozzo e il\u00a0 Presidente Provinciale Auser, <\/span><span style=\"font-size: medium;\">Eldo Candeago.\u00a0 Prossimo appuntamento a Voltago Agordino mercoled\u00ec 22 febbraio alle 15 con il circolo Auser \u201cEl Broi\u201d di Agordo e del Gruppo Volontari \u201cSot l\u2019Agner\u201d. Seguiranno Borgovalbelluna, venerd\u00ec 24 febbraio, alle ore 15.00, nel Palazzo delle Contesse di Mel, organizzato congiuntamente dagli Auser di Lentiai e Mel. In calendario nel mese di Marzo e seguenti, altri incontri a Sospirolo, Quero Vas, Lamon-Sovramonte e Alpago. \u201c<\/span><span style=\"font-size: medium;\"><i>Crediamo in questo modo<\/i><\/span><span style=\"font-size: medium;\"> &#8211; spiega il presidente provinciale Auser Eldo Candeago &#8211; <\/span><span style=\"font-size: medium;\"><i>di fornire un servizio e una occasione formativa per prevenire episodi che vanno ad attaccare gli anelli pi\u00f9 deboli della societ\u00e0&#8221;. I<\/i><\/span><span style=\"font-size: medium;\">l Colonnello Pigozzo: \u201c<\/span><span style=\"font-size: medium;\"><i>siamo felici che Auser abbia voluto sostenere la nostra campagna di sensibilizzazione contro le truffe, coinvolgendo in modo efficace i suoi Circoli. Devo dire che abbiamo notato subito che, gi\u00e0 dal primo avvio della campagna, c\u2019\u00e8 stato molto interesse. Questo \u00e8 segno di una cittadinanza attiva&#8221;<\/i><\/span><\/p>\n<p>&nbsp;<\/p>\n<hr \/>\n<p>&nbsp;<\/p>\n<p>&nbsp;<\/p>\n<blockquote>\n<h3>BUON LAVORO AI CINQUE NUOVI AVVOCATI<\/h3>\n<\/blockquote>\n<p><strong>BELLUNO<\/strong> Cinque nuove\u00a0 toghe in Tribunale: Cinzia Dal Zotto, Claudia Osti, Caterina Sparta, Mara Tommasini e Michele Cestaro. La cerimonia si \u00e8 svolta ieri mattina, nell&#8217;aula al piano terra del palazzo di giustizia. Pronti per la prima difesa di fiducia.<\/p>\n<p>&nbsp;<\/p>\n<hr \/>\n<p>&nbsp;<\/p>\n<blockquote>\n<h3>L&#8217;ULTIMO SALUTO A GIOVANNI VIEL<\/h3>\n<\/blockquote>\n<div id=\"articleContent\" class=\"mercuryWrapper\">\n<div class=\"mercuryScroller\">\n<div class=\"mercuryElement\">\n<div class=\"mercuryBox\">\n<div id=\"articlePlain\">\n<div class=\"articlePlainText\"><strong><a class=\"dt-pswp-item\" href=\"https:\/\/www.radiopiu.net\/wordpress\/wp-content\/uploads\/2023\/02\/Senza-nome-39.jpg\" data-dt-img-description=\"\" data-large_image_width=\"418\" data-large_image_height=\"230\"><img loading=\"lazy\" decoding=\"async\" class=\" wp-image-322375 alignleft\" src=\"https:\/\/www.radiopiu.net\/wordpress\/wp-content\/uploads\/2023\/02\/Senza-nome-39-300x165.jpg\" alt=\"\" width=\"216\" height=\"119\" srcset=\"https:\/\/www.radiopiu.net\/wordpress\/wp-content\/uploads\/2023\/02\/Senza-nome-39-300x165.jpg 300w, https:\/\/www.radiopiu.net\/wordpress\/wp-content\/uploads\/2023\/02\/Senza-nome-39.jpg 418w\" sizes=\"auto, (max-width: 216px) 100vw, 216px\" \/><\/a>BELLUNO<\/strong> Il Silenzio suonato con la tromba da un alpino. All&#8217;Alba vincer\u00f2 dalla Turandot di Puccini eseguita all&#8217;organo per ricordare tutti i successi degli atleti della provincia commentati dal vivo e dagli schermi televisivi oppure sulla carta stampata da Giovanni Viel. E l&#8217;abbraccio fraterno non solo dei paesani pontalpini, ma anche della grande famiglia degli sport invernali, dell&#8217;atletica e della corsa in montagna. Cos\u00ec ieri per l&#8217;addio a Giovanni Viel. Un abbraccio all&#8217;anziana mammaTeresa a Quantin, la moglie Donatella\u00a0 ha affidato il suo messaggio d&#8217;addio a un&#8217;amica: \u00abSei stato l&#8217;amore della mia vita e un padre stupendo. Insieme abbiamo costruito la nostra famiglia. Avrei voluto solo passare pi\u00f9 tempo con te\u00bb.<\/div>\n<\/div>\n<\/div>\n<\/div>\n<\/div>\n<\/div>\n<div id=\"articlePrev\"><\/div>\n<p>&nbsp;<\/p>\n<p>&nbsp;<\/p>\n<p>&nbsp;<\/p>\n<hr \/>\n<p>&nbsp;<\/p>\n<p><strong>DI TIZIANO DE COL<\/strong><\/p>\n\n\t\t\t<style type='text\/css'>\n\t\t\t\t#gallery-3 {\n\t\t\t\t\tmargin: auto;\n\t\t\t\t}\n\t\t\t\t#gallery-3 .gallery-item {\n\t\t\t\t\tfloat: left;\n\t\t\t\t\tmargin-top: 10px;\n\t\t\t\t\ttext-align: center;\n\t\t\t\t\twidth: 20%;\n\t\t\t\t}\n\t\t\t\t#gallery-3 img {\n\t\t\t\t\tborder: 2px solid #cfcfcf;\n\t\t\t\t}\n\t\t\t\t#gallery-3 .gallery-caption {\n\t\t\t\t\tmargin-left: 0;\n\t\t\t\t}\n\t\t\t\t\/* see gallery_shortcode() in wp-includes\/media.php *\/\n\t\t\t<\/style>\n\t\t<div id='gallery-3' class='dt-gallery-container gallery galleryid-322260 gallery-columns-5 gallery-size-medium'><dl class='gallery-item'>\n\t\t\t\t<dt class='gallery-icon landscape'>\n\t\t\t\t\t<a class=\"rollover rollover-zoom dt-pswp-item\" title=\"43875df9-4581-462c-8ebf-802e2302dd8f\" data-dt-img-description=\"\" data-large_image_width=\"586\" data-large_image_height=\"366\"href='https:\/\/www.radiopiu.net\/wordpress\/wp-content\/uploads\/2023\/02\/43875df9-4581-462c-8ebf-802e2302dd8f.jpg'><img loading=\"lazy\" decoding=\"async\" width=\"300\" height=\"187\" src=\"https:\/\/www.radiopiu.net\/wordpress\/wp-content\/uploads\/2023\/02\/43875df9-4581-462c-8ebf-802e2302dd8f-300x187.jpg\" class=\"attachment-medium size-medium\" alt=\"\" srcset=\"https:\/\/www.radiopiu.net\/wordpress\/wp-content\/uploads\/2023\/02\/43875df9-4581-462c-8ebf-802e2302dd8f-300x187.jpg 300w, https:\/\/www.radiopiu.net\/wordpress\/wp-content\/uploads\/2023\/02\/43875df9-4581-462c-8ebf-802e2302dd8f.jpg 586w\" sizes=\"auto, (max-width: 300px) 100vw, 300px\" \/><\/a>\n\t\t\t\t<\/dt><\/dl><dl class='gallery-item'>\n\t\t\t\t<dt class='gallery-icon landscape'>\n\t\t\t\t\t<a class=\"rollover rollover-zoom dt-pswp-item\" title=\"6f96dde8-6751-4acc-9bdc-9ac355a788d0\" data-dt-img-description=\"\" data-large_image_width=\"612\" data-large_image_height=\"369\"href='https:\/\/www.radiopiu.net\/wordpress\/wp-content\/uploads\/2023\/02\/6f96dde8-6751-4acc-9bdc-9ac355a788d0.jpg'><img loading=\"lazy\" decoding=\"async\" width=\"300\" height=\"181\" src=\"https:\/\/www.radiopiu.net\/wordpress\/wp-content\/uploads\/2023\/02\/6f96dde8-6751-4acc-9bdc-9ac355a788d0-300x181.jpg\" class=\"attachment-medium size-medium\" alt=\"\" srcset=\"https:\/\/www.radiopiu.net\/wordpress\/wp-content\/uploads\/2023\/02\/6f96dde8-6751-4acc-9bdc-9ac355a788d0-300x181.jpg 300w, https:\/\/www.radiopiu.net\/wordpress\/wp-content\/uploads\/2023\/02\/6f96dde8-6751-4acc-9bdc-9ac355a788d0.jpg 612w\" sizes=\"auto, (max-width: 300px) 100vw, 300px\" \/><\/a>\n\t\t\t\t<\/dt><\/dl><dl class='gallery-item'>\n\t\t\t\t<dt class='gallery-icon landscape'>\n\t\t\t\t\t<a class=\"rollover rollover-zoom dt-pswp-item\" title=\"eac4bfb1-544b-4fc2-9849-8b2c6790e1ae\" data-dt-img-description=\"\" data-large_image_width=\"606\" data-large_image_height=\"354\"href='https:\/\/www.radiopiu.net\/wordpress\/wp-content\/uploads\/2023\/02\/eac4bfb1-544b-4fc2-9849-8b2c6790e1ae.jpg'><img loading=\"lazy\" decoding=\"async\" width=\"300\" height=\"175\" src=\"https:\/\/www.radiopiu.net\/wordpress\/wp-content\/uploads\/2023\/02\/eac4bfb1-544b-4fc2-9849-8b2c6790e1ae-300x175.jpg\" class=\"attachment-medium size-medium\" alt=\"\" srcset=\"https:\/\/www.radiopiu.net\/wordpress\/wp-content\/uploads\/2023\/02\/eac4bfb1-544b-4fc2-9849-8b2c6790e1ae-300x175.jpg 300w, https:\/\/www.radiopiu.net\/wordpress\/wp-content\/uploads\/2023\/02\/eac4bfb1-544b-4fc2-9849-8b2c6790e1ae.jpg 606w\" sizes=\"auto, (max-width: 300px) 100vw, 300px\" \/><\/a>\n\t\t\t\t<\/dt><\/dl><dl class='gallery-item'>\n\t\t\t\t<dt class='gallery-icon landscape'>\n\t\t\t\t\t<a class=\"rollover rollover-zoom dt-pswp-item\" title=\"ffc4d100-d9ab-444a-9db8-0f51f1bed9ae\" data-dt-img-description=\"\" data-large_image_width=\"612\" data-large_image_height=\"363\"href='https:\/\/www.radiopiu.net\/wordpress\/wp-content\/uploads\/2023\/02\/ffc4d100-d9ab-444a-9db8-0f51f1bed9ae.jpg'><img loading=\"lazy\" decoding=\"async\" width=\"300\" height=\"178\" src=\"https:\/\/www.radiopiu.net\/wordpress\/wp-content\/uploads\/2023\/02\/ffc4d100-d9ab-444a-9db8-0f51f1bed9ae-300x178.jpg\" class=\"attachment-medium size-medium\" alt=\"\" srcset=\"https:\/\/www.radiopiu.net\/wordpress\/wp-content\/uploads\/2023\/02\/ffc4d100-d9ab-444a-9db8-0f51f1bed9ae-300x178.jpg 300w, https:\/\/www.radiopiu.net\/wordpress\/wp-content\/uploads\/2023\/02\/ffc4d100-d9ab-444a-9db8-0f51f1bed9ae.jpg 612w\" sizes=\"auto, (max-width: 300px) 100vw, 300px\" \/><\/a>\n\t\t\t\t<\/dt><\/dl><dl class='gallery-item'>\n\t\t\t\t<dt class='gallery-icon landscape'>\n\t\t\t\t\t<a class=\"rollover rollover-zoom dt-pswp-item\" title=\"18a3c64d-9757-4f4f-a023-52dce21842ad\" data-dt-img-description=\"\" data-large_image_width=\"606\" data-large_image_height=\"354\"href='https:\/\/www.radiopiu.net\/wordpress\/wp-content\/uploads\/2023\/02\/18a3c64d-9757-4f4f-a023-52dce21842ad.jpg'><img loading=\"lazy\" decoding=\"async\" width=\"300\" height=\"175\" src=\"https:\/\/www.radiopiu.net\/wordpress\/wp-content\/uploads\/2023\/02\/18a3c64d-9757-4f4f-a023-52dce21842ad-300x175.jpg\" class=\"attachment-medium size-medium\" alt=\"\" srcset=\"https:\/\/www.radiopiu.net\/wordpress\/wp-content\/uploads\/2023\/02\/18a3c64d-9757-4f4f-a023-52dce21842ad-300x175.jpg 300w, https:\/\/www.radiopiu.net\/wordpress\/wp-content\/uploads\/2023\/02\/18a3c64d-9757-4f4f-a023-52dce21842ad.jpg 606w\" sizes=\"auto, (max-width: 300px) 100vw, 300px\" \/><\/a>\n\t\t\t\t<\/dt><\/dl><br style=\"clear: both\" \/>\n\t\t\t<\/div>\n\n<p>&nbsp;<\/p>\n<hr \/>\n<p>&nbsp;<\/p>\n<blockquote>\n<h3>CISL: OGGI L&#8217;ASSEMBLEA DEI GIOVANI DELEGATI<\/h3>\n<\/blockquote>\n<p><strong><a class=\"dt-pswp-item\" href=\"https:\/\/www.radiopiu.net\/wordpress\/wp-content\/uploads\/2020\/11\/Schermata-2020-11-11-alle-12.25.13.png\" data-dt-img-description=\"\" data-large_image_width=\"594\" data-large_image_height=\"310\"><img loading=\"lazy\" decoding=\"async\" class=\" wp-image-172025 alignleft\" src=\"https:\/\/www.radiopiu.net\/wordpress\/wp-content\/uploads\/2020\/11\/Schermata-2020-11-11-alle-12.25.13-300x157.png\" alt=\"\" width=\"155\" height=\"81\" srcset=\"https:\/\/www.radiopiu.net\/wordpress\/wp-content\/uploads\/2020\/11\/Schermata-2020-11-11-alle-12.25.13-300x157.png 300w, https:\/\/www.radiopiu.net\/wordpress\/wp-content\/uploads\/2020\/11\/Schermata-2020-11-11-alle-12.25.13.png 594w\" sizes=\"auto, (max-width: 155px) 100vw, 155px\" \/><\/a>BELLUNO <\/strong>Prosegue l\u2019impegno della Cisl per la formazione e la crescita della classe dirigente. Si svolger\u00e0 oggi\u00a0dalle 9 al Ristorante Primavera di Godega di Sant\u2019Urbano l\u2019Assemblea dei giovani delegati e operatori della Cisl Belluno Treviso. Il programma, dopo l\u2019introduzione curata dal segretario generale Massimiliano Paglini, prevede un approfondimento sulla storia della Cisl con Luigi Lama del Centro studio nazionale e, a seguire, le testimonianze di Raffaele Morese, ex segretario nazionale Fim e di Roberta Cabrelle, ex sindacalista territoriale della Fim e della Fisascat.<\/p>\n<p>&nbsp;<\/p>\n<hr \/>\n<p>&nbsp;<\/p>\n<blockquote>\n<h2>DOMENICA ECOLOGICA IN CITTA&#8217;<\/h2>\n<\/blockquote>\n<p><strong>BELLUNO<\/strong> <span dir=\"ltr\" role=\"presentation\">Domenica 1<\/span><span dir=\"ltr\" role=\"presentation\">9 febbraio<\/span> <span dir=\"ltr\" role=\"presentation\">si terr\u00e0 la<\/span> <span dir=\"ltr\" role=\"presentation\">\u201cdomenic<\/span><span dir=\"ltr\" role=\"presentation\">a<\/span> <span dir=\"ltr\" role=\"presentation\">ecologic<\/span><span dir=\"ltr\" role=\"presentation\">a<\/span><span dir=\"ltr\" role=\"presentation\">\u201d. <\/span><span dir=\"ltr\" role=\"presentation\">Viene,<\/span> <span dir=\"ltr\" role=\"presentation\">quindi,<\/span> <span dir=\"ltr\" role=\"presentation\">istituito,<\/span> <span dir=\"ltr\" role=\"presentation\">dalle<\/span> <span dir=\"ltr\" role=\"presentation\">9<\/span> <span dir=\"ltr\" role=\"presentation\">alle<\/span> <span dir=\"ltr\" role=\"presentation\">19<\/span> <span dir=\"ltr\" role=\"presentation\">di<\/span> <span dir=\"ltr\" role=\"presentation\">domenica<\/span> <span dir=\"ltr\" role=\"presentation\">1<\/span><span dir=\"ltr\" role=\"presentation\">9<\/span> <span dir=\"ltr\" role=\"presentation\">febbraio,<\/span> <span dir=\"ltr\" role=\"presentation\">il<\/span> <span dir=\"ltr\" role=\"presentation\">divieto<\/span> <span dir=\"ltr\" role=\"presentation\">di <\/span><span dir=\"ltr\" role=\"presentation\">circolazione per tutti i veicoli a motore all\u2019interno del centro storico<\/span><span dir=\"ltr\" role=\"presentation\">, cui si <\/span><span dir=\"ltr\" role=\"presentation\">accede da via Loreto e via Garibaldi e che comprende anche piazza dei Martiri, via <\/span><span dir=\"ltr\" role=\"presentation\">Roma, via Simon da Cusighe, fino all\u2019incrocio con via Gabelli e via Rivizzola, nonch\u00e9 <\/span><span dir=\"ltr\" role=\"presentation\">tutta l\u2019area che comprende la citt\u00e0 vecchia, esclusi l\u2019abitato di Borgo Piave e via <\/span><span dir=\"ltr\" role=\"presentation\">Lungardo. <\/span><span dir=\"ltr\" role=\"presentation\">Da questo divieto<\/span> <span dir=\"ltr\" role=\"presentation\">sono esentati i veicoli alimentati da motori elettrici e\/o <\/span><span dir=\"ltr\" role=\"presentation\">ibridi (motore termico\/elettrico) <\/span><\/p>\n<p>&nbsp;<\/p>\n<hr \/>\n<p>&nbsp;<\/p>\n<blockquote>\n<h3>PIAN DE LE LOPE, VALORIZZAZIONE DEGLI SCAVI<\/h3>\n<\/blockquote>\n<p><strong><a class=\"dt-pswp-item\" href=\"https:\/\/www.radiopiu.net\/wordpress\/wp-content\/uploads\/2023\/02\/Senza-nome-37.jpg\" data-dt-img-description=\"\" data-large_image_width=\"223\" data-large_image_height=\"196\"><img loading=\"lazy\" decoding=\"async\" class=\" wp-image-322366 alignleft\" src=\"https:\/\/www.radiopiu.net\/wordpress\/wp-content\/uploads\/2023\/02\/Senza-nome-37.jpg\" alt=\"\" width=\"188\" height=\"165\" \/><\/a>GOSALDO<br \/>\n<\/strong><\/p>\n<p><strong>GIANNI SANTOMASO<\/strong><\/p>\n<audio class=\"wp-audio-shortcode\" id=\"audio-322260-4\" preload=\"none\" style=\"width: 100%;\" controls=\"controls\"><source type=\"audio\/mpeg\" src=\"https:\/\/www.radiopiu.net\/wordpress\/wp-content\/uploads\/2023\/02\/gianni-pian-loppe.mp3?_=4\" \/><a href=\"https:\/\/www.radiopiu.net\/wordpress\/wp-content\/uploads\/2023\/02\/gianni-pian-loppe.mp3\">https:\/\/www.radiopiu.net\/wordpress\/wp-content\/uploads\/2023\/02\/gianni-pian-loppe.mp3<\/a><\/audio>\n<p>&nbsp;<\/p>\n<p>&nbsp;<\/p>\n<hr \/>\n<p>&nbsp;<\/p>\n<blockquote>\n<h3>PISCINA DI AGORDO, GIORGIO DE NARDIN &#8220;AVANTI, CON IDEE ED ENTUSIASMO&#8221;<\/h3>\n<\/blockquote>\n<p><strong><img loading=\"lazy\" decoding=\"async\" class=\"alignleft\" src=\"https:\/\/www.radiopiu.net\/wordpress\/wp-content\/uploads\/2020\/01\/75069647_150999276277729_9176156593786454016_o.jpg\" width=\"175\" height=\"98\" \/>DI Mirko Mezzacasa, ospite Giorgio De Nardin, Piscina di Agordo-Attivamente Agordino.<\/strong><\/p>\n<p><strong>audio<\/strong><\/p>\n<audio class=\"wp-audio-shortcode\" id=\"audio-322260-5\" preload=\"none\" style=\"width: 100%;\" controls=\"controls\"><source type=\"audio\/mpeg\" src=\"https:\/\/www.radiopiu.net\/wordpress\/wp-content\/uploads\/2020\/01\/piscina.mp3?_=5\" \/><a href=\"https:\/\/www.radiopiu.net\/wordpress\/wp-content\/uploads\/2020\/01\/piscina.mp3\">https:\/\/www.radiopiu.net\/wordpress\/wp-content\/uploads\/2020\/01\/piscina.mp3<\/a><\/audio>\n<p>&nbsp;<\/p>\n<p>&nbsp;<\/p>\n<p>&nbsp;<\/p>\n<hr \/>\n<p>&nbsp;<\/p>\n<blockquote>\n<h3>PULITE LE SCALE MOBILI E VIA SOTTOCASTELLO<\/h3>\n<\/blockquote>\n<p><strong>BELLUNO<\/strong> Ieri mattina quattro volontari hanno effettuato la bonifica delle scarpate esterne della scala mobile di Lambioi, dove periodicamente si accumulano rifiuti, in particolare bottiglie e lattine.\u00a0 Due volontari, esperti alpinisti, si sono calati con l\u2019imbracatura lungo la scarpata fino a raggiungere il cumulo di rifiuti. Altri due colleghi, da sopra, sollevavano i sacchi per affidarli poi a Bellunum. Quattro in tutto, i sacchi riempiti, per lo pi\u00f9 con bottiglie e lattine. Oggi\u00a0 le squadre di volontari si sposteranno al Bosco delle Castagne, per lo sfalcio dell\u2019area dopo che luned\u00ec la strada di accesso \u00e8 stata sistemata con la stesura dello stabilizzatore.<\/p>\n<p>&nbsp;<\/p>\n\n\t\t\t<style type='text\/css'>\n\t\t\t\t#gallery-4 {\n\t\t\t\t\tmargin: auto;\n\t\t\t\t}\n\t\t\t\t#gallery-4 .gallery-item {\n\t\t\t\t\tfloat: left;\n\t\t\t\t\tmargin-top: 10px;\n\t\t\t\t\ttext-align: center;\n\t\t\t\t\twidth: 50%;\n\t\t\t\t}\n\t\t\t\t#gallery-4 img {\n\t\t\t\t\tborder: 2px solid #cfcfcf;\n\t\t\t\t}\n\t\t\t\t#gallery-4 .gallery-caption {\n\t\t\t\t\tmargin-left: 0;\n\t\t\t\t}\n\t\t\t\t\/* see gallery_shortcode() in wp-includes\/media.php *\/\n\t\t\t<\/style>\n\t\t<div id='gallery-4' class='dt-gallery-container gallery galleryid-322260 gallery-columns-2 gallery-size-thumbnail'><dl class='gallery-item'>\n\t\t\t\t<dt class='gallery-icon landscape'>\n\t\t\t\t\t<a class=\"rollover rollover-zoom dt-pswp-item\" title=\"Pulizia Lambioi\" data-dt-img-description=\"\" data-large_image_width=\"2040\" data-large_image_height=\"1530\"href='https:\/\/www.radiopiu.net\/wordpress\/wp-content\/uploads\/2023\/02\/Pulizia-Lambioi.jpeg'><img loading=\"lazy\" decoding=\"async\" width=\"150\" height=\"150\" src=\"https:\/\/www.radiopiu.net\/wordpress\/wp-content\/uploads\/2023\/02\/Pulizia-Lambioi-150x150.jpeg\" class=\"attachment-thumbnail size-thumbnail\" alt=\"\" \/><\/a>\n\t\t\t\t<\/dt><\/dl><dl class='gallery-item'>\n\t\t\t\t<dt class='gallery-icon portrait'>\n\t\t\t\t\t<a class=\"rollover rollover-zoom dt-pswp-item\" title=\"Pulizia Lambioi_1\" data-dt-img-description=\"\" data-large_image_width=\"1530\" data-large_image_height=\"2040\"href='https:\/\/www.radiopiu.net\/wordpress\/wp-content\/uploads\/2023\/02\/Pulizia-Lambioi_1.jpeg'><img loading=\"lazy\" decoding=\"async\" width=\"150\" height=\"150\" src=\"https:\/\/www.radiopiu.net\/wordpress\/wp-content\/uploads\/2023\/02\/Pulizia-Lambioi_1-150x150.jpeg\" class=\"attachment-thumbnail size-thumbnail\" alt=\"\" \/><\/a>\n\t\t\t\t<\/dt><\/dl><br style=\"clear: both\" \/>\n\t\t\t<\/div>\n\n<p>&nbsp;<\/p>\n<hr \/>\n<p>&nbsp;<\/p>\n<h2 align=\"CENTER\"><strong><span style=\"color: #000000;\"><a class=\"dt-pswp-item\" href=\"https:\/\/www.radiopiu.net\/wordpress\/wp-content\/uploads\/2023\/02\/Lavori-ex-Caserma.jpeg\" data-dt-img-description=\"\" data-large_image_width=\"1512\" data-large_image_height=\"2016\"><img loading=\"lazy\" decoding=\"async\" class=\" wp-image-322324 alignleft\" src=\"https:\/\/www.radiopiu.net\/wordpress\/wp-content\/uploads\/2023\/02\/Lavori-ex-Caserma-225x300.jpeg\" alt=\"\" width=\"169\" height=\"225\" srcset=\"https:\/\/www.radiopiu.net\/wordpress\/wp-content\/uploads\/2023\/02\/Lavori-ex-Caserma-225x300.jpeg 225w, https:\/\/www.radiopiu.net\/wordpress\/wp-content\/uploads\/2023\/02\/Lavori-ex-Caserma-768x1024.jpeg 768w, https:\/\/www.radiopiu.net\/wordpress\/wp-content\/uploads\/2023\/02\/Lavori-ex-Caserma-1152x1536.jpeg 1152w, https:\/\/www.radiopiu.net\/wordpress\/wp-content\/uploads\/2023\/02\/Lavori-ex-Caserma.jpeg 1512w\" sizes=\"auto, (max-width: 169px) 100vw, 169px\" \/><\/a>INIZIATI I LAVORI ALL\u2019EX CASERMA DEI VIGILI DEL FUOCO<\/span><\/strong><\/h2>\n<p align=\"CENTER\"><strong><span style=\"color: #000000;\">Il primo passo sar\u00e0 togliere le cisterne interrate<\/span><\/strong><\/p>\n<p align=\"JUSTIFY\"><span style=\"font-family: Arial, serif;\"><span style=\"font-size: large;\"><strong>BELLUNO<\/strong> Ha preso il via il cantiere all\u2019ex Caserma dei Vigili del Fuoco di Mussoi. Mercoled\u00ec \u00e8 iniziata l\u2019operazione per togliere le cisterne e il distributore dal piazzale interno del complesso. A occuparsi di questa fase \u00e8 lo stesso Comando dei Vigili del Fuco, si tratta del primo passo per poter aprire, poi, il vero e proprio cantiere di riqualificazione del compendio. <\/span><\/span><\/p>\n<p align=\"JUSTIFY\"><strong>L&#8217;ASSESSORE FRANCO ROCCON<\/strong><\/p>\n<audio class=\"wp-audio-shortcode\" id=\"audio-322260-6\" preload=\"none\" style=\"width: 100%;\" controls=\"controls\"><source type=\"audio\/mpeg\" src=\"https:\/\/www.radiopiu.net\/wordpress\/wp-content\/uploads\/2023\/02\/Roccon-su-lavori-ex-Caserma.m4a?_=6\" \/><a href=\"https:\/\/www.radiopiu.net\/wordpress\/wp-content\/uploads\/2023\/02\/Roccon-su-lavori-ex-Caserma.m4a\">https:\/\/www.radiopiu.net\/wordpress\/wp-content\/uploads\/2023\/02\/Roccon-su-lavori-ex-Caserma.m4a<\/a><\/audio>\n<p>&nbsp;<\/p>\n<hr \/>\n<p>&nbsp;<\/p>\n<blockquote>\n<h3>LA ZINGHENESTA CELEBRA LA DECIMA EDIZIONE. L&#8217;APPUNTAMENTO DOMENICA A CANALE D&#8217;AGORDO<\/h3>\n<\/blockquote>\n<p><strong><a class=\"dt-pswp-item\" href=\"https:\/\/www.radiopiu.net\/wordpress\/wp-content\/uploads\/2023\/02\/\u00a9Ticomunicazione-Zinganesta-2020_-9.jpg\" data-dt-img-description=\"\" data-large_image_width=\"2000\" data-large_image_height=\"1333\"><img loading=\"lazy\" decoding=\"async\" class=\" wp-image-322281 alignleft\" src=\"https:\/\/www.radiopiu.net\/wordpress\/wp-content\/uploads\/2023\/02\/\u00a9Ticomunicazione-Zinganesta-2020_-9-300x200.jpg\" alt=\"\" width=\"164\" height=\"109\" srcset=\"https:\/\/www.radiopiu.net\/wordpress\/wp-content\/uploads\/2023\/02\/\u00a9Ticomunicazione-Zinganesta-2020_-9-300x200.jpg 300w, https:\/\/www.radiopiu.net\/wordpress\/wp-content\/uploads\/2023\/02\/\u00a9Ticomunicazione-Zinganesta-2020_-9-1024x682.jpg 1024w, https:\/\/www.radiopiu.net\/wordpress\/wp-content\/uploads\/2023\/02\/\u00a9Ticomunicazione-Zinganesta-2020_-9-768x512.jpg 768w, https:\/\/www.radiopiu.net\/wordpress\/wp-content\/uploads\/2023\/02\/\u00a9Ticomunicazione-Zinganesta-2020_-9-1536x1024.jpg 1536w, https:\/\/www.radiopiu.net\/wordpress\/wp-content\/uploads\/2023\/02\/\u00a9Ticomunicazione-Zinganesta-2020_-9.jpg 2000w\" sizes=\"auto, (max-width: 164px) 100vw, 164px\" \/><\/a>CANALE D&#8217;AGORDO <\/strong>Ritorna, dopo un paio d&#8217;anni di stop, la Zinghenesta, la tradizionale festa in maschera che il Comitato La Zinghenesta di Canale d\u2019Agordo (Belluno) ha rivitalizzato qualche tempo fa e che domenica 19 febbraio riproporr\u00e0 per la decima edizione. L\u2019iniziativa coinvolger\u00e0 tutta la Valle del Biois, per l\u2019intera giornata: la sfilata partir\u00e0 alle 8 della mattina da Falcade in direzione Caviola e intorno a mezzogiorno giunger\u00e0 a Canale d\u2019Agordo, nella piazzetta di Tancon, davanti alla Casa delle Regole. Qui ci sar\u00e0 uno dei momenti pi\u00f9 importanti della giornata: la rivelazione della Zinghenesta, cio\u00e8 della ragazza pi\u00f9 bella del paese. Dopo la pausa per il pranzo, la festa riprender\u00e0 alle 15 con la sfilata della Zinghenesta e del suo seguito &#8220;su par strada Vecia e du par strada Nova&#8221;: Piazzetta Tancon, Via Lotta, Via Sommavilla, Via Xaiz, Via XX Agosto, Piazza Papa Luciani. Qui, sar\u00e0 ospitato l\u2019evento clou del pomeriggio: il processo al Carnevale, alle 16.30. Prima del processo per\u00f2, spazio al concorso della maschera pi\u00f9 bella, con premi per i migliori costumi. A Canale, dalle 9.30 alle 17.30, ci sar\u00e0 anche \u201cArte in Piazza Papa Luciani\u201d, rassegna di scultura con il \u201cConsorzio Mascherai Alpini\u201d. Si potranno anche gustare i Carfogn (dolce tipico della Valle del Biois), il Caff\u00e8 d\u2019orzo, le Crepes (senza glutine e senza latte), il vin brul\u00e9, the caldo al limone e anche della buonissima birra Pedavena. Per ulteriori informazioni si pu\u00f2 consultare il sito internet <a href=\"http:\/\/www.zinghenesta.it\">www.zinghenesta.it<\/a>.<\/p>\n<p>&nbsp;<\/p>\n<p>&nbsp;<\/p>\n<hr \/>\n<p>&nbsp;<\/p>\n<blockquote>\n<h3 class=\"photoswipe-wrapper\">PACE E DISARMO, MANIFESTAZIONE A BELLUNO<a class=\"dt-pswp-item pspw-wrap-ready\" href=\"https:\/\/www.radiopiu.net\/wordpress\/wp-content\/uploads\/2023\/02\/Senza-nome-34.jpg\" data-dt-img-description=\"\" data-large_image_width=\"214\" data-large_image_height=\"221\"><img loading=\"lazy\" decoding=\"async\" class=\" wp-image-322207 alignleft\" src=\"https:\/\/www.radiopiu.net\/wordpress\/wp-content\/uploads\/2023\/02\/Senza-nome-34.jpg\" alt=\"\" width=\"118\" height=\"122\" \/><\/a><\/h3>\n<\/blockquote>\n<p><strong>BELLUNO<\/strong>\u00a0Il\u00a0<span dir=\"ltr\" role=\"presentation\">24 febbraio\u00a0<\/span><span dir=\"ltr\" role=\"presentation\">Acli Belluno, Gruppo Emergency, Non una di meno, organizzano una mobilitazione.\u00a0\u00a0<\/span><span dir=\"ltr\" role=\"presentation\">Banchetto informativo in piazza dei Martiri, dalle 11 alle 19.\u00a0<\/span><span dir=\"ltr\" role=\"presentation\">A cadenza oraria, un flash mob con azione teatrale in empatia e solidariet\u00e0 con le vittime della <\/span><span dir=\"ltr\" role=\"presentation\">guerra.\u00a0<\/span><span dir=\"ltr\" role=\"presentation\">Per informazioni: pacedisarmobelluno@gmail.com\u00a0<\/span><span dir=\"ltr\" role=\"presentation\">Tel. 370 3432809.\u00a0<\/span><span dir=\"ltr\" role=\"presentation\">Pagina FB Pace e Disarmo. Coordinamento Provinciale Belluno<\/span><\/p>\n<p>&nbsp;<\/p>\n<p>&nbsp;<\/p>\n<hr \/>\n<p>&nbsp;<\/p>\n<blockquote>\n<h3>L&#8217;ASSEMBLEA DEI DONATORI DEL SANGUE DI CANALE D&#8217;AGORDO<\/h3>\n<\/blockquote>\n<p><strong><a class=\"dt-pswp-item\" href=\"https:\/\/www.radiopiu.net\/wordpress\/wp-content\/uploads\/2020\/09\/DONAZIONE-SANGUE.jpg\" data-dt-img-description=\"\" data-large_image_width=\"1920\" data-large_image_height=\"1282\"><img loading=\"lazy\" decoding=\"async\" class=\" wp-image-161053 alignleft\" src=\"https:\/\/www.radiopiu.net\/wordpress\/wp-content\/uploads\/2020\/09\/DONAZIONE-SANGUE-300x200.jpg\" alt=\"\" width=\"150\" height=\"100\" srcset=\"https:\/\/www.radiopiu.net\/wordpress\/wp-content\/uploads\/2020\/09\/DONAZIONE-SANGUE-300x200.jpg 300w, https:\/\/www.radiopiu.net\/wordpress\/wp-content\/uploads\/2020\/09\/DONAZIONE-SANGUE-1024x684.jpg 1024w, https:\/\/www.radiopiu.net\/wordpress\/wp-content\/uploads\/2020\/09\/DONAZIONE-SANGUE-768x513.jpg 768w, https:\/\/www.radiopiu.net\/wordpress\/wp-content\/uploads\/2020\/09\/DONAZIONE-SANGUE-1536x1026.jpg 1536w, https:\/\/www.radiopiu.net\/wordpress\/wp-content\/uploads\/2020\/09\/DONAZIONE-SANGUE-640x427.jpg 640w, https:\/\/www.radiopiu.net\/wordpress\/wp-content\/uploads\/2020\/09\/DONAZIONE-SANGUE.jpg 1920w\" sizes=\"auto, (max-width: 150px) 100vw, 150px\" \/><\/a>CANALE D&#8217;AGORDO<\/strong><\/p>\n<p>di Gianni Santomaso<\/p>\n<audio class=\"wp-audio-shortcode\" id=\"audio-322260-7\" preload=\"none\" style=\"width: 100%;\" controls=\"controls\"><source type=\"audio\/mpeg\" src=\"https:\/\/www.radiopiu.net\/wordpress\/wp-content\/uploads\/2023\/02\/GIANNI-ASSEMBLEA-DEI-DONATORI-DEL-SANGUE-DI-CANALE-DAGORDO.mp3?_=7\" \/><a href=\"https:\/\/www.radiopiu.net\/wordpress\/wp-content\/uploads\/2023\/02\/GIANNI-ASSEMBLEA-DEI-DONATORI-DEL-SANGUE-DI-CANALE-DAGORDO.mp3\">https:\/\/www.radiopiu.net\/wordpress\/wp-content\/uploads\/2023\/02\/GIANNI-ASSEMBLEA-DEI-DONATORI-DEL-SANGUE-DI-CANALE-DAGORDO.mp3<\/a><\/audio>\n<p>&nbsp;<\/p>\n<hr \/>\n<p>&nbsp;<\/p>\n<blockquote>\n<h3>OGGI IN SALA DON TAMIS I CONSIGLIERI DELL&#8217;UNIONE MONTANA<\/h3>\n<\/blockquote>\n<p><strong>AGORDO<\/strong> Il Presidente Paolo Frena ha convocato i consiglieri per oggi alle 20. All&#8217;ordine del giorno il DUP e anche l&#8217;approvazione del bilancio di previsione. In discussione anche i regolamenti di contabilit\u00e0 e controlli interni.<\/p>\n<p>&nbsp;<\/p>\n<hr \/>\n<p>&nbsp;<\/p>\n<p>&nbsp;<\/p>\n<blockquote>\n<h3>CORSO PER AGENTI IMMOBILIARI<\/h3>\n<\/blockquote>\n<p><span id=\"page47R_mcid6\" class=\"markedContent\"><strong>BELLUNO\u00a0<\/strong> <span dir=\"ltr\" role=\"presentation\">Ascom Formazione<\/span><\/span><span id=\"page47R_mcid8\" class=\"markedContent\"><span dir=\"ltr\" role=\"presentation\"> organizza un corso abilitante per agenti di affari in mediazione <\/span><span dir=\"ltr\" role=\"presentation\">con inizio il prossimo 23 febbraio per il quale le iscrizioni sono ancora aperte.<\/span><\/span><span id=\"page47R_mcid9\" class=\"markedContent\"><br role=\"presentation\" \/><span dir=\"ltr\" role=\"presentation\">Il corso ha durata di 100 ore e si svolger\u00e0, in base alle disposizioni della Regione del Veneto, met\u00e0 in presenza (a <\/span><span dir=\"ltr\" role=\"presentation\">Belluno) e met\u00e0 in modalit\u00e0 online. \u00c8 un corso propedeutico per sostenere l\u2019esame finale che abilita il candidato <\/span><span dir=\"ltr\" role=\"presentation\">alla professione su tutto il territorio nazionale. <\/span><\/span><span id=\"page47R_mcid10\" class=\"markedContent\"><span dir=\"ltr\" role=\"presentation\">Per informazioni, costi e iscrizioni rivolgersi ad Ascom Formazione Belluno (Piazza dei Martiri, 16 &#8211; tel. 0437 <\/span><span dir=\"ltr\" role=\"presentation\">215256)<\/span><\/span><\/p>\n<p>&nbsp;<\/p>\n<p>&nbsp;<\/p>\n<hr \/>\n<p>&nbsp;<\/p>\n<h3>GIORGIA RACCONTA LA RINASCITA, L&#8217;APPUNTAMENTO CON GENITORI SEMPRE<\/h3>\n<p><em>&#8220;NO ALL&#8217;USO DI DROGHE, SI AL DIVERTIMENTO SICURO&#8221;, a conclusione di un percorso tra le scuole della vallata: DOMANI ALLE 20.30 IN SALA DON TAMIS AD AGORDO, L&#8217;INCONTRO PER GENITORI E LA COMUNITA&#8217;, PRESENTATO DA GIANPAOLO SORATROI, CON GIORGIA BENUSIGLIO, SCRITTRICE E TESTIMONIAL ANTI DROGA: &#8220;ESPERIENZA E RISCATTO&#8221;. <\/em><em>CON ALFIO DE SANDRE, MEDICO, TOSSICOLOGO E PSICOTERAPEUTA -Dipartimento delle dipendenze &#8211; AULS 1 DOLOMITI. <\/em><em>UN INVITO DI &#8220;GENITORI SEMPRE&#8221;, ASSOCIAZIONE DI PROMOZIONE SOCIALE, CON IL PATROCINIO DEI COMUNI DI AGORDO, CENCENIGHE E DELL&#8217;UNIONE MONTANA AGORDINA<\/em><\/p>\n<p>&nbsp;<\/p>\n<hr \/>\n<p>&nbsp;<\/p>\n<p>&nbsp;<\/p>\n<p><iframe loading=\"lazy\" title=\"DEDICHE E RICHIESTE - 15 FEBBRAIO 2023\" width=\"1200\" height=\"675\" src=\"https:\/\/www.youtube.com\/embed\/v3LKkuNGjmg?feature=oembed\" frameborder=\"0\" allow=\"accelerometer; autoplay; clipboard-write; encrypted-media; gyroscope; picture-in-picture; web-share\" allowfullscreen><\/iframe><\/p>\n<p>&nbsp;<\/p>\n<p>&nbsp;<\/p>\n<hr \/>\n<p>&nbsp;<\/p>\n<blockquote>\n<h3>IL CARNEVALE CASTIONESE AUDIO<\/h3>\n<\/blockquote>\n<p><a class=\"dt-pswp-item\" href=\"https:\/\/www.radiopiu.net\/wordpress\/wp-content\/uploads\/2023\/02\/Senza-nome-16.jpg\" data-dt-img-description=\"\" data-large_image_width=\"662\" data-large_image_height=\"307\"><img loading=\"lazy\" decoding=\"async\" class=\" wp-image-320744 alignleft\" src=\"https:\/\/www.radiopiu.net\/wordpress\/wp-content\/uploads\/2023\/02\/Senza-nome-16-300x139.jpg\" alt=\"\" width=\"270\" height=\"125\" srcset=\"https:\/\/www.radiopiu.net\/wordpress\/wp-content\/uploads\/2023\/02\/Senza-nome-16-300x139.jpg 300w, https:\/\/www.radiopiu.net\/wordpress\/wp-content\/uploads\/2023\/02\/Senza-nome-16.jpg 662w\" sizes=\"auto, (max-width: 270px) 100vw, 270px\" \/><\/a>MASCHERE&#8230;MASCHERINE&#8230;CORIANDOLI E STELLE FILANTI&#8230;IL CARNEVALE<br \/>\nCASTIONESE PORTA&#8230;LA GIOIA!<br \/>\nTRE APPPUNTAMENTI CON LA PROLOCO E ASSOCIAZIONI LOCALI, PATROCINIO DELLA<br \/>\nPROVINCIA<br \/>\nsabato 18 febbraio alle 20.45 al teatro San Gaetano &#8220;Carnevale a Teatro&#8221;<br \/>\ndomenica 19 febbraio alle 11.30 sfilano le mascherine, dalle 14 in pian<br \/>\ndelle feste i carri mascherati<br \/>\nLunedi 20 febbraio alle 20.30 nella palestra delle scuole medie il gran<br \/>\nfinale con la tombola di carnevale.<br \/>\ninfo 345 8238880<\/p>\n<audio class=\"wp-audio-shortcode\" id=\"audio-322260-8\" preload=\"none\" style=\"width: 100%;\" controls=\"controls\"><source type=\"audio\/mpeg\" src=\"https:\/\/www.radiopiu.net\/wordpress\/wp-content\/uploads\/2023\/02\/carnevale-castionese-c.mp3?_=8\" \/><a href=\"https:\/\/www.radiopiu.net\/wordpress\/wp-content\/uploads\/2023\/02\/carnevale-castionese-c.mp3\">https:\/\/www.radiopiu.net\/wordpress\/wp-content\/uploads\/2023\/02\/carnevale-castionese-c.mp3<\/a><\/audio>\n<p>&nbsp;<\/p>\n<hr \/>\n<p>&nbsp;<\/p>\n<p>&nbsp;<\/p>\n<blockquote>\n<h3><a class=\"dt-pswp-item\" href=\"https:\/\/www.radiopiu.net\/wordpress\/wp-content\/uploads\/2023\/02\/2020.jpg\" data-dt-img-description=\"\" data-large_image_width=\"1600\" data-large_image_height=\"1200\"><img loading=\"lazy\" decoding=\"async\" class=\"wp-image-322064 alignleft\" src=\"https:\/\/www.radiopiu.net\/wordpress\/wp-content\/uploads\/2023\/02\/2020-300x225.jpg\" alt=\"\" width=\"183\" height=\"137\" srcset=\"https:\/\/www.radiopiu.net\/wordpress\/wp-content\/uploads\/2023\/02\/2020-300x225.jpg 300w, https:\/\/www.radiopiu.net\/wordpress\/wp-content\/uploads\/2023\/02\/2020-1024x768.jpg 1024w, https:\/\/www.radiopiu.net\/wordpress\/wp-content\/uploads\/2023\/02\/2020-768x576.jpg 768w, https:\/\/www.radiopiu.net\/wordpress\/wp-content\/uploads\/2023\/02\/2020-1536x1152.jpg 1536w, https:\/\/www.radiopiu.net\/wordpress\/wp-content\/uploads\/2023\/02\/2020.jpg 1600w\" sizes=\"auto, (max-width: 183px) 100vw, 183px\" \/><\/a>SABATO CARNEVALE A MEANO<\/h3>\n<\/blockquote>\n<p><span id=\"page16R_mcid0\" class=\"markedContent\"><strong><span dir=\"ltr\" role=\"presentation\">MEANO <\/span><\/strong><span dir=\"ltr\" role=\"presentation\">Festa di Carnevale al Parc<\/span><span dir=\"ltr\" role=\"presentation\">o<\/span> <span dir=\"ltr\" role=\"presentation\">Ciclamino <\/span><span dir=\"ltr\" role=\"presentation\">sabato dalle 14.30<\/span><span dir=\"ltr\" role=\"presentation\">. <\/span><span dir=\"ltr\" role=\"presentation\">Erik &amp; Cirillo animeranno il pomeriggio <\/span><span dir=\"ltr\" role=\"presentation\">presentando le mascherine che prenderanno parte alla <\/span><span dir=\"ltr\" role=\"presentation\">sfilata <\/span><span dir=\"ltr\" role=\"presentation\">aperta a tutti con premi al pi\u00f9 giovane, al pi\u00f9 &#8220;maturo&#8221;, ai gruppi pi\u00f9 numerosi e alla maschera pi\u00f9 simpatica. <\/span><span dir=\"ltr\" role=\"presentation\">I<\/span><span dir=\"ltr\" role=\"presentation\">l<\/span> <span dir=\"ltr\" role=\"presentation\">Gruppo <\/span><span dir=\"ltr\" role=\"presentation\">Genitori di Me<\/span><span dir=\"ltr\" role=\"presentation\">a<\/span><span dir=\"ltr\" role=\"presentation\">no raccoglier\u00e0 i\u00a0 fondi per sostenere le attivit\u00e0 delle scuole della Frazione.<\/span><\/span><\/p>\n<p>&nbsp;<\/p>\n<hr \/>\n<p>&nbsp;<\/p>\n<blockquote>\n<h3>SABATO IL CARNEVALE CON AD AGORDO PROLOCO<\/h3>\n<\/blockquote>\n<p><strong><img loading=\"lazy\" decoding=\"async\" class=\"alignleft\" src=\"https:\/\/www.radiopiu.net\/wordpress\/wp-content\/uploads\/2023\/02\/735f16b6-a0da-4bf7-be7f-c1b2956d3467.jpg\" width=\"145\" height=\"205\" \/><\/strong><\/p>\n<p>&nbsp;<\/p>\n<p>&nbsp;<\/p>\n<p>&nbsp;<\/p>\n<p>&nbsp;<\/p>\n<p>&nbsp;<\/p>\n<p>&nbsp;<\/p>\n<p><strong>AUDIO<\/strong><\/p>\n<p><strong>INTERVISTA A DANIELE GALLIGANI, PRESIDENTE AD AGORDO PROLOCO<\/strong><\/p>\n<audio class=\"wp-audio-shortcode\" id=\"audio-322260-9\" preload=\"none\" style=\"width: 100%;\" controls=\"controls\"><source type=\"audio\/mpeg\" src=\"https:\/\/www.radiopiu.net\/wordpress\/wp-content\/uploads\/2023\/02\/DANIELE-GALLIGANI.mp3?_=9\" \/><a href=\"https:\/\/www.radiopiu.net\/wordpress\/wp-content\/uploads\/2023\/02\/DANIELE-GALLIGANI.mp3\">https:\/\/www.radiopiu.net\/wordpress\/wp-content\/uploads\/2023\/02\/DANIELE-GALLIGANI.mp3<\/a><\/audio>\n<p>&nbsp;<\/p>\n<p>&nbsp;<\/p>\n<p>&nbsp;<\/p>\n<hr \/>\n<p>&nbsp;<\/p>\n<blockquote>\n<h3>LA ZINGHENESTA A CANALE D&#8217;AGORDO<\/h3>\n<\/blockquote>\n<p><strong>CANALE D&#8217;AGORDO<\/strong> Domenica 19 febbraio torna La Zinghenesta a Canale D&#8217;Agordo, il carnevale della Valle del Biois. L&#8217;evento inizier\u00e0 con la consueta sfilata del corteo mascherato in partenza da Falcade per poi arrivare verso le 12.00 a Canale d&#8217;Agordo. Alle 15.00 inizio della sfilata per le vie del paese, arrivo in piazza e premiazione della maschera pi\u00f9 bella; Alle 16.30 processo al Carnevale. Sculture in legno, divertimento e dolci per grandi e piccini accompagneranno questa edizione<\/p>\n<p>&nbsp;<\/p>\n<p>&nbsp;<\/p>\n<hr \/>\n<p>&nbsp;<\/p>\n<blockquote>\n<h3><strong><a class=\"dt-pswp-item\" href=\"https:\/\/www.radiopiu.net\/wordpress\/wp-content\/uploads\/2023\/02\/Senza-nome-6.jpg\" data-dt-img-description=\"\" data-large_image_width=\"242\" data-large_image_height=\"189\"><img loading=\"lazy\" decoding=\"async\" class=\"wp-image-320153 alignleft\" src=\"https:\/\/www.radiopiu.net\/wordpress\/wp-content\/uploads\/2023\/02\/Senza-nome-6.jpg\" alt=\"\" width=\"168\" height=\"131\" \/><\/a><\/strong>CARNEVALE CON LA PROLOCO DI SAN TOMASO<\/h3>\n<\/blockquote>\n<p><strong>SAN TOMASO<\/strong> Carnevale con la proloco di San Tomaso, oggi lettura animate in biblioteca a Celat alle 17 (in maschera), domenica I racconti di Paolo Soppelsa alle 17 in sala a Celat.<\/p>\n<p>&nbsp;<\/p>\n<p>&nbsp;<\/p>\n<hr \/>\n<p>&nbsp;<\/p>\n<blockquote>\n<h3>EL CARNEVAL DEI BOCE A TAIBON<\/h3>\n<\/blockquote>\n<p><strong>TAIBON<\/strong> Pro Loco e Comune di Taibon organizzano El Carneval Dei Boce domenica 19 febbraio. Ritrovo in piazza alle 14, sfilata alla casa di riposo e festa all&#8217;ex municipio dalle 16.<\/p>\n<p>&nbsp;<\/p>\n<hr \/>\n<p>&nbsp;<\/p>\n<blockquote>\n<h2>CARNEVALE A CAVIOLA<\/h2>\n<\/blockquote>\n<p><strong>DI GIANNI SANTOMASO<\/strong><\/p>\n<audio class=\"wp-audio-shortcode\" id=\"audio-322260-10\" preload=\"none\" style=\"width: 100%;\" controls=\"controls\"><source type=\"audio\/mpeg\" src=\"https:\/\/www.radiopiu.net\/wordpress\/wp-content\/uploads\/2023\/02\/MARTEDI-A-CAVIOLA.mp3?_=10\" \/><a href=\"https:\/\/www.radiopiu.net\/wordpress\/wp-content\/uploads\/2023\/02\/MARTEDI-A-CAVIOLA.mp3\">https:\/\/www.radiopiu.net\/wordpress\/wp-content\/uploads\/2023\/02\/MARTEDI-A-CAVIOLA.mp3<\/a><\/audio>\n<p>&nbsp;<\/p>\n<p>&nbsp;<\/p>\n<hr \/>\n<p>&nbsp;<\/p>\n<blockquote>\n<h3>SABATO LA MASCOREDA<\/h3>\n<\/blockquote>\n<p><strong>ROCCA PIETORE<\/strong>\u00a0 Sabato Carneval de le Vai, secondo appuntamento a Rocca Pietore. Alle 13.30 Ritrovo delle maschere tradizionali a Col di Rocca presso l&#8217;Hotel Pineta 14:00 partenza della Mascor\u00e8da 16.30\/17:00 Arrivo a Sottoguda\u00a0 20.30 Tradizionale ballo in maschera presso il Bar Althea a Rocca Pietore A Sottoguda dalle 15.30 giochi per le mascherine, th\u00e8, brul\u00e8 e premiazione delle mascherine pi\u00f9 belle<\/p>\n<p>&nbsp;<\/p>\n<p>&nbsp;<\/p>\n<hr \/>\n<p>&nbsp;<\/p>\n<blockquote>\n<h3><span dir=\"ltr\" role=\"presentation\"><img loading=\"lazy\" decoding=\"async\" class=\"alignleft\" src=\"https:\/\/www.radiopiu.net\/wordpress\/wp-content\/uploads\/2023\/02\/COPERTA-1.jpg\" width=\"277\" height=\"153\" \/><\/span>SABATO IN VAL DI ZOLDO, NEVE ROSA GIRO D&#8217;ITALIA<\/h3>\n<\/blockquote>\n<blockquote><p><span style=\"color: #ff99cc;\"><strong>CIASPOLATA IN ROSA, IN ATTESA DEL GIRO D&#8217;ITALIA. APPUNTAMENTO&#8230;PER TUTTI!<\/strong><\/span><\/p><\/blockquote>\n<p><strong>parliamone, con il Sindaco, Camillo De Pellegrin<\/strong><\/p>\n<audio class=\"wp-audio-shortcode\" id=\"audio-322260-11\" preload=\"none\" style=\"width: 100%;\" controls=\"controls\"><source type=\"audio\/mpeg\" src=\"https:\/\/www.radiopiu.net\/wordpress\/wp-content\/uploads\/2023\/02\/CAMILLO-CAMILLO-ROSA.mp3?_=11\" \/><a href=\"https:\/\/www.radiopiu.net\/wordpress\/wp-content\/uploads\/2023\/02\/CAMILLO-CAMILLO-ROSA.mp3\">https:\/\/www.radiopiu.net\/wordpress\/wp-content\/uploads\/2023\/02\/CAMILLO-CAMILLO-ROSA.mp3<\/a><\/audio>\n<p>&nbsp;<\/p>\n<p>&nbsp;<\/p>\n<p>&nbsp;<\/p>\n<hr \/>\n<p>&nbsp;<\/p>\n<blockquote>\n<h3>IL RITORNO DEL LUPO, PROSEGUONO GLI INCONTRI<\/h3>\n<\/blockquote>\n<p><strong>LAMON <\/strong><span style=\"font-family: Tahoma, Verdana;\">&#8220;Il ritorno del lupo: conoscere di pi\u00f9 per convivere meglio&#8221;: \u00e8 il titolo della serata pubblica organizzata dal Comune di Lamon e dal Parco Nazionale Dolomiti Bellunesi. L&#8217;appuntamento \u00e8 per mercoled\u00ec 22 febbraio, alle ore 20:30, presso la sala teatro del centro AMO di Lamon. Relazioni di\u00a0 <\/span><span style=\"font-family: Tahoma, Verdana;\">Enrico Vettorazzo, tecnico del Parco Nazionale Dolomiti Bellunesi, e del fotografo naturalista Ivan Mazzon\u00a0<\/span><\/p>\n<p>&nbsp;<\/p>\n<p>&nbsp;<\/p>\n<hr \/>\n<p>&nbsp;<\/p>\n<blockquote>\n<h3>BENEFICA CENA AL BUIO<\/h3>\n<\/blockquote>\n<p><strong>AGORDO<\/strong> L&#8217;Unione Italiana dei Ciechi e degli Ipovedenti di Belluno\u00a0 organizza per\u00a0 sabato 25 febbraio, alle 20, al centro parrocchiale Vincenzo Savio la cena al buio. Il costo dell&#8217;evento \u00e8 di \u20ac 40 a persona. Parte del ricavato verr\u00e0 impiegata per finanziare l&#8217;acquisto di un nuovo pulmino per il trasporto delle persone con disabilit\u00e0 visiva della provincia di Belluno a opera dei volontari U.N.I.Vo.C. Le iscrizioni sono aperte fino al 20 febbraio (ma verranno chiuse prima in caso di esaurimento dei posti disponibili). Info 0437 943413<\/p>\n<p>&nbsp;<\/p>\n<p>&nbsp;<\/p>\n<hr \/>\n<p>&nbsp;<\/p>\n<blockquote>\n<h3>SAN VALENTINO A LIMANA<\/h3>\n<\/blockquote>\n<p><strong>LIMANA<\/strong> in occasione di San Valentino sabato prossimo spettacolo &#8220;Il musicista innamorato, cronologia di un play boy&#8221; di e con Claudio Colombo, con Lino Brotto alla chitarra e Filippo Tantino al contrabbasso.<\/p>\n<p>&nbsp;<\/p>\n<p>&nbsp;<\/p>\n<hr \/>\n<p>&nbsp;<\/p>\n<blockquote>\n<h3>GITA DI CLASSE, 1963<\/h3>\n<\/blockquote>\n<p><strong>REDAZIONE<\/strong> I coscritti del 1963 il 1 aprile si ritroveranno in gita, al Castello di Spessa e San Daniele. Partenza in pullman da Agordo alle 8.30, rientro in serata. Prenotazione e saldo (130euro) entro il 5 marzo. Info 348 0326080 -Giornale e Caffe&#8217;, Taibon.<\/p>\n<p>&nbsp;<\/p>\n<p>&nbsp;<\/p>\n<hr \/>\n<p>&nbsp;<\/p>\n<blockquote>\n<h3><a class=\"dt-pswp-item\" href=\"https:\/\/www.radiopiu.net\/wordpress\/wp-content\/uploads\/2023\/02\/copertila-lea-luzzatto-2-definitiva.jpg\" data-dt-img-description=\"\" data-large_image_width=\"583\" data-large_image_height=\"806\"><img loading=\"lazy\" decoding=\"async\" class=\"wp-image-322089 alignleft\" src=\"https:\/\/www.radiopiu.net\/wordpress\/wp-content\/uploads\/2023\/02\/copertila-lea-luzzatto-2-definitiva-217x300.jpg\" alt=\"\" width=\"109\" height=\"151\" srcset=\"https:\/\/www.radiopiu.net\/wordpress\/wp-content\/uploads\/2023\/02\/copertila-lea-luzzatto-2-definitiva-217x300.jpg 217w, https:\/\/www.radiopiu.net\/wordpress\/wp-content\/uploads\/2023\/02\/copertila-lea-luzzatto-2-definitiva.jpg 583w\" sizes=\"auto, (max-width: 109px) 100vw, 109px\" \/><\/a>LA PRESENTAZIONE DEL NUOVO LIBRO DI ROBERTO DE NART<\/h3>\n<\/blockquote>\n<p><strong>BELLUNO <\/strong>Sabato 25 febbraio alle 18 alla Libreria Tarantola di Belluno, in via Psaro 13\/A, si terr\u00e0 la presentazione del libro \u201cL\u2019inquietante morte di Lea Luzzatto\u201d di Roberto De Nart. Conduce l\u2019incontro Anna Polifroni, avvocato del Foro di Belluno. Lea Luzzatto \u00e8 una giovane professoressa bellunese di 23 anni che viene trovata esanime in casa, riversa in una pozza di sangue con il cranio fracassato nella gelida notte del 17 dicembre 1946. Il suo corpo giace in fondo alle scale della villetta di famiglia in via Feltre n.1 dove abita con la madre e il fratello. Il fatto fa molto scalpore in citt\u00e0, perch\u00e9 coinvolge una nota famiglia della borghesia bellunese. Morte accidentale o delitto? La triste vicenda \u00e8 ricostruita dall\u2019autore attraverso gli atti processuali conservati all\u2019Archivio di Stato di Venezia e gli articoli di giornale dell\u2019epoca.<\/p>\n<p>&nbsp;<\/p>\n<p>&nbsp;<\/p>\n<hr \/>\n<p>&nbsp;<\/p>\n<h2><strong><a class=\"dt-pswp-item\" href=\"https:\/\/www.radiopiu.net\/wordpress\/wp-content\/uploads\/2020\/04\/FEMCA-CISL.png\" data-dt-img-description=\"\" data-large_image_width=\"225\" data-large_image_height=\"225\"><img loading=\"lazy\" decoding=\"async\" class=\" wp-image-127312 alignleft\" src=\"https:\/\/www.radiopiu.net\/wordpress\/wp-content\/uploads\/2020\/04\/FEMCA-CISL.png\" alt=\"\" width=\"126\" height=\"126\" srcset=\"https:\/\/www.radiopiu.net\/wordpress\/wp-content\/uploads\/2020\/04\/FEMCA-CISL.png 225w, https:\/\/www.radiopiu.net\/wordpress\/wp-content\/uploads\/2020\/04\/FEMCA-CISL-150x150.png 150w\" sizes=\"auto, (max-width: 126px) 100vw, 126px\" \/><\/a><\/strong><span style=\"color: #008000;\">CISL, LA VOCE PER I LAVORATORI<\/span><\/h2>\n<p><strong>di Mirko Mezzacasa<\/strong><\/p>\n<p>OSPITE: Antonio Turco, FEMCA CISL RSU Luxottica di Sedico<\/p>\n<audio class=\"wp-audio-shortcode\" id=\"audio-322260-12\" preload=\"none\" style=\"width: 100%;\" controls=\"controls\"><source type=\"audio\/mpeg\" src=\"https:\/\/www.radiopiu.net\/wordpress\/wp-content\/uploads\/2023\/02\/FEMCA-CISL-2.mp3?_=12\" \/><a href=\"https:\/\/www.radiopiu.net\/wordpress\/wp-content\/uploads\/2023\/02\/FEMCA-CISL-2.mp3\">https:\/\/www.radiopiu.net\/wordpress\/wp-content\/uploads\/2023\/02\/FEMCA-CISL-2.mp3<\/a><\/audio>\n<p>&nbsp;<\/p>\n<hr \/>\n<p>&nbsp;<\/p>\n<h2><span style=\"color: #ff00ff;\">SE NON LA SMETTI TI MANDO DAL PRESIDE<\/span><\/h2>\n<p><strong><a class=\"dt-pswp-item\" href=\"https:\/\/www.radiopiu.net\/wordpress\/wp-content\/uploads\/2022\/11\/scuola-zaino.jpeg\" data-dt-img-description=\"\" data-large_image_width=\"626\" data-large_image_height=\"417\"><img loading=\"lazy\" decoding=\"async\" class=\" wp-image-306830 alignleft\" src=\"https:\/\/www.radiopiu.net\/wordpress\/wp-content\/uploads\/2022\/11\/scuola-zaino-300x200.jpeg\" alt=\"\" width=\"144\" height=\"96\" srcset=\"https:\/\/www.radiopiu.net\/wordpress\/wp-content\/uploads\/2022\/11\/scuola-zaino-300x200.jpeg 300w, https:\/\/www.radiopiu.net\/wordpress\/wp-content\/uploads\/2022\/11\/scuola-zaino.jpeg 626w\" sizes=\"auto, (max-width: 144px) 100vw, 144px\" \/><\/a>PUNTATA DEL 15 FEBBRAIO<\/strong><\/p>\n<p>di Mirko Mezzacasa<\/p>\n<p>Con Maria Rosa Salmazo<\/p>\n<audio class=\"wp-audio-shortcode\" id=\"audio-322260-13\" preload=\"none\" style=\"width: 100%;\" controls=\"controls\"><source type=\"audio\/mpeg\" src=\"https:\/\/www.radiopiu.net\/wordpress\/wp-content\/uploads\/2023\/02\/se-non-la-smetti-numero-17-scuola.mp3?_=13\" \/><a href=\"https:\/\/www.radiopiu.net\/wordpress\/wp-content\/uploads\/2023\/02\/se-non-la-smetti-numero-17-scuola.mp3\">https:\/\/www.radiopiu.net\/wordpress\/wp-content\/uploads\/2023\/02\/se-non-la-smetti-numero-17-scuola.mp3<\/a><\/audio>\n<p>&nbsp;<\/p>\n<p>&nbsp;<\/p>\n<hr \/>\n<p>&nbsp;<\/p>\n<blockquote>\n<h3>PIERINA BORANGA: EDUCATRICE E FONDATRICE DELLA SCUOLA \u201cARISTIDE GABELLI\u201d DI BELLUNO<\/h3>\n<\/blockquote>\n<p><strong>di\u00a0 RENATO BONA<\/strong><\/p>\n<p>Rileggo con autentica gioia il libro \u201cDonne in prima linea\u201d che la bellunese dott. Milena Caldart ha realizzato nel maggio 2014 (grafica e stampa Tipografia Sommavilla) con Alessandro Tarantola editore pure di Belluno, per raccontare di quelle che nel sottotitolo definisce \u201cTestimoni dell\u2019identit\u00e0 femminile veneta\u201d e riferire su Bellunesi Vicentine Trevigiane dall\u2019Annessione al Ventennio\u201d. In questa occasione la scelta \u00e8 caduta sul capitolo dedicato a: \u201cPierina Boranga. Educatrice e fondatrice della scuola Aristide Gabelli di Belluno\u201d. Sotto il titolo una foto della Boranga (da \u201cLa lunga memoria\u201d edizione Nuovi Sentieri di Bepi Pellegrinon) e di seguito l\u2019illustrazione della benemerita attivit\u00e0 da lei svolta, Nacque a Belluno nel 1891 in una umile famiglia, col padre custode del tribunale e la madre stiratrice che \u201cla avviano al lavoro non appena terminata la scuola elementare, ma si rendono conto subito della sofferenza che le hanno provocato privandola dello studio. Riescono cos\u00ec a procurarsi i mezzi per farle proseguire gli studi\u201d. Maestra in Cadore a soli 17 anni &#8211; scrive Milena Caldart \u2013 \u00e8 costretta da vicende familiari a rientrare a Belluno dove far\u00e0 l\u2019insegnante alla scuola materna. Il 1. marzo 1927 vince il concorso ed \u00e8 direttrice didattica delle elementari comunali bellunesi e fa il suo ingresso nella sede della direzione di Piazza Castello. Proveniva da Milano dove dal 1915 ha insegnato per due lustri alla Scuola Rinnovata fondata nel 1911 da Giuseppina Pizzigoni \u201cideatrice di un metodo che Boranga porter\u00e0 nella nuova esperienza nella sua citt\u00e0\u201d, Belluno appunto. Autrice per l\u2019editore Innocenzo Vigliardi Paravia del suo primo libro \u201cLa natura e il fanciullo: I muri\u201d con prefazione di Giuseppe Lombardo Radice, Direttore generale dell\u2019Istruzione per le elementari, la Boranga inizia la sua attivit\u00e0 di Direttrice didattica e, fra l\u2019altro visita la scuola di Borgo Pra alla quale si affeziona subito e pensa di farla divenire una \u201cmini Rinnovata\u201d con l\u2019istituzione di attivit\u00e0 fino ad allora trascurate come lavoro, canto, recitazione, esperienze scientifiche, studio della natura. La sua proposta &#8211; sottolinea Caldart &#8211; \u00e8 accolta, trover\u00e0 attuazione dal successivo anno scolastico ma nell\u2019immediato viene decisa l\u2019istituzione del dopo scuola. La Boranga vede anche, nelle visite che compie, tanti bambini emarginati e umiliati \u201cper l\u2019incapacit\u00e0 di farsi comprendere, tanti figli di gente povera e indifesa ed il suo intervento talvolta d\u00e0 sollievo, risolve situazioni di emarginazione, Talvolta i controlli nelle scuole sono spiacevoli e la nostra deve rilevare mancanze di ogni genere sicch\u00e9 segnala lavori da eseguire negli edifici per il loro risanamento. Lentamente le insegnanti cominciano a seguirla ed il suo lavoro resta comunque incessante e non privo di difficolt\u00e0 ed anche amarezze. Non demorde e istituisce corsi per maestri, avvia la ricostruzione delle biblioteche scolastiche, si prodiga per la modifica ove possibile degli spazi interni dove istituire anche una sala sanitaria, gli spazi esterni devono prevedere l\u2019area per un orto dove i ragazzi possano conoscere direttamente il ciclo della natura. Pian piano, in tutte le scuole sottoposte al suo controllo si avvia l\u2019applicazione del \u201cmetodo Pizzigoni\u201d. Pierina Boranga \u00e8 nota per il suo personale grande impegno per il progetto di costruzione delle elementari del capoluogo. Il nuovo edificio, intitolato ad Aristide Gabelli (nato a pochi metri dal luogo dove sorger\u00e0 il nuovo complesso scolastico) e divulgatore di un metodo sperimentale di cui Giuseppina Pizzigoni era la pi\u00f9 fedele interprete, sar\u00e0 inaugurato il 28 ottobre 1934.Sempre nell\u2019ambito del mondo scolastico, Pierina Boranga profuse notevole impegno in campo sociale, per la lotta e la prevenzione della tubercolosi nella scuola, dando vita, non senza difficolt\u00e0 enormi, alla \u201cCasa del sole\u201d. A lei si deve anche, fra l\u2019altro, la \u201cMostra delle piccole industrie artigianali\u201d aperta nel 1931 nella sede dell\u2019allora Circolo culturale Minerva, che fu esperienza fondamentale per dare vita, nell\u2019ambito della Camera di commercio, alla \u201ctessoria\u201d,un laboratorio che nasce il17 aprile 1933 e sar\u00e0 strumento prezioso per dare lavoro ad un buon numero di operaie. Cessa l\u2019attivit\u00e0 di direttrice didattica di Belluno nel 1935 quando \u00e8 promossa Ispettrice ad Adria. Continua la produzione letteraria e nel 1956 riceve la medaglia d\u2019oro quale benemerita della scuola, della cultura e dell\u2019arte. Cessa di vivere il 17 giugno 1983. Belluno le ha dedicato la sala di Palazzo Crepadona sede della Biblioteca civica.<\/p>\n\n\t\t\t<style type='text\/css'>\n\t\t\t\t#gallery-5 {\n\t\t\t\t\tmargin: auto;\n\t\t\t\t}\n\t\t\t\t#gallery-5 .gallery-item {\n\t\t\t\t\tfloat: left;\n\t\t\t\t\tmargin-top: 10px;\n\t\t\t\t\ttext-align: center;\n\t\t\t\t\twidth: 25%;\n\t\t\t\t}\n\t\t\t\t#gallery-5 img {\n\t\t\t\t\tborder: 2px solid #cfcfcf;\n\t\t\t\t}\n\t\t\t\t#gallery-5 .gallery-caption {\n\t\t\t\t\tmargin-left: 0;\n\t\t\t\t}\n\t\t\t\t\/* see gallery_shortcode() in wp-includes\/media.php *\/\n\t\t\t<\/style>\n\t\t<div id='gallery-5' class='dt-gallery-container gallery galleryid-322260 gallery-columns-4 gallery-size-thumbnail'><dl class='gallery-item'>\n\t\t\t\t<dt class='gallery-icon landscape'>\n\t\t\t\t\t<a class=\"rollover rollover-zoom dt-pswp-item\" title=\"326369815_1625965424520923_1810122208293082830_n\" data-dt-img-description=\"\" data-large_image_width=\"320\" data-large_image_height=\"203\"href='https:\/\/www.radiopiu.net\/wordpress\/wp-content\/uploads\/2023\/02\/326369815_1625965424520923_1810122208293082830_n.jpg'><img loading=\"lazy\" decoding=\"async\" width=\"150\" height=\"150\" src=\"https:\/\/www.radiopiu.net\/wordpress\/wp-content\/uploads\/2023\/02\/326369815_1625965424520923_1810122208293082830_n-150x150.jpg\" class=\"attachment-thumbnail size-thumbnail\" alt=\"\" \/><\/a>\n\t\t\t\t<\/dt><\/dl><dl class='gallery-item'>\n\t\t\t\t<dt class='gallery-icon landscape'>\n\t\t\t\t\t<a class=\"rollover rollover-zoom dt-pswp-item\" title=\"326518637_777378893950874_8076977916908059837_n\" data-dt-img-description=\"\" data-large_image_width=\"280\" data-large_image_height=\"200\"href='https:\/\/www.radiopiu.net\/wordpress\/wp-content\/uploads\/2023\/02\/326518637_777378893950874_8076977916908059837_n.jpg'><img loading=\"lazy\" decoding=\"async\" width=\"150\" height=\"150\" src=\"https:\/\/www.radiopiu.net\/wordpress\/wp-content\/uploads\/2023\/02\/326518637_777378893950874_8076977916908059837_n-150x150.jpg\" class=\"attachment-thumbnail size-thumbnail\" alt=\"\" \/><\/a>\n\t\t\t\t<\/dt><\/dl><dl class='gallery-item'>\n\t\t\t\t<dt class='gallery-icon landscape'>\n\t\t\t\t\t<a class=\"rollover rollover-zoom dt-pswp-item\" title=\"326451525_2223436847858684_3429588177103838088_n\" data-dt-img-description=\"\" data-large_image_width=\"293\" data-large_image_height=\"206\"href='https:\/\/www.radiopiu.net\/wordpress\/wp-content\/uploads\/2023\/02\/326451525_2223436847858684_3429588177103838088_n.jpg'><img loading=\"lazy\" decoding=\"async\" width=\"150\" height=\"150\" src=\"https:\/\/www.radiopiu.net\/wordpress\/wp-content\/uploads\/2023\/02\/326451525_2223436847858684_3429588177103838088_n-150x150.jpg\" class=\"attachment-thumbnail size-thumbnail\" alt=\"\" \/><\/a>\n\t\t\t\t<\/dt><\/dl><dl class='gallery-item'>\n\t\t\t\t<dt class='gallery-icon landscape'>\n\t\t\t\t\t<a class=\"rollover rollover-zoom dt-pswp-item\" title=\"326553294_1482459802286278_8468227330781612094_n\" data-dt-img-description=\"\" data-large_image_width=\"296\" data-large_image_height=\"200\"href='https:\/\/www.radiopiu.net\/wordpress\/wp-content\/uploads\/2023\/02\/326553294_1482459802286278_8468227330781612094_n.jpg'><img loading=\"lazy\" decoding=\"async\" width=\"150\" height=\"150\" src=\"https:\/\/www.radiopiu.net\/wordpress\/wp-content\/uploads\/2023\/02\/326553294_1482459802286278_8468227330781612094_n-150x150.jpg\" class=\"attachment-thumbnail size-thumbnail\" alt=\"\" \/><\/a>\n\t\t\t\t<\/dt><\/dl><br style=\"clear: both\" \/><dl class='gallery-item'>\n\t\t\t\t<dt class='gallery-icon landscape'>\n\t\t\t\t\t<a class=\"rollover rollover-zoom dt-pswp-item\" title=\"326678827_908730923804414_5186477865333418205_n\" data-dt-img-description=\"\" data-large_image_width=\"312\" data-large_image_height=\"206\"href='https:\/\/www.radiopiu.net\/wordpress\/wp-content\/uploads\/2023\/02\/326678827_908730923804414_5186477865333418205_n.jpg'><img loading=\"lazy\" decoding=\"async\" width=\"150\" height=\"150\" src=\"https:\/\/www.radiopiu.net\/wordpress\/wp-content\/uploads\/2023\/02\/326678827_908730923804414_5186477865333418205_n-150x150.jpg\" class=\"attachment-thumbnail size-thumbnail\" alt=\"\" \/><\/a>\n\t\t\t\t<\/dt><\/dl><dl class='gallery-item'>\n\t\t\t\t<dt class='gallery-icon portrait'>\n\t\t\t\t\t<a class=\"rollover rollover-zoom dt-pswp-item\" title=\"326737050_570400785125622_4962421271854551685_n\" data-dt-img-description=\"\" data-large_image_width=\"155\" data-large_image_height=\"206\"href='https:\/\/www.radiopiu.net\/wordpress\/wp-content\/uploads\/2023\/02\/326737050_570400785125622_4962421271854551685_n.jpg'><img loading=\"lazy\" decoding=\"async\" width=\"150\" height=\"150\" src=\"https:\/\/www.radiopiu.net\/wordpress\/wp-content\/uploads\/2023\/02\/326737050_570400785125622_4962421271854551685_n-150x150.jpg\" class=\"attachment-thumbnail size-thumbnail\" alt=\"\" \/><\/a>\n\t\t\t\t<\/dt><\/dl><dl class='gallery-item'>\n\t\t\t\t<dt class='gallery-icon portrait'>\n\t\t\t\t\t<a class=\"rollover rollover-zoom dt-pswp-item\" title=\"326485050_708107964344185_2385343173549272467_n\" data-dt-img-description=\"\" data-large_image_width=\"160\" data-large_image_height=\"222\"href='https:\/\/www.radiopiu.net\/wordpress\/wp-content\/uploads\/2023\/02\/326485050_708107964344185_2385343173549272467_n.jpg'><img loading=\"lazy\" decoding=\"async\" width=\"150\" height=\"150\" src=\"https:\/\/www.radiopiu.net\/wordpress\/wp-content\/uploads\/2023\/02\/326485050_708107964344185_2385343173549272467_n-150x150.jpg\" class=\"attachment-thumbnail size-thumbnail\" alt=\"\" \/><\/a>\n\t\t\t\t<\/dt><\/dl>\n\t\t\t\t<br style='clear: both' \/>\n\t\t\t<\/div>\n\n<p>NELLE FOTO (riproduzioni dal libro di Milena Caldart \u201cDonne in prima linea\u201d): Pierina Boranga nel suo ufficio; alle \u201cGabelli\u201d il giardiniere Nenz insegna a vangare; gli alunni incaricati dell\u2019ordine e del lavoro nel giardino della Scuola alla riunione periodica; nell\u2019aula di lavoro; la nuova aula della \u201cCasa del sole\u201d; foto di gruppo alla\u201dCasa del sole\u201d; il laboratorio di \u201ctessoria\u201d al suo inizio<\/p>\n<p>&nbsp;<\/p>\n<p>&nbsp;<\/p>\n<hr \/>\n<p>&nbsp;<\/p>\n<div>\n<div class=\"b654a4as d2edcug0\">\n<div class=\"rq0escxv hkbzh7o3 jwdofwj8 n8tt0mok r8blr3vg hyh9befq\">\n<p><a class=\"dt-pswp-item\" href=\"https:\/\/www.radiopiu.net\/wordpress\/wp-content\/uploads\/2020\/10\/pp.jpg\" data-dt-img-description=\"\" data-large_image_width=\"640\" data-large_image_height=\"640\"><img loading=\"lazy\" decoding=\"async\" class=\"wp-image-163678 alignleft\" src=\"https:\/\/www.radiopiu.net\/wordpress\/wp-content\/uploads\/2020\/10\/pp-300x300.jpg\" alt=\"\" width=\"106\" height=\"106\" srcset=\"https:\/\/www.radiopiu.net\/wordpress\/wp-content\/uploads\/2020\/10\/pp-300x300.jpg 300w, https:\/\/www.radiopiu.net\/wordpress\/wp-content\/uploads\/2020\/10\/pp-150x150.jpg 150w, https:\/\/www.radiopiu.net\/wordpress\/wp-content\/uploads\/2020\/10\/pp-125x125.jpg 125w, https:\/\/www.radiopiu.net\/wordpress\/wp-content\/uploads\/2020\/10\/pp-200x200.jpg 200w, https:\/\/www.radiopiu.net\/wordpress\/wp-content\/uploads\/2020\/10\/pp-80x80.jpg 80w, https:\/\/www.radiopiu.net\/wordpress\/wp-content\/uploads\/2020\/10\/pp-480x480.jpg 480w, https:\/\/www.radiopiu.net\/wordpress\/wp-content\/uploads\/2020\/10\/pp.jpg 640w\" sizes=\"auto, (max-width: 106px) 100vw, 106px\" \/><\/a><\/p>\n<\/div>\n<\/div>\n<\/div>\n<div>\n<div class=\"page-title-head hgroup\">\n<div class=\"page-title-head hgroup\">\n<div class=\"b654a4as d2edcug0\">\n<div class=\"j83agx80 btwxx1t3 lhclo0ds hop8lmos nkwizq5d scwd0bx6 roh60bw9\">\n<div class=\"rq0escxv hkbzh7o3 jwdofwj8 n8tt0mok r8blr3vg hyh9befq\">\n<div class=\"do00u71z l9j0dhe7 k4urcfbm\" style=\"text-align: left;\">\n<h2><span style=\"color: #000080;\">DON CESARE, IL PENSIERO DEL GIORNO. ALLA RADIO ALLE 7 DEL MATTINO E ALLE 19.30 DELLA SERA\u00a0<\/span><\/h2>\n<audio class=\"wp-audio-shortcode\" id=\"audio-322260-14\" preload=\"none\" style=\"width: 100%;\" controls=\"controls\"><source type=\"audio\/mpeg\" src=\"https:\/\/www.radiopiu.net\/wordpress\/wp-content\/uploads\/2023\/02\/CESARE-14.mp3?_=14\" \/><a href=\"https:\/\/www.radiopiu.net\/wordpress\/wp-content\/uploads\/2023\/02\/CESARE-14.mp3\">https:\/\/www.radiopiu.net\/wordpress\/wp-content\/uploads\/2023\/02\/CESARE-14.mp3<\/a><\/audio>\n<\/div>\n<\/div>\n<\/div>\n<\/div>\n<\/div>\n<\/div>\n<\/div>\n<p>&nbsp;<\/p>\n<hr \/>\n<p>&nbsp;<\/p>\n<h2><strong><a class=\"dt-pswp-item\" href=\"https:\/\/www.radiopiu.net\/wordpress\/wp-content\/uploads\/2022\/03\/LIBERA-MAFIE.png\" data-dt-img-description=\"\" data-large_image_width=\"860\" data-large_image_height=\"756\"><img loading=\"lazy\" decoding=\"async\" class=\" wp-image-267115 alignleft\" src=\"https:\/\/www.radiopiu.net\/wordpress\/wp-content\/uploads\/2022\/03\/LIBERA-MAFIE-300x264.png\" alt=\"\" width=\"168\" height=\"148\" \/><\/a><\/strong><span style=\"color: #ff6600;\">LA RASSEGNA STAMPA DA L&#8217;AMICO DEL POPOLO<\/span><\/h2>\n<p><strong>di Gianni Santomaso<\/strong><\/p>\n<p>OSPITE: Piermario Fop<\/p>\n<audio class=\"wp-audio-shortcode\" id=\"audio-322260-15\" preload=\"none\" style=\"width: 100%;\" controls=\"controls\"><source type=\"audio\/mpeg\" src=\"https:\/\/www.radiopiu.net\/wordpress\/wp-content\/uploads\/2023\/02\/RASSEGNA-GIANNI-1.mp3?_=15\" \/><a href=\"https:\/\/www.radiopiu.net\/wordpress\/wp-content\/uploads\/2023\/02\/RASSEGNA-GIANNI-1.mp3\">https:\/\/www.radiopiu.net\/wordpress\/wp-content\/uploads\/2023\/02\/RASSEGNA-GIANNI-1.mp3<\/a><\/audio>\n<p>&nbsp;<\/p>\n<hr \/>\n<p>&nbsp;<\/p>\n<h2><span style=\"color: #ff00ff;\">IN VIVO VERSO\u00a0\u00a0<\/span><\/h2>\n<blockquote>\n<h2>LA PRIMAVERA di ALBERTO BARONI<\/h2>\n<\/blockquote>\n<p><strong>AUDIO<\/strong><\/p>\n<audio class=\"wp-audio-shortcode\" id=\"audio-322260-16\" preload=\"none\" style=\"width: 100%;\" controls=\"controls\"><source type=\"audio\/mpeg\" src=\"https:\/\/www.radiopiu.net\/wordpress\/wp-content\/uploads\/2023\/02\/03-ALBERTO-BARONI-LA-PRIMAVERA.mp3?_=16\" \/><a href=\"https:\/\/www.radiopiu.net\/wordpress\/wp-content\/uploads\/2023\/02\/03-ALBERTO-BARONI-LA-PRIMAVERA.mp3\">https:\/\/www.radiopiu.net\/wordpress\/wp-content\/uploads\/2023\/02\/03-ALBERTO-BARONI-LA-PRIMAVERA.mp3<\/a><\/audio>\n<p>&nbsp;<\/p>\n<p><img loading=\"lazy\" decoding=\"async\" class=\"alignleft\" src=\"https:\/\/www.radiopiu.net\/wordpress\/wp-content\/uploads\/2023\/01\/1-BARONI.jpg\" width=\"177\" height=\"164\" \/><strong>Alberto Baroni<\/strong><br \/>\nLA PRIMAVERA<\/p>\n<p>Eccomi ancor col vento fra i capelli,<br \/>\nfra le mie dita pollini di vita<br \/>\nche monti, selve e prati fan gioielli.<\/p>\n<p>Si risveglia ogni cosa inaridita,<br \/>\nintanto che dal ciel lascio cadere<br \/>\nlacrime di giocondit\u00e0 infinita.<\/p>\n<p>Son tutta un canto, un dolce belvedere,<br \/>\nson pazza, ma mai presenza oscura,<br \/>\ne il tepor del mio avvento d\u00e0 piacere.<\/p>\n<p>Di germogli ricolmo ogni fessura<br \/>\ne fra un frullare d\u2019ali in ogni dove<br \/>\ndi speme do alle anime la stura.<\/p>\n<p>Vestita di colori e luci nuove<br \/>\nio del pittore sono amante vera,<br \/>\nil poeta mi canta e si commuove.<\/p>\n<p>Tutta di vita \u00e8 la mia bufera<br \/>\ne tu che stai sciogliendo questo canto<br \/>\nben mi conosci, son la Primavera.<\/p>\n<p>&nbsp;<\/p>\n<div dir=\"auto\">\n<div dir=\"auto\">\n<div dir=\"auto\">\n<p><strong>LA RACCOLTA COMPLETA<\/strong><\/p>\n<blockquote class=\"wp-embedded-content\" data-secret=\"zYIrN63qdB\"><p><a href=\"https:\/\/www.radiopiu.net\/wordpress\/in-vivo-verso\/\">In Vivo Verso<\/a><\/p><\/blockquote>\n<p><iframe loading=\"lazy\" class=\"wp-embedded-content\" sandbox=\"allow-scripts\" security=\"restricted\" style=\"position: absolute; clip: rect(1px, 1px, 1px, 1px);\" title=\"&#8220;In Vivo Verso&#8221; &#8212; Radio Pi\u00f9\" src=\"https:\/\/www.radiopiu.net\/wordpress\/in-vivo-verso\/embed\/#?secret=ZipBgAeorF#?secret=zYIrN63qdB\" data-secret=\"zYIrN63qdB\" width=\"600\" height=\"338\" frameborder=\"0\" marginwidth=\"0\" marginheight=\"0\" scrolling=\"no\"><\/iframe><\/p>\n<\/div>\n<\/div>\n<\/div>\n<hr \/>\n<p>&nbsp;<\/p>\n<h2><span style=\"color: #008080;\">GOCCE DI FILOSOFIA<\/span><\/h2>\n<blockquote>\n<h3>GOCCE DI FILOSOFIA &#8211; PUNTATA 248 &#8211; CHIARA CAU<\/h3>\n<\/blockquote>\n<audio class=\"wp-audio-shortcode\" id=\"audio-322260-17\" preload=\"none\" style=\"width: 100%;\" controls=\"controls\"><source type=\"audio\/mpeg\" src=\"https:\/\/www.radiopiu.net\/wordpress\/wp-content\/uploads\/2023\/02\/FI3-1.mp3?_=17\" \/><a href=\"https:\/\/www.radiopiu.net\/wordpress\/wp-content\/uploads\/2023\/02\/FI3-1.mp3\">https:\/\/www.radiopiu.net\/wordpress\/wp-content\/uploads\/2023\/02\/FI3-1.mp3<\/a><\/audio>\n<p>&nbsp;<\/p>\n<p>LA RACCOLTA COMPLETA<\/p>\n<blockquote class=\"wp-embedded-content\" data-secret=\"IoIzVXXM1P\"><p><a href=\"https:\/\/www.radiopiu.net\/wordpress\/gocce-filosofia\/\">Gocce di filosofia,  LA TERZA STAGIONE&#8230; 2023<\/a><\/p><\/blockquote>\n<p><iframe loading=\"lazy\" class=\"wp-embedded-content\" sandbox=\"allow-scripts\" security=\"restricted\" style=\"position: absolute; clip: rect(1px, 1px, 1px, 1px);\" title=\"&#8220;Gocce di filosofia,  LA TERZA STAGIONE&#8230; 2023&#8221; &#8212; Radio Pi\u00f9\" src=\"https:\/\/www.radiopiu.net\/wordpress\/gocce-filosofia\/embed\/#?secret=adhqI78n6x#?secret=IoIzVXXM1P\" data-secret=\"IoIzVXXM1P\" width=\"600\" height=\"338\" frameborder=\"0\" marginwidth=\"0\" marginheight=\"0\" scrolling=\"no\"><\/iframe><\/p>\n<p>&nbsp;<\/p>\n<hr \/>\n<p>&nbsp;<\/p>\n<div class=\"column\">\n<p><img loading=\"lazy\" decoding=\"async\" class=\"aligncenter wp-image-61954 size-full\" src=\"https:\/\/www.radiopiu.net\/wordpress\/wp-content\/uploads\/2018\/09\/viabilita.jpeg\" sizes=\"auto, (max-width: 800px) 100vw, 800px\" srcset=\"https:\/\/www.radiopiu.net\/wordpress\/wp-content\/uploads\/2018\/09\/viabilita.jpeg 800w, https:\/\/www.radiopiu.net\/wordpress\/wp-content\/uploads\/2018\/09\/viabilita-300x38.jpeg 300w, https:\/\/www.radiopiu.net\/wordpress\/wp-content\/uploads\/2018\/09\/viabilita-768x96.jpeg 768w\" alt=\"\" width=\"800\" height=\"100\" \/><\/p>\n<p>&nbsp;<\/p>\n<p>&nbsp;<\/p>\n<p><strong>AGGIORNAMENTO VENETO STRADE, AGGIORNAMENTO CONTINUO H 24\u00a0<\/strong><\/p>\n<p><strong>SP1 BIS MADONNA DEL PIAVE,<\/strong>\u00a0localit\u00e0 Scalon,\u00a0dal 13 febbraio al 30 aprile\u00a0-esclusi festivi e prefestivi \u2013 senso unico alternato e possibili interruzioni fino a 15 minuti. \u00f9<\/p>\n<p><strong>SP 26 DI DIGOMAN<\/strong>\u00a0tra i Comuni di Rivamonte e Voltago,\u00a0dal 13 febbraio al 10 marzo\u00a0interdizione totale alla circolazione dalle 8 alle 17, negli altri periodi senso unico alternato regolato da semaforo.<\/p>\n<p><strong>SP3 VALLE IMPERINA<\/strong>\u00a0localit\u00e0 Gona (sopra Ponte Alto),\u00a0dal 13 febbraio al 17 marzo\u00a0senso unico alternato regolato da impianto semaforico.<\/p>\n<p><strong>SP 251 VAL DI ZOLDO E CELLINA<\/strong>\u00a0localit\u00e0 Ospitale,\u00a0dal 13 febbraio al 17 marzo\u00a0senso unico alternato, esclusi festivi e prefestivi.<\/p>\n<blockquote class=\"wp-embedded-content\" data-secret=\"7pqnJTs49H\"><p><a href=\"https:\/\/www.radiopiu.net\/wordpress\/viabilita\/\">viabilita<\/a><\/p><\/blockquote>\n<p><iframe loading=\"lazy\" class=\"wp-embedded-content\" sandbox=\"allow-scripts\" security=\"restricted\" style=\"position: absolute; clip: rect(1px, 1px, 1px, 1px);\" title=\"&#8220;viabilita&#8221; &#8212; Radio Pi\u00f9\" src=\"https:\/\/www.radiopiu.net\/wordpress\/viabilita\/embed\/#?secret=fJrW5iGmS0#?secret=7pqnJTs49H\" data-secret=\"7pqnJTs49H\" width=\"600\" height=\"338\" frameborder=\"0\" marginwidth=\"0\" marginheight=\"0\" scrolling=\"no\"><\/iframe><\/p>\n<div>\n<div dir=\"ltr\">\n<div class=\"gmail_quote\">\n<div dir=\"ltr\">\n<div class=\"gmail_quote\"><\/div>\n<\/div>\n<\/div>\n<\/div>\n<\/div>\n<p>&nbsp;<\/p>\n<hr \/>\n<p>&nbsp;<\/p>\n<p><a class=\"dt-pswp-item\" href=\"https:\/\/www.radiopiu.net\/wordpress\/wp-content\/uploads\/2018\/09\/WhatsApp-Image-2018-09-20-at-16.04.06.jpeg\" data-dt-img-description=\"\" data-large_image_width=\"800\" data-large_image_height=\"100\"><img loading=\"lazy\" decoding=\"async\" class=\"wp-image-61378 size-full aligncenter\" src=\"https:\/\/www.radiopiu.net\/wordpress\/wp-content\/uploads\/2018\/09\/WhatsApp-Image-2018-09-20-at-16.04.06.jpeg\" alt=\"\" width=\"800\" height=\"100\" srcset=\"https:\/\/www.radiopiu.net\/wordpress\/wp-content\/uploads\/2018\/09\/WhatsApp-Image-2018-09-20-at-16.04.06.jpeg 800w, https:\/\/www.radiopiu.net\/wordpress\/wp-content\/uploads\/2018\/09\/WhatsApp-Image-2018-09-20-at-16.04.06-300x38.jpeg 300w, https:\/\/www.radiopiu.net\/wordpress\/wp-content\/uploads\/2018\/09\/WhatsApp-Image-2018-09-20-at-16.04.06-768x96.jpeg 768w\" sizes=\"auto, (max-width: 800px) 100vw, 800px\" \/><\/a><\/p>\n<p>&nbsp;<\/p>\n<p><center><\/center><center><b>OGGI<\/b><\/center><b>Tempo atteso: <\/b>Tempo ancora stabile, ma meno soleggiato dei giorni precedenti per il passaggio di nubi alte. Dopo il tramonto possibili formazioni di foschie, di banchi di nebbia o di nubi basse sparse, specie sulle conche prealpine e nella notte. Clima leggermente meno mite rispetto ai giorni precedenti.<br \/>\n<b>Precipitazioni: <\/b>Assenti (0%).<br \/>\n<b>Temperature: <\/b>In lieve o contenuto calo, soprattutto delle temperature massime e in alta montagna, salvo risultare stazionarie le minime nelle valli, ancora su valori ben superiori alle medie del periodo a tutte le quote, con le minime in alta montagna misurate a fine giornata e ancora superiori allo zero a quote comprese tra i 2000 e i 2800 m; persistenza di un&#8217;importante inversione termica nelle ore fredde. Su Prealpi a 1500 m min 2\u00b0C max 9\u00b0C, a 2000 m min 1\u00b0C max 6\u00b0C. Su Dolomiti a 2000 m min 1\u00b0C max 6\u00b0C, a 3000 m min -6\u00b0C max 0\u00b0C.<br \/>\n<b>Venti: <\/b>Nelle valli deboli a tratti moderati nelle ore diurne per brezze, in alta montagna deboli o moderati dai quadranti occidentali, a 15-20 km\/h sia a 2000 m che a 3000 m.<\/p>\n<hr \/>\n<p><center><b>DOMANI<\/b><\/center><b>Tempo atteso: <\/b>Sulle basse valli prealpine generalmente nuvoloso per nubi alte e per nubi basse nelle ore fredde in lento dissolvimento, localmente anche persistenti. Sulle Dolomiti e sulle Prealpi in quota, invece, un po&#8217; pi\u00f9 soleggiato con cielo generalmente poco a tratti parzialmente nuvoloso per nubi alte o eventualmente per locali nubi basse.<br \/>\n<b>Precipitazioni: <\/b>Sulle Dolomiti assenti (0%); sulle Prealpi, non del tutto escluso qualche sporadico piovasco (0-10%).<br \/>\n<b>Temperature: <\/b>In contenuta diminuzione, specie le massime e in quota, ancora superiori alle medie stagionali; parziale attenuazione dell&#8217;inversione termica. Su Prealpi a 1500 m min 2\u00b0C max 8\u00b0C, a 2000 m min 1\u00b0C max 5\u00b0C. Su Dolomiti a 2000 m min 0\u00b0C max 5\u00b0C, a 3000 m min -7\u00b0C max -1\u00b0C.<br \/>\n<b>Venti: <\/b>Nelle valli deboli a tratti moderati nelle ore diurne per locali brezze, in alta montagna moderati o tesi da nord-ovest, a 10-15 km\/h a 2000 m, a 30-40 km\/h a 3000 m.<\/p>\n<hr \/>\n<p><center><b>SABATO<\/b><\/center>Sulle Dolomiti e sulle Prealpi in quota, tempo parzialmente soleggiato per transito di innocue nubi alte, mentre sulle basse valli prealpine tempo ancora generalmente nuvoloso, dove ci saranno foschie e banchi di nebbia o nubi basse nelle ore fredde, in parziale diradamento durante le ore diurne e non sar\u00e0 del tutto escluso qualche sporadico piovasco. Temperature in temporaneo contenuto aumento, con ripresa dell&#8217;inversione termica nelle valli. Venti in alta montagna tesi o forti da nord-ovest.<\/p>\n<hr \/>\n<p><center><b>DOMENICA<\/b><\/center>Giornata nuvolosa a tratti anche molto nuvolosa specie dalle ore centrali con possibili nubi basse in alcune valli nelle ore fredde, associate anche a foschie o a locali banchi di nebbia specie nelle basse conche prealpine; possibile qualche piovasco o fiocco di neve oltre i 2000 m nella seconda parte della giornata. Temperature minime nelle valli senza notevoli variazioni, in alta montagna in contenuto calo; massime in diminuzione a tutte le quote e ancora di qualche grado al di sopra della norma.<\/p>\n<p>&nbsp;<\/p>\n<div>\n<hr \/>\n<\/div>\n<p>&nbsp;<\/p>\n<p>&nbsp;<\/p>\n<blockquote>\n<h3>IL TERMOMETRO&#8230; SPECIALE NEVE, DA GOSALDO AD ARABBA, DA FALCADE AD ALLEGHE<\/h3>\n<\/blockquote>\n<p><strong>REDAZIONE<\/strong> A pochi giorni dal momento clou delle settimane bianche e dello sci, che coincide con il periodo di carnevale il punto sula stagione. Collegamento con le aree sciistiche del territorio, Renzo Minella (San Pellegrino-Falcade), Andrea Dal Farra (Alleghe-Ski CIvetta), Morgan Gnech (Forcella Aurine, Desma), Diedo De Battista (Arabba) e Marco Grigoletto (Presidente Anef)<\/p>\n<p><strong>audio di Mirko Mezzacasa<\/strong><\/p>\n<audio class=\"wp-audio-shortcode\" id=\"audio-322260-18\" preload=\"none\" style=\"width: 100%;\" controls=\"controls\"><source type=\"audio\/mpeg\" src=\"https:\/\/www.radiopiu.net\/wordpress\/wp-content\/uploads\/2023\/02\/SPECIALE-NEVE-2.mp3?_=18\" \/><a href=\"https:\/\/www.radiopiu.net\/wordpress\/wp-content\/uploads\/2023\/02\/SPECIALE-NEVE-2.mp3\">https:\/\/www.radiopiu.net\/wordpress\/wp-content\/uploads\/2023\/02\/SPECIALE-NEVE-2.mp3<\/a><\/audio>\n<p>&nbsp;<\/p>\n\n\t\t\t<style type='text\/css'>\n\t\t\t\t#gallery-6 {\n\t\t\t\t\tmargin: auto;\n\t\t\t\t}\n\t\t\t\t#gallery-6 .gallery-item {\n\t\t\t\t\tfloat: left;\n\t\t\t\t\tmargin-top: 10px;\n\t\t\t\t\ttext-align: center;\n\t\t\t\t\twidth: 20%;\n\t\t\t\t}\n\t\t\t\t#gallery-6 img {\n\t\t\t\t\tborder: 2px solid #cfcfcf;\n\t\t\t\t}\n\t\t\t\t#gallery-6 .gallery-caption {\n\t\t\t\t\tmargin-left: 0;\n\t\t\t\t}\n\t\t\t\t\/* see gallery_shortcode() in wp-includes\/media.php *\/\n\t\t\t<\/style>\n\t\t<div id='gallery-6' class='dt-gallery-container gallery galleryid-322260 gallery-columns-5 gallery-size-thumbnail'><dl class='gallery-item'>\n\t\t\t\t<dt class='gallery-icon landscape'>\n\t\t\t\t\t<a class=\"rollover rollover-zoom dt-pswp-item\" title=\"RENZO MINELLA\" data-dt-img-description=\"\" data-large_image_width=\"1024\" data-large_image_height=\"682\"href='https:\/\/www.radiopiu.net\/wordpress\/wp-content\/uploads\/2021\/02\/RENZO-MINELLA.jpg'><img loading=\"lazy\" decoding=\"async\" width=\"150\" height=\"150\" src=\"https:\/\/www.radiopiu.net\/wordpress\/wp-content\/uploads\/2021\/02\/RENZO-MINELLA-150x150.jpg\" class=\"attachment-thumbnail size-thumbnail\" alt=\"\" \/><\/a>\n\t\t\t\t<\/dt><\/dl><dl class='gallery-item'>\n\t\t\t\t<dt class='gallery-icon portrait'>\n\t\t\t\t\t<a class=\"rollover rollover-zoom dt-pswp-item\" title=\"farra-287x300\" data-dt-img-description=\"\" data-large_image_width=\"287\" data-large_image_height=\"300\"href='https:\/\/www.radiopiu.net\/wordpress\/wp-content\/uploads\/2023\/02\/farra-287x300-1.png'><img loading=\"lazy\" decoding=\"async\" width=\"150\" height=\"150\" src=\"https:\/\/www.radiopiu.net\/wordpress\/wp-content\/uploads\/2023\/02\/farra-287x300-1-150x150.png\" class=\"attachment-thumbnail size-thumbnail\" alt=\"\" aria-describedby=\"gallery-6-321971\" \/><\/a>\n\t\t\t\t<\/dt>\n\t\t\t\t\t<dd class='wp-caption-text gallery-caption' id='gallery-6-321971'>\n\t\t\t\t\tandrea dal farra\n\t\t\t\t\t<\/dd><\/dl><dl class='gallery-item'>\n\t\t\t\t<dt class='gallery-icon portrait'>\n\t\t\t\t\t<a class=\"rollover rollover-zoom dt-pswp-item\" title=\"morgan gnech\" data-dt-img-description=\"\" data-large_image_width=\"194\" data-large_image_height=\"259\"href='https:\/\/www.radiopiu.net\/wordpress\/wp-content\/uploads\/2020\/04\/morgan-gnech.jpeg'><img loading=\"lazy\" decoding=\"async\" width=\"150\" height=\"150\" src=\"https:\/\/www.radiopiu.net\/wordpress\/wp-content\/uploads\/2020\/04\/morgan-gnech-150x150.jpeg\" class=\"attachment-thumbnail size-thumbnail\" alt=\"\" aria-describedby=\"gallery-6-128130\" \/><\/a>\n\t\t\t\t<\/dt>\n\t\t\t\t\t<dd class='wp-caption-text gallery-caption' id='gallery-6-128130'>\n\t\t\t\t\tmorgan gnech\n\t\t\t\t\t<\/dd><\/dl><dl class='gallery-item'>\n\t\t\t\t<dt class='gallery-icon portrait'>\n\t\t\t\t\t<a class=\"rollover rollover-zoom dt-pswp-item\" title=\"diego de battista\" data-dt-img-description=\"\" data-large_image_width=\"194\" data-large_image_height=\"259\"href='https:\/\/www.radiopiu.net\/wordpress\/wp-content\/uploads\/2019\/12\/download-16.jpg'><img loading=\"lazy\" decoding=\"async\" width=\"150\" height=\"150\" src=\"https:\/\/www.radiopiu.net\/wordpress\/wp-content\/uploads\/2019\/12\/download-16-150x150.jpg\" class=\"attachment-thumbnail size-thumbnail\" alt=\"\" aria-describedby=\"gallery-6-111002\" \/><\/a>\n\t\t\t\t<\/dt>\n\t\t\t\t\t<dd class='wp-caption-text gallery-caption' id='gallery-6-111002'>\n\t\t\t\t\tdiego de battista \n\t\t\t\t\t<\/dd><\/dl><dl class='gallery-item'>\n\t\t\t\t<dt class='gallery-icon landscape'>\n\t\t\t\t\t<a class=\"rollover rollover-zoom dt-pswp-item\" title=\"foto_Marco_Grigoletto01\" data-dt-img-description=\"\" data-large_image_width=\"1600\" data-large_image_height=\"1064\"href='https:\/\/www.radiopiu.net\/wordpress\/wp-content\/uploads\/2021\/11\/foto_Marco_Grigoletto01.jpg'><img loading=\"lazy\" decoding=\"async\" width=\"150\" height=\"150\" src=\"https:\/\/www.radiopiu.net\/wordpress\/wp-content\/uploads\/2021\/11\/foto_Marco_Grigoletto01-150x150.jpg\" class=\"attachment-thumbnail size-thumbnail\" alt=\"\" aria-describedby=\"gallery-6-241599\" \/><\/a>\n\t\t\t\t<\/dt>\n\t\t\t\t\t<dd class='wp-caption-text gallery-caption' id='gallery-6-241599'>\n\t\t\t\t\tmarco grigoletto\n\t\t\t\t\t<\/dd><\/dl><br style=\"clear: both\" \/>\n\t\t\t<\/div>\n\n<p>&nbsp;<\/p>\n<blockquote class=\"wp-embedded-content\" data-secret=\"0YAO9Yt3Mb\"><p><a href=\"https:\/\/www.radiopiu.net\/wordpress\/la-spedizione-oltre-il-proprio-limite-alla-ricerca-del-quasi-impossibile\/\">LA SPEDIZIONE OLTRE IL PROPRIO LIMITE, ALLA RICERCA DEL QUASI IMPOSSIBILE<\/a><\/p><\/blockquote>\n<p><iframe loading=\"lazy\" class=\"wp-embedded-content\" sandbox=\"allow-scripts\" security=\"restricted\" style=\"position: absolute; clip: rect(1px, 1px, 1px, 1px);\" title=\"&#8220;LA SPEDIZIONE OLTRE IL PROPRIO LIMITE, ALLA RICERCA DEL QUASI IMPOSSIBILE&#8221; &#8212; Radio Pi\u00f9\" src=\"https:\/\/www.radiopiu.net\/wordpress\/la-spedizione-oltre-il-proprio-limite-alla-ricerca-del-quasi-impossibile\/embed\/#?secret=gCYXa7soBe#?secret=0YAO9Yt3Mb\" data-secret=\"0YAO9Yt3Mb\" width=\"600\" height=\"338\" frameborder=\"0\" marginwidth=\"0\" marginheight=\"0\" scrolling=\"no\"><\/iframe><\/p>\n<p>&nbsp;<\/p>\n<hr \/>\n<p>&nbsp;<\/p>\n<p><a class=\"dt-pswp-item\" href=\"https:\/\/www.radiopiu.net\/wordpress\/wp-content\/uploads\/2018\/09\/sport.jpg\" data-dt-img-description=\"\" data-large_image_width=\"800\" data-large_image_height=\"100\"><img loading=\"lazy\" decoding=\"async\" class=\"aligncenter wp-image-60761 size-full\" src=\"https:\/\/www.radiopiu.net\/wordpress\/wp-content\/uploads\/2018\/09\/sport.jpg\" alt=\"\" width=\"800\" height=\"100\" srcset=\"https:\/\/www.radiopiu.net\/wordpress\/wp-content\/uploads\/2018\/09\/sport.jpg 800w, https:\/\/www.radiopiu.net\/wordpress\/wp-content\/uploads\/2018\/09\/sport-300x38.jpg 300w, https:\/\/www.radiopiu.net\/wordpress\/wp-content\/uploads\/2018\/09\/sport-768x96.jpg 768w\" sizes=\"auto, (max-width: 800px) 100vw, 800px\" \/><\/a><\/p>\n<p>&nbsp;<\/p>\n<p><span style=\"color: #0000ff;\"><strong>HOCKEY SU GHIACCIO<\/strong><\/span><\/p>\n<blockquote>\n<h3>HOCKEY: VENETO SECONDO AL TROFEO CESARE TADINI DI CHIAVENNA<\/h3>\n<\/blockquote>\n<p><strong>di Marco Gaz<\/strong><\/p>\n<p><strong>REDAZIONE<\/strong> Si \u00e8 svolto nel fine settimana a Chiavenna il primo trofeo Cesare Tadini, ex hockeysta e successivamente Dirigente ed Arbitro Nazionale, dedicato agli hockeisti under 15. Al torneo presenti anche i giovani del Comitato Veneto che hanno ben figurato terminando la manifestazione al secondo posto. Una due giorni di hockey su ghiaccio che ha visto i comitati di Veneto, Alto Adige, Trentino, Piemonte e Lombardia sfidarsi tra di loro. Veneto che \u00e8 arrivato fino alla finalissima dove si \u00e8 dovuto arrendere di fronte all&#8217;Alto Adige. Nella rappresentativa veneta presenti anche quattro agordini: Alex Pini\u00e8, Lorenzo Pramaor, No\u00e8 Fontanive e Christian Rosson.<\/p>\n\n\t\t\t<style type='text\/css'>\n\t\t\t\t#gallery-7 {\n\t\t\t\t\tmargin: auto;\n\t\t\t\t}\n\t\t\t\t#gallery-7 .gallery-item {\n\t\t\t\t\tfloat: left;\n\t\t\t\t\tmargin-top: 10px;\n\t\t\t\t\ttext-align: center;\n\t\t\t\t\twidth: 33%;\n\t\t\t\t}\n\t\t\t\t#gallery-7 img {\n\t\t\t\t\tborder: 2px solid #cfcfcf;\n\t\t\t\t}\n\t\t\t\t#gallery-7 .gallery-caption {\n\t\t\t\t\tmargin-left: 0;\n\t\t\t\t}\n\t\t\t\t\/* see gallery_shortcode() in wp-includes\/media.php *\/\n\t\t\t<\/style>\n\t\t<div id='gallery-7' class='dt-gallery-container gallery galleryid-322260 gallery-columns-3 gallery-size-medium'><dl class='gallery-item'>\n\t\t\t\t<dt class='gallery-icon landscape'>\n\t\t\t\t\t<a class=\"rollover rollover-zoom dt-pswp-item\" title=\"d1da5302-4c23-4b2c-ae58-11a2b184f115\" data-dt-img-description=\"\" data-large_image_width=\"2000\" data-large_image_height=\"1126\"href='https:\/\/www.radiopiu.net\/wordpress\/wp-content\/uploads\/2023\/02\/d1da5302-4c23-4b2c-ae58-11a2b184f115.jpg'><img loading=\"lazy\" decoding=\"async\" width=\"300\" height=\"169\" src=\"https:\/\/www.radiopiu.net\/wordpress\/wp-content\/uploads\/2023\/02\/d1da5302-4c23-4b2c-ae58-11a2b184f115-300x169.jpg\" class=\"attachment-medium size-medium\" alt=\"\" srcset=\"https:\/\/www.radiopiu.net\/wordpress\/wp-content\/uploads\/2023\/02\/d1da5302-4c23-4b2c-ae58-11a2b184f115-300x169.jpg 300w, https:\/\/www.radiopiu.net\/wordpress\/wp-content\/uploads\/2023\/02\/d1da5302-4c23-4b2c-ae58-11a2b184f115-1024x577.jpg 1024w, https:\/\/www.radiopiu.net\/wordpress\/wp-content\/uploads\/2023\/02\/d1da5302-4c23-4b2c-ae58-11a2b184f115-768x432.jpg 768w, https:\/\/www.radiopiu.net\/wordpress\/wp-content\/uploads\/2023\/02\/d1da5302-4c23-4b2c-ae58-11a2b184f115-1536x865.jpg 1536w, https:\/\/www.radiopiu.net\/wordpress\/wp-content\/uploads\/2023\/02\/d1da5302-4c23-4b2c-ae58-11a2b184f115.jpg 2000w\" sizes=\"auto, (max-width: 300px) 100vw, 300px\" \/><\/a>\n\t\t\t\t<\/dt><\/dl><dl class='gallery-item'>\n\t\t\t\t<dt class='gallery-icon landscape'>\n\t\t\t\t\t<a class=\"rollover rollover-zoom dt-pswp-item\" title=\"e6664b13-4eb3-42c2-86a3-9fbb830118ae\" data-dt-img-description=\"\" data-large_image_width=\"1027\" data-large_image_height=\"753\"href='https:\/\/www.radiopiu.net\/wordpress\/wp-content\/uploads\/2023\/02\/e6664b13-4eb3-42c2-86a3-9fbb830118ae.jpg'><img loading=\"lazy\" decoding=\"async\" width=\"300\" height=\"220\" src=\"https:\/\/www.radiopiu.net\/wordpress\/wp-content\/uploads\/2023\/02\/e6664b13-4eb3-42c2-86a3-9fbb830118ae-300x220.jpg\" class=\"attachment-medium size-medium\" alt=\"\" srcset=\"https:\/\/www.radiopiu.net\/wordpress\/wp-content\/uploads\/2023\/02\/e6664b13-4eb3-42c2-86a3-9fbb830118ae-300x220.jpg 300w, https:\/\/www.radiopiu.net\/wordpress\/wp-content\/uploads\/2023\/02\/e6664b13-4eb3-42c2-86a3-9fbb830118ae-1024x751.jpg 1024w, https:\/\/www.radiopiu.net\/wordpress\/wp-content\/uploads\/2023\/02\/e6664b13-4eb3-42c2-86a3-9fbb830118ae-768x563.jpg 768w, https:\/\/www.radiopiu.net\/wordpress\/wp-content\/uploads\/2023\/02\/e6664b13-4eb3-42c2-86a3-9fbb830118ae.jpg 1027w\" sizes=\"auto, (max-width: 300px) 100vw, 300px\" \/><\/a>\n\t\t\t\t<\/dt><\/dl><dl class='gallery-item'>\n\t\t\t\t<dt class='gallery-icon landscape'>\n\t\t\t\t\t<a class=\"rollover rollover-zoom dt-pswp-item\" title=\"5be4b9ed-2c58-4727-8344-647ce8b0e9f6\" data-dt-img-description=\"\" data-large_image_width=\"863\" data-large_image_height=\"526\"href='https:\/\/www.radiopiu.net\/wordpress\/wp-content\/uploads\/2023\/02\/5be4b9ed-2c58-4727-8344-647ce8b0e9f6.jpg'><img loading=\"lazy\" decoding=\"async\" width=\"300\" height=\"183\" src=\"https:\/\/www.radiopiu.net\/wordpress\/wp-content\/uploads\/2023\/02\/5be4b9ed-2c58-4727-8344-647ce8b0e9f6-300x183.jpg\" class=\"attachment-medium size-medium\" alt=\"\" srcset=\"https:\/\/www.radiopiu.net\/wordpress\/wp-content\/uploads\/2023\/02\/5be4b9ed-2c58-4727-8344-647ce8b0e9f6-300x183.jpg 300w, https:\/\/www.radiopiu.net\/wordpress\/wp-content\/uploads\/2023\/02\/5be4b9ed-2c58-4727-8344-647ce8b0e9f6-768x468.jpg 768w, https:\/\/www.radiopiu.net\/wordpress\/wp-content\/uploads\/2023\/02\/5be4b9ed-2c58-4727-8344-647ce8b0e9f6.jpg 863w\" sizes=\"auto, (max-width: 300px) 100vw, 300px\" \/><\/a>\n\t\t\t\t<\/dt><\/dl><br style=\"clear: both\" \/>\n\t\t\t<\/div>\n\n<p>&nbsp;<\/p>\n<hr \/>\n<p>&nbsp;<\/p>\n<p><span style=\"color: #0000ff;\"><strong>PALLAVOLO<\/strong><\/span><\/p>\n<blockquote>\n<h3>NICOLO&#8217; DALLA GASPERINA, IL CALCIATORE DIVENTATO SPEAKER<\/h3>\n<\/blockquote>\n<p><strong><a class=\"dt-pswp-item\" href=\"https:\/\/www.radiopiu.net\/wordpress\/wp-content\/uploads\/2023\/02\/Lo_speaker_Dalla_Gasperina.jpg\" data-dt-img-description=\"\" data-large_image_width=\"2075\" data-large_image_height=\"1383\"><img loading=\"lazy\" decoding=\"async\" class=\"wp-image-322273 alignleft\" src=\"https:\/\/www.radiopiu.net\/wordpress\/wp-content\/uploads\/2023\/02\/Lo_speaker_Dalla_Gasperina-300x200.jpg\" alt=\"\" width=\"191\" height=\"127\" srcset=\"https:\/\/www.radiopiu.net\/wordpress\/wp-content\/uploads\/2023\/02\/Lo_speaker_Dalla_Gasperina-300x200.jpg 300w, https:\/\/www.radiopiu.net\/wordpress\/wp-content\/uploads\/2023\/02\/Lo_speaker_Dalla_Gasperina-1024x683.jpg 1024w, https:\/\/www.radiopiu.net\/wordpress\/wp-content\/uploads\/2023\/02\/Lo_speaker_Dalla_Gasperina-768x512.jpg 768w, https:\/\/www.radiopiu.net\/wordpress\/wp-content\/uploads\/2023\/02\/Lo_speaker_Dalla_Gasperina-1536x1024.jpg 1536w, https:\/\/www.radiopiu.net\/wordpress\/wp-content\/uploads\/2023\/02\/Lo_speaker_Dalla_Gasperina-2048x1365.jpg 2048w\" sizes=\"auto, (max-width: 191px) 100vw, 191px\" \/><\/a>BELLUNO<\/strong> Dal calcio giocato al volley \u201craccontato\u201d: due mondi apparentemente lontanissimi. Per chiunque. Non per Nicol\u00f2 Dalla Gasperina, lo speaker della Pallavolo Maschile Belluno. Protagonista per oltre un decennio sul rettangolo verde, ora presta la sua voce ai rinoceronti e scandisce ogni gara casalinga con tempi e ritmi esemplari, oltre a un\u2019innata capacit\u00e0 di coinvolgere chiunque: grandi e piccini, tifosi \u201csfegatati\u201d e semplici appassionati o curiosi.<span class=\"gmail-Apple-converted-space\"> \u00a0<\/span>\u201cThe voice\u201d \u00e8 alla prima esperienza nel panorama delle schiacciate: \u00abS\u00ec, per me \u00e8 una novit\u00e0 professionale. Ed \u00e8 stimolante: in un certo senso, si svestono i panni strettamente cronachistici e si vestono quelli di motivatore. Mi fa piacere che sia nato un buon feeling col pubblico\u00bb. Ma, nell\u2019arco di una partita, non mancano nemmeno i momenti di difficile gestione: \u00abEssere propositivi pu\u00f2 essere complicato, quando la squadra non si esprime al meglio. Lo sforzo va condotto assieme: lo speaker deve cercare di tenere alta la carica emotiva e spingere sull\u2019acceleratore, per\u00f2 \u00e8 chiaro che molto dipende dall\u2019andamento della sfida\u00bb.<span class=\"gmail-Apple-converted-space\">\u00a0<\/span><\/p>\n<p>&nbsp;<\/p>\n<p>&nbsp;<\/p>\n<hr \/>\n<p>&nbsp;<\/p>\n<p><span style=\"color: #0000ff;\"><strong>SCI<\/strong><\/span><\/p>\n<blockquote>\n<h3>SKI CROSS E SNOWBOARD CROSS AD ALTO LIVELLO NELLA SKI AREA SAN PELLEGRINO<\/h3>\n<\/blockquote>\n<p><strong><a class=\"dt-pswp-item\" href=\"https:\/\/www.radiopiu.net\/wordpress\/wp-content\/uploads\/2023\/02\/FullSizeRender.jpeg\" data-dt-img-description=\"\" data-large_image_width=\"1280\" data-large_image_height=\"862\"><img loading=\"lazy\" decoding=\"async\" class=\" wp-image-322269 alignleft\" src=\"https:\/\/www.radiopiu.net\/wordpress\/wp-content\/uploads\/2023\/02\/FullSizeRender-300x202.jpeg\" alt=\"\" width=\"190\" height=\"128\" srcset=\"https:\/\/www.radiopiu.net\/wordpress\/wp-content\/uploads\/2023\/02\/FullSizeRender-300x202.jpeg 300w, https:\/\/www.radiopiu.net\/wordpress\/wp-content\/uploads\/2023\/02\/FullSizeRender-1024x690.jpeg 1024w, https:\/\/www.radiopiu.net\/wordpress\/wp-content\/uploads\/2023\/02\/FullSizeRender-768x517.jpeg 768w, https:\/\/www.radiopiu.net\/wordpress\/wp-content\/uploads\/2023\/02\/FullSizeRender.jpeg 1280w\" sizes=\"auto, (max-width: 190px) 100vw, 190px\" \/><\/a>FALCADE\/MOENA <\/strong>Dopo aver ospitato gli allenamenti delle velociste e gigantiste azzurre di Coppa del Mondo e sciatori del calibro di Christof Innerhofer e Mattia Casse, dopo aver visto in pista le squadre US Ski Team World Cup e quelle di Francia, Canada, Germania, Slovenia, Cile, Andorra, Nuova Zelanda, Austria e Svizzera, la Val di Fassa delle \u201cPiste Azzurre\u201d &#8211; Ski Area San Pellegrino torna ad essere terreno di gara di alto livello anche nello ski cross e snowboard cross. Il tracciato di ski cross, nella ski area Costabella sar\u00e0 infatti il teatro di una serie di appuntamenti di alto livello. Oggi la pista di ski cross Monzoni ospiter\u00e0 il recupero della gara di Coppa Europa maschile e femminile di snowboardcross originariamente prevista a Grasgehren, in Germania, e poi annullata. Il 19 febbraio andr\u00e0 in scena la gara di ski cross circoscrizionale categorie ragazzi e allievi organizzata dalla U.S. Monti Pallidi di Moena. Dal 26 febbraio al 4 marzo finali di Coppa del Mondo e Coppa Europa di para snowboard cross. L\u2019evento prender\u00e0 il via con il \u201cdual banked slalom\u201d allestito lungo la pista Paradiso, davanti all\u2019omonimo rifugio. Il dal 17 e 19 marzo si terranno due gare FIS di snowboardcross e due gare di Coppa Italia Children categoria allievi di snowboardcross.\u00a0 Il 23 e 24 marzo le finali di Coppa Europa di Skicross, organizzate dalla U.S. Monti Pallidi di Moena. Seguir\u00e0 l\u2019appuntamento di maggior rilievo dal 25 al 31 marzo: i campionati mondiali juniores di ski cross e snowboardcross. Il 2 e 3 aprile sar\u00e0 possibile vedere scendere in pista gli atleti di questa disciplina estremamente tecnica e spettacolare per i campionati italiani assoluti e junior di snowboardcross. Il 4 aprile si chiude la stagione adrenalinica con i campionati italiani assoluti di skicross.<\/p>\n<\/div>\n","protected":false},"excerpt":{"rendered":"<p>RADIO PIU INFORMAZIONE il canale su TELEGRAM informazione di prima\u00a0 mano e in tempo reale. iscriviti ed aiutaci a farlo conoscere\u00a0\u00a0 FALCO, NON ESCE DAL NIDO Purtroppo l&#8217;intervento sul sistema antincendio della base HEMS di Pieve di Cadore da parte di una squadra di tecnici specializzati non \u00e8 ancora terminato. La base resta chiusa per&hellip;<\/p>\n","protected":false},"author":4,"featured_media":322365,"comment_status":"closed","ping_status":"closed","sticky":false,"template":"","format":"standard","meta":{"_monsterinsights_skip_tracking":false,"_monsterinsights_sitenote_active":false,"_monsterinsights_sitenote_note":"","_monsterinsights_sitenote_category":0,"footnotes":""},"categories":[51,86,49],"tags":[],"class_list":["post-322260","post","type-post","status-publish","format-standard","has-post-thumbnail","hentry","category-evidenza-top","category-gr","category-news-18","category-51","category-86","category-49","description-off"],"img_url":"https:\/\/www.radiopiu.net\/wordpress\/wp-content\/uploads\/2023\/02\/Senza-nome-36.jpg","_links":{"self":[{"href":"https:\/\/www.radiopiu.net\/wordpress\/wp-json\/wp\/v2\/posts\/322260","targetHints":{"allow":["GET"]}}],"collection":[{"href":"https:\/\/www.radiopiu.net\/wordpress\/wp-json\/wp\/v2\/posts"}],"about":[{"href":"https:\/\/www.radiopiu.net\/wordpress\/wp-json\/wp\/v2\/types\/post"}],"author":[{"embeddable":true,"href":"https:\/\/www.radiopiu.net\/wordpress\/wp-json\/wp\/v2\/users\/4"}],"replies":[{"embeddable":true,"href":"https:\/\/www.radiopiu.net\/wordpress\/wp-json\/wp\/v2\/comments?post=322260"}],"version-history":[{"count":0,"href":"https:\/\/www.radiopiu.net\/wordpress\/wp-json\/wp\/v2\/posts\/322260\/revisions"}],"wp:featuredmedia":[{"embeddable":true,"href":"https:\/\/www.radiopiu.net\/wordpress\/wp-json\/wp\/v2\/media\/322365"}],"wp:attachment":[{"href":"https:\/\/www.radiopiu.net\/wordpress\/wp-json\/wp\/v2\/media?parent=322260"}],"wp:term":[{"taxonomy":"category","embeddable":true,"href":"https:\/\/www.radiopiu.net\/wordpress\/wp-json\/wp\/v2\/categories?post=322260"},{"taxonomy":"post_tag","embeddable":true,"href":"https:\/\/www.radiopiu.net\/wordpress\/wp-json\/wp\/v2\/tags?post=322260"}],"curies":[{"name":"wp","href":"https:\/\/api.w.org\/{rel}","templated":true}]}}