{"id":322283,"date":"2023-02-15T16:11:12","date_gmt":"2023-02-15T15:11:12","guid":{"rendered":"https:\/\/www.radiopiu.net\/wordpress\/?p=322283"},"modified":"2023-02-15T16:14:42","modified_gmt":"2023-02-15T15:14:42","slug":"chiude-lecocentro-di-taibon-potenziata-la-struttura-di-agordo-con-un-nuovo-orario","status":"publish","type":"post","link":"https:\/\/www.radiopiu.net\/wordpress\/chiude-lecocentro-di-taibon-potenziata-la-struttura-di-agordo-con-un-nuovo-orario\/","title":{"rendered":"CHIUDE L&#8217;ECOCENTRO DI TAIBON. POTENZIATA LA STRUTTURA DI AGORDO CON UN NUOVO ORARIO"},"content":{"rendered":"<p><strong><a class=\"dt-pswp-item\" href=\"https:\/\/www.radiopiu.net\/wordpress\/wp-content\/uploads\/2022\/12\/ingresso-ecocentro.jpg\" data-dt-img-description=\"\" data-large_image_width=\"1600\" data-large_image_height=\"720\"><img loading=\"lazy\" decoding=\"async\" class=\" wp-image-312801 alignleft\" src=\"https:\/\/www.radiopiu.net\/wordpress\/wp-content\/uploads\/2022\/12\/ingresso-ecocentro-300x135.jpg\" alt=\"\" width=\"198\" height=\"89\" srcset=\"https:\/\/www.radiopiu.net\/wordpress\/wp-content\/uploads\/2022\/12\/ingresso-ecocentro-300x135.jpg 300w, https:\/\/www.radiopiu.net\/wordpress\/wp-content\/uploads\/2022\/12\/ingresso-ecocentro-1024x461.jpg 1024w, https:\/\/www.radiopiu.net\/wordpress\/wp-content\/uploads\/2022\/12\/ingresso-ecocentro-768x346.jpg 768w, https:\/\/www.radiopiu.net\/wordpress\/wp-content\/uploads\/2022\/12\/ingresso-ecocentro-1536x691.jpg 1536w, https:\/\/www.radiopiu.net\/wordpress\/wp-content\/uploads\/2022\/12\/ingresso-ecocentro.jpg 1600w\" sizes=\"auto, (max-width: 198px) 100vw, 198px\" \/><\/a>TAIBON <\/strong>Si avvisano i cittadini che il 22 febbraio 2023 sar\u00e0 l\u2019ultimo giorno di apertura dell\u2019Ecocentro di Taibon Agordino (loc. Roa del Forn). Tutte le utenze possono accedere al nuovo Ecocentro sovracomunale di Agordo-Taibon (loc. Valcozzena) che dal 1\u00b0 marzo 2023 potenzier\u00e0 i propri orari con un\u2019ulteriore apertura al mercoled\u00ec pomeriggio, come di seguito indicato: luned\u00ec 14-17, marted\u00ec 9-12, mercoled\u00ec 14-17, gioved\u00ec 9-12, venerd\u00ec 14-17, sabato 9-12 e 14-17. Per ulteriori informazioni \u00e8 possibile contattare il numero verde 800.94.76.73 o scrivere a info@valpeambiente.it Si ricorda che le utenze possono accedere a qualsiasi Ecocentro del territorio dell\u2019Unione Montana Agordina, verificando sedi e orari di apertura su\u00a0 <a href=\"https:\/\/valpeambiente.it\/p\/gestione-rifiuti\/servizi-per-i-cittadini-non-residenti-ae-unione-montana-agordina\">valpeambiente.it<\/a><\/p>\n<p>&nbsp;<\/p>\n<p>&nbsp;<\/p>\n<p>&nbsp;<\/p>\n<p>*******<\/p>\n<p>&nbsp;<\/p>\n","protected":false},"excerpt":{"rendered":"<p>TAIBON Si avvisano i cittadini che il 22 febbraio 2023 sar\u00e0 l\u2019ultimo giorno di apertura dell\u2019Ecocentro di Taibon Agordino (loc. Roa del Forn). Tutte le utenze possono accedere al nuovo Ecocentro sovracomunale di Agordo-Taibon (loc. Valcozzena) che dal 1\u00b0 marzo 2023 potenzier\u00e0 i propri orari con un\u2019ulteriore apertura al mercoled\u00ec pomeriggio, come di seguito indicato:&hellip;<\/p>\n","protected":false},"author":4,"featured_media":312801,"comment_status":"closed","ping_status":"closed","sticky":false,"template":"","format":"standard","meta":{"_monsterinsights_skip_tracking":false,"_monsterinsights_sitenote_active":false,"_monsterinsights_sitenote_note":"","_monsterinsights_sitenote_category":0,"footnotes":""},"categories":[51,49],"tags":[],"class_list":["post-322283","post","type-post","status-publish","format-standard","has-post-thumbnail","hentry","category-evidenza-top","category-news-18","category-51","category-49","description-off"],"img_url":"https:\/\/www.radiopiu.net\/wordpress\/wp-content\/uploads\/2022\/12\/ingresso-ecocentro.jpg","_links":{"self":[{"href":"https:\/\/www.radiopiu.net\/wordpress\/wp-json\/wp\/v2\/posts\/322283","targetHints":{"allow":["GET"]}}],"collection":[{"href":"https:\/\/www.radiopiu.net\/wordpress\/wp-json\/wp\/v2\/posts"}],"about":[{"href":"https:\/\/www.radiopiu.net\/wordpress\/wp-json\/wp\/v2\/types\/post"}],"author":[{"embeddable":true,"href":"https:\/\/www.radiopiu.net\/wordpress\/wp-json\/wp\/v2\/users\/4"}],"replies":[{"embeddable":true,"href":"https:\/\/www.radiopiu.net\/wordpress\/wp-json\/wp\/v2\/comments?post=322283"}],"version-history":[{"count":0,"href":"https:\/\/www.radiopiu.net\/wordpress\/wp-json\/wp\/v2\/posts\/322283\/revisions"}],"wp:featuredmedia":[{"embeddable":true,"href":"https:\/\/www.radiopiu.net\/wordpress\/wp-json\/wp\/v2\/media\/312801"}],"wp:attachment":[{"href":"https:\/\/www.radiopiu.net\/wordpress\/wp-json\/wp\/v2\/media?parent=322283"}],"wp:term":[{"taxonomy":"category","embeddable":true,"href":"https:\/\/www.radiopiu.net\/wordpress\/wp-json\/wp\/v2\/categories?post=322283"},{"taxonomy":"post_tag","embeddable":true,"href":"https:\/\/www.radiopiu.net\/wordpress\/wp-json\/wp\/v2\/tags?post=322283"}],"curies":[{"name":"wp","href":"https:\/\/api.w.org\/{rel}","templated":true}]}}