{"id":322288,"date":"2023-02-15T12:48:20","date_gmt":"2023-02-15T11:48:20","guid":{"rendered":"https:\/\/www.radiopiu.net\/wordpress\/?p=322288"},"modified":"2023-02-15T12:48:20","modified_gmt":"2023-02-15T11:48:20","slug":"treno-delle-dolomiti-vicepresidente-de-berti-probabilmente-padrin-non-parla-con-i-tecnici-della-provincia","status":"publish","type":"post","link":"https:\/\/www.radiopiu.net\/wordpress\/treno-delle-dolomiti-vicepresidente-de-berti-probabilmente-padrin-non-parla-con-i-tecnici-della-provincia\/","title":{"rendered":"TRENO DELLE DOLOMITI. VICEPRESIDENTE DE BERTI: \u201cPROBABILMENTE PADRIN NON PARLA CON I TECNICI DELLA PROVINCIA&#8221;"},"content":{"rendered":"<p><strong><a class=\"dt-pswp-item\" href=\"https:\/\/www.radiopiu.net\/wordpress\/wp-content\/uploads\/2020\/06\/ELISA-DE-BERTI.jpg\" data-dt-img-description=\"\" data-large_image_width=\"960\" data-large_image_height=\"959\"><img loading=\"lazy\" decoding=\"async\" class=\" wp-image-141960 alignleft\" src=\"https:\/\/www.radiopiu.net\/wordpress\/wp-content\/uploads\/2020\/06\/ELISA-DE-BERTI-300x300.jpg\" alt=\"\" width=\"147\" height=\"147\" srcset=\"https:\/\/www.radiopiu.net\/wordpress\/wp-content\/uploads\/2020\/06\/ELISA-DE-BERTI-300x300.jpg 300w, https:\/\/www.radiopiu.net\/wordpress\/wp-content\/uploads\/2020\/06\/ELISA-DE-BERTI-150x150.jpg 150w, https:\/\/www.radiopiu.net\/wordpress\/wp-content\/uploads\/2020\/06\/ELISA-DE-BERTI-768x767.jpg 768w, https:\/\/www.radiopiu.net\/wordpress\/wp-content\/uploads\/2020\/06\/ELISA-DE-BERTI.jpg 960w\" sizes=\"auto, (max-width: 147px) 100vw, 147px\" \/><\/a>VENEZIA <\/strong>\u201cLeggo con sorpresa e preoccupazione, soprattutto per i cittadini bellunesi, le dichiarazioni del Presidente Padrin che dice che non ha pi\u00f9 notizie da due anni del progetto del \u2018Treno delle Dolomiti\u2019. Mi auguro che queste dichiarazioni siano frutto di un malinteso con l\u2019autore dell\u2019articolo. Informo Padrin che l\u2019ultimo incontro, tenuto dal tavolo tecnico di coordinamento previsto dal protocollo d\u2019intesa a cui Padrin fa riferimento, risale a poco meno di un mese fa, l\u201911 gennaio 2023. A tale tavolo, dove i rappresentanti della Provincia erano presenti, la Provincia stessa partecipa proprio con il ruolo di portare la voce di tutti i comuni che rappresenta\u201d. Con queste parole la Vicepresidente e Assessore alle Infrastrutture e Trasporti della Regione replica alle dichiarazioni comparse sulla stampa odierna in merito al progetto del Treno delle Dolomiti. \u201cPreciso comunque che al tavolo della Regione \u00e8 presente anche un rappresentante tecnico della Provincia di Belluno: non sono certo io a dovermi fare carico di controllare che il rappresentante provinciale informi il suo Presidente e che la comunicazione all\u2019interno della sede provinciale viaggi correttamente. Mi dispiace dover intervenire: spero davvero che quanto affermato da Padrin sia frutto di equivoco con il giornalista. Il Treno delle Dolomiti e il miglioramento dell\u2019accessibilit\u00e0 della provincia di Belluno, verso una mobilit\u00e0 sempre pi\u00f9 integrata, efficiente e sostenibile non \u00e8 una battaglia di parte, ma un gioco di squadra che deve consentire di giungere ad un risultato in cui tutti siano vincitori\u201d, conclude la Vicepresidente De Berti.<\/p>\n<p>&nbsp;<\/p>\n<p>&nbsp;<\/p>\n<p>*******<\/p>\n","protected":false},"excerpt":{"rendered":"<p>VENEZIA \u201cLeggo con sorpresa e preoccupazione, soprattutto per i cittadini bellunesi, le dichiarazioni del Presidente Padrin che dice che non ha pi\u00f9 notizie da due anni del progetto del \u2018Treno delle Dolomiti\u2019. Mi auguro che queste dichiarazioni siano frutto di un malinteso con l\u2019autore dell\u2019articolo. Informo Padrin che l\u2019ultimo incontro, tenuto dal tavolo tecnico di&hellip;<\/p>\n","protected":false},"author":4,"featured_media":141960,"comment_status":"closed","ping_status":"closed","sticky":false,"template":"","format":"standard","meta":{"_monsterinsights_skip_tracking":false,"_monsterinsights_sitenote_active":false,"_monsterinsights_sitenote_note":"","_monsterinsights_sitenote_category":0,"footnotes":""},"categories":[51,49],"tags":[],"class_list":["post-322288","post","type-post","status-publish","format-standard","has-post-thumbnail","hentry","category-evidenza-top","category-news-18","category-51","category-49","description-off"],"img_url":"https:\/\/www.radiopiu.net\/wordpress\/wp-content\/uploads\/2020\/06\/ELISA-DE-BERTI.jpg","_links":{"self":[{"href":"https:\/\/www.radiopiu.net\/wordpress\/wp-json\/wp\/v2\/posts\/322288","targetHints":{"allow":["GET"]}}],"collection":[{"href":"https:\/\/www.radiopiu.net\/wordpress\/wp-json\/wp\/v2\/posts"}],"about":[{"href":"https:\/\/www.radiopiu.net\/wordpress\/wp-json\/wp\/v2\/types\/post"}],"author":[{"embeddable":true,"href":"https:\/\/www.radiopiu.net\/wordpress\/wp-json\/wp\/v2\/users\/4"}],"replies":[{"embeddable":true,"href":"https:\/\/www.radiopiu.net\/wordpress\/wp-json\/wp\/v2\/comments?post=322288"}],"version-history":[{"count":0,"href":"https:\/\/www.radiopiu.net\/wordpress\/wp-json\/wp\/v2\/posts\/322288\/revisions"}],"wp:featuredmedia":[{"embeddable":true,"href":"https:\/\/www.radiopiu.net\/wordpress\/wp-json\/wp\/v2\/media\/141960"}],"wp:attachment":[{"href":"https:\/\/www.radiopiu.net\/wordpress\/wp-json\/wp\/v2\/media?parent=322288"}],"wp:term":[{"taxonomy":"category","embeddable":true,"href":"https:\/\/www.radiopiu.net\/wordpress\/wp-json\/wp\/v2\/categories?post=322288"},{"taxonomy":"post_tag","embeddable":true,"href":"https:\/\/www.radiopiu.net\/wordpress\/wp-json\/wp\/v2\/tags?post=322288"}],"curies":[{"name":"wp","href":"https:\/\/api.w.org\/{rel}","templated":true}]}}