{"id":322335,"date":"2023-02-15T23:59:45","date_gmt":"2023-02-15T22:59:45","guid":{"rendered":"https:\/\/www.radiopiu.net\/wordpress\/?p=322335"},"modified":"2023-02-16T06:18:23","modified_gmt":"2023-02-16T05:18:23","slug":"pierina-boranga-educatrice-e-fondatrice-della-scuola-aristide-gabelli-di-belluno","status":"publish","type":"post","link":"https:\/\/www.radiopiu.net\/wordpress\/pierina-boranga-educatrice-e-fondatrice-della-scuola-aristide-gabelli-di-belluno\/","title":{"rendered":"PIERINA BORANGA: EDUCATRICE E FONDATRICE DELLA SCUOLA \u201cARISTIDE GABELLI\u201d DI BELLUNO"},"content":{"rendered":"<p><strong>di\u00a0 RENATO BONA<\/strong><\/p>\n<p>Rileggo con autentica gioia il libro \u201cDonne in prima linea\u201d che la bellunese dott. Milena Caldart ha realizzato nel maggio 2014 (grafica e stampa Tipografia Sommavilla) con Alessandro Tarantola editore pure di Belluno, per raccontare di quelle che nel sottotitolo definisce \u201cTestimoni dell\u2019identit\u00e0 femminile veneta\u201d e riferire su Bellunesi Vicentine Trevigiane dall\u2019Annessione al Ventennio\u201d. In questa occasione la scelta \u00e8 caduta sul capitolo dedicato a: \u201cPierina Boranga. Educatrice e fondatrice della scuola Aristide Gabelli di Belluno\u201d. Sotto il titolo una foto della Boranga (da \u201cLa lunga memoria\u201d edizione Nuovi Sentieri di Bepi Pellegrinon) e di seguito l\u2019illustrazione della benemerita attivit\u00e0 da lei svolta, Nacque a Belluno nel 1891 in una umile famiglia, col padre custode del tribunale e la madre stiratrice che \u201cla avviano al lavoro non appena terminata la scuola elementare, ma si rendono conto subito della sofferenza che le hanno provocato privandola dello studio. Riescono cos\u00ec a procurarsi i mezzi per farle proseguire gli studi\u201d. Maestra in Cadore a soli 17 anni &#8211; scrive Milena Caldart \u2013 \u00e8 costretta da vicende familiari a rientrare a Belluno dove far\u00e0 l\u2019insegnante alla scuola materna. Il 1. marzo 1927 vince il concorso ed \u00e8 direttrice didattica delle elementari comunali bellunesi e fa il suo ingresso nella sede della direzione di Piazza Castello. Proveniva da Milano dove dal 1915 ha insegnato per due lustri alla Scuola Rinnovata fondata nel 1911 da Giuseppina Pizzigoni \u201cideatrice di un metodo che Boranga porter\u00e0 nella nuova esperienza nella sua citt\u00e0\u201d, Belluno appunto. Autrice per l\u2019editore Innocenzo Vigliardi Paravia del suo primo libro \u201cLa natura e il fanciullo: I muri\u201d con prefazione di Giuseppe Lombardo Radice, Direttore generale dell\u2019Istruzione per le elementari, la Boranga inizia la sua attivit\u00e0 di Direttrice didattica e, fra l\u2019altro visita la scuola di Borgo Pra alla quale si affeziona subito e pensa di farla divenire una \u201cmini Rinnovata\u201d con l\u2019istituzione di attivit\u00e0 fino ad allora trascurate come lavoro, canto, recitazione, esperienze scientifiche, studio della natura. La sua proposta &#8211; sottolinea Caldart &#8211; \u00e8 accolta, trover\u00e0 attuazione dal successivo anno scolastico ma nell\u2019immediato viene decisa l\u2019istituzione del dopo scuola. La Boranga vede anche, nelle visite che compie, tanti bambini emarginati e umiliati \u201cper l\u2019incapacit\u00e0 di farsi comprendere, tanti figli di gente povera e indifesa ed il suo intervento talvolta d\u00e0 sollievo, risolve situazioni di emarginazione, Talvolta i controlli nelle scuole sono spiacevoli e la nostra deve rilevare mancanze di ogni genere sicch\u00e9 segnala lavori da eseguire negli edifici per il loro risanamento. Lentamente le insegnanti cominciano a seguirla ed il suo lavoro resta comunque incessante e non privo di difficolt\u00e0 ed anche amarezze. Non demorde e istituisce corsi per maestri, avvia la ricostruzione delle biblioteche scolastiche, si prodiga per la modifica ove possibile degli spazi interni dove istituire anche una sala sanitaria, gli spazi esterni devono prevedere l\u2019area per un orto dove i ragazzi possano conoscere direttamente il ciclo della natura. Pian piano, in tutte le scuole sottoposte al suo controllo si avvia l\u2019applicazione del \u201cmetodo Pizzigoni\u201d. Pierina Boranga \u00e8 nota per il suo personale grande impegno per il progetto di costruzione delle elementari del capoluogo. Il nuovo edificio, intitolato ad Aristide Gabelli (nato a pochi metri dal luogo dove sorger\u00e0 il nuovo complesso scolastico) e divulgatore di un metodo sperimentale di cui Giuseppina Pizzigoni era la pi\u00f9 fedele interprete, sar\u00e0 inaugurato il 28 ottobre 1934.Sempre nell\u2019ambito del mondo scolastico, Pierina Boranga profuse notevole impegno in campo sociale, per la lotta e la prevenzione della tubercolosi nella scuola, dando vita, non senza difficolt\u00e0 enormi, alla \u201cCasa del sole\u201d. A lei si deve anche, fra l\u2019altro, la \u201cMostra delle piccole industrie artigianali\u201d aperta nel 1931 nella sede dell\u2019allora Circolo culturale Minerva, che fu esperienza fondamentale per dare vita, nell\u2019ambito della Camera di commercio, alla \u201ctessoria\u201d,un laboratorio che nasce il17 aprile 1933 e sar\u00e0 strumento prezioso per dare lavoro ad un buon numero di operaie. Cessa l\u2019attivit\u00e0 di direttrice didattica di Belluno nel 1935 quando \u00e8 promossa Ispettrice ad Adria. Continua la produzione letteraria e nel 1956 riceve la medaglia d\u2019oro quale benemerita della scuola, della cultura e dell\u2019arte. Cessa di vivere il 17 giugno 1983. Belluno le ha dedicato la sala di Palazzo Crepadona sede della Biblioteca civica.<\/p>\n\n\t\t\t<style type='text\/css'>\n\t\t\t\t#gallery-1 {\n\t\t\t\t\tmargin: auto;\n\t\t\t\t}\n\t\t\t\t#gallery-1 .gallery-item {\n\t\t\t\t\tfloat: left;\n\t\t\t\t\tmargin-top: 10px;\n\t\t\t\t\ttext-align: center;\n\t\t\t\t\twidth: 25%;\n\t\t\t\t}\n\t\t\t\t#gallery-1 img {\n\t\t\t\t\tborder: 2px solid #cfcfcf;\n\t\t\t\t}\n\t\t\t\t#gallery-1 .gallery-caption {\n\t\t\t\t\tmargin-left: 0;\n\t\t\t\t}\n\t\t\t\t\/* see gallery_shortcode() in wp-includes\/media.php *\/\n\t\t\t<\/style>\n\t\t<div id='gallery-1' class='dt-gallery-container gallery galleryid-322335 gallery-columns-4 gallery-size-thumbnail'><dl class='gallery-item'>\n\t\t\t\t<dt class='gallery-icon landscape'>\n\t\t\t\t\t<a class=\"rollover rollover-zoom dt-pswp-item\" title=\"326369815_1625965424520923_1810122208293082830_n\" data-dt-img-description=\"\" data-large_image_width=\"320\" data-large_image_height=\"203\"href='https:\/\/www.radiopiu.net\/wordpress\/wp-content\/uploads\/2023\/02\/326369815_1625965424520923_1810122208293082830_n.jpg'><img loading=\"lazy\" decoding=\"async\" width=\"150\" height=\"150\" src=\"https:\/\/www.radiopiu.net\/wordpress\/wp-content\/uploads\/2023\/02\/326369815_1625965424520923_1810122208293082830_n-150x150.jpg\" class=\"attachment-thumbnail size-thumbnail\" alt=\"\" \/><\/a>\n\t\t\t\t<\/dt><\/dl><dl class='gallery-item'>\n\t\t\t\t<dt class='gallery-icon landscape'>\n\t\t\t\t\t<a class=\"rollover rollover-zoom dt-pswp-item\" title=\"326518637_777378893950874_8076977916908059837_n\" data-dt-img-description=\"\" data-large_image_width=\"280\" data-large_image_height=\"200\"href='https:\/\/www.radiopiu.net\/wordpress\/wp-content\/uploads\/2023\/02\/326518637_777378893950874_8076977916908059837_n.jpg'><img loading=\"lazy\" decoding=\"async\" width=\"150\" height=\"150\" src=\"https:\/\/www.radiopiu.net\/wordpress\/wp-content\/uploads\/2023\/02\/326518637_777378893950874_8076977916908059837_n-150x150.jpg\" class=\"attachment-thumbnail size-thumbnail\" alt=\"\" \/><\/a>\n\t\t\t\t<\/dt><\/dl><dl class='gallery-item'>\n\t\t\t\t<dt class='gallery-icon landscape'>\n\t\t\t\t\t<a class=\"rollover rollover-zoom dt-pswp-item\" title=\"326451525_2223436847858684_3429588177103838088_n\" data-dt-img-description=\"\" data-large_image_width=\"293\" data-large_image_height=\"206\"href='https:\/\/www.radiopiu.net\/wordpress\/wp-content\/uploads\/2023\/02\/326451525_2223436847858684_3429588177103838088_n.jpg'><img loading=\"lazy\" decoding=\"async\" width=\"150\" height=\"150\" src=\"https:\/\/www.radiopiu.net\/wordpress\/wp-content\/uploads\/2023\/02\/326451525_2223436847858684_3429588177103838088_n-150x150.jpg\" class=\"attachment-thumbnail size-thumbnail\" alt=\"\" \/><\/a>\n\t\t\t\t<\/dt><\/dl><dl class='gallery-item'>\n\t\t\t\t<dt class='gallery-icon landscape'>\n\t\t\t\t\t<a class=\"rollover rollover-zoom dt-pswp-item\" title=\"326553294_1482459802286278_8468227330781612094_n\" data-dt-img-description=\"\" data-large_image_width=\"296\" data-large_image_height=\"200\"href='https:\/\/www.radiopiu.net\/wordpress\/wp-content\/uploads\/2023\/02\/326553294_1482459802286278_8468227330781612094_n.jpg'><img loading=\"lazy\" decoding=\"async\" width=\"150\" height=\"150\" src=\"https:\/\/www.radiopiu.net\/wordpress\/wp-content\/uploads\/2023\/02\/326553294_1482459802286278_8468227330781612094_n-150x150.jpg\" class=\"attachment-thumbnail size-thumbnail\" alt=\"\" \/><\/a>\n\t\t\t\t<\/dt><\/dl><br style=\"clear: both\" \/><dl class='gallery-item'>\n\t\t\t\t<dt class='gallery-icon landscape'>\n\t\t\t\t\t<a class=\"rollover rollover-zoom dt-pswp-item\" title=\"326678827_908730923804414_5186477865333418205_n\" data-dt-img-description=\"\" data-large_image_width=\"312\" data-large_image_height=\"206\"href='https:\/\/www.radiopiu.net\/wordpress\/wp-content\/uploads\/2023\/02\/326678827_908730923804414_5186477865333418205_n.jpg'><img loading=\"lazy\" decoding=\"async\" width=\"150\" height=\"150\" src=\"https:\/\/www.radiopiu.net\/wordpress\/wp-content\/uploads\/2023\/02\/326678827_908730923804414_5186477865333418205_n-150x150.jpg\" class=\"attachment-thumbnail size-thumbnail\" alt=\"\" \/><\/a>\n\t\t\t\t<\/dt><\/dl><dl class='gallery-item'>\n\t\t\t\t<dt class='gallery-icon portrait'>\n\t\t\t\t\t<a class=\"rollover rollover-zoom dt-pswp-item\" title=\"326737050_570400785125622_4962421271854551685_n\" data-dt-img-description=\"\" data-large_image_width=\"155\" data-large_image_height=\"206\"href='https:\/\/www.radiopiu.net\/wordpress\/wp-content\/uploads\/2023\/02\/326737050_570400785125622_4962421271854551685_n.jpg'><img loading=\"lazy\" decoding=\"async\" width=\"150\" height=\"150\" src=\"https:\/\/www.radiopiu.net\/wordpress\/wp-content\/uploads\/2023\/02\/326737050_570400785125622_4962421271854551685_n-150x150.jpg\" class=\"attachment-thumbnail size-thumbnail\" alt=\"\" \/><\/a>\n\t\t\t\t<\/dt><\/dl><dl class='gallery-item'>\n\t\t\t\t<dt class='gallery-icon portrait'>\n\t\t\t\t\t<a class=\"rollover rollover-zoom dt-pswp-item\" title=\"326485050_708107964344185_2385343173549272467_n\" data-dt-img-description=\"\" data-large_image_width=\"160\" data-large_image_height=\"222\"href='https:\/\/www.radiopiu.net\/wordpress\/wp-content\/uploads\/2023\/02\/326485050_708107964344185_2385343173549272467_n.jpg'><img loading=\"lazy\" decoding=\"async\" width=\"150\" height=\"150\" src=\"https:\/\/www.radiopiu.net\/wordpress\/wp-content\/uploads\/2023\/02\/326485050_708107964344185_2385343173549272467_n-150x150.jpg\" class=\"attachment-thumbnail size-thumbnail\" alt=\"\" \/><\/a>\n\t\t\t\t<\/dt><\/dl>\n\t\t\t\t<br style='clear: both' \/>\n\t\t\t<\/div>\n\n<p>NELLE FOTO (riproduzioni dal libro di Milena Caldart \u201cDonne in prima linea\u201d): Pierina Boranga nel suo ufficio; alle \u201cGabelli\u201d il giardiniere Nenz insegna a vangare; gli alunni incaricati dell\u2019ordine e del lavoro nel giardino della Scuola alla riunione periodica; nell\u2019aula di lavoro; la nuova aula della \u201cCasa del sole\u201d; foto di gruppo alla\u201dCasa del sole\u201d; il laboratorio di \u201ctessoria\u201d al suo inizio<\/p>\n","protected":false},"excerpt":{"rendered":"<p>di\u00a0 RENATO BONA Rileggo con autentica gioia il libro \u201cDonne in prima linea\u201d che la bellunese dott. Milena Caldart ha realizzato nel maggio 2014 (grafica e stampa Tipografia Sommavilla) con Alessandro Tarantola editore pure di Belluno, per raccontare di quelle che nel sottotitolo definisce \u201cTestimoni dell\u2019identit\u00e0 femminile veneta\u201d e riferire su Bellunesi Vicentine Trevigiane dall\u2019Annessione&hellip;<\/p>\n","protected":false},"author":4,"featured_media":322342,"comment_status":"closed","ping_status":"closed","sticky":false,"template":"","format":"standard","meta":{"_monsterinsights_skip_tracking":false,"_monsterinsights_sitenote_active":false,"_monsterinsights_sitenote_note":"","_monsterinsights_sitenote_category":0,"footnotes":""},"categories":[104,49],"tags":[],"class_list":["post-322335","post","type-post","status-publish","format-standard","has-post-thumbnail","hentry","category-evidenza_3","category-news-18","category-104","category-49","description-off"],"img_url":"https:\/\/www.radiopiu.net\/wordpress\/wp-content\/uploads\/2023\/02\/326518637_777378893950874_8076977916908059837_n.jpg","_links":{"self":[{"href":"https:\/\/www.radiopiu.net\/wordpress\/wp-json\/wp\/v2\/posts\/322335","targetHints":{"allow":["GET"]}}],"collection":[{"href":"https:\/\/www.radiopiu.net\/wordpress\/wp-json\/wp\/v2\/posts"}],"about":[{"href":"https:\/\/www.radiopiu.net\/wordpress\/wp-json\/wp\/v2\/types\/post"}],"author":[{"embeddable":true,"href":"https:\/\/www.radiopiu.net\/wordpress\/wp-json\/wp\/v2\/users\/4"}],"replies":[{"embeddable":true,"href":"https:\/\/www.radiopiu.net\/wordpress\/wp-json\/wp\/v2\/comments?post=322335"}],"version-history":[{"count":0,"href":"https:\/\/www.radiopiu.net\/wordpress\/wp-json\/wp\/v2\/posts\/322335\/revisions"}],"wp:featuredmedia":[{"embeddable":true,"href":"https:\/\/www.radiopiu.net\/wordpress\/wp-json\/wp\/v2\/media\/322342"}],"wp:attachment":[{"href":"https:\/\/www.radiopiu.net\/wordpress\/wp-json\/wp\/v2\/media?parent=322335"}],"wp:term":[{"taxonomy":"category","embeddable":true,"href":"https:\/\/www.radiopiu.net\/wordpress\/wp-json\/wp\/v2\/categories?post=322335"},{"taxonomy":"post_tag","embeddable":true,"href":"https:\/\/www.radiopiu.net\/wordpress\/wp-json\/wp\/v2\/tags?post=322335"}],"curies":[{"name":"wp","href":"https:\/\/api.w.org\/{rel}","templated":true}]}}