{"id":322353,"date":"2023-02-17T05:31:33","date_gmt":"2023-02-17T04:31:33","guid":{"rendered":"https:\/\/www.radiopiu.net\/wordpress\/?p=322353"},"modified":"2023-02-17T05:31:33","modified_gmt":"2023-02-17T04:31:33","slug":"giornale-radiopiu-17-febbraio-2023-direttore-mirko-mezzacasa-verso-i-40-anni-25-giugno-1983-25-giugno-2023","status":"publish","type":"post","link":"https:\/\/www.radiopiu.net\/wordpress\/giornale-radiopiu-17-febbraio-2023-direttore-mirko-mezzacasa-verso-i-40-anni-25-giugno-1983-25-giugno-2023\/","title":{"rendered":"GIORNALE RADIOPIU 17 FEBBRAIO 2023 DIRETTORE MIRKO MEZZACASA&#8230;verso i 40 anni 25 giugno 1983-25 giugno 2023"},"content":{"rendered":"<h3 class=\"kvgmc6g5 cxmmr5t8 oygrvhab hcukyx3x c1et5uql\"><span style=\"color: #0000ff;\"><strong>RADIO PIU INFORMAZIONE il canale su TELEGRAM informazione di prima\u00a0 <\/strong><strong>mano e in tempo reale. iscriviti ed aiutaci a farlo conoscere\u00a0 \u00a0<\/strong><\/span><\/h3>\n<p>&nbsp;<\/p>\n<blockquote>\n<h3><a class=\"dt-pswp-item\" href=\"https:\/\/www.radiopiu.net\/wordpress\/wp-content\/uploads\/2023\/02\/Senza-nome-41.jpg\" data-dt-img-description=\"\" data-large_image_width=\"570\" data-large_image_height=\"321\"><img loading=\"lazy\" decoding=\"async\" class=\" wp-image-322494 alignleft\" src=\"https:\/\/www.radiopiu.net\/wordpress\/wp-content\/uploads\/2023\/02\/Senza-nome-41-300x169.jpg\" alt=\"\" width=\"259\" height=\"146\" srcset=\"https:\/\/www.radiopiu.net\/wordpress\/wp-content\/uploads\/2023\/02\/Senza-nome-41-300x169.jpg 300w, https:\/\/www.radiopiu.net\/wordpress\/wp-content\/uploads\/2023\/02\/Senza-nome-41.jpg 570w\" sizes=\"auto, (max-width: 259px) 100vw, 259px\" \/><\/a>ANNULLATA LA SERATA CON GIORGIA BENISUGLIO<\/h3>\n<\/blockquote>\n<p><strong>REDAZIONE<\/strong> Genitori Sempre ha sperato fino all&#8217;ultimo momento ma alla fine, ieri, la notizia temuta \u00e8 arrivata: &#8220;Giorgia non verr\u00e0 ad Agordo, non incontrer\u00e0 i ragazzi delle scuole e nemmeno la comunit\u00e0 nell&#8217;incontro in sala Don Tamis&#8221;. Eventi in calendario per questo fine settimana, cancellati per problemi di salute della protagonista della serata che gi\u00e0 nei giorni scorsi a RADIOPIU aveva anticipato del momento critico e della possibilit\u00e0 di un annullamento degli incontri<\/p>\n<p><strong>audio<\/strong><\/p>\n<audio class=\"wp-audio-shortcode\" id=\"audio-322353-1\" preload=\"none\" style=\"width: 100%;\" controls=\"controls\"><source type=\"audio\/mpeg\" src=\"https:\/\/www.radiopiu.net\/wordpress\/wp-content\/uploads\/2023\/02\/giorgia-benusiglio.mp3?_=1\" \/><a href=\"https:\/\/www.radiopiu.net\/wordpress\/wp-content\/uploads\/2023\/02\/giorgia-benusiglio.mp3\">https:\/\/www.radiopiu.net\/wordpress\/wp-content\/uploads\/2023\/02\/giorgia-benusiglio.mp3<\/a><\/audio>\n<p>&nbsp;<\/p>\n<h2 style=\"text-align: left;\"><span style=\"color: #ff0000;\">ISCRIVITI AL NOSTRO CANALE YOUTUBE PER SEGUIRE IN DIRETTA I PRINCIPALI PROGRAMMI DI RADIO PIU&#8217; E LE FUTURE DIRETTE IN ESTERNA. PER ISCRIVERTI <a style=\"color: #ff0000;\" href=\"https:\/\/youtube.com\/@radiopiu1527\">CLICCA QUI<\/a> E PREMI IL TASTO &#8220;Iscriviti&#8221;\u00a0<\/span><\/h2>\n<p>&nbsp;<\/p>\n<hr \/>\n<p>&nbsp;<\/p>\n<blockquote>\n<h2>INCIDENTE A BORDO PISTA, MUORE UN VENTENNE<\/h2>\n<\/blockquote>\n<p><strong><a class=\"dt-pswp-item\" href=\"https:\/\/www.radiopiu.net\/wordpress\/wp-content\/uploads\/2023\/02\/Senza-nome-42.jpg\" data-dt-img-description=\"\" data-large_image_width=\"477\" data-large_image_height=\"282\"><img loading=\"lazy\" decoding=\"async\" class=\"size-medium wp-image-322497 alignleft\" src=\"https:\/\/www.radiopiu.net\/wordpress\/wp-content\/uploads\/2023\/02\/Senza-nome-42-300x177.jpg\" alt=\"\" width=\"300\" height=\"177\" srcset=\"https:\/\/www.radiopiu.net\/wordpress\/wp-content\/uploads\/2023\/02\/Senza-nome-42-300x177.jpg 300w, https:\/\/www.radiopiu.net\/wordpress\/wp-content\/uploads\/2023\/02\/Senza-nome-42.jpg 477w\" sizes=\"auto, (max-width: 300px) 100vw, 300px\" \/><\/a>AURONZO<\/strong> E&#8217; morto, aveva solo 20 anni.\u00a0 \u00a0Il ragazzo era arrivato in comitiva dalla Repubblica Ceca per una vacanza sulla neve delle Dolomiti. Ha perso la vita da solo, mentre scendeva lungo il tracciato che guarda il lago di Misurina; e nessuno si \u00e8 accorto di nulla. Non si sa ancora se sia deceduto per un malore fatale oppure per l&#8217;impatto contro un albero, ma non si pu\u00f2 escludere che lo schianto sulla pianta si stato dovuto a un improvviso mancamento. Le indagini sono ancora in corso. Non sono state rese note le generalit\u00e0, anche per la difficolt\u00e0 nella ricerca dei genitori in patria.Il giovane faceva parte di un numeroso gruppo di connazionali, che alloggia in un hotel di Auronzo e che ieri mattina aveva deciso di passare la giornata nulla neve di Col de Varda.\u00a0 Al momento dell&#8217;appello per il ritorno in pullman gli organizzatori della gita si sono accorti che mancava un ragazzo. Sono scattate le ricerche. Il corpo senza vita del ragazzo \u00e8 stato trovato a bordo pista, in una zona caratterizzata anche dalla presenza di alberi.<\/p>\n<p>&nbsp;<\/p>\n<p>&nbsp;<\/p>\n<hr \/>\n<p>&nbsp;<\/p>\n<blockquote>\n<h3 class=\"entry-title\">TERREMOTO TURCHIA. TROVATO MORTO ANGELO ZEN<\/h3>\n<\/blockquote>\n<p class=\"photoswipe-wrapper\"><a class=\"dt-pswp-item pspw-wrap-ready\" href=\"https:\/\/www.radiopiu.net\/wordpress\/wp-content\/uploads\/2023\/02\/63e33f8ebdd53.jpg\" data-dt-img-description=\"\" data-large_image_width=\"572\" data-large_image_height=\"429\"><img loading=\"lazy\" decoding=\"async\" class=\"wp-image-322454 alignleft\" src=\"https:\/\/www.radiopiu.net\/wordpress\/wp-content\/uploads\/2023\/02\/63e33f8ebdd53-300x225.jpg\" sizes=\"auto, (max-width: 205px) 100vw, 205px\" srcset=\"https:\/\/www.radiopiu.net\/wordpress\/wp-content\/uploads\/2023\/02\/63e33f8ebdd53-300x225.jpg 300w, https:\/\/www.radiopiu.net\/wordpress\/wp-content\/uploads\/2023\/02\/63e33f8ebdd53.jpg 572w\" alt=\"\" width=\"157\" height=\"118\" \/><\/a><strong>VENEZIA <\/strong>\u201cIl filo di speranza che Angelo Zen fosse scampato al terremoto in Turchia si \u00e8 spezzato. Esprimo alla sua famiglia e a tutti coloro che gli hanno voluto bene il pi\u00f9 profondo cordoglio del Veneto e mio personale\u201d. Con queste parole, il Presidente della Regione, Luca Zaia, accoglie la notizia, confermata dal Ministro degli Esteri Antonio Tajani, del ritrovamento del corpo senza vita del cittadino veneto finora disperso in Turchia. \u201cPer tutto questo tempo \u2013 prosegue Zaia \u2013 abbiamo sperato in una soluzione positiva e ci siamo tenuti in contatto costante con il Ministero. Una speranza che si affievoliva di ora in ora. Nel momento del dolore mi stringo a tutti i suoi cari\u201d.<\/p>\n<p>&nbsp;<\/p>\n<p>&nbsp;<\/p>\n<hr \/>\n<p>&nbsp;<\/p>\n<blockquote>\n<h3>TERREMOTO IN CROAZIA, PERCEZIONE IN VENETO, RILEVATA AD AGORDO<\/h3>\n<\/blockquote>\n<p><strong>REDAZIONE<\/strong>\u00a0 Alle 10.47 di ieri, la Rete Sismometrica del Veneto ha registrato un terremoto localizzato in Croazia presso l\u2019isola di Krk (Veglia), circa 180 km a sud-est di Venezia (Fig. 1). La magnitudo stimata in via preliminare \u00e8 pari a 5.0. Vi sono segnalazioni di percezione in Veneto, soprattutto nelle aree pi\u00f9 prossime all\u2019epicentro, in provincia di Venezia. La scossa \u00e8 stata registrata nitidamente da tutte le stazioni delle Rete Sismometrica del Veneto. \u00a0La zona epicentrale \u00e8 nota per una sismicit\u00e0 storica di un certo rilievo. Si ricorda in particolare il terremoto di Fiume del 17 dicembre 1750 che caus\u00f2 danni rilevanti in citt\u00e0.<\/p>\n<p><strong>SISMOGRAFO DI AGORDO<\/strong><\/p>\n<p><a class=\"dt-pswp-item\" href=\"https:\/\/www.radiopiu.net\/wordpress\/wp-content\/uploads\/2023\/02\/AGOR.HHZ_-2.png\" data-dt-img-description=\"\" data-large_image_width=\"792\" data-large_image_height=\"612\"><img loading=\"lazy\" decoding=\"async\" class=\"alignnone size-medium wp-image-322394\" src=\"https:\/\/www.radiopiu.net\/wordpress\/wp-content\/uploads\/2023\/02\/AGOR.HHZ_-2-300x232.png\" alt=\"\" width=\"300\" height=\"232\" srcset=\"https:\/\/www.radiopiu.net\/wordpress\/wp-content\/uploads\/2023\/02\/AGOR.HHZ_-2-300x232.png 300w, https:\/\/www.radiopiu.net\/wordpress\/wp-content\/uploads\/2023\/02\/AGOR.HHZ_-2-768x593.png 768w, https:\/\/www.radiopiu.net\/wordpress\/wp-content\/uploads\/2023\/02\/AGOR.HHZ_-2.png 792w\" sizes=\"auto, (max-width: 300px) 100vw, 300px\" \/>\u00a0<\/a><\/p>\n<p>&nbsp;<\/p>\n<hr \/>\n<p>&nbsp;<\/p>\n<blockquote>\n<h3><a class=\"dt-pswp-item\" href=\"https:\/\/www.radiopiu.net\/wordpress\/wp-content\/uploads\/2023\/02\/Senza-nome-46.jpg\" data-dt-img-description=\"\" data-large_image_width=\"248\" data-large_image_height=\"276\"><img loading=\"lazy\" decoding=\"async\" class=\" wp-image-322504 alignleft\" src=\"https:\/\/www.radiopiu.net\/wordpress\/wp-content\/uploads\/2023\/02\/Senza-nome-46.jpg\" alt=\"\" width=\"144\" height=\"160\" \/><\/a>STAMANE L&#8217;ULTIMO SALUTO A &#8220;STERIO&#8221;<\/h3>\n<\/blockquote>\n<p><strong>ERTO-CASSO<\/strong> E&#8217; morto Giuseppe Filippin &#8220;Sterio&#8221;, storico amministratore comunale di Erto e Casso. Filippin, 72 anni,\u00a0 \u00e8 stato per un lungo periodo consigliere e assessore comunale, soprattutto nella delicatissima fase della ricostruzione della valle all&#8217;indomani del disastro del 9 ottobre 1963. Stamane alle 10.30 i funerali , eventuali offerte raccolte durante le esequie andranno alla locale sezione dei donatori di sangue.<\/p>\n<p>&nbsp;<\/p>\n<p>&nbsp;<\/p>\n<blockquote>\n<h3>\u00a0IERI L&#8217;ULTIMO SALUTO A PALMINTERI<\/h3>\n<\/blockquote>\n<p><strong>FELTRE<\/strong> Dario Palminteri, mancato lo scorso sabato all&#8217;et\u00e0 di 96 anni, \u00e8 stato salutato ieri dalla citt\u00e0 con i funerali celebrati in duomo. Palminteri si \u00e8 sempre instancabilmente preso cura dei giovani, sia da medico sia da allenatore ed educatore. Dentista specializzato nell&#8217;infanzia, alpinista esperto, nonch\u00e9 fondatore del Rugby Feltre, Palminteri \u00e8 stato un uomo che ha fatto la storia della citt\u00e0<\/p>\n<p>&nbsp;<\/p>\n<hr \/>\n<p>&nbsp;<\/p>\n<p>&nbsp;<\/p>\n<blockquote>\n<h3><strong><a class=\"dt-pswp-item\" href=\"https:\/\/www.radiopiu.net\/wordpress\/wp-content\/uploads\/2023\/02\/Senza-nome-47.jpg\" data-dt-img-description=\"\" data-large_image_width=\"460\" data-large_image_height=\"305\"><img loading=\"lazy\" decoding=\"async\" class=\" wp-image-322505 alignleft\" src=\"https:\/\/www.radiopiu.net\/wordpress\/wp-content\/uploads\/2023\/02\/Senza-nome-47-300x199.jpg\" alt=\"\" width=\"223\" height=\"148\" srcset=\"https:\/\/www.radiopiu.net\/wordpress\/wp-content\/uploads\/2023\/02\/Senza-nome-47-300x199.jpg 300w, https:\/\/www.radiopiu.net\/wordpress\/wp-content\/uploads\/2023\/02\/Senza-nome-47.jpg 460w\" sizes=\"auto, (max-width: 223px) 100vw, 223px\" \/><\/a><\/strong>INCIDENTE IN VIALE EUROPA<\/h3>\n<\/blockquote>\n<p><strong>BELLUNO<\/strong> Una persona all&#8217;ospedale per accertamenti, non \u00e8 in gravi condizioni.\u00a0 Verso le 13 di ieri una Clio e una Peugeot sono entrate in collisione all&#8217;altezza dell&#8217;incrocio con via Anna Fulcis. Sul posto ambulanza, vigili del fuoco, Polizia locale e carabinieri. Disagi al traffico.<\/p>\n<p>&nbsp;<\/p>\n<p>&nbsp;<\/p>\n<hr \/>\n<p>&nbsp;<\/p>\n<blockquote>\n<h3>RUZZOLA DALLA STRADA PEDONALE E FINISCE IN ACQUA. DONNA SOCCORSA DAI VIGILI DEL FUOCO<\/h3>\n<\/blockquote>\n<p><strong>SANTA GIUSTINA<\/strong> Ieri alle 16:45 i Vigili del Fuoco sono intervenuti nel torrente Veses a Santa Giustina per soccorrere una donna di 56 anni di Santa Giustina rimasta ferita dopo essere ruzzolata dalla strada pedonale fin dentro il corso d\u2019acqua, facendo un salto di oltre due metri. I pompieri accorsi da Belluno, anche con l\u2019autoscala, hanno collaborato ai soccorsi sanitari del personale del Suem. La donna dopo essere stata stabilizzata \u00e8 stata posizionata nella barella dell\u2019autoscala e issata con un operatore fino al piano stradale per poi essere trasferita in ambulanza in ospedale. Le operazioni di soccorso dei Vigili del Fuoco sono terminate poco dopo le 18.<\/p>\n\n\t\t\t<style type='text\/css'>\n\t\t\t\t#gallery-1 {\n\t\t\t\t\tmargin: auto;\n\t\t\t\t}\n\t\t\t\t#gallery-1 .gallery-item {\n\t\t\t\t\tfloat: left;\n\t\t\t\t\tmargin-top: 10px;\n\t\t\t\t\ttext-align: center;\n\t\t\t\t\twidth: 33%;\n\t\t\t\t}\n\t\t\t\t#gallery-1 img {\n\t\t\t\t\tborder: 2px solid #cfcfcf;\n\t\t\t\t}\n\t\t\t\t#gallery-1 .gallery-caption {\n\t\t\t\t\tmargin-left: 0;\n\t\t\t\t}\n\t\t\t\t\/* see gallery_shortcode() in wp-includes\/media.php *\/\n\t\t\t<\/style>\n\t\t<div id='gallery-1' class='dt-gallery-container gallery galleryid-322353 gallery-columns-3 gallery-size-medium'><dl class='gallery-item'>\n\t\t\t\t<dt class='gallery-icon portrait'>\n\t\t\t\t\t<a class=\"rollover rollover-zoom dt-pswp-item\" title=\"65acc7f2-a15c-4edb-9fc1-ec366504d833\" data-dt-img-description=\"\" data-large_image_width=\"720\" data-large_image_height=\"1040\"href='https:\/\/www.radiopiu.net\/wordpress\/wp-content\/uploads\/2023\/02\/65acc7f2-a15c-4edb-9fc1-ec366504d833.jpg'><img loading=\"lazy\" decoding=\"async\" width=\"208\" height=\"300\" src=\"https:\/\/www.radiopiu.net\/wordpress\/wp-content\/uploads\/2023\/02\/65acc7f2-a15c-4edb-9fc1-ec366504d833-208x300.jpg\" class=\"attachment-medium size-medium\" alt=\"\" srcset=\"https:\/\/www.radiopiu.net\/wordpress\/wp-content\/uploads\/2023\/02\/65acc7f2-a15c-4edb-9fc1-ec366504d833-208x300.jpg 208w, https:\/\/www.radiopiu.net\/wordpress\/wp-content\/uploads\/2023\/02\/65acc7f2-a15c-4edb-9fc1-ec366504d833-709x1024.jpg 709w, https:\/\/www.radiopiu.net\/wordpress\/wp-content\/uploads\/2023\/02\/65acc7f2-a15c-4edb-9fc1-ec366504d833.jpg 720w\" sizes=\"auto, (max-width: 208px) 100vw, 208px\" \/><\/a>\n\t\t\t\t<\/dt><\/dl><dl class='gallery-item'>\n\t\t\t\t<dt class='gallery-icon landscape'>\n\t\t\t\t\t<a class=\"rollover rollover-zoom dt-pswp-item\" title=\"042490e1-9380-426e-b678-ed2efc3c6d13\" data-dt-img-description=\"\" data-large_image_width=\"1106\" data-large_image_height=\"666\"href='https:\/\/www.radiopiu.net\/wordpress\/wp-content\/uploads\/2023\/02\/042490e1-9380-426e-b678-ed2efc3c6d13.jpg'><img loading=\"lazy\" decoding=\"async\" width=\"300\" height=\"181\" src=\"https:\/\/www.radiopiu.net\/wordpress\/wp-content\/uploads\/2023\/02\/042490e1-9380-426e-b678-ed2efc3c6d13-300x181.jpg\" class=\"attachment-medium size-medium\" alt=\"\" srcset=\"https:\/\/www.radiopiu.net\/wordpress\/wp-content\/uploads\/2023\/02\/042490e1-9380-426e-b678-ed2efc3c6d13-300x181.jpg 300w, https:\/\/www.radiopiu.net\/wordpress\/wp-content\/uploads\/2023\/02\/042490e1-9380-426e-b678-ed2efc3c6d13-1024x617.jpg 1024w, https:\/\/www.radiopiu.net\/wordpress\/wp-content\/uploads\/2023\/02\/042490e1-9380-426e-b678-ed2efc3c6d13-768x462.jpg 768w, https:\/\/www.radiopiu.net\/wordpress\/wp-content\/uploads\/2023\/02\/042490e1-9380-426e-b678-ed2efc3c6d13.jpg 1106w\" sizes=\"auto, (max-width: 300px) 100vw, 300px\" \/><\/a>\n\t\t\t\t<\/dt><\/dl><dl class='gallery-item'>\n\t\t\t\t<dt class='gallery-icon portrait'>\n\t\t\t\t\t<a class=\"rollover rollover-zoom dt-pswp-item\" title=\"5d9a667c-92ae-4b45-b9f6-8094aa46030a\" data-dt-img-description=\"\" data-large_image_width=\"680\" data-large_image_height=\"1008\"href='https:\/\/www.radiopiu.net\/wordpress\/wp-content\/uploads\/2023\/02\/5d9a667c-92ae-4b45-b9f6-8094aa46030a.jpg'><img loading=\"lazy\" decoding=\"async\" width=\"202\" height=\"300\" src=\"https:\/\/www.radiopiu.net\/wordpress\/wp-content\/uploads\/2023\/02\/5d9a667c-92ae-4b45-b9f6-8094aa46030a-202x300.jpg\" class=\"attachment-medium size-medium\" alt=\"\" srcset=\"https:\/\/www.radiopiu.net\/wordpress\/wp-content\/uploads\/2023\/02\/5d9a667c-92ae-4b45-b9f6-8094aa46030a-202x300.jpg 202w, https:\/\/www.radiopiu.net\/wordpress\/wp-content\/uploads\/2023\/02\/5d9a667c-92ae-4b45-b9f6-8094aa46030a.jpg 680w\" sizes=\"auto, (max-width: 202px) 100vw, 202px\" \/><\/a>\n\t\t\t\t<\/dt><\/dl><br style=\"clear: both\" \/>\n\t\t\t<\/div>\n\n<p>&nbsp;<\/p>\n<p>&nbsp;<\/p>\n<hr \/>\n<p>&nbsp;<\/p>\n<blockquote>\n<h3>FALCO, E&#8217; TORNATO OPERATIVO.<\/h3>\n<\/blockquote>\n<p><strong><a class=\"dt-pswp-item\" href=\"https:\/\/www.radiopiu.net\/wordpress\/wp-content\/uploads\/2022\/08\/falco-.jpeg\" data-dt-img-description=\"\" data-large_image_width=\"1229\" data-large_image_height=\"1130\"><img loading=\"lazy\" decoding=\"async\" class=\" wp-image-294304 alignleft\" src=\"https:\/\/www.radiopiu.net\/wordpress\/wp-content\/uploads\/2022\/08\/falco--300x276.jpeg\" alt=\"\" width=\"154\" height=\"142\" srcset=\"https:\/\/www.radiopiu.net\/wordpress\/wp-content\/uploads\/2022\/08\/falco--300x276.jpeg 300w, https:\/\/www.radiopiu.net\/wordpress\/wp-content\/uploads\/2022\/08\/falco--1024x942.jpeg 1024w, https:\/\/www.radiopiu.net\/wordpress\/wp-content\/uploads\/2022\/08\/falco--768x706.jpeg 768w, https:\/\/www.radiopiu.net\/wordpress\/wp-content\/uploads\/2022\/08\/falco-.jpeg 1229w\" sizes=\"auto, (max-width: 154px) 100vw, 154px\" \/><\/a><\/strong><\/p>\n<p>Da ieri mattina \u00e8 stato ripristinato il sistema antincendio della base HEMS di Pieve di Cadore e, quindi, la base \u00e8 stata riattivata e Falco ha ripreso la piena operativit\u00e0 in sicurezza.<\/p>\n<p>L\u2019Azienda ha gi\u00e0 richiesto approfondimenti su quanto accaduto (rottura di una valvola del sistema antincendio) alle ditte coinvolte perch\u00e9 tali disservizi non si ripetano.<\/p>\n<h3><\/h3>\n<p>&nbsp;<\/p>\n<hr \/>\n<p>&nbsp;<\/p>\n<blockquote>\n<h3>DICHIARATO LO STATO DI GRAVE PERICOLOSITA&#8217; PER GLI INCENDI BOSCHIVI<\/h3>\n<\/blockquote>\n<p><strong><a class=\"dt-pswp-item\" href=\"https:\/\/www.radiopiu.net\/wordpress\/wp-content\/uploads\/2022\/07\/INCENDIO-BIBIONE.jpg\" data-dt-img-description=\"\" data-large_image_width=\"1024\" data-large_image_height=\"573\"><img loading=\"lazy\" decoding=\"async\" class=\"wp-image-287993 alignleft\" src=\"https:\/\/www.radiopiu.net\/wordpress\/wp-content\/uploads\/2022\/07\/INCENDIO-BIBIONE-300x168.jpg\" alt=\"\" width=\"162\" height=\"91\" srcset=\"https:\/\/www.radiopiu.net\/wordpress\/wp-content\/uploads\/2022\/07\/INCENDIO-BIBIONE-300x168.jpg 300w, https:\/\/www.radiopiu.net\/wordpress\/wp-content\/uploads\/2022\/07\/INCENDIO-BIBIONE-768x430.jpg 768w, https:\/\/www.radiopiu.net\/wordpress\/wp-content\/uploads\/2022\/07\/INCENDIO-BIBIONE.jpg 1024w\" sizes=\"auto, (max-width: 162px) 100vw, 162px\" \/><\/a>VENEZIA <\/strong>Viste le condizioni meteo-climatiche e vegetazionali, \u00e8 stato dichiarato lo stato di grave pericolosit\u00e0 per gli incendi boschivi per i territori comunali a rischio della regione Veneto nelle province di Belluno, Treviso, Verona e Vicenza. Fino alla comunicazione di revoca dello stato di grave pericolosit\u00e0 per gli incendi boschivi, sono pertanto vietate tutte le operazioni che possono creare pericolo o possibilit\u00e0 di incendio in aree boscate, cespugliate o arborate, e comunque entro la distanza di cento metri dai medesimi terreni.<\/p>\n<p>&nbsp;<\/p>\n<p>&nbsp;<\/p>\n<hr \/>\n<p>&nbsp;<\/p>\n<blockquote>\n<h3>LE PRINCIPALI ASSOCIAZIONI FELTRINE DEL TERZO SETTORE CHIEDONO DI POTENZIARE LA MEDICINA TERRITORIALE<\/h3>\n<\/blockquote>\n<p><strong><a class=\"dt-pswp-item\" href=\"https:\/\/www.radiopiu.net\/wordpress\/wp-content\/uploads\/2023\/02\/1ed9218c-bcdd-49f2-87b5-9667e64d83cf.jpg\" data-dt-img-description=\"\" data-large_image_width=\"1600\" data-large_image_height=\"1066\"><img loading=\"lazy\" decoding=\"async\" class=\" wp-image-322463 alignleft\" src=\"https:\/\/www.radiopiu.net\/wordpress\/wp-content\/uploads\/2023\/02\/1ed9218c-bcdd-49f2-87b5-9667e64d83cf-300x200.jpg\" alt=\"\" width=\"185\" height=\"123\" srcset=\"https:\/\/www.radiopiu.net\/wordpress\/wp-content\/uploads\/2023\/02\/1ed9218c-bcdd-49f2-87b5-9667e64d83cf-300x200.jpg 300w, https:\/\/www.radiopiu.net\/wordpress\/wp-content\/uploads\/2023\/02\/1ed9218c-bcdd-49f2-87b5-9667e64d83cf-1024x682.jpg 1024w, https:\/\/www.radiopiu.net\/wordpress\/wp-content\/uploads\/2023\/02\/1ed9218c-bcdd-49f2-87b5-9667e64d83cf-768x512.jpg 768w, https:\/\/www.radiopiu.net\/wordpress\/wp-content\/uploads\/2023\/02\/1ed9218c-bcdd-49f2-87b5-9667e64d83cf-1536x1023.jpg 1536w, https:\/\/www.radiopiu.net\/wordpress\/wp-content\/uploads\/2023\/02\/1ed9218c-bcdd-49f2-87b5-9667e64d83cf.jpg 1600w\" sizes=\"auto, (max-width: 185px) 100vw, 185px\" \/><\/a>FELTRE<\/strong><\/p>\n<p>di Moreno Gioli<\/p>\n<audio class=\"wp-audio-shortcode\" id=\"audio-322353-2\" preload=\"none\" style=\"width: 100%;\" controls=\"controls\"><source type=\"audio\/mpeg\" src=\"https:\/\/www.radiopiu.net\/wordpress\/wp-content\/uploads\/2023\/02\/GIOLI-documento-sanita-feltrina.mp3?_=2\" \/><a href=\"https:\/\/www.radiopiu.net\/wordpress\/wp-content\/uploads\/2023\/02\/GIOLI-documento-sanita-feltrina.mp3\">https:\/\/www.radiopiu.net\/wordpress\/wp-content\/uploads\/2023\/02\/GIOLI-documento-sanita-feltrina.mp3<\/a><\/audio>\n<p>&nbsp;<\/p>\n<hr \/>\n<p>&nbsp;<\/p>\n<blockquote>\n<h3>UN&#8217;OTTIMA STAGIONE SUL NEVEGAL. PIU&#8217; DI 20 MILA PASSAGGI NEL FINE SETTIMANA E OLTRE 2 MILA DURANTE LA SETTIMANA<\/h3>\n<\/blockquote>\n<p><strong><a class=\"dt-pswp-item\" href=\"https:\/\/www.radiopiu.net\/wordpress\/wp-content\/uploads\/2018\/10\/NEVEGAL.jpg\" data-dt-img-description=\"\" data-large_image_width=\"275\" data-large_image_height=\"183\"><img loading=\"lazy\" decoding=\"async\" class=\" wp-image-62712 alignleft\" src=\"https:\/\/www.radiopiu.net\/wordpress\/wp-content\/uploads\/2018\/10\/NEVEGAL.jpg\" alt=\"\" width=\"180\" height=\"120\" \/><\/a>BELLUNO<\/strong> Pi\u00f9 di 20mila passaggi nei weekend, oltre 2mila durante la settimana: questi i numeri della stagione sciistica del Nevegal, che in questi giorni ha visto anche un&#8217;accelerata grazie all&#8217;abbassamento delle temperature e alle belle giornate di sole.<\/p>\n<p><strong>di Daniele Dalvit<\/strong><\/p>\n<audio class=\"wp-audio-shortcode\" id=\"audio-322353-3\" preload=\"none\" style=\"width: 100%;\" controls=\"controls\"><source type=\"audio\/mpeg\" src=\"https:\/\/www.radiopiu.net\/wordpress\/wp-content\/uploads\/2023\/02\/DALVIT-BILANCIO-NEVEGAL.mp3?_=3\" \/><a href=\"https:\/\/www.radiopiu.net\/wordpress\/wp-content\/uploads\/2023\/02\/DALVIT-BILANCIO-NEVEGAL.mp3\">https:\/\/www.radiopiu.net\/wordpress\/wp-content\/uploads\/2023\/02\/DALVIT-BILANCIO-NEVEGAL.mp3<\/a><\/audio>\n<p>&nbsp;<\/p>\n<hr \/>\n<p>&nbsp;<\/p>\n<blockquote>\n<h3>TRATTATIVE APERTE CON IL VENEZIA CALCIO PER IL RITIRO ESTIVO A FALCADE<\/h3>\n<\/blockquote>\n<p><strong><a class=\"dt-pswp-item\" href=\"https:\/\/www.radiopiu.net\/wordpress\/wp-content\/uploads\/2022\/12\/MUNICIPIO-FALCADE.png\" data-dt-img-description=\"\" data-large_image_width=\"941\" data-large_image_height=\"655\"><img loading=\"lazy\" decoding=\"async\" class=\" wp-image-314065 alignleft\" src=\"https:\/\/www.radiopiu.net\/wordpress\/wp-content\/uploads\/2022\/12\/MUNICIPIO-FALCADE-300x209.png\" alt=\"\" width=\"211\" height=\"147\" srcset=\"https:\/\/www.radiopiu.net\/wordpress\/wp-content\/uploads\/2022\/12\/MUNICIPIO-FALCADE-300x209.png 300w, https:\/\/www.radiopiu.net\/wordpress\/wp-content\/uploads\/2022\/12\/MUNICIPIO-FALCADE-768x535.png 768w, https:\/\/www.radiopiu.net\/wordpress\/wp-content\/uploads\/2022\/12\/MUNICIPIO-FALCADE.png 941w\" sizes=\"auto, (max-width: 211px) 100vw, 211px\" \/><\/a>FALCADE<\/strong><\/p>\n<p>di Gianni Santomaso<\/p>\n<audio class=\"wp-audio-shortcode\" id=\"audio-322353-4\" preload=\"none\" style=\"width: 100%;\" controls=\"controls\"><source type=\"audio\/mpeg\" src=\"https:\/\/www.radiopiu.net\/wordpress\/wp-content\/uploads\/2023\/02\/GIANNI-TRATTATIVE-APERTE-CON-IL-VENEZIA-CALCIO-PER-IL-RITIRO-ESTIVO-A-FALCADE.mp3?_=4\" \/><a href=\"https:\/\/www.radiopiu.net\/wordpress\/wp-content\/uploads\/2023\/02\/GIANNI-TRATTATIVE-APERTE-CON-IL-VENEZIA-CALCIO-PER-IL-RITIRO-ESTIVO-A-FALCADE.mp3\">https:\/\/www.radiopiu.net\/wordpress\/wp-content\/uploads\/2023\/02\/GIANNI-TRATTATIVE-APERTE-CON-IL-VENEZIA-CALCIO-PER-IL-RITIRO-ESTIVO-A-FALCADE.mp3<\/a><\/audio>\n<p>&nbsp;<\/p>\n<hr \/>\n<p>&nbsp;<\/p>\n<blockquote>\n<h3>TRE NUOVI PAESI VERSO L&#8217;EUREGIO<\/h3>\n<\/blockquote>\n<p><strong><a class=\"dt-pswp-item\" href=\"https:\/\/www.radiopiu.net\/wordpress\/wp-content\/uploads\/2021\/07\/DENNI-DORIGO.jpg\" data-dt-img-description=\"\" data-large_image_width=\"1240\" data-large_image_height=\"1241\"><img loading=\"lazy\" decoding=\"async\" class=\"wp-image-224612 alignleft\" src=\"https:\/\/www.radiopiu.net\/wordpress\/wp-content\/uploads\/2021\/07\/DENNI-DORIGO-300x300.jpg\" alt=\"\" width=\"151\" height=\"151\" srcset=\"https:\/\/www.radiopiu.net\/wordpress\/wp-content\/uploads\/2021\/07\/DENNI-DORIGO-300x300.jpg 300w, https:\/\/www.radiopiu.net\/wordpress\/wp-content\/uploads\/2021\/07\/DENNI-DORIGO-1024x1024.jpg 1024w, https:\/\/www.radiopiu.net\/wordpress\/wp-content\/uploads\/2021\/07\/DENNI-DORIGO-150x150.jpg 150w, https:\/\/www.radiopiu.net\/wordpress\/wp-content\/uploads\/2021\/07\/DENNI-DORIGO-768x769.jpg 768w, https:\/\/www.radiopiu.net\/wordpress\/wp-content\/uploads\/2021\/07\/DENNI-DORIGO.jpg 1240w\" sizes=\"auto, (max-width: 151px) 100vw, 151px\" \/><\/a>LIVINALLONGO<\/strong><\/p>\n<p><strong>DI LORENZO SORATROI<\/strong><\/p>\n<p>&nbsp;<\/p>\n<p>FOTO DENNI DORIGO, DIRETTORE ISTITUT LADIN CESA DE JAN<\/p>\n<audio class=\"wp-audio-shortcode\" id=\"audio-322353-5\" preload=\"none\" style=\"width: 100%;\" controls=\"controls\"><source type=\"audio\/mpeg\" src=\"https:\/\/www.radiopiu.net\/wordpress\/wp-content\/uploads\/2023\/02\/lorenzo-ex-asburgici.mp3?_=5\" \/><a href=\"https:\/\/www.radiopiu.net\/wordpress\/wp-content\/uploads\/2023\/02\/lorenzo-ex-asburgici.mp3\">https:\/\/www.radiopiu.net\/wordpress\/wp-content\/uploads\/2023\/02\/lorenzo-ex-asburgici.mp3<\/a><\/audio>\n<p>&nbsp;<\/p>\n<p>&nbsp;<\/p>\n<hr \/>\n<p>&nbsp;<\/p>\n<blockquote>\n<h3>IL CONSIGLIO DELL&#8217;UNIONE MONTANA AGORDINA<\/h3>\n<\/blockquote>\n<p><strong>AGORDO<\/strong> Il Presidente Paolo Frena ha convocato i consiglieri dell&#8217;Unione Montana Agordina. All\u2019ordine del giorno il DUP e anche l\u2019approvazione del bilancio di previsione. In discussione anche i regolamenti di contabilit\u00e0 e controlli interni.<\/p>\n<p><strong>LA DIRETTA RADIO PIU&#8217;<\/strong><\/p>\n<p>https:\/\/www.facebook.com\/marco.baghy.1\/videos\/892184268495071<\/p>\n<p>&nbsp;<\/p>\n<hr \/>\n<p>&nbsp;<\/p>\n<blockquote>\n<h2>FALSO INVALIDO, L&#8217;INPS PRETENDE LA RESTITUZIONE DEI SOLDI<\/h2>\n<\/blockquote>\n<p><strong>OGGI SUL CORRIERE DELLE ALPI<\/strong><\/p>\n<p><strong>DI GIGI SOSSO<\/strong><\/p>\n<p><img loading=\"lazy\" decoding=\"async\" class=\"alignleft\" src=\"https:\/\/www.radiopiu.net\/wordpress\/wp-content\/uploads\/2023\/02\/Senza-nome-48.jpg\" width=\"274\" height=\"156\" \/><strong>SEDICO<\/strong> Falso invalido per la Procura. Tanto che gli chiederanno indietro i 200 mila euro di pensione d&#8217;invalidit\u00e0 indebitamente percepita e assegno di accompagnamento per la moglie. L&#8217;Inps e l&#8217;Ulss 1 Dolomiti si sono costituiti parte civile in tribunale con gli avvocati Doni e Mazzucco nei confronti di Franco Garlant e Lara Ambros. Secondo gli imputati, invece, non ci sarebbe alcuna truffa aggravata per il conseguimento di erogazioni pubbliche: il difensore Rigoni Stern punta sulla perizia fatta per una causa di lavoro, che darebbe loro diritto a quello che hanno avuto. Ecco perch\u00e9 vanno al dibattimento pubblico, evitando riti alternativi. Garlant si muoveva a bordo di una carrozzina, almeno in pubblico. Ma una volta a casa camminava senza problemi, saliva le scale, trasportava pesi e attrezzi, scaricava bancali di legna, usava il decespugliatore per tagliare la siepe e falciare il prato, si occupava della manutenzione della piscina in giardino e circolava in sella a uno scooter. Erano stati i carabinieri del Comando provinciale a svolgere le indagini, dopo una serie di segnalazioni da paesani&#8230;.. Secondo l&#8217;accusa, il paziente avrebbe simulato una patologia pi\u00f9 grave di quella effettiva e nascosto il miglioramento delle proprie condizioni e la moglie avrebbe assecondato per tutto il tempo il marito&#8230;\u00c8 scattata una pensione di 1.400 euro mensili, oltre a un ulteriore assegno di sostentamento..<\/p>\n<p>&nbsp;<\/p>\n<p>&nbsp;<\/p>\n<hr \/>\n<p>&nbsp;<\/p>\n<p><strong>DI TIZIANO DE COL<\/strong><\/p>\n\n\t\t\t<style type='text\/css'>\n\t\t\t\t#gallery-2 {\n\t\t\t\t\tmargin: auto;\n\t\t\t\t}\n\t\t\t\t#gallery-2 .gallery-item {\n\t\t\t\t\tfloat: left;\n\t\t\t\t\tmargin-top: 10px;\n\t\t\t\t\ttext-align: center;\n\t\t\t\t\twidth: 33%;\n\t\t\t\t}\n\t\t\t\t#gallery-2 img {\n\t\t\t\t\tborder: 2px solid #cfcfcf;\n\t\t\t\t}\n\t\t\t\t#gallery-2 .gallery-caption {\n\t\t\t\t\tmargin-left: 0;\n\t\t\t\t}\n\t\t\t\t\/* see gallery_shortcode() in wp-includes\/media.php *\/\n\t\t\t<\/style>\n\t\t<div id='gallery-2' class='dt-gallery-container gallery galleryid-322353 gallery-columns-3 gallery-size-medium'><dl class='gallery-item'>\n\t\t\t\t<dt class='gallery-icon landscape'>\n\t\t\t\t\t<a class=\"rollover rollover-zoom dt-pswp-item\" title=\"ea4deab7-607a-4f62-96dc-5d898248cca3\" data-dt-img-description=\"\" data-large_image_width=\"604\" data-large_image_height=\"363\"href='https:\/\/www.radiopiu.net\/wordpress\/wp-content\/uploads\/2023\/02\/ea4deab7-607a-4f62-96dc-5d898248cca3.jpg'><img loading=\"lazy\" decoding=\"async\" width=\"300\" height=\"180\" src=\"https:\/\/www.radiopiu.net\/wordpress\/wp-content\/uploads\/2023\/02\/ea4deab7-607a-4f62-96dc-5d898248cca3-300x180.jpg\" class=\"attachment-medium size-medium\" alt=\"\" srcset=\"https:\/\/www.radiopiu.net\/wordpress\/wp-content\/uploads\/2023\/02\/ea4deab7-607a-4f62-96dc-5d898248cca3-300x180.jpg 300w, https:\/\/www.radiopiu.net\/wordpress\/wp-content\/uploads\/2023\/02\/ea4deab7-607a-4f62-96dc-5d898248cca3.jpg 604w\" sizes=\"auto, (max-width: 300px) 100vw, 300px\" \/><\/a>\n\t\t\t\t<\/dt><\/dl><dl class='gallery-item'>\n\t\t\t\t<dt class='gallery-icon landscape'>\n\t\t\t\t\t<a class=\"rollover rollover-zoom dt-pswp-item\" title=\"d9299504-2772-436e-b5b9-490b94ad1ad6\" data-dt-img-description=\"\" data-large_image_width=\"592\" data-large_image_height=\"347\"href='https:\/\/www.radiopiu.net\/wordpress\/wp-content\/uploads\/2023\/02\/d9299504-2772-436e-b5b9-490b94ad1ad6.jpg'><img loading=\"lazy\" decoding=\"async\" width=\"300\" height=\"176\" src=\"https:\/\/www.radiopiu.net\/wordpress\/wp-content\/uploads\/2023\/02\/d9299504-2772-436e-b5b9-490b94ad1ad6-300x176.jpg\" class=\"attachment-medium size-medium\" alt=\"\" srcset=\"https:\/\/www.radiopiu.net\/wordpress\/wp-content\/uploads\/2023\/02\/d9299504-2772-436e-b5b9-490b94ad1ad6-300x176.jpg 300w, https:\/\/www.radiopiu.net\/wordpress\/wp-content\/uploads\/2023\/02\/d9299504-2772-436e-b5b9-490b94ad1ad6.jpg 592w\" sizes=\"auto, (max-width: 300px) 100vw, 300px\" \/><\/a>\n\t\t\t\t<\/dt><\/dl><dl class='gallery-item'>\n\t\t\t\t<dt class='gallery-icon landscape'>\n\t\t\t\t\t<a class=\"rollover rollover-zoom dt-pswp-item\" title=\"ffb31dd2-3b5d-43a5-aca6-a4a9780fa1d4\" data-dt-img-description=\"\" data-large_image_width=\"600\" data-large_image_height=\"349\"href='https:\/\/www.radiopiu.net\/wordpress\/wp-content\/uploads\/2023\/02\/ffb31dd2-3b5d-43a5-aca6-a4a9780fa1d4.jpg'><img loading=\"lazy\" decoding=\"async\" width=\"300\" height=\"175\" src=\"https:\/\/www.radiopiu.net\/wordpress\/wp-content\/uploads\/2023\/02\/ffb31dd2-3b5d-43a5-aca6-a4a9780fa1d4-300x175.jpg\" class=\"attachment-medium size-medium\" alt=\"\" srcset=\"https:\/\/www.radiopiu.net\/wordpress\/wp-content\/uploads\/2023\/02\/ffb31dd2-3b5d-43a5-aca6-a4a9780fa1d4-300x175.jpg 300w, https:\/\/www.radiopiu.net\/wordpress\/wp-content\/uploads\/2023\/02\/ffb31dd2-3b5d-43a5-aca6-a4a9780fa1d4.jpg 600w\" sizes=\"auto, (max-width: 300px) 100vw, 300px\" \/><\/a>\n\t\t\t\t<\/dt><\/dl><br style=\"clear: both\" \/>\n\t\t\t<\/div>\n\n<p>&nbsp;<\/p>\n<hr \/>\n<p>&nbsp;<\/p>\n<blockquote>\n<h3>FARMACIA OSPEDALIERA: IN SERVIZIO IL NUOVO DIRETTORE EMANUELA SALVATICO<\/h3>\n<\/blockquote>\n<p><strong><a class=\"dt-pswp-item\" href=\"https:\/\/www.radiopiu.net\/wordpress\/wp-content\/uploads\/2023\/02\/SALVATICO.png\" data-dt-img-description=\"\" data-large_image_width=\"654\" data-large_image_height=\"468\"><img loading=\"lazy\" decoding=\"async\" class=\" wp-image-322417 alignleft\" src=\"https:\/\/www.radiopiu.net\/wordpress\/wp-content\/uploads\/2023\/02\/SALVATICO-300x215.png\" alt=\"\" width=\"181\" height=\"130\" srcset=\"https:\/\/www.radiopiu.net\/wordpress\/wp-content\/uploads\/2023\/02\/SALVATICO-300x215.png 300w, https:\/\/www.radiopiu.net\/wordpress\/wp-content\/uploads\/2023\/02\/SALVATICO.png 654w\" sizes=\"auto, (max-width: 181px) 100vw, 181px\" \/><\/a>BELLUNO <\/strong>Ieri \u00e8 il primo giorno di servizio in Ulss Dolomiti del nuovo direttore dell\u2019U.O.C. di Farmacia Ospedaliera, Emanuela Salvatico. Classe 1961, di Padova, Emanuela Salvatico si \u00e8 laureata in Farmacia presso l\u2019Universit\u00e0 di Padova, dove ha conseguito, poi, la specializzazione in Farmacia Ospedaliera. Successivamente, si \u00e8 specializzata in Farmacologia presso l\u2019Universit\u00e0 Statale di Milano e in Tecnologie e Scienze Cosmetiche all\u2019Universit\u00e0 di Ferrara. Inoltre, ha ottenuto un master in Economia Farmaceutica presso l\u2019Universit\u00e0 di Milano e ha frequentato un corso di perfezionamento in Bioetica presso l\u2019Universit\u00e0 di Padova. Dal 2019 \u00e8 stata direttore di struttura complessa nell\u2019ambito della Farmacia Ospedaliera presso l\u2019Ulss 6 Euganea. E\u2019 esperta in budgeting, nella gestione dei processi di logistica dei farmaci, nel controllo dell\u2019appropriatezza prescrittiva e nella produzione galenica. Ha al suo attivo una ricca produzione scientifica e ha svolto diverse attivit\u00e0 di docenza, in particolare in galenica, in patologia del diabete e farmacoeconomia.<\/p>\n<p>&nbsp;<\/p>\n<p>&nbsp;<\/p>\n<hr \/>\n<p>&nbsp;<\/p>\n<blockquote>\n<h3>POLIPOSI NASALE GRAVE: 50 PAZIENTI TRATTATI CON FARMACI BIOLOGICI<\/h3>\n<\/blockquote>\n<p><strong><a class=\"dt-pswp-item\" href=\"https:\/\/www.radiopiu.net\/wordpress\/wp-content\/uploads\/2023\/02\/WhatsApp-Image-2023-02-16-at-16.31.03.jpeg\" data-dt-img-description=\"\" data-large_image_width=\"868\" data-large_image_height=\"768\"><img loading=\"lazy\" decoding=\"async\" class=\" wp-image-322489 alignleft\" src=\"https:\/\/www.radiopiu.net\/wordpress\/wp-content\/uploads\/2023\/02\/WhatsApp-Image-2023-02-16-at-16.31.03-300x265.jpeg\" alt=\"\" width=\"158\" height=\"140\" srcset=\"https:\/\/www.radiopiu.net\/wordpress\/wp-content\/uploads\/2023\/02\/WhatsApp-Image-2023-02-16-at-16.31.03-300x265.jpeg 300w, https:\/\/www.radiopiu.net\/wordpress\/wp-content\/uploads\/2023\/02\/WhatsApp-Image-2023-02-16-at-16.31.03-768x680.jpeg 768w, https:\/\/www.radiopiu.net\/wordpress\/wp-content\/uploads\/2023\/02\/WhatsApp-Image-2023-02-16-at-16.31.03.jpeg 868w\" sizes=\"auto, (max-width: 158px) 100vw, 158px\" \/><\/a>FELTRE <\/strong>Sono gi\u00e0 50 i pazienti trattati con farmaci biologici dall\u2019Otorinolaringoiatria dell\u2019Ospedale di Feltre per la cura della poliposi nasale grave. L\u2019ORL di Feltre \u00e8, infatti, centro autorizzato alla prescrizione di farmaci biologici, secondo le pi\u00f9 recenti indicazioni per la terapia aggiuntiva ai corticosteroidi intranasali per il trattamento di pazienti adulti affetti da rinosinusite cronica con poliposi nasale grave, per i quali la terapia con corticosteroidi sistemici e\/o la chirurgia non fornisce un controllo adeguato della malattia. I nuovi farmaci sono anticorpi monoclonali utilizzati per affrontare l&#8217;infiammazione di \u201ctipo 2\u201d che \u00e8 alla base della maggior parte dei casi di rinosinusite cronica con poliposi nasale che di frequente \u00e8 correlata ad una recidiva dopo la chirurgia.\u00a0 I farmaci vengono somministrati per via sottocutanea a domicilio, dopo un percorso di educazione al paziente in ospedale.<\/p>\n<p>&nbsp;<\/p>\n<p>&nbsp;<\/p>\n<hr \/>\n<p>&nbsp;<\/p>\n<blockquote>\n<h3>MEDICINA DI FAMIGLIA: NUOVI INGRESSI E SOSTITUZIONI<\/h3>\n<\/blockquote>\n<p><strong><a class=\"dt-pswp-item\" href=\"https:\/\/www.radiopiu.net\/wordpress\/wp-content\/uploads\/2021\/06\/MEDICO.jpg\" data-dt-img-description=\"\" data-large_image_width=\"1920\" data-large_image_height=\"1440\"><img loading=\"lazy\" decoding=\"async\" class=\" wp-image-216887 alignleft\" src=\"https:\/\/www.radiopiu.net\/wordpress\/wp-content\/uploads\/2021\/06\/MEDICO-300x225.jpg\" alt=\"\" width=\"187\" height=\"140\" srcset=\"https:\/\/www.radiopiu.net\/wordpress\/wp-content\/uploads\/2021\/06\/MEDICO-300x225.jpg 300w, https:\/\/www.radiopiu.net\/wordpress\/wp-content\/uploads\/2021\/06\/MEDICO-1024x768.jpg 1024w, https:\/\/www.radiopiu.net\/wordpress\/wp-content\/uploads\/2021\/06\/MEDICO-768x576.jpg 768w, https:\/\/www.radiopiu.net\/wordpress\/wp-content\/uploads\/2021\/06\/MEDICO-1536x1152.jpg 1536w, https:\/\/www.radiopiu.net\/wordpress\/wp-content\/uploads\/2021\/06\/MEDICO.jpg 1920w\" sizes=\"auto, (max-width: 187px) 100vw, 187px\" \/><\/a>BELLUNO<\/strong> Tre nuovi ingressi nella medicina di famiglia: a Cesiomaggiore prende servizio il dr Crivellaro; a Pedavena c\u2019\u00e8 il nuovo ingresso della dottoressa Zancanaro e in Zoldo del dr Chreya. Ad Alano la dottoressa Coppe conferma il suo impegno passando ad un incarico \u201ctemporaneo\u201d che diventer\u00e0 a tempo indeterminato non appena conseguito il diploma di formazione specifica in medicina generale. A Seren del Grappa prende servizio la dottoressa Quintile che, contestualmente cessa l\u2019incarico a Sedico cos\u00ec come la dottoressa De Bona (che manterr\u00e0 l\u2019incarico a Borgo Valbelluna). Gli assistiti di Sedico potranno scegliere un nuovo medico tra quelli disponibili sia nell\u2019ambito di Sedico sia tra i medici disponibili negli ambiti confinanti di Belluno e Feltre.<\/p>\n<p>&nbsp;<\/p>\n<p>&nbsp;<\/p>\n<hr \/>\n<p>&nbsp;<\/p>\n<blockquote>\n<h3>CARDIOLOGIE APERTE 2023: CONTINUANO GLI APPUNTAMENTI<\/h3>\n<\/blockquote>\n<p><strong>BELLUNO <\/strong>Partecipato il primo incontro di Cardiologie Aperte 2023 all\u2019Ospedale di Feltre. Entra nel vivo, cos\u00ec, la settimana del cuore con le iniziative organizzate dalle Cardiologie dell\u2019Ulss Dolomiti per sensibilizzare sull\u2019importanza della prevenzione cardiovascolare e dell\u2019esercizio fisico.<\/p>\n<p><strong>I PROSSIMI APPUNTAMENTI<\/strong><\/p>\n<p><a class=\"dt-pswp-item\" href=\"https:\/\/www.radiopiu.net\/wordpress\/wp-content\/uploads\/2023\/02\/CARDIOLOGIE-APERTE-2023_def_2.02.2023_page-0001.jpg\" data-dt-img-description=\"\" data-large_image_width=\"1241\" data-large_image_height=\"1755\"><img loading=\"lazy\" decoding=\"async\" class=\"size-medium wp-image-322416 aligncenter\" src=\"https:\/\/www.radiopiu.net\/wordpress\/wp-content\/uploads\/2023\/02\/CARDIOLOGIE-APERTE-2023_def_2.02.2023_page-0001-212x300.jpg\" alt=\"\" width=\"212\" height=\"300\" srcset=\"https:\/\/www.radiopiu.net\/wordpress\/wp-content\/uploads\/2023\/02\/CARDIOLOGIE-APERTE-2023_def_2.02.2023_page-0001-212x300.jpg 212w, https:\/\/www.radiopiu.net\/wordpress\/wp-content\/uploads\/2023\/02\/CARDIOLOGIE-APERTE-2023_def_2.02.2023_page-0001-724x1024.jpg 724w, https:\/\/www.radiopiu.net\/wordpress\/wp-content\/uploads\/2023\/02\/CARDIOLOGIE-APERTE-2023_def_2.02.2023_page-0001-768x1086.jpg 768w, https:\/\/www.radiopiu.net\/wordpress\/wp-content\/uploads\/2023\/02\/CARDIOLOGIE-APERTE-2023_def_2.02.2023_page-0001-1086x1536.jpg 1086w, https:\/\/www.radiopiu.net\/wordpress\/wp-content\/uploads\/2023\/02\/CARDIOLOGIE-APERTE-2023_def_2.02.2023_page-0001.jpg 1241w\" sizes=\"auto, (max-width: 212px) 100vw, 212px\" \/><\/a><\/p>\n<p>&nbsp;<\/p>\n<hr \/>\n<p>&nbsp;<\/p>\n<blockquote>\n<h3>STORIA E TESTIMONIANZE ALL\u2019ASSEMBLEA DEI GIOVANI DELEGATI E OPERATORI DELLA CISL<\/h3>\n<\/blockquote>\n<p><strong><a class=\"dt-pswp-item\" href=\"https:\/\/www.radiopiu.net\/wordpress\/wp-content\/uploads\/2023\/02\/assemblea_giovani_16.02.23_1.jpeg\" data-dt-img-description=\"\" data-large_image_width=\"1984\" data-large_image_height=\"1488\"><img loading=\"lazy\" decoding=\"async\" class=\" wp-image-322414 alignleft\" src=\"https:\/\/www.radiopiu.net\/wordpress\/wp-content\/uploads\/2023\/02\/assemblea_giovani_16.02.23_1-300x225.jpeg\" alt=\"\" width=\"172\" height=\"129\" srcset=\"https:\/\/www.radiopiu.net\/wordpress\/wp-content\/uploads\/2023\/02\/assemblea_giovani_16.02.23_1-300x225.jpeg 300w, https:\/\/www.radiopiu.net\/wordpress\/wp-content\/uploads\/2023\/02\/assemblea_giovani_16.02.23_1-1024x768.jpeg 1024w, https:\/\/www.radiopiu.net\/wordpress\/wp-content\/uploads\/2023\/02\/assemblea_giovani_16.02.23_1-768x576.jpeg 768w, https:\/\/www.radiopiu.net\/wordpress\/wp-content\/uploads\/2023\/02\/assemblea_giovani_16.02.23_1-1536x1152.jpeg 1536w, https:\/\/www.radiopiu.net\/wordpress\/wp-content\/uploads\/2023\/02\/assemblea_giovani_16.02.23_1.jpeg 1984w\" sizes=\"auto, (max-width: 172px) 100vw, 172px\" \/><\/a>GODEGA DI SANT&#8217;URBANO (TV) <\/strong><em>\u201cLa Cisl \u00e8 nata da un gruppo di persone che ha fatto una scelta di autonomia e libert\u00e0 da un pensiero dominante, con la convinzione che i lavoratori dovessero scrivere il proprio destino, che la propria tutela non dovesse essere delegata ad altri<\/em>\u201d. Con queste parole il segretario generale della Cisl Belluno Treviso Massimiliano Paglini ha introdotto ieri mattina a Godega di Sant\u2019Urbano i lavori dell\u2019assemblea dei giovani delegati e operatori. Un&#8217;iniziativa che ha riunito un centinaio di giovani impegnati nel sindacato e che si colloca in un pi\u00f9 ampio programma di formazione continua dedicato a rafforzare strumenti e conoscenze dei giovani che rappresentano il presente e soprattutto il futuro della Cisl territoriale. I lavori sono stati aperti da Luigi Lama, responsabile della formazione per nuovi dirigenti al Centro Studi della Cisl di Firenze, esperto di contrattazione collettiva e relazioni industriali. Il docente ha ripercorso assieme ai giovani sindacalisti la storia della Cisl, in particolare le fasi legate alla nascita della Confederazione Italiana Sindacati Lavoratori. Nell\u2019excursus storico fatto successivamente da Raffaele Morese, ex segretario nazionale della Fim, gli scenari raccontati sono stati quelli delle fabbriche e delle battaglie per l\u2019uscita dal ricatto del lavoro a cottimo e per la costruzione, giorno dopo giorno, dei diritti dei lavoratori e delle lavoratrici. \u201c<em>Il sindacato esiste ed esister\u00e0 se ha come obiettivo il benessere\u00a0 e i diritti di tutti i lavoratori\u201d,<\/em> ha detto Morese ricordando ai giovani della Cisl che \u201c<em>il sindacato non \u00e8 un mestiere, ma una vocazione, una missione, un sentimento di voglia di migliorare le cose<\/em>\u201d. Infine la testimonianza di Roberta Cabrelle, ex sindacalista territoriale della Fim e della Fisascat, che ha raccontato alla platea di ragazzi e ragazze la sua storia sindacale, che s\u2019intreccia con la storia d\u2019Italia, dagli anni Settanta ad oggi.<\/p>\n<p>&nbsp;<\/p>\n<p>&nbsp;<\/p>\n<hr \/>\n<p>&nbsp;<\/p>\n<blockquote>\n<h3>FAMILY AUDIT, CAMBIAMENTO CULTURALE PER IL TERRITORIO BELLUNESE<\/h3>\n<\/blockquote>\n<p><a href=\"https:\/\/www.radiopiu.net\/wordpress\/wp-content\/uploads\/2021\/12\/BIM-PIAVE.jpg\" data-dt-img-description=\"\" data-large_image_width=\"420\" data-large_image_height=\"280\"><img loading=\"lazy\" decoding=\"async\" class=\"alignleft\" src=\"https:\/\/www.radiopiu.net\/wordpress\/wp-content\/uploads\/2021\/12\/BIM-PIAVE-300x200.jpg\" alt=\"\" width=\"239\" height=\"159\" \/><\/a><strong>BELLUNO<\/strong> \u00c8 in programma gioved\u00ec 23 febbraio, dalle 10 alle 12, nella Sala Affreschi di Palazzo Piloni a Belluno l\u2019evento \u201cFamily Audit, un cambiamento culturale per il territorio bellunese\u201d, organizzato nell\u2019ambito del progetto realizzato con il contributo della Presidenza del Consiglio dei ministri &#8211; Dipartimento per le politiche della famiglia con capofila il Consorzio BIM Piave di Belluno. L\u2019appuntamento vuole essere un momento per fare il bilancio del progetto Family Audit e conoscere qual \u00e8 stato il percorso delle aziende e istituzioni che da due anni si stanno impegnando per mettere in campo una serie di iniziative per migliorare il benessere aziendale. Seguir\u00e0\u00a0 la presentazione della ricerca di Silvia Oliva della Fondazione Nord Est intitolata \u201cLa conciliazione famiglia-lavoro. Focus sulla provincia di Belluno\u201d, per poi concludere la mattinata con una tavola rotonda insieme alle organizzazioni certificate per fare insieme il punto del progetto un anno dopo la certificazione. Siamo molto felici dei risultati raggiunti fino adesso &#8211; afferma Marco Staunovo Polacco, Presidente del Consorzio BIM &#8211; e questo appuntamento vuole essere anche una vetrina per avvicinare tutte le altre aziende bellunesi, che ancora non la conoscono alla certificazione Family Audit grazie alla testimonianza diretta delle realt\u00e0 che hanno gi\u00e0 aderito&#8221;. La partecipazione all\u2019evento \u00e8 gratuita e aperta a tutta la cittadinanza, ma \u00e8 necessaria la prenotazione a questo <a href=\"https:\/\/www.eventbrite.it\/e\/biglietti-family-audit-un-cambiamento-culturale-per-il-territorio-bellunese-522365618627\">link Eventbrite<\/a>.<\/p>\n<p>&nbsp;<\/p>\n<hr \/>\n<p>&nbsp;<\/p>\n<blockquote>\n<h3>MILANO CORTINA 2026 HA LANCIATO IL PROGETTO YOUNG REPORTER<\/h3>\n<\/blockquote>\n<p><strong><a class=\"dt-pswp-item\" href=\"https:\/\/www.radiopiu.net\/wordpress\/wp-content\/uploads\/2023\/02\/2c9efbd7-0860-4a27-a4f6-e068b93fd1b8.jpg\" data-dt-img-description=\"\" data-large_image_width=\"1600\" data-large_image_height=\"1109\"><img loading=\"lazy\" decoding=\"async\" class=\" wp-image-322426 alignleft\" src=\"https:\/\/www.radiopiu.net\/wordpress\/wp-content\/uploads\/2023\/02\/2c9efbd7-0860-4a27-a4f6-e068b93fd1b8-300x208.jpg\" alt=\"\" width=\"200\" height=\"139\" srcset=\"https:\/\/www.radiopiu.net\/wordpress\/wp-content\/uploads\/2023\/02\/2c9efbd7-0860-4a27-a4f6-e068b93fd1b8-300x208.jpg 300w, https:\/\/www.radiopiu.net\/wordpress\/wp-content\/uploads\/2023\/02\/2c9efbd7-0860-4a27-a4f6-e068b93fd1b8-1024x710.jpg 1024w, https:\/\/www.radiopiu.net\/wordpress\/wp-content\/uploads\/2023\/02\/2c9efbd7-0860-4a27-a4f6-e068b93fd1b8-768x532.jpg 768w, https:\/\/www.radiopiu.net\/wordpress\/wp-content\/uploads\/2023\/02\/2c9efbd7-0860-4a27-a4f6-e068b93fd1b8-1536x1065.jpg 1536w, https:\/\/www.radiopiu.net\/wordpress\/wp-content\/uploads\/2023\/02\/2c9efbd7-0860-4a27-a4f6-e068b93fd1b8.jpg 1600w\" sizes=\"auto, (max-width: 200px) 100vw, 200px\" \/><\/a>MILANO<\/strong><\/p>\n<p>di Roberto Bona<\/p>\n<p>(foto: OIS Photo)<\/p>\n<audio class=\"wp-audio-shortcode\" id=\"audio-322353-6\" preload=\"none\" style=\"width: 100%;\" controls=\"controls\"><source type=\"audio\/mpeg\" src=\"https:\/\/www.radiopiu.net\/wordpress\/wp-content\/uploads\/2023\/02\/YoungReporters.mp3?_=6\" \/><a href=\"https:\/\/www.radiopiu.net\/wordpress\/wp-content\/uploads\/2023\/02\/YoungReporters.mp3\">https:\/\/www.radiopiu.net\/wordpress\/wp-content\/uploads\/2023\/02\/YoungReporters.mp3<\/a><\/audio>\n<p>&nbsp;<\/p>\n<hr \/>\n<p>&nbsp;<\/p>\n<p><span style=\"color: #ff0000;\"><strong>DA IERI, NOVITA&#8217; ALLA RADIO\u00a0<\/strong><\/span><\/p>\n<blockquote>\n<h3>ENGLISH ON THE ROAD a cura di Magic Teacher Claudia e Stefano Campedel<\/h3>\n<\/blockquote>\n<p><img loading=\"lazy\" decoding=\"async\" class=\"alignleft\" src=\"https:\/\/www.radiopiu.net\/wordpress\/wp-content\/uploads\/2023\/02\/english-2724442__340.jpg\" width=\"168\" height=\"108\" \/><\/p>\n<p><strong>1 &#8211; PUNTATA\u00a0 AUDIO<\/strong><\/p>\n<audio class=\"wp-audio-shortcode\" id=\"audio-322353-7\" preload=\"none\" style=\"width: 100%;\" controls=\"controls\"><source type=\"audio\/mpeg\" src=\"https:\/\/www.radiopiu.net\/wordpress\/wp-content\/uploads\/2023\/02\/ENGLISH-PUNTATA-1.mp3?_=7\" \/><a href=\"https:\/\/www.radiopiu.net\/wordpress\/wp-content\/uploads\/2023\/02\/ENGLISH-PUNTATA-1.mp3\">https:\/\/www.radiopiu.net\/wordpress\/wp-content\/uploads\/2023\/02\/ENGLISH-PUNTATA-1.mp3<\/a><\/audio>\n<p>&nbsp;<\/p>\n<p>&nbsp;<\/p>\n<hr \/>\n<p>&nbsp;<\/p>\n<blockquote>\n<h3>LE ASSEMBLEE DEI DONATORI DEL SANGUE DI ALLEGHE E CENCENIGHE<\/h3>\n<\/blockquote>\n<p><strong><a class=\"dt-pswp-item\" href=\"https:\/\/www.radiopiu.net\/wordpress\/wp-content\/uploads\/2023\/02\/DONATORE-SANGUE.jpeg\" data-dt-img-description=\"\" data-large_image_width=\"1640\" data-large_image_height=\"1186\"><img loading=\"lazy\" decoding=\"async\" class=\" wp-image-322486 alignleft\" src=\"https:\/\/www.radiopiu.net\/wordpress\/wp-content\/uploads\/2023\/02\/DONATORE-SANGUE-300x217.jpeg\" alt=\"\" width=\"184\" height=\"133\" srcset=\"https:\/\/www.radiopiu.net\/wordpress\/wp-content\/uploads\/2023\/02\/DONATORE-SANGUE-300x217.jpeg 300w, https:\/\/www.radiopiu.net\/wordpress\/wp-content\/uploads\/2023\/02\/DONATORE-SANGUE-1024x741.jpeg 1024w, https:\/\/www.radiopiu.net\/wordpress\/wp-content\/uploads\/2023\/02\/DONATORE-SANGUE-768x555.jpeg 768w, https:\/\/www.radiopiu.net\/wordpress\/wp-content\/uploads\/2023\/02\/DONATORE-SANGUE-1536x1111.jpeg 1536w, https:\/\/www.radiopiu.net\/wordpress\/wp-content\/uploads\/2023\/02\/DONATORE-SANGUE.jpeg 1640w\" sizes=\"auto, (max-width: 184px) 100vw, 184px\" \/><\/a>ALLEGHE\/CENCENIGHE<\/strong><\/p>\n<p>di Gianni Santomaso<\/p>\n<audio class=\"wp-audio-shortcode\" id=\"audio-322353-8\" preload=\"none\" style=\"width: 100%;\" controls=\"controls\"><source type=\"audio\/mpeg\" src=\"https:\/\/www.radiopiu.net\/wordpress\/wp-content\/uploads\/2023\/02\/GIANNI-ASSEMBLEE-DONATORI-SANGIE-ALLEGHE-E-CENCENIGHE.mp3?_=8\" \/><a href=\"https:\/\/www.radiopiu.net\/wordpress\/wp-content\/uploads\/2023\/02\/GIANNI-ASSEMBLEE-DONATORI-SANGIE-ALLEGHE-E-CENCENIGHE.mp3\">https:\/\/www.radiopiu.net\/wordpress\/wp-content\/uploads\/2023\/02\/GIANNI-ASSEMBLEE-DONATORI-SANGIE-ALLEGHE-E-CENCENIGHE.mp3<\/a><\/audio>\n<p>&nbsp;<\/p>\n<hr \/>\n<blockquote>\n<h3><\/h3>\n<h3>L&#8217;ASSEMBLEA DEI DONATORI DEL SANGUE DI CANALE D&#8217;AGORDO<\/h3>\n<\/blockquote>\n<p><strong><a class=\"dt-pswp-item\" href=\"https:\/\/www.radiopiu.net\/wordpress\/wp-content\/uploads\/2020\/09\/DONAZIONE-SANGUE.jpg\" data-dt-img-description=\"\" data-large_image_width=\"1920\" data-large_image_height=\"1282\"><img loading=\"lazy\" decoding=\"async\" class=\" wp-image-161053 alignleft\" src=\"https:\/\/www.radiopiu.net\/wordpress\/wp-content\/uploads\/2020\/09\/DONAZIONE-SANGUE-300x200.jpg\" alt=\"\" width=\"150\" height=\"100\" srcset=\"https:\/\/www.radiopiu.net\/wordpress\/wp-content\/uploads\/2020\/09\/DONAZIONE-SANGUE-300x200.jpg 300w, https:\/\/www.radiopiu.net\/wordpress\/wp-content\/uploads\/2020\/09\/DONAZIONE-SANGUE-1024x684.jpg 1024w, https:\/\/www.radiopiu.net\/wordpress\/wp-content\/uploads\/2020\/09\/DONAZIONE-SANGUE-768x513.jpg 768w, https:\/\/www.radiopiu.net\/wordpress\/wp-content\/uploads\/2020\/09\/DONAZIONE-SANGUE-1536x1026.jpg 1536w, https:\/\/www.radiopiu.net\/wordpress\/wp-content\/uploads\/2020\/09\/DONAZIONE-SANGUE-640x427.jpg 640w, https:\/\/www.radiopiu.net\/wordpress\/wp-content\/uploads\/2020\/09\/DONAZIONE-SANGUE.jpg 1920w\" sizes=\"auto, (max-width: 150px) 100vw, 150px\" \/><\/a>CANALE D&#8217;AGORDO<\/strong><\/p>\n<p>di Gianni Santomaso<\/p>\n<audio class=\"wp-audio-shortcode\" id=\"audio-322353-9\" preload=\"none\" style=\"width: 100%;\" controls=\"controls\"><source type=\"audio\/mpeg\" src=\"https:\/\/www.radiopiu.net\/wordpress\/wp-content\/uploads\/2023\/02\/GIANNI-ASSEMBLEA-DEI-DONATORI-DEL-SANGUE-DI-CANALE-DAGORDO.mp3?_=9\" \/><a href=\"https:\/\/www.radiopiu.net\/wordpress\/wp-content\/uploads\/2023\/02\/GIANNI-ASSEMBLEA-DEI-DONATORI-DEL-SANGUE-DI-CANALE-DAGORDO.mp3\">https:\/\/www.radiopiu.net\/wordpress\/wp-content\/uploads\/2023\/02\/GIANNI-ASSEMBLEA-DEI-DONATORI-DEL-SANGUE-DI-CANALE-DAGORDO.mp3<\/a><\/audio>\n<p>&nbsp;<\/p>\n<hr \/>\n<p>&nbsp;<\/p>\n<blockquote>\n<h3>SONO SEI I PUNTI DA DISCUTERE NEL CONSIGLIO COMUNALE DI AGORDO<\/h3>\n<\/blockquote>\n<p><strong>AGORDO<\/strong> Il sindaco di Agordo Roberto Chissal\u00e8 ha convocato il consiglio comunale per mercoled\u00ec alle 8. Sono sei i punti all&#8217;ordine del giorno. Si parler\u00e0 delle imposte IMU e IRPEF, del documento unico di programmazione 2023-2025, il bilancio preventivo e di previsione di ASCA, gli interventi per parcheggi e viabilit\u00e0 a Parech per chiudere con l&#8217;approvazione della convenzione con l&#8217;Unione Montana Agordina del comitato unico di garanzia per le pari opportunit\u00e0.<\/p>\n<p><strong>di Gianni Santomaso<\/strong><\/p>\n<audio class=\"wp-audio-shortcode\" id=\"audio-322353-10\" preload=\"none\" style=\"width: 100%;\" controls=\"controls\"><source type=\"audio\/mpeg\" src=\"https:\/\/www.radiopiu.net\/wordpress\/wp-content\/uploads\/2023\/02\/GIANNI-CONSIGLIO-AGORDO.mp3?_=10\" \/><a href=\"https:\/\/www.radiopiu.net\/wordpress\/wp-content\/uploads\/2023\/02\/GIANNI-CONSIGLIO-AGORDO.mp3\">https:\/\/www.radiopiu.net\/wordpress\/wp-content\/uploads\/2023\/02\/GIANNI-CONSIGLIO-AGORDO.mp3<\/a><\/audio>\n<p>&nbsp;<\/p>\n<hr \/>\n<p>&nbsp;<\/p>\n<blockquote>\n<h3>IL DUP IN CONSIGLIO COMUNALE<\/h3>\n<\/blockquote>\n<p><strong>SELVA DI CADORE<\/strong> Il sindaco Luca Lorenzini ha convocato il consiglio comunale per le 18 di venerdi 24 febbraio. All&#8217;ordine del giorno l&#8217;imposta Imu (aliquote 2023), la verifica delle aree da destinarsi a residenza; approvazione del Dup e delle convenzione con l&#8217;Unione Montana sulle pari opportunit\u00e0<\/p>\n<p>&nbsp;<\/p>\n<hr \/>\n<p>&nbsp;<\/p>\n<blockquote>\n<h3>LAVORI IN CORSO PER L&#8217;AMPIAMENTO DEL MUSEO LADINO FODOM<\/h3>\n<\/blockquote>\n<p><strong><img loading=\"lazy\" decoding=\"async\" class=\"alignleft\" src=\"https:\/\/www.radiopiu.net\/wordpress\/wp-content\/uploads\/2023\/02\/visita-museo-ladino-fodom-alunni-scuole-medie.jpg\" width=\"197\" height=\"148\" \/>LIVINALLONGO<\/strong><\/p>\n<p>di Lorenzo Soratroi<\/p>\n<audio class=\"wp-audio-shortcode\" id=\"audio-322353-11\" preload=\"none\" style=\"width: 100%;\" controls=\"controls\"><source type=\"audio\/mpeg\" src=\"https:\/\/www.radiopiu.net\/wordpress\/wp-content\/uploads\/2023\/02\/SORATROI-MUSEO-LADINO-FODOM.mp3?_=11\" \/><a href=\"https:\/\/www.radiopiu.net\/wordpress\/wp-content\/uploads\/2023\/02\/SORATROI-MUSEO-LADINO-FODOM.mp3\">https:\/\/www.radiopiu.net\/wordpress\/wp-content\/uploads\/2023\/02\/SORATROI-MUSEO-LADINO-FODOM.mp3<\/a><\/audio>\n<p>&nbsp;<\/p>\n<p>&nbsp;<\/p>\n<p>&nbsp;<\/p>\n<hr \/>\n<p>&nbsp;<\/p>\n<p>&nbsp;<\/p>\n<blockquote>\n<h3>AI LICEO IL PROGETTO CON L&#8217;UNIVERSITA&#8217; DI PADOVA<\/h3>\n<\/blockquote>\n<p><strong>BELLUNO<\/strong> <span style=\"font-size: medium; color: #000000; font-family: serif;\">Si \u00e8 concluso il progetto \u201cPCTO di Traduzione \u2013 Lingua inglese\u201d, organizzato in collaborazione con il Dipartimento di Studi linguistici e letterari dell&#8217;Universit\u00e0 di Padova. Al progetto hanno partecipato 15 studenti e studentesse delle classi quarte e quinte dell&#8217;Istituto \u201cLicei Galilei-Tiziano\u201d,\u00a0 gli studenti hanno avuto modo non solo di acquisire tecniche di base e strategie metodologiche ma, anche e soprattutto, di riflettere sul senso del tradurre. I vari gruppi di lavoro si sono concentrati sull\u2019analisi, traduzione e revisione di un testo autentico.\u00a0 G<\/span><span style=\"font-family: serif;\"><span style=\"font-size: medium;\">li studenti e le studentesse che lo desiderano, potranno applicare le competenze acquisite nel progetto partecipando al concorso di traduzione<\/span><\/span><span style=\"font-family: serif;\"><span style=\"font-size: medium;\">, <\/span><\/span><span style=\"font-family: serif;\"><span style=\"font-size: medium;\">bandito<\/span><\/span> <span style=\"font-family: serif;\"><span style=\"font-size: medium;\">annualmente<\/span><\/span> <span style=\"font-family: serif;\"><span style=\"font-size: medium;\">daII&#8217;lstituto di Mediazione Linguistica <\/span><\/span><span style=\"font-family: serif;\"><span style=\"font-size: medium;\">San Pellegrino.<\/span><\/span><\/p>\n<p>&nbsp;<\/p>\n<p>&nbsp;<\/p>\n<hr \/>\n<p>&nbsp;<\/p>\n<h3>ANNULLATO L&#8217;APPUNTAMENTO CON GENITORI SEMPRE<\/h3>\n<p><em><img loading=\"lazy\" decoding=\"async\" class=\"alignleft\" src=\"https:\/\/www.radiopiu.net\/wordpress\/wp-content\/uploads\/2023\/02\/309548747_417626067157170_3844904034761283944_n-300x300.jpg\" width=\"176\" height=\"176\" \/>GENITORI SEMPRE INFORMA CHE LA SERATA CON GIORGIA BENUSIGLIO IN PROGRAMMA OGGI IN SALA DON TAMIS E&#8217; STATA ANNULLATA. GENITORI SEMPRE SI SCUSA PER IL DISAGIO CON GLI AUGURI DI PRONTA GUARIGIONE A GIORGIA<\/em><\/p>\n<p><strong>L&#8217;INTERVISTA ALLA RADIO CON SILVANO BRANCALEONE E IVA MANFROI<\/strong><\/p>\n<audio class=\"wp-audio-shortcode\" id=\"audio-322353-12\" preload=\"none\" style=\"width: 100%;\" controls=\"controls\"><source type=\"audio\/mpeg\" src=\"https:\/\/www.radiopiu.net\/wordpress\/wp-content\/uploads\/2023\/02\/IVA-MANFROI.mp3?_=12\" \/><a href=\"https:\/\/www.radiopiu.net\/wordpress\/wp-content\/uploads\/2023\/02\/IVA-MANFROI.mp3\">https:\/\/www.radiopiu.net\/wordpress\/wp-content\/uploads\/2023\/02\/IVA-MANFROI.mp3<\/a><\/audio>\n<p>&nbsp;<\/p>\n<p>&nbsp;<\/p>\n<p>&nbsp;<\/p>\n<hr \/>\n<p>&nbsp;<\/p>\n<blockquote>\n<h3>IL CARNEVALE CASTIONESE AUDIO<\/h3>\n<\/blockquote>\n<p><a class=\"dt-pswp-item\" href=\"https:\/\/www.radiopiu.net\/wordpress\/wp-content\/uploads\/2023\/02\/Senza-nome-16.jpg\" data-dt-img-description=\"\" data-large_image_width=\"662\" data-large_image_height=\"307\"><img loading=\"lazy\" decoding=\"async\" class=\" wp-image-320744 alignleft\" src=\"https:\/\/www.radiopiu.net\/wordpress\/wp-content\/uploads\/2023\/02\/Senza-nome-16-300x139.jpg\" alt=\"\" width=\"270\" height=\"125\" srcset=\"https:\/\/www.radiopiu.net\/wordpress\/wp-content\/uploads\/2023\/02\/Senza-nome-16-300x139.jpg 300w, https:\/\/www.radiopiu.net\/wordpress\/wp-content\/uploads\/2023\/02\/Senza-nome-16.jpg 662w\" sizes=\"auto, (max-width: 270px) 100vw, 270px\" \/><\/a>MASCHERE&#8230;MASCHERINE&#8230;CORIANDOLI E STELLE FILANTI&#8230;IL CARNEVALE<br \/>\nCASTIONESE PORTA&#8230;LA GIOIA!<br \/>\nTRE APPPUNTAMENTI CON LA PROLOCO E ASSOCIAZIONI LOCALI, PATROCINIO DELLA<br \/>\nPROVINCIA<br \/>\nsabato 18 febbraio alle 20.45 al teatro San Gaetano &#8220;Carnevale a Teatro&#8221;<br \/>\ndomenica 19 febbraio alle 11.30 sfilano le mascherine, dalle 14 in pian<br \/>\ndelle feste i carri mascherati<br \/>\nLunedi 20 febbraio alle 20.30 nella palestra delle scuole medie il gran<br \/>\nfinale con la tombola di carnevale.<br \/>\ninfo 345 8238880<\/p>\n<audio class=\"wp-audio-shortcode\" id=\"audio-322353-13\" preload=\"none\" style=\"width: 100%;\" controls=\"controls\"><source type=\"audio\/mpeg\" src=\"https:\/\/www.radiopiu.net\/wordpress\/wp-content\/uploads\/2023\/02\/carnevale-castionese-c.mp3?_=13\" \/><a href=\"https:\/\/www.radiopiu.net\/wordpress\/wp-content\/uploads\/2023\/02\/carnevale-castionese-c.mp3\">https:\/\/www.radiopiu.net\/wordpress\/wp-content\/uploads\/2023\/02\/carnevale-castionese-c.mp3<\/a><\/audio>\n<p>&nbsp;<\/p>\n<hr \/>\n<p>&nbsp;<\/p>\n<p>&nbsp;<\/p>\n<blockquote>\n<h3><a class=\"dt-pswp-item\" href=\"https:\/\/www.radiopiu.net\/wordpress\/wp-content\/uploads\/2023\/02\/2020.jpg\" data-dt-img-description=\"\" data-large_image_width=\"1600\" data-large_image_height=\"1200\"><img loading=\"lazy\" decoding=\"async\" class=\"wp-image-322064 alignleft\" src=\"https:\/\/www.radiopiu.net\/wordpress\/wp-content\/uploads\/2023\/02\/2020-300x225.jpg\" alt=\"\" width=\"183\" height=\"137\" srcset=\"https:\/\/www.radiopiu.net\/wordpress\/wp-content\/uploads\/2023\/02\/2020-300x225.jpg 300w, https:\/\/www.radiopiu.net\/wordpress\/wp-content\/uploads\/2023\/02\/2020-1024x768.jpg 1024w, https:\/\/www.radiopiu.net\/wordpress\/wp-content\/uploads\/2023\/02\/2020-768x576.jpg 768w, https:\/\/www.radiopiu.net\/wordpress\/wp-content\/uploads\/2023\/02\/2020-1536x1152.jpg 1536w, https:\/\/www.radiopiu.net\/wordpress\/wp-content\/uploads\/2023\/02\/2020.jpg 1600w\" sizes=\"auto, (max-width: 183px) 100vw, 183px\" \/><\/a>DOMANI CARNEVALE A MEANO<\/h3>\n<\/blockquote>\n<p><span id=\"page16R_mcid0\" class=\"markedContent\"><strong><span dir=\"ltr\" role=\"presentation\">MEANO <\/span><\/strong><span dir=\"ltr\" role=\"presentation\">Festa di Carnevale al Parc<\/span><span dir=\"ltr\" role=\"presentation\">o<\/span> <span dir=\"ltr\" role=\"presentation\">Ciclamino <\/span><span dir=\"ltr\" role=\"presentation\">domani dalle 14.30<\/span><span dir=\"ltr\" role=\"presentation\">. <\/span><span dir=\"ltr\" role=\"presentation\">Erik &amp; Cirillo animeranno il pomeriggio <\/span><span dir=\"ltr\" role=\"presentation\">presentando le mascherine che prenderanno parte alla <\/span><span dir=\"ltr\" role=\"presentation\">sfilata <\/span><span dir=\"ltr\" role=\"presentation\">aperta a tutti con premi al pi\u00f9 giovane, al pi\u00f9 &#8220;maturo&#8221;, ai gruppi pi\u00f9 numerosi e alla maschera pi\u00f9 simpatica. <\/span><span dir=\"ltr\" role=\"presentation\">I<\/span><span dir=\"ltr\" role=\"presentation\">l<\/span> <span dir=\"ltr\" role=\"presentation\">Gruppo <\/span><span dir=\"ltr\" role=\"presentation\">Genitori di Me<\/span><span dir=\"ltr\" role=\"presentation\">a<\/span><span dir=\"ltr\" role=\"presentation\">no raccoglier\u00e0 i\u00a0 fondi per sostenere le attivit\u00e0 delle scuole della Frazione.<\/span><\/span><\/p>\n<p>&nbsp;<\/p>\n<hr \/>\n<p>&nbsp;<\/p>\n<blockquote>\n<h3>SABATO IL CARNEVALE CON AD AGORDO PROLOCO<\/h3>\n<\/blockquote>\n<p><strong><img loading=\"lazy\" decoding=\"async\" class=\"alignleft\" src=\"https:\/\/www.radiopiu.net\/wordpress\/wp-content\/uploads\/2023\/02\/735f16b6-a0da-4bf7-be7f-c1b2956d3467.jpg\" width=\"145\" height=\"205\" \/><\/strong><\/p>\n<p>&nbsp;<\/p>\n<p>&nbsp;<\/p>\n<p>&nbsp;<\/p>\n<p>&nbsp;<\/p>\n<p>&nbsp;<\/p>\n<p>&nbsp;<\/p>\n<p><strong>AUDIO<\/strong><\/p>\n<p><strong>INTERVISTA A DANIELE GALLIGANI, PRESIDENTE AD AGORDO PROLOCO<\/strong><\/p>\n<audio class=\"wp-audio-shortcode\" id=\"audio-322353-14\" preload=\"none\" style=\"width: 100%;\" controls=\"controls\"><source type=\"audio\/mpeg\" src=\"https:\/\/www.radiopiu.net\/wordpress\/wp-content\/uploads\/2023\/02\/DANIELE-GALLIGANI.mp3?_=14\" \/><a href=\"https:\/\/www.radiopiu.net\/wordpress\/wp-content\/uploads\/2023\/02\/DANIELE-GALLIGANI.mp3\">https:\/\/www.radiopiu.net\/wordpress\/wp-content\/uploads\/2023\/02\/DANIELE-GALLIGANI.mp3<\/a><\/audio>\n<p>&nbsp;<\/p>\n<p>&nbsp;<\/p>\n<p>&nbsp;<\/p>\n<hr \/>\n<p>&nbsp;<\/p>\n<blockquote>\n<h3>LA ZINGHENESTA A CANALE D&#8217;AGORDO<\/h3>\n<\/blockquote>\n<p><strong>CANALE D&#8217;AGORDO<\/strong> Domenica 19 febbraio torna La Zinghenesta a Canale D&#8217;Agordo, il carnevale della Valle del Biois. L&#8217;evento inizier\u00e0 con la consueta sfilata del corteo mascherato in partenza da Falcade per poi arrivare verso le 12.00 a Canale d&#8217;Agordo. Alle 15.00 inizio della sfilata per le vie del paese, arrivo in piazza e premiazione della maschera pi\u00f9 bella; Alle 16.30 processo al Carnevale. Sculture in legno, divertimento e dolci per grandi e piccini accompagneranno questa edizione<\/p>\n<p>&nbsp;<\/p>\n<p>&nbsp;<\/p>\n<hr \/>\n<p>&nbsp;<\/p>\n<blockquote>\n<h3><strong><a class=\"dt-pswp-item\" href=\"https:\/\/www.radiopiu.net\/wordpress\/wp-content\/uploads\/2023\/02\/Senza-nome-6.jpg\" data-dt-img-description=\"\" data-large_image_width=\"242\" data-large_image_height=\"189\"><img loading=\"lazy\" decoding=\"async\" class=\"wp-image-320153 alignleft\" src=\"https:\/\/www.radiopiu.net\/wordpress\/wp-content\/uploads\/2023\/02\/Senza-nome-6.jpg\" alt=\"\" width=\"103\" height=\"80\" \/><\/a><\/strong>CARNEVALE CON LA PROLOCO DI SAN TOMASO<\/h3>\n<\/blockquote>\n<p><strong>SAN TOMASO<\/strong> Carnevale con la proloco di San Tomaso, domenica I racconti di Paolo Soppelsa alle 17 in sala a Celat.<\/p>\n<p>&nbsp;<\/p>\n<p>&nbsp;<\/p>\n<hr \/>\n<p>&nbsp;<\/p>\n<blockquote>\n<h3>EL CARNEVAL DEI BOCE A TAIBON<\/h3>\n<\/blockquote>\n<p><strong>TAIBON<\/strong> Pro Loco e Comune di Taibon organizzano El Carneval Dei Boce domenica 19 febbraio. Ritrovo in piazza alle 14, sfilata alla casa di riposo e festa all&#8217;ex municipio dalle 16.<\/p>\n<p>&nbsp;<\/p>\n<hr \/>\n<p>&nbsp;<\/p>\n<blockquote>\n<h2>CARNEVALE A CAVIOLA<\/h2>\n<\/blockquote>\n<p><strong>DI GIANNI SANTOMASO<\/strong><\/p>\n<audio class=\"wp-audio-shortcode\" id=\"audio-322353-15\" preload=\"none\" style=\"width: 100%;\" controls=\"controls\"><source type=\"audio\/mpeg\" src=\"https:\/\/www.radiopiu.net\/wordpress\/wp-content\/uploads\/2023\/02\/MARTEDI-A-CAVIOLA.mp3?_=15\" \/><a href=\"https:\/\/www.radiopiu.net\/wordpress\/wp-content\/uploads\/2023\/02\/MARTEDI-A-CAVIOLA.mp3\">https:\/\/www.radiopiu.net\/wordpress\/wp-content\/uploads\/2023\/02\/MARTEDI-A-CAVIOLA.mp3<\/a><\/audio>\n<p>&nbsp;<\/p>\n<p>&nbsp;<\/p>\n<hr \/>\n<p>&nbsp;<\/p>\n<blockquote>\n<h3><span dir=\"ltr\" role=\"presentation\"><img loading=\"lazy\" decoding=\"async\" class=\"alignleft\" src=\"https:\/\/www.radiopiu.net\/wordpress\/wp-content\/uploads\/2023\/02\/COPERTA-1.jpg\" width=\"277\" height=\"153\" \/><\/span>SABATO IN VAL DI ZOLDO, NEVE ROSA GIRO D&#8217;ITALIA<\/h3>\n<\/blockquote>\n<blockquote><p><span style=\"color: #ff99cc;\"><strong>CIASPOLATA IN ROSA, IN ATTESA DEL GIRO D&#8217;ITALIA. APPUNTAMENTO&#8230;PER TUTTI!<\/strong><\/span><\/p><\/blockquote>\n<p><strong>parliamone, con il Sindaco, Camillo De Pellegrin<\/strong><\/p>\n<audio class=\"wp-audio-shortcode\" id=\"audio-322353-16\" preload=\"none\" style=\"width: 100%;\" controls=\"controls\"><source type=\"audio\/mpeg\" src=\"https:\/\/www.radiopiu.net\/wordpress\/wp-content\/uploads\/2023\/02\/CAMILLO-CAMILLO-ROSA.mp3?_=16\" \/><a href=\"https:\/\/www.radiopiu.net\/wordpress\/wp-content\/uploads\/2023\/02\/CAMILLO-CAMILLO-ROSA.mp3\">https:\/\/www.radiopiu.net\/wordpress\/wp-content\/uploads\/2023\/02\/CAMILLO-CAMILLO-ROSA.mp3<\/a><\/audio>\n<p>&nbsp;<\/p>\n<p>&nbsp;<\/p>\n<p>&nbsp;<\/p>\n<hr \/>\n<p>&nbsp;<\/p>\n<blockquote>\n<h3>IL RITORNO DEL LUPO, PROSEGUONO GLI INCONTRI<\/h3>\n<\/blockquote>\n<p><strong>LAMON <\/strong><span style=\"font-family: Tahoma, Verdana;\">&#8220;Il ritorno del lupo: conoscere di pi\u00f9 per convivere meglio&#8221;: \u00e8 il titolo della serata pubblica organizzata dal Comune di Lamon e dal Parco Nazionale Dolomiti Bellunesi. L&#8217;appuntamento \u00e8 per mercoled\u00ec 22 febbraio, alle ore 20:30, presso la sala teatro del centro AMO di Lamon. Relazioni di\u00a0 <\/span><span style=\"font-family: Tahoma, Verdana;\">Enrico Vettorazzo, tecnico del Parco Nazionale Dolomiti Bellunesi, e del fotografo naturalista Ivan Mazzon\u00a0<\/span><\/p>\n<p>&nbsp;<\/p>\n<p>&nbsp;<\/p>\n<hr \/>\n<p>&nbsp;<\/p>\n<blockquote>\n<h3>BENEFICA CENA AL BUIO<\/h3>\n<\/blockquote>\n<p><strong>AGORDO<\/strong> L&#8217;Unione Italiana dei Ciechi e degli Ipovedenti di Belluno\u00a0 organizza per\u00a0 sabato 25 febbraio, alle 20, al centro parrocchiale Vincenzo Savio la cena al buio. Il costo dell&#8217;evento \u00e8 di \u20ac 40 a persona. Parte del ricavato verr\u00e0 impiegata per finanziare l&#8217;acquisto di un nuovo pulmino per il trasporto delle persone con disabilit\u00e0 visiva della provincia di Belluno a opera dei volontari U.N.I.Vo.C. Le iscrizioni sono aperte fino al 20 febbraio (ma verranno chiuse prima in caso di esaurimento dei posti disponibili). Info 0437 943413<\/p>\n<p>&nbsp;<\/p>\n<p>&nbsp;<\/p>\n<hr \/>\n<p>&nbsp;<\/p>\n<blockquote>\n<h3>SAN VALENTINO A LIMANA<\/h3>\n<\/blockquote>\n<p><strong>LIMANA<\/strong> in occasione di San Valentino domani spettacolo &#8220;Il musicista innamorato, cronologia di un play boy&#8221; di e con Claudio Colombo, con Lino Brotto alla chitarra e Filippo Tantino al contrabbasso.<\/p>\n<p>&nbsp;<\/p>\n<p>&nbsp;<\/p>\n<hr \/>\n<p>&nbsp;<\/p>\n<blockquote>\n<h3>GITA DI CLASSE, 1963<\/h3>\n<\/blockquote>\n<p><strong>REDAZIONE<\/strong> I coscritti del 1963 il 1 aprile si ritroveranno in gita, al Castello di Spessa e San Daniele. Partenza in pullman da Agordo alle 8.30, rientro in serata. Prenotazione e saldo (130euro) entro il 5 marzo. Info 348 0326080 -Giornale e Caffe&#8217;, Taibon.<\/p>\n<p>&nbsp;<\/p>\n<p>&nbsp;<\/p>\n<hr \/>\n<p>&nbsp;<\/p>\n<blockquote>\n<h3><a class=\"dt-pswp-item\" href=\"https:\/\/www.radiopiu.net\/wordpress\/wp-content\/uploads\/2023\/02\/copertila-lea-luzzatto-2-definitiva.jpg\" data-dt-img-description=\"\" data-large_image_width=\"583\" data-large_image_height=\"806\"><img loading=\"lazy\" decoding=\"async\" class=\"wp-image-322089 alignleft\" src=\"https:\/\/www.radiopiu.net\/wordpress\/wp-content\/uploads\/2023\/02\/copertila-lea-luzzatto-2-definitiva-217x300.jpg\" alt=\"\" width=\"109\" height=\"151\" srcset=\"https:\/\/www.radiopiu.net\/wordpress\/wp-content\/uploads\/2023\/02\/copertila-lea-luzzatto-2-definitiva-217x300.jpg 217w, https:\/\/www.radiopiu.net\/wordpress\/wp-content\/uploads\/2023\/02\/copertila-lea-luzzatto-2-definitiva.jpg 583w\" sizes=\"auto, (max-width: 109px) 100vw, 109px\" \/><\/a>LA PRESENTAZIONE DEL NUOVO LIBRO DI ROBERTO DE NART<\/h3>\n<\/blockquote>\n<p><strong>BELLUNO <\/strong>Sabato 25 febbraio alle 18 alla Libreria Tarantola di Belluno, in via Psaro 13\/A, si terr\u00e0 la presentazione del libro \u201cL\u2019inquietante morte di Lea Luzzatto\u201d di Roberto De Nart. Conduce l\u2019incontro Anna Polifroni, avvocato del Foro di Belluno. Lea Luzzatto \u00e8 una giovane professoressa bellunese di 23 anni che viene trovata esanime in casa, riversa in una pozza di sangue con il cranio fracassato nella gelida notte del 17 dicembre 1946. Il suo corpo giace in fondo alle scale della villetta di famiglia in via Feltre n.1 dove abita con la madre e il fratello. Il fatto fa molto scalpore in citt\u00e0, perch\u00e9 coinvolge una nota famiglia della borghesia bellunese. Morte accidentale o delitto? La triste vicenda \u00e8 ricostruita dall\u2019autore attraverso gli atti processuali conservati all\u2019Archivio di Stato di Venezia e gli articoli di giornale dell\u2019epoca.<\/p>\n<p>&nbsp;<\/p>\n<p>&nbsp;<\/p>\n<hr \/>\n<p>&nbsp;<\/p>\n<blockquote>\n<h3>LA BENEDIZIONE DELLE CASE A SAN TOMASO<\/h3>\n<\/blockquote>\n<p><strong>SAN TOMASO<\/strong> Il parroco di San Tomaso Don Luigi Canal comunica che a partire da mercoled\u00ec 22 febbraio inizier\u00e0 la benedizione delle case. Questi gli appuntamenti: 22 febbraio Celat, 23 febbraio Canacede, Ronch e Custoia, 24 febbraio Pianezze, Vallata, Valle, Val, Pian e Pian Molin. 27 febbraio Piaia, Pecol, Mezza Costa, 28 febbraio Roi, Colar\u00f9, Costa, 1 marzo Sot Colar\u00f9 e Avoscan.<\/p>\n<p>&nbsp;<\/p>\n<p>&nbsp;<\/p>\n<hr \/>\n<p>&nbsp;<\/p>\n<blockquote>\n<h3>I GRAVI DANNI DI VAIA (2018) SULLE STRADE PROVINCIALI VAL DI ZOLDO-VAL CELLINA E DEI PASSI CEREDA E DURAN<\/h3>\n<\/blockquote>\n<p><strong>di Renato Bona<\/strong><\/p>\n<p>Un documento straordinario. Ci riferiamo al libro intitolato \u201cTempesta Vaia. Cronaca di una tragedia\u201d (quella che dal 28 al 30 ottobre 2018 ha colpito l\u2019Italia settentrionale; una delle pi\u00f9 gravi e pesanti calamit\u00e0 naturali degli ultimi cento anni : la Tempesta Vaia che si \u00e8 abbattuta anche sulle montagne e le vallate del Triveneto &#8211; ndr.), che Regione e Veneto Strade hanno realizzato (stampa della trevigiana Artegrafica srl di Casale sul Sile, progetto grafico e impaginazione di Giulia Frezzato per Giulia Fotostudio) sul finire dello scorso anno a cura di Federica Broglio, che si \u00e8 avvalsa della collaborazione dell\u2019Ufficio stampa di Veneto strade. Una pubblicazione &#8211; si legge nell\u2019introduzione \u2013 che \u201cVuole mostrare solo una parte dell\u2019immane opera di rinascita, quella che ha assorbito e assorbir\u00e0 ancora la maggior parte dei fondi, oltre 45 milioni di euro, destinati al ripristino della rete stradale e all\u2019adeguamento delle infrastrutture, coinvolgendo Veneto Strade spa, gi\u00e0 protagonista di una mole di opere e cantieri senza precedenti\u201d. Non &#8211; si sottolinea &#8211; per una forma di autocelebrazione, ma per lasciare una testimonianza di come realmente si possa fare squadra tra politica, istituzioni, enti, maestranze, popolazione. Tutti soggetti che nel momento del bisogno hanno saputo valorizzare il senso di appartenenza al territorio dove erano radicati, per salvaguardare l\u2019ambiente e il benessere, facendone una missione unica per tutti\u201d. Nei precedenti servizi abbiamo ricordato l\u2019allarme meteo del 28 ottobre 2018, la paura crescente, l\u2019attivazione urgente di volontari per i soccorsi, il lavoro di Veneto Strade e l\u2019efficienza del sistema organizzativo ed operativo, situazioni di emergenza, l\u2019avvio di lavori di somma urgenza. Oggi proseguiamo proprio su quest\u2019ultimo, soffermandoci sulla strada provinciale 251 \u201cdella Val di Zoldo e Val Cellina\u201d e sulla provinciale 347 \u201cdel Passo Cereda e Passo Duran\u201d per il tratto Forno di Zoldo-Venas di Cadore. Quanto alla prima, nel libro si legge che \u201cLungo la viabilit\u00e0 della Sp 251 si sono verificati numerose frane e smottamenti, caduta di alberi e allagamenti dovuti all\u2019intasamento di tombotti ed attraversamenti stradali che hanno interessato in pi\u00f9 punti l\u2019arteria stradale, a seguito dei quali si sono resi necessari interventi di rimozione del materiale presente sul piano viabile e di pulizia dei tombotti\u201d. Realizzato inoltre un intervento di pulizia e disgaggio della parete rocciosa a monte della strada, alla progressiva km 133+900 interessata da un crollo. Acquistati transenne e new-jersey in calcestruzzo per assicurare il ripristino sia pure provvisorio delle protezioni laterali danneggiate. Ancora: all\u2019altezza del km 136+500 si \u00e8 innescato un fenomeno franoso che ha causato una profonda erosione della scarpata a valle della strada, che ha interessato gran parte della corsia per cui \u00e8 stato assicurato l\u2019immediato intervento di personale e mezzi di Veneto Strade con istituzione di un senso unico alternato prima e quindi lo spostamento a monte della corsia di transito. Sono seguiti interventi per stabilizzare il piede della scarpata riducendo cos\u00ec il rischio e garantendo la percorribilit\u00e0 a doppio senso di marcia. Ed eccoci al tratto Forno di Zoldo-Venas di Cadore della provinciale 347, che \u00e8 stato pure interessato da frane, smottamenti, schianti di piante che hanno invaso la carreggiata imponendo la chiusura del tratto Fornesighe-Cibiana. Si \u00e8 intervenuti per la rimozione del materiale detritico depositatosi lungo la strada e nei tratti adiacenti a monte e a valle della carreggiata al fine di stabilizzare il materiale; analoghi interventi per la rimozione delle piante schiantate che rendevano la tratta non percorribile. Effettuate anche indagini geognostiche per controllare la stabilit\u00e0 del pendio tra il km 71+850 e il 70+100 nel Comune di Cibiana di Cadore.<\/p>\n\n\t\t\t<style type='text\/css'>\n\t\t\t\t#gallery-3 {\n\t\t\t\t\tmargin: auto;\n\t\t\t\t}\n\t\t\t\t#gallery-3 .gallery-item {\n\t\t\t\t\tfloat: left;\n\t\t\t\t\tmargin-top: 10px;\n\t\t\t\t\ttext-align: center;\n\t\t\t\t\twidth: 12%;\n\t\t\t\t}\n\t\t\t\t#gallery-3 img {\n\t\t\t\t\tborder: 2px solid #cfcfcf;\n\t\t\t\t}\n\t\t\t\t#gallery-3 .gallery-caption {\n\t\t\t\t\tmargin-left: 0;\n\t\t\t\t}\n\t\t\t\t\/* see gallery_shortcode() in wp-includes\/media.php *\/\n\t\t\t<\/style>\n\t\t<div id='gallery-3' class='dt-gallery-container gallery galleryid-322353 gallery-columns-8 gallery-size-thumbnail'><dl class='gallery-item'>\n\t\t\t\t<dt class='gallery-icon landscape'>\n\t\t\t\t\t<a class=\"rollover rollover-zoom dt-pswp-item\" title=\"326757006_881417756480256_3950288415325923725_n\" data-dt-img-description=\"\" data-large_image_width=\"897\" data-large_image_height=\"403\"href='https:\/\/www.radiopiu.net\/wordpress\/wp-content\/uploads\/2023\/02\/326757006_881417756480256_3950288415325923725_n.jpg'><img loading=\"lazy\" decoding=\"async\" width=\"150\" height=\"150\" src=\"https:\/\/www.radiopiu.net\/wordpress\/wp-content\/uploads\/2023\/02\/326757006_881417756480256_3950288415325923725_n-150x150.jpg\" class=\"attachment-thumbnail size-thumbnail\" alt=\"\" \/><\/a>\n\t\t\t\t<\/dt><\/dl><dl class='gallery-item'>\n\t\t\t\t<dt class='gallery-icon landscape'>\n\t\t\t\t\t<a class=\"rollover rollover-zoom dt-pswp-item\" title=\"328603594_1190420161602042_2875074902377664989_n\" data-dt-img-description=\"\" data-large_image_width=\"548\" data-large_image_height=\"403\"href='https:\/\/www.radiopiu.net\/wordpress\/wp-content\/uploads\/2023\/02\/328603594_1190420161602042_2875074902377664989_n.jpg'><img loading=\"lazy\" decoding=\"async\" width=\"150\" height=\"150\" src=\"https:\/\/www.radiopiu.net\/wordpress\/wp-content\/uploads\/2023\/02\/328603594_1190420161602042_2875074902377664989_n-150x150.jpg\" class=\"attachment-thumbnail size-thumbnail\" alt=\"\" \/><\/a>\n\t\t\t\t<\/dt><\/dl><dl class='gallery-item'>\n\t\t\t\t<dt class='gallery-icon landscape'>\n\t\t\t\t\t<a class=\"rollover rollover-zoom dt-pswp-item\" title=\"327153544_928578575173285_6297998266298703626_n\" data-dt-img-description=\"\" data-large_image_width=\"548\" data-large_image_height=\"403\"href='https:\/\/www.radiopiu.net\/wordpress\/wp-content\/uploads\/2023\/02\/327153544_928578575173285_6297998266298703626_n.jpg'><img loading=\"lazy\" decoding=\"async\" width=\"150\" height=\"150\" src=\"https:\/\/www.radiopiu.net\/wordpress\/wp-content\/uploads\/2023\/02\/327153544_928578575173285_6297998266298703626_n-150x150.jpg\" class=\"attachment-thumbnail size-thumbnail\" alt=\"\" \/><\/a>\n\t\t\t\t<\/dt><\/dl><dl class='gallery-item'>\n\t\t\t\t<dt class='gallery-icon landscape'>\n\t\t\t\t\t<a class=\"rollover rollover-zoom dt-pswp-item\" title=\"327166867_513781860872759_1509389053114646741_n\" data-dt-img-description=\"\" data-large_image_width=\"1071\" data-large_image_height=\"403\"href='https:\/\/www.radiopiu.net\/wordpress\/wp-content\/uploads\/2023\/02\/327166867_513781860872759_1509389053114646741_n.jpg'><img loading=\"lazy\" decoding=\"async\" width=\"150\" height=\"150\" src=\"https:\/\/www.radiopiu.net\/wordpress\/wp-content\/uploads\/2023\/02\/327166867_513781860872759_1509389053114646741_n-150x150.jpg\" class=\"attachment-thumbnail size-thumbnail\" alt=\"\" \/><\/a>\n\t\t\t\t<\/dt><\/dl><dl class='gallery-item'>\n\t\t\t\t<dt class='gallery-icon landscape'>\n\t\t\t\t\t<a class=\"rollover rollover-zoom dt-pswp-item\" title=\"326856198_2405692879593707_8325741921403469670_n\" data-dt-img-description=\"\" data-large_image_width=\"1157\" data-large_image_height=\"403\"href='https:\/\/www.radiopiu.net\/wordpress\/wp-content\/uploads\/2023\/02\/326856198_2405692879593707_8325741921403469670_n.jpg'><img loading=\"lazy\" decoding=\"async\" width=\"150\" height=\"150\" src=\"https:\/\/www.radiopiu.net\/wordpress\/wp-content\/uploads\/2023\/02\/326856198_2405692879593707_8325741921403469670_n-150x150.jpg\" class=\"attachment-thumbnail size-thumbnail\" alt=\"\" \/><\/a>\n\t\t\t\t<\/dt><\/dl><dl class='gallery-item'>\n\t\t\t\t<dt class='gallery-icon landscape'>\n\t\t\t\t\t<a class=\"rollover rollover-zoom dt-pswp-item\" title=\"327003899_1164955667532270_8833172050608478131_n\" data-dt-img-description=\"\" data-large_image_width=\"523\" data-large_image_height=\"403\"href='https:\/\/www.radiopiu.net\/wordpress\/wp-content\/uploads\/2023\/02\/327003899_1164955667532270_8833172050608478131_n.jpg'><img loading=\"lazy\" decoding=\"async\" width=\"150\" height=\"150\" src=\"https:\/\/www.radiopiu.net\/wordpress\/wp-content\/uploads\/2023\/02\/327003899_1164955667532270_8833172050608478131_n-150x150.jpg\" class=\"attachment-thumbnail size-thumbnail\" alt=\"\" \/><\/a>\n\t\t\t\t<\/dt><\/dl><dl class='gallery-item'>\n\t\t\t\t<dt class='gallery-icon landscape'>\n\t\t\t\t\t<a class=\"rollover rollover-zoom dt-pswp-item\" title=\"326516857_724089962588570_2322436421605114399_n\" data-dt-img-description=\"\" data-large_image_width=\"860\" data-large_image_height=\"403\"href='https:\/\/www.radiopiu.net\/wordpress\/wp-content\/uploads\/2023\/02\/326516857_724089962588570_2322436421605114399_n.jpg'><img loading=\"lazy\" decoding=\"async\" width=\"150\" height=\"150\" src=\"https:\/\/www.radiopiu.net\/wordpress\/wp-content\/uploads\/2023\/02\/326516857_724089962588570_2322436421605114399_n-150x150.jpg\" class=\"attachment-thumbnail size-thumbnail\" alt=\"\" \/><\/a>\n\t\t\t\t<\/dt><\/dl><dl class='gallery-item'>\n\t\t\t\t<dt class='gallery-icon landscape'>\n\t\t\t\t\t<a class=\"rollover rollover-zoom dt-pswp-item\" title=\"326557183_750006772969129_749423969313674929_n\" data-dt-img-description=\"\" data-large_image_width=\"580\" data-large_image_height=\"403\"href='https:\/\/www.radiopiu.net\/wordpress\/wp-content\/uploads\/2023\/02\/326557183_750006772969129_749423969313674929_n.jpg'><img loading=\"lazy\" decoding=\"async\" width=\"150\" height=\"150\" src=\"https:\/\/www.radiopiu.net\/wordpress\/wp-content\/uploads\/2023\/02\/326557183_750006772969129_749423969313674929_n-150x150.jpg\" class=\"attachment-thumbnail size-thumbnail\" alt=\"\" \/><\/a>\n\t\t\t\t<\/dt><\/dl><br style=\"clear: both\" \/><dl class='gallery-item'>\n\t\t\t\t<dt class='gallery-icon landscape'>\n\t\t\t\t\t<a class=\"rollover rollover-zoom dt-pswp-item\" title=\"326489106_6252804231419237_7392559118820535880_n\" data-dt-img-description=\"\" data-large_image_width=\"615\" data-large_image_height=\"403\"href='https:\/\/www.radiopiu.net\/wordpress\/wp-content\/uploads\/2023\/02\/326489106_6252804231419237_7392559118820535880_n.jpg'><img loading=\"lazy\" decoding=\"async\" width=\"150\" height=\"150\" src=\"https:\/\/www.radiopiu.net\/wordpress\/wp-content\/uploads\/2023\/02\/326489106_6252804231419237_7392559118820535880_n-150x150.jpg\" class=\"attachment-thumbnail size-thumbnail\" alt=\"\" \/><\/a>\n\t\t\t\t<\/dt><\/dl><dl class='gallery-item'>\n\t\t\t\t<dt class='gallery-icon landscape'>\n\t\t\t\t\t<a class=\"rollover rollover-zoom dt-pswp-item\" title=\"327759655_901058067798905_8769437951994364348_n\" data-dt-img-description=\"\" data-large_image_width=\"561\" data-large_image_height=\"403\"href='https:\/\/www.radiopiu.net\/wordpress\/wp-content\/uploads\/2023\/02\/327759655_901058067798905_8769437951994364348_n.jpg'><img loading=\"lazy\" decoding=\"async\" width=\"150\" height=\"150\" src=\"https:\/\/www.radiopiu.net\/wordpress\/wp-content\/uploads\/2023\/02\/327759655_901058067798905_8769437951994364348_n-150x150.jpg\" class=\"attachment-thumbnail size-thumbnail\" alt=\"\" \/><\/a>\n\t\t\t\t<\/dt><\/dl><dl class='gallery-item'>\n\t\t\t\t<dt class='gallery-icon landscape'>\n\t\t\t\t\t<a class=\"rollover rollover-zoom dt-pswp-item\" title=\"327313462_507388621608694_8620586790439255040_n\" data-dt-img-description=\"\" data-large_image_width=\"1001\" data-large_image_height=\"403\"href='https:\/\/www.radiopiu.net\/wordpress\/wp-content\/uploads\/2023\/02\/327313462_507388621608694_8620586790439255040_n.jpg'><img loading=\"lazy\" decoding=\"async\" width=\"150\" height=\"150\" src=\"https:\/\/www.radiopiu.net\/wordpress\/wp-content\/uploads\/2023\/02\/327313462_507388621608694_8620586790439255040_n-150x150.jpg\" class=\"attachment-thumbnail size-thumbnail\" alt=\"\" \/><\/a>\n\t\t\t\t<\/dt><\/dl><dl class='gallery-item'>\n\t\t\t\t<dt class='gallery-icon landscape'>\n\t\t\t\t\t<a class=\"rollover rollover-zoom dt-pswp-item\" title=\"326812972_896344761579915_5303898721567759382_n\" data-dt-img-description=\"\" data-large_image_width=\"575\" data-large_image_height=\"403\"href='https:\/\/www.radiopiu.net\/wordpress\/wp-content\/uploads\/2023\/02\/326812972_896344761579915_5303898721567759382_n.jpg'><img loading=\"lazy\" decoding=\"async\" width=\"150\" height=\"150\" src=\"https:\/\/www.radiopiu.net\/wordpress\/wp-content\/uploads\/2023\/02\/326812972_896344761579915_5303898721567759382_n-150x150.jpg\" class=\"attachment-thumbnail size-thumbnail\" alt=\"\" \/><\/a>\n\t\t\t\t<\/dt><\/dl><dl class='gallery-item'>\n\t\t\t\t<dt class='gallery-icon landscape'>\n\t\t\t\t\t<a class=\"rollover rollover-zoom dt-pswp-item\" title=\"327452439_927740438264365_2657518260209781864_n\" data-dt-img-description=\"\" data-large_image_width=\"584\" data-large_image_height=\"403\"href='https:\/\/www.radiopiu.net\/wordpress\/wp-content\/uploads\/2023\/02\/327452439_927740438264365_2657518260209781864_n.jpg'><img loading=\"lazy\" decoding=\"async\" width=\"150\" height=\"150\" src=\"https:\/\/www.radiopiu.net\/wordpress\/wp-content\/uploads\/2023\/02\/327452439_927740438264365_2657518260209781864_n-150x150.jpg\" class=\"attachment-thumbnail size-thumbnail\" alt=\"\" \/><\/a>\n\t\t\t\t<\/dt><\/dl><dl class='gallery-item'>\n\t\t\t\t<dt class='gallery-icon landscape'>\n\t\t\t\t\t<a class=\"rollover rollover-zoom dt-pswp-item\" title=\"326571127_875322767073957_4136030608353125438_n\" data-dt-img-description=\"\" data-large_image_width=\"574\" data-large_image_height=\"403\"href='https:\/\/www.radiopiu.net\/wordpress\/wp-content\/uploads\/2023\/02\/326571127_875322767073957_4136030608353125438_n.jpg'><img loading=\"lazy\" decoding=\"async\" width=\"150\" height=\"150\" src=\"https:\/\/www.radiopiu.net\/wordpress\/wp-content\/uploads\/2023\/02\/326571127_875322767073957_4136030608353125438_n-150x150.jpg\" class=\"attachment-thumbnail size-thumbnail\" alt=\"\" \/><\/a>\n\t\t\t\t<\/dt><\/dl><dl class='gallery-item'>\n\t\t\t\t<dt class='gallery-icon landscape'>\n\t\t\t\t\t<a class=\"rollover rollover-zoom dt-pswp-item\" title=\"327095851_610968224193894_8753889670394838672_n\" data-dt-img-description=\"\" data-large_image_width=\"600\" data-large_image_height=\"402\"href='https:\/\/www.radiopiu.net\/wordpress\/wp-content\/uploads\/2023\/02\/327095851_610968224193894_8753889670394838672_n.jpg'><img loading=\"lazy\" decoding=\"async\" width=\"150\" height=\"150\" src=\"https:\/\/www.radiopiu.net\/wordpress\/wp-content\/uploads\/2023\/02\/327095851_610968224193894_8753889670394838672_n-150x150.jpg\" class=\"attachment-thumbnail size-thumbnail\" alt=\"\" \/><\/a>\n\t\t\t\t<\/dt><\/dl><dl class='gallery-item'>\n\t\t\t\t<dt class='gallery-icon landscape'>\n\t\t\t\t\t<a class=\"rollover rollover-zoom dt-pswp-item\" title=\"326749400_1075028677215309_8842029686211761457_n\" data-dt-img-description=\"\" data-large_image_width=\"511\" data-large_image_height=\"403\"href='https:\/\/www.radiopiu.net\/wordpress\/wp-content\/uploads\/2023\/02\/326749400_1075028677215309_8842029686211761457_n.jpg'><img loading=\"lazy\" decoding=\"async\" width=\"150\" height=\"150\" src=\"https:\/\/www.radiopiu.net\/wordpress\/wp-content\/uploads\/2023\/02\/326749400_1075028677215309_8842029686211761457_n-150x150.jpg\" class=\"attachment-thumbnail size-thumbnail\" alt=\"\" \/><\/a>\n\t\t\t\t<\/dt><\/dl><br style=\"clear: both\" \/>\n\t\t\t<\/div>\n\n<p>NELLE FOTO (dal libro di Federica Broglio): tratto della provinciale 251 \u201ccolpito\u201d da Vaia; pulizie dell\u2019attraversamento stradale e rimozione di materiale; pulizia e disgaggi alla parete al km 133+900; altri scorci della provinciale; il dissesto della scarpata di valle al km 136+500; la carreggiata al termine dei lavori; sulla provinciale 347 di Passo Cereda e Passo Duran; interventi al km 71+020 e al km 59+850.quindi al km 61+120 e al km 61+800 per l\u2019ostruzione di un tombotto.<\/p>\n<p>&nbsp;<\/p>\n<p>&nbsp;<\/p>\n<hr \/>\n<p>&nbsp;<\/p>\n<blockquote>\n<h3>IL DETTO LAVALLESE NEL GIORNO DI SANTA GIULIANA<\/h3>\n<\/blockquote>\n<p><a class=\"dt-pswp-item\" href=\"https:\/\/www.radiopiu.net\/wordpress\/wp-content\/uploads\/2023\/02\/432c2d83-5a87-47f7-8dce-089ccd91a000.jpg\" data-dt-img-description=\"\" data-large_image_width=\"1600\" data-large_image_height=\"1200\"><img loading=\"lazy\" decoding=\"async\" class=\" wp-image-322430 alignleft\" src=\"https:\/\/www.radiopiu.net\/wordpress\/wp-content\/uploads\/2023\/02\/432c2d83-5a87-47f7-8dce-089ccd91a000-300x225.jpg\" alt=\"\" width=\"164\" height=\"123\" srcset=\"https:\/\/www.radiopiu.net\/wordpress\/wp-content\/uploads\/2023\/02\/432c2d83-5a87-47f7-8dce-089ccd91a000-300x225.jpg 300w, https:\/\/www.radiopiu.net\/wordpress\/wp-content\/uploads\/2023\/02\/432c2d83-5a87-47f7-8dce-089ccd91a000-1024x768.jpg 1024w, https:\/\/www.radiopiu.net\/wordpress\/wp-content\/uploads\/2023\/02\/432c2d83-5a87-47f7-8dce-089ccd91a000-768x576.jpg 768w, https:\/\/www.radiopiu.net\/wordpress\/wp-content\/uploads\/2023\/02\/432c2d83-5a87-47f7-8dce-089ccd91a000-1536x1152.jpg 1536w, https:\/\/www.radiopiu.net\/wordpress\/wp-content\/uploads\/2023\/02\/432c2d83-5a87-47f7-8dce-089ccd91a000.jpg 1600w\" sizes=\"auto, (max-width: 164px) 100vw, 164px\" \/><\/a><strong>di Tiziano De Col<\/strong><\/p>\n<p>Proverbio Lavallese antico: &#8220;El d\u00ec de Santa Duliana el sol el bat in te la campana&#8221;. Il giorno di Santa Giuliana, (16 febbraio) il sole che ,sul sito della vecchia Chiesa distrutta dalla Boa del 1701, fino a quel giorno rimaneva oscurato per tutto il mattino dal Monte Celo, rispuntava verso le 9 del mattino scansando in parte il Monte Celo con un fascio di luce solare ,che non arrivava a terra sul sito della vecchia Chiesa (sembra del 12\u00b0 secolo) , ma data la mascheratura opposta dal Monte Celo, si fermava alla cella campanaria e cos\u00ec per qualche giorno fintanto che arrivava a illuminare di buon mattino, anche a terra le pareti della vecchia Chiesa e del Campanile.<\/p>\n<p>&nbsp;<\/p>\n<p>&nbsp;<\/p>\n<hr \/>\n<p>&nbsp;<\/p>\n<div>\n<div class=\"b654a4as d2edcug0\">\n<div class=\"rq0escxv hkbzh7o3 jwdofwj8 n8tt0mok r8blr3vg hyh9befq\">\n<p><a class=\"dt-pswp-item\" href=\"https:\/\/www.radiopiu.net\/wordpress\/wp-content\/uploads\/2020\/10\/pp.jpg\" data-dt-img-description=\"\" data-large_image_width=\"640\" data-large_image_height=\"640\"><img loading=\"lazy\" decoding=\"async\" class=\"wp-image-163678 alignleft\" src=\"https:\/\/www.radiopiu.net\/wordpress\/wp-content\/uploads\/2020\/10\/pp-300x300.jpg\" alt=\"\" width=\"106\" height=\"106\" srcset=\"https:\/\/www.radiopiu.net\/wordpress\/wp-content\/uploads\/2020\/10\/pp-300x300.jpg 300w, https:\/\/www.radiopiu.net\/wordpress\/wp-content\/uploads\/2020\/10\/pp-150x150.jpg 150w, https:\/\/www.radiopiu.net\/wordpress\/wp-content\/uploads\/2020\/10\/pp-125x125.jpg 125w, https:\/\/www.radiopiu.net\/wordpress\/wp-content\/uploads\/2020\/10\/pp-200x200.jpg 200w, https:\/\/www.radiopiu.net\/wordpress\/wp-content\/uploads\/2020\/10\/pp-80x80.jpg 80w, https:\/\/www.radiopiu.net\/wordpress\/wp-content\/uploads\/2020\/10\/pp-480x480.jpg 480w, https:\/\/www.radiopiu.net\/wordpress\/wp-content\/uploads\/2020\/10\/pp.jpg 640w\" sizes=\"auto, (max-width: 106px) 100vw, 106px\" \/><\/a><\/p>\n<\/div>\n<\/div>\n<\/div>\n<div>\n<div class=\"page-title-head hgroup\">\n<div class=\"page-title-head hgroup\">\n<div class=\"b654a4as d2edcug0\">\n<div class=\"j83agx80 btwxx1t3 lhclo0ds hop8lmos nkwizq5d scwd0bx6 roh60bw9\">\n<div class=\"rq0escxv hkbzh7o3 jwdofwj8 n8tt0mok r8blr3vg hyh9befq\">\n<div class=\"do00u71z l9j0dhe7 k4urcfbm\" style=\"text-align: left;\">\n<h2><span style=\"color: #000080;\">DON CESARE, IL PENSIERO DEL GIORNO. ALLA RADIO ALLE 7 DEL MATTINO E ALLE 19.30 DELLA SERA\u00a0<\/span><\/h2>\n<p>&nbsp;<\/p>\n<p>&nbsp;<\/p>\n<\/div>\n<\/div>\n<\/div>\n<\/div>\n<\/div>\n<\/div>\n<\/div>\n<p>&nbsp;<\/p>\n<hr \/>\n<p>&nbsp;<\/p>\n<h2><strong><a class=\"dt-pswp-item\" href=\"https:\/\/www.radiopiu.net\/wordpress\/wp-content\/uploads\/2022\/03\/LIBERA-MAFIE.png\" data-dt-img-description=\"\" data-large_image_width=\"860\" data-large_image_height=\"756\"><img loading=\"lazy\" decoding=\"async\" class=\" wp-image-267115 alignleft\" src=\"https:\/\/www.radiopiu.net\/wordpress\/wp-content\/uploads\/2022\/03\/LIBERA-MAFIE-300x264.png\" alt=\"\" width=\"168\" height=\"148\" \/><\/a><\/strong><span style=\"color: #ff6600;\">LA RASSEGNA STAMPA DA L&#8217;AMICO DEL POPOLO<\/span><\/h2>\n<p><strong>di Gianni Santomaso<\/strong><\/p>\n<p>OSPITE: Piermario Fop<\/p>\n<audio class=\"wp-audio-shortcode\" id=\"audio-322353-17\" preload=\"none\" style=\"width: 100%;\" controls=\"controls\"><source type=\"audio\/mpeg\" src=\"https:\/\/www.radiopiu.net\/wordpress\/wp-content\/uploads\/2023\/02\/RASSEGNA-GIANNI-1.mp3?_=17\" \/><a href=\"https:\/\/www.radiopiu.net\/wordpress\/wp-content\/uploads\/2023\/02\/RASSEGNA-GIANNI-1.mp3\">https:\/\/www.radiopiu.net\/wordpress\/wp-content\/uploads\/2023\/02\/RASSEGNA-GIANNI-1.mp3<\/a><\/audio>\n<p>&nbsp;<\/p>\n<hr \/>\n<p>&nbsp;<\/p>\n<h2><span style=\"color: #ff00ff;\">IN VIVO VERSO\u00a0\u00a0<\/span><\/h2>\n<blockquote>\n<h3>DA MANE A SERA di TIZIANO SCARPEL<\/h3>\n<\/blockquote>\n<p><strong>AUDIO<\/strong><\/p>\n<audio class=\"wp-audio-shortcode\" id=\"audio-322353-18\" preload=\"none\" style=\"width: 100%;\" controls=\"controls\"><source type=\"audio\/mpeg\" src=\"https:\/\/www.radiopiu.net\/wordpress\/wp-content\/uploads\/2023\/02\/04-TIZIANO-SCARPEL-DA-MANE-A-SERA.mp3?_=18\" \/><a href=\"https:\/\/www.radiopiu.net\/wordpress\/wp-content\/uploads\/2023\/02\/04-TIZIANO-SCARPEL-DA-MANE-A-SERA.mp3\">https:\/\/www.radiopiu.net\/wordpress\/wp-content\/uploads\/2023\/02\/04-TIZIANO-SCARPEL-DA-MANE-A-SERA.mp3<\/a><\/audio>\n<p>&nbsp;<\/p>\n<p>&nbsp;<\/p>\n<p><strong><img loading=\"lazy\" decoding=\"async\" class=\"alignleft\" src=\"https:\/\/www.radiopiu.net\/wordpress\/wp-content\/uploads\/2022\/12\/2-tiziano-scarpel-300x300.jpg\" width=\"117\" height=\"117\" \/>Tiziano Scarpel <\/strong><br \/>\n<strong>DA MANE A SERA<\/strong><\/p>\n<p>Incandescente sfera<br \/>\nche silenziosa da mane a sera<br \/>\nrotei nel ciel,<br \/>\nprima di declinare,<br \/>\nquesta sera porgi lo<br \/>\nsguardo<br \/>\nal sacro fiume,<br \/>\nche dalla china<br \/>\nmontana scorre<br \/>\ncon gaio fragore<br \/>\nverso la piana,<br \/>\nove il rombo<br \/>\nin sussurro si muta.<br \/>\nO immane sfera<br \/>\nIl sacro Piave con<br \/>\nil suo lieve mormorio<br \/>\nti rende grazie<br \/>\nper l&#8217;ardente lambire<br \/>\nche tu&#8230;ogni d\u00ec<br \/>\nle sai elargire.<\/p>\n<div dir=\"auto\">\n<div dir=\"auto\">\n<div dir=\"auto\">\n<p><strong>LA RACCOLTA COMPLETA<\/strong><\/p>\n<blockquote class=\"wp-embedded-content\" data-secret=\"HjPgQb1jP1\"><p><a href=\"https:\/\/www.radiopiu.net\/wordpress\/in-vivo-verso\/\">In Vivo Verso<\/a><\/p><\/blockquote>\n<p><iframe loading=\"lazy\" class=\"wp-embedded-content\" sandbox=\"allow-scripts\" security=\"restricted\" style=\"position: absolute; clip: rect(1px, 1px, 1px, 1px);\" title=\"&#8220;In Vivo Verso&#8221; &#8212; Radio Pi\u00f9\" src=\"https:\/\/www.radiopiu.net\/wordpress\/in-vivo-verso\/embed\/#?secret=o6LxXtLtNk#?secret=HjPgQb1jP1\" data-secret=\"HjPgQb1jP1\" width=\"600\" height=\"338\" frameborder=\"0\" marginwidth=\"0\" marginheight=\"0\" scrolling=\"no\"><\/iframe><\/p>\n<\/div>\n<\/div>\n<\/div>\n<hr \/>\n<p>&nbsp;<\/p>\n<h2><span style=\"color: #008080;\">GOCCE DI FILOSOFIA<\/span><\/h2>\n<blockquote>\n<h3>GOCCE DI FILOSOFIA &#8211; PUNTATA 249 &#8211; CHIARA CAU<\/h3>\n<\/blockquote>\n<audio class=\"wp-audio-shortcode\" id=\"audio-322353-19\" preload=\"none\" style=\"width: 100%;\" controls=\"controls\"><source type=\"audio\/mpeg\" src=\"https:\/\/www.radiopiu.net\/wordpress\/wp-content\/uploads\/2023\/02\/FI4-1.mp3?_=19\" \/><a href=\"https:\/\/www.radiopiu.net\/wordpress\/wp-content\/uploads\/2023\/02\/FI4-1.mp3\">https:\/\/www.radiopiu.net\/wordpress\/wp-content\/uploads\/2023\/02\/FI4-1.mp3<\/a><\/audio>\n<p>&nbsp;<\/p>\n<p>LA RACCOLTA COMPLETA<\/p>\n<blockquote class=\"wp-embedded-content\" data-secret=\"ed6lQ9TzNb\"><p><a href=\"https:\/\/www.radiopiu.net\/wordpress\/gocce-filosofia\/\">Gocce di filosofia,  LA TERZA STAGIONE&#8230; 2023<\/a><\/p><\/blockquote>\n<p><iframe loading=\"lazy\" class=\"wp-embedded-content\" sandbox=\"allow-scripts\" security=\"restricted\" style=\"position: absolute; clip: rect(1px, 1px, 1px, 1px);\" title=\"&#8220;Gocce di filosofia,  LA TERZA STAGIONE&#8230; 2023&#8221; &#8212; Radio Pi\u00f9\" src=\"https:\/\/www.radiopiu.net\/wordpress\/gocce-filosofia\/embed\/#?secret=5Zf3h4yqHG#?secret=ed6lQ9TzNb\" data-secret=\"ed6lQ9TzNb\" width=\"600\" height=\"338\" frameborder=\"0\" marginwidth=\"0\" marginheight=\"0\" scrolling=\"no\"><\/iframe><\/p>\n<p>&nbsp;<\/p>\n<hr \/>\n<p>&nbsp;<\/p>\n<div class=\"column\">\n<p><img loading=\"lazy\" decoding=\"async\" class=\"aligncenter wp-image-61954 size-full\" src=\"https:\/\/www.radiopiu.net\/wordpress\/wp-content\/uploads\/2018\/09\/viabilita.jpeg\" sizes=\"auto, (max-width: 800px) 100vw, 800px\" srcset=\"https:\/\/www.radiopiu.net\/wordpress\/wp-content\/uploads\/2018\/09\/viabilita.jpeg 800w, https:\/\/www.radiopiu.net\/wordpress\/wp-content\/uploads\/2018\/09\/viabilita-300x38.jpeg 300w, https:\/\/www.radiopiu.net\/wordpress\/wp-content\/uploads\/2018\/09\/viabilita-768x96.jpeg 768w\" alt=\"\" width=\"800\" height=\"100\" \/><\/p>\n<p>&nbsp;<\/p>\n<p>&nbsp;<\/p>\n<p><strong>AGGIORNAMENTO VENETO STRADE, AGGIORNAMENTO CONTINUO H 24\u00a0<\/strong><\/p>\n<p><strong>SP1 BIS MADONNA DEL PIAVE,<\/strong>\u00a0localit\u00e0 Scalon,\u00a0dal 13 febbraio al 30 aprile\u00a0-esclusi festivi e prefestivi \u2013 senso unico alternato e possibili interruzioni fino a 15 minuti. \u00f9<\/p>\n<p><strong>SP 26 DI DIGOMAN<\/strong>\u00a0tra i Comuni di Rivamonte e Voltago,\u00a0dal 13 febbraio al 10 marzo\u00a0interdizione totale alla circolazione dalle 8 alle 17, negli altri periodi senso unico alternato regolato da semaforo.<\/p>\n<p><strong>SP3 VALLE IMPERINA<\/strong>\u00a0localit\u00e0 Gona (sopra Ponte Alto),\u00a0dal 13 febbraio al 17 marzo\u00a0senso unico alternato regolato da impianto semaforico.<\/p>\n<p><strong>SP 251 VAL DI ZOLDO E CELLINA<\/strong>\u00a0localit\u00e0 Ospitale,\u00a0dal 13 febbraio al 17 marzo\u00a0senso unico alternato, esclusi festivi e prefestivi.<\/p>\n<blockquote class=\"wp-embedded-content\" data-secret=\"gtlpUU7QP2\"><p><a href=\"https:\/\/www.radiopiu.net\/wordpress\/viabilita\/\">viabilita<\/a><\/p><\/blockquote>\n<p><iframe loading=\"lazy\" class=\"wp-embedded-content\" sandbox=\"allow-scripts\" security=\"restricted\" style=\"position: absolute; clip: rect(1px, 1px, 1px, 1px);\" title=\"&#8220;viabilita&#8221; &#8212; Radio Pi\u00f9\" src=\"https:\/\/www.radiopiu.net\/wordpress\/viabilita\/embed\/#?secret=4uIDrKOxaS#?secret=gtlpUU7QP2\" data-secret=\"gtlpUU7QP2\" width=\"600\" height=\"338\" frameborder=\"0\" marginwidth=\"0\" marginheight=\"0\" scrolling=\"no\"><\/iframe><\/p>\n<div>\n<div dir=\"ltr\">\n<div class=\"gmail_quote\">\n<div dir=\"ltr\">\n<div class=\"gmail_quote\"><\/div>\n<\/div>\n<\/div>\n<\/div>\n<\/div>\n<p>&nbsp;<\/p>\n<hr \/>\n<p>&nbsp;<\/p>\n<p><a class=\"dt-pswp-item\" href=\"https:\/\/www.radiopiu.net\/wordpress\/wp-content\/uploads\/2018\/09\/WhatsApp-Image-2018-09-20-at-16.04.06.jpeg\" data-dt-img-description=\"\" data-large_image_width=\"800\" data-large_image_height=\"100\"><img loading=\"lazy\" decoding=\"async\" class=\"wp-image-61378 size-full aligncenter\" src=\"https:\/\/www.radiopiu.net\/wordpress\/wp-content\/uploads\/2018\/09\/WhatsApp-Image-2018-09-20-at-16.04.06.jpeg\" alt=\"\" width=\"800\" height=\"100\" srcset=\"https:\/\/www.radiopiu.net\/wordpress\/wp-content\/uploads\/2018\/09\/WhatsApp-Image-2018-09-20-at-16.04.06.jpeg 800w, https:\/\/www.radiopiu.net\/wordpress\/wp-content\/uploads\/2018\/09\/WhatsApp-Image-2018-09-20-at-16.04.06-300x38.jpeg 300w, https:\/\/www.radiopiu.net\/wordpress\/wp-content\/uploads\/2018\/09\/WhatsApp-Image-2018-09-20-at-16.04.06-768x96.jpeg 768w\" sizes=\"auto, (max-width: 800px) 100vw, 800px\" \/><\/a><\/p>\n<p>&nbsp;<\/p>\n<p><center><\/center><center><\/center><b>OGGI\u00a0 <\/b>Sulle basse valli prealpine generalmente nuvoloso per nubi alte e per nubi basse nelle ore fredde in lento dissolvimento, localmente anche persistenti. Sulle Dolomiti e sulle Prealpi in quota, invece, un po&#8217; pi\u00f9 soleggiato con cielo parzialmente nuvoloso solo, a tratti nuvoloso specie al mattino per nubi alte o eventualmente per locali nubi basse.<br \/>\n<b>Precipitazioni: <\/b>Sulle Dolomiti e sulle Prealpi in quota assenti (0%); sulle conche prealpine, non del tutto escluso qualche sporadico piovasco (0-10%). <b>Temperature: <\/b>In contenuta diminuzione<\/p>\n<p>&nbsp;<\/p>\n<hr \/>\n<p><center><\/center><b>DOMANI <\/b>Sulle Dolomiti e sulle Prealpi in quota, tempo parzialmente soleggiato per transito di innocue nubi alte, mentre sulle basse valli prealpine tempo ancora generalmente nuvoloso, dove saranno possibili delle foschie e banchi di nebbia o nubi basse nelle ore fredde, in parziale diradamento durante le ore diurne. <b>Precipitazioni: <\/b>Sulle Dolomiti e sulle Prealpi in quota assenti (0%); sulle conche prealpine, non del tutto escluso qualche sporadico piovasco (0-10%). <b>Temperature: <\/b>In temporaneo contenuto aumento su valori superiori alla norma<\/p>\n<p>&nbsp;<\/p>\n<hr \/>\n<p><center><\/center><strong>DOMENICA<\/strong> Giornata parzialmente nuvolosa a tratti nuvolosa specie dalle ore centrali con possibili nubi basse in alcune valli nelle ore fredde, associate anche a foschie o a locali banchi di nebbia specie nelle basse conche prealpine; non escluso qualche piovasco o fiocco di neve oltre i 2000 m nella seconda parte della giornata. Temperature minime nelle valli senza notevoli variazioni, in alta montagna in contenuto calo; massime in diminuzione a tutte le quote e ancora di qualche grado al di sopra della norma; attenuazione dell&#8217;inversione termica.<\/p>\n<hr \/>\n<p><center><\/center><strong>LUNEDI<\/strong> Tempo generalmente poco o parzialmente nuvoloso per nubi medio-alte, con alternanza di annuvolamenti e di schiarite; possibili foschie associate a qualche nube bassa nelle conche prealpine nelle ore fredde. Precipitazioni assenti. Temperature minime in contenuta diminuzione, massime stazionarie o in lieve aumento, su valori prossimi alla norma.<\/p>\n<p>&nbsp;<\/p>\n<div>\n<hr \/>\n<\/div>\n<p>&nbsp;<\/p>\n<p>&nbsp;<\/p>\n<blockquote>\n<h3>IL TERMOMETRO&#8230; SPECIALE NEVE, DA GOSALDO AD ARABBA, DA FALCADE AD ALLEGHE<\/h3>\n<\/blockquote>\n<p><strong>REDAZIONE<\/strong> A pochi giorni dal momento clou delle settimane bianche e dello sci, che coincide con il periodo di carnevale il punto sula stagione. Collegamento con le aree sciistiche del territorio, Renzo Minella (San Pellegrino-Falcade), Andrea Dal Farra (Alleghe-Ski CIvetta), Morgan Gnech (Forcella Aurine, Desma), Diedo De Battista (Arabba) e Marco Grigoletto (Presidente Anef)<\/p>\n<p><strong>audio di Mirko Mezzacasa<\/strong><\/p>\n<audio class=\"wp-audio-shortcode\" id=\"audio-322353-20\" preload=\"none\" style=\"width: 100%;\" controls=\"controls\"><source type=\"audio\/mpeg\" src=\"https:\/\/www.radiopiu.net\/wordpress\/wp-content\/uploads\/2023\/02\/SPECIALE-NEVE-2.mp3?_=20\" \/><a href=\"https:\/\/www.radiopiu.net\/wordpress\/wp-content\/uploads\/2023\/02\/SPECIALE-NEVE-2.mp3\">https:\/\/www.radiopiu.net\/wordpress\/wp-content\/uploads\/2023\/02\/SPECIALE-NEVE-2.mp3<\/a><\/audio>\n<p>&nbsp;<\/p>\n\n\t\t\t<style type='text\/css'>\n\t\t\t\t#gallery-4 {\n\t\t\t\t\tmargin: auto;\n\t\t\t\t}\n\t\t\t\t#gallery-4 .gallery-item {\n\t\t\t\t\tfloat: left;\n\t\t\t\t\tmargin-top: 10px;\n\t\t\t\t\ttext-align: center;\n\t\t\t\t\twidth: 20%;\n\t\t\t\t}\n\t\t\t\t#gallery-4 img {\n\t\t\t\t\tborder: 2px solid #cfcfcf;\n\t\t\t\t}\n\t\t\t\t#gallery-4 .gallery-caption {\n\t\t\t\t\tmargin-left: 0;\n\t\t\t\t}\n\t\t\t\t\/* see gallery_shortcode() in wp-includes\/media.php *\/\n\t\t\t<\/style>\n\t\t<div id='gallery-4' class='dt-gallery-container gallery galleryid-322353 gallery-columns-5 gallery-size-thumbnail'><dl class='gallery-item'>\n\t\t\t\t<dt class='gallery-icon landscape'>\n\t\t\t\t\t<a class=\"rollover rollover-zoom dt-pswp-item\" title=\"RENZO MINELLA\" data-dt-img-description=\"\" data-large_image_width=\"1024\" data-large_image_height=\"682\"href='https:\/\/www.radiopiu.net\/wordpress\/wp-content\/uploads\/2021\/02\/RENZO-MINELLA.jpg'><img loading=\"lazy\" decoding=\"async\" width=\"150\" height=\"150\" src=\"https:\/\/www.radiopiu.net\/wordpress\/wp-content\/uploads\/2021\/02\/RENZO-MINELLA-150x150.jpg\" class=\"attachment-thumbnail size-thumbnail\" alt=\"\" \/><\/a>\n\t\t\t\t<\/dt><\/dl><dl class='gallery-item'>\n\t\t\t\t<dt class='gallery-icon portrait'>\n\t\t\t\t\t<a class=\"rollover rollover-zoom dt-pswp-item\" title=\"farra-287x300\" data-dt-img-description=\"\" data-large_image_width=\"287\" data-large_image_height=\"300\"href='https:\/\/www.radiopiu.net\/wordpress\/wp-content\/uploads\/2023\/02\/farra-287x300-1.png'><img loading=\"lazy\" decoding=\"async\" width=\"150\" height=\"150\" src=\"https:\/\/www.radiopiu.net\/wordpress\/wp-content\/uploads\/2023\/02\/farra-287x300-1-150x150.png\" class=\"attachment-thumbnail size-thumbnail\" alt=\"\" aria-describedby=\"gallery-4-321971\" \/><\/a>\n\t\t\t\t<\/dt>\n\t\t\t\t\t<dd class='wp-caption-text gallery-caption' id='gallery-4-321971'>\n\t\t\t\t\tandrea dal farra\n\t\t\t\t\t<\/dd><\/dl><dl class='gallery-item'>\n\t\t\t\t<dt class='gallery-icon portrait'>\n\t\t\t\t\t<a class=\"rollover rollover-zoom dt-pswp-item\" title=\"morgan gnech\" data-dt-img-description=\"\" data-large_image_width=\"194\" data-large_image_height=\"259\"href='https:\/\/www.radiopiu.net\/wordpress\/wp-content\/uploads\/2020\/04\/morgan-gnech.jpeg'><img loading=\"lazy\" decoding=\"async\" width=\"150\" height=\"150\" src=\"https:\/\/www.radiopiu.net\/wordpress\/wp-content\/uploads\/2020\/04\/morgan-gnech-150x150.jpeg\" class=\"attachment-thumbnail size-thumbnail\" alt=\"\" aria-describedby=\"gallery-4-128130\" \/><\/a>\n\t\t\t\t<\/dt>\n\t\t\t\t\t<dd class='wp-caption-text gallery-caption' id='gallery-4-128130'>\n\t\t\t\t\tmorgan gnech\n\t\t\t\t\t<\/dd><\/dl><dl class='gallery-item'>\n\t\t\t\t<dt class='gallery-icon portrait'>\n\t\t\t\t\t<a class=\"rollover rollover-zoom dt-pswp-item\" title=\"diego de battista\" data-dt-img-description=\"\" data-large_image_width=\"194\" data-large_image_height=\"259\"href='https:\/\/www.radiopiu.net\/wordpress\/wp-content\/uploads\/2019\/12\/download-16.jpg'><img loading=\"lazy\" decoding=\"async\" width=\"150\" height=\"150\" src=\"https:\/\/www.radiopiu.net\/wordpress\/wp-content\/uploads\/2019\/12\/download-16-150x150.jpg\" class=\"attachment-thumbnail size-thumbnail\" alt=\"\" aria-describedby=\"gallery-4-111002\" \/><\/a>\n\t\t\t\t<\/dt>\n\t\t\t\t\t<dd class='wp-caption-text gallery-caption' id='gallery-4-111002'>\n\t\t\t\t\tdiego de battista \n\t\t\t\t\t<\/dd><\/dl><dl class='gallery-item'>\n\t\t\t\t<dt class='gallery-icon landscape'>\n\t\t\t\t\t<a class=\"rollover rollover-zoom dt-pswp-item\" title=\"foto_Marco_Grigoletto01\" data-dt-img-description=\"\" data-large_image_width=\"1600\" data-large_image_height=\"1064\"href='https:\/\/www.radiopiu.net\/wordpress\/wp-content\/uploads\/2021\/11\/foto_Marco_Grigoletto01.jpg'><img loading=\"lazy\" decoding=\"async\" width=\"150\" height=\"150\" src=\"https:\/\/www.radiopiu.net\/wordpress\/wp-content\/uploads\/2021\/11\/foto_Marco_Grigoletto01-150x150.jpg\" class=\"attachment-thumbnail size-thumbnail\" alt=\"\" aria-describedby=\"gallery-4-241599\" \/><\/a>\n\t\t\t\t<\/dt>\n\t\t\t\t\t<dd class='wp-caption-text gallery-caption' id='gallery-4-241599'>\n\t\t\t\t\tmarco grigoletto\n\t\t\t\t\t<\/dd><\/dl><br style=\"clear: both\" \/>\n\t\t\t<\/div>\n\n<p>&nbsp;<\/p>\n<blockquote class=\"wp-embedded-content\" data-secret=\"S7kcvWQ32D\"><p><a href=\"https:\/\/www.radiopiu.net\/wordpress\/la-spedizione-oltre-il-proprio-limite-alla-ricerca-del-quasi-impossibile\/\">LA SPEDIZIONE OLTRE IL PROPRIO LIMITE, ALLA RICERCA DEL QUASI IMPOSSIBILE<\/a><\/p><\/blockquote>\n<p><iframe loading=\"lazy\" class=\"wp-embedded-content\" sandbox=\"allow-scripts\" security=\"restricted\" style=\"position: absolute; clip: rect(1px, 1px, 1px, 1px);\" title=\"&#8220;LA SPEDIZIONE OLTRE IL PROPRIO LIMITE, ALLA RICERCA DEL QUASI IMPOSSIBILE&#8221; &#8212; Radio Pi\u00f9\" src=\"https:\/\/www.radiopiu.net\/wordpress\/la-spedizione-oltre-il-proprio-limite-alla-ricerca-del-quasi-impossibile\/embed\/#?secret=xaiIw2nBcQ#?secret=S7kcvWQ32D\" data-secret=\"S7kcvWQ32D\" width=\"600\" height=\"338\" frameborder=\"0\" marginwidth=\"0\" marginheight=\"0\" scrolling=\"no\"><\/iframe><\/p>\n<p>&nbsp;<\/p>\n<hr \/>\n<p>&nbsp;<\/p>\n<p><a class=\"dt-pswp-item\" href=\"https:\/\/www.radiopiu.net\/wordpress\/wp-content\/uploads\/2018\/09\/sport.jpg\" data-dt-img-description=\"\" data-large_image_width=\"800\" data-large_image_height=\"100\"><img loading=\"lazy\" decoding=\"async\" class=\"aligncenter wp-image-60761 size-full\" src=\"https:\/\/www.radiopiu.net\/wordpress\/wp-content\/uploads\/2018\/09\/sport.jpg\" alt=\"\" width=\"800\" height=\"100\" srcset=\"https:\/\/www.radiopiu.net\/wordpress\/wp-content\/uploads\/2018\/09\/sport.jpg 800w, https:\/\/www.radiopiu.net\/wordpress\/wp-content\/uploads\/2018\/09\/sport-300x38.jpg 300w, https:\/\/www.radiopiu.net\/wordpress\/wp-content\/uploads\/2018\/09\/sport-768x96.jpg 768w\" sizes=\"auto, (max-width: 800px) 100vw, 800px\" \/><\/a><\/p>\n<p>&nbsp;<\/p>\n<p><span style=\"color: #0000ff;\"><strong>HOCKEY SU GHIACCIO<\/strong><\/span><\/p>\n<blockquote>\n<h3>L&#8217;ALLEGHE\/CORTINA UNDER 17 PERDE A TESTA ALTA CON IL VIPITENO<\/h3>\n<\/blockquote>\n<p><strong><a class=\"dt-pswp-item\" href=\"https:\/\/www.radiopiu.net\/wordpress\/wp-content\/uploads\/2022\/01\/HOCKEY-2022.jpg\" data-dt-img-description=\"\" data-large_image_width=\"1920\" data-large_image_height=\"1280\"><img loading=\"lazy\" decoding=\"async\" class=\" wp-image-255780 alignleft\" src=\"https:\/\/www.radiopiu.net\/wordpress\/wp-content\/uploads\/2022\/01\/HOCKEY-2022-300x200.jpg\" alt=\"\" width=\"173\" height=\"115\" srcset=\"https:\/\/www.radiopiu.net\/wordpress\/wp-content\/uploads\/2022\/01\/HOCKEY-2022-300x200.jpg 300w, https:\/\/www.radiopiu.net\/wordpress\/wp-content\/uploads\/2022\/01\/HOCKEY-2022-1024x683.jpg 1024w, https:\/\/www.radiopiu.net\/wordpress\/wp-content\/uploads\/2022\/01\/HOCKEY-2022-768x512.jpg 768w, https:\/\/www.radiopiu.net\/wordpress\/wp-content\/uploads\/2022\/01\/HOCKEY-2022-1536x1024.jpg 1536w, https:\/\/www.radiopiu.net\/wordpress\/wp-content\/uploads\/2022\/01\/HOCKEY-2022.jpg 1920w\" sizes=\"auto, (max-width: 173px) 100vw, 173px\" \/><\/a>di Marco Gaz<\/strong><\/p>\n<p><strong>ALLEGHE\/CORTINA &#8211; VIPITENO 2-7<\/strong><\/p>\n<p>GOL ALLEGHE\/CORTINA: Fattor, Alver\u00e0<\/p>\n<p><strong>ALLEGHE<\/strong> Continua la serie di sconfitte per la squadra under 17 dell&#8217;Alleghe Hockey che l&#8217;altra sera ha giocato la penultima giornata del master round di campionato. Di fronte il Vipiteno che all&#8217;Alvise De Toni di Alleghe ha vinto largamente contro le civette ma il risultato finale della partita non rispecchia l&#8217;andamento della gara. Troppi errori in fase difensiva hanno consegnato agli altoatesini i tre punti in palio. La squadra allenata da De Biasio ha ben figurato prendendo di mira la porta avversaria ma senza trovare il gol. Prima frazione che termina con il Vipiteno in vantaggio 1 a 0. Nel secondo drittel gli ospiti incrementano il vantaggio andando a segno altre due volte. Terza frazione che inizia con i biancorossi che accorciano le distanze con due gol in rapida successione a firma di Fattor e Alver\u00e0. Ma la squadra mista bellunese abbassa la guardia e gli altoatesini chiudono la sfida mettendo a segno altre quattro marcature. Sabato di nuovo in campo per l&#8217;ultima sfida della seconda fase di campionato, poi si far\u00e0 sul serio con l&#8217;inizio dei playoff.<\/p>\n<p>&nbsp;<\/p>\n<p>&nbsp;<\/p>\n<hr \/>\n<p>&nbsp;<\/p>\n<p><span style=\"color: #0000ff;\"><strong>PALLAVOLO<\/strong><\/span><\/p>\n<blockquote>\n<h3>MULTA DI MILLE EURO ALLA PALLAVOLO BELLUNO MASCHILE PER IL COMPORTAMENTO DEL PUBBLICO<\/h3>\n<\/blockquote>\n<p><strong><a class=\"dt-pswp-item\" href=\"https:\/\/www.radiopiu.net\/wordpress\/wp-content\/uploads\/2018\/10\/PALLONE-VOLLEY.jpg\" data-dt-img-description=\"\" data-large_image_width=\"696\" data-large_image_height=\"472\"><img loading=\"lazy\" decoding=\"async\" class=\" wp-image-64709 alignleft\" src=\"https:\/\/www.radiopiu.net\/wordpress\/wp-content\/uploads\/2018\/10\/PALLONE-VOLLEY-300x203.jpg\" alt=\"\" width=\"154\" height=\"104\" srcset=\"https:\/\/www.radiopiu.net\/wordpress\/wp-content\/uploads\/2018\/10\/PALLONE-VOLLEY-300x203.jpg 300w, https:\/\/www.radiopiu.net\/wordpress\/wp-content\/uploads\/2018\/10\/PALLONE-VOLLEY.jpg 696w\" sizes=\"auto, (max-width: 154px) 100vw, 154px\" \/><\/a>BELLUNO <\/strong>La Pallavolo Belluno S.S.D. a R.L. prende atto della decisione assunta dal giudice sportivo, che ha omologato il risultato sul campo (3-2 per la Pallavolo Maschile Belluno), in occasione della sfida di domenica 12 febbraio contro l\u2019Abba Pineto. E respinto il ricorso del club abruzzese. Allo stesso tempo, per\u00f2, la societ\u00e0 esprime profondo rammarico per la sanzione di 1.000 euro inflitta a seguito delle presunte intemperanze del pubblico presente alla Spes Arena. Lo stesso pubblico ha reagito a un episodio antisportivo, condotto dalla panchina di Pineto, visto che \u00e8 stata deliberatamente ribaltata sul parquet una bottiglietta piena d\u2019acqua, con lo scopo di ritardare l\u2019esecuzione del servizio di Marco Novello, sul punteggio di 27-26 nel quarto parziale.<span class=\"gmail-Apple-converted-space\">\u00a0<\/span>Ad ogni modo, la reazione al gesto provocatorio &#8211; espressa attraverso fischi e contestazioni &#8211; \u00e8 rimasta nei limiti del rispetto: sia nei confronti della coppia arbitrale, sia della squadra avversaria.<span class=\"gmail-Apple-converted-space\">\u00a0<\/span>Con l\u2019occasione, la Pallavolo Belluno S.S.D. a R.L. ringrazia ancora una volta i suoi meravigliosi tifosi per la spinta, il supporto e il calore: caratteristiche che, alla Spes Arena, non sono mai mancate. Tantomeno nei momenti di difficolt\u00e0.<\/p>\n<p>&nbsp;<\/p>\n<p>&nbsp;<\/p>\n<p>&nbsp;<\/p>\n<\/div>\n","protected":false},"excerpt":{"rendered":"<p>RADIO PIU INFORMAZIONE il canale su TELEGRAM informazione di prima\u00a0 mano e in tempo reale. iscriviti ed aiutaci a farlo conoscere\u00a0 \u00a0 &nbsp; ANNULLATA LA SERATA CON GIORGIA BENISUGLIO REDAZIONE Genitori Sempre ha sperato fino all&#8217;ultimo momento ma alla fine, ieri, la notizia temuta \u00e8 arrivata: &#8220;Giorgia non verr\u00e0 ad Agordo, non incontrer\u00e0 i ragazzi&hellip;<\/p>\n","protected":false},"author":4,"featured_media":322505,"comment_status":"closed","ping_status":"closed","sticky":false,"template":"","format":"standard","meta":{"_monsterinsights_skip_tracking":false,"_monsterinsights_sitenote_active":false,"_monsterinsights_sitenote_note":"","_monsterinsights_sitenote_category":0,"footnotes":""},"categories":[51,86,49],"tags":[],"class_list":["post-322353","post","type-post","status-publish","format-standard","has-post-thumbnail","hentry","category-evidenza-top","category-gr","category-news-18","category-51","category-86","category-49","description-off"],"img_url":"https:\/\/www.radiopiu.net\/wordpress\/wp-content\/uploads\/2023\/02\/Senza-nome-47.jpg","_links":{"self":[{"href":"https:\/\/www.radiopiu.net\/wordpress\/wp-json\/wp\/v2\/posts\/322353","targetHints":{"allow":["GET"]}}],"collection":[{"href":"https:\/\/www.radiopiu.net\/wordpress\/wp-json\/wp\/v2\/posts"}],"about":[{"href":"https:\/\/www.radiopiu.net\/wordpress\/wp-json\/wp\/v2\/types\/post"}],"author":[{"embeddable":true,"href":"https:\/\/www.radiopiu.net\/wordpress\/wp-json\/wp\/v2\/users\/4"}],"replies":[{"embeddable":true,"href":"https:\/\/www.radiopiu.net\/wordpress\/wp-json\/wp\/v2\/comments?post=322353"}],"version-history":[{"count":0,"href":"https:\/\/www.radiopiu.net\/wordpress\/wp-json\/wp\/v2\/posts\/322353\/revisions"}],"wp:featuredmedia":[{"embeddable":true,"href":"https:\/\/www.radiopiu.net\/wordpress\/wp-json\/wp\/v2\/media\/322505"}],"wp:attachment":[{"href":"https:\/\/www.radiopiu.net\/wordpress\/wp-json\/wp\/v2\/media?parent=322353"}],"wp:term":[{"taxonomy":"category","embeddable":true,"href":"https:\/\/www.radiopiu.net\/wordpress\/wp-json\/wp\/v2\/categories?post=322353"},{"taxonomy":"post_tag","embeddable":true,"href":"https:\/\/www.radiopiu.net\/wordpress\/wp-json\/wp\/v2\/tags?post=322353"}],"curies":[{"name":"wp","href":"https:\/\/api.w.org\/{rel}","templated":true}]}}