{"id":322392,"date":"2023-02-17T05:27:59","date_gmt":"2023-02-17T04:27:59","guid":{"rendered":"https:\/\/www.radiopiu.net\/wordpress\/?p=322392"},"modified":"2023-02-17T05:35:06","modified_gmt":"2023-02-17T04:35:06","slug":"terremoto-in-croazia-percezione-in-veneto-rilevata-ad-agordo","status":"publish","type":"post","link":"https:\/\/www.radiopiu.net\/wordpress\/terremoto-in-croazia-percezione-in-veneto-rilevata-ad-agordo\/","title":{"rendered":"TERREMOTO IN CROAZIA, PERCEZIONE IN VENETO, RILEVATA AD AGORDO"},"content":{"rendered":"<p><strong>REDAZIONE<\/strong>\u00a0 Alle 10.47 locali, la Rete Sismometrica del Veneto ha registrato un terremoto localizzato in Croazia presso l\u2019isola di Krk (Veglia), circa 180 km a sud-est di Venezia (Fig. 1). La magnitudo stimata in via preliminare \u00e8 pari a 5.0. Vi<br \/>\nsono segnalazioni di percezione in Veneto, soprattutto nelle aree pi\u00f9 prossime all\u2019epicentro, in provincia di Venezia. La scossa \u00e8 stata registrata nitidamente da tutte le stazioni delle Rete Sismometrica del Veneto. \u00a0La zona epicentrale \u00e8 nota per una sismicit\u00e0 storica di un certo rilievo. Si ricorda in particolare il terremoto di Fiume del 17 dicembre 1750 che caus\u00f2 danni rilevanti in citt\u00e0.<\/p>\n<p><strong>SISMOGRAFO DI AGORDO<\/strong><\/p>\n<p><a class=\"dt-pswp-item\" href=\"https:\/\/www.radiopiu.net\/wordpress\/wp-content\/uploads\/2023\/02\/AGOR.HHZ_-2.png\" data-dt-img-description=\"\" data-large_image_width=\"792\" data-large_image_height=\"612\"><img loading=\"lazy\" decoding=\"async\" class=\"alignnone size-medium wp-image-322394\" src=\"https:\/\/www.radiopiu.net\/wordpress\/wp-content\/uploads\/2023\/02\/AGOR.HHZ_-2-300x232.png\" alt=\"\" width=\"300\" height=\"232\" srcset=\"https:\/\/www.radiopiu.net\/wordpress\/wp-content\/uploads\/2023\/02\/AGOR.HHZ_-2-300x232.png 300w, https:\/\/www.radiopiu.net\/wordpress\/wp-content\/uploads\/2023\/02\/AGOR.HHZ_-2-768x593.png 768w, https:\/\/www.radiopiu.net\/wordpress\/wp-content\/uploads\/2023\/02\/AGOR.HHZ_-2.png 792w\" sizes=\"auto, (max-width: 300px) 100vw, 300px\" \/><\/a><\/p>\n<p>&nbsp;<\/p>\n<hr \/>\n<p>&nbsp;<\/p>\n","protected":false},"excerpt":{"rendered":"<p>REDAZIONE\u00a0 Alle 10.47 locali, la Rete Sismometrica del Veneto ha registrato un terremoto localizzato in Croazia presso l\u2019isola di Krk (Veglia), circa 180 km a sud-est di Venezia (Fig. 1). La magnitudo stimata in via preliminare \u00e8 pari a 5.0. Vi sono segnalazioni di percezione in Veneto, soprattutto nelle aree pi\u00f9 prossime all\u2019epicentro, in provincia&hellip;<\/p>\n","protected":false},"author":4,"featured_media":322395,"comment_status":"closed","ping_status":"closed","sticky":false,"template":"","format":"standard","meta":{"_monsterinsights_skip_tracking":false,"_monsterinsights_sitenote_active":false,"_monsterinsights_sitenote_note":"","_monsterinsights_sitenote_category":0,"footnotes":""},"categories":[51,49],"tags":[],"class_list":["post-322392","post","type-post","status-publish","format-standard","has-post-thumbnail","hentry","category-evidenza-top","category-news-18","category-51","category-49","description-off"],"img_url":"https:\/\/www.radiopiu.net\/wordpress\/wp-content\/uploads\/2023\/02\/Senza-nome-40.jpg","_links":{"self":[{"href":"https:\/\/www.radiopiu.net\/wordpress\/wp-json\/wp\/v2\/posts\/322392","targetHints":{"allow":["GET"]}}],"collection":[{"href":"https:\/\/www.radiopiu.net\/wordpress\/wp-json\/wp\/v2\/posts"}],"about":[{"href":"https:\/\/www.radiopiu.net\/wordpress\/wp-json\/wp\/v2\/types\/post"}],"author":[{"embeddable":true,"href":"https:\/\/www.radiopiu.net\/wordpress\/wp-json\/wp\/v2\/users\/4"}],"replies":[{"embeddable":true,"href":"https:\/\/www.radiopiu.net\/wordpress\/wp-json\/wp\/v2\/comments?post=322392"}],"version-history":[{"count":0,"href":"https:\/\/www.radiopiu.net\/wordpress\/wp-json\/wp\/v2\/posts\/322392\/revisions"}],"wp:featuredmedia":[{"embeddable":true,"href":"https:\/\/www.radiopiu.net\/wordpress\/wp-json\/wp\/v2\/media\/322395"}],"wp:attachment":[{"href":"https:\/\/www.radiopiu.net\/wordpress\/wp-json\/wp\/v2\/media?parent=322392"}],"wp:term":[{"taxonomy":"category","embeddable":true,"href":"https:\/\/www.radiopiu.net\/wordpress\/wp-json\/wp\/v2\/categories?post=322392"},{"taxonomy":"post_tag","embeddable":true,"href":"https:\/\/www.radiopiu.net\/wordpress\/wp-json\/wp\/v2\/tags?post=322392"}],"curies":[{"name":"wp","href":"https:\/\/api.w.org\/{rel}","templated":true}]}}