{"id":322493,"date":"2023-02-17T04:54:30","date_gmt":"2023-02-17T03:54:30","guid":{"rendered":"https:\/\/www.radiopiu.net\/wordpress\/?p=322493"},"modified":"2023-02-17T04:54:30","modified_gmt":"2023-02-17T03:54:30","slug":"annullata-la-serata-con-giorgia-benisuglio","status":"publish","type":"post","link":"https:\/\/www.radiopiu.net\/wordpress\/annullata-la-serata-con-giorgia-benisuglio\/","title":{"rendered":"ANNULLATA LA SERATA CON GIORGIA BENISUGLIO"},"content":{"rendered":"<blockquote>\n<h3><img loading=\"lazy\" decoding=\"async\" class=\"alignleft\" src=\"https:\/\/www.radiopiu.net\/wordpress\/wp-content\/uploads\/2023\/02\/Senza-nome-41.jpg\" width=\"243\" height=\"137\" \/><\/h3>\n<\/blockquote>\n<p><strong>REDAZIONE<\/strong> Genitori Sempre ha sperato fino all&#8217;ultimo momento ma alla fine, ieri, la notizia temuta \u00e8 arrivata: &#8220;Giorgia non verr\u00e0 ad Agordo, non incontrer\u00e0 i ragazzi delle scuole e nemmeno la comunit\u00e0 nell&#8217;incontro in sala Don Tamis&#8221;. Eventi in calendario per questo fine settimana, cancellati per problemi di salute della protagonista della serata che gi\u00e0 nei giorni scorsi a RADIOPIU aveva anticipato del momento critico e della possibilit\u00e0 di un annullamento degli incontri<\/p>\n<p><strong>audio di Mirko Mezzacasa<\/strong><\/p>\n<audio class=\"wp-audio-shortcode\" id=\"audio-322493-1\" preload=\"none\" style=\"width: 100%;\" controls=\"controls\"><source type=\"audio\/mpeg\" src=\"https:\/\/www.radiopiu.net\/wordpress\/wp-content\/uploads\/2023\/02\/giorgia-benusiglio.mp3?_=1\" \/><a href=\"https:\/\/www.radiopiu.net\/wordpress\/wp-content\/uploads\/2023\/02\/giorgia-benusiglio.mp3\">https:\/\/www.radiopiu.net\/wordpress\/wp-content\/uploads\/2023\/02\/giorgia-benusiglio.mp3<\/a><\/audio>\n<p>&nbsp;<\/p>\n<p>&nbsp;<\/p>\n<hr \/>\n<p>&nbsp;<\/p>\n","protected":false},"excerpt":{"rendered":"<p>REDAZIONE Genitori Sempre ha sperato fino all&#8217;ultimo momento ma alla fine, ieri, la notizia temuta \u00e8 arrivata: &#8220;Giorgia non verr\u00e0 ad Agordo, non incontrer\u00e0 i ragazzi delle scuole e nemmeno la comunit\u00e0 nell&#8217;incontro in sala Don Tamis&#8221;. Eventi in calendario per questo fine settimana, cancellati per problemi di salute della protagonista della serata che gi\u00e0&hellip;<\/p>\n","protected":false},"author":4,"featured_media":322494,"comment_status":"closed","ping_status":"closed","sticky":false,"template":"","format":"standard","meta":{"_monsterinsights_skip_tracking":false,"_monsterinsights_sitenote_active":false,"_monsterinsights_sitenote_note":"","_monsterinsights_sitenote_category":0,"footnotes":""},"categories":[104,49],"tags":[],"class_list":["post-322493","post","type-post","status-publish","format-standard","has-post-thumbnail","hentry","category-evidenza_3","category-news-18","category-104","category-49","description-off"],"img_url":"https:\/\/www.radiopiu.net\/wordpress\/wp-content\/uploads\/2023\/02\/Senza-nome-41.jpg","_links":{"self":[{"href":"https:\/\/www.radiopiu.net\/wordpress\/wp-json\/wp\/v2\/posts\/322493","targetHints":{"allow":["GET"]}}],"collection":[{"href":"https:\/\/www.radiopiu.net\/wordpress\/wp-json\/wp\/v2\/posts"}],"about":[{"href":"https:\/\/www.radiopiu.net\/wordpress\/wp-json\/wp\/v2\/types\/post"}],"author":[{"embeddable":true,"href":"https:\/\/www.radiopiu.net\/wordpress\/wp-json\/wp\/v2\/users\/4"}],"replies":[{"embeddable":true,"href":"https:\/\/www.radiopiu.net\/wordpress\/wp-json\/wp\/v2\/comments?post=322493"}],"version-history":[{"count":0,"href":"https:\/\/www.radiopiu.net\/wordpress\/wp-json\/wp\/v2\/posts\/322493\/revisions"}],"wp:featuredmedia":[{"embeddable":true,"href":"https:\/\/www.radiopiu.net\/wordpress\/wp-json\/wp\/v2\/media\/322494"}],"wp:attachment":[{"href":"https:\/\/www.radiopiu.net\/wordpress\/wp-json\/wp\/v2\/media?parent=322493"}],"wp:term":[{"taxonomy":"category","embeddable":true,"href":"https:\/\/www.radiopiu.net\/wordpress\/wp-json\/wp\/v2\/categories?post=322493"},{"taxonomy":"post_tag","embeddable":true,"href":"https:\/\/www.radiopiu.net\/wordpress\/wp-json\/wp\/v2\/tags?post=322493"}],"curies":[{"name":"wp","href":"https:\/\/api.w.org\/{rel}","templated":true}]}}