{"id":322573,"date":"2023-02-18T05:05:36","date_gmt":"2023-02-18T04:05:36","guid":{"rendered":"https:\/\/www.radiopiu.net\/wordpress\/?p=322573"},"modified":"2023-02-18T05:13:05","modified_gmt":"2023-02-18T04:13:05","slug":"alla-gita-di-fine-anno-vengo-anchio-no-tu-no","status":"publish","type":"post","link":"https:\/\/www.radiopiu.net\/wordpress\/alla-gita-di-fine-anno-vengo-anchio-no-tu-no\/","title":{"rendered":"ALLA GITA DI FINE ANNO VENGO ANCH&#8217;IO. &#8220;NO TU NO!&#8221;"},"content":{"rendered":"<p>&nbsp;<\/p>\n<p>Leggendo le parole di Katia ritorna in mente quel periodo, quei giorni di attesa ed entusiasmo prima di mettere i piedi sui gradini del pullman gran turismo. E&#8217; il racconto, ben scritto, di quelle emozioni adolescenziali che non tornano, che lasciano il segno e infatti lo ricordi nel tempo. Anche all&#8217;opposto se qualche cosa va storto e diventa periodo da dimenticare, anzich\u00e9 ricordare. Questo succede ad un ragazzino rumeno-italianizzato che non ha nessuna colpa, ma Katia, che ha parlato con il padre e si \u00e8 fatta carico dello scoramento del giovane, ma anche degli auspici che non possa arrivare il lieto fine.<\/p>\n<p>&nbsp;<\/p>\n<p><strong>LA LETTERA<\/strong><\/p>\n<p align=\"JUSTIFY\"><span style=\"font-family: Times New Roman, serif;\"><span style=\"font-size: medium;\">Finalmente, dopo i blocchi e le limitazioni imposte dal Covid, le scuole possono ripartire con le gite! <\/span><\/span><span style=\"font-family: Times New Roman, serif;\"><span style=\"font-size: medium;\">Il pargolo di Terza media arriva a casa pimpante dicendo che andr\u00e0 tre giorni ad Avignone. Entusiasta gli decanto le peculiarit\u00e0 della citt\u00e0 e gli faccio presente quanto sia fortunato rispetto al fratello che l\u2019anno prima si \u00e8 dovuto accontentare di una giornata al museo M9, bello per carit\u00e0, ma la gita di terza media media \u00e8 iconica: si dorme fuori, si va lontano e ci si gode l\u2019ultimo periodo insieme prima che ognuno prenda la sua strada nel mondo. <\/span><\/span><span style=\"font-family: Times New Roman, serif;\"><span style=\"font-size: medium;\">Giorni previsti, 23\/24\/25 marzo. <\/span><\/span><span style=\"font-size: medium; font-family: 'Times New Roman', serif;\">Quando mancano circa un paio di mesi, giunge comunicazione che per rendere il viaggio pi\u00f9 inclusivo, visti i costi elevati del trasporto fino ad Avignone, si opta per un Nizza, insistendo comunque sulla Francia visto che il francese \u00e8 materia di studio e nelle epoche precedenti ci si andava praticamente ogni anno. Vabb\u00e8, poco male, l\u2019importante \u00e8 stare insieme e che, appunto, partecipino il maggior numero possibile di ragazzi. <\/span><span style=\"font-family: Times New Roman, serif;\"><span style=\"font-size: medium;\">Succede per\u00f2 che nel frattempo deve essere cambiato qualcosa a livello legislativo perch\u00e9 i prof si trovano a dover comunicare ai genitori che, per chi non ha compiuto 14 anni al momento dell\u2019espatrio, serve la \u201cdichiarazione di accompagno\u201d, per ottenere la quale servono un elenco di certificati e fotocopie varie e deve essere ritirata in Questura a Belluno in certi giorni e certi orari. <\/span><\/span><span style=\"font-size: medium; font-family: 'Times New Roman', serif;\">Tra sbuffi e mugugni i genitori dei tredicenni si attrezzano, perch\u00e9 insomma, la gita di terza \u00e8 la gita di terza, muniscono i figli della dichiarazione e alla fine tutti felici e contenti in trepidante attesa! <\/span><span style=\"font-family: Times New Roman, serif;\"><span style=\"font-size: medium;\">Anzi, non tutti\u2026 <\/span><\/span><span style=\"font-family: Times New Roman, serif;\"><span style=\"font-size: medium;\">C\u2019\u00e8 A. che \u00e8 rumeno. Cio\u00e8, non \u00e8 proprio rumeno, \u00e8 nato in Italia\u2026 \u00e8 sempre andato a scuola in Italia. I suoi genitori vengono dalla Romania, ma sono qui da anni, lavorano in Italia, sono imprenditori, hanno un\u2019attivit\u00e0 nel paese dove il figlio frequenta la scuola. Ma poi, la Romania non \u00e8 nella UE? Beh, si, solo dal 2007\u2026 E quindi? Quindi niente ci vuole il passaporto\u2026 <\/span><\/span><span style=\"font-family: Times New Roman, serif;\"><span style=\"font-size: medium;\">Il passaporto??? Lo sanno tutti i tempi biblici che attualmente ci vogliono per ottenere un passaporto! Per\u00f2 il pap\u00e0 vuole mandare il figlio a quella gita cui tiene tanto, cerca un modo per risolvere il problema e lo trova, costa di pi\u00f9, bisogna andare al consolato ma chissenefrega basta che il figlio possa andare a Nizza! <\/span><\/span><span style=\"font-family: Times New Roman, serif;\"><span style=\"font-size: medium;\">Invece la beffa, l\u2019appuntamento glielo danno per il 23 marzo\u2026 <\/span><\/span><span style=\"font-family: Times New Roman, serif;\"><span style=\"font-size: medium;\">Ora io dico, si pu\u00f2 obiettare che i prof dovevano informarsi prima, che potevano stare in Italia, che insomma se perde la gita non muore nessuno ma il fatto \u00e8 che si parla tanto di non discriminare, di includere, di Europa, di Shengen, di Comunit\u00e0 e di tante altre belle cose che restano appunto solo parole. <\/span><\/span><span style=\"font-family: Times New Roman, serif;\"><span style=\"font-size: medium;\">Io vorrei tanto che A. potesse partecipare a questa gita. Vorrei tanto che qualcuno, leggendo queste righe, potesse fare in modo che un ragazzino di tredici anni possa varcare il confine con altri 100 ragazzini e 10 professori. Vorrei anche capire l\u2019utilit\u00e0 e il senso di tutta questa burocrazia, di questa ottusit\u00e0 istituzionale che chiss\u00e0 quanti altri ragazzini tocca. Ragazzini nati in Italia. <\/span><\/span><span style=\"font-size: medium; font-family: 'Times New Roman', serif;\">Ma se anche per assurdo, A. fosse nato in India o in Messico, lo trovereste sensato? <\/span><span style=\"font-family: Times New Roman, serif;\"><span style=\"font-size: medium;\">Faccio un appello a chiunque possa in qualche modo far avere i documenti necessari in tempi brevi o trovare una soluzione alternativa, in attesa -speriamo non lunga e non vana \u2013 che questa assurdit\u00e0 venga eliminata.<\/span><\/span><\/p>\n<p align=\"JUSTIFY\">\n<p align=\"JUSTIFY\">\n<p align=\"JUSTIFY\">\n<p align=\"JUSTIFY\">____<\/p>\n","protected":false},"excerpt":{"rendered":"<p>&nbsp; Leggendo le parole di Katia ritorna in mente quel periodo, quei giorni di attesa ed entusiasmo prima di mettere i piedi sui gradini del pullman gran turismo. E&#8217; il racconto, ben scritto, di quelle emozioni adolescenziali che non tornano, che lasciano il segno e infatti lo ricordi nel tempo. Anche all&#8217;opposto se qualche cosa&hellip;<\/p>\n","protected":false},"author":4,"featured_media":322574,"comment_status":"closed","ping_status":"closed","sticky":false,"template":"","format":"standard","meta":{"_monsterinsights_skip_tracking":false,"_monsterinsights_sitenote_active":false,"_monsterinsights_sitenote_note":"","_monsterinsights_sitenote_category":0,"footnotes":""},"categories":[51,49],"tags":[],"class_list":["post-322573","post","type-post","status-publish","format-standard","has-post-thumbnail","hentry","category-evidenza-top","category-news-18","category-51","category-49","description-off"],"img_url":"https:\/\/www.radiopiu.net\/wordpress\/wp-content\/uploads\/2023\/02\/france-1021168_960_720.jpg","_links":{"self":[{"href":"https:\/\/www.radiopiu.net\/wordpress\/wp-json\/wp\/v2\/posts\/322573","targetHints":{"allow":["GET"]}}],"collection":[{"href":"https:\/\/www.radiopiu.net\/wordpress\/wp-json\/wp\/v2\/posts"}],"about":[{"href":"https:\/\/www.radiopiu.net\/wordpress\/wp-json\/wp\/v2\/types\/post"}],"author":[{"embeddable":true,"href":"https:\/\/www.radiopiu.net\/wordpress\/wp-json\/wp\/v2\/users\/4"}],"replies":[{"embeddable":true,"href":"https:\/\/www.radiopiu.net\/wordpress\/wp-json\/wp\/v2\/comments?post=322573"}],"version-history":[{"count":0,"href":"https:\/\/www.radiopiu.net\/wordpress\/wp-json\/wp\/v2\/posts\/322573\/revisions"}],"wp:featuredmedia":[{"embeddable":true,"href":"https:\/\/www.radiopiu.net\/wordpress\/wp-json\/wp\/v2\/media\/322574"}],"wp:attachment":[{"href":"https:\/\/www.radiopiu.net\/wordpress\/wp-json\/wp\/v2\/media?parent=322573"}],"wp:term":[{"taxonomy":"category","embeddable":true,"href":"https:\/\/www.radiopiu.net\/wordpress\/wp-json\/wp\/v2\/categories?post=322573"},{"taxonomy":"post_tag","embeddable":true,"href":"https:\/\/www.radiopiu.net\/wordpress\/wp-json\/wp\/v2\/tags?post=322573"}],"curies":[{"name":"wp","href":"https:\/\/api.w.org\/{rel}","templated":true}]}}