{"id":322594,"date":"2023-02-18T05:02:46","date_gmt":"2023-02-18T04:02:46","guid":{"rendered":"https:\/\/www.radiopiu.net\/wordpress\/?p=322594"},"modified":"2023-02-18T05:14:04","modified_gmt":"2023-02-18T04:14:04","slug":"vacanze-di-carnevale-scatta-lorario-non-scolastico-per-il-20-21-22-febbraio","status":"publish","type":"post","link":"https:\/\/www.radiopiu.net\/wordpress\/vacanze-di-carnevale-scatta-lorario-non-scolastico-per-il-20-21-22-febbraio\/","title":{"rendered":"VACANZE DI CARNEVALE, SCATTA L\u2019ORARIO NON SCOLASTICO PER IL 20-21-22 FEBBRAIO"},"content":{"rendered":"<p><strong><a class=\"dt-pswp-item\" href=\"https:\/\/www.radiopiu.net\/wordpress\/wp-content\/uploads\/2020\/06\/80c303ed-9a2e-49f0-8b20-3dd5e061bbf3.jpg\" data-dt-img-description=\"\" data-large_image_width=\"1280\" data-large_image_height=\"960\"><img loading=\"lazy\" decoding=\"async\" class=\" wp-image-145520 alignleft\" src=\"https:\/\/www.radiopiu.net\/wordpress\/wp-content\/uploads\/2020\/06\/80c303ed-9a2e-49f0-8b20-3dd5e061bbf3-300x225.jpg\" alt=\"\" width=\"173\" height=\"130\" srcset=\"https:\/\/www.radiopiu.net\/wordpress\/wp-content\/uploads\/2020\/06\/80c303ed-9a2e-49f0-8b20-3dd5e061bbf3-300x225.jpg 300w, https:\/\/www.radiopiu.net\/wordpress\/wp-content\/uploads\/2020\/06\/80c303ed-9a2e-49f0-8b20-3dd5e061bbf3-1024x768.jpg 1024w, https:\/\/www.radiopiu.net\/wordpress\/wp-content\/uploads\/2020\/06\/80c303ed-9a2e-49f0-8b20-3dd5e061bbf3-768x576.jpg 768w, https:\/\/www.radiopiu.net\/wordpress\/wp-content\/uploads\/2020\/06\/80c303ed-9a2e-49f0-8b20-3dd5e061bbf3.jpg 1280w\" sizes=\"auto, (max-width: 173px) 100vw, 173px\" \/><\/a>BELLUNO <\/strong>Con atto del presidente, la Provincia di Belluno ha approvato oggi la presa d\u2019atto del servizio tpl erogabile nei giorni feriali dei periodi di vacanza scolastica 2022-2023. Considerata la ridotta domanda di mobilit\u00e0 durante la prossima chiusura delle scuole e di alcune fabbriche per le vacanze di Carnevale, all\u2019inizio della prossima settimana l\u2019orario dei servizi di Dolomiti Bus sar\u00e0 riprogrammato. Luned\u00ec 20, marted\u00ec 21 e mercoled\u00ec 22 febbraio sar\u00e0 in vigore l\u2019orario feriale \u201cnon scolastico\u201d. I quadri orari sono consultabili sul sito <a href=\"https:\/\/dolomitibus.it\/it\/l\/orario-dolomiti\/index\">https:\/\/dolomitibus.it\/it\/l\/orario-dolomiti\/index<\/a> (in particolare le caselle FnS &#8211; orario non scolastico). La riprogrammazione del servizio sar\u00e0 poi attiva anche per le vacanze di Pasqua (6-7-8 aprile), il 24 aprile e il 3 giugno.<\/p>\n<p>&nbsp;<\/p>\n<p>&nbsp;<\/p>\n<p>*******<\/p>\n","protected":false},"excerpt":{"rendered":"<p>BELLUNO Con atto del presidente, la Provincia di Belluno ha approvato oggi la presa d\u2019atto del servizio tpl erogabile nei giorni feriali dei periodi di vacanza scolastica 2022-2023. Considerata la ridotta domanda di mobilit\u00e0 durante la prossima chiusura delle scuole e di alcune fabbriche per le vacanze di Carnevale, all\u2019inizio della prossima settimana l\u2019orario dei&hellip;<\/p>\n","protected":false},"author":4,"featured_media":145520,"comment_status":"closed","ping_status":"closed","sticky":false,"template":"","format":"standard","meta":{"_monsterinsights_skip_tracking":false,"_monsterinsights_sitenote_active":false,"_monsterinsights_sitenote_note":"","_monsterinsights_sitenote_category":0,"footnotes":""},"categories":[51,49],"tags":[],"class_list":["post-322594","post","type-post","status-publish","format-standard","has-post-thumbnail","hentry","category-evidenza-top","category-news-18","category-51","category-49","description-off"],"img_url":"https:\/\/www.radiopiu.net\/wordpress\/wp-content\/uploads\/2020\/06\/80c303ed-9a2e-49f0-8b20-3dd5e061bbf3.jpg","_links":{"self":[{"href":"https:\/\/www.radiopiu.net\/wordpress\/wp-json\/wp\/v2\/posts\/322594","targetHints":{"allow":["GET"]}}],"collection":[{"href":"https:\/\/www.radiopiu.net\/wordpress\/wp-json\/wp\/v2\/posts"}],"about":[{"href":"https:\/\/www.radiopiu.net\/wordpress\/wp-json\/wp\/v2\/types\/post"}],"author":[{"embeddable":true,"href":"https:\/\/www.radiopiu.net\/wordpress\/wp-json\/wp\/v2\/users\/4"}],"replies":[{"embeddable":true,"href":"https:\/\/www.radiopiu.net\/wordpress\/wp-json\/wp\/v2\/comments?post=322594"}],"version-history":[{"count":0,"href":"https:\/\/www.radiopiu.net\/wordpress\/wp-json\/wp\/v2\/posts\/322594\/revisions"}],"wp:featuredmedia":[{"embeddable":true,"href":"https:\/\/www.radiopiu.net\/wordpress\/wp-json\/wp\/v2\/media\/145520"}],"wp:attachment":[{"href":"https:\/\/www.radiopiu.net\/wordpress\/wp-json\/wp\/v2\/media?parent=322594"}],"wp:term":[{"taxonomy":"category","embeddable":true,"href":"https:\/\/www.radiopiu.net\/wordpress\/wp-json\/wp\/v2\/categories?post=322594"},{"taxonomy":"post_tag","embeddable":true,"href":"https:\/\/www.radiopiu.net\/wordpress\/wp-json\/wp\/v2\/tags?post=322594"}],"curies":[{"name":"wp","href":"https:\/\/api.w.org\/{rel}","templated":true}]}}