{"id":322645,"date":"2023-02-18T07:55:12","date_gmt":"2023-02-18T06:55:12","guid":{"rendered":"https:\/\/www.radiopiu.net\/wordpress\/?p=322645"},"modified":"2023-02-18T08:47:43","modified_gmt":"2023-02-18T07:47:43","slug":"alla-radio-ogni-giorno-alle-otto-del-mattino-la-rassegna-stampa-locale-ascoltata-qui-di-mirko-mezzacasa","status":"publish","type":"post","link":"https:\/\/www.radiopiu.net\/wordpress\/alla-radio-ogni-giorno-alle-otto-del-mattino-la-rassegna-stampa-locale-ascoltata-qui-di-mirko-mezzacasa\/","title":{"rendered":"ALLA RADIO, OGNI GIORNO ALLE OTTO DEL MATTINO: LA RASSEGNA STAMPA LOCALE &#8211; ascoltata qui &#8211; di mirko mezzacasa"},"content":{"rendered":"<p><strong>PONTE NELLE ALPI<\/strong> Schianto a tre ieri sera tra Belluno e Ponte nelle Alpi al sottopasso di Polpet. Una delle vetture \u00e8 finita ruote all&#8217;aria, traffico bloccato per ore. Fortunatamente nessun ferito grave, nell&#8217;ennesimo incidente sul tratto stradale.<br \/>\n<strong>SELVA DI CADORE<\/strong> Bimba trevigiana di 9 anni cade con gli sci a Pescul, portata a Belluno in elicottero per il grave trauma cranico, attualmente \u00e8 in osservazione, medici ottimisti sull&#8217;evoluzione dello stato clinico.<br \/>\n<strong>BORGO VALBELLUNA<\/strong> La lettera di Katia: aiutate lo studente senza carta d&#8217;identit\u00e0 per l&#8217;estero, non potr\u00e0 andare in gita perch\u00e9 l&#8217;appuntamento in Questura \u00e8 per il 23 marzo il giorno della partenza dei suoi compagni per la gita. Un&#8217;altra storia di ottusit\u00e0 burocratica, alla faccia della tanto decantata inclusione.<br \/>\n<strong>ARSIE&#8217;<\/strong> E&#8217; arrivato il tempo delle denunce. Ricorso al Tribunale contro i leoni da tastiera autori di post diffamatori su facebook contro il Comune, tanti commenti al veleno contro l&#8217;autovelox, la palla passa agli avvocati del Municipio.<br \/>\n<strong>BELLUNO<\/strong> Il Consorzio Bim da il via libera per nuovi investimenti sulla sicurezza in provincia. Saranno installate 15 nuove telecamere leggi targa.<br \/>\n<strong>VAL DI ZOLDO<\/strong> Amapola Fairtlough si \u00e8 dimessa da assessore e da consigliere di maggioranza, ma rimane in consiglio come minoranza. \u00abNon sono pi\u00f9 in sintonia con le decisioni di gruppo &#8211; riferisce l&#8217;ex assessora a bilancio e istruzione ora ci sar\u00e0 finalmente una minoranza che potr\u00e0 essere di stimolo per l&#8217;azione della maggioranza. Le ragioni? Manca una visione di lungo periodo, una programmazione a lungo termine e un programma di sviluppo&#8221;.<br \/>\n<strong>CARNEVALE<\/strong> Oggi il carnevale a Rocca Pietore, il secondo in Val Pettorina, il quarto del Carneval de la Vai e domani chiusura alla grande a Canale d&#8217;Agordo con la Zinghenesta.<br \/>\n<strong>REDAZIONE<\/strong> Un feltrino al comando e due agordini, sono da giorni impegnati nelle operazioni di soccorso in Turchia. Giovedi con l\u2019ausilio dei cani del gruppo cinofilo hanno recuperato dalle macerie i corpi di tre vittime turche e del veneto Angelo Zen. Il Colonello Alessandro Alberioli di Feltre \u00e8 il capo aliquota del Soccorso Alpino della Guardia di Finanza all\u2019interno della missione della Protezione Civile Italiana in Turchia. Nella squadra Damiano Fontanive, istruttore cinofilo della stazione del Soccorso Alpino della Guardia di Finanza (Sagf) di Passo Rolle, originario di Frassen\u00e9 Agordino (Voltago) e il vigile del fuoco pugliese Leonardo Botta, conduttore cinofilo dei Vigili del Fuoco della stazione di Agordo.<br \/>\n<strong>AGORDO<\/strong> Paolo Frena, Presidente dell\u2019Unione Montana Agordina incontrer\u00e0 presto i giovani amministratori della vallata, di et\u00e0 compresa tra i 18 e i 35 anni. \u201cQui dove io ho iniziato\u201d ha detto Frena auspicando che i giovani non manchino ai prossimi appuntamenti con il rinnovo delle amministrazioni comunali<br \/>\n<strong>AGORDO<\/strong> Nel bilancio di previsione 2023-2025 l\u2019Unione Montana conta sui trasferimenti correnti \u2013 non avendo entrate dirette \u2013 oltre un milione all\u2019anno per i prossimi tre anni. Ma gli investimenti sono consistenti e impegnativi: 7 milioni per il 2023, 11 milioni per il 2024 e per ora 96mila euro per il 2025. La ristrutturazione della casa di soggiorno di Taibon, la Ciclabile Regina in Bicicletta, sentieri, interventi idrogeologici, nei programmi dell\u2019Unione Montana, anche potendo contare sui fondi di confine.<br \/>\n<strong>BELLUNO<\/strong> Con atto del presidente, la Provincia di Belluno ha approvato\u00a0 la presa d\u2019atto del servizio tpl erogabile nei giorni feriali dei periodi di vacanza scolastica 2022-2023. Considerata la ridotta domanda di mobilit\u00e0 durante la prossima chiusura delle scuole e di alcune fabbriche per le vacanze di Carnevale, all\u2019inizio della prossima settimana l\u2019orario dei servizi di Dolomiti Bus sar\u00e0 riprogrammato. Luned\u00ec 20, marted\u00ec 21 e mercoled\u00ec 22 febbraio sar\u00e0 in vigore l\u2019orario feriale \u201cnon scolastico\u201d.<br \/>\n<strong>BELLUNO<\/strong> Lo scrittore Tommaso Ebhardt presenter\u00e0 anche a Belluno il libro all\u2019indimenticato fondatore di Luxottica, Leonardo Del Vecchio. Appuntamento il 13 marzo alle 18 al Teatro Comunale.<br \/>\n<strong>A PROPOSITO DEI CONFINI DELLA MARMOLADA, COME VA? LO CHIEDE LA MINORANZA<\/strong><br \/>\nROCCA PIETORE Il sindaco Andrea De Bernardin giovedi, risponder\u00e0 all\u2019interrogazione del gruppo di opposizione \u201cUniti per la Montagna\u201d, chiede quale sia l\u2019attuale situazione dei confini della Marmolada e uso civico. Ma i consiglieri dovranno aspettare, prima ci sono 10 punti in discussione tra approvazione di regolamenti, convenzioni, e delibere varie tra cui l\u2019approvazione del documento unico di programmazione<br \/>\n<span style=\"color: #ff0000;\"><strong>CALCIO<\/strong> <\/span>AGORDINA ALLA RICERCA DI PUNTI CONTRO IL CASTION<br \/>\n<span style=\"color: #ff0000;\"><strong>HOCKEY<\/strong><\/span> SU GHIACCIO L\u2019ALLEGHE SI CONGEDA DAL PROPRIO PUBBLICO OSPITANDO IL VALPELLICE<\/p>\n<p>&nbsp;<\/p>\n<p>&nbsp;<\/p>\n<p>&nbsp;<\/p>\n<hr \/>\n<p>&nbsp;<\/p>\n","protected":false},"excerpt":{"rendered":"<p>PONTE NELLE ALPI Schianto a tre ieri sera tra Belluno e Ponte nelle Alpi al sottopasso di Polpet. Una delle vetture \u00e8 finita ruote all&#8217;aria, traffico bloccato per ore. Fortunatamente nessun ferito grave, nell&#8217;ennesimo incidente sul tratto stradale. SELVA DI CADORE Bimba trevigiana di 9 anni cade con gli sci a Pescul, portata a Belluno&hellip;<\/p>\n","protected":false},"author":4,"featured_media":322646,"comment_status":"closed","ping_status":"closed","sticky":false,"template":"","format":"standard","meta":{"_monsterinsights_skip_tracking":false,"_monsterinsights_sitenote_active":false,"_monsterinsights_sitenote_note":"","_monsterinsights_sitenote_category":0,"footnotes":""},"categories":[49],"tags":[],"class_list":["post-322645","post","type-post","status-publish","format-standard","has-post-thumbnail","hentry","category-news-18","category-49","description-off"],"img_url":"https:\/\/www.radiopiu.net\/wordpress\/wp-content\/uploads\/2023\/02\/Senza-nome-50.jpg","_links":{"self":[{"href":"https:\/\/www.radiopiu.net\/wordpress\/wp-json\/wp\/v2\/posts\/322645","targetHints":{"allow":["GET"]}}],"collection":[{"href":"https:\/\/www.radiopiu.net\/wordpress\/wp-json\/wp\/v2\/posts"}],"about":[{"href":"https:\/\/www.radiopiu.net\/wordpress\/wp-json\/wp\/v2\/types\/post"}],"author":[{"embeddable":true,"href":"https:\/\/www.radiopiu.net\/wordpress\/wp-json\/wp\/v2\/users\/4"}],"replies":[{"embeddable":true,"href":"https:\/\/www.radiopiu.net\/wordpress\/wp-json\/wp\/v2\/comments?post=322645"}],"version-history":[{"count":0,"href":"https:\/\/www.radiopiu.net\/wordpress\/wp-json\/wp\/v2\/posts\/322645\/revisions"}],"wp:featuredmedia":[{"embeddable":true,"href":"https:\/\/www.radiopiu.net\/wordpress\/wp-json\/wp\/v2\/media\/322646"}],"wp:attachment":[{"href":"https:\/\/www.radiopiu.net\/wordpress\/wp-json\/wp\/v2\/media?parent=322645"}],"wp:term":[{"taxonomy":"category","embeddable":true,"href":"https:\/\/www.radiopiu.net\/wordpress\/wp-json\/wp\/v2\/categories?post=322645"},{"taxonomy":"post_tag","embeddable":true,"href":"https:\/\/www.radiopiu.net\/wordpress\/wp-json\/wp\/v2\/tags?post=322645"}],"curies":[{"name":"wp","href":"https:\/\/api.w.org\/{rel}","templated":true}]}}