{"id":322648,"date":"2023-02-18T06:47:11","date_gmt":"2023-02-18T05:47:11","guid":{"rendered":"https:\/\/www.radiopiu.net\/wordpress\/?p=322648"},"modified":"2023-02-18T06:47:28","modified_gmt":"2023-02-18T05:47:28","slug":"dimissioni-in-giunta-de-pellegrin-anche-noi-abbiamo-la-nostra-visione-del-futuro","status":"publish","type":"post","link":"https:\/\/www.radiopiu.net\/wordpress\/dimissioni-in-giunta-de-pellegrin-anche-noi-abbiamo-la-nostra-visione-del-futuro\/","title":{"rendered":"DIMISSIONI IN GIUNTA, DE PELLEGRIN &#8220;ANCHE NOI ABBIAMO LA NOSTRA VISIONE DEL FUTURO&#8221;"},"content":{"rendered":"<p><strong>VAL DI ZOLDO<\/strong> Amapola Fairtlough si \u00e8 dimessa da assessore e da consigliere di maggioranza, ma rimane in consiglio come minoranza. \u00abNon sono pi\u00f9 in sintonia con le decisioni di gruppo &#8211; riferisce l&#8217;ex assessora a bilancio e istruzione ora ci sar\u00e0 finalmente una minoranza che potr\u00e0 essere di stimolo per l&#8217;azione della maggioranza. Le ragioni? Manca una visione di lungo periodo, una programmazione a lungo termine e un programma di sviluppo&#8221;.<\/p>\n<p>&nbsp;<\/p>\n<p><strong>IL SINDACO, CAMILLO DE PELLEGRIN<\/strong><\/p>\n<audio class=\"wp-audio-shortcode\" id=\"audio-322648-1\" preload=\"none\" style=\"width: 100%;\" controls=\"controls\"><source type=\"audio\/mpeg\" src=\"https:\/\/www.radiopiu.net\/wordpress\/wp-content\/uploads\/2023\/02\/IL-SINDACO.mp3?_=1\" \/><a href=\"https:\/\/www.radiopiu.net\/wordpress\/wp-content\/uploads\/2023\/02\/IL-SINDACO.mp3\">https:\/\/www.radiopiu.net\/wordpress\/wp-content\/uploads\/2023\/02\/IL-SINDACO.mp3<\/a><\/audio>\n\n\t\t\t<style type='text\/css'>\n\t\t\t\t#gallery-1 {\n\t\t\t\t\tmargin: auto;\n\t\t\t\t}\n\t\t\t\t#gallery-1 .gallery-item {\n\t\t\t\t\tfloat: left;\n\t\t\t\t\tmargin-top: 10px;\n\t\t\t\t\ttext-align: center;\n\t\t\t\t\twidth: 50%;\n\t\t\t\t}\n\t\t\t\t#gallery-1 img {\n\t\t\t\t\tborder: 2px solid #cfcfcf;\n\t\t\t\t}\n\t\t\t\t#gallery-1 .gallery-caption {\n\t\t\t\t\tmargin-left: 0;\n\t\t\t\t}\n\t\t\t\t\/* see gallery_shortcode() in wp-includes\/media.php *\/\n\t\t\t<\/style>\n\t\t<div id='gallery-1' class='dt-gallery-container gallery galleryid-322648 gallery-columns-2 gallery-size-thumbnail'><dl class='gallery-item'>\n\t\t\t\t<dt class='gallery-icon landscape'>\n\t\t\t\t\t<a class=\"rollover rollover-zoom dt-pswp-item\" title=\"CAMILLO DE PELLEGRIN\" data-dt-img-description=\"\" data-large_image_width=\"960\" data-large_image_height=\"959\"href='https:\/\/www.radiopiu.net\/wordpress\/wp-content\/uploads\/2022\/01\/28056423_1570743069705719_9091845138820201561_n.jpg'><img loading=\"lazy\" decoding=\"async\" width=\"150\" height=\"150\" src=\"https:\/\/www.radiopiu.net\/wordpress\/wp-content\/uploads\/2022\/01\/28056423_1570743069705719_9091845138820201561_n-150x150.jpg\" class=\"attachment-thumbnail size-thumbnail\" alt=\"\" aria-describedby=\"gallery-1-254798\" srcset=\"https:\/\/www.radiopiu.net\/wordpress\/wp-content\/uploads\/2022\/01\/28056423_1570743069705719_9091845138820201561_n-150x150.jpg 150w, https:\/\/www.radiopiu.net\/wordpress\/wp-content\/uploads\/2022\/01\/28056423_1570743069705719_9091845138820201561_n-300x300.jpg 300w, https:\/\/www.radiopiu.net\/wordpress\/wp-content\/uploads\/2022\/01\/28056423_1570743069705719_9091845138820201561_n-768x767.jpg 768w, https:\/\/www.radiopiu.net\/wordpress\/wp-content\/uploads\/2022\/01\/28056423_1570743069705719_9091845138820201561_n.jpg 960w\" sizes=\"auto, (max-width: 150px) 100vw, 150px\" \/><\/a>\n\t\t\t\t<\/dt>\n\t\t\t\t\t<dd class='wp-caption-text gallery-caption' id='gallery-1-254798'>\n\t\t\t\t\til sindaco Camillo De Pellegrin\n\t\t\t\t\t<\/dd><\/dl><dl class='gallery-item'>\n\t\t\t\t<dt class='gallery-icon portrait'>\n\t\t\t\t\t<a class=\"rollover rollover-zoom dt-pswp-item\" title=\"Senza nome\" data-dt-img-description=\"\" data-large_image_width=\"154\" data-large_image_height=\"175\"href='https:\/\/www.radiopiu.net\/wordpress\/wp-content\/uploads\/2023\/02\/Senza-nome-51.jpg'><img loading=\"lazy\" decoding=\"async\" width=\"150\" height=\"150\" src=\"https:\/\/www.radiopiu.net\/wordpress\/wp-content\/uploads\/2023\/02\/Senza-nome-51-150x150.jpg\" class=\"attachment-thumbnail size-thumbnail\" alt=\"\" aria-describedby=\"gallery-1-322649\" \/><\/a>\n\t\t\t\t<\/dt>\n\t\t\t\t\t<dd class='wp-caption-text gallery-caption' id='gallery-1-322649'>\n\t\t\t\t\tAmapola Fairtlough \n\t\t\t\t\t<\/dd><\/dl><br style=\"clear: both\" \/>\n\t\t\t<\/div>\n\n<p>&nbsp;<\/p>\n<p>&nbsp;<\/p>\n<hr \/>\n<p>&nbsp;<\/p>\n","protected":false},"excerpt":{"rendered":"<p>VAL DI ZOLDO Amapola Fairtlough si \u00e8 dimessa da assessore e da consigliere di maggioranza, ma rimane in consiglio come minoranza. \u00abNon sono pi\u00f9 in sintonia con le decisioni di gruppo &#8211; riferisce l&#8217;ex assessora a bilancio e istruzione ora ci sar\u00e0 finalmente una minoranza che potr\u00e0 essere di stimolo per l&#8217;azione della maggioranza. Le&hellip;<\/p>\n","protected":false},"author":4,"featured_media":194386,"comment_status":"closed","ping_status":"closed","sticky":false,"template":"","format":"standard","meta":{"_monsterinsights_skip_tracking":false,"_monsterinsights_sitenote_active":false,"_monsterinsights_sitenote_note":"","_monsterinsights_sitenote_category":0,"footnotes":""},"categories":[104,49],"tags":[],"class_list":["post-322648","post","type-post","status-publish","format-standard","has-post-thumbnail","hentry","category-evidenza_3","category-news-18","category-104","category-49","description-off"],"img_url":"https:\/\/www.radiopiu.net\/wordpress\/wp-content\/uploads\/2021\/03\/333-2021-FORNO-DI-ZOLDO-BL-AL-VIA-I-LAVORI-SUL-MAEu2019.-ASSESSORE-BOTTACIN-CON-150.000-EURO-ALTRO-IMPORTANTE-INVESTIMENTO-PER-LA-SICUREZZA-DELLA-VALLE-1.jpg","_links":{"self":[{"href":"https:\/\/www.radiopiu.net\/wordpress\/wp-json\/wp\/v2\/posts\/322648","targetHints":{"allow":["GET"]}}],"collection":[{"href":"https:\/\/www.radiopiu.net\/wordpress\/wp-json\/wp\/v2\/posts"}],"about":[{"href":"https:\/\/www.radiopiu.net\/wordpress\/wp-json\/wp\/v2\/types\/post"}],"author":[{"embeddable":true,"href":"https:\/\/www.radiopiu.net\/wordpress\/wp-json\/wp\/v2\/users\/4"}],"replies":[{"embeddable":true,"href":"https:\/\/www.radiopiu.net\/wordpress\/wp-json\/wp\/v2\/comments?post=322648"}],"version-history":[{"count":0,"href":"https:\/\/www.radiopiu.net\/wordpress\/wp-json\/wp\/v2\/posts\/322648\/revisions"}],"wp:featuredmedia":[{"embeddable":true,"href":"https:\/\/www.radiopiu.net\/wordpress\/wp-json\/wp\/v2\/media\/194386"}],"wp:attachment":[{"href":"https:\/\/www.radiopiu.net\/wordpress\/wp-json\/wp\/v2\/media?parent=322648"}],"wp:term":[{"taxonomy":"category","embeddable":true,"href":"https:\/\/www.radiopiu.net\/wordpress\/wp-json\/wp\/v2\/categories?post=322648"},{"taxonomy":"post_tag","embeddable":true,"href":"https:\/\/www.radiopiu.net\/wordpress\/wp-json\/wp\/v2\/tags?post=322648"}],"curies":[{"name":"wp","href":"https:\/\/api.w.org\/{rel}","templated":true}]}}