{"id":322665,"date":"2023-02-20T05:34:27","date_gmt":"2023-02-20T04:34:27","guid":{"rendered":"https:\/\/www.radiopiu.net\/wordpress\/?p=322665"},"modified":"2023-02-20T14:36:34","modified_gmt":"2023-02-20T13:36:34","slug":"giornale-radiopiu-20-febbraio-2023-direttore-mirko-mezzacasa-verso-i-40-anni-25-giugno-1983-25-giugno-2023","status":"publish","type":"post","link":"https:\/\/www.radiopiu.net\/wordpress\/giornale-radiopiu-20-febbraio-2023-direttore-mirko-mezzacasa-verso-i-40-anni-25-giugno-1983-25-giugno-2023\/","title":{"rendered":"GIORNALE RADIOPIU 20 FEBBRAIO 2023 DIRETTORE MIRKO MEZZACASA&#8230;verso i 40 anni 25 giugno 1983-25 giugno 2023"},"content":{"rendered":"<h3 class=\"kvgmc6g5 cxmmr5t8 oygrvhab hcukyx3x c1et5uql\"><span style=\"color: #0000ff;\"><strong>RADIO PIU INFORMAZIONE il canale su TELEGRAM informazione di prima\u00a0 <\/strong><strong>mano e in tempo reale. iscriviti ed aiutaci a farlo conoscere\u00a0 \u00a0\u00a0<\/strong><\/span><\/h3>\n<p>&nbsp;<\/p>\n<p><strong>LA FOTO DEL GIORNO, i cuori di Nico Tancon &#8220;Medavale- val di Gares_Canale d&#8217;Agordo.\u00a0<\/strong><\/p>\n<p><a class=\"dt-pswp-item\" href=\"https:\/\/www.radiopiu.net\/wordpress\/wp-content\/uploads\/2023\/02\/330922798_1132342660727645_2522262012201370418_n.jpg\" data-dt-img-description=\"\" data-large_image_width=\"526\" data-large_image_height=\"703\"><img loading=\"lazy\" decoding=\"async\" class=\"size-medium wp-image-322922 aligncenter\" src=\"https:\/\/www.radiopiu.net\/wordpress\/wp-content\/uploads\/2023\/02\/330922798_1132342660727645_2522262012201370418_n-224x300.jpg\" alt=\"\" width=\"224\" height=\"300\" srcset=\"https:\/\/www.radiopiu.net\/wordpress\/wp-content\/uploads\/2023\/02\/330922798_1132342660727645_2522262012201370418_n-224x300.jpg 224w, https:\/\/www.radiopiu.net\/wordpress\/wp-content\/uploads\/2023\/02\/330922798_1132342660727645_2522262012201370418_n.jpg 526w\" sizes=\"auto, (max-width: 224px) 100vw, 224px\" \/><\/a><\/p>\n<p>&nbsp;<\/p>\n<h2 style=\"text-align: left;\"><span style=\"color: #ff0000;\">ISCRIVITI AL NOSTRO CANALE YOUTUBE PER SEGUIRE IN DIRETTA I PRINCIPALI PROGRAMMI DI RADIO PIU&#8217; E LE FUTURE DIRETTE IN ESTERNA. PER ISCRIVERTI <a style=\"color: #ff0000;\" href=\"https:\/\/youtube.com\/@radiopiu1527\">CLICCA QUI<\/a> E PREMI IL TASTO &#8220;Iscriviti&#8221;\u00a0<\/span><\/h2>\n<p>&nbsp;<\/p>\n<blockquote>\n<h3><a class=\"dt-pswp-item\" href=\"https:\/\/www.radiopiu.net\/wordpress\/wp-content\/uploads\/2023\/02\/SCR-20230218-kds.png\" data-dt-img-description=\"\" data-large_image_width=\"452\" data-large_image_height=\"366\"><img loading=\"lazy\" decoding=\"async\" class=\"wp-image-322704 alignleft\" src=\"https:\/\/www.radiopiu.net\/wordpress\/wp-content\/uploads\/2023\/02\/SCR-20230218-kds-300x243.png\" alt=\"\" width=\"100\" height=\"81\" srcset=\"https:\/\/www.radiopiu.net\/wordpress\/wp-content\/uploads\/2023\/02\/SCR-20230218-kds-300x243.png 300w, https:\/\/www.radiopiu.net\/wordpress\/wp-content\/uploads\/2023\/02\/SCR-20230218-kds.png 452w\" sizes=\"auto, (max-width: 100px) 100vw, 100px\" \/><\/a>CHIUSURA AUTOSTRADA A 27<\/h3>\n<\/blockquote>\n<p>Dalle 22 di domani alle 6 di mercoled\u00ec verr\u00e0 chiuso il tratto di autostrada A27 tra Conegliano e Treviso Nord<\/p>\n<p>&nbsp;<\/p>\n<p>&nbsp;<\/p>\n<p>&nbsp;<\/p>\n<hr \/>\n<p>&nbsp;<\/p>\n<p>&nbsp;<\/p>\n<blockquote>\n<h3>CHIUSE LE INDAGINI SULLA MORTE DI NICOLA VALMASSONI. UN&#8217;AUTO INVASE LA CORSIA<\/h3>\n<\/blockquote>\n<p><strong><a class=\"dt-pswp-item\" href=\"https:\/\/www.radiopiu.net\/wordpress\/wp-content\/uploads\/2023\/02\/e3ee6371-a101-4245-97f5-363fc8f46f14.jpg\" data-dt-img-description=\"\" data-large_image_width=\"960\" data-large_image_height=\"686\"><img loading=\"lazy\" decoding=\"async\" class=\" wp-image-322682 alignleft\" src=\"https:\/\/www.radiopiu.net\/wordpress\/wp-content\/uploads\/2023\/02\/e3ee6371-a101-4245-97f5-363fc8f46f14-300x214.jpg\" alt=\"\" width=\"193\" height=\"138\" srcset=\"https:\/\/www.radiopiu.net\/wordpress\/wp-content\/uploads\/2023\/02\/e3ee6371-a101-4245-97f5-363fc8f46f14-300x214.jpg 300w, https:\/\/www.radiopiu.net\/wordpress\/wp-content\/uploads\/2023\/02\/e3ee6371-a101-4245-97f5-363fc8f46f14-768x549.jpg 768w, https:\/\/www.radiopiu.net\/wordpress\/wp-content\/uploads\/2023\/02\/e3ee6371-a101-4245-97f5-363fc8f46f14.jpg 960w\" sizes=\"auto, (max-width: 193px) 100vw, 193px\" \/><\/a>BELLUNO <\/strong>Da presunto colpevole, additato come il motociclista spericolato e distratto che perse la vita durante un sorpasso azzardato, a vittima innocente di un\u2019auto che invase la sua corsia all\u2019improvviso senza lasciargli il tempo di reagire per evitarla. Il pubblico ministero Alberto Primavera ha chiuso le indagini sull\u2019incidente stradale mortale di sette mesi fa all\u2019imbocco della galleria \u201cTermine\u201d, a Longarone. Contrariamente a quanto emerso nell\u2019immediatezza dei fatti, Nicola Valmassoni, il 29enne cadorino che mor\u00ec dopo essere caduto dalla moto con cui si stava recando al lavoro, non ebbe alcuna responsabilit\u00e0 nel verificarsi del sinistro.<em>\u00a0 \u201cDalla consulenza tecnica affidata all\u2019ingegner Andrea Calzavara \u00e8 emerso che l\u2019automobilista guidava ad almeno 90 chilometri orari; quindi, ben oltre il limite consentito su quel tratto di 70 km\/h \u2013 spiega Gennaro Pisacane, responsabile della sede di Giesse Risarcimento Danni a Belluno \u2013 Probabilmente, una volta uscito dalla galleria, non \u00e8 stato in grado di mantenere la guida dell\u2019auto e ha invaso la corsia opposta. Il consulente tecnico ha sottolineato che l\u2019assenza di qualsiasi tentativo di frenata o di correzione della traiettoria da parte dell\u2019automobilista pu\u00f2 essere spiegata solo con un colpo di sonno o con una distrazione dello stesso, oltre che naturalmente con l\u2019elevata velocit\u00e0\u201d.<\/em><\/p>\n<p><strong>LA SEQUENZA DELLE IMMAGINI<\/strong><\/p>\n\n\t\t\t<style type='text\/css'>\n\t\t\t\t#gallery-1 {\n\t\t\t\t\tmargin: auto;\n\t\t\t\t}\n\t\t\t\t#gallery-1 .gallery-item {\n\t\t\t\t\tfloat: left;\n\t\t\t\t\tmargin-top: 10px;\n\t\t\t\t\ttext-align: center;\n\t\t\t\t\twidth: 25%;\n\t\t\t\t}\n\t\t\t\t#gallery-1 img {\n\t\t\t\t\tborder: 2px solid #cfcfcf;\n\t\t\t\t}\n\t\t\t\t#gallery-1 .gallery-caption {\n\t\t\t\t\tmargin-left: 0;\n\t\t\t\t}\n\t\t\t\t\/* see gallery_shortcode() in wp-includes\/media.php *\/\n\t\t\t<\/style>\n\t\t<div id='gallery-1' class='dt-gallery-container gallery galleryid-322665 gallery-columns-4 gallery-size-thumbnail'><dl class='gallery-item'>\n\t\t\t\t<dt class='gallery-icon landscape'>\n\t\t\t\t\t<a class=\"rollover rollover-zoom dt-pswp-item\" title=\"1\" data-dt-img-description=\"\" data-large_image_width=\"970\" data-large_image_height=\"664\"href='https:\/\/www.radiopiu.net\/wordpress\/wp-content\/uploads\/2023\/02\/1-1.jpg'><img loading=\"lazy\" decoding=\"async\" width=\"150\" height=\"150\" src=\"https:\/\/www.radiopiu.net\/wordpress\/wp-content\/uploads\/2023\/02\/1-1-150x150.jpg\" class=\"attachment-thumbnail size-thumbnail\" alt=\"\" \/><\/a>\n\t\t\t\t<\/dt><\/dl><dl class='gallery-item'>\n\t\t\t\t<dt class='gallery-icon landscape'>\n\t\t\t\t\t<a class=\"rollover rollover-zoom dt-pswp-item\" title=\"2\" data-dt-img-description=\"\" data-large_image_width=\"974\" data-large_image_height=\"666\"href='https:\/\/www.radiopiu.net\/wordpress\/wp-content\/uploads\/2023\/02\/2-1.jpg'><img loading=\"lazy\" decoding=\"async\" width=\"150\" height=\"150\" src=\"https:\/\/www.radiopiu.net\/wordpress\/wp-content\/uploads\/2023\/02\/2-1-150x150.jpg\" class=\"attachment-thumbnail size-thumbnail\" alt=\"\" \/><\/a>\n\t\t\t\t<\/dt><\/dl><dl class='gallery-item'>\n\t\t\t\t<dt class='gallery-icon landscape'>\n\t\t\t\t\t<a class=\"rollover rollover-zoom dt-pswp-item\" title=\"3\" data-dt-img-description=\"\" data-large_image_width=\"980\" data-large_image_height=\"667\"href='https:\/\/www.radiopiu.net\/wordpress\/wp-content\/uploads\/2023\/02\/3-1.jpg'><img loading=\"lazy\" decoding=\"async\" width=\"150\" height=\"150\" src=\"https:\/\/www.radiopiu.net\/wordpress\/wp-content\/uploads\/2023\/02\/3-1-150x150.jpg\" class=\"attachment-thumbnail size-thumbnail\" alt=\"\" \/><\/a>\n\t\t\t\t<\/dt><\/dl><dl class='gallery-item'>\n\t\t\t\t<dt class='gallery-icon landscape'>\n\t\t\t\t\t<a class=\"rollover rollover-zoom dt-pswp-item\" title=\"4\" data-dt-img-description=\"\" data-large_image_width=\"983\" data-large_image_height=\"670\"href='https:\/\/www.radiopiu.net\/wordpress\/wp-content\/uploads\/2023\/02\/4-1.jpg'><img loading=\"lazy\" decoding=\"async\" width=\"150\" height=\"150\" src=\"https:\/\/www.radiopiu.net\/wordpress\/wp-content\/uploads\/2023\/02\/4-1-150x150.jpg\" class=\"attachment-thumbnail size-thumbnail\" alt=\"\" \/><\/a>\n\t\t\t\t<\/dt><\/dl><br style=\"clear: both\" \/>\n\t\t\t<\/div>\n\n<p>&nbsp;<\/p>\n<p>&nbsp;<\/p>\n<hr \/>\n<p>&nbsp;<\/p>\n<blockquote>\n<h3>ESCE PER UNA PASSEGGIATA, LO TROVA LA MOGLIE PRIVA DI COSCIENZA<\/h3>\n<\/blockquote>\n<p style=\"text-align: left;\"><strong><img decoding=\"async\" class=\"alignleft\" src=\"https:\/\/www.radiopiu.net\/wordpress\/wp-content\/uploads\/2023\/02\/Senza-nome-52.jpg\" \/>COMELICO SUPERIORE<\/strong> Ieri\u00a0 mattina verso le 10.30 \u00e8 scattato l&#8217;allarme per un uomo rinvenuto dalla moglie privo di coscienza, lungo una strada boschiva in localit\u00e0 Federe, sopra l&#8217;abitato di Casamazzagno. Il settantenne, Gildo Zanderigo,\u00a0 del posto non era rientrato da una camminata e la moglie era andata a cercarlo nei luoghi frequentati abitualmente, dove lo aveva rinvenuto a terra. Sul posto sono stati inviati una squadra del Soccorso alpino della Val Comelico e della Guardia di Finanza, assieme a un&#8217;ambulanza. La nebbia, che ne impediva l&#8217;avvicinamento, ha poi aperto un varco ed \u00e8 intervenuto l&#8217;elicottero del Suem di Pieve di Cadore. Prestate le prime cure, l&#8217;uomo \u00e8 stato imbarcato e trasportato all&#8217;ospedale di Treviso.<\/p>\n<p>L&#8217;uomo era in ipotermia, ma aveva ripreso conoscenza ed \u00e8 stato curato sul posto, prima del trasporto all&#8217;ospedale Ca&#8217; Foncello di Treviso.\u00a0 Zanderigo aveva sofferto un malore e si era accasciato a terra, perdendo conoscenza. Era infreddolito, ma respirava e i soccorsi sono arrivati nel giro di qualche minuto. Zanderigo \u00e8 l&#8217;anima dei Rondi, il sodalizio alpinistico che ha raccolto l&#8217;eredit\u00e0 del Gruppo dei rocciatori della Val Comelico e nel 2001 gli \u00e8 stato assegnato il premio Pelmo d&#8217;Oro nell&#8217;arrampicata<\/p>\n<p>&nbsp;<\/p>\n<p>&nbsp;<\/p>\n<hr \/>\n<p>&nbsp;<\/p>\n<blockquote>\n<h3>QUATTRO INTERVENTI DEL SOCCORSO ALPINO PER QUATTRO SCIALPINISTI INFORTUNATI<\/h3>\n<\/blockquote>\n<p><a class=\"dt-pswp-item\" href=\"https:\/\/www.radiopiu.net\/wordpress\/wp-content\/uploads\/2022\/09\/309142707_771246390814523_5693451179006834112_n.jpg\" data-dt-img-description=\"\" data-large_image_width=\"2048\" data-large_image_height=\"1212\"><img loading=\"lazy\" decoding=\"async\" class=\" wp-image-298850 alignleft\" src=\"https:\/\/www.radiopiu.net\/wordpress\/wp-content\/uploads\/2022\/09\/309142707_771246390814523_5693451179006834112_n-300x178.jpg\" alt=\"\" width=\"212\" height=\"126\" srcset=\"https:\/\/www.radiopiu.net\/wordpress\/wp-content\/uploads\/2022\/09\/309142707_771246390814523_5693451179006834112_n-300x178.jpg 300w, https:\/\/www.radiopiu.net\/wordpress\/wp-content\/uploads\/2022\/09\/309142707_771246390814523_5693451179006834112_n-1024x606.jpg 1024w, https:\/\/www.radiopiu.net\/wordpress\/wp-content\/uploads\/2022\/09\/309142707_771246390814523_5693451179006834112_n-768x455.jpg 768w, https:\/\/www.radiopiu.net\/wordpress\/wp-content\/uploads\/2022\/09\/309142707_771246390814523_5693451179006834112_n-1536x909.jpg 1536w, https:\/\/www.radiopiu.net\/wordpress\/wp-content\/uploads\/2022\/09\/309142707_771246390814523_5693451179006834112_n.jpg 2048w\" sizes=\"auto, (max-width: 212px) 100vw, 212px\" \/><\/a>Quattro scialpinisti sono stati recuperati ieri sulle montagne bellunesi per altrettanti infortuni, con la nebbia che ha ostacolato l&#8217;avvicinamento degli elicotteri.<\/p>\n<p><strong>FALCADE <\/strong>Attorno a mezzogiorno l&#8217;eliambulanza di Trento \u00e8 volata a Falcade, sulla Forca Rossa, dove uno scialpinista trentino di 38 anni aveva riportato un probabile trauma al ginocchio. Imbarcato assieme alla compagna, l&#8217;uomo \u00e8 stato trasportato all&#8217;ospedale di Trento.<\/p>\n<p><strong>SAN VITO DI CADORE <\/strong>Una squadra del Soccorso alpino di Cortina \u00e8 stata trasportata in quota a Mondeval dall&#8217;elicottero dell&#8217;Air service center, convenzionato con il Soccorso alpino Dolomiti Bellunesi. I soccorritori hanno quindi raggiunto uno scialpinista 50enne di Scorz\u00e8 (VE) e gli hanno prestato le prime cure a seguito di una possibile distorsione al ginocchio. L&#8217;uomo \u00e8 stato poi accompagnato all&#8217;ospedale di Cortina.<\/p>\n<p><strong>AURONZO <\/strong>Allertate alle 13.30 di ieri, le squadre del Soccorso alpino dell&#8217;Alpago erano gi\u00e0 partite con sci e toboga da Pian de le Stele, dopo esservi arrivate con il quod, in direzione di Forcella Cornor. Scendendo con una comitiva di sciatori infatti una 56enne di Vittorio Veneto (TV) aveva messo male una gamba, con conseguente sospetto trauma al ginocchio ed erano risultati vani i tentativi di avvicinamento da parte dell&#8217;elicottero di Treviso emergenza e del Friuli Venezia Giulia, bloccati dalla nebbia. Fortunatamente di seguito \u00e8 riuscita l&#8217;eliambulanza del Suem di Pieve di Cadore che, individuato il punto, ha trovare uno spiazzo dove atterrare a 1.800 metri di quota. La donna \u00e8 stata portata al San Martino.<\/p>\n<p><strong>CORTINA <\/strong>\u00c8 residente a Praga l&#8217;ultimo scialpinista in difficolt\u00e0. L&#8217;uomo, che a seguito di una caduta si era fatto male a una spalla alla fine della Val Fonda sul Cristallo, \u00e8 stato inizialmente aiutato da una squadra del Soccorso alpino di Cortina, trasportata a bordo dell&#8217;elicottero dell&#8217;Air service center, e poi recuperato con un verricello dal tecnico di elisoccorso dell&#8217;elicottero di Pieve di Cadore.<\/p>\n<p>&nbsp;<\/p>\n<p>&nbsp;<\/p>\n<hr \/>\n<p>&nbsp;<\/p>\n<blockquote>\n<h3>TERREMOTO TURCHIA, RIENTRATO IN ITALIA IL CONTINGENTE DEI VIGILI DEL FUOCO<\/h3>\n<\/blockquote>\n<p><strong>REDAZIONE<\/strong> Sono atterrati a Pisa e Pratica di Mare gli aerei di Guardia di Finanza e Aeronautica Militare che hanno riportato in Italia il contingente dei vigili del fuoco che ha operato in aiuto alla popolazione nella missione coordinata dal Dipartimento di Protezione Civile. Alle 20:20 l\u2019arrivo dell\u2019Atr 42 della Guardia di Finanza all\u2019aeroporto militare di Pisa con a bordo il contingente USAR del Veneto e Friuli Venezia Giulia e personale sanitario. Ad accogliere gli operatori il direttore regionale dei Vigili del fuoco della Toscana Marco Frezza e il comandante di Pisa Nicola Cianelli (team leadear) del primo contingente USAR inviato in Turchia. Il personale \u00e8 stato salutato anche dal capo del corpo nazionale dei Vigili del fuoco Guido Parisi in collegamento telefonico. Il team USAR del Veneto e Friuli Venezia Giulia, composto da 15 operatori guidato dall\u2019ing. Francesco Cicirello e poi rientrato nella notte presso il comando di Venezia, da dove erano partiti la settimana scorsa.<\/p>\n<p><strong>IL RINGRAZIAMENTO DEL PRESIDENTE DEL VENETO LUCA ZAIA<\/strong><\/p>\n<p><strong>VENEZIA <\/strong>\u201cVoglio ringraziare chi, in Turchia, ha portato soccorso, aiuto, conforto. E l\u2019ha fatto con la solita professionalit\u00e0 che contraddistingue i Vigili del Fuoco, abituati ad agire dove lo scenario impone una grande preparazione tecnica, unita a doti umane non comuni. E la grande competenza degli uomini del Soccorso Alpino della Guardia di Finanza, soccorritori di primo piano\u201d, dichiara il Presidente della Regione Veneto, Luca Zaia.<\/p>\n\n\t\t\t<style type='text\/css'>\n\t\t\t\t#gallery-2 {\n\t\t\t\t\tmargin: auto;\n\t\t\t\t}\n\t\t\t\t#gallery-2 .gallery-item {\n\t\t\t\t\tfloat: left;\n\t\t\t\t\tmargin-top: 10px;\n\t\t\t\t\ttext-align: center;\n\t\t\t\t\twidth: 33%;\n\t\t\t\t}\n\t\t\t\t#gallery-2 img {\n\t\t\t\t\tborder: 2px solid #cfcfcf;\n\t\t\t\t}\n\t\t\t\t#gallery-2 .gallery-caption {\n\t\t\t\t\tmargin-left: 0;\n\t\t\t\t}\n\t\t\t\t\/* see gallery_shortcode() in wp-includes\/media.php *\/\n\t\t\t<\/style>\n\t\t<div id='gallery-2' class='dt-gallery-container gallery galleryid-322665 gallery-columns-3 gallery-size-medium'><dl class='gallery-item'>\n\t\t\t\t<dt class='gallery-icon landscape'>\n\t\t\t\t\t<a class=\"rollover rollover-zoom dt-pswp-item\" title=\"04eda953-26d2-48ed-8860-4a23983b2cb6\" data-dt-img-description=\"\" data-large_image_width=\"1600\" data-large_image_height=\"1066\"href='https:\/\/www.radiopiu.net\/wordpress\/wp-content\/uploads\/2023\/02\/04eda953-26d2-48ed-8860-4a23983b2cb6.jpg'><img loading=\"lazy\" decoding=\"async\" width=\"300\" height=\"200\" src=\"https:\/\/www.radiopiu.net\/wordpress\/wp-content\/uploads\/2023\/02\/04eda953-26d2-48ed-8860-4a23983b2cb6-300x200.jpg\" class=\"attachment-medium size-medium\" alt=\"\" srcset=\"https:\/\/www.radiopiu.net\/wordpress\/wp-content\/uploads\/2023\/02\/04eda953-26d2-48ed-8860-4a23983b2cb6-300x200.jpg 300w, https:\/\/www.radiopiu.net\/wordpress\/wp-content\/uploads\/2023\/02\/04eda953-26d2-48ed-8860-4a23983b2cb6-1024x682.jpg 1024w, https:\/\/www.radiopiu.net\/wordpress\/wp-content\/uploads\/2023\/02\/04eda953-26d2-48ed-8860-4a23983b2cb6-768x512.jpg 768w, https:\/\/www.radiopiu.net\/wordpress\/wp-content\/uploads\/2023\/02\/04eda953-26d2-48ed-8860-4a23983b2cb6-1536x1023.jpg 1536w, https:\/\/www.radiopiu.net\/wordpress\/wp-content\/uploads\/2023\/02\/04eda953-26d2-48ed-8860-4a23983b2cb6.jpg 1600w\" sizes=\"auto, (max-width: 300px) 100vw, 300px\" \/><\/a>\n\t\t\t\t<\/dt><\/dl><dl class='gallery-item'>\n\t\t\t\t<dt class='gallery-icon landscape'>\n\t\t\t\t\t<a class=\"rollover rollover-zoom dt-pswp-item\" title=\"964e33cc-c4f7-4f56-b604-720f0418d2cd\" data-dt-img-description=\"\" data-large_image_width=\"1600\" data-large_image_height=\"1066\"href='https:\/\/www.radiopiu.net\/wordpress\/wp-content\/uploads\/2023\/02\/964e33cc-c4f7-4f56-b604-720f0418d2cd.jpg'><img loading=\"lazy\" decoding=\"async\" width=\"300\" height=\"200\" src=\"https:\/\/www.radiopiu.net\/wordpress\/wp-content\/uploads\/2023\/02\/964e33cc-c4f7-4f56-b604-720f0418d2cd-300x200.jpg\" class=\"attachment-medium size-medium\" alt=\"\" srcset=\"https:\/\/www.radiopiu.net\/wordpress\/wp-content\/uploads\/2023\/02\/964e33cc-c4f7-4f56-b604-720f0418d2cd-300x200.jpg 300w, https:\/\/www.radiopiu.net\/wordpress\/wp-content\/uploads\/2023\/02\/964e33cc-c4f7-4f56-b604-720f0418d2cd-1024x682.jpg 1024w, https:\/\/www.radiopiu.net\/wordpress\/wp-content\/uploads\/2023\/02\/964e33cc-c4f7-4f56-b604-720f0418d2cd-768x512.jpg 768w, https:\/\/www.radiopiu.net\/wordpress\/wp-content\/uploads\/2023\/02\/964e33cc-c4f7-4f56-b604-720f0418d2cd-1536x1023.jpg 1536w, https:\/\/www.radiopiu.net\/wordpress\/wp-content\/uploads\/2023\/02\/964e33cc-c4f7-4f56-b604-720f0418d2cd.jpg 1600w\" sizes=\"auto, (max-width: 300px) 100vw, 300px\" \/><\/a>\n\t\t\t\t<\/dt><\/dl><dl class='gallery-item'>\n\t\t\t\t<dt class='gallery-icon landscape'>\n\t\t\t\t\t<a class=\"rollover rollover-zoom dt-pswp-item\" title=\"d32187ce-a8ee-4ff8-9ac4-173aa81af3b1\" data-dt-img-description=\"\" data-large_image_width=\"1600\" data-large_image_height=\"1066\"href='https:\/\/www.radiopiu.net\/wordpress\/wp-content\/uploads\/2023\/02\/d32187ce-a8ee-4ff8-9ac4-173aa81af3b1.jpg'><img loading=\"lazy\" decoding=\"async\" width=\"300\" height=\"200\" src=\"https:\/\/www.radiopiu.net\/wordpress\/wp-content\/uploads\/2023\/02\/d32187ce-a8ee-4ff8-9ac4-173aa81af3b1-300x200.jpg\" class=\"attachment-medium size-medium\" alt=\"\" srcset=\"https:\/\/www.radiopiu.net\/wordpress\/wp-content\/uploads\/2023\/02\/d32187ce-a8ee-4ff8-9ac4-173aa81af3b1-300x200.jpg 300w, https:\/\/www.radiopiu.net\/wordpress\/wp-content\/uploads\/2023\/02\/d32187ce-a8ee-4ff8-9ac4-173aa81af3b1-1024x682.jpg 1024w, https:\/\/www.radiopiu.net\/wordpress\/wp-content\/uploads\/2023\/02\/d32187ce-a8ee-4ff8-9ac4-173aa81af3b1-768x512.jpg 768w, https:\/\/www.radiopiu.net\/wordpress\/wp-content\/uploads\/2023\/02\/d32187ce-a8ee-4ff8-9ac4-173aa81af3b1-1536x1023.jpg 1536w, https:\/\/www.radiopiu.net\/wordpress\/wp-content\/uploads\/2023\/02\/d32187ce-a8ee-4ff8-9ac4-173aa81af3b1.jpg 1600w\" sizes=\"auto, (max-width: 300px) 100vw, 300px\" \/><\/a>\n\t\t\t\t<\/dt><\/dl><br style=\"clear: both\" \/><dl class='gallery-item'>\n\t\t\t\t<dt class='gallery-icon landscape'>\n\t\t\t\t\t<a class=\"rollover rollover-zoom dt-pswp-item\" title=\"122b29aa-847b-4608-9d22-64d341bda353\" data-dt-img-description=\"\" data-large_image_width=\"1600\" data-large_image_height=\"1066\"href='https:\/\/www.radiopiu.net\/wordpress\/wp-content\/uploads\/2023\/02\/122b29aa-847b-4608-9d22-64d341bda353.jpg'><img loading=\"lazy\" decoding=\"async\" width=\"300\" height=\"200\" src=\"https:\/\/www.radiopiu.net\/wordpress\/wp-content\/uploads\/2023\/02\/122b29aa-847b-4608-9d22-64d341bda353-300x200.jpg\" class=\"attachment-medium size-medium\" alt=\"\" srcset=\"https:\/\/www.radiopiu.net\/wordpress\/wp-content\/uploads\/2023\/02\/122b29aa-847b-4608-9d22-64d341bda353-300x200.jpg 300w, https:\/\/www.radiopiu.net\/wordpress\/wp-content\/uploads\/2023\/02\/122b29aa-847b-4608-9d22-64d341bda353-1024x682.jpg 1024w, https:\/\/www.radiopiu.net\/wordpress\/wp-content\/uploads\/2023\/02\/122b29aa-847b-4608-9d22-64d341bda353-768x512.jpg 768w, https:\/\/www.radiopiu.net\/wordpress\/wp-content\/uploads\/2023\/02\/122b29aa-847b-4608-9d22-64d341bda353-1536x1023.jpg 1536w, https:\/\/www.radiopiu.net\/wordpress\/wp-content\/uploads\/2023\/02\/122b29aa-847b-4608-9d22-64d341bda353.jpg 1600w\" sizes=\"auto, (max-width: 300px) 100vw, 300px\" \/><\/a>\n\t\t\t\t<\/dt><\/dl><dl class='gallery-item'>\n\t\t\t\t<dt class='gallery-icon landscape'>\n\t\t\t\t\t<a class=\"rollover rollover-zoom dt-pswp-item\" title=\"58810b9a-453a-4c12-a83b-a003cb604714\" data-dt-img-description=\"\" data-large_image_width=\"1600\" data-large_image_height=\"900\"href='https:\/\/www.radiopiu.net\/wordpress\/wp-content\/uploads\/2023\/02\/58810b9a-453a-4c12-a83b-a003cb604714.jpg'><img loading=\"lazy\" decoding=\"async\" width=\"300\" height=\"169\" src=\"https:\/\/www.radiopiu.net\/wordpress\/wp-content\/uploads\/2023\/02\/58810b9a-453a-4c12-a83b-a003cb604714-300x169.jpg\" class=\"attachment-medium size-medium\" alt=\"\" srcset=\"https:\/\/www.radiopiu.net\/wordpress\/wp-content\/uploads\/2023\/02\/58810b9a-453a-4c12-a83b-a003cb604714-300x169.jpg 300w, https:\/\/www.radiopiu.net\/wordpress\/wp-content\/uploads\/2023\/02\/58810b9a-453a-4c12-a83b-a003cb604714-1024x576.jpg 1024w, https:\/\/www.radiopiu.net\/wordpress\/wp-content\/uploads\/2023\/02\/58810b9a-453a-4c12-a83b-a003cb604714-768x432.jpg 768w, https:\/\/www.radiopiu.net\/wordpress\/wp-content\/uploads\/2023\/02\/58810b9a-453a-4c12-a83b-a003cb604714-1536x864.jpg 1536w, https:\/\/www.radiopiu.net\/wordpress\/wp-content\/uploads\/2023\/02\/58810b9a-453a-4c12-a83b-a003cb604714.jpg 1600w\" sizes=\"auto, (max-width: 300px) 100vw, 300px\" \/><\/a>\n\t\t\t\t<\/dt><\/dl><dl class='gallery-item'>\n\t\t\t\t<dt class='gallery-icon landscape'>\n\t\t\t\t\t<a class=\"rollover rollover-zoom dt-pswp-item\" title=\"81a33973-fe22-4cb9-85cb-3b49c17fafcd\" data-dt-img-description=\"\" data-large_image_width=\"1600\" data-large_image_height=\"900\"href='https:\/\/www.radiopiu.net\/wordpress\/wp-content\/uploads\/2023\/02\/81a33973-fe22-4cb9-85cb-3b49c17fafcd.jpg'><img loading=\"lazy\" decoding=\"async\" width=\"300\" height=\"169\" src=\"https:\/\/www.radiopiu.net\/wordpress\/wp-content\/uploads\/2023\/02\/81a33973-fe22-4cb9-85cb-3b49c17fafcd-300x169.jpg\" class=\"attachment-medium size-medium\" alt=\"\" srcset=\"https:\/\/www.radiopiu.net\/wordpress\/wp-content\/uploads\/2023\/02\/81a33973-fe22-4cb9-85cb-3b49c17fafcd-300x169.jpg 300w, https:\/\/www.radiopiu.net\/wordpress\/wp-content\/uploads\/2023\/02\/81a33973-fe22-4cb9-85cb-3b49c17fafcd-1024x576.jpg 1024w, https:\/\/www.radiopiu.net\/wordpress\/wp-content\/uploads\/2023\/02\/81a33973-fe22-4cb9-85cb-3b49c17fafcd-768x432.jpg 768w, https:\/\/www.radiopiu.net\/wordpress\/wp-content\/uploads\/2023\/02\/81a33973-fe22-4cb9-85cb-3b49c17fafcd-1536x864.jpg 1536w, https:\/\/www.radiopiu.net\/wordpress\/wp-content\/uploads\/2023\/02\/81a33973-fe22-4cb9-85cb-3b49c17fafcd.jpg 1600w\" sizes=\"auto, (max-width: 300px) 100vw, 300px\" \/><\/a>\n\t\t\t\t<\/dt><\/dl><br style=\"clear: both\" \/><dl class='gallery-item'>\n\t\t\t\t<dt class='gallery-icon landscape'>\n\t\t\t\t\t<a class=\"rollover rollover-zoom dt-pswp-item\" title=\"453cc760-7430-4d1a-85a7-7edb1372b7ad\" data-dt-img-description=\"\" data-large_image_width=\"1600\" data-large_image_height=\"900\"href='https:\/\/www.radiopiu.net\/wordpress\/wp-content\/uploads\/2023\/02\/453cc760-7430-4d1a-85a7-7edb1372b7ad.jpg'><img loading=\"lazy\" decoding=\"async\" width=\"300\" height=\"169\" src=\"https:\/\/www.radiopiu.net\/wordpress\/wp-content\/uploads\/2023\/02\/453cc760-7430-4d1a-85a7-7edb1372b7ad-300x169.jpg\" class=\"attachment-medium size-medium\" alt=\"\" srcset=\"https:\/\/www.radiopiu.net\/wordpress\/wp-content\/uploads\/2023\/02\/453cc760-7430-4d1a-85a7-7edb1372b7ad-300x169.jpg 300w, https:\/\/www.radiopiu.net\/wordpress\/wp-content\/uploads\/2023\/02\/453cc760-7430-4d1a-85a7-7edb1372b7ad-1024x576.jpg 1024w, https:\/\/www.radiopiu.net\/wordpress\/wp-content\/uploads\/2023\/02\/453cc760-7430-4d1a-85a7-7edb1372b7ad-768x432.jpg 768w, https:\/\/www.radiopiu.net\/wordpress\/wp-content\/uploads\/2023\/02\/453cc760-7430-4d1a-85a7-7edb1372b7ad-1536x864.jpg 1536w, https:\/\/www.radiopiu.net\/wordpress\/wp-content\/uploads\/2023\/02\/453cc760-7430-4d1a-85a7-7edb1372b7ad.jpg 1600w\" sizes=\"auto, (max-width: 300px) 100vw, 300px\" \/><\/a>\n\t\t\t\t<\/dt><\/dl><dl class='gallery-item'>\n\t\t\t\t<dt class='gallery-icon landscape'>\n\t\t\t\t\t<a class=\"rollover rollover-zoom dt-pswp-item\" title=\"13d5944d-b15a-447b-af24-de7a8201e863\" data-dt-img-description=\"\" data-large_image_width=\"1600\" data-large_image_height=\"900\"href='https:\/\/www.radiopiu.net\/wordpress\/wp-content\/uploads\/2023\/02\/13d5944d-b15a-447b-af24-de7a8201e863.jpg'><img loading=\"lazy\" decoding=\"async\" width=\"300\" height=\"169\" src=\"https:\/\/www.radiopiu.net\/wordpress\/wp-content\/uploads\/2023\/02\/13d5944d-b15a-447b-af24-de7a8201e863-300x169.jpg\" class=\"attachment-medium size-medium\" alt=\"\" srcset=\"https:\/\/www.radiopiu.net\/wordpress\/wp-content\/uploads\/2023\/02\/13d5944d-b15a-447b-af24-de7a8201e863-300x169.jpg 300w, https:\/\/www.radiopiu.net\/wordpress\/wp-content\/uploads\/2023\/02\/13d5944d-b15a-447b-af24-de7a8201e863-1024x576.jpg 1024w, https:\/\/www.radiopiu.net\/wordpress\/wp-content\/uploads\/2023\/02\/13d5944d-b15a-447b-af24-de7a8201e863-768x432.jpg 768w, https:\/\/www.radiopiu.net\/wordpress\/wp-content\/uploads\/2023\/02\/13d5944d-b15a-447b-af24-de7a8201e863-1536x864.jpg 1536w, https:\/\/www.radiopiu.net\/wordpress\/wp-content\/uploads\/2023\/02\/13d5944d-b15a-447b-af24-de7a8201e863.jpg 1600w\" sizes=\"auto, (max-width: 300px) 100vw, 300px\" \/><\/a>\n\t\t\t\t<\/dt><\/dl><dl class='gallery-item'>\n\t\t\t\t<dt class='gallery-icon landscape'>\n\t\t\t\t\t<a class=\"rollover rollover-zoom dt-pswp-item\" title=\"d32dac04-1670-4dfe-9bd9-91b6f56712ff\" data-dt-img-description=\"\" data-large_image_width=\"1600\" data-large_image_height=\"900\"href='https:\/\/www.radiopiu.net\/wordpress\/wp-content\/uploads\/2023\/02\/d32dac04-1670-4dfe-9bd9-91b6f56712ff.jpg'><img loading=\"lazy\" decoding=\"async\" width=\"300\" height=\"169\" src=\"https:\/\/www.radiopiu.net\/wordpress\/wp-content\/uploads\/2023\/02\/d32dac04-1670-4dfe-9bd9-91b6f56712ff-300x169.jpg\" class=\"attachment-medium size-medium\" alt=\"\" srcset=\"https:\/\/www.radiopiu.net\/wordpress\/wp-content\/uploads\/2023\/02\/d32dac04-1670-4dfe-9bd9-91b6f56712ff-300x169.jpg 300w, https:\/\/www.radiopiu.net\/wordpress\/wp-content\/uploads\/2023\/02\/d32dac04-1670-4dfe-9bd9-91b6f56712ff-1024x576.jpg 1024w, https:\/\/www.radiopiu.net\/wordpress\/wp-content\/uploads\/2023\/02\/d32dac04-1670-4dfe-9bd9-91b6f56712ff-768x432.jpg 768w, https:\/\/www.radiopiu.net\/wordpress\/wp-content\/uploads\/2023\/02\/d32dac04-1670-4dfe-9bd9-91b6f56712ff-1536x864.jpg 1536w, https:\/\/www.radiopiu.net\/wordpress\/wp-content\/uploads\/2023\/02\/d32dac04-1670-4dfe-9bd9-91b6f56712ff.jpg 1600w\" sizes=\"auto, (max-width: 300px) 100vw, 300px\" \/><\/a>\n\t\t\t\t<\/dt><\/dl><br style=\"clear: both\" \/>\n\t\t\t<\/div>\n\n<p>&nbsp;<\/p>\n<p><iframe loading=\"lazy\" title=\"Rientro USAR TURCHIA\" width=\"1200\" height=\"675\" src=\"https:\/\/www.youtube.com\/embed\/FlU1K7GGD4A?feature=oembed\" frameborder=\"0\" allow=\"accelerometer; autoplay; clipboard-write; encrypted-media; gyroscope; picture-in-picture; web-share\" allowfullscreen><\/iframe><\/p>\n<p>&nbsp;<\/p>\n<hr \/>\n<p>&nbsp;<\/p>\n<p>&nbsp;<\/p>\n<blockquote>\n<h3>ATTENZIONE ALLE TRUFFE&#8230; ANCHE PER IL TURISMO ALLE RADICI<\/h3>\n<\/blockquote>\n<p><strong>VAL DI ZOLDO<\/strong>\u00abIl turismo delle radici? Una bella storia, che commuove. Ma \u00e8 bene tenere gli occgi ben aperti\u00bb.Parole del sindaco di Val di Zoldo Camillo De Pellegrin. L&#8217;entusiasmo mostrato da Oscar De Bona di Abm e da Dario Scopel, sindaco di Seren, fanno scattare il campanello d&#8217;allarme: molti punti oscuri e\u00a0 faccendieri privi di scrupoli.\u00a0 Sono stati scoperti ovunque traffici illegali legati alle cittadinanze facili spesso con la complicit\u00e0 di alcuni dipendenti comunali.<\/p>\n<p>&nbsp;<\/p>\n<p><strong><a class=\"dt-pswp-item\" href=\"https:\/\/www.radiopiu.net\/wordpress\/wp-content\/uploads\/2023\/02\/96c3449b-251a-4efd-8950-58f0cb2ac9b1.jpg\" data-dt-img-description=\"\" data-large_image_width=\"921\" data-large_image_height=\"2048\"><img loading=\"lazy\" decoding=\"async\" class=\" wp-image-322927 alignleft\" src=\"https:\/\/www.radiopiu.net\/wordpress\/wp-content\/uploads\/2023\/02\/96c3449b-251a-4efd-8950-58f0cb2ac9b1-135x300.jpg\" alt=\"\" width=\"119\" height=\"264\" srcset=\"https:\/\/www.radiopiu.net\/wordpress\/wp-content\/uploads\/2023\/02\/96c3449b-251a-4efd-8950-58f0cb2ac9b1-135x300.jpg 135w, https:\/\/www.radiopiu.net\/wordpress\/wp-content\/uploads\/2023\/02\/96c3449b-251a-4efd-8950-58f0cb2ac9b1-461x1024.jpg 461w, https:\/\/www.radiopiu.net\/wordpress\/wp-content\/uploads\/2023\/02\/96c3449b-251a-4efd-8950-58f0cb2ac9b1-768x1708.jpg 768w, https:\/\/www.radiopiu.net\/wordpress\/wp-content\/uploads\/2023\/02\/96c3449b-251a-4efd-8950-58f0cb2ac9b1-691x1536.jpg 691w, https:\/\/www.radiopiu.net\/wordpress\/wp-content\/uploads\/2023\/02\/96c3449b-251a-4efd-8950-58f0cb2ac9b1.jpg 921w\" sizes=\"auto, (max-width: 119px) 100vw, 119px\" \/><\/a>di Camillo De Pellegrin, sindaco Val di Zoldo<\/strong><\/p>\n<p><em>Il turismo delle radici. Una bella storia, che commuove. Chi pu\u00f2 criticare un progetto che permette agli oriundi bellunesi di venire a conoscere le loro radici? Chi conosce la verit\u00e0 su quello che sta dietro al traffico delle cittadinanza iure sanguinis per esempio! Traffici illeciti, truffe, enormi business. Molti punti oscuri. Faccendieri privi di scrupoli. Con le radici venete tutto ci\u00f2 non ha niente a che vedere. Chi aderisce a questo progetto con ingenuit\u00e0 rischia di esporsi a traffici che non immagina . I faccendieri sono gi\u00e0 pronti, basta guardare i commenti all&#8217;articolo. Noi lo sapevamo, ci siamo passati e non vogliamo che nel nostro comune tornino soggetti del genere. Il famoso procuratore degli oriundi italiani che li accompagnava a bordo di macchine lussuose a fare le pratiche nel nostro comune \u00e8 stato indagato per traffico internazionale di droga e altri reati. Non si scherza con questo tema. Come lui ce ne sono in tutta Italia. Sono stati scoperti ovunque traffici illegali legati alle cittadinanze facili spesso con la complicit\u00e0 di alcuni dipendenti comunali. I comuni sono gi\u00e0 oberati di pratiche e ricerche per il riconoscimento della cittadinanza per discendenza di sangue, un tema che va affrontato, con competenza, da chi lo conosce e risolto, una volta per tutte. Ma il business che gira attorno a tutto ci\u00f2 \u00e8 ben pi\u00f9 grave e problematico. Non si scherza.<\/em><\/p>\n<p>&nbsp;<\/p>\n<p>https:\/\/www.facebook.com\/watch\/?extid=CL-UNK-UNK-UNK-AN_GK0T-GK1C&#038;mibextid=2Rb1fB&#038;v=614573426582892<\/p>\n<p>&nbsp;<\/p>\n<hr \/>\n<p>&nbsp;<\/p>\n<div class=\"page-title-head hgroup\">\n<blockquote>\n<h3 class=\"entry-title\">VANDALI E CAFONI ANCHE AL BIVACCO BUZZATTI<\/h3>\n<\/blockquote>\n<\/div>\n<div class=\"page-title-breadcrumbs\">\n<p><strong><a class=\"dt-pswp-item\" href=\"https:\/\/www.radiopiu.net\/wordpress\/wp-content\/uploads\/2023\/02\/326910810_5854918684606789_2094058319844659884_n.jpg\" data-dt-img-description=\"\" data-large_image_width=\"450\" data-large_image_height=\"600\"><img loading=\"lazy\" decoding=\"async\" class=\" wp-image-322933 alignleft\" src=\"https:\/\/www.radiopiu.net\/wordpress\/wp-content\/uploads\/2023\/02\/326910810_5854918684606789_2094058319844659884_n-225x300.jpg\" alt=\"\" width=\"169\" height=\"225\" srcset=\"https:\/\/www.radiopiu.net\/wordpress\/wp-content\/uploads\/2023\/02\/326910810_5854918684606789_2094058319844659884_n-225x300.jpg 225w, https:\/\/www.radiopiu.net\/wordpress\/wp-content\/uploads\/2023\/02\/326910810_5854918684606789_2094058319844659884_n.jpg 450w\" sizes=\"auto, (max-width: 169px) 100vw, 169px\" \/><\/a>SOSPIROLO<\/strong> Arrivano al bivacco, si ingozzano di quello che trovano, svuotano la dispensa, si bevono l&#8217;impossibile e se ne vanno alla faccia dell&#8217;impegno dei volontari.\u00a0 Gianni Viel lo fa notare con un messaggio sulla pagine Facebook, punta il dito contro chi sale\u00a0 al Bivacco Buzzatti mangia e beve a sbafo e se ne va senza nulla lasciare.<\/p>\n<p>&nbsp;<\/p>\n<blockquote><p><em>Un po&#8217;di solidariet\u00e0 da parte degli escursionisti per il Bivacco Buzzatti. Provo un certo rammarico che tutta la legna sia stata consumata e che tutto quello che cera nella dispensa da me portato: vino,birra,acqua minerale caff\u00e8 zucchero altri viveri\u00a0 sia stato consumato senza che nessuno abbia provveduto a portare qualche cosa. Io faccio come si pu\u00f2 notare la manutenzione di prato e sentiero e cerco di migliorare anche l&#8217;interno del Bivacco facendo panche nuove portando su sedie,\u00a0 \u00a0ma non posso tutti gli anni anche accollarmi anche le spese per lasciare un minimo di viveri per chi ne avesse bisogno .<\/em><\/p><\/blockquote>\n<p>&nbsp;<\/p>\n<\/div>\n<p>&nbsp;<\/p>\n<p>&nbsp;<\/p>\n<hr \/>\n<p>&nbsp;<\/p>\n<blockquote>\n<h3>PER IL SINDACO DI ROCCA PIETORE CI SONO POSSIBILITA&#8217; DI TENERE APERTA LA SCUOLA PRIMARIA<\/h3>\n<\/blockquote>\n<p><strong><a class=\"dt-pswp-item\" href=\"https:\/\/www.radiopiu.net\/wordpress\/wp-content\/uploads\/2023\/02\/SCUOLE-ELEMENTARI-ROCCA.jpeg\" data-dt-img-description=\"\" data-large_image_width=\"1540\" data-large_image_height=\"1130\"><img loading=\"lazy\" decoding=\"async\" class=\" wp-image-322750 alignleft\" src=\"https:\/\/www.radiopiu.net\/wordpress\/wp-content\/uploads\/2023\/02\/SCUOLE-ELEMENTARI-ROCCA-300x220.jpeg\" alt=\"\" width=\"194\" height=\"142\" srcset=\"https:\/\/www.radiopiu.net\/wordpress\/wp-content\/uploads\/2023\/02\/SCUOLE-ELEMENTARI-ROCCA-300x220.jpeg 300w, https:\/\/www.radiopiu.net\/wordpress\/wp-content\/uploads\/2023\/02\/SCUOLE-ELEMENTARI-ROCCA-1024x751.jpeg 1024w, https:\/\/www.radiopiu.net\/wordpress\/wp-content\/uploads\/2023\/02\/SCUOLE-ELEMENTARI-ROCCA-768x564.jpeg 768w, https:\/\/www.radiopiu.net\/wordpress\/wp-content\/uploads\/2023\/02\/SCUOLE-ELEMENTARI-ROCCA-1536x1127.jpeg 1536w, https:\/\/www.radiopiu.net\/wordpress\/wp-content\/uploads\/2023\/02\/SCUOLE-ELEMENTARI-ROCCA.jpeg 1540w\" sizes=\"auto, (max-width: 194px) 100vw, 194px\" \/><\/a>ROCCA PIETORE<\/strong><\/p>\n<p>di Gianni Santomaso<\/p>\n<audio class=\"wp-audio-shortcode\" id=\"audio-322665-1\" preload=\"none\" style=\"width: 100%;\" controls=\"controls\"><source type=\"audio\/mpeg\" src=\"https:\/\/www.radiopiu.net\/wordpress\/wp-content\/uploads\/2023\/02\/GIANNI-PRIMARIA-ROCCA.mp3?_=1\" \/><a href=\"https:\/\/www.radiopiu.net\/wordpress\/wp-content\/uploads\/2023\/02\/GIANNI-PRIMARIA-ROCCA.mp3\">https:\/\/www.radiopiu.net\/wordpress\/wp-content\/uploads\/2023\/02\/GIANNI-PRIMARIA-ROCCA.mp3<\/a><\/audio>\n<p>&nbsp;<\/p>\n<p>&nbsp;<\/p>\n<h2><a class=\"dt-pswp-item\" href=\"https:\/\/www.radiopiu.net\/wordpress\/wp-content\/uploads\/2021\/03\/ANDREA-DE-BERNARDIN.jpg\" data-dt-img-description=\"andrea de bernardin\" data-large_image_width=\"960\" data-large_image_height=\"540\"><img loading=\"lazy\" decoding=\"async\" class=\"wp-image-195558 alignleft\" src=\"https:\/\/www.radiopiu.net\/wordpress\/wp-content\/uploads\/2021\/03\/ANDREA-DE-BERNARDIN-300x169.jpg\" alt=\"\" width=\"185\" height=\"104\" srcset=\"https:\/\/www.radiopiu.net\/wordpress\/wp-content\/uploads\/2021\/03\/ANDREA-DE-BERNARDIN-300x169.jpg 300w, https:\/\/www.radiopiu.net\/wordpress\/wp-content\/uploads\/2021\/03\/ANDREA-DE-BERNARDIN-768x432.jpg 768w, https:\/\/www.radiopiu.net\/wordpress\/wp-content\/uploads\/2021\/03\/ANDREA-DE-BERNARDIN.jpg 960w\" sizes=\"auto, (max-width: 185px) 100vw, 185px\" \/><\/a><span style=\"color: #008000;\">LA RASSEGNA STAMPA DA L&#8217;AMICO DEL POPOLO<\/span><\/h2>\n<p><strong>di Gianni Santomaso<\/strong><\/p>\n<p>OSPITE: Andrea De Bernardin, sindaco di Rocca Pietore<\/p>\n<audio class=\"wp-audio-shortcode\" id=\"audio-322665-2\" preload=\"none\" style=\"width: 100%;\" controls=\"controls\"><source type=\"audio\/mpeg\" src=\"https:\/\/www.radiopiu.net\/wordpress\/wp-content\/uploads\/2023\/02\/RASSEGNA-GIANNI-2.mp3?_=2\" \/><a href=\"https:\/\/www.radiopiu.net\/wordpress\/wp-content\/uploads\/2023\/02\/RASSEGNA-GIANNI-2.mp3\">https:\/\/www.radiopiu.net\/wordpress\/wp-content\/uploads\/2023\/02\/RASSEGNA-GIANNI-2.mp3<\/a><\/audio>\n<p>&nbsp;<\/p>\n<p>&nbsp;<\/p>\n<p>&nbsp;<\/p>\n<hr \/>\n<p>&nbsp;<\/p>\n<blockquote>\n<h3>A FALCADE SI PUO&#8217; PRENOTARE &#8220;LA PART DE LE LEGNE&#8221;<\/h3>\n<\/blockquote>\n<p><strong>FALCADE<\/strong> Anche quest&#8217;anno il Comune di Falcade non ha perso tempo, la part delle legne \u00e8 gi\u00e0 prenotabile. Con i prezzi attuali di gasolio, gas, legna e pellet (un po&#8217; calati rispetto a qualche mese fa ma sempre alti) vediamo quante richieste ci saranno&#8230;<\/p>\n<p><strong>L&#8217;AVVISO DEL COMUNE DI FALCADE<\/strong><\/p>\n<a href=\"https:\/\/www.radiopiu.net\/wordpress\/wp-content\/uploads\/2023\/02\/null.pdf\" class=\"pdfemb-viewer\" style=\"\" data-width=\"max\" data-height=\"max\" data-toolbar=\"top\" data-toolbar-fixed=\"on\">null<\/a>\n<p>&nbsp;<\/p>\n<hr \/>\n<p>&nbsp;<\/p>\n<blockquote>\n<h3>FESTEGGIATI 44 NEO LAUREATI A PONTE NELLE ALPI<\/h3>\n<\/blockquote>\n<p><strong><a class=\"dt-pswp-item\" href=\"https:\/\/www.radiopiu.net\/wordpress\/wp-content\/uploads\/2023\/02\/Festa_dei_laureati.jpg\" data-dt-img-description=\"\" data-large_image_width=\"2334\" data-large_image_height=\"1365\"><img loading=\"lazy\" decoding=\"async\" class=\" wp-image-322731 alignleft\" src=\"https:\/\/www.radiopiu.net\/wordpress\/wp-content\/uploads\/2023\/02\/Festa_dei_laureati-300x175.jpg\" alt=\"\" width=\"192\" height=\"112\" srcset=\"https:\/\/www.radiopiu.net\/wordpress\/wp-content\/uploads\/2023\/02\/Festa_dei_laureati-300x175.jpg 300w, https:\/\/www.radiopiu.net\/wordpress\/wp-content\/uploads\/2023\/02\/Festa_dei_laureati-1024x599.jpg 1024w, https:\/\/www.radiopiu.net\/wordpress\/wp-content\/uploads\/2023\/02\/Festa_dei_laureati-768x449.jpg 768w, https:\/\/www.radiopiu.net\/wordpress\/wp-content\/uploads\/2023\/02\/Festa_dei_laureati-1536x898.jpg 1536w, https:\/\/www.radiopiu.net\/wordpress\/wp-content\/uploads\/2023\/02\/Festa_dei_laureati-2048x1198.jpg 2048w\" sizes=\"auto, (max-width: 192px) 100vw, 192px\" \/><\/a>PONTE NELLE ALPI <\/strong>In una gremitissima sala consiliare di Ponte nelle Alpi, \u00e8 andata in scena la nuova edizione della Festa dei laureati. Davvero ampia la presenza di famiglie e amici a un\u2019iniziativa che, negli anni, ha riscontrato sempre pi\u00f9 interesse.<span class=\"gmail-Apple-converted-space\"> \u00a0<\/span>Da tempo, infatti, l\u2019amministrazione comunale di Ponte nelle Alpi riconosce il merito agli studenti pontalpini che tagliano un traguardo di vita come quello della laurea. \u00c8 un segno di gratitudine, destinato ad arricchire il bagaglio culturale e professionale dei giovani, ma \u00e8 anche un\u2019occasione per rendere omaggio alle famiglie che, con grandi sacrifici, assicurano ai ragazzi il prezioso sostegno durante gli anni di studio.<span class=\"gmail-Apple-converted-space\"> \u00a0<\/span>Sono stati 44 i laureati del 2022. E diversi giovani hanno gi\u00e0 trovato occupazione: \u00abIl numero di laureati del nostro comune, in percentuale, \u00e8 molto elevato &#8211; ha affermato il sindaco Paolo Vendramini -. L\u2019amministrazione ha tra le priorit\u00e0 la valenza degli interventi nell\u2019istruzione e l\u2019istituto comprensivo di Ponte nelle Alpi rappresenta una risorsa per l\u2019intera comunit\u00e0. Chi esce dalle nostre scuole trova poi successo alle superiori e all\u2019universit\u00e0\u00bb. Il primo cittadino ha ringraziato Barbara D\u2019Inc\u00e0 per l\u2019organizzazione della giornata: erano presenti pure la vice-sindaca Lucia Da Rold e le consigliere comunali Martina Rossa e Sabrina Dassi\u00e8.<span class=\"gmail-Apple-converted-space\">\u00a0<\/span><\/p>\n<p>&nbsp;<\/p>\n<p>&nbsp;<\/p>\n<hr \/>\n<p>&nbsp;<\/p>\n<p><strong>DI TIZIANO DE COL<\/strong><\/p>\n\n\t\t\t<style type='text\/css'>\n\t\t\t\t#gallery-3 {\n\t\t\t\t\tmargin: auto;\n\t\t\t\t}\n\t\t\t\t#gallery-3 .gallery-item {\n\t\t\t\t\tfloat: left;\n\t\t\t\t\tmargin-top: 10px;\n\t\t\t\t\ttext-align: center;\n\t\t\t\t\twidth: 20%;\n\t\t\t\t}\n\t\t\t\t#gallery-3 img {\n\t\t\t\t\tborder: 2px solid #cfcfcf;\n\t\t\t\t}\n\t\t\t\t#gallery-3 .gallery-caption {\n\t\t\t\t\tmargin-left: 0;\n\t\t\t\t}\n\t\t\t\t\/* see gallery_shortcode() in wp-includes\/media.php *\/\n\t\t\t<\/style>\n\t\t<div id='gallery-3' class='dt-gallery-container gallery galleryid-322665 gallery-columns-5 gallery-size-medium'><dl class='gallery-item'>\n\t\t\t\t<dt class='gallery-icon landscape'>\n\t\t\t\t\t<a class=\"rollover rollover-zoom dt-pswp-item\" title=\"4fa45563-eadd-4887-a765-27cd3918aa2b\" data-dt-img-description=\"\" data-large_image_width=\"608\" data-large_image_height=\"361\"href='https:\/\/www.radiopiu.net\/wordpress\/wp-content\/uploads\/2023\/02\/4fa45563-eadd-4887-a765-27cd3918aa2b.jpg'><img loading=\"lazy\" decoding=\"async\" width=\"300\" height=\"178\" src=\"https:\/\/www.radiopiu.net\/wordpress\/wp-content\/uploads\/2023\/02\/4fa45563-eadd-4887-a765-27cd3918aa2b-300x178.jpg\" class=\"attachment-medium size-medium\" alt=\"\" srcset=\"https:\/\/www.radiopiu.net\/wordpress\/wp-content\/uploads\/2023\/02\/4fa45563-eadd-4887-a765-27cd3918aa2b-300x178.jpg 300w, https:\/\/www.radiopiu.net\/wordpress\/wp-content\/uploads\/2023\/02\/4fa45563-eadd-4887-a765-27cd3918aa2b.jpg 608w\" sizes=\"auto, (max-width: 300px) 100vw, 300px\" \/><\/a>\n\t\t\t\t<\/dt><\/dl><dl class='gallery-item'>\n\t\t\t\t<dt class='gallery-icon landscape'>\n\t\t\t\t\t<a class=\"rollover rollover-zoom dt-pswp-item\" title=\"129324c5-cc12-4056-a0f2-0e58da636d44\" data-dt-img-description=\"\" data-large_image_width=\"604\" data-large_image_height=\"390\"href='https:\/\/www.radiopiu.net\/wordpress\/wp-content\/uploads\/2023\/02\/129324c5-cc12-4056-a0f2-0e58da636d44.jpg'><img loading=\"lazy\" decoding=\"async\" width=\"300\" height=\"194\" src=\"https:\/\/www.radiopiu.net\/wordpress\/wp-content\/uploads\/2023\/02\/129324c5-cc12-4056-a0f2-0e58da636d44-300x194.jpg\" class=\"attachment-medium size-medium\" alt=\"\" srcset=\"https:\/\/www.radiopiu.net\/wordpress\/wp-content\/uploads\/2023\/02\/129324c5-cc12-4056-a0f2-0e58da636d44-300x194.jpg 300w, https:\/\/www.radiopiu.net\/wordpress\/wp-content\/uploads\/2023\/02\/129324c5-cc12-4056-a0f2-0e58da636d44.jpg 604w\" sizes=\"auto, (max-width: 300px) 100vw, 300px\" \/><\/a>\n\t\t\t\t<\/dt><\/dl><dl class='gallery-item'>\n\t\t\t\t<dt class='gallery-icon landscape'>\n\t\t\t\t\t<a class=\"rollover rollover-zoom dt-pswp-item\" title=\"e137061c-a675-4fe4-828a-5a7ac80b9db2\" data-dt-img-description=\"\" data-large_image_width=\"582\" data-large_image_height=\"351\"href='https:\/\/www.radiopiu.net\/wordpress\/wp-content\/uploads\/2023\/02\/e137061c-a675-4fe4-828a-5a7ac80b9db2.jpg'><img loading=\"lazy\" decoding=\"async\" width=\"300\" height=\"181\" src=\"https:\/\/www.radiopiu.net\/wordpress\/wp-content\/uploads\/2023\/02\/e137061c-a675-4fe4-828a-5a7ac80b9db2-300x181.jpg\" class=\"attachment-medium size-medium\" alt=\"\" srcset=\"https:\/\/www.radiopiu.net\/wordpress\/wp-content\/uploads\/2023\/02\/e137061c-a675-4fe4-828a-5a7ac80b9db2-300x181.jpg 300w, https:\/\/www.radiopiu.net\/wordpress\/wp-content\/uploads\/2023\/02\/e137061c-a675-4fe4-828a-5a7ac80b9db2.jpg 582w\" sizes=\"auto, (max-width: 300px) 100vw, 300px\" \/><\/a>\n\t\t\t\t<\/dt><\/dl><dl class='gallery-item'>\n\t\t\t\t<dt class='gallery-icon landscape'>\n\t\t\t\t\t<a class=\"rollover rollover-zoom dt-pswp-item\" title=\"a9de9c1b-f6e4-4bea-96d4-6d336c8ac1ff\" data-dt-img-description=\"\" data-large_image_width=\"612\" data-large_image_height=\"348\"href='https:\/\/www.radiopiu.net\/wordpress\/wp-content\/uploads\/2023\/02\/a9de9c1b-f6e4-4bea-96d4-6d336c8ac1ff.jpg'><img loading=\"lazy\" decoding=\"async\" width=\"300\" height=\"171\" src=\"https:\/\/www.radiopiu.net\/wordpress\/wp-content\/uploads\/2023\/02\/a9de9c1b-f6e4-4bea-96d4-6d336c8ac1ff-300x171.jpg\" class=\"attachment-medium size-medium\" alt=\"\" srcset=\"https:\/\/www.radiopiu.net\/wordpress\/wp-content\/uploads\/2023\/02\/a9de9c1b-f6e4-4bea-96d4-6d336c8ac1ff-300x171.jpg 300w, https:\/\/www.radiopiu.net\/wordpress\/wp-content\/uploads\/2023\/02\/a9de9c1b-f6e4-4bea-96d4-6d336c8ac1ff.jpg 612w\" sizes=\"auto, (max-width: 300px) 100vw, 300px\" \/><\/a>\n\t\t\t\t<\/dt><\/dl><dl class='gallery-item'>\n\t\t\t\t<dt class='gallery-icon landscape'>\n\t\t\t\t\t<a class=\"rollover rollover-zoom dt-pswp-item\" title=\"1973ebdb-3332-45ed-8941-2d02ff342cf8\" data-dt-img-description=\"\" data-large_image_width=\"598\" data-large_image_height=\"351\"href='https:\/\/www.radiopiu.net\/wordpress\/wp-content\/uploads\/2023\/02\/1973ebdb-3332-45ed-8941-2d02ff342cf8.jpg'><img loading=\"lazy\" decoding=\"async\" width=\"300\" height=\"176\" src=\"https:\/\/www.radiopiu.net\/wordpress\/wp-content\/uploads\/2023\/02\/1973ebdb-3332-45ed-8941-2d02ff342cf8-300x176.jpg\" class=\"attachment-medium size-medium\" alt=\"\" srcset=\"https:\/\/www.radiopiu.net\/wordpress\/wp-content\/uploads\/2023\/02\/1973ebdb-3332-45ed-8941-2d02ff342cf8-300x176.jpg 300w, https:\/\/www.radiopiu.net\/wordpress\/wp-content\/uploads\/2023\/02\/1973ebdb-3332-45ed-8941-2d02ff342cf8.jpg 598w\" sizes=\"auto, (max-width: 300px) 100vw, 300px\" \/><\/a>\n\t\t\t\t<\/dt><\/dl><br style=\"clear: both\" \/>\n\t\t\t<\/div>\n\n<p>&nbsp;<\/p>\n<hr \/>\n<p>&nbsp;<\/p>\n<blockquote>\n<h3>OSPEDALE DI BELLUNO. I NUMERI DEL 2022<\/h3>\n<\/blockquote>\n<p><strong><a class=\"dt-pswp-item\" href=\"https:\/\/www.radiopiu.net\/wordpress\/wp-content\/uploads\/2020\/06\/dc8d9e01-0412-48a8-91b1-c64ba92a8187.jpg\" data-dt-img-description=\"\" data-large_image_width=\"2048\" data-large_image_height=\"1024\"><img loading=\"lazy\" decoding=\"async\" class=\" wp-image-144229 alignleft\" src=\"https:\/\/www.radiopiu.net\/wordpress\/wp-content\/uploads\/2020\/06\/dc8d9e01-0412-48a8-91b1-c64ba92a8187-300x150.jpg\" alt=\"\" width=\"214\" height=\"107\" srcset=\"https:\/\/www.radiopiu.net\/wordpress\/wp-content\/uploads\/2020\/06\/dc8d9e01-0412-48a8-91b1-c64ba92a8187-300x150.jpg 300w, https:\/\/www.radiopiu.net\/wordpress\/wp-content\/uploads\/2020\/06\/dc8d9e01-0412-48a8-91b1-c64ba92a8187-1024x512.jpg 1024w, https:\/\/www.radiopiu.net\/wordpress\/wp-content\/uploads\/2020\/06\/dc8d9e01-0412-48a8-91b1-c64ba92a8187-768x384.jpg 768w, https:\/\/www.radiopiu.net\/wordpress\/wp-content\/uploads\/2020\/06\/dc8d9e01-0412-48a8-91b1-c64ba92a8187-1536x768.jpg 1536w, https:\/\/www.radiopiu.net\/wordpress\/wp-content\/uploads\/2020\/06\/dc8d9e01-0412-48a8-91b1-c64ba92a8187.jpg 2048w\" sizes=\"auto, (max-width: 214px) 100vw, 214px\" \/><\/a>BELLUNO<\/strong> l 2022 ha visto importanti novit\u00e0 per l\u2019ospedale di Belluno. Nonostante la carenza di medici che interessa tutto il servizio sanitario a livello nazionale, ha visto la crescita di tutti gli indicatori dell\u2019ospedale di Belluno rispetto al 2021. I ricoveri sono stati 9.774, rispetto agli 9.159 del 2021, con un incremento di circa il 7%. Gli accessi al Pronto Soccorso di Belluno sono stati 37.312, rispetto ai 33.054 del 2021, con un incremento del 13%. Gli interventi chirurgici nel 2022 sono stati quasi 13 mila. Le specialit\u00e0 che pi\u00f9 hanno aumentato le attivit\u00e0 sono state la chirurgia vascolare con circa 500 \u00a0interventi eseguiti nell\u2019anno (+68%\u00a0 rispetto al 2021), \u00a0l\u2019ORL con oltre 1.200 interventi (+24%). Effettuati circa 1000 interventi anche in Chirurgia Generale. Le prestazioni erogate, compreso il laboratorio analisi, sono state oltre 1,2 mln, con un incremento del 5% rispetto al 2021. La Microbiologia ha continuato a garantire con celerit\u00e0 la diagnostica covid. Le prestazioni ambulatoriali (escluso laboratorio) sono state 306\u00a0 mila, rispetto alle 292 mila del 2021. Importante l\u2019incremento delle prestazioni dei reparti di area medica, in particolare della Medicina, della Geriatria, delle Malattie infettive e della Pneumologia che, oltre allo sforzo di gestire i ricoveri covid, hanno dato risposte alle patologie di competenza. Le Malattie infettive, tra l\u2019altro, come centro di riferimento per le patologie trasmesse dalle zecche, ha attratto pazienti anche da altri territori. \u00a0Incrementi oltre il 10% delle prestazioni si registrano anche in Pediatria, Gastroenterologia e ORL. Aumentata sia nei ricoveri che nelle prestazioni l\u2019attivit\u00e0 della Neuropsichiatria infantile. La Cardiologia ha aumentato l\u2019attivit\u00e0 ricovero con una precoce presa in carico dei pazienti. L\u2019Ortopedia ha garantito per tutto l\u2019anno, oltre all\u2019attivit\u00e0 programmata, anche le urgenze centrando l\u2019indicatore nazionale dell\u2019intervento sulle fratture di femore entro le 48 ore. Nel corso del 2022 sono stati nominati ben 9 primari a Belluno: Giovanni Balestriero, direttore della Radiologia, che ha dato impulso all\u2019attivit\u00e0 di radiologia interventistica; Alessio Gioffredi, direttore del Distretto che sta affrontando la sfida della riorganizzazione della medicina del territorio; Marcello Repele, direttore dell\u2019Urologia che sta riprendendo la chirurgia urologica maggiore e Emanuela Salvatico, direttore della Farmacia ospedaliera; infine, nel delicato ruolo della direzione medica di ospedale, \u00e8 stata nominata Giorgia Marcato. Oltre a questi, nei servizi trasversali, sono state nominate Federica Schievenin, alla Farmacia territoriale, \u00a0Amalia Manzan al SerD, Paolo Camerotto ai servizi veterinari, Milena Guglielminetti alla disabilit\u00e0. La principale attrezzatura acquisita nel 2022 per l\u2019ospedale di Belluno \u00e8 stato l\u2019acceleratore lineare del valore di 2 milioni di euro, capitalizzato grazie alle competenze dei professionisti che hanno introdotto nuove tecniche di radioterapia che consentono il trattamento di alcune patologie, come il tumore della prostata\u00a0 e della mammella, con un numero ridotto di sedute (tecnica usata in pochissimi centri altamente specializzati tanto che oltre il 9% dei pazienti proviene da altre province). Il 2022 \u00e8 stato l\u2019anno dell\u2019acquisizione dei sistemi di intelligenza artificiale per la Gastroenterologia, e del sistema RAPID per la diagnosi di ictus in supporto agli specialisti neurologi. \u00c8 stata acquistata anche una colonna videobroncoscopica (219 mila euro) , il sistema completo di uro dinamica, ecografi (258 mila euro), oltre ad altre attrezzature per varie unit\u00e0 operative. Il 2022 ha visto l\u2019inizio del corposo intervento di 45 milioni di euro per il miglioramento sismico e la riqualificazione energetica dell\u2019ospedale di Belluno. Si sono conclusi i lavori per il rifacimento del tetto. E\u2019 partito, inoltre, il cantiere della nuova sala ibrida e di emodinamica (3,2 milioni di euro) che vedr\u00e0 un spazio completamente nuovo e altamente tecnologico al San Martino. Oltre a ci\u00f2, sono in diverse fasi di avanzamento i cantieri legati al PNRR per la cot, la casa della comunit\u00e0. E\u2019 stato inaugurato l\u2019appartamento ristrutturato dai servizi tecnici dell\u2019Ulss in centro a Belluno adibito ad uso foresteria per gli specializzandi, che ospita gi\u00e0 9 professionisti. Importante anche l\u2019attivit\u00e0 di ricerca clinica, in particolare della Oncologia in collaborazione con la Farmacia ospedaliera. Incrementate\u00a0 anche le donazioni di organi e tessuti grazie alle attivit\u00e0 della Rianimazione, e delle donazioni di placenta, progetto della Ostetricia e Ginecologia. Anche le donazioni di sangue al Trasfusionale sono state incrementate, in controtendenza rispetto al trend regionale.<\/p>\n<p>&nbsp;<\/p>\n<p>&nbsp;<\/p>\n<hr \/>\n<p>&nbsp;<\/p>\n<blockquote>\n<h3>INFLUENZA. NUOVO REPORT VENETO<\/h3>\n<\/blockquote>\n<p><strong><a class=\"dt-pswp-item\" href=\"https:\/\/www.radiopiu.net\/wordpress\/wp-content\/uploads\/2022\/12\/influenza.jpg\" data-dt-img-description=\"\" data-large_image_width=\"1718\" data-large_image_height=\"1190\"><img loading=\"lazy\" decoding=\"async\" class=\" wp-image-311722 alignleft\" src=\"https:\/\/www.radiopiu.net\/wordpress\/wp-content\/uploads\/2022\/12\/influenza-300x208.jpg\" alt=\"\" width=\"180\" height=\"125\" srcset=\"https:\/\/www.radiopiu.net\/wordpress\/wp-content\/uploads\/2022\/12\/influenza-300x208.jpg 300w, https:\/\/www.radiopiu.net\/wordpress\/wp-content\/uploads\/2022\/12\/influenza-1024x709.jpg 1024w, https:\/\/www.radiopiu.net\/wordpress\/wp-content\/uploads\/2022\/12\/influenza-768x532.jpg 768w, https:\/\/www.radiopiu.net\/wordpress\/wp-content\/uploads\/2022\/12\/influenza-1536x1064.jpg 1536w, https:\/\/www.radiopiu.net\/wordpress\/wp-content\/uploads\/2022\/12\/influenza.jpg 1718w\" sizes=\"auto, (max-width: 180px) 100vw, 180px\" \/><\/a>VENEZIA <\/strong>Nell\u2019ultima settimana in Veneto sono 29.176 i casi stimati di influenza stagionale per un totale complessivo da inizio stagione di 735.370. Il dato \u00e8 riportato nel report del sistema di sorveglianza epidemiologica del contagio nell\u2019ambito della rete Influnet. L\u2019incidenza generale \u00e8 pari a 6,01 casi per mille abitanti, contro 6,45 casi per mille abitanti, di due settimane fa. Cala il dato in tutte le fasce di et\u00e0. La fascia di et\u00e0 pi\u00f9 colpita \u00e8 quella dei bambini da 0 a 4 anni con 14,85 casi per mille, seguita da quella tra i 5 e 14 anni con 6,42 per mille. Tra i 15 e i 64 anni il tasso \u00e8 del 6,24 per mille. Tra gli over 65 il dato \u00e8 di 1,76 per mille.<\/p>\n<p>&nbsp;<\/p>\n<p>&nbsp;<\/p>\n<hr \/>\n<p>&nbsp;<\/p>\n<blockquote>\n<h3>IL SENATORE LUCA DE CARLO INCONTRA IL COMITATO D&#8217;INTESA<\/h3>\n<\/blockquote>\n<p><strong><a class=\"dt-pswp-item\" href=\"https:\/\/www.radiopiu.net\/wordpress\/wp-content\/uploads\/2023\/02\/SCR-20230218-k30.jpeg\" data-dt-img-description=\"\" data-large_image_width=\"1200\" data-large_image_height=\"910\"><img loading=\"lazy\" decoding=\"async\" class=\" wp-image-322700 alignleft\" src=\"https:\/\/www.radiopiu.net\/wordpress\/wp-content\/uploads\/2023\/02\/SCR-20230218-k30-300x228.jpeg\" alt=\"\" width=\"156\" height=\"119\" srcset=\"https:\/\/www.radiopiu.net\/wordpress\/wp-content\/uploads\/2023\/02\/SCR-20230218-k30-300x228.jpeg 300w, https:\/\/www.radiopiu.net\/wordpress\/wp-content\/uploads\/2023\/02\/SCR-20230218-k30-1024x777.jpeg 1024w, https:\/\/www.radiopiu.net\/wordpress\/wp-content\/uploads\/2023\/02\/SCR-20230218-k30-768x582.jpeg 768w, https:\/\/www.radiopiu.net\/wordpress\/wp-content\/uploads\/2023\/02\/SCR-20230218-k30.jpeg 1200w\" sizes=\"auto, (max-width: 156px) 100vw, 156px\" \/><\/a>BELLUNO <\/strong>\u201cIl volontariato \u00e8 sempre pi\u00f9 fondamentale per garantire servizi, tanto pi\u00f9 nel nostro territorio, e questo mi sento di dirlo sopratutto come sindaco di un comune di montagna\u201d: cos\u00ec il senatore Luca De Carlo nell&#8217;incontro avuto \u2013 assieme all&#8217;assessore del Comune di Belluno Monica Mazzoccoli &#8211; nella serata di venerd\u00ec al Comitato d&#8217;ntesa di Belluno con il presidente Gianluca Corsetti e oltre una cinquantina di presidenti delle associazioni di volontariato operative in provincia. Tema centrale del confronto, lo \u201cstato di salute\u201d del volontariato bellunese, in particolare con un focus sulla riforma del Terzo Settore, con le nuove responsabilit\u00e0 in capo agli organi di gestione, e sullo spopolamento della provincia, che si ripercuote anche sulla qualit\u00e0 e quantit\u00e0 dei servizi offerti.<\/p>\n<p>&nbsp;<\/p>\n<p>&nbsp;<\/p>\n<hr \/>\n<p>&nbsp;<\/p>\n<blockquote>\n<h3>A BELLUNO UNA SERATA PER PARLARE DEL LUPO<\/h3>\n<\/blockquote>\n<p><strong><a class=\"dt-pswp-item\" href=\"https:\/\/www.radiopiu.net\/wordpress\/wp-content\/uploads\/2023\/02\/c79e6697-f295-4262-8faf-e862d5789033.jpg\" data-dt-img-description=\"\" data-large_image_width=\"1079\" data-large_image_height=\"1518\"><img loading=\"lazy\" decoding=\"async\" class=\" wp-image-322718 alignleft\" src=\"https:\/\/www.radiopiu.net\/wordpress\/wp-content\/uploads\/2023\/02\/c79e6697-f295-4262-8faf-e862d5789033-213x300.jpg\" alt=\"\" width=\"125\" height=\"176\" srcset=\"https:\/\/www.radiopiu.net\/wordpress\/wp-content\/uploads\/2023\/02\/c79e6697-f295-4262-8faf-e862d5789033-213x300.jpg 213w, https:\/\/www.radiopiu.net\/wordpress\/wp-content\/uploads\/2023\/02\/c79e6697-f295-4262-8faf-e862d5789033-728x1024.jpg 728w, https:\/\/www.radiopiu.net\/wordpress\/wp-content\/uploads\/2023\/02\/c79e6697-f295-4262-8faf-e862d5789033-768x1080.jpg 768w, https:\/\/www.radiopiu.net\/wordpress\/wp-content\/uploads\/2023\/02\/c79e6697-f295-4262-8faf-e862d5789033.jpg 1079w\" sizes=\"auto, (max-width: 125px) 100vw, 125px\" \/><\/a>BELLUNO<\/strong> Si parler\u00e0 di lupo a Belluno: l&#8217;appuntamento \u00e8 per venerd\u00ec 24 in Sala Bianchi. Un&#8217;occasione, spiegano da Palazzo Rosso, per far conoscere meglio il tema e per allontanare la paura.<\/p>\n<p><strong>di Daniele Dalvit<\/strong><\/p>\n<audio class=\"wp-audio-shortcode\" id=\"audio-322665-3\" preload=\"none\" style=\"width: 100%;\" controls=\"controls\"><source type=\"audio\/mpeg\" src=\"https:\/\/www.radiopiu.net\/wordpress\/wp-content\/uploads\/2023\/02\/DALVIT-SERATA-LUPO.mp3?_=3\" \/><a href=\"https:\/\/www.radiopiu.net\/wordpress\/wp-content\/uploads\/2023\/02\/DALVIT-SERATA-LUPO.mp3\">https:\/\/www.radiopiu.net\/wordpress\/wp-content\/uploads\/2023\/02\/DALVIT-SERATA-LUPO.mp3<\/a><\/audio>\n<p>&nbsp;<\/p>\n<hr \/>\n<p>&nbsp;<\/p>\n<blockquote>\n<h3>L&#8217;AIMS E GRADENSIA<\/h3>\n<\/blockquote>\n<p><strong>BELLUNO <\/strong>L\u2019A.I.S.M. &#8211; Sezione Provinciale di Belluno ricorda l\u2019evento <strong>\u201cGardensia\u201d<\/strong>, che si terr\u00e0 in 5000 piazze italiane nelle giornate di sabato 4, domenica 5, e mercoled\u00ec 8 marzo 2023 in occasione della Festa della Donna. La Sezione allestir\u00e0 alcune postazioni di solidariet\u00e0 a favore della ricerca sulla Sclerosi Multipla, una patologia grave e invalidante che colpisce in prevalenza le donne, nelle piazze, davanti alle chiese e nei supermercati della nostra Provincia, ed ha comunque gi\u00e0 attivato anche le prenotazioni. Contattando, infatti, la Sezione (0437-981680 oppure 366-6125610, anche via WhatsApp), a fronte di un contributo di \u20ac 15,00 si potr\u00e0 avere una pianta di gardenia o di ortensia. Le prenotazioni sono aperte fino al 28 febbraio<\/p>\n<p>&nbsp;<\/p>\n<p>&nbsp;<\/p>\n<hr \/>\n<p>&nbsp;<\/p>\n<blockquote>\n<h3><strong>\u00a0OPEN DAY AZZARDO, NEI SERD DELL&#8217;ULSS DOLOMITI<\/strong><\/h3>\n<\/blockquote>\n<p><strong>\u00a0BELLUNO <\/strong>I SerD del Dipartimento Dipendenze dell\u2019Ulss Dolomiti organizzano un open day per sabato 25 febbraio 2023 dalle 9.00 alle 12.00. Gli operatori saranno a disposizione nell\u2019orario indicato, senza appuntamento, per informazioni e consulenze sul tema nelle sedi Ser.D. di: <strong>Belluno <\/strong>via Sala 35, Cusighe <strong>Feltre <\/strong>ex casa di cura Bellati <strong>Agordo <\/strong>\u00a0ospedale)\u00a0 <strong>Auronzo <\/strong>Centro Sanitario Polifunzionale<\/p>\n<p>&nbsp;<\/p>\n<p>&nbsp;<\/p>\n<hr \/>\n<p>&nbsp;<\/p>\n<blockquote>\n<h3>SOTTOSCRITTO UN ACCORDO QUADRO TRA REGIONE E IUAV DI VENEZIA PER STUDIO E PIANIFICAZIONE PAESAGGISTICA DEL VENETO<\/h3>\n<\/blockquote>\n<p><strong>VENEZIA <\/strong>\u201cL\u2019accordo sottoscritto tra la Regione del Veneto e l\u2019Istituto Universitario di Architettura di Venezia (IUAV), ha come obiettivo lo sviluppo di attivit\u00e0 di collaborazione nell\u2019ambito della pianificazione paesaggistica, ai fini dell\u2019elaborazione del Piano paesaggistico regionale. Un rapporto di cooperazione che promuover\u00e0 studi ed analisi finalizzati alla conoscenza, allo studio e alla documentazione del paesaggio veneto promuovendone la sua tutela. Oltre alla ricognizione dei molti beni paesaggistici presenti saranno individuate le modalit\u00e0 per rendere certi e operativi i vincoli per una gestione ancora pi\u00f9 attenta del territorio\u201d. Lo dice l\u2019assessore alla Cultura e all\u2019Urbanistica della Regione del Veneto, Cristiano Corazzari, annunciando l\u2019accordo quadro sottoscritto dalle due istituzioni venete che favorir\u00e0 lo scambio di competenze tecniche e la condivisione di reciproci patrimoni conoscitivi e informativi al fine di identificare e riconoscere i caratteri del paesaggio veneto e dei processi di trasformazione che lo interessano.<\/p>\n<p>&nbsp;<\/p>\n<p>&nbsp;<\/p>\n<hr \/>\n<p>&nbsp;<\/p>\n<blockquote>\n<h3>L&#8217;ASSEMBLEA DEI DONATORI DEL SANGUE DI CANALE D&#8217;AGORDO<\/h3>\n<\/blockquote>\n<p><strong><a class=\"dt-pswp-item\" href=\"https:\/\/www.radiopiu.net\/wordpress\/wp-content\/uploads\/2020\/09\/DONAZIONE-SANGUE.jpg\" data-dt-img-description=\"\" data-large_image_width=\"1920\" data-large_image_height=\"1282\"><img loading=\"lazy\" decoding=\"async\" class=\" wp-image-161053 alignleft\" src=\"https:\/\/www.radiopiu.net\/wordpress\/wp-content\/uploads\/2020\/09\/DONAZIONE-SANGUE-300x200.jpg\" alt=\"\" width=\"150\" height=\"100\" srcset=\"https:\/\/www.radiopiu.net\/wordpress\/wp-content\/uploads\/2020\/09\/DONAZIONE-SANGUE-300x200.jpg 300w, https:\/\/www.radiopiu.net\/wordpress\/wp-content\/uploads\/2020\/09\/DONAZIONE-SANGUE-1024x684.jpg 1024w, https:\/\/www.radiopiu.net\/wordpress\/wp-content\/uploads\/2020\/09\/DONAZIONE-SANGUE-768x513.jpg 768w, https:\/\/www.radiopiu.net\/wordpress\/wp-content\/uploads\/2020\/09\/DONAZIONE-SANGUE-1536x1026.jpg 1536w, https:\/\/www.radiopiu.net\/wordpress\/wp-content\/uploads\/2020\/09\/DONAZIONE-SANGUE-640x427.jpg 640w, https:\/\/www.radiopiu.net\/wordpress\/wp-content\/uploads\/2020\/09\/DONAZIONE-SANGUE.jpg 1920w\" sizes=\"auto, (max-width: 150px) 100vw, 150px\" \/><\/a>CANALE D&#8217;AGORDO<\/strong><\/p>\n<p>di Gianni Santomaso<\/p>\n<audio class=\"wp-audio-shortcode\" id=\"audio-322665-4\" preload=\"none\" style=\"width: 100%;\" controls=\"controls\"><source type=\"audio\/mpeg\" src=\"https:\/\/www.radiopiu.net\/wordpress\/wp-content\/uploads\/2023\/02\/GIANNI-ASSEMBLEA-DEI-DONATORI-DEL-SANGUE-DI-CANALE-DAGORDO.mp3?_=4\" \/><a href=\"https:\/\/www.radiopiu.net\/wordpress\/wp-content\/uploads\/2023\/02\/GIANNI-ASSEMBLEA-DEI-DONATORI-DEL-SANGUE-DI-CANALE-DAGORDO.mp3\">https:\/\/www.radiopiu.net\/wordpress\/wp-content\/uploads\/2023\/02\/GIANNI-ASSEMBLEA-DEI-DONATORI-DEL-SANGUE-DI-CANALE-DAGORDO.mp3<\/a><\/audio>\n<p>&nbsp;<\/p>\n<hr \/>\n<p>&nbsp;<\/p>\n<blockquote>\n<h3>SONO SEI I PUNTI DA DISCUTERE NEL CONSIGLIO COMUNALE DI AGORDO<\/h3>\n<\/blockquote>\n<p><strong>AGORDO<\/strong> Il sindaco di Agordo Roberto Chissal\u00e8 ha convocato il consiglio comunale per mercoled\u00ec alle 8. Sono sei i punti all&#8217;ordine del giorno. Si parler\u00e0 delle imposte IMU e IRPEF, del documento unico di programmazione 2023-2025, il bilancio preventivo e di previsione di ASCA, gli interventi per parcheggi e viabilit\u00e0 a Parech per chiudere con l&#8217;approvazione della convenzione con l&#8217;Unione Montana Agordina del comitato unico di garanzia per le pari opportunit\u00e0.<\/p>\n<p><strong>di Gianni Santomaso<\/strong><\/p>\n<audio class=\"wp-audio-shortcode\" id=\"audio-322665-5\" preload=\"none\" style=\"width: 100%;\" controls=\"controls\"><source type=\"audio\/mpeg\" src=\"https:\/\/www.radiopiu.net\/wordpress\/wp-content\/uploads\/2023\/02\/GIANNI-CONSIGLIO-AGORDO.mp3?_=5\" \/><a href=\"https:\/\/www.radiopiu.net\/wordpress\/wp-content\/uploads\/2023\/02\/GIANNI-CONSIGLIO-AGORDO.mp3\">https:\/\/www.radiopiu.net\/wordpress\/wp-content\/uploads\/2023\/02\/GIANNI-CONSIGLIO-AGORDO.mp3<\/a><\/audio>\n<p>&nbsp;<\/p>\n<hr \/>\n<p>&nbsp;<\/p>\n<blockquote>\n<h3>A PROPOSITO DEI CONFINI DELLA MARMOLADA, COME VA? LO CHIEDE LA MINORANZA<\/h3>\n<\/blockquote>\n<p><strong>ROCCA PIETORE<\/strong> Il sindaco Andrea De Bernardin giovedi, risponder\u00e0 all&#8217;interrogazione del gruppo di opposizione &#8220;Uniti per la Montagna&#8221;, chiede quale sia l&#8217;attuale situazione dei confini della Marmolada e uso civico. Ma i consiglieri dovranno aspettare, prima ci sono 10 punti in discussione tra approvazione di regolamenti, convenzioni, e delibere varie tra cui l&#8217;approvazione del documento unico di programmazione.<\/p>\n<p>&nbsp;<\/p>\n<p>&nbsp;<\/p>\n<hr \/>\n<p>&nbsp;<\/p>\n<blockquote>\n<h3>IL DUP IN CONSIGLIO COMUNALE<\/h3>\n<\/blockquote>\n<p><strong>SELVA DI CADORE<\/strong> Il sindaco Luca Lorenzini ha convocato il consiglio comunale per le 18 di venerdi 24 febbraio. All&#8217;ordine del giorno l&#8217;imposta Imu (aliquote 2023), la verifica delle aree da destinarsi a residenza; approvazione del Dup e delle convenzione con l&#8217;Unione Montana sulle pari opportunit\u00e0<\/p>\n<p><strong>di Gianni Santomaso<\/strong><\/p>\n<audio class=\"wp-audio-shortcode\" id=\"audio-322665-6\" preload=\"none\" style=\"width: 100%;\" controls=\"controls\"><source type=\"audio\/mpeg\" src=\"https:\/\/www.radiopiu.net\/wordpress\/wp-content\/uploads\/2023\/02\/GIANNI-CONSIGLIO-SELVA.mp3?_=6\" \/><a href=\"https:\/\/www.radiopiu.net\/wordpress\/wp-content\/uploads\/2023\/02\/GIANNI-CONSIGLIO-SELVA.mp3\">https:\/\/www.radiopiu.net\/wordpress\/wp-content\/uploads\/2023\/02\/GIANNI-CONSIGLIO-SELVA.mp3<\/a><\/audio>\n<p>&nbsp;<\/p>\n<hr \/>\n<p>&nbsp;<\/p>\n<blockquote>\n<h3>CGIL, DAL 21 AL 24 FEBBRAIO A VERONA IL CONGRESSO\u00a0NAZIONALE DEI PENSIONATI<\/h3>\n<\/blockquote>\n<p><strong><a class=\"dt-pswp-item\" href=\"https:\/\/www.radiopiu.net\/wordpress\/wp-content\/uploads\/2023\/02\/SPI-CGIL.png\" data-dt-img-description=\"\" data-large_image_width=\"278\" data-large_image_height=\"244\"><img loading=\"lazy\" decoding=\"async\" class=\"wp-image-322694 alignleft\" src=\"https:\/\/www.radiopiu.net\/wordpress\/wp-content\/uploads\/2023\/02\/SPI-CGIL.png\" alt=\"\" width=\"94\" height=\"82\" \/><\/a>VERONA<\/strong> Dal 21 al 24 febbraio si terr\u00e0 alla\u00a0Fiera di Verona il Congresso\u00a0nazionale dello\u00a0Spi-Cgil, dal titolo \u201cL\u2019interesse generale\u201d. Quattro giorni di lavori per l\u2019organizzazione sociale pi\u00f9 grande d\u2019Europa che conta\u00a0<strong>due milioni e mezzo di iscritti<\/strong>. Attese un migliaio di persone tra delegati, invitati e ospiti in quello che sar\u00e0 l\u2019ultimo dei congressi delle categorie della Cgil prima dell\u2019appuntamento confederale di Rimini di met\u00e0 marzo.<\/p>\n<p>&nbsp;<\/p>\n<p>&nbsp;<\/p>\n<hr \/>\n<p>&nbsp;<\/p>\n<blockquote>\n<h3>STOP AL SUPERBONUS, APPIA CNA BELLUNO NON CI STA<\/h3>\n<\/blockquote>\n<p><strong><a class=\"dt-pswp-item\" href=\"https:\/\/www.radiopiu.net\/wordpress\/wp-content\/uploads\/2023\/02\/APPIA-CNA.png\" data-dt-img-description=\"\" data-large_image_width=\"502\" data-large_image_height=\"168\"><img loading=\"lazy\" decoding=\"async\" class=\" wp-image-322702 alignleft\" src=\"https:\/\/www.radiopiu.net\/wordpress\/wp-content\/uploads\/2023\/02\/APPIA-CNA-300x100.png\" alt=\"\" width=\"207\" height=\"69\" srcset=\"https:\/\/www.radiopiu.net\/wordpress\/wp-content\/uploads\/2023\/02\/APPIA-CNA-300x100.png 300w, https:\/\/www.radiopiu.net\/wordpress\/wp-content\/uploads\/2023\/02\/APPIA-CNA.png 502w\" sizes=\"auto, (max-width: 207px) 100vw, 207px\" \/><\/a>BELLUNO <\/strong>Le decisioni del Governo relative al blocco della cessione dei crediti e dello sconto in fattura mettono drammaticamente a rischio il settore edilizia e quello delle abitazioni: il sodalizio esprime grande preoccupazione per il comparto, che per la sola Appia Cna vede associate sul territorio bellunese oltre 300 imprese con pi\u00f9 di 800 operai coinvolti complessivamente. L\u2019insieme dei bonus edilizi nei primi 10 mesi del 2022 ha attivato investimenti per un ammontare di oltre 74 miliardi, con un incremento del 224% sullo stesso periodo del 2019, ultimo anno senza il meccanismo della cessione del credito. Numeri importanti, ma che non trovano per nulla seguito nella scelta del Governo: conseguenza \u00e8 la rinuncia a investimenti aggiuntivi privati per una cifra di oltre 50 miliardi annui e la conseguente difficolt\u00e0 per circa 750mila imprese, quasi tutte micro e piccole.<\/p>\n<p>&nbsp;<\/p>\n<p>&nbsp;<\/p>\n<hr \/>\n<p>&nbsp;<\/p>\n<blockquote>\n<h3 class=\"entry-title\">SUPERBONUS: SPESI 7 MILIARDI PUBBLICI PER IL 4,4% DEGLI EDIFICI RESIDENZIALI PRESENTI IN VENETO<\/h3>\n<\/blockquote>\n<p class=\"photoswipe-wrapper\"><a class=\"dt-pswp-item pspw-wrap-ready\" href=\"https:\/\/www.radiopiu.net\/wordpress\/wp-content\/uploads\/2023\/02\/Schermata-2023-02-18-alle-09.34.34.png\" data-dt-img-description=\"\" data-large_image_width=\"1246\" data-large_image_height=\"1588\"><img loading=\"lazy\" decoding=\"async\" class=\"alignleft wp-image-322663\" src=\"https:\/\/www.radiopiu.net\/wordpress\/wp-content\/uploads\/2023\/02\/Schermata-2023-02-18-alle-09.34.34-235x300.png\" sizes=\"auto, (max-width: 235px) 100vw, 235px\" srcset=\"https:\/\/www.radiopiu.net\/wordpress\/wp-content\/uploads\/2023\/02\/Schermata-2023-02-18-alle-09.34.34-235x300.png 235w, https:\/\/www.radiopiu.net\/wordpress\/wp-content\/uploads\/2023\/02\/Schermata-2023-02-18-alle-09.34.34-803x1024.png 803w, https:\/\/www.radiopiu.net\/wordpress\/wp-content\/uploads\/2023\/02\/Schermata-2023-02-18-alle-09.34.34-768x979.png 768w, https:\/\/www.radiopiu.net\/wordpress\/wp-content\/uploads\/2023\/02\/Schermata-2023-02-18-alle-09.34.34-1205x1536.png 1205w, https:\/\/www.radiopiu.net\/wordpress\/wp-content\/uploads\/2023\/02\/Schermata-2023-02-18-alle-09.34.34.png 1246w\" alt=\"\" width=\"149\" height=\"190\" \/><\/a>A seguito di 46.447 asseverazioni depositate entro il 31 gennaio scorso, lo Stato, con il Superbonus del 110 per cento, dovr\u00e0 farsi carico per la nostra regione di una spesa pari a 7 miliardi di euro. Se teniamo conto che in Veneto \u00e8 presente poco pi\u00f9 di un milione di edifici residenziali, stimiamo che, fino ad ora, questo provvedimento abbia interessato solo il 4,4 per cento del totale degli immobili destinati ad uso abitativo (vedi Tab. 1). In altre parole, consentendo ai proprietari che riqualificano i propri immobili una detrazione fiscale al 110 per cento, abbiamo speso 7 miliardi per migliorare l\u2019efficienza energetica di una quota molto contenuta di edifici presenti in Veneto che, comunque, \u00e8 la regione d\u2019Italia pi\u00f9 \u201cinteressata\u201d da questa misura. A dirlo \u00e8 l\u2019Ufficio studi della CGIA.<\/p>\n<p><strong>Non va \u201cbocciato\u201d e va trovata una soluzione per i crediti incagliati<\/strong><br \/>\nSia chiaro: il Superbonus non va \u201cbocciato\u201d perch\u00e9 ha sicuramente contribuito a incentivare la ripresa economica di un settore, come quello dell\u2019edilizia, che anche in Veneto ha un peso specifico importante. Tuttavia, questa misura ha provocato un costo in capo alla fiscalit\u00e0 generale spaventoso e non proporzionale al numero di edifici che sono stati \u201cefficientati\u201d. Ora, dopo la cancellazione degli sconti in fattura e delle cessioni del credito, il proprietario di un immobile residenziale potr\u00e0 beneficiare della detrazione del 90 per cento (e non pi\u00f9 del 110), compensando lo sconto solo in sede di dichiarazione dei redditi. E\u2019 evidente che l\u2019appetibilit\u00e0 dello strumento \u00e8 destinata a scemare. Tuttavia, la cosa pi\u00f9 preoccupante \u00e8 che con il decreto del governo approvato l\u2019altro ieri non \u00e8 stata trovata una soluzione per le tante aziende e famiglie che sono in possesso di una massa di crediti fiscali importanti e non pi\u00f9 esigibili. Una situazione che nel giro di qualche mese rischia di far fallire molte aziende del settore delle costruzioni.<\/p>\n<p><strong>Prezzi dei materiali alle stelle<\/strong><br \/>\nLa convinzione di aver speso troppo e di aver \u201cdrogato\u201d anche il mercato edilizio \u00e8 comunque molto elevata. Ricordiamo che questo meccanismo, che consentiva di detrarre fiscalmente molto pi\u00f9 di quanto un proprietario era chiamato a spendere per ristrutturare un edificio, ha innescato una bolla inflattiva preoccupante, alimentata anche dal forte aumento dei prezzi registrato nel 2022 da tutte le materie prime. A fronte di un boom della domanda che, tra l\u2019altro, per legge doveva essere soddisfatta entro un determinato periodo di tempo, il Superbonus 110 per cento ha contribuito a far schizzare all\u2019ins\u00f9 i prezzi di moltissimi materiali (ferro, acciaio, legno, sabbia, laterizi, bitume, cemento, etc.) e altri per molto tempo sono pressocch\u00e9 scomparsi dal mercato (lana di roccia, polistirene, ponteggi, etc.).<\/p>\n<p><strong class=\"photoswipe-wrapper\"><a class=\"dt-pswp-item pspw-wrap-ready\" href=\"https:\/\/www.radiopiu.net\/wordpress\/wp-content\/uploads\/2023\/02\/Schermata-2023-02-18-alle-09.34.49.png\" data-dt-img-description=\"\" data-large_image_width=\"1246\" data-large_image_height=\"1440\"><img loading=\"lazy\" decoding=\"async\" class=\"alignleft wp-image-322662\" src=\"https:\/\/www.radiopiu.net\/wordpress\/wp-content\/uploads\/2023\/02\/Schermata-2023-02-18-alle-09.34.49-260x300.png\" sizes=\"auto, (max-width: 260px) 100vw, 260px\" srcset=\"https:\/\/www.radiopiu.net\/wordpress\/wp-content\/uploads\/2023\/02\/Schermata-2023-02-18-alle-09.34.49-260x300.png 260w, https:\/\/www.radiopiu.net\/wordpress\/wp-content\/uploads\/2023\/02\/Schermata-2023-02-18-alle-09.34.49-886x1024.png 886w, https:\/\/www.radiopiu.net\/wordpress\/wp-content\/uploads\/2023\/02\/Schermata-2023-02-18-alle-09.34.49-768x888.png 768w, https:\/\/www.radiopiu.net\/wordpress\/wp-content\/uploads\/2023\/02\/Schermata-2023-02-18-alle-09.34.49.png 1246w\" alt=\"\" width=\"140\" height=\"162\" \/><\/a>Il Veneto ha guidato la corsa al 110%<\/strong><br \/>\nA livello regionale \u00e8 il Veneto ad aver registrato il ricorso pi\u00f9 numeroso al Superbonus 110 per cento in relazione agli edifici residenziali esistenti. Con 46.447 asseverazioni, l\u2019incidenza percentuale di queste ultime sul numero degli edifici residenziali esistenti \u00e8 pari al 4,4 per cento, in Toscana scende al 4 per cento e in Lombardia al 3,9. Le regioni meno coinvolte, invece, sono la Calabria, Valle d\u2019Aosta e Liguria (tutte con un\u2019incidenza del 2 per cento), insieme alla Sicilia che chiude la graduatoria con l\u20191,7 per cento. A livello nazionale, infine, l\u2019importo medio delle detrazioni a fine lavori previsto \u00e8 pari a 192.756 euro per edificio residenziale. I picchi massimi li scorgiamo in Campania (247.337 euro), Basilicata (254.090 euro) e Valle d\u2019Aosta (267.698 euro). Chiudono la graduatoria, invece, Friuli Venezia Giulia (152.056 euro), Toscana (151.206) e Veneto (150.906 euro) (vedi Tab. 2).<\/p>\n<p>&nbsp;<\/p>\n<p>&nbsp;<\/p>\n<hr \/>\n<p>&nbsp;<\/p>\n<blockquote>\n<h3>FIORI E TORTA PER ANNA, STUPENDO TRAGUARDO TRA 102 CANDELINE<\/h3>\n<\/blockquote>\n<p><strong>AGORDO<\/strong> Tanti auguri ad Anna Zavalloni che sabato ha compiuto 102 anni. Nata a Faenza nel 1921, Anna \u00e8 stata un&#8217;apprezzata maestra alle scuole elementari di Falcade. Il compleanno \u00e8 stato festeggiato alla Rsa di Agordo assieme al personale di Asca e con la torta fatta arrivare dai figli Lanfranco, Flavio e Donatella.<\/p>\n<p>LO SCORSO ANNO&#8230;I 101 ANNI<\/p>\n\n\t\t\t<style type='text\/css'>\n\t\t\t\t#gallery-4 {\n\t\t\t\t\tmargin: auto;\n\t\t\t\t}\n\t\t\t\t#gallery-4 .gallery-item {\n\t\t\t\t\tfloat: left;\n\t\t\t\t\tmargin-top: 10px;\n\t\t\t\t\ttext-align: center;\n\t\t\t\t\twidth: 20%;\n\t\t\t\t}\n\t\t\t\t#gallery-4 img {\n\t\t\t\t\tborder: 2px solid #cfcfcf;\n\t\t\t\t}\n\t\t\t\t#gallery-4 .gallery-caption {\n\t\t\t\t\tmargin-left: 0;\n\t\t\t\t}\n\t\t\t\t\/* see gallery_shortcode() in wp-includes\/media.php *\/\n\t\t\t<\/style>\n\t\t<div id='gallery-4' class='dt-gallery-container gallery galleryid-322665 gallery-columns-5 gallery-size-thumbnail'><dl class='gallery-item'>\n\t\t\t\t<dt class='gallery-icon portrait'>\n\t\t\t\t\t<a class=\"rollover rollover-zoom dt-pswp-item\" title=\"0e9b33b1-37cf-4f76-a1ff-de322f254351\" data-dt-img-description=\"\" data-large_image_width=\"1200\" data-large_image_height=\"1600\"href='https:\/\/www.radiopiu.net\/wordpress\/wp-content\/uploads\/2022\/02\/0e9b33b1-37cf-4f76-a1ff-de322f254351.jpg'><img loading=\"lazy\" decoding=\"async\" width=\"150\" height=\"150\" src=\"https:\/\/www.radiopiu.net\/wordpress\/wp-content\/uploads\/2022\/02\/0e9b33b1-37cf-4f76-a1ff-de322f254351-150x150.jpg\" class=\"attachment-thumbnail size-thumbnail\" alt=\"\" \/><\/a>\n\t\t\t\t<\/dt><\/dl><dl class='gallery-item'>\n\t\t\t\t<dt class='gallery-icon portrait'>\n\t\t\t\t\t<a class=\"rollover rollover-zoom dt-pswp-item\" title=\"2815c35d-c643-4180-9e10-69ce4a21a8d4\" data-dt-img-description=\"\" data-large_image_width=\"1200\" data-large_image_height=\"1600\"href='https:\/\/www.radiopiu.net\/wordpress\/wp-content\/uploads\/2022\/02\/2815c35d-c643-4180-9e10-69ce4a21a8d4.jpg'><img loading=\"lazy\" decoding=\"async\" width=\"150\" height=\"150\" src=\"https:\/\/www.radiopiu.net\/wordpress\/wp-content\/uploads\/2022\/02\/2815c35d-c643-4180-9e10-69ce4a21a8d4-150x150.jpg\" class=\"attachment-thumbnail size-thumbnail\" alt=\"\" \/><\/a>\n\t\t\t\t<\/dt><\/dl><dl class='gallery-item'>\n\t\t\t\t<dt class='gallery-icon portrait'>\n\t\t\t\t\t<a class=\"rollover rollover-zoom dt-pswp-item\" title=\"b8bff204-60a6-4951-9177-ea4a6f7377ca\" data-dt-img-description=\"\" data-large_image_width=\"1200\" data-large_image_height=\"1600\"href='https:\/\/www.radiopiu.net\/wordpress\/wp-content\/uploads\/2022\/02\/b8bff204-60a6-4951-9177-ea4a6f7377ca.jpg'><img loading=\"lazy\" decoding=\"async\" width=\"150\" height=\"150\" src=\"https:\/\/www.radiopiu.net\/wordpress\/wp-content\/uploads\/2022\/02\/b8bff204-60a6-4951-9177-ea4a6f7377ca-150x150.jpg\" class=\"attachment-thumbnail size-thumbnail\" alt=\"\" \/><\/a>\n\t\t\t\t<\/dt><\/dl><dl class='gallery-item'>\n\t\t\t\t<dt class='gallery-icon portrait'>\n\t\t\t\t\t<a class=\"rollover rollover-zoom dt-pswp-item\" title=\"c1cb36fb-72d2-493b-8439-fec95d6ce585\" data-dt-img-description=\"\" data-large_image_width=\"1200\" data-large_image_height=\"1600\"href='https:\/\/www.radiopiu.net\/wordpress\/wp-content\/uploads\/2022\/02\/c1cb36fb-72d2-493b-8439-fec95d6ce585.jpg'><img loading=\"lazy\" decoding=\"async\" width=\"150\" height=\"150\" src=\"https:\/\/www.radiopiu.net\/wordpress\/wp-content\/uploads\/2022\/02\/c1cb36fb-72d2-493b-8439-fec95d6ce585-150x150.jpg\" class=\"attachment-thumbnail size-thumbnail\" alt=\"\" \/><\/a>\n\t\t\t\t<\/dt><\/dl><dl class='gallery-item'>\n\t\t\t\t<dt class='gallery-icon portrait'>\n\t\t\t\t\t<a class=\"rollover rollover-zoom dt-pswp-item\" title=\"b97c7de3-e359-4b65-86be-4d2dfb7bfc55\" data-dt-img-description=\"\" data-large_image_width=\"1200\" data-large_image_height=\"1600\"href='https:\/\/www.radiopiu.net\/wordpress\/wp-content\/uploads\/2022\/02\/b97c7de3-e359-4b65-86be-4d2dfb7bfc55.jpg'><img loading=\"lazy\" decoding=\"async\" width=\"150\" height=\"150\" src=\"https:\/\/www.radiopiu.net\/wordpress\/wp-content\/uploads\/2022\/02\/b97c7de3-e359-4b65-86be-4d2dfb7bfc55-150x150.jpg\" class=\"attachment-thumbnail size-thumbnail\" alt=\"\" \/><\/a>\n\t\t\t\t<\/dt><\/dl><br style=\"clear: both\" \/>\n\t\t\t<\/div>\n\n<p>&#8230; I 100 ANNI..<\/p>\n\n\t\t\t<style type='text\/css'>\n\t\t\t\t#gallery-5 {\n\t\t\t\t\tmargin: auto;\n\t\t\t\t}\n\t\t\t\t#gallery-5 .gallery-item {\n\t\t\t\t\tfloat: left;\n\t\t\t\t\tmargin-top: 10px;\n\t\t\t\t\ttext-align: center;\n\t\t\t\t\twidth: 33%;\n\t\t\t\t}\n\t\t\t\t#gallery-5 img {\n\t\t\t\t\tborder: 2px solid #cfcfcf;\n\t\t\t\t}\n\t\t\t\t#gallery-5 .gallery-caption {\n\t\t\t\t\tmargin-left: 0;\n\t\t\t\t}\n\t\t\t\t\/* see gallery_shortcode() in wp-includes\/media.php *\/\n\t\t\t<\/style>\n\t\t<div id='gallery-5' class='dt-gallery-container gallery galleryid-322665 gallery-columns-3 gallery-size-thumbnail'><dl class='gallery-item'>\n\t\t\t\t<dt class='gallery-icon landscape'>\n\t\t\t\t\t<a class=\"rollover rollover-zoom dt-pswp-item\" title=\"e498668d-a1ef-4218-8bae-2ef269ec43f7\" data-dt-img-description=\"\" data-large_image_width=\"1600\" data-large_image_height=\"1200\"href='https:\/\/www.radiopiu.net\/wordpress\/wp-content\/uploads\/2021\/02\/e498668d-a1ef-4218-8bae-2ef269ec43f7.jpg'><img loading=\"lazy\" decoding=\"async\" width=\"150\" height=\"150\" src=\"https:\/\/www.radiopiu.net\/wordpress\/wp-content\/uploads\/2021\/02\/e498668d-a1ef-4218-8bae-2ef269ec43f7-150x150.jpg\" class=\"attachment-thumbnail size-thumbnail\" alt=\"\" \/><\/a>\n\t\t\t\t<\/dt><\/dl><dl class='gallery-item'>\n\t\t\t\t<dt class='gallery-icon landscape'>\n\t\t\t\t\t<a class=\"rollover rollover-zoom dt-pswp-item\" title=\"98ad9c73-bd4b-45f8-b862-ad6d4fe806aa\" data-dt-img-description=\"\" data-large_image_width=\"1599\" data-large_image_height=\"1599\"href='https:\/\/www.radiopiu.net\/wordpress\/wp-content\/uploads\/2021\/02\/98ad9c73-bd4b-45f8-b862-ad6d4fe806aa.jpg'><img loading=\"lazy\" decoding=\"async\" width=\"150\" height=\"150\" src=\"https:\/\/www.radiopiu.net\/wordpress\/wp-content\/uploads\/2021\/02\/98ad9c73-bd4b-45f8-b862-ad6d4fe806aa-150x150.jpg\" class=\"attachment-thumbnail size-thumbnail\" alt=\"\" srcset=\"https:\/\/www.radiopiu.net\/wordpress\/wp-content\/uploads\/2021\/02\/98ad9c73-bd4b-45f8-b862-ad6d4fe806aa-150x150.jpg 150w, https:\/\/www.radiopiu.net\/wordpress\/wp-content\/uploads\/2021\/02\/98ad9c73-bd4b-45f8-b862-ad6d4fe806aa-300x300.jpg 300w, https:\/\/www.radiopiu.net\/wordpress\/wp-content\/uploads\/2021\/02\/98ad9c73-bd4b-45f8-b862-ad6d4fe806aa-1024x1024.jpg 1024w, https:\/\/www.radiopiu.net\/wordpress\/wp-content\/uploads\/2021\/02\/98ad9c73-bd4b-45f8-b862-ad6d4fe806aa-768x768.jpg 768w, https:\/\/www.radiopiu.net\/wordpress\/wp-content\/uploads\/2021\/02\/98ad9c73-bd4b-45f8-b862-ad6d4fe806aa-1536x1536.jpg 1536w, https:\/\/www.radiopiu.net\/wordpress\/wp-content\/uploads\/2021\/02\/98ad9c73-bd4b-45f8-b862-ad6d4fe806aa.jpg 1599w\" sizes=\"auto, (max-width: 150px) 100vw, 150px\" \/><\/a>\n\t\t\t\t<\/dt><\/dl><dl class='gallery-item'>\n\t\t\t\t<dt class='gallery-icon landscape'>\n\t\t\t\t\t<a class=\"rollover rollover-zoom dt-pswp-item\" title=\"c1adf3ce-4284-4b35-b912-a0de89a92be1\" data-dt-img-description=\"\" data-large_image_width=\"1600\" data-large_image_height=\"1200\"href='https:\/\/www.radiopiu.net\/wordpress\/wp-content\/uploads\/2021\/02\/c1adf3ce-4284-4b35-b912-a0de89a92be1.jpg'><img loading=\"lazy\" decoding=\"async\" width=\"150\" height=\"150\" src=\"https:\/\/www.radiopiu.net\/wordpress\/wp-content\/uploads\/2021\/02\/c1adf3ce-4284-4b35-b912-a0de89a92be1-150x150.jpg\" class=\"attachment-thumbnail size-thumbnail\" alt=\"\" \/><\/a>\n\t\t\t\t<\/dt><\/dl><br style=\"clear: both\" \/>\n\t\t\t<\/div>\n\n<p>&nbsp;<\/p>\n<hr \/>\n<p>&nbsp;<\/p>\n<blockquote>\n<h3>LA MASCOREDA DI SOTTOGUDA<\/h3>\n<\/blockquote>\n<p><strong>ROCCA PIETORE<\/strong> Un pomeriggio di festa a Sottoguda dove si \u00e8 festeggiato il carnevale con la Mascor\u00e8da. Per le vie del paese la gente in maschera ha rallegrato valligiani e turisti. Musica, scherzi e buon umore tra uno dei borghi pi\u00f9 belli d&#8217;Italia.<\/p>\n<div style=\"width: 848px;\" class=\"wp-video\"><video class=\"wp-video-shortcode\" id=\"video-322665-1\" width=\"848\" height=\"480\" preload=\"metadata\" controls=\"controls\"><source type=\"video\/mp4\" src=\"https:\/\/www.radiopiu.net\/wordpress\/wp-content\/uploads\/2023\/02\/WhatsApp-Video-2023-02-18-at-17.57.11.mp4?_=1\" \/><a href=\"https:\/\/www.radiopiu.net\/wordpress\/wp-content\/uploads\/2023\/02\/WhatsApp-Video-2023-02-18-at-17.57.11.mp4\">https:\/\/www.radiopiu.net\/wordpress\/wp-content\/uploads\/2023\/02\/WhatsApp-Video-2023-02-18-at-17.57.11.mp4<\/a><\/video><\/div>\n<p>&nbsp;<\/p>\n<hr \/>\n<p>&nbsp;<\/p>\n<blockquote>\n<h3>LA ZINGHENESTA 2023<\/h3>\n<\/blockquote>\n<p><strong>CANALE D&#8217;AGORDO<\/strong> Ritorna, dopo un paio d\u2019anni di stop, la Zinghenesta, la tradizionale festa in maschera che il Comitato La Zinghenesta di Canale d\u2019Agordo ha rivitalizzato qualche tempo fa e festeggia la decima edizione.<\/p>\n\n\t\t\t<style type='text\/css'>\n\t\t\t\t#gallery-6 {\n\t\t\t\t\tmargin: auto;\n\t\t\t\t}\n\t\t\t\t#gallery-6 .gallery-item {\n\t\t\t\t\tfloat: left;\n\t\t\t\t\tmargin-top: 10px;\n\t\t\t\t\ttext-align: center;\n\t\t\t\t\twidth: 14%;\n\t\t\t\t}\n\t\t\t\t#gallery-6 img {\n\t\t\t\t\tborder: 2px solid #cfcfcf;\n\t\t\t\t}\n\t\t\t\t#gallery-6 .gallery-caption {\n\t\t\t\t\tmargin-left: 0;\n\t\t\t\t}\n\t\t\t\t\/* see gallery_shortcode() in wp-includes\/media.php *\/\n\t\t\t<\/style>\n\t\t<div id='gallery-6' class='dt-gallery-container gallery galleryid-322665 gallery-columns-7 gallery-size-thumbnail'><dl class='gallery-item'>\n\t\t\t\t<dt class='gallery-icon portrait'>\n\t\t\t\t\t<a class=\"rollover rollover-zoom dt-pswp-item\" title=\"18ef18c6-f7df-4df3-900c-9bc91e125850\" data-dt-img-description=\"\" data-large_image_width=\"889\" data-large_image_height=\"1024\"href='https:\/\/www.radiopiu.net\/wordpress\/wp-content\/uploads\/2023\/02\/18ef18c6-f7df-4df3-900c-9bc91e125850.jpg'><img loading=\"lazy\" decoding=\"async\" width=\"150\" height=\"150\" src=\"https:\/\/www.radiopiu.net\/wordpress\/wp-content\/uploads\/2023\/02\/18ef18c6-f7df-4df3-900c-9bc91e125850-150x150.jpg\" class=\"attachment-thumbnail size-thumbnail\" alt=\"\" \/><\/a>\n\t\t\t\t<\/dt><\/dl><dl class='gallery-item'>\n\t\t\t\t<dt class='gallery-icon landscape'>\n\t\t\t\t\t<a class=\"rollover rollover-zoom dt-pswp-item\" title=\"34942e86-f3f5-41a9-9723-22caa1a3f8ad\" data-dt-img-description=\"\" data-large_image_width=\"1024\" data-large_image_height=\"768\"href='https:\/\/www.radiopiu.net\/wordpress\/wp-content\/uploads\/2023\/02\/34942e86-f3f5-41a9-9723-22caa1a3f8ad.jpg'><img loading=\"lazy\" decoding=\"async\" width=\"150\" height=\"150\" src=\"https:\/\/www.radiopiu.net\/wordpress\/wp-content\/uploads\/2023\/02\/34942e86-f3f5-41a9-9723-22caa1a3f8ad-150x150.jpg\" class=\"attachment-thumbnail size-thumbnail\" alt=\"\" \/><\/a>\n\t\t\t\t<\/dt><\/dl><dl class='gallery-item'>\n\t\t\t\t<dt class='gallery-icon landscape'>\n\t\t\t\t\t<a class=\"rollover rollover-zoom dt-pswp-item\" title=\"db40f8b8-5287-44b4-8df0-8632b8749622\" data-dt-img-description=\"\" data-large_image_width=\"1024\" data-large_image_height=\"768\"href='https:\/\/www.radiopiu.net\/wordpress\/wp-content\/uploads\/2023\/02\/db40f8b8-5287-44b4-8df0-8632b8749622.jpg'><img loading=\"lazy\" decoding=\"async\" width=\"150\" height=\"150\" src=\"https:\/\/www.radiopiu.net\/wordpress\/wp-content\/uploads\/2023\/02\/db40f8b8-5287-44b4-8df0-8632b8749622-150x150.jpg\" class=\"attachment-thumbnail size-thumbnail\" alt=\"\" \/><\/a>\n\t\t\t\t<\/dt><\/dl><dl class='gallery-item'>\n\t\t\t\t<dt class='gallery-icon portrait'>\n\t\t\t\t\t<a class=\"rollover rollover-zoom dt-pswp-item\" title=\"6ebdd30f-b37c-43ab-a523-ea4ecc9a83ca\" data-dt-img-description=\"\" data-large_image_width=\"855\" data-large_image_height=\"1024\"href='https:\/\/www.radiopiu.net\/wordpress\/wp-content\/uploads\/2023\/02\/6ebdd30f-b37c-43ab-a523-ea4ecc9a83ca.jpg'><img loading=\"lazy\" decoding=\"async\" width=\"150\" height=\"150\" src=\"https:\/\/www.radiopiu.net\/wordpress\/wp-content\/uploads\/2023\/02\/6ebdd30f-b37c-43ab-a523-ea4ecc9a83ca-150x150.jpg\" class=\"attachment-thumbnail size-thumbnail\" alt=\"\" \/><\/a>\n\t\t\t\t<\/dt><\/dl><dl class='gallery-item'>\n\t\t\t\t<dt class='gallery-icon landscape'>\n\t\t\t\t\t<a class=\"rollover rollover-zoom dt-pswp-item\" title=\"4c230f9b-6e29-43df-a9f9-a9fcab64400f\" data-dt-img-description=\"\" data-large_image_width=\"1024\" data-large_image_height=\"768\"href='https:\/\/www.radiopiu.net\/wordpress\/wp-content\/uploads\/2023\/02\/4c230f9b-6e29-43df-a9f9-a9fcab64400f.jpg'><img loading=\"lazy\" decoding=\"async\" width=\"150\" height=\"150\" src=\"https:\/\/www.radiopiu.net\/wordpress\/wp-content\/uploads\/2023\/02\/4c230f9b-6e29-43df-a9f9-a9fcab64400f-150x150.jpg\" class=\"attachment-thumbnail size-thumbnail\" alt=\"\" \/><\/a>\n\t\t\t\t<\/dt><\/dl><dl class='gallery-item'>\n\t\t\t\t<dt class='gallery-icon landscape'>\n\t\t\t\t\t<a class=\"rollover rollover-zoom dt-pswp-item\" title=\"03f02045-3772-410c-a9af-c2dc163d8cb5\" data-dt-img-description=\"\" data-large_image_width=\"1024\" data-large_image_height=\"768\"href='https:\/\/www.radiopiu.net\/wordpress\/wp-content\/uploads\/2023\/02\/03f02045-3772-410c-a9af-c2dc163d8cb5.jpg'><img loading=\"lazy\" decoding=\"async\" width=\"150\" height=\"150\" src=\"https:\/\/www.radiopiu.net\/wordpress\/wp-content\/uploads\/2023\/02\/03f02045-3772-410c-a9af-c2dc163d8cb5-150x150.jpg\" class=\"attachment-thumbnail size-thumbnail\" alt=\"\" \/><\/a>\n\t\t\t\t<\/dt><\/dl><dl class='gallery-item'>\n\t\t\t\t<dt class='gallery-icon landscape'>\n\t\t\t\t\t<a class=\"rollover rollover-zoom dt-pswp-item\" title=\"9cff7a5b-1b27-4a4c-986e-7fc3c1b936e6\" data-dt-img-description=\"\" data-large_image_width=\"1024\" data-large_image_height=\"768\"href='https:\/\/www.radiopiu.net\/wordpress\/wp-content\/uploads\/2023\/02\/9cff7a5b-1b27-4a4c-986e-7fc3c1b936e6.jpg'><img loading=\"lazy\" decoding=\"async\" width=\"150\" height=\"150\" src=\"https:\/\/www.radiopiu.net\/wordpress\/wp-content\/uploads\/2023\/02\/9cff7a5b-1b27-4a4c-986e-7fc3c1b936e6-150x150.jpg\" class=\"attachment-thumbnail size-thumbnail\" alt=\"\" \/><\/a>\n\t\t\t\t<\/dt><\/dl><br style=\"clear: both\" \/><dl class='gallery-item'>\n\t\t\t\t<dt class='gallery-icon portrait'>\n\t\t\t\t\t<a class=\"rollover rollover-zoom dt-pswp-item\" title=\"b646753a-2b91-4b16-a5ed-17ebed70b629\" data-dt-img-description=\"\" data-large_image_width=\"653\" data-large_image_height=\"1024\"href='https:\/\/www.radiopiu.net\/wordpress\/wp-content\/uploads\/2023\/02\/b646753a-2b91-4b16-a5ed-17ebed70b629.jpg'><img loading=\"lazy\" decoding=\"async\" width=\"150\" height=\"150\" src=\"https:\/\/www.radiopiu.net\/wordpress\/wp-content\/uploads\/2023\/02\/b646753a-2b91-4b16-a5ed-17ebed70b629-150x150.jpg\" class=\"attachment-thumbnail size-thumbnail\" alt=\"\" \/><\/a>\n\t\t\t\t<\/dt><\/dl><dl class='gallery-item'>\n\t\t\t\t<dt class='gallery-icon portrait'>\n\t\t\t\t\t<a class=\"rollover rollover-zoom dt-pswp-item\" title=\"a8b8a1d4-838d-4300-bcc9-7f0a484687a0\" data-dt-img-description=\"\" data-large_image_width=\"991\" data-large_image_height=\"1024\"href='https:\/\/www.radiopiu.net\/wordpress\/wp-content\/uploads\/2023\/02\/a8b8a1d4-838d-4300-bcc9-7f0a484687a0.jpg'><img loading=\"lazy\" decoding=\"async\" width=\"150\" height=\"150\" src=\"https:\/\/www.radiopiu.net\/wordpress\/wp-content\/uploads\/2023\/02\/a8b8a1d4-838d-4300-bcc9-7f0a484687a0-150x150.jpg\" class=\"attachment-thumbnail size-thumbnail\" alt=\"\" \/><\/a>\n\t\t\t\t<\/dt><\/dl><dl class='gallery-item'>\n\t\t\t\t<dt class='gallery-icon landscape'>\n\t\t\t\t\t<a class=\"rollover rollover-zoom dt-pswp-item\" title=\"b7962b33-a618-4f81-835d-9d3a2e2f2c8d\" data-dt-img-description=\"\" data-large_image_width=\"1024\" data-large_image_height=\"768\"href='https:\/\/www.radiopiu.net\/wordpress\/wp-content\/uploads\/2023\/02\/b7962b33-a618-4f81-835d-9d3a2e2f2c8d.jpg'><img loading=\"lazy\" decoding=\"async\" width=\"150\" height=\"150\" src=\"https:\/\/www.radiopiu.net\/wordpress\/wp-content\/uploads\/2023\/02\/b7962b33-a618-4f81-835d-9d3a2e2f2c8d-150x150.jpg\" class=\"attachment-thumbnail size-thumbnail\" alt=\"\" \/><\/a>\n\t\t\t\t<\/dt><\/dl><dl class='gallery-item'>\n\t\t\t\t<dt class='gallery-icon landscape'>\n\t\t\t\t\t<a class=\"rollover rollover-zoom dt-pswp-item\" title=\"1186ecf4-efc3-45d4-9dd2-e94fe40cb3e6\" data-dt-img-description=\"\" data-large_image_width=\"1024\" data-large_image_height=\"768\"href='https:\/\/www.radiopiu.net\/wordpress\/wp-content\/uploads\/2023\/02\/1186ecf4-efc3-45d4-9dd2-e94fe40cb3e6.jpg'><img loading=\"lazy\" decoding=\"async\" width=\"150\" height=\"150\" src=\"https:\/\/www.radiopiu.net\/wordpress\/wp-content\/uploads\/2023\/02\/1186ecf4-efc3-45d4-9dd2-e94fe40cb3e6-150x150.jpg\" class=\"attachment-thumbnail size-thumbnail\" alt=\"\" \/><\/a>\n\t\t\t\t<\/dt><\/dl><dl class='gallery-item'>\n\t\t\t\t<dt class='gallery-icon portrait'>\n\t\t\t\t\t<a class=\"rollover rollover-zoom dt-pswp-item\" title=\"3b043898-a57e-4af5-9513-2eb1532842d3\" data-dt-img-description=\"\" data-large_image_width=\"573\" data-large_image_height=\"1024\"href='https:\/\/www.radiopiu.net\/wordpress\/wp-content\/uploads\/2023\/02\/3b043898-a57e-4af5-9513-2eb1532842d3.jpg'><img loading=\"lazy\" decoding=\"async\" width=\"150\" height=\"150\" src=\"https:\/\/www.radiopiu.net\/wordpress\/wp-content\/uploads\/2023\/02\/3b043898-a57e-4af5-9513-2eb1532842d3-150x150.jpg\" class=\"attachment-thumbnail size-thumbnail\" alt=\"\" \/><\/a>\n\t\t\t\t<\/dt><\/dl><dl class='gallery-item'>\n\t\t\t\t<dt class='gallery-icon portrait'>\n\t\t\t\t\t<a class=\"rollover rollover-zoom dt-pswp-item\" title=\"fe4401b9-eecf-4756-a29c-c71226b15cd9\" data-dt-img-description=\"\" data-large_image_width=\"569\" data-large_image_height=\"1024\"href='https:\/\/www.radiopiu.net\/wordpress\/wp-content\/uploads\/2023\/02\/fe4401b9-eecf-4756-a29c-c71226b15cd9.jpg'><img loading=\"lazy\" decoding=\"async\" width=\"150\" height=\"150\" src=\"https:\/\/www.radiopiu.net\/wordpress\/wp-content\/uploads\/2023\/02\/fe4401b9-eecf-4756-a29c-c71226b15cd9-150x150.jpg\" class=\"attachment-thumbnail size-thumbnail\" alt=\"\" \/><\/a>\n\t\t\t\t<\/dt><\/dl><dl class='gallery-item'>\n\t\t\t\t<dt class='gallery-icon portrait'>\n\t\t\t\t\t<a class=\"rollover rollover-zoom dt-pswp-item\" title=\"e0eb5288-80a3-4d48-8f17-0db0433dab81\" data-dt-img-description=\"\" data-large_image_width=\"961\" data-large_image_height=\"1024\"href='https:\/\/www.radiopiu.net\/wordpress\/wp-content\/uploads\/2023\/02\/e0eb5288-80a3-4d48-8f17-0db0433dab81.jpg'><img loading=\"lazy\" decoding=\"async\" width=\"150\" height=\"150\" src=\"https:\/\/www.radiopiu.net\/wordpress\/wp-content\/uploads\/2023\/02\/e0eb5288-80a3-4d48-8f17-0db0433dab81-150x150.jpg\" class=\"attachment-thumbnail size-thumbnail\" alt=\"\" \/><\/a>\n\t\t\t\t<\/dt><\/dl><br style=\"clear: both\" \/><dl class='gallery-item'>\n\t\t\t\t<dt class='gallery-icon portrait'>\n\t\t\t\t\t<a class=\"rollover rollover-zoom dt-pswp-item\" title=\"720bb6e2-ceb1-4e13-a47a-0738b92fc05c\" data-dt-img-description=\"\" data-large_image_width=\"713\" data-large_image_height=\"1024\"href='https:\/\/www.radiopiu.net\/wordpress\/wp-content\/uploads\/2023\/02\/720bb6e2-ceb1-4e13-a47a-0738b92fc05c.jpg'><img loading=\"lazy\" decoding=\"async\" width=\"150\" height=\"150\" src=\"https:\/\/www.radiopiu.net\/wordpress\/wp-content\/uploads\/2023\/02\/720bb6e2-ceb1-4e13-a47a-0738b92fc05c-150x150.jpg\" class=\"attachment-thumbnail size-thumbnail\" alt=\"\" \/><\/a>\n\t\t\t\t<\/dt><\/dl><dl class='gallery-item'>\n\t\t\t\t<dt class='gallery-icon landscape'>\n\t\t\t\t\t<a class=\"rollover rollover-zoom dt-pswp-item\" title=\"9e05047c-98f3-4a57-bc18-a8bf314cc58e\" data-dt-img-description=\"\" data-large_image_width=\"2048\" data-large_image_height=\"1536\"href='https:\/\/www.radiopiu.net\/wordpress\/wp-content\/uploads\/2023\/02\/9e05047c-98f3-4a57-bc18-a8bf314cc58e.jpg'><img loading=\"lazy\" decoding=\"async\" width=\"150\" height=\"150\" src=\"https:\/\/www.radiopiu.net\/wordpress\/wp-content\/uploads\/2023\/02\/9e05047c-98f3-4a57-bc18-a8bf314cc58e-150x150.jpg\" class=\"attachment-thumbnail size-thumbnail\" alt=\"\" \/><\/a>\n\t\t\t\t<\/dt><\/dl><dl class='gallery-item'>\n\t\t\t\t<dt class='gallery-icon landscape'>\n\t\t\t\t\t<a class=\"rollover rollover-zoom dt-pswp-item\" title=\"a501275d-380b-45b6-8fe9-86b00d66efe1\" data-dt-img-description=\"\" data-large_image_width=\"2048\" data-large_image_height=\"1536\"href='https:\/\/www.radiopiu.net\/wordpress\/wp-content\/uploads\/2023\/02\/a501275d-380b-45b6-8fe9-86b00d66efe1.jpg'><img loading=\"lazy\" decoding=\"async\" width=\"150\" height=\"150\" src=\"https:\/\/www.radiopiu.net\/wordpress\/wp-content\/uploads\/2023\/02\/a501275d-380b-45b6-8fe9-86b00d66efe1-150x150.jpg\" class=\"attachment-thumbnail size-thumbnail\" alt=\"\" \/><\/a>\n\t\t\t\t<\/dt><\/dl><dl class='gallery-item'>\n\t\t\t\t<dt class='gallery-icon landscape'>\n\t\t\t\t\t<a class=\"rollover rollover-zoom dt-pswp-item\" title=\"c3936f88-7549-4c6d-bd31-dec4a3190565\" data-dt-img-description=\"\" data-large_image_width=\"2048\" data-large_image_height=\"1536\"href='https:\/\/www.radiopiu.net\/wordpress\/wp-content\/uploads\/2023\/02\/c3936f88-7549-4c6d-bd31-dec4a3190565.jpg'><img loading=\"lazy\" decoding=\"async\" width=\"150\" height=\"150\" src=\"https:\/\/www.radiopiu.net\/wordpress\/wp-content\/uploads\/2023\/02\/c3936f88-7549-4c6d-bd31-dec4a3190565-150x150.jpg\" class=\"attachment-thumbnail size-thumbnail\" alt=\"\" \/><\/a>\n\t\t\t\t<\/dt><\/dl><dl class='gallery-item'>\n\t\t\t\t<dt class='gallery-icon landscape'>\n\t\t\t\t\t<a class=\"rollover rollover-zoom dt-pswp-item\" title=\"50815c65-9195-4c1e-a30c-17097bf9cc6f\" data-dt-img-description=\"\" data-large_image_width=\"2048\" data-large_image_height=\"1536\"href='https:\/\/www.radiopiu.net\/wordpress\/wp-content\/uploads\/2023\/02\/50815c65-9195-4c1e-a30c-17097bf9cc6f.jpg'><img loading=\"lazy\" decoding=\"async\" width=\"150\" height=\"150\" src=\"https:\/\/www.radiopiu.net\/wordpress\/wp-content\/uploads\/2023\/02\/50815c65-9195-4c1e-a30c-17097bf9cc6f-150x150.jpg\" class=\"attachment-thumbnail size-thumbnail\" alt=\"\" \/><\/a>\n\t\t\t\t<\/dt><\/dl><dl class='gallery-item'>\n\t\t\t\t<dt class='gallery-icon portrait'>\n\t\t\t\t\t<a class=\"rollover rollover-zoom dt-pswp-item\" title=\"433a1679-c4e6-442d-bb33-044c82be3a07\" data-dt-img-description=\"\" data-large_image_width=\"1536\" data-large_image_height=\"2048\"href='https:\/\/www.radiopiu.net\/wordpress\/wp-content\/uploads\/2023\/02\/433a1679-c4e6-442d-bb33-044c82be3a07.jpg'><img loading=\"lazy\" decoding=\"async\" width=\"150\" height=\"150\" src=\"https:\/\/www.radiopiu.net\/wordpress\/wp-content\/uploads\/2023\/02\/433a1679-c4e6-442d-bb33-044c82be3a07-150x150.jpg\" class=\"attachment-thumbnail size-thumbnail\" alt=\"\" \/><\/a>\n\t\t\t\t<\/dt><\/dl><dl class='gallery-item'>\n\t\t\t\t<dt class='gallery-icon landscape'>\n\t\t\t\t\t<a class=\"rollover rollover-zoom dt-pswp-item\" title=\"1a465a2b-65b8-4854-a0a8-649990567985\" data-dt-img-description=\"\" data-large_image_width=\"2048\" data-large_image_height=\"1536\"href='https:\/\/www.radiopiu.net\/wordpress\/wp-content\/uploads\/2023\/02\/1a465a2b-65b8-4854-a0a8-649990567985.jpg'><img loading=\"lazy\" decoding=\"async\" width=\"150\" height=\"150\" src=\"https:\/\/www.radiopiu.net\/wordpress\/wp-content\/uploads\/2023\/02\/1a465a2b-65b8-4854-a0a8-649990567985-150x150.jpg\" class=\"attachment-thumbnail size-thumbnail\" alt=\"\" \/><\/a>\n\t\t\t\t<\/dt><\/dl><br style=\"clear: both\" \/>\n\t\t\t<\/div>\n\n<p>&nbsp;<\/p>\n<p><strong>LA DIRETTA RADIO PIU&#8217; &#8211; VIDEO 1\u00a0La Zinghenesta 2023 \u00e8 Anna Valt di Falcade<\/strong><\/p>\n<p>https:\/\/www.facebook.com\/marco.baghy.1\/videos\/738161087702391<\/p>\n<p>&nbsp;<\/p>\n<p><strong>LA DIRETTA RADIO PIU&#8217; &#8211; VIDEO 2 il processo al signor Carnevale, le malefatte dell&#8217;anno, dall&#8217;incidente a Don Vito ai problemi di bostrico e approvigionamento idrico. Il responsabile di tali crimini sar\u00e0 impiccato sulla pubblica via<\/strong><\/p>\n<p><iframe loading=\"lazy\" title=\"ZINGHENESTA 2023   PROCESSO AL CARNEVALE\" width=\"1200\" height=\"675\" src=\"https:\/\/www.youtube.com\/embed\/P0QZ7hi66wE?feature=oembed\" frameborder=\"0\" allow=\"accelerometer; autoplay; clipboard-write; encrypted-media; gyroscope; picture-in-picture; web-share\" allowfullscreen><\/iframe><\/p>\n<p>&nbsp;<\/p>\n<hr \/>\n<p>&nbsp;<\/p>\n<blockquote>\n<h3>EL CARNEVAL DEI BOCE A TAIBON<\/h3>\n<\/blockquote>\n<p><strong>TAIBON<\/strong> Torna dopo due anni &#8220;El Carneval Dei Boce&#8221; a Taibon Agordino organizzato dalla Pro Loco e dal Comune.<\/p>\n\n\t\t\t<style type='text\/css'>\n\t\t\t\t#gallery-7 {\n\t\t\t\t\tmargin: auto;\n\t\t\t\t}\n\t\t\t\t#gallery-7 .gallery-item {\n\t\t\t\t\tfloat: left;\n\t\t\t\t\tmargin-top: 10px;\n\t\t\t\t\ttext-align: center;\n\t\t\t\t\twidth: 16%;\n\t\t\t\t}\n\t\t\t\t#gallery-7 img {\n\t\t\t\t\tborder: 2px solid #cfcfcf;\n\t\t\t\t}\n\t\t\t\t#gallery-7 .gallery-caption {\n\t\t\t\t\tmargin-left: 0;\n\t\t\t\t}\n\t\t\t\t\/* see gallery_shortcode() in wp-includes\/media.php *\/\n\t\t\t<\/style>\n\t\t<div id='gallery-7' class='dt-gallery-container gallery galleryid-322665 gallery-columns-6 gallery-size-thumbnail'><dl class='gallery-item'>\n\t\t\t\t<dt class='gallery-icon portrait'>\n\t\t\t\t\t<a class=\"rollover rollover-zoom dt-pswp-item\" title=\"79070ad6-3f32-4bc4-aea9-4424e30a33d4\" data-dt-img-description=\"\" data-large_image_width=\"742\" data-large_image_height=\"1024\"href='https:\/\/www.radiopiu.net\/wordpress\/wp-content\/uploads\/2023\/02\/79070ad6-3f32-4bc4-aea9-4424e30a33d4.jpg'><img loading=\"lazy\" decoding=\"async\" width=\"150\" height=\"150\" src=\"https:\/\/www.radiopiu.net\/wordpress\/wp-content\/uploads\/2023\/02\/79070ad6-3f32-4bc4-aea9-4424e30a33d4-150x150.jpg\" class=\"attachment-thumbnail size-thumbnail\" alt=\"\" \/><\/a>\n\t\t\t\t<\/dt><\/dl><dl class='gallery-item'>\n\t\t\t\t<dt class='gallery-icon landscape'>\n\t\t\t\t\t<a class=\"rollover rollover-zoom dt-pswp-item\" title=\"a331e4f2-34fc-4f72-8e9e-bb978beca05e\" data-dt-img-description=\"\" data-large_image_width=\"1024\" data-large_image_height=\"768\"href='https:\/\/www.radiopiu.net\/wordpress\/wp-content\/uploads\/2023\/02\/a331e4f2-34fc-4f72-8e9e-bb978beca05e.jpg'><img loading=\"lazy\" decoding=\"async\" width=\"150\" height=\"150\" src=\"https:\/\/www.radiopiu.net\/wordpress\/wp-content\/uploads\/2023\/02\/a331e4f2-34fc-4f72-8e9e-bb978beca05e-150x150.jpg\" class=\"attachment-thumbnail size-thumbnail\" alt=\"\" \/><\/a>\n\t\t\t\t<\/dt><\/dl><dl class='gallery-item'>\n\t\t\t\t<dt class='gallery-icon landscape'>\n\t\t\t\t\t<a class=\"rollover rollover-zoom dt-pswp-item\" title=\"143a1fd8-b1d2-4526-a17f-3cceeac990dd\" data-dt-img-description=\"\" data-large_image_width=\"1024\" data-large_image_height=\"768\"href='https:\/\/www.radiopiu.net\/wordpress\/wp-content\/uploads\/2023\/02\/143a1fd8-b1d2-4526-a17f-3cceeac990dd.jpg'><img loading=\"lazy\" decoding=\"async\" width=\"150\" height=\"150\" src=\"https:\/\/www.radiopiu.net\/wordpress\/wp-content\/uploads\/2023\/02\/143a1fd8-b1d2-4526-a17f-3cceeac990dd-150x150.jpg\" class=\"attachment-thumbnail size-thumbnail\" alt=\"\" \/><\/a>\n\t\t\t\t<\/dt><\/dl><dl class='gallery-item'>\n\t\t\t\t<dt class='gallery-icon landscape'>\n\t\t\t\t\t<a class=\"rollover rollover-zoom dt-pswp-item\" title=\"2580458a-a8a2-44b6-8b1d-39b4ca0ebfd8\" data-dt-img-description=\"\" data-large_image_width=\"1024\" data-large_image_height=\"768\"href='https:\/\/www.radiopiu.net\/wordpress\/wp-content\/uploads\/2023\/02\/2580458a-a8a2-44b6-8b1d-39b4ca0ebfd8.jpg'><img loading=\"lazy\" decoding=\"async\" width=\"150\" height=\"150\" src=\"https:\/\/www.radiopiu.net\/wordpress\/wp-content\/uploads\/2023\/02\/2580458a-a8a2-44b6-8b1d-39b4ca0ebfd8-150x150.jpg\" class=\"attachment-thumbnail size-thumbnail\" alt=\"\" \/><\/a>\n\t\t\t\t<\/dt><\/dl><dl class='gallery-item'>\n\t\t\t\t<dt class='gallery-icon landscape'>\n\t\t\t\t\t<a class=\"rollover rollover-zoom dt-pswp-item\" title=\"e8ce0393-5365-47d0-958d-4167cb4896d5\" data-dt-img-description=\"\" data-large_image_width=\"1024\" data-large_image_height=\"871\"href='https:\/\/www.radiopiu.net\/wordpress\/wp-content\/uploads\/2023\/02\/e8ce0393-5365-47d0-958d-4167cb4896d5.jpg'><img loading=\"lazy\" decoding=\"async\" width=\"150\" height=\"150\" src=\"https:\/\/www.radiopiu.net\/wordpress\/wp-content\/uploads\/2023\/02\/e8ce0393-5365-47d0-958d-4167cb4896d5-150x150.jpg\" class=\"attachment-thumbnail size-thumbnail\" alt=\"\" \/><\/a>\n\t\t\t\t<\/dt><\/dl><dl class='gallery-item'>\n\t\t\t\t<dt class='gallery-icon portrait'>\n\t\t\t\t\t<a class=\"rollover rollover-zoom dt-pswp-item\" title=\"5c0d5904-9d1d-411a-8899-7f11c982eeef\" data-dt-img-description=\"\" data-large_image_width=\"901\" data-large_image_height=\"1024\"href='https:\/\/www.radiopiu.net\/wordpress\/wp-content\/uploads\/2023\/02\/5c0d5904-9d1d-411a-8899-7f11c982eeef.jpg'><img loading=\"lazy\" decoding=\"async\" width=\"150\" height=\"150\" src=\"https:\/\/www.radiopiu.net\/wordpress\/wp-content\/uploads\/2023\/02\/5c0d5904-9d1d-411a-8899-7f11c982eeef-150x150.jpg\" class=\"attachment-thumbnail size-thumbnail\" alt=\"\" \/><\/a>\n\t\t\t\t<\/dt><\/dl><br style=\"clear: both\" \/><dl class='gallery-item'>\n\t\t\t\t<dt class='gallery-icon landscape'>\n\t\t\t\t\t<a class=\"rollover rollover-zoom dt-pswp-item\" title=\"c4845346-522d-47f9-b14a-fc74372ad5bb\" data-dt-img-description=\"\" data-large_image_width=\"1024\" data-large_image_height=\"900\"href='https:\/\/www.radiopiu.net\/wordpress\/wp-content\/uploads\/2023\/02\/c4845346-522d-47f9-b14a-fc74372ad5bb.jpg'><img loading=\"lazy\" decoding=\"async\" width=\"150\" height=\"150\" src=\"https:\/\/www.radiopiu.net\/wordpress\/wp-content\/uploads\/2023\/02\/c4845346-522d-47f9-b14a-fc74372ad5bb-150x150.jpg\" class=\"attachment-thumbnail size-thumbnail\" alt=\"\" \/><\/a>\n\t\t\t\t<\/dt><\/dl><dl class='gallery-item'>\n\t\t\t\t<dt class='gallery-icon landscape'>\n\t\t\t\t\t<a class=\"rollover rollover-zoom dt-pswp-item\" title=\"49f4f7c0-eb07-499b-838a-a317e344a3da\" data-dt-img-description=\"\" data-large_image_width=\"1024\" data-large_image_height=\"857\"href='https:\/\/www.radiopiu.net\/wordpress\/wp-content\/uploads\/2023\/02\/49f4f7c0-eb07-499b-838a-a317e344a3da.jpg'><img loading=\"lazy\" decoding=\"async\" width=\"150\" height=\"150\" src=\"https:\/\/www.radiopiu.net\/wordpress\/wp-content\/uploads\/2023\/02\/49f4f7c0-eb07-499b-838a-a317e344a3da-150x150.jpg\" class=\"attachment-thumbnail size-thumbnail\" alt=\"\" \/><\/a>\n\t\t\t\t<\/dt><\/dl><dl class='gallery-item'>\n\t\t\t\t<dt class='gallery-icon portrait'>\n\t\t\t\t\t<a class=\"rollover rollover-zoom dt-pswp-item\" title=\"980cef08-34c3-4e70-afdd-7902e78aab26\" data-dt-img-description=\"\" data-large_image_width=\"377\" data-large_image_height=\"1024\"href='https:\/\/www.radiopiu.net\/wordpress\/wp-content\/uploads\/2023\/02\/980cef08-34c3-4e70-afdd-7902e78aab26.jpg'><img loading=\"lazy\" decoding=\"async\" width=\"150\" height=\"150\" src=\"https:\/\/www.radiopiu.net\/wordpress\/wp-content\/uploads\/2023\/02\/980cef08-34c3-4e70-afdd-7902e78aab26-150x150.jpg\" class=\"attachment-thumbnail size-thumbnail\" alt=\"\" \/><\/a>\n\t\t\t\t<\/dt><\/dl><dl class='gallery-item'>\n\t\t\t\t<dt class='gallery-icon portrait'>\n\t\t\t\t\t<a class=\"rollover rollover-zoom dt-pswp-item\" title=\"24d39544-116b-414b-86de-e596c6da738f\" data-dt-img-description=\"\" data-large_image_width=\"957\" data-large_image_height=\"1024\"href='https:\/\/www.radiopiu.net\/wordpress\/wp-content\/uploads\/2023\/02\/24d39544-116b-414b-86de-e596c6da738f.jpg'><img loading=\"lazy\" decoding=\"async\" width=\"150\" height=\"150\" src=\"https:\/\/www.radiopiu.net\/wordpress\/wp-content\/uploads\/2023\/02\/24d39544-116b-414b-86de-e596c6da738f-150x150.jpg\" class=\"attachment-thumbnail size-thumbnail\" alt=\"\" \/><\/a>\n\t\t\t\t<\/dt><\/dl><dl class='gallery-item'>\n\t\t\t\t<dt class='gallery-icon landscape'>\n\t\t\t\t\t<a class=\"rollover rollover-zoom dt-pswp-item\" title=\"68f2e86d-11ca-4ce8-ac34-1898ef7e05b3\" data-dt-img-description=\"\" data-large_image_width=\"1024\" data-large_image_height=\"768\"href='https:\/\/www.radiopiu.net\/wordpress\/wp-content\/uploads\/2023\/02\/68f2e86d-11ca-4ce8-ac34-1898ef7e05b3.jpg'><img loading=\"lazy\" decoding=\"async\" width=\"150\" height=\"150\" src=\"https:\/\/www.radiopiu.net\/wordpress\/wp-content\/uploads\/2023\/02\/68f2e86d-11ca-4ce8-ac34-1898ef7e05b3-150x150.jpg\" class=\"attachment-thumbnail size-thumbnail\" alt=\"\" \/><\/a>\n\t\t\t\t<\/dt><\/dl><dl class='gallery-item'>\n\t\t\t\t<dt class='gallery-icon landscape'>\n\t\t\t\t\t<a class=\"rollover rollover-zoom dt-pswp-item\" title=\"759222be-b73c-4968-8dc5-9f940dd9a2b6\" data-dt-img-description=\"\" data-large_image_width=\"1024\" data-large_image_height=\"768\"href='https:\/\/www.radiopiu.net\/wordpress\/wp-content\/uploads\/2023\/02\/759222be-b73c-4968-8dc5-9f940dd9a2b6.jpg'><img loading=\"lazy\" decoding=\"async\" width=\"150\" height=\"150\" src=\"https:\/\/www.radiopiu.net\/wordpress\/wp-content\/uploads\/2023\/02\/759222be-b73c-4968-8dc5-9f940dd9a2b6-150x150.jpg\" class=\"attachment-thumbnail size-thumbnail\" alt=\"\" \/><\/a>\n\t\t\t\t<\/dt><\/dl><br style=\"clear: both\" \/><dl class='gallery-item'>\n\t\t\t\t<dt class='gallery-icon portrait'>\n\t\t\t\t\t<a class=\"rollover rollover-zoom dt-pswp-item\" title=\"cfa430de-ed61-4cf1-ba36-412f09536bce\" data-dt-img-description=\"\" data-large_image_width=\"983\" data-large_image_height=\"1024\"href='https:\/\/www.radiopiu.net\/wordpress\/wp-content\/uploads\/2023\/02\/cfa430de-ed61-4cf1-ba36-412f09536bce.jpg'><img loading=\"lazy\" decoding=\"async\" width=\"150\" height=\"150\" src=\"https:\/\/www.radiopiu.net\/wordpress\/wp-content\/uploads\/2023\/02\/cfa430de-ed61-4cf1-ba36-412f09536bce-150x150.jpg\" class=\"attachment-thumbnail size-thumbnail\" alt=\"\" \/><\/a>\n\t\t\t\t<\/dt><\/dl><dl class='gallery-item'>\n\t\t\t\t<dt class='gallery-icon landscape'>\n\t\t\t\t\t<a class=\"rollover rollover-zoom dt-pswp-item\" title=\"ad691530-47cb-49d8-ab3b-c1206bae01dc\" data-dt-img-description=\"\" data-large_image_width=\"1024\" data-large_image_height=\"921\"href='https:\/\/www.radiopiu.net\/wordpress\/wp-content\/uploads\/2023\/02\/ad691530-47cb-49d8-ab3b-c1206bae01dc.jpg'><img loading=\"lazy\" decoding=\"async\" width=\"150\" height=\"150\" src=\"https:\/\/www.radiopiu.net\/wordpress\/wp-content\/uploads\/2023\/02\/ad691530-47cb-49d8-ab3b-c1206bae01dc-150x150.jpg\" class=\"attachment-thumbnail size-thumbnail\" alt=\"\" \/><\/a>\n\t\t\t\t<\/dt><\/dl><dl class='gallery-item'>\n\t\t\t\t<dt class='gallery-icon landscape'>\n\t\t\t\t\t<a class=\"rollover rollover-zoom dt-pswp-item\" title=\"76ad3006-d6ad-406d-af11-176eefdd1002\" data-dt-img-description=\"\" data-large_image_width=\"1024\" data-large_image_height=\"960\"href='https:\/\/www.radiopiu.net\/wordpress\/wp-content\/uploads\/2023\/02\/76ad3006-d6ad-406d-af11-176eefdd1002.jpg'><img loading=\"lazy\" decoding=\"async\" width=\"150\" height=\"150\" src=\"https:\/\/www.radiopiu.net\/wordpress\/wp-content\/uploads\/2023\/02\/76ad3006-d6ad-406d-af11-176eefdd1002-150x150.jpg\" class=\"attachment-thumbnail size-thumbnail\" alt=\"\" \/><\/a>\n\t\t\t\t<\/dt><\/dl><dl class='gallery-item'>\n\t\t\t\t<dt class='gallery-icon portrait'>\n\t\t\t\t\t<a class=\"rollover rollover-zoom dt-pswp-item\" title=\"0119ff3e-221e-4a20-bfea-49cf45657db7\" data-dt-img-description=\"\" data-large_image_width=\"713\" data-large_image_height=\"1024\"href='https:\/\/www.radiopiu.net\/wordpress\/wp-content\/uploads\/2023\/02\/0119ff3e-221e-4a20-bfea-49cf45657db7.jpg'><img loading=\"lazy\" decoding=\"async\" width=\"150\" height=\"150\" src=\"https:\/\/www.radiopiu.net\/wordpress\/wp-content\/uploads\/2023\/02\/0119ff3e-221e-4a20-bfea-49cf45657db7-150x150.jpg\" class=\"attachment-thumbnail size-thumbnail\" alt=\"\" \/><\/a>\n\t\t\t\t<\/dt><\/dl><dl class='gallery-item'>\n\t\t\t\t<dt class='gallery-icon landscape'>\n\t\t\t\t\t<a class=\"rollover rollover-zoom dt-pswp-item\" title=\"315c8458-0833-45cb-a9d3-67ef32bd9f27\" data-dt-img-description=\"\" data-large_image_width=\"1024\" data-large_image_height=\"768\"href='https:\/\/www.radiopiu.net\/wordpress\/wp-content\/uploads\/2023\/02\/315c8458-0833-45cb-a9d3-67ef32bd9f27.jpg'><img loading=\"lazy\" decoding=\"async\" width=\"150\" height=\"150\" src=\"https:\/\/www.radiopiu.net\/wordpress\/wp-content\/uploads\/2023\/02\/315c8458-0833-45cb-a9d3-67ef32bd9f27-150x150.jpg\" class=\"attachment-thumbnail size-thumbnail\" alt=\"\" \/><\/a>\n\t\t\t\t<\/dt><\/dl><dl class='gallery-item'>\n\t\t\t\t<dt class='gallery-icon portrait'>\n\t\t\t\t\t<a class=\"rollover rollover-zoom dt-pswp-item\" title=\"31c218c3-a440-4ac5-8625-c8712e8e8aed\" data-dt-img-description=\"\" data-large_image_width=\"571\" data-large_image_height=\"1024\"href='https:\/\/www.radiopiu.net\/wordpress\/wp-content\/uploads\/2023\/02\/31c218c3-a440-4ac5-8625-c8712e8e8aed.jpg'><img loading=\"lazy\" decoding=\"async\" width=\"150\" height=\"150\" src=\"https:\/\/www.radiopiu.net\/wordpress\/wp-content\/uploads\/2023\/02\/31c218c3-a440-4ac5-8625-c8712e8e8aed-150x150.jpg\" class=\"attachment-thumbnail size-thumbnail\" alt=\"\" \/><\/a>\n\t\t\t\t<\/dt><\/dl><br style=\"clear: both\" \/>\n\t\t\t<\/div>\n\n<p>&nbsp;<\/p>\n<p><strong>LA DIRETTA RADIO PIU&#8217;<\/strong><\/p>\n<p>https:\/\/www.facebook.com\/marco.baghy.1\/videos\/1578115076007455<\/p>\n<p>&nbsp;<\/p>\n<hr \/>\n<p>&nbsp;<\/p>\n<blockquote>\n<h2>CARNEVALE A CAVIOLA<\/h2>\n<\/blockquote>\n<p><strong>DI GIANNI SANTOMASO<\/strong><\/p>\n<audio class=\"wp-audio-shortcode\" id=\"audio-322665-7\" preload=\"none\" style=\"width: 100%;\" controls=\"controls\"><source type=\"audio\/mpeg\" src=\"https:\/\/www.radiopiu.net\/wordpress\/wp-content\/uploads\/2023\/02\/MARTEDI-A-CAVIOLA.mp3?_=7\" \/><a href=\"https:\/\/www.radiopiu.net\/wordpress\/wp-content\/uploads\/2023\/02\/MARTEDI-A-CAVIOLA.mp3\">https:\/\/www.radiopiu.net\/wordpress\/wp-content\/uploads\/2023\/02\/MARTEDI-A-CAVIOLA.mp3<\/a><\/audio>\n<p>&nbsp;<\/p>\n<hr \/>\n<p>&nbsp;<\/p>\n<blockquote>\n<h3>IL RITORNO DEL LUPO, PROSEGUONO GLI INCONTRI<\/h3>\n<\/blockquote>\n<p><strong>LAMON <\/strong><span style=\"font-family: Tahoma, Verdana;\">&#8220;Il ritorno del lupo: conoscere di pi\u00f9 per convivere meglio&#8221;: \u00e8 il titolo della serata pubblica organizzata dal Comune di Lamon e dal Parco Nazionale Dolomiti Bellunesi. L&#8217;appuntamento \u00e8 per mercoled\u00ec 22 febbraio, alle ore 20:30, presso la sala teatro del centro AMO di Lamon. Relazioni di\u00a0 <\/span><span style=\"font-family: Tahoma, Verdana;\">Enrico Vettorazzo, tecnico del Parco Nazionale Dolomiti Bellunesi, e del fotografo naturalista Ivan Mazzon\u00a0<\/span><\/p>\n<p>&nbsp;<\/p>\n<p>&nbsp;<\/p>\n<hr \/>\n<p>&nbsp;<\/p>\n<blockquote>\n<h3>BENEFICA CENA AL BUIO<\/h3>\n<\/blockquote>\n<p><strong>AGORDO<\/strong> L&#8217;Unione Italiana dei Ciechi e degli Ipovedenti di Belluno\u00a0 organizza per\u00a0 sabato 25 febbraio, alle 20, al centro parrocchiale Vincenzo Savio la cena al buio. Il costo dell&#8217;evento \u00e8 di \u20ac 40 a persona. Parte del ricavato verr\u00e0 impiegata per finanziare l&#8217;acquisto di un nuovo pulmino per il trasporto delle persone con disabilit\u00e0 visiva della provincia di Belluno a opera dei volontari U.N.I.Vo.C. Le iscrizioni sono aperte fino al 20 febbraio (ma verranno chiuse prima in caso di esaurimento dei posti disponibili). Info 0437 943413<\/p>\n<p>&nbsp;<\/p>\n<p>&nbsp;<\/p>\n<hr \/>\n<p>&nbsp;<\/p>\n<blockquote>\n<h3>GITA DI CLASSE, 1963<\/h3>\n<\/blockquote>\n<p><strong>REDAZIONE<\/strong> I coscritti del 1963 il 1 aprile si ritroveranno in gita, al Castello di Spessa e San Daniele. Partenza in pullman da Agordo alle 8.30, rientro in serata. Prenotazione e saldo (130euro) entro il 5 marzo. Info 348 0326080 -Giornale e Caffe&#8217;, Taibon.<\/p>\n<p>&nbsp;<\/p>\n<p>&nbsp;<\/p>\n<hr \/>\n<p>&nbsp;<\/p>\n<blockquote>\n<h3><a class=\"dt-pswp-item\" href=\"https:\/\/www.radiopiu.net\/wordpress\/wp-content\/uploads\/2023\/02\/copertila-lea-luzzatto-2-definitiva.jpg\" data-dt-img-description=\"\" data-large_image_width=\"583\" data-large_image_height=\"806\"><img loading=\"lazy\" decoding=\"async\" class=\"wp-image-322089 alignleft\" src=\"https:\/\/www.radiopiu.net\/wordpress\/wp-content\/uploads\/2023\/02\/copertila-lea-luzzatto-2-definitiva-217x300.jpg\" alt=\"\" width=\"109\" height=\"151\" srcset=\"https:\/\/www.radiopiu.net\/wordpress\/wp-content\/uploads\/2023\/02\/copertila-lea-luzzatto-2-definitiva-217x300.jpg 217w, https:\/\/www.radiopiu.net\/wordpress\/wp-content\/uploads\/2023\/02\/copertila-lea-luzzatto-2-definitiva.jpg 583w\" sizes=\"auto, (max-width: 109px) 100vw, 109px\" \/><\/a>LA PRESENTAZIONE DEL NUOVO LIBRO DI ROBERTO DE NART<\/h3>\n<\/blockquote>\n<p><strong>BELLUNO <\/strong>Sabato 25 febbraio alle 18 alla Libreria Tarantola di Belluno, in via Psaro 13\/A, si terr\u00e0 la presentazione del libro \u201cL\u2019inquietante morte di Lea Luzzatto\u201d di Roberto De Nart. Conduce l\u2019incontro Anna Polifroni, avvocato del Foro di Belluno. Lea Luzzatto \u00e8 una giovane professoressa bellunese di 23 anni che viene trovata esanime in casa, riversa in una pozza di sangue con il cranio fracassato nella gelida notte del 17 dicembre 1946. Il suo corpo giace in fondo alle scale della villetta di famiglia in via Feltre n.1 dove abita con la madre e il fratello. Il fatto fa molto scalpore in citt\u00e0, perch\u00e9 coinvolge una nota famiglia della borghesia bellunese. Morte accidentale o delitto? La triste vicenda \u00e8 ricostruita dall\u2019autore attraverso gli atti processuali conservati all\u2019Archivio di Stato di Venezia e gli articoli di giornale dell\u2019epoca.<\/p>\n<p>&nbsp;<\/p>\n<p>&nbsp;<\/p>\n<hr \/>\n<p>&nbsp;<\/p>\n<blockquote>\n<h3>LA BENEDIZIONE DELLE CASE A SAN TOMASO<\/h3>\n<\/blockquote>\n<p><strong>SAN TOMASO<\/strong> Il parroco di San Tomaso Don Luigi Canal comunica che a partire da mercoled\u00ec 22 febbraio inizier\u00e0 la benedizione delle case. Questi gli appuntamenti: 22 febbraio Celat, 23 febbraio Canacede, Ronch e Custoia, 24 febbraio Pianezze, Vallata, Valle, Val, Pian e Pian Molin. 27 febbraio Piaia, Pecol, Mezza Costa, 28 febbraio Roi, Colar\u00f9, Costa, 1 marzo Sot Colar\u00f9 e Avoscan.<\/p>\n<p>&nbsp;<\/p>\n<p>&nbsp;<\/p>\n<hr \/>\n<p>&nbsp;<\/p>\n<blockquote class=\"wp-embedded-content\" data-secret=\"UWOwDNzWqt\"><p><a href=\"https:\/\/www.radiopiu.net\/wordpress\/sui-demani-collettivi-ossia-i-cosiddetti-usi-civici-le-regole-altri-prima-parte\/\">SUI DEMANI COLLETTIVI OSSIA I COSIDDETTI USI CIVICI, LE REGOLE &#038; ALTRI \u2013 PRIMA PARTE<\/a><\/p><\/blockquote>\n<p><iframe loading=\"lazy\" class=\"wp-embedded-content\" sandbox=\"allow-scripts\" security=\"restricted\" style=\"position: absolute; clip: rect(1px, 1px, 1px, 1px);\" title=\"&#8220;SUI DEMANI COLLETTIVI OSSIA I COSIDDETTI USI CIVICI, LE REGOLE &#038; ALTRI \u2013 PRIMA PARTE&#8221; &#8212; Radio Pi\u00f9\" src=\"https:\/\/www.radiopiu.net\/wordpress\/sui-demani-collettivi-ossia-i-cosiddetti-usi-civici-le-regole-altri-prima-parte\/embed\/#?secret=yOOKv4039f#?secret=UWOwDNzWqt\" data-secret=\"UWOwDNzWqt\" width=\"600\" height=\"338\" frameborder=\"0\" marginwidth=\"0\" marginheight=\"0\" scrolling=\"no\"><\/iframe><\/p>\n<p>&nbsp;<\/p>\n<hr \/>\n<p>&nbsp;<\/p>\n<blockquote>\n<h3>DALL\u2019ISTITUTO \u201cSEGATO\u201d DI BELLUNO RISPOSTE CONCRETE ALLE ESIGENZE (IN GUERRA E IN PACE) DELLA COMUNITA&#8217;<\/h3>\n<\/blockquote>\n<p><strong>di Renato Bona<\/strong><\/p>\n<p>Uno dei capitoli a nostro modesto avviso pi\u00f9 interessanti del pregevole volume che Luigi Rivis ha realizzato con la preziosa collaborazione di Dino Bridda e Paolo Conte: \u201cBelluno 1905-2005: un secolo dell\u2019Istituto Tecnico Industriale \u2018Girolamo Segato\u2019\u201d (ottobre 2005, tipografia Piave di Belluno) \u00e8 quello intitolato \u201cLa scuola al servizio del territorio\u201d perch\u00e9 &#8211; per dirla con l\u2019autore, che dell\u2019Iti su prima studente e quindi docente &#8211; \u201cIn pi\u00f9 occasioni, nel corso della sua storia centenaria, l\u2019Istituto fu protagonista di episodi significativi di risposta concreta alle esigenze della comunit\u00e0 locale, sia in tempo di pace, sia in tempo di guerra\u201d. Durante la Grande Guerra, ad esempio, divenne punto di forza del complesso apparato della macchina bellica italiana operante dietro le linee del fronte dolomitico e dal febbraio 1916 al novembre dell\u2019anno seguente le officine vennero mobilitate e aggregate al 1. Magazzino avanzato di artiglieria, allo scopo di provvedere alla riparazione delle armi portatili: fucili, pistole, mitragliatrici, del materiale elettrico, delle macchine per scrivere e \u201call\u2019esecuzione dei pi\u00f9 svariati lavori specialmente di precisione, fra l\u2019altro riparando oltre 100 mila fucili, 890 mitragliatrici, 400 macchine per scrive, 2100 apparecchi telefonici, per un importo complessivo di lavori che super\u00f2 le 900 mila lire\u201d. L\u2019Istituto non fece poi mancare, subito dopo la seconda guerra mondiale, il suo apporto, mobilitando le officine meccaniche e la falegnameria per garantire l\u2019esecuzione di piccoli lavori su commissione, specialmente per il taglio di precisione di ingranaggi anche per far lavorare le strutture interne dello stesso \u201cSegato\u201d e ricavarne un beneficio economico. Alcuni esempi di istituzioni civili che usufruirono del lavoro della Scuola bellunese: Banca d\u2019Italia, Provincia, Vigili del fuoco, Ospedale, quindi: l\u2019Istituto salesiano, l\u2019asilo San Nicol\u00f2, le cooperative autotrasporti di Bribano e Puos d\u2019Alpago e, sempre fra i privati: la Cobea, le ditte Fornasier, Schiocchet, Bovolato, Chierzi, Corona, Poletto, Dal Pont, De Benedet ed altre. Per dire: lo stesso preside Bracalenti pag\u00f2 senza sconti 850 lire per un lettino ed il docente Paolo Cavinato 450 per un cavalletto da pittore. La parte pi\u00f9 importante delle commesse per conto terzi fu comunque quella per le occhialerie del Cadore mentre la falegnameria lavor\u00f2 molto per il Comune e l\u2019istituto \u201cBernardi\u201d di Padova, per la costruzione di sgabelli, banchi scolastici e regoli calcolatori e nel 1954 col Comune di Trichiana per attrezzature per la Scuola di avviamento, per un importo di 360 mila lire. Piace ricordare, scrive pi\u00f9 avanti Rivis, come la Scuola si sia posta al servizio del territorio anche in un campo che si potrebbe definire \u201ccollaterale\u201d e in proposito cita \u2013 a seguito di svariate insistenti richieste, anche da fuori provincia \u2013 l\u2019istituzione di \u201cun corso magistrale per i mesi di agosto-settembre destinato ai maestri che intendono dedicarsi all\u2019istruzione professionale degli operai e apprendisti dei centri ove non esistono scuole professionali\u201d. Cita di seguito le \u201cAree di progetto\u201d che, previste dai programmi ministeriali, \u201ccostituiscono un\u2019attivit\u00e0 che all\u2019interno dell\u2019Istituto si \u00e8 sviluppata in modo originale e autonomo per avvicinare il mondo della scuola al mondo del lavoro\u201d. Prima di dare spazio ad un elenco di affermate aziende che hanno usufruito della disponibilit\u00e0 del \u201cSegato\u201d Luigi Rivis ricorda il \u201cProgetto Tekne\u201d, che nasce agli inizi del 1995 ed ha realizzato in collaborazione tra l\u2019Associazione degli industriali della provincia di Belluno, attraverso il Gruppo Giovani imprenditori e l\u2019Itis: prevede commesse reali progettuali ed esecutive svolte dagli studenti delle quarte e quinte in collaborazione con diverse imprese ed \u00e8 \u201cvolto a coniugare gli aspetti teorici appresi tra i banchi di scuola agli aspetti pratici e quindi alle logiche produttive delle aziende. Citando in proposito \u2013 e concludiamo \u2013 l\u2019esempio dell\u2019anno scolastico 1999-2000 quando l\u2019azienda Sinteco di Longarone ha commissionato alla quinta meccanici la \u201cProgettazione e realizzazione di un\u2019isola automatica per blisterizzazione ordinata di particolari in plastica\u201d.<\/p>\n\n\t\t\t<style type='text\/css'>\n\t\t\t\t#gallery-8 {\n\t\t\t\t\tmargin: auto;\n\t\t\t\t}\n\t\t\t\t#gallery-8 .gallery-item {\n\t\t\t\t\tfloat: left;\n\t\t\t\t\tmargin-top: 10px;\n\t\t\t\t\ttext-align: center;\n\t\t\t\t\twidth: 12%;\n\t\t\t\t}\n\t\t\t\t#gallery-8 img {\n\t\t\t\t\tborder: 2px solid #cfcfcf;\n\t\t\t\t}\n\t\t\t\t#gallery-8 .gallery-caption {\n\t\t\t\t\tmargin-left: 0;\n\t\t\t\t}\n\t\t\t\t\/* see gallery_shortcode() in wp-includes\/media.php *\/\n\t\t\t<\/style>\n\t\t<div id='gallery-8' class='dt-gallery-container gallery galleryid-322665 gallery-columns-8 gallery-size-thumbnail'><dl class='gallery-item'>\n\t\t\t\t<dt class='gallery-icon portrait'>\n\t\t\t\t\t<a class=\"rollover rollover-zoom dt-pswp-item\" title=\"327822089_956672355769562_8769178523282090772_n\" data-dt-img-description=\"\" data-large_image_width=\"314\" data-large_image_height=\"403\"href='https:\/\/www.radiopiu.net\/wordpress\/wp-content\/uploads\/2023\/02\/327822089_956672355769562_8769178523282090772_n.jpg'><img loading=\"lazy\" decoding=\"async\" width=\"150\" height=\"150\" src=\"https:\/\/www.radiopiu.net\/wordpress\/wp-content\/uploads\/2023\/02\/327822089_956672355769562_8769178523282090772_n-150x150.jpg\" class=\"attachment-thumbnail size-thumbnail\" alt=\"\" \/><\/a>\n\t\t\t\t<\/dt><\/dl><dl class='gallery-item'>\n\t\t\t\t<dt class='gallery-icon portrait'>\n\t\t\t\t\t<a class=\"rollover rollover-zoom dt-pswp-item\" title=\"327922138_1362170147917270_2108142016480844419_n\" data-dt-img-description=\"\" data-large_image_width=\"339\" data-large_image_height=\"403\"href='https:\/\/www.radiopiu.net\/wordpress\/wp-content\/uploads\/2023\/02\/327922138_1362170147917270_2108142016480844419_n.jpg'><img loading=\"lazy\" decoding=\"async\" width=\"150\" height=\"150\" src=\"https:\/\/www.radiopiu.net\/wordpress\/wp-content\/uploads\/2023\/02\/327922138_1362170147917270_2108142016480844419_n-150x150.jpg\" class=\"attachment-thumbnail size-thumbnail\" alt=\"\" \/><\/a>\n\t\t\t\t<\/dt><\/dl><dl class='gallery-item'>\n\t\t\t\t<dt class='gallery-icon portrait'>\n\t\t\t\t\t<a class=\"rollover rollover-zoom dt-pswp-item\" title=\"327614302_1366543714108341_6133508858177787573_n\" data-dt-img-description=\"\" data-large_image_width=\"338\" data-large_image_height=\"403\"href='https:\/\/www.radiopiu.net\/wordpress\/wp-content\/uploads\/2023\/02\/327614302_1366543714108341_6133508858177787573_n.jpg'><img loading=\"lazy\" decoding=\"async\" width=\"150\" height=\"150\" src=\"https:\/\/www.radiopiu.net\/wordpress\/wp-content\/uploads\/2023\/02\/327614302_1366543714108341_6133508858177787573_n-150x150.jpg\" class=\"attachment-thumbnail size-thumbnail\" alt=\"\" \/><\/a>\n\t\t\t\t<\/dt><\/dl><dl class='gallery-item'>\n\t\t\t\t<dt class='gallery-icon portrait'>\n\t\t\t\t\t<a class=\"rollover rollover-zoom dt-pswp-item\" title=\"327457790_594142145499448_1148627385293154406_n\" data-dt-img-description=\"\" data-large_image_width=\"356\" data-large_image_height=\"403\"href='https:\/\/www.radiopiu.net\/wordpress\/wp-content\/uploads\/2023\/02\/327457790_594142145499448_1148627385293154406_n.jpg'><img loading=\"lazy\" decoding=\"async\" width=\"150\" height=\"150\" src=\"https:\/\/www.radiopiu.net\/wordpress\/wp-content\/uploads\/2023\/02\/327457790_594142145499448_1148627385293154406_n-150x150.jpg\" class=\"attachment-thumbnail size-thumbnail\" alt=\"\" \/><\/a>\n\t\t\t\t<\/dt><\/dl><dl class='gallery-item'>\n\t\t\t\t<dt class='gallery-icon landscape'>\n\t\t\t\t\t<a class=\"rollover rollover-zoom dt-pswp-item\" title=\"327661581_513110047413694_3832199050834971215_n\" data-dt-img-description=\"\" data-large_image_width=\"1042\" data-large_image_height=\"403\"href='https:\/\/www.radiopiu.net\/wordpress\/wp-content\/uploads\/2023\/02\/327661581_513110047413694_3832199050834971215_n.jpg'><img loading=\"lazy\" decoding=\"async\" width=\"150\" height=\"150\" src=\"https:\/\/www.radiopiu.net\/wordpress\/wp-content\/uploads\/2023\/02\/327661581_513110047413694_3832199050834971215_n-150x150.jpg\" class=\"attachment-thumbnail size-thumbnail\" alt=\"\" \/><\/a>\n\t\t\t\t<\/dt><\/dl><dl class='gallery-item'>\n\t\t\t\t<dt class='gallery-icon landscape'>\n\t\t\t\t\t<a class=\"rollover rollover-zoom dt-pswp-item\" title=\"327712473_965721574875959_2861136628193932257_n\" data-dt-img-description=\"\" data-large_image_width=\"910\" data-large_image_height=\"403\"href='https:\/\/www.radiopiu.net\/wordpress\/wp-content\/uploads\/2023\/02\/327712473_965721574875959_2861136628193932257_n.jpg'><img loading=\"lazy\" decoding=\"async\" width=\"150\" height=\"150\" src=\"https:\/\/www.radiopiu.net\/wordpress\/wp-content\/uploads\/2023\/02\/327712473_965721574875959_2861136628193932257_n-150x150.jpg\" class=\"attachment-thumbnail size-thumbnail\" alt=\"\" \/><\/a>\n\t\t\t\t<\/dt><\/dl><dl class='gallery-item'>\n\t\t\t\t<dt class='gallery-icon landscape'>\n\t\t\t\t\t<a class=\"rollover rollover-zoom dt-pswp-item\" title=\"327908415_716192493388594_6169970595312495416_n\" data-dt-img-description=\"\" data-large_image_width=\"661\" data-large_image_height=\"403\"href='https:\/\/www.radiopiu.net\/wordpress\/wp-content\/uploads\/2023\/02\/327908415_716192493388594_6169970595312495416_n.jpg'><img loading=\"lazy\" decoding=\"async\" width=\"150\" height=\"150\" src=\"https:\/\/www.radiopiu.net\/wordpress\/wp-content\/uploads\/2023\/02\/327908415_716192493388594_6169970595312495416_n-150x150.jpg\" class=\"attachment-thumbnail size-thumbnail\" alt=\"\" \/><\/a>\n\t\t\t\t<\/dt><\/dl><dl class='gallery-item'>\n\t\t\t\t<dt class='gallery-icon landscape'>\n\t\t\t\t\t<a class=\"rollover rollover-zoom dt-pswp-item\" title=\"328111957_1470030460191065_7892381641738456625_n\" data-dt-img-description=\"\" data-large_image_width=\"564\" data-large_image_height=\"403\"href='https:\/\/www.radiopiu.net\/wordpress\/wp-content\/uploads\/2023\/02\/328111957_1470030460191065_7892381641738456625_n.jpg'><img loading=\"lazy\" decoding=\"async\" width=\"150\" height=\"150\" src=\"https:\/\/www.radiopiu.net\/wordpress\/wp-content\/uploads\/2023\/02\/328111957_1470030460191065_7892381641738456625_n-150x150.jpg\" class=\"attachment-thumbnail size-thumbnail\" alt=\"\" \/><\/a>\n\t\t\t\t<\/dt><\/dl><br style=\"clear: both\" \/><dl class='gallery-item'>\n\t\t\t\t<dt class='gallery-icon landscape'>\n\t\t\t\t\t<a class=\"rollover rollover-zoom dt-pswp-item\" title=\"328301496_3370789666542540_7357206056225277480_n\" data-dt-img-description=\"\" data-large_image_width=\"594\" data-large_image_height=\"403\"href='https:\/\/www.radiopiu.net\/wordpress\/wp-content\/uploads\/2023\/02\/328301496_3370789666542540_7357206056225277480_n.jpg'><img loading=\"lazy\" decoding=\"async\" width=\"150\" height=\"150\" src=\"https:\/\/www.radiopiu.net\/wordpress\/wp-content\/uploads\/2023\/02\/328301496_3370789666542540_7357206056225277480_n-150x150.jpg\" class=\"attachment-thumbnail size-thumbnail\" alt=\"\" \/><\/a>\n\t\t\t\t<\/dt><\/dl><dl class='gallery-item'>\n\t\t\t\t<dt class='gallery-icon landscape'>\n\t\t\t\t\t<a class=\"rollover rollover-zoom dt-pswp-item\" title=\"328463199_701358088343690_1468516341365040778_n\" data-dt-img-description=\"\" data-large_image_width=\"610\" data-large_image_height=\"403\"href='https:\/\/www.radiopiu.net\/wordpress\/wp-content\/uploads\/2023\/02\/328463199_701358088343690_1468516341365040778_n.jpg'><img loading=\"lazy\" decoding=\"async\" width=\"150\" height=\"150\" src=\"https:\/\/www.radiopiu.net\/wordpress\/wp-content\/uploads\/2023\/02\/328463199_701358088343690_1468516341365040778_n-150x150.jpg\" class=\"attachment-thumbnail size-thumbnail\" alt=\"\" \/><\/a>\n\t\t\t\t<\/dt><\/dl><dl class='gallery-item'>\n\t\t\t\t<dt class='gallery-icon landscape'>\n\t\t\t\t\t<a class=\"rollover rollover-zoom dt-pswp-item\" title=\"329128006_2525670077574280_4781619191002924319_n\" data-dt-img-description=\"\" data-large_image_width=\"599\" data-large_image_height=\"403\"href='https:\/\/www.radiopiu.net\/wordpress\/wp-content\/uploads\/2023\/02\/329128006_2525670077574280_4781619191002924319_n.jpg'><img loading=\"lazy\" decoding=\"async\" width=\"150\" height=\"150\" src=\"https:\/\/www.radiopiu.net\/wordpress\/wp-content\/uploads\/2023\/02\/329128006_2525670077574280_4781619191002924319_n-150x150.jpg\" class=\"attachment-thumbnail size-thumbnail\" alt=\"\" \/><\/a>\n\t\t\t\t<\/dt><\/dl><dl class='gallery-item'>\n\t\t\t\t<dt class='gallery-icon landscape'>\n\t\t\t\t\t<a class=\"rollover rollover-zoom dt-pswp-item\" title=\"328716066_920992475926004_561593647970729802_n\" data-dt-img-description=\"\" data-large_image_width=\"623\" data-large_image_height=\"403\"href='https:\/\/www.radiopiu.net\/wordpress\/wp-content\/uploads\/2023\/02\/328716066_920992475926004_561593647970729802_n.jpg'><img loading=\"lazy\" decoding=\"async\" width=\"150\" height=\"150\" src=\"https:\/\/www.radiopiu.net\/wordpress\/wp-content\/uploads\/2023\/02\/328716066_920992475926004_561593647970729802_n-150x150.jpg\" class=\"attachment-thumbnail size-thumbnail\" alt=\"\" \/><\/a>\n\t\t\t\t<\/dt><\/dl><dl class='gallery-item'>\n\t\t\t\t<dt class='gallery-icon landscape'>\n\t\t\t\t\t<a class=\"rollover rollover-zoom dt-pswp-item\" title=\"328439332_1989365078122188_8049856772527479719_n\" data-dt-img-description=\"\" data-large_image_width=\"634\" data-large_image_height=\"403\"href='https:\/\/www.radiopiu.net\/wordpress\/wp-content\/uploads\/2023\/02\/328439332_1989365078122188_8049856772527479719_n.jpg'><img loading=\"lazy\" decoding=\"async\" width=\"150\" height=\"150\" src=\"https:\/\/www.radiopiu.net\/wordpress\/wp-content\/uploads\/2023\/02\/328439332_1989365078122188_8049856772527479719_n-150x150.jpg\" class=\"attachment-thumbnail size-thumbnail\" alt=\"\" \/><\/a>\n\t\t\t\t<\/dt><\/dl><dl class='gallery-item'>\n\t\t\t\t<dt class='gallery-icon landscape'>\n\t\t\t\t\t<a class=\"rollover rollover-zoom dt-pswp-item\" title=\"328148888_1175925319727608_6945225171740375004_n\" data-dt-img-description=\"\" data-large_image_width=\"654\" data-large_image_height=\"403\"href='https:\/\/www.radiopiu.net\/wordpress\/wp-content\/uploads\/2023\/02\/328148888_1175925319727608_6945225171740375004_n.jpg'><img loading=\"lazy\" decoding=\"async\" width=\"150\" height=\"150\" src=\"https:\/\/www.radiopiu.net\/wordpress\/wp-content\/uploads\/2023\/02\/328148888_1175925319727608_6945225171740375004_n-150x150.jpg\" class=\"attachment-thumbnail size-thumbnail\" alt=\"\" \/><\/a>\n\t\t\t\t<\/dt><\/dl><dl class='gallery-item'>\n\t\t\t\t<dt class='gallery-icon landscape'>\n\t\t\t\t\t<a class=\"rollover rollover-zoom dt-pswp-item\" title=\"329222109_697688772080086_1671925216934618794_n\" data-dt-img-description=\"\" data-large_image_width=\"627\" data-large_image_height=\"403\"href='https:\/\/www.radiopiu.net\/wordpress\/wp-content\/uploads\/2023\/02\/329222109_697688772080086_1671925216934618794_n.jpg'><img loading=\"lazy\" decoding=\"async\" width=\"150\" height=\"150\" src=\"https:\/\/www.radiopiu.net\/wordpress\/wp-content\/uploads\/2023\/02\/329222109_697688772080086_1671925216934618794_n-150x150.jpg\" class=\"attachment-thumbnail size-thumbnail\" alt=\"\" \/><\/a>\n\t\t\t\t<\/dt><\/dl><dl class='gallery-item'>\n\t\t\t\t<dt class='gallery-icon portrait'>\n\t\t\t\t\t<a class=\"rollover rollover-zoom dt-pswp-item\" title=\"328704819_1225447998364660_8921779542782304484_n\" data-dt-img-description=\"\" data-large_image_width=\"320\" data-large_image_height=\"401\"href='https:\/\/www.radiopiu.net\/wordpress\/wp-content\/uploads\/2023\/02\/328704819_1225447998364660_8921779542782304484_n.jpg'><img loading=\"lazy\" decoding=\"async\" width=\"150\" height=\"150\" src=\"https:\/\/www.radiopiu.net\/wordpress\/wp-content\/uploads\/2023\/02\/328704819_1225447998364660_8921779542782304484_n-150x150.jpg\" class=\"attachment-thumbnail size-thumbnail\" alt=\"\" \/><\/a>\n\t\t\t\t<\/dt><\/dl><br style=\"clear: both\" \/>\n\t\t\t<\/div>\n\n<p>NELLE FOTO (riproduzioni dal libro di Luigi Rivis sul centenario dell\u2019Iti \u201cSegato\u201d): trapanini a colonna progettati e costruiti in serie al \u201cSegato\u201d nei primi anni \u201850; tre esempi di macchine realizzate per la ditta Bonazzola di Calalzo; reparto per il montaggio della strumentazione di precisione per misure elettriche nello stabilimento Chinaglia di via Col di Lana a Belluno, anno 1960; le varie fasi della procedura per l\u2019attuazione di un \u201cprogetto Tekne\u201d; il prestigioso \u201cPremio qualit\u00e0\u201d assegnato nel 2004 all\u2019Itis Segato di Belluno.<\/p>\n<p>&nbsp;<\/p>\n<p>&nbsp;<\/p>\n<hr \/>\n<p>&nbsp;<\/p>\n<h2><strong><a class=\"dt-pswp-item\" href=\"https:\/\/www.radiopiu.net\/wordpress\/wp-content\/uploads\/2020\/12\/DON-GIORGIO-LISE.jpg\" data-dt-img-description=\"\" data-large_image_width=\"1600\" data-large_image_height=\"901\"><img loading=\"lazy\" decoding=\"async\" class=\" wp-image-177420 alignleft\" src=\"https:\/\/www.radiopiu.net\/wordpress\/wp-content\/uploads\/2020\/12\/DON-GIORGIO-LISE-300x169.jpg\" alt=\"\" width=\"181\" height=\"102\" srcset=\"https:\/\/www.radiopiu.net\/wordpress\/wp-content\/uploads\/2020\/12\/DON-GIORGIO-LISE-300x169.jpg 300w, https:\/\/www.radiopiu.net\/wordpress\/wp-content\/uploads\/2020\/12\/DON-GIORGIO-LISE-1024x577.jpg 1024w, https:\/\/www.radiopiu.net\/wordpress\/wp-content\/uploads\/2020\/12\/DON-GIORGIO-LISE-768x432.jpg 768w, https:\/\/www.radiopiu.net\/wordpress\/wp-content\/uploads\/2020\/12\/DON-GIORGIO-LISE-1536x865.jpg 1536w, https:\/\/www.radiopiu.net\/wordpress\/wp-content\/uploads\/2020\/12\/DON-GIORGIO-LISE.jpg 1600w\" sizes=\"auto, (max-width: 181px) 100vw, 181px\" \/><\/a><\/strong><span style=\"color: #ff6600;\">DUE MINUTI PER TE<\/span><\/h2>\n<p><strong>APPUNTAMENTO DOMENICALE CON IL PENSIERO DI MONSIGNOR GIORGIO LISE<\/strong><\/p>\n<audio class=\"wp-audio-shortcode\" id=\"audio-322665-8\" preload=\"none\" style=\"width: 100%;\" controls=\"controls\"><source type=\"audio\/mpeg\" src=\"https:\/\/www.radiopiu.net\/wordpress\/wp-content\/uploads\/2023\/02\/DON-GIORGIO-2.mp3?_=8\" \/><a href=\"https:\/\/www.radiopiu.net\/wordpress\/wp-content\/uploads\/2023\/02\/DON-GIORGIO-2.mp3\">https:\/\/www.radiopiu.net\/wordpress\/wp-content\/uploads\/2023\/02\/DON-GIORGIO-2.mp3<\/a><\/audio>\n<p>&nbsp;<\/p>\n<hr \/>\n<p>&nbsp;<\/p>\n<div>\n<div class=\"b654a4as d2edcug0\">\n<div class=\"rq0escxv hkbzh7o3 jwdofwj8 n8tt0mok r8blr3vg hyh9befq\">\n<p><a class=\"dt-pswp-item\" href=\"https:\/\/www.radiopiu.net\/wordpress\/wp-content\/uploads\/2020\/10\/pp.jpg\" data-dt-img-description=\"\" data-large_image_width=\"640\" data-large_image_height=\"640\"><img loading=\"lazy\" decoding=\"async\" class=\"wp-image-163678 alignleft\" src=\"https:\/\/www.radiopiu.net\/wordpress\/wp-content\/uploads\/2020\/10\/pp-300x300.jpg\" alt=\"\" width=\"106\" height=\"106\" srcset=\"https:\/\/www.radiopiu.net\/wordpress\/wp-content\/uploads\/2020\/10\/pp-300x300.jpg 300w, https:\/\/www.radiopiu.net\/wordpress\/wp-content\/uploads\/2020\/10\/pp-150x150.jpg 150w, https:\/\/www.radiopiu.net\/wordpress\/wp-content\/uploads\/2020\/10\/pp-125x125.jpg 125w, https:\/\/www.radiopiu.net\/wordpress\/wp-content\/uploads\/2020\/10\/pp-200x200.jpg 200w, https:\/\/www.radiopiu.net\/wordpress\/wp-content\/uploads\/2020\/10\/pp-80x80.jpg 80w, https:\/\/www.radiopiu.net\/wordpress\/wp-content\/uploads\/2020\/10\/pp-480x480.jpg 480w, https:\/\/www.radiopiu.net\/wordpress\/wp-content\/uploads\/2020\/10\/pp.jpg 640w\" sizes=\"auto, (max-width: 106px) 100vw, 106px\" \/><\/a><\/p>\n<\/div>\n<\/div>\n<\/div>\n<div>\n<div class=\"page-title-head hgroup\">\n<div class=\"page-title-head hgroup\">\n<div class=\"b654a4as d2edcug0\">\n<div class=\"j83agx80 btwxx1t3 lhclo0ds hop8lmos nkwizq5d scwd0bx6 roh60bw9\">\n<div class=\"rq0escxv hkbzh7o3 jwdofwj8 n8tt0mok r8blr3vg hyh9befq\">\n<div class=\"do00u71z l9j0dhe7 k4urcfbm\" style=\"text-align: left;\">\n<h2><span style=\"color: #000080;\">DON CESARE, IL PENSIERO DEL GIORNO. ALLA RADIO ALLE 7 DEL MATTINO E ALLE 19.30 DELLA SERA\u00a0<\/span><\/h2>\n<audio class=\"wp-audio-shortcode\" id=\"audio-322665-9\" preload=\"none\" style=\"width: 100%;\" controls=\"controls\"><source type=\"audio\/mpeg\" src=\"https:\/\/www.radiopiu.net\/wordpress\/wp-content\/uploads\/2023\/02\/CESARE-17.mp3?_=9\" \/><a href=\"https:\/\/www.radiopiu.net\/wordpress\/wp-content\/uploads\/2023\/02\/CESARE-17.mp3\">https:\/\/www.radiopiu.net\/wordpress\/wp-content\/uploads\/2023\/02\/CESARE-17.mp3<\/a><\/audio>\n<\/div>\n<\/div>\n<\/div>\n<\/div>\n<\/div>\n<\/div>\n<\/div>\n<p>&nbsp;<\/p>\n<p>&nbsp;<\/p>\n<hr \/>\n<p>&nbsp;<\/p>\n<h2><span style=\"color: #ff00ff;\">IN VIVO VERSO\u00a0\u00a0<\/span><\/h2>\n<p>&nbsp;<\/p>\n<div dir=\"auto\">\n<div dir=\"auto\">\n<div dir=\"auto\">\n<p><strong>LA RACCOLTA COMPLETA<\/strong><\/p>\n<blockquote class=\"wp-embedded-content\" data-secret=\"SrS0w7u1U6\"><p><a href=\"https:\/\/www.radiopiu.net\/wordpress\/in-vivo-verso\/\">In Vivo Verso<\/a><\/p><\/blockquote>\n<p><iframe loading=\"lazy\" class=\"wp-embedded-content\" sandbox=\"allow-scripts\" security=\"restricted\" style=\"position: absolute; clip: rect(1px, 1px, 1px, 1px);\" title=\"&#8220;In Vivo Verso&#8221; &#8212; Radio Pi\u00f9\" src=\"https:\/\/www.radiopiu.net\/wordpress\/in-vivo-verso\/embed\/#?secret=Ubc5G0bcRE#?secret=SrS0w7u1U6\" data-secret=\"SrS0w7u1U6\" width=\"600\" height=\"338\" frameborder=\"0\" marginwidth=\"0\" marginheight=\"0\" scrolling=\"no\"><\/iframe><\/p>\n<\/div>\n<\/div>\n<\/div>\n<hr \/>\n<p>&nbsp;<\/p>\n<h2><span style=\"color: #008080;\">GOCCE DI FILOSOFIA<\/span><\/h2>\n<blockquote>\n<h3>GOCCE DI FILOSOFIA<\/h3>\n<\/blockquote>\n<p>LA RACCOLTA COMPLETA<\/p>\n<blockquote class=\"wp-embedded-content\" data-secret=\"HRFezJ6pzE\"><p><a href=\"https:\/\/www.radiopiu.net\/wordpress\/gocce-filosofia\/\">Gocce di filosofia,  LA TERZA STAGIONE&#8230; 2023<\/a><\/p><\/blockquote>\n<p><iframe loading=\"lazy\" class=\"wp-embedded-content\" sandbox=\"allow-scripts\" security=\"restricted\" style=\"position: absolute; clip: rect(1px, 1px, 1px, 1px);\" title=\"&#8220;Gocce di filosofia,  LA TERZA STAGIONE&#8230; 2023&#8221; &#8212; Radio Pi\u00f9\" src=\"https:\/\/www.radiopiu.net\/wordpress\/gocce-filosofia\/embed\/#?secret=mkhhEtgklh#?secret=HRFezJ6pzE\" data-secret=\"HRFezJ6pzE\" width=\"600\" height=\"338\" frameborder=\"0\" marginwidth=\"0\" marginheight=\"0\" scrolling=\"no\"><\/iframe><\/p>\n<p>&nbsp;<\/p>\n<hr \/>\n<p>&nbsp;<\/p>\n<div class=\"column\">\n<p><img loading=\"lazy\" decoding=\"async\" class=\"aligncenter wp-image-61954 size-full\" src=\"https:\/\/www.radiopiu.net\/wordpress\/wp-content\/uploads\/2018\/09\/viabilita.jpeg\" sizes=\"auto, (max-width: 800px) 100vw, 800px\" srcset=\"https:\/\/www.radiopiu.net\/wordpress\/wp-content\/uploads\/2018\/09\/viabilita.jpeg 800w, https:\/\/www.radiopiu.net\/wordpress\/wp-content\/uploads\/2018\/09\/viabilita-300x38.jpeg 300w, https:\/\/www.radiopiu.net\/wordpress\/wp-content\/uploads\/2018\/09\/viabilita-768x96.jpeg 768w\" alt=\"\" width=\"800\" height=\"100\" \/><\/p>\n<p>&nbsp;<\/p>\n<p>&nbsp;<\/p>\n<p><strong>AGGIORNAMENTO VENETO STRADE, AGGIORNAMENTO CONTINUO H 24\u00a0<\/strong><\/p>\n<p><strong>SP1 BIS MADONNA DEL PIAVE,<\/strong>\u00a0localit\u00e0 Scalon,\u00a0dal 13 febbraio al 30 aprile\u00a0-esclusi festivi e prefestivi \u2013 senso unico alternato e possibili interruzioni fino a 15 minuti. \u00f9<\/p>\n<p><strong>SP 26 DI DIGOMAN<\/strong>\u00a0tra i Comuni di Rivamonte e Voltago,\u00a0dal 13 febbraio al 10 marzo\u00a0interdizione totale alla circolazione dalle 8 alle 17, negli altri periodi senso unico alternato regolato da semaforo.<\/p>\n<p><strong>SP3 VALLE IMPERINA<\/strong>\u00a0localit\u00e0 Gona (sopra Ponte Alto),\u00a0dal 13 febbraio al 17 marzo\u00a0senso unico alternato regolato da impianto semaforico.<\/p>\n<p><strong>SP 251 VAL DI ZOLDO E CELLINA<\/strong>\u00a0localit\u00e0 Ospitale,\u00a0dal 13 febbraio al 17 marzo\u00a0senso unico alternato, esclusi festivi e prefestivi.<\/p>\n<blockquote class=\"wp-embedded-content\" data-secret=\"xeBczelfPw\"><p><a href=\"https:\/\/www.radiopiu.net\/wordpress\/viabilita\/\">viabilita<\/a><\/p><\/blockquote>\n<p><iframe loading=\"lazy\" class=\"wp-embedded-content\" sandbox=\"allow-scripts\" security=\"restricted\" style=\"position: absolute; clip: rect(1px, 1px, 1px, 1px);\" title=\"&#8220;viabilita&#8221; &#8212; Radio Pi\u00f9\" src=\"https:\/\/www.radiopiu.net\/wordpress\/viabilita\/embed\/#?secret=ngSBWT5cKK#?secret=xeBczelfPw\" data-secret=\"xeBczelfPw\" width=\"600\" height=\"338\" frameborder=\"0\" marginwidth=\"0\" marginheight=\"0\" scrolling=\"no\"><\/iframe><\/p>\n<div>\n<div dir=\"ltr\">\n<div class=\"gmail_quote\">\n<div dir=\"ltr\">\n<div class=\"gmail_quote\"><\/div>\n<\/div>\n<\/div>\n<\/div>\n<\/div>\n<p>&nbsp;<\/p>\n<hr \/>\n<p>&nbsp;<\/p>\n<p><a class=\"dt-pswp-item\" href=\"https:\/\/www.radiopiu.net\/wordpress\/wp-content\/uploads\/2018\/09\/WhatsApp-Image-2018-09-20-at-16.04.06.jpeg\" data-dt-img-description=\"\" data-large_image_width=\"800\" data-large_image_height=\"100\"><img loading=\"lazy\" decoding=\"async\" class=\"wp-image-61378 size-full aligncenter\" src=\"https:\/\/www.radiopiu.net\/wordpress\/wp-content\/uploads\/2018\/09\/WhatsApp-Image-2018-09-20-at-16.04.06.jpeg\" alt=\"\" width=\"800\" height=\"100\" srcset=\"https:\/\/www.radiopiu.net\/wordpress\/wp-content\/uploads\/2018\/09\/WhatsApp-Image-2018-09-20-at-16.04.06.jpeg 800w, https:\/\/www.radiopiu.net\/wordpress\/wp-content\/uploads\/2018\/09\/WhatsApp-Image-2018-09-20-at-16.04.06-300x38.jpeg 300w, https:\/\/www.radiopiu.net\/wordpress\/wp-content\/uploads\/2018\/09\/WhatsApp-Image-2018-09-20-at-16.04.06-768x96.jpeg 768w\" sizes=\"auto, (max-width: 800px) 100vw, 800px\" \/><\/a><\/p>\n<p>&nbsp;<\/p>\n<p><center><\/center><center><\/center><center><b>OGGI<\/b><\/center><b>Tempo atteso: <\/b>Al mattino cielo in genere poco nuvoloso specie in alta montagna per nubi perlopi\u00f9 alte, con qualche foschia o nube bassa in alcune valli, temporaneamente meno presenti e meno persistenti rispetto ai giorni precedenti con ampie schiarite gi\u00e0 nel corso della mattinata. Tuttavia, dopo il tramonto nuovo aumento dell&#8217;umidit\u00e0 nelle valli con probabile riduzione della visibilit\u00e0 e parziale aumento della copertura nuvolosa per nubi basse, con foschie associate e qualche banco di nebbia.<br \/>\n<b>Precipitazioni: <\/b>Assenti (0%).<br \/>\n<b>Temperature: <\/b>Minime in lieve o contenuta diminuzione, massime in lieve o in contenuto aumento, su valori superiori alla norma; parziale attenuazione dell&#8217;inversione nella notte.<\/p>\n<hr \/>\n<p><center><b>DOMANI<\/b><\/center><b>Tempo atteso: <\/b>Cielo ancora generalmente poco nuvoloso per nubi alte, associate nelle basse conche prealpine anche a foschie, locali banchi di nebbia e a qualche nube bassa specie nelle ore pi\u00f9 fredde, localmente persistenti anche nelle ore diurne in alcune valli.<br \/>\n<b>Precipitazioni: <\/b>Assenti (0%).<br \/>\n<b>Temperature: <\/b>Nelle valli pressoch\u00e8 stazionarie, salvo locali diminuzioni delle massime per l&#8217;insistenza delle nubi basse in alcune valli prealpine nelle ore diurne; in alta montagna in contenuto aumento, su valori superiori alla norma con clima diurno piuttosto mite; moderata inversione termica notturna nelle valli.<\/p>\n<hr \/>\n<p><center><b>MERCOLEDI<\/b><\/center>Cielo in genere parzialmente nuvoloso per l&#8217;arrivo di nubi alte poi medio-alte, associate a foschie, a qualche banco di nebbia o a nubi basse in molte valli nelle ore fredde, localmente persistenti nelle ore diurne. Precipitazioni generalmente assenti, salvo qualche sporadico e breve e piovasco, specie nelle conche prealpine. Clima pi\u00f9 fresco rispetto ai giorni precedenti e ancora umido nelle valli. Temperature minime senza notevoli variazioni, massime in contenuta diminuzione specie in quota.<\/p>\n<hr \/>\n<p><center><b>GIOVEDI<\/b><\/center>Cielo in prevalenza irregolarmente nuvoloso con nubi medio-alte stratiformi; nel corso della giornata non sono escluse brevi e deboli precipitazioni sparse, eventualmente nevose oltre i 1600-1800 m. Clima ancora piuttosto umido nelle valli e abbastanza mite per il periodo. Temperature minime in lieve aumento, massime in leggera o contenuta diminuzione.<\/p>\n<p>&nbsp;<\/p>\n<div><\/div>\n<p>&nbsp;<\/p>\n<hr \/>\n<p>&nbsp;<\/p>\n<p><a class=\"dt-pswp-item\" href=\"https:\/\/www.radiopiu.net\/wordpress\/wp-content\/uploads\/2018\/09\/sport.jpg\" data-dt-img-description=\"\" data-large_image_width=\"800\" data-large_image_height=\"100\"><img loading=\"lazy\" decoding=\"async\" class=\"aligncenter wp-image-60761 size-full\" src=\"https:\/\/www.radiopiu.net\/wordpress\/wp-content\/uploads\/2018\/09\/sport.jpg\" alt=\"\" width=\"800\" height=\"100\" srcset=\"https:\/\/www.radiopiu.net\/wordpress\/wp-content\/uploads\/2018\/09\/sport.jpg 800w, https:\/\/www.radiopiu.net\/wordpress\/wp-content\/uploads\/2018\/09\/sport-300x38.jpg 300w, https:\/\/www.radiopiu.net\/wordpress\/wp-content\/uploads\/2018\/09\/sport-768x96.jpg 768w\" sizes=\"auto, (max-width: 800px) 100vw, 800px\" \/><\/a><\/p>\n<p>&nbsp;<\/p>\n<p><strong><a class=\"dt-pswp-item\" href=\"https:\/\/www.radiopiu.net\/wordpress\/wp-content\/uploads\/2022\/01\/934ed186-f1eb-4bee-a1c4-dae328874085.jpg\" data-dt-img-description=\"\" data-large_image_width=\"1080\" data-large_image_height=\"720\"><img loading=\"lazy\" decoding=\"async\" class=\"wp-image-256452 alignleft\" src=\"https:\/\/www.radiopiu.net\/wordpress\/wp-content\/uploads\/2022\/01\/934ed186-f1eb-4bee-a1c4-dae328874085-300x200.jpg\" alt=\"\" width=\"200\" height=\"133\" srcset=\"https:\/\/www.radiopiu.net\/wordpress\/wp-content\/uploads\/2022\/01\/934ed186-f1eb-4bee-a1c4-dae328874085-300x200.jpg 300w, https:\/\/www.radiopiu.net\/wordpress\/wp-content\/uploads\/2022\/01\/934ed186-f1eb-4bee-a1c4-dae328874085-1024x683.jpg 1024w, https:\/\/www.radiopiu.net\/wordpress\/wp-content\/uploads\/2022\/01\/934ed186-f1eb-4bee-a1c4-dae328874085-768x512.jpg 768w, https:\/\/www.radiopiu.net\/wordpress\/wp-content\/uploads\/2022\/01\/934ed186-f1eb-4bee-a1c4-dae328874085.jpg 1080w\" sizes=\"auto, (max-width: 200px) 100vw, 200px\" \/><\/a>IN GEORGIA<\/strong> \u00a0C&#8217;\u00e8 mancato poco&#8230; Lucia Dalmasso\u00a0 ha sfiorato il podio in Georgia, quarta nel gigante parallelo dei Mondiali di snowboard di Bakurani. Qualificata con il settimo tempo e superati gli ottavi senza problemi, Dalmasso \u00e8 stata una delle pochissime a imporsi nei quarti pur scendendo sulla pista rossa. I Mondiali proseguono\u00a0 domani\u00a0 con lo slalom parallelo.<\/p>\n<div class=\"sezioneArticolo\"><strong>IN GERMANIA<\/strong> I Mondiali di biathlon di Oberhof si chiudono con un 22\u00b0 posto nella 12.5 km mass start,\u00a0 il peggior risultato di questa edizione iridata per Lisa Vittozzi, che finora aveva sempre partecipato alla cerimonia di premiazione, avendo conquistato 4 medaglie e un quinto posto nella sprint.\u00a0 La sappadina \u00e8 rimasta in corsa per un altro grande risultato fino al secondo poligono, poi 2 errori<\/div>\n<div><\/div>\n<p>&nbsp;<\/p>\n<p><span style=\"color: #0000ff;\"><strong>CALCIO<\/strong><\/span><\/p>\n<blockquote>\n<h3>L&#8217;AGORDINA PERDE AL 95&#8242; CON IL CASTION E RIMANE IN ZONA PLAYOUT<\/h3>\n<\/blockquote>\n<p><strong><a class=\"dt-pswp-item\" href=\"https:\/\/www.radiopiu.net\/wordpress\/wp-content\/uploads\/2021\/10\/CALCIO-2021.jpg\" data-dt-img-description=\"\" data-large_image_width=\"1920\" data-large_image_height=\"1280\"><img loading=\"lazy\" decoding=\"async\" class=\" wp-image-235116 alignleft\" src=\"https:\/\/www.radiopiu.net\/wordpress\/wp-content\/uploads\/2021\/10\/CALCIO-2021-300x200.jpg\" alt=\"\" width=\"185\" height=\"123\" srcset=\"https:\/\/www.radiopiu.net\/wordpress\/wp-content\/uploads\/2021\/10\/CALCIO-2021-300x200.jpg 300w, https:\/\/www.radiopiu.net\/wordpress\/wp-content\/uploads\/2021\/10\/CALCIO-2021-1024x683.jpg 1024w, https:\/\/www.radiopiu.net\/wordpress\/wp-content\/uploads\/2021\/10\/CALCIO-2021-768x512.jpg 768w, https:\/\/www.radiopiu.net\/wordpress\/wp-content\/uploads\/2021\/10\/CALCIO-2021-1536x1024.jpg 1536w, https:\/\/www.radiopiu.net\/wordpress\/wp-content\/uploads\/2021\/10\/CALCIO-2021.jpg 1920w\" sizes=\"auto, (max-width: 185px) 100vw, 185px\" \/><\/a>di Marco Gaz<\/strong><\/p>\n<p><strong>SECONDA CATEGORIA GIR. T \/ AGORDINA \u2013 CASTION 2-3 (GOL AGORDINA: Case, Del Chin)<\/strong><\/p>\n<p>Che beffa per l\u2019Agordina. La squadra di Lorenzi gioca una delle migliori partite della stagione contro il Castion ma lascia l\u2019Ivano Dorigo di Agordo senza punti. Fatale un gol da calcio da fermo in pieno recupero per la squadra bellunese che incamera l\u2019intera posta in palio. Agordini che attaccano per tutti i 90\u2019 minuti e pagano caro due errori dell\u2019estremo difensore che regala due delle tre reti castionesi. Uomini di Lorenzi che rimangono in zona playout e la prossima settimana se la vedranno con il Lentiai, una delle compagini pi\u00f9 forti di questa seconda categoria. Prima parte di gara con l\u2019Agordina che prova a mettere in difficolt\u00e0 gli avversari. Le idee della formazione allenata da Lorenzi sono buone ma al momento delle conclusioni la mira non \u00e8 delle migliori. Il Castion attende sornione di trovare il momento giusto per attaccare ma \u00a0deve fare i conti con l\u2019attacco dei padroni di casa che in pi\u00f9 volte si fa pericoloso. Continuano ad attaccare gli agordini che non riescono a bucare la difesa castionese. Sembra il difficolta la squadra bellunese che non riesce a superare la met\u00e0 campo ma il primo tempo termina a reti inviolate. Nella ripresa le squadre si studiano a lungo e ritmi calano. La partita si sblocca a met\u00e0 secondo tempo quando Francesco Case trova il pertugio per infilare il pallone alle spalle del portiere. Il Castion reagisce e nel giro di pochi minuti pareggia i conti e subito dopo passa in vantaggio. Agordina che continua a spingere e al 90\u2019 trova il pareggio con Del Chin. La beffa in pieno recupero quando i castionesi passano in vantaggio su calcio di punizione incamerando cos\u00ec i tre punti in palio.<\/p>\n<p>&nbsp;<\/p>\n<p><strong>GIOVANISSIMI PROVINCIALI \/ AGORDINA RIPOSO INVERNALE<\/strong><\/p>\n<p>&nbsp;<\/p>\n<p><strong>ALLIEVI REGIONALI \/ ECLISSE \u2013 AGORDINA 7-3<\/strong><\/p>\n<p>Sagra del gol e ancora una sconfitta pesante per la squadra degli Allievi allenata da Orzetti che torna dalla trasferta in terra trevigiana con sette gol sul groppone. La compagine di Agordo non ha per\u00f2 sfigurato contro l\u2019Eclisse riuscendo a mettere in rete tre palloni. Qualche disattenzione in fase difensiva costa caro all\u2019Agordina che rimane in fondo alla classifica del campionato regionale con un solo punto.<\/p>\n<p>&nbsp;<\/p>\n<p><strong>JUNIORES PROVINCIALI \/ AGORDINA RIPOSO INVERNALE<\/strong><\/p>\n<p>&nbsp;<\/p>\n<p><strong>JUNIORES REGIONALI \/ PONTE NELLE ALPI \u2013 FIORI BARP 3-1 <\/strong><\/p>\n<p>Ancora una sconfitta per la squadra giovanile del Fiori Barp nel campionato regionale Juniores. I ragazzi allenati da De Lazzer non riescono ad incamerare punti nel derby bellunese con il Ponte Nelle Alpi. Padroni di casa che passano in vantaggio e sedicensi che pareggiano i conti con Vieceli. Pontalpini che vanno a segno altre due volte e incamerano tre punti importanti per la classifica. Sabato prossimo Fiori Barp di nuovo in campo per affrontare il Conegliano.<\/p>\n<p>&nbsp;<\/p>\n<p>&nbsp;<\/p>\n<hr \/>\n<p>&nbsp;<\/p>\n<p><span style=\"color: #0000ff;\"><strong>HOCKEY SU GHIACCIO<\/strong><\/span><\/p>\n<blockquote>\n<h3 class=\"entry-title\">L\u2019ALLEGHE SALUTA IL PUBBLICO DEL DE TONI CON UNA SCONFITTA MA CON UNA BELLA PRESTAZIONE<\/h3>\n<\/blockquote>\n<p><strong class=\"photoswipe-wrapper\"><a class=\"dt-pswp-item pspw-wrap-ready\" href=\"https:\/\/www.radiopiu.net\/wordpress\/wp-content\/uploads\/2019\/08\/logo-alleghe-hockey.png\" data-dt-img-description=\"\" data-large_image_width=\"547\" data-large_image_height=\"512\"><img loading=\"lazy\" decoding=\"async\" class=\" wp-image-95699 alignleft\" src=\"https:\/\/www.radiopiu.net\/wordpress\/wp-content\/uploads\/2019\/08\/logo-alleghe-hockey-300x281.png\" sizes=\"auto, (max-width: 178px) 100vw, 178px\" srcset=\"https:\/\/www.radiopiu.net\/wordpress\/wp-content\/uploads\/2019\/08\/logo-alleghe-hockey-300x281.png 300w, https:\/\/www.radiopiu.net\/wordpress\/wp-content\/uploads\/2019\/08\/logo-alleghe-hockey.png 547w\" alt=\"\" width=\"178\" height=\"167\" \/><\/a>di Marco Gaz<\/strong><\/p>\n<p><strong>ALLEGHE \u2013 VALPELLICE 4-6<\/strong><\/p>\n<p>PARZIALI: 2-1, 1-2, 1-3<\/p>\n<p>GOL: pt. 13\u201947\u201d N. Soppelsa, 17\u201912\u201d De Silvestro, 18\u201905\u201d Long. st. 4\u201923\u201d F. Soppelsa, 4\u201947\u201d Salvai, 19\u201954\u201d Salvai. tt. 4\u201913\u201d Fornasetti, 4\u201930\u201d Kobikov, 5\u201919\u201d Pozzi, 5\u201956\u201d N. Soppelsa<\/p>\n<p>L\u2019Alleghe saluta il proprio pubblico con una sconfitta. Nell\u2019ultima partita stagionale all\u2019Alvise De Toni, le civette giocano bene ma non riescono ad incamerare la seconda vittoria stagionale. La squadra di Fontana resta in vantaggio nei primi due parziali ma nel terzo tempo il Valpellice si dimostra pi\u00f9 agguerrito riuscendo a vincere la sfida. Sabato prossimo ultima passerella per l\u2019Alleghe che giocher\u00e0 contro il Como prima di abbandonare definitivamente il campionato dopo non aver centrato la qualificazione ai playoff. Nei primi minuti di gara scattano le prime penalit\u00e0. I primi a giocare con l\u2019uomo in pi\u00f9 sono i ragazzi di Fontana che non riescono a sbloccare la partita. Subito dopo tocca ai piemontesi e la storia non cambia. La partita \u00e8 piacevole e con ritmi alti. A sbloccare la partita ci pensano le civette che al 14\u2019 si portano in vantaggio con una splendida rete di Nicola Soppelsa. Finale di tempo scatenato con l\u2019Alleghe che incrementa il vantaggio con De Silvestro che spedisce il disco sotto la traversa. Risponde il Valpellice che accorcia le distanze con il gol di Long. Nel drittel centrale la squadra di Torre Pellice entra in campo pi\u00f9 decisa e schiaccia in difesa gli agordini. Alleghe che trova la terza marcatura della serata con Francesco Soppelsa ma subito dopo il Valpellice risponde con Salvai. I ritmi continuano ad essere alti e le due formazioni danno vita ad una vera e propria lotta. Tanti i capovolgimenti di fronte ma i portieri sono attenti. Zanardi fa i miracoli quando la squadra ospite prende di mira la porta agordina con l\u2019uomo di movimento in pi\u00f9. Biancorossi che rispondono con Colton e Przybyla che per poco mancano la quarta marcatura. Ospiti che trovano il pareggio a pochi secondi dal termine della seconda frazione grazie ad un errore in fase difensiva dell\u2019Alleghe. Nel terzo tempo le squadre sembrano non volersi fare del male. Al primo vero affondo il Valpellice si porta in vantaggio calando il poker con Fornasetti che buca la difesa prima di spedire il disco in fondo al sacco. Civette che spengono la luce subendo subito dopo il quinto gol, questa volta ad andare a segno \u00e8 Kobikov. Valpe che ci prende gusto e chiude la sfida. Difese ballerine tanto che l\u2019Alleghe accorcia con Nicola Soppelsa. Poche emozioni nel finale di gara e Valpellice che conquista i 3 punti in palio.<\/p>\n<p>&nbsp;<\/p>\n<blockquote>\n<h3>L&#8217;ALLEGHE\/CORTINA UNDER 17 CHIUDE IL MASTER ROUND CON UNA SCONFITTA<\/h3>\n<\/blockquote>\n<p><strong><a class=\"dt-pswp-item\" href=\"https:\/\/www.radiopiu.net\/wordpress\/wp-content\/uploads\/2021\/03\/hockey-2744905_1920.jpg\" data-dt-img-description=\"\" data-large_image_width=\"1920\" data-large_image_height=\"1279\"><img loading=\"lazy\" decoding=\"async\" class=\" wp-image-197447 alignleft\" src=\"https:\/\/www.radiopiu.net\/wordpress\/wp-content\/uploads\/2021\/03\/hockey-2744905_1920-300x200.jpg\" alt=\"\" width=\"203\" height=\"135\" srcset=\"https:\/\/www.radiopiu.net\/wordpress\/wp-content\/uploads\/2021\/03\/hockey-2744905_1920-300x200.jpg 300w, https:\/\/www.radiopiu.net\/wordpress\/wp-content\/uploads\/2021\/03\/hockey-2744905_1920-1024x682.jpg 1024w, https:\/\/www.radiopiu.net\/wordpress\/wp-content\/uploads\/2021\/03\/hockey-2744905_1920-768x512.jpg 768w, https:\/\/www.radiopiu.net\/wordpress\/wp-content\/uploads\/2021\/03\/hockey-2744905_1920-1536x1023.jpg 1536w, https:\/\/www.radiopiu.net\/wordpress\/wp-content\/uploads\/2021\/03\/hockey-2744905_1920.jpg 1920w\" sizes=\"auto, (max-width: 203px) 100vw, 203px\" \/><\/a>di Marco Gaz<\/strong><\/p>\n<p><strong>VALPUSTERIA &#8211; ALLEGHE\/CORTINA 3-2<\/strong><\/p>\n<p>GOL ALLEGHE\/CORTINA: Levis, Sudiro<\/p>\n<p>Si chiude con una serie di sconfitte il master rounde del campionato under 17 di hockey su ghiaccio per la formazione mista dell&#8217;Alleghe\/Cortina. Tante belle prestazioni nella seconda fase del campionato che per\u00f2 non hanno dato i frutti sperati. Gli errori in fase difensiva e in attacco sono stati i punti deboli della squadra allenata da De Biasio che anche sabato sera ha dovuto arrendersi di fronte al Valpusteria. Dopo un primo tempo a reti inviolate, le civette riescono a portarsi in vantaggio nel secondo drittel con Levis. Il raddoppio poco dopo con Sudiro. Altoatesini che rispondono chiudendo la seconda frazione su 2 a 1 per gli agordini. Nel terzo tempo la beffa, prima i padroni di casa pareggiano i conti e nel finale arriva la terza marcatura del Valpusteria che conquista i tre punti in palio. Ora spazio ai playoff, nelle prossime ore l&#8217;Alleghe\/Cortina sapr\u00e0 chi sar\u00e0 l&#8217;avversario da affrontare nella fase finale del campionato.<\/p>\n<p>&nbsp;<\/p>\n<p>&nbsp;<\/p>\n<hr \/>\n<p>&nbsp;<\/p>\n<p><span style=\"color: #0000ff;\"><strong>CALCIO A 5<\/strong><\/span><\/p>\n<blockquote>\n<h3>SCONFITTA DI MISURA PER LA CANOTTIERI BELLUNO CONTRO L&#8217;OLYMPIA<\/h3>\n<\/blockquote>\n<p><strong><a class=\"dt-pswp-item\" href=\"https:\/\/www.radiopiu.net\/wordpress\/wp-content\/uploads\/2023\/02\/332122984_561311682605520_1580899407538530983_n.jpg\" data-dt-img-description=\"\" data-large_image_width=\"960\" data-large_image_height=\"640\"><img loading=\"lazy\" decoding=\"async\" class=\" wp-image-322755 alignleft\" src=\"https:\/\/www.radiopiu.net\/wordpress\/wp-content\/uploads\/2023\/02\/332122984_561311682605520_1580899407538530983_n-300x200.jpg\" alt=\"\" width=\"194\" height=\"129\" srcset=\"https:\/\/www.radiopiu.net\/wordpress\/wp-content\/uploads\/2023\/02\/332122984_561311682605520_1580899407538530983_n-300x200.jpg 300w, https:\/\/www.radiopiu.net\/wordpress\/wp-content\/uploads\/2023\/02\/332122984_561311682605520_1580899407538530983_n-768x512.jpg 768w, https:\/\/www.radiopiu.net\/wordpress\/wp-content\/uploads\/2023\/02\/332122984_561311682605520_1580899407538530983_n.jpg 960w\" sizes=\"auto, (max-width: 194px) 100vw, 194px\" \/><\/a>SERIE B GIRONE B<\/strong><\/p>\n<p><strong>OLYMPIA &#8211; CANOTTIERI BELLUNO 3-2<\/strong><\/p>\n<p>Sfida maschia, come al solito, Olympia VS Canottieri: equilibrio, finisce 3 a 2, gol targati bielle di Savi e Dall&#8217;\u00d2.<\/p>\n<p><strong>di Antonio Fiabane, portavoce della Canottieri Belluno<\/strong><\/p>\n<audio class=\"wp-audio-shortcode\" id=\"audio-322665-10\" preload=\"none\" style=\"width: 100%;\" controls=\"controls\"><source type=\"audio\/mpeg\" src=\"https:\/\/www.radiopiu.net\/wordpress\/wp-content\/uploads\/2023\/02\/CANOTTIERI-SITO-2.mp3?_=10\" \/><a href=\"https:\/\/www.radiopiu.net\/wordpress\/wp-content\/uploads\/2023\/02\/CANOTTIERI-SITO-2.mp3\">https:\/\/www.radiopiu.net\/wordpress\/wp-content\/uploads\/2023\/02\/CANOTTIERI-SITO-2.mp3<\/a><\/audio>\n<p>&nbsp;<\/p>\n<hr \/>\n<p>&nbsp;<\/p>\n<p><span style=\"color: #0000ff;\"><strong>PALLAVOLO<\/strong><\/span><\/p>\n<blockquote>\n<h3>IL VOLLEY CLUB AGORDINO TORNA A VINCERE. BATTUTO IL CASTION<\/h3>\n<\/blockquote>\n<p><strong><a class=\"dt-pswp-item\" href=\"https:\/\/www.radiopiu.net\/wordpress\/wp-content\/uploads\/2023\/01\/VOLLEY-2023.jpg\" data-dt-img-description=\"\" data-large_image_width=\"1920\" data-large_image_height=\"1280\"><img loading=\"lazy\" decoding=\"async\" class=\" wp-image-318320 alignleft\" src=\"https:\/\/www.radiopiu.net\/wordpress\/wp-content\/uploads\/2023\/01\/VOLLEY-2023-300x200.jpg\" alt=\"\" width=\"159\" height=\"106\" srcset=\"https:\/\/www.radiopiu.net\/wordpress\/wp-content\/uploads\/2023\/01\/VOLLEY-2023-300x200.jpg 300w, https:\/\/www.radiopiu.net\/wordpress\/wp-content\/uploads\/2023\/01\/VOLLEY-2023-1024x683.jpg 1024w, https:\/\/www.radiopiu.net\/wordpress\/wp-content\/uploads\/2023\/01\/VOLLEY-2023-768x512.jpg 768w, https:\/\/www.radiopiu.net\/wordpress\/wp-content\/uploads\/2023\/01\/VOLLEY-2023-1536x1024.jpg 1536w, https:\/\/www.radiopiu.net\/wordpress\/wp-content\/uploads\/2023\/01\/VOLLEY-2023.jpg 1920w\" sizes=\"auto, (max-width: 159px) 100vw, 159px\" \/><\/a>di Marco Gaz<\/strong><\/p>\n<p><strong>CASTION &#8211; VOLLEY CLUB AGORDINO 1-3 (26-24, 11-25, 13-25, 28-30)<\/strong><\/p>\n<p>Dopo qualche passo falso, il Volley Club Agordino torna a vincere e lo fa nella trasferta in terra bellunese contro il Castion. La squadra di De Nardin incamera tre punti importanti per la classifica contro una compagine che lotta per evitare i playout. Nonostante tutto non \u00e8 stata una passeggiata per le ragazze di Agordo che nel primo set ha lottato punto a punto con le castionesi non riuscendo a portare a casa il primo punto. Volley Club Agordino che ingrana la marcia giusta nella seconda e terza frazione, entrambe vinte con un bel divario sulle avversarie. Nel quarto parziale il Castion si sveglia e le agordine lasciano troppi spazi. \u00c8 una lotta punto a punto ma questa volta la squadra di De Nardin la spunta facendo bottino pieno. Sabato di nuovo in campo: al PalaRova di Agordo arriver\u00e0 il Cessalto, quarta forza del campionato.<\/p>\n<p>&nbsp;<\/p>\n<blockquote>\n<h3>LA PALLAVOLO MASCHILE BELLUNO FA LA VOCE GROSSA IN TERRA PIEMONTESE<\/h3>\n<\/blockquote>\n<p><b><a class=\"dt-pswp-item\" href=\"https:\/\/www.radiopiu.net\/wordpress\/wp-content\/uploads\/2023\/02\/DRL_in_festa.jpg\" data-dt-img-description=\"\" data-large_image_width=\"1600\" data-large_image_height=\"1066\"><img loading=\"lazy\" decoding=\"async\" class=\" wp-image-322765 alignleft\" src=\"https:\/\/www.radiopiu.net\/wordpress\/wp-content\/uploads\/2023\/02\/DRL_in_festa-300x200.jpg\" alt=\"\" width=\"170\" height=\"113\" srcset=\"https:\/\/www.radiopiu.net\/wordpress\/wp-content\/uploads\/2023\/02\/DRL_in_festa-300x200.jpg 300w, https:\/\/www.radiopiu.net\/wordpress\/wp-content\/uploads\/2023\/02\/DRL_in_festa-1024x682.jpg 1024w, https:\/\/www.radiopiu.net\/wordpress\/wp-content\/uploads\/2023\/02\/DRL_in_festa-768x512.jpg 768w, https:\/\/www.radiopiu.net\/wordpress\/wp-content\/uploads\/2023\/02\/DRL_in_festa-1536x1023.jpg 1536w, https:\/\/www.radiopiu.net\/wordpress\/wp-content\/uploads\/2023\/02\/DRL_in_festa.jpg 1600w\" sizes=\"auto, (max-width: 170px) 100vw, 170px\" \/><\/a>MONGE-GERBAUDO SAVIGLIANO-DA ROLD LOGISTICS BELLUNO 1-3 <\/b><strong>(25-16, 15-25, 24-26, 20-25)<\/strong><\/p>\n<p>Quella di Jim Carrey, e della celebre pellicola hollywoodiana, era \u201cUna settimana da Dio\u201d. E quella della Pallavolo Maschile Belluno? Pure. Perch\u00e9 sconfiggere la seconda e la terza forza del campionato, in una manciata di giorni, \u00e8 qualcosa in pi\u00f9 di una semplice impresa. \u00c8 un\u2019opera d\u2019arte pallavolistica. Dopo aver superato Pineto, i rinoceronti riservano lo stesso trattamento al sestetto che occupava il gradino pi\u00f9 basso del podio: il Monge-Gerbaudo Savigliano. E cos\u00ec, dal Piemonte, Graziani e compagni tornano con un bottino pieno che non cementa solo il quinto posto in graduatoria, ma anche l\u2019autostima e una consapevolezza che lievita di partita in partita. A proposito di Graziani, la sua \u00e8 una serata da leader. E da mvp, come confermano i 18 punti arricchiti da ben 6 servizi vincenti e da 2 muri. In tema di muri, ha voce in capitolo pure Mozzato, che ne stampa 4.<span class=\"gmail-Apple-converted-space\">\u00a0<\/span><\/p>\n<p>&nbsp;<\/p>\n<blockquote>\n<h3>LUPE VICINE AL COLPACCIO IN UN DE MAS INFUOCATO<\/h3>\n<\/blockquote>\n<p><b><a class=\"dt-pswp-item\" href=\"https:\/\/www.radiopiu.net\/wordpress\/wp-content\/uploads\/2023\/02\/Fiabane_sotto_rete.jpg\" data-dt-img-description=\"\" data-large_image_width=\"1555\" data-large_image_height=\"1037\"><img loading=\"lazy\" decoding=\"async\" class=\" wp-image-322766 alignleft\" src=\"https:\/\/www.radiopiu.net\/wordpress\/wp-content\/uploads\/2023\/02\/Fiabane_sotto_rete-300x200.jpg\" alt=\"\" width=\"170\" height=\"113\" srcset=\"https:\/\/www.radiopiu.net\/wordpress\/wp-content\/uploads\/2023\/02\/Fiabane_sotto_rete-300x200.jpg 300w, https:\/\/www.radiopiu.net\/wordpress\/wp-content\/uploads\/2023\/02\/Fiabane_sotto_rete-1024x683.jpg 1024w, https:\/\/www.radiopiu.net\/wordpress\/wp-content\/uploads\/2023\/02\/Fiabane_sotto_rete-768x512.jpg 768w, https:\/\/www.radiopiu.net\/wordpress\/wp-content\/uploads\/2023\/02\/Fiabane_sotto_rete-1536x1024.jpg 1536w, https:\/\/www.radiopiu.net\/wordpress\/wp-content\/uploads\/2023\/02\/Fiabane_sotto_rete.jpg 1555w\" sizes=\"auto, (max-width: 170px) 100vw, 170px\" \/><\/a>HL IMMOBILIARE BELLUNO-SICELL GS VOLPE 2-3 (<\/b><strong>21-25, 23-25, 25-22, 25-16, 14-16)<\/strong><\/p>\n<p>Al di l\u00e0 della classifica e indipendentemente dall\u2019esito della stagione, queste ragazze hanno dentro qualcosa di speciale. Perch\u00e9 chiunque, sotto 2-0 nel conto dei set e al cospetto della terza forza del campionato, avrebbe mollato. Chiunque, non loro. Non le lupe: trascinata dallo splendido pubblico del De Mas, la formazione bellunese ha avuto il merito di riannodare il filo delle sue certezze. E di risalire la corrente. Scambio dopo scambio. Punto dopo punto. Con una prova di squadra e di carattere. Peccato per il tie-break e per il mancato lieto fine, ma la sostanza non cambia: la HL Immobiliare Volley c\u2019\u00e8. E vuole recitare un ruolo di rilievo nell\u2019ultima e decisiva parte di stagione.<span class=\"gmail-Apple-converted-space\">\u00a0<\/span><\/p>\n<p>&nbsp;<\/p>\n<hr \/>\n<p>&nbsp;<\/p>\n<p><span style=\"color: #0000ff;\"><strong>SCI DI FONDO<\/strong><\/span><\/p>\n<blockquote>\n<h3>LORENZO BUSIN SI AGGIUDICA LA GRANFONDO VAL CASIES<\/h3>\n<\/blockquote>\n<p><strong><a class=\"dt-pswp-item\" href=\"https:\/\/www.radiopiu.net\/wordpress\/wp-content\/uploads\/2023\/02\/331239857_1188867722022044_2983542725823823471_n.jpg\" data-dt-img-description=\"\" data-large_image_width=\"2048\" data-large_image_height=\"1536\"><img loading=\"lazy\" decoding=\"async\" class=\" wp-image-322696 alignleft\" src=\"https:\/\/www.radiopiu.net\/wordpress\/wp-content\/uploads\/2023\/02\/331239857_1188867722022044_2983542725823823471_n-300x225.jpg\" alt=\"\" width=\"165\" height=\"124\" srcset=\"https:\/\/www.radiopiu.net\/wordpress\/wp-content\/uploads\/2023\/02\/331239857_1188867722022044_2983542725823823471_n-300x225.jpg 300w, https:\/\/www.radiopiu.net\/wordpress\/wp-content\/uploads\/2023\/02\/331239857_1188867722022044_2983542725823823471_n-1024x768.jpg 1024w, https:\/\/www.radiopiu.net\/wordpress\/wp-content\/uploads\/2023\/02\/331239857_1188867722022044_2983542725823823471_n-768x576.jpg 768w, https:\/\/www.radiopiu.net\/wordpress\/wp-content\/uploads\/2023\/02\/331239857_1188867722022044_2983542725823823471_n-1536x1152.jpg 1536w, https:\/\/www.radiopiu.net\/wordpress\/wp-content\/uploads\/2023\/02\/331239857_1188867722022044_2983542725823823471_n.jpg 2048w\" sizes=\"auto, (max-width: 165px) 100vw, 165px\" \/><\/a>VAL CASIES (BZ) <\/strong>Un sabato da incorniciare per Lorenzo Busin che si \u00e8 aggiudicato la Granfondo Val Casies Gsieser Tal Lauf, la pi\u00f9 famosa Granfondo dell&#8217;Alto Adige nonch\u00e9 la pi\u00f9 amata da tutti i fondisti che arrivano da ogni parte del mondo per partecipare. Un primo posto conquistato dopo la gara della lunghezza di 42 km in tecnica classica con un arrivo in volata dove ha battuto sul traguardo Giandomenico Salvadori e Dietmar Nockler. Continua l&#8217;ottimo momento di forma del fondista della Valle del Biois che continua a raccogliere buoni risultati in questa stagione. Buona la prestazione anche del fratello di Lorenzo, Emanuele Busin che nella gara corta di 30 km ha chiuso al nono posto.<\/p>\n<p>&nbsp;<\/p>\n<hr \/>\n<p>&nbsp;<\/p>\n<p><span style=\"color: #0000ff;\"><strong>SKIALP<\/strong><\/span><\/p>\n<blockquote>\n<h3 class=\"entry-title\">MARTINA SCOLA SI AGGIUDICA L&#8217;INDIVIDUALE DI COPPA ITALIA SKIALP<\/h3>\n<\/blockquote>\n<p><strong><a class=\"dt-pswp-item\" href=\"https:\/\/www.radiopiu.net\/wordpress\/wp-content\/uploads\/2023\/02\/martina-scola-vittoria-individuale-albosaggia-19-feb-2023.jpg\" data-dt-img-description=\"\" data-large_image_width=\"755\" data-large_image_height=\"503\"><img loading=\"lazy\" decoding=\"async\" class=\" wp-image-322884 alignleft\" src=\"https:\/\/www.radiopiu.net\/wordpress\/wp-content\/uploads\/2023\/02\/martina-scola-vittoria-individuale-albosaggia-19-feb-2023-300x200.jpg\" alt=\"\" width=\"221\" height=\"147\" srcset=\"https:\/\/www.radiopiu.net\/wordpress\/wp-content\/uploads\/2023\/02\/martina-scola-vittoria-individuale-albosaggia-19-feb-2023-300x200.jpg 300w, https:\/\/www.radiopiu.net\/wordpress\/wp-content\/uploads\/2023\/02\/martina-scola-vittoria-individuale-albosaggia-19-feb-2023.jpg 755w\" sizes=\"auto, (max-width: 221px) 100vw, 221px\" \/><\/a>di Marco Gaz<\/strong><\/p>\n<p><strong>ALBOSAGGIA (SONDRIO) <\/strong>Un fine settimana che ricorder\u00e0 a lungo quello appena concluso da Martina Scola che in terra lombarda si \u00e8 aggiudicata la prova individuale di SkiAlp valida per la Coppa Italia Under 18. La falcadina dello Sci Club Marmolada, dopo il secondo posto di sabato nella sprint, ha chiuso in bellezza la trasferta in provincia di Sondrio salendo sul gradino pi\u00f9 alto del podio. Un&#8217;ottima stagione fin qui per Martina che sta incamerando degli ottimi risultati.<\/p>\n<p>(foto: fisiveneto.com)<\/p>\n<p>&nbsp;<\/p>\n<p>&nbsp;<\/p>\n<\/div>\n","protected":false},"excerpt":{"rendered":"<p>RADIO PIU INFORMAZIONE il canale su TELEGRAM informazione di prima\u00a0 mano e in tempo reale. iscriviti ed aiutaci a farlo conoscere\u00a0 \u00a0\u00a0 &nbsp; LA FOTO DEL GIORNO, i cuori di Nico Tancon &#8220;Medavale- val di Gares_Canale d&#8217;Agordo.\u00a0 &nbsp; ISCRIVITI AL NOSTRO CANALE YOUTUBE PER SEGUIRE IN DIRETTA I PRINCIPALI PROGRAMMI DI RADIO PIU&#8217; E LE&hellip;<\/p>\n","protected":false},"author":4,"featured_media":322682,"comment_status":"closed","ping_status":"closed","sticky":false,"template":"","format":"standard","meta":{"_monsterinsights_skip_tracking":false,"_monsterinsights_sitenote_active":false,"_monsterinsights_sitenote_note":"","_monsterinsights_sitenote_category":0,"footnotes":""},"categories":[51,86,49],"tags":[],"class_list":["post-322665","post","type-post","status-publish","format-standard","has-post-thumbnail","hentry","category-evidenza-top","category-gr","category-news-18","category-51","category-86","category-49","description-off"],"img_url":"https:\/\/www.radiopiu.net\/wordpress\/wp-content\/uploads\/2023\/02\/e3ee6371-a101-4245-97f5-363fc8f46f14.jpg","_links":{"self":[{"href":"https:\/\/www.radiopiu.net\/wordpress\/wp-json\/wp\/v2\/posts\/322665","targetHints":{"allow":["GET"]}}],"collection":[{"href":"https:\/\/www.radiopiu.net\/wordpress\/wp-json\/wp\/v2\/posts"}],"about":[{"href":"https:\/\/www.radiopiu.net\/wordpress\/wp-json\/wp\/v2\/types\/post"}],"author":[{"embeddable":true,"href":"https:\/\/www.radiopiu.net\/wordpress\/wp-json\/wp\/v2\/users\/4"}],"replies":[{"embeddable":true,"href":"https:\/\/www.radiopiu.net\/wordpress\/wp-json\/wp\/v2\/comments?post=322665"}],"version-history":[{"count":0,"href":"https:\/\/www.radiopiu.net\/wordpress\/wp-json\/wp\/v2\/posts\/322665\/revisions"}],"wp:featuredmedia":[{"embeddable":true,"href":"https:\/\/www.radiopiu.net\/wordpress\/wp-json\/wp\/v2\/media\/322682"}],"wp:attachment":[{"href":"https:\/\/www.radiopiu.net\/wordpress\/wp-json\/wp\/v2\/media?parent=322665"}],"wp:term":[{"taxonomy":"category","embeddable":true,"href":"https:\/\/www.radiopiu.net\/wordpress\/wp-json\/wp\/v2\/categories?post=322665"},{"taxonomy":"post_tag","embeddable":true,"href":"https:\/\/www.radiopiu.net\/wordpress\/wp-json\/wp\/v2\/tags?post=322665"}],"curies":[{"name":"wp","href":"https:\/\/api.w.org\/{rel}","templated":true}]}}