{"id":322693,"date":"2023-02-18T14:22:53","date_gmt":"2023-02-18T13:22:53","guid":{"rendered":"https:\/\/www.radiopiu.net\/wordpress\/?p=322693"},"modified":"2023-02-18T14:22:53","modified_gmt":"2023-02-18T13:22:53","slug":"lorenzo-busin-si-aggiudica-la-granfondo-val-casies","status":"publish","type":"post","link":"https:\/\/www.radiopiu.net\/wordpress\/lorenzo-busin-si-aggiudica-la-granfondo-val-casies\/","title":{"rendered":"LORENZO BUSIN SI AGGIUDICA LA GRANFONDO VAL CASIES"},"content":{"rendered":"<p><strong><a class=\"dt-pswp-item\" href=\"https:\/\/www.radiopiu.net\/wordpress\/wp-content\/uploads\/2023\/02\/331239857_1188867722022044_2983542725823823471_n.jpg\" data-dt-img-description=\"\" data-large_image_width=\"2048\" data-large_image_height=\"1536\"><img loading=\"lazy\" decoding=\"async\" class=\" wp-image-322696 alignleft\" src=\"https:\/\/www.radiopiu.net\/wordpress\/wp-content\/uploads\/2023\/02\/331239857_1188867722022044_2983542725823823471_n-300x225.jpg\" alt=\"\" width=\"165\" height=\"124\" srcset=\"https:\/\/www.radiopiu.net\/wordpress\/wp-content\/uploads\/2023\/02\/331239857_1188867722022044_2983542725823823471_n-300x225.jpg 300w, https:\/\/www.radiopiu.net\/wordpress\/wp-content\/uploads\/2023\/02\/331239857_1188867722022044_2983542725823823471_n-1024x768.jpg 1024w, https:\/\/www.radiopiu.net\/wordpress\/wp-content\/uploads\/2023\/02\/331239857_1188867722022044_2983542725823823471_n-768x576.jpg 768w, https:\/\/www.radiopiu.net\/wordpress\/wp-content\/uploads\/2023\/02\/331239857_1188867722022044_2983542725823823471_n-1536x1152.jpg 1536w, https:\/\/www.radiopiu.net\/wordpress\/wp-content\/uploads\/2023\/02\/331239857_1188867722022044_2983542725823823471_n.jpg 2048w\" sizes=\"auto, (max-width: 165px) 100vw, 165px\" \/><\/a>VAL CASIES (BZ) <\/strong>Un sabato da incorniciare per Lorenzo Busin che si \u00e8 aggiudicato la Granfondo Val Casies Gsieser Tal Lauf, la pi\u00f9 famosa Granfondo dell&#8217;Alto Adige nonch\u00e9 la pi\u00f9 amata da tutti i fondisti che arrivano da ogni parte del mondo per partecipare. Un primo posto conquistato dopo la gara della lunghezza di 42 km in tecnica classica con un arrivo in volata dove ha battuto sul traguardo Giandomenico Salvadori e Dietmar Nockler. Continua l&#8217;ottimo momento di forma del fondista della Valle del Biois che continua a raccogliere buoni risultati in questa stagione. Buona la prestazione anche del fratello di Lorenzo, Emanuele Busin che nella gara corta di 30 km ha chiuso al nono posto.<\/p>\n<p>&nbsp;<\/p>\n<p>&nbsp;<\/p>\n<p>*****<\/p>\n","protected":false},"excerpt":{"rendered":"<p>VAL CASIES (BZ) Un sabato da incorniciare per Lorenzo Busin che si \u00e8 aggiudicato la Granfondo Val Casies Gsieser Tal Lauf, la pi\u00f9 famosa Granfondo dell&#8217;Alto Adige nonch\u00e9 la pi\u00f9 amata da tutti i fondisti che arrivano da ogni parte del mondo per partecipare. Un primo posto conquistato dopo la gara della lunghezza di 42&hellip;<\/p>\n","protected":false},"author":4,"featured_media":322696,"comment_status":"closed","ping_status":"closed","sticky":false,"template":"","format":"standard","meta":{"_monsterinsights_skip_tracking":false,"_monsterinsights_sitenote_active":false,"_monsterinsights_sitenote_note":"","_monsterinsights_sitenote_category":0,"footnotes":""},"categories":[51,49],"tags":[],"class_list":["post-322693","post","type-post","status-publish","format-standard","has-post-thumbnail","hentry","category-evidenza-top","category-news-18","category-51","category-49","description-off"],"img_url":"https:\/\/www.radiopiu.net\/wordpress\/wp-content\/uploads\/2023\/02\/331239857_1188867722022044_2983542725823823471_n.jpg","_links":{"self":[{"href":"https:\/\/www.radiopiu.net\/wordpress\/wp-json\/wp\/v2\/posts\/322693","targetHints":{"allow":["GET"]}}],"collection":[{"href":"https:\/\/www.radiopiu.net\/wordpress\/wp-json\/wp\/v2\/posts"}],"about":[{"href":"https:\/\/www.radiopiu.net\/wordpress\/wp-json\/wp\/v2\/types\/post"}],"author":[{"embeddable":true,"href":"https:\/\/www.radiopiu.net\/wordpress\/wp-json\/wp\/v2\/users\/4"}],"replies":[{"embeddable":true,"href":"https:\/\/www.radiopiu.net\/wordpress\/wp-json\/wp\/v2\/comments?post=322693"}],"version-history":[{"count":0,"href":"https:\/\/www.radiopiu.net\/wordpress\/wp-json\/wp\/v2\/posts\/322693\/revisions"}],"wp:featuredmedia":[{"embeddable":true,"href":"https:\/\/www.radiopiu.net\/wordpress\/wp-json\/wp\/v2\/media\/322696"}],"wp:attachment":[{"href":"https:\/\/www.radiopiu.net\/wordpress\/wp-json\/wp\/v2\/media?parent=322693"}],"wp:term":[{"taxonomy":"category","embeddable":true,"href":"https:\/\/www.radiopiu.net\/wordpress\/wp-json\/wp\/v2\/categories?post=322693"},{"taxonomy":"post_tag","embeddable":true,"href":"https:\/\/www.radiopiu.net\/wordpress\/wp-json\/wp\/v2\/tags?post=322693"}],"curies":[{"name":"wp","href":"https:\/\/api.w.org\/{rel}","templated":true}]}}