{"id":322716,"date":"2023-02-18T20:00:11","date_gmt":"2023-02-18T19:00:11","guid":{"rendered":"https:\/\/www.radiopiu.net\/wordpress\/?p=322716"},"modified":"2023-02-18T16:25:48","modified_gmt":"2023-02-18T15:25:48","slug":"a-belluno-una-serata-per-parlare-del-lupo","status":"publish","type":"post","link":"https:\/\/www.radiopiu.net\/wordpress\/a-belluno-una-serata-per-parlare-del-lupo\/","title":{"rendered":"A BELLUNO UNA SERATA PER PARLARE DEL LUPO"},"content":{"rendered":"<p><strong><a class=\"dt-pswp-item\" href=\"https:\/\/www.radiopiu.net\/wordpress\/wp-content\/uploads\/2023\/02\/c79e6697-f295-4262-8faf-e862d5789033.jpg\" data-dt-img-description=\"\" data-large_image_width=\"1079\" data-large_image_height=\"1518\"><img loading=\"lazy\" decoding=\"async\" class=\" wp-image-322718 alignleft\" src=\"https:\/\/www.radiopiu.net\/wordpress\/wp-content\/uploads\/2023\/02\/c79e6697-f295-4262-8faf-e862d5789033-213x300.jpg\" alt=\"\" width=\"125\" height=\"176\" srcset=\"https:\/\/www.radiopiu.net\/wordpress\/wp-content\/uploads\/2023\/02\/c79e6697-f295-4262-8faf-e862d5789033-213x300.jpg 213w, https:\/\/www.radiopiu.net\/wordpress\/wp-content\/uploads\/2023\/02\/c79e6697-f295-4262-8faf-e862d5789033-728x1024.jpg 728w, https:\/\/www.radiopiu.net\/wordpress\/wp-content\/uploads\/2023\/02\/c79e6697-f295-4262-8faf-e862d5789033-768x1080.jpg 768w, https:\/\/www.radiopiu.net\/wordpress\/wp-content\/uploads\/2023\/02\/c79e6697-f295-4262-8faf-e862d5789033.jpg 1079w\" sizes=\"auto, (max-width: 125px) 100vw, 125px\" \/><\/a>BELLUNO<\/strong> Si parler\u00e0 di lupo a Belluno: l&#8217;appuntamento \u00e8 per venerd\u00ec 24 in Sala Bianchi. Un&#8217;occasione, spiegano da Palazzo Rosso, per far conoscere meglio il tema e per allontanare la paura.<\/p>\n<p><strong>di Daniele Dalvit<\/strong><\/p>\n<audio class=\"wp-audio-shortcode\" id=\"audio-322716-1\" preload=\"none\" style=\"width: 100%;\" controls=\"controls\"><source type=\"audio\/mpeg\" src=\"https:\/\/www.radiopiu.net\/wordpress\/wp-content\/uploads\/2023\/02\/DALVIT-SERATA-LUPO.mp3?_=1\" \/><a href=\"https:\/\/www.radiopiu.net\/wordpress\/wp-content\/uploads\/2023\/02\/DALVIT-SERATA-LUPO.mp3\">https:\/\/www.radiopiu.net\/wordpress\/wp-content\/uploads\/2023\/02\/DALVIT-SERATA-LUPO.mp3<\/a><\/audio>\n<p>&nbsp;<\/p>\n<p>&nbsp;<\/p>\n<p>******<\/p>\n","protected":false},"excerpt":{"rendered":"<p>BELLUNO Si parler\u00e0 di lupo a Belluno: l&#8217;appuntamento \u00e8 per venerd\u00ec 24 in Sala Bianchi. Un&#8217;occasione, spiegano da Palazzo Rosso, per far conoscere meglio il tema e per allontanare la paura. di Daniele Dalvit &nbsp; &nbsp; ******<\/p>\n","protected":false},"author":4,"featured_media":322719,"comment_status":"closed","ping_status":"closed","sticky":false,"template":"","format":"standard","meta":{"_monsterinsights_skip_tracking":false,"_monsterinsights_sitenote_active":false,"_monsterinsights_sitenote_note":"","_monsterinsights_sitenote_category":0,"footnotes":""},"categories":[49],"tags":[],"class_list":["post-322716","post","type-post","status-publish","format-standard","has-post-thumbnail","hentry","category-news-18","category-49","description-off"],"img_url":"https:\/\/www.radiopiu.net\/wordpress\/wp-content\/uploads\/2023\/02\/SCR-20230218-msp.jpeg","_links":{"self":[{"href":"https:\/\/www.radiopiu.net\/wordpress\/wp-json\/wp\/v2\/posts\/322716","targetHints":{"allow":["GET"]}}],"collection":[{"href":"https:\/\/www.radiopiu.net\/wordpress\/wp-json\/wp\/v2\/posts"}],"about":[{"href":"https:\/\/www.radiopiu.net\/wordpress\/wp-json\/wp\/v2\/types\/post"}],"author":[{"embeddable":true,"href":"https:\/\/www.radiopiu.net\/wordpress\/wp-json\/wp\/v2\/users\/4"}],"replies":[{"embeddable":true,"href":"https:\/\/www.radiopiu.net\/wordpress\/wp-json\/wp\/v2\/comments?post=322716"}],"version-history":[{"count":0,"href":"https:\/\/www.radiopiu.net\/wordpress\/wp-json\/wp\/v2\/posts\/322716\/revisions"}],"wp:featuredmedia":[{"embeddable":true,"href":"https:\/\/www.radiopiu.net\/wordpress\/wp-json\/wp\/v2\/media\/322719"}],"wp:attachment":[{"href":"https:\/\/www.radiopiu.net\/wordpress\/wp-json\/wp\/v2\/media?parent=322716"}],"wp:term":[{"taxonomy":"category","embeddable":true,"href":"https:\/\/www.radiopiu.net\/wordpress\/wp-json\/wp\/v2\/categories?post=322716"},{"taxonomy":"post_tag","embeddable":true,"href":"https:\/\/www.radiopiu.net\/wordpress\/wp-json\/wp\/v2\/tags?post=322716"}],"curies":[{"name":"wp","href":"https:\/\/api.w.org\/{rel}","templated":true}]}}