{"id":322781,"date":"2023-02-21T05:44:45","date_gmt":"2023-02-21T04:44:45","guid":{"rendered":"https:\/\/www.radiopiu.net\/wordpress\/?p=322781"},"modified":"2023-02-21T09:00:30","modified_gmt":"2023-02-21T08:00:30","slug":"addio-gildo-comelico-tramortito-per-la-morte-di-zanderigo","status":"publish","type":"post","link":"https:\/\/www.radiopiu.net\/wordpress\/addio-gildo-comelico-tramortito-per-la-morte-di-zanderigo\/","title":{"rendered":"ADDIO GILDO, COMELICO TRAMORTITO PER LA MORTE DI ZANDERIGO"},"content":{"rendered":"<div class=\"testoArticolo\"><strong>COMELICO SUPERIORE<\/strong>\u00a0 Casamazzagno\u00a0 senza fiato, si stringe alla famiglia e piange\u00a0 Gildo Zanderigo Maccarino settantenne,\u00a0 rocciatore\u00a0 attivo\u00a0 con gli amici dei Rondi. Gildo era conosciuto e stimato per la sua attiva presenza nel Soccorso alpino. \u00a0Purtroppo nella mattinata di ieri Gildo Zanderigo Maccarino \u00e8 mancato in ospedale a Treviso. La comunit\u00e0 di Casamazzagno abbraccia la moglie Maria Grazia e la sorella Graziella. Le cause della morte saranno accertate con l&#8217;autopsia che verr\u00e0 effettuata nei prossimi giorni.<\/div>\n<p>&nbsp;<\/p>\n<p><strong>IERI ALLA RADIO<\/strong><\/p>\n<p style=\"text-align: left;\"><strong><img decoding=\"async\" class=\"alignleft\" src=\"https:\/\/www.radiopiu.net\/wordpress\/wp-content\/uploads\/2023\/02\/Senza-nome-52.jpg\" \/>COMELICO SUPERIORE<\/strong> Ieri\u00a0 mattina verso le 10.30 \u00e8 scattato l&#8217;allarme per un uomo rinvenuto dalla moglie privo di conoscienza, lungo una strada boschiva in localit\u00e0 Federe, sopra l&#8217;abitato di Casamazzagno. Il settantenne, Gildo Zanderigo,\u00a0 del posto non era rientrato da una camminata e la moglie era andata a cercarlo nei luoghi frequentati abitualmente, dove lo aveva rinvenuto a terra. Sul posto sono stati inviati una squadra del Soccorso alpino della Val Comelico e della Guardia di Finanza, assieme a un&#8217;ambulanza. La nebbia, che ne impediva l&#8217;avvicinamento, ha poi aperto un varco ed \u00e8 intervenuto l&#8217;elicottero del Suem di Pieve di Cadore. Prestate le prime cure, l&#8217;uomo \u00e8 stato imbarcato e trasportato all&#8217;ospedale di Treviso.<\/p>\n<p>L&#8217;uomo era in ipotermia, ma aveva ripreso conoscenza ed \u00e8 stato curato sul posto, prima del trasporto all&#8217;ospedale Ca&#8217; Foncello di Treviso.\u00a0 Zanderigo aveva sofferto un malore e si era accasciato a terra, perdendo conoscenza. Era infreddolito, ma respirava e i soccorsi sono arrivati nel giro di qualche minuto. Zanderigo \u00e8 l&#8217;anima dei Rondi, il sodalizio alpinistico che ha raccolto l&#8217;eredit\u00e0 del Gruppo dei rocciatori della Val Comelico e nel 2001 gli \u00e8 stato assegnato il premio Pelmo d&#8217;Oro nell&#8217;arrampicata<\/p>\n<p>&nbsp;<\/p>\n<p>&nbsp;<\/p>\n<p>******<\/p>\n","protected":false},"excerpt":{"rendered":"<p>COMELICO SUPERIORE\u00a0 Casamazzagno\u00a0 senza fiato, si stringe alla famiglia e piange\u00a0 Gildo Zanderigo Maccarino settantenne,\u00a0 rocciatore\u00a0 attivo\u00a0 con gli amici dei Rondi. Gildo era conosciuto e stimato per la sua attiva presenza nel Soccorso alpino. \u00a0Purtroppo nella mattinata di ieri Gildo Zanderigo Maccarino \u00e8 mancato in ospedale a Treviso. La comunit\u00e0 di Casamazzagno abbraccia la&hellip;<\/p>\n","protected":false},"author":4,"featured_media":322944,"comment_status":"closed","ping_status":"closed","sticky":false,"template":"","format":"standard","meta":{"_monsterinsights_skip_tracking":false,"_monsterinsights_sitenote_active":false,"_monsterinsights_sitenote_note":"","_monsterinsights_sitenote_category":0,"footnotes":""},"categories":[51,49],"tags":[],"class_list":["post-322781","post","type-post","status-publish","format-standard","has-post-thumbnail","hentry","category-evidenza-top","category-news-18","category-51","category-49","description-off"],"img_url":"https:\/\/www.radiopiu.net\/wordpress\/wp-content\/uploads\/2023\/02\/Senza-nome-52.jpg","_links":{"self":[{"href":"https:\/\/www.radiopiu.net\/wordpress\/wp-json\/wp\/v2\/posts\/322781","targetHints":{"allow":["GET"]}}],"collection":[{"href":"https:\/\/www.radiopiu.net\/wordpress\/wp-json\/wp\/v2\/posts"}],"about":[{"href":"https:\/\/www.radiopiu.net\/wordpress\/wp-json\/wp\/v2\/types\/post"}],"author":[{"embeddable":true,"href":"https:\/\/www.radiopiu.net\/wordpress\/wp-json\/wp\/v2\/users\/4"}],"replies":[{"embeddable":true,"href":"https:\/\/www.radiopiu.net\/wordpress\/wp-json\/wp\/v2\/comments?post=322781"}],"version-history":[{"count":0,"href":"https:\/\/www.radiopiu.net\/wordpress\/wp-json\/wp\/v2\/posts\/322781\/revisions"}],"wp:featuredmedia":[{"embeddable":true,"href":"https:\/\/www.radiopiu.net\/wordpress\/wp-json\/wp\/v2\/media\/322944"}],"wp:attachment":[{"href":"https:\/\/www.radiopiu.net\/wordpress\/wp-json\/wp\/v2\/media?parent=322781"}],"wp:term":[{"taxonomy":"category","embeddable":true,"href":"https:\/\/www.radiopiu.net\/wordpress\/wp-json\/wp\/v2\/categories?post=322781"},{"taxonomy":"post_tag","embeddable":true,"href":"https:\/\/www.radiopiu.net\/wordpress\/wp-json\/wp\/v2\/tags?post=322781"}],"curies":[{"name":"wp","href":"https:\/\/api.w.org\/{rel}","templated":true}]}}