{"id":322782,"date":"2023-02-20T05:31:22","date_gmt":"2023-02-20T04:31:22","guid":{"rendered":"https:\/\/www.radiopiu.net\/wordpress\/?p=322782"},"modified":"2023-02-20T06:09:45","modified_gmt":"2023-02-20T05:09:45","slug":"322782-2","status":"publish","type":"post","link":"https:\/\/www.radiopiu.net\/wordpress\/322782-2\/","title":{"rendered":"ATTENZIONE ALLE TRUFFE&#8230; ANCHE PER IL TURISMO ALLE RADICI"},"content":{"rendered":"<p><strong><img loading=\"lazy\" decoding=\"async\" class=\"alignright\" src=\"https:\/\/www.radiopiu.net\/wordpress\/wp-content\/uploads\/2022\/01\/28056423_1570743069705719_9091845138820201561_n-300x300.jpg\" width=\"164\" height=\"164\" \/>VAL DI ZOLDO<\/strong>\u00abIl turismo delle radici? Una bella storia, che commuove. Ma \u00e8 bene tenere gli occgi ben aperti\u00bb.Parole del sindaco di Val di Zoldo Camillo De Pellegrin. L&#8217;entusiasmo mostrato da Oscar De Bona di Abm e da Dario Scopel, sindaco di Seren, fanno scattare il campanello d&#8217;allarme: molti punti oscuri e\u00a0 faccendieri privi di scrupoli.\u00a0 Sono stati scoperti ovunque traffici illegali legati alle cittadinanze facili spesso con la complicit\u00e0 di alcuni dipendenti comunali.<\/p>\n<p>&nbsp;<\/p>\n<p><strong><a class=\"dt-pswp-item\" href=\"https:\/\/www.radiopiu.net\/wordpress\/wp-content\/uploads\/2023\/02\/96c3449b-251a-4efd-8950-58f0cb2ac9b1.jpg\" data-dt-img-description=\"\" data-large_image_width=\"921\" data-large_image_height=\"2048\"><img loading=\"lazy\" decoding=\"async\" class=\" wp-image-322927 alignleft\" src=\"https:\/\/www.radiopiu.net\/wordpress\/wp-content\/uploads\/2023\/02\/96c3449b-251a-4efd-8950-58f0cb2ac9b1-135x300.jpg\" alt=\"\" width=\"119\" height=\"264\" srcset=\"https:\/\/www.radiopiu.net\/wordpress\/wp-content\/uploads\/2023\/02\/96c3449b-251a-4efd-8950-58f0cb2ac9b1-135x300.jpg 135w, https:\/\/www.radiopiu.net\/wordpress\/wp-content\/uploads\/2023\/02\/96c3449b-251a-4efd-8950-58f0cb2ac9b1-461x1024.jpg 461w, https:\/\/www.radiopiu.net\/wordpress\/wp-content\/uploads\/2023\/02\/96c3449b-251a-4efd-8950-58f0cb2ac9b1-768x1708.jpg 768w, https:\/\/www.radiopiu.net\/wordpress\/wp-content\/uploads\/2023\/02\/96c3449b-251a-4efd-8950-58f0cb2ac9b1-691x1536.jpg 691w, https:\/\/www.radiopiu.net\/wordpress\/wp-content\/uploads\/2023\/02\/96c3449b-251a-4efd-8950-58f0cb2ac9b1.jpg 921w\" sizes=\"auto, (max-width: 119px) 100vw, 119px\" \/><\/a>di Camillo De Pellegrin, sindaco Val di Zoldo<\/strong><\/p>\n<p><em>Il turismo delle radici. Una bella storia, che commuove. Chi pu\u00f2 criticare un progetto che permette agli oriundi bellunesi di venire a conoscere le loro radici? Chi conosce la verit\u00e0 su quello che sta dietro al traffico delle cittadinanza iure sanguinis per esempio! Traffici illeciti, truffe, enormi business. Molti punti oscuri. Faccendieri privi di scrupoli. Con le radici venete tutto ci\u00f2 non ha niente a che vedere. Chi aderisce a questo progetto con ingenuit\u00e0 rischia di esporsi a traffici che non immagina . I faccendieri sono gi\u00e0 pronti, basta guardare i commenti all&#8217;articolo. Noi lo sapevamo, ci siamo passati e non vogliamo che nel nostro comune tornino soggetti del genere. Il famoso procuratore degli oriundi italiani che li accompagnava a bordo di macchine lussuose a fare le pratiche nel nostro comune \u00e8 stato indagato per traffico internazionale di droga e altri reati. Non si scherza con questo tema. Come lui ce ne sono in tutta Italia. Sono stati scoperti ovunque traffici illegali legati alle cittadinanze facili spesso con la complicit\u00e0 di alcuni dipendenti comunali. I comuni sono gi\u00e0 oberati di pratiche e ricerche per il riconoscimento della cittadinanza per discendenza di sangue, un tema che va affrontato, con competenza, da chi lo conosce e risolto, una volta per tutte. Ma il business che gira attorno a tutto ci\u00f2 \u00e8 ben pi\u00f9 grave e problematico. Non si scherza.<\/em><\/p>\n<p>&nbsp;<\/p>\n<p>https:\/\/www.facebook.com\/watch\/?extid=CL-UNK-UNK-UNK-AN_GK0T-GK1C&#038;mibextid=2Rb1fB&#038;v=614573426582892<\/p>\n<p>&nbsp;<\/p>\n<p>&nbsp;<\/p>\n<hr \/>\n<p>&nbsp;<\/p>\n","protected":false},"excerpt":{"rendered":"<p>VAL DI ZOLDO\u00abIl turismo delle radici? Una bella storia, che commuove. Ma \u00e8 bene tenere gli occgi ben aperti\u00bb.Parole del sindaco di Val di Zoldo Camillo De Pellegrin. L&#8217;entusiasmo mostrato da Oscar De Bona di Abm e da Dario Scopel, sindaco di Seren, fanno scattare il campanello d&#8217;allarme: molti punti oscuri e\u00a0 faccendieri privi di&hellip;<\/p>\n","protected":false},"author":4,"featured_media":254798,"comment_status":"closed","ping_status":"closed","sticky":false,"template":"","format":"standard","meta":{"_monsterinsights_skip_tracking":false,"_monsterinsights_sitenote_active":false,"_monsterinsights_sitenote_note":"","_monsterinsights_sitenote_category":0,"footnotes":""},"categories":[51,49],"tags":[],"class_list":["post-322782","post","type-post","status-publish","format-standard","has-post-thumbnail","hentry","category-evidenza-top","category-news-18","category-51","category-49","description-off"],"img_url":"https:\/\/www.radiopiu.net\/wordpress\/wp-content\/uploads\/2022\/01\/28056423_1570743069705719_9091845138820201561_n.jpg","_links":{"self":[{"href":"https:\/\/www.radiopiu.net\/wordpress\/wp-json\/wp\/v2\/posts\/322782","targetHints":{"allow":["GET"]}}],"collection":[{"href":"https:\/\/www.radiopiu.net\/wordpress\/wp-json\/wp\/v2\/posts"}],"about":[{"href":"https:\/\/www.radiopiu.net\/wordpress\/wp-json\/wp\/v2\/types\/post"}],"author":[{"embeddable":true,"href":"https:\/\/www.radiopiu.net\/wordpress\/wp-json\/wp\/v2\/users\/4"}],"replies":[{"embeddable":true,"href":"https:\/\/www.radiopiu.net\/wordpress\/wp-json\/wp\/v2\/comments?post=322782"}],"version-history":[{"count":0,"href":"https:\/\/www.radiopiu.net\/wordpress\/wp-json\/wp\/v2\/posts\/322782\/revisions"}],"wp:featuredmedia":[{"embeddable":true,"href":"https:\/\/www.radiopiu.net\/wordpress\/wp-json\/wp\/v2\/media\/254798"}],"wp:attachment":[{"href":"https:\/\/www.radiopiu.net\/wordpress\/wp-json\/wp\/v2\/media?parent=322782"}],"wp:term":[{"taxonomy":"category","embeddable":true,"href":"https:\/\/www.radiopiu.net\/wordpress\/wp-json\/wp\/v2\/categories?post=322782"},{"taxonomy":"post_tag","embeddable":true,"href":"https:\/\/www.radiopiu.net\/wordpress\/wp-json\/wp\/v2\/tags?post=322782"}],"curies":[{"name":"wp","href":"https:\/\/api.w.org\/{rel}","templated":true}]}}