{"id":322789,"date":"2023-02-20T13:30:04","date_gmt":"2023-02-20T12:30:04","guid":{"rendered":"https:\/\/www.radiopiu.net\/wordpress\/?p=322789"},"modified":"2023-02-19T14:01:41","modified_gmt":"2023-02-19T13:01:41","slug":"i-racconti-di-paolo-soppelsa-puntata-164","status":"publish","type":"post","link":"https:\/\/www.radiopiu.net\/wordpress\/i-racconti-di-paolo-soppelsa-puntata-164\/","title":{"rendered":"I RACCONTI DI PAOLO SOPPELSA &#8211; PUNTATA 164"},"content":{"rendered":"<p><strong>LA MIA VALLE LA MIA GENTE<\/strong><\/p>\n<p><strong>AUDIO<\/strong><\/p>\n<audio class=\"wp-audio-shortcode\" id=\"audio-322789-1\" preload=\"none\" style=\"width: 100%;\" controls=\"controls\"><source type=\"audio\/mpeg\" src=\"https:\/\/www.radiopiu.net\/wordpress\/wp-content\/uploads\/2023\/02\/PAOLO-SOPPELSA-LA-MIA-VALLE-LA-MIA-GENTE.mp3?_=1\" \/><a href=\"https:\/\/www.radiopiu.net\/wordpress\/wp-content\/uploads\/2023\/02\/PAOLO-SOPPELSA-LA-MIA-VALLE-LA-MIA-GENTE.mp3\">https:\/\/www.radiopiu.net\/wordpress\/wp-content\/uploads\/2023\/02\/PAOLO-SOPPELSA-LA-MIA-VALLE-LA-MIA-GENTE.mp3<\/a><\/audio>\n<p>&nbsp;<\/p>\n<p><a class=\"dt-pswp-item\" href=\"https:\/\/www.radiopiu.net\/wordpress\/wp-content\/uploads\/2023\/02\/c301a8cf-a516-42a0-91cc-db5daad74350.jpg\" data-dt-img-description=\"\" data-large_image_width=\"1080\" data-large_image_height=\"1440\"><img loading=\"lazy\" decoding=\"async\" class=\" wp-image-322791 alignleft\" src=\"https:\/\/www.radiopiu.net\/wordpress\/wp-content\/uploads\/2023\/02\/c301a8cf-a516-42a0-91cc-db5daad74350-225x300.jpg\" alt=\"\" width=\"161\" height=\"215\" srcset=\"https:\/\/www.radiopiu.net\/wordpress\/wp-content\/uploads\/2023\/02\/c301a8cf-a516-42a0-91cc-db5daad74350-225x300.jpg 225w, https:\/\/www.radiopiu.net\/wordpress\/wp-content\/uploads\/2023\/02\/c301a8cf-a516-42a0-91cc-db5daad74350-768x1024.jpg 768w, https:\/\/www.radiopiu.net\/wordpress\/wp-content\/uploads\/2023\/02\/c301a8cf-a516-42a0-91cc-db5daad74350.jpg 1080w\" sizes=\"auto, (max-width: 161px) 100vw, 161px\" \/><\/a>\u00c8 strana la vita; si nasce e si cresce, ci si diverte e a volte si \u00e8 tristi. E poi si lavora, si fatica, ci si innamora e ci si lascia, si fanno sacrifici per coronare sogni che poi magari anni dopo non ci interessano pi\u00f9, perch\u00e9 lungo il cammino accade di cambiare priorit\u00e0. Un caos che si chiama vivere, tutta questa confusione per poi capire che i momenti sereni, quelli in cui veramente ti senti in pace con te stesso, sono quelli vissuti &#8220;a pede fornela&#8221;, sdraiato sul divano &#8220;co &#8216;na cuerta via par sora&#8221; mentre fuori nevica. Oppure la felicit\u00e0 si presenta in quei pomeriggi d&#8217;inverno, quando di ritorno da una camminata nei boschi del Pelsa, dopo aver ammirato un freddo tramonto, ritorni a casa e trovi ancora le &#8220;bronze&#8221;; pochi minuti e il fuoco riparte con vigore e quel calore che ti entra nelle ossa \u00e8 la gioia pi\u00f9 vera. Il fascino del vivere semplice, la suggestione del dormire come un tempo, al caldo sotto il piumone che fu dei nonni con pochi gradi in camera, proprio come allora. E poi il calore che ad ogni settimanale ritorno, mi regalano le persone che abitano nella mia valle; sono i momenti quelli belli, che ti arricchiscono e ti fanno capire che in questo mondo difficile esistono ancora le belle persone. Sono le &#8220;ciacole&#8221; cordiali di quando arrivo sotto il Pelsa e mi fermo a fare la spesa; ed \u00e8 il pi\u00f9 bel &#8220;bene arrivato&#8221; che una persona possa desiderare. \u00c8 una ottima pizza servita con grazia e un bicchiere e una lattina riportati sul bancone, perch\u00e9 la gentilezza va sempre ricambiata, e io credo a questi semplici ma importanti valori. \u00c8 una calda sera d&#8217;estate trascorsa a &#8220;contasela&#8221; in piazza a Canale, \u00e8 un incontrarsi lungo la strada che sale a Colaz oppure al Tavolo Magico, \u00e8 un pomeriggio &#8220;dei Santi&#8221; passato a mangiare castagne all&#8217;ombra dello spigolo nord dell&#8217;Agner. \u00c8 lo scendere dalla macchina nello stesso momento nello stesso luogo e poi finalmente un caff\u00e8 insieme mentre fuori trionfa l&#8217;autunno. E poi una pizza mangiata vicino alla stufa in una sera di quasi Natale trascorsa a ridere e scherzare. Sono i momenti quando di ritorno dal bosco, ti fermi a chiacchierare con i vicini di sempre, quelli che ti hanno visto crescere durante quelle estati vissute &#8220;su &#8216;n sagr\u00e0&#8221;; e sono tardi pomeriggi carichi di umanit\u00e0 e di storie da raccogliere e conservare. E poi una sera in Val Fiorentina, a ritirare una gradita cortesia, a &#8220;sdrav\u00e0 &#8216;na Coca Cola&#8221; e ad ammirare una grandiosa luna piena che passeggiava sopra il Pelmo illuminando tutta la valle. Piovigginava da quelle parti in quel pomeriggio di fine aprile; la neve sulle piste era ormai quasi completamente sciolta ed era bello stare al caldo nel bar a raccontarcela come vecchi amici; anche se era la prima volta che ci vedevamo. Era appena passato il ferragosto e l&#8217;estate iniziava il suo lento scemare quando ci siamo incontrati per tre o quattro sere sotto al Pelsa; e mentre il Cordevole cantava una musica gentile e la luna passeggiava sopra la valle, noi ce la raccontavamo, alternando risate a discorsi seri. Si trova fra le &#8220;mie&#8221; cime il paese dove abitano i miei giorni migliori, \u00e8 collocato fra i due torrenti che con la loro voce d&#8217;acqua accompagnano parole, pensieri e talvolta silenzi e sguardi che raccontano. Grazie Montagne Mee, grazie a &#8220;tuta sta m\u00e8 dent&#8221; che ogni volta che ritorno mi regalate momenti &#8220;de bon vive&#8221;; i momenti che in questa vita contano veramente.<\/p>\n<p>&nbsp;<\/p>\n<p>&nbsp;<\/p>\n<p>*****<\/p>\n","protected":false},"excerpt":{"rendered":"<p>LA MIA VALLE LA MIA GENTE AUDIO &nbsp; \u00c8 strana la vita; si nasce e si cresce, ci si diverte e a volte si \u00e8 tristi. E poi si lavora, si fatica, ci si innamora e ci si lascia, si fanno sacrifici per coronare sogni che poi magari anni dopo non ci interessano pi\u00f9, perch\u00e9&hellip;<\/p>\n","protected":false},"author":4,"featured_media":322791,"comment_status":"closed","ping_status":"closed","sticky":false,"template":"","format":"standard","meta":{"_monsterinsights_skip_tracking":false,"_monsterinsights_sitenote_active":false,"_monsterinsights_sitenote_note":"","_monsterinsights_sitenote_category":0,"footnotes":""},"categories":[49,112],"tags":[],"class_list":["post-322789","post","type-post","status-publish","format-standard","has-post-thumbnail","hentry","category-news-18","category-racconti-soppelsa","category-49","category-112","description-off"],"img_url":"https:\/\/www.radiopiu.net\/wordpress\/wp-content\/uploads\/2023\/02\/c301a8cf-a516-42a0-91cc-db5daad74350.jpg","_links":{"self":[{"href":"https:\/\/www.radiopiu.net\/wordpress\/wp-json\/wp\/v2\/posts\/322789","targetHints":{"allow":["GET"]}}],"collection":[{"href":"https:\/\/www.radiopiu.net\/wordpress\/wp-json\/wp\/v2\/posts"}],"about":[{"href":"https:\/\/www.radiopiu.net\/wordpress\/wp-json\/wp\/v2\/types\/post"}],"author":[{"embeddable":true,"href":"https:\/\/www.radiopiu.net\/wordpress\/wp-json\/wp\/v2\/users\/4"}],"replies":[{"embeddable":true,"href":"https:\/\/www.radiopiu.net\/wordpress\/wp-json\/wp\/v2\/comments?post=322789"}],"version-history":[{"count":0,"href":"https:\/\/www.radiopiu.net\/wordpress\/wp-json\/wp\/v2\/posts\/322789\/revisions"}],"wp:featuredmedia":[{"embeddable":true,"href":"https:\/\/www.radiopiu.net\/wordpress\/wp-json\/wp\/v2\/media\/322791"}],"wp:attachment":[{"href":"https:\/\/www.radiopiu.net\/wordpress\/wp-json\/wp\/v2\/media?parent=322789"}],"wp:term":[{"taxonomy":"category","embeddable":true,"href":"https:\/\/www.radiopiu.net\/wordpress\/wp-json\/wp\/v2\/categories?post=322789"},{"taxonomy":"post_tag","embeddable":true,"href":"https:\/\/www.radiopiu.net\/wordpress\/wp-json\/wp\/v2\/tags?post=322789"}],"curies":[{"name":"wp","href":"https:\/\/api.w.org\/{rel}","templated":true}]}}