{"id":322815,"date":"2023-02-20T05:32:55","date_gmt":"2023-02-20T04:32:55","guid":{"rendered":"https:\/\/www.radiopiu.net\/wordpress\/?p=322815"},"modified":"2023-02-20T06:10:38","modified_gmt":"2023-02-20T05:10:38","slug":"quattro-interventi-del-soccorso-alpino-per-quattro-scialpinisti-infortunati","status":"publish","type":"post","link":"https:\/\/www.radiopiu.net\/wordpress\/quattro-interventi-del-soccorso-alpino-per-quattro-scialpinisti-infortunati\/","title":{"rendered":"QUATTRO INTERVENTI DEL SOCCORSO ALPINO PER QUATTRO SCIALPINISTI INFORTUNATI"},"content":{"rendered":"<p><a class=\"dt-pswp-item\" href=\"https:\/\/www.radiopiu.net\/wordpress\/wp-content\/uploads\/2022\/09\/309142707_771246390814523_5693451179006834112_n.jpg\" data-dt-img-description=\"\" data-large_image_width=\"2048\" data-large_image_height=\"1212\"><img loading=\"lazy\" decoding=\"async\" class=\" wp-image-298850 alignleft\" src=\"https:\/\/www.radiopiu.net\/wordpress\/wp-content\/uploads\/2022\/09\/309142707_771246390814523_5693451179006834112_n-300x178.jpg\" alt=\"\" width=\"212\" height=\"126\" srcset=\"https:\/\/www.radiopiu.net\/wordpress\/wp-content\/uploads\/2022\/09\/309142707_771246390814523_5693451179006834112_n-300x178.jpg 300w, https:\/\/www.radiopiu.net\/wordpress\/wp-content\/uploads\/2022\/09\/309142707_771246390814523_5693451179006834112_n-1024x606.jpg 1024w, https:\/\/www.radiopiu.net\/wordpress\/wp-content\/uploads\/2022\/09\/309142707_771246390814523_5693451179006834112_n-768x455.jpg 768w, https:\/\/www.radiopiu.net\/wordpress\/wp-content\/uploads\/2022\/09\/309142707_771246390814523_5693451179006834112_n-1536x909.jpg 1536w, https:\/\/www.radiopiu.net\/wordpress\/wp-content\/uploads\/2022\/09\/309142707_771246390814523_5693451179006834112_n.jpg 2048w\" sizes=\"auto, (max-width: 212px) 100vw, 212px\" \/><\/a>Quattro scialpinisti sono stati recuperati oggi sulle montagne bellunesi per altrettanti infortuni, con la nebbia che ha ostacolato l&#8217;avvicinamento degli elicotteri.<\/p>\n<p><strong>FALCADE <\/strong>Attorno a mezzogiorno l&#8217;eliambulanza di Trento \u00e8 volata a Falcade, sulla Forca Rossa, dove uno scialpinista trentino di 38 anni aveva riportato un probabile trauma al ginocchio. Imbarcato assieme alla compagna, l&#8217;uomo \u00e8 stato trasportato all&#8217;ospedale di Trento.<\/p>\n<p><strong>SAN VITO DI CADORE <\/strong>Una squadra del Soccorso alpino di Cortina \u00e8 stata trasportata in quota a Mondeval dall&#8217;elicottero dell&#8217;Air service center, convenzionato con il Soccorso alpino Dolomiti Bellunesi. I soccorritori hanno quindi raggiunto uno scialpinista 50enne di Scorz\u00e8 (VE) e gli hanno prestato le prime cure a seguito di una possibile distorsione al ginocchio. L&#8217;uomo \u00e8 stato poi accompagnato all&#8217;ospedale di Cortina.<\/p>\n<p><strong>AURONZO <\/strong>Allertate alle 13.30, le squadre del Soccorso alpino dell&#8217;Alpago erano gi\u00e0 partite con sci e toboga da Pian de le Stele, dopo esservi arrivate con il quod, in direzione di Forcella Cornor. Scendendo con una comitiva di sciatori infatti una 56enne di Vittorio Veneto (TV) aveva messo male una gamba, con conseguente sospetto trauma al ginocchio ed erano risultati vani i tentativi di avvicinamento da parte dell&#8217;elicottero di Treviso emergenza e del Friuli Venezia Giulia, bloccati dalla nebbia. Fortunatamente di seguito \u00e8 riuscita l&#8217;eliambulanza del Suem di Pieve di Cadore che, individuato il punto, ha trovare uno spiazzo dove atterrare a 1.800 metri di quota. La donna \u00e8 stata portata al San Martino.<\/p>\n<p><strong>CORTINA <\/strong>\u00c8 residente a Praga l&#8217;ultimo scialpinista in difficolt\u00e0. L&#8217;uomo, che a seguito di una caduta si era fatto male a una spalla alla fine della Val Fonda sul Cristallo, \u00e8 stato inizialmente aiutato da una squadra del Soccorso alpino di Cortina, trasportata a bordo dell&#8217;elicottero dell&#8217;Air service center, e poi recuperato con un verricello dal tecnico di elisoccorso dell&#8217;elicottero di Pieve di Cadore.<\/p>\n<p>&nbsp;<\/p>\n<p>&nbsp;<\/p>\n<p>******<\/p>\n","protected":false},"excerpt":{"rendered":"<p>Quattro scialpinisti sono stati recuperati oggi sulle montagne bellunesi per altrettanti infortuni, con la nebbia che ha ostacolato l&#8217;avvicinamento degli elicotteri. FALCADE Attorno a mezzogiorno l&#8217;eliambulanza di Trento \u00e8 volata a Falcade, sulla Forca Rossa, dove uno scialpinista trentino di 38 anni aveva riportato un probabile trauma al ginocchio. Imbarcato assieme alla compagna, l&#8217;uomo \u00e8&hellip;<\/p>\n","protected":false},"author":4,"featured_media":298850,"comment_status":"closed","ping_status":"closed","sticky":false,"template":"","format":"standard","meta":{"_monsterinsights_skip_tracking":false,"_monsterinsights_sitenote_active":false,"_monsterinsights_sitenote_note":"","_monsterinsights_sitenote_category":0,"footnotes":""},"categories":[51,49],"tags":[],"class_list":["post-322815","post","type-post","status-publish","format-standard","has-post-thumbnail","hentry","category-evidenza-top","category-news-18","category-51","category-49","description-off"],"img_url":"https:\/\/www.radiopiu.net\/wordpress\/wp-content\/uploads\/2022\/09\/309142707_771246390814523_5693451179006834112_n.jpg","_links":{"self":[{"href":"https:\/\/www.radiopiu.net\/wordpress\/wp-json\/wp\/v2\/posts\/322815","targetHints":{"allow":["GET"]}}],"collection":[{"href":"https:\/\/www.radiopiu.net\/wordpress\/wp-json\/wp\/v2\/posts"}],"about":[{"href":"https:\/\/www.radiopiu.net\/wordpress\/wp-json\/wp\/v2\/types\/post"}],"author":[{"embeddable":true,"href":"https:\/\/www.radiopiu.net\/wordpress\/wp-json\/wp\/v2\/users\/4"}],"replies":[{"embeddable":true,"href":"https:\/\/www.radiopiu.net\/wordpress\/wp-json\/wp\/v2\/comments?post=322815"}],"version-history":[{"count":0,"href":"https:\/\/www.radiopiu.net\/wordpress\/wp-json\/wp\/v2\/posts\/322815\/revisions"}],"wp:featuredmedia":[{"embeddable":true,"href":"https:\/\/www.radiopiu.net\/wordpress\/wp-json\/wp\/v2\/media\/298850"}],"wp:attachment":[{"href":"https:\/\/www.radiopiu.net\/wordpress\/wp-json\/wp\/v2\/media?parent=322815"}],"wp:term":[{"taxonomy":"category","embeddable":true,"href":"https:\/\/www.radiopiu.net\/wordpress\/wp-json\/wp\/v2\/categories?post=322815"},{"taxonomy":"post_tag","embeddable":true,"href":"https:\/\/www.radiopiu.net\/wordpress\/wp-json\/wp\/v2\/tags?post=322815"}],"curies":[{"name":"wp","href":"https:\/\/api.w.org\/{rel}","templated":true}]}}