{"id":322949,"date":"2023-02-20T07:45:35","date_gmt":"2023-02-20T06:45:35","guid":{"rendered":"https:\/\/www.radiopiu.net\/wordpress\/?p=322949"},"modified":"2023-02-20T08:49:19","modified_gmt":"2023-02-20T07:49:19","slug":"ascolta-la-rassegna-stampa-locale-dal-1983-alle-otto-del-mattino-di-mirko-mezzacasa-2","status":"publish","type":"post","link":"https:\/\/www.radiopiu.net\/wordpress\/ascolta-la-rassegna-stampa-locale-dal-1983-alle-otto-del-mattino-di-mirko-mezzacasa-2\/","title":{"rendered":"ASCOLTA LA RASSEGNA STAMPA LOCALE, DAL 1983 ALLE OTTO DEL MATTINO DI MIRKO MEZZACASA"},"content":{"rendered":"<p><strong>VIABILITA<\/strong> Dalle 22 di domani alle 6 di mercoled\u00ec verr\u00e0 chiuso il tratto di autostrada A27 tra Conegliano e Treviso Nord<br \/>\n<strong>BELLUNO<\/strong> Da presunto colpevole, additato come il motociclista spericolato e distratto che perse la vita durante un sorpasso azzardato, a vittima innocente di un\u2019auto che invase la sua corsia all\u2019improvviso senza lasciargli il tempo di reagire per evitarla. Il pubblico ministero Alberto Primavera ha chiuso le indagini sull\u2019incidente stradale mortale di sette mesi fa all\u2019imbocco della galleria \u201cTermine\u201d, a Longarone. Contrariamente a quanto emerso nell\u2019immediatezza dei fatti, Nicola Valmassoni, il 29enne cadorino che mor\u00ec dopo essere caduto dalla moto con cui si stava recando al lavoro, non ebbe alcuna responsabilit\u00e0 nel verificarsi del sinistro.<br \/>\n<strong>SOCCORSO ALPINO<\/strong> Un altro fine settimana impegnativo, un uomo di 70 anni sviene nel bosco, lancia l&#8217;allarme la moglie, Gildo Zanderigo trovao in ipotermia; quattro scialpinisti sono stati recuperati sulle montagne bellunesi per altrettanti infortuni, con la nebbia che ha ostacolato l&#8217;avvicinamento degli elicotteri, a Falcade, sulla Forca Rossa, a Mondeval in Alpago e sul Cristallo a Cortina.<br \/>\n<strong>LATTEBUSCHE<\/strong> Tempi duri, si teme il periodo di siccit\u00e0 anche in vista dell&#8217;estate. La siccit\u00e0 stressa i pascoli, ne va della qualit\u00e0 del latte, priorit\u00e0 per l&#8217;azienda di Busche.<br \/>\n<strong>LONGARONE<\/strong> Nuova proroga sul caso della morte del piccolo Nicol\u00f2 Feltrin. Il medico legale Antonello Cirnelli non ha ancora consegnato i risultati dell&#8217;autopsia eseguita sul corpo del bambino di due anni morto presumibilmente per aver mangiato dell&#8217;hashish.<br \/>\n<strong>SOSPIROLO<\/strong> Bivacco buzzatti preso di mira da vandali e cafoni, lo denuncia Gianni Viel.<br \/>\n<strong>VAL DI ZOLDO<\/strong> \u00abIl turismo delle radici. Una bella storia, che commuove, ma attenzione: pu\u00f2 generare un flusso difficile da gestire, in cui si innescano faccendieri spesso con precedenti penali e truffe enormi\u00bb. A lanciare l&#8217;allarme \u00e8 il sindaco di Val di Zoldo, Camillo De Pellegrin<br \/>\n<strong>BELLUNO<\/strong> Sono atterrati sabato a Pisa e Pratica di Mare gli aerei di Guardia di Finanza e Aeronautica Militare che hanno riportato in Italia il contingente dei vigili del fuoco che ha operato in aiuto alla popolazione nella missione coordinata dal Dipartimento di Protezione Civile. Tra questi anche il pompiere di Agordo Leonardo Botta e il finanziere del soccorso alpino e gruppo cinofilo Damiano Fontanive di Frassene&#8217; Agordino.<br \/>\n<strong>CANALE D&#8217;AGORDO<\/strong> Anna Valt, studentessa universitaria di Falcade \u00e8 la Zinghenesta 2023 al carnevale di Canale d&#8217;Agordo, premiati i pompieri, la maschera pi\u00f9 accattivante. Carnevale di successo anche a Taibon e Cencenighe, domani sera al Nof Filo&#8217; il ballo da ultimo di carnevale.<br \/>\n<strong>ROCCA PIETORE<\/strong> Per il sindaco Andrea De Bernardin ci sono possibilit\u00e0 di tenere aperta la scuola elementare. Per ora \u00e8 una speranza &#8220;viva&#8221;, aperto un tavolo tra amministrazione e comprensivo di Alleghe.<br \/>\n<strong>PONTE NELLE ALPI<\/strong> In una gremitissima sala consiliare di Ponte nelle Alpi, \u00e8 andata in scena la nuova edizione della Festa dei laureati. Davvero ampia la presenza di famiglie e amici a un\u2019iniziativa che, negli anni, ha riscontrato sempre pi\u00f9 interesse.<br \/>\n<strong>BELLUNO<\/strong> Si parler\u00e0 di lupo a Belluno: l\u2019appuntamento \u00e8 per venerd\u00ec 24 in Sala Bianchi. Un\u2019occasione, spiegano da Palazzo Rosso, per far conoscere meglio il tema e per allontanare la paura.<br \/>\n<strong>LAMON<\/strong> &#8220;Il ritorno del lupo: conoscere di pi\u00f9 per convivere meglio&#8221;: \u00e8 il titolo della serata pubblica organizzata dal Comune di Lamon e dal Parco Nazionale Dolomiti Bellunesi. L&#8217;appuntamento \u00e8 per mercoled\u00ec 22 febbraio, alle ore 20:30, presso la sala teatro del centro AMO di Lamon<\/p>\n<p><span style=\"color: #ff0000;\">SNOWBOARD<\/span> Lucia quarta al mondiale, ancora una grande prestazione per la falcadina Dalmasso.<br \/>\n<span style=\"color: #ff0000;\">CALCIO<\/span> L&#8217;AGORDINA PERDE AL 95&#8242; CON IL CASTION E RIMANE IN ZONA PLAYOUT<br \/>\nALLIEVI REGIONALI \/ ECLISSE \u2013 AGORDINA 7-3<br \/>\nJUNIORES REGIONALI \/ PONTE NELLE ALPI \u2013 FIORI BARP 3-1<br \/>\n<span style=\"color: #ff0000;\">HOCKEY SU GHIACCIO<\/span> L\u2019ALLEGHE SALUTA IL PUBBLICO DEL DE TONI CON UNA SCONFITTA MA CON UNA BELLA PRESTAZIONE<br \/>\nL&#8217;ALLEGHE\/CORTINA UNDER 17 CHIUDE IL MASTER ROUND CON UNA SCONFITTA<br \/>\n<span style=\"color: #ff0000;\">CALCIO A 5<\/span> SCONFITTA DI MISURA PER LA CANOTTIERI BELLUNO CONTRO L&#8217;OLYMPIA<br \/>\n<span style=\"color: #ff0000;\">PALLAVOLO<\/span> IL VOLLEY CLUB AGORDINO TORNA A VINCERE. BATTUTO IL CASTION<br \/>\nLA PALLAVOLO MASCHILE BELLUNO FA LA VOCE GROSSA IN TERRA PIEMONTESE<br \/>\nLUPE VICINE AL COLPACCIO IN UN DE MAS INFUOCATO<br \/>\n<span style=\"color: #ff0000;\">SCI DI FONDO<\/span> LORENZO BUSIN SI AGGIUDICA LA GRANFONDO VAL CASIES<br \/>\n<span style=\"color: #ff0000;\">SKIALP<\/span> MARTINA SCOLA SI AGGIUDICA L&#8217;INDIVIDUALE DI COPPA ITALIA SKIALP<\/p>\n<p>&nbsp;<\/p>\n<p><iframe loading=\"lazy\" title=\"RASSEGNA STAMPA LOCALE\" width=\"1200\" height=\"675\" src=\"https:\/\/www.youtube.com\/embed\/l85xsZNrGag?feature=oembed\" frameborder=\"0\" allow=\"accelerometer; autoplay; clipboard-write; encrypted-media; gyroscope; picture-in-picture; web-share\" allowfullscreen><\/iframe><\/p>\n<p>&nbsp;<\/p>\n<hr \/>\n<p>&nbsp;<\/p>\n<p>&nbsp;<\/p>\n","protected":false},"excerpt":{"rendered":"<p>VIABILITA Dalle 22 di domani alle 6 di mercoled\u00ec verr\u00e0 chiuso il tratto di autostrada A27 tra Conegliano e Treviso Nord BELLUNO Da presunto colpevole, additato come il motociclista spericolato e distratto che perse la vita durante un sorpasso azzardato, a vittima innocente di un\u2019auto che invase la sua corsia all\u2019improvviso senza lasciargli il tempo&hellip;<\/p>\n","protected":false},"author":4,"featured_media":322950,"comment_status":"closed","ping_status":"closed","sticky":false,"template":"","format":"standard","meta":{"_monsterinsights_skip_tracking":false,"_monsterinsights_sitenote_active":false,"_monsterinsights_sitenote_note":"","_monsterinsights_sitenote_category":0,"footnotes":""},"categories":[104,49,142],"tags":[],"class_list":["post-322949","post","type-post","status-publish","format-standard","has-post-thumbnail","hentry","category-evidenza_3","category-news-18","category-rassegna-stampa","category-104","category-49","category-142","description-off"],"img_url":"https:\/\/www.radiopiu.net\/wordpress\/wp-content\/uploads\/2023\/02\/Senza-nome-53.jpg","_links":{"self":[{"href":"https:\/\/www.radiopiu.net\/wordpress\/wp-json\/wp\/v2\/posts\/322949","targetHints":{"allow":["GET"]}}],"collection":[{"href":"https:\/\/www.radiopiu.net\/wordpress\/wp-json\/wp\/v2\/posts"}],"about":[{"href":"https:\/\/www.radiopiu.net\/wordpress\/wp-json\/wp\/v2\/types\/post"}],"author":[{"embeddable":true,"href":"https:\/\/www.radiopiu.net\/wordpress\/wp-json\/wp\/v2\/users\/4"}],"replies":[{"embeddable":true,"href":"https:\/\/www.radiopiu.net\/wordpress\/wp-json\/wp\/v2\/comments?post=322949"}],"version-history":[{"count":0,"href":"https:\/\/www.radiopiu.net\/wordpress\/wp-json\/wp\/v2\/posts\/322949\/revisions"}],"wp:featuredmedia":[{"embeddable":true,"href":"https:\/\/www.radiopiu.net\/wordpress\/wp-json\/wp\/v2\/media\/322950"}],"wp:attachment":[{"href":"https:\/\/www.radiopiu.net\/wordpress\/wp-json\/wp\/v2\/media?parent=322949"}],"wp:term":[{"taxonomy":"category","embeddable":true,"href":"https:\/\/www.radiopiu.net\/wordpress\/wp-json\/wp\/v2\/categories?post=322949"},{"taxonomy":"post_tag","embeddable":true,"href":"https:\/\/www.radiopiu.net\/wordpress\/wp-json\/wp\/v2\/tags?post=322949"}],"curies":[{"name":"wp","href":"https:\/\/api.w.org\/{rel}","templated":true}]}}