{"id":323032,"date":"2023-02-20T18:44:50","date_gmt":"2023-02-20T17:44:50","guid":{"rendered":"https:\/\/www.radiopiu.net\/wordpress\/?p=323032"},"modified":"2023-02-21T05:49:45","modified_gmt":"2023-02-21T04:49:45","slug":"nasce-a-voltago-il-gruppo-auser-sot-lagner","status":"publish","type":"post","link":"https:\/\/www.radiopiu.net\/wordpress\/nasce-a-voltago-il-gruppo-auser-sot-lagner\/","title":{"rendered":"NASCE A VOLTAGO IL GRUPPO AUSER \u201cSOT L\u2019AGNER\u201d"},"content":{"rendered":"<p><strong><a class=\"dt-pswp-item\" href=\"https:\/\/www.radiopiu.net\/wordpress\/wp-content\/uploads\/2023\/02\/b8d0945a-2152-492a-9495-3eeec11e3dc2.jpg\" data-dt-img-description=\"\" data-large_image_width=\"1024\" data-large_image_height=\"768\"><img loading=\"lazy\" decoding=\"async\" class=\" wp-image-323033 alignleft\" src=\"https:\/\/www.radiopiu.net\/wordpress\/wp-content\/uploads\/2023\/02\/b8d0945a-2152-492a-9495-3eeec11e3dc2-300x225.jpg\" alt=\"\" width=\"191\" height=\"143\" srcset=\"https:\/\/www.radiopiu.net\/wordpress\/wp-content\/uploads\/2023\/02\/b8d0945a-2152-492a-9495-3eeec11e3dc2-300x225.jpg 300w, https:\/\/www.radiopiu.net\/wordpress\/wp-content\/uploads\/2023\/02\/b8d0945a-2152-492a-9495-3eeec11e3dc2-768x576.jpg 768w, https:\/\/www.radiopiu.net\/wordpress\/wp-content\/uploads\/2023\/02\/b8d0945a-2152-492a-9495-3eeec11e3dc2.jpg 1024w\" sizes=\"auto, (max-width: 191px) 100vw, 191px\" \/><\/a>VOLTAGO <\/strong>Sabato 18 febbraio nella gremita sala polifunzionale \u201cGianni De Col\u201d di Voltago Agordino ha preso ufficialmente vita il Gruppo Auser \u201cSot l\u2019Agn\u00e8r\u201d. Alla presenza del Sindaco Giuseppe Schena, dei vertici dell\u2019Auser Provinciale di Belluno, guidati dal Presidente Eldo Candeago, di una delegazione del Circolo Auser \u201cEl Broi\u201d di Agordo, con a capo il Presidente Arnoldo Pauletti, e del Presidente del Circolo Auser \u201cCol Bel\u201d di Tiser, Valter Todesco, \u00e8 stato infatti presentato formalmente il sodalizio, che si propone di agire da \u201csede distaccata\u201d del Circolo Auser \u201cEl Broi\u201d, occupandosi delle attivit\u00e0 Auser nel territorio del Comune di Voltago Agordino. Il Gruppo, nato nel dicembre 2022 su proposta dell\u2019Amministrazione Comunale, nelle persone dei Consiglieri di maggioranza Michela Da Ronch e Viki Riva, conta gi\u00e0 pi\u00f9 di 50 tesserati tra i quali circa una decina di volontari e far\u00e0 riferimento alla sede centrale di Agordo, ma sar\u00e0 comunque autonomo nell\u2019organizzazione di iniziative e attivit\u00e0 per i propri soci.<\/p>\n<p>&nbsp;<\/p>\n<p>&nbsp;<\/p>\n<p>******<\/p>\n","protected":false},"excerpt":{"rendered":"<p>VOLTAGO Sabato 18 febbraio nella gremita sala polifunzionale \u201cGianni De Col\u201d di Voltago Agordino ha preso ufficialmente vita il Gruppo Auser \u201cSot l\u2019Agn\u00e8r\u201d. Alla presenza del Sindaco Giuseppe Schena, dei vertici dell\u2019Auser Provinciale di Belluno, guidati dal Presidente Eldo Candeago, di una delegazione del Circolo Auser \u201cEl Broi\u201d di Agordo, con a capo il Presidente&hellip;<\/p>\n","protected":false},"author":4,"featured_media":323033,"comment_status":"closed","ping_status":"closed","sticky":false,"template":"","format":"standard","meta":{"_monsterinsights_skip_tracking":false,"_monsterinsights_sitenote_active":false,"_monsterinsights_sitenote_note":"","_monsterinsights_sitenote_category":0,"footnotes":""},"categories":[104,49],"tags":[],"class_list":["post-323032","post","type-post","status-publish","format-standard","has-post-thumbnail","hentry","category-evidenza_3","category-news-18","category-104","category-49","description-off"],"img_url":"https:\/\/www.radiopiu.net\/wordpress\/wp-content\/uploads\/2023\/02\/b8d0945a-2152-492a-9495-3eeec11e3dc2.jpg","_links":{"self":[{"href":"https:\/\/www.radiopiu.net\/wordpress\/wp-json\/wp\/v2\/posts\/323032","targetHints":{"allow":["GET"]}}],"collection":[{"href":"https:\/\/www.radiopiu.net\/wordpress\/wp-json\/wp\/v2\/posts"}],"about":[{"href":"https:\/\/www.radiopiu.net\/wordpress\/wp-json\/wp\/v2\/types\/post"}],"author":[{"embeddable":true,"href":"https:\/\/www.radiopiu.net\/wordpress\/wp-json\/wp\/v2\/users\/4"}],"replies":[{"embeddable":true,"href":"https:\/\/www.radiopiu.net\/wordpress\/wp-json\/wp\/v2\/comments?post=323032"}],"version-history":[{"count":0,"href":"https:\/\/www.radiopiu.net\/wordpress\/wp-json\/wp\/v2\/posts\/323032\/revisions"}],"wp:featuredmedia":[{"embeddable":true,"href":"https:\/\/www.radiopiu.net\/wordpress\/wp-json\/wp\/v2\/media\/323033"}],"wp:attachment":[{"href":"https:\/\/www.radiopiu.net\/wordpress\/wp-json\/wp\/v2\/media?parent=323032"}],"wp:term":[{"taxonomy":"category","embeddable":true,"href":"https:\/\/www.radiopiu.net\/wordpress\/wp-json\/wp\/v2\/categories?post=323032"},{"taxonomy":"post_tag","embeddable":true,"href":"https:\/\/www.radiopiu.net\/wordpress\/wp-json\/wp\/v2\/tags?post=323032"}],"curies":[{"name":"wp","href":"https:\/\/api.w.org\/{rel}","templated":true}]}}