{"id":323036,"date":"2023-02-20T19:39:31","date_gmt":"2023-02-20T18:39:31","guid":{"rendered":"https:\/\/www.radiopiu.net\/wordpress\/?p=323036"},"modified":"2023-02-20T19:39:31","modified_gmt":"2023-02-20T18:39:31","slug":"27-febbraio-giornata-del-ricordo","status":"publish","type":"post","link":"https:\/\/www.radiopiu.net\/wordpress\/27-febbraio-giornata-del-ricordo\/","title":{"rendered":"27 FEBBRAIO, GIORNATA DEL RICORDO"},"content":{"rendered":"<p><strong><a class=\"dt-pswp-item\" href=\"https:\/\/www.radiopiu.net\/wordpress\/wp-content\/uploads\/2023\/02\/SCR-20230220-r90.png\" data-dt-img-description=\"\" data-large_image_width=\"1370\" data-large_image_height=\"986\"><img loading=\"lazy\" decoding=\"async\" class=\" wp-image-323038 alignleft\" src=\"https:\/\/www.radiopiu.net\/wordpress\/wp-content\/uploads\/2023\/02\/SCR-20230220-r90-300x216.png\" alt=\"\" width=\"207\" height=\"149\" srcset=\"https:\/\/www.radiopiu.net\/wordpress\/wp-content\/uploads\/2023\/02\/SCR-20230220-r90-300x216.png 300w, https:\/\/www.radiopiu.net\/wordpress\/wp-content\/uploads\/2023\/02\/SCR-20230220-r90-1024x737.png 1024w, https:\/\/www.radiopiu.net\/wordpress\/wp-content\/uploads\/2023\/02\/SCR-20230220-r90-768x553.png 768w, https:\/\/www.radiopiu.net\/wordpress\/wp-content\/uploads\/2023\/02\/SCR-20230220-r90.png 1370w\" sizes=\"auto, (max-width: 207px) 100vw, 207px\" \/><\/a>BELLUNO<\/strong> Una serata dedicata al ricordo del dramma delle foibe: l&#8217;appuntamento \u00e8 a Belluno per luned\u00ec 27, e tra i relatori interverr\u00e0 anche Roberto Menia, senatore che quasi 20 anni fa promosse la legge che istitu\u00ec il Giorno del Ricordo.<\/p>\n<p><strong>di Daniele Dalvit<\/strong><\/p>\n<audio class=\"wp-audio-shortcode\" id=\"audio-323036-1\" preload=\"none\" style=\"width: 100%;\" controls=\"controls\"><source type=\"audio\/mpeg\" src=\"https:\/\/www.radiopiu.net\/wordpress\/wp-content\/uploads\/2023\/02\/DALVIT-GIORNATA-DEL-RICORDO.mp3?_=1\" \/><a href=\"https:\/\/www.radiopiu.net\/wordpress\/wp-content\/uploads\/2023\/02\/DALVIT-GIORNATA-DEL-RICORDO.mp3\">https:\/\/www.radiopiu.net\/wordpress\/wp-content\/uploads\/2023\/02\/DALVIT-GIORNATA-DEL-RICORDO.mp3<\/a><\/audio>\n<p>&nbsp;<\/p>\n<p><strong>L&#8217;ASSESSORE ALLA CULTURA DEL COMUNE DI BELLUNO RAFFAELE ADDAMIANO<\/strong><\/p>\n<p><iframe loading=\"lazy\" title=\"Addamiano su 27 febbraio\" width=\"1200\" height=\"675\" src=\"https:\/\/www.youtube.com\/embed\/sTD6cf0OKVs?feature=oembed\" frameborder=\"0\" allow=\"accelerometer; autoplay; clipboard-write; encrypted-media; gyroscope; picture-in-picture; web-share\" allowfullscreen><\/iframe><\/p>\n<p>&nbsp;<\/p>\n<p>&nbsp;<\/p>\n<p>&nbsp;<\/p>\n<p>******<\/p>\n","protected":false},"excerpt":{"rendered":"<p>BELLUNO Una serata dedicata al ricordo del dramma delle foibe: l&#8217;appuntamento \u00e8 a Belluno per luned\u00ec 27, e tra i relatori interverr\u00e0 anche Roberto Menia, senatore che quasi 20 anni fa promosse la legge che istitu\u00ec il Giorno del Ricordo. di Daniele Dalvit &nbsp; L&#8217;ASSESSORE ALLA CULTURA DEL COMUNE DI BELLUNO RAFFAELE ADDAMIANO &nbsp; &nbsp;&hellip;<\/p>\n","protected":false},"author":4,"featured_media":323038,"comment_status":"closed","ping_status":"closed","sticky":false,"template":"","format":"standard","meta":{"_monsterinsights_skip_tracking":false,"_monsterinsights_sitenote_active":false,"_monsterinsights_sitenote_note":"","_monsterinsights_sitenote_category":0,"footnotes":""},"categories":[49],"tags":[],"class_list":["post-323036","post","type-post","status-publish","format-standard","has-post-thumbnail","hentry","category-news-18","category-49","description-off"],"img_url":"https:\/\/www.radiopiu.net\/wordpress\/wp-content\/uploads\/2023\/02\/SCR-20230220-r90.png","_links":{"self":[{"href":"https:\/\/www.radiopiu.net\/wordpress\/wp-json\/wp\/v2\/posts\/323036","targetHints":{"allow":["GET"]}}],"collection":[{"href":"https:\/\/www.radiopiu.net\/wordpress\/wp-json\/wp\/v2\/posts"}],"about":[{"href":"https:\/\/www.radiopiu.net\/wordpress\/wp-json\/wp\/v2\/types\/post"}],"author":[{"embeddable":true,"href":"https:\/\/www.radiopiu.net\/wordpress\/wp-json\/wp\/v2\/users\/4"}],"replies":[{"embeddable":true,"href":"https:\/\/www.radiopiu.net\/wordpress\/wp-json\/wp\/v2\/comments?post=323036"}],"version-history":[{"count":0,"href":"https:\/\/www.radiopiu.net\/wordpress\/wp-json\/wp\/v2\/posts\/323036\/revisions"}],"wp:featuredmedia":[{"embeddable":true,"href":"https:\/\/www.radiopiu.net\/wordpress\/wp-json\/wp\/v2\/media\/323038"}],"wp:attachment":[{"href":"https:\/\/www.radiopiu.net\/wordpress\/wp-json\/wp\/v2\/media?parent=323036"}],"wp:term":[{"taxonomy":"category","embeddable":true,"href":"https:\/\/www.radiopiu.net\/wordpress\/wp-json\/wp\/v2\/categories?post=323036"},{"taxonomy":"post_tag","embeddable":true,"href":"https:\/\/www.radiopiu.net\/wordpress\/wp-json\/wp\/v2\/tags?post=323036"}],"curies":[{"name":"wp","href":"https:\/\/api.w.org\/{rel}","templated":true}]}}