{"id":323059,"date":"2023-02-22T05:38:32","date_gmt":"2023-02-22T04:38:32","guid":{"rendered":"https:\/\/www.radiopiu.net\/wordpress\/?p=323059"},"modified":"2023-02-22T19:10:46","modified_gmt":"2023-02-22T18:10:46","slug":"giornale-radiopiu-22-febbraio-2023-direttore-mirko-mezzacasa-verso-i-40-anni-25-giugno-1983-25-giugno-2023","status":"publish","type":"post","link":"https:\/\/www.radiopiu.net\/wordpress\/giornale-radiopiu-22-febbraio-2023-direttore-mirko-mezzacasa-verso-i-40-anni-25-giugno-1983-25-giugno-2023\/","title":{"rendered":"GIORNALE RADIOPIU 22 FEBBRAIO 2023 DIRETTORE MIRKO MEZZACASA&#8230;verso i 40 anni 25 giugno 1983-25 giugno 2023"},"content":{"rendered":"<h3 class=\"kvgmc6g5 cxmmr5t8 oygrvhab hcukyx3x c1et5uql\"><span style=\"color: #0000ff;\"><strong>RADIO PIU INFORMAZIONE il canale su TELEGRAM informazione di prima\u00a0 <\/strong><strong>mano e in tempo reale. iscriviti ed aiutaci a farlo conoscere\u00a0 \u00a0\u00a0<\/strong><\/span><\/h3>\n<p>&nbsp;<\/p>\n<p><strong>IL PONTE DI CARNEVALE TANTO ATTESO, SCIARE NELL&#8217;AGORDINO: GIORNATE DI SUCCESSO<\/strong><\/p>\n<p>foto Mario De Marco.<\/p>\n<p><a class=\"dt-pswp-item\" href=\"https:\/\/www.radiopiu.net\/wordpress\/wp-content\/uploads\/2023\/02\/5e335f5a-ac38-4459-897a-201eca2477a4.jpg\" data-dt-img-description=\"\" data-large_image_width=\"1984\" data-large_image_height=\"1488\"><img loading=\"lazy\" decoding=\"async\" class=\"size-medium wp-image-323150 aligncenter\" src=\"https:\/\/www.radiopiu.net\/wordpress\/wp-content\/uploads\/2023\/02\/5e335f5a-ac38-4459-897a-201eca2477a4-300x225.jpg\" alt=\"\" width=\"300\" height=\"225\" srcset=\"https:\/\/www.radiopiu.net\/wordpress\/wp-content\/uploads\/2023\/02\/5e335f5a-ac38-4459-897a-201eca2477a4-300x225.jpg 300w, https:\/\/www.radiopiu.net\/wordpress\/wp-content\/uploads\/2023\/02\/5e335f5a-ac38-4459-897a-201eca2477a4-1024x768.jpg 1024w, https:\/\/www.radiopiu.net\/wordpress\/wp-content\/uploads\/2023\/02\/5e335f5a-ac38-4459-897a-201eca2477a4-768x576.jpg 768w, https:\/\/www.radiopiu.net\/wordpress\/wp-content\/uploads\/2023\/02\/5e335f5a-ac38-4459-897a-201eca2477a4-1536x1152.jpg 1536w, https:\/\/www.radiopiu.net\/wordpress\/wp-content\/uploads\/2023\/02\/5e335f5a-ac38-4459-897a-201eca2477a4.jpg 1984w\" sizes=\"auto, (max-width: 300px) 100vw, 300px\" \/><\/a><\/p>\n<p>&nbsp;<\/p>\n<h2 style=\"text-align: left;\"><span style=\"color: #ff0000;\">ISCRIVITI AL NOSTRO CANALE YOUTUBE PER SEGUIRE IN DIRETTA I PRINCIPALI PROGRAMMI DI RADIO PIU&#8217; E LE FUTURE DIRETTE IN ESTERNA. PER ISCRIVERTI <a style=\"color: #ff0000;\" href=\"https:\/\/youtube.com\/@radiopiu1527\">CLICCA QUI<\/a> E PREMI IL TASTO &#8220;Iscriviti&#8221;\u00a0\u00a0<\/span><\/h2>\n<p>&nbsp;<\/p>\n<hr \/>\n<p>&nbsp;<\/p>\n<blockquote>\n<h3>IL CORDOGLIO DEL COMITATO D&#8217;INTESA E CSV PER LA SCOMPARSA DI BICE GALLO MENEGUS<\/h3>\n<\/blockquote>\n<p><strong><a class=\"dt-pswp-item\" href=\"https:\/\/www.radiopiu.net\/wordpress\/wp-content\/uploads\/2023\/02\/Bice-scaled.jpg\" data-dt-img-description=\"\" data-large_image_width=\"1920\" data-large_image_height=\"2560\"><img loading=\"lazy\" decoding=\"async\" class=\" wp-image-323224 alignleft\" src=\"https:\/\/www.radiopiu.net\/wordpress\/wp-content\/uploads\/2023\/02\/Bice-225x300.jpg\" alt=\"\" width=\"125\" height=\"167\" srcset=\"https:\/\/www.radiopiu.net\/wordpress\/wp-content\/uploads\/2023\/02\/Bice-225x300.jpg 225w, https:\/\/www.radiopiu.net\/wordpress\/wp-content\/uploads\/2023\/02\/Bice-768x1024.jpg 768w, https:\/\/www.radiopiu.net\/wordpress\/wp-content\/uploads\/2023\/02\/Bice-1152x1536.jpg 1152w, https:\/\/www.radiopiu.net\/wordpress\/wp-content\/uploads\/2023\/02\/Bice-1536x2048.jpg 1536w, https:\/\/www.radiopiu.net\/wordpress\/wp-content\/uploads\/2023\/02\/Bice-scaled.jpg 1920w\" sizes=\"auto, (max-width: 125px) 100vw, 125px\" \/><\/a>BELLUNO<\/strong> Comitato d\u2019Intesa e Csv Belluno Treviso si dicono addolorati per la scomparsa di Bice Gallo Menegus, edicolante di professione e appassionata volontaria. \u00c8 stata nel direttivo del Comitato d\u2019Intesa, gi\u00e0 ente gestore dell\u2019allora Csv Belluno, in qualit\u00e0 di consigliere, a partire dal 2009 con la presidenza di Giorgio Zampieri per il mandato successivo. In tale ruolo Bice si \u00e8 sempre distinta per la sua caparbiet\u00e0 e per il buon senso in tutte le situazioni e nei momenti decisionali. Donna appassionata, forte, determinata &#8211; e purtroppo sfortunata per alcune circostanze della sua vita &#8211; inoltre si \u00e8 distinta in particolare come referente per la Federazione contro la fibrosi cistica (Fcc) e nell\u2019Associazione bellunese per la Tutela dei diritti del malato, Onlus di cui \u00e8 stata anche presidente. Quest\u2019ultima Associazione dal 2001 era attiva in campo sociale e sanitario, affrontando anche impegni delicati come l\u2019assistenza nel caso di danni subiti a seguito di errore medico o di diritti violati nell\u2019ambito di strutture pubbliche e private oppure fornendo aiuti al cittadino per pratiche burocratiche come ticket, rimborsi, spese mediche e pratiche di riconoscimento di invalidit\u00e0 civile. L\u2019associazione era stata da poco chiusa per la difficolt\u00e0 di trovare un ricambio ma proprio Bice aveva cercato con forza per tempo un necessario rinnovo, credendo fermamente nella necessit\u00e0 di fornire risposte agli utenti che si rivolgevano al sodalizio. Nel 2019 aveva perso il figlio Marco Menegus Tamburin, malato di fibrosi cistici e grande appassionato di montagna. (FOTO: mondoffc.it)<\/p>\n<p>&nbsp;<\/p>\n<hr \/>\n<p>&nbsp;<\/p>\n<blockquote>\n<h3>IN CADORE BRUCIA LA STERPAGLIA<\/h3>\n<\/blockquote>\n<p><strong>SAN PIETRO DI CADORE<\/strong> I vigili del fuoco hanno evitato il peggio ieri pomeriggio a Valle. Il rogo si \u00e8 sviluppato in via Del Popolo. Fortunatamente l&#8217;incendio \u00e8 stato subito circoscritto all&#8217;area della sterpaglia. Per i rilievi di rito sono giunti nella frazione del territorio comunale di San Pietro anche i carabinieri forestali. Una settimana fa la Regione ha dichiarato lo stato di grave pericolosit\u00e0 per gli incendi per i territori comunali a rischio in provincia.<\/p>\n<p>&nbsp;<\/p>\n<hr \/>\n<p>&nbsp;<\/p>\n<blockquote>\n<h3>DISPOSTA\u00a0 L&#8217;AUTOPSIA PER ZANDERIGO MACCARINO<\/h3>\n<\/blockquote>\n<p><strong>COMELICO\u00a0<\/strong> Ancora nessuna data per il funerale di\u00a0 di Gildo Zanderigo Maccarino, si attendono i risultati\u00a0 dell&#8217;autopsia, gi\u00e0 programmata all&#8217;ospedale di Treviso, dove il settantenne di Casamazzagno, colpito da malore domenica mattina \u00e8 morto\u00a0 dopo il ricovero con l&#8217;elicottero.<\/p>\n<p>&nbsp;<\/p>\n<hr \/>\n<p>&nbsp;<\/p>\n<blockquote>\n<h3>CON L&#8217;AUTO CONTRO LA GAZZELLA DEI CARABINIERI, DONNA IN RIANIMAZIONE<\/h3>\n<\/blockquote>\n<p><strong><img loading=\"lazy\" decoding=\"async\" class=\"alignleft\" src=\"https:\/\/www.radiopiu.net\/wordpress\/wp-content\/uploads\/2021\/10\/police-3394767__480.jpg\" width=\"172\" height=\"115\" \/>COMELICO<\/strong> Una donna \u00e8 ricoverata in rianimazione all&#8217;ospedale di Belluno, non sarebbe in pericolo di vita. E&#8217; stata soccorsa a San Nicolo&#8217; dopo l&#8217;incidente, era alla guida dell&#8217;auto che domenica notte si \u00e8 schiantata contro la Gazzella dei Carabinieri. Feriti lievemente anche i due carabinieri di pattuglia. L&#8217;incidente\u00a0 poco prima delle 23 di domenica lungo la statale Carnica, nei pressi delle segherie Doriguzzi. Sul posto i vigili del fuoco di Santo Stefano di Cadore e la Polizia Stradale.<\/p>\n<p>&nbsp;<\/p>\n<p>&nbsp;<\/p>\n<hr \/>\n<p>&nbsp;<\/p>\n<blockquote>\n<h3>INCENDIO ALLA DOLOMAVY DI BORGO VALBELLUNA, SOLIDARIETA&#8217; DI CONFARTIGIANATO<\/h3>\n<\/blockquote>\n<p><strong><a class=\"dt-pswp-item\" href=\"https:\/\/www.radiopiu.net\/wordpress\/wp-content\/uploads\/2022\/07\/CONFARTIGIANATO.png\" data-dt-img-description=\"\" data-large_image_width=\"1001\" data-large_image_height=\"431\"><img loading=\"lazy\" decoding=\"async\" class=\" wp-image-288229 alignleft\" src=\"https:\/\/www.radiopiu.net\/wordpress\/wp-content\/uploads\/2022\/07\/CONFARTIGIANATO-300x129.png\" alt=\"\" width=\"149\" height=\"64\" srcset=\"https:\/\/www.radiopiu.net\/wordpress\/wp-content\/uploads\/2022\/07\/CONFARTIGIANATO-300x129.png 300w, https:\/\/www.radiopiu.net\/wordpress\/wp-content\/uploads\/2022\/07\/CONFARTIGIANATO-768x331.png 768w, https:\/\/www.radiopiu.net\/wordpress\/wp-content\/uploads\/2022\/07\/CONFARTIGIANATO.png 1001w\" sizes=\"auto, (max-width: 149px) 100vw, 149px\" \/><\/a>BELLUNO <\/strong>\u00abIl terribile incendio che ha interessato la Dolomavy ci ha colpito profondamente. Le fiamme hanno distrutto una struttura, ma non hanno intaccato lo spirito e la capacit\u00e0 di fare di Delfino e Mavi, che dal 1991 sono nostri associati. A loro, e ai tre dipendenti, va tutta la nostra solidariet\u00e0. L\u2019associazione fa squadra attorno a chi \u00e8 colpito cos\u00ec duramente da un disastro ed \u00e8 a disposizione per qualsiasi aiuto possa servire\u00bb. Cos\u00ec la presidente di Confartigianato Belluno Claudia Scarzanella, in una nota relativa all\u2019incendio alla Dolomavy, azienda artigiana di Borgo Valbelluna che fa assemblaggio di piccoli elettrodomestici.<\/p>\n<p>&nbsp;<\/p>\n<hr \/>\n<p>&nbsp;<\/p>\n<blockquote>\n<h3>LUXOTTICA INTERESSATA ALLA FARMACIA FAVRETTI IN CENTRO AD AGORDO<\/h3>\n<\/blockquote>\n<p><strong><img loading=\"lazy\" decoding=\"async\" class=\"alignleft\" src=\"https:\/\/www.radiopiu.net\/wordpress\/wp-content\/uploads\/2021\/03\/4-1.jpg\" width=\"182\" height=\"137\" \/>AGORDO<\/strong> Il colosso dell&#8217;occhiale verso l&#8217;acquisizione della storica farmacia fondata dal dottor\u00a0 Luigi\u00a0 Favretti nel 1885, poi gestita da Gino e quindi Giorgio Favretti mancato nel 2021. Oggi la Farmacia \u00e8 nelle mani della figlia Anna. L&#8217;operazione Favretti-Luxottica \u00e8 in corso, gi\u00e0 fatto un primo atto notarlle, L&#8217;operazione acquisto\u00a0 sar\u00e0 terminata entro l&#8217;estate, entro il semestre del 2023 sar\u00e0 chiusa e riaperta sempre in Piazza della Libert\u00e0, nessuna intenzione di spostare la storica sede, tantomeno per l&#8217;Azienda di entrare nel mondo delle Farmacie. A tutto tondo: oltre all&#8217;investimento, un&#8217;operazione nell&#8217;ambito dell&#8217;welfare aziendale a favore dei dipendenti.<\/p>\n<p>&nbsp;<\/p>\n<hr \/>\n<p>&nbsp;<\/p>\n<blockquote>\n<h3>ONE SIGHT NELLA CAPITALE CON LA COMUNITA&#8217; DI SANT&#8217;EGIDIO<\/h3>\n<\/blockquote>\n<blockquote><p><em>Dieci citt\u00e0 in dieci mesi, visita gratuita per 8000 persone, a novembre anche a Belluno<\/em><\/p><\/blockquote>\n<p><strong><a class=\"dt-pswp-item\" href=\"https:\/\/www.radiopiu.net\/wordpress\/wp-content\/uploads\/2023\/02\/2._Giornate-della-Vista-Roma-21-febbraio-2023-1.jpeg\" data-dt-img-description=\"\" data-large_image_width=\"1435\" data-large_image_height=\"963\"><img loading=\"lazy\" decoding=\"async\" class=\"size-medium wp-image-323142 alignleft\" src=\"https:\/\/www.radiopiu.net\/wordpress\/wp-content\/uploads\/2023\/02\/2._Giornate-della-Vista-Roma-21-febbraio-2023-1-300x201.jpeg\" alt=\"\" width=\"300\" height=\"201\" srcset=\"https:\/\/www.radiopiu.net\/wordpress\/wp-content\/uploads\/2023\/02\/2._Giornate-della-Vista-Roma-21-febbraio-2023-1-300x201.jpeg 300w, https:\/\/www.radiopiu.net\/wordpress\/wp-content\/uploads\/2023\/02\/2._Giornate-della-Vista-Roma-21-febbraio-2023-1-1024x687.jpeg 1024w, https:\/\/www.radiopiu.net\/wordpress\/wp-content\/uploads\/2023\/02\/2._Giornate-della-Vista-Roma-21-febbraio-2023-1-768x515.jpeg 768w, https:\/\/www.radiopiu.net\/wordpress\/wp-content\/uploads\/2023\/02\/2._Giornate-della-Vista-Roma-21-febbraio-2023-1.jpeg 1435w\" sizes=\"auto, (max-width: 300px) 100vw, 300px\" \/><\/a>ROMA<\/strong> In corso fino al 4 marzo la prima tappa dell\u2019anno delle \u201cGiornate della Vista\u201d, il progetto della Fondazione OneSight EssilorLuxottica Italia che si pone l&#8217;obiettivo di offrire un accesso sostenibile alle visite oculistiche, iniziativa promossa con il patrocinio della Camera dei Deputati e del Ministero del Lavoro. La Fondazione si occuper\u00e0 di effettuare visite oculistiche per persone vulnerabili a titolo gratuito, donando occhiali da vista a chi ne avesse bisogno, oltre 800 persone saranno visitate dal team di medici oculisti e ortottisti coordinati dal Dottor Schiano Lomoriello della Fondazione Bietti. Subito dopo la visita medica, gli ottici di GrandVision e Salmoiraghi &amp; Vigan\u00f2 <a class=\"dt-pswp-item\" href=\"https:\/\/www.radiopiu.net\/wordpress\/wp-content\/uploads\/2023\/02\/1.-Giornate-della-Vista-Roma-21-febbraio-2023-1.png\" data-dt-img-description=\"\" data-large_image_width=\"2212\" data-large_image_height=\"1659\"><img loading=\"lazy\" decoding=\"async\" class=\"size-medium wp-image-323141 alignright\" src=\"https:\/\/www.radiopiu.net\/wordpress\/wp-content\/uploads\/2023\/02\/1.-Giornate-della-Vista-Roma-21-febbraio-2023-1-300x225.png\" alt=\"\" width=\"300\" height=\"225\" srcset=\"https:\/\/www.radiopiu.net\/wordpress\/wp-content\/uploads\/2023\/02\/1.-Giornate-della-Vista-Roma-21-febbraio-2023-1-300x225.png 300w, https:\/\/www.radiopiu.net\/wordpress\/wp-content\/uploads\/2023\/02\/1.-Giornate-della-Vista-Roma-21-febbraio-2023-1-1024x768.png 1024w, https:\/\/www.radiopiu.net\/wordpress\/wp-content\/uploads\/2023\/02\/1.-Giornate-della-Vista-Roma-21-febbraio-2023-1-768x576.png 768w, https:\/\/www.radiopiu.net\/wordpress\/wp-content\/uploads\/2023\/02\/1.-Giornate-della-Vista-Roma-21-febbraio-2023-1-1536x1152.png 1536w, https:\/\/www.radiopiu.net\/wordpress\/wp-content\/uploads\/2023\/02\/1.-Giornate-della-Vista-Roma-21-febbraio-2023-1-2048x1536.png 2048w\" sizes=\"auto, (max-width: 300px) 100vw, 300px\" \/><\/a>individueranno la migliore soluzione visiva in base alla prescrizione. La Fondazione OneSight EssilorLuxottica opera in tutto il mondo, dal 2013 con il sostegno di Governi, ONG e una vasta rete partner, la Fondazione ha dato accesso permanente all&#8217;assistenza oculistica a mezzo miliardo di persone e ha fornito occhiali a oltre 58 milioni di individui nelle aree e nelle comunit\u00e0 svantaggiate del pianeta. Prossime tappe a\u00a0 Napoli, Bari, Pescara, Torino, Genova, Catania, Milano, Belluno (13-24 novembre) e Firenze. Con dieci citt\u00e0 in dieci mesi, le \u201cGiornate della Vista\u201d della Fondazione garantiranno a circa 8.000 persone accesso a una assistenza oculistica adeguata alle loro necessita. \u201c<em>Ci auguriamo &#8211; commenta <strong>Leonardo Maria Del Vecchio<\/strong>, <strong>Presidente della Fondazione OneSight EssilorLuxottica Italia &#8211; <\/strong>\u00a0che le Giornate della Vista in Italia possano continuare a crescere e aiutare tutti a sensibilizzare quante pi\u00f9 persone possibile sull\u2019importanza della cura della vista, offrendo una risposta immediata, gratuita e concreta a chi ha bisogno. Anche nel nostro Paese si pu\u00f2 fare molto per favorire l\u2019accesso alle cure oculistiche e l\u2019inclusione sociale per le persone nel bisogno. Ancora oggi sono 2,7 i miliardi di persone nel mondo con difetti visivi non corretti, nonostante le molteplici soluzioni in grado di risolvere l\u201980% di tutti i problemi legati alla vista. Solo attraverso un approccio innovativo orientato alla collaborazione con istituzioni, medici oculisti ed associazioni, possiamo creare un circolo virtuoso, per estendere la portata degli interventi e massimizzare il nostro impatto sociale<\/em>\u201d.<\/p>\n<p>FOTO\u00a0 Al centro da sinistra verso destra: il Presidente della Fondazione OneSight EssilorLuxottica Italia, Leonardo Maria Del Vecchio e il Presidente della Camera dei Deputati, Lorenzo Fontana.<\/p>\n<p>&nbsp;<\/p>\n<hr \/>\n<p>&nbsp;<\/p>\n<p>&nbsp;<\/p>\n<p><strong><a class=\"dt-pswp-item\" href=\"https:\/\/www.radiopiu.net\/wordpress\/wp-content\/uploads\/2023\/02\/Senza-nome-55.jpg\" data-dt-img-description=\"\" data-large_image_width=\"198\" data-large_image_height=\"163\"><img loading=\"lazy\" decoding=\"async\" class=\"wp-image-323254 alignleft\" src=\"https:\/\/www.radiopiu.net\/wordpress\/wp-content\/uploads\/2023\/02\/Senza-nome-55.jpg\" alt=\"\" width=\"147\" height=\"121\" \/><\/a>IL LUTTO<\/strong><\/p>\n<p><strong>FELTRE<\/strong> Luned\u00ec, a\u00a0 90 anni, se n&#8217;\u00e8 andato Giovanni Tandura e domani alle 14,30 nella chiesa di Santa Maria degli Angeli sar\u00e0 celebrato il funerale. Una figura, quella di Tandura, che ha rappresentato con il suo negozio\u00a0 di elettrodomestici per tanti anni un riferimento per generazioni di feltrini.<\/p>\n<p>&nbsp;<\/p>\n<p>&nbsp;<\/p>\n<hr \/>\n<p>&nbsp;<\/p>\n<blockquote>\n<h3>NUOVO PIAZZALE SUL NEVEGAL. L&#8217;ARCHITETTO &#8220;IL PRINCIPIO DELLA RIGENERAZIONE URBANA RIEQUILIBRANDO I SISTEMI&#8221;<\/h3>\n<\/blockquote>\n<p><strong>BELLUNO<\/strong><\/p>\n<p><strong>DI DANIELE DALVIT<\/strong><\/p>\n<audio class=\"wp-audio-shortcode\" id=\"audio-323059-1\" preload=\"none\" style=\"width: 100%;\" controls=\"controls\"><source type=\"audio\/mpeg\" src=\"https:\/\/www.radiopiu.net\/wordpress\/wp-content\/uploads\/2023\/02\/nevegal-dal-vit.mp3?_=1\" \/><a href=\"https:\/\/www.radiopiu.net\/wordpress\/wp-content\/uploads\/2023\/02\/nevegal-dal-vit.mp3\">https:\/\/www.radiopiu.net\/wordpress\/wp-content\/uploads\/2023\/02\/nevegal-dal-vit.mp3<\/a><\/audio>\n<p>&nbsp;<\/p>\n\n\t\t\t<style type='text\/css'>\n\t\t\t\t#gallery-1 {\n\t\t\t\t\tmargin: auto;\n\t\t\t\t}\n\t\t\t\t#gallery-1 .gallery-item {\n\t\t\t\t\tfloat: left;\n\t\t\t\t\tmargin-top: 10px;\n\t\t\t\t\ttext-align: center;\n\t\t\t\t\twidth: 50%;\n\t\t\t\t}\n\t\t\t\t#gallery-1 img {\n\t\t\t\t\tborder: 2px solid #cfcfcf;\n\t\t\t\t}\n\t\t\t\t#gallery-1 .gallery-caption {\n\t\t\t\t\tmargin-left: 0;\n\t\t\t\t}\n\t\t\t\t\/* see gallery_shortcode() in wp-includes\/media.php *\/\n\t\t\t<\/style>\n\t\t<div id='gallery-1' class='dt-gallery-container gallery galleryid-323059 gallery-columns-2 gallery-size-medium'><dl class='gallery-item'>\n\t\t\t\t<dt class='gallery-icon landscape'>\n\t\t\t\t\t<a class=\"rollover rollover-zoom dt-pswp-item\" title=\"3f08a252-74bd-4ba9-8db8-84523f4a8717\" data-dt-img-description=\"\" data-large_image_width=\"1600\" data-large_image_height=\"900\"href='https:\/\/www.radiopiu.net\/wordpress\/wp-content\/uploads\/2023\/02\/3f08a252-74bd-4ba9-8db8-84523f4a8717.jpg'><img loading=\"lazy\" decoding=\"async\" width=\"300\" height=\"169\" src=\"https:\/\/www.radiopiu.net\/wordpress\/wp-content\/uploads\/2023\/02\/3f08a252-74bd-4ba9-8db8-84523f4a8717-300x169.jpg\" class=\"attachment-medium size-medium\" alt=\"\" srcset=\"https:\/\/www.radiopiu.net\/wordpress\/wp-content\/uploads\/2023\/02\/3f08a252-74bd-4ba9-8db8-84523f4a8717-300x169.jpg 300w, https:\/\/www.radiopiu.net\/wordpress\/wp-content\/uploads\/2023\/02\/3f08a252-74bd-4ba9-8db8-84523f4a8717-1024x576.jpg 1024w, https:\/\/www.radiopiu.net\/wordpress\/wp-content\/uploads\/2023\/02\/3f08a252-74bd-4ba9-8db8-84523f4a8717-768x432.jpg 768w, https:\/\/www.radiopiu.net\/wordpress\/wp-content\/uploads\/2023\/02\/3f08a252-74bd-4ba9-8db8-84523f4a8717-1536x864.jpg 1536w, https:\/\/www.radiopiu.net\/wordpress\/wp-content\/uploads\/2023\/02\/3f08a252-74bd-4ba9-8db8-84523f4a8717.jpg 1600w\" sizes=\"auto, (max-width: 300px) 100vw, 300px\" \/><\/a>\n\t\t\t\t<\/dt><\/dl><dl class='gallery-item'>\n\t\t\t\t<dt class='gallery-icon landscape'>\n\t\t\t\t\t<a class=\"rollover rollover-zoom dt-pswp-item\" title=\"a50114be-ac64-4bcd-a469-59353060af12\" data-dt-img-description=\"\" data-large_image_width=\"1600\" data-large_image_height=\"1600\"href='https:\/\/www.radiopiu.net\/wordpress\/wp-content\/uploads\/2023\/02\/a50114be-ac64-4bcd-a469-59353060af12.jpg'><img loading=\"lazy\" decoding=\"async\" width=\"300\" height=\"300\" src=\"https:\/\/www.radiopiu.net\/wordpress\/wp-content\/uploads\/2023\/02\/a50114be-ac64-4bcd-a469-59353060af12-300x300.jpg\" class=\"attachment-medium size-medium\" alt=\"\" srcset=\"https:\/\/www.radiopiu.net\/wordpress\/wp-content\/uploads\/2023\/02\/a50114be-ac64-4bcd-a469-59353060af12-300x300.jpg 300w, https:\/\/www.radiopiu.net\/wordpress\/wp-content\/uploads\/2023\/02\/a50114be-ac64-4bcd-a469-59353060af12-1024x1024.jpg 1024w, https:\/\/www.radiopiu.net\/wordpress\/wp-content\/uploads\/2023\/02\/a50114be-ac64-4bcd-a469-59353060af12-150x150.jpg 150w, https:\/\/www.radiopiu.net\/wordpress\/wp-content\/uploads\/2023\/02\/a50114be-ac64-4bcd-a469-59353060af12-768x768.jpg 768w, https:\/\/www.radiopiu.net\/wordpress\/wp-content\/uploads\/2023\/02\/a50114be-ac64-4bcd-a469-59353060af12-1536x1536.jpg 1536w, https:\/\/www.radiopiu.net\/wordpress\/wp-content\/uploads\/2023\/02\/a50114be-ac64-4bcd-a469-59353060af12.jpg 1600w\" sizes=\"auto, (max-width: 300px) 100vw, 300px\" \/><\/a>\n\t\t\t\t<\/dt><\/dl><br style=\"clear: both\" \/>\n\t\t\t<\/div>\n\n<p>&nbsp;<\/p>\n<p>&nbsp;<\/p>\n<p>&nbsp;<\/p>\n<hr \/>\n<p>&nbsp;<\/p>\n<blockquote>\n<h3>VENETO DA RECORD, CON PIL A 4,2%, EXPORT +17,5%, ASSUNZIONI IN CRESCITA DEL 14%<\/h3>\n<\/blockquote>\n<p><strong><a class=\"dt-pswp-item\" href=\"https:\/\/www.radiopiu.net\/wordpress\/wp-content\/uploads\/2022\/11\/ZAIA.jpg\" data-dt-img-description=\"\" data-large_image_width=\"1024\" data-large_image_height=\"761\"><img loading=\"lazy\" decoding=\"async\" class=\" wp-image-306973 alignleft\" src=\"https:\/\/www.radiopiu.net\/wordpress\/wp-content\/uploads\/2022\/11\/ZAIA-300x223.jpg\" alt=\"\" width=\"179\" height=\"133\" srcset=\"https:\/\/www.radiopiu.net\/wordpress\/wp-content\/uploads\/2022\/11\/ZAIA-300x223.jpg 300w, https:\/\/www.radiopiu.net\/wordpress\/wp-content\/uploads\/2022\/11\/ZAIA-768x571.jpg 768w, https:\/\/www.radiopiu.net\/wordpress\/wp-content\/uploads\/2022\/11\/ZAIA.jpg 1024w\" sizes=\"auto, (max-width: 179px) 100vw, 179px\" \/><\/a>VENEZIA <\/strong>\u201cSono cifre molto significative, che non vedevamo da tempo. Il Veneto ha espresso nell\u2019anno trascorso indici di crescita davvero importanti. Dietro questi numeri ci sono gli sforzi di imprenditori, artigiani, professionisti, lavoratori e aziende. \u00c8 un sistema che, al fianco delle istituzioni, ha permesso al nostro territorio di confermarsi nel 2022 una delle realt\u00e0 a maggior crescita d\u2019Europa\u201d, dichiara il presidente della Regione Veneto Luca Zaia, commentando i dati riportati nell\u2019ultimo bollettino socio-economico regionale, che fotografa i principali indicatori di congiuntura maggiormente rappresentativi della situazione veneta. \u201cAncora una volta &#8211; prosegue il Governatore &#8211; il Veneto dimostra di essere un territorio resiliente e capace di reagire con vigore ad una congiuntura delicata, solcata da una pandemia ormai in fase conclusiva, da una guerra e dall\u2019incertezza legata all\u2019approvvigionamento di materie prime e al rialzo dei prezzi. I dati del bollettino socio-economico sanciscono un andamento positivo e migliore delle aspettative dell\u2019autunno\u201d. Le stime relative all\u2019andamento economico complessivo del 2022 vedono: + 4,2% del PIL, contro il +3,9% nazionale. Una crescita dei consumi delle famiglie del +6,2% e degli investimenti fissi lordi del +11,2% nel 2022. A fine dicembre, nel sistema produttivo veneto si contano 424.991 imprese attive, che costituiscono l\u20198,3% della base imprenditoriale nazionale. In leggero calo il contesto demografico: al 31 dicembre 2021; secondo i dati dell\u2019ultimo Censimento permanente di Istat, la popolazione del Veneto ammonta a 4.847.745 persone, lo 0,5% in meno rispetto al 2020, continuando un declino che perdura dal 2014. Rispetto al 2020 si osserva un lieve aumento delle nascite (+0,4%) e una diminuzione dei decessi (-6,7%).<\/p>\n<p>&nbsp;<\/p>\n<p>&nbsp;<\/p>\n<hr \/>\n<p>&nbsp;<\/p>\n<blockquote>\n<h3>APPROVATA LA GRADUATORIA DEL BANDO PNRR PER EDILIZIA SCOLASTICA<\/h3>\n<\/blockquote>\n<p><strong><a class=\"dt-pswp-item\" href=\"https:\/\/www.radiopiu.net\/wordpress\/wp-content\/uploads\/2021\/08\/soldi-banche.jpg\" data-dt-img-description=\"\" data-large_image_width=\"800\" data-large_image_height=\"566\"><img loading=\"lazy\" decoding=\"async\" class=\" wp-image-228818 alignleft\" src=\"https:\/\/www.radiopiu.net\/wordpress\/wp-content\/uploads\/2021\/08\/soldi-banche-300x212.jpg\" alt=\"\" width=\"157\" height=\"111\" srcset=\"https:\/\/www.radiopiu.net\/wordpress\/wp-content\/uploads\/2021\/08\/soldi-banche-300x212.jpg 300w, https:\/\/www.radiopiu.net\/wordpress\/wp-content\/uploads\/2021\/08\/soldi-banche-768x543.jpg 768w, https:\/\/www.radiopiu.net\/wordpress\/wp-content\/uploads\/2021\/08\/soldi-banche.jpg 800w\" sizes=\"auto, (max-width: 157px) 100vw, 157px\" \/><\/a>VENEZIA <\/strong>\u201cLa programmazione dell\u2019edilizia scolastica \u00e8 uno dei punti di forza dell\u2019operato della regione del Veneto. Da anni siamo rigorosi nell\u2019attuazione dei piani con l\u2019obiettivo di garantire a tutti gli studenti veneti di poter studiare in spazi adatti all\u2019apprendimento e sicuri. In questo caso, grazie ai fondi del PNNR, sono oltre 76 milioni di euro le risorse che il Ministero dell\u2019istruzione metter\u00e0 a disposizione delle scuole in tutto il territorio regionale grazie sulla base delle graduatorie del bando approvato\u201d. Cos\u00ec Luca Zaia, Presidente della regione del Veneto annuncia l\u2019approvazione della graduatoria degli interventi ammissibili da trasmettere al MIM per il finanziamento con la seconda tranche di risorse destinate alla Missione 4 &#8220;Istruzione e ricerca&#8221; &#8211; Componente 1 \u201cPotenziamento dell\u2019offerta dei servizi di istruzione: dagli asili nido alle Universit\u00e0\u201d &#8211; Investimento 3.3 del PNRR. Il bando, in conformit\u00e0 alle istruzioni del Ministero dell&#8217;istruzione e del merito, ha stabilito i criteri per la formazione di un secondo piano regionale di interventi di edilizia scolastica da finanziare con ulteriori risorse pari a 76.085.987,20 euro destinate alla citata linea di finanziamento del PNRR.<\/p>\n<p>&nbsp;<\/p>\n<p>&nbsp;<\/p>\n<hr \/>\n<p>&nbsp;<\/p>\n<blockquote>\n<h3>DOLOMITI BELLUNESI A CASA SANREMO, UN&#8217;OPERAZIONE CHE HA PERMESSO DI FAR CONOSCERE IL TERRITORIO<\/h3>\n<\/blockquote>\n<p><strong><a class=\"dt-pswp-item\" href=\"https:\/\/www.radiopiu.net\/wordpress\/wp-content\/uploads\/2023\/02\/b3316c23-5543-43e2-81bb-56b8c3b258a6.jpg\" data-dt-img-description=\"\" data-large_image_width=\"1691\" data-large_image_height=\"1125\"><img loading=\"lazy\" decoding=\"async\" class=\" wp-image-323188 alignleft\" src=\"https:\/\/www.radiopiu.net\/wordpress\/wp-content\/uploads\/2023\/02\/b3316c23-5543-43e2-81bb-56b8c3b258a6-300x200.jpg\" alt=\"\" width=\"212\" height=\"141\" srcset=\"https:\/\/www.radiopiu.net\/wordpress\/wp-content\/uploads\/2023\/02\/b3316c23-5543-43e2-81bb-56b8c3b258a6-300x200.jpg 300w, https:\/\/www.radiopiu.net\/wordpress\/wp-content\/uploads\/2023\/02\/b3316c23-5543-43e2-81bb-56b8c3b258a6-1024x681.jpg 1024w, https:\/\/www.radiopiu.net\/wordpress\/wp-content\/uploads\/2023\/02\/b3316c23-5543-43e2-81bb-56b8c3b258a6-768x511.jpg 768w, https:\/\/www.radiopiu.net\/wordpress\/wp-content\/uploads\/2023\/02\/b3316c23-5543-43e2-81bb-56b8c3b258a6-1536x1022.jpg 1536w, https:\/\/www.radiopiu.net\/wordpress\/wp-content\/uploads\/2023\/02\/b3316c23-5543-43e2-81bb-56b8c3b258a6.jpg 1691w\" sizes=\"auto, (max-width: 212px) 100vw, 212px\" \/><\/a>BELLUNO<\/strong><\/p>\n<p>DI BARBARA PAOLAZZI &#8211; RADIO CLUB 103<\/p>\n<audio class=\"wp-audio-shortcode\" id=\"audio-323059-2\" preload=\"none\" style=\"width: 100%;\" controls=\"controls\"><source type=\"audio\/mpeg\" src=\"https:\/\/www.radiopiu.net\/wordpress\/wp-content\/uploads\/2023\/02\/BARBARA-PAOLAZZI-CASA-SANREMO.mp3?_=2\" \/><a href=\"https:\/\/www.radiopiu.net\/wordpress\/wp-content\/uploads\/2023\/02\/BARBARA-PAOLAZZI-CASA-SANREMO.mp3\">https:\/\/www.radiopiu.net\/wordpress\/wp-content\/uploads\/2023\/02\/BARBARA-PAOLAZZI-CASA-SANREMO.mp3<\/a><\/audio>\n<p>&nbsp;<\/p>\n<hr \/>\n<p>&nbsp;<\/p>\n<p><strong>di Tiziano De Col<\/strong><\/p>\n\n\t\t\t<style type='text\/css'>\n\t\t\t\t#gallery-2 {\n\t\t\t\t\tmargin: auto;\n\t\t\t\t}\n\t\t\t\t#gallery-2 .gallery-item {\n\t\t\t\t\tfloat: left;\n\t\t\t\t\tmargin-top: 10px;\n\t\t\t\t\ttext-align: center;\n\t\t\t\t\twidth: 20%;\n\t\t\t\t}\n\t\t\t\t#gallery-2 img {\n\t\t\t\t\tborder: 2px solid #cfcfcf;\n\t\t\t\t}\n\t\t\t\t#gallery-2 .gallery-caption {\n\t\t\t\t\tmargin-left: 0;\n\t\t\t\t}\n\t\t\t\t\/* see gallery_shortcode() in wp-includes\/media.php *\/\n\t\t\t<\/style>\n\t\t<div id='gallery-2' class='dt-gallery-container gallery galleryid-323059 gallery-columns-5 gallery-size-medium'><dl class='gallery-item'>\n\t\t\t\t<dt class='gallery-icon landscape'>\n\t\t\t\t\t<a class=\"rollover rollover-zoom dt-pswp-item\" title=\"64a16aeb-275f-4704-b14b-b964a892cc2a\" data-dt-img-description=\"\" data-large_image_width=\"590\" data-large_image_height=\"359\"href='https:\/\/www.radiopiu.net\/wordpress\/wp-content\/uploads\/2023\/02\/64a16aeb-275f-4704-b14b-b964a892cc2a.jpg'><img loading=\"lazy\" decoding=\"async\" width=\"300\" height=\"183\" src=\"https:\/\/www.radiopiu.net\/wordpress\/wp-content\/uploads\/2023\/02\/64a16aeb-275f-4704-b14b-b964a892cc2a-300x183.jpg\" class=\"attachment-medium size-medium\" alt=\"\" srcset=\"https:\/\/www.radiopiu.net\/wordpress\/wp-content\/uploads\/2023\/02\/64a16aeb-275f-4704-b14b-b964a892cc2a-300x183.jpg 300w, https:\/\/www.radiopiu.net\/wordpress\/wp-content\/uploads\/2023\/02\/64a16aeb-275f-4704-b14b-b964a892cc2a.jpg 590w\" sizes=\"auto, (max-width: 300px) 100vw, 300px\" \/><\/a>\n\t\t\t\t<\/dt><\/dl><dl class='gallery-item'>\n\t\t\t\t<dt class='gallery-icon landscape'>\n\t\t\t\t\t<a class=\"rollover rollover-zoom dt-pswp-item\" title=\"d8711d58-cd5e-4dbf-aa71-86292f4c0c1c\" data-dt-img-description=\"\" data-large_image_width=\"612\" data-large_image_height=\"358\"href='https:\/\/www.radiopiu.net\/wordpress\/wp-content\/uploads\/2023\/02\/d8711d58-cd5e-4dbf-aa71-86292f4c0c1c.jpg'><img loading=\"lazy\" decoding=\"async\" width=\"300\" height=\"175\" src=\"https:\/\/www.radiopiu.net\/wordpress\/wp-content\/uploads\/2023\/02\/d8711d58-cd5e-4dbf-aa71-86292f4c0c1c-300x175.jpg\" class=\"attachment-medium size-medium\" alt=\"\" srcset=\"https:\/\/www.radiopiu.net\/wordpress\/wp-content\/uploads\/2023\/02\/d8711d58-cd5e-4dbf-aa71-86292f4c0c1c-300x175.jpg 300w, https:\/\/www.radiopiu.net\/wordpress\/wp-content\/uploads\/2023\/02\/d8711d58-cd5e-4dbf-aa71-86292f4c0c1c.jpg 612w\" sizes=\"auto, (max-width: 300px) 100vw, 300px\" \/><\/a>\n\t\t\t\t<\/dt><\/dl><dl class='gallery-item'>\n\t\t\t\t<dt class='gallery-icon landscape'>\n\t\t\t\t\t<a class=\"rollover rollover-zoom dt-pswp-item\" title=\"a9446ff2-1791-42a8-9f0c-86f77a01da17\" data-dt-img-description=\"\" data-large_image_width=\"584\" data-large_image_height=\"363\"href='https:\/\/www.radiopiu.net\/wordpress\/wp-content\/uploads\/2023\/02\/a9446ff2-1791-42a8-9f0c-86f77a01da17.jpg'><img loading=\"lazy\" decoding=\"async\" width=\"300\" height=\"186\" src=\"https:\/\/www.radiopiu.net\/wordpress\/wp-content\/uploads\/2023\/02\/a9446ff2-1791-42a8-9f0c-86f77a01da17-300x186.jpg\" class=\"attachment-medium size-medium\" alt=\"\" srcset=\"https:\/\/www.radiopiu.net\/wordpress\/wp-content\/uploads\/2023\/02\/a9446ff2-1791-42a8-9f0c-86f77a01da17-300x186.jpg 300w, https:\/\/www.radiopiu.net\/wordpress\/wp-content\/uploads\/2023\/02\/a9446ff2-1791-42a8-9f0c-86f77a01da17.jpg 584w\" sizes=\"auto, (max-width: 300px) 100vw, 300px\" \/><\/a>\n\t\t\t\t<\/dt><\/dl><dl class='gallery-item'>\n\t\t\t\t<dt class='gallery-icon landscape'>\n\t\t\t\t\t<a class=\"rollover rollover-zoom dt-pswp-item\" title=\"a027a60b-2811-4ce5-8ceb-690e213bf465\" data-dt-img-description=\"\" data-large_image_width=\"606\" data-large_image_height=\"358\"href='https:\/\/www.radiopiu.net\/wordpress\/wp-content\/uploads\/2023\/02\/a027a60b-2811-4ce5-8ceb-690e213bf465.jpg'><img loading=\"lazy\" decoding=\"async\" width=\"300\" height=\"177\" src=\"https:\/\/www.radiopiu.net\/wordpress\/wp-content\/uploads\/2023\/02\/a027a60b-2811-4ce5-8ceb-690e213bf465-300x177.jpg\" class=\"attachment-medium size-medium\" alt=\"\" srcset=\"https:\/\/www.radiopiu.net\/wordpress\/wp-content\/uploads\/2023\/02\/a027a60b-2811-4ce5-8ceb-690e213bf465-300x177.jpg 300w, https:\/\/www.radiopiu.net\/wordpress\/wp-content\/uploads\/2023\/02\/a027a60b-2811-4ce5-8ceb-690e213bf465.jpg 606w\" sizes=\"auto, (max-width: 300px) 100vw, 300px\" \/><\/a>\n\t\t\t\t<\/dt><\/dl><dl class='gallery-item'>\n\t\t\t\t<dt class='gallery-icon landscape'>\n\t\t\t\t\t<a class=\"rollover rollover-zoom dt-pswp-item\" title=\"6232c672-7b91-41a3-bbfa-05ec99f58445\" data-dt-img-description=\"\" data-large_image_width=\"596\" data-large_image_height=\"359\"href='https:\/\/www.radiopiu.net\/wordpress\/wp-content\/uploads\/2023\/02\/6232c672-7b91-41a3-bbfa-05ec99f58445.jpg'><img loading=\"lazy\" decoding=\"async\" width=\"300\" height=\"181\" src=\"https:\/\/www.radiopiu.net\/wordpress\/wp-content\/uploads\/2023\/02\/6232c672-7b91-41a3-bbfa-05ec99f58445-300x181.jpg\" class=\"attachment-medium size-medium\" alt=\"\" srcset=\"https:\/\/www.radiopiu.net\/wordpress\/wp-content\/uploads\/2023\/02\/6232c672-7b91-41a3-bbfa-05ec99f58445-300x181.jpg 300w, https:\/\/www.radiopiu.net\/wordpress\/wp-content\/uploads\/2023\/02\/6232c672-7b91-41a3-bbfa-05ec99f58445.jpg 596w\" sizes=\"auto, (max-width: 300px) 100vw, 300px\" \/><\/a>\n\t\t\t\t<\/dt><\/dl><br style=\"clear: both\" \/>\n\t\t\t<\/div>\n\n<p>&nbsp;<\/p>\n<hr \/>\n<p>&nbsp;<\/p>\n<blockquote>\n<h3>IL CAMBIAMENTO CLIMATICO PROTAGONISTA DI &#8220;FRAMMENTI&#8221;<\/h3>\n<\/blockquote>\n<p><strong><a class=\"dt-pswp-item\" href=\"https:\/\/www.radiopiu.net\/wordpress\/wp-content\/uploads\/2023\/02\/da-sinistra-Ennio-Vigne-Parco-nazionale-Dolomiti-bellunesi-Franco-De-B...-Lasen-scaled.jpg\" data-dt-img-description=\"\" data-large_image_width=\"2560\" data-large_image_height=\"1920\"><img loading=\"lazy\" decoding=\"async\" class=\" wp-image-323179 alignleft\" src=\"https:\/\/www.radiopiu.net\/wordpress\/wp-content\/uploads\/2023\/02\/da-sinistra-Ennio-Vigne-Parco-nazionale-Dolomiti-bellunesi-Franco-De-B...-Lasen-300x225.jpg\" alt=\"\" width=\"171\" height=\"128\" srcset=\"https:\/\/www.radiopiu.net\/wordpress\/wp-content\/uploads\/2023\/02\/da-sinistra-Ennio-Vigne-Parco-nazionale-Dolomiti-bellunesi-Franco-De-B...-Lasen-300x225.jpg 300w, https:\/\/www.radiopiu.net\/wordpress\/wp-content\/uploads\/2023\/02\/da-sinistra-Ennio-Vigne-Parco-nazionale-Dolomiti-bellunesi-Franco-De-B...-Lasen-1024x768.jpg 1024w, https:\/\/www.radiopiu.net\/wordpress\/wp-content\/uploads\/2023\/02\/da-sinistra-Ennio-Vigne-Parco-nazionale-Dolomiti-bellunesi-Franco-De-B...-Lasen-768x576.jpg 768w, https:\/\/www.radiopiu.net\/wordpress\/wp-content\/uploads\/2023\/02\/da-sinistra-Ennio-Vigne-Parco-nazionale-Dolomiti-bellunesi-Franco-De-B...-Lasen-1536x1152.jpg 1536w, https:\/\/www.radiopiu.net\/wordpress\/wp-content\/uploads\/2023\/02\/da-sinistra-Ennio-Vigne-Parco-nazionale-Dolomiti-bellunesi-Franco-De-B...-Lasen-2048x1536.jpg 2048w\" sizes=\"auto, (max-width: 171px) 100vw, 171px\" \/><\/a>BELLUNO <\/strong>\u00c8 stato presentato in conferenza stampa il nuovo numero di \u201cFrammenti\u201d, la rivista edita dalla Provincia di Belluno, nata nel 2009 da un\u2019intuizione di Cesare Lasen, che ancora oggi \u00e8 il coordinatore scientifico. Per il 12\u00b0 anno, \u201cFrammenti\u201d si mostra molto vario quanto ad argomenti trattati (fauna vertebrata e invertebrata, vegetazione, ecologia, geologia e archeologia) e presenta contributi di taglio scientifico particolarmente avanzato, nonch\u00e9 un apparato iconografico notevole. Grande spazio \u00e8 dato agli effetti diretti e indiretti dei cambiamenti climatici e di uso del suolo. Il contributo che apre il numero, firmato da Lorenzo Bonometto, Riccardo Poloni e l\u2019eminente biologo Alessandro Minelli, tratta appunto delle conseguenze gi\u00e0 tangibili sugli invertebrati delle montagne bellunesi, con svariati esempi riguardanti, in particolare, le variazioni di distribuzione e le estinzioni locali di alcune specie di libellule e coleotteri.\u00a0 Juri Nascimbene e i suoi collaboratori illustrano, invece, i mutamenti che stanno interessando la composizione floristica delle praterie d\u2019alta quota e delle vallette nivali del Parco nazionale delle Dolomiti bellunesi, verificati grazie al ricampionamento di alcune aree che erano state esaminate tra il 1998 e il 2003. Si lega a questo filo conduttore anche l\u2019articolo di Davide Nardi, Valerio Finozzi e Andrea Battisti, riguardante gli aspetti ecologici dell\u2019epidemia di bostrico tipografo innescata dagli estesi schianti boschivi arrecati dalla tempesta Vaia, che fa riflettere sugli effetti a catena che gli eventi meteorologici estremi, oggi sempre pi\u00f9 frequenti, possono avviare negli ecosistemi e su come le dinamiche e gli equilibri che li caratterizzano saranno alterati dal progredire dei cambiamenti climatici.\u00a0 Il contributo di Alberto Scariot, Gabriele De Nadai ed Ernesto Riva pone invece l\u2019attenzione sugli effetti che pu\u00f2 avere il cambiamento dell\u2019uso del suolo sui prati montani: vengono riportati i primi risultati del \u201cProgetto pilota per la tutela della biodiversit\u00e0 dei prati a narciso\u201d sulla dorsale del Monte Garda, dai quali, fra l\u2019altro, appare evidente come la promozione di pratiche di gestione maggiormente vicine a quelle tradizionali sia in grado di apportare delle notevoli migliorie su questi ecosistemi. All\u2019interno della rivista vengono inoltre esposti gli esiti di uno studio \u2212 curato in particolare dai ricercatori del Muse di Trento sull\u2019araneofauna del Parco nazionale delle Dolomiti bellunesi, che ha permesso di ampliare notevolmente le conoscenze riguardanti questa componente: sono state individuate quattro nuove specie per il Veneto e ben 23 per la provincia di Belluno.\u00a0 Porta a colmare delle importanti lacune conoscitive anche il contributo di Marco Lozza, Giovanni Morao e Dino Scaravelli sulla distribuzione della lepre bianca in provincia, specie elusiva e della quale a oggi ci sono ancora relativamente pochi dati.<\/p>\n<p>&nbsp;<\/p>\n<p>&nbsp;<\/p>\n<hr \/>\n<p>&nbsp;<\/p>\n<blockquote>\n<h3>CARNEVALE A FELTRE 2023: BELLISSIMA RISPOSTA DA PARTE DELLE FAMIGLIE PER LE INIZIATIVE<\/h3>\n<\/blockquote>\n<p><strong><a class=\"dt-pswp-item\" href=\"https:\/\/www.radiopiu.net\/wordpress\/wp-content\/uploads\/2023\/02\/Carnevale-a-Feltre-2023-scaled.jpg\" data-dt-img-description=\"\" data-large_image_width=\"2560\" data-large_image_height=\"1440\"><img loading=\"lazy\" decoding=\"async\" class=\" wp-image-323200 alignleft\" src=\"https:\/\/www.radiopiu.net\/wordpress\/wp-content\/uploads\/2023\/02\/Carnevale-a-Feltre-2023-300x169.jpg\" alt=\"\" width=\"178\" height=\"100\" srcset=\"https:\/\/www.radiopiu.net\/wordpress\/wp-content\/uploads\/2023\/02\/Carnevale-a-Feltre-2023-300x169.jpg 300w, https:\/\/www.radiopiu.net\/wordpress\/wp-content\/uploads\/2023\/02\/Carnevale-a-Feltre-2023-1024x576.jpg 1024w, https:\/\/www.radiopiu.net\/wordpress\/wp-content\/uploads\/2023\/02\/Carnevale-a-Feltre-2023-768x432.jpg 768w, https:\/\/www.radiopiu.net\/wordpress\/wp-content\/uploads\/2023\/02\/Carnevale-a-Feltre-2023-1536x864.jpg 1536w, https:\/\/www.radiopiu.net\/wordpress\/wp-content\/uploads\/2023\/02\/Carnevale-a-Feltre-2023-2048x1152.jpg 2048w\" sizes=\"auto, (max-width: 178px) 100vw, 178px\" \/><\/a>FELTRE <\/strong>Un pomeriggio di sole con temperature abbastanza miti ha fatto da cornice al carnevale feltrino che, nel suo atto conclusivo e pi\u00f9 significativo, ha visto protagonisti per le vie del centro cittadino i pi\u00f9 piccoli, ma non solo. Molte infatti anche le famiglie che non hanno voluto mancare ad un appuntamento tradizionale della vita sociale e ricreativa della citt\u00e0, animata in vari punti da spettacoli, laboratori, balli di gruppo ed esibizioni di giocoleria. \u201cLa formula collaudata e il meteo favorevole hanno certamente favorito una partecipazione massiccia\u201d, commenta il vicesindaco e assessore alle Politiche Giovanili Claudio Dalla Palma. \u201cAvevamo pensato ad un evento a misura di bambini e di famiglie e l&#8217;adesione da parte loro ha dimostrato la bont\u00e0 della formula, pensata per offrire alcune ore di divertimento e di allegria in tranquillit\u00e0. La voglia di socialit\u00e0 \u00e8 molta, aggiunge Dalla Palma; il carnevale inaugura di fatto la stagione primaverile delle manifestazioni feltrine a cui stiamo lavorando in collaborazione con enti e associazioni e che ci auguriamo possa essere ricca di contenuti e soddisfazioni\u201d. Nell&#8217;ambito delle manifestazioni per il carnevale, si \u00e8 chiusa ieri anche la mostra \u201cVOLTI DI LEGNO\u201d, l&#8217;esposizione di maschere lignee allestita nei locali del Fondaco delle Biade, in via Mezzaterra, a cura dell&#8217;associazione l&#8217;\u201dArca dei Volti\u201d. La rassegna ha avuto nei 10 giorni di apertura quasi 800 visitatori, sottolineano i referenti dell&#8217;associazione.<\/p>\n<p>&nbsp;<\/p>\n<hr \/>\n<p>&nbsp;<\/p>\n<p>&nbsp;<\/p>\n<blockquote>\n<h3>ANCHE DA VILLA SAN GIUSEPPE GLI AUGURI AD ELSA<\/h3>\n<\/blockquote>\n<p><strong>LIVINALLONGO<\/strong> Auguri sinceri, di cuore, da tutto il personale di Villa San Giuseppe, ieri la protagonista era lei: Elsa De Vallier 102 anni! <em>&#8220;Uno spirito unico&#8221;<\/em> ci dicono da Arabba&#8230;ne siamo certi! Auguri Elsa!<\/p>\n\n\t\t\t<style type='text\/css'>\n\t\t\t\t#gallery-3 {\n\t\t\t\t\tmargin: auto;\n\t\t\t\t}\n\t\t\t\t#gallery-3 .gallery-item {\n\t\t\t\t\tfloat: left;\n\t\t\t\t\tmargin-top: 10px;\n\t\t\t\t\ttext-align: center;\n\t\t\t\t\twidth: 100%;\n\t\t\t\t}\n\t\t\t\t#gallery-3 img {\n\t\t\t\t\tborder: 2px solid #cfcfcf;\n\t\t\t\t}\n\t\t\t\t#gallery-3 .gallery-caption {\n\t\t\t\t\tmargin-left: 0;\n\t\t\t\t}\n\t\t\t\t\/* see gallery_shortcode() in wp-includes\/media.php *\/\n\t\t\t<\/style>\n\t\t<div id='gallery-3' class='dt-gallery-container gallery galleryid-323059 gallery-columns-1 gallery-size-medium'><dl class='gallery-item'>\n\t\t\t\t<dt class='gallery-icon portrait'>\n\t\t\t\t\t<a class=\"rollover rollover-zoom dt-pswp-item\" title=\"331922119_3401768760093241_1022119413037201697_n\" data-dt-img-description=\"\" data-large_image_width=\"302\" data-large_image_height=\"403\"href='https:\/\/www.radiopiu.net\/wordpress\/wp-content\/uploads\/2023\/02\/331922119_3401768760093241_1022119413037201697_n.jpg'><img loading=\"lazy\" decoding=\"async\" width=\"225\" height=\"300\" src=\"https:\/\/www.radiopiu.net\/wordpress\/wp-content\/uploads\/2023\/02\/331922119_3401768760093241_1022119413037201697_n-225x300.jpg\" class=\"attachment-medium size-medium\" alt=\"\" srcset=\"https:\/\/www.radiopiu.net\/wordpress\/wp-content\/uploads\/2023\/02\/331922119_3401768760093241_1022119413037201697_n-225x300.jpg 225w, https:\/\/www.radiopiu.net\/wordpress\/wp-content\/uploads\/2023\/02\/331922119_3401768760093241_1022119413037201697_n.jpg 302w\" sizes=\"auto, (max-width: 225px) 100vw, 225px\" \/><\/a>\n\t\t\t\t<\/dt><\/dl><br style=\"clear: both\" \/>\n\t\t\t<\/div>\n\n<hr \/>\n<p><strong>\u00a0<\/strong><\/p>\n<p><strong>\u00a0<\/strong><\/p>\n<p><strong>I 102 ANNI DI ANNA ZAVALLONI, LA FESTA AL POLIFUNZIONALE (asca) DI AGORDO\u00a0<\/strong><\/p>\n\n\t\t\t<style type='text\/css'>\n\t\t\t\t#gallery-4 {\n\t\t\t\t\tmargin: auto;\n\t\t\t\t}\n\t\t\t\t#gallery-4 .gallery-item {\n\t\t\t\t\tfloat: left;\n\t\t\t\t\tmargin-top: 10px;\n\t\t\t\t\ttext-align: center;\n\t\t\t\t\twidth: 50%;\n\t\t\t\t}\n\t\t\t\t#gallery-4 img {\n\t\t\t\t\tborder: 2px solid #cfcfcf;\n\t\t\t\t}\n\t\t\t\t#gallery-4 .gallery-caption {\n\t\t\t\t\tmargin-left: 0;\n\t\t\t\t}\n\t\t\t\t\/* see gallery_shortcode() in wp-includes\/media.php *\/\n\t\t\t<\/style>\n\t\t<div id='gallery-4' class='dt-gallery-container gallery galleryid-323059 gallery-columns-2 gallery-size-thumbnail'><dl class='gallery-item'>\n\t\t\t\t<dt class='gallery-icon landscape'>\n\t\t\t\t\t<a class=\"rollover rollover-zoom dt-pswp-item\" title=\"IMG20230220154822_BURST000_COVER\" data-dt-img-description=\"\" data-large_image_width=\"2560\" data-large_image_height=\"1920\"href='https:\/\/www.radiopiu.net\/wordpress\/wp-content\/uploads\/2023\/02\/IMG20230220154822_BURST000_COVER-1-scaled.jpg'><img loading=\"lazy\" decoding=\"async\" width=\"150\" height=\"150\" src=\"https:\/\/www.radiopiu.net\/wordpress\/wp-content\/uploads\/2023\/02\/IMG20230220154822_BURST000_COVER-1-150x150.jpg\" class=\"attachment-thumbnail size-thumbnail\" alt=\"\" \/><\/a>\n\t\t\t\t<\/dt><\/dl><dl class='gallery-item'>\n\t\t\t\t<dt class='gallery-icon landscape'>\n\t\t\t\t\t<a class=\"rollover rollover-zoom dt-pswp-item\" title=\"IMG20230220155041\" data-dt-img-description=\"\" data-large_image_width=\"2560\" data-large_image_height=\"1920\"href='https:\/\/www.radiopiu.net\/wordpress\/wp-content\/uploads\/2023\/02\/IMG20230220155041-1-scaled.jpg'><img loading=\"lazy\" decoding=\"async\" width=\"150\" height=\"150\" src=\"https:\/\/www.radiopiu.net\/wordpress\/wp-content\/uploads\/2023\/02\/IMG20230220155041-1-150x150.jpg\" class=\"attachment-thumbnail size-thumbnail\" alt=\"\" \/><\/a>\n\t\t\t\t<\/dt><\/dl><br style=\"clear: both\" \/>\n\t\t\t<\/div>\n\n<p>&nbsp;<\/p>\n<hr \/>\n<blockquote>\n<h3><\/h3>\n<h3>FESTEGGIATI I 100 ANNI DI GINEVRA ZAMPIERI<\/h3>\n<\/blockquote>\n<p><strong><a class=\"dt-pswp-item\" href=\"https:\/\/www.radiopiu.net\/wordpress\/wp-content\/uploads\/2023\/02\/Ginevra_Zampieri_100_anni.jpg\" data-dt-img-description=\"\" data-large_image_width=\"1591\" data-large_image_height=\"1193\"><img loading=\"lazy\" decoding=\"async\" class=\" wp-image-323173 alignleft\" src=\"https:\/\/www.radiopiu.net\/wordpress\/wp-content\/uploads\/2023\/02\/Ginevra_Zampieri_100_anni-300x225.jpg\" alt=\"\" width=\"167\" height=\"125\" srcset=\"https:\/\/www.radiopiu.net\/wordpress\/wp-content\/uploads\/2023\/02\/Ginevra_Zampieri_100_anni-300x225.jpg 300w, https:\/\/www.radiopiu.net\/wordpress\/wp-content\/uploads\/2023\/02\/Ginevra_Zampieri_100_anni-1024x768.jpg 1024w, https:\/\/www.radiopiu.net\/wordpress\/wp-content\/uploads\/2023\/02\/Ginevra_Zampieri_100_anni-768x576.jpg 768w, https:\/\/www.radiopiu.net\/wordpress\/wp-content\/uploads\/2023\/02\/Ginevra_Zampieri_100_anni-1536x1152.jpg 1536w, https:\/\/www.radiopiu.net\/wordpress\/wp-content\/uploads\/2023\/02\/Ginevra_Zampieri_100_anni.jpg 1591w\" sizes=\"auto, (max-width: 167px) 100vw, 167px\" \/><\/a>PONTE NELLE ALPI <\/strong>Circondata dall\u2019affetto dei suoi cari, degli ospiti, dei volontari e del personale della casa di riposo di Ponte nelle Alpi, Ginevra Zampieri ha festeggiato i 100 anni di vita. Nata a Canevoi il 21 febbraio 1923, ha lavorato a lungo nella torrefazione caff\u00e8 \u201cPortorico\u201d, fondata proprio dalla sua famiglia. Ora la storica e rinomata azienda \u00e8 gestita dal nipote Francesco, mentre nel 1951 Ginevra ha sposato Roero Bona, che ha portato avanti per molto tempo la Cooperativa del Lavoro di Ponte nelle Alpi.<span class=\"gmail-Apple-converted-space\"> All\u2019appuntamento erano presenti pure il sindaco Paolo Vendramini, il presidente della Fondazione \u201cCasa del Sole\u201d, Daniele Galantin e la direttrice della struttura socio-assistenziale Cinzia Pierobon.<\/span><\/p>\n<p>&nbsp;<\/p>\n<p>&nbsp;<\/p>\n<p>&nbsp;<\/p>\n<hr \/>\n<p>&nbsp;<\/p>\n<blockquote>\n<h2>IL CARNEVALE NEI CENTRI DIURNI DEL CADORE<\/h2>\n<\/blockquote>\n<div class=\"gmail-x11i5rnm gmail-xat24cr gmail-x1mh8g0r gmail-x1vvkbs gmail-xdj266r gmail-x126k92a\">\n<blockquote>\n<div dir=\"auto\"><span class=\"gmail-x3nfvp2 gmail-x1j61x8r gmail-x1fcty0u gmail-xdj266r gmail-xhhsvwb gmail-xat24cr gmail-xgzva0m gmail-xxymvpz gmail-xlup9mm gmail-x1kky2od\"><img loading=\"lazy\" decoding=\"async\" src=\"https:\/\/static.xx.fbcdn.net\/images\/emoji.php\/v9\/t25\/1.5\/16\/1f3bc.png\" alt=\"&#x1f3bc;\" width=\"16\" height=\"16\" \/><\/span><em>Siamo solo una nota ma insieme facciamo una bella melodia!<\/em><\/div>\n<\/blockquote>\n<\/div>\n<div class=\"gmail-x11i5rnm gmail-xat24cr gmail-x1mh8g0r gmail-x1vvkbs gmail-xtlvy1s gmail-x126k92a\">\n<div dir=\"auto\">Il CARNEVALE \u00e8 arrivato ai Centri diurni di Pieve di Cadore che, come da tradizione, festeggiano coinvolgendo tutta la comunit\u00e0 con una colorata allegria che porta inclusione. Al centro diurno \u201cLa Libellula\u201d ospiti e operatori si sono divertiti in questi giorni nella costruzione di queste coloratissime maschere che potranno essere ammirate anche nelle vetrine di alcuni negozi di Pieve di Cadore, Cortina, Lozzo, Costalta. <span class=\"gmail-x3nfvp2 gmail-x1j61x8r gmail-x1fcty0u gmail-xdj266r gmail-xhhsvwb gmail-xat24cr gmail-xgzva0m gmail-xxymvpz gmail-xlup9mm gmail-x1kky2od\">\u00a0Al centro diurno \u201cLa Clessidra\u201d il tema scelto \u00e8 stato la musica: ospiti e operatori hanno creato questi originali costumi da note che insieme compongono uno spartito musicale per ricordarci, nella festa del mondo sotto-sopra, che \u201csiamo solo una nota ma insieme facciamo una bella melodia\u201d.\u00a0<\/span><\/div>\n<div dir=\"auto\"><\/div>\n<\/div>\n<div class=\"gmail-x11i5rnm gmail-xat24cr gmail-x1mh8g0r gmail-x1vvkbs gmail-xtlvy1s gmail-x126k92a\">\n<div dir=\"auto\">\n\n\t\t\t<style type='text\/css'>\n\t\t\t\t#gallery-5 {\n\t\t\t\t\tmargin: auto;\n\t\t\t\t}\n\t\t\t\t#gallery-5 .gallery-item {\n\t\t\t\t\tfloat: left;\n\t\t\t\t\tmargin-top: 10px;\n\t\t\t\t\ttext-align: center;\n\t\t\t\t\twidth: 25%;\n\t\t\t\t}\n\t\t\t\t#gallery-5 img {\n\t\t\t\t\tborder: 2px solid #cfcfcf;\n\t\t\t\t}\n\t\t\t\t#gallery-5 .gallery-caption {\n\t\t\t\t\tmargin-left: 0;\n\t\t\t\t}\n\t\t\t\t\/* see gallery_shortcode() in wp-includes\/media.php *\/\n\t\t\t<\/style>\n\t\t<div id='gallery-5' class='dt-gallery-container gallery galleryid-323059 gallery-columns-4 gallery-size-thumbnail'><dl class='gallery-item'>\n\t\t\t\t<dt class='gallery-icon landscape'>\n\t\t\t\t\t<a class=\"rollover rollover-zoom dt-pswp-item\" title=\"1676971685426\" data-dt-img-description=\"\" data-large_image_width=\"1024\" data-large_image_height=\"810\"href='https:\/\/www.radiopiu.net\/wordpress\/wp-content\/uploads\/2023\/02\/1676971685426.jpg'><img loading=\"lazy\" decoding=\"async\" width=\"150\" height=\"150\" src=\"https:\/\/www.radiopiu.net\/wordpress\/wp-content\/uploads\/2023\/02\/1676971685426-150x150.jpg\" class=\"attachment-thumbnail size-thumbnail\" alt=\"\" \/><\/a>\n\t\t\t\t<\/dt><\/dl><dl class='gallery-item'>\n\t\t\t\t<dt class='gallery-icon portrait'>\n\t\t\t\t\t<a class=\"rollover rollover-zoom dt-pswp-item\" title=\"1676971685441\" data-dt-img-description=\"\" data-large_image_width=\"720\" data-large_image_height=\"1600\"href='https:\/\/www.radiopiu.net\/wordpress\/wp-content\/uploads\/2023\/02\/1676971685441.jpg'><img loading=\"lazy\" decoding=\"async\" width=\"150\" height=\"150\" src=\"https:\/\/www.radiopiu.net\/wordpress\/wp-content\/uploads\/2023\/02\/1676971685441-150x150.jpg\" class=\"attachment-thumbnail size-thumbnail\" alt=\"\" \/><\/a>\n\t\t\t\t<\/dt><\/dl><dl class='gallery-item'>\n\t\t\t\t<dt class='gallery-icon landscape'>\n\t\t\t\t\t<a class=\"rollover rollover-zoom dt-pswp-item\" title=\"1676971685437\" data-dt-img-description=\"\" data-large_image_width=\"1340\" data-large_image_height=\"908\"href='https:\/\/www.radiopiu.net\/wordpress\/wp-content\/uploads\/2023\/02\/1676971685437.jpg'><img loading=\"lazy\" decoding=\"async\" width=\"150\" height=\"150\" src=\"https:\/\/www.radiopiu.net\/wordpress\/wp-content\/uploads\/2023\/02\/1676971685437-150x150.jpg\" class=\"attachment-thumbnail size-thumbnail\" alt=\"\" \/><\/a>\n\t\t\t\t<\/dt><\/dl><dl class='gallery-item'>\n\t\t\t\t<dt class='gallery-icon landscape'>\n\t\t\t\t\t<a class=\"rollover rollover-zoom dt-pswp-item\" title=\"1676971685469\" data-dt-img-description=\"\" data-large_image_width=\"2560\" data-large_image_height=\"1441\"href='https:\/\/www.radiopiu.net\/wordpress\/wp-content\/uploads\/2023\/02\/1676971685469-scaled.jpg'><img loading=\"lazy\" decoding=\"async\" width=\"150\" height=\"150\" src=\"https:\/\/www.radiopiu.net\/wordpress\/wp-content\/uploads\/2023\/02\/1676971685469-150x150.jpg\" class=\"attachment-thumbnail size-thumbnail\" alt=\"\" \/><\/a>\n\t\t\t\t<\/dt><\/dl><br style=\"clear: both\" \/>\n\t\t\t<\/div>\n\n<p>&nbsp;<\/p>\n<hr \/>\n<p>&nbsp;<\/p>\n<blockquote>\n<h3>DILLO A RADIO PIU&#8217;&#8230;.&#8221;IO PROPORREI: A PAPA LUCIANI&#8221;<\/h3>\n<\/blockquote>\n<p><strong><img loading=\"lazy\" decoding=\"async\" class=\"alignleft\" src=\"https:\/\/www.radiopiu.net\/wordpress\/wp-content\/uploads\/2021\/07\/gallery_H05050102-300x300.png\" width=\"156\" height=\"156\" \/>REDAZIONE<\/strong> Riceviamo e volentieri pubblichiamo l&#8217;intervento di Alberto Curti a proposito della tanto attesa intitolazione dell&#8217;ospedale di Agordo, se ne parla da anni, decenni, a Papa Luciani.<\/p>\n<p>&nbsp;<\/p>\n<p>Scrivo a proposito dell&#8217;intitolazione dell&#8217;Ospedale di Agordo, al nostro Papa. L&#8217;idea \u00e8 ottima, senz&#8217;altro da condividere. E&#8217; inconcepibile il ritardo, perch\u00e9, a quanto ne so, se ne parla da anni. Tutti sembravano d&#8217;accordo, ma non se ne \u00e8 fatto finora nulla. Mi pare che l&#8217;idea sia di intitolare l&#8217;Ospedale di Agordo a &#8220;Giovanni Paolo I&#8221; Io proporrei invece di intitolarlo a &#8220;Papa Luciani&#8221;. Questo perch\u00e9 noi agordini sappiamo bene chi \u00e8 Giovanni Paolo I, ma tutti quelli che vengono da fuori senz&#8217;altro penserebbero a Papa Woytila (Giovanni Paolo II) molto pi\u00f9 conosciuto ovunque del nostro Luciani agordino. Se lo condivide, inviterei\u00a0 Radiopi\u00f9 di farsi sostenitrice-promotrice di questa proposta e di diffonderla perch\u00e9 sia conosciuta e condivisa da quanti pi\u00f9 cittadini possibile, e quindi sia portata all&#8217;attenzione di chi ha la possibilit\u00e0 e il potere di decidere in merito. Personalmente non immagino possano esserci obiezioni contrarie. In subordine, auspicherei un altro nominativo: Leonardo Del Vecchio. Per quest&#8217;altro illustrissimo personaggio agordino, sarebbe comunque da pensare a qualcosa di importante, quale l&#8217;intitolazione della Piazza centrale di Agordo, con una statua. Potrebbe essere bello.<\/p>\n<p>ALBERTO CURTI<\/p>\n<p>&nbsp;<\/p>\n<\/div>\n<\/div>\n<hr \/>\n<p>&nbsp;<\/p>\n<blockquote>\n<h3>DOMENICA L&#8217;ASSEMBLEA ANNUALE DEGLI ALPINI DI FELTRE<\/h3>\n<\/blockquote>\n<p><strong><a class=\"dt-pswp-item\" href=\"https:\/\/www.radiopiu.net\/wordpress\/wp-content\/uploads\/2022\/05\/alpini-647542_960_720.jpg\" data-dt-img-description=\"\" data-large_image_width=\"960\" data-large_image_height=\"640\"><img loading=\"lazy\" decoding=\"async\" class=\" wp-image-275532 alignleft\" src=\"https:\/\/www.radiopiu.net\/wordpress\/wp-content\/uploads\/2022\/05\/alpini-647542_960_720-300x200.jpg\" alt=\"\" width=\"150\" height=\"100\" srcset=\"https:\/\/www.radiopiu.net\/wordpress\/wp-content\/uploads\/2022\/05\/alpini-647542_960_720-300x200.jpg 300w, https:\/\/www.radiopiu.net\/wordpress\/wp-content\/uploads\/2022\/05\/alpini-647542_960_720-768x512.jpg 768w, https:\/\/www.radiopiu.net\/wordpress\/wp-content\/uploads\/2022\/05\/alpini-647542_960_720.jpg 960w\" sizes=\"auto, (max-width: 150px) 100vw, 150px\" \/><\/a>FELTRE<\/strong> Mentre ancora si sentono gli echi delle molteplici manifestazioni che hanno impegnato gli alpini di Feltre nel corso di tutto il 2022, per i festeggiamenti dell\u2019importante traguardo dei cent\u2019anni di vita della locale Sezione, domenica 26 febbraio si terr\u00e0 nell\u2019Auditorium delle Canossiane l\u2019annuale Assemblea dei delegati della Sezione A.N.A. di Feltre. Il programma prevede alle 8.30, nella cappella dell\u2019Istituto Canossiane, la S. Messa in onore ai Caduti di tutte le guerre, a cui faranno seguito, alle 9.30 nell\u2019Auditorium, i lavori dell\u2019Assemblea: verranno lette le relazioni sulle varie attivit\u00e0 svolte nell\u2019anno trascorso e al termine vi sar\u00e0 il voto di approvazione. Alle 12, dal piazzale della stazione si muover\u00e0 lo sfilamento che, lungo le vie imbandierate del centro cittadino, si porter\u00e0 presso il Monumento ai Caduti, per la resa gli onori. Coroner\u00e0 la giornata il pranzo sociale alla Birreria Pedavena. Gli Alpini di Feltre da sempre dedicano alla cultura la serata che precede l\u2019Assemblea annuale: quest\u2019anno la Sezione offrir\u00e0 un concerto della Fanfara Storica della Sezione A.N.A. di Vicenza \u201cMonte Pasubio\u201d, che intratterr\u00e0 i convenuti con l\u2019esecuzione di brani classici del loro repertorio. La Fanfara Storica, nata come progetto nel 2006, ha avuto il suo debutto con il reparto percussioni nel 2007 ad Arzignano. Via via negli anni successivi la Fanfara \u00e8 sempre cresciuta e si \u00e8 consolidata: oggi \u00e8 una garanzia di successo, grazie anche al suo spettacolare carosello di movimento.<\/p>\n<p>&nbsp;<\/p>\n<p>&nbsp;<\/p>\n<hr \/>\n<p>&nbsp;<\/p>\n<blockquote>\n<h3>UN CORSO PER DIVENTARE AMMINISTRATORE DI SOSTEGNO<\/h3>\n<\/blockquote>\n<p><strong>BELLUNO <\/strong>\u201cI diritti dei pi\u00f9 fragili. L\u2019Amministrazione di sostegno come risorsa\u201d. Questo il titolo del nuovo corso di formazione per diventare Amministratori di sostegno (Ads) che si terr\u00e0 dal 3 al 17 marzo a Belluno, presso la sala Palazzo Bembo in via Loreto 32, organizzato dal Servizio tutele legali e Amministrazione di sostegno del Comitato d\u2019Intesa. Esso si propone di offrire un percorso formativo per chi vuole candidarsi e prepararsi allo svolgimento di questo incarico di grande valore ed utilit\u00e0 sociale e civile. Il corso \u00e8 a numero chiuso e in presenza (max 50 persone), realizzato all\u2019interno della pluriennale esperienza del Comitato d\u2019Intesa nell\u2019ambito del progetto formativo delineato dalla Giunta Regionale del Veneto e in convenzione con il Consiglio dell\u2019ordine degli assistenti sociali del Veneto.\u00a0 Partner Ulss 1 Dolomiti, Tribunale di Belluno; collaborano Comitato Sindaci di Belluno e di Feltre e Csv Belluno Treviso. Per informazioni e prenotazioni: 0437 25775, segreteria@comitatodintesa.it.<\/p>\n<p>&nbsp;<\/p>\n<p>&nbsp;<\/p>\n<hr \/>\n<p>&nbsp;<\/p>\n<blockquote>\n<h3>UN CONCORSO PER REALIZZARE UNO SPOT CONTRO LE VIOLENZE SUI BAMBINI<\/h3>\n<\/blockquote>\n<p><strong class=\"photoswipe-wrapper\"><a class=\"dt-pswp-item pspw-wrap-ready\" href=\"https:\/\/www.radiopiu.net\/wordpress\/wp-content\/uploads\/2023\/02\/DAFNE.jpg\" data-dt-img-description=\"\" data-large_image_width=\"575\" data-large_image_height=\"278\"><img loading=\"lazy\" decoding=\"async\" class=\" wp-image-322979 alignleft\" src=\"https:\/\/www.radiopiu.net\/wordpress\/wp-content\/uploads\/2023\/02\/DAFNE-300x145.jpg\" sizes=\"auto, (max-width: 176px) 100vw, 176px\" srcset=\"https:\/\/www.radiopiu.net\/wordpress\/wp-content\/uploads\/2023\/02\/DAFNE-300x145.jpg 300w, https:\/\/www.radiopiu.net\/wordpress\/wp-content\/uploads\/2023\/02\/DAFNE.jpg 575w\" alt=\"\" width=\"176\" height=\"85\" \/><\/a>BELLUNO\u00a0<\/strong>Il 36% dei minori sono vittime di una qualche forma di violenza, molto bassa \u00e8 la percentuale dei reati segnalati. Le violenze avvengono per lo pi\u00f9 in famiglia, ma anche nei luoghi che quotidianamente i nostri figli frequentano, per mano di adulti o pari et\u00e0. Spesso sono gli insegnanti che percepiscono i segnali di disagio e sofferenza che ne scaturiscono: colgono i cambiamenti di umore, di comportamento, se non addirittura quei segni visibili che le violenze fisiche e i maltrattamenti lasciano in maniera evidente. I bambini pi\u00f9 sono piccoli meno capacit\u00e0 hanno di raccontare, non hanno parole per tradurre emozioni e sofferenze. I pi\u00f9 grandi non trovano il coraggio, non riescono a fidarsi per confidarsi. E come chiedere aiuto e a chi? In relazione a ci\u00f2 l\u2019Associazione Dafne indice un bando di concorso riservato ai ragazzi 12\/18 anni per la progettazione e realizzazione di uno spot, un manifesto, un breve video\u2026., per un messaggio di peer education sull\u2019uso dei numeri di PRONTO INTERVENTO 112 e 113<\/p>\n<p>&nbsp;<\/p>\n<p>&nbsp;<\/p>\n<hr \/>\n<p>&nbsp;<\/p>\n<blockquote>\n<h3>IL BANDO DI SERSA<\/h3>\n<\/blockquote>\n<p><strong>BELLUNO<\/strong> Ser.S.A. servizi Sociali Assistenziali ha indetti un bando per la costituzione di una graduatoria per l&#8217;assunzione a tempo determinato e indeterminato di un istruttore amministrativo, categoria C1 del CCNL Autonomie Locali.\u00a0 Il termine per la presentazione delle domande \u00e8 l&#8217; 11 MARZO 2023 alle 12. Informazioni 0437 273704 o www.sersa.it<\/p>\n<p>&nbsp;<\/p>\n<p>&nbsp;<\/p>\n<p>&nbsp;<\/p>\n<hr \/>\n<p>&nbsp;<\/p>\n<blockquote>\n<h3><strong>OPEN DAY AZZARDO, NEI SERD DELL&#8217;ULSS DOLOMITI<\/strong><\/h3>\n<\/blockquote>\n<p><strong>\u00a0BELLUNO <\/strong>I SerD del Dipartimento Dipendenze dell\u2019Ulss Dolomiti organizzano un open day per sabato 25 febbraio 2023 dalle 9.00 alle 12.00. Gli operatori saranno a disposizione nell\u2019orario indicato, senza appuntamento, per informazioni e consulenze sul tema nelle sedi Ser.D. di: <strong>Belluno <\/strong>via Sala 35, Cusighe <strong>Feltre <\/strong>ex casa di cura Bellati <strong>Agordo <\/strong>\u00a0ospedale)\u00a0 <strong>Auronzo <\/strong>Centro Sanitario Polifunzionale<\/p>\n<p>&nbsp;<\/p>\n<p>&nbsp;<\/p>\n<hr \/>\n<p>&nbsp;<\/p>\n<blockquote>\n<h3>NASCE A VOLTAGO IL GRUPPO AUSER \u201cSOT L\u2019AGNER\u201d<\/h3>\n<\/blockquote>\n<p><strong><a class=\"dt-pswp-item\" href=\"https:\/\/www.radiopiu.net\/wordpress\/wp-content\/uploads\/2023\/02\/b8d0945a-2152-492a-9495-3eeec11e3dc2.jpg\" data-dt-img-description=\"\" data-large_image_width=\"1024\" data-large_image_height=\"768\"><img loading=\"lazy\" decoding=\"async\" class=\" wp-image-323033 alignleft\" src=\"https:\/\/www.radiopiu.net\/wordpress\/wp-content\/uploads\/2023\/02\/b8d0945a-2152-492a-9495-3eeec11e3dc2-300x225.jpg\" alt=\"\" width=\"191\" height=\"143\" srcset=\"https:\/\/www.radiopiu.net\/wordpress\/wp-content\/uploads\/2023\/02\/b8d0945a-2152-492a-9495-3eeec11e3dc2-300x225.jpg 300w, https:\/\/www.radiopiu.net\/wordpress\/wp-content\/uploads\/2023\/02\/b8d0945a-2152-492a-9495-3eeec11e3dc2-768x576.jpg 768w, https:\/\/www.radiopiu.net\/wordpress\/wp-content\/uploads\/2023\/02\/b8d0945a-2152-492a-9495-3eeec11e3dc2.jpg 1024w\" sizes=\"auto, (max-width: 191px) 100vw, 191px\" \/><\/a>VOLTAGO <\/strong>Sabato 18 febbraio nella gremita sala polifunzionale \u201cGianni De Col\u201d di Voltago Agordino ha preso ufficialmente vita il Gruppo Auser \u201cSot l\u2019Agn\u00e8r\u201d. Alla presenza del Sindaco Giuseppe Schena, dei vertici dell\u2019Auser Provinciale di Belluno, guidati dal Presidente Eldo Candeago, di una delegazione del Circolo Auser \u201cEl Broi\u201d di Agordo, con a capo il Presidente Arnoldo Pauletti, e del Presidente del Circolo Auser \u201cCol Bel\u201d di Tiser, Valter Todesco, \u00e8 stato infatti presentato formalmente il sodalizio, che si propone di agire da \u201csede distaccata\u201d del Circolo Auser \u201cEl Broi\u201d, occupandosi delle attivit\u00e0 Auser nel territorio del Comune di Voltago Agordino. Il Gruppo, nato nel dicembre 2022 su proposta dell\u2019Amministrazione Comunale, nelle persone dei Consiglieri di maggioranza Michela Da Ronch e Viki Riva, conta gi\u00e0 pi\u00f9 di 50 tesserati tra i quali circa una decina di volontari e far\u00e0 riferimento alla sede centrale di Agordo, ma sar\u00e0 comunque autonomo nell\u2019organizzazione di iniziative e attivit\u00e0 per i propri soci.<\/p>\n<p><strong>di Gianni Santomaso<\/strong><\/p>\n<audio class=\"wp-audio-shortcode\" id=\"audio-323059-3\" preload=\"none\" style=\"width: 100%;\" controls=\"controls\"><source type=\"audio\/mpeg\" src=\"https:\/\/www.radiopiu.net\/wordpress\/wp-content\/uploads\/2023\/02\/GIANNI-NATA-LASSOCIAZIONE-AUSER-SOT-LAGNER.mp3?_=3\" \/><a href=\"https:\/\/www.radiopiu.net\/wordpress\/wp-content\/uploads\/2023\/02\/GIANNI-NATA-LASSOCIAZIONE-AUSER-SOT-LAGNER.mp3\">https:\/\/www.radiopiu.net\/wordpress\/wp-content\/uploads\/2023\/02\/GIANNI-NATA-LASSOCIAZIONE-AUSER-SOT-LAGNER.mp3<\/a><\/audio>\n<p>&nbsp;<\/p>\n<hr \/>\n<p>&nbsp;<\/p>\n<h2><span style=\"color: #ff0000;\">IERI ALLA RADIO<\/span><\/h2>\n<h3 class=\"entry-title\">DAL POLIAMBULATORIO DI AGORDO\u2026A COLLOQUIO CON L\u2019OCULISTA<\/h3>\n<p><strong class=\"photoswipe-wrapper\"><a class=\"dt-pswp-item pspw-wrap-ready\" href=\"https:\/\/www.radiopiu.net\/wordpress\/wp-content\/uploads\/2023\/02\/dd3747a7-c1bf-4983-87fe-cc69088a22af.jpg\" data-dt-img-description=\"\" data-large_image_width=\"1600\" data-large_image_height=\"900\"><img loading=\"lazy\" decoding=\"async\" class=\" wp-image-323110 alignleft\" src=\"https:\/\/www.radiopiu.net\/wordpress\/wp-content\/uploads\/2023\/02\/dd3747a7-c1bf-4983-87fe-cc69088a22af-300x169.jpg\" sizes=\"auto, (max-width: 234px) 100vw, 234px\" srcset=\"https:\/\/www.radiopiu.net\/wordpress\/wp-content\/uploads\/2023\/02\/dd3747a7-c1bf-4983-87fe-cc69088a22af-300x169.jpg 300w, https:\/\/www.radiopiu.net\/wordpress\/wp-content\/uploads\/2023\/02\/dd3747a7-c1bf-4983-87fe-cc69088a22af-1024x576.jpg 1024w, https:\/\/www.radiopiu.net\/wordpress\/wp-content\/uploads\/2023\/02\/dd3747a7-c1bf-4983-87fe-cc69088a22af-768x432.jpg 768w, https:\/\/www.radiopiu.net\/wordpress\/wp-content\/uploads\/2023\/02\/dd3747a7-c1bf-4983-87fe-cc69088a22af-1536x864.jpg 1536w, https:\/\/www.radiopiu.net\/wordpress\/wp-content\/uploads\/2023\/02\/dd3747a7-c1bf-4983-87fe-cc69088a22af.jpg 1600w\" alt=\"\" width=\"234\" height=\"132\" \/><\/a>REDAZIONE\u00a0 Al\u00a0<\/strong>Polimabulatorio Agordino con il dottor Riccardo Monsellato. I problemi con la vista, l\u2019importanza dei controlli mentre la popolazione \u00e8 sempre pi\u00f9 miope. A breve al Poliambulatorio in localit\u00e0 Valcozzena la novit\u00e0: lo strumento che studia la maculopatia, fondamentale per la diagnosi e il monitoraggio della\u00a0<strong><a title=\"Maculopatia: un nome, diverse patologie\" href=\"https:\/\/comitatomacula.it\/maculopatia-un-nome-diverse-patologie\/\">maculopatia<\/a><\/strong>, l\u2019OTC \u00e8 un<strong>\u00a0esame strumentale di imaging non invasivo<\/strong>\u00a0che consente di visionare in modo dettagliato e da diverse angolature il\u00a0<strong>fondo oculare<\/strong>\u00a0composto da retina, macula e nervo ottico.<\/p>\n<p><em>L\u2019intervista di Mirko Mezzacasa<\/em><\/p>\n<p><strong>AUDIO<\/strong><\/p>\n<audio class=\"wp-audio-shortcode\" id=\"audio-323059-4\" preload=\"none\" style=\"width: 100%;\" controls=\"controls\"><source type=\"audio\/mpeg\" src=\"https:\/\/www.radiopiu.net\/wordpress\/wp-content\/uploads\/2023\/02\/POLIAMBULATORIO-OCULISTA.mp3?_=4\" \/><a href=\"https:\/\/www.radiopiu.net\/wordpress\/wp-content\/uploads\/2023\/02\/POLIAMBULATORIO-OCULISTA.mp3\">https:\/\/www.radiopiu.net\/wordpress\/wp-content\/uploads\/2023\/02\/POLIAMBULATORIO-OCULISTA.mp3<\/a><\/audio>\n<p>&nbsp;<\/p>\n<hr \/>\n<p>&nbsp;<\/p>\n<blockquote>\n<h3>L&#8217;ASSEMBLEA DEI DONATORI DEL SANGUE DI CANALE D&#8217;AGORDO<\/h3>\n<\/blockquote>\n<p><strong><a class=\"dt-pswp-item\" href=\"https:\/\/www.radiopiu.net\/wordpress\/wp-content\/uploads\/2020\/09\/DONAZIONE-SANGUE.jpg\" data-dt-img-description=\"\" data-large_image_width=\"1920\" data-large_image_height=\"1282\"><img loading=\"lazy\" decoding=\"async\" class=\" wp-image-161053 alignleft\" src=\"https:\/\/www.radiopiu.net\/wordpress\/wp-content\/uploads\/2020\/09\/DONAZIONE-SANGUE-300x200.jpg\" alt=\"\" width=\"150\" height=\"100\" srcset=\"https:\/\/www.radiopiu.net\/wordpress\/wp-content\/uploads\/2020\/09\/DONAZIONE-SANGUE-300x200.jpg 300w, https:\/\/www.radiopiu.net\/wordpress\/wp-content\/uploads\/2020\/09\/DONAZIONE-SANGUE-1024x684.jpg 1024w, https:\/\/www.radiopiu.net\/wordpress\/wp-content\/uploads\/2020\/09\/DONAZIONE-SANGUE-768x513.jpg 768w, https:\/\/www.radiopiu.net\/wordpress\/wp-content\/uploads\/2020\/09\/DONAZIONE-SANGUE-1536x1026.jpg 1536w, https:\/\/www.radiopiu.net\/wordpress\/wp-content\/uploads\/2020\/09\/DONAZIONE-SANGUE-640x427.jpg 640w, https:\/\/www.radiopiu.net\/wordpress\/wp-content\/uploads\/2020\/09\/DONAZIONE-SANGUE.jpg 1920w\" sizes=\"auto, (max-width: 150px) 100vw, 150px\" \/><\/a>CANALE D&#8217;AGORDO<\/strong><\/p>\n<p>di Gianni Santomaso<\/p>\n<audio class=\"wp-audio-shortcode\" id=\"audio-323059-5\" preload=\"none\" style=\"width: 100%;\" controls=\"controls\"><source type=\"audio\/mpeg\" src=\"https:\/\/www.radiopiu.net\/wordpress\/wp-content\/uploads\/2023\/02\/GIANNI-ASSEMBLEA-DEI-DONATORI-DEL-SANGUE-DI-CANALE-DAGORDO.mp3?_=5\" \/><a href=\"https:\/\/www.radiopiu.net\/wordpress\/wp-content\/uploads\/2023\/02\/GIANNI-ASSEMBLEA-DEI-DONATORI-DEL-SANGUE-DI-CANALE-DAGORDO.mp3\">https:\/\/www.radiopiu.net\/wordpress\/wp-content\/uploads\/2023\/02\/GIANNI-ASSEMBLEA-DEI-DONATORI-DEL-SANGUE-DI-CANALE-DAGORDO.mp3<\/a><\/audio>\n<p>&nbsp;<\/p>\n<hr \/>\n<p>&nbsp;<\/p>\n<blockquote>\n<h3>SONO SEI I PUNTI DA DISCUTERE NEL CONSIGLIO COMUNALE DI AGORDO<\/h3>\n<\/blockquote>\n<p><strong>AGORDO<\/strong> Il sindaco di Agordo Roberto Chissal\u00e8 ha convocato il consiglio comunale per domani alle 8. Sono sei i punti all&#8217;ordine del giorno. Si parler\u00e0 delle imposte IMU e IRPEF, del documento unico di programmazione 2023-2025, il bilancio preventivo e di previsione di ASCA, gli interventi per parcheggi e viabilit\u00e0 a Parech per chiudere con l&#8217;approvazione della convenzione con l&#8217;Unione Montana Agordina del comitato unico di garanzia per le pari opportunit\u00e0.<\/p>\n<p><strong>di Gianni Santomaso<\/strong><\/p>\n<audio class=\"wp-audio-shortcode\" id=\"audio-323059-6\" preload=\"none\" style=\"width: 100%;\" controls=\"controls\"><source type=\"audio\/mpeg\" src=\"https:\/\/www.radiopiu.net\/wordpress\/wp-content\/uploads\/2023\/02\/GIANNI-CONSIGLIO-AGORDO.mp3?_=6\" \/><a href=\"https:\/\/www.radiopiu.net\/wordpress\/wp-content\/uploads\/2023\/02\/GIANNI-CONSIGLIO-AGORDO.mp3\">https:\/\/www.radiopiu.net\/wordpress\/wp-content\/uploads\/2023\/02\/GIANNI-CONSIGLIO-AGORDO.mp3<\/a><\/audio>\n<p>&nbsp;<\/p>\n<hr \/>\n<p>&nbsp;<\/p>\n<blockquote>\n<h3>A PROPOSITO DEI CONFINI DELLA MARMOLADA, COME VA? LO CHIEDE LA MINORANZA<\/h3>\n<\/blockquote>\n<p><strong>ROCCA PIETORE<\/strong> Il sindaco Andrea De Bernardin domani, risponder\u00e0 all&#8217;interrogazione del gruppo di opposizione &#8220;Uniti per la Montagna&#8221;, chiede quale sia l&#8217;attuale situazione dei confini della Marmolada e uso civico. Ma i consiglieri dovranno aspettare, prima ci sono 10 punti in discussione tra approvazione di regolamenti, convenzioni, e delibere varie tra cui l&#8217;approvazione del documento unico di programmazione.<\/p>\n<p>&nbsp;<\/p>\n<p>&nbsp;<\/p>\n<hr \/>\n<p>&nbsp;<\/p>\n<blockquote>\n<h3>IL DUP IN CONSIGLIO COMUNALE<\/h3>\n<\/blockquote>\n<p><strong>SELVA DI CADORE<\/strong> Il sindaco Luca Lorenzini ha convocato il consiglio comunale per le 18 di venerdi. All&#8217;ordine del giorno l&#8217;imposta Imu (aliquote 2023), la verifica delle aree da destinarsi a residenza; approvazione del Dup e delle convenzione con l&#8217;Unione Montana sulle pari opportunit\u00e0<\/p>\n<p><strong>di Gianni Santomaso<\/strong><\/p>\n<audio class=\"wp-audio-shortcode\" id=\"audio-323059-7\" preload=\"none\" style=\"width: 100%;\" controls=\"controls\"><source type=\"audio\/mpeg\" src=\"https:\/\/www.radiopiu.net\/wordpress\/wp-content\/uploads\/2023\/02\/GIANNI-CONSIGLIO-SELVA.mp3?_=7\" \/><a href=\"https:\/\/www.radiopiu.net\/wordpress\/wp-content\/uploads\/2023\/02\/GIANNI-CONSIGLIO-SELVA.mp3\">https:\/\/www.radiopiu.net\/wordpress\/wp-content\/uploads\/2023\/02\/GIANNI-CONSIGLIO-SELVA.mp3<\/a><\/audio>\n<p>&nbsp;<\/p>\n<hr \/>\n<p>&nbsp;<\/p>\n<blockquote>\n<h3>SABATO AL NOF FILO&#8217; CON GLI AMICI DELLA MONTAGNA CON TOIGO E PADROS<\/h3>\n<\/blockquote>\n<p><strong>di LUISA MANFROI<\/strong><\/p>\n<p><strong>CENCENIGHE<\/strong> Diego Toigo e Santiago Padr\u00f2s saranno ospiti del Gruppo Amici della Montagna di Cencenighe sabato 25 febbraio per presentare al Nof Fil\u00f2 \u201cAttraverso le Pale di San Lucano\u201d, la loro esperienza di concatenamento in quattro giorni e senza scendere a valle\u00a0 salendo vie alpinistiche in prima ripetizione. Un\u2019esperienza vissuta a giugno 2021\u00a0 da Diego Toigo, di Fozaso, istruttore Cai e da Santiago (Santi) Padr\u00f2s, catalano, guida alpina abitante a Fornesighe (Val di Zoldo) entrambi appassionati di avventure alpinistiche su pareti come quelle delle Pale di San Lucano che, come afferma Toigo: \u201csono teatro di un alpinismo storico ormai dimenticato da tanti arrampicatori e offrono ancora un perfetto campo di gioco per chi ricerca l\u2019avventura\u201d. La serata con ingresso libero e patrocinata dal Comune di Cencenighe, \u00e8 realizzata grazie al contributo di diversi sponsor. Sar\u00e0 presentata da Gianpaolo Soratroi e avr\u00e0 inizio alle ore 21. Al centro \u00e8 il racconto di Diego e Santi\u00a0 accompagnato da fotografie e un breve video di Ruggero Arena. Con questa iniziativa continua la lunga tradizione del Gruppo Amici della Montagna di Cencenighe, attivo dal 1979, di proporre serate con i protagonisti del mondo dell\u2019arrampicata.<\/p>\n<p><strong>ALLA RADIO<\/strong><\/p>\n<audio class=\"wp-audio-shortcode\" id=\"audio-323059-8\" preload=\"none\" style=\"width: 100%;\" controls=\"controls\"><source type=\"audio\/mpeg\" src=\"https:\/\/www.radiopiu.net\/wordpress\/wp-content\/uploads\/2023\/02\/Serata-Pale-di-San-Lucano.mp3?_=8\" \/><a href=\"https:\/\/www.radiopiu.net\/wordpress\/wp-content\/uploads\/2023\/02\/Serata-Pale-di-San-Lucano.mp3\">https:\/\/www.radiopiu.net\/wordpress\/wp-content\/uploads\/2023\/02\/Serata-Pale-di-San-Lucano.mp3<\/a><\/audio>\n<p>&nbsp;<\/p>\n\n\t\t\t<style type='text\/css'>\n\t\t\t\t#gallery-6 {\n\t\t\t\t\tmargin: auto;\n\t\t\t\t}\n\t\t\t\t#gallery-6 .gallery-item {\n\t\t\t\t\tfloat: left;\n\t\t\t\t\tmargin-top: 10px;\n\t\t\t\t\ttext-align: center;\n\t\t\t\t\twidth: 33%;\n\t\t\t\t}\n\t\t\t\t#gallery-6 img {\n\t\t\t\t\tborder: 2px solid #cfcfcf;\n\t\t\t\t}\n\t\t\t\t#gallery-6 .gallery-caption {\n\t\t\t\t\tmargin-left: 0;\n\t\t\t\t}\n\t\t\t\t\/* see gallery_shortcode() in wp-includes\/media.php *\/\n\t\t\t<\/style>\n\t\t<div id='gallery-6' class='dt-gallery-container gallery galleryid-323059 gallery-columns-3 gallery-size-thumbnail'><dl class='gallery-item'>\n\t\t\t\t<dt class='gallery-icon landscape'>\n\t\t\t\t\t<a class=\"rollover rollover-zoom dt-pswp-item\" title=\"Diego Toigo e Santi Padros\" data-dt-img-description=\"\" data-large_image_width=\"2560\" data-large_image_height=\"1707\"href='https:\/\/www.radiopiu.net\/wordpress\/wp-content\/uploads\/2023\/02\/Diego-Toigo-e-Santi-Padros-scaled.jpg'><img loading=\"lazy\" decoding=\"async\" width=\"150\" height=\"150\" src=\"https:\/\/www.radiopiu.net\/wordpress\/wp-content\/uploads\/2023\/02\/Diego-Toigo-e-Santi-Padros-150x150.jpg\" class=\"attachment-thumbnail size-thumbnail\" alt=\"\" \/><\/a>\n\t\t\t\t<\/dt><\/dl><dl class='gallery-item'>\n\t\t\t\t<dt class='gallery-icon landscape'>\n\t\t\t\t\t<a class=\"rollover rollover-zoom dt-pswp-item\" title=\"Una sosta in parete\" data-dt-img-description=\"\" data-large_image_width=\"2560\" data-large_image_height=\"1920\"href='https:\/\/www.radiopiu.net\/wordpress\/wp-content\/uploads\/2023\/02\/Una-sosta-in-parete-scaled.jpg'><img loading=\"lazy\" decoding=\"async\" width=\"150\" height=\"150\" src=\"https:\/\/www.radiopiu.net\/wordpress\/wp-content\/uploads\/2023\/02\/Una-sosta-in-parete-150x150.jpg\" class=\"attachment-thumbnail size-thumbnail\" alt=\"\" \/><\/a>\n\t\t\t\t<\/dt><\/dl><dl class='gallery-item'>\n\t\t\t\t<dt class='gallery-icon landscape'>\n\t\t\t\t\t<a class=\"rollover rollover-zoom dt-pswp-item\" title=\"panorama san lucano\" data-dt-img-description=\"\" data-large_image_width=\"960\" data-large_image_height=\"674\"href='https:\/\/www.radiopiu.net\/wordpress\/wp-content\/uploads\/2023\/02\/panorama-san-lucano-1.jpg'><img loading=\"lazy\" decoding=\"async\" width=\"150\" height=\"150\" src=\"https:\/\/www.radiopiu.net\/wordpress\/wp-content\/uploads\/2023\/02\/panorama-san-lucano-1-150x150.jpg\" class=\"attachment-thumbnail size-thumbnail\" alt=\"\" \/><\/a>\n\t\t\t\t<\/dt><\/dl><br style=\"clear: both\" \/>\n\t\t\t<\/div>\n\n<p>&nbsp;<\/p>\n<p>&nbsp;<\/p>\n<p>&nbsp;<\/p>\n<hr \/>\n<p>&nbsp;<\/p>\n<blockquote>\n<h3>IL RITORNO DEL LUPO, PROSEGUONO GLI INCONTRI<\/h3>\n<\/blockquote>\n<p><strong>LAMON <\/strong><span style=\"font-family: Tahoma, Verdana;\">&#8220;Il ritorno del lupo: conoscere di pi\u00f9 per convivere meglio&#8221;: \u00e8 il titolo della serata pubblica organizzata dal Comune di Lamon e dal Parco Nazionale Dolomiti Bellunesi. L&#8217;appuntamento \u00e8 per oggi, alle ore 20:30, presso la sala teatro del centro AMO di Lamon. Relazioni di\u00a0 <\/span><span style=\"font-family: Tahoma, Verdana;\">Enrico Vettorazzo, tecnico del Parco Nazionale Dolomiti Bellunesi, e del fotografo naturalista Ivan Mazzon\u00a0<\/span><\/p>\n<p>&nbsp;<\/p>\n<p>&nbsp;<\/p>\n<hr \/>\n<p>&nbsp;<\/p>\n<blockquote>\n<h3>BENEFICA CENA AL BUIO<\/h3>\n<\/blockquote>\n<p><strong>AGORDO<\/strong> L&#8217;Unione Italiana dei Ciechi e degli Ipovedenti di Belluno\u00a0 organizza per\u00a0 sabato 25 febbraio, alle 20, al centro parrocchiale Vincenzo Savio la cena al buio. Il costo dell&#8217;evento \u00e8 di \u20ac 40 a persona. Parte del ricavato verr\u00e0 impiegata per finanziare l&#8217;acquisto di un nuovo pulmino per il trasporto delle persone con disabilit\u00e0 visiva della provincia di Belluno a opera dei volontari U.N.I.Vo.C. Le iscrizioni sono aperte fino al 20 febbraio (ma verranno chiuse prima in caso di esaurimento dei posti disponibili). Info 0437 943413<\/p>\n<p>&nbsp;<\/p>\n<p>&nbsp;<\/p>\n<hr \/>\n<p>&nbsp;<\/p>\n<blockquote>\n<h3>GITA DI CLASSE, 1963<\/h3>\n<\/blockquote>\n<p><strong>REDAZIONE<\/strong> I coscritti del 1963 il 1 aprile si ritroveranno in gita, al Castello di Spessa e San Daniele. Partenza in pullman da Agordo alle 8.30, rientro in serata. Prenotazione e saldo (130euro) entro il 5 marzo. Info 348 0326080 -Giornale e Caffe&#8217;, Taibon.<\/p>\n<p>&nbsp;<\/p>\n<p>&nbsp;<\/p>\n<hr \/>\n<p>&nbsp;<\/p>\n<blockquote>\n<h3><a class=\"dt-pswp-item\" href=\"https:\/\/www.radiopiu.net\/wordpress\/wp-content\/uploads\/2023\/02\/copertila-lea-luzzatto-2-definitiva.jpg\" data-dt-img-description=\"\" data-large_image_width=\"583\" data-large_image_height=\"806\"><img loading=\"lazy\" decoding=\"async\" class=\"wp-image-322089 alignleft\" src=\"https:\/\/www.radiopiu.net\/wordpress\/wp-content\/uploads\/2023\/02\/copertila-lea-luzzatto-2-definitiva-217x300.jpg\" alt=\"\" width=\"109\" height=\"151\" srcset=\"https:\/\/www.radiopiu.net\/wordpress\/wp-content\/uploads\/2023\/02\/copertila-lea-luzzatto-2-definitiva-217x300.jpg 217w, https:\/\/www.radiopiu.net\/wordpress\/wp-content\/uploads\/2023\/02\/copertila-lea-luzzatto-2-definitiva.jpg 583w\" sizes=\"auto, (max-width: 109px) 100vw, 109px\" \/><\/a>LA PRESENTAZIONE DEL NUOVO LIBRO DI ROBERTO DE NART<\/h3>\n<\/blockquote>\n<p><strong>BELLUNO <\/strong>Sabato 25 febbraio alle 18 alla Libreria Tarantola di Belluno, in via Psaro 13\/A, si terr\u00e0 la presentazione del libro \u201cL\u2019inquietante morte di Lea Luzzatto\u201d di Roberto De Nart. Conduce l\u2019incontro Anna Polifroni, avvocato del Foro di Belluno. Lea Luzzatto \u00e8 una giovane professoressa bellunese di 23 anni che viene trovata esanime in casa, riversa in una pozza di sangue con il cranio fracassato nella gelida notte del 17 dicembre 1946. Il suo corpo giace in fondo alle scale della villetta di famiglia in via Feltre n.1 dove abita con la madre e il fratello. Il fatto fa molto scalpore in citt\u00e0, perch\u00e9 coinvolge una nota famiglia della borghesia bellunese. Morte accidentale o delitto? La triste vicenda \u00e8 ricostruita dall\u2019autore attraverso gli atti processuali conservati all\u2019Archivio di Stato di Venezia e gli articoli di giornale dell\u2019epoca.<\/p>\n<p>&nbsp;<\/p>\n<p>&nbsp;<\/p>\n<hr \/>\n<p>&nbsp;<\/p>\n<blockquote>\n<h3><a class=\"dt-pswp-item\" href=\"https:\/\/www.radiopiu.net\/wordpress\/wp-content\/uploads\/2023\/02\/A_Kravtchenko.jpg\" data-dt-img-description=\"\" data-large_image_width=\"1000\" data-large_image_height=\"1000\"><img loading=\"lazy\" decoding=\"async\" class=\"wp-image-322981 alignleft\" src=\"https:\/\/www.radiopiu.net\/wordpress\/wp-content\/uploads\/2023\/02\/A_Kravtchenko-300x300.jpg\" alt=\"\" width=\"112\" height=\"112\" srcset=\"https:\/\/www.radiopiu.net\/wordpress\/wp-content\/uploads\/2023\/02\/A_Kravtchenko-300x300.jpg 300w, https:\/\/www.radiopiu.net\/wordpress\/wp-content\/uploads\/2023\/02\/A_Kravtchenko-150x150.jpg 150w, https:\/\/www.radiopiu.net\/wordpress\/wp-content\/uploads\/2023\/02\/A_Kravtchenko-768x768.jpg 768w, https:\/\/www.radiopiu.net\/wordpress\/wp-content\/uploads\/2023\/02\/A_Kravtchenko.jpg 1000w\" sizes=\"auto, (max-width: 112px) 100vw, 112px\" \/><\/a>AL TEATRO COMUNALE CON IL CIRCOLO CULTURALE BELLUNESE<\/h3>\n<\/blockquote>\n<p><strong>BELLUNO <\/strong>Arriva finalmente a Belluno l&#8217;acclamata pianista Anna Kravtchenko, grazie al Circolo Culturale Bellunese, regalando al pubblico un programma ad alto contenuto romantico e virtuosistico, venerd\u00ec alle 20:30, al Teatro Comunale. Biglietti\u00a0in vendita nella sede del concerto, mezz\u2019ora prima del suo inizio, o presso la biglietteria di Palazzo Fulcis, nei giorni e negli orari di apertura, fino a 45 minuti prima della chiusura del Museo.<\/p>\n<p>&nbsp;<\/p>\n<p>&nbsp;<\/p>\n<hr \/>\n<p>&nbsp;<\/p>\n<blockquote>\n<h3>LA BENEDIZIONE DELLE CASE A SAN TOMASO<\/h3>\n<\/blockquote>\n<p><strong>SAN TOMASO<\/strong> Il parroco di San Tomaso Don Luigi Canal comunica che a partire da mercoled\u00ec 22 febbraio inizier\u00e0 la benedizione delle case. Questi gli appuntamenti: 22 febbraio Celat, 23 febbraio Canacede, Ronch e Custoia, 24 febbraio Pianezze, Vallata, Valle, Val, Pian e Pian Molin. 27 febbraio Piaia, Pecol, Mezza Costa, 28 febbraio Roi, Colar\u00f9, Costa, 1 marzo Sot Colar\u00f9 e Avoscan.<\/p>\n<p>&nbsp;<\/p>\n<hr \/>\n<p>&nbsp;<\/p>\n<blockquote>\n<h3>LA MOSTRA DI LINDO NESELLO A SOSPIROLO<\/h3>\n<\/blockquote>\n<p><strong>SOSPIROLO<\/strong> Dal 25 febbraio al 19 marzo al Centro Civico di Sospirolo e biblioteca civica si pu\u00f2 visitare la mostra di Lindo Nesello dal titolo &#8220;Il paesaggio inedito degli anni 70-80&#8221;. Ingresso libero<\/p>\n<p>&nbsp;<\/p>\n<p>&nbsp;<\/p>\n<hr \/>\n<p>&nbsp;<\/p>\n<blockquote>\n<h3>CONCLUSO CON SUCCESSO IL CORSO AVANZATO CUOCHI CONTADINI AGRICHEF<\/h3>\n<\/blockquote>\n<p><strong>L&#8217;INTERVISTA\u00a0 di Mirko Mezzacasa, 18 FEBBRAIO 2023<\/strong><\/p>\n<p><strong>OSPITE FABRIZIO PESCOSTA, PRESIDENTE TERRANOSTRA BELLUNO<\/strong><\/p>\n<audio class=\"wp-audio-shortcode\" id=\"audio-323059-9\" preload=\"none\" style=\"width: 100%;\" controls=\"controls\"><source type=\"audio\/mpeg\" src=\"https:\/\/www.radiopiu.net\/wordpress\/wp-content\/uploads\/2023\/02\/FABRIZIO-PESCOSTA.mp3?_=9\" \/><a href=\"https:\/\/www.radiopiu.net\/wordpress\/wp-content\/uploads\/2023\/02\/FABRIZIO-PESCOSTA.mp3\">https:\/\/www.radiopiu.net\/wordpress\/wp-content\/uploads\/2023\/02\/FABRIZIO-PESCOSTA.mp3<\/a><\/audio>\n<p>&nbsp;<\/p>\n<p>&nbsp;<\/p>\n<p><strong><a class=\"dt-pswp-item\" href=\"https:\/\/www.radiopiu.net\/wordpress\/wp-content\/uploads\/2023\/02\/ba3c5fb9-d5fb-4872-b8c6-af521e653a2b.jpg\" data-dt-img-description=\"\" data-large_image_width=\"1600\" data-large_image_height=\"1200\"><img loading=\"lazy\" decoding=\"async\" class=\"wp-image-322589 aligncenter\" src=\"https:\/\/www.radiopiu.net\/wordpress\/wp-content\/uploads\/2023\/02\/ba3c5fb9-d5fb-4872-b8c6-af521e653a2b-300x225.jpg\" alt=\"\" width=\"425\" height=\"319\" srcset=\"https:\/\/www.radiopiu.net\/wordpress\/wp-content\/uploads\/2023\/02\/ba3c5fb9-d5fb-4872-b8c6-af521e653a2b-300x225.jpg 300w, https:\/\/www.radiopiu.net\/wordpress\/wp-content\/uploads\/2023\/02\/ba3c5fb9-d5fb-4872-b8c6-af521e653a2b-1024x768.jpg 1024w, https:\/\/www.radiopiu.net\/wordpress\/wp-content\/uploads\/2023\/02\/ba3c5fb9-d5fb-4872-b8c6-af521e653a2b-768x576.jpg 768w, https:\/\/www.radiopiu.net\/wordpress\/wp-content\/uploads\/2023\/02\/ba3c5fb9-d5fb-4872-b8c6-af521e653a2b-1536x1152.jpg 1536w, https:\/\/www.radiopiu.net\/wordpress\/wp-content\/uploads\/2023\/02\/ba3c5fb9-d5fb-4872-b8c6-af521e653a2b.jpg 1600w\" sizes=\"auto, (max-width: 425px) 100vw, 425px\" \/><\/a><\/strong><\/p>\n<p>&nbsp;<\/p>\n<p>&nbsp;<\/p>\n<hr \/>\n<p>&nbsp;<\/p>\n<blockquote>\n<h3>VAL FIORENTINA \u201cPICCOLO MONDO VIRGILIANO\u201d<\/h3>\n<\/blockquote>\n<p><strong>di Renato Bona<\/strong><\/p>\n<p>Nei giorni scorsi abbiamo commentato il prezioso contributo del collega ed amico Giuseppe Sorge che sotto il titolo: \u201cLa nuova frontiera\u201d si \u00e8 occupato dell\u2019evoluzione di una realt\u00e0 importante per la provincia di Belluno come quella agordina. Torniamo sull\u2019argomento perch\u00e9 il libro \u201cBelluno. Viaggio intorno a una provincia\u201d curato nel 1989 dal dott. Maurizio Busatta (edito da Libreria Pilotto editrice Feltre per conto dell\u2019Amministrazione provinciale di Belluno) con numerose qualificate collaborazioni, fotolito Eurocrom di Villorba, composizione tipografia Piave di Belluno, stampa di Graphic group di Feltre) dedica largo meritato spazio alla Val Fiorentina. Esordendo cos\u00ec: \u201cIl paesaggio ha tutta la solennit\u00e0 delle montagne dolomitiche, con sullo sfondo il massiccio del Pelmo, ed i toni di un piccolo mondo virgiliano. I pendii assolati, con i fienili e le case disposte in ordine ed affacciate sulla valle, pur nell\u2019evolversi razionale di una programmazione urbanistico-turistica, mantengono l\u2019aspetto di un mondo dove vivono ancora antiche regole: Selva di Cadore, Santa Fosca, Pescul sono i paesi di questa valle che inizia da Caprile. Attraverso il Passo Staulanza, ai piedi del Pelmo, la Val Fiorentina collega l\u2019Agordino con la Val Zoldana\u201d. Aggiunge quindi che: \u201cAl di l\u00e0 del rio convivono con il turismo che aggiunge abitudini nuove ai riti antichi\u201d. A proposito di chiese: quella di Colle Santa Lucia \u201cfu certamente edificata nei primi decenni del secolo XIV. Bella anche la chiesa gotica che Selva di Cadore ha intitolato a San Lorenzo: rifabbricata nel 1470, \u00e8 stata ampliata nel 1850 su progetto di Osvaldo Palatini. E come non dire dell\u2019altro gioiello gotico, recentemente restaurato, la chiesa monumentale di Santa Fosca \u201ccon l\u2019enorme e ingenuo San Cristoforo che guarda dalla facciata ed all\u2019interno il suggestivo intreccio di nervature gotiche che si rincorrono sulle volte fino al fantastico tabernacolo ligneo del Brustolon\u201d? Giuseppe Sorge a questo punto cita la scoperta dell\u2019Uomo di Mondeval per affermare che le pi\u00f9 antiche testimonianze di presenze umane nella regione agordina, fino al 1987 erano rappresentate da tre iscrizioni confinarie, scoperte nel 1925 dall\u2019alpinista e scrittore Domenico Rudatids lungo le pareti del Civetta. Ricorda poi che per circa sei secoli la storia di questo paese \u00e8 legata alle miniere del monte Fursil il cui terreno venne donato nel 1142 ai Monaci del convento di Novacella nella Pusteria, \u201csenza sapere che poco dopo si sarebbero scoperte le vene di metallo\u201d. Dopo altri passaggi storici, l\u2019illustrazione di rifugi e paesaggi, tutti di straordinaria bellezza ed importanza, che gli appassionati potranno giustamente apprezzare\u2026 dotandosi del libro, frutto del notevole impegno, passione e della bravura di Maurizio Busatta, Giuseppe Sorge e tutti gli altri valenti collaboratori.<\/p>\n\n\t\t\t<style type='text\/css'>\n\t\t\t\t#gallery-7 {\n\t\t\t\t\tmargin: auto;\n\t\t\t\t}\n\t\t\t\t#gallery-7 .gallery-item {\n\t\t\t\t\tfloat: left;\n\t\t\t\t\tmargin-top: 10px;\n\t\t\t\t\ttext-align: center;\n\t\t\t\t\twidth: 16%;\n\t\t\t\t}\n\t\t\t\t#gallery-7 img {\n\t\t\t\t\tborder: 2px solid #cfcfcf;\n\t\t\t\t}\n\t\t\t\t#gallery-7 .gallery-caption {\n\t\t\t\t\tmargin-left: 0;\n\t\t\t\t}\n\t\t\t\t\/* see gallery_shortcode() in wp-includes\/media.php *\/\n\t\t\t<\/style>\n\t\t<div id='gallery-7' class='dt-gallery-container gallery galleryid-323059 gallery-columns-6 gallery-size-thumbnail'><dl class='gallery-item'>\n\t\t\t\t<dt class='gallery-icon portrait'>\n\t\t\t\t\t<a class=\"rollover rollover-zoom dt-pswp-item\" title=\"327743174_539238514716943_4111044462054037653_n\" data-dt-img-description=\"\" data-large_image_width=\"302\" data-large_image_height=\"403\"href='https:\/\/www.radiopiu.net\/wordpress\/wp-content\/uploads\/2023\/02\/327743174_539238514716943_4111044462054037653_n.jpg'><img loading=\"lazy\" decoding=\"async\" width=\"150\" height=\"150\" src=\"https:\/\/www.radiopiu.net\/wordpress\/wp-content\/uploads\/2023\/02\/327743174_539238514716943_4111044462054037653_n-150x150.jpg\" class=\"attachment-thumbnail size-thumbnail\" alt=\"\" \/><\/a>\n\t\t\t\t<\/dt><\/dl><dl class='gallery-item'>\n\t\t\t\t<dt class='gallery-icon landscape'>\n\t\t\t\t\t<a class=\"rollover rollover-zoom dt-pswp-item\" title=\"327936257_585172716847390_1239421870923504565_n\" data-dt-img-description=\"\" data-large_image_width=\"658\" data-large_image_height=\"403\"href='https:\/\/www.radiopiu.net\/wordpress\/wp-content\/uploads\/2023\/02\/327936257_585172716847390_1239421870923504565_n.jpg'><img loading=\"lazy\" decoding=\"async\" width=\"150\" height=\"150\" src=\"https:\/\/www.radiopiu.net\/wordpress\/wp-content\/uploads\/2023\/02\/327936257_585172716847390_1239421870923504565_n-150x150.jpg\" class=\"attachment-thumbnail size-thumbnail\" alt=\"\" \/><\/a>\n\t\t\t\t<\/dt><\/dl><dl class='gallery-item'>\n\t\t\t\t<dt class='gallery-icon landscape'>\n\t\t\t\t\t<a class=\"rollover rollover-zoom dt-pswp-item\" title=\"328587614_927695388417047_4299684413592066948_n\" data-dt-img-description=\"\" data-large_image_width=\"539\" data-large_image_height=\"403\"href='https:\/\/www.radiopiu.net\/wordpress\/wp-content\/uploads\/2023\/02\/328587614_927695388417047_4299684413592066948_n.jpg'><img loading=\"lazy\" decoding=\"async\" width=\"150\" height=\"150\" src=\"https:\/\/www.radiopiu.net\/wordpress\/wp-content\/uploads\/2023\/02\/328587614_927695388417047_4299684413592066948_n-150x150.jpg\" class=\"attachment-thumbnail size-thumbnail\" alt=\"\" \/><\/a>\n\t\t\t\t<\/dt><\/dl><dl class='gallery-item'>\n\t\t\t\t<dt class='gallery-icon landscape'>\n\t\t\t\t\t<a class=\"rollover rollover-zoom dt-pswp-item\" title=\"329217053_590155189324953_3927787925811299956_n\" data-dt-img-description=\"\" data-large_image_width=\"561\" data-large_image_height=\"403\"href='https:\/\/www.radiopiu.net\/wordpress\/wp-content\/uploads\/2023\/02\/329217053_590155189324953_3927787925811299956_n.jpg'><img loading=\"lazy\" decoding=\"async\" width=\"150\" height=\"150\" src=\"https:\/\/www.radiopiu.net\/wordpress\/wp-content\/uploads\/2023\/02\/329217053_590155189324953_3927787925811299956_n-150x150.jpg\" class=\"attachment-thumbnail size-thumbnail\" alt=\"\" \/><\/a>\n\t\t\t\t<\/dt><\/dl><dl class='gallery-item'>\n\t\t\t\t<dt class='gallery-icon portrait'>\n\t\t\t\t\t<a class=\"rollover rollover-zoom dt-pswp-item\" title=\"327651739_1607757149726506_2978971384392436163_n\" data-dt-img-description=\"\" data-large_image_width=\"362\" data-large_image_height=\"403\"href='https:\/\/www.radiopiu.net\/wordpress\/wp-content\/uploads\/2023\/02\/327651739_1607757149726506_2978971384392436163_n.jpg'><img loading=\"lazy\" decoding=\"async\" width=\"150\" height=\"150\" src=\"https:\/\/www.radiopiu.net\/wordpress\/wp-content\/uploads\/2023\/02\/327651739_1607757149726506_2978971384392436163_n-150x150.jpg\" class=\"attachment-thumbnail size-thumbnail\" alt=\"\" \/><\/a>\n\t\t\t\t<\/dt><\/dl><dl class='gallery-item'>\n\t\t\t\t<dt class='gallery-icon portrait'>\n\t\t\t\t\t<a class=\"rollover rollover-zoom dt-pswp-item\" title=\"328784949_759063135636330_7197608412150200023_n\" data-dt-img-description=\"\" data-large_image_width=\"355\" data-large_image_height=\"403\"href='https:\/\/www.radiopiu.net\/wordpress\/wp-content\/uploads\/2023\/02\/328784949_759063135636330_7197608412150200023_n.jpg'><img loading=\"lazy\" decoding=\"async\" width=\"150\" height=\"150\" src=\"https:\/\/www.radiopiu.net\/wordpress\/wp-content\/uploads\/2023\/02\/328784949_759063135636330_7197608412150200023_n-150x150.jpg\" class=\"attachment-thumbnail size-thumbnail\" alt=\"\" \/><\/a>\n\t\t\t\t<\/dt><\/dl><br style=\"clear: both\" \/><dl class='gallery-item'>\n\t\t\t\t<dt class='gallery-icon portrait'>\n\t\t\t\t\t<a class=\"rollover rollover-zoom dt-pswp-item\" title=\"328373832_1351161225723494_5868063524058645961_n\" data-dt-img-description=\"\" data-large_image_width=\"320\" data-large_image_height=\"470\"href='https:\/\/www.radiopiu.net\/wordpress\/wp-content\/uploads\/2023\/02\/328373832_1351161225723494_5868063524058645961_n.jpg'><img loading=\"lazy\" decoding=\"async\" width=\"150\" height=\"150\" src=\"https:\/\/www.radiopiu.net\/wordpress\/wp-content\/uploads\/2023\/02\/328373832_1351161225723494_5868063524058645961_n-150x150.jpg\" class=\"attachment-thumbnail size-thumbnail\" alt=\"\" \/><\/a>\n\t\t\t\t<\/dt><\/dl><dl class='gallery-item'>\n\t\t\t\t<dt class='gallery-icon landscape'>\n\t\t\t\t\t<a class=\"rollover rollover-zoom dt-pswp-item\" title=\"328000462_1299851917543672_3292851304123978855_n\" data-dt-img-description=\"\" data-large_image_width=\"776\" data-large_image_height=\"403\"href='https:\/\/www.radiopiu.net\/wordpress\/wp-content\/uploads\/2023\/02\/328000462_1299851917543672_3292851304123978855_n.jpg'><img loading=\"lazy\" decoding=\"async\" width=\"150\" height=\"150\" src=\"https:\/\/www.radiopiu.net\/wordpress\/wp-content\/uploads\/2023\/02\/328000462_1299851917543672_3292851304123978855_n-150x150.jpg\" class=\"attachment-thumbnail size-thumbnail\" alt=\"\" \/><\/a>\n\t\t\t\t<\/dt><\/dl><dl class='gallery-item'>\n\t\t\t\t<dt class='gallery-icon landscape'>\n\t\t\t\t\t<a class=\"rollover rollover-zoom dt-pswp-item\" title=\"328147691_3292987264287032_6748725982723537487_n\" data-dt-img-description=\"\" data-large_image_width=\"464\" data-large_image_height=\"403\"href='https:\/\/www.radiopiu.net\/wordpress\/wp-content\/uploads\/2023\/02\/328147691_3292987264287032_6748725982723537487_n.jpg'><img loading=\"lazy\" decoding=\"async\" width=\"150\" height=\"150\" src=\"https:\/\/www.radiopiu.net\/wordpress\/wp-content\/uploads\/2023\/02\/328147691_3292987264287032_6748725982723537487_n-150x150.jpg\" class=\"attachment-thumbnail size-thumbnail\" alt=\"\" \/><\/a>\n\t\t\t\t<\/dt><\/dl><dl class='gallery-item'>\n\t\t\t\t<dt class='gallery-icon landscape'>\n\t\t\t\t\t<a class=\"rollover rollover-zoom dt-pswp-item\" title=\"328538627_561831349241003_8849741403080386624_n\" data-dt-img-description=\"\" data-large_image_width=\"549\" data-large_image_height=\"403\"href='https:\/\/www.radiopiu.net\/wordpress\/wp-content\/uploads\/2023\/02\/328538627_561831349241003_8849741403080386624_n.jpg'><img loading=\"lazy\" decoding=\"async\" width=\"150\" height=\"150\" src=\"https:\/\/www.radiopiu.net\/wordpress\/wp-content\/uploads\/2023\/02\/328538627_561831349241003_8849741403080386624_n-150x150.jpg\" class=\"attachment-thumbnail size-thumbnail\" alt=\"\" \/><\/a>\n\t\t\t\t<\/dt><\/dl><dl class='gallery-item'>\n\t\t\t\t<dt class='gallery-icon landscape'>\n\t\t\t\t\t<a class=\"rollover rollover-zoom dt-pswp-item\" title=\"328028040_596329301927870_3985878723774299646_n\" data-dt-img-description=\"\" data-large_image_width=\"433\" data-large_image_height=\"403\"href='https:\/\/www.radiopiu.net\/wordpress\/wp-content\/uploads\/2023\/02\/328028040_596329301927870_3985878723774299646_n.jpg'><img loading=\"lazy\" decoding=\"async\" width=\"150\" height=\"150\" src=\"https:\/\/www.radiopiu.net\/wordpress\/wp-content\/uploads\/2023\/02\/328028040_596329301927870_3985878723774299646_n-150x150.jpg\" class=\"attachment-thumbnail size-thumbnail\" alt=\"\" \/><\/a>\n\t\t\t\t<\/dt><\/dl>\n\t\t\t\t<br style='clear: both' \/>\n\t\t\t<\/div>\n\n<p>NELLE FOTO (riproduzioni da \u201cBelluno, Viaggio intorno a una provincia\u201d): Colle Santa Lucia: un microcosmo linea di demarcazione tra mondo tirolese e civilt\u00e0 veneta; la chiesa di Santa Fosca, del 1438, a Selva di Cadore, ai piedi del Monte Cernera; la scogliera dei Lastoni di Formin, nella conca del Giau, territorio del Cadore ai confini tra Ampezzo e Agordino con in secondo piano la Croda da Lago, da passo Giau nasce rio Codalunga; il villaggio di L\u2019Andria a Selva di Cadore ricco di tipologie lignee che riecheggiano stili zoldani: i tabi\u00e0 rappresentano un vero e proprio \u201carredo spaziale\u201d degno della massima attenzione; il rifugio Sonino al Coldai, sorge a ridosso della muraglia rocciosa che divide Zoldo dall\u2019Agordino; da Punta Serauta in Marmolada incontro ravvicinato con le montagne agordine: a sinistra il Civetta, di fronte l\u2019Agner, una sintesi vigorosa; la Terza Pala di San Lucano nell\u2019omonima valle, un atlante di storia naturale e di crode care all\u2019alpinismo; Forcella Aurine e il Duran, le due \u201cali\u201d di un Agordino che crede nel futuro; a ritroso nella storia del popolo della montagna: la ricostruzione della discesa degli zattieri sul Piave: un andirivieni di secoli; Mondeval de Sora, comune di San Vito di Cadore, per\u00f2 Val Fiorentina: qui \u00e8 stato rintracciato il pi\u00f9 alto sito d\u2019Europa dell\u2019et\u00e0 mesolitica.<\/p>\n<p>&nbsp;<\/p>\n<p>&nbsp;<\/p>\n<hr \/>\n<p>&nbsp;<\/p>\n<div>\n<div class=\"b654a4as d2edcug0\">\n<div class=\"rq0escxv hkbzh7o3 jwdofwj8 n8tt0mok r8blr3vg hyh9befq\">\n<p><a class=\"dt-pswp-item\" href=\"https:\/\/www.radiopiu.net\/wordpress\/wp-content\/uploads\/2020\/10\/pp.jpg\" data-dt-img-description=\"\" data-large_image_width=\"640\" data-large_image_height=\"640\"><img loading=\"lazy\" decoding=\"async\" class=\"wp-image-163678 alignleft\" src=\"https:\/\/www.radiopiu.net\/wordpress\/wp-content\/uploads\/2020\/10\/pp-300x300.jpg\" alt=\"\" width=\"106\" height=\"106\" srcset=\"https:\/\/www.radiopiu.net\/wordpress\/wp-content\/uploads\/2020\/10\/pp-300x300.jpg 300w, https:\/\/www.radiopiu.net\/wordpress\/wp-content\/uploads\/2020\/10\/pp-150x150.jpg 150w, https:\/\/www.radiopiu.net\/wordpress\/wp-content\/uploads\/2020\/10\/pp-125x125.jpg 125w, https:\/\/www.radiopiu.net\/wordpress\/wp-content\/uploads\/2020\/10\/pp-200x200.jpg 200w, https:\/\/www.radiopiu.net\/wordpress\/wp-content\/uploads\/2020\/10\/pp-80x80.jpg 80w, https:\/\/www.radiopiu.net\/wordpress\/wp-content\/uploads\/2020\/10\/pp-480x480.jpg 480w, https:\/\/www.radiopiu.net\/wordpress\/wp-content\/uploads\/2020\/10\/pp.jpg 640w\" sizes=\"auto, (max-width: 106px) 100vw, 106px\" \/><\/a><\/p>\n<\/div>\n<\/div>\n<\/div>\n<div>\n<div class=\"page-title-head hgroup\">\n<div class=\"page-title-head hgroup\">\n<div class=\"b654a4as d2edcug0\">\n<div class=\"j83agx80 btwxx1t3 lhclo0ds hop8lmos nkwizq5d scwd0bx6 roh60bw9\">\n<div class=\"rq0escxv hkbzh7o3 jwdofwj8 n8tt0mok r8blr3vg hyh9befq\">\n<div class=\"do00u71z l9j0dhe7 k4urcfbm\" style=\"text-align: left;\">\n<h2><span style=\"color: #000080;\">DON CESARE, IL PENSIERO DEL GIORNO. ALLA RADIO ALLE 7 DEL MATTINO E ALLE 19.30 DELLA SERA\u00a0<\/span><\/h2>\n<audio class=\"wp-audio-shortcode\" id=\"audio-323059-10\" preload=\"none\" style=\"width: 100%;\" controls=\"controls\"><source type=\"audio\/mpeg\" src=\"https:\/\/www.radiopiu.net\/wordpress\/wp-content\/uploads\/2023\/02\/CESARE-19.mp3?_=10\" \/><a href=\"https:\/\/www.radiopiu.net\/wordpress\/wp-content\/uploads\/2023\/02\/CESARE-19.mp3\">https:\/\/www.radiopiu.net\/wordpress\/wp-content\/uploads\/2023\/02\/CESARE-19.mp3<\/a><\/audio>\n<\/div>\n<\/div>\n<\/div>\n<\/div>\n<\/div>\n<\/div>\n<\/div>\n<p>&nbsp;<\/p>\n<hr \/>\n<p>&nbsp;<\/p>\n<h2><a class=\"dt-pswp-item\" href=\"https:\/\/www.radiopiu.net\/wordpress\/wp-content\/uploads\/2021\/03\/ANDREA-DE-BERNARDIN.jpg\" data-dt-img-description=\"andrea de bernardin\" data-large_image_width=\"960\" data-large_image_height=\"540\"><img loading=\"lazy\" decoding=\"async\" class=\"wp-image-195558 alignleft\" src=\"https:\/\/www.radiopiu.net\/wordpress\/wp-content\/uploads\/2021\/03\/ANDREA-DE-BERNARDIN-300x169.jpg\" alt=\"\" width=\"185\" height=\"104\" srcset=\"https:\/\/www.radiopiu.net\/wordpress\/wp-content\/uploads\/2021\/03\/ANDREA-DE-BERNARDIN-300x169.jpg 300w, https:\/\/www.radiopiu.net\/wordpress\/wp-content\/uploads\/2021\/03\/ANDREA-DE-BERNARDIN-768x432.jpg 768w, https:\/\/www.radiopiu.net\/wordpress\/wp-content\/uploads\/2021\/03\/ANDREA-DE-BERNARDIN.jpg 960w\" sizes=\"auto, (max-width: 185px) 100vw, 185px\" \/><\/a><span style=\"color: #008000;\">LA RASSEGNA STAMPA DA L&#8217;AMICO DEL POPOLO<\/span><\/h2>\n<p><strong>di Gianni Santomaso<\/strong><\/p>\n<p>OSPITE: Andrea De Bernardin, sindaco di Rocca Pietore<\/p>\n<audio class=\"wp-audio-shortcode\" id=\"audio-323059-11\" preload=\"none\" style=\"width: 100%;\" controls=\"controls\"><source type=\"audio\/mpeg\" src=\"https:\/\/www.radiopiu.net\/wordpress\/wp-content\/uploads\/2023\/02\/RASSEGNA-GIANNI-2.mp3?_=11\" \/><a href=\"https:\/\/www.radiopiu.net\/wordpress\/wp-content\/uploads\/2023\/02\/RASSEGNA-GIANNI-2.mp3\">https:\/\/www.radiopiu.net\/wordpress\/wp-content\/uploads\/2023\/02\/RASSEGNA-GIANNI-2.mp3<\/a><\/audio>\n<p>&nbsp;<\/p>\n<hr \/>\n<p>&nbsp;<\/p>\n<blockquote>\n<h3><strong><a class=\"dt-pswp-item\" href=\"https:\/\/www.radiopiu.net\/wordpress\/wp-content\/uploads\/2023\/02\/1239767_1376151945949547_1371470440_n.jpg\" data-dt-img-description=\"\" data-large_image_width=\"744\" data-large_image_height=\"498\"><img loading=\"lazy\" decoding=\"async\" class=\" wp-image-321803 alignleft\" src=\"https:\/\/www.radiopiu.net\/wordpress\/wp-content\/uploads\/2023\/02\/1239767_1376151945949547_1371470440_n-300x201.jpg\" alt=\"\" width=\"172\" height=\"115\" srcset=\"https:\/\/www.radiopiu.net\/wordpress\/wp-content\/uploads\/2023\/02\/1239767_1376151945949547_1371470440_n-300x201.jpg 300w, https:\/\/www.radiopiu.net\/wordpress\/wp-content\/uploads\/2023\/02\/1239767_1376151945949547_1371470440_n.jpg 744w\" sizes=\"auto, (max-width: 172px) 100vw, 172px\" \/><\/a><\/strong>IERI alla radio LA SECONDA PUNTATA &#8220;AMA&#8221; GRUPPI AUTO MUTIO AIUTO<\/h3>\n<\/blockquote>\n<p>&nbsp;<\/p>\n<p><strong>SECONDA PUNTATA, AL ANON FAMILIARI DI ALCOLISTI<\/strong><\/p>\n<audio class=\"wp-audio-shortcode\" id=\"audio-323059-12\" preload=\"none\" style=\"width: 100%;\" controls=\"controls\"><source type=\"audio\/mpeg\" src=\"https:\/\/www.radiopiu.net\/wordpress\/wp-content\/uploads\/2023\/02\/GRUPPO-AMA-2.mp3?_=12\" \/><a href=\"https:\/\/www.radiopiu.net\/wordpress\/wp-content\/uploads\/2023\/02\/GRUPPO-AMA-2.mp3\">https:\/\/www.radiopiu.net\/wordpress\/wp-content\/uploads\/2023\/02\/GRUPPO-AMA-2.mp3<\/a><\/audio>\n<p>&nbsp;<\/p>\n<hr \/>\n<p>&nbsp;<\/p>\n<h2><span style=\"color: #ff00ff;\">IN VIVO VERSO\u00a0 \u00a0<\/span><\/h2>\n<blockquote>\n<h3>TRA VETRI di GIAN DOMENICO MAZZOCATO<\/h3>\n<\/blockquote>\n<p><strong>AUDIO<\/strong><\/p>\n<audio class=\"wp-audio-shortcode\" id=\"audio-323059-13\" preload=\"none\" style=\"width: 100%;\" controls=\"controls\"><source type=\"audio\/mpeg\" src=\"https:\/\/www.radiopiu.net\/wordpress\/wp-content\/uploads\/2023\/02\/02-MAZZOCATO-TRA-VETRI.mp3?_=13\" \/><a href=\"https:\/\/www.radiopiu.net\/wordpress\/wp-content\/uploads\/2023\/02\/02-MAZZOCATO-TRA-VETRI.mp3\">https:\/\/www.radiopiu.net\/wordpress\/wp-content\/uploads\/2023\/02\/02-MAZZOCATO-TRA-VETRI.mp3<\/a><\/audio>\n<p>&nbsp;<\/p>\n<p>&nbsp;<\/p>\n<p><img loading=\"lazy\" decoding=\"async\" class=\"alignleft\" src=\"https:\/\/www.radiopiu.net\/wordpress\/wp-content\/uploads\/2023\/02\/MAZZOCATO-FOTO.jpg\" width=\"104\" height=\"138\" \/>Gian Domenico Mazzocato<\/p>\n<p>TRA VETRI<br \/>\nSei entrata, ancora ieri, nella serra<br \/>\nscaldata dal sole di dicembre.<br \/>\nLe vetrate (alte, tra cornici di ferro)<br \/>\nil profumo tagliente dei limoni in attesa<br \/>\ne tu, impaurita sulla soglia<br \/>\nche cercavi qualcosa<br \/>\ncon un sorriso silenzioso,<br \/>\nChe groviglio,nel ricordo,di noi<br \/>\ndelle nostre immagini<br \/>\nSe sia pi\u00f9 vero un simulacro<br \/>\nintuito oltre le vetrate<br \/>\no se resista meglio<br \/>\nindurito dalla solitudine,<br \/>\nil ricordo duro<br \/>\ndi ci\u00f2 che davvero eravamo.<br \/>\nForse resiste pi\u00f9 a lungo<br \/>\nl&#8217;odore aspro dei limoni,<br \/>\nla tua fragranza solare e decembrina<br \/>\ncustodita da una teca di cristallo<\/p>\n<p>&nbsp;<\/p>\n<div dir=\"auto\">\n<div dir=\"auto\">\n<div dir=\"auto\">\n<p><strong>LA RACCOLTA COMPLETA<\/strong><\/p>\n<blockquote class=\"wp-embedded-content\" data-secret=\"kWB1qkmiKt\"><p><a href=\"https:\/\/www.radiopiu.net\/wordpress\/in-vivo-verso\/\">In Vivo Verso<\/a><\/p><\/blockquote>\n<p><iframe loading=\"lazy\" class=\"wp-embedded-content\" sandbox=\"allow-scripts\" security=\"restricted\" style=\"position: absolute; clip: rect(1px, 1px, 1px, 1px);\" title=\"&#8220;In Vivo Verso&#8221; &#8212; Radio Pi\u00f9\" src=\"https:\/\/www.radiopiu.net\/wordpress\/in-vivo-verso\/embed\/#?secret=lqIt1892qO#?secret=kWB1qkmiKt\" data-secret=\"kWB1qkmiKt\" width=\"600\" height=\"338\" frameborder=\"0\" marginwidth=\"0\" marginheight=\"0\" scrolling=\"no\"><\/iframe><\/p>\n<\/div>\n<\/div>\n<\/div>\n<hr \/>\n<p>&nbsp;<\/p>\n<h2><span style=\"color: #008080;\">GOCCE DI FILOSOFIA<\/span><\/h2>\n<blockquote>\n<h3>GOCCE DI FILOSOFIA &#8211; PUNTATA 252 &#8211; LISA DE LUCA<\/h3>\n<\/blockquote>\n<audio class=\"wp-audio-shortcode\" id=\"audio-323059-14\" preload=\"none\" style=\"width: 100%;\" controls=\"controls\"><source type=\"audio\/mpeg\" src=\"https:\/\/www.radiopiu.net\/wordpress\/wp-content\/uploads\/2023\/02\/FI2-2.mp3?_=14\" \/><a href=\"https:\/\/www.radiopiu.net\/wordpress\/wp-content\/uploads\/2023\/02\/FI2-2.mp3\">https:\/\/www.radiopiu.net\/wordpress\/wp-content\/uploads\/2023\/02\/FI2-2.mp3<\/a><\/audio>\n<p>&nbsp;<\/p>\n<p>LA RACCOLTA COMPLETA<\/p>\n<blockquote class=\"wp-embedded-content\" data-secret=\"8FvgxzAqik\"><p><a href=\"https:\/\/www.radiopiu.net\/wordpress\/gocce-filosofia\/\">Gocce di filosofia,  LA TERZA STAGIONE&#8230; 2023<\/a><\/p><\/blockquote>\n<p><iframe loading=\"lazy\" class=\"wp-embedded-content\" sandbox=\"allow-scripts\" security=\"restricted\" style=\"position: absolute; clip: rect(1px, 1px, 1px, 1px);\" title=\"&#8220;Gocce di filosofia,  LA TERZA STAGIONE&#8230; 2023&#8221; &#8212; Radio Pi\u00f9\" src=\"https:\/\/www.radiopiu.net\/wordpress\/gocce-filosofia\/embed\/#?secret=yApzjA9umA#?secret=8FvgxzAqik\" data-secret=\"8FvgxzAqik\" width=\"600\" height=\"338\" frameborder=\"0\" marginwidth=\"0\" marginheight=\"0\" scrolling=\"no\"><\/iframe><\/p>\n<p>&nbsp;<\/p>\n<p>&nbsp;<\/p>\n<hr \/>\n<p>&nbsp;<\/p>\n<div class=\"column\">\n<p><img loading=\"lazy\" decoding=\"async\" class=\"aligncenter wp-image-61954 size-full\" src=\"https:\/\/www.radiopiu.net\/wordpress\/wp-content\/uploads\/2018\/09\/viabilita.jpeg\" sizes=\"auto, (max-width: 800px) 100vw, 800px\" srcset=\"https:\/\/www.radiopiu.net\/wordpress\/wp-content\/uploads\/2018\/09\/viabilita.jpeg 800w, https:\/\/www.radiopiu.net\/wordpress\/wp-content\/uploads\/2018\/09\/viabilita-300x38.jpeg 300w, https:\/\/www.radiopiu.net\/wordpress\/wp-content\/uploads\/2018\/09\/viabilita-768x96.jpeg 768w\" alt=\"\" width=\"800\" height=\"100\" \/><\/p>\n<p>&nbsp;<\/p>\n<p>&nbsp;<\/p>\n<p><strong>AGGIORNAMENTO VENETO STRADE, AGGIORNAMENTO CONTINUO H 24\u00a0<\/strong><\/p>\n<p><strong>SP1 BIS MADONNA DEL PIAVE,<\/strong>\u00a0localit\u00e0 Scalon,\u00a0dal 13 febbraio al 30 aprile\u00a0-esclusi festivi e prefestivi \u2013 senso unico alternato e possibili interruzioni fino a 15 minuti. \u00f9<\/p>\n<p><strong>SP 26 DI DIGOMAN<\/strong>\u00a0tra i Comuni di Rivamonte e Voltago,\u00a0dal 13 febbraio al 10 marzo\u00a0interdizione totale alla circolazione dalle 8 alle 17, negli altri periodi senso unico alternato regolato da semaforo.<\/p>\n<p><strong>SP3 VALLE IMPERINA<\/strong>\u00a0localit\u00e0 Gona (sopra Ponte Alto),\u00a0dal 13 febbraio al 17 marzo\u00a0senso unico alternato regolato da impianto semaforico.<\/p>\n<p><strong>SP 251 VAL DI ZOLDO E CELLINA<\/strong>\u00a0localit\u00e0 Ospitale,\u00a0dal 13 febbraio al 17 marzo\u00a0senso unico alternato, esclusi festivi e prefestivi.<\/p>\n<blockquote class=\"wp-embedded-content\" data-secret=\"XyTZThEDpO\"><p><a href=\"https:\/\/www.radiopiu.net\/wordpress\/viabilita\/\">viabilita<\/a><\/p><\/blockquote>\n<p><iframe loading=\"lazy\" class=\"wp-embedded-content\" sandbox=\"allow-scripts\" security=\"restricted\" style=\"position: absolute; clip: rect(1px, 1px, 1px, 1px);\" title=\"&#8220;viabilita&#8221; &#8212; Radio Pi\u00f9\" src=\"https:\/\/www.radiopiu.net\/wordpress\/viabilita\/embed\/#?secret=XQdfLYKZZu#?secret=XyTZThEDpO\" data-secret=\"XyTZThEDpO\" width=\"600\" height=\"338\" frameborder=\"0\" marginwidth=\"0\" marginheight=\"0\" scrolling=\"no\"><\/iframe><\/p>\n<div>\n<div dir=\"ltr\">\n<div class=\"gmail_quote\">\n<div dir=\"ltr\">\n<div class=\"gmail_quote\"><\/div>\n<\/div>\n<\/div>\n<\/div>\n<\/div>\n<p>&nbsp;<\/p>\n<hr \/>\n<p>&nbsp;<\/p>\n<p><a class=\"dt-pswp-item\" href=\"https:\/\/www.radiopiu.net\/wordpress\/wp-content\/uploads\/2018\/09\/WhatsApp-Image-2018-09-20-at-16.04.06.jpeg\" data-dt-img-description=\"\" data-large_image_width=\"800\" data-large_image_height=\"100\"><img loading=\"lazy\" decoding=\"async\" class=\"wp-image-61378 size-full aligncenter\" src=\"https:\/\/www.radiopiu.net\/wordpress\/wp-content\/uploads\/2018\/09\/WhatsApp-Image-2018-09-20-at-16.04.06.jpeg\" alt=\"\" width=\"800\" height=\"100\" srcset=\"https:\/\/www.radiopiu.net\/wordpress\/wp-content\/uploads\/2018\/09\/WhatsApp-Image-2018-09-20-at-16.04.06.jpeg 800w, https:\/\/www.radiopiu.net\/wordpress\/wp-content\/uploads\/2018\/09\/WhatsApp-Image-2018-09-20-at-16.04.06-300x38.jpeg 300w, https:\/\/www.radiopiu.net\/wordpress\/wp-content\/uploads\/2018\/09\/WhatsApp-Image-2018-09-20-at-16.04.06-768x96.jpeg 768w\" sizes=\"auto, (max-width: 800px) 100vw, 800px\" \/><\/a><\/p>\n<p>&nbsp;<\/p>\n<p><center><\/center><center><\/center><center><b>OGGI<\/b><\/center><b>Tempo atteso: <\/b>Sulle Dolomiti sole velato da nubi alte, poi arrivo di nubi medie entro le ore centrali, prima che la nuvolosit\u00e0 bassa e media stratiforme aumenti nel corso del pomeriggio fino a cielo coperto alla sera. Sulle Prealpi la copertura nuvolosa sar\u00e0 ben insediata, gi\u00e0 al mattino, e tender\u00e0 a intensificarsi ulteriormente dando luogo a qualche debolissimo fenomeno entro la sera. Atmosfera via via pi\u00f9 uggiosa con riduzione dell&#8217;escursione termica giornaliera.<br \/>\n<b>Precipitazioni: <\/b>Assenti sulle Dolomiti (0%). Sulle Prealpi generalmente assenti al mattino (10%). Dal pomeriggio qualche pioviggina si verificher\u00e0 sulle Prealpi occidentali (20-30%) con nevischio serale sulle cime pi\u00f9 alte (1800-2000 m), mentre il rischio sar\u00e0 minore sulle Prealpi bellunesi (10-20%).<br \/>\n<b>Temperature: <\/b>In generale lieve diminuzione rispetto a marted\u00ec, salvo aumento delle minime sugli altopiani prealpini e nelle valli dolomitiche. Attenuazione dell&#8217;inversione termica notturna.<\/p>\n<hr \/>\n<p><center><b>DOMANI<\/b><\/center><b>Tempo atteso: <\/b>Cielo da molto nuvoloso a coperto ovunque per nubi basse e medie stratiformi, senza chance di schiarite. In questo contesto molto umido, il tempo diventer\u00e0 leggermente perturbato con deboli fenomeni sparsi, gi\u00e0 al mattino, ma soprattutto al pomeriggio\/sera al passaggio di un&#8217;asse di saccatura. Contesto termico assai pi\u00f9 fresco con debole escursione termica a tutte le quote.<br \/>\n<b>Precipitazioni: <\/b>Crescente probabilit\u00e0 di deboli o debolissime precipitazioni sparse, nevose oltre i 1400 e 1600 m. Previsti 1-2 mm nei settori pi\u00f9 esposti allo Stau da sud-ovest, meno altrove. Per quanto riguarda gli accumuli di neve saranno inesistenti sotto i 1500 m e irrisori oltre tale quota: 1-2 cm.<br \/>\n<b>Temperature: <\/b>Minime in calo in quota, dove saranno osservate alla sera, e in rialzo nelle valli; massime in generale contenuta flessione.<\/p>\n<hr \/>\n<p><center><b>VENERDI<\/b><\/center>Cielo coperto per nubi medie e basse tra la notte e il mattino, quando si verificheranno residue debolissime precipitazioni, nevose sopra i 1300-1500 m. Si tratter\u00e0 di fenomeni di poco conto senza accumuli. Tale probabilit\u00e0 diminuir\u00e0 con il passare delle ore e al pomeriggio la nuvolosit\u00e0 si attenuer\u00e0, specie sulle Dolomiti, dove le chance di schiarite saranno maggiori rispetto alle Prealpi. Temperature minime senza variazioni di rilievo e massime in leggera ripresa.<\/p>\n<hr \/>\n<p><center><b>SABATO<\/b><\/center>Nottetempo nuvoloso, Dal primo mattino netto miglioramento del tempo con sole e cielo sereno sulla maggiore parte della montagna veneta, a eccezione di alcuni settori prealpini marginalmente interessati da nubi alte. Nel corso del pomeriggio riduzione del soleggiamento sulle Prealpi per attivit\u00e0 cumuliforme senza fenomeni, salvo qualche fiocco sulle cime. Temperature minime in calo; massime in rialzo, salvo contenuta diminuzione sulle cime pi\u00f9 alte.<\/p>\n<\/div>\n<p>&nbsp;<\/p>\n<hr \/>\n<p>&nbsp;<\/p>\n<p><a class=\"dt-pswp-item\" href=\"https:\/\/www.radiopiu.net\/wordpress\/wp-content\/uploads\/2018\/09\/sport.jpg\" data-dt-img-description=\"\" data-large_image_width=\"800\" data-large_image_height=\"100\"><img loading=\"lazy\" decoding=\"async\" class=\"aligncenter wp-image-60761 size-full\" src=\"https:\/\/www.radiopiu.net\/wordpress\/wp-content\/uploads\/2018\/09\/sport.jpg\" alt=\"\" width=\"800\" height=\"100\" srcset=\"https:\/\/www.radiopiu.net\/wordpress\/wp-content\/uploads\/2018\/09\/sport.jpg 800w, https:\/\/www.radiopiu.net\/wordpress\/wp-content\/uploads\/2018\/09\/sport-300x38.jpg 300w, https:\/\/www.radiopiu.net\/wordpress\/wp-content\/uploads\/2018\/09\/sport-768x96.jpg 768w\" sizes=\"auto, (max-width: 800px) 100vw, 800px\" \/><\/a><\/p>\n<p>&nbsp;<\/p>\n<p><span style=\"color: #0000ff;\"><strong>SNOWBOARD<\/strong><\/span><\/p>\n<blockquote>\n<h3>TERMINA AI QUARTI DI FINALE LA SECONDA PROVA DEI MONDIALI DI SNOWBOARD PER LUCIA DALMASSO<\/h3>\n<\/blockquote>\n<p><strong><a class=\"dt-pswp-item\" href=\"https:\/\/www.radiopiu.net\/wordpress\/wp-content\/uploads\/2023\/02\/Dalmasso-1068.jpg\" data-dt-img-description=\"\" data-large_image_width=\"1068\" data-large_image_height=\"584\"><img loading=\"lazy\" decoding=\"async\" class=\" wp-image-323182 alignleft\" src=\"https:\/\/www.radiopiu.net\/wordpress\/wp-content\/uploads\/2023\/02\/Dalmasso-1068-300x164.jpg\" alt=\"\" width=\"174\" height=\"95\" srcset=\"https:\/\/www.radiopiu.net\/wordpress\/wp-content\/uploads\/2023\/02\/Dalmasso-1068-300x164.jpg 300w, https:\/\/www.radiopiu.net\/wordpress\/wp-content\/uploads\/2023\/02\/Dalmasso-1068-1024x560.jpg 1024w, https:\/\/www.radiopiu.net\/wordpress\/wp-content\/uploads\/2023\/02\/Dalmasso-1068-768x420.jpg 768w, https:\/\/www.radiopiu.net\/wordpress\/wp-content\/uploads\/2023\/02\/Dalmasso-1068.jpg 1068w\" sizes=\"auto, (max-width: 174px) 100vw, 174px\" \/><\/a>BAKURIANI (GEORGIA)\u00a0<\/strong>Ancora una bella prestazione per Lucia Dalmasso nei mondiali di snowboard in corso a Bakuriani in Georgia. Seconda giornata di gare per la falcadina delle Fiamme Gialle che si \u00e8 cimentata nello slalom parallelo. Unica rappresentante azzurra in gara, \u00e8 uscita ai quarti di finale, valevole per l&#8217;ottava posizione. Dalmasso che ha messo in scena un\u2019altra buona gara, eliminando agli ottavi di finale la giapponese Tsubaki Miki, medaglia d\u2019oro nel PGS inaugurale, arrendendosi al turno successivo alla finalista Jenny. Per Lucia un errore a poche porte dal termine dopo una gara alla pari con la svizzera. (foto: fisi.org)<\/p>\n<p>&nbsp;<\/p>\n<p>&nbsp;<\/p>\n<hr \/>\n<p>&nbsp;<\/p>\n<p><span style=\"color: #0000ff;\"><strong>CALCIO<\/strong><\/span><\/p>\n<blockquote>\n<h3>L&#8217;AGORDINA ATTRAVERSA UN PERIODO DI DIFFICOLTA&#8217;<\/h3>\n<\/blockquote>\n<p><strong><a class=\"dt-pswp-item\" href=\"https:\/\/www.radiopiu.net\/wordpress\/wp-content\/uploads\/2019\/09\/AGORDINA-CALCIO.jpeg\" data-dt-img-description=\"\" data-large_image_width=\"225\" data-large_image_height=\"225\"><img loading=\"lazy\" decoding=\"async\" class=\" wp-image-97575 alignleft\" src=\"https:\/\/www.radiopiu.net\/wordpress\/wp-content\/uploads\/2019\/09\/AGORDINA-CALCIO.jpeg\" alt=\"\" width=\"112\" height=\"112\" srcset=\"https:\/\/www.radiopiu.net\/wordpress\/wp-content\/uploads\/2019\/09\/AGORDINA-CALCIO.jpeg 225w, https:\/\/www.radiopiu.net\/wordpress\/wp-content\/uploads\/2019\/09\/AGORDINA-CALCIO-150x150.jpeg 150w\" sizes=\"auto, (max-width: 112px) 100vw, 112px\" \/><\/a>di Marco Gaz<\/strong><\/p>\n<p><strong>REDAZIONE<\/strong> Sembrava fatta ma non \u00e8 stato cos\u00ec. Domenica scorsa l&#8217;Agordina ha perso di nuovo. La beffa \u00e8 arrivata al 95&#8242;, in pieno recupero. Il Castion, quarta forza del campionato, ha espugnato l&#8217;Ivano Dorigo di Agordo con una punizione allo scadere. Ma gli uomini di Lorenzi non hanno demeritato giocando tutta la partita ottimamente, mettendo in difficolt\u00e0 gli avversari in pi\u00f9 occasioni. Sono stati gli episodi a consegnare la vittoria ai castionesi grazie da due errori dell&#8217;estremo difensore agordino. Un risultato che non rispecchia l&#8217;impegno messo in campo dagli agordini che rimangono in zona playout della Seconda Categoria girone T del Veneto. Da qui in avanti solo partite impegnative per l&#8217;Agordina che affronter\u00e0 tutte le squadre pi\u00f9 forti del torneo iniziando da domenica quando sar\u00e0 chiamata alla trasferta di Borgo Valbelluna per giocare contro il Lentiai, primo in classifica.<\/p>\n<p><strong>MATTEO CHISSALE&#8217;, GIOCATORE DELL&#8217;AGORDINA<\/strong><\/p>\n<audio class=\"wp-audio-shortcode\" id=\"audio-323059-15\" preload=\"none\" style=\"width: 100%;\" controls=\"controls\"><source type=\"audio\/mpeg\" src=\"https:\/\/www.radiopiu.net\/wordpress\/wp-content\/uploads\/2023\/02\/MATTEO-CHISSA-CASTION.mp3?_=15\" \/><a href=\"https:\/\/www.radiopiu.net\/wordpress\/wp-content\/uploads\/2023\/02\/MATTEO-CHISSA-CASTION.mp3\">https:\/\/www.radiopiu.net\/wordpress\/wp-content\/uploads\/2023\/02\/MATTEO-CHISSA-CASTION.mp3<\/a><\/audio>\n<p>&nbsp;<\/p>\n<p>&nbsp;<\/p>\n<hr \/>\n<p>&nbsp;<\/p>\n<p><strong><span style=\"color: #0000ff;\">CORSA CAMPESTRE<\/span><\/strong><\/p>\n<blockquote>\n<h3>CSI DI BELLUNO E DI FELTRE PROTAGONISTI NELLA PROVA REGIONALE DI CORSA CAMPESTRE<\/h3>\n<\/blockquote>\n<p><strong>BELLUNO <\/strong>Csi Belluno e Csi Feltre sono stati grandi protagonisti anche della seconda prova del Campionato regionale di corsa campestre del Centro sportivo italiano, svoltasi domenica scorsa, 19 febbraio, a Tezze sul Brenta (Vicenza).\u00a0 Ottima la partecipazione e ottimi i risultati per le societ\u00e0 dei due comitati della provincia che sono salite ben ventisei volte sul podio: per Csi Belluno sono arrivati cinque successi, sei secondi posti e quattro terzi posti mentre Csi Feltre ha conquistato tre vittorie, cinque secondi e tre terzi posti. <strong>Primi posti:<\/strong> Lucia Turrin (Virtus Nemeggio, Cadette); Silvia Buogo (Polisportiva Santa Giustina, Allieve); Said Boudalia (Astra Quero, Veterani A); Matilde De Carli (Atletica Lamon, Juniores); Francesca De Col\u00f2 (Atletica Agordina, Seniores); Manuela Bulf (Atletica Agordina, Amatori A); Hisham Boudalia (Astra Quero, Juniores); Lorenzo Da Rin De Monego (Atletica Lamon, Seniores). <strong>Secondi posti:<\/strong> Chiara De Nard (Atletica Lamon, Esordienti); Nicol\u00f2 Maccagnan (La Piave 2000, Esordienti); Mattia Simeoni (Astra Quero, Ragazzi); Gaia Argenta (Polisportiva Santa Giustina, Cadette); Nicola Riposi (Gs Castionese, Cadetti); Lucio Fregona (Astra Quero, Veterani A); Adriano Sommariva (Atletica Lamon, Veterani B); Gina Zanella (Atleticadore Giocallena, Amatori B); Mattia Scopel (Atletica Lamon, Seniores); Alvaro Zanoni (Virtus Nemeggio, Amatori A); Eddy De Riz (Atletica Lamon, Amatori B). <strong>Terzi posti:<\/strong> Hellen Triches (Atletica Agordina, Cadette); Tommaso Furlan (Aquilotti Pelos, Cadetti); Consuelo De Bortoli (Virtus Nemeggio, Veterane B); Gianni De Conti (Atletica Trichiana, Veterani B); Federica Schievenin (Virtus Nemeggio, Amatori A); Giacomo Polesana (Polisportiva Santa Giustina, Juniores); Pablo Luis Cappelletto (Atletica Lamon, Seniores). La terza e ultima prova del Regionale si svolger\u00e0 il 12 marzo a Padova mentre il Campionato nazionale invece si svolger\u00e0 proprio a Tezze sul Brenta l&#8217;1 e 2 aprile.<\/p>\n\n\t\t\t<style type='text\/css'>\n\t\t\t\t#gallery-8 {\n\t\t\t\t\tmargin: auto;\n\t\t\t\t}\n\t\t\t\t#gallery-8 .gallery-item {\n\t\t\t\t\tfloat: left;\n\t\t\t\t\tmargin-top: 10px;\n\t\t\t\t\ttext-align: center;\n\t\t\t\t\twidth: 50%;\n\t\t\t\t}\n\t\t\t\t#gallery-8 img {\n\t\t\t\t\tborder: 2px solid #cfcfcf;\n\t\t\t\t}\n\t\t\t\t#gallery-8 .gallery-caption {\n\t\t\t\t\tmargin-left: 0;\n\t\t\t\t}\n\t\t\t\t\/* see gallery_shortcode() in wp-includes\/media.php *\/\n\t\t\t<\/style>\n\t\t<div id='gallery-8' class='dt-gallery-container gallery galleryid-323059 gallery-columns-2 gallery-size-medium'><dl class='gallery-item'>\n\t\t\t\t<dt class='gallery-icon landscape'>\n\t\t\t\t\t<a class=\"rollover rollover-zoom dt-pswp-item\" title=\"podio amatori A - 1. manuela bulf - 3. federica schievenin\" data-dt-img-description=\"\" data-large_image_width=\"1500\" data-large_image_height=\"1000\"href='https:\/\/www.radiopiu.net\/wordpress\/wp-content\/uploads\/2023\/02\/podio-amatori-A-1.-manuela-bulf-3.-federica-schievenin.jpeg'><img loading=\"lazy\" decoding=\"async\" width=\"300\" height=\"200\" src=\"https:\/\/www.radiopiu.net\/wordpress\/wp-content\/uploads\/2023\/02\/podio-amatori-A-1.-manuela-bulf-3.-federica-schievenin-300x200.jpeg\" class=\"attachment-medium size-medium\" alt=\"\" aria-describedby=\"gallery-8-323167\" srcset=\"https:\/\/www.radiopiu.net\/wordpress\/wp-content\/uploads\/2023\/02\/podio-amatori-A-1.-manuela-bulf-3.-federica-schievenin-300x200.jpeg 300w, https:\/\/www.radiopiu.net\/wordpress\/wp-content\/uploads\/2023\/02\/podio-amatori-A-1.-manuela-bulf-3.-federica-schievenin-1024x683.jpeg 1024w, https:\/\/www.radiopiu.net\/wordpress\/wp-content\/uploads\/2023\/02\/podio-amatori-A-1.-manuela-bulf-3.-federica-schievenin-768x512.jpeg 768w, https:\/\/www.radiopiu.net\/wordpress\/wp-content\/uploads\/2023\/02\/podio-amatori-A-1.-manuela-bulf-3.-federica-schievenin.jpeg 1500w\" sizes=\"auto, (max-width: 300px) 100vw, 300px\" \/><\/a>\n\t\t\t\t<\/dt>\n\t\t\t\t\t<dd class='wp-caption-text gallery-caption' id='gallery-8-323167'>\n\t\t\t\t\tPODIO AMATORI A\n\t\t\t\t\t<\/dd><\/dl><dl class='gallery-item'>\n\t\t\t\t<dt class='gallery-icon landscape'>\n\t\t\t\t\t<a class=\"rollover rollover-zoom dt-pswp-item\" title=\"podio juniores - 1. hisham boudalia - 3. giacomo polesana\" data-dt-img-description=\"\" data-large_image_width=\"1500\" data-large_image_height=\"1000\"href='https:\/\/www.radiopiu.net\/wordpress\/wp-content\/uploads\/2023\/02\/podio-juniores-1.-hisham-boudalia-3.-giacomo-polesana.jpeg'><img loading=\"lazy\" decoding=\"async\" width=\"300\" height=\"200\" src=\"https:\/\/www.radiopiu.net\/wordpress\/wp-content\/uploads\/2023\/02\/podio-juniores-1.-hisham-boudalia-3.-giacomo-polesana-300x200.jpeg\" class=\"attachment-medium size-medium\" alt=\"\" aria-describedby=\"gallery-8-323168\" srcset=\"https:\/\/www.radiopiu.net\/wordpress\/wp-content\/uploads\/2023\/02\/podio-juniores-1.-hisham-boudalia-3.-giacomo-polesana-300x200.jpeg 300w, https:\/\/www.radiopiu.net\/wordpress\/wp-content\/uploads\/2023\/02\/podio-juniores-1.-hisham-boudalia-3.-giacomo-polesana-1024x683.jpeg 1024w, https:\/\/www.radiopiu.net\/wordpress\/wp-content\/uploads\/2023\/02\/podio-juniores-1.-hisham-boudalia-3.-giacomo-polesana-768x512.jpeg 768w, https:\/\/www.radiopiu.net\/wordpress\/wp-content\/uploads\/2023\/02\/podio-juniores-1.-hisham-boudalia-3.-giacomo-polesana.jpeg 1500w\" sizes=\"auto, (max-width: 300px) 100vw, 300px\" \/><\/a>\n\t\t\t\t<\/dt>\n\t\t\t\t\t<dd class='wp-caption-text gallery-caption' id='gallery-8-323168'>\n\t\t\t\t\tPODIO JUNIORES\n\t\t\t\t\t<\/dd><\/dl><br style=\"clear: both\" \/>\n\t\t\t<\/div>\n\n","protected":false},"excerpt":{"rendered":"<p>RADIO PIU INFORMAZIONE il canale su TELEGRAM informazione di prima\u00a0 mano e in tempo reale. iscriviti ed aiutaci a farlo conoscere\u00a0 \u00a0\u00a0 &nbsp; IL PONTE DI CARNEVALE TANTO ATTESO, SCIARE NELL&#8217;AGORDINO: GIORNATE DI SUCCESSO foto Mario De Marco. &nbsp; ISCRIVITI AL NOSTRO CANALE YOUTUBE PER SEGUIRE IN DIRETTA I PRINCIPALI PROGRAMMI DI RADIO PIU&#8217; E&hellip;<\/p>\n","protected":false},"author":4,"featured_media":323150,"comment_status":"closed","ping_status":"closed","sticky":false,"template":"","format":"standard","meta":{"_monsterinsights_skip_tracking":false,"_monsterinsights_sitenote_active":false,"_monsterinsights_sitenote_note":"","_monsterinsights_sitenote_category":0,"footnotes":""},"categories":[51,86,49],"tags":[],"class_list":["post-323059","post","type-post","status-publish","format-standard","has-post-thumbnail","hentry","category-evidenza-top","category-gr","category-news-18","category-51","category-86","category-49","description-off"],"img_url":"https:\/\/www.radiopiu.net\/wordpress\/wp-content\/uploads\/2023\/02\/5e335f5a-ac38-4459-897a-201eca2477a4.jpg","_links":{"self":[{"href":"https:\/\/www.radiopiu.net\/wordpress\/wp-json\/wp\/v2\/posts\/323059","targetHints":{"allow":["GET"]}}],"collection":[{"href":"https:\/\/www.radiopiu.net\/wordpress\/wp-json\/wp\/v2\/posts"}],"about":[{"href":"https:\/\/www.radiopiu.net\/wordpress\/wp-json\/wp\/v2\/types\/post"}],"author":[{"embeddable":true,"href":"https:\/\/www.radiopiu.net\/wordpress\/wp-json\/wp\/v2\/users\/4"}],"replies":[{"embeddable":true,"href":"https:\/\/www.radiopiu.net\/wordpress\/wp-json\/wp\/v2\/comments?post=323059"}],"version-history":[{"count":0,"href":"https:\/\/www.radiopiu.net\/wordpress\/wp-json\/wp\/v2\/posts\/323059\/revisions"}],"wp:featuredmedia":[{"embeddable":true,"href":"https:\/\/www.radiopiu.net\/wordpress\/wp-json\/wp\/v2\/media\/323150"}],"wp:attachment":[{"href":"https:\/\/www.radiopiu.net\/wordpress\/wp-json\/wp\/v2\/media?parent=323059"}],"wp:term":[{"taxonomy":"category","embeddable":true,"href":"https:\/\/www.radiopiu.net\/wordpress\/wp-json\/wp\/v2\/categories?post=323059"},{"taxonomy":"post_tag","embeddable":true,"href":"https:\/\/www.radiopiu.net\/wordpress\/wp-json\/wp\/v2\/tags?post=323059"}],"curies":[{"name":"wp","href":"https:\/\/api.w.org\/{rel}","templated":true}]}}