{"id":323115,"date":"2023-02-21T07:55:53","date_gmt":"2023-02-21T06:55:53","guid":{"rendered":"https:\/\/www.radiopiu.net\/wordpress\/?p=323115"},"modified":"2023-02-21T08:00:30","modified_gmt":"2023-02-21T07:00:30","slug":"323115-2","status":"publish","type":"post","link":"https:\/\/www.radiopiu.net\/wordpress\/323115-2\/","title":{"rendered":"ASCOLTA LA RASSEGNA STAMPA, OGNI GIORNO ALLE OTTO DEL MATTINO"},"content":{"rendered":"<p><strong>COMELICO SUPERIORE<\/strong> Casamazzagno senza fiato, si stringe alla famiglia e piange Gildo Zanderigo Maccarino settantenne, rocciatore attivo con gli amici dei Rondi. Gildo era conosciuto e stimato per la sua attiva presenza nel Soccorso alpino. Purtroppo nella mattinata di ieri Gildo Zanderigo Maccarino \u00e8 mancato in ospedale a Treviso.<br \/>\n<strong>BORGO VALBELLUNA<\/strong> Incendio nello storico laboratorio dei ferri da stiro, in fiamme anche l&#8217;abitazione a Corte di Mel. Divorato dalle fiamme il magazzino di ferri da stiro Ddolo di Delfino e Mavi Dolo, illesi i proprietari, in fumo una vita di lavoro.<br \/>\n<strong>TAIBON<\/strong> Topi di appartamento a Listolade, approfittando probabilmente del via vai legato agli eventi carnevalizi. Il furto \u00e8 stato messo a segno domenica tra le 16,30 e le 18. I ladri non hanno trovato nulla da rubare.<br \/>\n<strong>BELLUNO<\/strong> Presentato il nuovo progetto di riqualificazione, il sindaco Oscar De Pellegrin &#8220;Un biglietto da visita attrattivo&#8221;.<br \/>\n<strong>BELLUNO<\/strong> Una serata dedicata al ricordo del dramma delle foibe: l\u2019appuntamento \u00e8 a Belluno per luned\u00ec 27, e tra i relatori interverr\u00e0 anche Roberto Menia, senatore che quasi 20 anni fa promosse la legge che istitu\u00ec il Giorno del Ricordo.<\/p>\n<p><strong>GOSALDO<\/strong> La giunta dell&#8217;Unione montana agordina ha approvato nel corso dell&#8217;ultima seduta il progetto di fattibilit\u00e0 tecnico-economica del bacino di accumulo multifunzione con potenziamento dell&#8217;impianto di innevamento programmato a servizio delle piste da sci di Forcella Aurine<br \/>\n<strong>FALCADE<\/strong>\u00abPer la prima volta siamo riusciti ad arrivare a una tariffa unica per tutto l&#8217;Agordino che si allinea a quelle che, in altre localit\u00e0 di villeggiatura, sono in atto gi\u00e0 da alcuni anni\u00bb. Il sindaco di Falcade, Mauro Salvaterra, difende gli aumenti della tassa di soggiorno decretata dalla sua giunta.<br \/>\n<strong>BELLUNO<\/strong> Il Terzo Polo, che formalmente non \u00e8 ancora nato, in provincia \u00e8 gi\u00e0 una realt\u00e0 grazie all&#8217;iniziativa intrapresa dai referenti locali con il segretario Andrea De Bortoli. Al suo fianco ci sar\u00e0 un comitato di indirizzo in corso di formazione<br \/>\n<strong>FELTRE<\/strong> Prende corpo il catalogo dei ferri battuti di Carlo Rizzarda, che vuole dare un valore aggiunto al museo che porta il nome del mastro ferraio e alla tradizione feltrina. Il volume, di circa 430 pagine, da stampare in mille esemplari, oltre alle schede di 400 ferri battuti<br \/>\n<strong>AGORDO <\/strong>La scuola di alpinismo e scialpinismo della Sezione agordina del Cai organizza un corso di scialpinismo SA2 che si svolger\u00e0 da domani al 23 aprile.<br \/>\n<strong>ROCCA PIETORE<\/strong> A due anni dai festeggiamenti per il secolo di vita, con grande emozione inviamo gli auguri ad Elsa De Vallier di Rocca Pietore. Auguri! Cara mamma, nonna e bisnonna. E\u2019 festa oggi a Rocca Pietore per il compleanno di Elsa De Vallier.<br \/>\nCOVID Rimane stabile l\u2019incidenza intorno al valore soglia di 50 casi su 100 mila abitanti. Sono ricoverati 40 pazienti in area non critica di cui 32 non covid<br \/>\n<strong>BORGO VALBELLUNA<\/strong> Significativa chiusura all\u2019Agriturismo Ortoalpino di Michele Dassi\u00e8 ,a Confos di Borgo Valbelluna, del Corso Avanzato Cuochi Contadini Agrichef organizzato da Coldiretti Belluno e Impresa Verde Treviso Belluno. sul sito di RADIOPIU l&#8217;intervista a Fabrizio Pescosta, agrichef alla piccola baita di Sappade &#8211; Falcade<br \/>\n<strong>CENCENIGHE<\/strong> Diego Toigo e Santiago Padr\u00f2s saranno ospiti del Gruppo Amici della Montagna di Cencenighe sabato 25 febbraio per presentare al Nof Fil\u00f2 \u201cAttraverso le Pale di San Lucano\u201d<br \/>\n<strong>VOLTAGO<\/strong> Sabato 18 febbraio nella gremita sala polifunzionale \u201cGianni De Col\u201d di Voltago Agordino ha preso ufficialmente vita il Gruppo Auser \u201cSot l\u2019Agn\u00e8r\u201d.<br \/>\n<strong>CENCENIGHE\u00a0 <\/strong>CARNEVALE AL NOF FILO&#8217; DI CENCENIGHE, QUESTA SERA \u00a0BALLO IN MASCHERA CON LA MUSICA DI WILMER E PREMI ALLE MASCHERE PIU&#8217; BELLE, SINGOLI E GRUPPI.<\/p>\n<p><strong>SNOWBOARD<\/strong> OGGI LUCIA DALMASSO DI NUOVO IN PISTA NEI MONDIALI DI SNOWBOARD<br \/>\n<strong>PALLAVOLO<\/strong> IL VOLLEY CLUB AGORDINO TORNA A VINCERE<br \/>\n<strong>HOCKEY SU GHIACCIO<\/strong> IL GLOBAL GIRL&#8217;S GAME A FELTRE<\/p>\n<p>&nbsp;<\/p>\n<p><iframe loading=\"lazy\" title=\"RASSEGNA STAMPA LOCALE\" width=\"1200\" height=\"675\" src=\"https:\/\/www.youtube.com\/embed\/IPvq5CftnRk?feature=oembed\" frameborder=\"0\" allow=\"accelerometer; autoplay; clipboard-write; encrypted-media; gyroscope; picture-in-picture; web-share\" allowfullscreen><\/iframe><\/p>\n<p>&nbsp;<\/p>\n","protected":false},"excerpt":{"rendered":"<p>COMELICO SUPERIORE Casamazzagno senza fiato, si stringe alla famiglia e piange Gildo Zanderigo Maccarino settantenne, rocciatore attivo con gli amici dei Rondi. Gildo era conosciuto e stimato per la sua attiva presenza nel Soccorso alpino. Purtroppo nella mattinata di ieri Gildo Zanderigo Maccarino \u00e8 mancato in ospedale a Treviso. BORGO VALBELLUNA Incendio nello storico laboratorio&hellip;<\/p>\n","protected":false},"author":4,"featured_media":323113,"comment_status":"closed","ping_status":"closed","sticky":false,"template":"","format":"standard","meta":{"_monsterinsights_skip_tracking":false,"_monsterinsights_sitenote_active":false,"_monsterinsights_sitenote_note":"","_monsterinsights_sitenote_category":0,"footnotes":""},"categories":[104,49,142],"tags":[],"class_list":["post-323115","post","type-post","status-publish","format-standard","has-post-thumbnail","hentry","category-evidenza_3","category-news-18","category-rassegna-stampa","category-104","category-49","category-142","description-off"],"img_url":"https:\/\/www.radiopiu.net\/wordpress\/wp-content\/uploads\/2023\/02\/Senza-nome-54.jpg","_links":{"self":[{"href":"https:\/\/www.radiopiu.net\/wordpress\/wp-json\/wp\/v2\/posts\/323115","targetHints":{"allow":["GET"]}}],"collection":[{"href":"https:\/\/www.radiopiu.net\/wordpress\/wp-json\/wp\/v2\/posts"}],"about":[{"href":"https:\/\/www.radiopiu.net\/wordpress\/wp-json\/wp\/v2\/types\/post"}],"author":[{"embeddable":true,"href":"https:\/\/www.radiopiu.net\/wordpress\/wp-json\/wp\/v2\/users\/4"}],"replies":[{"embeddable":true,"href":"https:\/\/www.radiopiu.net\/wordpress\/wp-json\/wp\/v2\/comments?post=323115"}],"version-history":[{"count":0,"href":"https:\/\/www.radiopiu.net\/wordpress\/wp-json\/wp\/v2\/posts\/323115\/revisions"}],"wp:featuredmedia":[{"embeddable":true,"href":"https:\/\/www.radiopiu.net\/wordpress\/wp-json\/wp\/v2\/media\/323113"}],"wp:attachment":[{"href":"https:\/\/www.radiopiu.net\/wordpress\/wp-json\/wp\/v2\/media?parent=323115"}],"wp:term":[{"taxonomy":"category","embeddable":true,"href":"https:\/\/www.radiopiu.net\/wordpress\/wp-json\/wp\/v2\/categories?post=323115"},{"taxonomy":"post_tag","embeddable":true,"href":"https:\/\/www.radiopiu.net\/wordpress\/wp-json\/wp\/v2\/tags?post=323115"}],"curies":[{"name":"wp","href":"https:\/\/api.w.org\/{rel}","templated":true}]}}