{"id":323191,"date":"2023-02-22T05:16:16","date_gmt":"2023-02-22T04:16:16","guid":{"rendered":"https:\/\/www.radiopiu.net\/wordpress\/?p=323191"},"modified":"2023-02-22T05:47:34","modified_gmt":"2023-02-22T04:47:34","slug":"carnevale-a-feltre-2023-bellissima-risposta-da-parte-delle-famiglie-per-le-iniziative-di-questo-pomeriggio","status":"publish","type":"post","link":"https:\/\/www.radiopiu.net\/wordpress\/carnevale-a-feltre-2023-bellissima-risposta-da-parte-delle-famiglie-per-le-iniziative-di-questo-pomeriggio\/","title":{"rendered":"CARNEVALE A FELTRE 2023: BELLISSIMA RISPOSTA DA PARTE DELLE FAMIGLIE"},"content":{"rendered":"<p><strong><a class=\"dt-pswp-item\" href=\"https:\/\/www.radiopiu.net\/wordpress\/wp-content\/uploads\/2023\/02\/Carnevale-a-Feltre-2023-scaled.jpg\" data-dt-img-description=\"\" data-large_image_width=\"2560\" data-large_image_height=\"1440\"><img loading=\"lazy\" decoding=\"async\" class=\" wp-image-323200 alignleft\" src=\"https:\/\/www.radiopiu.net\/wordpress\/wp-content\/uploads\/2023\/02\/Carnevale-a-Feltre-2023-300x169.jpg\" alt=\"\" width=\"178\" height=\"100\" srcset=\"https:\/\/www.radiopiu.net\/wordpress\/wp-content\/uploads\/2023\/02\/Carnevale-a-Feltre-2023-300x169.jpg 300w, https:\/\/www.radiopiu.net\/wordpress\/wp-content\/uploads\/2023\/02\/Carnevale-a-Feltre-2023-1024x576.jpg 1024w, https:\/\/www.radiopiu.net\/wordpress\/wp-content\/uploads\/2023\/02\/Carnevale-a-Feltre-2023-768x432.jpg 768w, https:\/\/www.radiopiu.net\/wordpress\/wp-content\/uploads\/2023\/02\/Carnevale-a-Feltre-2023-1536x864.jpg 1536w, https:\/\/www.radiopiu.net\/wordpress\/wp-content\/uploads\/2023\/02\/Carnevale-a-Feltre-2023-2048x1152.jpg 2048w\" sizes=\"auto, (max-width: 178px) 100vw, 178px\" \/><\/a>FELTRE <\/strong>Un pomeriggio di sole con temperature abbastanza miti ha fatto da cornice al carnevale feltrino che, nel suo atto conclusivo e pi\u00f9 significativo, ha visto protagonisti per le vie del centro cittadino i pi\u00f9 piccoli, ma non solo. Molte infatti anche le famiglie che non hanno voluto mancare ad un appuntamento tradizionale della vita sociale e ricreativa della citt\u00e0, animata in vari punti da spettacoli, laboratori, balli di gruppo ed esibizioni di giocoleria. \u201cLa formula collaudata e il meteo favorevole hanno certamente favorito una partecipazione massiccia\u201d, commenta il vicesindaco e assessore alle Politiche Giovanili Claudio Dalla Palma. \u201cAvevamo pensato ad un evento a misura di bambini e di famiglie e l&#8217;adesione da parte loro ha dimostrato la bont\u00e0 della formula, pensata per offrire alcune ore di divertimento e di allegria in tranquillit\u00e0. La voglia di socialit\u00e0 \u00e8 molta, aggiunge Dalla Palma; il carnevale inaugura di fatto la stagione primaverile delle manifestazioni feltrine a cui stiamo lavorando in collaborazione con enti e associazioni e che ci auguriamo possa essere ricca di contenuti e soddisfazioni\u201d. Nell&#8217;ambito delle manifestazioni per il carnevale, si \u00e8 chiusa oggi anche la mostra \u201cVOLTI DI LEGNO\u201d, l&#8217;esposizione di maschere lignee allestita nei locali del Fondaco delle Biade, in via Mezzaterra, a cura dell&#8217;associazione l&#8217;\u201dArca dei Volti\u201d. La rassegna ha avuto nei 10 giorni di apertura quasi 800 visitatori, sottolineano i referenti dell&#8217;associazione.<\/p>\n<p>&nbsp;<\/p>\n<p>&nbsp;<\/p>\n<p>******<\/p>\n","protected":false},"excerpt":{"rendered":"<p>FELTRE Un pomeriggio di sole con temperature abbastanza miti ha fatto da cornice al carnevale feltrino che, nel suo atto conclusivo e pi\u00f9 significativo, ha visto protagonisti per le vie del centro cittadino i pi\u00f9 piccoli, ma non solo. Molte infatti anche le famiglie che non hanno voluto mancare ad un appuntamento tradizionale della vita&hellip;<\/p>\n","protected":false},"author":4,"featured_media":323200,"comment_status":"closed","ping_status":"closed","sticky":false,"template":"","format":"standard","meta":{"_monsterinsights_skip_tracking":false,"_monsterinsights_sitenote_active":false,"_monsterinsights_sitenote_note":"","_monsterinsights_sitenote_category":0,"footnotes":""},"categories":[51,49],"tags":[],"class_list":["post-323191","post","type-post","status-publish","format-standard","has-post-thumbnail","hentry","category-evidenza-top","category-news-18","category-51","category-49","description-off"],"img_url":"https:\/\/www.radiopiu.net\/wordpress\/wp-content\/uploads\/2023\/02\/Carnevale-a-Feltre-2023-scaled.jpg","_links":{"self":[{"href":"https:\/\/www.radiopiu.net\/wordpress\/wp-json\/wp\/v2\/posts\/323191","targetHints":{"allow":["GET"]}}],"collection":[{"href":"https:\/\/www.radiopiu.net\/wordpress\/wp-json\/wp\/v2\/posts"}],"about":[{"href":"https:\/\/www.radiopiu.net\/wordpress\/wp-json\/wp\/v2\/types\/post"}],"author":[{"embeddable":true,"href":"https:\/\/www.radiopiu.net\/wordpress\/wp-json\/wp\/v2\/users\/4"}],"replies":[{"embeddable":true,"href":"https:\/\/www.radiopiu.net\/wordpress\/wp-json\/wp\/v2\/comments?post=323191"}],"version-history":[{"count":0,"href":"https:\/\/www.radiopiu.net\/wordpress\/wp-json\/wp\/v2\/posts\/323191\/revisions"}],"wp:featuredmedia":[{"embeddable":true,"href":"https:\/\/www.radiopiu.net\/wordpress\/wp-json\/wp\/v2\/media\/323200"}],"wp:attachment":[{"href":"https:\/\/www.radiopiu.net\/wordpress\/wp-json\/wp\/v2\/media?parent=323191"}],"wp:term":[{"taxonomy":"category","embeddable":true,"href":"https:\/\/www.radiopiu.net\/wordpress\/wp-json\/wp\/v2\/categories?post=323191"},{"taxonomy":"post_tag","embeddable":true,"href":"https:\/\/www.radiopiu.net\/wordpress\/wp-json\/wp\/v2\/tags?post=323191"}],"curies":[{"name":"wp","href":"https:\/\/api.w.org\/{rel}","templated":true}]}}