{"id":323203,"date":"2023-02-21T23:59:40","date_gmt":"2023-02-21T22:59:40","guid":{"rendered":"https:\/\/www.radiopiu.net\/wordpress\/?p=323203"},"modified":"2023-02-22T05:45:42","modified_gmt":"2023-02-22T04:45:42","slug":"val-fiorentina-piccolo-mondo-virgiliano","status":"publish","type":"post","link":"https:\/\/www.radiopiu.net\/wordpress\/val-fiorentina-piccolo-mondo-virgiliano\/","title":{"rendered":"VAL FIORENTINA \u201cPICCOLO MONDO VIRGILIANO\u201d"},"content":{"rendered":"<p><strong>di Renato Bona<\/strong><\/p>\n<p>Nei giorni scorsi abbiamo commentato il prezioso contributo del collega ed amico Giuseppe Sorge che sotto il titolo: \u201cLa nuova frontiera\u201d si \u00e8 occupato dell\u2019evoluzione di una realt\u00e0 importante per la provincia di Belluno come quella agordina. Torniamo sull\u2019argomento perch\u00e9 il libro \u201cBelluno. Viaggio intorno a una provincia\u201d curato nel 1989 dal dott. Maurizio Busatta (edito da Libreria Pilotto editrice Feltre per conto dell\u2019Amministrazione provinciale di Belluno) con numerose qualificate collaborazioni, fotolito Eurocrom di Villorba, composizione tipografia Piave di Belluno, stampa di Graphic group di Feltre) dedica largo meritato spazio alla Val Fiorentina. Esordendo cos\u00ec: \u201cIl paesaggio ha tutta la solennit\u00e0 delle montagne dolomitiche, con sullo sfondo il massiccio del Pelmo, ed i toni di un piccolo mondo virgiliano. I pendii assolati, con i fienili e le case disposte in ordine ed affacciate sulla valle, pur nell\u2019evolversi razionale di una programmazione urbanistico-turistica, mantengono l\u2019aspetto di un mondo dove vivono ancora antiche regole: Selva di Cadore, Santa Fosca, Pescul sono i paesi di questa valle che inizia da Caprile. Attraverso il Passo Staulanza, ai piedi del Pelmo, la Val Fiorentina collega l\u2019Agordino con la Val Zoldana\u201d. Aggiunge quindi che: \u201cAl di l\u00e0 del rio convivono con il turismo che aggiunge abitudini nuove ai riti antichi\u201d. A proposito di chiese: quella di Colle Santa Lucia \u201cfu certamente edificata nei primi decenni del secolo XIV. Bella anche la chiesa gotica che Selva di Cadore ha intitolato a San Lorenzo: rifabbricata nel 1470, \u00e8 stata ampliata nel 1850 su progetto di Osvaldo Palatini. E come non dire dell\u2019altro gioiello gotico, recentemente restaurato, la chiesa monumentale di Santa Fosca \u201ccon l\u2019enorme e ingenuo San Cristoforo che guarda dalla facciata ed all\u2019interno il suggestivo intreccio di nervature gotiche che si rincorrono sulle volte fino al fantastico tabernacolo ligneo del Brustolon\u201d? Giuseppe Sorge a questo punto cita la scoperta dell\u2019Uomo di Mondeval per affermare che le pi\u00f9 antiche testimonianze di presenze umane nella regione agordina, fino al 1987 erano rappresentate da tre iscrizioni confinarie, scoperte nel 1925 dall\u2019alpinista e scrittore Domenico Rudatids lungo le pareti del Civetta. Ricorda poi che per circa sei secoli la storia di questo paese \u00e8 legata alle miniere del monte Fursil il cui terreno venne donato nel 1142 ai Monaci del convento di Novacella nella Pusteria, \u201csenza sapere che poco dopo si sarebbero scoperte le vene di metallo\u201d. Dopo altri passaggi storici, l\u2019illustrazione di rifugi e paesaggi, tutti di straordinaria bellezza ed importanza, che gli appassionati potranno giustamente apprezzare\u2026 dotandosi del libro, frutto del notevole impegno, passione e della bravura di Maurizio Busatta, Giuseppe Sorge e tutti gli altri valenti collaboratori.<\/p>\n\n\t\t\t<style type='text\/css'>\n\t\t\t\t#gallery-1 {\n\t\t\t\t\tmargin: auto;\n\t\t\t\t}\n\t\t\t\t#gallery-1 .gallery-item {\n\t\t\t\t\tfloat: left;\n\t\t\t\t\tmargin-top: 10px;\n\t\t\t\t\ttext-align: center;\n\t\t\t\t\twidth: 16%;\n\t\t\t\t}\n\t\t\t\t#gallery-1 img {\n\t\t\t\t\tborder: 2px solid #cfcfcf;\n\t\t\t\t}\n\t\t\t\t#gallery-1 .gallery-caption {\n\t\t\t\t\tmargin-left: 0;\n\t\t\t\t}\n\t\t\t\t\/* see gallery_shortcode() in wp-includes\/media.php *\/\n\t\t\t<\/style>\n\t\t<div id='gallery-1' class='dt-gallery-container gallery galleryid-323203 gallery-columns-6 gallery-size-thumbnail'><dl class='gallery-item'>\n\t\t\t\t<dt class='gallery-icon portrait'>\n\t\t\t\t\t<a class=\"rollover rollover-zoom dt-pswp-item\" title=\"327743174_539238514716943_4111044462054037653_n\" data-dt-img-description=\"\" data-large_image_width=\"302\" data-large_image_height=\"403\"href='https:\/\/www.radiopiu.net\/wordpress\/wp-content\/uploads\/2023\/02\/327743174_539238514716943_4111044462054037653_n.jpg'><img loading=\"lazy\" decoding=\"async\" width=\"150\" height=\"150\" src=\"https:\/\/www.radiopiu.net\/wordpress\/wp-content\/uploads\/2023\/02\/327743174_539238514716943_4111044462054037653_n-150x150.jpg\" class=\"attachment-thumbnail size-thumbnail\" alt=\"\" \/><\/a>\n\t\t\t\t<\/dt><\/dl><dl class='gallery-item'>\n\t\t\t\t<dt class='gallery-icon landscape'>\n\t\t\t\t\t<a class=\"rollover rollover-zoom dt-pswp-item\" title=\"327936257_585172716847390_1239421870923504565_n\" data-dt-img-description=\"\" data-large_image_width=\"658\" data-large_image_height=\"403\"href='https:\/\/www.radiopiu.net\/wordpress\/wp-content\/uploads\/2023\/02\/327936257_585172716847390_1239421870923504565_n.jpg'><img loading=\"lazy\" decoding=\"async\" width=\"150\" height=\"150\" src=\"https:\/\/www.radiopiu.net\/wordpress\/wp-content\/uploads\/2023\/02\/327936257_585172716847390_1239421870923504565_n-150x150.jpg\" class=\"attachment-thumbnail size-thumbnail\" alt=\"\" \/><\/a>\n\t\t\t\t<\/dt><\/dl><dl class='gallery-item'>\n\t\t\t\t<dt class='gallery-icon landscape'>\n\t\t\t\t\t<a class=\"rollover rollover-zoom dt-pswp-item\" title=\"328587614_927695388417047_4299684413592066948_n\" data-dt-img-description=\"\" data-large_image_width=\"539\" data-large_image_height=\"403\"href='https:\/\/www.radiopiu.net\/wordpress\/wp-content\/uploads\/2023\/02\/328587614_927695388417047_4299684413592066948_n.jpg'><img loading=\"lazy\" decoding=\"async\" width=\"150\" height=\"150\" src=\"https:\/\/www.radiopiu.net\/wordpress\/wp-content\/uploads\/2023\/02\/328587614_927695388417047_4299684413592066948_n-150x150.jpg\" class=\"attachment-thumbnail size-thumbnail\" alt=\"\" \/><\/a>\n\t\t\t\t<\/dt><\/dl><dl class='gallery-item'>\n\t\t\t\t<dt class='gallery-icon landscape'>\n\t\t\t\t\t<a class=\"rollover rollover-zoom dt-pswp-item\" title=\"329217053_590155189324953_3927787925811299956_n\" data-dt-img-description=\"\" data-large_image_width=\"561\" data-large_image_height=\"403\"href='https:\/\/www.radiopiu.net\/wordpress\/wp-content\/uploads\/2023\/02\/329217053_590155189324953_3927787925811299956_n.jpg'><img loading=\"lazy\" decoding=\"async\" width=\"150\" height=\"150\" src=\"https:\/\/www.radiopiu.net\/wordpress\/wp-content\/uploads\/2023\/02\/329217053_590155189324953_3927787925811299956_n-150x150.jpg\" class=\"attachment-thumbnail size-thumbnail\" alt=\"\" \/><\/a>\n\t\t\t\t<\/dt><\/dl><dl class='gallery-item'>\n\t\t\t\t<dt class='gallery-icon portrait'>\n\t\t\t\t\t<a class=\"rollover rollover-zoom dt-pswp-item\" title=\"327651739_1607757149726506_2978971384392436163_n\" data-dt-img-description=\"\" data-large_image_width=\"362\" data-large_image_height=\"403\"href='https:\/\/www.radiopiu.net\/wordpress\/wp-content\/uploads\/2023\/02\/327651739_1607757149726506_2978971384392436163_n.jpg'><img loading=\"lazy\" decoding=\"async\" width=\"150\" height=\"150\" src=\"https:\/\/www.radiopiu.net\/wordpress\/wp-content\/uploads\/2023\/02\/327651739_1607757149726506_2978971384392436163_n-150x150.jpg\" class=\"attachment-thumbnail size-thumbnail\" alt=\"\" \/><\/a>\n\t\t\t\t<\/dt><\/dl><dl class='gallery-item'>\n\t\t\t\t<dt class='gallery-icon portrait'>\n\t\t\t\t\t<a class=\"rollover rollover-zoom dt-pswp-item\" title=\"328784949_759063135636330_7197608412150200023_n\" data-dt-img-description=\"\" data-large_image_width=\"355\" data-large_image_height=\"403\"href='https:\/\/www.radiopiu.net\/wordpress\/wp-content\/uploads\/2023\/02\/328784949_759063135636330_7197608412150200023_n.jpg'><img loading=\"lazy\" decoding=\"async\" width=\"150\" height=\"150\" src=\"https:\/\/www.radiopiu.net\/wordpress\/wp-content\/uploads\/2023\/02\/328784949_759063135636330_7197608412150200023_n-150x150.jpg\" class=\"attachment-thumbnail size-thumbnail\" alt=\"\" \/><\/a>\n\t\t\t\t<\/dt><\/dl><br style=\"clear: both\" \/><dl class='gallery-item'>\n\t\t\t\t<dt class='gallery-icon portrait'>\n\t\t\t\t\t<a class=\"rollover rollover-zoom dt-pswp-item\" title=\"328373832_1351161225723494_5868063524058645961_n\" data-dt-img-description=\"\" data-large_image_width=\"320\" data-large_image_height=\"470\"href='https:\/\/www.radiopiu.net\/wordpress\/wp-content\/uploads\/2023\/02\/328373832_1351161225723494_5868063524058645961_n.jpg'><img loading=\"lazy\" decoding=\"async\" width=\"150\" height=\"150\" src=\"https:\/\/www.radiopiu.net\/wordpress\/wp-content\/uploads\/2023\/02\/328373832_1351161225723494_5868063524058645961_n-150x150.jpg\" class=\"attachment-thumbnail size-thumbnail\" alt=\"\" \/><\/a>\n\t\t\t\t<\/dt><\/dl><dl class='gallery-item'>\n\t\t\t\t<dt class='gallery-icon landscape'>\n\t\t\t\t\t<a class=\"rollover rollover-zoom dt-pswp-item\" title=\"328000462_1299851917543672_3292851304123978855_n\" data-dt-img-description=\"\" data-large_image_width=\"776\" data-large_image_height=\"403\"href='https:\/\/www.radiopiu.net\/wordpress\/wp-content\/uploads\/2023\/02\/328000462_1299851917543672_3292851304123978855_n.jpg'><img loading=\"lazy\" decoding=\"async\" width=\"150\" height=\"150\" src=\"https:\/\/www.radiopiu.net\/wordpress\/wp-content\/uploads\/2023\/02\/328000462_1299851917543672_3292851304123978855_n-150x150.jpg\" class=\"attachment-thumbnail size-thumbnail\" alt=\"\" \/><\/a>\n\t\t\t\t<\/dt><\/dl><dl class='gallery-item'>\n\t\t\t\t<dt class='gallery-icon landscape'>\n\t\t\t\t\t<a class=\"rollover rollover-zoom dt-pswp-item\" title=\"328147691_3292987264287032_6748725982723537487_n\" data-dt-img-description=\"\" data-large_image_width=\"464\" data-large_image_height=\"403\"href='https:\/\/www.radiopiu.net\/wordpress\/wp-content\/uploads\/2023\/02\/328147691_3292987264287032_6748725982723537487_n.jpg'><img loading=\"lazy\" decoding=\"async\" width=\"150\" height=\"150\" src=\"https:\/\/www.radiopiu.net\/wordpress\/wp-content\/uploads\/2023\/02\/328147691_3292987264287032_6748725982723537487_n-150x150.jpg\" class=\"attachment-thumbnail size-thumbnail\" alt=\"\" \/><\/a>\n\t\t\t\t<\/dt><\/dl><dl class='gallery-item'>\n\t\t\t\t<dt class='gallery-icon landscape'>\n\t\t\t\t\t<a class=\"rollover rollover-zoom dt-pswp-item\" title=\"328538627_561831349241003_8849741403080386624_n\" data-dt-img-description=\"\" data-large_image_width=\"549\" data-large_image_height=\"403\"href='https:\/\/www.radiopiu.net\/wordpress\/wp-content\/uploads\/2023\/02\/328538627_561831349241003_8849741403080386624_n.jpg'><img loading=\"lazy\" decoding=\"async\" width=\"150\" height=\"150\" src=\"https:\/\/www.radiopiu.net\/wordpress\/wp-content\/uploads\/2023\/02\/328538627_561831349241003_8849741403080386624_n-150x150.jpg\" class=\"attachment-thumbnail size-thumbnail\" alt=\"\" \/><\/a>\n\t\t\t\t<\/dt><\/dl><dl class='gallery-item'>\n\t\t\t\t<dt class='gallery-icon landscape'>\n\t\t\t\t\t<a class=\"rollover rollover-zoom dt-pswp-item\" title=\"328028040_596329301927870_3985878723774299646_n\" data-dt-img-description=\"\" data-large_image_width=\"433\" data-large_image_height=\"403\"href='https:\/\/www.radiopiu.net\/wordpress\/wp-content\/uploads\/2023\/02\/328028040_596329301927870_3985878723774299646_n.jpg'><img loading=\"lazy\" decoding=\"async\" width=\"150\" height=\"150\" src=\"https:\/\/www.radiopiu.net\/wordpress\/wp-content\/uploads\/2023\/02\/328028040_596329301927870_3985878723774299646_n-150x150.jpg\" class=\"attachment-thumbnail size-thumbnail\" alt=\"\" \/><\/a>\n\t\t\t\t<\/dt><\/dl>\n\t\t\t\t<br style='clear: both' \/>\n\t\t\t<\/div>\n\n<p>NELLE FOTO (riproduzioni da \u201cBelluno, Viaggio intorno a una provincia\u201d): Colle Santa Lucia: un microcosmo linea di demarcazione tra mondo tirolese e civilt\u00e0 veneta; la chiesa di Santa Fosca, del 1438, a Selva di Cadore, ai piedi del Monte Cernera; la scogliera dei Lastoni di Formin, nella conca del Giau, territorio del Cadore ai confini tra Ampezzo e Agordino con in secondo piano la Croda da Lago, da passo Giau nasce rio Codalunga; il villaggio di L\u2019Andria a Selva di Cadore ricco di tipologie lignee che riecheggiano stili zoldani: i tabi\u00e0 rappresentano un vero e proprio \u201carredo spaziale\u201d degno della massima attenzione; il rifugio Sonino al Coldai, sorge a ridosso della muraglia rocciosa che divide Zoldo dall\u2019Agordino; da Punta Serauta in Marmolada incontro ravvicinato con le montagne agordine: a sinistra il Civetta, di fronte l\u2019Agner, una sintesi vigorosa; la Terza Pala di San Lucano nell\u2019omonima valle, un atlante di storia naturale e di crode care all\u2019alpinismo; Forcella Aurine e il Duran, le due \u201cali\u201d di un Agordino che crede nel futuro; a ritroso nella storia del popolo della montagna: la ricostruzione della discesa degli zattieri sul Piave: un andirivieni di secoli; Mondeval de Sora, comune di San Vito di Cadore, per\u00f2 Val Fiorentina: qui \u00e8 stato rintracciato il pi\u00f9 alto sito d\u2019Europa dell\u2019et\u00e0 mesolitica.<\/p>\n<p>&nbsp;<\/p>\n<p>&nbsp;<\/p>\n<p>******<\/p>\n","protected":false},"excerpt":{"rendered":"<p>di Renato Bona Nei giorni scorsi abbiamo commentato il prezioso contributo del collega ed amico Giuseppe Sorge che sotto il titolo: \u201cLa nuova frontiera\u201d si \u00e8 occupato dell\u2019evoluzione di una realt\u00e0 importante per la provincia di Belluno come quella agordina. Torniamo sull\u2019argomento perch\u00e9 il libro \u201cBelluno. Viaggio intorno a una provincia\u201d curato nel 1989 dal&hellip;<\/p>\n","protected":false},"author":4,"featured_media":323205,"comment_status":"closed","ping_status":"closed","sticky":false,"template":"","format":"standard","meta":{"_monsterinsights_skip_tracking":false,"_monsterinsights_sitenote_active":false,"_monsterinsights_sitenote_note":"","_monsterinsights_sitenote_category":0,"footnotes":""},"categories":[104,49],"tags":[],"class_list":["post-323203","post","type-post","status-publish","format-standard","has-post-thumbnail","hentry","category-evidenza_3","category-news-18","category-104","category-49","description-off"],"img_url":"https:\/\/www.radiopiu.net\/wordpress\/wp-content\/uploads\/2023\/02\/327936257_585172716847390_1239421870923504565_n.jpg","_links":{"self":[{"href":"https:\/\/www.radiopiu.net\/wordpress\/wp-json\/wp\/v2\/posts\/323203","targetHints":{"allow":["GET"]}}],"collection":[{"href":"https:\/\/www.radiopiu.net\/wordpress\/wp-json\/wp\/v2\/posts"}],"about":[{"href":"https:\/\/www.radiopiu.net\/wordpress\/wp-json\/wp\/v2\/types\/post"}],"author":[{"embeddable":true,"href":"https:\/\/www.radiopiu.net\/wordpress\/wp-json\/wp\/v2\/users\/4"}],"replies":[{"embeddable":true,"href":"https:\/\/www.radiopiu.net\/wordpress\/wp-json\/wp\/v2\/comments?post=323203"}],"version-history":[{"count":0,"href":"https:\/\/www.radiopiu.net\/wordpress\/wp-json\/wp\/v2\/posts\/323203\/revisions"}],"wp:featuredmedia":[{"embeddable":true,"href":"https:\/\/www.radiopiu.net\/wordpress\/wp-json\/wp\/v2\/media\/323205"}],"wp:attachment":[{"href":"https:\/\/www.radiopiu.net\/wordpress\/wp-json\/wp\/v2\/media?parent=323203"}],"wp:term":[{"taxonomy":"category","embeddable":true,"href":"https:\/\/www.radiopiu.net\/wordpress\/wp-json\/wp\/v2\/categories?post=323203"},{"taxonomy":"post_tag","embeddable":true,"href":"https:\/\/www.radiopiu.net\/wordpress\/wp-json\/wp\/v2\/tags?post=323203"}],"curies":[{"name":"wp","href":"https:\/\/api.w.org\/{rel}","templated":true}]}}