{"id":323220,"date":"2023-02-21T23:59:11","date_gmt":"2023-02-21T22:59:11","guid":{"rendered":"https:\/\/www.radiopiu.net\/wordpress\/?p=323220"},"modified":"2023-02-24T08:28:29","modified_gmt":"2023-02-24T07:28:29","slug":"dal-poliambulatorio-di-agordoa-colloquio-con-loculista","status":"publish","type":"post","link":"https:\/\/www.radiopiu.net\/wordpress\/dal-poliambulatorio-di-agordoa-colloquio-con-loculista\/","title":{"rendered":"DAL POLIAMBULATORIO DI AGORDO\u2026A COLLOQUIO CON L&#8217;OCULISTA"},"content":{"rendered":"<p><strong><a class=\"dt-pswp-item\" href=\"https:\/\/www.radiopiu.net\/wordpress\/wp-content\/uploads\/2023\/02\/dd3747a7-c1bf-4983-87fe-cc69088a22af.jpg\" data-dt-img-description=\"\" data-large_image_width=\"1600\" data-large_image_height=\"900\"><img loading=\"lazy\" decoding=\"async\" class=\" wp-image-323110 alignleft\" src=\"https:\/\/www.radiopiu.net\/wordpress\/wp-content\/uploads\/2023\/02\/dd3747a7-c1bf-4983-87fe-cc69088a22af-300x169.jpg\" alt=\"\" width=\"234\" height=\"132\" srcset=\"https:\/\/www.radiopiu.net\/wordpress\/wp-content\/uploads\/2023\/02\/dd3747a7-c1bf-4983-87fe-cc69088a22af-300x169.jpg 300w, https:\/\/www.radiopiu.net\/wordpress\/wp-content\/uploads\/2023\/02\/dd3747a7-c1bf-4983-87fe-cc69088a22af-1024x576.jpg 1024w, https:\/\/www.radiopiu.net\/wordpress\/wp-content\/uploads\/2023\/02\/dd3747a7-c1bf-4983-87fe-cc69088a22af-768x432.jpg 768w, https:\/\/www.radiopiu.net\/wordpress\/wp-content\/uploads\/2023\/02\/dd3747a7-c1bf-4983-87fe-cc69088a22af-1536x864.jpg 1536w, https:\/\/www.radiopiu.net\/wordpress\/wp-content\/uploads\/2023\/02\/dd3747a7-c1bf-4983-87fe-cc69088a22af.jpg 1600w\" sizes=\"auto, (max-width: 234px) 100vw, 234px\" \/><\/a>REDAZIONE\u00a0 Al <\/strong>Polimabulatorio Agordino con il dottor Riccardo Monsellato. I problemi con la vista, l&#8217;importanza dei controlli mentre la popolazione \u00e8 sempre pi\u00f9 miope. A breve al Poliambulatorio in localit\u00e0 Valcozzena la novit\u00e0: lo strumento che studia la maculopatia, fondamentale per la diagnosi e il monitoraggio della\u00a0<strong><a title=\"Maculopatia: un nome, diverse patologie\" href=\"https:\/\/comitatomacula.it\/maculopatia-un-nome-diverse-patologie\/\">maculopatia<\/a><\/strong>, l\u2019 OCT (Tomografia Ottica Computerizzata)<strong>\u00a0esame strumentale di imaging non invasivo<\/strong>\u00a0che consente di visionare in modo dettagliato e da diverse angolature il\u00a0<strong>fondo oculare<\/strong>\u00a0composto da retina, macula e nervo ottico.<\/p>\n<p><em>L&#8217;intervista di Mirko Mezzacasa<\/em><\/p>\n<p><strong>AUDIO<\/strong><\/p>\n<audio class=\"wp-audio-shortcode\" id=\"audio-323220-1\" preload=\"none\" style=\"width: 100%;\" controls=\"controls\"><source type=\"audio\/mpeg\" src=\"https:\/\/www.radiopiu.net\/wordpress\/wp-content\/uploads\/2023\/02\/POLIAMBULATORIO-OCULISTA.mp3?_=1\" \/><a href=\"https:\/\/www.radiopiu.net\/wordpress\/wp-content\/uploads\/2023\/02\/POLIAMBULATORIO-OCULISTA.mp3\">https:\/\/www.radiopiu.net\/wordpress\/wp-content\/uploads\/2023\/02\/POLIAMBULATORIO-OCULISTA.mp3<\/a><\/audio>\n<p>&nbsp;<\/p>\n<p>&nbsp;<\/p>\n<p>&nbsp;<\/p>\n<hr \/>\n<p>&nbsp;<\/p>\n","protected":false},"excerpt":{"rendered":"<p>REDAZIONE\u00a0 Al Polimabulatorio Agordino con il dottor Riccardo Monsellato. I problemi con la vista, l&#8217;importanza dei controlli mentre la popolazione \u00e8 sempre pi\u00f9 miope. A breve al Poliambulatorio in localit\u00e0 Valcozzena la novit\u00e0: lo strumento che studia la maculopatia, fondamentale per la diagnosi e il monitoraggio della\u00a0maculopatia, l\u2019 OCT (Tomografia Ottica Computerizzata)\u00a0esame strumentale di imaging&hellip;<\/p>\n","protected":false},"author":4,"featured_media":323110,"comment_status":"closed","ping_status":"closed","sticky":false,"template":"","format":"standard","meta":{"_monsterinsights_skip_tracking":false,"_monsterinsights_sitenote_active":false,"_monsterinsights_sitenote_note":"","_monsterinsights_sitenote_category":0,"footnotes":""},"categories":[51,49],"tags":[],"class_list":["post-323220","post","type-post","status-publish","format-standard","has-post-thumbnail","hentry","category-evidenza-top","category-news-18","category-51","category-49","description-off"],"img_url":"https:\/\/www.radiopiu.net\/wordpress\/wp-content\/uploads\/2023\/02\/dd3747a7-c1bf-4983-87fe-cc69088a22af.jpg","_links":{"self":[{"href":"https:\/\/www.radiopiu.net\/wordpress\/wp-json\/wp\/v2\/posts\/323220","targetHints":{"allow":["GET"]}}],"collection":[{"href":"https:\/\/www.radiopiu.net\/wordpress\/wp-json\/wp\/v2\/posts"}],"about":[{"href":"https:\/\/www.radiopiu.net\/wordpress\/wp-json\/wp\/v2\/types\/post"}],"author":[{"embeddable":true,"href":"https:\/\/www.radiopiu.net\/wordpress\/wp-json\/wp\/v2\/users\/4"}],"replies":[{"embeddable":true,"href":"https:\/\/www.radiopiu.net\/wordpress\/wp-json\/wp\/v2\/comments?post=323220"}],"version-history":[{"count":0,"href":"https:\/\/www.radiopiu.net\/wordpress\/wp-json\/wp\/v2\/posts\/323220\/revisions"}],"wp:featuredmedia":[{"embeddable":true,"href":"https:\/\/www.radiopiu.net\/wordpress\/wp-json\/wp\/v2\/media\/323110"}],"wp:attachment":[{"href":"https:\/\/www.radiopiu.net\/wordpress\/wp-json\/wp\/v2\/media?parent=323220"}],"wp:term":[{"taxonomy":"category","embeddable":true,"href":"https:\/\/www.radiopiu.net\/wordpress\/wp-json\/wp\/v2\/categories?post=323220"},{"taxonomy":"post_tag","embeddable":true,"href":"https:\/\/www.radiopiu.net\/wordpress\/wp-json\/wp\/v2\/tags?post=323220"}],"curies":[{"name":"wp","href":"https:\/\/api.w.org\/{rel}","templated":true}]}}