{"id":323239,"date":"2023-02-23T05:47:45","date_gmt":"2023-02-23T04:47:45","guid":{"rendered":"https:\/\/www.radiopiu.net\/wordpress\/?p=323239"},"modified":"2023-02-23T09:26:54","modified_gmt":"2023-02-23T08:26:54","slug":"giornale-radiopiu-23-febbraio-2023-direttore-mirko-mezzacasa-verso-i-40-anni-25-giugno-1983-25-giugno-2023","status":"publish","type":"post","link":"https:\/\/www.radiopiu.net\/wordpress\/giornale-radiopiu-23-febbraio-2023-direttore-mirko-mezzacasa-verso-i-40-anni-25-giugno-1983-25-giugno-2023\/","title":{"rendered":"GIORNALE RADIOPIU 23 FEBBRAIO 2023 DIRETTORE MIRKO MEZZACASA&#8230;verso i 40 anni 25 giugno 1983-25 giugno 2023"},"content":{"rendered":"<h3 class=\"kvgmc6g5 cxmmr5t8 oygrvhab hcukyx3x c1et5uql\"><span style=\"color: #0000ff;\"><strong>RADIO PIU INFORMAZIONE il canale su TELEGRAM informazione di prima\u00a0 <\/strong><strong>mano e in tempo reale. iscriviti ed aiutaci a farlo conoscere\u00a0 \u00a0 \u00a0<\/strong><\/span><\/h3>\n<p>&nbsp;<\/p>\n<blockquote>\n<h3>DA LUNEDI SARA&#8217; DIFFICILE RAGGIUNGERE CIBIANA<\/h3>\n<\/blockquote>\n<p><a href=\"https:\/\/www.radiopiu.net\/wordpress\/wp-content\/uploads\/2022\/05\/chiesa-di-cibiano.webp\"><img loading=\"lazy\" decoding=\"async\" class=\" wp-image-277553 alignleft\" src=\"https:\/\/www.radiopiu.net\/wordpress\/wp-content\/uploads\/2022\/05\/chiesa-di-cibiano-300x171.webp\" alt=\"\" width=\"202\" height=\"115\" srcset=\"https:\/\/www.radiopiu.net\/wordpress\/wp-content\/uploads\/2022\/05\/chiesa-di-cibiano-300x171.webp 300w, https:\/\/www.radiopiu.net\/wordpress\/wp-content\/uploads\/2022\/05\/chiesa-di-cibiano-1024x584.webp 1024w, https:\/\/www.radiopiu.net\/wordpress\/wp-content\/uploads\/2022\/05\/chiesa-di-cibiano-768x438.webp 768w, https:\/\/www.radiopiu.net\/wordpress\/wp-content\/uploads\/2022\/05\/chiesa-di-cibiano.webp 1217w\" sizes=\"auto, (max-width: 202px) 100vw, 202px\" \/><\/a>C&#8217;\u00e8 un&#8217;unica strada che collega Cibiana al Cadore, la provinciale 347 che sar\u00e0 ancora oggetto di lavori e per questo chiuder\u00e0 per due settimane, nell&#8217;orario di lavoro, di mattina e di pomeriggio.\u00a0 Verranno lasciati transitare solo i mezzi di soccorso. Quindi un cibianese che dovr\u00e0 recarsi soltanto a Venas, piuttosto che a Valle o a Pieve di Cadore, dovr\u00e0 scollinare il passo Cibiana, scendere in Val Zoldana, raggiungere Longarone e da qui risalire. Dal 27 febbraio fino al 10 marzo, esclusi sabati domeniche e festivi infrasettimanali, interdizione totale al transito veicolare in entrambi i sensi di marcia nelle fasce orarie dalle 7. 45 alle 13 e dalle 14.30 alle 17. 30<\/p>\n<h2 style=\"text-align: left;\"><span style=\"color: #ff0000;\">ISCRIVITI AL NOSTRO CANALE YOUTUBE PER SEGUIRE IN DIRETTA I PRINCIPALI PROGRAMMI DI RADIO PIU&#8217; E LE FUTURE DIRETTE IN ESTERNA. PER ISCRIVERTI <a style=\"color: #ff0000;\" href=\"https:\/\/youtube.com\/@radiopiu1527\">CLICCA QUI<\/a> E PREMI IL TASTO &#8220;Iscriviti&#8221;\u00a0\u00a0<\/span><\/h2>\n<p>&nbsp;<\/p>\n<hr \/>\n<p>&nbsp;<\/p>\n<blockquote>\n<h3>ultim&#8217;ora (07.00)\u00a0 LUXOTTICA, ANNO RECORD PER FATTURATO E UTILE<\/h3>\n<\/blockquote>\n<p><strong><img loading=\"lazy\" decoding=\"async\" class=\"alignleft\" src=\"https:\/\/www.radiopiu.net\/wordpress\/wp-content\/uploads\/2022\/10\/6c6e8841-fa5f-4394-b3a6-3b87d31aaee5.jpg\" width=\"247\" height=\"139\" \/>AGORDO\u00a0<\/strong>Un 2022 da ricordare, un altro anno da ricordare per il colosso dell&#8217;occhiale. Il consiglio di amministrazione presentando il bilancio ha sottolineato\u00a0 che il fatturato \u00e8 in crescita del 9,4% rispetto al 2021,. Oltre 24 miliardi di fatturato nel 2022, rispetto all&#8217;anno prima un aumento che sfiora il 14%. Cresce il margine operativo,\u00a0 cresce di 70 punti attestandosi al 17%, salgono le vendite in negozio del 7,7% con un dividendo (proposto) di 3,23 euro, in aumento del 28% rispetto al 2021.<strong><br \/>\n<\/strong><\/p>\n<p>Francesco Milleri, Presidente e Amministratore Delegato di EssilorLuxottica, e Paul du Saillant, Vice<br \/>\nAmministratore Delegato del Gruppo, hanno commentato: <em>\u201cCon un fatturato record a 24,5 miliardi di Euro e innovazioni di prodotto rilevanti, nel 2022 abbiamo dimostrato quali traguardi pu\u00f2 raggiungere un\u2019azienda solida e integrata come EssilorLuxottica. Il nostro compianto Presidente, Leonardo Del Vecchio, sarebbe stato orgoglioso dei risultati ottenuti in tutte le aree geografiche e del legame sempre pi\u00f9 profondo con le nostre persone e i clienti ottici. Anche per questo, il nostro pensiero va oggi ai nostri dipendenti e ai partner in Turchia e alle popolazioni turca e siriana colpite dai recenti terremoti. Nell\u2019ultimo anno abbiamo ulteriormente rafforzato il nostro modello di business aperto e a rete, finalizzando importanti acquisizioni come Walman in Nord America e Shamir in Israele e continuando a investire in prodotti eyecare e eyewear di qualit\u00e0 a vantaggio dell&#8217;intero settore. Allo stesso tempo, abbiamo dato prova della nostra capacit\u00e0 di innovazione, grazie allo sviluppo di nuove collezioni sostenibili, generazioni di lenti e categorie di prodotto. Nonostante il contesto macroeconomico, abbiamo continuato a investire su alcune importanti leve strategiche: l&#8217;integrazione verticale del business lungo tutta la filiera e dei big data nelle decisioni aziendali, il rafforzamento della presenza capillare in tutto il mondo e lo sviluppo della nostra piattaforma di sostenibilit\u00e0 Eyes on the Planet. Nel 2022, abbiamo anche confermato l\u2019impegno a lungo termine del Gruppo, in linea con la nostra mission, dando vita alla pi\u00f9 grande Fondazione internazionale nel campo della vista. Tutti questi importanti fattori, sostenuti da una comunit\u00e0 di quasi 200.000 dipendenti nel <\/em><em>mondo, ci consentiranno di continuare a crescere anche negli anni a venire\u201d.<\/em><\/p>\n<p>&nbsp;<\/p>\n<p>&nbsp;<\/p>\n<p>&nbsp;<\/p>\n<hr \/>\n<p>&nbsp;<\/p>\n<blockquote>\n<h3>LUXOTTICA SUL MERCATO: 3,5 MILIONI DI EURO PER LA FARMACIA FAVRETTI<\/h3>\n<\/blockquote>\n<p><strong><a class=\"dt-pswp-item\" href=\"https:\/\/www.radiopiu.net\/wordpress\/wp-content\/uploads\/2023\/02\/farmacia-favretti.png\" data-dt-img-description=\"\" data-large_image_width=\"1832\" data-large_image_height=\"1462\"><img loading=\"lazy\" decoding=\"async\" class=\" wp-image-323419 alignleft\" src=\"https:\/\/www.radiopiu.net\/wordpress\/wp-content\/uploads\/2023\/02\/farmacia-favretti-300x239.png\" alt=\"\" width=\"156\" height=\"124\" srcset=\"https:\/\/www.radiopiu.net\/wordpress\/wp-content\/uploads\/2023\/02\/farmacia-favretti-300x239.png 300w, https:\/\/www.radiopiu.net\/wordpress\/wp-content\/uploads\/2023\/02\/farmacia-favretti-1024x817.png 1024w, https:\/\/www.radiopiu.net\/wordpress\/wp-content\/uploads\/2023\/02\/farmacia-favretti-768x613.png 768w, https:\/\/www.radiopiu.net\/wordpress\/wp-content\/uploads\/2023\/02\/farmacia-favretti-1536x1226.png 1536w, https:\/\/www.radiopiu.net\/wordpress\/wp-content\/uploads\/2023\/02\/farmacia-favretti.png 1832w\" sizes=\"auto, (max-width: 156px) 100vw, 156px\" \/><\/a>AGORDO<\/strong><\/p>\n<p>di Gianni Santomaso<\/p>\n<audio class=\"wp-audio-shortcode\" id=\"audio-323239-1\" preload=\"none\" style=\"width: 100%;\" controls=\"controls\"><source type=\"audio\/mpeg\" src=\"https:\/\/www.radiopiu.net\/wordpress\/wp-content\/uploads\/2023\/02\/GIANNI-LUXOTTICA-PRONTA-A-COMPRARE-LA-FARMACIA-FAVRETTI.mp3?_=1\" \/><a href=\"https:\/\/www.radiopiu.net\/wordpress\/wp-content\/uploads\/2023\/02\/GIANNI-LUXOTTICA-PRONTA-A-COMPRARE-LA-FARMACIA-FAVRETTI.mp3\">https:\/\/www.radiopiu.net\/wordpress\/wp-content\/uploads\/2023\/02\/GIANNI-LUXOTTICA-PRONTA-A-COMPRARE-LA-FARMACIA-FAVRETTI.mp3<\/a><\/audio>\n<p>&nbsp;<\/p>\n<hr \/>\n<p>&nbsp;<\/p>\n<blockquote>\n<h3>AUTOVELOX SUL GIAU, PER IL GIUDICE DI PACE E&#8217; ILLEGALE<\/h3>\n<\/blockquote>\n<p><strong><img loading=\"lazy\" decoding=\"async\" class=\"alignleft\" src=\"https:\/\/www.radiopiu.net\/wordpress\/wp-content\/uploads\/2023\/02\/giau.jpg\" width=\"271\" height=\"191\" \/>BELLUNO<\/strong> Il Giudice di Pace di Belluno ha dichiarato illegittimo l&#8217;autovelox utilizzato dal Comune di Colle Santa Lucia, in cima al Passo Giau. Lo riportano gli avvocati di Altvelox.it (associazione jazionale dei consumatori e micro imprese), nella sentenza dello scorso novembre in primo piano l&#8217;assenza \/ carenza della segnaletica di preavviso,\u00a0 contestata ed accolta anche ieri. Il caso di ieri riguardava un automobilista Bellunese che per lavoro percorreva la strada in parola ad una velocit\u00e0 di <strong>73 km\/h,<\/strong> convinto che il limite fosse, come in tutta la strada, di 70 Km\/h, ma senza rendersi conto del cambio improvviso del limite da 70 a 50 Km\/h a ridosso dell&#8217;autovelox, e senza vedere la presenza dell&#8217;apparecchio elettronico, superava il limite di pochissimo vedendosi contestare una multa,\u00a0 secondo il Giudice, non meritata. <em>&#8220;Per questo &#8211; ricordano gli avvocati di Altvelox &#8211;\u00a0 avvalendoci <span class=\"_2PHJq public-DraftStyleDefault-ltr\">del dipartimento tecnico legale specializzato abbiamo impugnato il verbale\u00a0 ieri annullato con la condanna del Comune al risarcimento delle spese sostenute&#8221;.<\/span><\/em><\/p>\n<p><strong>LA CURIOSITA&#8217;<\/strong><\/p>\n<p>L&#8217;Autovelox di Passo Giau &#8220;vale&#8221; 552mila euro di proventi annui, non male per un paese di 300 abitanti, anziani a neonati compresi, pi\u00f9 o meno 1500 euro pro capite.<\/p>\n<p>&nbsp;<\/p>\n<hr \/>\n<p>&nbsp;<\/p>\n<p><strong>OGGI SUL CORRIERE DELLE ALPI<\/strong><\/p>\n<p><strong>DI GIGI SOSSO<\/strong><\/p>\n<p><a class=\"dt-pswp-item\" href=\"https:\/\/www.radiopiu.net\/wordpress\/wp-content\/uploads\/2023\/02\/Rocca-Pietore-colpita-dal-maltempo-foto-di-Roberto-Bristot-lab.-Inquadrati-768x432-1.jpg\" data-dt-img-description=\"\" data-large_image_width=\"768\" data-large_image_height=\"432\"><img loading=\"lazy\" decoding=\"async\" class=\"size-medium wp-image-323445 alignleft\" src=\"https:\/\/www.radiopiu.net\/wordpress\/wp-content\/uploads\/2023\/02\/Rocca-Pietore-colpita-dal-maltempo-foto-di-Roberto-Bristot-lab.-Inquadrati-768x432-1-300x169.jpg\" alt=\"\" width=\"300\" height=\"169\" srcset=\"https:\/\/www.radiopiu.net\/wordpress\/wp-content\/uploads\/2023\/02\/Rocca-Pietore-colpita-dal-maltempo-foto-di-Roberto-Bristot-lab.-Inquadrati-768x432-1-300x169.jpg 300w, https:\/\/www.radiopiu.net\/wordpress\/wp-content\/uploads\/2023\/02\/Rocca-Pietore-colpita-dal-maltempo-foto-di-Roberto-Bristot-lab.-Inquadrati-768x432-1.jpg 768w\" sizes=\"auto, (max-width: 300px) 100vw, 300px\" \/><\/a>BELLUNO \u00abLazzaroni e assistenzialisti\u00bb ai paesani di Rocca Pietore costa 11 mila euro alla turista Laura Internicola. Dopo le condanne penali, \u00e8 arrivata anche la sentenza civile del giudice Beniamino Margiotta. Pena accessoria la pubblicazione a sue spese sui giornali bellunesi e anche su uno bresciano, oltre all&#8217;obbligo di rimuovere tutti gli scritti diffamatori della popolazione di Rocca dal suo profilo Facebook: \u00abN\u00e9 pu\u00f2 tacersi la plausibile efficacia deterrente della pubblicazione di questa decisione nei confronti di coloro che siano intenzionati a pubblicare post di odio tramite social network, dando fiato al fenomeno dei cosiddetti haters\u00bb scrive tra le altre cose il giudice.La donna era stata ai Serrai di Sottoguda distrutti dalla tempesta Vaia e aveva pagato il parcheggio. Il 12 gennaio 2019 alle 13.39 ha pubblicato il post incriminato, taggandosi sulla pagina dei Serrai. La consigliera comunale Lucia Farenzena l&#8217;ha condiviso anche con il governatore Luca Zaia e pubblicato una risposta.. Il sindaco Andrea De Bernardin si era affidato agli avvocati Prade e Montino e ha avuto soddisfazione: <em>\u00ab Mi aspettavo qualcosa in pi\u00f9, per\u00f2 il tribunale ha deciso cos\u00ec e ne prendo atto. Probabilmente sarebbe andata diversamente se a giudicarla fosse stato l&#8217;antico tribunale della Magnifica Comunit\u00e0 di Rocca di medievale memoria&#8221;.<\/em><\/p>\n<p><strong>LA CONDANNA PRECEDENTE E&#8230; LA STORIA<\/strong><\/p>\n<blockquote class=\"wp-embedded-content\" data-secret=\"BeCKeWN5xC\"><p><a href=\"https:\/\/www.radiopiu.net\/wordpress\/sindaco-sei-un-celebroleso-la-condanna-344-euro-di-multa\/\">&#8220;SINDACO SEI UN CELEBROLESO&#8221;. LA CONDANNA: 344 EURO DI MULTA<\/a><\/p><\/blockquote>\n<p><iframe loading=\"lazy\" class=\"wp-embedded-content\" sandbox=\"allow-scripts\" security=\"restricted\" style=\"position: absolute; clip: rect(1px, 1px, 1px, 1px);\" title=\"&#8220;&#8220;SINDACO SEI UN CELEBROLESO&#8221;. LA CONDANNA: 344 EURO DI MULTA&#8221; &#8212; Radio Pi\u00f9\" src=\"https:\/\/www.radiopiu.net\/wordpress\/sindaco-sei-un-celebroleso-la-condanna-344-euro-di-multa\/embed\/#?secret=CfcEhpVFJk#?secret=BeCKeWN5xC\" data-secret=\"BeCKeWN5xC\" width=\"600\" height=\"338\" frameborder=\"0\" marginwidth=\"0\" marginheight=\"0\" scrolling=\"no\"><\/iframe><\/p>\n<p>&nbsp;<\/p>\n<hr \/>\n<p>&nbsp;<\/p>\n<p>&nbsp;<\/p>\n<blockquote>\n<h3>FIGLIA ASSOLTA DAL PECULATO<\/h3>\n<\/blockquote>\n<p><strong>ROCCA PIETORE<\/strong> Figlia accusata ingiustamente di peculato. La donna aveva il ruolo di amministratrice di sostegno della madre ed era stata portata in tribunale, perch\u00e9 accusata di essersi appropriata della pensione mensile dell&#8217;anziana e della somma di 6.750 euro.\u00a0 Il fatto non sussiste per insufficienza o contraddittoriet\u00e0 della prova sul peculato. La richiesta di una sentenza in questo senso era partita gi\u00e0 dal pm Roberta Gallego e il difensore Gianluca Nicolai ha dimostrato che le spese erano tutte giustificate e a beneficio dell&#8217;amministrata, che nel frattempo \u00e8 deceduta.<\/p>\n<p>&nbsp;<\/p>\n<hr \/>\n<p>&nbsp;<\/p>\n<p>&nbsp;<\/p>\n<blockquote>\n<h3>AUTO CONTRO LA GAZZELLA DEI CARABINIERI, IN VIA DI MIGLIORAMENTO LE CONDIZIONI DELLA DONNA<\/h3>\n<\/blockquote>\n<p><strong>COMELICO<\/strong> Migliorano le condizioni della conducente coinvolta in un incidente grave domenica notte a San Nicol\u00f2 Comelico. La donna era stata ricoverata nel reparto di rianimazione dell&#8217;ospedale di Belluno. Nello schianto coinvolta la vettura e l&#8217;auto dei carabinieri. Cade una ipotesi delle prime ore, quella di un eventuale sorpasso del mezzo civile. \u00c8 la polizia stradale di Valle che sta ricostruendo l&#8217;incidente frontale. \u00c8 possibile che una delle due vetture sia sbandata per motivi in corso di accertamento, che qualcuno dei conducenti sia stato colto da malore e ha perso il controllo del mezzo.<\/p>\n<p>&nbsp;<\/p>\n<hr \/>\n<p>&nbsp;<\/p>\n<blockquote>\n<h3>SBALZATO DAL TRATTORE SI ROMPE LA CAVIGLIA<\/h3>\n<\/blockquote>\n<p><strong><a class=\"dt-pswp-item\" href=\"https:\/\/www.radiopiu.net\/wordpress\/wp-content\/uploads\/2023\/02\/Senza-nome-59.jpg\" data-dt-img-description=\"\" data-large_image_width=\"574\" data-large_image_height=\"413\"><img loading=\"lazy\" decoding=\"async\" class=\"size-medium wp-image-323454 alignleft\" src=\"https:\/\/www.radiopiu.net\/wordpress\/wp-content\/uploads\/2023\/02\/Senza-nome-59-300x216.jpg\" alt=\"\" width=\"300\" height=\"216\" srcset=\"https:\/\/www.radiopiu.net\/wordpress\/wp-content\/uploads\/2023\/02\/Senza-nome-59-300x216.jpg 300w, https:\/\/www.radiopiu.net\/wordpress\/wp-content\/uploads\/2023\/02\/Senza-nome-59.jpg 574w\" sizes=\"auto, (max-width: 300px) 100vw, 300px\" \/><\/a>BORGO VALBELLUNA<\/strong> Incidente sul lavoro all&#8217;agriturismo La Casa nei Boschi di Lentiai. Il titolare Massimiliano Vantaggi ha riportato traumi e fratture di una certa gravit\u00e0, in particolare alla caviglia rimasta schiacciata sotto i pneumatici. Gli operai impegnati nel lavori di allestimento di un marciapiede davanti alla struttura ricettiva hanno sentito le sue grida di aiuto e si sono precipitati a liberarlo \u00e8 stato soccorso sul posto dal personale sanitario del 118 e trasportato in ambulanza all&#8217;ospedale Santa Maria del Prato di Feltre, dove nel pomeriggio \u00e8 stato sottoposto a un delicato intervento chirurgico. L&#8217;infortunio ieri mattina quando il 53enne bellunese \u00e8 salito sul suo trattore, si sarebbe impigliato con la giacca nella leva del cambio, innestando involontariamente la marcia e finendo catapultato all&#8217;esterno della cabina con le gambe sotto le pesanti ruote.<\/p>\n<p>&nbsp;<\/p>\n<hr \/>\n<p>&nbsp;<\/p>\n<blockquote>\n<h3>DOMANI I FUNERALI DI CARLO SOPPELSA<\/h3>\n<\/blockquote>\n<p><strong><a class=\"dt-pswp-item\" href=\"https:\/\/www.radiopiu.net\/wordpress\/wp-content\/uploads\/2023\/02\/carlo.jpg\" data-dt-img-description=\"\" data-large_image_width=\"193\" data-large_image_height=\"250\"><img loading=\"lazy\" decoding=\"async\" class=\"wp-image-323460 alignleft\" src=\"https:\/\/www.radiopiu.net\/wordpress\/wp-content\/uploads\/2023\/02\/carlo.jpg\" alt=\"\" width=\"117\" height=\"152\" \/><\/a>AGORDO<\/strong> Una dipartita improvvisa ha lasciato nel dolore la moglie Martina, i figli Damiano e Moreno con le nuore Francesca e Valentina, i nipoti Maurizio, Claudia e Lorenzo, la sorella Bruna. Carlo Soppelsa volto noto in frazione Rif ad Agordo \u00e8 mancato all&#8217;et\u00e0 di 78 anni. I funerali domani alle 14 nell&#8217;Arcidiaconale di Agordo. Un sentito messaggio di cordoglio alla famiglia dalla redazione di RADIOPIU<\/p>\n<p>&nbsp;<\/p>\n<p>&nbsp;<\/p>\n<hr \/>\n<p>&nbsp;<\/p>\n<blockquote>\n<h3>UN 15% IN PIU&#8217; DI PERSONE RECUPERATE DAL SOCCORSO ALPINO E SPELEOLOGICO VENETO NEL 2022<\/h3>\n<\/blockquote>\n<p><strong><a class=\"dt-pswp-item\" href=\"https:\/\/www.radiopiu.net\/wordpress\/wp-content\/uploads\/2022\/04\/soccorso-alpino-1024x602-1.jpg\" data-dt-img-description=\"\" data-large_image_width=\"1024\" data-large_image_height=\"602\"><img loading=\"lazy\" decoding=\"async\" class=\" wp-image-270917 alignleft\" src=\"https:\/\/www.radiopiu.net\/wordpress\/wp-content\/uploads\/2022\/04\/soccorso-alpino-1024x602-1-300x176.jpg\" alt=\"\" width=\"167\" height=\"98\" srcset=\"https:\/\/www.radiopiu.net\/wordpress\/wp-content\/uploads\/2022\/04\/soccorso-alpino-1024x602-1-300x176.jpg 300w, https:\/\/www.radiopiu.net\/wordpress\/wp-content\/uploads\/2022\/04\/soccorso-alpino-1024x602-1-768x452.jpg 768w, https:\/\/www.radiopiu.net\/wordpress\/wp-content\/uploads\/2022\/04\/soccorso-alpino-1024x602-1.jpg 1024w\" sizes=\"auto, (max-width: 167px) 100vw, 167px\" \/><\/a>BELLUNO <\/strong>Presentati i dati relativi agli interventi e all&#8217;attivit\u00e0 del Soccorso alpino e speleologico Veneto: 15 % di persone in pi\u00f9 recuperate, aumento del 13 % degli eventi. Continuano ad aumentare negli anni gli interventi di persone infortunate o in difficolt\u00e0 sulle montagne del Veneto, 1.183 nel 2022 gli interventi, 1.333 le persone soccorse A fare il punto il presidente del Soccorso alpino e speleologico Veneto Rodolfo Selenati, il delegato del Soccorso alpino Dolomiti Bellunesi Alex Barattin, il vicedelegato del Soccorso alpino Prealpi Venete Luca Nardi. Da segnalare l&#8217;elevato numero di persone illese recuperate, 569, la maggior parte a causa di imperizia, scarsa forma fisica, inadeguata attrezzatura e preparazione. Caduta e scivolamento sono sempre all&#8217;origine degli incidenti, mentre l&#8217;escursionismo \u00e8 la disciplina maggiormente rappresentata. In aumento le emergenze sulle ferrate, i recuperi di vele e ciclisti su bici a pedalata assistita. Purtroppo la percentuale di persone assicurate \u00e8 sempre bassissima, circa uno 0.6 %. Un pensiero alle vittime della Marmolada, e all&#8217;istruttore regionale e guida alpina Paolo Dani, e un ringraziamento a tutti i volontari delle 28 stazioni e alle loro famiglie, senza dimenticare i datori di lavoro che permettono di intervenire in caso di bisogno. Sono state sottolineate le fondamentali collaborazioni con la Regione Veneto, assessorato alla sanit\u00e0 e Protezione civile, con i Suem provinciali, con il Soccorso alpino della Guardia di finanza, con Dolomiti Emergency e Arpav. Era presente il direttore del Suem di Belluno Giulio Trill\u00f2 e in collegamento: il direttore del Suem di Padova Andrea Spagna e il direttore del Creu Paolo Rosi.<\/p>\n<p><strong>PER VISUALIZZARE LA RELAZIONE <a href=\"https:\/\/www.radiopiu.net\/wordpress\/wp-content\/uploads\/2023\/02\/2023-02-22_SASV_Relazione-dati-2022_ab_R.0.pdf\">CLICCA QUI<\/a><\/strong><\/p>\n<p><strong>PER VISUALIZZARE LE STATISTICHE <a href=\"https:\/\/www.radiopiu.net\/wordpress\/wp-content\/uploads\/2023\/02\/2023-02-22_Presentazione-CS_Statistica-2022_ab_R.0.pdf\">CLICCA QUI<\/a><\/strong><\/p>\n<p>&nbsp;<\/p>\n<hr \/>\n<p>&nbsp;<\/p>\n<blockquote>\n<h3>AVVIATO IN REGIONE IL TAVOLO SU SAFILO DI LONGARONE<\/h3>\n<p><em>Fra le prime mosse sicuramente\u00a0 la convocazione delle assemblee sindacali interne a Safilo per comunicare le decisioni assunte, anche perch\u00e9 dopo la manifestazione. Safilo ha confermato la non strategicit\u00e0 del sito di Longarone e ha espresso la\u00a0 probabilit\u00e0 della sua acquisizione da parte di importanti player del settore dell&#8217;occhialeria\u00bb. Lo riferiscono, con una nota congiunta, i vertici regionali di categoria delle organizzazioni sindacali che\u00a0 ritengono\u00a0 la posizione aziendale non accettabile anche a fronte degli impegni presi al Ministero dello Sviluppo nel 2019. Tra i possibili acquirenti dell&#8217;impianto ricorre da settimane in particolare il nome di Th\u00e8lios, sigla del gruppo francese Lvmh con sede poco lontano da quella di S\u00e0filo e che non ha fino ad ora mai smentito i rumors sul suo interessamento.<\/em><\/p><\/blockquote>\n<p><strong>VENEZIA <\/strong>Si \u00e8 svolto ieri mattina in sede regionale, presso il palazzo Grandi Stazioni a Venezia, il tavolo relativo alla situazione di Safilo convocato dall\u2019assessore regionale al lavoro Elena Donazzan insieme all\u2019Unit\u00e0 di Crisi Aziendali della Regione del Veneto. Hanno partecipato alla riunione i rappresentanti dell\u2019azienda supportati da Confindustria Belluno, i rappresentanti delle categorie sindacali di FILCTEM CGIL, FEMCA CISL e UILTEC UIL e tutta la rappresentanza dei lavoratori dello stabilimento di Longarone.\u00a0 Nel corso dell\u2019incontro l\u2019azienda ha illustrato la fase di ricerca avviata al fine di esplorare soluzioni alternative per lo stabilimento di Longarone. \u201cAbbiamo avviato questo tavolo di confronto che ha l\u2019obiettivo di approfondire la situazione con tutte le parti coinvolte \u2013 spiega Elena Donazzan -. \u00c8 stato un momento di confronto fra i lavoratori e l\u2019azienda stessa con la presenza della Regione che \u00e8 in stretto raccordo con il Ministero delle imprese e del made in Italy rispetto alla vertenza\u201d. \u201cL\u2019obiettivo per noi \u00e8 la continuit\u00e0 produttiva dello stabilimento di Longarone e la salvaguardia di tutti i lavoratori. La forza del settore dell\u2019occhialeria \u00e8 nota in Italia e nel mondo. La leva \u00e8 il capitale umano ed \u00e8 per questo che riteniamo che tra le cose che vanno messe in evidenza c\u2019\u00e8 la salvaguardia dei lavoratori\u201d. Le parti hanno concordato di fissare il prossimo incontro di approfondimento tra due settimane ed il tavolo avr\u00e0 come focus Longarone. \u201cAbbiamo chiesto all\u2019azienda di rafforzare le relazioni con il sindacato rispetto all\u2019andamento dei vari siti aziendali e un ulteriore approfondimento sul sito di Longarone\u201d conclude Donazzan.<\/p>\n\n\t\t\t<style type='text\/css'>\n\t\t\t\t#gallery-1 {\n\t\t\t\t\tmargin: auto;\n\t\t\t\t}\n\t\t\t\t#gallery-1 .gallery-item {\n\t\t\t\t\tfloat: left;\n\t\t\t\t\tmargin-top: 10px;\n\t\t\t\t\ttext-align: center;\n\t\t\t\t\twidth: 50%;\n\t\t\t\t}\n\t\t\t\t#gallery-1 img {\n\t\t\t\t\tborder: 2px solid #cfcfcf;\n\t\t\t\t}\n\t\t\t\t#gallery-1 .gallery-caption {\n\t\t\t\t\tmargin-left: 0;\n\t\t\t\t}\n\t\t\t\t\/* see gallery_shortcode() in wp-includes\/media.php *\/\n\t\t\t<\/style>\n\t\t<div id='gallery-1' class='dt-gallery-container gallery galleryid-323239 gallery-columns-2 gallery-size-medium'><dl class='gallery-item'>\n\t\t\t\t<dt class='gallery-icon landscape'>\n\t\t\t\t\t<a class=\"rollover rollover-zoom dt-pswp-item\" title=\"296-2023 TAVOLO SAFILO_1\" data-dt-img-description=\"\" data-large_image_width=\"2016\" data-large_image_height=\"1512\"href='https:\/\/www.radiopiu.net\/wordpress\/wp-content\/uploads\/2023\/02\/296-2023-TAVOLO-SAFILO_1.jpeg'><img loading=\"lazy\" decoding=\"async\" width=\"300\" height=\"225\" src=\"https:\/\/www.radiopiu.net\/wordpress\/wp-content\/uploads\/2023\/02\/296-2023-TAVOLO-SAFILO_1-300x225.jpeg\" class=\"attachment-medium size-medium\" alt=\"\" srcset=\"https:\/\/www.radiopiu.net\/wordpress\/wp-content\/uploads\/2023\/02\/296-2023-TAVOLO-SAFILO_1-300x225.jpeg 300w, https:\/\/www.radiopiu.net\/wordpress\/wp-content\/uploads\/2023\/02\/296-2023-TAVOLO-SAFILO_1-1024x768.jpeg 1024w, https:\/\/www.radiopiu.net\/wordpress\/wp-content\/uploads\/2023\/02\/296-2023-TAVOLO-SAFILO_1-768x576.jpeg 768w, https:\/\/www.radiopiu.net\/wordpress\/wp-content\/uploads\/2023\/02\/296-2023-TAVOLO-SAFILO_1-1536x1152.jpeg 1536w, https:\/\/www.radiopiu.net\/wordpress\/wp-content\/uploads\/2023\/02\/296-2023-TAVOLO-SAFILO_1.jpeg 2016w\" sizes=\"auto, (max-width: 300px) 100vw, 300px\" \/><\/a>\n\t\t\t\t<\/dt><\/dl><dl class='gallery-item'>\n\t\t\t\t<dt class='gallery-icon landscape'>\n\t\t\t\t\t<a class=\"rollover rollover-zoom dt-pswp-item\" title=\"296-2023 tavolo safilo_2\" data-dt-img-description=\"\" data-large_image_width=\"2016\" data-large_image_height=\"1512\"href='https:\/\/www.radiopiu.net\/wordpress\/wp-content\/uploads\/2023\/02\/296-2023-tavolo-safilo_2.jpeg'><img loading=\"lazy\" decoding=\"async\" width=\"300\" height=\"225\" src=\"https:\/\/www.radiopiu.net\/wordpress\/wp-content\/uploads\/2023\/02\/296-2023-tavolo-safilo_2-300x225.jpeg\" class=\"attachment-medium size-medium\" alt=\"\" srcset=\"https:\/\/www.radiopiu.net\/wordpress\/wp-content\/uploads\/2023\/02\/296-2023-tavolo-safilo_2-300x225.jpeg 300w, https:\/\/www.radiopiu.net\/wordpress\/wp-content\/uploads\/2023\/02\/296-2023-tavolo-safilo_2-1024x768.jpeg 1024w, https:\/\/www.radiopiu.net\/wordpress\/wp-content\/uploads\/2023\/02\/296-2023-tavolo-safilo_2-768x576.jpeg 768w, https:\/\/www.radiopiu.net\/wordpress\/wp-content\/uploads\/2023\/02\/296-2023-tavolo-safilo_2-1536x1152.jpeg 1536w, https:\/\/www.radiopiu.net\/wordpress\/wp-content\/uploads\/2023\/02\/296-2023-tavolo-safilo_2.jpeg 2016w\" sizes=\"auto, (max-width: 300px) 100vw, 300px\" \/><\/a>\n\t\t\t\t<\/dt><\/dl><br style=\"clear: both\" \/>\n\t\t\t<\/div>\n\n<p>&nbsp;<\/p>\n<hr \/>\n<p>&nbsp;<\/p>\n<blockquote>\n<h3>MARTELLA (PD): &#8220;IL GOVERNO SIA COINVOLTO PER LA SALVAGUARDIA DI SAFILO&#8221;<\/h3>\n<\/blockquote>\n<p><strong><a class=\"dt-pswp-item\" href=\"https:\/\/www.radiopiu.net\/wordpress\/wp-content\/uploads\/2023\/01\/SAFILO.png\" data-dt-img-description=\"\" data-large_image_width=\"766\" data-large_image_height=\"492\"><img loading=\"lazy\" decoding=\"async\" class=\" wp-image-318963 alignleft\" src=\"https:\/\/www.radiopiu.net\/wordpress\/wp-content\/uploads\/2023\/01\/SAFILO-300x193.png\" alt=\"\" width=\"169\" height=\"109\" srcset=\"https:\/\/www.radiopiu.net\/wordpress\/wp-content\/uploads\/2023\/01\/SAFILO-300x193.png 300w, https:\/\/www.radiopiu.net\/wordpress\/wp-content\/uploads\/2023\/01\/SAFILO.png 766w\" sizes=\"auto, (max-width: 169px) 100vw, 169px\" \/><\/a>PADOVA <\/strong>Il ministero delle Imprese e del Made in Italy ha risposto all\u2019interrogazione con la quale il senatore e segretario del Partito democratico del Veneto, Andrea Martella, ha chiesto l\u2019intervento del governo rispetto alla volont\u00e0 di Safilo di dismettere il sito produttivo di Longarone. Il ministro ha per\u00f2 indicato nella Regione il livello istituzionale di interessamento nella vicenda. \u00abPrendiamo atto della risposta\u00bb, afferma Martella, \u00abtuttavia riteniamo essenziale il pieno e continuo coinvolgimento del governo nell\u2019interesse del territorio e dei lavoratori. Costruito dopo la catastrofe del Vajont, lo stabilimento Safilo di Longarone \u00e8 simbolico della rinascita di una comunit\u00e0 e un presidio del distretto dell\u2019occhialeria. Garantire la continuit\u00e0 produttiva e l\u2019occupazione per i 472 dipendenti deve rimanere una priorit\u00e0 anche e soprattutto per mantenere la produzione del made in Italy, di cui l\u2019occhiale \u00e8 tassello fondamentale. Non possiamo consentire il depauperamento produttivo di un territorio che ha fatto della manifattura una leva importante di sviluppo economico e sociale. Il governo, pertanto lavori a fianco della Regione e delle istituzioni locali per una soluzione positiva della crisi\u00bb.<\/p>\n<p>&nbsp;<\/p>\n<p>&nbsp;<\/p>\n<hr \/>\n<p>&nbsp;<\/p>\n<blockquote>\n<h3>LINEA SAVINER-CORVARA, GRONES A TERNA &#8220;LA LINEA VA INTERRATA&#8221;<\/h3>\n<\/blockquote>\n<p>&nbsp;<\/p>\n<p><strong><a class=\"dt-pswp-item\" href=\"https:\/\/www.radiopiu.net\/wordpress\/wp-content\/uploads\/2023\/01\/leandro-grones.png\" data-dt-img-description=\"\" data-large_image_width=\"854\" data-large_image_height=\"496\"><img loading=\"lazy\" decoding=\"async\" class=\"wp-image-315560 alignleft\" src=\"https:\/\/www.radiopiu.net\/wordpress\/wp-content\/uploads\/2023\/01\/leandro-grones-300x174.png\" alt=\"\" width=\"181\" height=\"105\" \/><\/a>LIVINALLONGO<\/strong><\/p>\n<p><strong>DI LORENZO SORATROI<\/strong><\/p>\n<audio class=\"wp-audio-shortcode\" id=\"audio-323239-2\" preload=\"none\" style=\"width: 100%;\" controls=\"controls\"><source type=\"audio\/mpeg\" src=\"https:\/\/www.radiopiu.net\/wordpress\/wp-content\/uploads\/2023\/02\/lorenzo-grones.mp3?_=2\" \/><a href=\"https:\/\/www.radiopiu.net\/wordpress\/wp-content\/uploads\/2023\/02\/lorenzo-grones.mp3\">https:\/\/www.radiopiu.net\/wordpress\/wp-content\/uploads\/2023\/02\/lorenzo-grones.mp3<\/a><\/audio>\n<p>&nbsp;<\/p>\n<p>&nbsp;<\/p>\n<hr \/>\n<p>&nbsp;<\/p>\n<blockquote>\n<h3>AUSER E CARABINIERI, INSIEME CONTRO LE TRUFFE AGLI ANZIANI<\/h3>\n<\/blockquote>\n<p><strong><a class=\"dt-pswp-item\" href=\"https:\/\/www.radiopiu.net\/wordpress\/wp-content\/uploads\/2023\/02\/pigozzo.jpg\" data-dt-img-description=\"\" data-large_image_width=\"361\" data-large_image_height=\"274\"><img loading=\"lazy\" decoding=\"async\" class=\"wp-image-323390 alignleft\" src=\"https:\/\/www.radiopiu.net\/wordpress\/wp-content\/uploads\/2023\/02\/pigozzo-300x228.jpg\" alt=\"\" width=\"214\" height=\"163\" srcset=\"https:\/\/www.radiopiu.net\/wordpress\/wp-content\/uploads\/2023\/02\/pigozzo-300x228.jpg 300w, https:\/\/www.radiopiu.net\/wordpress\/wp-content\/uploads\/2023\/02\/pigozzo.jpg 361w\" sizes=\"auto, (max-width: 214px) 100vw, 214px\" \/><\/a>VOLTAGO<\/strong> Incontro istruttivo quello organizzato dall&#8217;Auser a Voltago. Il tema di grande attualit\u00e0, purtroppo, ovvero le truffe agli anziani, in tutte le forme. Come prevenirle, come evitarle, questi i sapienti consigli impartiti dal Comandante dei Carabinieri di Belluno, \u00a0Colonnello Enrico Pigozzo (foto). in un&#8217;affollata sala dove i diversamente giovani hanno potuto prendere nota di come farsi furbi evitando il cialtrone di turno. <em>&#8220;Siamo pronti ad aiutarvi, sempre &#8211; ha ribadito a pi\u00f9 toni il Comandante dei Carabinieri &#8211; ma ricordatevi di non aprire la porta a sconosciuti, soprattutto non date loro confidenza, telefonate ad un famigliare o un vicino che vi pu\u00f2 ascoltare in caso di dubbi o pericoli, ma soprattutto in caso di necessit\u00e0 non esitate a chiamare il 112, perch\u00e9 \u00e8 gratuita, perch\u00e9 non disturbate e non dovete vergognarvi&#8221;\u00a0<\/em>Preziosi anche i consigli in caso di chiamate di emergenza: ricordarsi sempre di presentarsi con nome, cognome, numero di telefono, localit\u00e0 della chiamata, spiegare bene cosa sta succedendo o \u00e8 successo, ascoltare bene i consigli del Carabinieri e soprattutto mai isolarsi. Concetti importanti pi\u00f9 volte ripetuti e sottolineati anche dalla Carabiniera Sara Amato presente a Voltago in rappresentanza del Comandante della stazione di Agordo.<\/p>\n<p>&nbsp;<\/p>\n<p><strong>IL SINACO DI VOLTAGO, GIUSEPPE SCHENA<\/strong><\/p>\n<audio class=\"wp-audio-shortcode\" id=\"audio-323239-3\" preload=\"none\" style=\"width: 100%;\" controls=\"controls\"><source type=\"audio\/mpeg\" src=\"https:\/\/www.radiopiu.net\/wordpress\/wp-content\/uploads\/2023\/02\/giuseppe.mp3?_=3\" \/><a href=\"https:\/\/www.radiopiu.net\/wordpress\/wp-content\/uploads\/2023\/02\/giuseppe.mp3\">https:\/\/www.radiopiu.net\/wordpress\/wp-content\/uploads\/2023\/02\/giuseppe.mp3<\/a><\/audio>\n<p>&nbsp;<\/p>\n\n\t\t\t<style type='text\/css'>\n\t\t\t\t#gallery-2 {\n\t\t\t\t\tmargin: auto;\n\t\t\t\t}\n\t\t\t\t#gallery-2 .gallery-item {\n\t\t\t\t\tfloat: left;\n\t\t\t\t\tmargin-top: 10px;\n\t\t\t\t\ttext-align: center;\n\t\t\t\t\twidth: 33%;\n\t\t\t\t}\n\t\t\t\t#gallery-2 img {\n\t\t\t\t\tborder: 2px solid #cfcfcf;\n\t\t\t\t}\n\t\t\t\t#gallery-2 .gallery-caption {\n\t\t\t\t\tmargin-left: 0;\n\t\t\t\t}\n\t\t\t\t\/* see gallery_shortcode() in wp-includes\/media.php *\/\n\t\t\t<\/style>\n\t\t<div id='gallery-2' class='dt-gallery-container gallery galleryid-323239 gallery-columns-3 gallery-size-thumbnail'><dl class='gallery-item'>\n\t\t\t\t<dt class='gallery-icon landscape'>\n\t\t\t\t\t<a class=\"rollover rollover-zoom dt-pswp-item\" title=\"d099cef0-3887-45e9-bfd5-b554458c21eb\" data-dt-img-description=\"\" data-large_image_width=\"2000\" data-large_image_height=\"1500\"href='https:\/\/www.radiopiu.net\/wordpress\/wp-content\/uploads\/2023\/02\/d099cef0-3887-45e9-bfd5-b554458c21eb.jpg'><img loading=\"lazy\" decoding=\"async\" width=\"150\" height=\"150\" src=\"https:\/\/www.radiopiu.net\/wordpress\/wp-content\/uploads\/2023\/02\/d099cef0-3887-45e9-bfd5-b554458c21eb-150x150.jpg\" class=\"attachment-thumbnail size-thumbnail\" alt=\"\" \/><\/a>\n\t\t\t\t<\/dt><\/dl><dl class='gallery-item'>\n\t\t\t\t<dt class='gallery-icon landscape'>\n\t\t\t\t\t<a class=\"rollover rollover-zoom dt-pswp-item\" title=\"2ab512ca-7e68-4fc3-89b1-fdcbd6528208\" data-dt-img-description=\"\" data-large_image_width=\"2000\" data-large_image_height=\"1500\"href='https:\/\/www.radiopiu.net\/wordpress\/wp-content\/uploads\/2023\/02\/2ab512ca-7e68-4fc3-89b1-fdcbd6528208.jpg'><img loading=\"lazy\" decoding=\"async\" width=\"150\" height=\"150\" src=\"https:\/\/www.radiopiu.net\/wordpress\/wp-content\/uploads\/2023\/02\/2ab512ca-7e68-4fc3-89b1-fdcbd6528208-150x150.jpg\" class=\"attachment-thumbnail size-thumbnail\" alt=\"\" \/><\/a>\n\t\t\t\t<\/dt><\/dl><dl class='gallery-item'>\n\t\t\t\t<dt class='gallery-icon landscape'>\n\t\t\t\t\t<a class=\"rollover rollover-zoom dt-pswp-item\" title=\"5d629bb2-84ed-43a0-8227-5239a0bfe5c5\" data-dt-img-description=\"\" data-large_image_width=\"2000\" data-large_image_height=\"1500\"href='https:\/\/www.radiopiu.net\/wordpress\/wp-content\/uploads\/2023\/02\/5d629bb2-84ed-43a0-8227-5239a0bfe5c5.jpg'><img loading=\"lazy\" decoding=\"async\" width=\"150\" height=\"150\" src=\"https:\/\/www.radiopiu.net\/wordpress\/wp-content\/uploads\/2023\/02\/5d629bb2-84ed-43a0-8227-5239a0bfe5c5-150x150.jpg\" class=\"attachment-thumbnail size-thumbnail\" alt=\"\" \/><\/a>\n\t\t\t\t<\/dt><\/dl><br style=\"clear: both\" \/>\n\t\t\t<\/div>\n\n<p>&nbsp;<\/p>\n<p>&nbsp;<\/p>\n<hr \/>\n<p>&nbsp;<\/p>\n<blockquote>\n<h3>LA PROVINCIA VUOLE AVVICINARE I GIOVANI AL MONDO DEL PUBBLICO IMPIEGO<\/h3>\n<\/blockquote>\n<p><strong><a class=\"dt-pswp-item\" href=\"https:\/\/www.radiopiu.net\/wordpress\/wp-content\/uploads\/2020\/06\/palazzo_piloni_belluno.jpg\" data-dt-img-description=\"\" data-large_image_width=\"1000\" data-large_image_height=\"667\"><img loading=\"lazy\" decoding=\"async\" class=\" wp-image-144771 alignleft\" src=\"https:\/\/www.radiopiu.net\/wordpress\/wp-content\/uploads\/2020\/06\/palazzo_piloni_belluno-300x200.jpg\" alt=\"\" width=\"203\" height=\"135\" srcset=\"https:\/\/www.radiopiu.net\/wordpress\/wp-content\/uploads\/2020\/06\/palazzo_piloni_belluno-300x200.jpg 300w, https:\/\/www.radiopiu.net\/wordpress\/wp-content\/uploads\/2020\/06\/palazzo_piloni_belluno-768x512.jpg 768w, https:\/\/www.radiopiu.net\/wordpress\/wp-content\/uploads\/2020\/06\/palazzo_piloni_belluno.jpg 1000w\" sizes=\"auto, (max-width: 203px) 100vw, 203px\" \/><\/a>BELLUNO<\/strong> La Provincia di Belluno cerca di avvicinare i pi\u00f9 giovani al mondo del pubblico impiego, e lo fa con un&#8217;iniziativa che nel prossimo mese di aprile coinvolger\u00e0 le scuole del territorio.<\/p>\n<p><strong>di Daniele Dalvit<\/strong><\/p>\n<audio class=\"wp-audio-shortcode\" id=\"audio-323239-4\" preload=\"none\" style=\"width: 100%;\" controls=\"controls\"><source type=\"audio\/mpeg\" src=\"https:\/\/www.radiopiu.net\/wordpress\/wp-content\/uploads\/2023\/02\/DALVIT-FORMAZIONE-PROVINCIA.mp3?_=4\" \/><a href=\"https:\/\/www.radiopiu.net\/wordpress\/wp-content\/uploads\/2023\/02\/DALVIT-FORMAZIONE-PROVINCIA.mp3\">https:\/\/www.radiopiu.net\/wordpress\/wp-content\/uploads\/2023\/02\/DALVIT-FORMAZIONE-PROVINCIA.mp3<\/a><\/audio>\n<p>&nbsp;<\/p>\n<hr \/>\n<p>&nbsp;<\/p>\n<blockquote>\n<h3>ESSILORLUXOTTICA RINNOVA L&#8217;ACCORDO DI LICENZA PER TARGET OPTICAL<\/h3>\n<\/blockquote>\n<p><strong><a class=\"dt-pswp-item\" href=\"https:\/\/www.radiopiu.net\/wordpress\/wp-content\/uploads\/2022\/02\/EL_Logotype_black.png\" data-dt-img-description=\"\" data-large_image_width=\"4831\" data-large_image_height=\"525\"><img loading=\"lazy\" decoding=\"async\" class=\" wp-image-257725 alignleft\" src=\"https:\/\/www.radiopiu.net\/wordpress\/wp-content\/uploads\/2022\/02\/EL_Logotype_black-300x33.png\" alt=\"\" width=\"209\" height=\"23\" srcset=\"https:\/\/www.radiopiu.net\/wordpress\/wp-content\/uploads\/2022\/02\/EL_Logotype_black-300x33.png 300w, https:\/\/www.radiopiu.net\/wordpress\/wp-content\/uploads\/2022\/02\/EL_Logotype_black-1024x111.png 1024w, https:\/\/www.radiopiu.net\/wordpress\/wp-content\/uploads\/2022\/02\/EL_Logotype_black-768x83.png 768w, https:\/\/www.radiopiu.net\/wordpress\/wp-content\/uploads\/2022\/02\/EL_Logotype_black-1536x167.png 1536w, https:\/\/www.radiopiu.net\/wordpress\/wp-content\/uploads\/2022\/02\/EL_Logotype_black-2048x223.png 2048w\" sizes=\"auto, (max-width: 209px) 100vw, 209px\" \/><\/a>CHARENTON-LE- PONT (FRANCIA) <\/strong>EssilorLuxottica annuncia il rinnovo dell&#8217;accordo di licenza con Target Corporation (Target), societ\u00e0 di Minneapolis operativa nel settore retail con oltre 2.000 punti vendita negli Stati Uniti e con Target.com, per la gestione operativa di Target Optical all&#8217;interno dei punti vendita Target. L&#8217;accordo pluriennale \u00e8 in vigore dal 12 febbraio 2023. Target Optical, una delle principali insegne di retail ottico negli Stati Uniti, fornisce una gamma completa di servizi per la cura della vista a pi\u00f9 di 1,5 milioni di consumatori ogni anno. L\u2019insegna offre esami della vista all&#8217;avanguardia eseguiti da optometristi esperti e un&#8217;ampia selezione di occhiali da vista e da sole dei principali marchi, tra cui Ray-Ban, Oakley e Transitions. Target Optical conta oggi pi\u00f9 di 560 punti vendita negli Stati Uniti, oltre all\u2019offerta e-commerce su TargetOptical.com.<\/p>\n<p>&nbsp;<\/p>\n<p>&nbsp;<\/p>\n<hr \/>\n<p>&nbsp;<\/p>\n<blockquote>\n<h3>CONCLUSO IL CORSO PER IL CONTROLLO DEI CORVIDI. SETTE LEZIONI DI 4 ORE: ABILITATI 240 ADDETTI<\/h3>\n<\/blockquote>\n<p><strong><a class=\"dt-pswp-item\" href=\"https:\/\/www.radiopiu.net\/wordpress\/wp-content\/uploads\/2023\/02\/Controllo-corvidi.jpg\" data-dt-img-description=\"\" data-large_image_width=\"2016\" data-large_image_height=\"1512\"><img loading=\"lazy\" decoding=\"async\" class=\" wp-image-323339 alignleft\" src=\"https:\/\/www.radiopiu.net\/wordpress\/wp-content\/uploads\/2023\/02\/Controllo-corvidi-300x225.jpg\" alt=\"\" width=\"157\" height=\"118\" srcset=\"https:\/\/www.radiopiu.net\/wordpress\/wp-content\/uploads\/2023\/02\/Controllo-corvidi-300x225.jpg 300w, https:\/\/www.radiopiu.net\/wordpress\/wp-content\/uploads\/2023\/02\/Controllo-corvidi-1024x768.jpg 1024w, https:\/\/www.radiopiu.net\/wordpress\/wp-content\/uploads\/2023\/02\/Controllo-corvidi-768x576.jpg 768w, https:\/\/www.radiopiu.net\/wordpress\/wp-content\/uploads\/2023\/02\/Controllo-corvidi-1536x1152.jpg 1536w, https:\/\/www.radiopiu.net\/wordpress\/wp-content\/uploads\/2023\/02\/Controllo-corvidi.jpg 2016w\" sizes=\"auto, (max-width: 157px) 100vw, 157px\" \/><\/a>BELLUNO<\/strong> Si \u00e8 concluso marted\u00ec scorso il corso di formazione per l\u2019abilitazione al controllo dei corvidi. La Provincia ha messo in campo 7 lezioni di quattro ore ciascuna per tutto il mese di febbraio e ha abilitato 240 soggetti formati appositamente per operare in un campo che richiede competenze e conoscenze specifiche. Il corso infatti, tenuto dai tecnici della Regione e della Provincia, oltre che dal Corpo di Polizia provinciale, ha fornito sia gli aspetti normativi sia quelli procedurali, senza tralasciare importanti concetti di ecologia applicata sulle specie oggetto dell\u2019attivit\u00e0 di controllo, vale a dire cornacchia grigia e gazza.\u00a0 \u00abL\u2019obiettivo \u00e8 stato quello di mettere in campo misure di prevenzione di danni all\u2019agricoltura. Misure che non possono contare solo su repellenti chimici e dissuasori acustici e visivi, ma necessitano anche di figure formate per il controllo\u00bb spiega il consigliere provinciale delegato a caccia e pesca, Franco De Bon. I corvidi rappresentano un&#8217;importante causa di danni per le colture. In provincia di Belluno le perdite quantificate solo sul mais negli ultimi quattro anni ammontano a oltre 23mila euro, in crescita costante. Il censimento effettuato sui \u201croost\u201d dormitori delle cornacchie (ospedale di Belluno, ospedale di Feltre e cartiera di Santa Giustina, luoghi di raduno abituale di queste specie) stima quasi 6.300 esemplari. Le azioni di controllo oggetto di formazione nel corso organizzato dalla Provincia non sono finalizzate a ridurre la consistenza numerica dei corvidi, bens\u00ec a limitare in maniera importante e duratura gravi situazioni di danno. Prevedono una serie crescente di misure, dalla cattura fino allo sparo ma solamente nei periodi di maggiore vulnerabilit\u00e0 agricola (semina e raccolto), sotto stretto coordinamento del Corpo di Polizia provinciale.<\/p>\n<p>&nbsp;<\/p>\n<hr \/>\n<p>&nbsp;<\/p>\n<blockquote>\n<h3>SOLIDARIETA\u2019 AI LAVORATORI DEL GRUPPO GEDI<\/h3>\n<\/blockquote>\n<p><strong><a class=\"dt-pswp-item\" href=\"https:\/\/www.radiopiu.net\/wordpress\/wp-content\/uploads\/2022\/06\/oscar-de-pellegrin.png\" data-dt-img-description=\"\" data-large_image_width=\"2000\" data-large_image_height=\"1804\"><img loading=\"lazy\" decoding=\"async\" class=\" wp-image-281257 alignleft\" src=\"https:\/\/www.radiopiu.net\/wordpress\/wp-content\/uploads\/2022\/06\/oscar-de-pellegrin-300x271.png\" alt=\"\" width=\"114\" height=\"103\" srcset=\"https:\/\/www.radiopiu.net\/wordpress\/wp-content\/uploads\/2022\/06\/oscar-de-pellegrin-300x271.png 300w, https:\/\/www.radiopiu.net\/wordpress\/wp-content\/uploads\/2022\/06\/oscar-de-pellegrin-1024x924.png 1024w, https:\/\/www.radiopiu.net\/wordpress\/wp-content\/uploads\/2022\/06\/oscar-de-pellegrin-768x693.png 768w, https:\/\/www.radiopiu.net\/wordpress\/wp-content\/uploads\/2022\/06\/oscar-de-pellegrin-1536x1385.png 1536w, https:\/\/www.radiopiu.net\/wordpress\/wp-content\/uploads\/2022\/06\/oscar-de-pellegrin.png 2000w\" sizes=\"auto, (max-width: 114px) 100vw, 114px\" \/><\/a>BELLUNO <\/strong>\u201cSi rischia di erodere la democrazia e la libera informazione, piena solidariet\u00e0 ai lavoratori del Gruppo Gedi e ai professionisti, che conosco personalmente e con i quali collaboro, della testata Corriere delle Alpi\u201d. Sono le parole del sindaco di Belluno, Oscar De Pellegrin, a sostegno dei lavoratori delle redazioni del Gruppo Gedi in stato di agitazione da giorni dopo l\u2019annuncio di un possibile passaggio di propriet\u00e0 delle storiche testate del Nordest: il Mattino di Padova, la Nuova di Venezia, la Tribuna di Treviso, il Messaggero Veneto, il Piccolo e il Corriere delle Alpi, appunto.<\/p>\n<p>&nbsp;<\/p>\n<p>&nbsp;<\/p>\n<p>&nbsp;<\/p>\n<hr \/>\n<p>&nbsp;<\/p>\n<blockquote>\n<h3>RACCOLTA RIFIUTI, LA VIA DIMENTICATA<\/h3>\n<\/blockquote>\n<p><strong>SAN TOMASO<\/strong> La storia si ripete e l&#8217;utente alza la voce. Dopo le giustificazioni di Valpe di poche settimane fa ancora una volta una &#8220;dimenticanza&#8221; lascia sulla strada i bidoni traboccanti di rifiuti. La segnalazione di Stefania alla radio:<\/p>\n<p>Ennesima mancata raccolta,\u00a0 come mi dispiace avere sempre ragione, perch\u00e9 una\u00a0 volta al mese non viene effettuata la raccolta.\u00a0 Fosse solo una distrazione di un solo bidone&#8230; stavolta non \u00e8 nemmeno passato per la via (in via vare sentiero lamont di San Tomaso), quindi anche questa volta colpa agli operatori che sono nuovi?\u00a0 Ieri\u00a0 a mezzogiorno ho telefonato a Valpe,\u00a0 l&#8217;operatrice mi ha assicurato\u00a0 che fino alle 13.30 erano in corso le operazioni di raccolta rifiuti, infatti a sera\u00a0 i bidoni\u00a0 erano ancora li&#8217;, pieni.\u00a0 Intanto paghiamo cara la bolletta tenendoci bene vicino rifiuti\u00a0 e mosche. Alla prossima puntata!<\/p>\n\n\t\t\t<style type='text\/css'>\n\t\t\t\t#gallery-3 {\n\t\t\t\t\tmargin: auto;\n\t\t\t\t}\n\t\t\t\t#gallery-3 .gallery-item {\n\t\t\t\t\tfloat: left;\n\t\t\t\t\tmargin-top: 10px;\n\t\t\t\t\ttext-align: center;\n\t\t\t\t\twidth: 33%;\n\t\t\t\t}\n\t\t\t\t#gallery-3 img {\n\t\t\t\t\tborder: 2px solid #cfcfcf;\n\t\t\t\t}\n\t\t\t\t#gallery-3 .gallery-caption {\n\t\t\t\t\tmargin-left: 0;\n\t\t\t\t}\n\t\t\t\t\/* see gallery_shortcode() in wp-includes\/media.php *\/\n\t\t\t<\/style>\n\t\t<div id='gallery-3' class='dt-gallery-container gallery galleryid-323239 gallery-columns-3 gallery-size-thumbnail'><dl class='gallery-item'>\n\t\t\t\t<dt class='gallery-icon portrait'>\n\t\t\t\t\t<a class=\"rollover rollover-zoom dt-pswp-item\" title=\"d541ff39-c347-4bd5-8dad-958c81ce424e\" data-dt-img-description=\"\" data-large_image_width=\"980\" data-large_image_height=\"2016\"href='https:\/\/www.radiopiu.net\/wordpress\/wp-content\/uploads\/2023\/02\/d541ff39-c347-4bd5-8dad-958c81ce424e.jpg'><img loading=\"lazy\" decoding=\"async\" width=\"150\" height=\"150\" src=\"https:\/\/www.radiopiu.net\/wordpress\/wp-content\/uploads\/2023\/02\/d541ff39-c347-4bd5-8dad-958c81ce424e-150x150.jpg\" class=\"attachment-thumbnail size-thumbnail\" alt=\"\" \/><\/a>\n\t\t\t\t<\/dt><\/dl><dl class='gallery-item'>\n\t\t\t\t<dt class='gallery-icon portrait'>\n\t\t\t\t\t<a class=\"rollover rollover-zoom dt-pswp-item\" title=\"a00d55e0-a706-4bd1-ae76-f368d36dec47\" data-dt-img-description=\"\" data-large_image_width=\"980\" data-large_image_height=\"2016\"href='https:\/\/www.radiopiu.net\/wordpress\/wp-content\/uploads\/2023\/02\/a00d55e0-a706-4bd1-ae76-f368d36dec47.jpg'><img loading=\"lazy\" decoding=\"async\" width=\"150\" height=\"150\" src=\"https:\/\/www.radiopiu.net\/wordpress\/wp-content\/uploads\/2023\/02\/a00d55e0-a706-4bd1-ae76-f368d36dec47-150x150.jpg\" class=\"attachment-thumbnail size-thumbnail\" alt=\"\" \/><\/a>\n\t\t\t\t<\/dt><\/dl><dl class='gallery-item'>\n\t\t\t\t<dt class='gallery-icon portrait'>\n\t\t\t\t\t<a class=\"rollover rollover-zoom dt-pswp-item\" title=\"f871f95a-cb8f-44f7-a4a4-e75e46b6395d\" data-dt-img-description=\"\" data-large_image_width=\"980\" data-large_image_height=\"2016\"href='https:\/\/www.radiopiu.net\/wordpress\/wp-content\/uploads\/2023\/02\/f871f95a-cb8f-44f7-a4a4-e75e46b6395d.jpg'><img loading=\"lazy\" decoding=\"async\" width=\"150\" height=\"150\" src=\"https:\/\/www.radiopiu.net\/wordpress\/wp-content\/uploads\/2023\/02\/f871f95a-cb8f-44f7-a4a4-e75e46b6395d-150x150.jpg\" class=\"attachment-thumbnail size-thumbnail\" alt=\"\" \/><\/a>\n\t\t\t\t<\/dt><\/dl><br style=\"clear: both\" \/>\n\t\t\t<\/div>\n\n<p><strong>AGGIORNAMENTO<\/strong><\/p>\n<p><em>&#8220;Stamane (giovedi) bidoni svuotati, ma ieri sera me lo sono riportato su, quel\u00a0 il bidone&#8221;<\/em><\/p>\n<p>&nbsp;<\/p>\n<hr \/>\n<p>&nbsp;<\/p>\n<p><strong>DI TIZIANO DE COL<\/strong><\/p>\n\n\t\t\t<style type='text\/css'>\n\t\t\t\t#gallery-4 {\n\t\t\t\t\tmargin: auto;\n\t\t\t\t}\n\t\t\t\t#gallery-4 .gallery-item {\n\t\t\t\t\tfloat: left;\n\t\t\t\t\tmargin-top: 10px;\n\t\t\t\t\ttext-align: center;\n\t\t\t\t\twidth: 20%;\n\t\t\t\t}\n\t\t\t\t#gallery-4 img {\n\t\t\t\t\tborder: 2px solid #cfcfcf;\n\t\t\t\t}\n\t\t\t\t#gallery-4 .gallery-caption {\n\t\t\t\t\tmargin-left: 0;\n\t\t\t\t}\n\t\t\t\t\/* see gallery_shortcode() in wp-includes\/media.php *\/\n\t\t\t<\/style>\n\t\t<div id='gallery-4' class='dt-gallery-container gallery galleryid-323239 gallery-columns-5 gallery-size-medium'><dl class='gallery-item'>\n\t\t\t\t<dt class='gallery-icon landscape'>\n\t\t\t\t\t<a class=\"rollover rollover-zoom dt-pswp-item\" title=\"2079b799-05c0-49e1-a271-ac23718878af\" data-dt-img-description=\"\" data-large_image_width=\"610\" data-large_image_height=\"366\"href='https:\/\/www.radiopiu.net\/wordpress\/wp-content\/uploads\/2023\/02\/2079b799-05c0-49e1-a271-ac23718878af.jpg'><img loading=\"lazy\" decoding=\"async\" width=\"300\" height=\"180\" src=\"https:\/\/www.radiopiu.net\/wordpress\/wp-content\/uploads\/2023\/02\/2079b799-05c0-49e1-a271-ac23718878af-300x180.jpg\" class=\"attachment-medium size-medium\" alt=\"\" srcset=\"https:\/\/www.radiopiu.net\/wordpress\/wp-content\/uploads\/2023\/02\/2079b799-05c0-49e1-a271-ac23718878af-300x180.jpg 300w, https:\/\/www.radiopiu.net\/wordpress\/wp-content\/uploads\/2023\/02\/2079b799-05c0-49e1-a271-ac23718878af.jpg 610w\" sizes=\"auto, (max-width: 300px) 100vw, 300px\" \/><\/a>\n\t\t\t\t<\/dt><\/dl><dl class='gallery-item'>\n\t\t\t\t<dt class='gallery-icon landscape'>\n\t\t\t\t\t<a class=\"rollover rollover-zoom dt-pswp-item\" title=\"68aeb283-19e4-43a4-9e80-c27ea125848b\" data-dt-img-description=\"\" data-large_image_width=\"614\" data-large_image_height=\"360\"href='https:\/\/www.radiopiu.net\/wordpress\/wp-content\/uploads\/2023\/02\/68aeb283-19e4-43a4-9e80-c27ea125848b.jpg'><img loading=\"lazy\" decoding=\"async\" width=\"300\" height=\"176\" src=\"https:\/\/www.radiopiu.net\/wordpress\/wp-content\/uploads\/2023\/02\/68aeb283-19e4-43a4-9e80-c27ea125848b-300x176.jpg\" class=\"attachment-medium size-medium\" alt=\"\" srcset=\"https:\/\/www.radiopiu.net\/wordpress\/wp-content\/uploads\/2023\/02\/68aeb283-19e4-43a4-9e80-c27ea125848b-300x176.jpg 300w, https:\/\/www.radiopiu.net\/wordpress\/wp-content\/uploads\/2023\/02\/68aeb283-19e4-43a4-9e80-c27ea125848b.jpg 614w\" sizes=\"auto, (max-width: 300px) 100vw, 300px\" \/><\/a>\n\t\t\t\t<\/dt><\/dl><dl class='gallery-item'>\n\t\t\t\t<dt class='gallery-icon landscape'>\n\t\t\t\t\t<a class=\"rollover rollover-zoom dt-pswp-item\" title=\"aa71315c-a09c-4112-b203-061476f7ea89\" data-dt-img-description=\"\" data-large_image_width=\"600\" data-large_image_height=\"345\"href='https:\/\/www.radiopiu.net\/wordpress\/wp-content\/uploads\/2023\/02\/aa71315c-a09c-4112-b203-061476f7ea89.jpg'><img loading=\"lazy\" decoding=\"async\" width=\"300\" height=\"173\" src=\"https:\/\/www.radiopiu.net\/wordpress\/wp-content\/uploads\/2023\/02\/aa71315c-a09c-4112-b203-061476f7ea89-300x173.jpg\" class=\"attachment-medium size-medium\" alt=\"\" srcset=\"https:\/\/www.radiopiu.net\/wordpress\/wp-content\/uploads\/2023\/02\/aa71315c-a09c-4112-b203-061476f7ea89-300x173.jpg 300w, https:\/\/www.radiopiu.net\/wordpress\/wp-content\/uploads\/2023\/02\/aa71315c-a09c-4112-b203-061476f7ea89.jpg 600w\" sizes=\"auto, (max-width: 300px) 100vw, 300px\" \/><\/a>\n\t\t\t\t<\/dt><\/dl><dl class='gallery-item'>\n\t\t\t\t<dt class='gallery-icon landscape'>\n\t\t\t\t\t<a class=\"rollover rollover-zoom dt-pswp-item\" title=\"ae264b32-66ec-439c-abf5-57a308096093\" data-dt-img-description=\"\" data-large_image_width=\"594\" data-large_image_height=\"349\"href='https:\/\/www.radiopiu.net\/wordpress\/wp-content\/uploads\/2023\/02\/ae264b32-66ec-439c-abf5-57a308096093.jpg'><img loading=\"lazy\" decoding=\"async\" width=\"300\" height=\"176\" src=\"https:\/\/www.radiopiu.net\/wordpress\/wp-content\/uploads\/2023\/02\/ae264b32-66ec-439c-abf5-57a308096093-300x176.jpg\" class=\"attachment-medium size-medium\" alt=\"\" srcset=\"https:\/\/www.radiopiu.net\/wordpress\/wp-content\/uploads\/2023\/02\/ae264b32-66ec-439c-abf5-57a308096093-300x176.jpg 300w, https:\/\/www.radiopiu.net\/wordpress\/wp-content\/uploads\/2023\/02\/ae264b32-66ec-439c-abf5-57a308096093.jpg 594w\" sizes=\"auto, (max-width: 300px) 100vw, 300px\" \/><\/a>\n\t\t\t\t<\/dt><\/dl><dl class='gallery-item'>\n\t\t\t\t<dt class='gallery-icon landscape'>\n\t\t\t\t\t<a class=\"rollover rollover-zoom dt-pswp-item\" title=\"0fd0c3a3-4438-4b52-92a3-eb77930ffc88\" data-dt-img-description=\"\" data-large_image_width=\"614\" data-large_image_height=\"353\"href='https:\/\/www.radiopiu.net\/wordpress\/wp-content\/uploads\/2023\/02\/0fd0c3a3-4438-4b52-92a3-eb77930ffc88.jpg'><img loading=\"lazy\" decoding=\"async\" width=\"300\" height=\"172\" src=\"https:\/\/www.radiopiu.net\/wordpress\/wp-content\/uploads\/2023\/02\/0fd0c3a3-4438-4b52-92a3-eb77930ffc88-300x172.jpg\" class=\"attachment-medium size-medium\" alt=\"\" srcset=\"https:\/\/www.radiopiu.net\/wordpress\/wp-content\/uploads\/2023\/02\/0fd0c3a3-4438-4b52-92a3-eb77930ffc88-300x172.jpg 300w, https:\/\/www.radiopiu.net\/wordpress\/wp-content\/uploads\/2023\/02\/0fd0c3a3-4438-4b52-92a3-eb77930ffc88.jpg 614w\" sizes=\"auto, (max-width: 300px) 100vw, 300px\" \/><\/a>\n\t\t\t\t<\/dt><\/dl><br style=\"clear: both\" \/>\n\t\t\t<\/div>\n\n<p>&nbsp;<\/p>\n<hr \/>\n<p>&nbsp;<\/p>\n<blockquote>\n<h3>CONTINUANO LE ASSUNZIONI IN ULSS 1 DOLOMITI<\/h3>\n<\/blockquote>\n<p><strong>BELLUNO <\/strong>Proseguono le assunzioni in Ulss Dolmiti per rafforzare il personale sanitario. Sono state assunti 4 educatrici professionali\u00a0 a tempo indeterminato e 4 infermieri a tempo determinato. Inoltre, sono stati conferiti degli incarichi di natura libero professionale ad una psicologa psicoterapeuta, ad un medico per prestazioni specialistiche nella disciplina di radiodiagnostica e ad un medico specialista in pediatria. Infine, sono stati approvati i bandi per gli avvisi per la ricerca dei nuovi direttori di UOC di Cardiologia Feltre e Medicina Feltre.<\/p>\n<p>&nbsp;<\/p>\n<p>&nbsp;<\/p>\n<hr \/>\n<p>&nbsp;<\/p>\n<blockquote>\n<h3>CODICI MINORI: UNA TASK FORCE PER RIDURRE LE ATTESE<\/h3>\n<\/blockquote>\n<p><strong><a class=\"dt-pswp-item\" href=\"https:\/\/www.radiopiu.net\/wordpress\/wp-content\/uploads\/2021\/12\/ambulanze-4.jpeg\" data-dt-img-description=\"\" data-large_image_width=\"1600\" data-large_image_height=\"1200\"><img loading=\"lazy\" decoding=\"async\" class=\" wp-image-250919 alignleft\" src=\"https:\/\/www.radiopiu.net\/wordpress\/wp-content\/uploads\/2021\/12\/ambulanze-4-300x225.jpeg\" alt=\"\" width=\"173\" height=\"130\" srcset=\"https:\/\/www.radiopiu.net\/wordpress\/wp-content\/uploads\/2021\/12\/ambulanze-4-300x225.jpeg 300w, https:\/\/www.radiopiu.net\/wordpress\/wp-content\/uploads\/2021\/12\/ambulanze-4-1024x768.jpeg 1024w, https:\/\/www.radiopiu.net\/wordpress\/wp-content\/uploads\/2021\/12\/ambulanze-4-768x576.jpeg 768w, https:\/\/www.radiopiu.net\/wordpress\/wp-content\/uploads\/2021\/12\/ambulanze-4-1536x1152.jpeg 1536w, https:\/\/www.radiopiu.net\/wordpress\/wp-content\/uploads\/2021\/12\/ambulanze-4.jpeg 1600w\" sizes=\"auto, (max-width: 173px) 100vw, 173px\" \/><\/a>BELLUNO <\/strong>Nel 2022 gli accessi ai Pronti Soccorsi dell\u2019Ulss Dolomiti sono stati 96.783 (+17%) rispetto all\u2019anno precedente. Di questi, i codici bianchi sono stati 44.800 e i verdi 29.850. Nell\u2019ultimo anno sono in aumento gli accessi al Pronto Soccorso per problematiche sanitarie minori o comunque non urgenti, che possono rappresentare un accesso \u201cimproprio\u201d al PS. Questi incidono sui tempi di presa in carico dei pazienti con ricadute anche sulla percezione dell\u2019efficienza del PS e sovraccarico di lavoro per gli operatori sanitari. Nell\u2019ambito delle misure per migliorare questi aspetti, l\u2019ulss Dolomiti, come fatto anche da altre ulss limitrofe, in accordo con i sindacati della medicina convenzionata, ha attivato un progetto sperimentale della durata di 6 mesi per la gestione dei Codici minori tramite incarichi diurni ai medici di continuit\u00e0 assistenziale su base volontaria. Si precisa che gli ambulatori codici minori non pregiudicheranno il normale servizio di continuit\u00e0 assistenziale (attivo le notti e i festivi) e la relativa turnazione. Nello specifico, il progetto prevede l\u2019attivazione di 40 turni mensili per i Pronto Soccorsi di Belluno e Feltre di 6 ore ciascuno, che copriranno la fascia 8:00 \u2013 20:00. Il servizio sar\u00e0 organizzato dai direttori dei pronti soccorsi che cureranno anche una formazione specifica.<\/p>\n<p>&nbsp;<\/p>\n<p>&nbsp;<\/p>\n<hr \/>\n<p>&nbsp;<\/p>\n<blockquote>\n<h3>LA BANCA OCCHI DEL VENETO, SI CONFERMA ECCELLENZA INTERNAZIONALE<\/h3>\n<\/blockquote>\n<p><strong><a class=\"dt-pswp-item\" href=\"https:\/\/www.radiopiu.net\/wordpress\/wp-content\/uploads\/2023\/01\/OCCHIO.jpg\" data-dt-img-description=\"\" data-large_image_width=\"1280\" data-large_image_height=\"720\"><img loading=\"lazy\" decoding=\"async\" class=\" wp-image-316407 alignleft\" src=\"https:\/\/www.radiopiu.net\/wordpress\/wp-content\/uploads\/2023\/01\/OCCHIO-300x169.jpg\" alt=\"\" width=\"151\" height=\"85\" srcset=\"https:\/\/www.radiopiu.net\/wordpress\/wp-content\/uploads\/2023\/01\/OCCHIO-300x169.jpg 300w, https:\/\/www.radiopiu.net\/wordpress\/wp-content\/uploads\/2023\/01\/OCCHIO-1024x576.jpg 1024w, https:\/\/www.radiopiu.net\/wordpress\/wp-content\/uploads\/2023\/01\/OCCHIO-768x432.jpg 768w, https:\/\/www.radiopiu.net\/wordpress\/wp-content\/uploads\/2023\/01\/OCCHIO.jpg 1280w\" sizes=\"auto, (max-width: 151px) 100vw, 151px\" \/><\/a>VENEZIA <\/strong>\u201cUndici neonati, tra i quali alcuni in altre regioni e uno in Inghilterra, cresceranno potendo vedere il mondo grazie al lavoro svolto dalla Banca degli occhi del Veneto. La Fondazione con sede a Mestre si conferma una vera eccellenza internazionale qualificante della nostra sanit\u00e0, sia per l\u2019alta percentuale di disponibilit\u00e0 alla donazione manifestate sia per il contributo che fornisce per eseguire trapianti in tutto il mondo. Mi congratulo con tutto il personale che, con qualsiasi incarico, ogni giorno lavora consentendo i successi di questa realt\u00e0\u201d. Con queste parole il Presidente della Regione del Veneto, Luca Zaia, esprime il suo plauso per l\u2019attivit\u00e0 del 2022 resa nota della Fondazione Banca degli Occhi del Veneto. Nell\u2019anno da poco concluso sono stati processate diverse migliaia di tessuti oculari e a migliaia ne sono stati distribuiti non solo in tutta Italia ma anche in Portogallo, Regno Unito, Germania, in paesi africani ed asiatici.<\/p>\n<p>&nbsp;<\/p>\n<p>&nbsp;<\/p>\n<hr \/>\n<p>&nbsp;<\/p>\n<blockquote>\n<h3>IN PRIMAVERA RIPARTE SCUOLA SICURA VENETO<\/h3>\n<\/blockquote>\n<p><strong>VENEZIA\u00a0<\/strong>Si \u00e8 svolta ieri la prima riunione operativa della nuova edizione del progetto \u201cScuola Sicura Veneto\u201d, il format ideato dall\u2019Assessorato regionale alla Protezione Civile e dedicato alle scuole del territorio. Presso la sede regionale della Protezione Civile si sono infatti incontrati con l\u2019assessore Gianpaolo Bottacin i rappresentanti dei comuni capoluogo delle province del Veneto, che parteciperanno all\u2019ottava edizione del progetto, per definire il calendario e i primi dettagli dell\u2019iniziativa.<\/p>\n<p><strong>L\u2019ASSESORE REGIONALE GIANPAOLO BOTTACIN<\/strong><\/p>\n<p><iframe loading=\"lazy\" title=\"Scuola sicura Veneto Bottacin\" width=\"1200\" height=\"675\" src=\"https:\/\/www.youtube.com\/embed\/bEOrH91Jtrs?feature=oembed\" frameborder=\"0\" allow=\"accelerometer; autoplay; clipboard-write; encrypted-media; gyroscope; picture-in-picture; web-share\" allowfullscreen><\/iframe><\/p>\n<p><strong>\u00a0L&#8217;ASSESSORE LORENZA DE KUNOVICH<\/strong><\/p>\n<p><iframe loading=\"lazy\" title=\"Scuola sicura 2\" width=\"1200\" height=\"675\" src=\"https:\/\/www.youtube.com\/embed\/IR4sh0sSfNU?feature=oembed\" frameborder=\"0\" allow=\"accelerometer; autoplay; clipboard-write; encrypted-media; gyroscope; picture-in-picture; web-share\" allowfullscreen><\/iframe><\/p>\n<p>&nbsp;<\/p>\n<hr \/>\n<p>&nbsp;<\/p>\n<blockquote>\n<h3>LA LEGA PRESENTA UNA MOZIONE CONTRO LA DIRETTIVA EUROPEA SULL&#8217;ADEGUAMENTO ENERGETICO DEGLI IMMOBILI<\/h3>\n<\/blockquote>\n<p><strong>PONTE NELLE ALPI <\/strong>\u201cOpponiamoci alla direttiva proposta dall\u2019Unione Europea per l\u2019adeguamento degli edifici alla classe energetica E entro il 2030: \u00e8 un chiaro attacco all\u2019economia e al patrimonio edilizio italiani\u201d.\u00a0 Le parole arrivano dal gruppo di opposizione di Ponte nelle Alpi, formato dai consiglieri della Lega Paolo De Vettor e Angelo Levis e dai consiglieri Sindy Bindella ed Enrico Collarin; l&#8217;appello nei giorni scorsi ha assunto la forma di una mozione depositata in Comune per essere affrontata al prossimo Consiglio comunale.<\/p>\n<p><strong>IL CONSIGLIERE DELLA LEGA A PONTE NELLE ALPI ANGELO LEVIS<\/strong><\/p>\n<audio class=\"wp-audio-shortcode\" id=\"audio-323239-5\" preload=\"none\" style=\"width: 100%;\" controls=\"controls\"><source type=\"audio\/mpeg\" src=\"https:\/\/www.radiopiu.net\/wordpress\/wp-content\/uploads\/2023\/02\/Consigliere-Levis.mp3?_=5\" \/><a href=\"https:\/\/www.radiopiu.net\/wordpress\/wp-content\/uploads\/2023\/02\/Consigliere-Levis.mp3\">https:\/\/www.radiopiu.net\/wordpress\/wp-content\/uploads\/2023\/02\/Consigliere-Levis.mp3<\/a><\/audio>\n<p>&nbsp;<\/p>\n<hr \/>\n<p>&nbsp;<\/p>\n<blockquote>\n<h3>A SANREMO TRA LE DOLOMITI CON LE RADIO BELLUNESI<\/h3>\n<\/blockquote>\n<p><strong><a class=\"dt-pswp-item\" href=\"https:\/\/www.radiopiu.net\/wordpress\/wp-content\/uploads\/2023\/02\/b3316c23-5543-43e2-81bb-56b8c3b258a6.jpg\" data-dt-img-description=\"\" data-large_image_width=\"1691\" data-large_image_height=\"1125\"><img loading=\"lazy\" decoding=\"async\" class=\"size-medium wp-image-323188 alignleft\" src=\"https:\/\/www.radiopiu.net\/wordpress\/wp-content\/uploads\/2023\/02\/b3316c23-5543-43e2-81bb-56b8c3b258a6-300x200.jpg\" alt=\"\" width=\"300\" height=\"200\" srcset=\"https:\/\/www.radiopiu.net\/wordpress\/wp-content\/uploads\/2023\/02\/b3316c23-5543-43e2-81bb-56b8c3b258a6-300x200.jpg 300w, https:\/\/www.radiopiu.net\/wordpress\/wp-content\/uploads\/2023\/02\/b3316c23-5543-43e2-81bb-56b8c3b258a6-1024x681.jpg 1024w, https:\/\/www.radiopiu.net\/wordpress\/wp-content\/uploads\/2023\/02\/b3316c23-5543-43e2-81bb-56b8c3b258a6-768x511.jpg 768w, https:\/\/www.radiopiu.net\/wordpress\/wp-content\/uploads\/2023\/02\/b3316c23-5543-43e2-81bb-56b8c3b258a6-1536x1022.jpg 1536w, https:\/\/www.radiopiu.net\/wordpress\/wp-content\/uploads\/2023\/02\/b3316c23-5543-43e2-81bb-56b8c3b258a6.jpg 1691w\" sizes=\"auto, (max-width: 300px) 100vw, 300px\" \/><\/a>BELLUNO<\/strong><\/p>\n<p><strong><span style=\"color: #0000ff;\">DALLA CONFERENZA STAMPA<\/span>\u00a0 DI BARBARA PAOLAZZI &#8211; RADIO CLUB 103<\/strong><\/p>\n<audio class=\"wp-audio-shortcode\" id=\"audio-323239-6\" preload=\"none\" style=\"width: 100%;\" controls=\"controls\"><source type=\"audio\/mpeg\" src=\"https:\/\/www.radiopiu.net\/wordpress\/wp-content\/uploads\/2023\/02\/BARBARA-PAOLAZZI-CASA-SANREMO.mp3?_=6\" \/><a href=\"https:\/\/www.radiopiu.net\/wordpress\/wp-content\/uploads\/2023\/02\/BARBARA-PAOLAZZI-CASA-SANREMO.mp3\">https:\/\/www.radiopiu.net\/wordpress\/wp-content\/uploads\/2023\/02\/BARBARA-PAOLAZZI-CASA-SANREMO.mp3<\/a><\/audio>\n<p>&nbsp;<\/p>\n<p><strong><span style=\"color: #0000ff;\">L&#8217;INTERVISTA<\/span> DI BARBARA PAOLAZZI AL PRESIDENTE DELLA PROVINCIA DI BELLUNO ROBERTO PADRIN<\/strong><\/p>\n<audio class=\"wp-audio-shortcode\" id=\"audio-323239-7\" preload=\"none\" style=\"width: 100%;\" controls=\"controls\"><source type=\"audio\/mpeg\" src=\"https:\/\/www.radiopiu.net\/wordpress\/wp-content\/uploads\/2023\/02\/INTERVISTA-PADRIN.mp3?_=7\" \/><a href=\"https:\/\/www.radiopiu.net\/wordpress\/wp-content\/uploads\/2023\/02\/INTERVISTA-PADRIN.mp3\">https:\/\/www.radiopiu.net\/wordpress\/wp-content\/uploads\/2023\/02\/INTERVISTA-PADRIN.mp3<\/a><\/audio>\n<p>&nbsp;<\/p>\n<p>&nbsp;<\/p>\n<hr \/>\n<p>&nbsp;<\/p>\n<blockquote>\n<h3>IL 19 MARZO TORNA SUL BROI LA VECIA POPA<\/h3>\n<\/blockquote>\n<p><strong>AGORDO<\/strong> La Vecia Popa \u00e8 pronta per tonare sul Broi di Agordo . L&#8217;Appuntamento \u00e8 per domenica 19 marzo con la festa e l&#8217;atteso testamento.<\/p>\n\n\t\t\t<style type='text\/css'>\n\t\t\t\t#gallery-5 {\n\t\t\t\t\tmargin: auto;\n\t\t\t\t}\n\t\t\t\t#gallery-5 .gallery-item {\n\t\t\t\t\tfloat: left;\n\t\t\t\t\tmargin-top: 10px;\n\t\t\t\t\ttext-align: center;\n\t\t\t\t\twidth: 50%;\n\t\t\t\t}\n\t\t\t\t#gallery-5 img {\n\t\t\t\t\tborder: 2px solid #cfcfcf;\n\t\t\t\t}\n\t\t\t\t#gallery-5 .gallery-caption {\n\t\t\t\t\tmargin-left: 0;\n\t\t\t\t}\n\t\t\t\t\/* see gallery_shortcode() in wp-includes\/media.php *\/\n\t\t\t<\/style>\n\t\t<div id='gallery-5' class='dt-gallery-container gallery galleryid-323239 gallery-columns-2 gallery-size-medium'><dl class='gallery-item'>\n\t\t\t\t<dt class='gallery-icon landscape'>\n\t\t\t\t\t<a class=\"rollover rollover-zoom dt-pswp-item\" title=\"dee7dc2b-e175-4363-a25e-dfe83fa36671\" data-dt-img-description=\"\" data-large_image_width=\"813\" data-large_image_height=\"540\"href='https:\/\/www.radiopiu.net\/wordpress\/wp-content\/uploads\/2023\/02\/dee7dc2b-e175-4363-a25e-dfe83fa36671.jpg'><img loading=\"lazy\" decoding=\"async\" width=\"300\" height=\"199\" src=\"https:\/\/www.radiopiu.net\/wordpress\/wp-content\/uploads\/2023\/02\/dee7dc2b-e175-4363-a25e-dfe83fa36671-300x199.jpg\" class=\"attachment-medium size-medium\" alt=\"\" srcset=\"https:\/\/www.radiopiu.net\/wordpress\/wp-content\/uploads\/2023\/02\/dee7dc2b-e175-4363-a25e-dfe83fa36671-300x199.jpg 300w, https:\/\/www.radiopiu.net\/wordpress\/wp-content\/uploads\/2023\/02\/dee7dc2b-e175-4363-a25e-dfe83fa36671-768x510.jpg 768w, https:\/\/www.radiopiu.net\/wordpress\/wp-content\/uploads\/2023\/02\/dee7dc2b-e175-4363-a25e-dfe83fa36671.jpg 813w\" sizes=\"auto, (max-width: 300px) 100vw, 300px\" \/><\/a>\n\t\t\t\t<\/dt><\/dl><dl class='gallery-item'>\n\t\t\t\t<dt class='gallery-icon landscape'>\n\t\t\t\t\t<a class=\"rollover rollover-zoom dt-pswp-item\" title=\"ddc0aeda-a4e9-4a5b-b809-227e841efa46\" data-dt-img-description=\"\" data-large_image_width=\"300\" data-large_image_height=\"199\"href='https:\/\/www.radiopiu.net\/wordpress\/wp-content\/uploads\/2023\/02\/ddc0aeda-a4e9-4a5b-b809-227e841efa46.jpg'><img loading=\"lazy\" decoding=\"async\" width=\"300\" height=\"199\" src=\"https:\/\/www.radiopiu.net\/wordpress\/wp-content\/uploads\/2023\/02\/ddc0aeda-a4e9-4a5b-b809-227e841efa46.jpg\" class=\"attachment-medium size-medium\" alt=\"\" \/><\/a>\n\t\t\t\t<\/dt><\/dl><br style=\"clear: both\" \/>\n\t\t\t<\/div>\n\n<p>&nbsp;<\/p>\n<h2><span style=\"color: #ff0000;\"><strong>DALL&#8217;ARCHIVIO RADIO PIU&#8217;\u00a0<\/strong><\/span><\/h2>\n<blockquote>\n<h3>28 MARZO 2021&#8230; UN TESTAMENTO ALLA RADIO, IN TEMPI DI COVID CON DANIELA LENA<\/h3>\n<\/blockquote>\n<p>https:\/\/www.facebook.com\/radiopiu\/videos\/1109081606274796<\/p>\n<p>&nbsp;<\/p>\n<hr \/>\n<p>&nbsp;<\/p>\n<p>&nbsp;<\/p>\n<blockquote>\n<h3>L&#8217;ARTISTA GABRIELE GRONES A CITTA&#8217; DEL MESSICO<\/h3>\n<\/blockquote>\n<p><strong><img loading=\"lazy\" decoding=\"async\" class=\"alignleft\" src=\"https:\/\/www.radiopiu.net\/wordpress\/wp-content\/uploads\/2023\/02\/GRONES.jpg\" width=\"194\" height=\"148\" \/>LIVINALLONGO<\/strong><\/p>\n<p><strong>di\u00a0 LORENZO SORATROI<\/strong><\/p>\n<audio class=\"wp-audio-shortcode\" id=\"audio-323239-8\" preload=\"none\" style=\"width: 100%;\" controls=\"controls\"><source type=\"audio\/mpeg\" src=\"https:\/\/www.radiopiu.net\/wordpress\/wp-content\/uploads\/2023\/02\/lorenzo-gabriele.mp3?_=8\" \/><a href=\"https:\/\/www.radiopiu.net\/wordpress\/wp-content\/uploads\/2023\/02\/lorenzo-gabriele.mp3\">https:\/\/www.radiopiu.net\/wordpress\/wp-content\/uploads\/2023\/02\/lorenzo-gabriele.mp3<\/a><\/audio>\n<p>&nbsp;<\/p>\n<p>&nbsp;<\/p>\n<p>&nbsp;<\/p>\n<hr \/>\n<p>&nbsp;<\/p>\n<blockquote>\n<h3><strong>OPEN DAY AZZARDO, NEI SERD DELL&#8217;ULSS DOLOMITI<\/strong><\/h3>\n<\/blockquote>\n<p><strong>\u00a0BELLUNO <\/strong>I SerD del Dipartimento Dipendenze dell\u2019Ulss Dolomiti organizzano un open day per sabato 25 febbraio 2023 dalle 9.00 alle 12.00. Gli operatori saranno a disposizione nell\u2019orario indicato, senza appuntamento, per informazioni e consulenze sul tema nelle sedi Ser.D. di: <strong>Belluno <\/strong>via Sala 35, Cusighe <strong>Feltre <\/strong>ex casa di cura Bellati <strong>Agordo <\/strong>\u00a0ospedale)\u00a0 <strong>Auronzo <\/strong>Centro Sanitario Polifunzionale<\/p>\n<p>&nbsp;<\/p>\n<p>&nbsp;<\/p>\n<hr \/>\n<p>&nbsp;<\/p>\n<blockquote>\n<h3>L&#8217;ASSEMBLEA DEI DONATORI DEL SANGUE DI CANALE D&#8217;AGORDO<\/h3>\n<\/blockquote>\n<p><strong><a class=\"dt-pswp-item\" href=\"https:\/\/www.radiopiu.net\/wordpress\/wp-content\/uploads\/2020\/09\/DONAZIONE-SANGUE.jpg\" data-dt-img-description=\"\" data-large_image_width=\"1920\" data-large_image_height=\"1282\"><img loading=\"lazy\" decoding=\"async\" class=\" wp-image-161053 alignleft\" src=\"https:\/\/www.radiopiu.net\/wordpress\/wp-content\/uploads\/2020\/09\/DONAZIONE-SANGUE-300x200.jpg\" alt=\"\" width=\"150\" height=\"100\" srcset=\"https:\/\/www.radiopiu.net\/wordpress\/wp-content\/uploads\/2020\/09\/DONAZIONE-SANGUE-300x200.jpg 300w, https:\/\/www.radiopiu.net\/wordpress\/wp-content\/uploads\/2020\/09\/DONAZIONE-SANGUE-1024x684.jpg 1024w, https:\/\/www.radiopiu.net\/wordpress\/wp-content\/uploads\/2020\/09\/DONAZIONE-SANGUE-768x513.jpg 768w, https:\/\/www.radiopiu.net\/wordpress\/wp-content\/uploads\/2020\/09\/DONAZIONE-SANGUE-1536x1026.jpg 1536w, https:\/\/www.radiopiu.net\/wordpress\/wp-content\/uploads\/2020\/09\/DONAZIONE-SANGUE-640x427.jpg 640w, https:\/\/www.radiopiu.net\/wordpress\/wp-content\/uploads\/2020\/09\/DONAZIONE-SANGUE.jpg 1920w\" sizes=\"auto, (max-width: 150px) 100vw, 150px\" \/><\/a>CANALE D&#8217;AGORDO<\/strong><\/p>\n<p>di Gianni Santomaso<\/p>\n<audio class=\"wp-audio-shortcode\" id=\"audio-323239-9\" preload=\"none\" style=\"width: 100%;\" controls=\"controls\"><source type=\"audio\/mpeg\" src=\"https:\/\/www.radiopiu.net\/wordpress\/wp-content\/uploads\/2023\/02\/GIANNI-ASSEMBLEA-DEI-DONATORI-DEL-SANGUE-DI-CANALE-DAGORDO.mp3?_=9\" \/><a href=\"https:\/\/www.radiopiu.net\/wordpress\/wp-content\/uploads\/2023\/02\/GIANNI-ASSEMBLEA-DEI-DONATORI-DEL-SANGUE-DI-CANALE-DAGORDO.mp3\">https:\/\/www.radiopiu.net\/wordpress\/wp-content\/uploads\/2023\/02\/GIANNI-ASSEMBLEA-DEI-DONATORI-DEL-SANGUE-DI-CANALE-DAGORDO.mp3<\/a><\/audio>\n<p>&nbsp;<\/p>\n<hr \/>\n<p>&nbsp;<\/p>\n<blockquote>\n<h3>SONO SEI I PUNTI DA DISCUTERE NEL CONSIGLIO COMUNALE DI AGORDO<\/h3>\n<\/blockquote>\n<p><strong>AGORDO<\/strong>\u00a0Il sindaco di Agordo Roberto Chissal\u00e8 ha convocato il consiglio comunale per oggi alle 8. Sono sei i punti all\u2019ordine del giorno. Si parler\u00e0 delle imposte IMU e IRPEF, del documento unico di programmazione 2023-2025, il bilancio preventivo e di previsione di ASCA, gli interventi per parcheggi e viabilit\u00e0 a Parech per chiudere con l\u2019approvazione della convenzione con l\u2019Unione Montana Agordina del comitato unico di garanzia per le pari opportunit\u00e0.<\/p>\n<p>&nbsp;<\/p>\n<p>&nbsp;<\/p>\n<hr \/>\n<p>&nbsp;<\/p>\n<blockquote>\n<h3>A PROPOSITO DEI CONFINI DELLA MARMOLADA, COME VA? LO CHIEDE LA MINORANZA<\/h3>\n<\/blockquote>\n<p><strong>ROCCA PIETORE<\/strong> Il sindaco Andrea De Bernardin oggi, risponder\u00e0 all&#8217;interrogazione del gruppo di opposizione &#8220;Uniti per la Montagna&#8221;, chiede quale sia l&#8217;attuale situazione dei confini della Marmolada e uso civico. Ma i consiglieri dovranno aspettare, prima ci sono 10 punti in discussione tra approvazione di regolamenti, convenzioni, e delibere varie tra cui l&#8217;approvazione del documento unico di programmazione.<\/p>\n<p>&nbsp;<\/p>\n<p>&nbsp;<\/p>\n<hr \/>\n<p>&nbsp;<\/p>\n<blockquote>\n<h3>IL DUP IN CONSIGLIO COMUNALE<\/h3>\n<\/blockquote>\n<p><strong>SELVA DI CADORE<\/strong> Il sindaco Luca Lorenzini ha convocato il consiglio comunale domani alle 18. All&#8217;ordine del giorno l&#8217;imposta Imu (aliquote 2023), la verifica delle aree da destinarsi a residenza; approvazione del Dup e delle convenzione con l&#8217;Unione Montana sulle pari opportunit\u00e0<\/p>\n<p><strong>di Gianni Santomaso<\/strong><\/p>\n<audio class=\"wp-audio-shortcode\" id=\"audio-323239-10\" preload=\"none\" style=\"width: 100%;\" controls=\"controls\"><source type=\"audio\/mpeg\" src=\"https:\/\/www.radiopiu.net\/wordpress\/wp-content\/uploads\/2023\/02\/GIANNI-CONSIGLIO-SELVA.mp3?_=10\" \/><a href=\"https:\/\/www.radiopiu.net\/wordpress\/wp-content\/uploads\/2023\/02\/GIANNI-CONSIGLIO-SELVA.mp3\">https:\/\/www.radiopiu.net\/wordpress\/wp-content\/uploads\/2023\/02\/GIANNI-CONSIGLIO-SELVA.mp3<\/a><\/audio>\n<p>&nbsp;<\/p>\n<hr \/>\n<p>&nbsp;<\/p>\n<blockquote>\n<h2>scuola IERI ALLA RADIO, CON LA PROF. MARIA ROSA SALMAZO<\/h2>\n<\/blockquote>\n<p><img loading=\"lazy\" decoding=\"async\" class=\"alignleft\" src=\"https:\/\/www.radiopiu.net\/wordpress\/wp-content\/uploads\/2023\/02\/Scuola-elementare-di-Rocca-Pietore-3.jpg\" width=\"231\" height=\"130\" \/><strong>AUDIO<\/strong><\/p>\n<audio class=\"wp-audio-shortcode\" id=\"audio-323239-11\" preload=\"none\" style=\"width: 100%;\" controls=\"controls\"><source type=\"audio\/mpeg\" src=\"https:\/\/www.radiopiu.net\/wordpress\/wp-content\/uploads\/2023\/02\/SE-NON-LA-SMETTI-17-PUNTATA.mp3?_=11\" \/><a href=\"https:\/\/www.radiopiu.net\/wordpress\/wp-content\/uploads\/2023\/02\/SE-NON-LA-SMETTI-17-PUNTATA.mp3\">https:\/\/www.radiopiu.net\/wordpress\/wp-content\/uploads\/2023\/02\/SE-NON-LA-SMETTI-17-PUNTATA.mp3<\/a><\/audio>\n<p>&nbsp;<\/p>\n<p><strong>LA RACCOLTA COMPLETA<\/strong><\/p>\n<blockquote class=\"wp-embedded-content\" data-secret=\"f6EXrnddLD\"><p><a href=\"https:\/\/www.radiopiu.net\/wordpress\/se-non-la-smetti-di-mando-dal-preside\/\">SE NON LA SMETTI TI MANDO DAL PRESIDE<\/a><\/p><\/blockquote>\n<p><iframe loading=\"lazy\" class=\"wp-embedded-content\" sandbox=\"allow-scripts\" security=\"restricted\" style=\"position: absolute; clip: rect(1px, 1px, 1px, 1px);\" title=\"&#8220;SE NON LA SMETTI TI MANDO DAL PRESIDE&#8221; &#8212; Radio Pi\u00f9\" src=\"https:\/\/www.radiopiu.net\/wordpress\/se-non-la-smetti-di-mando-dal-preside\/embed\/#?secret=wYdHSESujF#?secret=f6EXrnddLD\" data-secret=\"f6EXrnddLD\" width=\"600\" height=\"338\" frameborder=\"0\" marginwidth=\"0\" marginheight=\"0\" scrolling=\"no\"><\/iframe><\/p>\n<p>&nbsp;<\/p>\n<hr \/>\n<p>&nbsp;<\/p>\n<blockquote>\n<h3>SABATO AL NOF FILO&#8217; CON GLI AMICI DELLA MONTAGNA CON TOIGO E PADROS<\/h3>\n<\/blockquote>\n<p><strong>di LUISA MANFROI<\/strong><\/p>\n<p><strong>CENCENIGHE<\/strong> Diego Toigo e Santiago Padr\u00f2s saranno ospiti del Gruppo Amici della Montagna di Cencenighe sabato 25 febbraio per presentare al Nof Fil\u00f2 \u201cAttraverso le Pale di San Lucano\u201d, la loro esperienza di concatenamento in quattro giorni e senza scendere a valle\u00a0 salendo vie alpinistiche in prima ripetizione. Un\u2019esperienza vissuta a giugno 2021\u00a0 da Diego Toigo, di Fozaso, istruttore Cai e da Santiago (Santi) Padr\u00f2s, catalano, guida alpina abitante a Fornesighe (Val di Zoldo) entrambi appassionati di avventure alpinistiche su pareti come quelle delle Pale di San Lucano che, come afferma Toigo: \u201csono teatro di un alpinismo storico ormai dimenticato da tanti arrampicatori e offrono ancora un perfetto campo di gioco per chi ricerca l\u2019avventura\u201d. La serata con ingresso libero e patrocinata dal Comune di Cencenighe, \u00e8 realizzata grazie al contributo di diversi sponsor. Sar\u00e0 presentata da Gianpaolo Soratroi e avr\u00e0 inizio alle ore 21. Al centro \u00e8 il racconto di Diego e Santi\u00a0 accompagnato da fotografie e un breve video di Ruggero Arena. Con questa iniziativa continua la lunga tradizione del Gruppo Amici della Montagna di Cencenighe, attivo dal 1979, di proporre serate con i protagonisti del mondo dell\u2019arrampicata.<\/p>\n<p><strong>ALLA RADIO<\/strong><\/p>\n<audio class=\"wp-audio-shortcode\" id=\"audio-323239-12\" preload=\"none\" style=\"width: 100%;\" controls=\"controls\"><source type=\"audio\/mpeg\" src=\"https:\/\/www.radiopiu.net\/wordpress\/wp-content\/uploads\/2023\/02\/Serata-Pale-di-San-Lucano.mp3?_=12\" \/><a href=\"https:\/\/www.radiopiu.net\/wordpress\/wp-content\/uploads\/2023\/02\/Serata-Pale-di-San-Lucano.mp3\">https:\/\/www.radiopiu.net\/wordpress\/wp-content\/uploads\/2023\/02\/Serata-Pale-di-San-Lucano.mp3<\/a><\/audio>\n<p>&nbsp;<\/p>\n\n\t\t\t<style type='text\/css'>\n\t\t\t\t#gallery-6 {\n\t\t\t\t\tmargin: auto;\n\t\t\t\t}\n\t\t\t\t#gallery-6 .gallery-item {\n\t\t\t\t\tfloat: left;\n\t\t\t\t\tmargin-top: 10px;\n\t\t\t\t\ttext-align: center;\n\t\t\t\t\twidth: 33%;\n\t\t\t\t}\n\t\t\t\t#gallery-6 img {\n\t\t\t\t\tborder: 2px solid #cfcfcf;\n\t\t\t\t}\n\t\t\t\t#gallery-6 .gallery-caption {\n\t\t\t\t\tmargin-left: 0;\n\t\t\t\t}\n\t\t\t\t\/* see gallery_shortcode() in wp-includes\/media.php *\/\n\t\t\t<\/style>\n\t\t<div id='gallery-6' class='dt-gallery-container gallery galleryid-323239 gallery-columns-3 gallery-size-thumbnail'><dl class='gallery-item'>\n\t\t\t\t<dt class='gallery-icon landscape'>\n\t\t\t\t\t<a class=\"rollover rollover-zoom dt-pswp-item\" title=\"Diego Toigo e Santi Padros\" data-dt-img-description=\"\" data-large_image_width=\"2560\" data-large_image_height=\"1707\"href='https:\/\/www.radiopiu.net\/wordpress\/wp-content\/uploads\/2023\/02\/Diego-Toigo-e-Santi-Padros-scaled.jpg'><img loading=\"lazy\" decoding=\"async\" width=\"150\" height=\"150\" src=\"https:\/\/www.radiopiu.net\/wordpress\/wp-content\/uploads\/2023\/02\/Diego-Toigo-e-Santi-Padros-150x150.jpg\" class=\"attachment-thumbnail size-thumbnail\" alt=\"\" \/><\/a>\n\t\t\t\t<\/dt><\/dl><dl class='gallery-item'>\n\t\t\t\t<dt class='gallery-icon landscape'>\n\t\t\t\t\t<a class=\"rollover rollover-zoom dt-pswp-item\" title=\"Una sosta in parete\" data-dt-img-description=\"\" data-large_image_width=\"2560\" data-large_image_height=\"1920\"href='https:\/\/www.radiopiu.net\/wordpress\/wp-content\/uploads\/2023\/02\/Una-sosta-in-parete-scaled.jpg'><img loading=\"lazy\" decoding=\"async\" width=\"150\" height=\"150\" src=\"https:\/\/www.radiopiu.net\/wordpress\/wp-content\/uploads\/2023\/02\/Una-sosta-in-parete-150x150.jpg\" class=\"attachment-thumbnail size-thumbnail\" alt=\"\" \/><\/a>\n\t\t\t\t<\/dt><\/dl><dl class='gallery-item'>\n\t\t\t\t<dt class='gallery-icon landscape'>\n\t\t\t\t\t<a class=\"rollover rollover-zoom dt-pswp-item\" title=\"panorama san lucano\" data-dt-img-description=\"\" data-large_image_width=\"960\" data-large_image_height=\"674\"href='https:\/\/www.radiopiu.net\/wordpress\/wp-content\/uploads\/2023\/02\/panorama-san-lucano-1.jpg'><img loading=\"lazy\" decoding=\"async\" width=\"150\" height=\"150\" src=\"https:\/\/www.radiopiu.net\/wordpress\/wp-content\/uploads\/2023\/02\/panorama-san-lucano-1-150x150.jpg\" class=\"attachment-thumbnail size-thumbnail\" alt=\"\" \/><\/a>\n\t\t\t\t<\/dt><\/dl><br style=\"clear: both\" \/>\n\t\t\t<\/div>\n\n<p>&nbsp;<\/p>\n<hr \/>\n<p>&nbsp;<\/p>\n<blockquote>\n<h3>BENEFICA CENA AL BUIO<\/h3>\n<\/blockquote>\n<p><strong>AGORDO<\/strong> L&#8217;Unione Italiana dei Ciechi e degli Ipovedenti di Belluno\u00a0 organizza per\u00a0 sabato 25 febbraio, alle 20, al centro parrocchiale Vincenzo Savio la cena al buio. Il costo dell&#8217;evento \u00e8 di \u20ac 40 a persona. Parte del ricavato verr\u00e0 impiegata per finanziare l&#8217;acquisto di un nuovo pulmino per il trasporto delle persone con disabilit\u00e0 visiva della provincia di Belluno a opera dei volontari U.N.I.Vo.C. Le iscrizioni sono aperte fino al 20 febbraio (ma verranno chiuse prima in caso di esaurimento dei posti disponibili). Info 0437 943413<\/p>\n<p>&nbsp;<\/p>\n<p>&nbsp;<\/p>\n<hr \/>\n<p>&nbsp;<\/p>\n<blockquote>\n<h3>A FINE APRILE AGORDO IN VISITA AI GEMELLI FRANCESI<\/h3>\n<\/blockquote>\n<p><strong>AGORDO<\/strong> Il Comitato di gemellaggio ha organizzato una gita in Francia, dal 28 aprile al 01 maggio, occasione ideale per l&#8217;inaugurazione del graffito di Dunio Piccolin, sar\u00e0 inaugurato s<span id=\"page3R_mcid9\" class=\"markedContent\"><span dir=\"ltr\" role=\"presentation\">abato 29 aprile nella <\/span><span dir=\"ltr\" role=\"presentation\">sala delle <\/span><span dir=\"ltr\" role=\"presentation\">feste con visita al <\/span><span dir=\"ltr\" role=\"presentation\">castello di Dolomieu. <span id=\"page3R_mcid11\" class=\"markedContent\">Domenica 30 visita alla citt\u00e0 di Grenoble, centro citt\u00e0, musei, Bastiglia. <\/span><span id=\"page3R_mcid17\" class=\"markedContent\">Iscrizioni entro il 20 marzo scrivendo a<\/span><span id=\"page3R_mcid18\" class=\"markedContent\"> cgemellaggio.agordo@libero.it<\/span><span id=\"page3R_mcid19\" class=\"markedContent\"> Oppure chiamando il 3489159626<\/span><\/span><\/span><\/p>\n<p><img decoding=\"async\" src=\"https:\/\/www.radiopiu.net\/wordpress\/wp-content\/uploads\/2023\/02\/Senza-nome-56.jpg\" \/><\/p>\n<p>&nbsp;<\/p>\n<hr \/>\n<p>&nbsp;<\/p>\n<blockquote>\n<h3>LA MUSICA DI ENNIO MORRICONE<\/h3>\n<\/blockquote>\n<p><strong>BORGO VALBELLUNA<\/strong>\u00a0 \u00a0Mos\u00e9 Andrich in concerto,\u00a0 sabato 25 febbraio 2023 alle 16.00 presso l\u2019Auditorium di Mel Borgo con ingresso libero e gratuito. In programma le pi\u00f9 celebri colonne sonore di Ennio Morricone accanto ad altri brani celebri della tradizione pop rock, il tutto rivisitato al piano, con molto spazio lasciato all&#8217;improvvisazione. Inoltre composizioni originali, alcune delle quali presenti nel disco in prossima uscita.<\/p>\n<p>&nbsp;<\/p>\n<hr \/>\n<p>&nbsp;<\/p>\n<blockquote>\n<h3>ATTENTI AL LIBRO ALLA BIBLIOTECA DI BELLUNO<\/h3>\n<\/blockquote>\n<p><strong>BELLUNO<\/strong> Riprende domani il progetto Attenti al libro!! , letture a alta voce per bambini da 3 a 6 anni, promosso dalla Biblioteca civica di Belluno. L\u2019appuntamento \u00e8 dalle 17 alle 17.30, nella sala al secondo piano di Palazzo Bembo, con ingresso da Piazzetta Giovan Battista Pellegrini, per tutti i venerd\u00ec, fino al 26 maggio<\/p>\n<p>&nbsp;<\/p>\n<p>&nbsp;<\/p>\n<hr \/>\n<p>&nbsp;<\/p>\n<blockquote>\n<h3>CISL LA VOCE PER I LAVORATORI, CON ALESSIO PICCOLI<\/h3>\n<\/blockquote>\n<p>22 febbraio 2023<\/p>\n<p><a class=\"dt-pswp-item\" href=\"https:\/\/www.radiopiu.net\/wordpress\/wp-content\/uploads\/2022\/11\/Senza-nome-128.jpg\" data-dt-img-description=\"\" data-large_image_width=\"193\" data-large_image_height=\"314\"><img loading=\"lazy\" decoding=\"async\" class=\"wp-image-310404 alignleft\" src=\"https:\/\/www.radiopiu.net\/wordpress\/wp-content\/uploads\/2022\/11\/Senza-nome-128-184x300.jpg\" alt=\"\" width=\"71\" height=\"116\" srcset=\"https:\/\/www.radiopiu.net\/wordpress\/wp-content\/uploads\/2022\/11\/Senza-nome-128-184x300.jpg 184w, https:\/\/www.radiopiu.net\/wordpress\/wp-content\/uploads\/2022\/11\/Senza-nome-128.jpg 193w\" sizes=\"auto, (max-width: 71px) 100vw, 71px\" \/><\/a><strong>PUNTATA 02, ALESSIO PICCOLI CISL BELLUNO_TREVISO\u00a0<\/strong><\/p>\n<p>Ecco il sito di nuovo operativo e oggetto di importante restylng. Tempo di scadenze Ebav 2023. Prestazioni sanitarie da portare a rimborso e non sono le uniche&#8230;<\/p>\n<p>&nbsp;<\/p>\n<audio class=\"wp-audio-shortcode\" id=\"audio-323239-13\" preload=\"none\" style=\"width: 100%;\" controls=\"controls\"><source type=\"audio\/mpeg\" src=\"https:\/\/www.radiopiu.net\/wordpress\/wp-content\/uploads\/2023\/02\/FEMCA-CISL-3.mp3?_=13\" \/><a href=\"https:\/\/www.radiopiu.net\/wordpress\/wp-content\/uploads\/2023\/02\/FEMCA-CISL-3.mp3\">https:\/\/www.radiopiu.net\/wordpress\/wp-content\/uploads\/2023\/02\/FEMCA-CISL-3.mp3<\/a><\/audio>\n<p>LA RACCOLTA COMPLETA<\/p>\n<blockquote class=\"wp-embedded-content\" data-secret=\"lnCXA0iqGH\"><p><a href=\"https:\/\/www.radiopiu.net\/wordpress\/cisl-e-femca-cisl-la-voce-per-i-lavoratori\/\">CISL E FEMCA CISL  LA VOCE PER I LAVORATORI<\/a><\/p><\/blockquote>\n<p><iframe loading=\"lazy\" class=\"wp-embedded-content\" sandbox=\"allow-scripts\" security=\"restricted\" style=\"position: absolute; clip: rect(1px, 1px, 1px, 1px);\" title=\"&#8220;CISL E FEMCA CISL  LA VOCE PER I LAVORATORI&#8221; &#8212; Radio Pi\u00f9\" src=\"https:\/\/www.radiopiu.net\/wordpress\/cisl-e-femca-cisl-la-voce-per-i-lavoratori\/embed\/#?secret=YR90eT9h3Z#?secret=lnCXA0iqGH\" data-secret=\"lnCXA0iqGH\" width=\"600\" height=\"338\" frameborder=\"0\" marginwidth=\"0\" marginheight=\"0\" scrolling=\"no\"><\/iframe><\/p>\n<p>&nbsp;<\/p>\n<p>&nbsp;<\/p>\n<hr \/>\n<p>&nbsp;<\/p>\n<blockquote>\n<h2>A PONTE NELLE ALPI SONO OTTO LE CHIESE SCOMPARSE DALL\u2019ANTICA PIEVE DI CADOLA<\/h2>\n<\/blockquote>\n<p><strong>di\u00a0 RENATO BONA<\/strong><\/p>\n<p>Ci congediamo dal libro del prof. Flavio Vizzutti \u201cLe Chiese dell\u2019antica Pieve di Cadola\u201d che ha proposto fra l\u2019altro documenti di storia e d\u2019arte di alto contenuto. Lo facciamo \u201crileggendo\u201d il capitolo che il valente autore ha riservato alle \u201cChiese scomparse\u201d e partendo dalla fine, cio\u00e8 con quella di San Paolo a la Secca (tempio gi\u00e0 appartenente alla Pieve di Cadola), l\u2019unica per la quale \u00e8 stato possibile riprodurre un\u2019immagine. Prima, peraltro, onore al merito di Vizzutti stesso, della Diocesi di Belluno-Feltre nonch\u00e9 dei parroci don Pietro Bez, di Quantin; don Paolo Cavallini di Polpet-Ponte nelle Alpi; don Natale Trevisan, di Col di Cugnan; don Cesare Vazza arciprete di Cadola, che hanno voluto e sostenuto la pubblicazione (foto di Giancarlo De Santi Belluno, stampa e copertina tipografia Piave Belluno). Il tempio di la Secca, scrive Vizzutti, dedicato all\u2019apostolo Paolo \u00e8 innalzato tra il 1878 ed il 1884 dai frazionisti di Casarmata-Cornolade che avevano ottenuto il beneplacito del vescovo Salvatore Bolognesi purch\u00e9 se ne assumessero, poi, anche gli oneri della manutenzione; impegno prontamente sottoscritto dai \u2018capi di casa\u2019, come si autodefiniscono nella loro petizione\u201d. L\u2019arciprete di Cadola don Michele Palla ottiene dall\u2019Ordinario la facolt\u00e0 di benedirlo ed aprirlo con cerimonia del 26 gennaio 1885. Ventisette anni dopo, il 19 gennaio 1912 il vescovo Giuseppe Foschiani benedice la campana, ma\u2026 Con la realt\u00e0 rappresentata dalla nuova parrocchiale di Sitran-Bastia (29 giugno 1951) la chiesina con Cornolade e la frazione La Secca passa da Cadola al nuovo comprensorio parrocchiale. Negli anni 1965-66 \u00e8 totalmente restaurata dai fedeli del posto e cos\u00ec il 29 giugno 1966 viene benedetta e riaperta al culto. Chiesa di Sant\u2019Osvaldo del Rai: edificata dal pievano Tommaso Persio attorno al 1660 sulla strada sotto Cadola verso Soccher, vicino al torrente Rai la chiesina fudedicata al taumaturgo contro la peste. Persio sostiene a titolo personale ogni onere e la fornisce di un \u201cfondo dotale\u201d il 15 aprile 1665. Con la sua scomparsa sorgono questioni di carattere economico per la manutenzione. Nel 1719 i vetri delle finestre sono rotti, il muro \u00e8 fessurato vistosamente e le condizioni conservative sono destinate ad aggravarsi; nel 1852 \u201cle storiche vestigia sono travolte da una piena violenta del Rai\u201d. Chiesa di san Giorgio al castello di Soccher: nel 1570 si accenna all\u2019esistenza della chiesa castellana detta \u201csagrada\u201d. A fronte del maniero in totale rovina, il tempietto risulta \u201cabbastanza ben tenuto\u201d ma\u2026 \u201cle esigue entrate non permettono di promuovere alcuna sostanziale innovazione cos\u00ec il 26 agosto 1637 il vescovo Giovanni Tommaso Malloni prende atto che la chiesa \u201c\u00e8 in tutto indecente e rovinata\u201d e la interdice. Nel 1663 l\u2019abbandono \u00e8 totale. Tuttavia sino al 1873 la chiesuola castellana \u00e8 sempre aperta al culto ma da quella data non \u00e8 pi\u00f9 nominata \u201cperch\u00e9 crollata durante il sisma di quell\u2019anno\u201d. Quanto alla chiesa dei santi Matteo e Mattia di Quantin in base a dati del 1512 e del 1526 la fondazione sarebbe del secolo precedente. Anche per questa realt\u00e0 la carenza di mezzi rende difficile procedere nel tempo ai necessari restauri. Nel settembre 1708 l\u2019edificio sacro \u201cconosce attenzioni conservative\u201d tanto che nel secolo successivo \u00e8 ripristinato ma nel 1888 \u201csi ritiene necessario costruirne uno nuovo\u201d; l\u2019iniziativa \u00e8 del mansionario don Gianfrancesco Talamini. L\u2019antica filiale di Quantin viene demolita attorno al 1955. E siamo alla chiesa di San Floriano di Col, chiesta dai regolieri nel 1647 al vescovo Malloni. Al Visitatore delegato\u201d, canonico Pietro Persicini, la chiesa nel 1745 appare trascurata. Dal 1959 alla Curia veniva chiesto di procedere alla demolizione per allargare l\u2019accesso al paese sicch\u00e9 nei primi anni \u201860 \u00e8 di fatto abbandonata e tutte le funzioni si svolgono nella sala parrocchiale in attesa del nuovo tempio. Soliti problemi anche per la chiesa di San Bartolomeo di Pises con il Prelato visitatore che nel 1598 deplora le pessime condizioni in cui si trova l\u2019edificio. Importanti lavori nel 1609. Purtroppo dal terremoto del 1873 si salva solo il campanile di 15 metri. La rassegna delle chiese scomparse si conclude con quelle di San Felice e di San Nicol\u00f2, entrambe a Polpet. Dell\u20198 maggio 1519 la consacrazione dell\u2019altare della prima, del 1570 quella della seconda. San Nicol\u00f2 subisce il dramma del terremoto \u201cle cui ferite vengono gradualmente rimarginate; altre offese con gli avvenimenti bellici del 1945. Alcuni anni dopo, funzionante solo per cerimonie funebri \u00e8 abbandonata perch\u00e9 pericolante, chiusa al culto e infine demolita. San Nicol\u00f2 nel 1754 \u00e8 in condizioni conservative generali buone ma manca quanto indispensabile per la messa e l\u2019edificio pur parzialmente ripristinato viene demolito nel 1950.<\/p>\n<p>&nbsp;<\/p>\n\n\t\t\t<style type='text\/css'>\n\t\t\t\t#gallery-7 {\n\t\t\t\t\tmargin: auto;\n\t\t\t\t}\n\t\t\t\t#gallery-7 .gallery-item {\n\t\t\t\t\tfloat: left;\n\t\t\t\t\tmargin-top: 10px;\n\t\t\t\t\ttext-align: center;\n\t\t\t\t\twidth: 50%;\n\t\t\t\t}\n\t\t\t\t#gallery-7 img {\n\t\t\t\t\tborder: 2px solid #cfcfcf;\n\t\t\t\t}\n\t\t\t\t#gallery-7 .gallery-caption {\n\t\t\t\t\tmargin-left: 0;\n\t\t\t\t}\n\t\t\t\t\/* see gallery_shortcode() in wp-includes\/media.php *\/\n\t\t\t<\/style>\n\t\t<div id='gallery-7' class='dt-gallery-container gallery galleryid-323239 gallery-columns-2 gallery-size-thumbnail'><dl class='gallery-item'>\n\t\t\t\t<dt class='gallery-icon portrait'>\n\t\t\t\t\t<a class=\"rollover rollover-zoom dt-pswp-item\" title=\"332482062_752540416541743_2892386392524487026_n\" data-dt-img-description=\"\" data-large_image_width=\"152\" data-large_image_height=\"225\"href='https:\/\/www.radiopiu.net\/wordpress\/wp-content\/uploads\/2023\/02\/332482062_752540416541743_2892386392524487026_n.jpg'><img loading=\"lazy\" decoding=\"async\" width=\"150\" height=\"150\" src=\"https:\/\/www.radiopiu.net\/wordpress\/wp-content\/uploads\/2023\/02\/332482062_752540416541743_2892386392524487026_n-150x150.jpg\" class=\"attachment-thumbnail size-thumbnail\" alt=\"\" \/><\/a>\n\t\t\t\t<\/dt><\/dl><dl class='gallery-item'>\n\t\t\t\t<dt class='gallery-icon portrait'>\n\t\t\t\t\t<a class=\"rollover rollover-zoom dt-pswp-item\" title=\"331881662_1261599914791458_8719714266720524146_n\" data-dt-img-description=\"\" data-large_image_width=\"160\" data-large_image_height=\"225\"href='https:\/\/www.radiopiu.net\/wordpress\/wp-content\/uploads\/2023\/02\/331881662_1261599914791458_8719714266720524146_n.jpg'><img loading=\"lazy\" decoding=\"async\" width=\"150\" height=\"150\" src=\"https:\/\/www.radiopiu.net\/wordpress\/wp-content\/uploads\/2023\/02\/331881662_1261599914791458_8719714266720524146_n-150x150.jpg\" class=\"attachment-thumbnail size-thumbnail\" alt=\"\" \/><\/a>\n\t\t\t\t<\/dt><\/dl><br style=\"clear: both\" \/><dl class='gallery-item'>\n\t\t\t\t<dt class='gallery-icon portrait'>\n\t\t\t\t\t<a class=\"rollover rollover-zoom dt-pswp-item\" title=\"331732708_915818596220814_4808490592553350661_n\" data-dt-img-description=\"\" data-large_image_width=\"149\" data-large_image_height=\"206\"href='https:\/\/www.radiopiu.net\/wordpress\/wp-content\/uploads\/2023\/02\/331732708_915818596220814_4808490592553350661_n.jpg'><img loading=\"lazy\" decoding=\"async\" width=\"149\" height=\"150\" src=\"https:\/\/www.radiopiu.net\/wordpress\/wp-content\/uploads\/2023\/02\/331732708_915818596220814_4808490592553350661_n-149x150.jpg\" class=\"attachment-thumbnail size-thumbnail\" alt=\"\" \/><\/a>\n\t\t\t\t<\/dt><\/dl><dl class='gallery-item'>\n\t\t\t\t<dt class='gallery-icon portrait'>\n\t\t\t\t\t<a class=\"rollover rollover-zoom dt-pswp-item\" title=\"331738148_1549784965545213_9096184583884724589_n\" data-dt-img-description=\"\" data-large_image_width=\"160\" data-large_image_height=\"203\"href='https:\/\/www.radiopiu.net\/wordpress\/wp-content\/uploads\/2023\/02\/331738148_1549784965545213_9096184583884724589_n.jpg'><img loading=\"lazy\" decoding=\"async\" width=\"150\" height=\"150\" src=\"https:\/\/www.radiopiu.net\/wordpress\/wp-content\/uploads\/2023\/02\/331738148_1549784965545213_9096184583884724589_n-150x150.jpg\" class=\"attachment-thumbnail size-thumbnail\" alt=\"\" \/><\/a>\n\t\t\t\t<\/dt><\/dl><br style=\"clear: both\" \/>\n\t\t\t<\/div>\n\n<p>NELLE FOTO (riproduzioni dal libro di Flavio Vizzutti \u201cLe Chiese dell\u2019antica Pieve di Cadola): due documenti relativi alla realt\u00e0 della chiesa di San Giorgio di Soccher; pagina del \u201clibro dei conti\u201d della chiesa di San Felice di Polpet; la chiesa di San Paolo a La Secca.<\/p>\n<p>&nbsp;<\/p>\n<hr \/>\n<p>&nbsp;<\/p>\n<blockquote>\n<h3>LA BENEDIZIONE DELLE CASE A SAN TOMASO<\/h3>\n<\/blockquote>\n<p><strong>SAN TOMASO<\/strong> Il parroco di San Tomaso Don Luigi Canal comunica che a partire da mercoled\u00ec 22 febbraio inizier\u00e0 la benedizione delle case. Questi gli appuntamenti: 23 febbraio Canacede, Ronch e Custoia, 24 febbraio Pianezze, Vallata, Valle, Val, Pian e Pian Molin. 27 febbraio Piaia, Pecol, Mezza Costa, 28 febbraio Roi, Colar\u00f9, Costa, 1 marzo Sot Colar\u00f9 e Avoscan.<\/p>\n<p>&nbsp;<\/p>\n<hr \/>\n<p>&nbsp;<\/p>\n<blockquote>\n<h3>LA MOSTRA DI LINDO NESELLO A SOSPIROLO<\/h3>\n<\/blockquote>\n<p><strong>SOSPIROLO<\/strong> Dal 25 febbraio al 19 marzo al Centro Civico di Sospirolo e biblioteca civica si pu\u00f2 visitare la mostra di Lindo Nesello dal titolo &#8220;Il paesaggio inedito degli anni 70-80&#8221;. Ingresso libero<\/p>\n<p>&nbsp;<\/p>\n<p>&nbsp;<\/p>\n<hr \/>\n<p>&nbsp;<\/p>\n<div>\n<div class=\"b654a4as d2edcug0\">\n<div class=\"rq0escxv hkbzh7o3 jwdofwj8 n8tt0mok r8blr3vg hyh9befq\">\n<p><a class=\"dt-pswp-item\" href=\"https:\/\/www.radiopiu.net\/wordpress\/wp-content\/uploads\/2020\/10\/pp.jpg\" data-dt-img-description=\"\" data-large_image_width=\"640\" data-large_image_height=\"640\"><img loading=\"lazy\" decoding=\"async\" class=\"wp-image-163678 alignleft\" src=\"https:\/\/www.radiopiu.net\/wordpress\/wp-content\/uploads\/2020\/10\/pp-300x300.jpg\" alt=\"\" width=\"106\" height=\"106\" srcset=\"https:\/\/www.radiopiu.net\/wordpress\/wp-content\/uploads\/2020\/10\/pp-300x300.jpg 300w, https:\/\/www.radiopiu.net\/wordpress\/wp-content\/uploads\/2020\/10\/pp-150x150.jpg 150w, https:\/\/www.radiopiu.net\/wordpress\/wp-content\/uploads\/2020\/10\/pp-125x125.jpg 125w, https:\/\/www.radiopiu.net\/wordpress\/wp-content\/uploads\/2020\/10\/pp-200x200.jpg 200w, https:\/\/www.radiopiu.net\/wordpress\/wp-content\/uploads\/2020\/10\/pp-80x80.jpg 80w, https:\/\/www.radiopiu.net\/wordpress\/wp-content\/uploads\/2020\/10\/pp-480x480.jpg 480w, https:\/\/www.radiopiu.net\/wordpress\/wp-content\/uploads\/2020\/10\/pp.jpg 640w\" sizes=\"auto, (max-width: 106px) 100vw, 106px\" \/><\/a><\/p>\n<\/div>\n<\/div>\n<\/div>\n<div>\n<div class=\"page-title-head hgroup\">\n<div class=\"page-title-head hgroup\">\n<div class=\"b654a4as d2edcug0\">\n<div class=\"j83agx80 btwxx1t3 lhclo0ds hop8lmos nkwizq5d scwd0bx6 roh60bw9\">\n<div class=\"rq0escxv hkbzh7o3 jwdofwj8 n8tt0mok r8blr3vg hyh9befq\">\n<div class=\"do00u71z l9j0dhe7 k4urcfbm\" style=\"text-align: left;\">\n<h2><span style=\"color: #000080;\">DON CESARE, IL PENSIERO DEL GIORNO. ALLA RADIO ALLE 7 DEL MATTINO E ALLE 19.30 DELLA SERA\u00a0<\/span><\/h2>\n<audio class=\"wp-audio-shortcode\" id=\"audio-323239-14\" preload=\"none\" style=\"width: 100%;\" controls=\"controls\"><source type=\"audio\/mpeg\" src=\"https:\/\/www.radiopiu.net\/wordpress\/wp-content\/uploads\/2023\/02\/CESARE-20.mp3?_=14\" \/><a href=\"https:\/\/www.radiopiu.net\/wordpress\/wp-content\/uploads\/2023\/02\/CESARE-20.mp3\">https:\/\/www.radiopiu.net\/wordpress\/wp-content\/uploads\/2023\/02\/CESARE-20.mp3<\/a><\/audio>\n<\/div>\n<\/div>\n<\/div>\n<\/div>\n<\/div>\n<\/div>\n<\/div>\n<p>&nbsp;<\/p>\n<hr \/>\n<p>&nbsp;<\/p>\n<h2><a class=\"dt-pswp-item\" href=\"https:\/\/www.radiopiu.net\/wordpress\/wp-content\/uploads\/2021\/03\/ANDREA-DE-BERNARDIN.jpg\" data-dt-img-description=\"andrea de bernardin\" data-large_image_width=\"960\" data-large_image_height=\"540\"><img loading=\"lazy\" decoding=\"async\" class=\"wp-image-195558 alignleft\" src=\"https:\/\/www.radiopiu.net\/wordpress\/wp-content\/uploads\/2021\/03\/ANDREA-DE-BERNARDIN-300x169.jpg\" alt=\"\" width=\"185\" height=\"104\" srcset=\"https:\/\/www.radiopiu.net\/wordpress\/wp-content\/uploads\/2021\/03\/ANDREA-DE-BERNARDIN-300x169.jpg 300w, https:\/\/www.radiopiu.net\/wordpress\/wp-content\/uploads\/2021\/03\/ANDREA-DE-BERNARDIN-768x432.jpg 768w, https:\/\/www.radiopiu.net\/wordpress\/wp-content\/uploads\/2021\/03\/ANDREA-DE-BERNARDIN.jpg 960w\" sizes=\"auto, (max-width: 185px) 100vw, 185px\" \/><\/a><span style=\"color: #008000;\">LA RASSEGNA STAMPA DA L&#8217;AMICO DEL POPOLO<\/span><\/h2>\n<p><strong>di Gianni Santomaso<\/strong><\/p>\n<p>OSPITE: Andrea De Bernardin, sindaco di Rocca Pietore<\/p>\n<audio class=\"wp-audio-shortcode\" id=\"audio-323239-15\" preload=\"none\" style=\"width: 100%;\" controls=\"controls\"><source type=\"audio\/mpeg\" src=\"https:\/\/www.radiopiu.net\/wordpress\/wp-content\/uploads\/2023\/02\/RASSEGNA-GIANNI-2.mp3?_=15\" \/><a href=\"https:\/\/www.radiopiu.net\/wordpress\/wp-content\/uploads\/2023\/02\/RASSEGNA-GIANNI-2.mp3\">https:\/\/www.radiopiu.net\/wordpress\/wp-content\/uploads\/2023\/02\/RASSEGNA-GIANNI-2.mp3<\/a><\/audio>\n<p>&nbsp;<\/p>\n<hr \/>\n<p>&nbsp;<\/p>\n<blockquote>\n<h3><strong><a class=\"dt-pswp-item\" href=\"https:\/\/www.radiopiu.net\/wordpress\/wp-content\/uploads\/2023\/02\/1239767_1376151945949547_1371470440_n.jpg\" data-dt-img-description=\"\" data-large_image_width=\"744\" data-large_image_height=\"498\"><img loading=\"lazy\" decoding=\"async\" class=\" wp-image-321803 alignleft\" src=\"https:\/\/www.radiopiu.net\/wordpress\/wp-content\/uploads\/2023\/02\/1239767_1376151945949547_1371470440_n-300x201.jpg\" alt=\"\" width=\"172\" height=\"115\" srcset=\"https:\/\/www.radiopiu.net\/wordpress\/wp-content\/uploads\/2023\/02\/1239767_1376151945949547_1371470440_n-300x201.jpg 300w, https:\/\/www.radiopiu.net\/wordpress\/wp-content\/uploads\/2023\/02\/1239767_1376151945949547_1371470440_n.jpg 744w\" sizes=\"auto, (max-width: 172px) 100vw, 172px\" \/><\/a><\/strong>alla radio LA SECONDA PUNTATA &#8220;AMA&#8221; GRUPPI AUTO MUTIO AIUTO<\/h3>\n<\/blockquote>\n<p>&nbsp;<\/p>\n<p><strong>SECONDA PUNTATA, AL ANON FAMILIARI DI ALCOLISTI<\/strong><\/p>\n<audio class=\"wp-audio-shortcode\" id=\"audio-323239-16\" preload=\"none\" style=\"width: 100%;\" controls=\"controls\"><source type=\"audio\/mpeg\" src=\"https:\/\/www.radiopiu.net\/wordpress\/wp-content\/uploads\/2023\/02\/GRUPPO-AMA-2.mp3?_=16\" \/><a href=\"https:\/\/www.radiopiu.net\/wordpress\/wp-content\/uploads\/2023\/02\/GRUPPO-AMA-2.mp3\">https:\/\/www.radiopiu.net\/wordpress\/wp-content\/uploads\/2023\/02\/GRUPPO-AMA-2.mp3<\/a><\/audio>\n<p>&nbsp;<\/p>\n<hr \/>\n<p>&nbsp;<\/p>\n<h2><span style=\"color: #ff00ff;\">IN VIVO VERSO\u00a0 \u00a0<\/span><\/h2>\n<p><strong>AUDIO<\/strong><\/p>\n<audio class=\"wp-audio-shortcode\" id=\"audio-323239-17\" preload=\"none\" style=\"width: 100%;\" controls=\"controls\"><source type=\"audio\/mpeg\" src=\"https:\/\/www.radiopiu.net\/wordpress\/wp-content\/uploads\/2023\/02\/03-LORETTA-FUSCO-ABBRACCIO-.mp3?_=17\" \/><a href=\"https:\/\/www.radiopiu.net\/wordpress\/wp-content\/uploads\/2023\/02\/03-LORETTA-FUSCO-ABBRACCIO-.mp3\">https:\/\/www.radiopiu.net\/wordpress\/wp-content\/uploads\/2023\/02\/03-LORETTA-FUSCO-ABBRACCIO-.mp3<\/a><\/audio>\n<p>&nbsp;<\/p>\n<p><img loading=\"lazy\" decoding=\"async\" class=\"alignleft\" src=\"https:\/\/www.radiopiu.net\/wordpress\/wp-content\/uploads\/2023\/02\/FOTO-LORETTA-FUSCO-300x300.jpg\" width=\"136\" height=\"136\" \/><strong>Loretta Fusco<\/strong><br \/>\n<strong>ABBRACCIO<\/strong><\/p>\n<p>Ci sono istanti<br \/>\nsenza parole,<br \/>\nsono raggomitolati<br \/>\nnell\u2019abbraccio<br \/>\nche non chiede niente<br \/>\nse non respiri disuguali,<br \/>\nocchi che sporgono3<br \/>\nnell\u2019inseguire umori,<br \/>\nspecchiati nei segni<br \/>\nsparsi ovunque.<br \/>\nCi sono istanti<br \/>\nche inghiottono<br \/>\nore perdute<br \/>\nnell\u2019affanno<br \/>\ndi dimenticarsi<br \/>\nmentre la luce<br \/>\n\u00e8 adesso,<br \/>\nin questo abbraccio<br \/>\nche ferma ogni fuga.<\/p>\n<div dir=\"auto\">\n<div dir=\"auto\">\n<div dir=\"auto\">\n<p><strong>LA RACCOLTA COMPLETA<\/strong><\/p>\n<blockquote class=\"wp-embedded-content\" data-secret=\"03dn7D2grC\"><p><a href=\"https:\/\/www.radiopiu.net\/wordpress\/in-vivo-verso\/\">In Vivo Verso<\/a><\/p><\/blockquote>\n<p><iframe loading=\"lazy\" class=\"wp-embedded-content\" sandbox=\"allow-scripts\" security=\"restricted\" style=\"position: absolute; clip: rect(1px, 1px, 1px, 1px);\" title=\"&#8220;In Vivo Verso&#8221; &#8212; Radio Pi\u00f9\" src=\"https:\/\/www.radiopiu.net\/wordpress\/in-vivo-verso\/embed\/#?secret=XlpLar1u1M#?secret=03dn7D2grC\" data-secret=\"03dn7D2grC\" width=\"600\" height=\"338\" frameborder=\"0\" marginwidth=\"0\" marginheight=\"0\" scrolling=\"no\"><\/iframe><\/p>\n<\/div>\n<\/div>\n<\/div>\n<hr \/>\n<p>&nbsp;<\/p>\n<h2><span style=\"color: #008080;\">GOCCE DI FILOSOFIA<\/span><\/h2>\n<blockquote>\n<h3>GOCCE DI FILOSOFIA &#8211; PUNTATA 253 &#8211; LISA DE LUCA<\/h3>\n<\/blockquote>\n<audio class=\"wp-audio-shortcode\" id=\"audio-323239-18\" preload=\"none\" style=\"width: 100%;\" controls=\"controls\"><source type=\"audio\/mpeg\" src=\"https:\/\/www.radiopiu.net\/wordpress\/wp-content\/uploads\/2023\/02\/FI3-2.mp3?_=18\" \/><a href=\"https:\/\/www.radiopiu.net\/wordpress\/wp-content\/uploads\/2023\/02\/FI3-2.mp3\">https:\/\/www.radiopiu.net\/wordpress\/wp-content\/uploads\/2023\/02\/FI3-2.mp3<\/a><\/audio>\n<p>&nbsp;<\/p>\n<p>LA RACCOLTA COMPLETA<\/p>\n<blockquote class=\"wp-embedded-content\" data-secret=\"NnOzCyBxF8\"><p><a href=\"https:\/\/www.radiopiu.net\/wordpress\/gocce-filosofia\/\">Gocce di filosofia,  LA TERZA STAGIONE&#8230; 2023<\/a><\/p><\/blockquote>\n<p><iframe loading=\"lazy\" class=\"wp-embedded-content\" sandbox=\"allow-scripts\" security=\"restricted\" style=\"position: absolute; clip: rect(1px, 1px, 1px, 1px);\" title=\"&#8220;Gocce di filosofia,  LA TERZA STAGIONE&#8230; 2023&#8221; &#8212; Radio Pi\u00f9\" src=\"https:\/\/www.radiopiu.net\/wordpress\/gocce-filosofia\/embed\/#?secret=ZI5B1hgYKe#?secret=NnOzCyBxF8\" data-secret=\"NnOzCyBxF8\" width=\"600\" height=\"338\" frameborder=\"0\" marginwidth=\"0\" marginheight=\"0\" scrolling=\"no\"><\/iframe><\/p>\n<p>&nbsp;<\/p>\n<p>&nbsp;<\/p>\n<hr \/>\n<p>&nbsp;<\/p>\n<div class=\"column\">\n<p><img loading=\"lazy\" decoding=\"async\" class=\"aligncenter wp-image-61954 size-full\" src=\"https:\/\/www.radiopiu.net\/wordpress\/wp-content\/uploads\/2018\/09\/viabilita.jpeg\" sizes=\"auto, (max-width: 800px) 100vw, 800px\" srcset=\"https:\/\/www.radiopiu.net\/wordpress\/wp-content\/uploads\/2018\/09\/viabilita.jpeg 800w, https:\/\/www.radiopiu.net\/wordpress\/wp-content\/uploads\/2018\/09\/viabilita-300x38.jpeg 300w, https:\/\/www.radiopiu.net\/wordpress\/wp-content\/uploads\/2018\/09\/viabilita-768x96.jpeg 768w\" alt=\"\" width=\"800\" height=\"100\" \/><\/p>\n<p>&nbsp;<\/p>\n<p>&nbsp;<\/p>\n<p><strong>AGGIORNAMENTO VENETO STRADE, AGGIORNAMENTO CONTINUO H 24\u00a0<\/strong><\/p>\n<p><strong>SP1 BIS MADONNA DEL PIAVE,<\/strong>\u00a0localit\u00e0 Scalon,\u00a0dal 13 febbraio al 30 aprile\u00a0-esclusi festivi e prefestivi \u2013 senso unico alternato e possibili interruzioni fino a 15 minuti. \u00f9<\/p>\n<p><strong>SP 26 DI DIGOMAN<\/strong>\u00a0tra i Comuni di Rivamonte e Voltago,\u00a0dal 13 febbraio al 10 marzo\u00a0interdizione totale alla circolazione dalle 8 alle 17, negli altri periodi senso unico alternato regolato da semaforo.<\/p>\n<p><strong>SP3 VALLE IMPERINA<\/strong>\u00a0localit\u00e0 Gona (sopra Ponte Alto),\u00a0dal 13 febbraio al 17 marzo\u00a0senso unico alternato regolato da impianto semaforico.<\/p>\n<p><strong>SP 251 VAL DI ZOLDO E CELLINA<\/strong>\u00a0localit\u00e0 Ospitale,\u00a0dal 13 febbraio al 17 marzo\u00a0senso unico alternato, esclusi festivi e prefestivi.<\/p>\n<blockquote class=\"wp-embedded-content\" data-secret=\"PhhFCdkEz2\"><p><a href=\"https:\/\/www.radiopiu.net\/wordpress\/viabilita\/\">viabilita<\/a><\/p><\/blockquote>\n<p><iframe loading=\"lazy\" class=\"wp-embedded-content\" sandbox=\"allow-scripts\" security=\"restricted\" style=\"position: absolute; clip: rect(1px, 1px, 1px, 1px);\" title=\"&#8220;viabilita&#8221; &#8212; Radio Pi\u00f9\" src=\"https:\/\/www.radiopiu.net\/wordpress\/viabilita\/embed\/#?secret=dPNBbx3Pt5#?secret=PhhFCdkEz2\" data-secret=\"PhhFCdkEz2\" width=\"600\" height=\"338\" frameborder=\"0\" marginwidth=\"0\" marginheight=\"0\" scrolling=\"no\"><\/iframe><\/p>\n<div>\n<div dir=\"ltr\">\n<div class=\"gmail_quote\">\n<div dir=\"ltr\">\n<div class=\"gmail_quote\"><\/div>\n<\/div>\n<\/div>\n<\/div>\n<\/div>\n<p>&nbsp;<\/p>\n<hr \/>\n<p>&nbsp;<\/p>\n<p><a class=\"dt-pswp-item\" href=\"https:\/\/www.radiopiu.net\/wordpress\/wp-content\/uploads\/2018\/09\/WhatsApp-Image-2018-09-20-at-16.04.06.jpeg\" data-dt-img-description=\"\" data-large_image_width=\"800\" data-large_image_height=\"100\"><img loading=\"lazy\" decoding=\"async\" class=\"wp-image-61378 size-full aligncenter\" src=\"https:\/\/www.radiopiu.net\/wordpress\/wp-content\/uploads\/2018\/09\/WhatsApp-Image-2018-09-20-at-16.04.06.jpeg\" alt=\"\" width=\"800\" height=\"100\" srcset=\"https:\/\/www.radiopiu.net\/wordpress\/wp-content\/uploads\/2018\/09\/WhatsApp-Image-2018-09-20-at-16.04.06.jpeg 800w, https:\/\/www.radiopiu.net\/wordpress\/wp-content\/uploads\/2018\/09\/WhatsApp-Image-2018-09-20-at-16.04.06-300x38.jpeg 300w, https:\/\/www.radiopiu.net\/wordpress\/wp-content\/uploads\/2018\/09\/WhatsApp-Image-2018-09-20-at-16.04.06-768x96.jpeg 768w\" sizes=\"auto, (max-width: 800px) 100vw, 800px\" \/><\/a><\/p>\n<p>&nbsp;<\/p>\n<p><center><\/center><center><\/center><center><b>OGGI<\/b><\/center>Cielo da molto nuvoloso a coperto ovunque per nubi basse e medie stratiformi, senza chance di schiarite. In questo contesto molto umido, il tempo diventer\u00e0 leggermente perturbato con deboli fenomeni sparsi, gi\u00e0 al mattino, ma soprattutto al pomeriggio\/sera al passaggio di un&#8217;asse di saccatura. Contesto termico assai pi\u00f9 fresco con debole escursione termica a tutte le quote.<br \/>\n<b>Precipitazioni: <\/b>Crescente probabilit\u00e0 di deboli o debolissime precipitazioni sparse<br \/>\n<b>Temperature: <\/b>Minime in calo in quota, dove saranno osservate alla sera, e in rialzo nelle valli; massime in generale contenuta flessione.<\/p>\n<hr \/>\n<p><center><b>DOMANI<\/b><\/center>Cielo coperto per nubi medie e basse tra la notte e il mattino, quando si verificheranno residue debolissime precipitazioni. Tale probabilit\u00e0 diminuir\u00e0 con il passare delle ore e al pomeriggio la nuvolosit\u00e0 si attenuer\u00e0, specie sulle Dolomiti, dove le chance di schiarite saranno maggiori rispetto alle Prealpi. Atmosfera ancora ben uggiosa, specie nei settori, dove le nubi basse saranno pi\u00f9 tenaci.<br \/>\n<b>Precipitazioni: <\/b>Tra la notte e il mattino probabili residue debolissime precipitazioni<br \/>\n<b>Temperature: <\/b>Minime senza variazioni di rilievo; massime in leggera ripresa sotto i 2000 m e in lieve diminuzione sopra tale quota. Debole escursione termica giornaliera a tutte le quote.<\/p>\n<hr \/>\n<p><center><b>SABATO<\/b><\/center>Nottetempo nuvoloso ovunque; dal primo mattino netto miglioramento del tempo con sole e cielo sereno sulle Dolomiti, mentre il soleggiamento sar\u00e0 minore sulle Prealpi per il ristagno di stratocumuli al mattino e per l&#8217;attivit\u00e0 cumuliforme al pomeriggio, ma senza fenomeni. Temperature minime in calo, in maniera rilevante alla sera sulle cime pi\u00f9 alte; massime in generale rialzo.<\/p>\n<hr \/>\n<p><center><b>DOMENICA<\/b><\/center>Sulle Dolomiti cielo in parte nuvoloso nottetempo, poi sole e cielo sereno o poco nuvoloso per qualche banco di cirri. Sulle Prealpi condizioni diverse con instabilit\u00e0 notturna per addensamenti associati a rovesci sparsi, nevosi oltre i 500-600 m; fenomeni pi\u00f9 probabili sulle Prealpi occidentali. Al mattino intervallo di variabilit\u00e0, prima che il tempo migliori con rasserenamenti ampi al pomeriggio. Temperature in generale ulteriore calo, in maniera pi\u00f9 sensibile in quota.<\/p>\n<\/div>\n<p>&nbsp;<\/p>\n<hr \/>\n<p>&nbsp;<\/p>\n<p><a class=\"dt-pswp-item\" href=\"https:\/\/www.radiopiu.net\/wordpress\/wp-content\/uploads\/2018\/09\/sport.jpg\" data-dt-img-description=\"\" data-large_image_width=\"800\" data-large_image_height=\"100\"><img loading=\"lazy\" decoding=\"async\" class=\"aligncenter wp-image-60761 size-full\" src=\"https:\/\/www.radiopiu.net\/wordpress\/wp-content\/uploads\/2018\/09\/sport.jpg\" alt=\"\" width=\"800\" height=\"100\" srcset=\"https:\/\/www.radiopiu.net\/wordpress\/wp-content\/uploads\/2018\/09\/sport.jpg 800w, https:\/\/www.radiopiu.net\/wordpress\/wp-content\/uploads\/2018\/09\/sport-300x38.jpg 300w, https:\/\/www.radiopiu.net\/wordpress\/wp-content\/uploads\/2018\/09\/sport-768x96.jpg 768w\" sizes=\"auto, (max-width: 800px) 100vw, 800px\" \/><\/a><\/p>\n<p>&nbsp;<\/p>\n<p><span style=\"color: #0000ff;\"><strong>SNOWBOARD<\/strong><\/span><\/p>\n<blockquote>\n<h3>LUCIA DALMASSO E MAURIZIO BORMOLINI QUARTI NELLA GARA A SQUADRE NEI MONDIALI DI SNOWBOARD<\/h3>\n<\/blockquote>\n<p><strong><a class=\"dt-pswp-item\" href=\"https:\/\/www.radiopiu.net\/wordpress\/wp-content\/uploads\/2023\/02\/Dalmasso-Bakuriani-19-2-2023-1068x584-1.jpg\" data-dt-img-description=\"\" data-large_image_width=\"1068\" data-large_image_height=\"584\"><img loading=\"lazy\" decoding=\"async\" class=\" wp-image-323003 alignleft\" src=\"https:\/\/www.radiopiu.net\/wordpress\/wp-content\/uploads\/2023\/02\/Dalmasso-Bakuriani-19-2-2023-1068x584-1-300x164.jpg\" alt=\"\" width=\"207\" height=\"113\" srcset=\"https:\/\/www.radiopiu.net\/wordpress\/wp-content\/uploads\/2023\/02\/Dalmasso-Bakuriani-19-2-2023-1068x584-1-300x164.jpg 300w, https:\/\/www.radiopiu.net\/wordpress\/wp-content\/uploads\/2023\/02\/Dalmasso-Bakuriani-19-2-2023-1068x584-1-1024x560.jpg 1024w, https:\/\/www.radiopiu.net\/wordpress\/wp-content\/uploads\/2023\/02\/Dalmasso-Bakuriani-19-2-2023-1068x584-1-768x420.jpg 768w, https:\/\/www.radiopiu.net\/wordpress\/wp-content\/uploads\/2023\/02\/Dalmasso-Bakuriani-19-2-2023-1068x584-1.jpg 1068w\" sizes=\"auto, (max-width: 207px) 100vw, 207px\" \/><\/a>BAKURIANI (GEORGIA)<\/strong> Il mondiale di Lucia Dalmasso si \u00e8 concluso con l&#8217;ultima gara in programma, lo slalom parallelo a squadre. Una giornata da incorniciare per i colori azzurri che dopo otto anni ha visto l&#8217;Italia conquistare l&#8217;oro con Nadya Ochner e Aaron March e un ottimo quarto posto con Lucia Dalmasso e Maurizio Bormolini. La coppia con all&#8217;interno la falcadina si \u00e8 dovuta arrendere in semifinale proprio contro la coppia di compagni di squadra che poi hanno vinto la gara. Per Dalmasso-Bormolini il quarto posto dopo aver perso la finalina valida per il terzo posto contro la squadra Svizzera.<\/p>\n<p>&nbsp;<\/p>\n<p>&nbsp;<\/p>\n<hr \/>\n<p>&nbsp;<\/p>\n<p><span style=\"color: #0000ff;\"><strong>SKIALP<\/strong><\/span><\/p>\n<blockquote>\n<h3>MARTINA SCOLA CONVOCATA CON LA NAZIONALE DI SKIALP PER I MONDIALI IN SPAGNA<\/h3>\n<\/blockquote>\n<p><strong><a class=\"dt-pswp-item\" href=\"https:\/\/www.radiopiu.net\/wordpress\/wp-content\/uploads\/2023\/02\/MARTINA-SCOLA.png\" data-dt-img-description=\"\" data-large_image_width=\"329\" data-large_image_height=\"220\"><img loading=\"lazy\" decoding=\"async\" class=\" wp-image-323378 alignleft\" src=\"https:\/\/www.radiopiu.net\/wordpress\/wp-content\/uploads\/2023\/02\/MARTINA-SCOLA-300x201.png\" alt=\"\" width=\"155\" height=\"104\" srcset=\"https:\/\/www.radiopiu.net\/wordpress\/wp-content\/uploads\/2023\/02\/MARTINA-SCOLA-300x201.png 300w, https:\/\/www.radiopiu.net\/wordpress\/wp-content\/uploads\/2023\/02\/MARTINA-SCOLA.png 329w\" sizes=\"auto, (max-width: 155px) 100vw, 155px\" \/><\/a><\/strong><\/p>\n<p><strong><a class=\"dt-pswp-item\" href=\"https:\/\/www.radiopiu.net\/wordpress\/wp-content\/uploads\/2023\/02\/MARTINA-SCOLA.png\" data-dt-img-description=\"\" data-large_image_width=\"329\" data-large_image_height=\"220\"><img loading=\"lazy\" decoding=\"async\" class=\" wp-image-323378 alignleft\" src=\"https:\/\/www.radiopiu.net\/wordpress\/wp-content\/uploads\/2023\/02\/MARTINA-SCOLA-300x201.png\" alt=\"\" width=\"155\" height=\"104\" srcset=\"https:\/\/www.radiopiu.net\/wordpress\/wp-content\/uploads\/2023\/02\/MARTINA-SCOLA-300x201.png 300w, https:\/\/www.radiopiu.net\/wordpress\/wp-content\/uploads\/2023\/02\/MARTINA-SCOLA.png 329w\" sizes=\"auto, (max-width: 155px) 100vw, 155px\" \/><\/a>REDAZIONE<\/strong> Tra i convocati dei Mondiali di SkiAlp in programma dal 26 febbraio al 6 marzo a Boi Taull (Spagna) c&#8217;\u00e8 anche la falcadina Martina Scola. La ragazza tesserata con lo\u00a0 <strong>Sci NordicoMarmolada<\/strong> far\u00e0 parte dei sei veneti convocati per la competizione. Un ottimo risultato per Martina che in questa stagione si sta comportando molto bene con un primo e secondo posto nella Coppa Italia Under 18 nello scorso fine settimana.<\/p>\n<p>&nbsp;<\/p>\n<p>&nbsp;<\/p>\n<p><strong>\u00a0<\/strong><\/p>\n<p>&nbsp;<\/p>\n<hr \/>\n<p>&nbsp;<\/p>\n<p><strong><span style=\"color: #0000ff;\">PATTINAGGIO\u00a0<\/span><\/strong><\/p>\n<blockquote>\n<h3>ARGENTO PER DARIA TROI<\/h3>\n<\/blockquote>\n<p><a class=\"dt-pswp-item\" href=\"https:\/\/www.radiopiu.net\/wordpress\/wp-content\/uploads\/2023\/02\/daria.jpg\" data-dt-img-description=\"\" data-large_image_width=\"355\" data-large_image_height=\"337\"><img loading=\"lazy\" decoding=\"async\" class=\"size-medium wp-image-323452 alignleft\" src=\"https:\/\/www.radiopiu.net\/wordpress\/wp-content\/uploads\/2023\/02\/daria-300x285.jpg\" alt=\"\" width=\"300\" height=\"285\" srcset=\"https:\/\/www.radiopiu.net\/wordpress\/wp-content\/uploads\/2023\/02\/daria-300x285.jpg 300w, https:\/\/www.radiopiu.net\/wordpress\/wp-content\/uploads\/2023\/02\/daria.jpg 355w\" sizes=\"auto, (max-width: 300px) 100vw, 300px\" \/><\/a><strong>FELTRE<\/strong> Daria Troi delle Ice Angels dopo il bronzo della 2^ prova Gold, conquista l&#8217;argento a Bressanone, migliorando il proprio punteggio. La giovane atleta feltrina si qualifica per la finale nazionale del circuito, unica atleta veneta tra le Advanced Novice, in programma a Torino dal 14 al 16 aprile. Buona prestazione anche per Anna Cagnati (Sportivi Ghiaccio Cortina) che chiude ai piedi del podio, Maria Scotti settima. Classifiche: 1. Hanna Tot, 2. Sidney Bruschi, 3. Viola Boninsegna. Basic Novice f.: 1. Lea Marie Castlunger, 2. Noemi Zeni, 3. Arianna Verra. Basic Novice m.: 1. Alessandro Nadalini. Intermediate Novice f.: 1. Maria Lymar, 2. Rebecca Peron, 3. Rebecca Rossi de Mio, 4. Ilaria Romani, 5. Siria Maestri, 10. Valentina Turrin. Advanced Novice f. gr.1: 1. Maria Delvai, 2. Daria Troi (Iaf), 3. Sophia Ambrosi, 4. Anna Cagnati (Sg Cortina), 5. Ilaria Miglioranzi, 7. Maria Scotti (Iaf), 9. Vittoria Aversa (Usg Zoldo). Advanced Novice f. Gr. 2: 1. Ornella Messana, 2. Martina Lucchi, 3. Sofia Orr\u00f9, 4. Gaia Kloe Messana, 5. Tatiana Pedrazzoli. Junior f.: 1. Sofia Delvai, 2. Nathalie Thaler, 3. Silvia Zanin, 4. Greta Lezuo, 5. Sofia Tridello, 16. Lucrezia Grigoletto (Iaf). Junior m.: 1. Giorgio Basile Senior f.: 1. Adele Antonelli.<\/p>\n<p>&nbsp;<\/p>\n<p>&nbsp;<\/p>\n<hr \/>\n<p>&nbsp;<\/p>\n<p><span style=\"color: #0000ff;\"><strong>HOCKEY SU GHIACCIO<\/strong><\/span><\/p>\n<blockquote>\n<h3>SABATO INIZIANO I PLAYOFF PER L&#8217;UNDER 17 DELL&#8217;ALLEGHE CORTINA<\/h3>\n<\/blockquote>\n<p><strong><a class=\"dt-pswp-item\" href=\"https:\/\/www.radiopiu.net\/wordpress\/wp-content\/uploads\/2019\/08\/logo-alleghe-hockey.png\" data-dt-img-description=\"\" data-large_image_width=\"547\" data-large_image_height=\"512\"><img loading=\"lazy\" decoding=\"async\" class=\" wp-image-95699 alignleft\" src=\"https:\/\/www.radiopiu.net\/wordpress\/wp-content\/uploads\/2019\/08\/logo-alleghe-hockey-300x281.png\" alt=\"\" width=\"154\" height=\"144\" srcset=\"https:\/\/www.radiopiu.net\/wordpress\/wp-content\/uploads\/2019\/08\/logo-alleghe-hockey-300x281.png 300w, https:\/\/www.radiopiu.net\/wordpress\/wp-content\/uploads\/2019\/08\/logo-alleghe-hockey.png 547w\" sizes=\"auto, (max-width: 154px) 100vw, 154px\" \/><\/a>di Marco Gaz<\/strong><\/p>\n<p><strong>REDAZIONE<\/strong> E&#8217; terminata sabato scorso la seconda fase del campionato Under 17 di hockey su ghiaccio e a partire dal prossimo fine settimana si inizia a fare sul serio con l&#8217;inizio dei playoff. L&#8217;Alleghe\/Cortina non ha brillato nel Master Round chiudendolo all&#8217;ultimo posto dopo non aver raccolto punti. Sei sconfitte in altrettante partite giocate dalla squadra allenata da Paolo De Basio. Sabato in programma gara 1 degli ottavi di finale del torneo e le giovani civette si troveranno di fronte il Fiemme. Si giocheranno due partite, andata e ritorno. La prima partita sar\u00e0 in trasferta per la squadra mista agordina, ritorno sabato 4 marzo all&#8217;Alvise De Toni di Alleghe. Sulla carta le due squadre se la giocheranno alla pari ma come in tutti gli sport la fase finale del campionato ha un&#8217;altra valenza rispetto alle prime due fasi e le compagini daranno tutto per strappare il pass alla fase successiva.<\/p>\n<p>&nbsp;<\/p>\n<p>&nbsp;<\/p>\n<hr \/>\n<p>&nbsp;<\/p>\n<p><span style=\"color: #0000ff;\"><strong>MOTORI<\/strong><\/span><\/p>\n<blockquote>\n<h3>IL RALLY BELLUNESE 2023 E&#8217; CONFERMATO<\/h3>\n<\/blockquote>\n<p><strong><a class=\"dt-pswp-item\" href=\"https:\/\/www.radiopiu.net\/wordpress\/wp-content\/uploads\/2023\/02\/c5b88c74-8847-4551-bc61-0589706f42f8.jpg\" data-dt-img-description=\"\" data-large_image_width=\"1199\" data-large_image_height=\"713\"><img loading=\"lazy\" decoding=\"async\" class=\"size-medium wp-image-323412 alignleft\" src=\"https:\/\/www.radiopiu.net\/wordpress\/wp-content\/uploads\/2023\/02\/c5b88c74-8847-4551-bc61-0589706f42f8-300x178.jpg\" alt=\"\" width=\"300\" height=\"178\" srcset=\"https:\/\/www.radiopiu.net\/wordpress\/wp-content\/uploads\/2023\/02\/c5b88c74-8847-4551-bc61-0589706f42f8-300x178.jpg 300w, https:\/\/www.radiopiu.net\/wordpress\/wp-content\/uploads\/2023\/02\/c5b88c74-8847-4551-bc61-0589706f42f8-1024x609.jpg 1024w, https:\/\/www.radiopiu.net\/wordpress\/wp-content\/uploads\/2023\/02\/c5b88c74-8847-4551-bc61-0589706f42f8-768x457.jpg 768w, https:\/\/www.radiopiu.net\/wordpress\/wp-content\/uploads\/2023\/02\/c5b88c74-8847-4551-bc61-0589706f42f8.jpg 1199w\" sizes=\"auto, (max-width: 300px) 100vw, 300px\" \/><\/a>BELLUNO<\/strong><\/p>\n<p>di Roberto Bona<\/p>\n<p>(foto: Flavio Casoni)<\/p>\n<audio class=\"wp-audio-shortcode\" id=\"audio-323239-19\" preload=\"none\" style=\"width: 100%;\" controls=\"controls\"><source type=\"audio\/mpeg\" src=\"https:\/\/www.radiopiu.net\/wordpress\/wp-content\/uploads\/2023\/02\/gr-23-sport-rally-bellunese-BONA.mp3?_=19\" \/><a href=\"https:\/\/www.radiopiu.net\/wordpress\/wp-content\/uploads\/2023\/02\/gr-23-sport-rally-bellunese-BONA.mp3\">https:\/\/www.radiopiu.net\/wordpress\/wp-content\/uploads\/2023\/02\/gr-23-sport-rally-bellunese-BONA.mp3<\/a><\/audio>\n<p>&nbsp;<\/p>\n<p>&nbsp;<\/p>\n<blockquote>\n<h3>IL RALLY BELLUNESE SI FARA&#8217;, AD ANNUNCIARLO IL PREFETTO<\/h3>\n<\/blockquote>\n<p><strong><a class=\"dt-pswp-item\" href=\"https:\/\/www.radiopiu.net\/wordpress\/wp-content\/uploads\/2019\/05\/DOLOMITIRALLY2.jpg\" data-dt-img-description=\"\" data-large_image_width=\"4041\" data-large_image_height=\"2474\"><img loading=\"lazy\" decoding=\"async\" class=\" wp-image-86331 alignleft\" src=\"https:\/\/www.radiopiu.net\/wordpress\/wp-content\/uploads\/2019\/05\/DOLOMITIRALLY2-300x184.jpg\" alt=\"\" width=\"197\" height=\"121\" srcset=\"https:\/\/www.radiopiu.net\/wordpress\/wp-content\/uploads\/2019\/05\/DOLOMITIRALLY2-300x184.jpg 300w, https:\/\/www.radiopiu.net\/wordpress\/wp-content\/uploads\/2019\/05\/DOLOMITIRALLY2-768x470.jpg 768w, https:\/\/www.radiopiu.net\/wordpress\/wp-content\/uploads\/2019\/05\/DOLOMITIRALLY2-1024x627.jpg 1024w\" sizes=\"auto, (max-width: 197px) 100vw, 197px\" \/><\/a>BELLUNO<\/strong><\/p>\n<p>di Moreno Gioli<\/p>\n<audio class=\"wp-audio-shortcode\" id=\"audio-323239-20\" preload=\"none\" style=\"width: 100%;\" controls=\"controls\"><source type=\"audio\/mpeg\" src=\"https:\/\/www.radiopiu.net\/wordpress\/wp-content\/uploads\/2023\/02\/GIOLI-rally-bellunese.mp3?_=20\" \/><a href=\"https:\/\/www.radiopiu.net\/wordpress\/wp-content\/uploads\/2023\/02\/GIOLI-rally-bellunese.mp3\">https:\/\/www.radiopiu.net\/wordpress\/wp-content\/uploads\/2023\/02\/GIOLI-rally-bellunese.mp3<\/a><\/audio>\n<p>&nbsp;<\/p>\n<p>&nbsp;<\/p>\n<p>&nbsp;<\/p>\n<hr \/>\n<p>&nbsp;<\/p>\n<p><span style=\"color: #0000ff;\"><strong>DUATHLON<\/strong><\/span><\/p>\n<blockquote>\n<h3>CORTINA PRONTA AD ACCOGLIERE LA SECONDA EDIZIONE DI ALPINATHLON<\/h3>\n<\/blockquote>\n<p><strong>CORTINA\u00a0<\/strong><\/p>\n<p>di Roberto Bona<\/p>\n<audio class=\"wp-audio-shortcode\" id=\"audio-323239-21\" preload=\"none\" style=\"width: 100%;\" controls=\"controls\"><source type=\"audio\/mpeg\" src=\"https:\/\/www.radiopiu.net\/wordpress\/wp-content\/uploads\/2023\/02\/gr-23-sport-alpinathlon-BONA.mp3?_=21\" \/><a href=\"https:\/\/www.radiopiu.net\/wordpress\/wp-content\/uploads\/2023\/02\/gr-23-sport-alpinathlon-BONA.mp3\">https:\/\/www.radiopiu.net\/wordpress\/wp-content\/uploads\/2023\/02\/gr-23-sport-alpinathlon-BONA.mp3<\/a><\/audio>\n<p>&nbsp;<\/p>\n\n\t\t\t<style type='text\/css'>\n\t\t\t\t#gallery-8 {\n\t\t\t\t\tmargin: auto;\n\t\t\t\t}\n\t\t\t\t#gallery-8 .gallery-item {\n\t\t\t\t\tfloat: left;\n\t\t\t\t\tmargin-top: 10px;\n\t\t\t\t\ttext-align: center;\n\t\t\t\t\twidth: 50%;\n\t\t\t\t}\n\t\t\t\t#gallery-8 img {\n\t\t\t\t\tborder: 2px solid #cfcfcf;\n\t\t\t\t}\n\t\t\t\t#gallery-8 .gallery-caption {\n\t\t\t\t\tmargin-left: 0;\n\t\t\t\t}\n\t\t\t\t\/* see gallery_shortcode() in wp-includes\/media.php *\/\n\t\t\t<\/style>\n\t\t<div id='gallery-8' class='dt-gallery-container gallery galleryid-323239 gallery-columns-2 gallery-size-medium'><dl class='gallery-item'>\n\t\t\t\t<dt class='gallery-icon landscape'>\n\t\t\t\t\t<a class=\"rollover rollover-zoom dt-pswp-item\" title=\"6dd014cc-43cf-4cf2-9d2e-b3183e6e5213\" data-dt-img-description=\"\" data-large_image_width=\"1600\" data-large_image_height=\"1068\"href='https:\/\/www.radiopiu.net\/wordpress\/wp-content\/uploads\/2023\/02\/6dd014cc-43cf-4cf2-9d2e-b3183e6e5213.jpg'><img loading=\"lazy\" decoding=\"async\" width=\"300\" height=\"200\" src=\"https:\/\/www.radiopiu.net\/wordpress\/wp-content\/uploads\/2023\/02\/6dd014cc-43cf-4cf2-9d2e-b3183e6e5213-300x200.jpg\" class=\"attachment-medium size-medium\" alt=\"\" srcset=\"https:\/\/www.radiopiu.net\/wordpress\/wp-content\/uploads\/2023\/02\/6dd014cc-43cf-4cf2-9d2e-b3183e6e5213-300x200.jpg 300w, https:\/\/www.radiopiu.net\/wordpress\/wp-content\/uploads\/2023\/02\/6dd014cc-43cf-4cf2-9d2e-b3183e6e5213-1024x684.jpg 1024w, https:\/\/www.radiopiu.net\/wordpress\/wp-content\/uploads\/2023\/02\/6dd014cc-43cf-4cf2-9d2e-b3183e6e5213-768x513.jpg 768w, https:\/\/www.radiopiu.net\/wordpress\/wp-content\/uploads\/2023\/02\/6dd014cc-43cf-4cf2-9d2e-b3183e6e5213-1536x1025.jpg 1536w, https:\/\/www.radiopiu.net\/wordpress\/wp-content\/uploads\/2023\/02\/6dd014cc-43cf-4cf2-9d2e-b3183e6e5213.jpg 1600w\" sizes=\"auto, (max-width: 300px) 100vw, 300px\" \/><\/a>\n\t\t\t\t<\/dt><\/dl><dl class='gallery-item'>\n\t\t\t\t<dt class='gallery-icon landscape'>\n\t\t\t\t\t<a class=\"rollover rollover-zoom dt-pswp-item\" title=\"4a63ecbf-bead-4085-b4bb-54f9499c62e4\" data-dt-img-description=\"\" data-large_image_width=\"1600\" data-large_image_height=\"1066\"href='https:\/\/www.radiopiu.net\/wordpress\/wp-content\/uploads\/2023\/02\/4a63ecbf-bead-4085-b4bb-54f9499c62e4.jpg'><img loading=\"lazy\" decoding=\"async\" width=\"300\" height=\"200\" src=\"https:\/\/www.radiopiu.net\/wordpress\/wp-content\/uploads\/2023\/02\/4a63ecbf-bead-4085-b4bb-54f9499c62e4-300x200.jpg\" class=\"attachment-medium size-medium\" alt=\"\" srcset=\"https:\/\/www.radiopiu.net\/wordpress\/wp-content\/uploads\/2023\/02\/4a63ecbf-bead-4085-b4bb-54f9499c62e4-300x200.jpg 300w, https:\/\/www.radiopiu.net\/wordpress\/wp-content\/uploads\/2023\/02\/4a63ecbf-bead-4085-b4bb-54f9499c62e4-1024x682.jpg 1024w, https:\/\/www.radiopiu.net\/wordpress\/wp-content\/uploads\/2023\/02\/4a63ecbf-bead-4085-b4bb-54f9499c62e4-768x512.jpg 768w, https:\/\/www.radiopiu.net\/wordpress\/wp-content\/uploads\/2023\/02\/4a63ecbf-bead-4085-b4bb-54f9499c62e4-1536x1023.jpg 1536w, https:\/\/www.radiopiu.net\/wordpress\/wp-content\/uploads\/2023\/02\/4a63ecbf-bead-4085-b4bb-54f9499c62e4.jpg 1600w\" sizes=\"auto, (max-width: 300px) 100vw, 300px\" \/><\/a>\n\t\t\t\t<\/dt><\/dl><br style=\"clear: both\" \/>\n\t\t\t<\/div>\n\n<p>&nbsp;<\/p>\n<p>&nbsp;<\/p>\n","protected":false},"excerpt":{"rendered":"<p>RADIO PIU INFORMAZIONE il canale su TELEGRAM informazione di prima\u00a0 mano e in tempo reale. iscriviti ed aiutaci a farlo conoscere\u00a0 \u00a0 \u00a0 &nbsp; DA LUNEDI SARA&#8217; DIFFICILE RAGGIUNGERE CIBIANA C&#8217;\u00e8 un&#8217;unica strada che collega Cibiana al Cadore, la provinciale 347 che sar\u00e0 ancora oggetto di lavori e per questo chiuder\u00e0 per due settimane, nell&#8217;orario&hellip;<\/p>\n","protected":false},"author":4,"featured_media":323331,"comment_status":"closed","ping_status":"closed","sticky":false,"template":"","format":"standard","meta":{"_monsterinsights_skip_tracking":false,"_monsterinsights_sitenote_active":false,"_monsterinsights_sitenote_note":"","_monsterinsights_sitenote_category":0,"footnotes":""},"categories":[51,86,49],"tags":[],"class_list":["post-323239","post","type-post","status-publish","format-standard","has-post-thumbnail","hentry","category-evidenza-top","category-gr","category-news-18","category-51","category-86","category-49","description-off"],"img_url":"https:\/\/www.radiopiu.net\/wordpress\/wp-content\/uploads\/2023\/02\/1575CFF0-039D-4C9E-AD40-79DC8A1C70A1.jpeg","_links":{"self":[{"href":"https:\/\/www.radiopiu.net\/wordpress\/wp-json\/wp\/v2\/posts\/323239","targetHints":{"allow":["GET"]}}],"collection":[{"href":"https:\/\/www.radiopiu.net\/wordpress\/wp-json\/wp\/v2\/posts"}],"about":[{"href":"https:\/\/www.radiopiu.net\/wordpress\/wp-json\/wp\/v2\/types\/post"}],"author":[{"embeddable":true,"href":"https:\/\/www.radiopiu.net\/wordpress\/wp-json\/wp\/v2\/users\/4"}],"replies":[{"embeddable":true,"href":"https:\/\/www.radiopiu.net\/wordpress\/wp-json\/wp\/v2\/comments?post=323239"}],"version-history":[{"count":0,"href":"https:\/\/www.radiopiu.net\/wordpress\/wp-json\/wp\/v2\/posts\/323239\/revisions"}],"wp:featuredmedia":[{"embeddable":true,"href":"https:\/\/www.radiopiu.net\/wordpress\/wp-json\/wp\/v2\/media\/323331"}],"wp:attachment":[{"href":"https:\/\/www.radiopiu.net\/wordpress\/wp-json\/wp\/v2\/media?parent=323239"}],"wp:term":[{"taxonomy":"category","embeddable":true,"href":"https:\/\/www.radiopiu.net\/wordpress\/wp-json\/wp\/v2\/categories?post=323239"},{"taxonomy":"post_tag","embeddable":true,"href":"https:\/\/www.radiopiu.net\/wordpress\/wp-json\/wp\/v2\/tags?post=323239"}],"curies":[{"name":"wp","href":"https:\/\/api.w.org\/{rel}","templated":true}]}}