{"id":323248,"date":"2023-02-22T05:19:18","date_gmt":"2023-02-22T04:19:18","guid":{"rendered":"https:\/\/www.radiopiu.net\/wordpress\/?p=323248"},"modified":"2023-02-22T08:39:26","modified_gmt":"2023-02-22T07:39:26","slug":"luxottica-interessata-alla-farmacia-favretti-in-centro-ad-agordo","status":"publish","type":"post","link":"https:\/\/www.radiopiu.net\/wordpress\/luxottica-interessata-alla-farmacia-favretti-in-centro-ad-agordo\/","title":{"rendered":"LUXOTTICA INTERESSATA ALLA FARMACIA FAVRETTI IN CENTRO AD AGORDO, non cambier\u00e0 la sede"},"content":{"rendered":"<p>&nbsp;<\/p>\n<p><strong><img loading=\"lazy\" decoding=\"async\" class=\"alignleft\" src=\"https:\/\/www.radiopiu.net\/wordpress\/wp-content\/uploads\/2021\/03\/4-1.jpg\" width=\"182\" height=\"137\" \/>AGORDO<\/strong> Il colosso dell&#8217;occhiale verso l&#8217;acquisizione della storica farmacia fondata dal dottor\u00a0 Luigi\u00a0 Favretti nel 1885, poi gestita da Gino e quindi Giorgio Favretti mancato nel 2021. Oggi la Farmacia \u00e8 nelle mani della figlia Anna. L&#8217;operazione Favretti-Luxottica \u00e8 in corso, gi\u00e0 fatto un primo atto notarlle, L&#8217;operazione acquisto\u00a0 sar\u00e0 terminata entro l&#8217;estate, entro il semestre del 2023 sar\u00e0 chiusa e riaperta sempre in Piazza della Libert\u00e0, nessuna intenzione di spostare la storica sede, tantomeno per l&#8217;Azienda di entrare nel mondo delle Farmacie. A tutto tondo: oltre all&#8217;investimento, un&#8217;operazione nell&#8217;ambito dell&#8217;welfare aziendale a favore dei dipendenti.<\/p>\n<hr \/>\n<p>&nbsp;<\/p>\n<p>&nbsp;<\/p>\n<hr \/>\n<p>&nbsp;<\/p>\n","protected":false},"excerpt":{"rendered":"<p>&nbsp; AGORDO Il colosso dell&#8217;occhiale verso l&#8217;acquisizione della storica farmacia fondata dal dottor\u00a0 Luigi\u00a0 Favretti nel 1885, poi gestita da Gino e quindi Giorgio Favretti mancato nel 2021. Oggi la Farmacia \u00e8 nelle mani della figlia Anna. L&#8217;operazione Favretti-Luxottica \u00e8 in corso, gi\u00e0 fatto un primo atto notarlle, L&#8217;operazione acquisto\u00a0 sar\u00e0 terminata entro l&#8217;estate, entro&hellip;<\/p>\n","protected":false},"author":4,"featured_media":199930,"comment_status":"closed","ping_status":"closed","sticky":false,"template":"","format":"standard","meta":{"_monsterinsights_skip_tracking":false,"_monsterinsights_sitenote_active":false,"_monsterinsights_sitenote_note":"","_monsterinsights_sitenote_category":0,"footnotes":""},"categories":[51,49],"tags":[],"class_list":["post-323248","post","type-post","status-publish","format-standard","has-post-thumbnail","hentry","category-evidenza-top","category-news-18","category-51","category-49","description-off"],"img_url":"https:\/\/www.radiopiu.net\/wordpress\/wp-content\/uploads\/2021\/03\/4-1.jpg","_links":{"self":[{"href":"https:\/\/www.radiopiu.net\/wordpress\/wp-json\/wp\/v2\/posts\/323248","targetHints":{"allow":["GET"]}}],"collection":[{"href":"https:\/\/www.radiopiu.net\/wordpress\/wp-json\/wp\/v2\/posts"}],"about":[{"href":"https:\/\/www.radiopiu.net\/wordpress\/wp-json\/wp\/v2\/types\/post"}],"author":[{"embeddable":true,"href":"https:\/\/www.radiopiu.net\/wordpress\/wp-json\/wp\/v2\/users\/4"}],"replies":[{"embeddable":true,"href":"https:\/\/www.radiopiu.net\/wordpress\/wp-json\/wp\/v2\/comments?post=323248"}],"version-history":[{"count":0,"href":"https:\/\/www.radiopiu.net\/wordpress\/wp-json\/wp\/v2\/posts\/323248\/revisions"}],"wp:featuredmedia":[{"embeddable":true,"href":"https:\/\/www.radiopiu.net\/wordpress\/wp-json\/wp\/v2\/media\/199930"}],"wp:attachment":[{"href":"https:\/\/www.radiopiu.net\/wordpress\/wp-json\/wp\/v2\/media?parent=323248"}],"wp:term":[{"taxonomy":"category","embeddable":true,"href":"https:\/\/www.radiopiu.net\/wordpress\/wp-json\/wp\/v2\/categories?post=323248"},{"taxonomy":"post_tag","embeddable":true,"href":"https:\/\/www.radiopiu.net\/wordpress\/wp-json\/wp\/v2\/tags?post=323248"}],"curies":[{"name":"wp","href":"https:\/\/api.w.org\/{rel}","templated":true}]}}