{"id":323267,"date":"2023-02-22T07:55:38","date_gmt":"2023-02-22T06:55:38","guid":{"rendered":"https:\/\/www.radiopiu.net\/wordpress\/?p=323267"},"modified":"2023-02-22T07:55:56","modified_gmt":"2023-02-22T06:55:56","slug":"cibiana-disagi-per-lavori-lungo-la-347","status":"publish","type":"post","link":"https:\/\/www.radiopiu.net\/wordpress\/cibiana-disagi-per-lavori-lungo-la-347\/","title":{"rendered":"CIBIANA, DISAGI PER LAVORI LUNGO LA 347"},"content":{"rendered":"<p><strong>347 PASSO CEREDA E DURAN<\/strong> localit\u00e0 Cibiana di Cadore localit\u00e0 Masari\u00e8. Dal 27 febbraio al 10 marzo &#8211; sabato e domenica esclusi &#8211; interdizine totale al traffico in entrambi i sensi di marcia dalle 7.45 alle 13 e dalle 14.30 alle 17.30<br \/>\nDal 13 al 24 marzo interdizione al transito dalle 7.45 alle 9.45 dalle 10.15 alle 13, dalle 14.30 alle 15.30, dalle 16 alle 17.30.<\/p>\n<p>Negli altri orari senso unico alternato.<\/p>\n<p>&#8212;&#8212;&#8212;&#8212;&#8212;&#8212;-<\/p>\n","protected":false},"excerpt":{"rendered":"<p>347 PASSO CEREDA E DURAN localit\u00e0 Cibiana di Cadore localit\u00e0 Masari\u00e8. Dal 27 febbraio al 10 marzo &#8211; sabato e domenica esclusi &#8211; interdizine totale al traffico in entrambi i sensi di marcia dalle 7.45 alle 13 e dalle 14.30 alle 17.30 Dal 13 al 24 marzo interdizione al transito dalle 7.45 alle 9.45 dalle&hellip;<\/p>\n","protected":false},"author":4,"featured_media":277553,"comment_status":"closed","ping_status":"closed","sticky":false,"template":"","format":"standard","meta":{"_monsterinsights_skip_tracking":false,"_monsterinsights_sitenote_active":false,"_monsterinsights_sitenote_note":"","_monsterinsights_sitenote_category":0,"footnotes":""},"categories":[104,49],"tags":[],"class_list":["post-323267","post","type-post","status-publish","format-standard","has-post-thumbnail","hentry","category-evidenza_3","category-news-18","category-104","category-49","description-off"],"img_url":"https:\/\/www.radiopiu.net\/wordpress\/wp-content\/uploads\/2022\/05\/chiesa-di-cibiano.webp","_links":{"self":[{"href":"https:\/\/www.radiopiu.net\/wordpress\/wp-json\/wp\/v2\/posts\/323267","targetHints":{"allow":["GET"]}}],"collection":[{"href":"https:\/\/www.radiopiu.net\/wordpress\/wp-json\/wp\/v2\/posts"}],"about":[{"href":"https:\/\/www.radiopiu.net\/wordpress\/wp-json\/wp\/v2\/types\/post"}],"author":[{"embeddable":true,"href":"https:\/\/www.radiopiu.net\/wordpress\/wp-json\/wp\/v2\/users\/4"}],"replies":[{"embeddable":true,"href":"https:\/\/www.radiopiu.net\/wordpress\/wp-json\/wp\/v2\/comments?post=323267"}],"version-history":[{"count":0,"href":"https:\/\/www.radiopiu.net\/wordpress\/wp-json\/wp\/v2\/posts\/323267\/revisions"}],"wp:featuredmedia":[{"embeddable":true,"href":"https:\/\/www.radiopiu.net\/wordpress\/wp-json\/wp\/v2\/media\/277553"}],"wp:attachment":[{"href":"https:\/\/www.radiopiu.net\/wordpress\/wp-json\/wp\/v2\/media?parent=323267"}],"wp:term":[{"taxonomy":"category","embeddable":true,"href":"https:\/\/www.radiopiu.net\/wordpress\/wp-json\/wp\/v2\/categories?post=323267"},{"taxonomy":"post_tag","embeddable":true,"href":"https:\/\/www.radiopiu.net\/wordpress\/wp-json\/wp\/v2\/tags?post=323267"}],"curies":[{"name":"wp","href":"https:\/\/api.w.org\/{rel}","templated":true}]}}