{"id":323284,"date":"2023-02-28T05:46:00","date_gmt":"2023-02-28T04:46:00","guid":{"rendered":"https:\/\/www.radiopiu.net\/wordpress\/?p=323284"},"modified":"2023-02-28T05:57:16","modified_gmt":"2023-02-28T04:57:16","slug":"autovelox-sul-giau-per-il-giudice-di-pace-e-illegale","status":"publish","type":"post","link":"https:\/\/www.radiopiu.net\/wordpress\/autovelox-sul-giau-per-il-giudice-di-pace-e-illegale\/","title":{"rendered":"AUTOVELOX SUL GIAU, FRENA &#8220;PRONTI PER L&#8217;APPELLO&#8221;"},"content":{"rendered":"<blockquote><p><em> Il Comune di Colle Santa Lucia ha incassato circa un milione di euro di ammende nel 2020 e 552 mila 367 euro l&#8217;anno dopo<\/em><\/p><\/blockquote>\n<p><strong><a class=\"dt-pswp-item\" href=\"https:\/\/www.radiopiu.net\/wordpress\/wp-content\/uploads\/2023\/02\/Senza-nome-73.jpg\" data-dt-img-description=\"\" data-large_image_width=\"391\" data-large_image_height=\"251\"><img loading=\"lazy\" decoding=\"async\" class=\" wp-image-324253 alignleft\" src=\"https:\/\/www.radiopiu.net\/wordpress\/wp-content\/uploads\/2023\/02\/Senza-nome-73-300x193.jpg\" alt=\"\" width=\"278\" height=\"179\" srcset=\"https:\/\/www.radiopiu.net\/wordpress\/wp-content\/uploads\/2023\/02\/Senza-nome-73-300x193.jpg 300w, https:\/\/www.radiopiu.net\/wordpress\/wp-content\/uploads\/2023\/02\/Senza-nome-73.jpg 391w\" sizes=\"auto, (max-width: 278px) 100vw, 278px\" \/><\/a>COLLE SANTA LUCIA<\/strong> Davanti alle recenti dichiarazioni sull&#8217;illegalit\u00e0 dell&#8217;autovelox di Passo Giau il sindaco di Colle Santa Lucia frena gli entusiasmi di Altvelox.it e difende la strumentazione. Inoltre Frena annuncia appello contro la recente sentenza del giudice di pace Fabrizio Schioppa, che ha annullato una multa fatta sul passo Giau e condannato il Comune di Colle Santa Lucia a pagare le spese.\u00a0<em> \u00abBisogna evitare che passi il falso messaggio, secondo il quale la nostra Polizia userebbe strumenti irregolari\u00bb,\u00a0 dichiara il sindaco al Corriere delle Alpi &#8211; non \u00e8 proprio il caso di creare nei trasgressori delle regole (perch\u00e9 di questo si tratta), l&#8217;idea che violare la legge sul passo Giau possa godere dell&#8217;impunit\u00e0<\/em>. L&#8217;interpretazione del giudice di pace, che si ritiene erronea e non \u00e8 nemmeno condivisa da altri colleghi, \u00e8 gi\u00e0 in contrasto con altre sentenza del Tribunale&#8221;<\/p>\n<p><strong>IERI ALLA RADIO<\/strong><\/p>\n<p><strong><img loading=\"lazy\" decoding=\"async\" class=\"alignleft\" src=\"https:\/\/www.radiopiu.net\/wordpress\/wp-content\/uploads\/2023\/02\/giau.jpg\" width=\"271\" height=\"191\" \/>BELLUNO<\/strong> Il Giudice di Pace di Belluno ha dichiarato illegittimo l&#8217;autovelox utilizzato dal Comune di Colle Santa Lucia, in cima al Passo Giau. Lo riportano gli avvocati di Altvelox.it (associazione nazionale dei consumatori e micro imprese), nella sentenza dello scorso novembre in primo piano l&#8217;assenza \/ carenza della segnaletica di preavviso,\u00a0 contestata ed accolta anche ieri. Il caso di ieri riguardava un automobilista Bellunese che per lavoro percorreva la strada in parola ad una velocit\u00e0 di <strong>73 km\/h,<\/strong> convinto che il limite fosse, come in tutta la strada, di 70 Km\/h, ma senza rendersi conto del cambio improvviso del limite da 70 a 50 Km\/h a ridosso dell&#8217;autovelox, e senza vedere la presenza dell&#8217;apparecchio elettronico, superava il limite di pochissimo vedendosi contestare una multa,\u00a0 secondo il Giudice, non meritata. <em>&#8220;Per questo &#8211; ricordano gli avvocati di Altvelox &#8211;\u00a0 avvalendoci <span class=\"_2PHJq public-DraftStyleDefault-ltr\">del dipartimento tecnico legale specializzato abbiamo impugnato il verbale\u00a0 ieri annullato con la condanna del Comune al risarcimento delle spese sostenute&#8221;.<\/span><\/em><\/p>\n<p><strong>LA CURIOSITA&#8217;<\/strong><\/p>\n<p>L&#8217;Autovelox di Passo Giau &#8220;vale&#8221; 552mila euro di proventi annui, non male per un paese di 300 abitanti, anziani a neonati compresi, pi\u00f9 o meno 1500 euro pro capite.<\/p>\n<p>&nbsp;<\/p>\n<p>&nbsp;<\/p>\n<hr \/>\n<p>&nbsp;<\/p>\n","protected":false},"excerpt":{"rendered":"<p>Il Comune di Colle Santa Lucia ha incassato circa un milione di euro di ammende nel 2020 e 552 mila 367 euro l&#8217;anno dopo COLLE SANTA LUCIA Davanti alle recenti dichiarazioni sull&#8217;illegalit\u00e0 dell&#8217;autovelox di Passo Giau il sindaco di Colle Santa Lucia frena gli entusiasmi di Altvelox.it e difende la strumentazione. Inoltre Frena annuncia appello&hellip;<\/p>\n","protected":false},"author":4,"featured_media":323285,"comment_status":"closed","ping_status":"closed","sticky":false,"template":"","format":"standard","meta":{"_monsterinsights_skip_tracking":false,"_monsterinsights_sitenote_active":false,"_monsterinsights_sitenote_note":"","_monsterinsights_sitenote_category":0,"footnotes":""},"categories":[51,49],"tags":[],"class_list":["post-323284","post","type-post","status-publish","format-standard","has-post-thumbnail","hentry","category-evidenza-top","category-news-18","category-51","category-49","description-off"],"img_url":"https:\/\/www.radiopiu.net\/wordpress\/wp-content\/uploads\/2023\/02\/giau.jpg","_links":{"self":[{"href":"https:\/\/www.radiopiu.net\/wordpress\/wp-json\/wp\/v2\/posts\/323284","targetHints":{"allow":["GET"]}}],"collection":[{"href":"https:\/\/www.radiopiu.net\/wordpress\/wp-json\/wp\/v2\/posts"}],"about":[{"href":"https:\/\/www.radiopiu.net\/wordpress\/wp-json\/wp\/v2\/types\/post"}],"author":[{"embeddable":true,"href":"https:\/\/www.radiopiu.net\/wordpress\/wp-json\/wp\/v2\/users\/4"}],"replies":[{"embeddable":true,"href":"https:\/\/www.radiopiu.net\/wordpress\/wp-json\/wp\/v2\/comments?post=323284"}],"version-history":[{"count":0,"href":"https:\/\/www.radiopiu.net\/wordpress\/wp-json\/wp\/v2\/posts\/323284\/revisions"}],"wp:featuredmedia":[{"embeddable":true,"href":"https:\/\/www.radiopiu.net\/wordpress\/wp-json\/wp\/v2\/media\/323285"}],"wp:attachment":[{"href":"https:\/\/www.radiopiu.net\/wordpress\/wp-json\/wp\/v2\/media?parent=323284"}],"wp:term":[{"taxonomy":"category","embeddable":true,"href":"https:\/\/www.radiopiu.net\/wordpress\/wp-json\/wp\/v2\/categories?post=323284"},{"taxonomy":"post_tag","embeddable":true,"href":"https:\/\/www.radiopiu.net\/wordpress\/wp-json\/wp\/v2\/tags?post=323284"}],"curies":[{"name":"wp","href":"https:\/\/api.w.org\/{rel}","templated":true}]}}