{"id":323346,"date":"2023-02-22T15:32:38","date_gmt":"2023-02-22T14:32:38","guid":{"rendered":"https:\/\/www.radiopiu.net\/wordpress\/?p=323346"},"modified":"2023-02-22T18:08:18","modified_gmt":"2023-02-22T17:08:18","slug":"avviato-in-regione-il-tavolo-su-safilo-di-longarone","status":"publish","type":"post","link":"https:\/\/www.radiopiu.net\/wordpress\/avviato-in-regione-il-tavolo-su-safilo-di-longarone\/","title":{"rendered":"AVVIATO IN REGIONE IL TAVOLO SU SAFILO DI LONGARONE"},"content":{"rendered":"<blockquote><p>&nbsp;<\/p>\n<p>Fra le prime mosse sicuramente\u00a0 la convocazione delle assemblee sindacali interne a Safilo per comunicare le decisioni assunte, anche perch\u00e9 dopo la manifestazione.<em> Safilo ha confermato la non strategicit\u00e0 del sito di Longarone e ha espresso la\u00a0 probabilit\u00e0 della sua acquisizione da parte di importanti player del settore dell&#8217;occhialeria\u00bb<\/em>. Lo riferiscono, con una nota congiunta, i vertici regionali di categoria delle organizzazioni sindacali che\u00a0 ritengono\u00a0 la posizione aziendale non accettabile anche a fronte degli impegni presi al Ministero dello Sviluppo nel 2019. Tra i possibili acquirenti dell&#8217;impianto ricorre da settimane in particolare il nome di Th\u00e8lios, sigla del gruppo francese Lvmh con sede poco lontano da quella di S\u00e0filo e che non ha fino ad ora mai smentito i rumors sul suo interessamento.<\/p><\/blockquote>\n<p>&nbsp;<\/p>\n<p><strong>VENEZIA <\/strong>Si \u00e8 svolto questa mattina in sede regionale, presso il palazzo Grandi Stazioni a Venezia, il tavolo relativo alla situazione di Safilo convocato dall\u2019assessore regionale al lavoro Elena Donazzan insieme all\u2019Unit\u00e0 di Crisi Aziendali della Regione del Veneto. Hanno partecipato alla riunione i rappresentanti dell\u2019azienda supportati da Confindustria Belluno, i rappresentanti delle categorie sindacali di FILCTEM CGIL, FEMCA CISL e UILTEC UIL e tutta la rappresentanza dei lavoratori dello stabilimento di Longarone.\u00a0 Nel corso dell\u2019incontro l\u2019azienda ha illustrato la fase di ricerca avviata al fine di esplorare soluzioni alternative per lo stabilimento di Longarone. \u201cAbbiamo avviato oggi questo tavolo di confronto che ha l\u2019obiettivo di approfondire la situazione con tutte le parti coinvolte \u2013 spiega Elena Donazzan -. \u00c8 stato un momento di confronto fra i lavoratori e l\u2019azienda stessa con la presenza della Regione che \u00e8 in stretto raccordo con il Ministero delle imprese e del made in Italy rispetto alla vertenza\u201d. \u201cL\u2019obiettivo per noi \u00e8 la continuit\u00e0 produttiva dello stabilimento di Longarone e la salvaguardia di tutti i lavoratori. La forza del settore dell\u2019occhialeria \u00e8 nota in Italia e nel mondo. La leva \u00e8 il capitale umano ed \u00e8 per questo che riteniamo che tra le cose che vanno messe in evidenza c\u2019\u00e8 la salvaguardia dei lavoratori\u201d. Le parti hanno concordato di fissare il prossimo incontro di approfondimento tra due settimane ed il tavolo avr\u00e0 come focus Longarone. \u201cAbbiamo chiesto all\u2019azienda di rafforzare le relazioni con il sindacato rispetto all\u2019andamento dei vari siti aziendali e un ulteriore approfondimento sul sito di Longarone\u201d conclude Donazzan.<\/p>\n\n\t\t\t<style type='text\/css'>\n\t\t\t\t#gallery-1 {\n\t\t\t\t\tmargin: auto;\n\t\t\t\t}\n\t\t\t\t#gallery-1 .gallery-item {\n\t\t\t\t\tfloat: left;\n\t\t\t\t\tmargin-top: 10px;\n\t\t\t\t\ttext-align: center;\n\t\t\t\t\twidth: 50%;\n\t\t\t\t}\n\t\t\t\t#gallery-1 img {\n\t\t\t\t\tborder: 2px solid #cfcfcf;\n\t\t\t\t}\n\t\t\t\t#gallery-1 .gallery-caption {\n\t\t\t\t\tmargin-left: 0;\n\t\t\t\t}\n\t\t\t\t\/* see gallery_shortcode() in wp-includes\/media.php *\/\n\t\t\t<\/style>\n\t\t<div id='gallery-1' class='dt-gallery-container gallery galleryid-323346 gallery-columns-2 gallery-size-medium'><dl class='gallery-item'>\n\t\t\t\t<dt class='gallery-icon landscape'>\n\t\t\t\t\t<a class=\"rollover rollover-zoom dt-pswp-item\" title=\"296-2023 TAVOLO SAFILO_1\" data-dt-img-description=\"\" data-large_image_width=\"2016\" data-large_image_height=\"1512\"href='https:\/\/www.radiopiu.net\/wordpress\/wp-content\/uploads\/2023\/02\/296-2023-TAVOLO-SAFILO_1.jpeg'><img loading=\"lazy\" decoding=\"async\" width=\"300\" height=\"225\" src=\"https:\/\/www.radiopiu.net\/wordpress\/wp-content\/uploads\/2023\/02\/296-2023-TAVOLO-SAFILO_1-300x225.jpeg\" class=\"attachment-medium size-medium\" alt=\"\" srcset=\"https:\/\/www.radiopiu.net\/wordpress\/wp-content\/uploads\/2023\/02\/296-2023-TAVOLO-SAFILO_1-300x225.jpeg 300w, https:\/\/www.radiopiu.net\/wordpress\/wp-content\/uploads\/2023\/02\/296-2023-TAVOLO-SAFILO_1-1024x768.jpeg 1024w, https:\/\/www.radiopiu.net\/wordpress\/wp-content\/uploads\/2023\/02\/296-2023-TAVOLO-SAFILO_1-768x576.jpeg 768w, https:\/\/www.radiopiu.net\/wordpress\/wp-content\/uploads\/2023\/02\/296-2023-TAVOLO-SAFILO_1-1536x1152.jpeg 1536w, https:\/\/www.radiopiu.net\/wordpress\/wp-content\/uploads\/2023\/02\/296-2023-TAVOLO-SAFILO_1.jpeg 2016w\" sizes=\"auto, (max-width: 300px) 100vw, 300px\" \/><\/a>\n\t\t\t\t<\/dt><\/dl><dl class='gallery-item'>\n\t\t\t\t<dt class='gallery-icon landscape'>\n\t\t\t\t\t<a class=\"rollover rollover-zoom dt-pswp-item\" title=\"296-2023 tavolo safilo_2\" data-dt-img-description=\"\" data-large_image_width=\"2016\" data-large_image_height=\"1512\"href='https:\/\/www.radiopiu.net\/wordpress\/wp-content\/uploads\/2023\/02\/296-2023-tavolo-safilo_2.jpeg'><img loading=\"lazy\" decoding=\"async\" width=\"300\" height=\"225\" src=\"https:\/\/www.radiopiu.net\/wordpress\/wp-content\/uploads\/2023\/02\/296-2023-tavolo-safilo_2-300x225.jpeg\" class=\"attachment-medium size-medium\" alt=\"\" srcset=\"https:\/\/www.radiopiu.net\/wordpress\/wp-content\/uploads\/2023\/02\/296-2023-tavolo-safilo_2-300x225.jpeg 300w, https:\/\/www.radiopiu.net\/wordpress\/wp-content\/uploads\/2023\/02\/296-2023-tavolo-safilo_2-1024x768.jpeg 1024w, https:\/\/www.radiopiu.net\/wordpress\/wp-content\/uploads\/2023\/02\/296-2023-tavolo-safilo_2-768x576.jpeg 768w, https:\/\/www.radiopiu.net\/wordpress\/wp-content\/uploads\/2023\/02\/296-2023-tavolo-safilo_2-1536x1152.jpeg 1536w, https:\/\/www.radiopiu.net\/wordpress\/wp-content\/uploads\/2023\/02\/296-2023-tavolo-safilo_2.jpeg 2016w\" sizes=\"auto, (max-width: 300px) 100vw, 300px\" \/><\/a>\n\t\t\t\t<\/dt><\/dl><br style=\"clear: both\" \/>\n\t\t\t<\/div>\n\n<p>&nbsp;<\/p>\n<p>&nbsp;<\/p>\n<p>******<\/p>\n","protected":false},"excerpt":{"rendered":"<p>&nbsp; Fra le prime mosse sicuramente\u00a0 la convocazione delle assemblee sindacali interne a Safilo per comunicare le decisioni assunte, anche perch\u00e9 dopo la manifestazione. Safilo ha confermato la non strategicit\u00e0 del sito di Longarone e ha espresso la\u00a0 probabilit\u00e0 della sua acquisizione da parte di importanti player del settore dell&#8217;occhialeria\u00bb. Lo riferiscono, con una nota&hellip;<\/p>\n","protected":false},"author":4,"featured_media":323347,"comment_status":"closed","ping_status":"closed","sticky":false,"template":"","format":"standard","meta":{"_monsterinsights_skip_tracking":false,"_monsterinsights_sitenote_active":false,"_monsterinsights_sitenote_note":"","_monsterinsights_sitenote_category":0,"footnotes":""},"categories":[51,49],"tags":[],"class_list":["post-323346","post","type-post","status-publish","format-standard","has-post-thumbnail","hentry","category-evidenza-top","category-news-18","category-51","category-49","description-off"],"img_url":"https:\/\/www.radiopiu.net\/wordpress\/wp-content\/uploads\/2023\/02\/296-2023-TAVOLO-SAFILO_1.jpeg","_links":{"self":[{"href":"https:\/\/www.radiopiu.net\/wordpress\/wp-json\/wp\/v2\/posts\/323346","targetHints":{"allow":["GET"]}}],"collection":[{"href":"https:\/\/www.radiopiu.net\/wordpress\/wp-json\/wp\/v2\/posts"}],"about":[{"href":"https:\/\/www.radiopiu.net\/wordpress\/wp-json\/wp\/v2\/types\/post"}],"author":[{"embeddable":true,"href":"https:\/\/www.radiopiu.net\/wordpress\/wp-json\/wp\/v2\/users\/4"}],"replies":[{"embeddable":true,"href":"https:\/\/www.radiopiu.net\/wordpress\/wp-json\/wp\/v2\/comments?post=323346"}],"version-history":[{"count":0,"href":"https:\/\/www.radiopiu.net\/wordpress\/wp-json\/wp\/v2\/posts\/323346\/revisions"}],"wp:featuredmedia":[{"embeddable":true,"href":"https:\/\/www.radiopiu.net\/wordpress\/wp-json\/wp\/v2\/media\/323347"}],"wp:attachment":[{"href":"https:\/\/www.radiopiu.net\/wordpress\/wp-json\/wp\/v2\/media?parent=323346"}],"wp:term":[{"taxonomy":"category","embeddable":true,"href":"https:\/\/www.radiopiu.net\/wordpress\/wp-json\/wp\/v2\/categories?post=323346"},{"taxonomy":"post_tag","embeddable":true,"href":"https:\/\/www.radiopiu.net\/wordpress\/wp-json\/wp\/v2\/tags?post=323346"}],"curies":[{"name":"wp","href":"https:\/\/api.w.org\/{rel}","templated":true}]}}