{"id":323386,"date":"2023-02-22T17:41:04","date_gmt":"2023-02-22T16:41:04","guid":{"rendered":"https:\/\/www.radiopiu.net\/wordpress\/?p=323386"},"modified":"2023-02-22T19:35:30","modified_gmt":"2023-02-22T18:35:30","slug":"auser-e-carabinieri-insieme-contro-le-truffe-agli-anziani","status":"publish","type":"post","link":"https:\/\/www.radiopiu.net\/wordpress\/auser-e-carabinieri-insieme-contro-le-truffe-agli-anziani\/","title":{"rendered":"AUSER E CARABINIERI, INSIEME CONTRO LE TRUFFE AGLI ANZIANI"},"content":{"rendered":"<p><strong><a class=\"dt-pswp-item\" href=\"https:\/\/www.radiopiu.net\/wordpress\/wp-content\/uploads\/2023\/02\/pigozzo.jpg\" data-dt-img-description=\"\" data-large_image_width=\"361\" data-large_image_height=\"274\"><img loading=\"lazy\" decoding=\"async\" class=\"wp-image-323390 alignleft\" src=\"https:\/\/www.radiopiu.net\/wordpress\/wp-content\/uploads\/2023\/02\/pigozzo-300x228.jpg\" alt=\"\" width=\"214\" height=\"163\" srcset=\"https:\/\/www.radiopiu.net\/wordpress\/wp-content\/uploads\/2023\/02\/pigozzo-300x228.jpg 300w, https:\/\/www.radiopiu.net\/wordpress\/wp-content\/uploads\/2023\/02\/pigozzo.jpg 361w\" sizes=\"auto, (max-width: 214px) 100vw, 214px\" \/><\/a>VOLTAGO<\/strong> Incontro istruttivo quello organizzato dall&#8217;Auser a Voltago. Il tema di grande attualit\u00e0, purtroppo, ovvero le truffe agli anziani, in tutte le forme. Come prevenirle, come evitarle, questi i sapienti consigli impartiti dal Comandante dei Carabinieri di Belluno, \u00a0Colonnello Enrico Pigozzo (foto). in un&#8217;affollata sala dove i diversamente giovani hanno potuto prendere nota di come farsi furbi evitando il cialtrone di turno. <em>&#8220;Siamo pronti ad aiutarvi, sempre &#8211; ha ribadito a pi\u00f9 toni il Comandante dei Carabinieri &#8211; ma ricordatevi di non aprire la porta a sconosciuti, soprattutto non date loro confidenza, telefonate ad un famigliare o un vicino che vi pu\u00f2 ascoltare in caso di dubbi o pericoli, ma soprattutto in caso di necessit\u00e0 non esitate a chiamare il 112, perch\u00e9 \u00e8 gratuita, perch\u00e9 non disturbate e non dovete vergognarvi&#8221;\u00a0<\/em>Preziosi anche i consigli in caso di chiamate di emergenza: ricordarsi sempre di presentarsi con nome, cognome, numero di telefono, localit\u00e0 della chiamata, spiegare bene cosa sta succedendo o \u00e8 successo, ascoltare bene i consigli del Carabinieri e soprattutto mai isolarsi. Concetti importanti pi\u00f9 volte ripetuti e sottolineati anche dalla Carabiniera Sara Amato presente a Voltago in rappresentanza del Comandante della stazione di Agordo.<\/p>\n<p>&nbsp;<\/p>\n<p><strong>IL SINDACO DI VOLTAGO, GIUSEPPE SCHENA\u00a0<\/strong><\/p>\n<audio class=\"wp-audio-shortcode\" id=\"audio-323386-1\" preload=\"none\" style=\"width: 100%;\" controls=\"controls\"><source type=\"audio\/mpeg\" src=\"https:\/\/www.radiopiu.net\/wordpress\/wp-content\/uploads\/2023\/02\/giuseppe.mp3?_=1\" \/><a href=\"https:\/\/www.radiopiu.net\/wordpress\/wp-content\/uploads\/2023\/02\/giuseppe.mp3\">https:\/\/www.radiopiu.net\/wordpress\/wp-content\/uploads\/2023\/02\/giuseppe.mp3<\/a><\/audio>\n<p>&nbsp;<\/p>\n\n\t\t\t<style type='text\/css'>\n\t\t\t\t#gallery-1 {\n\t\t\t\t\tmargin: auto;\n\t\t\t\t}\n\t\t\t\t#gallery-1 .gallery-item {\n\t\t\t\t\tfloat: left;\n\t\t\t\t\tmargin-top: 10px;\n\t\t\t\t\ttext-align: center;\n\t\t\t\t\twidth: 33%;\n\t\t\t\t}\n\t\t\t\t#gallery-1 img {\n\t\t\t\t\tborder: 2px solid #cfcfcf;\n\t\t\t\t}\n\t\t\t\t#gallery-1 .gallery-caption {\n\t\t\t\t\tmargin-left: 0;\n\t\t\t\t}\n\t\t\t\t\/* see gallery_shortcode() in wp-includes\/media.php *\/\n\t\t\t<\/style>\n\t\t<div id='gallery-1' class='dt-gallery-container gallery galleryid-323386 gallery-columns-3 gallery-size-thumbnail'><dl class='gallery-item'>\n\t\t\t\t<dt class='gallery-icon landscape'>\n\t\t\t\t\t<a class=\"rollover rollover-zoom dt-pswp-item\" title=\"d099cef0-3887-45e9-bfd5-b554458c21eb\" data-dt-img-description=\"\" data-large_image_width=\"2000\" data-large_image_height=\"1500\"href='https:\/\/www.radiopiu.net\/wordpress\/wp-content\/uploads\/2023\/02\/d099cef0-3887-45e9-bfd5-b554458c21eb.jpg'><img loading=\"lazy\" decoding=\"async\" width=\"150\" height=\"150\" src=\"https:\/\/www.radiopiu.net\/wordpress\/wp-content\/uploads\/2023\/02\/d099cef0-3887-45e9-bfd5-b554458c21eb-150x150.jpg\" class=\"attachment-thumbnail size-thumbnail\" alt=\"\" \/><\/a>\n\t\t\t\t<\/dt><\/dl><dl class='gallery-item'>\n\t\t\t\t<dt class='gallery-icon landscape'>\n\t\t\t\t\t<a class=\"rollover rollover-zoom dt-pswp-item\" title=\"2ab512ca-7e68-4fc3-89b1-fdcbd6528208\" data-dt-img-description=\"\" data-large_image_width=\"2000\" data-large_image_height=\"1500\"href='https:\/\/www.radiopiu.net\/wordpress\/wp-content\/uploads\/2023\/02\/2ab512ca-7e68-4fc3-89b1-fdcbd6528208.jpg'><img loading=\"lazy\" decoding=\"async\" width=\"150\" height=\"150\" src=\"https:\/\/www.radiopiu.net\/wordpress\/wp-content\/uploads\/2023\/02\/2ab512ca-7e68-4fc3-89b1-fdcbd6528208-150x150.jpg\" class=\"attachment-thumbnail size-thumbnail\" alt=\"\" \/><\/a>\n\t\t\t\t<\/dt><\/dl><dl class='gallery-item'>\n\t\t\t\t<dt class='gallery-icon landscape'>\n\t\t\t\t\t<a class=\"rollover rollover-zoom dt-pswp-item\" title=\"5d629bb2-84ed-43a0-8227-5239a0bfe5c5\" data-dt-img-description=\"\" data-large_image_width=\"2000\" data-large_image_height=\"1500\"href='https:\/\/www.radiopiu.net\/wordpress\/wp-content\/uploads\/2023\/02\/5d629bb2-84ed-43a0-8227-5239a0bfe5c5.jpg'><img loading=\"lazy\" decoding=\"async\" width=\"150\" height=\"150\" src=\"https:\/\/www.radiopiu.net\/wordpress\/wp-content\/uploads\/2023\/02\/5d629bb2-84ed-43a0-8227-5239a0bfe5c5-150x150.jpg\" class=\"attachment-thumbnail size-thumbnail\" alt=\"\" \/><\/a>\n\t\t\t\t<\/dt><\/dl><br style=\"clear: both\" \/>\n\t\t\t<\/div>\n\n<p>&nbsp;<\/p>\n","protected":false},"excerpt":{"rendered":"<p>VOLTAGO Incontro istruttivo quello organizzato dall&#8217;Auser a Voltago. Il tema di grande attualit\u00e0, purtroppo, ovvero le truffe agli anziani, in tutte le forme. Come prevenirle, come evitarle, questi i sapienti consigli impartiti dal Comandante dei Carabinieri di Belluno, \u00a0Colonnello Enrico Pigozzo (foto). in un&#8217;affollata sala dove i diversamente giovani hanno potuto prendere nota di come&hellip;<\/p>\n","protected":false},"author":4,"featured_media":323374,"comment_status":"closed","ping_status":"closed","sticky":false,"template":"","format":"standard","meta":{"_monsterinsights_skip_tracking":false,"_monsterinsights_sitenote_active":false,"_monsterinsights_sitenote_note":"","_monsterinsights_sitenote_category":0,"footnotes":""},"categories":[51,49],"tags":[],"class_list":["post-323386","post","type-post","status-publish","format-standard","has-post-thumbnail","hentry","category-evidenza-top","category-news-18","category-51","category-49","description-off"],"img_url":"https:\/\/www.radiopiu.net\/wordpress\/wp-content\/uploads\/2023\/02\/2ab512ca-7e68-4fc3-89b1-fdcbd6528208.jpg","_links":{"self":[{"href":"https:\/\/www.radiopiu.net\/wordpress\/wp-json\/wp\/v2\/posts\/323386","targetHints":{"allow":["GET"]}}],"collection":[{"href":"https:\/\/www.radiopiu.net\/wordpress\/wp-json\/wp\/v2\/posts"}],"about":[{"href":"https:\/\/www.radiopiu.net\/wordpress\/wp-json\/wp\/v2\/types\/post"}],"author":[{"embeddable":true,"href":"https:\/\/www.radiopiu.net\/wordpress\/wp-json\/wp\/v2\/users\/4"}],"replies":[{"embeddable":true,"href":"https:\/\/www.radiopiu.net\/wordpress\/wp-json\/wp\/v2\/comments?post=323386"}],"version-history":[{"count":0,"href":"https:\/\/www.radiopiu.net\/wordpress\/wp-json\/wp\/v2\/posts\/323386\/revisions"}],"wp:featuredmedia":[{"embeddable":true,"href":"https:\/\/www.radiopiu.net\/wordpress\/wp-json\/wp\/v2\/media\/323374"}],"wp:attachment":[{"href":"https:\/\/www.radiopiu.net\/wordpress\/wp-json\/wp\/v2\/media?parent=323386"}],"wp:term":[{"taxonomy":"category","embeddable":true,"href":"https:\/\/www.radiopiu.net\/wordpress\/wp-json\/wp\/v2\/categories?post=323386"},{"taxonomy":"post_tag","embeddable":true,"href":"https:\/\/www.radiopiu.net\/wordpress\/wp-json\/wp\/v2\/tags?post=323386"}],"curies":[{"name":"wp","href":"https:\/\/api.w.org\/{rel}","templated":true}]}}