{"id":323430,"date":"2023-02-24T05:41:07","date_gmt":"2023-02-24T04:41:07","guid":{"rendered":"https:\/\/www.radiopiu.net\/wordpress\/?p=323430"},"modified":"2023-02-24T06:57:39","modified_gmt":"2023-02-24T05:57:39","slug":"giornale-radiopiu-24-febbraio-2023-direttore-mirko-mezzacasa-verso-i-40-anni-25-giugno-1983-25-giugno-2023","status":"publish","type":"post","link":"https:\/\/www.radiopiu.net\/wordpress\/giornale-radiopiu-24-febbraio-2023-direttore-mirko-mezzacasa-verso-i-40-anni-25-giugno-1983-25-giugno-2023\/","title":{"rendered":"GIORNALE RADIOPIU 24 FEBBRAIO 2023 DIRETTORE MIRKO MEZZACASA&#8230;verso i 40 anni 25 giugno 1983-25 giugno 2023"},"content":{"rendered":"<h3><span style=\"color: #000000;\"><img decoding=\"async\" class=\"aligncenter\" src=\"https:\/\/www.radiopiu.net\/wordpress\/wp-content\/uploads\/2023\/02\/Senza-nome-56.jpg\" \/><\/span><\/h3>\n<h3><span style=\"color: #000000;\">speciale Agordo-Dolomieu. IL GEMELLAGGIO OGGI ALLA RADIO ALLE 16.30, LO SPECIALE. OSPITI IN STUDIO: CLAUDIA CATTADORI E FABRIZIO CAMPEDEL<\/span><\/h3>\n<h3><\/h3>\n<h3 class=\"kvgmc6g5 cxmmr5t8 oygrvhab hcukyx3x c1et5uql\"><span style=\"color: #0000ff;\"><strong>RADIO PIU INFORMAZIONE il canale su TELEGRAM informazione di prima\u00a0 <\/strong><strong>mano e in tempo reale. iscriviti ed aiutaci a farlo conoscere\u00a0 \u00a0\u00a0<\/strong><\/span><\/h3>\n<h2 style=\"text-align: left;\"><span style=\"color: #ff0000;\">ISCRIVITI AL NOSTRO CANALE YOUTUBE PER SEGUIRE IN DIRETTA I PRINCIPALI PROGRAMMI DI RADIO PIU&#8217; E LE FUTURE DIRETTE IN ESTERNA. PER ISCRIVERTI <a style=\"color: #ff0000;\" href=\"https:\/\/youtube.com\/@radiopiu1527\">CLICCA QUI<\/a> E PREMI IL TASTO &#8220;Iscriviti&#8221;\u00a0<\/span><\/h2>\n<h2 style=\"text-align: left;\"><span style=\"color: #ff0000;\">\u00a0\u00a0<\/span><\/h2>\n<hr \/>\n<p>&nbsp;<\/p>\n<p>&nbsp;<\/p>\n<blockquote>\n<h2>OGGI L&#8217;ADDIO AD EMILIO, PUNTO DI RIFERIMENTO IN MARMOLADA<\/h2>\n<\/blockquote>\n<p><strong><a class=\"dt-pswp-item\" href=\"https:\/\/www.radiopiu.net\/wordpress\/wp-content\/uploads\/2023\/02\/Senza-nome-60.jpg\" data-dt-img-description=\"\" data-large_image_width=\"135\" data-large_image_height=\"134\"><img loading=\"lazy\" decoding=\"async\" class=\"size-full wp-image-323613 alignleft\" src=\"https:\/\/www.radiopiu.net\/wordpress\/wp-content\/uploads\/2023\/02\/Senza-nome-60.jpg\" alt=\"\" width=\"135\" height=\"134\" \/><\/a>ROCCA PIETORE<\/strong> E&#8217; mancato Emilio Sirena, 61 anni compiuti il 31 marzo di un anno fa, la malattia ha avuto il sopravvento.\u00a0 Uomo della Funivie Marmolada\u00a0 dal\u00a0 1979 , fi da subito vice caposervizio. La passione \u00e8 stata poi trasmessa al l figlio Omar, che da anni fa lo stesso lavoro per la societ\u00e0 Tofana Srl.\u00a0 Emilio era anche volontario dell&#8217;Ambulanza della Croce Verde di Alleghe. I funerali di Emilio Sirena si svolgeranno questo pomeriggio nel santuario di Santa Maria Delle Grazie alle ore 14,30. Emilio lascia la moglie Lucia i figli Ivan e Omar con Elisa, Kathrin e Francesco. Dalla famiglia un ringraziamento alla dottoressa Corazzin, alla dottoressa Arcangioli, a Giulia e Laura<\/p>\n<p>&nbsp;<\/p>\n<p>&nbsp;<\/p>\n<hr \/>\n<p>&nbsp;<\/p>\n<p>&nbsp;<\/p>\n<blockquote>\n<h2>E&#8217; MANCATO IL TALENTUOSO SCULTORE LEONARDO TRAMONTIN<\/h2>\n<\/blockquote>\n<blockquote><p><em><img decoding=\"async\" class=\"alignleft\" src=\"https:\/\/www.radiopiu.net\/wordpress\/wp-content\/uploads\/2023\/02\/Senza-nome-62.jpg\" \/>lascia la moglie Francesca, la mamma Daria e il fratello Lorenzo. Il funerale \u00e8 stato fissato per\u00a0 domani alle 14.30 alla chiesa parrocchiale di <strong>Cavarzano<\/strong>.<\/em><\/p><\/blockquote>\n<p><strong>BELLUNO<\/strong> Si \u00e8 spento serenamente Leonardo Tramontin\u00a0 uno degli scultori pi\u00f9 talentuosi e dotati della provincia di Belluno. Cinquantaquattro anni, Tramontin ha fatto dell\u2019arte la sua vita, anche lavorativa. Si era diplomato al Liceo Artistico e successivamente all\u2019Accademia delle Belle Arti di Venezia, si \u00e8 dedicato all\u2019insegnamento, tra gli altri negli istituti d\u2019arte di Cencenighe, di Vittorio Veneto e di Treviso. Tramontin aveva vinto il suo primo premio a Puos d\u2019Alpago nel 1989 in un simposio di sculture su ghiaccio, ma \u00e8 stato solo il primo di una lunga serie di riconoscimenti. Il grande pubblico bellunese lo ricorda soprattutto all\u2019ex tempore di San Martino, in cui \u00e8 stato premiato pi\u00f9 volte.<\/p>\n<p>&nbsp;<\/p>\n<p>&nbsp;<\/p>\n<hr \/>\n<p>&nbsp;<\/p>\n<blockquote>\n<h3>OGGI I FUNERALI DI CARLO SOPPELSA<\/h3>\n<\/blockquote>\n<p><strong><a class=\"dt-pswp-item\" href=\"https:\/\/www.radiopiu.net\/wordpress\/wp-content\/uploads\/2023\/02\/carlo.jpg\" data-dt-img-description=\"\" data-large_image_width=\"193\" data-large_image_height=\"250\"><img loading=\"lazy\" decoding=\"async\" class=\"wp-image-323460 alignleft\" src=\"https:\/\/www.radiopiu.net\/wordpress\/wp-content\/uploads\/2023\/02\/carlo.jpg\" alt=\"\" width=\"117\" height=\"152\" \/><\/a>AGORDO<\/strong> Una dipartita improvvisa ha lasciato nel dolore la moglie Martina, i figli Damiano e Moreno con le nuore Francesca e Valentina, i nipoti Maurizio, Claudia e Lorenzo, la sorella Bruna. Carlo Soppelsa volto noto in frazione Rif ad Agordo \u00e8 mancato all&#8217;et\u00e0 di 78 anni. I funerali OGGI\u00a0 alle 14 nell&#8217;Arcidiaconale di Agordo. Un sentito messaggio di cordoglio alla famiglia dalla redazione di RADIOPIU<\/p>\n<p>&nbsp;<\/p>\n<p>&nbsp;<\/p>\n<p>&nbsp;<\/p>\n<p>&nbsp;<\/p>\n<hr \/>\n<p style=\"text-align: left;\"><span style=\"color: #ff0000;\">\u00a0<\/span><\/p>\n<blockquote>\n<h3 style=\"text-align: left;\"><span style=\"color: #000000;\">LA PREOCCUPAZIONE IN CONSIGLIO COMUNALE DI AGORDO PER\u00a0 LO SHOPPING LUXOTTICA<\/span><\/h3>\n<\/blockquote>\n<p><strong><a class=\"dt-pswp-item\" href=\"https:\/\/www.radiopiu.net\/wordpress\/wp-content\/uploads\/2022\/12\/MUNICIPIO-AGORDO.png\" data-dt-img-description=\"\" data-large_image_width=\"1890\" data-large_image_height=\"1210\"><img loading=\"lazy\" decoding=\"async\" class=\" wp-image-309882 alignleft\" src=\"https:\/\/www.radiopiu.net\/wordpress\/wp-content\/uploads\/2022\/12\/MUNICIPIO-AGORDO-300x192.png\" alt=\"\" width=\"192\" height=\"123\" srcset=\"https:\/\/www.radiopiu.net\/wordpress\/wp-content\/uploads\/2022\/12\/MUNICIPIO-AGORDO-300x192.png 300w, https:\/\/www.radiopiu.net\/wordpress\/wp-content\/uploads\/2022\/12\/MUNICIPIO-AGORDO-1024x656.png 1024w, https:\/\/www.radiopiu.net\/wordpress\/wp-content\/uploads\/2022\/12\/MUNICIPIO-AGORDO-768x492.png 768w, https:\/\/www.radiopiu.net\/wordpress\/wp-content\/uploads\/2022\/12\/MUNICIPIO-AGORDO-1536x983.png 1536w, https:\/\/www.radiopiu.net\/wordpress\/wp-content\/uploads\/2022\/12\/MUNICIPIO-AGORDO.png 1890w\" sizes=\"auto, (max-width: 192px) 100vw, 192px\" \/><\/a>AGORDO<\/strong><\/p>\n<p>di Gianni Santomaso<\/p>\n<audio class=\"wp-audio-shortcode\" id=\"audio-323430-1\" preload=\"none\" style=\"width: 100%;\" controls=\"controls\"><source type=\"audio\/mpeg\" src=\"https:\/\/www.radiopiu.net\/wordpress\/wp-content\/uploads\/2023\/02\/GIANNI-LA-PREOCCUPAZIONE-IN-CONSIGLIO-COMUNALE-DI-AGORDO-PER-IL-POSSIBILE-ACQUISTO-DELLA-FARMACIA-FAVRETTI-DA-PARTE-DI-LUXOTTICA.mp3?_=1\" \/><a href=\"https:\/\/www.radiopiu.net\/wordpress\/wp-content\/uploads\/2023\/02\/GIANNI-LA-PREOCCUPAZIONE-IN-CONSIGLIO-COMUNALE-DI-AGORDO-PER-IL-POSSIBILE-ACQUISTO-DELLA-FARMACIA-FAVRETTI-DA-PARTE-DI-LUXOTTICA.mp3\">https:\/\/www.radiopiu.net\/wordpress\/wp-content\/uploads\/2023\/02\/GIANNI-LA-PREOCCUPAZIONE-IN-CONSIGLIO-COMUNALE-DI-AGORDO-PER-IL-POSSIBILE-ACQUISTO-DELLA-FARMACIA-FAVRETTI-DA-PARTE-DI-LUXOTTICA.mp3<\/a><\/audio>\n<p>&nbsp;<\/p>\n<hr \/>\n<p>&nbsp;<\/p>\n<blockquote>\n<h3>LUXOTTICA, ANNO RECORD PER FATTURATO E UTILE<\/h3>\n<\/blockquote>\n<p><strong><img loading=\"lazy\" decoding=\"async\" class=\"alignleft\" src=\"https:\/\/www.radiopiu.net\/wordpress\/wp-content\/uploads\/2022\/10\/6c6e8841-fa5f-4394-b3a6-3b87d31aaee5.jpg\" width=\"247\" height=\"139\" \/>AGORDO\u00a0<\/strong>Un 2022 da ricordare, un altro anno da ricordare per il colosso dell&#8217;occhiale. Il consiglio di amministrazione presentando il bilancio ha sottolineato\u00a0 che il fatturato \u00e8 in crescita del 9,4% rispetto al 2021,. Oltre 24 miliardi di fatturato nel 2022, rispetto all&#8217;anno prima un aumento che sfiora il 14%. Cresce il margine operativo,\u00a0 cresce di 70 punti attestandosi al 17%, salgono le vendite in negozio del 7,7% con un dividendo (proposto) di 3,23 euro, in aumento del 28% rispetto al 2021.<strong><br \/>\n<\/strong><\/p>\n<p>Francesco Milleri, Presidente e Amministratore Delegato di EssilorLuxottica, e Paul du Saillant, Vice<br \/>\nAmministratore Delegato del Gruppo, hanno commentato: <em>\u201cCon un fatturato record a 24,5 miliardi di Euro e innovazioni di prodotto rilevanti, nel 2022 abbiamo dimostrato quali traguardi pu\u00f2 raggiungere un\u2019azienda solida e integrata come EssilorLuxottica. Il nostro compianto Presidente, Leonardo Del Vecchio, sarebbe stato orgoglioso dei risultati ottenuti in tutte le aree geografiche e del legame sempre pi\u00f9 profondo con le nostre persone e i clienti ottici. Anche per questo, il nostro pensiero va oggi ai nostri dipendenti e ai partner in Turchia e alle popolazioni turca e siriana colpite dai recenti terremoti.\u00a0\u00a0<\/em><\/p>\n<p>&nbsp;<\/p>\n<hr \/>\n<p>&nbsp;<\/p>\n<blockquote>\n<h3>IL PIAVE DI COLORE VERDE MA NON PER CAUSE NATURALI<\/h3>\n<\/blockquote>\n<blockquote><p><em>L&#8217;auspicio:\u00a0 che non si tratti di una sostanza tossica e dannosa per la fauna ittica.<\/em><\/p><\/blockquote>\n<p><strong><a class=\"dt-pswp-item\" href=\"https:\/\/www.radiopiu.net\/wordpress\/wp-content\/uploads\/2023\/02\/331422761_549987170444589_106574893747198952_n-1.jpg\" data-dt-img-description=\"\" data-large_image_width=\"600\" data-large_image_height=\"338\"><img loading=\"lazy\" decoding=\"async\" class=\" wp-image-323622 alignleft\" src=\"https:\/\/www.radiopiu.net\/wordpress\/wp-content\/uploads\/2023\/02\/331422761_549987170444589_106574893747198952_n-1-300x169.jpg\" alt=\"\" width=\"215\" height=\"121\" srcset=\"https:\/\/www.radiopiu.net\/wordpress\/wp-content\/uploads\/2023\/02\/331422761_549987170444589_106574893747198952_n-1-300x169.jpg 300w, https:\/\/www.radiopiu.net\/wordpress\/wp-content\/uploads\/2023\/02\/331422761_549987170444589_106574893747198952_n-1.jpg 600w\" sizes=\"auto, (max-width: 215px) 100vw, 215px\" \/><\/a>SAN PIETRO\u00a0<\/strong> Da ieri pomeriggio Piave di colore verde, ad un centinaio di metri dalla confluenza del Piave di Visdende con quello che scende da Sappada. Quale il motivo? Lo chiariranno gli esperti da ieri sul posto: agenti di sorveglianza,\u00a0 dirigenti del Bacino di pesca del Comelico, il sindaco di Villa Poli, i tecnici di Arpav, i carabinieri e i\u00a0 forestali. Escluse le cause naturali. Il Bacino di pesca \u00e8 pronto a riservarsi di tutelare il bene pubblico con tutte le azioni e in tutte le sedi. In passato\u00a0 riscontrati sversamenti di liquame, ma mai\u00a0 cos\u00ec<br \/>\nfoto facebook <span class=\"xt0psk2\"><a class=\"x1i10hfl xjbqb8w x6umtig x1b1mbwd xaqea5y xav7gou x9f619 x1ypdohk xt0psk2 xe8uvvx xdj266r x11i5rnm xat24cr x1mh8g0r xexx8yu x4uap5 x18d9i69 xkhd6sd x16tdsg8 x1hl2dhg xggy1nq x1a2a7pz xt0b8zv xzsf02u x1s688f\" tabindex=\"0\" role=\"link\" href=\"https:\/\/www.facebook.com\/de.candido.roberto?__cft__[0]=AZW0K8JCAI06-vQi3OwGQzhTePvEtu-mXVRHd4x-A-1SjwIoIAI8FMwfqgCg_18nj-6TKIO31FuYz0Zclrl_K7CRS9jnPuvCjWI9B4KdFTiEoA&amp;__tn__=-UC%2CP-R\"><strong>Roberto Roby De Candido<\/strong><\/a><\/span><\/p>\n<p><strong>IL VIDEO DA FACEBOOK<\/strong> DI <span class=\"xt0psk2\"><a class=\"x1i10hfl xjbqb8w x6umtig x1b1mbwd xaqea5y xav7gou x9f619 x1ypdohk xt0psk2 xe8uvvx xdj266r x11i5rnm xat24cr x1mh8g0r xexx8yu x4uap5 x18d9i69 xkhd6sd x16tdsg8 x1hl2dhg xggy1nq x1a2a7pz xt0b8zv xzsf02u x1s688f\" tabindex=\"0\" role=\"link\" href=\"https:\/\/www.facebook.com\/virginio.cescogaspere?__cft__[0]=AZVrq5FDr_kUZsWpcoRzjy8R1mkLuvdQre4u4mj5RReDCavGApKB9UuTTOBXV0pVAx7smZuOANSeY88hyb3K8umKDZkPMjOn4xtCBi6SGtNWuyvqdry14TgGOAKciXJ8Rdo&amp;__tn__=-UC-R\"><strong>Virginio Cescogaspere<\/strong><\/a><\/span><\/p>\n<p>https:\/\/www.facebook.com\/virginio.cescogaspere\/videos\/754397619281707<\/p>\n<p>&nbsp;<\/p>\n<p>&nbsp;<\/p>\n<hr \/>\n<p>&nbsp;<\/p>\n<blockquote>\n<h3>MORI DOPO LO SCHIANTO, IL PUBBLICO MINISTERO VUOLE IL PROCESSO<\/h3>\n<p><strong>OGGI SUL CORRIERE DELLE ALPI, DI GIGI SOSSO<\/strong><\/p><\/blockquote>\n<p style=\"text-align: left;\"><strong><a class=\"dt-pswp-item\" href=\"https:\/\/www.radiopiu.net\/wordpress\/wp-content\/uploads\/2023\/02\/Senza-nome-61.jpg\" data-dt-img-description=\"\" data-large_image_width=\"54\" data-large_image_height=\"73\"><img loading=\"lazy\" decoding=\"async\" class=\" wp-image-323626 alignleft\" src=\"https:\/\/www.radiopiu.net\/wordpress\/wp-content\/uploads\/2023\/02\/Senza-nome-61.jpg\" alt=\"\" width=\"67\" height=\"91\" \/><\/a>BELLUNO\u00a0<\/strong> Mor\u00ec quattro giorni dopo lo schianto in via Feltre. Il sostituto procuratore Marta Tollardo ha chiuso le indagini sul decesso di Angelo De Paoli e chieder\u00e0 il rinvio a giudizio di A. L., il 28enne di Belluno che l&#8217;11 maggio dello scorso anno era alla guida della Nissan Micra, che si scontr\u00f2 con la Suzuki dell&#8217;85enne fondatore della Ceramica Dolomite. L&#8217;impatto avvenne davanti all&#8217;istituto Sperti. L&#8217;ipotesi di reato \u00e8 quella di omicidio stradale, sulla base dei rilievi svolti dalla pattuglia della polizia, che hanno chiarito la dinamica dell&#8217;incidente. La scomparsa di De Paoli aveva provocato una grande commozione, non solo in citt\u00e0 dove abitava, ma anche in Sinistra Piave e in tutto il resto della provincia. Il suo nome \u00e8 legato in maniera indissolubile alla storia industriale della Valbelluna. Era stato proprio lui, insieme ai due soci Attilio Bandiera e Aldo Pessot, a fondare la Ceramica Dolomite di Trichiana nell&#8217;anno 1965.<\/p>\n<p>&nbsp;<\/p>\n<p><a class=\"dt-pswp-item\" href=\"https:\/\/www.radiopiu.net\/wordpress\/wp-content\/uploads\/2023\/02\/AAAAA.jpg\" data-dt-img-description=\"\" data-large_image_width=\"487\" data-large_image_height=\"312\"><img loading=\"lazy\" decoding=\"async\" class=\"size-medium wp-image-323627 aligncenter\" src=\"https:\/\/www.radiopiu.net\/wordpress\/wp-content\/uploads\/2023\/02\/AAAAA-300x192.jpg\" alt=\"\" width=\"300\" height=\"192\" srcset=\"https:\/\/www.radiopiu.net\/wordpress\/wp-content\/uploads\/2023\/02\/AAAAA-300x192.jpg 300w, https:\/\/www.radiopiu.net\/wordpress\/wp-content\/uploads\/2023\/02\/AAAAA.jpg 487w\" sizes=\"auto, (max-width: 300px) 100vw, 300px\" \/><\/a><\/p>\n<p>&nbsp;<\/p>\n<p>&nbsp;<\/p>\n<p>&nbsp;<\/p>\n<hr \/>\n<p>&nbsp;<\/p>\n<p>&nbsp;<\/p>\n<blockquote>\n<h3><a class=\"dt-pswp-item\" href=\"https:\/\/www.radiopiu.net\/wordpress\/wp-content\/uploads\/2020\/06\/80c303ed-9a2e-49f0-8b20-3dd5e061bbf3.jpg\" data-dt-img-description=\"\" data-large_image_width=\"1280\" data-large_image_height=\"960\"><img loading=\"lazy\" decoding=\"async\" class=\"wp-image-145520 alignleft\" src=\"https:\/\/www.radiopiu.net\/wordpress\/wp-content\/uploads\/2020\/06\/80c303ed-9a2e-49f0-8b20-3dd5e061bbf3-300x225.jpg\" alt=\"\" width=\"160\" height=\"120\" srcset=\"https:\/\/www.radiopiu.net\/wordpress\/wp-content\/uploads\/2020\/06\/80c303ed-9a2e-49f0-8b20-3dd5e061bbf3-300x225.jpg 300w, https:\/\/www.radiopiu.net\/wordpress\/wp-content\/uploads\/2020\/06\/80c303ed-9a2e-49f0-8b20-3dd5e061bbf3-1024x768.jpg 1024w, https:\/\/www.radiopiu.net\/wordpress\/wp-content\/uploads\/2020\/06\/80c303ed-9a2e-49f0-8b20-3dd5e061bbf3-768x576.jpg 768w, https:\/\/www.radiopiu.net\/wordpress\/wp-content\/uploads\/2020\/06\/80c303ed-9a2e-49f0-8b20-3dd5e061bbf3.jpg 1280w\" sizes=\"auto, (max-width: 160px) 100vw, 160px\" \/><\/a>CALALZO-BELLUNO, PULLMAN IN ANTICIPO<\/h3>\n<\/blockquote>\n<p><strong>BELLUNO<\/strong> Da luned\u00ec 27 febbraio, anche le corse integrative Trenitalia, effettuate da Dolomiti Bus sulla tratta Calalzo \u2013 Belluno della linea n. 9, saranno modificate. In particolare, la corsa 11.08 Calalzo \u2013 Belluno 12.08 sar\u00e0 anticipata alle 10.58 con arrivo a Belluno alle 12.02. La corsa 14.15 Calalzo \u2013 Belluno 15.08 sar\u00e0 anticipata alle 13.58 con arrivo a Belluno alle 15.02. E la corsa 16.13 Calalzo \u2013 Belluno 17.08 partir\u00e0 alle ore 15.58 con arrivo a Belluno alle 17.02<\/p>\n<p>&nbsp;<\/p>\n<p>&nbsp;<\/p>\n<hr \/>\n<p>&nbsp;<\/p>\n<blockquote>\n<h3>24 FEBBRAIO 2023: BUON COMPLEANNO PROTEZIONE CIVILE.<\/h3>\n<\/blockquote>\n<p><strong>VENEZIA<\/strong> Buon compleanno alla Protezione Civile: ieri, le 516 associazioni del Veneto hanno spento 31 candeline insieme a tutti i volontari e le volontarie d\u2019Italia, ricordando cos\u00ec la Legge 225\/1992 con cui \u00e8 stato istituito e regolamentato il sistema di Protezione Civile.<\/p>\n<p><strong>L&#8217;ASSESSORE REGIONALE ALLA PROTEZIONE CIVILE, GIANPAOLO BOTTACIN<\/strong><\/p>\n<div style=\"width: 1200px;\" class=\"wp-video\"><video class=\"wp-video-shortcode\" id=\"video-323430-1\" width=\"1200\" height=\"675\" preload=\"metadata\" controls=\"controls\"><source type=\"video\/mp4\" src=\"https:\/\/www.radiopiu.net\/wordpress\/wp-content\/uploads\/2023\/02\/Gianpaolo-Bottacin-assessore-veneto-PC.mp4?_=1\" \/><a href=\"https:\/\/www.radiopiu.net\/wordpress\/wp-content\/uploads\/2023\/02\/Gianpaolo-Bottacin-assessore-veneto-PC.mp4\">https:\/\/www.radiopiu.net\/wordpress\/wp-content\/uploads\/2023\/02\/Gianpaolo-Bottacin-assessore-veneto-PC.mp4<\/a><\/video><\/div>\n<p>&nbsp;<\/p>\n<h1>FOTO<\/h1>\n\n\t\t\t<style type='text\/css'>\n\t\t\t\t#gallery-1 {\n\t\t\t\t\tmargin: auto;\n\t\t\t\t}\n\t\t\t\t#gallery-1 .gallery-item {\n\t\t\t\t\tfloat: left;\n\t\t\t\t\tmargin-top: 10px;\n\t\t\t\t\ttext-align: center;\n\t\t\t\t\twidth: 50%;\n\t\t\t\t}\n\t\t\t\t#gallery-1 img {\n\t\t\t\t\tborder: 2px solid #cfcfcf;\n\t\t\t\t}\n\t\t\t\t#gallery-1 .gallery-caption {\n\t\t\t\t\tmargin-left: 0;\n\t\t\t\t}\n\t\t\t\t\/* see gallery_shortcode() in wp-includes\/media.php *\/\n\t\t\t<\/style>\n\t\t<div id='gallery-1' class='dt-gallery-container gallery galleryid-323430 gallery-columns-2 gallery-size-medium'><dl class='gallery-item'>\n\t\t\t\t<dt class='gallery-icon landscape'>\n\t\t\t\t\t<a class=\"rollover rollover-zoom dt-pswp-item\" title=\"2T5A1321\" data-dt-img-description=\"\" data-large_image_width=\"2560\" data-large_image_height=\"1708\"href='https:\/\/www.radiopiu.net\/wordpress\/wp-content\/uploads\/2023\/02\/2T5A1321-scaled.jpg'><img loading=\"lazy\" decoding=\"async\" width=\"300\" height=\"200\" src=\"https:\/\/www.radiopiu.net\/wordpress\/wp-content\/uploads\/2023\/02\/2T5A1321-300x200.jpg\" class=\"attachment-medium size-medium\" alt=\"\" srcset=\"https:\/\/www.radiopiu.net\/wordpress\/wp-content\/uploads\/2023\/02\/2T5A1321-300x200.jpg 300w, https:\/\/www.radiopiu.net\/wordpress\/wp-content\/uploads\/2023\/02\/2T5A1321-1024x683.jpg 1024w, https:\/\/www.radiopiu.net\/wordpress\/wp-content\/uploads\/2023\/02\/2T5A1321-768x512.jpg 768w, https:\/\/www.radiopiu.net\/wordpress\/wp-content\/uploads\/2023\/02\/2T5A1321-1536x1025.jpg 1536w, https:\/\/www.radiopiu.net\/wordpress\/wp-content\/uploads\/2023\/02\/2T5A1321-2048x1366.jpg 2048w\" sizes=\"auto, (max-width: 300px) 100vw, 300px\" \/><\/a>\n\t\t\t\t<\/dt><\/dl><dl class='gallery-item'>\n\t\t\t\t<dt class='gallery-icon landscape'>\n\t\t\t\t\t<a class=\"rollover rollover-zoom dt-pswp-item\" title=\"2T5A1319\" data-dt-img-description=\"\" data-large_image_width=\"2560\" data-large_image_height=\"1708\"href='https:\/\/www.radiopiu.net\/wordpress\/wp-content\/uploads\/2023\/02\/2T5A1319-scaled.jpg'><img loading=\"lazy\" decoding=\"async\" width=\"300\" height=\"200\" src=\"https:\/\/www.radiopiu.net\/wordpress\/wp-content\/uploads\/2023\/02\/2T5A1319-300x200.jpg\" class=\"attachment-medium size-medium\" alt=\"\" srcset=\"https:\/\/www.radiopiu.net\/wordpress\/wp-content\/uploads\/2023\/02\/2T5A1319-300x200.jpg 300w, https:\/\/www.radiopiu.net\/wordpress\/wp-content\/uploads\/2023\/02\/2T5A1319-1024x683.jpg 1024w, https:\/\/www.radiopiu.net\/wordpress\/wp-content\/uploads\/2023\/02\/2T5A1319-768x512.jpg 768w, https:\/\/www.radiopiu.net\/wordpress\/wp-content\/uploads\/2023\/02\/2T5A1319-1536x1025.jpg 1536w, https:\/\/www.radiopiu.net\/wordpress\/wp-content\/uploads\/2023\/02\/2T5A1319-2048x1366.jpg 2048w\" sizes=\"auto, (max-width: 300px) 100vw, 300px\" \/><\/a>\n\t\t\t\t<\/dt><\/dl><br style=\"clear: both\" \/>\n\t\t\t<\/div>\n\n<p>&nbsp;<\/p>\n<p>&nbsp;<\/p>\n<p>&nbsp;<\/p>\n<hr \/>\n<p>&nbsp;<\/p>\n<blockquote>\n<h3>IL SOCCORSO ALPINO CHIEDE DI STABILIZZARE L&#8217;ATTIVITA&#8217; DEL SECONDO ELICOTTERO DI SOCCORSO<\/h3>\n<\/blockquote>\n<p><strong><a class=\"dt-pswp-item\" href=\"https:\/\/www.radiopiu.net\/wordpress\/wp-content\/uploads\/2020\/06\/ELICOTTERO-SUEM.jpg\" data-dt-img-description=\"\" data-large_image_width=\"1368\" data-large_image_height=\"765\"><img loading=\"lazy\" decoding=\"async\" class=\" wp-image-142190 alignleft\" src=\"https:\/\/www.radiopiu.net\/wordpress\/wp-content\/uploads\/2020\/06\/ELICOTTERO-SUEM-300x168.jpg\" alt=\"\" width=\"205\" height=\"115\" srcset=\"https:\/\/www.radiopiu.net\/wordpress\/wp-content\/uploads\/2020\/06\/ELICOTTERO-SUEM-300x168.jpg 300w, https:\/\/www.radiopiu.net\/wordpress\/wp-content\/uploads\/2020\/06\/ELICOTTERO-SUEM-1024x573.jpg 1024w, https:\/\/www.radiopiu.net\/wordpress\/wp-content\/uploads\/2020\/06\/ELICOTTERO-SUEM-768x429.jpg 768w, https:\/\/www.radiopiu.net\/wordpress\/wp-content\/uploads\/2020\/06\/ELICOTTERO-SUEM.jpg 1368w\" sizes=\"auto, (max-width: 205px) 100vw, 205px\" \/><\/a>BELLUNO<\/strong><\/p>\n<p>di Moreno Gioli<\/p>\n<audio class=\"wp-audio-shortcode\" id=\"audio-323430-2\" preload=\"none\" style=\"width: 100%;\" controls=\"controls\"><source type=\"audio\/mpeg\" src=\"https:\/\/www.radiopiu.net\/wordpress\/wp-content\/uploads\/2023\/02\/GIOLI-secondo-elicottero-cnsas.mp3?_=2\" \/><a href=\"https:\/\/www.radiopiu.net\/wordpress\/wp-content\/uploads\/2023\/02\/GIOLI-secondo-elicottero-cnsas.mp3\">https:\/\/www.radiopiu.net\/wordpress\/wp-content\/uploads\/2023\/02\/GIOLI-secondo-elicottero-cnsas.mp3<\/a><\/audio>\n<p>&nbsp;<\/p>\n<hr \/>\n<p>&nbsp;<\/p>\n<blockquote>\n<h3>SINDACI DI BELLUNO E FELTRE A COLLOQUIO CON L&#8217;ASSESSORE MANUELA LANZARIN<\/h3>\n<\/blockquote>\n<p><strong><a class=\"dt-pswp-item\" href=\"https:\/\/www.radiopiu.net\/wordpress\/wp-content\/uploads\/2021\/02\/LANZARIN.png\" data-dt-img-description=\"\" data-large_image_width=\"1092\" data-large_image_height=\"1014\"><img loading=\"lazy\" decoding=\"async\" class=\" wp-image-194081 alignleft\" src=\"https:\/\/www.radiopiu.net\/wordpress\/wp-content\/uploads\/2021\/02\/LANZARIN-300x279.png\" alt=\"\" width=\"220\" height=\"205\" srcset=\"https:\/\/www.radiopiu.net\/wordpress\/wp-content\/uploads\/2021\/02\/LANZARIN-300x279.png 300w, https:\/\/www.radiopiu.net\/wordpress\/wp-content\/uploads\/2021\/02\/LANZARIN-1024x951.png 1024w, https:\/\/www.radiopiu.net\/wordpress\/wp-content\/uploads\/2021\/02\/LANZARIN-768x713.png 768w, https:\/\/www.radiopiu.net\/wordpress\/wp-content\/uploads\/2021\/02\/LANZARIN.png 1092w\" sizes=\"auto, (max-width: 220px) 100vw, 220px\" \/><\/a>BELLUNO\u00a0<\/strong> Incontro per la sanit\u00e0 bellunese in Regione: al tavolo con l\u2019assessore Manuela Lanzarin, il sindaco di Belluno Oscar De Pellegrin e il sindaco di Feltre Viviana Fusaro con i rispettivi assessori al sociale, Marco Dal Pont per il capoluogo e Maurizio Zatta. Presente anche il consigliere regionale bellunese Giovanni Puppato. Sul tavolo l\u2019organizzazione sanitaria, i progetti della Regione per potenziare le strutture, il problema della carenza di medici, di primari e sanitari, le possibili soluzioni per ottimizzare i servizi e migliorare la gestione per i pazienti. \u00c8 stata affrontata anche la questione delle rsa dove, dopo il Covid, i conti non tornano in quanto le quote relative ad alcuni servizi sono sottostimate.<em>\u201cAbbiamo affrontato il tema del potenziamento dei reparti ospedalieri \u2013\u00a0 dice il sindaco di Feltre, Fusaro -, del ricambio di primari, della necessit\u00e0 di un\u2019organizzazione sanitaria che vada incontro ai cittadini e favorisca un buon clima per il personale\u201d. <\/em><\/p>\n<p><strong>IL SINDACO, OSCAR DE PELLEGRIN\u00a0<\/strong><\/p>\n<audio class=\"wp-audio-shortcode\" id=\"audio-323430-3\" preload=\"none\" style=\"width: 100%;\" controls=\"controls\"><source type=\"audio\/mpeg\" src=\"https:\/\/www.radiopiu.net\/wordpress\/wp-content\/uploads\/2023\/02\/DE-PELLEGRIN-LANZARIN.mp3?_=3\" \/><a href=\"https:\/\/www.radiopiu.net\/wordpress\/wp-content\/uploads\/2023\/02\/DE-PELLEGRIN-LANZARIN.mp3\">https:\/\/www.radiopiu.net\/wordpress\/wp-content\/uploads\/2023\/02\/DE-PELLEGRIN-LANZARIN.mp3<\/a><\/audio>\n<p>&nbsp;<\/p>\n<hr \/>\n<p>&nbsp;<\/p>\n<blockquote>\n<h3>DILLO A RADIO PIU&#8230;AUTOVELOX RISCHIO RICORSI E PERDITE DI TEMPO<\/h3>\n<\/blockquote>\n<p><strong><img loading=\"lazy\" decoding=\"async\" class=\"alignleft\" src=\"https:\/\/www.radiopiu.net\/wordpress\/wp-content\/uploads\/2022\/12\/autovelox-1.jpg\" width=\"231\" height=\"132\" \/>REDAZONE<\/strong> Riceviamo e volentieri pubblichiamo una riflessione di Rodolfo Pellegrinon (Falcade) sempre attento alle tematiche di legge e alle novit\u00e0 normative, come in questo caso,<\/p>\n<p>&nbsp;<\/p>\n<p>&nbsp;<\/p>\n<blockquote><p><em>In merito ai tanto contestati ( a volte con ragione) autovelox, interessante \u00e8 la recente Sentenza n. 5078\/2023 della Suprema Corte di Cassazione la quale precisa che le strade a scorrimento veloce in cui possono essere posizionati gli apparecchi di rilevazione della velocit\u00e0, sono quelle che possiedono careggiate indipendenti o separate dallo spartitraffico, ognuna delle quali con almeno due corsie di marcia e una corsia, solo eventuale, riservata ai mezzi pubblici. La careggiata \u00e8 la parte della strada in cui scorrono i veicoli ossia l\u2019intera sezione stradale che i veicoli possono percorrere in direzioni opposte, se la strada \u00e8 a doppio senso. Gli Ermellini ricordano che l\u2019art. 139 comma 6 lettera a) del Regolamento dispone che le strisce continue affiancate separano i sensi di marcia nelle strade con carreggiata unica con due corsie o pi\u00f9 per senso di marcia. Le strisce di separazione di marcia per\u00f2 devono essere tenute distinte dalle strisce di margine della carreggiata. Si precisa inoltre che\u00a0 le violazioni contestate in una strada con una doppia linea continua centrale sono annullabili perch\u00e9\u00a0 la doppia striscia\u00a0 continua non pu\u00f2 mai separare due carreggiate. Pertanto tutti gli organi competenti dovranno porre la massima attenzione, onde evitare ricorsi e perdite di tempo, sul posizionamento degli apparecchi e verificare che la \u201c strada a scorrimento veloce\u201d sia veramente classificata tale e non una strada ad una sola carreggiata.<\/em><\/p>\n<h3>AUTOVELOX SUL GIAU, PER IL GIUDICE DI PACE E&#8217; ILLEGALE<\/h3>\n<\/blockquote>\n<p><strong><img loading=\"lazy\" decoding=\"async\" class=\"alignleft\" src=\"https:\/\/www.radiopiu.net\/wordpress\/wp-content\/uploads\/2023\/02\/giau.jpg\" width=\"271\" height=\"191\" \/>BELLUNO<\/strong> Il Giudice di Pace di Belluno ha dichiarato illegittimo l&#8217;autovelox utilizzato dal Comune di Colle Santa Lucia, in cima al Passo Giau. Lo riportano gli avvocati di Altvelox.it (associazione jazionale dei consumatori e micro imprese), nella sentenza dello scorso novembre in primo piano l&#8217;assenza \/ carenza della segnaletica di preavviso,\u00a0 contestata ed accolta anche ieri. Il caso di ieri riguardava un automobilista Bellunese che per lavoro percorreva la strada in parola ad una velocit\u00e0 di <strong>73 km\/h,<\/strong> convinto che il limite fosse, come in tutta la strada, di 70 Km\/h, ma senza rendersi conto del cambio improvviso del limite da 70 a 50 Km\/h a ridosso dell&#8217;autovelox, e senza vedere la presenza dell&#8217;apparecchio elettronico, superava il limite di pochissimo vedendosi contestare una multa,\u00a0 secondo il Giudice, non meritata. <em>&#8220;Per questo &#8211; ricordano gli avvocati di Altvelox &#8211;\u00a0 avvalendoci <span class=\"_2PHJq public-DraftStyleDefault-ltr\">del dipartimento tecnico legale specializzato abbiamo impugnato il verbale\u00a0 ieri annullato con la condanna del Comune al risarcimento delle spese sostenute&#8221;.<\/span><\/em><\/p>\n<p><strong>LA CURIOSITA&#8217;<\/strong><\/p>\n<p>L&#8217;Autovelox di Passo Giau &#8220;vale&#8221; 552mila euro di proventi annui, non male per un paese di 300 abitanti, anziani a neonati compresi, pi\u00f9 o meno 1500 euro pro capite.<\/p>\n<p>&nbsp;<\/p>\n<p>&nbsp;<\/p>\n<hr \/>\n<p>&nbsp;<\/p>\n<blockquote>\n<h3>IL COMUNE DI BELLUNO RINNOVA LA CONVENZIONE CON BELLUNO DONNA. UN APPARTAMENTO PER ACCOGLIERE LE DONNE VITTIME DI VIOLENZA<\/h3>\n<\/blockquote>\n<p><strong><a class=\"dt-pswp-item\" href=\"https:\/\/www.radiopiu.net\/wordpress\/wp-content\/uploads\/2023\/02\/BELLUNO-DONNA.png\" data-dt-img-description=\"\" data-large_image_width=\"340\" data-large_image_height=\"198\"><img loading=\"lazy\" decoding=\"async\" class=\" wp-image-323559 alignleft\" src=\"https:\/\/www.radiopiu.net\/wordpress\/wp-content\/uploads\/2023\/02\/BELLUNO-DONNA-300x175.png\" alt=\"\" width=\"173\" height=\"101\" srcset=\"https:\/\/www.radiopiu.net\/wordpress\/wp-content\/uploads\/2023\/02\/BELLUNO-DONNA-300x175.png 300w, https:\/\/www.radiopiu.net\/wordpress\/wp-content\/uploads\/2023\/02\/BELLUNO-DONNA.png 340w\" sizes=\"auto, (max-width: 173px) 100vw, 173px\" \/><\/a>BELLUNO<\/strong> Il Comune di Belluno rinnova la convenzione con l&#8217;associazione Belluno Donna, che avr\u00e0 cos\u00ec a disposizione fino al 2024 un appartamento dove poter accogliere le donne vittime di violenza.<\/p>\n<p><strong>di Daniele Dalvit<\/strong><\/p>\n<audio class=\"wp-audio-shortcode\" id=\"audio-323430-4\" preload=\"none\" style=\"width: 100%;\" controls=\"controls\"><source type=\"audio\/mpeg\" src=\"https:\/\/www.radiopiu.net\/wordpress\/wp-content\/uploads\/2023\/02\/DALVIT-APPARTAMENTO-BELLUNO-DONNA.mp3?_=4\" \/><a href=\"https:\/\/www.radiopiu.net\/wordpress\/wp-content\/uploads\/2023\/02\/DALVIT-APPARTAMENTO-BELLUNO-DONNA.mp3\">https:\/\/www.radiopiu.net\/wordpress\/wp-content\/uploads\/2023\/02\/DALVIT-APPARTAMENTO-BELLUNO-DONNA.mp3<\/a><\/audio>\n<p>&nbsp;<\/p>\n<p><strong>MARCO DAL PONT, ASSESSORE ALLE POLITICHE SOCIALI DEL COMUNE DI BELLUNO<\/strong><\/p>\n<p><iframe loading=\"lazy\" title=\"DAL PONT BELLUNO DONNA\" width=\"1200\" height=\"675\" src=\"https:\/\/www.youtube.com\/embed\/Vkn-p_em_-0?feature=oembed\" frameborder=\"0\" allow=\"accelerometer; autoplay; clipboard-write; encrypted-media; gyroscope; picture-in-picture; web-share\" allowfullscreen><\/iframe><\/p>\n<p>&nbsp;<\/p>\n<hr \/>\n<p>&nbsp;<\/p>\n<blockquote>\n<h3>A BELLUNO E A TREVISO L\u2019ASSESSORE CALZAVARA PRESENTA IL PIANO DI RIORDINO TERRITORIALE<\/h3>\n<\/blockquote>\n<p><strong><a class=\"dt-pswp-item\" href=\"https:\/\/www.radiopiu.net\/wordpress\/wp-content\/uploads\/2023\/02\/Calzavara-a-Belluno_3.jpg\" data-dt-img-description=\"\" data-large_image_width=\"1600\" data-large_image_height=\"1200\"><img loading=\"lazy\" decoding=\"async\" class=\" wp-image-323569 alignleft\" src=\"https:\/\/www.radiopiu.net\/wordpress\/wp-content\/uploads\/2023\/02\/Calzavara-a-Belluno_3-300x225.jpg\" alt=\"\" width=\"171\" height=\"128\" srcset=\"https:\/\/www.radiopiu.net\/wordpress\/wp-content\/uploads\/2023\/02\/Calzavara-a-Belluno_3-300x225.jpg 300w, https:\/\/www.radiopiu.net\/wordpress\/wp-content\/uploads\/2023\/02\/Calzavara-a-Belluno_3-1024x768.jpg 1024w, https:\/\/www.radiopiu.net\/wordpress\/wp-content\/uploads\/2023\/02\/Calzavara-a-Belluno_3-768x576.jpg 768w, https:\/\/www.radiopiu.net\/wordpress\/wp-content\/uploads\/2023\/02\/Calzavara-a-Belluno_3-1536x1152.jpg 1536w, https:\/\/www.radiopiu.net\/wordpress\/wp-content\/uploads\/2023\/02\/Calzavara-a-Belluno_3.jpg 1600w\" sizes=\"auto, (max-width: 171px) 100vw, 171px\" \/><\/a>VENEZIA <\/strong>\u201cA Belluno e a Treviso tiriamo le fila di un processo partecipativo che ha coinvolto, tramite workshop realizzati nella primavera scorsa, 223 sindaci in 21 incontri distribuiti su tutto il territorio regionale. Il giro delle 7 province che si concluder\u00e0 oggi a Venezia. A distanza di dieci anni dal primo Piano di Riordino Territoriale (PRT) approvato dalla Regione del Veneto, diamo una visione nuova e aggiornata del territorio. \u00c8 emersa chiaramente la necessit\u00e0 di una semplificazione dei livelli di governance, non solo con riferimento all\u2019esercizio di funzioni in forma associata ma anche per la pi\u00f9 efficiente programmazione regionale in vari settori. Il nuovo PRT intende ribadire e riaffermare l\u2019importanza della semplificazione dei livelli di governance individuando ambiti di riferimento prioritari ed ottimali per le funzioni di programmazione delle politiche regionali e l\u2019esercizio associato delle funzioni\u201d. Lo dice l\u2019assessore regionale al Bilancio e alla Programmazione, Francesco Calzavara, concludendo il giro di incontri sul territorio fissati per presentare il PRT che, una volta conclusa la fase di raccolta delle osservazioni da parte dei comuni del Veneto, verr\u00e0 adottato dalla Giunta regionale per acquisire poi il parere della prima commissione consiliare.<\/p>\n<p>&nbsp;<\/p>\n<p>&nbsp;<\/p>\n<hr \/>\n<p>&nbsp;<\/p>\n<blockquote>\n<h3>VERSO LA MOSTRA DELL&#8217;ARTIGIANATO, PRENDE FORMA IL PROGRAMMA<\/h3>\n<\/blockquote>\n<p><strong><a class=\"dt-pswp-item\" href=\"https:\/\/www.radiopiu.net\/wordpress\/wp-content\/uploads\/2023\/02\/th-10.jpg\" data-dt-img-description=\"\" data-large_image_width=\"474\" data-large_image_height=\"338\"><img loading=\"lazy\" decoding=\"async\" class=\" wp-image-323510 alignleft\" src=\"https:\/\/www.radiopiu.net\/wordpress\/wp-content\/uploads\/2023\/02\/th-10-300x214.jpg\" alt=\"\" width=\"214\" height=\"153\" srcset=\"https:\/\/www.radiopiu.net\/wordpress\/wp-content\/uploads\/2023\/02\/th-10-300x214.jpg 300w, https:\/\/www.radiopiu.net\/wordpress\/wp-content\/uploads\/2023\/02\/th-10.jpg 474w\" sizes=\"auto, (max-width: 214px) 100vw, 214px\" \/><\/a>FELTRE<\/strong>\u00a0 Comincia a delinearsi il programma della 37esima edizione della mostra dell&#8217;Artigianato Artistico e Tradizionale di Feltre, che si terr\u00e0 nella citt\u00e0 murata dal 22 al 25 giugno prossimi. Il Comitato organizzatore, guidato dal presidente Luciano Gesiot \u00e8 infatti al lavoro gi\u00e0 da alcune settimane per dare forma ai contenuti della rassegna, che si aprir\u00e0, come da tradizione, nel pomeriggio della giornata di gioved\u00ec. Un primo appuntamento di assoluto rilievo si avr\u00e0 gi\u00e0 il giorno seguente, venerd\u00ec 23 giugno, quando alle 18 la Mostra ospiter\u00e0 un importante convegno sul tema delle energie rinnovabili <em>\u201cSono settimane di lavoro intenso e contatti continui su pi\u00f9 fronti, fa sapere il presidente della mostra Luciano Gesiot, che aggiunge: \u201cSiamo partiti con largo anticipo sulla manifestazione proprio perch\u00e9 vogliamo riuscire a proporre un calendario di eventi di qualit\u00e0, al pari di quanto ci siamo riproposti di fare anche per gli espositori. A breve vi saranno altre importanti novit\u00e0&#8221;\u00a0\u00a0<\/em><\/p>\n<p>&nbsp;<\/p>\n<hr \/>\n<p>&nbsp;<\/p>\n<blockquote>\n<h3>LA PRIMA CIRCONVALLAZIONE DI AGORDO &#8211; DI TIZIANO DE COL<\/h3>\n<\/blockquote>\n<p><span style=\"font-size: medium;\"><b>Ossia quando la strada principale lasci\u00f2 la \u201cContrada dei signori\u201d, ovvero la piazzetta vecchia.<\/b><\/span><\/p>\n<p align=\"JUSTIFY\"><span style=\"font-size: medium;\"><a class=\"dt-pswp-item\" href=\"https:\/\/www.radiopiu.net\/wordpress\/wp-content\/uploads\/2023\/02\/e3e970b2-e4e6-4d99-8a15-2dc063a7606c.jpg\" data-dt-img-description=\"\" data-large_image_width=\"1600\" data-large_image_height=\"1040\"><img loading=\"lazy\" decoding=\"async\" class=\" wp-image-323526 alignleft\" src=\"https:\/\/www.radiopiu.net\/wordpress\/wp-content\/uploads\/2023\/02\/e3e970b2-e4e6-4d99-8a15-2dc063a7606c-300x195.jpg\" alt=\"\" width=\"271\" height=\"176\" srcset=\"https:\/\/www.radiopiu.net\/wordpress\/wp-content\/uploads\/2023\/02\/e3e970b2-e4e6-4d99-8a15-2dc063a7606c-300x195.jpg 300w, https:\/\/www.radiopiu.net\/wordpress\/wp-content\/uploads\/2023\/02\/e3e970b2-e4e6-4d99-8a15-2dc063a7606c-1024x666.jpg 1024w, https:\/\/www.radiopiu.net\/wordpress\/wp-content\/uploads\/2023\/02\/e3e970b2-e4e6-4d99-8a15-2dc063a7606c-768x499.jpg 768w, https:\/\/www.radiopiu.net\/wordpress\/wp-content\/uploads\/2023\/02\/e3e970b2-e4e6-4d99-8a15-2dc063a7606c-1536x998.jpg 1536w, https:\/\/www.radiopiu.net\/wordpress\/wp-content\/uploads\/2023\/02\/e3e970b2-e4e6-4d99-8a15-2dc063a7606c.jpg 1600w\" sizes=\"auto, (max-width: 271px) 100vw, 271px\" \/><\/a>Le tangenziali o circonvallazioni vengono normalmente costruite per un motivo fondamentale: perch\u00e9 nelle strade preesistenti, quello che ci deve transitare, (automezzi, camion etc) non ci pu\u00f2 pi\u00f9 passare, vuoi perch\u00e9 \u00e8 troppo grosso, vuoi perch\u00e9 \u00e8 \u201ctanto\u201d numericamente e non riesce pi\u00f9 a fluire, comportandosi la strada, con tutti i suoi accessori (parcheggi, strisce pedonali etc), come un tappo. <\/span><span style=\"font-size: medium;\">All\u2019 inizio della Grande Guerra 1915 &#8211; 1918 per i grossi mezzi militari e per i pezzi di artiglieria, Agordo si comportava come si comportava fino alla apertura della odierna tangenziale nei confronti del traffico turistico: faceva da tappo. <\/span><span style=\"font-size: medium;\">A quei tempi non ci si ponevano grossi problemi per spostare il tracciato del flusso veicolare ed incanalarlo in altra sede, anche se a frapporsi <a class=\"dt-pswp-item\" href=\"https:\/\/www.radiopiu.net\/wordpress\/wp-content\/uploads\/2023\/02\/a2447f03-d9bc-44e9-9e40-4b4001dc2210.jpg\" data-dt-img-description=\"\" data-large_image_width=\"689\" data-large_image_height=\"1079\"><img loading=\"lazy\" decoding=\"async\" class=\"size-medium wp-image-323575 alignright\" src=\"https:\/\/www.radiopiu.net\/wordpress\/wp-content\/uploads\/2023\/02\/a2447f03-d9bc-44e9-9e40-4b4001dc2210-192x300.jpg\" alt=\"\" width=\"192\" height=\"300\" srcset=\"https:\/\/www.radiopiu.net\/wordpress\/wp-content\/uploads\/2023\/02\/a2447f03-d9bc-44e9-9e40-4b4001dc2210-192x300.jpg 192w, https:\/\/www.radiopiu.net\/wordpress\/wp-content\/uploads\/2023\/02\/a2447f03-d9bc-44e9-9e40-4b4001dc2210-654x1024.jpg 654w, https:\/\/www.radiopiu.net\/wordpress\/wp-content\/uploads\/2023\/02\/a2447f03-d9bc-44e9-9e40-4b4001dc2210.jpg 689w\" sizes=\"auto, (max-width: 192px) 100vw, 192px\" \/><\/a>a questo c\u2019era una chiesa e per di pi\u00f9 di rilevante valore architettonico. Questa era la chiesa di S.Pietro e sorgeva come a chiusura della piazza di Agordo , lato sud,quasi ortogonalmente al Palazzo Manzoni, in linea e quasi in aderenza con l\u2019attuale Farmacia Favretti, la quale era, durante il dominio della Serenissima, la sede del Tribunale del Capitaniato d\u2019Agordo, il cosiddetto \u201cBanco della Ragione o Bank de la Ras\u00f2n\u201d. <\/span><span style=\"font-size: medium;\">Sopra l\u2019antica porta d\u2019accesso dell\u2019allora Tribunale, lato nord, verso la Contrada dei Signori e Piazzetta Vecchia, vi \u00e8 ancora una lapide che ricorda Federico Corner che il 14 giugno 1621 ebbe a pacificare le liti tra il Consiglio di Agort e le Regole Agordine riguardanti la tassazione, la riscossione delle tasse , le Fazioni ed i Pioveghi. <\/span><span style=\"font-size: medium;\">La strada principale arrivando dal <a class=\"dt-pswp-item\" href=\"https:\/\/www.radiopiu.net\/wordpress\/wp-content\/uploads\/2023\/02\/e4324a3a-49ea-4f66-afba-22152a237a39.jpg\" data-dt-img-description=\"\" data-large_image_width=\"1200\" data-large_image_height=\"1600\"><img loading=\"lazy\" decoding=\"async\" class=\"size-medium wp-image-323527 alignleft\" src=\"https:\/\/www.radiopiu.net\/wordpress\/wp-content\/uploads\/2023\/02\/e4324a3a-49ea-4f66-afba-22152a237a39-225x300.jpg\" alt=\"\" width=\"225\" height=\"300\" srcset=\"https:\/\/www.radiopiu.net\/wordpress\/wp-content\/uploads\/2023\/02\/e4324a3a-49ea-4f66-afba-22152a237a39-225x300.jpg 225w, https:\/\/www.radiopiu.net\/wordpress\/wp-content\/uploads\/2023\/02\/e4324a3a-49ea-4f66-afba-22152a237a39-768x1024.jpg 768w, https:\/\/www.radiopiu.net\/wordpress\/wp-content\/uploads\/2023\/02\/e4324a3a-49ea-4f66-afba-22152a237a39-1152x1536.jpg 1152w, https:\/\/www.radiopiu.net\/wordpress\/wp-content\/uploads\/2023\/02\/e4324a3a-49ea-4f66-afba-22152a237a39.jpg 1200w\" sizes=\"auto, (max-width: 225px) 100vw, 225px\" \/><\/a>Ponte sul Torrente Rova, appena prima di arrivare dove poi fu edificato il Monumento ai Caduti, saliva lungo \u201cContrada Roa\u201d detta anche \u201cRiva dei P\u00e0ci\u201d e arrivava nella Contrada dei Signori in Piazzetta Vecchia, dove poi, a sinistra si scendeva in piazza, a destra si saliva per via Carrera e proseguendo diritto verso la Chiesa Pievanale si passava innazi al Palazzo del Capitano (attualmente ex Cartoleria Miola e Negozio Ferramenta Benvegn\u00f9). <\/span><span style=\"font-size: medium;\">In questo articolo proponiamo una serie di fotografie di Don Ferdinando Tamis, riprodotte da De Col Tiziano negli anni \u201990 del secolo scorso, che documentano alcune fasi della demolizione della Chiesa avvenuta nel 1916 e l\u2019arrivo della Ferrovia Decauville in piazza ad Agordo lungo la nuova strada. Se gi\u00e0 allora si fosse pensato ad un tracciato pi\u00f9 esterno al paese la chiesa sarebbe ancora l\u00ec ma, probabilmente anche allora qualcuno ad Agordo pensava che comunque il maggior vantaggio che una strada avesse dato alla cittadinanza fosse stato in ogni caso massimo solo se la strada passava per il suo centro.<\/span><\/p>\n<p align=\"JUSTIFY\"><span style=\"color: #ff0000;\"><strong>ARCHIVIO TIZIANO DE COL<\/strong><\/span><\/p>\n\n\t\t\t<style type='text\/css'>\n\t\t\t\t#gallery-2 {\n\t\t\t\t\tmargin: auto;\n\t\t\t\t}\n\t\t\t\t#gallery-2 .gallery-item {\n\t\t\t\t\tfloat: left;\n\t\t\t\t\tmargin-top: 10px;\n\t\t\t\t\ttext-align: center;\n\t\t\t\t\twidth: 20%;\n\t\t\t\t}\n\t\t\t\t#gallery-2 img {\n\t\t\t\t\tborder: 2px solid #cfcfcf;\n\t\t\t\t}\n\t\t\t\t#gallery-2 .gallery-caption {\n\t\t\t\t\tmargin-left: 0;\n\t\t\t\t}\n\t\t\t\t\/* see gallery_shortcode() in wp-includes\/media.php *\/\n\t\t\t<\/style>\n\t\t<div id='gallery-2' class='dt-gallery-container gallery galleryid-323430 gallery-columns-5 gallery-size-thumbnail'><dl class='gallery-item'>\n\t\t\t\t<dt class='gallery-icon landscape'>\n\t\t\t\t\t<a class=\"rollover\" href='https:\/\/www.radiopiu.net\/wordpress\/la-prima-circonvallazione-di-agordo-di-tiziano-de-col\/arrivo-decauville-ad-agordo-05_08_1916\/'><img loading=\"lazy\" decoding=\"async\" width=\"150\" height=\"150\" src=\"https:\/\/www.radiopiu.net\/wordpress\/wp-content\/uploads\/2023\/02\/Arrivo-Decauville-ad-Agordo-05_08_1916-150x150.jpg\" class=\"attachment-thumbnail size-thumbnail\" alt=\"\" aria-describedby=\"gallery-2-323538\" \/><\/a>\n\t\t\t\t<\/dt>\n\t\t\t\t\t<dd class='wp-caption-text gallery-caption' id='gallery-2-323538'>\n\t\t\t\t\tArrivo Decauville ad Agordo 05_08_1916\n\t\t\t\t\t<\/dd><\/dl><dl class='gallery-item'>\n\t\t\t\t<dt class='gallery-icon landscape'>\n\t\t\t\t\t<a class=\"rollover\" href='https:\/\/www.radiopiu.net\/wordpress\/la-prima-circonvallazione-di-agordo-di-tiziano-de-col\/demolizione-chiesa-san-pietro-agordo_2\/'><img loading=\"lazy\" decoding=\"async\" width=\"150\" height=\"150\" src=\"https:\/\/www.radiopiu.net\/wordpress\/wp-content\/uploads\/2023\/02\/demolizione-chiesa-San-Pietro-Agordo_2-150x150.jpg\" class=\"attachment-thumbnail size-thumbnail\" alt=\"\" aria-describedby=\"gallery-2-323536\" \/><\/a>\n\t\t\t\t<\/dt>\n\t\t\t\t\t<dd class='wp-caption-text gallery-caption' id='gallery-2-323536'>\n\t\t\t\t\tdemolizione chiesa San Pietro Agordo_2\n\t\t\t\t\t<\/dd><\/dl><dl class='gallery-item'>\n\t\t\t\t<dt class='gallery-icon portrait'>\n\t\t\t\t\t<a class=\"rollover\" href='https:\/\/www.radiopiu.net\/wordpress\/la-prima-circonvallazione-di-agordo-di-tiziano-de-col\/demolizione-chiesa-san-pietro-agordo_3\/'><img loading=\"lazy\" decoding=\"async\" width=\"150\" height=\"150\" src=\"https:\/\/www.radiopiu.net\/wordpress\/wp-content\/uploads\/2023\/02\/demolizione-chiesa-San-Pietro-Agordo_3-150x150.jpg\" class=\"attachment-thumbnail size-thumbnail\" alt=\"\" aria-describedby=\"gallery-2-323537\" \/><\/a>\n\t\t\t\t<\/dt>\n\t\t\t\t\t<dd class='wp-caption-text gallery-caption' id='gallery-2-323537'>\n\t\t\t\t\tdemolizione chiesa San Pietro Agordo_3\n\t\t\t\t\t<\/dd><\/dl><dl class='gallery-item'>\n\t\t\t\t<dt class='gallery-icon landscape'>\n\t\t\t\t\t<a class=\"rollover\" href='https:\/\/www.radiopiu.net\/wordpress\/la-prima-circonvallazione-di-agordo-di-tiziano-de-col\/demolizione-chiesa-san-pietro-agordo\/'><img loading=\"lazy\" decoding=\"async\" width=\"150\" height=\"150\" src=\"https:\/\/www.radiopiu.net\/wordpress\/wp-content\/uploads\/2023\/02\/demolizione-chiesa-San-Pietro-Agordo-150x150.jpg\" class=\"attachment-thumbnail size-thumbnail\" alt=\"\" aria-describedby=\"gallery-2-323535\" \/><\/a>\n\t\t\t\t<\/dt>\n\t\t\t\t\t<dd class='wp-caption-text gallery-caption' id='gallery-2-323535'>\n\t\t\t\t\tdemolizione chiesa San Pietro Agordo\n\t\t\t\t\t<\/dd><\/dl><dl class='gallery-item'>\n\t\t\t\t<dt class='gallery-icon portrait'>\n\t\t\t\t\t<a class=\"rollover\" href='https:\/\/www.radiopiu.net\/wordpress\/la-prima-circonvallazione-di-agordo-di-tiziano-de-col\/strada-nuova-maggio-1916-2\/'><img loading=\"lazy\" decoding=\"async\" width=\"150\" height=\"150\" src=\"https:\/\/www.radiopiu.net\/wordpress\/wp-content\/uploads\/2023\/02\/strada-nuova-maggio-1916-150x150.jpg\" class=\"attachment-thumbnail size-thumbnail\" alt=\"\" aria-describedby=\"gallery-2-323539\" \/><\/a>\n\t\t\t\t<\/dt>\n\t\t\t\t\t<dd class='wp-caption-text gallery-caption' id='gallery-2-323539'>\n\t\t\t\t\tstrada nuova maggio 1916\n\t\t\t\t\t<\/dd><\/dl><br style=\"clear: both\" \/>\n\t\t\t<\/div>\n\n<p>&nbsp;<\/p>\n<hr \/>\n<p>&nbsp;<\/p>\n<blockquote>\n<h3><\/h3>\n<h3>GUIDO PANTE CEDE IL TESTIMONE A GIUSI BASSANI<\/h3>\n<\/blockquote>\n<p><strong>FELTRE<\/strong> Guido Pante, storico presidente della Consulta Confcommercio di Feltre, ha passato il testimone a Giusi Bassani titolare del Ristorante Aurora. La neo presidente Bassani ha gi\u00e0 le idee chiare su alcune tematiche da sviluppare: coinvolgere tutti commercianti per rendere la citt\u00e0 di Feltre viva ed attrattiva sia per i residenti, sia per gli ospiti e i turisti, unendo le forze, le idee e le risorse, interagendo costantemente con l\u2019Amministrazione comunale in un\u2019ottica di unit\u00e0 di intenti. Guido Pante rimane\u00a0 nella Giunta provinciale Confcommercio<\/p>\n<p>&nbsp;<\/p>\n<hr \/>\n<p>&nbsp;<\/p>\n<blockquote>\n<h3>CAMBIO MEDICO IN VAL ZOLDANA<\/h3>\n<\/blockquote>\n<p><strong>VAL DI ZOLDO<\/strong>\u00a0 Il 28 febbraio la dottoressa Maria Antonia Cassol cesser\u00e0 la propria attivit\u00e0 di medico di assistenza primaria presso l\u2019ambito territoriale dei Comuni di Longarone, Ospitale di Cadore, Val di Zoldo e Zopp\u00e8 di Cadore. Il 1\u00b0 marzo inizier\u00e0 la propria attivit\u00e0 di medico di assistenza primaria, il dr. Abdul Hadi Chraiha, con ambulatorio a Forno di Zoldo e presso la Medicina di Gruppo Integrata di Longarone. Rimangono a disposizione per informazioni gli uffici Anagrafe Sanitaria di Belluno allo 0437\/516757<\/p>\n<p>&nbsp;<\/p>\n<p>&nbsp;<\/p>\n<hr \/>\n<blockquote>\n<h3><\/h3>\n<h3>ESPERIENZE DALLE PAROLE DEI BAMBINI<\/h3>\n<\/blockquote>\n<p><strong>BELLUNO<\/strong> Martedi alle 18, alla scuola dell\u2019infanzia di Salce presentazione del testo\u00a0 &#8220;Ridisegnare la bussola educativa &#8211; gli effetti del trauma pandemico nei bambini e nei ragazzi&#8221; a cura di Paola Scalari, che testimonia il vissuto di 100 adulti, dei bambini e degli adolescenti che ci hanno raccontato i loro pensieri e le loro emozioni. L&#8217;incontro \u00e8 aperto a tutti. Interverranno Macella De Pr\u00e0, mediatore famigliare e didatta, curatrice del volume. Sara De Bon, assistente sociale e Nicola Dallo che proporr\u00e0 interventi musicali.<\/p>\n<p>&nbsp;<\/p>\n<hr \/>\n<p>&nbsp;<\/p>\n<blockquote>\n<h3>BANCHETTO INFORMATIVO E FLASH MOB CON PACE E DISARMO<\/h3>\n<\/blockquote>\n<p><strong>BELLUNO<\/strong> Il coordinamento provinciale Pace &amp; Disarmo, Non una di meno oggi, ad un anno dallo scoppio della guerra in Ucraina, organizza un banchetto informativo in piazza dei Martiri dalle 11 alle\u00a0 19 per chiedere, insieme a pi\u00f9 di 100 citt\u00e0 italiane e 50 europee, coordinate dalla rete Europe for peace, un immediato cessate il fuoco e l\u2019avvio di un tavolo per una soluzione negoziale del conflitto. A cadenza oraria, dalle 12 alle 19 previsti i flash mob con azione teatrale in empatia e solidariet\u00e0 con le vittime della guerra<\/p>\n<p>&nbsp;<\/p>\n<hr \/>\n<p>&nbsp;<\/p>\n<p align=\"CENTER\"><span style=\"font-size: medium;\"><b>CERIMONIA DI CONSEGNA DEI DIPLOMI E DELLE BORSE DI STUDIO IN MEMORIA DI FEDERICA DA COL\u00a0<\/b><\/span><\/p>\n<p><strong>\u00a0BELLUNO<\/strong> Domani alle 10\u00a0 nell\u2019Aula Magna dell\u2019IIS \u201cCatullo\u201d di Belluno cerimonia di consegna dei diplomi agli studenti che hanno concluso il loro percorso di studi nell\u2019anno scolastico 2021\/22.\u00a0 Il Dirigente scolastico Mauro de Lazzer avr\u00e0 il piacere, assieme ai familiari, di assegnare anche le 18 borse di studio agli studenti che si sono distinti per merito\u00a0 in memoria di Federica Da Col, studentessa del \u201cCatullo\u201d prematuramente scomparsa nel 2011.<\/p>\n<p>&nbsp;<\/p>\n<hr \/>\n<p>&nbsp;<\/p>\n<p><strong>di Tiziano De Col<\/strong><\/p>\n\n\t\t\t<style type='text\/css'>\n\t\t\t\t#gallery-3 {\n\t\t\t\t\tmargin: auto;\n\t\t\t\t}\n\t\t\t\t#gallery-3 .gallery-item {\n\t\t\t\t\tfloat: left;\n\t\t\t\t\tmargin-top: 10px;\n\t\t\t\t\ttext-align: center;\n\t\t\t\t\twidth: 20%;\n\t\t\t\t}\n\t\t\t\t#gallery-3 img {\n\t\t\t\t\tborder: 2px solid #cfcfcf;\n\t\t\t\t}\n\t\t\t\t#gallery-3 .gallery-caption {\n\t\t\t\t\tmargin-left: 0;\n\t\t\t\t}\n\t\t\t\t\/* see gallery_shortcode() in wp-includes\/media.php *\/\n\t\t\t<\/style>\n\t\t<div id='gallery-3' class='dt-gallery-container gallery galleryid-323430 gallery-columns-5 gallery-size-thumbnail'><dl class='gallery-item'>\n\t\t\t\t<dt class='gallery-icon landscape'>\n\t\t\t\t\t<a class=\"rollover rollover-zoom dt-pswp-item\" title=\"d9b925a0-6efc-4fdc-9a94-fba9174366dd\" data-dt-img-description=\"\" data-large_image_width=\"610\" data-large_image_height=\"353\"href='https:\/\/www.radiopiu.net\/wordpress\/wp-content\/uploads\/2023\/02\/d9b925a0-6efc-4fdc-9a94-fba9174366dd.jpg'><img loading=\"lazy\" decoding=\"async\" width=\"150\" height=\"150\" src=\"https:\/\/www.radiopiu.net\/wordpress\/wp-content\/uploads\/2023\/02\/d9b925a0-6efc-4fdc-9a94-fba9174366dd-150x150.jpg\" class=\"attachment-thumbnail size-thumbnail\" alt=\"\" \/><\/a>\n\t\t\t\t<\/dt><\/dl><dl class='gallery-item'>\n\t\t\t\t<dt class='gallery-icon landscape'>\n\t\t\t\t\t<a class=\"rollover rollover-zoom dt-pswp-item\" title=\"edac8d70-c6aa-48dd-a08c-98ecb90f7ff1\" data-dt-img-description=\"\" data-large_image_width=\"605\" data-large_image_height=\"363\"href='https:\/\/www.radiopiu.net\/wordpress\/wp-content\/uploads\/2023\/02\/edac8d70-c6aa-48dd-a08c-98ecb90f7ff1.jpg'><img loading=\"lazy\" decoding=\"async\" width=\"150\" height=\"150\" src=\"https:\/\/www.radiopiu.net\/wordpress\/wp-content\/uploads\/2023\/02\/edac8d70-c6aa-48dd-a08c-98ecb90f7ff1-150x150.jpg\" class=\"attachment-thumbnail size-thumbnail\" alt=\"\" \/><\/a>\n\t\t\t\t<\/dt><\/dl><dl class='gallery-item'>\n\t\t\t\t<dt class='gallery-icon landscape'>\n\t\t\t\t\t<a class=\"rollover rollover-zoom dt-pswp-item\" title=\"3a991fdf-12b7-4ed3-82a5-bc3e71f55048\" data-dt-img-description=\"\" data-large_image_width=\"610\" data-large_image_height=\"348\"href='https:\/\/www.radiopiu.net\/wordpress\/wp-content\/uploads\/2023\/02\/3a991fdf-12b7-4ed3-82a5-bc3e71f55048.jpg'><img loading=\"lazy\" decoding=\"async\" width=\"150\" height=\"150\" src=\"https:\/\/www.radiopiu.net\/wordpress\/wp-content\/uploads\/2023\/02\/3a991fdf-12b7-4ed3-82a5-bc3e71f55048-150x150.jpg\" class=\"attachment-thumbnail size-thumbnail\" alt=\"\" \/><\/a>\n\t\t\t\t<\/dt><\/dl><dl class='gallery-item'>\n\t\t\t\t<dt class='gallery-icon landscape'>\n\t\t\t\t\t<a class=\"rollover rollover-zoom dt-pswp-item\" title=\"3e4c1352-a8a3-4722-aae3-10ac597b600b\" data-dt-img-description=\"\" data-large_image_width=\"602\" data-large_image_height=\"353\"href='https:\/\/www.radiopiu.net\/wordpress\/wp-content\/uploads\/2023\/02\/3e4c1352-a8a3-4722-aae3-10ac597b600b.jpg'><img loading=\"lazy\" decoding=\"async\" width=\"150\" height=\"150\" src=\"https:\/\/www.radiopiu.net\/wordpress\/wp-content\/uploads\/2023\/02\/3e4c1352-a8a3-4722-aae3-10ac597b600b-150x150.jpg\" class=\"attachment-thumbnail size-thumbnail\" alt=\"\" \/><\/a>\n\t\t\t\t<\/dt><\/dl><dl class='gallery-item'>\n\t\t\t\t<dt class='gallery-icon landscape'>\n\t\t\t\t\t<a class=\"rollover rollover-zoom dt-pswp-item\" title=\"b5b06bd7-0f8f-4ead-abe6-e350927c159a\" data-dt-img-description=\"\" data-large_image_width=\"608\" data-large_image_height=\"358\"href='https:\/\/www.radiopiu.net\/wordpress\/wp-content\/uploads\/2023\/02\/b5b06bd7-0f8f-4ead-abe6-e350927c159a.jpg'><img loading=\"lazy\" decoding=\"async\" width=\"150\" height=\"150\" src=\"https:\/\/www.radiopiu.net\/wordpress\/wp-content\/uploads\/2023\/02\/b5b06bd7-0f8f-4ead-abe6-e350927c159a-150x150.jpg\" class=\"attachment-thumbnail size-thumbnail\" alt=\"\" \/><\/a>\n\t\t\t\t<\/dt><\/dl><br style=\"clear: both\" \/>\n\t\t\t<\/div>\n\n<p>&nbsp;<\/p>\n<hr \/>\n<p>&nbsp;<\/p>\n<p>&nbsp;<\/p>\n<blockquote>\n<h2>SPECIALE SPI CGIL &#8211; 23 FEBBRAIO 2023<\/h2>\n<\/blockquote>\n<p><strong><a href=\"https:\/\/www.radiopiu.net\/wordpress\/giornale-radiopiu-06-febbraio-2019-direttore-mirko-mezzacasa\/logo_spi-cgil-800x445\/\" rel=\"attachment wp-att-75538\"><img loading=\"lazy\" decoding=\"async\" class=\"size-medium wp-image-75538 alignleft\" src=\"https:\/\/www.radiopiu.net\/wordpress\/wp-content\/uploads\/2019\/02\/Logo_Spi-CGIL-800x445-300x167.jpg\" alt=\"\" width=\"300\" height=\"167\" srcset=\"https:\/\/www.radiopiu.net\/wordpress\/wp-content\/uploads\/2019\/02\/Logo_Spi-CGIL-800x445-300x167.jpg 300w, https:\/\/www.radiopiu.net\/wordpress\/wp-content\/uploads\/2019\/02\/Logo_Spi-CGIL-800x445-768x427.jpg 768w, https:\/\/www.radiopiu.net\/wordpress\/wp-content\/uploads\/2019\/02\/Logo_Spi-CGIL-800x445.jpg 800w\" sizes=\"auto, (max-width: 300px) 100vw, 300px\" \/><\/a>di\u00a0 Mirko Mezzacasa<\/strong><\/p>\n<p>OSPITE: Maria Rita Gentilin<\/p>\n<p>&nbsp;<\/p>\n<p>&nbsp;<\/p>\n<p>&nbsp;<\/p>\n<p>&nbsp;<\/p>\n<audio class=\"wp-audio-shortcode\" id=\"audio-323430-5\" preload=\"none\" style=\"width: 100%;\" controls=\"controls\"><source type=\"audio\/mpeg\" src=\"https:\/\/www.radiopiu.net\/wordpress\/wp-content\/uploads\/2023\/02\/MARIARITASPI.mp3?_=5\" \/><a href=\"https:\/\/www.radiopiu.net\/wordpress\/wp-content\/uploads\/2023\/02\/MARIARITASPI.mp3\">https:\/\/www.radiopiu.net\/wordpress\/wp-content\/uploads\/2023\/02\/MARIARITASPI.mp3<\/a><\/audio>\n<p><a class=\"dt-pswp-item\" href=\"https:\/\/www.radiopiu.net\/wordpress\/wp-content\/uploads\/2023\/02\/811cfa85-c6c2-4577-973a-4d4ba45bb711.jpg\" data-dt-img-description=\"\" data-large_image_width=\"1131\" data-large_image_height=\"1600\"><img loading=\"lazy\" decoding=\"async\" class=\"size-medium wp-image-323551 aligncenter\" src=\"https:\/\/www.radiopiu.net\/wordpress\/wp-content\/uploads\/2023\/02\/811cfa85-c6c2-4577-973a-4d4ba45bb711-212x300.jpg\" alt=\"\" width=\"212\" height=\"300\" srcset=\"https:\/\/www.radiopiu.net\/wordpress\/wp-content\/uploads\/2023\/02\/811cfa85-c6c2-4577-973a-4d4ba45bb711-212x300.jpg 212w, https:\/\/www.radiopiu.net\/wordpress\/wp-content\/uploads\/2023\/02\/811cfa85-c6c2-4577-973a-4d4ba45bb711-724x1024.jpg 724w, https:\/\/www.radiopiu.net\/wordpress\/wp-content\/uploads\/2023\/02\/811cfa85-c6c2-4577-973a-4d4ba45bb711-768x1086.jpg 768w, https:\/\/www.radiopiu.net\/wordpress\/wp-content\/uploads\/2023\/02\/811cfa85-c6c2-4577-973a-4d4ba45bb711-1086x1536.jpg 1086w, https:\/\/www.radiopiu.net\/wordpress\/wp-content\/uploads\/2023\/02\/811cfa85-c6c2-4577-973a-4d4ba45bb711.jpg 1131w\" sizes=\"auto, (max-width: 212px) 100vw, 212px\" \/><\/a><\/p>\n<p>&nbsp;<\/p>\n<hr \/>\n<p>&nbsp;<\/p>\n<blockquote>\n<h3><strong>OPEN DAY AZZARDO, NEI SERD DELL&#8217;ULSS DOLOMITI<\/strong><\/h3>\n<\/blockquote>\n<p><strong>\u00a0BELLUNO <\/strong>I SerD del Dipartimento Dipendenze dell\u2019Ulss Dolomiti organizzano un open day per domani dalle 9.00 alle 12.00. Gli operatori saranno a disposizione nell\u2019orario indicato, senza appuntamento, per informazioni e consulenze sul tema nelle sedi Ser.D. di: <strong>Belluno <\/strong>via Sala 35, Cusighe <strong>Feltre <\/strong>ex casa di cura Bellati <strong>Agordo <\/strong>\u00a0ospedale)\u00a0 <strong>Auronzo <\/strong>Centro Sanitario Polifunzionale<\/p>\n<p>&nbsp;<\/p>\n<p>&nbsp;<\/p>\n<hr \/>\n<p>&nbsp;<\/p>\n<blockquote>\n<h3>UN CONCORSO PUBBLICO PER ASSUMERE 140 COMISSARI DELLA CARRIERA DEI FUNZIONARI DELLA POLIZIA DI STATO<\/h3>\n<\/blockquote>\n<p><strong><a class=\"dt-pswp-item\" href=\"https:\/\/www.radiopiu.net\/wordpress\/wp-content\/uploads\/2022\/05\/POLIZIA-2.jpg\" data-dt-img-description=\"\" data-large_image_width=\"1920\" data-large_image_height=\"1080\"><img loading=\"lazy\" decoding=\"async\" class=\" wp-image-278033 alignleft\" src=\"https:\/\/www.radiopiu.net\/wordpress\/wp-content\/uploads\/2022\/05\/POLIZIA-2-300x169.jpg\" alt=\"\" width=\"170\" height=\"96\" srcset=\"https:\/\/www.radiopiu.net\/wordpress\/wp-content\/uploads\/2022\/05\/POLIZIA-2-300x169.jpg 300w, https:\/\/www.radiopiu.net\/wordpress\/wp-content\/uploads\/2022\/05\/POLIZIA-2-1024x576.jpg 1024w, https:\/\/www.radiopiu.net\/wordpress\/wp-content\/uploads\/2022\/05\/POLIZIA-2-768x432.jpg 768w, https:\/\/www.radiopiu.net\/wordpress\/wp-content\/uploads\/2022\/05\/POLIZIA-2-1536x864.jpg 1536w, https:\/\/www.radiopiu.net\/wordpress\/wp-content\/uploads\/2022\/05\/POLIZIA-2.jpg 1920w\" sizes=\"auto, (max-width: 170px) 100vw, 170px\" \/><\/a>BELLUNO <\/strong>Sul Portale Unico del reclutamento, disponibile all\u2019indirizzo <a href=\"http:\/\/www.inpa.gov.it\">www.inpa.gov.it<\/a> nonch\u00e9 sul sito <a href=\"http:\/\/www.poliziadistato.it\">www.poliziadistato.it<\/a>, \u00e8 stato pubblicato il bando di concorso pubblico, per titoli ed esami, per l\u2019assunzione di 140 commissari della carriera dei funzionari della Polizia di Stato, indetto con decreto del 16 febbraio 2023. La domanda di partecipazione al concorso potr\u00e0 essere presentata, \u00a0dalle \u00a0ore \u00a000.00 del 18 febbraio 2023 alle ore 23.59 del 20 marzo 2023, sia tramite il Portale unico di reclutamento che mediante la procedura informatica disponibile all\u2019indirizzo <a href=\"https:\/\/concorsionline.poliziadistato.it\">https:\/\/concorsionline.poliziadistato.it<\/a> (cliccando sull\u2019icona \u201cConcorso pubblico\u201d).<\/p>\n<p>&nbsp;<\/p>\n<p>&nbsp;<\/p>\n<hr \/>\n<p>&nbsp;<\/p>\n<blockquote>\n<h3>L&#8217;ASSEMBLEA DEI DONATORI DEL SANGUE DI CANALE D&#8217;AGORDO<\/h3>\n<\/blockquote>\n<p><strong><a class=\"dt-pswp-item\" href=\"https:\/\/www.radiopiu.net\/wordpress\/wp-content\/uploads\/2020\/09\/DONAZIONE-SANGUE.jpg\" data-dt-img-description=\"\" data-large_image_width=\"1920\" data-large_image_height=\"1282\"><img loading=\"lazy\" decoding=\"async\" class=\" wp-image-161053 alignleft\" src=\"https:\/\/www.radiopiu.net\/wordpress\/wp-content\/uploads\/2020\/09\/DONAZIONE-SANGUE-300x200.jpg\" alt=\"\" width=\"150\" height=\"100\" srcset=\"https:\/\/www.radiopiu.net\/wordpress\/wp-content\/uploads\/2020\/09\/DONAZIONE-SANGUE-300x200.jpg 300w, https:\/\/www.radiopiu.net\/wordpress\/wp-content\/uploads\/2020\/09\/DONAZIONE-SANGUE-1024x684.jpg 1024w, https:\/\/www.radiopiu.net\/wordpress\/wp-content\/uploads\/2020\/09\/DONAZIONE-SANGUE-768x513.jpg 768w, https:\/\/www.radiopiu.net\/wordpress\/wp-content\/uploads\/2020\/09\/DONAZIONE-SANGUE-1536x1026.jpg 1536w, https:\/\/www.radiopiu.net\/wordpress\/wp-content\/uploads\/2020\/09\/DONAZIONE-SANGUE-640x427.jpg 640w, https:\/\/www.radiopiu.net\/wordpress\/wp-content\/uploads\/2020\/09\/DONAZIONE-SANGUE.jpg 1920w\" sizes=\"auto, (max-width: 150px) 100vw, 150px\" \/><\/a>CANALE D&#8217;AGORDO<\/strong><\/p>\n<p>di Gianni Santomaso<\/p>\n<audio class=\"wp-audio-shortcode\" id=\"audio-323430-6\" preload=\"none\" style=\"width: 100%;\" controls=\"controls\"><source type=\"audio\/mpeg\" src=\"https:\/\/www.radiopiu.net\/wordpress\/wp-content\/uploads\/2023\/02\/GIANNI-ASSEMBLEA-DEI-DONATORI-DEL-SANGUE-DI-CANALE-DAGORDO.mp3?_=6\" \/><a href=\"https:\/\/www.radiopiu.net\/wordpress\/wp-content\/uploads\/2023\/02\/GIANNI-ASSEMBLEA-DEI-DONATORI-DEL-SANGUE-DI-CANALE-DAGORDO.mp3\">https:\/\/www.radiopiu.net\/wordpress\/wp-content\/uploads\/2023\/02\/GIANNI-ASSEMBLEA-DEI-DONATORI-DEL-SANGUE-DI-CANALE-DAGORDO.mp3<\/a><\/audio>\n<p>&nbsp;<\/p>\n<hr \/>\n<p>&nbsp;<\/p>\n<blockquote>\n<h3>IL DUP IN CONSIGLIO COMUNALE<\/h3>\n<\/blockquote>\n<p><strong>SELVA DI CADORE<\/strong> Il sindaco Luca Lorenzini ha convocato il consiglio comunale oggi alle 18. All&#8217;ordine del giorno l&#8217;imposta Imu (aliquote 2023), la verifica delle aree da destinarsi a residenza; approvazione del Dup e delle convenzione con l&#8217;Unione Montana sulle pari opportunit\u00e0<\/p>\n<p><strong>di Gianni Santomaso<\/strong><\/p>\n<audio class=\"wp-audio-shortcode\" id=\"audio-323430-7\" preload=\"none\" style=\"width: 100%;\" controls=\"controls\"><source type=\"audio\/mpeg\" src=\"https:\/\/www.radiopiu.net\/wordpress\/wp-content\/uploads\/2023\/02\/GIANNI-CONSIGLIO-SELVA.mp3?_=7\" \/><a href=\"https:\/\/www.radiopiu.net\/wordpress\/wp-content\/uploads\/2023\/02\/GIANNI-CONSIGLIO-SELVA.mp3\">https:\/\/www.radiopiu.net\/wordpress\/wp-content\/uploads\/2023\/02\/GIANNI-CONSIGLIO-SELVA.mp3<\/a><\/audio>\n<p>&nbsp;<\/p>\n<hr \/>\n<p>&nbsp;<\/p>\n<blockquote>\n<h3>DOMANI AL NOF FILO&#8217; CON GLI AMICI DELLA MONTAGNA CON TOIGO E PADROS<\/h3>\n<\/blockquote>\n<p><strong>di LUISA MANFROI<\/strong><\/p>\n<p><strong>CENCENIGHE<\/strong> Diego Toigo e Santiago Padr\u00f2s saranno ospiti del Gruppo Amici della Montagna di Cencenighe domani per presentare al Nof Fil\u00f2 \u201cAttraverso le Pale di San Lucano\u201d, la loro esperienza di concatenamento in quattro giorni e senza scendere a valle\u00a0 salendo vie alpinistiche in prima ripetizione. Un\u2019esperienza vissuta a giugno 2021\u00a0 da Diego Toigo, di Fozaso, istruttore Cai e da Santiago (Santi) Padr\u00f2s, catalano, guida alpina abitante a Fornesighe (Val di Zoldo) entrambi appassionati di avventure alpinistiche su pareti come quelle delle Pale di San Lucano che, come afferma Toigo: \u201csono teatro di un alpinismo storico ormai dimenticato da tanti arrampicatori e offrono ancora un perfetto campo di gioco per chi ricerca l\u2019avventura\u201d. La serata con ingresso libero e patrocinata dal Comune di Cencenighe, \u00e8 realizzata grazie al contributo di diversi sponsor. Sar\u00e0 presentata da Gianpaolo Soratroi e avr\u00e0 inizio alle ore 21. Al centro \u00e8 il racconto di Diego e Santi\u00a0 accompagnato da fotografie e un breve video di Ruggero Arena. Con questa iniziativa continua la lunga tradizione del Gruppo Amici della Montagna di Cencenighe, attivo dal 1979, di proporre serate con i protagonisti del mondo dell\u2019arrampicata.<\/p>\n<p><strong>ALLA RADIO<\/strong><\/p>\n<audio class=\"wp-audio-shortcode\" id=\"audio-323430-8\" preload=\"none\" style=\"width: 100%;\" controls=\"controls\"><source type=\"audio\/mpeg\" src=\"https:\/\/www.radiopiu.net\/wordpress\/wp-content\/uploads\/2023\/02\/Serata-Pale-di-San-Lucano.mp3?_=8\" \/><a href=\"https:\/\/www.radiopiu.net\/wordpress\/wp-content\/uploads\/2023\/02\/Serata-Pale-di-San-Lucano.mp3\">https:\/\/www.radiopiu.net\/wordpress\/wp-content\/uploads\/2023\/02\/Serata-Pale-di-San-Lucano.mp3<\/a><\/audio>\n<p>&nbsp;<\/p>\n\n\t\t\t<style type='text\/css'>\n\t\t\t\t#gallery-4 {\n\t\t\t\t\tmargin: auto;\n\t\t\t\t}\n\t\t\t\t#gallery-4 .gallery-item {\n\t\t\t\t\tfloat: left;\n\t\t\t\t\tmargin-top: 10px;\n\t\t\t\t\ttext-align: center;\n\t\t\t\t\twidth: 33%;\n\t\t\t\t}\n\t\t\t\t#gallery-4 img {\n\t\t\t\t\tborder: 2px solid #cfcfcf;\n\t\t\t\t}\n\t\t\t\t#gallery-4 .gallery-caption {\n\t\t\t\t\tmargin-left: 0;\n\t\t\t\t}\n\t\t\t\t\/* see gallery_shortcode() in wp-includes\/media.php *\/\n\t\t\t<\/style>\n\t\t<div id='gallery-4' class='dt-gallery-container gallery galleryid-323430 gallery-columns-3 gallery-size-thumbnail'><dl class='gallery-item'>\n\t\t\t\t<dt class='gallery-icon landscape'>\n\t\t\t\t\t<a class=\"rollover rollover-zoom dt-pswp-item\" title=\"Diego Toigo e Santi Padros\" data-dt-img-description=\"\" data-large_image_width=\"2560\" data-large_image_height=\"1707\"href='https:\/\/www.radiopiu.net\/wordpress\/wp-content\/uploads\/2023\/02\/Diego-Toigo-e-Santi-Padros-scaled.jpg'><img loading=\"lazy\" decoding=\"async\" width=\"150\" height=\"150\" src=\"https:\/\/www.radiopiu.net\/wordpress\/wp-content\/uploads\/2023\/02\/Diego-Toigo-e-Santi-Padros-150x150.jpg\" class=\"attachment-thumbnail size-thumbnail\" alt=\"\" \/><\/a>\n\t\t\t\t<\/dt><\/dl><dl class='gallery-item'>\n\t\t\t\t<dt class='gallery-icon landscape'>\n\t\t\t\t\t<a class=\"rollover rollover-zoom dt-pswp-item\" title=\"Una sosta in parete\" data-dt-img-description=\"\" data-large_image_width=\"2560\" data-large_image_height=\"1920\"href='https:\/\/www.radiopiu.net\/wordpress\/wp-content\/uploads\/2023\/02\/Una-sosta-in-parete-scaled.jpg'><img loading=\"lazy\" decoding=\"async\" width=\"150\" height=\"150\" src=\"https:\/\/www.radiopiu.net\/wordpress\/wp-content\/uploads\/2023\/02\/Una-sosta-in-parete-150x150.jpg\" class=\"attachment-thumbnail size-thumbnail\" alt=\"\" \/><\/a>\n\t\t\t\t<\/dt><\/dl><dl class='gallery-item'>\n\t\t\t\t<dt class='gallery-icon landscape'>\n\t\t\t\t\t<a class=\"rollover rollover-zoom dt-pswp-item\" title=\"panorama san lucano\" data-dt-img-description=\"\" data-large_image_width=\"960\" data-large_image_height=\"674\"href='https:\/\/www.radiopiu.net\/wordpress\/wp-content\/uploads\/2023\/02\/panorama-san-lucano-1.jpg'><img loading=\"lazy\" decoding=\"async\" width=\"150\" height=\"150\" src=\"https:\/\/www.radiopiu.net\/wordpress\/wp-content\/uploads\/2023\/02\/panorama-san-lucano-1-150x150.jpg\" class=\"attachment-thumbnail size-thumbnail\" alt=\"\" \/><\/a>\n\t\t\t\t<\/dt><\/dl><br style=\"clear: both\" \/>\n\t\t\t<\/div>\n\n<p>&nbsp;<\/p>\n<hr \/>\n<p>&nbsp;<\/p>\n<blockquote>\n<h3>BENEFICA CENA AL BUIO<\/h3>\n<\/blockquote>\n<p><strong>AGORDO<\/strong> L&#8217;Unione Italiana dei Ciechi e degli Ipovedenti di Belluno\u00a0 organizza per\u00a0 domani, alle 20, al centro parrocchiale Vincenzo Savio la cena al buio. Il costo dell&#8217;evento \u00e8 di \u20ac 40 a persona. Parte del ricavato verr\u00e0 impiegata per finanziare l&#8217;acquisto di un nuovo pulmino per il trasporto delle persone con disabilit\u00e0 visiva della provincia di Belluno a opera dei volontari U.N.I.Vo.C.<\/p>\n<p>&nbsp;<\/p>\n<hr \/>\n<p>&nbsp;<\/p>\n<blockquote>\n<h3>A FINE APRILE AGORDO IN VISITA AI GEMELLI FRANCESI<\/h3>\n<\/blockquote>\n<p><strong>AGORDO<\/strong> Il Comitato di gemellaggio ha organizzato una gita in Francia, dal 28 aprile al 01 maggio, occasione ideale per l&#8217;inaugurazione del graffito di Dunio Piccolin, sar\u00e0 inaugurato s<span id=\"page3R_mcid9\" class=\"markedContent\"><span dir=\"ltr\" role=\"presentation\">abato 29 aprile nella <\/span><span dir=\"ltr\" role=\"presentation\">sala delle <\/span><span dir=\"ltr\" role=\"presentation\">feste con visita al <\/span><span dir=\"ltr\" role=\"presentation\">castello di Dolomieu. <span id=\"page3R_mcid11\" class=\"markedContent\">Domenica 30 visita alla citt\u00e0 di Grenoble, centro citt\u00e0, musei, Bastiglia. <\/span><span id=\"page3R_mcid17\" class=\"markedContent\">Iscrizioni entro il 20 marzo scrivendo a<\/span><span id=\"page3R_mcid18\" class=\"markedContent\"> cgemellaggio.agordo@libero.it<\/span><span id=\"page3R_mcid19\" class=\"markedContent\"> Oppure chiamando il 3489159626<\/span><\/span><\/span><\/p>\n<p><img decoding=\"async\" src=\"https:\/\/www.radiopiu.net\/wordpress\/wp-content\/uploads\/2023\/02\/Senza-nome-56.jpg\" \/><\/p>\n<p>&nbsp;<\/p>\n<hr \/>\n<p>&nbsp;<\/p>\n<blockquote>\n<h3>LA MUSICA DI ENNIO MORRICONE<\/h3>\n<\/blockquote>\n<p><strong>BORGO VALBELLUNA<\/strong>\u00a0 \u00a0Mos\u00e9 Andrich in concerto,\u00a0 domani alle 16.00 alll\u2019Auditorium di Mel a Borgo Valbelluna con ingresso libero e gratuito. In programma le pi\u00f9 celebri colonne sonore di Ennio Morricone accanto ad altri brani celebri della tradizione pop rock, il tutto rivisitato al piano, con molto spazio lasciato all&#8217;improvvisazione. Inoltre composizioni originali, alcune delle quali presenti nel disco in prossima uscita.<\/p>\n<p>&nbsp;<\/p>\n<hr \/>\n<p>&nbsp;<\/p>\n<blockquote>\n<h3>ATTENTI AL LIBRO ALLA BIBLIOTECA DI BELLUNO<\/h3>\n<\/blockquote>\n<p><strong>BELLUNO<\/strong> Riprende oggi il progetto Attenti al libro!! , letture a alta voce per bambini da 3 a 6 anni, promosso dalla Biblioteca civica di Belluno. L\u2019appuntamento \u00e8 dalle 17 alle 17.30, nella sala al secondo piano di Palazzo Bembo, con ingresso da Piazzetta Giovan Battista Pellegrini, per tutti i venerd\u00ec, fino al 26 maggio<\/p>\n<p>&nbsp;<\/p>\n<p>&nbsp;<\/p>\n<hr \/>\n<p>&nbsp;<\/p>\n<blockquote>\n<h3>LA BENEDIZIONE DELLE CASE A SAN TOMASO<\/h3>\n<\/blockquote>\n<p><strong>SAN TOMASO<\/strong> Il parroco di San Tomaso Don Luigi Canal comunica che a partire da mercoled\u00ec 22 febbraio inizier\u00e0 la benedizione delle case. Questi gli appuntamenti: 24 febbraio Pianezze, Vallata, Valle, Val, Pian e Pian Molin. 27 febbraio Piaia, Pecol, Mezza Costa, 28 febbraio Roi, Colar\u00f9, Costa, 1 marzo Sot Colar\u00f9 e Avoscan.<\/p>\n<p>&nbsp;<\/p>\n<hr \/>\n<p>&nbsp;<\/p>\n<blockquote>\n<h3>LA MOSTRA DI LINDO NESELLO A SOSPIROLO<\/h3>\n<\/blockquote>\n<p><strong>SOSPIROLO<\/strong> Dal 25 febbraio al 19 marzo al Centro Civico di Sospirolo e biblioteca civica si pu\u00f2 visitare la mostra di Lindo Nesello dal titolo &#8220;Il paesaggio inedito degli anni 70-80&#8221;. Ingresso libero<\/p>\n<p>&nbsp;<\/p>\n<hr \/>\n<p>&nbsp;<\/p>\n<blockquote>\n<h3 class=\"photoswipe-wrapper\"><a class=\"dt-pswp-item pspw-wrap-ready\" href=\"https:\/\/www.radiopiu.net\/wordpress\/wp-content\/uploads\/2023\/02\/copertila-lea-luzzatto-2-definitiva.jpg\" data-dt-img-description=\"\" data-large_image_width=\"583\" data-large_image_height=\"806\"><img loading=\"lazy\" decoding=\"async\" class=\"wp-image-322089 alignleft\" src=\"https:\/\/www.radiopiu.net\/wordpress\/wp-content\/uploads\/2023\/02\/copertila-lea-luzzatto-2-definitiva-217x300.jpg\" sizes=\"auto, (max-width: 109px) 100vw, 109px\" srcset=\"https:\/\/www.radiopiu.net\/wordpress\/wp-content\/uploads\/2023\/02\/copertila-lea-luzzatto-2-definitiva-217x300.jpg 217w, https:\/\/www.radiopiu.net\/wordpress\/wp-content\/uploads\/2023\/02\/copertila-lea-luzzatto-2-definitiva.jpg 583w\" alt=\"\" width=\"109\" height=\"151\" \/><\/a>LA PRESENTAZIONE DEL NUOVO LIBRO DI ROBERTO DE NART<\/h3>\n<\/blockquote>\n<p><strong>BELLUNO\u00a0<\/strong>Sabato 25 febbraio alle 18 alla Libreria Tarantola di Belluno, in via Psaro 13\/A, si terr\u00e0 la presentazione del libro \u201cL\u2019inquietante morte di Lea Luzzatto\u201d di Roberto De Nart. Conduce l\u2019incontro Anna Polifroni, avvocato del Foro di Belluno. Lea Luzzatto \u00e8 una giovane professoressa bellunese di 23 anni che viene trovata esanime in casa, riversa in una pozza di sangue con il cranio fracassato nella gelida notte del 17 dicembre 1946. Il suo corpo giace in fondo alle scale della villetta di famiglia in via Feltre n.1 dove abita con la madre e il fratello. Il fatto fa molto scalpore in citt\u00e0, perch\u00e9 coinvolge una nota famiglia della borghesia bellunese. Morte accidentale o delitto? La triste vicenda \u00e8 ricostruita dall\u2019autore attraverso gli atti processuali conservati all\u2019Archivio di Stato di Venezia e gli articoli di giornale dell\u2019epoca.<\/p>\n<p>&nbsp;<\/p>\n<p>&nbsp;<\/p>\n<hr \/>\n<p>&nbsp;<\/p>\n<blockquote>\n<h3>IL 19 MARZO TORNA SUL BROI LA VECIA POPA<\/h3>\n<\/blockquote>\n<p><strong>AGORDO<\/strong>\u00a0La Vecia Popa \u00e8 pronta per tonare sul Broi di Agordo . L\u2019Appuntamento \u00e8 per domenica 19 marzo con la festa e l\u2019atteso testamento.<\/p>\n<div id=\"gallery-5\" class=\"dt-gallery-container gallery galleryid-323239 gallery-columns-2 gallery-size-medium\">\n<dl class=\"gallery-item\">\n<dt class=\"gallery-icon landscape\"><a class=\"rollover rollover-zoom dt-pswp-item pspw-wrap-ready this-ready\" title=\"dee7dc2b-e175-4363-a25e-dfe83fa36671\" href=\"https:\/\/www.radiopiu.net\/wordpress\/wp-content\/uploads\/2023\/02\/dee7dc2b-e175-4363-a25e-dfe83fa36671.jpg\" data-dt-img-description=\"\" data-large_image_width=\"813\" data-large_image_height=\"540\"><img loading=\"lazy\" decoding=\"async\" class=\"attachment-medium size-medium\" src=\"https:\/\/www.radiopiu.net\/wordpress\/wp-content\/uploads\/2023\/02\/dee7dc2b-e175-4363-a25e-dfe83fa36671-300x199.jpg\" sizes=\"auto, (max-width: 300px) 100vw, 300px\" srcset=\"https:\/\/www.radiopiu.net\/wordpress\/wp-content\/uploads\/2023\/02\/dee7dc2b-e175-4363-a25e-dfe83fa36671-300x199.jpg 300w, https:\/\/www.radiopiu.net\/wordpress\/wp-content\/uploads\/2023\/02\/dee7dc2b-e175-4363-a25e-dfe83fa36671-768x510.jpg 768w, https:\/\/www.radiopiu.net\/wordpress\/wp-content\/uploads\/2023\/02\/dee7dc2b-e175-4363-a25e-dfe83fa36671.jpg 813w\" alt=\"\" width=\"300\" height=\"199\" \/><i><\/i><\/a><\/dt>\n<\/dl>\n<dl class=\"gallery-item\">\n<dt class=\"gallery-icon landscape\"><a class=\"rollover rollover-zoom dt-pswp-item pspw-wrap-ready this-ready\" title=\"ddc0aeda-a4e9-4a5b-b809-227e841efa46\" href=\"https:\/\/www.radiopiu.net\/wordpress\/wp-content\/uploads\/2023\/02\/ddc0aeda-a4e9-4a5b-b809-227e841efa46.jpg\" data-dt-img-description=\"\" data-large_image_width=\"300\" data-large_image_height=\"199\"><img loading=\"lazy\" decoding=\"async\" class=\"attachment-medium size-medium\" src=\"https:\/\/www.radiopiu.net\/wordpress\/wp-content\/uploads\/2023\/02\/ddc0aeda-a4e9-4a5b-b809-227e841efa46.jpg\" alt=\"\" width=\"300\" height=\"199\" \/><\/a><\/dt>\n<\/dl>\n<\/div>\n<p>&nbsp;<\/p>\n<p>&nbsp;<\/p>\n<hr \/>\n<p>&nbsp;<\/p>\n<h2><span style=\"color: #ff6600;\">DA DEDICHE E RICHIESTE DI MERCOLEDI&#8217; SERA<\/span><\/h2>\n<blockquote>\n<h3>LA STORIA. SIMONE, 21 ANNI SI LICENZIA DA LUXOTTICA (POSTO FISSO) PER FARE IL PANETTIERE<\/h3>\n<\/blockquote>\n<p><strong><img loading=\"lazy\" decoding=\"async\" class=\"alignleft\" src=\"https:\/\/www.radiopiu.net\/wordpress\/wp-content\/uploads\/2023\/02\/e4b22693-5dec-47c8-82ba-d0fc87aa1530.jpg\" width=\"182\" height=\"180\" \/>REDAZIONE<\/strong> Prendi Simone&#8230; Simone Moro, 21 anni da poco uscito nel mondo della scuola e in un battibaleno ritrovatosi proiettato in quello del lavoro. Primo impiego in Luxottica, ragazzo di valore e posto fisso assicurato. Fatta. Molti, di pi\u00f9 generazioni l&#8217;hanno spesso pensata cos\u00ec. Simone no. Dopo un periodo in fabbrica la decisione, entrare in altri mondi e tra poco capiremo il perch\u00e8 ascoltando il suo intervento. Fuori da Luxottica un secondo impiego stagionale in un Rifugio, di quelli che si raggiungono solo a piedi e che comporta fatica, sacrificio, tutto ripagato da grandi soddisfazioni sensoriali e non solo. Quindi l&#8217;impiego attuale: panettiere.\u00a0 Simone Moro \u00e8 stato ospite della trasmissione del mercoledi sera, quattro amici attorno al mixer con Simonetta Tom\u00e8, Moreno Tocchetto, Marco Gaz e Mirko Mezzacasa<\/p>\n<p><strong>AUDIO\u00a0<\/strong><\/p>\n<audio class=\"wp-audio-shortcode\" id=\"audio-323430-9\" preload=\"none\" style=\"width: 100%;\" controls=\"controls\"><source type=\"audio\/mpeg\" src=\"https:\/\/www.radiopiu.net\/wordpress\/wp-content\/uploads\/2023\/02\/simone.mp3?_=9\" \/><a href=\"https:\/\/www.radiopiu.net\/wordpress\/wp-content\/uploads\/2023\/02\/simone.mp3\">https:\/\/www.radiopiu.net\/wordpress\/wp-content\/uploads\/2023\/02\/simone.mp3<\/a><\/audio>\n<p>&nbsp;<\/p>\n<p>&nbsp;<\/p>\n<blockquote>\n<h3>LA STORIA&#8230;MAGGIORENNE IN MESSICO CON LA NOSTALGIA PER BELLUNO<\/h3>\n<\/blockquote>\n<p><strong><a class=\"dt-pswp-item\" href=\"https:\/\/www.radiopiu.net\/wordpress\/wp-content\/uploads\/2023\/02\/321187873_140911892140592_1327614310526744323_n.jpg\" data-dt-img-description=\"\" data-large_image_width=\"640\" data-large_image_height=\"640\"><img loading=\"lazy\" decoding=\"async\" class=\"wp-image-323497 alignleft\" src=\"https:\/\/www.radiopiu.net\/wordpress\/wp-content\/uploads\/2023\/02\/321187873_140911892140592_1327614310526744323_n-300x300.jpg\" alt=\"\" width=\"187\" height=\"187\" srcset=\"https:\/\/www.radiopiu.net\/wordpress\/wp-content\/uploads\/2023\/02\/321187873_140911892140592_1327614310526744323_n-300x300.jpg 300w, https:\/\/www.radiopiu.net\/wordpress\/wp-content\/uploads\/2023\/02\/321187873_140911892140592_1327614310526744323_n-150x150.jpg 150w, https:\/\/www.radiopiu.net\/wordpress\/wp-content\/uploads\/2023\/02\/321187873_140911892140592_1327614310526744323_n.jpg 640w\" sizes=\"auto, (max-width: 187px) 100vw, 187px\" \/><\/a>REDAZIONE<\/strong> Giulia Moro, bellunesi, maggiorenne da poche settimana, dallo scorso giorno della befana. Il diciottesimo anno l&#8217;ha festeggiato in Messico, da Belluno \u00e8 partita la scorsa estate per un anno di studio ben oltre confine. Un&#8217;esperienza che consiglia ai giovani della sua generazione, Giulia si racconta a RADIOPIU al programma del mercoledi sera 4 amici attorno al mixer con Simonetta Tom\u00e8, Moreno Tocchetto, Marco Gaz e Mirko Mezzacasa<\/p>\n<p><strong>AUDIO<\/strong><\/p>\n<audio class=\"wp-audio-shortcode\" id=\"audio-323430-10\" preload=\"none\" style=\"width: 100%;\" controls=\"controls\"><source type=\"audio\/mpeg\" src=\"https:\/\/www.radiopiu.net\/wordpress\/wp-content\/uploads\/2023\/02\/giulia.mp3?_=10\" \/><a href=\"https:\/\/www.radiopiu.net\/wordpress\/wp-content\/uploads\/2023\/02\/giulia.mp3\">https:\/\/www.radiopiu.net\/wordpress\/wp-content\/uploads\/2023\/02\/giulia.mp3<\/a><\/audio>\n<p>&nbsp;<\/p>\n<p>&nbsp;<\/p>\n<blockquote>\n<h3>ANNA VALT, LA PIU&#8217; BELLA DELLA VALLE DEL BIOIS. LA ZINGHENESTA<\/h3>\n<\/blockquote>\n<p><strong><img loading=\"lazy\" decoding=\"async\" class=\"alignleft\" src=\"https:\/\/www.radiopiu.net\/wordpress\/wp-content\/uploads\/2023\/02\/anna-valt-zinghenesta-2023.jpg\" width=\"279\" height=\"186\" \/>REDAZIONE<\/strong> Anna poco pi\u00f9 che ventenne, bella, nel fiore dell&#8217;et\u00e0 e della freschezza. Non solo bella, pure spigliata, sorridente e innamorata del suo Riccardo. Lo abbiamo scoperto mercoledi sera, nel programma 4 amici attorno al mixer, la radio come 40 anni fa con Simonetta, Moreno, Marco e Mirco. Un incontro davvero piacevole,<\/p>\n<p><strong>AUDIO<\/strong><\/p>\n<audio class=\"wp-audio-shortcode\" id=\"audio-323430-11\" preload=\"none\" style=\"width: 100%;\" controls=\"controls\"><source type=\"audio\/mpeg\" src=\"https:\/\/www.radiopiu.net\/wordpress\/wp-content\/uploads\/2023\/02\/ANNA.mp3?_=11\" \/><a href=\"https:\/\/www.radiopiu.net\/wordpress\/wp-content\/uploads\/2023\/02\/ANNA.mp3\">https:\/\/www.radiopiu.net\/wordpress\/wp-content\/uploads\/2023\/02\/ANNA.mp3<\/a><\/audio>\n<p>&nbsp;<\/p>\n<p>&nbsp;<\/p>\n<blockquote>\n<h3>ELSA E CANDIDO I CENTENARI DI ROCCA PIETORE, DE BERNARDIN &#8220;MA VI SEMBRA L&#8217;ORA DI CHIAMARE?&#8221;<\/h3>\n<\/blockquote>\n<p><strong><img loading=\"lazy\" decoding=\"async\" class=\"alignleft\" src=\"https:\/\/www.radiopiu.net\/wordpress\/wp-content\/uploads\/2021\/03\/ANDREA-DE-BERNARDIN.jpg\" width=\"306\" height=\"172\" \/>REDAZIONE<\/strong> Abbiamo rischiato di essere mandati a quel paese, in effetti svegliare un sindaco alle dieci e mezza di sera \u00e8 un azzardo, ma alla fine il primo cittadino \u00e8 stato al &#8220;gioco&#8221; del programma serale del mercoledi con Simonetta, Marco, Moreno e Mirko. Con Andrea De Bernardin gli auguri ai centenari, a Elsa che a 96 anni era sul tetto a spalare la neve, a Candido che a 100 anni suonava la fisarmonica a bocca versando il vino a mano ferma. &#8220;Non mi ricandido&#8221; dice il sindaco &#8220;Non possono sono al terzo mandato come i colleghi Moreno De Val e Fabio Luchetta&#8221;. Momento ideale per concentrarsi sul nuovo incarico come segretario della Lega Nord. Volutamente sfiorato ed evitato il caso &#8220;lazzaroni-assistenzialisti&#8221; e relativa ultima decisione del Tribunale.<\/p>\n<p>AUDIO<\/p>\n<audio class=\"wp-audio-shortcode\" id=\"audio-323430-12\" preload=\"none\" style=\"width: 100%;\" controls=\"controls\"><source type=\"audio\/mpeg\" src=\"https:\/\/www.radiopiu.net\/wordpress\/wp-content\/uploads\/2023\/02\/ANDREA-1.mp3?_=12\" \/><a href=\"https:\/\/www.radiopiu.net\/wordpress\/wp-content\/uploads\/2023\/02\/ANDREA-1.mp3\">https:\/\/www.radiopiu.net\/wordpress\/wp-content\/uploads\/2023\/02\/ANDREA-1.mp3<\/a><\/audio>\n<p>&nbsp;<\/p>\n<p>&nbsp;<\/p>\n<blockquote>\n<h3>DA CAMPO, MARCHIO DELL&#8217;ACCOGLIENZA E TURISMO A VOLTAGO<\/h3>\n<\/blockquote>\n<p><strong><a class=\"dt-pswp-item\" href=\"https:\/\/www.radiopiu.net\/wordpress\/wp-content\/uploads\/2023\/02\/55964152_325905611444023_8252929764076027904_n.jpg\" data-dt-img-description=\"\" data-large_image_width=\"640\" data-large_image_height=\"640\"><img loading=\"lazy\" decoding=\"async\" class=\"wp-image-323590 alignleft\" src=\"https:\/\/www.radiopiu.net\/wordpress\/wp-content\/uploads\/2023\/02\/55964152_325905611444023_8252929764076027904_n-300x300.jpg\" alt=\"\" width=\"175\" height=\"175\" srcset=\"https:\/\/www.radiopiu.net\/wordpress\/wp-content\/uploads\/2023\/02\/55964152_325905611444023_8252929764076027904_n-300x300.jpg 300w, https:\/\/www.radiopiu.net\/wordpress\/wp-content\/uploads\/2023\/02\/55964152_325905611444023_8252929764076027904_n-150x150.jpg 150w, https:\/\/www.radiopiu.net\/wordpress\/wp-content\/uploads\/2023\/02\/55964152_325905611444023_8252929764076027904_n.jpg 640w\" sizes=\"auto, (max-width: 175px) 100vw, 175px\" \/><\/a>REDAZIONE<\/strong> Duilio Da Campo, da quarant&#8217;anni al servizio di un paese con il suo punto vendita alimentari di riferimento, ma anche con la distribuzione della spesa a domicilio. E poi il bar, albergo, ristorante e pizzeria gestito dai fratelli. Angelo, Ilario e Duilio, una pagina di storia per il paese di Voltago, cos\u00ec per chi li ha preceduti credendo nell&#8217;accoglienza e nel turismo ai piedi dell&#8217;Agner. Duilio ha aperto il programma dei mercoledi di sera, alla radio come 40 anni fa con Moreno, Mirko, Marco e Simonetta<\/p>\n<p><strong>AUDIO<\/strong><\/p>\n<audio class=\"wp-audio-shortcode\" id=\"audio-323430-13\" preload=\"none\" style=\"width: 100%;\" controls=\"controls\"><source type=\"audio\/mpeg\" src=\"https:\/\/www.radiopiu.net\/wordpress\/wp-content\/uploads\/2023\/02\/DUILIO.mp3?_=13\" \/><a href=\"https:\/\/www.radiopiu.net\/wordpress\/wp-content\/uploads\/2023\/02\/DUILIO.mp3\">https:\/\/www.radiopiu.net\/wordpress\/wp-content\/uploads\/2023\/02\/DUILIO.mp3<\/a><\/audio>\n<p>&nbsp;<\/p>\n<p>&nbsp;<\/p>\n<hr \/>\n<p>&nbsp;<\/p>\n<div>\n<div class=\"b654a4as d2edcug0\">\n<div class=\"rq0escxv hkbzh7o3 jwdofwj8 n8tt0mok r8blr3vg hyh9befq\">\n<p><a class=\"dt-pswp-item\" href=\"https:\/\/www.radiopiu.net\/wordpress\/wp-content\/uploads\/2020\/10\/pp.jpg\" data-dt-img-description=\"\" data-large_image_width=\"640\" data-large_image_height=\"640\"><img loading=\"lazy\" decoding=\"async\" class=\"wp-image-163678 alignleft\" src=\"https:\/\/www.radiopiu.net\/wordpress\/wp-content\/uploads\/2020\/10\/pp-300x300.jpg\" alt=\"\" width=\"106\" height=\"106\" srcset=\"https:\/\/www.radiopiu.net\/wordpress\/wp-content\/uploads\/2020\/10\/pp-300x300.jpg 300w, https:\/\/www.radiopiu.net\/wordpress\/wp-content\/uploads\/2020\/10\/pp-150x150.jpg 150w, https:\/\/www.radiopiu.net\/wordpress\/wp-content\/uploads\/2020\/10\/pp-125x125.jpg 125w, https:\/\/www.radiopiu.net\/wordpress\/wp-content\/uploads\/2020\/10\/pp-200x200.jpg 200w, https:\/\/www.radiopiu.net\/wordpress\/wp-content\/uploads\/2020\/10\/pp-80x80.jpg 80w, https:\/\/www.radiopiu.net\/wordpress\/wp-content\/uploads\/2020\/10\/pp-480x480.jpg 480w, https:\/\/www.radiopiu.net\/wordpress\/wp-content\/uploads\/2020\/10\/pp.jpg 640w\" sizes=\"auto, (max-width: 106px) 100vw, 106px\" \/><\/a><\/p>\n<\/div>\n<\/div>\n<\/div>\n<div>\n<div class=\"page-title-head hgroup\">\n<div class=\"page-title-head hgroup\">\n<div class=\"b654a4as d2edcug0\">\n<div class=\"j83agx80 btwxx1t3 lhclo0ds hop8lmos nkwizq5d scwd0bx6 roh60bw9\">\n<div class=\"rq0escxv hkbzh7o3 jwdofwj8 n8tt0mok r8blr3vg hyh9befq\">\n<div class=\"do00u71z l9j0dhe7 k4urcfbm\" style=\"text-align: left;\">\n<h2><span style=\"color: #000080;\">DON CESARE, IL PENSIERO DEL GIORNO. ALLA RADIO ALLE 7 DEL MATTINO E ALLE 19.30 DELLA SERA\u00a0<\/span><\/h2>\n<audio class=\"wp-audio-shortcode\" id=\"audio-323430-14\" preload=\"none\" style=\"width: 100%;\" controls=\"controls\"><source type=\"audio\/mpeg\" src=\"https:\/\/www.radiopiu.net\/wordpress\/wp-content\/uploads\/2023\/02\/CESARE-21.mp3?_=14\" \/><a href=\"https:\/\/www.radiopiu.net\/wordpress\/wp-content\/uploads\/2023\/02\/CESARE-21.mp3\">https:\/\/www.radiopiu.net\/wordpress\/wp-content\/uploads\/2023\/02\/CESARE-21.mp3<\/a><\/audio>\n<\/div>\n<\/div>\n<\/div>\n<\/div>\n<\/div>\n<\/div>\n<\/div>\n<p>&nbsp;<\/p>\n<p>&nbsp;<\/p>\n<hr \/>\n<p>&nbsp;<\/p>\n<h2><span style=\"color: #ff00ff;\">IN VIVO VERSO\u00a0 \u00a0\u00a0<\/span><\/h2>\n<p>&nbsp;<\/p>\n<blockquote>\n<h3>LA NOTTE PAOLO CAIANIELLO<\/h3>\n<\/blockquote>\n<p>AUDIO<\/p>\n<audio class=\"wp-audio-shortcode\" id=\"audio-323430-15\" preload=\"none\" style=\"width: 100%;\" controls=\"controls\"><source type=\"audio\/mpeg\" src=\"https:\/\/www.radiopiu.net\/wordpress\/wp-content\/uploads\/2023\/02\/04-CAIANIELLO-LA-NOTTE.mp3?_=15\" \/><a href=\"https:\/\/www.radiopiu.net\/wordpress\/wp-content\/uploads\/2023\/02\/04-CAIANIELLO-LA-NOTTE.mp3\">https:\/\/www.radiopiu.net\/wordpress\/wp-content\/uploads\/2023\/02\/04-CAIANIELLO-LA-NOTTE.mp3<\/a><\/audio>\n<p>&nbsp;<\/p>\n<p>Vivo qui,<br \/>\ncome un faro spento,<br \/>\ndisperso nell\u2019ondoso mare<br \/>\ndei tuoi occhi<br \/>\nche non ho mai smesso<br \/>\ndi cercare<br \/>\ne di notte<br \/>\nl\u2019anima annega<br \/>\ndentro gallerie mentali,<br \/>\nricuce stracci di parole,<br \/>\nammucchia sassi<br \/>\nsenza premura,<br \/>\nannaffia i gerani,<br \/>\nci parla,<br \/>\nruba l\u2019amore.<br \/>\nMa io lo so<br \/>\nnel tuo sangue avverso<br \/>\nscorre un finto bastarti<br \/>\nche ti secca le ossa<br \/>\ne i capelli<br \/>\ne ti lascia nel silenzio<br \/>\ncome un rosario<br \/>\nappeso al muro<\/p>\n<p>&nbsp;<\/p>\n<div dir=\"auto\">\n<div dir=\"auto\">\n<div dir=\"auto\">\n<p><strong>LA RACCOLTA COMPLETA<\/strong><\/p>\n<blockquote class=\"wp-embedded-content\" data-secret=\"az5KIIr5OL\"><p><a href=\"https:\/\/www.radiopiu.net\/wordpress\/in-vivo-verso\/\">In Vivo Verso<\/a><\/p><\/blockquote>\n<p><iframe loading=\"lazy\" class=\"wp-embedded-content\" sandbox=\"allow-scripts\" security=\"restricted\" style=\"position: absolute; clip: rect(1px, 1px, 1px, 1px);\" title=\"&#8220;In Vivo Verso&#8221; &#8212; Radio Pi\u00f9\" src=\"https:\/\/www.radiopiu.net\/wordpress\/in-vivo-verso\/embed\/#?secret=j0DydXDjFk#?secret=az5KIIr5OL\" data-secret=\"az5KIIr5OL\" width=\"600\" height=\"338\" frameborder=\"0\" marginwidth=\"0\" marginheight=\"0\" scrolling=\"no\"><\/iframe><\/p>\n<\/div>\n<\/div>\n<\/div>\n<hr \/>\n<p>&nbsp;<\/p>\n<h2><span style=\"color: #008080;\">GOCCE DI FILOSOFIA<\/span><\/h2>\n<blockquote>\n<h3>GOCCE DI FILOSOFIA &#8211; PUNTATA 254 &#8211; LISA DE LUCA<\/h3>\n<\/blockquote>\n<audio class=\"wp-audio-shortcode\" id=\"audio-323430-16\" preload=\"none\" style=\"width: 100%;\" controls=\"controls\"><source type=\"audio\/mpeg\" src=\"https:\/\/www.radiopiu.net\/wordpress\/wp-content\/uploads\/2023\/02\/FI4-2.mp3?_=16\" \/><a href=\"https:\/\/www.radiopiu.net\/wordpress\/wp-content\/uploads\/2023\/02\/FI4-2.mp3\">https:\/\/www.radiopiu.net\/wordpress\/wp-content\/uploads\/2023\/02\/FI4-2.mp3<\/a><\/audio>\n<p>&nbsp;<\/p>\n<p>LA RACCOLTA COMPLETA<\/p>\n<blockquote class=\"wp-embedded-content\" data-secret=\"9YqB2rDJFW\"><p><a href=\"https:\/\/www.radiopiu.net\/wordpress\/gocce-filosofia\/\">Gocce di filosofia,  LA TERZA STAGIONE&#8230; 2023<\/a><\/p><\/blockquote>\n<p><iframe loading=\"lazy\" class=\"wp-embedded-content\" sandbox=\"allow-scripts\" security=\"restricted\" style=\"position: absolute; clip: rect(1px, 1px, 1px, 1px);\" title=\"&#8220;Gocce di filosofia,  LA TERZA STAGIONE&#8230; 2023&#8221; &#8212; Radio Pi\u00f9\" src=\"https:\/\/www.radiopiu.net\/wordpress\/gocce-filosofia\/embed\/#?secret=DQoAONhEH2#?secret=9YqB2rDJFW\" data-secret=\"9YqB2rDJFW\" width=\"600\" height=\"338\" frameborder=\"0\" marginwidth=\"0\" marginheight=\"0\" scrolling=\"no\"><\/iframe><\/p>\n<p>&nbsp;<\/p>\n<p>&nbsp;<\/p>\n<hr \/>\n<p>&nbsp;<\/p>\n<div class=\"column\">\n<p><img loading=\"lazy\" decoding=\"async\" class=\"aligncenter wp-image-61954 size-full\" src=\"https:\/\/www.radiopiu.net\/wordpress\/wp-content\/uploads\/2018\/09\/viabilita.jpeg\" sizes=\"auto, (max-width: 800px) 100vw, 800px\" srcset=\"https:\/\/www.radiopiu.net\/wordpress\/wp-content\/uploads\/2018\/09\/viabilita.jpeg 800w, https:\/\/www.radiopiu.net\/wordpress\/wp-content\/uploads\/2018\/09\/viabilita-300x38.jpeg 300w, https:\/\/www.radiopiu.net\/wordpress\/wp-content\/uploads\/2018\/09\/viabilita-768x96.jpeg 768w\" alt=\"\" width=\"800\" height=\"100\" \/><\/p>\n<p>&nbsp;<\/p>\n<blockquote class=\"wp-embedded-content\" data-secret=\"LzmiAidnhM\"><p><a href=\"https:\/\/www.radiopiu.net\/wordpress\/viabilita\/\">viabilita<\/a><\/p><\/blockquote>\n<p><iframe loading=\"lazy\" class=\"wp-embedded-content\" sandbox=\"allow-scripts\" security=\"restricted\" style=\"position: absolute; clip: rect(1px, 1px, 1px, 1px);\" title=\"&#8220;viabilita&#8221; &#8212; Radio Pi\u00f9\" src=\"https:\/\/www.radiopiu.net\/wordpress\/viabilita\/embed\/#?secret=umsh8720rC#?secret=LzmiAidnhM\" data-secret=\"LzmiAidnhM\" width=\"600\" height=\"338\" frameborder=\"0\" marginwidth=\"0\" marginheight=\"0\" scrolling=\"no\"><\/iframe><\/p>\n<div>\n<div dir=\"ltr\">\n<div class=\"gmail_quote\">\n<div dir=\"ltr\">\n<div class=\"gmail_quote\"><\/div>\n<\/div>\n<\/div>\n<\/div>\n<\/div>\n<p>&nbsp;<\/p>\n<hr \/>\n<p>&nbsp;<\/p>\n<p><a class=\"dt-pswp-item\" href=\"https:\/\/www.radiopiu.net\/wordpress\/wp-content\/uploads\/2018\/09\/WhatsApp-Image-2018-09-20-at-16.04.06.jpeg\" data-dt-img-description=\"\" data-large_image_width=\"800\" data-large_image_height=\"100\"><img loading=\"lazy\" decoding=\"async\" class=\"wp-image-61378 size-full aligncenter\" src=\"https:\/\/www.radiopiu.net\/wordpress\/wp-content\/uploads\/2018\/09\/WhatsApp-Image-2018-09-20-at-16.04.06.jpeg\" alt=\"\" width=\"800\" height=\"100\" srcset=\"https:\/\/www.radiopiu.net\/wordpress\/wp-content\/uploads\/2018\/09\/WhatsApp-Image-2018-09-20-at-16.04.06.jpeg 800w, https:\/\/www.radiopiu.net\/wordpress\/wp-content\/uploads\/2018\/09\/WhatsApp-Image-2018-09-20-at-16.04.06-300x38.jpeg 300w, https:\/\/www.radiopiu.net\/wordpress\/wp-content\/uploads\/2018\/09\/WhatsApp-Image-2018-09-20-at-16.04.06-768x96.jpeg 768w\" sizes=\"auto, (max-width: 800px) 100vw, 800px\" \/><\/a><\/p>\n<p>&nbsp;<\/p>\n<p><center><b>OGGI<\/b><\/center>Cielo coperto per nubi medie e basse tra la notte e la prima parte del mattino, quando si verificheranno residui debolissimi fenomeni. Entro le ore centrali rasserenamenti, dapprima in quota, poi nelle valli, ma con qualche eccezione per nubi basse, specie nelle conche e valli prealpine, ma non solo. Atmosfera meno uggiosa, ad eccezione dei settori dove le nubi basse saranno pi\u00f9 tenaci.<br \/>\n<b>Precipitazioni: <\/b>Tra la notte e il primo mattino probabili residue e debolissime precipitazioni, nevose sopra i 1300-1500 m. In giornata generalmente assenti quasi ovunque.<br \/>\n<b>Temperature: <\/b>Minime senza variazioni di rilievo; massime in leggera ripresa sotto i 2000-2200 m e in lieve diminuzione sopra tali quote. Debole escursione termica giornaliera nelle valli.<\/p>\n<hr \/>\n<p><center><b>DOMANI<\/b><\/center>Nottetempo nuvoloso ovunque; in mattinata sulle Dolomiti miglioramento del tempo con sole e cielo via via pi\u00f9 sereno, mentre il soleggiamento sar\u00e0 minore sulle Prealpi sia per il maggiore ristagno di stratocumuli che per l&#8217;attivit\u00e0 cumuliforme pomeridiana. Alla sera la nuvolosit\u00e0 si estender\u00e0 di nuovo quasi ovunque. Minore umidit\u00e0 e maggiore escursione termica giornaliera, specie sulle Dolomiti.<br \/>\n<b>Precipitazioni: <\/b>Assenti, salvo qualche goccia\/fiocco sulle cime prealpine in corrispondenza degli addensamenti cumuliformi pomeridiani<br \/>\n<b>Temperature: <\/b>Minime in calo nelle valli, stazionarie in quota al mattino e in calo in tarda serata per sopraggiungere di aria fredda. Massime in generale temporanea ripresa.<\/p>\n<hr \/>\n<p><center><b>DOMENICA<\/b><\/center>Sulle Dolomiti nottetempo cielo in parte nuvoloso, poi rasserenamenti, prima che il cielo si copra di nuovo al pomeriggio\/sera, assieme a sporadica e debolissima neve. Sulle Prealpi condizioni diverse con instabilit\u00e0 notturna per addensamenti associati a rovesci sparsi, nevosi oltre i 500-600 m; specie su quelle occidentali. Poi intervallo di variabilit\u00e0, prima che il cielo torni a coprirsi con rischio di qualche fiocco fino a fondovalle. Temperature in generale graduale calo, salvo temporanei rialzi per Foehn in alcune valli; le minime saranno ovunque osservate alla sera<\/p>\n<hr \/>\n<p><center><b>LUNEDI<\/b><\/center>Lieve peggioramento con maltempo di stampo invernale, cio\u00e8 con debole o debolissima neve fino a bassa quota, compresa la pedemontana. Temperature in ulreriore calo.<\/p>\n<\/div>\n<p>&nbsp;<\/p>\n<p>&nbsp;<\/p>\n<hr \/>\n<p>&nbsp;<\/p>\n<p><a class=\"dt-pswp-item\" href=\"https:\/\/www.radiopiu.net\/wordpress\/wp-content\/uploads\/2018\/09\/sport.jpg\" data-dt-img-description=\"\" data-large_image_width=\"800\" data-large_image_height=\"100\"><img loading=\"lazy\" decoding=\"async\" class=\"aligncenter wp-image-60761 size-full\" src=\"https:\/\/www.radiopiu.net\/wordpress\/wp-content\/uploads\/2018\/09\/sport.jpg\" alt=\"\" width=\"800\" height=\"100\" srcset=\"https:\/\/www.radiopiu.net\/wordpress\/wp-content\/uploads\/2018\/09\/sport.jpg 800w, https:\/\/www.radiopiu.net\/wordpress\/wp-content\/uploads\/2018\/09\/sport-300x38.jpg 300w, https:\/\/www.radiopiu.net\/wordpress\/wp-content\/uploads\/2018\/09\/sport-768x96.jpg 768w\" sizes=\"auto, (max-width: 800px) 100vw, 800px\" \/><\/a><\/p>\n<p>&nbsp;<\/p>\n<p><span style=\"color: #0000ff;\"><strong>PALLAVOLO<\/strong><\/span><\/p>\n<blockquote>\n<h3>INIZIA CON IL PIEDE SBAGLIATO IL CAMPINATO UNDER 16 DEL VOLLEY CLUB AGORDINO<\/h3>\n<\/blockquote>\n<p><strong><a class=\"dt-pswp-item\" href=\"https:\/\/www.radiopiu.net\/wordpress\/wp-content\/uploads\/2021\/04\/volley.jpg\" data-dt-img-description=\"\" data-large_image_width=\"1920\" data-large_image_height=\"1280\"><img loading=\"lazy\" decoding=\"async\" class=\" wp-image-202603 alignleft\" src=\"https:\/\/www.radiopiu.net\/wordpress\/wp-content\/uploads\/2021\/04\/volley-300x200.jpg\" alt=\"\" width=\"171\" height=\"114\" srcset=\"https:\/\/www.radiopiu.net\/wordpress\/wp-content\/uploads\/2021\/04\/volley-300x200.jpg 300w, https:\/\/www.radiopiu.net\/wordpress\/wp-content\/uploads\/2021\/04\/volley-1024x683.jpg 1024w, https:\/\/www.radiopiu.net\/wordpress\/wp-content\/uploads\/2021\/04\/volley-768x512.jpg 768w, https:\/\/www.radiopiu.net\/wordpress\/wp-content\/uploads\/2021\/04\/volley-1536x1024.jpg 1536w, https:\/\/www.radiopiu.net\/wordpress\/wp-content\/uploads\/2021\/04\/volley.jpg 1920w\" sizes=\"auto, (max-width: 171px) 100vw, 171px\" \/><\/a>di Marco Gaz<\/strong><\/p>\n<p><strong>CAMPIONATO UNDER 16<\/strong><\/p>\n<p><strong>VOLLEY GALLO &#8211; VOLLEY CLUB AGORDINO 3-0 (25-21, 25-8, 25-12)<\/strong><\/p>\n<p>Non \u00e8 iniziato nel migliore dei modi il campionato Under 16 del Volley Club Agordino che ha esordito a Conegliano contro il Gallo. Le ragazze di Agordo non sono riuscite ad incamerare punti contro le trevigiane: La compagine agordina ha tenuto un solo set per poi crollare e lasciare un&#8217;autostrada alle rivali. Volley Club Agordino che nel primo set gioca bene rimanendo in partita. Nel secondo parziale la compagine di Agordo spegne la luce mettendo a segno solo 8 punti. Terzo set ancora del Volley Gallo che concede poco o nulla alle agordine conquistando i tre punti. Prima uscita da dimenticare per agordine che torneranno in campo domani al PalaRova di Agordo per affrontare il Limana nella seconda giornata di campionato.<\/p>\n<p>&nbsp;<\/p>\n<p>&nbsp;<\/p>\n<hr \/>\n<p>&nbsp;<\/p>\n<p><span style=\"color: #0000ff;\"><strong>SCI DI FONDO<\/strong><\/span><\/p>\n<blockquote>\n<h3>RITORNA IL GRANDE SCI DI FONDO A FALCADE: L\u201911 E 12 MARZO LA COPPA ITALIA<\/h3>\n<\/blockquote>\n<p><strong><a class=\"dt-pswp-item\" href=\"https:\/\/www.radiopiu.net\/wordpress\/wp-content\/uploads\/2023\/02\/\u00a9Ticomunicazione-Campionati-italiani-sci-di-fondo-Falcade-10.jpg\" data-dt-img-description=\"\" data-large_image_width=\"2000\" data-large_image_height=\"1333\"><img loading=\"lazy\" decoding=\"async\" class=\" wp-image-323571 alignleft\" src=\"https:\/\/www.radiopiu.net\/wordpress\/wp-content\/uploads\/2023\/02\/\u00a9Ticomunicazione-Campionati-italiani-sci-di-fondo-Falcade-10-300x200.jpg\" alt=\"\" width=\"183\" height=\"122\" srcset=\"https:\/\/www.radiopiu.net\/wordpress\/wp-content\/uploads\/2023\/02\/\u00a9Ticomunicazione-Campionati-italiani-sci-di-fondo-Falcade-10-300x200.jpg 300w, https:\/\/www.radiopiu.net\/wordpress\/wp-content\/uploads\/2023\/02\/\u00a9Ticomunicazione-Campionati-italiani-sci-di-fondo-Falcade-10-1024x682.jpg 1024w, https:\/\/www.radiopiu.net\/wordpress\/wp-content\/uploads\/2023\/02\/\u00a9Ticomunicazione-Campionati-italiani-sci-di-fondo-Falcade-10-768x512.jpg 768w, https:\/\/www.radiopiu.net\/wordpress\/wp-content\/uploads\/2023\/02\/\u00a9Ticomunicazione-Campionati-italiani-sci-di-fondo-Falcade-10-1536x1024.jpg 1536w, https:\/\/www.radiopiu.net\/wordpress\/wp-content\/uploads\/2023\/02\/\u00a9Ticomunicazione-Campionati-italiani-sci-di-fondo-Falcade-10.jpg 2000w\" sizes=\"auto, (max-width: 183px) 100vw, 183px\" \/><\/a>FALCADE <\/strong>Ritorna il grande sci di fondo a Falcade. La localit\u00e0 della Valle del Biois, nelle Dolomiti Bellunesi, una delle piccole grandi capitali degli sci stretti, ospiter\u00e0 a met\u00e0 marzo la Coppa Italia, evento che vedr\u00e0 al via le categorie assolute e quelle giovanili (Juniores e Aspiranti). L\u2019organizzazione \u00e8 affidata allo Sci club Val Biois, societ\u00e0 che da 76 anni \u00e8 riferimento degli sport invernali bellunesi e non solo, con particolare riferimento allo sci di fondo. L\u2019appuntamento a Falcade \u00e8 per sabato 11 e domenica 12 marzo, per un fine settimana che metter\u00e0 in palio, oltre che i punti della Coppa Italia, anche il memorial Ernesto Fenti, uomo di sport e di montagna, fondatore e per diversi anni presidente dello Sci club Val Biois, oltre che direttore del Centro Coni di alta specializzazione per lo sci nordico in Val Bi\u00f3is. Teatro di gara sar\u00e0 la pista \u201cPietro Scola\u201d, struttura che negli anni ha visto la disputa di diversi eventi di livello nazionale: ultimi in ordine di tempo la Coppa Italia del 2020 (interrotta dopo la prima giornata a causa dello scoppio dell\u2019emergenza Covid-19) e i Campionati italiani giovanili del 2018. Ora, si riallacciano i fili della storia. Sabato 11 si svolgeranno le gare in tecnica classica su distanza, domenica 12 le gare in tecnica libera, sempre su distanza. \u00abStiamo lavorando da mesi a una manifestazione che riporta lo sci di fondo di alto livello in Valle del Biois, una valle che ha sempre dato molto agli sci stretti, sia in ambito organizzativo, sia in ambito agonistico, con diversi atleti che hanno vestito la tuta azzurra\u00bb sottolinea Matteo Cagnati, presidente dello Sci club Val Biois. \u00abTre anni fa l\u2019emergenza sanitaria legata al coronavirus ci ha stoppato dopo la prima giornata, vanificando gli sforzi della societ\u00e0 e dei tanti volontari. Perci\u00f2, abbiamo accolto con entusiasmo la proposta di organizzare questi nuovi due giorni di Coppa Italia che saranno anche giornate Fis (Federazione Internazionale dello Sci, ndr), con la possibilit\u00e0 dunque di vedere al via anche qualche atleta straniero\u00bb.<\/p>\n<p>&nbsp;<\/p>\n<p>&nbsp;<\/p>\n","protected":false},"excerpt":{"rendered":"<p>speciale Agordo-Dolomieu. IL GEMELLAGGIO OGGI ALLA RADIO ALLE 16.30, LO SPECIALE. OSPITI IN STUDIO: CLAUDIA CATTADORI E FABRIZIO CAMPEDEL RADIO PIU INFORMAZIONE il canale su TELEGRAM informazione di prima\u00a0 mano e in tempo reale. iscriviti ed aiutaci a farlo conoscere\u00a0 \u00a0\u00a0 ISCRIVITI AL NOSTRO CANALE YOUTUBE PER SEGUIRE IN DIRETTA I PRINCIPALI PROGRAMMI DI RADIO&hellip;<\/p>\n","protected":false},"author":4,"featured_media":323627,"comment_status":"closed","ping_status":"closed","sticky":false,"template":"","format":"standard","meta":{"_monsterinsights_skip_tracking":false,"_monsterinsights_sitenote_active":false,"_monsterinsights_sitenote_note":"","_monsterinsights_sitenote_category":0,"footnotes":""},"categories":[51,86,49],"tags":[],"class_list":["post-323430","post","type-post","status-publish","format-standard","has-post-thumbnail","hentry","category-evidenza-top","category-gr","category-news-18","category-51","category-86","category-49","description-off"],"img_url":"https:\/\/www.radiopiu.net\/wordpress\/wp-content\/uploads\/2023\/02\/AAAAA.jpg","_links":{"self":[{"href":"https:\/\/www.radiopiu.net\/wordpress\/wp-json\/wp\/v2\/posts\/323430","targetHints":{"allow":["GET"]}}],"collection":[{"href":"https:\/\/www.radiopiu.net\/wordpress\/wp-json\/wp\/v2\/posts"}],"about":[{"href":"https:\/\/www.radiopiu.net\/wordpress\/wp-json\/wp\/v2\/types\/post"}],"author":[{"embeddable":true,"href":"https:\/\/www.radiopiu.net\/wordpress\/wp-json\/wp\/v2\/users\/4"}],"replies":[{"embeddable":true,"href":"https:\/\/www.radiopiu.net\/wordpress\/wp-json\/wp\/v2\/comments?post=323430"}],"version-history":[{"count":0,"href":"https:\/\/www.radiopiu.net\/wordpress\/wp-json\/wp\/v2\/posts\/323430\/revisions"}],"wp:featuredmedia":[{"embeddable":true,"href":"https:\/\/www.radiopiu.net\/wordpress\/wp-json\/wp\/v2\/media\/323627"}],"wp:attachment":[{"href":"https:\/\/www.radiopiu.net\/wordpress\/wp-json\/wp\/v2\/media?parent=323430"}],"wp:term":[{"taxonomy":"category","embeddable":true,"href":"https:\/\/www.radiopiu.net\/wordpress\/wp-json\/wp\/v2\/categories?post=323430"},{"taxonomy":"post_tag","embeddable":true,"href":"https:\/\/www.radiopiu.net\/wordpress\/wp-json\/wp\/v2\/tags?post=323430"}],"curies":[{"name":"wp","href":"https:\/\/api.w.org\/{rel}","templated":true}]}}