{"id":323443,"date":"2023-02-23T05:16:06","date_gmt":"2023-02-23T04:16:06","guid":{"rendered":"https:\/\/www.radiopiu.net\/wordpress\/?p=323443"},"modified":"2023-02-23T05:17:52","modified_gmt":"2023-02-23T04:17:52","slug":"la-internicola-condannata","status":"publish","type":"post","link":"https:\/\/www.radiopiu.net\/wordpress\/la-internicola-condannata\/","title":{"rendered":"LA INTERNICOLA CONDANNATA A PAGARE, SEGNALE PER I LEONI DA TASTIERA"},"content":{"rendered":"<p>OGGI SUL CORRIERE DELLE ALPI<\/p>\n<p>DI GIGI SOSSO<\/p>\n<p><a class=\"dt-pswp-item\" href=\"https:\/\/www.radiopiu.net\/wordpress\/wp-content\/uploads\/2023\/02\/Rocca-Pietore-colpita-dal-maltempo-foto-di-Roberto-Bristot-lab.-Inquadrati-768x432-1.jpg\" data-dt-img-description=\"\" data-large_image_width=\"768\" data-large_image_height=\"432\"><img loading=\"lazy\" decoding=\"async\" class=\"size-medium wp-image-323445 alignleft\" src=\"https:\/\/www.radiopiu.net\/wordpress\/wp-content\/uploads\/2023\/02\/Rocca-Pietore-colpita-dal-maltempo-foto-di-Roberto-Bristot-lab.-Inquadrati-768x432-1-300x169.jpg\" alt=\"\" width=\"300\" height=\"169\" srcset=\"https:\/\/www.radiopiu.net\/wordpress\/wp-content\/uploads\/2023\/02\/Rocca-Pietore-colpita-dal-maltempo-foto-di-Roberto-Bristot-lab.-Inquadrati-768x432-1-300x169.jpg 300w, https:\/\/www.radiopiu.net\/wordpress\/wp-content\/uploads\/2023\/02\/Rocca-Pietore-colpita-dal-maltempo-foto-di-Roberto-Bristot-lab.-Inquadrati-768x432-1.jpg 768w\" sizes=\"auto, (max-width: 300px) 100vw, 300px\" \/><\/a>BELLUNO \u00abLazzaroni e assistenzialisti\u00bb ai paesani di Rocca Pietore costa 11 mila euro alla turista Laura Internicola. Dopo le condanne penali, \u00e8 arrivata anche la sentenza civile del giudice Beniamino Margiotta. Pena accessoria la pubblicazione a sue spese sui giornali bellunesi e anche su uno bresciano, oltre all&#8217;obbligo di rimuovere tutti gli scritti diffamatori della popolazione di Rocca dal suo profilo Facebook: \u00abN\u00e9 pu\u00f2 tacersi la plausibile efficacia deterrente della pubblicazione di questa decisione nei confronti di coloro che siano intenzionati a pubblicare post di odio tramite social network, dando fiato al fenomeno dei cosiddetti haters\u00bb scrive tra le altre cose il giudice.La donna era stata ai Serrai di Sottoguda distrutti dalla tempesta Vaia e aveva pagato il parcheggio. Il 12 gennaio 2019 alle 13.39 ha pubblicato il post incriminato, taggandosi sulla pagina dei Serrai. La consigliera comunale Lucia Farenzena l&#8217;ha condiviso anche con il governatore Luca Zaia e pubblicato una risposta.. Il sindaco Andrea De Bernardin si era affidato agli avvocati Prade e Montino e ha avuto soddisfazione: <em>\u00ab Mi aspettavo qualcosa in pi\u00f9, per\u00f2 il tribunale ha deciso cos\u00ec e ne prendo atto. Probabilmente sarebbe andata diversamente se a giudicarla fosse stato l&#8217;antico tribunale della Magnifica Comunit\u00e0 di Rocca di medievale memoria&#8221;.<\/em><\/p>\n<p>LA CONDANNA PRECEDENTE E&#8230; LA STORIA<\/p>\n<blockquote class=\"wp-embedded-content\" data-secret=\"P0PROPM0nw\"><p><a href=\"https:\/\/www.radiopiu.net\/wordpress\/sindaco-sei-un-celebroleso-la-condanna-344-euro-di-multa\/\">&#8220;SINDACO SEI UN CELEBROLESO&#8221;. LA CONDANNA: 344 EURO DI MULTA<\/a><\/p><\/blockquote>\n<p><iframe loading=\"lazy\" class=\"wp-embedded-content\" sandbox=\"allow-scripts\" security=\"restricted\" style=\"position: absolute; clip: rect(1px, 1px, 1px, 1px);\" title=\"&#8220;&#8220;SINDACO SEI UN CELEBROLESO&#8221;. LA CONDANNA: 344 EURO DI MULTA&#8221; &#8212; Radio Pi\u00f9\" src=\"https:\/\/www.radiopiu.net\/wordpress\/sindaco-sei-un-celebroleso-la-condanna-344-euro-di-multa\/embed\/#?secret=Tm9Abdjy2i#?secret=P0PROPM0nw\" data-secret=\"P0PROPM0nw\" width=\"600\" height=\"338\" frameborder=\"0\" marginwidth=\"0\" marginheight=\"0\" scrolling=\"no\"><\/iframe><\/p>\n<p>&nbsp;<\/p>\n<hr \/>\n<p>&nbsp;<\/p>\n<p>&nbsp;<\/p>\n<blockquote>\n<h3>FIGLIA ASSOLTA DAL PECULATO<\/h3>\n<\/blockquote>\n<p><strong>ROCCA PIETORE<\/strong> Figlia accusata ingiustamente di peculato. La donna aveva il ruolo di amministratrice di sostegno della madre ed era stata portata in tribunale, perch\u00e9 accusata di essersi appropriata della pensione mensile dell&#8217;anziana e della somma di 6.750 euro.\u00a0 Il fatto non sussiste per insufficienza o contraddittoriet\u00e0 della prova sul peculato ed \u00e8 di particolare tenuit\u00e0 il rifiuto. La richiesta di una sentenza in questo senso era partita gi\u00e0 dal pm Roberta Gallego e il difensore Gianluca Nicolai ha dimostrato che le spese erano tutte giustificate e a beneficio dell&#8217;amministrata, che nel frattempo \u00e8 deceduta.<\/p>\n<p>&nbsp;<\/p>\n<hr \/>\n<p>&nbsp;<\/p>\n","protected":false},"excerpt":{"rendered":"<p>OGGI SUL CORRIERE DELLE ALPI DI GIGI SOSSO BELLUNO \u00abLazzaroni e assistenzialisti\u00bb ai paesani di Rocca Pietore costa 11 mila euro alla turista Laura Internicola. Dopo le condanne penali, \u00e8 arrivata anche la sentenza civile del giudice Beniamino Margiotta. Pena accessoria la pubblicazione a sue spese sui giornali bellunesi e anche su uno bresciano, oltre&hellip;<\/p>\n","protected":false},"author":4,"featured_media":323445,"comment_status":"closed","ping_status":"closed","sticky":false,"template":"","format":"standard","meta":{"_monsterinsights_skip_tracking":false,"_monsterinsights_sitenote_active":false,"_monsterinsights_sitenote_note":"","_monsterinsights_sitenote_category":0,"footnotes":""},"categories":[51,49],"tags":[],"class_list":["post-323443","post","type-post","status-publish","format-standard","has-post-thumbnail","hentry","category-evidenza-top","category-news-18","category-51","category-49","description-off"],"img_url":"https:\/\/www.radiopiu.net\/wordpress\/wp-content\/uploads\/2023\/02\/Rocca-Pietore-colpita-dal-maltempo-foto-di-Roberto-Bristot-lab.-Inquadrati-768x432-1.jpg","_links":{"self":[{"href":"https:\/\/www.radiopiu.net\/wordpress\/wp-json\/wp\/v2\/posts\/323443","targetHints":{"allow":["GET"]}}],"collection":[{"href":"https:\/\/www.radiopiu.net\/wordpress\/wp-json\/wp\/v2\/posts"}],"about":[{"href":"https:\/\/www.radiopiu.net\/wordpress\/wp-json\/wp\/v2\/types\/post"}],"author":[{"embeddable":true,"href":"https:\/\/www.radiopiu.net\/wordpress\/wp-json\/wp\/v2\/users\/4"}],"replies":[{"embeddable":true,"href":"https:\/\/www.radiopiu.net\/wordpress\/wp-json\/wp\/v2\/comments?post=323443"}],"version-history":[{"count":0,"href":"https:\/\/www.radiopiu.net\/wordpress\/wp-json\/wp\/v2\/posts\/323443\/revisions"}],"wp:featuredmedia":[{"embeddable":true,"href":"https:\/\/www.radiopiu.net\/wordpress\/wp-json\/wp\/v2\/media\/323445"}],"wp:attachment":[{"href":"https:\/\/www.radiopiu.net\/wordpress\/wp-json\/wp\/v2\/media?parent=323443"}],"wp:term":[{"taxonomy":"category","embeddable":true,"href":"https:\/\/www.radiopiu.net\/wordpress\/wp-json\/wp\/v2\/categories?post=323443"},{"taxonomy":"post_tag","embeddable":true,"href":"https:\/\/www.radiopiu.net\/wordpress\/wp-json\/wp\/v2\/tags?post=323443"}],"curies":[{"name":"wp","href":"https:\/\/api.w.org\/{rel}","templated":true}]}}