{"id":323490,"date":"2023-02-23T09:48:18","date_gmt":"2023-02-23T08:48:18","guid":{"rendered":"https:\/\/www.radiopiu.net\/wordpress\/?p=323490"},"modified":"2023-02-23T09:48:18","modified_gmt":"2023-02-23T08:48:18","slug":"la-storia-simone-21-anni-si-licenzia-da-luxottica-posto-fisso-per-fare-il-panettiere","status":"publish","type":"post","link":"https:\/\/www.radiopiu.net\/wordpress\/la-storia-simone-21-anni-si-licenzia-da-luxottica-posto-fisso-per-fare-il-panettiere\/","title":{"rendered":"LA STORIA. SIMONE, 21 ANNI SI LICENZIA DA LUXOTTICA (POSTO FISSO) PER FARE IL PANETTIERE"},"content":{"rendered":"<p><strong><img loading=\"lazy\" decoding=\"async\" class=\"alignleft\" src=\"https:\/\/www.radiopiu.net\/wordpress\/wp-content\/uploads\/2023\/02\/e4b22693-5dec-47c8-82ba-d0fc87aa1530.jpg\" width=\"182\" height=\"180\" \/>REDAZIONE<\/strong> Prendi Simone&#8230; Simone Moro, 21 anni da poco uscito nel mondo della scuola e in un battibaleno ritrovatosi proiettato in quello del lavoro. Primo impiego in Luxottica, ragazzo di valore e posto fisso assicurato. Fatta. Molti, di pi\u00f9 generazioni l&#8217;hanno spesso pensata cos\u00ec. Simone no. Dopo un periodo in fabbrica la decisione, entrare in altri mondi e tra poco capiremo il perch\u00e8 ascoltando il suo intervento. Fuori da Luxottica un secondo impiego stagionale in un Rifugio, di quelli che si raggiungono solo a piedi e che comporta fatica, sacrificio, tutto ripagato da grandi soddisfazioni sensoriali e non solo. Quindi l&#8217;impiego attuale: panettiere.\u00a0 Simone Moro \u00e8 stato ospite della trasmissione del mercoledi sera, quattro amici attorno al mixer con Simonetta Tom\u00e8, Moreno Tocchetto, Marco Gaz e Mirko Mezzacasa<\/p>\n<p><strong>AUDIO\u00a0<\/strong><\/p>\n<audio class=\"wp-audio-shortcode\" id=\"audio-323490-1\" preload=\"none\" style=\"width: 100%;\" controls=\"controls\"><source type=\"audio\/mpeg\" src=\"https:\/\/www.radiopiu.net\/wordpress\/wp-content\/uploads\/2023\/02\/simone.mp3?_=1\" \/><a href=\"https:\/\/www.radiopiu.net\/wordpress\/wp-content\/uploads\/2023\/02\/simone.mp3\">https:\/\/www.radiopiu.net\/wordpress\/wp-content\/uploads\/2023\/02\/simone.mp3<\/a><\/audio>\n<p>&nbsp;<\/p>\n<hr \/>\n<p>&nbsp;<\/p>\n","protected":false},"excerpt":{"rendered":"<p>REDAZIONE Prendi Simone&#8230; Simone Moro, 21 anni da poco uscito nel mondo della scuola e in un battibaleno ritrovatosi proiettato in quello del lavoro. Primo impiego in Luxottica, ragazzo di valore e posto fisso assicurato. Fatta. Molti, di pi\u00f9 generazioni l&#8217;hanno spesso pensata cos\u00ec. Simone no. Dopo un periodo in fabbrica la decisione, entrare in&hellip;<\/p>\n","protected":false},"author":4,"featured_media":323493,"comment_status":"closed","ping_status":"closed","sticky":false,"template":"","format":"standard","meta":{"_monsterinsights_skip_tracking":false,"_monsterinsights_sitenote_active":false,"_monsterinsights_sitenote_note":"","_monsterinsights_sitenote_category":0,"footnotes":""},"categories":[51,49],"tags":[],"class_list":["post-323490","post","type-post","status-publish","format-standard","has-post-thumbnail","hentry","category-evidenza-top","category-news-18","category-51","category-49","description-off"],"img_url":"https:\/\/www.radiopiu.net\/wordpress\/wp-content\/uploads\/2023\/02\/e4b22693-5dec-47c8-82ba-d0fc87aa1530.jpg","_links":{"self":[{"href":"https:\/\/www.radiopiu.net\/wordpress\/wp-json\/wp\/v2\/posts\/323490","targetHints":{"allow":["GET"]}}],"collection":[{"href":"https:\/\/www.radiopiu.net\/wordpress\/wp-json\/wp\/v2\/posts"}],"about":[{"href":"https:\/\/www.radiopiu.net\/wordpress\/wp-json\/wp\/v2\/types\/post"}],"author":[{"embeddable":true,"href":"https:\/\/www.radiopiu.net\/wordpress\/wp-json\/wp\/v2\/users\/4"}],"replies":[{"embeddable":true,"href":"https:\/\/www.radiopiu.net\/wordpress\/wp-json\/wp\/v2\/comments?post=323490"}],"version-history":[{"count":0,"href":"https:\/\/www.radiopiu.net\/wordpress\/wp-json\/wp\/v2\/posts\/323490\/revisions"}],"wp:featuredmedia":[{"embeddable":true,"href":"https:\/\/www.radiopiu.net\/wordpress\/wp-json\/wp\/v2\/media\/323493"}],"wp:attachment":[{"href":"https:\/\/www.radiopiu.net\/wordpress\/wp-json\/wp\/v2\/media?parent=323490"}],"wp:term":[{"taxonomy":"category","embeddable":true,"href":"https:\/\/www.radiopiu.net\/wordpress\/wp-json\/wp\/v2\/categories?post=323490"},{"taxonomy":"post_tag","embeddable":true,"href":"https:\/\/www.radiopiu.net\/wordpress\/wp-json\/wp\/v2\/tags?post=323490"}],"curies":[{"name":"wp","href":"https:\/\/api.w.org\/{rel}","templated":true}]}}